{"id":6658,"date":"2023-07-31T10:15:22","date_gmt":"2023-07-31T08:15:22","guid":{"rendered":"https:\/\/blog.holyart.it\/fr\/?p=6658"},"modified":"2025-06-04T12:49:50","modified_gmt":"2025-06-04T10:49:50","slug":"saint-francois-antoine-fasani-le-saint-a-invoquer-pour-la-pluie","status":"publish","type":"post","link":"https:\/\/blog.holyart.it\/fr\/articles-religieux\/saint-francois-antoine-fasani-le-saint-a-invoquer-pour-la-pluie\/","title":{"rendered":"Saint Fran\u00e7ois Antoine Fasani, le saint \u00e0 invoquer pour la pluie"},"content":{"rendered":"<h4>Saint Fran\u00e7ois Antoine Fasani, th\u00e9ologien et homme de grand coeur et charit\u00e9, est rappel\u00e9 \u00e9galement pour certains miracles li\u00e9s \u00e0 l\u2019eau et \u00e0 la pluie. Voici pourquoi il est invoqu\u00e9 en cas de s\u00e9cheresse.<\/h4>\n\n<p>Un Saint \u00e0 invoquer pour la pluie\u00a0? Cela semble une image peu convenable \u00e0 la figure d\u2019un Saint\u2026 Et pourtant, en ces jours de chaleur torride et de s\u00e9cheresse, il serait r\u00e9confortant d\u2019avoir quelqu\u2019un \u00e0 qui se vouer afin d\u2019obtenir un peu de fra\u00eecheur, mais surtout pour apporter une tr\u00eave aux nombreuses cultures qui souffrent du manque d\u2019eau. Voici que <strong>Saint Fran\u00e7ois Antoine Fasani<\/strong>, connu \u00e9galement comme le <strong><em>P\u00e8re Ma\u00eetre<\/em><\/strong> apr\u00e8s avoir achev\u00e9 ses \u00e9tudes en th\u00e9ologie, nous vient en aide. Mais qui \u00e9tait cet homme tr\u00e8s humble et d\u00e9vot \u00e0 la <a href=\"https:\/\/www.holyart.fr\/articles-religieux\/statues\/statues-en-resine-et-pvc\/vierge-immaculee-30-cm-statue-en-resine\"><strong>Vierge Immacul\u00e9e<\/strong><\/a>, auquel furent attribu\u00e9s des nombreux miracles parmi lesquels, justement, la capacit\u00e9 d\u2019attirer la pluie\u00a0?<\/p>\n<div class=\"link-article\">\n<p><img loading=\"lazy\" decoding=\"async\" class=\"size-full wp-image-6661 alignleft\" src=\"https:\/\/blog.holyart.it\/fr\/wp-content\/uploads\/sites\/14\/2023\/07\/Vierge-Immaculee-30-cm-statue-en-resine.jpg\" alt=\"Vierge Immacul\u00e9e 30 cm statue en r\u00e9sine\" width=\"100\" height=\"100\" data-kale-share-title=\"Saint Fran\u00e7ois Antoine Fasani, le saint \u00e0 invoquer pour la pluie\" data-kale-share-url=\"https:\/\/blog.holyart.it\/fr\/?p=6658\" \/><\/p>\n<div class=\"leggi-anche\">Lire aussi :<\/div>\n<p><strong><a href=\"https:\/\/www.holyart.fr\/articles-religieux\/statues\/statues-en-resine-et-pvc\/vierge-immaculee-30-cm-statue-en-resine?_gl=1*catghk*_ga*MTg4ODUxMTc0MS4xNjc5OTAyNTU5*_ga_W18MV136NH*MTY4OTMyNDc1OC4zMC4wLjE2ODkzMjQ3NTkuMC4wLjA.\">Vierge Immacul\u00e9e 30 cm statue en r\u00e9sine<\/a><\/strong><br \/>\nVierge Immacul\u00e9e 30 cm statue en r\u00e9sine. Statue en r\u00e9sine de la Vierge Immacul\u00e9e peinte \u00e0 la main et soign\u00e9e dans le moindre d\u00e9tail. ar rapport au pvc, la r\u00e9sine est un mat\u00e9riel garantissant une meilleure d\u00e9finition des lignes et des d\u00e9tails.<\/p>\n<\/div>\n<p><strong>Saint Fran\u00e7ois Antoine Fasani <\/strong>est n\u00e9 \u00e0 Lucera, dans les Pouilles, en 1681, et y a v\u00e9cu pour une bonne partie de sa vie en tant que membre de l\u2019<a href=\"https:\/\/www.holyart.fr\/blog\/saints-et-bienheureux\/padre-pio-lordre-freres-mineurs-capucins\/\"><strong><u>Ordre des fr\u00e8res mineurs <\/u><\/strong><\/a>conventuels du monast\u00e8re desquels il devint \u00e0 un moment donn\u00e9 Sup\u00e9rieur. On raconte que le jour o\u00f9 il naquit, l\u2019humble maison de sa famille fut envahie d\u2019une \u00e9trange lueur, qui fit comprendre, d\u00e8s le d\u00e9but, \u00e0 ses concitoyens que celui qui \u00e9tait en train de na\u00eetre n\u2019\u00e9tait pas un homme commun. De caract\u00e8re gentil et calme, Giovanniello (son surnom de jeunesse) d\u00e9montra d\u00e8s le plus jeune \u00e2ge une forte propension pour la religion, la vie conventuelle et en particulier la d\u00e9votion \u00e0 la <strong>Vierge Immacul\u00e9e<\/strong>. Toujours tourn\u00e9 vers les autres, <strong>surtout les pauvres et les n\u00e9cessiteux<\/strong>, il se d\u00e9dia aux \u00e9tudes de th\u00e9ologie \u00e0 Assise, mais surtout aux <strong>\u0153uvres de charit\u00e9<\/strong>, aux soupes populaires, aux collectes de fonds et de biens pour les malchanceux. Il n\u2019h\u00e9sita pas \u00e0 prendre la d\u00e9fense des faibles opprim\u00e9s par les puissants, qui tent\u00e8rent \u00e0 plusieurs reprises de le discr\u00e9diter. Mais avec sa gentillesse et son humilit\u00e9, Saint Fran\u00e7ois Antoine r\u00e9ussit \u00e0 d\u00e9montrer toujours son innocence et vit reconnu ses m\u00e9rites.<\/p>\n<div class=\"link-article\">\n<p><img loading=\"lazy\" decoding=\"async\" class=\"size-full wp-image-6662 alignleft\" src=\"https:\/\/blog.holyart.it\/fr\/wp-content\/uploads\/sites\/14\/2023\/07\/padre-pio.jpg\" alt=\"Padre Pio et l\u2019ordre des Fr\u00e8res Mineurs Capucins\" width=\"150\" height=\"99\" data-kale-share-title=\"Saint Fran\u00e7ois Antoine Fasani, le saint \u00e0 invoquer pour la pluie\" data-kale-share-url=\"https:\/\/blog.holyart.it\/fr\/?p=6658\" \/><\/p>\n<div class=\"leggi-anche\">Lire aussi :<\/div>\n<p><strong><a href=\"https:\/\/www.holyart.fr\/blog\/saints-et-bienheureux\/padre-pio-lordre-freres-mineurs-capucins\/\">Padre Pio et l\u2019ordre des Fr\u00e8res Mineurs Capucins<\/a><\/strong><br \/>\nQu\u2019est-ce qui rend Padre Pio, connu aujourd\u2019hui comme Saint Pio de Pietrelcina, un personnage si v\u00e9n\u00e9r\u00e9 et c\u00e9l\u00e9br\u00e9 d\u00e9j\u00e0 pendant&#8230;<\/p>\n<\/div>\n<p>En ce qui concerne le <strong>miracle de la pluie<\/strong>, qui en a fait un des saints \u00e0 invoquer en cas de s\u00e9cheresse, ce n\u2019est que l\u2019un des miracles qui lui ont \u00e9t\u00e9 attribu\u00e9s et qui ont amen\u00e9 \u00e0 sa <strong>canonisation<\/strong>, qui apr\u00e8s un long processus fut proclam\u00e9e par pape Jean-Paul II en <strong>1986<\/strong>. Un jour, pendant une p\u00e9riode prolong\u00e9e de s\u00e9cheresse qui \u00e9tait en train de ravager les cultures de Lucera, le P\u00e8re Ma\u00eetre se pr\u00e9senta au duc Orazio Zunica, en lui demandant l\u2019aum\u00f4ne pour les pauvres. Le Duc et sa femme lui promirent que, s\u2019il arrivait \u00e0 amener la pluie \u00e0 Lucera, ils feraient une riche offrande pour les n\u00e9cessiteux. Saint Fran\u00e7ois promit, retourna au monast\u00e8re et s\u2019enferma en pri\u00e8re devant le Tabernacle et l\u2019autel de l\u2019Immacul\u00e9e. Ceux qui le virent prier affirm\u00e8rent qu\u2019\u00e0 un moment donn\u00e9 il l\u00e9vita dans les airs, dans une sorte de trance mystique. La pluie arriva cette m\u00eame nuit et dura pendant des jours, sauvant les cultures. Le Duc maintint sa promesse et d\u00e9clara sa conviction \u00e0 tous que celui-l\u00e0 devait vraiment \u00eatre le saint de la pluie.<\/p>\n<p>Un autre miracle li\u00e9 \u00e0 l\u2019eau est attribu\u00e9 \u00e0 Saint Fran\u00e7ois Antoine Fasani impliqua un couvent de nonnes qui ne pouvaient plus donner de l\u2019eau au pauvre car leur puits \u00e9tait sec. Le Saint demanda \u00e0 une d\u2019entre elles d\u2019en puiser de l\u2019eau et elle d\u00e9couvrit que le puits s\u2019\u00e9tait de nouveau rempli. Ainsi advint \u00e9galement \u00e0 la citerne du couvent de Saint Fran\u00e7ois, o\u00f9 il vivait. Pour cette raison, Saint Fran\u00e7ois Antoine Fasani est encore aujourd\u2019hui pri\u00e9 dans les p\u00e9riodes de s\u00e9cheresse pour invoquer la pluie.<\/p>\n<h2>La Basilique Sanctuaire de Saint Fran\u00e7ois Antoine Fasani<\/h2>\n<p>L\u2019\u00e9glise de Saint Fran\u00e7ois d\u2019Assise sur la place de Lucera est un des lieux de culte de cette petite ville depuis toujours. Apr\u00e8s plus de 15 ans depuis la canonisation de Saint Fran\u00e7ois Antoine Fasani, en 2001, elle a \u00e9t\u00e9 d\u00e9clar\u00e9e <strong>Sanctuaire dioc\u00e9sain de Saint Fran\u00e7ois Antoine Fasani<\/strong>, mais d\u00e9j\u00e0 avant que cela n\u2019eut lieu elle \u00e9tait lieu d\u2019un fr\u00e9quent p\u00e8lerinage de fid\u00e8les qui s\u2019y rendaient pour prier devant les restes du Saint, recouverts de cire et expos\u00e9s dans un reliquaire de cristal et bronze sous le ma\u00eetre-autel. En effet, en 1951, pape Pie XII avait d\u00e9clar\u00e9 Saint Fran\u00e7ois Antoine bienheureux et avait fait d\u00e9placer ici sa d\u00e9pouille. En 2008, la basilique a \u00e9galement pris le nom de <strong>Monument T\u00e9moin d\u2019une Culture de Paix<\/strong> de l\u2019UNESCO. M\u00eame la maison de via Torretta o\u00f9 le Saint est n\u00e9 a \u00e9t\u00e9 transform\u00e9e en oratoire et est visit\u00e9e par des nombreux p\u00e8lerins.<img loading=\"lazy\" decoding=\"async\" class=\"size-full wp-image-6673 aligncenter\" src=\"https:\/\/blog.holyart.it\/fr\/wp-content\/uploads\/sites\/14\/2023\/07\/Sanctuaire-diocesain-de-Saint-Francois-Antoine-Fasani.jpeg\" alt=\"Sanctuaire dioc\u00e9sain de Saint Fran\u00e7ois Antoine Fasani\" width=\"717\" height=\"1000\" data-kale-share-title=\"Saint Fran\u00e7ois Antoine Fasani, le saint \u00e0 invoquer pour la pluie\" data-kale-share-url=\"https:\/\/blog.holyart.it\/fr\/?p=6658\" \/><\/p>\n<h2>La d\u00e9votion \u00e0 l\u2019Immacul\u00e9e Conception<\/h2>\n<p>Saint Fran\u00e7ois Antoine Fasani fut toujours tr\u00e8s d\u00e9vot \u00e0 <a href=\"https:\/\/www.holyart.fr\/articles-religieux\/statues\/statues-en-marbre-reconstitue\/immaculee-conception-poudre-de-marbre-peinte-30-cm-exterieur\"><strong>Marie Immacul\u00e9e<\/strong><\/a>. D\u00e8s son enfance, il r\u00e9citait le Rosaire devant l\u2019effigie de Marie Immacul\u00e9e avec le restant de sa famille et, en grandissant, il \u00e9tait tellement amoureux de Marie, dans cette veste, qu\u2019il avait pris le surnom de <em>p\u00e9cheur de l\u2019Immacul\u00e9e<\/em>, et cela bien que le dogme catholique de l\u2019<a href=\"https:\/\/www.holyart.fr\/blog\/saints-et-bienheureux\/limmaculee-conception\/\"><strong><u>Immacul\u00e9e Conception <\/u><\/strong><\/a>n\u2019ait \u00e9t\u00e9 proclam\u00e9 que tr\u00e8s longtemps apr\u00e8s, en 1845. On dit que c\u2019\u00e9tait justement la Vierge, dont il offrait des petites images aux enfants, qui le guidait dans les nombreuses gu\u00e9risons miraculeuses dont il fut protagoniste et auteur. Aujourd\u2019hui, dans l\u2019\u00e9glise de Saint Fran\u00e7ois qui lui est d\u00e9di\u00e9e, il y a une statue de l\u2019Immacul\u00e9e Conception achemin\u00e9e par le Saint en personne depuis Naples, devant laquelle il avait l\u2019habitude de prier et qui aujourd\u2019hui est le centre d\u2019une grande d\u00e9votion. La Vierge Immacul\u00e9e \u00e9tait \u00e9galement peinte sur la porte de sa cellule et \u00e0 elle Saint Fran\u00e7ois d\u00e9dia pri\u00e8res et chansons\u00a0: \u00ab\u00a0\u2026<em>Parmi les pures cr\u00e9atures, tu es, Marie, la plus parfaite\u00a0; toi la seule b\u00e9nite, parmi les femmes tu es appel\u00e9e\u00a0: \u00d4, Con\u00e7ue Immacul\u00e9e. Que chacun dise sois lou\u00e9 la Reine du Ciel Immacul\u00e9e\u00a0!&#8230;<\/em>\u00a0\u00bb<\/p>\n<div class=\"link-product\">\n<div class=\"blocco-immagine\"><img loading=\"lazy\" decoding=\"async\" class=\"size-full wp-image-6674 alignleft\" src=\"https:\/\/blog.holyart.it\/fr\/wp-content\/uploads\/sites\/14\/2023\/07\/Immaculee-Conception-poudre-de-marbre-peinte-30-cm-EXTERIEUR-.jpg\" alt=\"Immacul\u00e9e Conception poudre de marbre peinte 30 cm EXT\u00c9RIEUR \" width=\"100\" height=\"100\" data-kale-share-title=\"Saint Fran\u00e7ois Antoine Fasani, le saint \u00e0 invoquer pour la pluie\" data-kale-share-url=\"https:\/\/blog.holyart.it\/fr\/?p=6658\" \/><\/div>\n<div class=\"blocco-contenuto\">\n<div class=\"blocco-acquista\">Acheter sur Holyart:<\/div>\n<div class=\"blocco-titolo\"><a href=\"https:\/\/www.holyart.fr\/articles-religieux\/statues\/statues-en-poudre-de-marbre-de-medjugorje\/immaculee-conception-poudre-de-marbre-peinte-30-cm-exterieur?_gl=1*1rn7nks*_ga*MTg4ODUxMTc0MS4xNjc5OTAyNTU5*_ga_W18MV136NH*MTY4OTMyNzIyOC4zMS4wLjE2ODkzMjcyMjkuMC4wLjA.\">Immacul\u00e9e Conception poudre de marbre peinte 30 cm EXT\u00c9RIEUR<\/a><\/div>\n<div class=\"blocco-descrizione\">Immacul\u00e9e Conception poudre de marbre peinte 29,5&#215;12,5 cm<\/div>\n<\/div>\n<\/div>\n<h2>Les saints protecteurs de la pluie<\/h2>\n<p>Saint Fran\u00e7ois Antoine Fasani n\u2019est pas le seul Saint \u00e0 invoquer en cas de s\u00e9cheresse. Comme autrefois les gens simples s\u2019adressaient aux dieux pour obtenir une aide dans la vie de tous les jours, ainsi avec l\u2019avent et la diffusion du Christianisme la d\u00e9votion populaire adress\u00e9e aux Saints, devenus les nouveaux patrons et protecteurs de diff\u00e9rents aspects de la vie et du travail, s\u2019est poursuivie. Les Saints li\u00e9s aux \u00e9v\u00e9nements climatiques, \u00e0 invoquer pour obtenir leur protection pour soi et pour les r\u00e9coltes, en cas de s\u00e9cheresse, alluvions ou gr\u00eale, ne manquent pas. Voyons de qui il s\u2019agit.<\/p>\n<h3>Saint Gemolus<\/h3>\n<p>Le 4 f\u00e9vrier l\u2019\u00c9glise f\u00eate Saint Gemolus, Saint martyr qui v\u00e9cu autour de l\u2019an 1000. Selon la l\u00e9gende, il \u00e9tait le neveu d\u2019un \u00c9v\u00eaque et il se rendit chez les bandits qui avaient vol\u00e9 son illustre parent, en revendiquant la restitution du butin au nom de Dieu et des Saints Ap\u00f4tres Pierre et Paul. Les bandits refus\u00e8rent et, quand ils lui demand\u00e8rent si au nom de ces m\u00eames Saints il aurait \u00e9t\u00e9 pr\u00eat \u00e0 mourir, il affirma que oui et ils le d\u00e9capit\u00e8rent. Alors Gemolus ramassa sa t\u00eate, remonta \u00e0 cheval et retourna aupr\u00e8s de son oncle, dans les bras duquel il mourut. \u00c0 l\u2019endroit o\u00f9 le jeune homme mourut surgit une source diss\u00e9min\u00e9e de petits cailloux rouges, identifi\u00e9s comme les gouttes de sang du jeune martyr. Au XIV si\u00e8cle, pas trop loin de la source, fut construit un oratoire en son honneur et ici aussi \u00e9mergea une source. \u00c0 partir de ce moment-l\u00e0, les p\u00e8lerins associ\u00e8rent Gemolus \u00e0 la pluie et au cours des si\u00e8cles suivants ils s\u2019y rendaient du Pi\u00e9mont et de la Lombardie afin de r\u00e9colter l\u2019eau de sa source et de la d\u00e9verser sur les champs pour prot\u00e9ger les champs de la s\u00e9cheresse.<\/p>\n<h3>Saint Antoine<\/h3>\n<p>Un jour <a href=\"https:\/\/www.holyart.fr\/blog\/saints-et-bienheureux\/saint-antoine-de-padoue-le-saint-aux-miracles\/\"><strong><u>Saint Antoine de Padoue<\/u><\/strong><\/a> se trouvait en France, \u00e0 Limoges, pour pr\u00eacher en plein air, puisque l\u2019immense affluence de fid\u00e8les ne permettait pas de les recueillir tous \u00e0 un endroit ferm\u00e9. \u00c0 un moment donn\u00e9, le ciel s\u2019emplit de nuages charg\u00e9s de pluie, mais le Saint promit \u00e0 ceux qui \u00e9taient recueillis pour l\u2019\u00e9couter qu\u2019il n\u2019aurait pas plu. La pluie tomba, mais la foule venue \u00e9couter <a href=\"https:\/\/www.holyart.fr\/articles-religieux\/statues\/statues-en-bois-peint\/st-antoine-de-padoue-avec-enfant-bois-peint-val-gardena\"><strong>Saint Antoine<\/strong><\/a> resta au sec, miraculeusement.<\/p>\n<div class=\"link-article\">\n<p><img loading=\"lazy\" decoding=\"async\" class=\"size-full wp-image-6681 alignleft\" src=\"https:\/\/blog.holyart.it\/fr\/wp-content\/uploads\/sites\/14\/2023\/07\/Saint-Antoine-de-Padoue-le-Saint-aux-miracles.jpg\" alt=\"Saint Antoine de Padoue, le Saint aux miracles\" width=\"150\" height=\"103\" data-kale-share-title=\"Saint Fran\u00e7ois Antoine Fasani, le saint \u00e0 invoquer pour la pluie\" data-kale-share-url=\"https:\/\/blog.holyart.it\/fr\/?p=6658\" \/><\/p>\n<div class=\"leggi-anche\">Lire aussi :<\/div>\n<p><strong><a href=\"https:\/\/www.holyart.fr\/blog\/saints-et-bienheureux\/saint-antoine-de-padoue-le-saint-aux-miracles\/\">Saint Antoine de Padoue, le Saint aux miracles<\/a><\/strong><br \/>\nSaint Antoine de Padoue fut, d\u00e9j\u00e0 parmi ses contemporains, ma\u00eetre de sagesse chr\u00e9tienne et auteur d\u2019\u0153uvres immortelles.<\/p>\n<\/div>\n<h3>Saint George, le Saint de la gr\u00eale<\/h3>\n<p>Saint Cristanziano, Saint Victor de C\u00e9sar\u00e9e, Saint Uguzon du Val Cavargna, Saint Dominique de Sora ne sont que quelques-uns des Saints \u00e0 invoquer en cas de gr\u00eale, tandis que <a href=\"https:\/\/www.holyart.fr\/articles-religieux\/icones-religieuses\/icones-grecques\/icone-s.georges-manteau-rouge\"><strong>Saint George<\/strong><\/a> de Lydda, prince de Cappadoce, martyr et patron des chevaliers, doit son lien avec la gr\u00eale au fait que sa m\u00e9moire liturgique tombe \u00e0 la fin du mois d\u2019avril, mois o\u00f9 les perturbations sont fr\u00e9quentes. Ainsi il est connu comme le <em>saint de la gr\u00eale<\/em> ou aussi le <em>chevalier du froid<\/em>.<\/p>\n<h3>Saint Jacques<\/h3>\n<p>Quand en juillet il fait trop chaud, on prie <a href=\"https:\/\/www.holyart.it\/it\/articoli-religiosi\/statue\/statue-in-resina-e-pvc\/statua-san-giacomo-apostolo-30-cm-resina-colorata\"><strong>Saint Jacques<\/strong><\/a>, dont la m\u00e9moire liturgique tombe le 25 de ce mois. Les jours les plus chauds, qui vont du 22 juillet au 23 ao\u00fbt, sont appel\u00e9s jours de la canicule, du latin <em>canicula<\/em>, \u00ab\u00a0petite chienne\u00a0\u00bb, surnom de l\u2019\u00e9toile Sirius.<\/p>\n<h3>Sainte Sabine<\/h3>\n<p>Martyre chr\u00e9tienne du II si\u00e8cle, <a href=\"https:\/\/www.holyart.fr\/articles-religieux\/statues\/statues-en-bois-peint\/sainte-sabine-peinte-avec-palmier-et-livre-bois-val-gardena\"><strong>Sainte Sabine<\/strong><\/a> est la sainte \u00e0 laquelle s\u2019adresse les pri\u00e8res pour \u00eatre prot\u00e9g\u00e9s de pluies violentes, mais aussi pour invoquer la pluie en cas de s\u00e9cheresse. Sa f\u00eate tombe le 29 ao\u00fbt.<\/p>\n<div class=\"sp-styles-warning\" style=\"width: 450px; background-color: #FFF; color: #F00; border: 1px solid #F00; padding: 10px; font-size: 14px;\">\n\t\t\t<span style=\"font-weight: bold;\">Warning: The stylesheets were not loaded!<\/span> \n\t\t\tYou will need to change the <i>Load stylesheets<\/i> setting from <i>Automatically<\/i> to <i>On homepage<\/i> or <i>On all pages<\/i>. \n\t\t\tYou can set that <a style=\"text-decoration: underline; color: #F00;\" href=\"https:\/\/blog.holyart.it\/fr\/wp-admin\/admin.php?page=sliderpro-settings\">here<\/a>.\n\t\t\t<\/div>\r\n<div id=\"slider-pro-105\" class=\"slider-pro sp-no-js\" style=\"width: 500px; height: 500px;\">\r\n\t<div class=\"sp-slides\">\r\n\t\t\r\n\t\t<div class=\"sp-slide\">\r\n\t\t\t<img loading=\"lazy\" decoding=\"async\" class=\"sp-image\" src=\"https:\/\/blog.holyart.it\/fr\/wp-content\/uploads\/sites\/14\/2023\/07\/St-Antoine-de-Padoue-avec-Enfant-bois-peint-Val-Gardena-1.jpg\" alt=\"St Antoine de Padoue avec Enfant bois peint Val Gardena\" width=\"500\" height=\"500\" \/>\r\n\t\t\t<div class=\"sp-thumbnail\"><a class=\"\" href=\"https:\/\/www.holyart.fr\/articles-religieux\/statues\/statues-en-bois-peint\/st-antoine-de-padoue-avec-enfant-bois-peint-val-gardena?_gl=1*9p6wuk*_ga*MTg4ODUxMTc0MS4xNjc5OTAyNTU5*_ga_W18MV136NH*MTY4OTMyNzIyOC4zMS4xLjE2ODkzMjg0NzcuMC4wLjA.\">\r\n\t\t\t\t<img decoding=\"async\" src=\"https:\/\/blog.holyart.it\/fr\/wp-content\/uploads\/sites\/14\/2023\/07\/St-Antoine-de-Padoue-avec-Enfant-bois-peint-Val-Gardena.jpg\" alt=\"St Antoine de Padoue avec Enfant bois peint Val Gardena\" \/>\r\n\t\t\t<\/a>\r\n\t\t\t<\/div>\r\n\t\t\t<div class=\"sp-caption\">St Antoine de Padoue avec Enfant bois peint Val Gardena\n<br \/><strong><a href=\"https:\/\/www.holyart.fr\/articles-religieux\/statues\/statues-en-bois-peint\/st-antoine-de-padoue-avec-enfant-bois-peint-val-gardena?_gl=1*9p6wuk*_ga*MTg4ODUxMTc0MS4xNjc5OTAyNTU5*_ga_W18MV136NH*MTY4OTMyNzIyOC4zMS4xLjE2ODkzMjg0NzcuMC4wLjA.\">Acheter sur Holyart<\/a><\/strong><\/div>\r\n\t\t<\/div>\r\n\t\t<div class=\"sp-slide\">\r\n\t\t\t<img loading=\"lazy\" decoding=\"async\" class=\"sp-image\" src=\"https:\/\/blog.holyart.it\/fr\/wp-content\/uploads\/sites\/14\/2023\/07\/Icone-S.Georges-manteau-rouge-1.jpg\" alt=\"Ic\u00f4ne S.Georges, manteau rouge \" width=\"500\" height=\"500\" \/>\r\n\t\t\t<div class=\"sp-thumbnail\"><a class=\"\" href=\"https:\/\/www.holyart.fr\/articles-religieux\/icones-religieuses\/icones-grecques\/icone-s.georges-manteau-rouge?_gl=1*u31dcn*_ga*MTg4ODUxMTc0MS4xNjc5OTAyNTU5*_ga_W18MV136NH*MTY4OTMyNzIyOC4zMS4xLjE2ODkzMjg0OTUuMC4wLjA.\">\r\n\t\t\t\t<img decoding=\"async\" src=\"https:\/\/blog.holyart.it\/fr\/wp-content\/uploads\/sites\/14\/2023\/07\/Icone-S.Georges-manteau-rouge-.jpg\" alt=\"Ic\u00f4ne S.Georges, manteau rouge \" \/>\r\n\t\t\t<\/a>\r\n\t\t\t<\/div>\r\n\t\t\t<div class=\"sp-caption\">Ic\u00f4ne S.Georges, manteau rouge \n<br \/><strong><a href=\"https:\/\/www.holyart.fr\/articles-religieux\/icones-religieuses\/icones-grecques\/icone-s.georges-manteau-rouge?_gl=1*u31dcn*_ga*MTg4ODUxMTc0MS4xNjc5OTAyNTU5*_ga_W18MV136NH*MTY4OTMyNzIyOC4zMS4xLjE2ODkzMjg0OTUuMC4wLjA.\">Acheter sur Holyart<\/a><\/strong><\/div>\r\n\t\t<\/div>\r\n\t\t<div class=\"sp-slide\">\r\n\t\t\t<img loading=\"lazy\" decoding=\"async\" class=\"sp-image\" src=\"https:\/\/blog.holyart.it\/fr\/wp-content\/uploads\/sites\/14\/2023\/07\/Statue-Saint-Jacques-apotre-30-cm-resine-coloree1.jpg\" alt=\"Statue Saint Jacques ap\u00f4tre 30 cm r\u00e9sine color\u00e9e\" width=\"500\" height=\"500\" \/>\r\n\t\t\t<div class=\"sp-thumbnail\"><a class=\"\" href=\"https:\/\/www.holyart.fr\/articles-religieux\/statues\/statues-en-resine-et-pvc\/statue-saint-jacques-apotre-30-cm-resine-coloree?_gl=1*5g9dxn*_ga*MTg4ODUxMTc0MS4xNjc5OTAyNTU5*_ga_W18MV136NH*MTY4OTMyNzIyOC4zMS4xLjE2ODkzMjg1MjMuMC4wLjA.\">\r\n\t\t\t\t<img decoding=\"async\" src=\"https:\/\/blog.holyart.it\/fr\/wp-content\/uploads\/sites\/14\/2023\/07\/Statue-Saint-Jacques-apotre-30-cm-resine-coloree.jpg\" alt=\"Statue Saint Jacques ap\u00f4tre 30 cm r\u00e9sine color\u00e9e\" \/>\r\n\t\t\t<\/a>\r\n\t\t\t<\/div>\r\n\t\t\t<div class=\"sp-caption\">Statue Saint Jacques ap\u00f4tre 30 cm r\u00e9sine color\u00e9e\n<br \/><strong><a href=\"https:\/\/www.holyart.fr\/articles-religieux\/statues\/statues-en-resine-et-pvc\/statue-saint-jacques-apotre-30-cm-resine-coloree?_gl=1*5g9dxn*_ga*MTg4ODUxMTc0MS4xNjc5OTAyNTU5*_ga_W18MV136NH*MTY4OTMyNzIyOC4zMS4xLjE2ODkzMjg1MjMuMC4wLjA.\">Acheter sur Holyart<\/a><\/strong><\/div>\r\n\t\t<\/div>\r\n\t\t<div class=\"sp-slide\">\r\n\t\t\t<img loading=\"lazy\" decoding=\"async\" class=\"sp-image\" src=\"https:\/\/blog.holyart.it\/fr\/wp-content\/uploads\/sites\/14\/2023\/07\/Sainte-Sabine-peinte-avec-palmier-et-livre-bois-Val-Gardena.jpg\" alt=\"Sainte Sabine peinte avec palmier et livre bois Val Gardena\" width=\"500\" height=\"500\" \/>\r\n\t\t\t<div class=\"sp-thumbnail\"><a class=\"\" href=\"https:\/\/www.holyart.fr\/articles-religieux\/statues\/statues-en-bois-peint\/sainte-sabine-peinte-avec-palmier-et-livre-bois-val-gardena?_gl=1*8d6yap*_ga*MTg4ODUxMTc0MS4xNjc5OTAyNTU5*_ga_W18MV136NH*MTY4OTMyNzIyOC4zMS4xLjE2ODkzMjg1NTMuMC4wLjA.\">\r\n\t\t\t\t<img decoding=\"async\" src=\"https:\/\/blog.holyart.it\/fr\/wp-content\/uploads\/sites\/14\/2023\/07\/Sainte-Sabine-peinte-avec-palmier-et-livre-bois-Val-Gardena.jpg\" alt=\"Sainte Sabine peinte avec palmier et livre bois Val Gardena\" \/>\r\n\t\t\t<\/a>\r\n\t\t\t<\/div>\r\n\t\t\t<div class=\"sp-caption\">Sainte Sabine peinte avec palmier et livre bois Val Gardena\n<br \/><strong><a href=\"https:\/\/www.holyart.fr\/articles-religieux\/statues\/statues-en-bois-peint\/sainte-sabine-peinte-avec-palmier-et-livre-bois-val-gardena?_gl=1*8d6yap*_ga*MTg4ODUxMTc0MS4xNjc5OTAyNTU5*_ga_W18MV136NH*MTY4OTMyNzIyOC4zMS4xLjE2ODkzMjg1NTMuMC4wLjA.\">Acheter sur Holyart<\/a><\/strong><\/div>\r\n\t\t<\/div>\r\n\t<\/div>\r\n<\/div>\n","protected":false},"excerpt":{"rendered":"<p>Saint Fran\u00e7ois Antoine Fasani, th\u00e9ologien et homme de grand coeur et charit\u00e9, est rappel\u00e9 \u00e9galement pour certains miracles li\u00e9s \u00e0 l\u2019eau et \u00e0 la pluie. Voici pourquoi il est invoqu\u00e9 en cas de s\u00e9cheresse. Un Saint \u00e0 invoquer pour la pluie\u00a0? Cela semble une image&hellip;<\/p>\n","protected":false},"author":1,"featured_media":6706,"comment_status":"closed","ping_status":"open","sticky":false,"template":"","format":"standard","meta":{"_acf_changed":false,"footnotes":""},"categories":[8,7],"tags":[],"class_list":["post-6658","post","type-post","status-publish","format-standard","has-post-thumbnail","hentry","category-articles-religieux","category-saints-et-bienheureux"],"acf":[],"yoast_head":"<!-- This site is optimized with the Yoast SEO plugin v26.6 - https:\/\/yoast.com\/wordpress\/plugins\/seo\/ -->\n<title>Saint Fran\u00e7ois Antoine Fasani, le saint \u00e0 invoquer pour la pluie - Holyart.fr Blog<\/title>\n<meta name=\"description\" content=\"Saints \u00e0 invoquer pour demander la pluie en cas de s\u00e9cheresse. Saint Fran\u00e7ois Antoine Fasani et tous les autres saints amis des agriculteurs face \u00e0 une mauvaise m\u00e9t\u00e9o.\" \/>\n<meta name=\"robots\" content=\"index, follow, max-snippet:-1, max-image-preview:large, max-video-preview:-1\" \/>\n<link rel=\"canonical\" href=\"https:\/\/blog.holyart.it\/fr\/articles-religieux\/saint-francois-antoine-fasani-le-saint-a-invoquer-pour-la-pluie\/\" \/>\n<meta property=\"og:locale\" content=\"fr_FR\" \/>\n<meta property=\"og:type\" content=\"article\" \/>\n<meta property=\"og:title\" content=\"Saint Fran\u00e7ois Antoine Fasani, le saint \u00e0 invoquer pour la pluie - Holyart.fr Blog\" \/>\n<meta property=\"og:description\" content=\"Saints \u00e0 invoquer pour demander la pluie en cas de s\u00e9cheresse. Saint Fran\u00e7ois Antoine Fasani et tous les autres saints amis des agriculteurs face \u00e0 une mauvaise m\u00e9t\u00e9o.\" \/>\n<meta property=\"og:url\" content=\"https:\/\/blog.holyart.it\/fr\/articles-religieux\/saint-francois-antoine-fasani-le-saint-a-invoquer-pour-la-pluie\/\" \/>\n<meta property=\"og:site_name\" content=\"Holyart.fr Blog\" \/>\n<meta property=\"article:published_time\" content=\"2023-07-31T08:15:22+00:00\" \/>\n<meta property=\"article:modified_time\" content=\"2025-06-04T10:49:50+00:00\" \/>\n<meta property=\"og:image\" content=\"https:\/\/blog.holyart.it\/fr\/wp-content\/uploads\/sites\/14\/2023\/07\/Saint-Francois-Antoine-Fasani.jpg\" \/>\n\t<meta property=\"og:image:width\" content=\"1000\" \/>\n\t<meta property=\"og:image:height\" content=\"666\" \/>\n\t<meta property=\"og:image:type\" content=\"image\/jpeg\" \/>\n<meta name=\"author\" content=\"Redazione\" \/>\n<meta name=\"twitter:card\" content=\"summary_large_image\" \/>\n<meta name=\"twitter:label1\" content=\"\u00c9crit par\" \/>\n\t<meta name=\"twitter:data1\" content=\"Redazione\" \/>\n\t<meta name=\"twitter:label2\" content=\"Dur\u00e9e de lecture estim\u00e9e\" \/>\n\t<meta name=\"twitter:data2\" content=\"10 minutes\" \/>\n<script type=\"application\/ld+json\" class=\"yoast-schema-graph\">{\"@context\":\"https:\/\/schema.org\",\"@graph\":[{\"@type\":\"Article\",\"@id\":\"https:\/\/blog.holyart.it\/fr\/articles-religieux\/saint-francois-antoine-fasani-le-saint-a-invoquer-pour-la-pluie\/#article\",\"isPartOf\":{\"@id\":\"https:\/\/blog.holyart.it\/fr\/articles-religieux\/saint-francois-antoine-fasani-le-saint-a-invoquer-pour-la-pluie\/\"},\"author\":{\"name\":\"Redazione\",\"@id\":\"https:\/\/blog.holyart.it\/fr\/#\/schema\/person\/0a7b686e5af0f856ec1e390dd0baecda\"},\"headline\":\"Saint Fran\u00e7ois Antoine Fasani, le saint \u00e0 invoquer pour la pluie\",\"datePublished\":\"2023-07-31T08:15:22+00:00\",\"dateModified\":\"2025-06-04T10:49:50+00:00\",\"mainEntityOfPage\":{\"@id\":\"https:\/\/blog.holyart.it\/fr\/articles-religieux\/saint-francois-antoine-fasani-le-saint-a-invoquer-pour-la-pluie\/\"},\"wordCount\":1883,\"publisher\":{\"@id\":\"https:\/\/blog.holyart.it\/fr\/#organization\"},\"image\":{\"@id\":\"https:\/\/blog.holyart.it\/fr\/articles-religieux\/saint-francois-antoine-fasani-le-saint-a-invoquer-pour-la-pluie\/#primaryimage\"},\"thumbnailUrl\":\"https:\/\/blog.holyart.it\/fr\/wp-content\/uploads\/sites\/14\/2023\/07\/Saint-Francois-Antoine-Fasani.jpg\",\"articleSection\":[\"Religion\",\"Saints et Bienheureux\"],\"inLanguage\":\"fr-FR\"},{\"@type\":\"WebPage\",\"@id\":\"https:\/\/blog.holyart.it\/fr\/articles-religieux\/saint-francois-antoine-fasani-le-saint-a-invoquer-pour-la-pluie\/\",\"url\":\"https:\/\/blog.holyart.it\/fr\/articles-religieux\/saint-francois-antoine-fasani-le-saint-a-invoquer-pour-la-pluie\/\",\"name\":\"Saint Fran\u00e7ois Antoine Fasani, le saint \u00e0 invoquer pour la pluie - Holyart.fr Blog\",\"isPartOf\":{\"@id\":\"https:\/\/blog.holyart.it\/fr\/#website\"},\"primaryImageOfPage\":{\"@id\":\"https:\/\/blog.holyart.it\/fr\/articles-religieux\/saint-francois-antoine-fasani-le-saint-a-invoquer-pour-la-pluie\/#primaryimage\"},\"image\":{\"@id\":\"https:\/\/blog.holyart.it\/fr\/articles-religieux\/saint-francois-antoine-fasani-le-saint-a-invoquer-pour-la-pluie\/#primaryimage\"},\"thumbnailUrl\":\"https:\/\/blog.holyart.it\/fr\/wp-content\/uploads\/sites\/14\/2023\/07\/Saint-Francois-Antoine-Fasani.jpg\",\"datePublished\":\"2023-07-31T08:15:22+00:00\",\"dateModified\":\"2025-06-04T10:49:50+00:00\",\"description\":\"Saints \u00e0 invoquer pour demander la pluie en cas de s\u00e9cheresse. Saint Fran\u00e7ois Antoine Fasani et tous les autres saints amis des agriculteurs face \u00e0 une mauvaise m\u00e9t\u00e9o.\",\"breadcrumb\":{\"@id\":\"https:\/\/blog.holyart.it\/fr\/articles-religieux\/saint-francois-antoine-fasani-le-saint-a-invoquer-pour-la-pluie\/#breadcrumb\"},\"inLanguage\":\"fr-FR\",\"potentialAction\":[{\"@type\":\"ReadAction\",\"target\":[\"https:\/\/blog.holyart.it\/fr\/articles-religieux\/saint-francois-antoine-fasani-le-saint-a-invoquer-pour-la-pluie\/\"]}]},{\"@type\":\"ImageObject\",\"inLanguage\":\"fr-FR\",\"@id\":\"https:\/\/blog.holyart.it\/fr\/articles-religieux\/saint-francois-antoine-fasani-le-saint-a-invoquer-pour-la-pluie\/#primaryimage\",\"url\":\"https:\/\/blog.holyart.it\/fr\/wp-content\/uploads\/sites\/14\/2023\/07\/Saint-Francois-Antoine-Fasani.jpg\",\"contentUrl\":\"https:\/\/blog.holyart.it\/fr\/wp-content\/uploads\/sites\/14\/2023\/07\/Saint-Francois-Antoine-Fasani.jpg\",\"width\":1000,\"height\":666,\"caption\":\"Saint Fran\u00e7ois Antoine Fasani\"},{\"@type\":\"BreadcrumbList\",\"@id\":\"https:\/\/blog.holyart.it\/fr\/articles-religieux\/saint-francois-antoine-fasani-le-saint-a-invoquer-pour-la-pluie\/#breadcrumb\",\"itemListElement\":[{\"@type\":\"ListItem\",\"position\":1,\"name\":\"Homepage\",\"item\":\"https:\/\/blog.holyart.it\/fr\/\"},{\"@type\":\"ListItem\",\"position\":2,\"name\":\"Religion\",\"item\":\"https:\/\/blog.holyart.it\/fr\/articles-religieux\/\"},{\"@type\":\"ListItem\",\"position\":3,\"name\":\"Saint Fran\u00e7ois Antoine Fasani, le saint \u00e0 invoquer pour la pluie\"}]},{\"@type\":\"WebSite\",\"@id\":\"https:\/\/blog.holyart.it\/fr\/#website\",\"url\":\"https:\/\/blog.holyart.it\/fr\/\",\"name\":\"Holyart.fr Blog\",\"description\":\"Holyblog\",\"publisher\":{\"@id\":\"https:\/\/blog.holyart.it\/fr\/#organization\"},\"potentialAction\":[{\"@type\":\"SearchAction\",\"target\":{\"@type\":\"EntryPoint\",\"urlTemplate\":\"https:\/\/blog.holyart.it\/fr\/?s={search_term_string}\"},\"query-input\":{\"@type\":\"PropertyValueSpecification\",\"valueRequired\":true,\"valueName\":\"search_term_string\"}}],\"inLanguage\":\"fr-FR\"},{\"@type\":\"Organization\",\"@id\":\"https:\/\/blog.holyart.it\/fr\/#organization\",\"name\":\"Holyart.fr Blog\",\"url\":\"https:\/\/blog.holyart.it\/fr\/\",\"logo\":{\"@type\":\"ImageObject\",\"inLanguage\":\"fr-FR\",\"@id\":\"https:\/\/blog.holyart.it\/fr\/#\/schema\/logo\/image\/\",\"url\":\"https:\/\/blog.holyart.it\/fr\/wp-content\/uploads\/sites\/14\/2022\/12\/Holyart_Blog_Logo.jpg\",\"contentUrl\":\"https:\/\/blog.holyart.it\/fr\/wp-content\/uploads\/sites\/14\/2022\/12\/Holyart_Blog_Logo.jpg\",\"width\":300,\"height\":50,\"caption\":\"Holyart.fr Blog\"},\"image\":{\"@id\":\"https:\/\/blog.holyart.it\/fr\/#\/schema\/logo\/image\/\"}},{\"@type\":\"Person\",\"@id\":\"https:\/\/blog.holyart.it\/fr\/#\/schema\/person\/0a7b686e5af0f856ec1e390dd0baecda\",\"name\":\"Redazione\",\"image\":{\"@type\":\"ImageObject\",\"inLanguage\":\"fr-FR\",\"@id\":\"https:\/\/blog.holyart.it\/fr\/#\/schema\/person\/image\/\",\"url\":\"https:\/\/secure.gravatar.com\/avatar\/f477da817f43e50d0af36abecd33e3edf826c68299714bdc1057dff3b113f516?s=96&d=mm&r=g\",\"contentUrl\":\"https:\/\/secure.gravatar.com\/avatar\/f477da817f43e50d0af36abecd33e3edf826c68299714bdc1057dff3b113f516?s=96&d=mm&r=g\",\"caption\":\"Redazione\"},\"url\":\"https:\/\/blog.holyart.it\/fr\/author\/admin\/\"}]}<\/script>\n<!-- \/ Yoast SEO plugin. -->","yoast_head_json":{"title":"Saint Fran\u00e7ois Antoine Fasani, le saint \u00e0 invoquer pour la pluie - Holyart.fr Blog","description":"Saints \u00e0 invoquer pour demander la pluie en cas de s\u00e9cheresse. Saint Fran\u00e7ois Antoine Fasani et tous les autres saints amis des agriculteurs face \u00e0 une mauvaise m\u00e9t\u00e9o.","robots":{"index":"index","follow":"follow","max-snippet":"max-snippet:-1","max-image-preview":"max-image-preview:large","max-video-preview":"max-video-preview:-1"},"canonical":"https:\/\/blog.holyart.it\/fr\/articles-religieux\/saint-francois-antoine-fasani-le-saint-a-invoquer-pour-la-pluie\/","og_locale":"fr_FR","og_type":"article","og_title":"Saint Fran\u00e7ois Antoine Fasani, le saint \u00e0 invoquer pour la pluie - Holyart.fr Blog","og_description":"Saints \u00e0 invoquer pour demander la pluie en cas de s\u00e9cheresse. Saint Fran\u00e7ois Antoine Fasani et tous les autres saints amis des agriculteurs face \u00e0 une mauvaise m\u00e9t\u00e9o.","og_url":"https:\/\/blog.holyart.it\/fr\/articles-religieux\/saint-francois-antoine-fasani-le-saint-a-invoquer-pour-la-pluie\/","og_site_name":"Holyart.fr Blog","article_published_time":"2023-07-31T08:15:22+00:00","article_modified_time":"2025-06-04T10:49:50+00:00","og_image":[{"width":1000,"height":666,"url":"https:\/\/blog.holyart.it\/fr\/wp-content\/uploads\/sites\/14\/2023\/07\/Saint-Francois-Antoine-Fasani.jpg","type":"image\/jpeg"}],"author":"Redazione","twitter_card":"summary_large_image","twitter_misc":{"\u00c9crit par":"Redazione","Dur\u00e9e de lecture estim\u00e9e":"10 minutes"},"schema":{"@context":"https:\/\/schema.org","@graph":[{"@type":"Article","@id":"https:\/\/blog.holyart.it\/fr\/articles-religieux\/saint-francois-antoine-fasani-le-saint-a-invoquer-pour-la-pluie\/#article","isPartOf":{"@id":"https:\/\/blog.holyart.it\/fr\/articles-religieux\/saint-francois-antoine-fasani-le-saint-a-invoquer-pour-la-pluie\/"},"author":{"name":"Redazione","@id":"https:\/\/blog.holyart.it\/fr\/#\/schema\/person\/0a7b686e5af0f856ec1e390dd0baecda"},"headline":"Saint Fran\u00e7ois Antoine Fasani, le saint \u00e0 invoquer pour la pluie","datePublished":"2023-07-31T08:15:22+00:00","dateModified":"2025-06-04T10:49:50+00:00","mainEntityOfPage":{"@id":"https:\/\/blog.holyart.it\/fr\/articles-religieux\/saint-francois-antoine-fasani-le-saint-a-invoquer-pour-la-pluie\/"},"wordCount":1883,"publisher":{"@id":"https:\/\/blog.holyart.it\/fr\/#organization"},"image":{"@id":"https:\/\/blog.holyart.it\/fr\/articles-religieux\/saint-francois-antoine-fasani-le-saint-a-invoquer-pour-la-pluie\/#primaryimage"},"thumbnailUrl":"https:\/\/blog.holyart.it\/fr\/wp-content\/uploads\/sites\/14\/2023\/07\/Saint-Francois-Antoine-Fasani.jpg","articleSection":["Religion","Saints et Bienheureux"],"inLanguage":"fr-FR"},{"@type":"WebPage","@id":"https:\/\/blog.holyart.it\/fr\/articles-religieux\/saint-francois-antoine-fasani-le-saint-a-invoquer-pour-la-pluie\/","url":"https:\/\/blog.holyart.it\/fr\/articles-religieux\/saint-francois-antoine-fasani-le-saint-a-invoquer-pour-la-pluie\/","name":"Saint Fran\u00e7ois Antoine Fasani, le saint \u00e0 invoquer pour la pluie - Holyart.fr Blog","isPartOf":{"@id":"https:\/\/blog.holyart.it\/fr\/#website"},"primaryImageOfPage":{"@id":"https:\/\/blog.holyart.it\/fr\/articles-religieux\/saint-francois-antoine-fasani-le-saint-a-invoquer-pour-la-pluie\/#primaryimage"},"image":{"@id":"https:\/\/blog.holyart.it\/fr\/articles-religieux\/saint-francois-antoine-fasani-le-saint-a-invoquer-pour-la-pluie\/#primaryimage"},"thumbnailUrl":"https:\/\/blog.holyart.it\/fr\/wp-content\/uploads\/sites\/14\/2023\/07\/Saint-Francois-Antoine-Fasani.jpg","datePublished":"2023-07-31T08:15:22+00:00","dateModified":"2025-06-04T10:49:50+00:00","description":"Saints \u00e0 invoquer pour demander la pluie en cas de s\u00e9cheresse. Saint Fran\u00e7ois Antoine Fasani et tous les autres saints amis des agriculteurs face \u00e0 une mauvaise m\u00e9t\u00e9o.","breadcrumb":{"@id":"https:\/\/blog.holyart.it\/fr\/articles-religieux\/saint-francois-antoine-fasani-le-saint-a-invoquer-pour-la-pluie\/#breadcrumb"},"inLanguage":"fr-FR","potentialAction":[{"@type":"ReadAction","target":["https:\/\/blog.holyart.it\/fr\/articles-religieux\/saint-francois-antoine-fasani-le-saint-a-invoquer-pour-la-pluie\/"]}]},{"@type":"ImageObject","inLanguage":"fr-FR","@id":"https:\/\/blog.holyart.it\/fr\/articles-religieux\/saint-francois-antoine-fasani-le-saint-a-invoquer-pour-la-pluie\/#primaryimage","url":"https:\/\/blog.holyart.it\/fr\/wp-content\/uploads\/sites\/14\/2023\/07\/Saint-Francois-Antoine-Fasani.jpg","contentUrl":"https:\/\/blog.holyart.it\/fr\/wp-content\/uploads\/sites\/14\/2023\/07\/Saint-Francois-Antoine-Fasani.jpg","width":1000,"height":666,"caption":"Saint Fran\u00e7ois Antoine Fasani"},{"@type":"BreadcrumbList","@id":"https:\/\/blog.holyart.it\/fr\/articles-religieux\/saint-francois-antoine-fasani-le-saint-a-invoquer-pour-la-pluie\/#breadcrumb","itemListElement":[{"@type":"ListItem","position":1,"name":"Homepage","item":"https:\/\/blog.holyart.it\/fr\/"},{"@type":"ListItem","position":2,"name":"Religion","item":"https:\/\/blog.holyart.it\/fr\/articles-religieux\/"},{"@type":"ListItem","position":3,"name":"Saint Fran\u00e7ois Antoine Fasani, le saint \u00e0 invoquer pour la pluie"}]},{"@type":"WebSite","@id":"https:\/\/blog.holyart.it\/fr\/#website","url":"https:\/\/blog.holyart.it\/fr\/","name":"Holyart.fr Blog","description":"Holyblog","publisher":{"@id":"https:\/\/blog.holyart.it\/fr\/#organization"},"potentialAction":[{"@type":"SearchAction","target":{"@type":"EntryPoint","urlTemplate":"https:\/\/blog.holyart.it\/fr\/?s={search_term_string}"},"query-input":{"@type":"PropertyValueSpecification","valueRequired":true,"valueName":"search_term_string"}}],"inLanguage":"fr-FR"},{"@type":"Organization","@id":"https:\/\/blog.holyart.it\/fr\/#organization","name":"Holyart.fr Blog","url":"https:\/\/blog.holyart.it\/fr\/","logo":{"@type":"ImageObject","inLanguage":"fr-FR","@id":"https:\/\/blog.holyart.it\/fr\/#\/schema\/logo\/image\/","url":"https:\/\/blog.holyart.it\/fr\/wp-content\/uploads\/sites\/14\/2022\/12\/Holyart_Blog_Logo.jpg","contentUrl":"https:\/\/blog.holyart.it\/fr\/wp-content\/uploads\/sites\/14\/2022\/12\/Holyart_Blog_Logo.jpg","width":300,"height":50,"caption":"Holyart.fr Blog"},"image":{"@id":"https:\/\/blog.holyart.it\/fr\/#\/schema\/logo\/image\/"}},{"@type":"Person","@id":"https:\/\/blog.holyart.it\/fr\/#\/schema\/person\/0a7b686e5af0f856ec1e390dd0baecda","name":"Redazione","image":{"@type":"ImageObject","inLanguage":"fr-FR","@id":"https:\/\/blog.holyart.it\/fr\/#\/schema\/person\/image\/","url":"https:\/\/secure.gravatar.com\/avatar\/f477da817f43e50d0af36abecd33e3edf826c68299714bdc1057dff3b113f516?s=96&d=mm&r=g","contentUrl":"https:\/\/secure.gravatar.com\/avatar\/f477da817f43e50d0af36abecd33e3edf826c68299714bdc1057dff3b113f516?s=96&d=mm&r=g","caption":"Redazione"},"url":"https:\/\/blog.holyart.it\/fr\/author\/admin\/"}]}},"_links":{"self":[{"href":"https:\/\/blog.holyart.it\/fr\/wp-json\/wp\/v2\/posts\/6658","targetHints":{"allow":["GET"]}}],"collection":[{"href":"https:\/\/blog.holyart.it\/fr\/wp-json\/wp\/v2\/posts"}],"about":[{"href":"https:\/\/blog.holyart.it\/fr\/wp-json\/wp\/v2\/types\/post"}],"author":[{"embeddable":true,"href":"https:\/\/blog.holyart.it\/fr\/wp-json\/wp\/v2\/users\/1"}],"replies":[{"embeddable":true,"href":"https:\/\/blog.holyart.it\/fr\/wp-json\/wp\/v2\/comments?post=6658"}],"version-history":[{"count":13,"href":"https:\/\/blog.holyart.it\/fr\/wp-json\/wp\/v2\/posts\/6658\/revisions"}],"predecessor-version":[{"id":7024,"href":"https:\/\/blog.holyart.it\/fr\/wp-json\/wp\/v2\/posts\/6658\/revisions\/7024"}],"wp:featuredmedia":[{"embeddable":true,"href":"https:\/\/blog.holyart.it\/fr\/wp-json\/wp\/v2\/media\/6706"}],"wp:attachment":[{"href":"https:\/\/blog.holyart.it\/fr\/wp-json\/wp\/v2\/media?parent=6658"}],"wp:term":[{"taxonomy":"category","embeddable":true,"href":"https:\/\/blog.holyart.it\/fr\/wp-json\/wp\/v2\/categories?post=6658"},{"taxonomy":"post_tag","embeddable":true,"href":"https:\/\/blog.holyart.it\/fr\/wp-json\/wp\/v2\/tags?post=6658"}],"curies":[{"name":"wp","href":"https:\/\/api.w.org\/{rel}","templated":true}]}}