{"id":6634,"date":"2023-07-19T10:00:46","date_gmt":"2023-07-19T08:00:46","guid":{"rendered":"https:\/\/blog.holyart.it\/fr\/?p=6634"},"modified":"2025-07-07T12:05:09","modified_gmt":"2025-07-07T10:05:09","slug":"sainte-brigitte-de-suede-co-patronne-de-leurope","status":"publish","type":"post","link":"https:\/\/blog.holyart.it\/fr\/articles-religieux\/sainte-brigitte-de-suede-co-patronne-de-leurope\/","title":{"rendered":"Sainte Brigitte de Su\u00e8de, co-patronne de l\u2019Europe"},"content":{"rendered":"<h4>Sainte Brigitte de Su\u00e8de, mystique su\u00e9doise du XIV si\u00e8cle, est co-patronne de l\u2019Europe. Elle se rendit en p\u00e8lerinage \u00e0 Saint-Jacques-de-Compostelle et en Terre Sainte.<\/h4>\n\n<p>Six saints sont <a href=\"https:\/\/www.holyart.fr\/blog\/saints-et-bienheureux\/les-saints-patrons-deurope-chaque-pays-a-son-saint-protecteur\/\"><strong>saints patrons de l\u2019Europe<\/strong><\/a> : Saint Beno\u00eet de Nursie, Sainte Catherine de Sienne, Saints Cyrille et M\u00e9thode, Sainte Th\u00e9r\u00e8se-B\u00e9n\u00e9dicte de la Croix et Sainte Brigitte de Su\u00e8de, protagoniste de cet article. Si <a href=\"https:\/\/www.holyart.fr\/blog\/articles-religieux\/saint-benoit-le-saint-qui-a-inspire-lartisanat-italien\/\"><strong>Saint Beno\u00eet<\/strong><\/a> a m\u00e9rit\u00e9 le titre de saint patron de l\u2019Europe pour avoir cr\u00e9\u00e9 avec sa R\u00e8gle un nouveau mod\u00e8le de vie monastique destin\u00e9 \u00e0 changer radicalement l\u2019histoire humaine, sociale et culturelle du Moyen \u00c2ge, et <a href=\"https:\/\/www.holyart.fr\/blog\/saints-et-bienheureux\/saint-catherine-de-sienne-patronne-ditalie\/\"><strong>Sainte Catherine<\/strong><\/a> sut s\u2019\u00e9riger en m\u00e9diatrice entre les \u00e9tats d\u2019une Europe qui n&rsquo;existait pas encore afin de garantir le bien commun et la libert\u00e9 de tous, <strong>Sainte Brigitte de Su\u00e8de<\/strong> offrit avec ses R\u00e9v\u00e9lations et avec son style de vie un <strong>mod\u00e8le d\u2019unit\u00e9 et d\u2019harmonie parmi les hommes<\/strong>, tous fr\u00e8res de Christ, comme des moutons dans la m\u00eame bergerie qui n\u2019ont comme seul point de r\u00e9f\u00e9rence le Pasteur qui les nourrit et les prot\u00e8ge.<\/p>\n<div class=\"link-article\">\n<p><img loading=\"lazy\" decoding=\"async\" class=\"size-full wp-image-6635 alignleft\" src=\"https:\/\/blog.holyart.it\/fr\/wp-content\/uploads\/sites\/14\/2023\/07\/Les-saints-patrons-dEurope.jpeg\" alt=\"Sants Mosaic Dome Bapistry Saint John Florence Italy\" width=\"150\" height=\"99\" data-kale-share-title=\"Sainte Brigitte de Su\u00e8de, co-patronne de l\u2019Europe\" data-kale-share-url=\"https:\/\/blog.holyart.it\/fr\/?p=6634\" \/><\/p>\n<div class=\"leggi-anche\">Lire aussi :<\/div>\n<p><strong><a href=\"https:\/\/www.holyart.fr\/blog\/saints-et-bienheureux\/les-saints-patrons-deurope-chaque-pays-a-son-saint-protecteur\/\">Les saints patrons d\u2019Europe : chaque pays a son saint protecteur<\/a><\/strong><br \/>\nChaque pays a son saint protecteur : dans cet article, vous allez d\u00e9couvrir tous les saints protecteurs d\u2019Europe !<\/p>\n<\/div>\n<p>N\u00e9e dans une famille aristocratique, elle fut une \u00e9pouse heureuse et m\u00e8re de huit enfants avant d\u2019embrasser la vie religieuse. Mais m\u00eame dans sa vie conjugale elle d\u00e9montra une d\u00e9votion absolue et une pr\u00e9disposition pour l\u2019aide au prochain qui se manifestait dans des <strong>\u0153uvres de charit\u00e9 et de mis\u00e9ricorde<\/strong>, dans lesquelles elle accompagnait son mari aussi. Ensemble ils devinrent tertiaires franciscains et \u00e9tudi\u00e8rent les \u00c9critures, tandis que Brigitte se b\u00e2tit une r\u00e9putation gr\u00e2ce \u00e0 ses qualit\u00e9s p\u00e9dagogiques, qui l\u2019amen\u00e8rent \u00e0 enseigner m\u00eame \u00e0 la cour de Stockholm. Dans cette premi\u00e8re p\u00e9riode de sa vie se place \u00e9galement le <a href=\"https:\/\/www.holyart.fr\/blog\/articles-religieux\/le-chemin-de-saint-jacques-de-compostelle-histoire-et-curiosites-dun-des-plus-celebres-itineraires-religieux\/\"><strong>p\u00e8lerinage \u00e0 Saint-Jacques-de-Compostelle<\/strong><\/a>, le premier d\u2019une longue s\u00e9rie de voyage et de p\u00e8lerinages dans des lieux de foi dans tout le monde connu \u00e0 l\u2019\u00e9poque, qui ont caract\u00e9ris\u00e9 la vie de cette sainte.<\/p>\n<div class=\"link-article\">\n<p><img loading=\"lazy\" decoding=\"async\" class=\"size-full wp-image-6636 alignleft\" src=\"https:\/\/blog.holyart.it\/fr\/wp-content\/uploads\/sites\/14\/2023\/07\/Saint-Jacques-de-Compostelle.jpeg\" alt=\"Saint-Jacques-de-Compostelle\" width=\"150\" height=\"100\" data-kale-share-title=\"Sainte Brigitte de Su\u00e8de, co-patronne de l\u2019Europe\" data-kale-share-url=\"https:\/\/blog.holyart.it\/fr\/?p=6634\" \/><\/p>\n<div class=\"leggi-anche\">Lire aussi :<\/div>\n<p><strong><a href=\"https:\/\/www.holyart.fr\/blog\/articles-religieux\/le-chemin-de-saint-jacques-de-compostelle-histoire-et-curiosites-dun-des-plus-celebres-itineraires-religieux\/\">Le Chemin de Saint-Jacques-de-Compostelle: histoire et curiosit\u00e9s d\u2019un des plus c\u00e9l\u00e8bres itin\u00e9raires religieux<\/a><\/strong><br \/>\nDepuis des si\u00e8cles, le Chemin de Saint-Jacques-de-Compostelle&#8230;<\/p>\n<\/div>\n<p>En effet, devenue veuve, Brigitte se rendit d\u2019abord \u00e0 <strong>Rome<\/strong> avec sa fille Catherine, qui sera \u00e0 son tour canonis\u00e9e, et dans de nombreux autres lieux de culte et de d\u00e9votion en Italie. De l\u2019Italie elle se d\u00e9pla\u00e7a ensuite en <strong>Terre Sainte<\/strong>, pour conna\u00eetre et vivre sur elle les lieux qui avaient vu la parabole humaine de Christ. Retourn\u00e9e \u00e0 Rome et d\u00e9j\u00e0 malade, elle mourut soign\u00e9e par sa fille Catherine, en lui confiant la congr\u00e9gation religieuse qu\u2019elle avait fond\u00e9e, l\u2019<strong>Ordre du Tr\u00e8s Saint-Sauveur<\/strong>, un ordre monastique r\u00e9volutionnaire, car il pr\u00e9voyait des monast\u00e8res doubles, o\u00f9 vivaient hommes et femmes \u00e0 la mani\u00e8re de la communaut\u00e9 primitive chr\u00e9tienne. La r\u00e8gle pr\u00e9voyait soixante nonnes guid\u00e9es par une abbesse et vingt-cinq hommes d\u2019\u00e9glise guid\u00e9s par un confesseur g\u00e9n\u00e9ral, subdivis\u00e9s en treize pr\u00eatres, repr\u00e9sentant les douze Ap\u00f4tres plus Saint Paul, et les autres disciples et diacres, ces derniers symbolisant les quatre docteurs de l\u2019\u00c9glise\u00a0: Augustin, Ambroise, J\u00e9r\u00f4me et Gr\u00e9goire le Grand. En 1422, pape Martin V ordonna la suppression des monast\u00e8res doubles et aujourd\u2019hui la congr\u00e9gation fond\u00e9e par <a href=\"https:\/\/www.holyart.fr\/articles-religieux\/statues\/statues-en-bois-peint\/sainte-brigitte-avec-croix-bois-peint-val-gardena\"><strong>Sainte Brigitte<\/strong><\/a> est uniquement f\u00e9minine, connue comme <strong>Congr\u00e9gation du Saint-Sauveur de Sainte-Brigitte<\/strong>. Ses s\u0153urs s\u2019appellent <strong>Brigittines<\/strong> et se d\u00e9dient \u00e0 l\u2019accueil et \u00e0 la tentative de r\u00e9unir toutes les \u00e9glises chr\u00e9tiennes de profession diff\u00e9rente.<\/p>\n<div class=\"link-product\">\n<div class=\"blocco-immagine\"><img loading=\"lazy\" decoding=\"async\" class=\"size-full wp-image-6637 alignleft\" src=\"https:\/\/blog.holyart.it\/fr\/wp-content\/uploads\/sites\/14\/2023\/07\/Sainte-Brigitte-avec-croix-bois-peint-Val-Gardena.jpg\" alt=\"Sainte Brigitte avec croix bois peint Val Gardena\" width=\"100\" height=\"100\" data-kale-share-title=\"Sainte Brigitte de Su\u00e8de, co-patronne de l\u2019Europe\" data-kale-share-url=\"https:\/\/blog.holyart.it\/fr\/?p=6634\" \/><\/div>\n<div class=\"blocco-contenuto\">\n<div class=\"blocco-acquista\">Acheter sur Holyart:<\/div>\n<div class=\"blocco-titolo\"><a href=\"https:\/\/www.holyart.fr\/articles-religieux\/statues\/statues-en-bois-peint\/sainte-brigitte-avec-croix-bois-peint-val-gardena\">Sainte Brigitte avec croix bois<\/a><\/div>\n<div class=\"blocco-descrizione\">Statue en finition bois d&rsquo;\u00e9rable peint de Sainte Brigitte de Su\u00e8de avec une croix, r\u00e9alis\u00e9e dans le Val Gardena.<\/div>\n<\/div>\n<\/div>\n<p>Outre que pour sa d\u00e9votion, les Oraisons et les R\u00e9v\u00e9lations, Sainte Brigitte est rappel\u00e9e \u00e9galement pour son action d\u2019<strong>intercession et <\/strong>de <strong>conseil<\/strong> aupr\u00e8s de papes, chefs d\u2019\u00e9tat et personnalit\u00e9s politiques en Su\u00e8de et en Europe. C\u2019est justement \u00e0 ce r\u00f4le qu\u2019elle doit sa d\u00e9signation comme co-patronne de l\u2019Europe.<\/p>\n<h2>Les oraisons de Sainte Brigitte<\/h2>\n<p>Sainte Brigitte re\u00e7ut de J\u00e9sus et de la Vierge Marie deux s\u00e9ries de pri\u00e8res, connues comme les <strong>Oraisons de Sainte Brigitte.<\/strong><br \/>\nLa premi\u00e8re s\u00e9rie se compose de 21 promesses et de 15 pri\u00e8res, \u00e0 r\u00e9citer chaque jour pendant un an. La deuxi\u00e8me pr\u00e9voit 5 promesses et 7 pri\u00e8res \u00e0 r\u00e9citer chaque jour pendant 12 ans.<\/p>\n<p>Les 21 promesses que J\u00e9sus lui a r\u00e9v\u00e9l\u00e9es vont de la lib\u00e9ration des \u00e2mes du Purgatoire \u00e0 la conversion pour les \u00e2mes d\u2019\u00eatres chers, \u00e0 la protection contre les ennemis au nom de la Croix.<\/p>\n<h2>Les r\u00e9v\u00e9lations de Sainte Brigitte<\/h2>\n<p>Brigitte \u00e9tait obs\u00e9d\u00e9e par les <a href=\"https:\/\/www.holyart.fr\/blog\/articles-religieux\/les-evenements-de-la-passion-de-jesus-de-la-cene-a-sa-crucifixion\/\"><strong>douleurs subies par J\u00e9sus pendant la Passion<\/strong><\/a>. En m\u00e9ditant sur elles, elle exp\u00e9rimenta de nombreuses exp\u00e9riences mystiques d\u2019une vivacit\u00e9 extraordinaire avec des visions de J\u00e9sus, de la Vierge et des Saints. Elle raconta \u00e0 ses p\u00e8res spirituels ces r\u00e9v\u00e9lations, qui les recueillirent en huit volumes. Il s\u2019agit des <strong>R\u00e9v\u00e9lations de Sainte Brigitte<\/strong>, dont la v\u00e9racit\u00e9 a \u00e9t\u00e9 reconnue par le Concile de Constance en 1415.<\/p>\n<div class=\"link-article\">\n<p><img loading=\"lazy\" decoding=\"async\" class=\"size-full wp-image-6638 alignleft\" src=\"https:\/\/blog.holyart.it\/fr\/wp-content\/uploads\/sites\/14\/2023\/07\/Passion-de-Jesus.jpg\" alt=\"Passion de Jesus\" width=\"150\" height=\"99\" data-kale-share-title=\"Sainte Brigitte de Su\u00e8de, co-patronne de l\u2019Europe\" data-kale-share-url=\"https:\/\/blog.holyart.it\/fr\/?p=6634\" \/><\/p>\n<div class=\"leggi-anche\">Lire aussi :<\/div>\n<p><strong><a href=\"https:\/\/www.holyart.fr\/blog\/articles-religieux\/les-evenements-de-la-passion-de-jesus-de-la-cene-a-sa-crucifixion\/\">Les \u00e9v\u00e9nements de la Passion de J\u00e9sus : de la C\u00e8ne \u00e0 Sa crucifixion<\/a><\/strong><br \/>\nLa Passion de J\u00e9sus est le moment le plus haut et le plus terrible&#8230;<\/p>\n<\/div>\n<p><em>\u00ab\u00a0Tu es \u00e0 moi et pour cela je ferai de toi ce dont j\u2019ai envie. N\u2019aime rien d\u2019autre de la mani\u00e8re dont tu m\u2019aimes\u00a0\u00bb. <\/em>Ainsi Dieu revendique Brigitte comme sa proph\u00e9tesse et porte-parole. La Vierge, quant \u00e0 elle, lui apprend qu\u2019il existe deux mani\u00e8res pour atteindre le c\u0153ur de Dieu\u00a0: humilit\u00e9 et vraie contrition, ou bien la contemplation des souffrances de Christ. \u00ab\u00a0<em>Contemple ma beaut\u00e9 \u00e0 travers la beaut\u00e9 des \u00e9l\u00e9ments&#8230; Regarde-moi. Je suis le plus beau sur le Tabor, mais le plus insult\u00e9 sur la Croix, o\u00f9 je n\u2019avais ni forme ni beaut\u00e9. Regarde-moi et m\u00e9dite&#8230; Corrige tes erreurs ! \u00c9coute la voix avec laquelle je t\u2019ai cri\u00e9 \u201cJ\u2019ai soif\u00a0!\u201d \u00bb.<\/em><\/p>\n<h2>Comment on r\u00e9cite le Rosaire Brigittin<\/h2>\n<p>Outre les Oraisons, Sainte Brigitte re\u00e7ut \u00e9galement de la Vierge le <a href=\"https:\/\/www.holyart.fr\/articles-religieux\/chapelets-et-etuis-a-chapelet\/rosaires-de-devotion\/chapelet-de-devotion-de-sainte-brigitte\"><strong>Rosaire Brigittin<\/strong><\/a>, d\u00e9di\u00e9 aux douleurs de Notre-Dame et \u00e0 ses soixante-trois ans de vie sur Terre, qui, si r\u00e9cit\u00e9 chaque jour pendant un an garantit \u00e0 qui le prie la r\u00e9alisation des 21 promesses faites par J\u00e9sus aux fid\u00e8les.<\/p>\n<p>Pape Urbain V approuva le Rosaire Brigittin et les <a href=\"https:\/\/www.holyart.fr\/blog\/articles-religieux\/indulgence-pleniere-signification-origines-et-comment-lobtenir\/\"><strong>indulgences<\/strong> <\/a>qui y sont li\u00e9es : sept ans d\u2019indulgence et sept quarantaines pour chaque r\u00e9citation du Rosaire ; cent jours pour chaque Notre P\u00e8re, Je Vous Salue Marie et Credo ; indulgence pl\u00e9ni\u00e8re <em>in articulo mortis<\/em> pour ceux qui le r\u00e9cite chaque jour ; quarante jours pour ceux qui portent ce Chapelet, prie au son des cloches pour quelqu\u2019un qui est sur le point de mourir et r\u00e9cite Notre P\u00e8re et Je Vous Salue Marie faisant son examen de conscience\u00a0; et ainsi de suite.<\/p>\n<p>Pour r\u00e9citer le Rosaire Brigittin on utilise un <strong>chapelet sp\u00e9cifique<\/strong>, compos\u00e9 de grains couleur or (sur chaque grain dor\u00e9 on r\u00e9cite le Credo), grains couleur argent (sur chaque grain argent\u00e9 on r\u00e9cite le Notre P\u00e8re) et grains bleu ciel (pour le Je Vous Salue Marie). En outre, dans un Rosaire traditionnel le chapelet se compose de 5 dizainiers, un par Myst\u00e8re, tandis que dans le Rosaire Brigittin il y en a 6.<\/p>\n<div class=\"link-product\">\n<div class=\"blocco-immagine\"><img loading=\"lazy\" decoding=\"async\" class=\"size-full wp-image-6639 alignleft\" src=\"https:\/\/blog.holyart.it\/fr\/wp-content\/uploads\/sites\/14\/2023\/07\/Chapelet-de-devotion-de-Sainte-Brigitte.jpg\" alt=\"Chapelet de devotion de Sainte Brigitte\" width=\"100\" height=\"100\" data-kale-share-title=\"Sainte Brigitte de Su\u00e8de, co-patronne de l\u2019Europe\" data-kale-share-url=\"https:\/\/blog.holyart.it\/fr\/?p=6634\" \/><\/div>\n<div class=\"blocco-contenuto\">\n<div class=\"blocco-acquista\">Acheter sur Holyart:<\/div>\n<div class=\"blocco-titolo\"><a href=\"https:\/\/www.holyart.fr\/articles-religieux\/chapelets-et-etuis-a-chapelet\/rosaires-de-devotion\/chapelet-de-devotion-de-sainte-brigitte\">Chapelet de d\u00e9votion de Sainte Brigitte<\/a><\/div>\n<div class=\"blocco-descrizione\">Croix en m\u00e9tal et pi\u00e8ce centrale avec image de la Vierge Miraculeuse.<\/div>\n<\/div>\n<\/div>\n","protected":false},"excerpt":{"rendered":"<p>Sainte Brigitte de Su\u00e8de, mystique su\u00e9doise du XIV si\u00e8cle, est co-patronne de l\u2019Europe. Elle se rendit en p\u00e8lerinage \u00e0 Saint-Jacques-de-Compostelle et en Terre Sainte. Six saints sont saints patrons de l\u2019Europe : Saint Beno\u00eet de Nursie, Sainte Catherine de Sienne, Saints Cyrille et M\u00e9thode, Sainte&hellip;<\/p>\n","protected":false},"author":1,"featured_media":6640,"comment_status":"closed","ping_status":"open","sticky":false,"template":"","format":"standard","meta":{"_acf_changed":false,"footnotes":""},"categories":[8],"tags":[],"class_list":["post-6634","post","type-post","status-publish","format-standard","has-post-thumbnail","hentry","category-articles-religieux"],"acf":[],"yoast_head":"<!-- This site is optimized with the Yoast SEO plugin v26.6 - https:\/\/yoast.com\/wordpress\/plugins\/seo\/ -->\n<title>Sainte Brigitte de Su\u00e8de, co-patronne de l\u2019Europe - Holyart.fr Blog<\/title>\n<meta name=\"description\" content=\"Mystique et d\u00e9vou\u00e9e \u00e0 Christ, Sainte Brigitte de Su\u00e8de guida avec ses R\u00e9v\u00e9lations et sa sagesse le destin de son temps.\" \/>\n<meta name=\"robots\" content=\"index, follow, max-snippet:-1, max-image-preview:large, max-video-preview:-1\" \/>\n<link rel=\"canonical\" href=\"https:\/\/blog.holyart.it\/fr\/articles-religieux\/sainte-brigitte-de-suede-co-patronne-de-leurope\/\" \/>\n<meta property=\"og:locale\" content=\"fr_FR\" \/>\n<meta property=\"og:type\" content=\"article\" \/>\n<meta property=\"og:title\" content=\"Sainte Brigitte de Su\u00e8de, co-patronne de l\u2019Europe - Holyart.fr Blog\" \/>\n<meta property=\"og:description\" content=\"Mystique et d\u00e9vou\u00e9e \u00e0 Christ, Sainte Brigitte de Su\u00e8de guida avec ses R\u00e9v\u00e9lations et sa sagesse le destin de son temps.\" \/>\n<meta property=\"og:url\" content=\"https:\/\/blog.holyart.it\/fr\/articles-religieux\/sainte-brigitte-de-suede-co-patronne-de-leurope\/\" \/>\n<meta property=\"og:site_name\" content=\"Holyart.fr Blog\" \/>\n<meta property=\"article:published_time\" content=\"2023-07-19T08:00:46+00:00\" \/>\n<meta property=\"article:modified_time\" content=\"2025-07-07T10:05:09+00:00\" \/>\n<meta property=\"og:image\" content=\"https:\/\/blog.holyart.it\/fr\/wp-content\/uploads\/sites\/14\/2023\/07\/Sainte-Brigitte-de-Suede.jpeg\" \/>\n\t<meta property=\"og:image:width\" content=\"1000\" \/>\n\t<meta property=\"og:image:height\" content=\"666\" \/>\n\t<meta property=\"og:image:type\" content=\"image\/jpeg\" \/>\n<meta name=\"author\" content=\"Redazione\" \/>\n<meta name=\"twitter:card\" content=\"summary_large_image\" \/>\n<meta name=\"twitter:label1\" content=\"\u00c9crit par\" \/>\n\t<meta name=\"twitter:data1\" content=\"Redazione\" \/>\n\t<meta name=\"twitter:label2\" content=\"Dur\u00e9e de lecture estim\u00e9e\" \/>\n\t<meta name=\"twitter:data2\" content=\"8 minutes\" \/>\n<script type=\"application\/ld+json\" class=\"yoast-schema-graph\">{\"@context\":\"https:\/\/schema.org\",\"@graph\":[{\"@type\":\"Article\",\"@id\":\"https:\/\/blog.holyart.it\/fr\/articles-religieux\/sainte-brigitte-de-suede-co-patronne-de-leurope\/#article\",\"isPartOf\":{\"@id\":\"https:\/\/blog.holyart.it\/fr\/articles-religieux\/sainte-brigitte-de-suede-co-patronne-de-leurope\/\"},\"author\":{\"name\":\"Redazione\",\"@id\":\"https:\/\/blog.holyart.it\/fr\/#\/schema\/person\/0a7b686e5af0f856ec1e390dd0baecda\"},\"headline\":\"Sainte Brigitte de Su\u00e8de, co-patronne de l\u2019Europe\",\"datePublished\":\"2023-07-19T08:00:46+00:00\",\"dateModified\":\"2025-07-07T10:05:09+00:00\",\"mainEntityOfPage\":{\"@id\":\"https:\/\/blog.holyart.it\/fr\/articles-religieux\/sainte-brigitte-de-suede-co-patronne-de-leurope\/\"},\"wordCount\":1368,\"publisher\":{\"@id\":\"https:\/\/blog.holyart.it\/fr\/#organization\"},\"image\":{\"@id\":\"https:\/\/blog.holyart.it\/fr\/articles-religieux\/sainte-brigitte-de-suede-co-patronne-de-leurope\/#primaryimage\"},\"thumbnailUrl\":\"https:\/\/blog.holyart.it\/fr\/wp-content\/uploads\/sites\/14\/2023\/07\/Sainte-Brigitte-de-Suede.jpeg\",\"articleSection\":[\"Religion\"],\"inLanguage\":\"fr-FR\"},{\"@type\":\"WebPage\",\"@id\":\"https:\/\/blog.holyart.it\/fr\/articles-religieux\/sainte-brigitte-de-suede-co-patronne-de-leurope\/\",\"url\":\"https:\/\/blog.holyart.it\/fr\/articles-religieux\/sainte-brigitte-de-suede-co-patronne-de-leurope\/\",\"name\":\"Sainte Brigitte de Su\u00e8de, co-patronne de l\u2019Europe - Holyart.fr Blog\",\"isPartOf\":{\"@id\":\"https:\/\/blog.holyart.it\/fr\/#website\"},\"primaryImageOfPage\":{\"@id\":\"https:\/\/blog.holyart.it\/fr\/articles-religieux\/sainte-brigitte-de-suede-co-patronne-de-leurope\/#primaryimage\"},\"image\":{\"@id\":\"https:\/\/blog.holyart.it\/fr\/articles-religieux\/sainte-brigitte-de-suede-co-patronne-de-leurope\/#primaryimage\"},\"thumbnailUrl\":\"https:\/\/blog.holyart.it\/fr\/wp-content\/uploads\/sites\/14\/2023\/07\/Sainte-Brigitte-de-Suede.jpeg\",\"datePublished\":\"2023-07-19T08:00:46+00:00\",\"dateModified\":\"2025-07-07T10:05:09+00:00\",\"description\":\"Mystique et d\u00e9vou\u00e9e \u00e0 Christ, Sainte Brigitte de Su\u00e8de guida avec ses R\u00e9v\u00e9lations et sa sagesse le destin de son temps.\",\"breadcrumb\":{\"@id\":\"https:\/\/blog.holyart.it\/fr\/articles-religieux\/sainte-brigitte-de-suede-co-patronne-de-leurope\/#breadcrumb\"},\"inLanguage\":\"fr-FR\",\"potentialAction\":[{\"@type\":\"ReadAction\",\"target\":[\"https:\/\/blog.holyart.it\/fr\/articles-religieux\/sainte-brigitte-de-suede-co-patronne-de-leurope\/\"]}]},{\"@type\":\"ImageObject\",\"inLanguage\":\"fr-FR\",\"@id\":\"https:\/\/blog.holyart.it\/fr\/articles-religieux\/sainte-brigitte-de-suede-co-patronne-de-leurope\/#primaryimage\",\"url\":\"https:\/\/blog.holyart.it\/fr\/wp-content\/uploads\/sites\/14\/2023\/07\/Sainte-Brigitte-de-Suede.jpeg\",\"contentUrl\":\"https:\/\/blog.holyart.it\/fr\/wp-content\/uploads\/sites\/14\/2023\/07\/Sainte-Brigitte-de-Suede.jpeg\",\"width\":1000,\"height\":666},{\"@type\":\"BreadcrumbList\",\"@id\":\"https:\/\/blog.holyart.it\/fr\/articles-religieux\/sainte-brigitte-de-suede-co-patronne-de-leurope\/#breadcrumb\",\"itemListElement\":[{\"@type\":\"ListItem\",\"position\":1,\"name\":\"Homepage\",\"item\":\"https:\/\/blog.holyart.it\/fr\/\"},{\"@type\":\"ListItem\",\"position\":2,\"name\":\"Religion\",\"item\":\"https:\/\/blog.holyart.it\/fr\/articles-religieux\/\"},{\"@type\":\"ListItem\",\"position\":3,\"name\":\"Sainte Brigitte de Su\u00e8de, co-patronne de l\u2019Europe\"}]},{\"@type\":\"WebSite\",\"@id\":\"https:\/\/blog.holyart.it\/fr\/#website\",\"url\":\"https:\/\/blog.holyart.it\/fr\/\",\"name\":\"Holyart.fr Blog\",\"description\":\"Holyblog\",\"publisher\":{\"@id\":\"https:\/\/blog.holyart.it\/fr\/#organization\"},\"potentialAction\":[{\"@type\":\"SearchAction\",\"target\":{\"@type\":\"EntryPoint\",\"urlTemplate\":\"https:\/\/blog.holyart.it\/fr\/?s={search_term_string}\"},\"query-input\":{\"@type\":\"PropertyValueSpecification\",\"valueRequired\":true,\"valueName\":\"search_term_string\"}}],\"inLanguage\":\"fr-FR\"},{\"@type\":\"Organization\",\"@id\":\"https:\/\/blog.holyart.it\/fr\/#organization\",\"name\":\"Holyart.fr Blog\",\"url\":\"https:\/\/blog.holyart.it\/fr\/\",\"logo\":{\"@type\":\"ImageObject\",\"inLanguage\":\"fr-FR\",\"@id\":\"https:\/\/blog.holyart.it\/fr\/#\/schema\/logo\/image\/\",\"url\":\"https:\/\/blog.holyart.it\/fr\/wp-content\/uploads\/sites\/14\/2022\/12\/Holyart_Blog_Logo.jpg\",\"contentUrl\":\"https:\/\/blog.holyart.it\/fr\/wp-content\/uploads\/sites\/14\/2022\/12\/Holyart_Blog_Logo.jpg\",\"width\":300,\"height\":50,\"caption\":\"Holyart.fr Blog\"},\"image\":{\"@id\":\"https:\/\/blog.holyart.it\/fr\/#\/schema\/logo\/image\/\"}},{\"@type\":\"Person\",\"@id\":\"https:\/\/blog.holyart.it\/fr\/#\/schema\/person\/0a7b686e5af0f856ec1e390dd0baecda\",\"name\":\"Redazione\",\"image\":{\"@type\":\"ImageObject\",\"inLanguage\":\"fr-FR\",\"@id\":\"https:\/\/blog.holyart.it\/fr\/#\/schema\/person\/image\/\",\"url\":\"https:\/\/secure.gravatar.com\/avatar\/f477da817f43e50d0af36abecd33e3edf826c68299714bdc1057dff3b113f516?s=96&d=mm&r=g\",\"contentUrl\":\"https:\/\/secure.gravatar.com\/avatar\/f477da817f43e50d0af36abecd33e3edf826c68299714bdc1057dff3b113f516?s=96&d=mm&r=g\",\"caption\":\"Redazione\"},\"url\":\"https:\/\/blog.holyart.it\/fr\/author\/admin\/\"}]}<\/script>\n<!-- \/ Yoast SEO plugin. -->","yoast_head_json":{"title":"Sainte Brigitte de Su\u00e8de, co-patronne de l\u2019Europe - Holyart.fr Blog","description":"Mystique et d\u00e9vou\u00e9e \u00e0 Christ, Sainte Brigitte de Su\u00e8de guida avec ses R\u00e9v\u00e9lations et sa sagesse le destin de son temps.","robots":{"index":"index","follow":"follow","max-snippet":"max-snippet:-1","max-image-preview":"max-image-preview:large","max-video-preview":"max-video-preview:-1"},"canonical":"https:\/\/blog.holyart.it\/fr\/articles-religieux\/sainte-brigitte-de-suede-co-patronne-de-leurope\/","og_locale":"fr_FR","og_type":"article","og_title":"Sainte Brigitte de Su\u00e8de, co-patronne de l\u2019Europe - Holyart.fr Blog","og_description":"Mystique et d\u00e9vou\u00e9e \u00e0 Christ, Sainte Brigitte de Su\u00e8de guida avec ses R\u00e9v\u00e9lations et sa sagesse le destin de son temps.","og_url":"https:\/\/blog.holyart.it\/fr\/articles-religieux\/sainte-brigitte-de-suede-co-patronne-de-leurope\/","og_site_name":"Holyart.fr Blog","article_published_time":"2023-07-19T08:00:46+00:00","article_modified_time":"2025-07-07T10:05:09+00:00","og_image":[{"width":1000,"height":666,"url":"https:\/\/blog.holyart.it\/fr\/wp-content\/uploads\/sites\/14\/2023\/07\/Sainte-Brigitte-de-Suede.jpeg","type":"image\/jpeg"}],"author":"Redazione","twitter_card":"summary_large_image","twitter_misc":{"\u00c9crit par":"Redazione","Dur\u00e9e de lecture estim\u00e9e":"8 minutes"},"schema":{"@context":"https:\/\/schema.org","@graph":[{"@type":"Article","@id":"https:\/\/blog.holyart.it\/fr\/articles-religieux\/sainte-brigitte-de-suede-co-patronne-de-leurope\/#article","isPartOf":{"@id":"https:\/\/blog.holyart.it\/fr\/articles-religieux\/sainte-brigitte-de-suede-co-patronne-de-leurope\/"},"author":{"name":"Redazione","@id":"https:\/\/blog.holyart.it\/fr\/#\/schema\/person\/0a7b686e5af0f856ec1e390dd0baecda"},"headline":"Sainte Brigitte de Su\u00e8de, co-patronne de l\u2019Europe","datePublished":"2023-07-19T08:00:46+00:00","dateModified":"2025-07-07T10:05:09+00:00","mainEntityOfPage":{"@id":"https:\/\/blog.holyart.it\/fr\/articles-religieux\/sainte-brigitte-de-suede-co-patronne-de-leurope\/"},"wordCount":1368,"publisher":{"@id":"https:\/\/blog.holyart.it\/fr\/#organization"},"image":{"@id":"https:\/\/blog.holyart.it\/fr\/articles-religieux\/sainte-brigitte-de-suede-co-patronne-de-leurope\/#primaryimage"},"thumbnailUrl":"https:\/\/blog.holyart.it\/fr\/wp-content\/uploads\/sites\/14\/2023\/07\/Sainte-Brigitte-de-Suede.jpeg","articleSection":["Religion"],"inLanguage":"fr-FR"},{"@type":"WebPage","@id":"https:\/\/blog.holyart.it\/fr\/articles-religieux\/sainte-brigitte-de-suede-co-patronne-de-leurope\/","url":"https:\/\/blog.holyart.it\/fr\/articles-religieux\/sainte-brigitte-de-suede-co-patronne-de-leurope\/","name":"Sainte Brigitte de Su\u00e8de, co-patronne de l\u2019Europe - Holyart.fr Blog","isPartOf":{"@id":"https:\/\/blog.holyart.it\/fr\/#website"},"primaryImageOfPage":{"@id":"https:\/\/blog.holyart.it\/fr\/articles-religieux\/sainte-brigitte-de-suede-co-patronne-de-leurope\/#primaryimage"},"image":{"@id":"https:\/\/blog.holyart.it\/fr\/articles-religieux\/sainte-brigitte-de-suede-co-patronne-de-leurope\/#primaryimage"},"thumbnailUrl":"https:\/\/blog.holyart.it\/fr\/wp-content\/uploads\/sites\/14\/2023\/07\/Sainte-Brigitte-de-Suede.jpeg","datePublished":"2023-07-19T08:00:46+00:00","dateModified":"2025-07-07T10:05:09+00:00","description":"Mystique et d\u00e9vou\u00e9e \u00e0 Christ, Sainte Brigitte de Su\u00e8de guida avec ses R\u00e9v\u00e9lations et sa sagesse le destin de son temps.","breadcrumb":{"@id":"https:\/\/blog.holyart.it\/fr\/articles-religieux\/sainte-brigitte-de-suede-co-patronne-de-leurope\/#breadcrumb"},"inLanguage":"fr-FR","potentialAction":[{"@type":"ReadAction","target":["https:\/\/blog.holyart.it\/fr\/articles-religieux\/sainte-brigitte-de-suede-co-patronne-de-leurope\/"]}]},{"@type":"ImageObject","inLanguage":"fr-FR","@id":"https:\/\/blog.holyart.it\/fr\/articles-religieux\/sainte-brigitte-de-suede-co-patronne-de-leurope\/#primaryimage","url":"https:\/\/blog.holyart.it\/fr\/wp-content\/uploads\/sites\/14\/2023\/07\/Sainte-Brigitte-de-Suede.jpeg","contentUrl":"https:\/\/blog.holyart.it\/fr\/wp-content\/uploads\/sites\/14\/2023\/07\/Sainte-Brigitte-de-Suede.jpeg","width":1000,"height":666},{"@type":"BreadcrumbList","@id":"https:\/\/blog.holyart.it\/fr\/articles-religieux\/sainte-brigitte-de-suede-co-patronne-de-leurope\/#breadcrumb","itemListElement":[{"@type":"ListItem","position":1,"name":"Homepage","item":"https:\/\/blog.holyart.it\/fr\/"},{"@type":"ListItem","position":2,"name":"Religion","item":"https:\/\/blog.holyart.it\/fr\/articles-religieux\/"},{"@type":"ListItem","position":3,"name":"Sainte Brigitte de Su\u00e8de, co-patronne de l\u2019Europe"}]},{"@type":"WebSite","@id":"https:\/\/blog.holyart.it\/fr\/#website","url":"https:\/\/blog.holyart.it\/fr\/","name":"Holyart.fr Blog","description":"Holyblog","publisher":{"@id":"https:\/\/blog.holyart.it\/fr\/#organization"},"potentialAction":[{"@type":"SearchAction","target":{"@type":"EntryPoint","urlTemplate":"https:\/\/blog.holyart.it\/fr\/?s={search_term_string}"},"query-input":{"@type":"PropertyValueSpecification","valueRequired":true,"valueName":"search_term_string"}}],"inLanguage":"fr-FR"},{"@type":"Organization","@id":"https:\/\/blog.holyart.it\/fr\/#organization","name":"Holyart.fr Blog","url":"https:\/\/blog.holyart.it\/fr\/","logo":{"@type":"ImageObject","inLanguage":"fr-FR","@id":"https:\/\/blog.holyart.it\/fr\/#\/schema\/logo\/image\/","url":"https:\/\/blog.holyart.it\/fr\/wp-content\/uploads\/sites\/14\/2022\/12\/Holyart_Blog_Logo.jpg","contentUrl":"https:\/\/blog.holyart.it\/fr\/wp-content\/uploads\/sites\/14\/2022\/12\/Holyart_Blog_Logo.jpg","width":300,"height":50,"caption":"Holyart.fr Blog"},"image":{"@id":"https:\/\/blog.holyart.it\/fr\/#\/schema\/logo\/image\/"}},{"@type":"Person","@id":"https:\/\/blog.holyart.it\/fr\/#\/schema\/person\/0a7b686e5af0f856ec1e390dd0baecda","name":"Redazione","image":{"@type":"ImageObject","inLanguage":"fr-FR","@id":"https:\/\/blog.holyart.it\/fr\/#\/schema\/person\/image\/","url":"https:\/\/secure.gravatar.com\/avatar\/f477da817f43e50d0af36abecd33e3edf826c68299714bdc1057dff3b113f516?s=96&d=mm&r=g","contentUrl":"https:\/\/secure.gravatar.com\/avatar\/f477da817f43e50d0af36abecd33e3edf826c68299714bdc1057dff3b113f516?s=96&d=mm&r=g","caption":"Redazione"},"url":"https:\/\/blog.holyart.it\/fr\/author\/admin\/"}]}},"_links":{"self":[{"href":"https:\/\/blog.holyart.it\/fr\/wp-json\/wp\/v2\/posts\/6634","targetHints":{"allow":["GET"]}}],"collection":[{"href":"https:\/\/blog.holyart.it\/fr\/wp-json\/wp\/v2\/posts"}],"about":[{"href":"https:\/\/blog.holyart.it\/fr\/wp-json\/wp\/v2\/types\/post"}],"author":[{"embeddable":true,"href":"https:\/\/blog.holyart.it\/fr\/wp-json\/wp\/v2\/users\/1"}],"replies":[{"embeddable":true,"href":"https:\/\/blog.holyart.it\/fr\/wp-json\/wp\/v2\/comments?post=6634"}],"version-history":[{"count":3,"href":"https:\/\/blog.holyart.it\/fr\/wp-json\/wp\/v2\/posts\/6634\/revisions"}],"predecessor-version":[{"id":6643,"href":"https:\/\/blog.holyart.it\/fr\/wp-json\/wp\/v2\/posts\/6634\/revisions\/6643"}],"wp:featuredmedia":[{"embeddable":true,"href":"https:\/\/blog.holyart.it\/fr\/wp-json\/wp\/v2\/media\/6640"}],"wp:attachment":[{"href":"https:\/\/blog.holyart.it\/fr\/wp-json\/wp\/v2\/media?parent=6634"}],"wp:term":[{"taxonomy":"category","embeddable":true,"href":"https:\/\/blog.holyart.it\/fr\/wp-json\/wp\/v2\/categories?post=6634"},{"taxonomy":"post_tag","embeddable":true,"href":"https:\/\/blog.holyart.it\/fr\/wp-json\/wp\/v2\/tags?post=6634"}],"curies":[{"name":"wp","href":"https:\/\/api.w.org\/{rel}","templated":true}]}}