{"id":6624,"date":"2023-07-17T10:00:24","date_gmt":"2023-07-17T08:00:24","guid":{"rendered":"https:\/\/blog.holyart.it\/fr\/?p=6624"},"modified":"2026-02-25T10:03:22","modified_gmt":"2026-02-25T09:03:22","slug":"les-noces-de-cana-explication-miracle-et-message","status":"publish","type":"post","link":"https:\/\/blog.holyart.it\/fr\/articles-religieux\/les-noces-de-cana-explication-miracle-et-message\/","title":{"rendered":"Les noces de Cana : explication, miracle et message"},"content":{"rendered":"<h4>Les Noces de Cana racontent le premier miracle accompli par J\u00e9sus. Voyons quel message cache ce r\u00e9cit.<\/h4>\n<p>L\u2019\u00e9vang\u00e9liste Jean nous raconte dans son \u00c9vangile le premier miracle que J\u00e9sus aurait accompli. Connu comme le <a href=\"https:\/\/www.holyart.fr\/articles-religieux\/bas-reliefs\/bas-reliefs-en-pierre\/bas-relief-des-noces-de-cana-monastere-bethleem\"><strong>miracle des Noces de Cana<\/strong><\/a>, il serait plus appropri\u00e9 de l\u2019appeler <strong>La transformation de l\u2019eau en vin<\/strong>.<br \/>\nNous connaissons tous l\u2019histoire, racont\u00e9 dans Jean 2,1-12 : J\u00e9sus avait pris part avec certains disciples et Sa m\u00e8re Marie \u00e0 une f\u00eate nuptiale \u00e0 Cana de Galil\u00e9e et, \u00e0 un moment donn\u00e9, \u00e9tant le vin \u00e9puis\u00e9, il fit apporter six r\u00e9cipients remplis d\u2019eau et les transforma en vin.<\/p>\n<div class=\"link-product\">\n<div class=\"blocco-immagine\"><img loading=\"lazy\" decoding=\"async\" class=\"size-full wp-image-6625 alignleft\" src=\"https:\/\/blog.holyart.it\/fr\/wp-content\/uploads\/sites\/14\/2023\/07\/Bas-relief-des-Noces-de-Cana.jpg\" alt=\"Bas-relief des Noces de Cana\" width=\"100\" height=\"100\" data-kale-share-title=\"Les noces de Cana : explication, miracle et message\" data-kale-share-url=\"https:\/\/blog.holyart.it\/fr\/?p=6624\" \/><\/div>\n<div class=\"blocco-contenuto\">\n<div class=\"blocco-acquista\">Acheter sur Holyart:<\/div>\n<div class=\"blocco-titolo\"><a href=\"https:\/\/www.holyart.fr\/articles-religieux\/bas-reliefs\/bas-reliefs-en-pierre\/bas-relief-des-noces-de-cana-monastere-bethleem\">Bas-relief des Noces de Cana monast\u00e8re Bethl\u00e9em<\/a><\/div>\n<div class=\"blocco-descrizione\">Cette image est r\u00e9alis\u00e9e par les soeurs du monast\u00e8re de B\u00e9thl\u00e9em, dans l&rsquo;Atelier d&rsquo;Ar St. Bruno.<\/div>\n<\/div>\n<\/div>\n<h2>Miracle des noces de Cana<\/h2>\n<p><em>\u201cTrois jours apr\u00e8s, il y eut des noces \u00e0 Cana en Galil\u00e9e. La m\u00e8re de J\u00e9sus \u00e9tait l\u00e0, et J\u00e9sus fut aussi invit\u00e9 aux noces avec ses disciples. Le vin ayant manqu\u00e9, la m\u00e8re de J\u00e9sus lui dit : Ils n\u2019ont plus de vin. J\u00e9sus lui r\u00e9pondit : Femme, qu\u2019y a-t-il entre moi et toi ? Mon heure n\u2019est pas encore venue. Sa m\u00e8re dit aux serviteurs : Faites ce qu\u2019il vous dira. Or, il y avait l\u00e0 six vases de pierre, destin\u00e9s aux purifications des Juifs, et contenant chacun deux ou trois mesures. J\u00e9sus leur dit : Remplissez d\u2019eau ces vases. Et ils les remplirent jusqu\u2019au bord. Puisez maintenant, leur dit-il, et portez-en \u00e0 l\u2019ordonnateur du repas. Et ils en port\u00e8rent. Quand l\u2019ordonnateur du repas eut go\u00fbt\u00e9 l\u2019eau chang\u00e9e en vin, &#8211; ne sachant d\u2019o\u00f9 venait ce vin, tandis que les serviteurs, qui avaient puis\u00e9 l\u2019eau, le savaient bien, &#8211; il appela l\u2019\u00e9poux, et lui dit\u00a0: Tout homme sert d\u2019abord le bon vin, puis le moins bon apr\u00e8s qu\u2019on s\u2019est enivr\u00e9\u00a0; toi, tu as gard\u00e9 le bon vin jusqu\u2019\u00e0 pr\u00e9sent.\u00a0\u00bb <\/em>(Jean 2,1-10)<\/p>\n<p>Les symbolismes et les messages doctrinaux cach\u00e9s dans ce simple r\u00e9cit sont nombreux et vari\u00e9s, \u00e0 tel point que pendant des si\u00e8cles le r\u00e9cit des noces de Cana a fait l\u2019objet de dissertations de la part de th\u00e9ologiens et religieux.<\/p>\n<p>Tout d\u2019abord, la pr\u00e9sence de J\u00e9sus \u00e0 un banquet nuptial a \u00e9t\u00e9 interpr\u00e9t\u00e9e par beaucoup comme le moment de l\u2019<a href=\"https:\/\/www.holyart.fr\/blog\/occasions-speciales\/mariage-catholique\/\"><strong>institution du Sacrement du mariage<\/strong><\/a>, puisque Sa pr\u00e9sence en ce jour et en ce lieu aurait sanctifi\u00e9 l\u2019union entre \u00e9poux et \u00e9pouse aux yeux de Dieu.<\/p>\n<div class=\"link-article\">\n<p><img loading=\"lazy\" decoding=\"async\" class=\"size-full wp-image-6626 alignleft\" src=\"https:\/\/blog.holyart.it\/fr\/wp-content\/uploads\/sites\/14\/2023\/07\/Comment-organiser-un-mariage-catholique.jpg\" alt=\"Comment organiser un mariage catholique\" width=\"150\" height=\"99\" data-kale-share-title=\"Les noces de Cana : explication, miracle et message\" data-kale-share-url=\"https:\/\/blog.holyart.it\/fr\/?p=6624\" \/><\/p>\n<div class=\"leggi-anche\">Lire aussi :<\/div>\n<p><strong><a href=\"https:\/\/www.holyart.fr\/blog\/occasions-speciales\/mariage-catholique\/\">Comment organiser un mariage catholique<\/a><\/strong><br \/>\nEn effet, le mariage est un des sept sacrements et consacre un pas fondamental et irr\u00e9versible non seulement dans la vie&#8230;<\/p>\n<\/div>\n<p>Autre aspect tr\u00e8s important de cet \u00e9pisode \u00e9vang\u00e9lique est <strong>le r\u00f4le rev\u00eatu par la Vierge Marie<\/strong>. Marie interc\u00e8de aupr\u00e8s du Fils, en lui faisant remarquer que les convives ont termin\u00e9s le vin et, de cette mani\u00e8re, se fait porteuse d\u2019une supplication commune de la part des hommes vis-\u00e0-vis de J\u00e9sus. Pour la premi\u00e8re fois la Vierge arr\u00eate d\u2019\u00eatre simplement une m\u00e8re et se fait <strong>porte-parole de l\u2019humanit\u00e9<\/strong> aupr\u00e8s de Son Fils, en instruisant les pr\u00e9sents \u00e0 suivre Sa parole en s\u2019abandonnant \u00e0 elle en toute confiance\u00a0: \u00ab\u00a0<em>Faites ce qu\u2019Il vous dira<\/em>\u00a0\u00bb.<\/p>\n<p>La pr\u00e9sence de Marie au miracle des Noces de Cana a une signification encore plus profonde. Il s\u2019agit en effet du premier des <strong>Sept Signes<\/strong>, les sept miracles que dans l\u2019\u00c9vangile de Jean racontent le parcours entrepris par J\u00e9sus afin de montrer aux disciples Ses pouvoirs et ce \u00e0 quoi il est destin\u00e9, avant d\u2019arriver \u00e0 la C\u00e8ne, \u00e0 la Passion et \u00e0 la mort. En lisant les \u00c9critures, il est facile de remarquer que les occasions o\u00f9 J\u00e9sus utilise son pouvoir pour gu\u00e9rir, soigner et lib\u00e9rer du d\u00e9mon sont plus nombreuses. Jean choisit de raconter seulement sept \u00e9pisodes :<\/p>\n<ol>\n<li>les <a href=\"https:\/\/www.holyart.fr\/occasions-speciales\/paques-et-careme\/creche-de-paques\/scene-vie-de-jesus-noces-de-cana-9-cm\"><strong>Noces de Cana en Galil\u00e9e<\/strong><\/a> ;<\/li>\n<li>la gu\u00e9rison du fils du capitaine ;<\/li>\n<li>la gu\u00e9rison du malade de trente-huit ans \u00e0 B\u00e9thesda ;<\/li>\n<li>la <a href=\"https:\/\/www.holyart.fr\/accessoires-pour-la-liturgie\/mobilier-deglise\/tabernacles\/tabernacle-dautel-resurrection-bois-porte-laiton\"><strong>multiplication des pains<\/strong><\/a> ;<\/li>\n<li>J\u00e9sus qui marche sur l\u2019eau ;<\/li>\n<li>la gu\u00e9rison de l\u2019aveugle-n\u00e9 ;<\/li>\n<li>la r\u00e9surrection de Lazare.<\/li>\n<\/ol>\n<p>Au premier de ces signes la M\u00e8re de J\u00e9sus est pr\u00e9sente et Il semble en prendre ses distances quand elle s\u2019adresse \u00e0 Lui en cherchant de l\u2019aide et la traiter avec malveillance. \u00ab\u00a0<em>Femme, qu\u2019y a-t-il entre moi et toi ? Mon heure n\u2019est pas encore venue<\/em>\u00a0\u00bb. Mais la Vierge ne se laisse pas offusquer par ces paroles et confirme aux serviteurs : \u00ab\u00a0<em>Faites ce qu\u2019Il vous dira<\/em>\u00a0\u00bb (Jean 2,3-5). Marie sait que Son Fils est sp\u00e9cial, qu\u2019il est destin\u00e9 \u00e0 des grandes choses. Et J\u00e9sus sait que d\u00e9sormais il est temps pour Lui de se d\u00e9tacher de Sa m\u00e8re afin d\u2019embrasser le destin que Dieu a en r\u00e9serve pour Lui. Le fait que ce jour-l\u00e0 il soit invit\u00e9 avec ses disciples est d\u00e9j\u00e0 significatif du fait que <strong>Sa mission a commenc\u00e9<\/strong>. Les disciples sont Sa <strong>nouvelle famille<\/strong>, qui l\u2019accompagnera jusqu\u2019\u00e0 Son destin et au sacrifice final. Aux Noces de Cana J\u00e9sus s\u2019offre pour la premi\u00e8re fois au nom de l\u2019<strong>Alliance entre Dieu et les hommes <\/strong>qu\u2019Il est venu renouveler.<\/p>\n<div class=\"link-product\">\n<div class=\"blocco-immagine\"><img loading=\"lazy\" decoding=\"async\" class=\"size-full wp-image-6627 alignleft\" src=\"https:\/\/blog.holyart.it\/fr\/wp-content\/uploads\/sites\/14\/2023\/07\/Tabernacle-dautel-resurrection.jpg\" alt=\"Tabernacle d'autel resurrection\" width=\"100\" height=\"100\" data-kale-share-title=\"Les noces de Cana : explication, miracle et message\" data-kale-share-url=\"https:\/\/blog.holyart.it\/fr\/?p=6624\" \/><\/div>\n<div class=\"blocco-contenuto\">\n<div class=\"blocco-acquista\">Acheter sur Holyart:<\/div>\n<div class=\"blocco-titolo\"><a href=\"https:\/\/www.holyart.fr\/accessoires-pour-la-liturgie\/mobilier-deglise\/tabernacles\/tabernacle-dautel-resurrection-bois-porte-laiton\">Tabernacle d&rsquo;autel r\u00e9surrection bois porte laiton <\/a><\/div>\n<div class=\"blocco-descrizione\">Il est un produit d&rsquo;haute qualit\u00e9 compl\u00e8tement r\u00e9alis\u00e9 en Italie par des artisans avec une longue exp\u00e9rience.<\/div>\n<\/div>\n<\/div>\n<p>Nous devons enfin consid\u00e9rer le <strong>symbolisme li\u00e9 au vin<\/strong>, qui pour les Juifs \u00e9tait un \u00e9l\u00e9ment tr\u00e8s important, symbole <strong>de joie et de sacralit\u00e9<\/strong> en m\u00eame temps, \u00e9l\u00e9ments qui ne peuvent pas manquer lors d\u2019un mariage. Non seulement J\u00e9sus transforme en vin l\u2019eau destin\u00e9e \u00e0 la purification rituelle, et non pas de l\u2019eau commune, et la transforme en un excellent vin, le meilleur.<\/p>\n<h2>Tableau des Noces de Cana de V\u00e9ron\u00e8se<\/h2>\n<p>&nbsp;<\/p>\n<figure id=\"attachment_6628\" aria-describedby=\"caption-attachment-6628\" style=\"width: 1000px\" class=\"wp-caption aligncenter\"><img loading=\"lazy\" decoding=\"async\" class=\"wp-image-6628 size-full\" src=\"https:\/\/blog.holyart.it\/fr\/wp-content\/uploads\/sites\/14\/2023\/07\/Tableau-des-Noces-de-Cana-de-Veronese.jpeg\" alt=\"Tableau des Noces de Cana de Veronese\" width=\"1000\" height=\"661\" data-kale-share-title=\"Les noces de Cana : explication, miracle et message\" data-kale-share-url=\"https:\/\/blog.holyart.it\/fr\/?p=6624\" \/><figcaption id=\"caption-attachment-6628\" class=\"wp-caption-text\">Noces de Cana &#8211; V\u00e9ron\u00e8se<\/figcaption><\/figure>\n<p>Les Noces de Cana ont inspir\u00e9 de nombreux artistes au cours des si\u00e8cles. Nous citons ici le tableau homonyme r\u00e9alis\u00e9 par le V\u00e9ron\u00e8se en 1563 et conserv\u00e9 aujourd\u2019hui au mus\u00e9e du Louvre \u00e0 Paris. Il repr\u00e9sente l\u2019\u00e9pisode de la transformation de l\u2019eau en vin avec une sc\u00e8ne riche en d\u00e9tails dans un d\u00e9cor qui m\u00e9lange des \u00e9l\u00e9ments li\u00e9s \u00e0 l\u2019\u00e9poque des faits et d\u2019autres contemporains \u00e0 l\u2019artiste. Les convives du banquet portent des v\u00eatements de la fin de la Renaissance, aux couleurs brillantes, il y a des musiciens en train de jouer des instruments modernes et beaucoup des personnages sont repr\u00e9sent\u00e9s avec les traits de personnes historiques c\u00e9l\u00e8bres, outre \u00e0 l\u2019artiste en personne.<\/p>\n","protected":false},"excerpt":{"rendered":"<p>Les Noces de Cana racontent le premier miracle accompli par J\u00e9sus. Voyons quel message cache ce r\u00e9cit. L\u2019\u00e9vang\u00e9liste Jean nous raconte dans son \u00c9vangile le premier miracle que J\u00e9sus aurait accompli. Connu comme le miracle des Noces de Cana, il serait plus appropri\u00e9 de l\u2019appeler&hellip;<\/p>\n","protected":false},"author":1,"featured_media":6630,"comment_status":"closed","ping_status":"open","sticky":false,"template":"","format":"standard","meta":{"_acf_changed":false,"footnotes":""},"categories":[8],"tags":[],"class_list":["post-6624","post","type-post","status-publish","format-standard","has-post-thumbnail","hentry","category-articles-religieux"],"acf":[],"yoast_head":"<!-- This site is optimized with the Yoast SEO plugin v26.6 - https:\/\/yoast.com\/wordpress\/plugins\/seo\/ -->\n<title>Les noces de Cana : explication, miracle et message - Holyart.fr Blog<\/title>\n<meta name=\"description\" content=\"Le miracle des noces de Cana ouvre la mission terrestre de J\u00e9sus et inaugure la Nouvelle Alliance qu\u2019il incarne et qu\u2019il accomplira avec Sa mort.\" \/>\n<meta name=\"robots\" content=\"index, follow, max-snippet:-1, max-image-preview:large, max-video-preview:-1\" \/>\n<link rel=\"canonical\" href=\"https:\/\/blog.holyart.it\/fr\/articles-religieux\/les-noces-de-cana-explication-miracle-et-message\/\" \/>\n<meta property=\"og:locale\" content=\"fr_FR\" \/>\n<meta property=\"og:type\" content=\"article\" \/>\n<meta property=\"og:title\" content=\"Les noces de Cana : explication, miracle et message - Holyart.fr Blog\" \/>\n<meta property=\"og:description\" content=\"Le miracle des noces de Cana ouvre la mission terrestre de J\u00e9sus et inaugure la Nouvelle Alliance qu\u2019il incarne et qu\u2019il accomplira avec Sa mort.\" \/>\n<meta property=\"og:url\" content=\"https:\/\/blog.holyart.it\/fr\/articles-religieux\/les-noces-de-cana-explication-miracle-et-message\/\" \/>\n<meta property=\"og:site_name\" content=\"Holyart.fr Blog\" \/>\n<meta property=\"article:published_time\" content=\"2023-07-17T08:00:24+00:00\" \/>\n<meta property=\"article:modified_time\" content=\"2026-02-25T09:03:22+00:00\" \/>\n<meta property=\"og:image\" content=\"https:\/\/blog.holyart.it\/fr\/wp-content\/uploads\/sites\/14\/2023\/07\/Les-noces-de-Cana.jpg\" \/>\n\t<meta property=\"og:image:width\" content=\"1000\" \/>\n\t<meta property=\"og:image:height\" content=\"666\" \/>\n\t<meta property=\"og:image:type\" content=\"image\/jpeg\" \/>\n<meta name=\"author\" content=\"Redazione\" \/>\n<meta name=\"twitter:card\" content=\"summary_large_image\" \/>\n<meta name=\"twitter:label1\" content=\"\u00c9crit par\" \/>\n\t<meta name=\"twitter:data1\" content=\"Redazione\" \/>\n\t<meta name=\"twitter:label2\" content=\"Dur\u00e9e de lecture estim\u00e9e\" \/>\n\t<meta name=\"twitter:data2\" content=\"7 minutes\" \/>\n<script type=\"application\/ld+json\" class=\"yoast-schema-graph\">{\"@context\":\"https:\/\/schema.org\",\"@graph\":[{\"@type\":\"Article\",\"@id\":\"https:\/\/blog.holyart.it\/fr\/articles-religieux\/les-noces-de-cana-explication-miracle-et-message\/#article\",\"isPartOf\":{\"@id\":\"https:\/\/blog.holyart.it\/fr\/articles-religieux\/les-noces-de-cana-explication-miracle-et-message\/\"},\"author\":{\"name\":\"Redazione\",\"@id\":\"https:\/\/blog.holyart.it\/fr\/#\/schema\/person\/0a7b686e5af0f856ec1e390dd0baecda\"},\"headline\":\"Les noces de Cana : explication, miracle et message\",\"datePublished\":\"2023-07-17T08:00:24+00:00\",\"dateModified\":\"2026-02-25T09:03:22+00:00\",\"mainEntityOfPage\":{\"@id\":\"https:\/\/blog.holyart.it\/fr\/articles-religieux\/les-noces-de-cana-explication-miracle-et-message\/\"},\"wordCount\":1197,\"publisher\":{\"@id\":\"https:\/\/blog.holyart.it\/fr\/#organization\"},\"image\":{\"@id\":\"https:\/\/blog.holyart.it\/fr\/articles-religieux\/les-noces-de-cana-explication-miracle-et-message\/#primaryimage\"},\"thumbnailUrl\":\"https:\/\/blog.holyart.it\/fr\/wp-content\/uploads\/sites\/14\/2023\/07\/Les-noces-de-Cana.jpg\",\"articleSection\":[\"Religion\"],\"inLanguage\":\"fr-FR\"},{\"@type\":\"WebPage\",\"@id\":\"https:\/\/blog.holyart.it\/fr\/articles-religieux\/les-noces-de-cana-explication-miracle-et-message\/\",\"url\":\"https:\/\/blog.holyart.it\/fr\/articles-religieux\/les-noces-de-cana-explication-miracle-et-message\/\",\"name\":\"Les noces de Cana : explication, miracle et message - Holyart.fr Blog\",\"isPartOf\":{\"@id\":\"https:\/\/blog.holyart.it\/fr\/#website\"},\"primaryImageOfPage\":{\"@id\":\"https:\/\/blog.holyart.it\/fr\/articles-religieux\/les-noces-de-cana-explication-miracle-et-message\/#primaryimage\"},\"image\":{\"@id\":\"https:\/\/blog.holyart.it\/fr\/articles-religieux\/les-noces-de-cana-explication-miracle-et-message\/#primaryimage\"},\"thumbnailUrl\":\"https:\/\/blog.holyart.it\/fr\/wp-content\/uploads\/sites\/14\/2023\/07\/Les-noces-de-Cana.jpg\",\"datePublished\":\"2023-07-17T08:00:24+00:00\",\"dateModified\":\"2026-02-25T09:03:22+00:00\",\"description\":\"Le miracle des noces de Cana ouvre la mission terrestre de J\u00e9sus et inaugure la Nouvelle Alliance qu\u2019il incarne et qu\u2019il accomplira avec Sa mort.\",\"breadcrumb\":{\"@id\":\"https:\/\/blog.holyart.it\/fr\/articles-religieux\/les-noces-de-cana-explication-miracle-et-message\/#breadcrumb\"},\"inLanguage\":\"fr-FR\",\"potentialAction\":[{\"@type\":\"ReadAction\",\"target\":[\"https:\/\/blog.holyart.it\/fr\/articles-religieux\/les-noces-de-cana-explication-miracle-et-message\/\"]}]},{\"@type\":\"ImageObject\",\"inLanguage\":\"fr-FR\",\"@id\":\"https:\/\/blog.holyart.it\/fr\/articles-religieux\/les-noces-de-cana-explication-miracle-et-message\/#primaryimage\",\"url\":\"https:\/\/blog.holyart.it\/fr\/wp-content\/uploads\/sites\/14\/2023\/07\/Les-noces-de-Cana.jpg\",\"contentUrl\":\"https:\/\/blog.holyart.it\/fr\/wp-content\/uploads\/sites\/14\/2023\/07\/Les-noces-de-Cana.jpg\",\"width\":1000,\"height\":666,\"caption\":\"Les noces de Cana\"},{\"@type\":\"BreadcrumbList\",\"@id\":\"https:\/\/blog.holyart.it\/fr\/articles-religieux\/les-noces-de-cana-explication-miracle-et-message\/#breadcrumb\",\"itemListElement\":[{\"@type\":\"ListItem\",\"position\":1,\"name\":\"Homepage\",\"item\":\"https:\/\/blog.holyart.it\/fr\/\"},{\"@type\":\"ListItem\",\"position\":2,\"name\":\"Religion\",\"item\":\"https:\/\/blog.holyart.it\/fr\/articles-religieux\/\"},{\"@type\":\"ListItem\",\"position\":3,\"name\":\"Les noces de Cana : explication, miracle et message\"}]},{\"@type\":\"WebSite\",\"@id\":\"https:\/\/blog.holyart.it\/fr\/#website\",\"url\":\"https:\/\/blog.holyart.it\/fr\/\",\"name\":\"Holyart.fr Blog\",\"description\":\"Holyblog\",\"publisher\":{\"@id\":\"https:\/\/blog.holyart.it\/fr\/#organization\"},\"potentialAction\":[{\"@type\":\"SearchAction\",\"target\":{\"@type\":\"EntryPoint\",\"urlTemplate\":\"https:\/\/blog.holyart.it\/fr\/?s={search_term_string}\"},\"query-input\":{\"@type\":\"PropertyValueSpecification\",\"valueRequired\":true,\"valueName\":\"search_term_string\"}}],\"inLanguage\":\"fr-FR\"},{\"@type\":\"Organization\",\"@id\":\"https:\/\/blog.holyart.it\/fr\/#organization\",\"name\":\"Holyart.fr Blog\",\"url\":\"https:\/\/blog.holyart.it\/fr\/\",\"logo\":{\"@type\":\"ImageObject\",\"inLanguage\":\"fr-FR\",\"@id\":\"https:\/\/blog.holyart.it\/fr\/#\/schema\/logo\/image\/\",\"url\":\"https:\/\/blog.holyart.it\/fr\/wp-content\/uploads\/sites\/14\/2022\/12\/Holyart_Blog_Logo.jpg\",\"contentUrl\":\"https:\/\/blog.holyart.it\/fr\/wp-content\/uploads\/sites\/14\/2022\/12\/Holyart_Blog_Logo.jpg\",\"width\":300,\"height\":50,\"caption\":\"Holyart.fr Blog\"},\"image\":{\"@id\":\"https:\/\/blog.holyart.it\/fr\/#\/schema\/logo\/image\/\"}},{\"@type\":\"Person\",\"@id\":\"https:\/\/blog.holyart.it\/fr\/#\/schema\/person\/0a7b686e5af0f856ec1e390dd0baecda\",\"name\":\"Redazione\",\"image\":{\"@type\":\"ImageObject\",\"inLanguage\":\"fr-FR\",\"@id\":\"https:\/\/blog.holyart.it\/fr\/#\/schema\/person\/image\/\",\"url\":\"https:\/\/secure.gravatar.com\/avatar\/f477da817f43e50d0af36abecd33e3edf826c68299714bdc1057dff3b113f516?s=96&d=mm&r=g\",\"contentUrl\":\"https:\/\/secure.gravatar.com\/avatar\/f477da817f43e50d0af36abecd33e3edf826c68299714bdc1057dff3b113f516?s=96&d=mm&r=g\",\"caption\":\"Redazione\"},\"url\":\"https:\/\/blog.holyart.it\/fr\/author\/admin\/\"}]}<\/script>\n<!-- \/ Yoast SEO plugin. -->","yoast_head_json":{"title":"Les noces de Cana : explication, miracle et message - Holyart.fr Blog","description":"Le miracle des noces de Cana ouvre la mission terrestre de J\u00e9sus et inaugure la Nouvelle Alliance qu\u2019il incarne et qu\u2019il accomplira avec Sa mort.","robots":{"index":"index","follow":"follow","max-snippet":"max-snippet:-1","max-image-preview":"max-image-preview:large","max-video-preview":"max-video-preview:-1"},"canonical":"https:\/\/blog.holyart.it\/fr\/articles-religieux\/les-noces-de-cana-explication-miracle-et-message\/","og_locale":"fr_FR","og_type":"article","og_title":"Les noces de Cana : explication, miracle et message - Holyart.fr Blog","og_description":"Le miracle des noces de Cana ouvre la mission terrestre de J\u00e9sus et inaugure la Nouvelle Alliance qu\u2019il incarne et qu\u2019il accomplira avec Sa mort.","og_url":"https:\/\/blog.holyart.it\/fr\/articles-religieux\/les-noces-de-cana-explication-miracle-et-message\/","og_site_name":"Holyart.fr Blog","article_published_time":"2023-07-17T08:00:24+00:00","article_modified_time":"2026-02-25T09:03:22+00:00","og_image":[{"width":1000,"height":666,"url":"https:\/\/blog.holyart.it\/fr\/wp-content\/uploads\/sites\/14\/2023\/07\/Les-noces-de-Cana.jpg","type":"image\/jpeg"}],"author":"Redazione","twitter_card":"summary_large_image","twitter_misc":{"\u00c9crit par":"Redazione","Dur\u00e9e de lecture estim\u00e9e":"7 minutes"},"schema":{"@context":"https:\/\/schema.org","@graph":[{"@type":"Article","@id":"https:\/\/blog.holyart.it\/fr\/articles-religieux\/les-noces-de-cana-explication-miracle-et-message\/#article","isPartOf":{"@id":"https:\/\/blog.holyart.it\/fr\/articles-religieux\/les-noces-de-cana-explication-miracle-et-message\/"},"author":{"name":"Redazione","@id":"https:\/\/blog.holyart.it\/fr\/#\/schema\/person\/0a7b686e5af0f856ec1e390dd0baecda"},"headline":"Les noces de Cana : explication, miracle et message","datePublished":"2023-07-17T08:00:24+00:00","dateModified":"2026-02-25T09:03:22+00:00","mainEntityOfPage":{"@id":"https:\/\/blog.holyart.it\/fr\/articles-religieux\/les-noces-de-cana-explication-miracle-et-message\/"},"wordCount":1197,"publisher":{"@id":"https:\/\/blog.holyart.it\/fr\/#organization"},"image":{"@id":"https:\/\/blog.holyart.it\/fr\/articles-religieux\/les-noces-de-cana-explication-miracle-et-message\/#primaryimage"},"thumbnailUrl":"https:\/\/blog.holyart.it\/fr\/wp-content\/uploads\/sites\/14\/2023\/07\/Les-noces-de-Cana.jpg","articleSection":["Religion"],"inLanguage":"fr-FR"},{"@type":"WebPage","@id":"https:\/\/blog.holyart.it\/fr\/articles-religieux\/les-noces-de-cana-explication-miracle-et-message\/","url":"https:\/\/blog.holyart.it\/fr\/articles-religieux\/les-noces-de-cana-explication-miracle-et-message\/","name":"Les noces de Cana : explication, miracle et message - Holyart.fr Blog","isPartOf":{"@id":"https:\/\/blog.holyart.it\/fr\/#website"},"primaryImageOfPage":{"@id":"https:\/\/blog.holyart.it\/fr\/articles-religieux\/les-noces-de-cana-explication-miracle-et-message\/#primaryimage"},"image":{"@id":"https:\/\/blog.holyart.it\/fr\/articles-religieux\/les-noces-de-cana-explication-miracle-et-message\/#primaryimage"},"thumbnailUrl":"https:\/\/blog.holyart.it\/fr\/wp-content\/uploads\/sites\/14\/2023\/07\/Les-noces-de-Cana.jpg","datePublished":"2023-07-17T08:00:24+00:00","dateModified":"2026-02-25T09:03:22+00:00","description":"Le miracle des noces de Cana ouvre la mission terrestre de J\u00e9sus et inaugure la Nouvelle Alliance qu\u2019il incarne et qu\u2019il accomplira avec Sa mort.","breadcrumb":{"@id":"https:\/\/blog.holyart.it\/fr\/articles-religieux\/les-noces-de-cana-explication-miracle-et-message\/#breadcrumb"},"inLanguage":"fr-FR","potentialAction":[{"@type":"ReadAction","target":["https:\/\/blog.holyart.it\/fr\/articles-religieux\/les-noces-de-cana-explication-miracle-et-message\/"]}]},{"@type":"ImageObject","inLanguage":"fr-FR","@id":"https:\/\/blog.holyart.it\/fr\/articles-religieux\/les-noces-de-cana-explication-miracle-et-message\/#primaryimage","url":"https:\/\/blog.holyart.it\/fr\/wp-content\/uploads\/sites\/14\/2023\/07\/Les-noces-de-Cana.jpg","contentUrl":"https:\/\/blog.holyart.it\/fr\/wp-content\/uploads\/sites\/14\/2023\/07\/Les-noces-de-Cana.jpg","width":1000,"height":666,"caption":"Les noces de Cana"},{"@type":"BreadcrumbList","@id":"https:\/\/blog.holyart.it\/fr\/articles-religieux\/les-noces-de-cana-explication-miracle-et-message\/#breadcrumb","itemListElement":[{"@type":"ListItem","position":1,"name":"Homepage","item":"https:\/\/blog.holyart.it\/fr\/"},{"@type":"ListItem","position":2,"name":"Religion","item":"https:\/\/blog.holyart.it\/fr\/articles-religieux\/"},{"@type":"ListItem","position":3,"name":"Les noces de Cana : explication, miracle et message"}]},{"@type":"WebSite","@id":"https:\/\/blog.holyart.it\/fr\/#website","url":"https:\/\/blog.holyart.it\/fr\/","name":"Holyart.fr Blog","description":"Holyblog","publisher":{"@id":"https:\/\/blog.holyart.it\/fr\/#organization"},"potentialAction":[{"@type":"SearchAction","target":{"@type":"EntryPoint","urlTemplate":"https:\/\/blog.holyart.it\/fr\/?s={search_term_string}"},"query-input":{"@type":"PropertyValueSpecification","valueRequired":true,"valueName":"search_term_string"}}],"inLanguage":"fr-FR"},{"@type":"Organization","@id":"https:\/\/blog.holyart.it\/fr\/#organization","name":"Holyart.fr Blog","url":"https:\/\/blog.holyart.it\/fr\/","logo":{"@type":"ImageObject","inLanguage":"fr-FR","@id":"https:\/\/blog.holyart.it\/fr\/#\/schema\/logo\/image\/","url":"https:\/\/blog.holyart.it\/fr\/wp-content\/uploads\/sites\/14\/2022\/12\/Holyart_Blog_Logo.jpg","contentUrl":"https:\/\/blog.holyart.it\/fr\/wp-content\/uploads\/sites\/14\/2022\/12\/Holyart_Blog_Logo.jpg","width":300,"height":50,"caption":"Holyart.fr Blog"},"image":{"@id":"https:\/\/blog.holyart.it\/fr\/#\/schema\/logo\/image\/"}},{"@type":"Person","@id":"https:\/\/blog.holyart.it\/fr\/#\/schema\/person\/0a7b686e5af0f856ec1e390dd0baecda","name":"Redazione","image":{"@type":"ImageObject","inLanguage":"fr-FR","@id":"https:\/\/blog.holyart.it\/fr\/#\/schema\/person\/image\/","url":"https:\/\/secure.gravatar.com\/avatar\/f477da817f43e50d0af36abecd33e3edf826c68299714bdc1057dff3b113f516?s=96&d=mm&r=g","contentUrl":"https:\/\/secure.gravatar.com\/avatar\/f477da817f43e50d0af36abecd33e3edf826c68299714bdc1057dff3b113f516?s=96&d=mm&r=g","caption":"Redazione"},"url":"https:\/\/blog.holyart.it\/fr\/author\/admin\/"}]}},"_links":{"self":[{"href":"https:\/\/blog.holyart.it\/fr\/wp-json\/wp\/v2\/posts\/6624","targetHints":{"allow":["GET"]}}],"collection":[{"href":"https:\/\/blog.holyart.it\/fr\/wp-json\/wp\/v2\/posts"}],"about":[{"href":"https:\/\/blog.holyart.it\/fr\/wp-json\/wp\/v2\/types\/post"}],"author":[{"embeddable":true,"href":"https:\/\/blog.holyart.it\/fr\/wp-json\/wp\/v2\/users\/1"}],"replies":[{"embeddable":true,"href":"https:\/\/blog.holyart.it\/fr\/wp-json\/wp\/v2\/comments?post=6624"}],"version-history":[{"count":2,"href":"https:\/\/blog.holyart.it\/fr\/wp-json\/wp\/v2\/posts\/6624\/revisions"}],"predecessor-version":[{"id":6631,"href":"https:\/\/blog.holyart.it\/fr\/wp-json\/wp\/v2\/posts\/6624\/revisions\/6631"}],"wp:featuredmedia":[{"embeddable":true,"href":"https:\/\/blog.holyart.it\/fr\/wp-json\/wp\/v2\/media\/6630"}],"wp:attachment":[{"href":"https:\/\/blog.holyart.it\/fr\/wp-json\/wp\/v2\/media?parent=6624"}],"wp:term":[{"taxonomy":"category","embeddable":true,"href":"https:\/\/blog.holyart.it\/fr\/wp-json\/wp\/v2\/categories?post=6624"},{"taxonomy":"post_tag","embeddable":true,"href":"https:\/\/blog.holyart.it\/fr\/wp-json\/wp\/v2\/tags?post=6624"}],"curies":[{"name":"wp","href":"https:\/\/api.w.org\/{rel}","templated":true}]}}