{"id":6555,"date":"2023-07-03T12:29:05","date_gmt":"2023-07-03T10:29:05","guid":{"rendered":"https:\/\/blog.holyart.it\/fr\/?p=6555"},"modified":"2023-09-26T15:16:02","modified_gmt":"2023-09-26T13:16:02","slug":"notre-dame-de-medjugorje-et-ses-lieux-les-plus-significatifs","status":"publish","type":"post","link":"https:\/\/blog.holyart.it\/fr\/articles-religieux\/notre-dame-de-medjugorje-et-ses-lieux-les-plus-significatifs\/","title":{"rendered":"Notre-Dame de Medjugorje et ses lieux les plus significatifs"},"content":{"rendered":"<h4>Notre-Dame de Medjugorje a rendu unique et sp\u00e9cial un village autrement tr\u00e8s anonyme de la Bosnie-Herz\u00e9govine. D\u00e9couvrons ensemble les lieux de la d\u00e9votion que depuis 1981 attire des milliers de fid\u00e8les du monde entier.<\/h4>\n\n<p>Nous avons d\u00e9j\u00e0 parl\u00e9 dans d\u2019autres articles de Notre-Dame de Medjugorje et de ce qui a eu lieu en ce village de l\u2019ex-Yougoslavie depuis que le 24 juin 1981 eurent lieu les premi\u00e8res apparitions miraculeuses. Ivanka Ivankovi\u0107 et Mirjana Dragi\u010devi\u0107, qui \u00e0 l\u2019\u00e9poque avait quinze et seize ans, racont\u00e8rent avoir rencontr\u00e9, lors d\u2019une promenade, une magnifique dame qui flottait debout sur un nuage. Retourn\u00e9es sur le lieu de cette rencontre prodigieux le soir m\u00eame en compagnie de Vicka Ivankovi\u0107, cousine d\u2019Ivanka, elles retrouv\u00e8rent la femme, cette fois avec un enfant \u00e0 bras. Le groupe de jeunes voyantes s\u2019agrandit dans les jours suivants avec la participation de Marja Pavlovi\u0107, cousine de Mirjana, Jakov \u010colo et Ivan Dragi\u010devi\u0107 et, \u00e0 partir de ce moment-l\u00e0, commenc\u00e8rent les entretiens journaliers entre le groupe de six jeunes et la femme, qu\u2019ils avaient identifi\u00e9 sans l\u2019ombre d\u2019un doute comme la Vierge.<\/p>\n<div class=\"link-article\">\n<p><img loading=\"lazy\" decoding=\"async\" class=\"size-full wp-image-6559 alignleft\" src=\"https:\/\/blog.holyart.it\/fr\/wp-content\/uploads\/sites\/14\/2023\/06\/Notre-Dame-de-Medjugorje-comment-est-representee-la-Reine-de-la-Paix.jpg\" alt=\"Notre-Dame de Medjugorje comment est repr\u00e9sent\u00e9e la Reine de la Paix\" width=\"150\" height=\"99\" data-kale-share-title=\"Notre-Dame de Medjugorje et ses lieux les plus significatifs\" data-kale-share-url=\"https:\/\/blog.holyart.it\/fr\/?p=6555\" \/><\/p>\n<div class=\"leggi-anche\">Lire aussi :<\/div>\n<p><strong><a href=\"https:\/\/www.holyart.fr\/blog\/saints-et-bienheureux\/dame-de-medjugorje-representee-reine-de-paix\/\">Notre-Dame de Medjugorje: comment est repr\u00e9sent\u00e9e la Reine de la Paix<\/a><\/strong><br \/>\nNous avons d\u00e9j\u00e0 parl\u00e9 dans d\u2019autres articles de Notre-Dame de Medjugorje qui, \u00e0 partir de juin 1981<\/p>\n<\/div>\n<p>C\u2019est de l\u2019histoire connue, comme sont connues les \u00ab\u00a0<strong>cinq pierres<\/strong>\u00a0\u00bb, i.e. les cinq passages qui composent le <strong>chemin vers la Paix<\/strong> promise par Notre-Dame de Medjugorje, qui en raison de ce message est \u00e9galement appel\u00e9e <strong>Notre-Dame de la Paix<\/strong>\u00a0:<\/p>\n<ul>\n<li>la pri\u00e8re avec le c\u0153ur (possiblement le <strong><a href=\"https:\/\/www.holyart.fr\/occasions-speciales\/notre-dame-de-medjugorje\/chapelets-et-boite-chapelets\/chapelet-medjugorje-bois-dolivier-7x8-mm\">Rosaire quotidien<\/a><\/strong>)\u00a0;<\/li>\n<li>le <a href=\"https:\/\/www.holyart.fr\/blog\/articles-religieux\/le-jeune-propose-par-notre-dame-de-medjugorje\/\"><strong>je\u00fbne le mercredi et le vendredi<\/strong> <\/a>;<\/li>\n<li>la lecture journali\u00e8re de la Bible ;<\/li>\n<li>la Confession une fois par mois ;<\/li>\n<li>l\u2019Eucharistie tous les jours.<\/li>\n<\/ul>\n<div class=\"link-article\">\n<p><img loading=\"lazy\" decoding=\"async\" class=\"size-full wp-image-6562 alignleft\" src=\"https:\/\/blog.holyart.it\/fr\/wp-content\/uploads\/sites\/14\/2023\/06\/Le-jeune-propose-par-Notre-Dame-de-Medjugorje.jpg\" alt=\"\" width=\"150\" height=\"99\" data-kale-share-title=\"Notre-Dame de Medjugorje et ses lieux les plus significatifs\" data-kale-share-url=\"https:\/\/blog.holyart.it\/fr\/?p=6555\" \/><\/p>\n<div class=\"leggi-anche\">Lire aussi :<\/div>\n<p><strong><a href=\"https:\/\/www.holyart.fr\/blog\/articles-religieux\/le-jeune-propose-par-notre-dame-de-medjugorje\/\">Le je\u00fbne propos\u00e9 par Notre-Dame de Medjugorje<\/a><\/strong><br \/>\nNous avons d\u00e9j\u00e0 parl\u00e9 dans d\u2019autres articles de Notre-Dame de Medjugorje qui, \u00e0 partir de juin 1981<\/p>\n<\/div>\n<p>Mais il y a d\u2019autres aspects de ce culte qui peuvent s\u2019av\u00e9rer int\u00e9ressants. Parlons des <strong>lieux<\/strong> qui ont \u00e9t\u00e9 le th\u00e9\u00e2tre des apparitions et qui encore aujourd\u2019hui constituent des lieux de p\u00e8lerinage oblig\u00e9s pour tous ceux qui s\u2019y rendent pour chercher r\u00e9confort et paix en Notre-Dame de Medjugorje.<\/p>\n<p>D\u00e9couvrons-les ensemble.<\/p>\n<h2>Krizevac : le mont de la croix<\/h2>\n<p>Avec ses 520 m\u00e8tres d\u2019altitude, ce col est le relief les plus \u00e9lev\u00e9 aux alentours de Medjugorje. Il surgit \u00e0 environ un kilom\u00e8tre au sud de la petite ville et son v\u00e9ritable nom est mont Sipovac. Sur son sommet, en 1934, on \u00e9rigea une <strong>croix en b\u00e9ton arm\u00e9 <\/strong>de 8,56 m\u00e8tres, par volont\u00e9 du pr\u00eatre de l\u2019\u00e9poque, P\u00e8re Bernardin Smoljan, qui impliqua tous ses paroissiens dans l\u2019entreprise. La croix aurait consacr\u00e9 la paroisse au <a href=\"https:\/\/www.holyart.fr\/articles-religieux\/statues\/statues-en-fibre-de-verre\/christ-redempteur-200-cm-fibre-de-verre?_gl=1*1c5n6xw*_ga*OTM4ODUzOTIuMTY3ODg3MTAzOA..*_ga_W18MV136NH*MTY4NzI3MjAwNS4yMzQuMC4xNjg3MjcyMDA1LjAuMC4w\"><strong>Christ R\u00e9dempteur du monde<\/strong><\/a>, en prot\u00e9geant les habitants et les cultures de vignes et de tabac de la menace de la gr\u00eale, tr\u00e8s fr\u00e9quente en cette zone.<\/p>\n<div class=\"link-product\">\n<div class=\"blocco-immagine\"><img loading=\"lazy\" decoding=\"async\" class=\"size-full wp-image-6565 alignleft\" src=\"https:\/\/blog.holyart.it\/fr\/wp-content\/uploads\/sites\/14\/2023\/06\/Christ-redempteur-200-cm-fibre-de-verre.jpg\" alt=\"Christ r\u00e9dempteur 200 cm fibre de verre\" width=\"100\" height=\"100\" data-kale-share-title=\"Notre-Dame de Medjugorje et ses lieux les plus significatifs\" data-kale-share-url=\"https:\/\/blog.holyart.it\/fr\/?p=6555\" \/><\/div>\n<div class=\"blocco-contenuto\">\n<div class=\"blocco-acquista\">Acheter sur Holyart:<\/div>\n<div class=\"blocco-titolo\"><a href=\"https:\/\/www.holyart.fr\/articles-religieux\/statues\/statues-en-fibre-de-verre\/christ-redempteur-200-cm-fibre-de-verre?_gl=1*1c5n6xw*_ga*OTM4ODUzOTIuMTY3ODg3MTAzOA..*_ga_W18MV136NH*MTY4NzI3MjAwNS4yMzQuMC4xNjg3MjcyMDA1LjAuMC4w\">Christ r\u00e9dempteur 200 cm fibre de verre<\/a><\/div>\n<div class=\"blocco-descrizione\">Christ r\u00e9dempteur 200 cm fibre de verre. Statue r\u00e9alis\u00e9e en fibre de verre peinte \u00e0 la main avec vernis \u00e0 l&rsquo;huile.<\/div>\n<\/div>\n<\/div>\n<p>La croix fut assembl\u00e9e sur place en moins d\u2019un mois, apr\u00e8s que le mat\u00e9riel pour la construire ait \u00e9t\u00e9 port\u00e9 sur l\u2019\u00e9paule par les paroissiens par un sentier tr\u00e8s difficile \u00e0 parcourir. Pour l\u2019occasion, Rome donna des <strong>reliques de la Croix de J\u00e9sus<\/strong> qui furent plac\u00e9es au croisement des bras de la croix.<\/p>\n<p>Voici les mots grav\u00e9s sur la Croix du mont Krizevac\u00a0: \u00ab\u00a0<em>\u00c0 J\u00e9sus-Christ R\u00e9dempteur de l\u2019humanit\u00e9 en signe de foi, d\u2019amour et d\u2019esp\u00e9rance, et en m\u00e9moire du 1900<sup>\u00e8me<\/sup> anniversaire de la Passion de Christ<\/em>\u00a0\u00bb.<\/p>\n<p>La Croix du mont Krisevac a fait l\u2019objet d\u2019<strong>\u00e9v\u00e9nements miraculeux <\/strong>au cours des ann\u00e9es. Il y en a qui racontent l\u2019avoir vu dispara\u00eetre, ou tourner sur elle-m\u00eame, ou encore se transformer en la silhouette de la Vierge.<\/p>\n<p>La Vierge en personne, dans un de ses messages aux Voyants, aurait affirm\u00e9 que\u00a0: \u00ab\u00a0<em>M\u00eame la Croix faisait partie du dessin de Dieu quand vous l\u2019avez construite\u00a0<\/em>\u00bb.<\/p>\n<p>Tous les ans, le jour de l\u2019<strong>Exaltation de la Croix<\/strong>, aux pieds du monument, on c\u00e9l\u00e8bre une messe solennelle.<\/p>\n<p><img loading=\"lazy\" decoding=\"async\" class=\"size-full wp-image-6568 aligncenter\" src=\"https:\/\/blog.holyart.it\/fr\/wp-content\/uploads\/sites\/14\/2023\/06\/Exaltacao-da-Cruz.jpg\" alt=\"\" width=\"800\" height=\"531\" data-kale-share-title=\"Notre-Dame de Medjugorje et ses lieux les plus significatifs\" data-kale-share-url=\"https:\/\/blog.holyart.it\/fr\/?p=6555\" \/><\/p>\n<p>\u00c0 l\u2019occasion du premier anniversaire de la mort de <strong>P\u00e8re Slavko<\/strong>, pr\u00eatre historique tr\u00e8s appr\u00e9ci\u00e9 de Medjugorje, qui d\u00e9c\u00e9da le 24-11-2000, les jeunes de la Communaut\u00e9 C\u00e9nacle, fond\u00e9e par S\u0153ur Elvire en 1983 \u00e0 Saluzzo (CN) en Italie afin d\u2019offrir de l\u2019aide aux jeunes toxicomanes, ont plac\u00e9 au sommet du Krisevac un <strong>\u00e9norme rocher<\/strong> qui pr\u00e9sente, incrust\u00e9, un relief en bronze repr\u00e9sentant le pr\u00eatre, d\u00e9c\u00e9d\u00e9 justement au sommet de ce col o\u00f9 il venait de compl\u00e9ter le rite du Chemin de Croix, comme chaque vendredi, entour\u00e9 de p\u00e8lerins et de paroissiens.<\/p>\n<h2>Le Podbrdo<\/h2>\n<p>Le Podbrodo n\u2019est rien d\u2019autre qu\u2019une colline nue diss\u00e9min\u00e9e de pierres rouges, autrefois impraticable si ce n\u2019est pour les troupeaux et les animaux sauvages. Situ\u00e9 aux pieds du mont Crnica, peu distant du village de Bijacovici, pays d\u2019origine des six voyants, il se trouve \u00e0 un kilom\u00e8tre et demi de l\u2019\u00c9glise paroissiale de Saint Jacques. \u00c0 le rendre si sp\u00e9cial est le fait qu\u2019il soit le lieu o\u00f9 les premi\u00e8res apparitions de Notre-Dame de Medjugorje ont eu lieu. Pour cette raison, il est connu de nos jours comme la <strong>Colline des Apparitions<\/strong>, et est devenu pour tous les fid\u00e8les en p\u00e8lerinage \u00e0 Medjugorje le lieu par excellence de <strong>m\u00e9ditation et de dialogue personnel avec la Sainte Vierge<\/strong>.<\/p>\n<p><img loading=\"lazy\" decoding=\"async\" class=\"size-full wp-image-6569 aligncenter\" src=\"https:\/\/blog.holyart.it\/fr\/wp-content\/uploads\/sites\/14\/2023\/06\/Podbrdo-Medjugorje.jpg\" alt=\"\" width=\"800\" height=\"532\" data-kale-share-title=\"Notre-Dame de Medjugorje et ses lieux les plus significatifs\" data-kale-share-url=\"https:\/\/blog.holyart.it\/fr\/?p=6555\" \/><\/p>\n<p>Le sentier autrefois escarp\u00e9 a \u00e9t\u00e9 transform\u00e9 par le passage des innombrables p\u00e8lerins qui tous les jours se rendent en ce lieu impr\u00e9gn\u00e9 de spiritualit\u00e9 et de suggestions, en en polissant les asp\u00e9rit\u00e9s et en rendent l\u2019ascension plus ais\u00e9e.<\/p>\n<p>Le long du sentier qui monte au sommet du Podbrdo, comme nous le verrons dans le paragraphe d\u00e9di\u00e9 aux <strong>Sentiers de Medjugorje<\/strong>, sont plac\u00e9s des reliefs en bronze qui repr\u00e9sentent les <strong>Myst\u00e8res du Rosaire<\/strong>.<\/p>\n<p>\u00c0 un moment donn\u00e9 on tombe \u00e9galement sur une grande <a href=\"https:\/\/www.holyart.fr\/articles-religieux\/crucifix\/crucifix-en-bois?page=1&amp;_gl=1*1b56hkw*_ga*OTM4ODUzOTIuMTY3ODg3MTAzOA..*_ga_W18MV136NH*MTY4NzI3MjAwNS4yMzQuMS4xNjg3MjcyMzM4LjAuMC4w\"><strong>Croix en bois<\/strong><\/a>, o\u00f9 les p\u00e8lerins s\u2019arr\u00eatent pour se reposer et m\u00e9diter.<\/p>\n<p>En continuant, on trouve la magnifique <strong>statue en marbre de la Vierge<\/strong>, \u0153uvre du sculpteur italien Dino Felici, don d\u2019une famille Cor\u00e9enne pour une gr\u00e2ce re\u00e7ue. Aux pieds de la statue les mots \u00ab\u00a0<em>Je suis la Reine de la Paix 25-06-1981<\/em>\u00a0\u00bb rappellent le message o\u00f9 Notre-Dame de Medjugorje se pr\u00e9senta en tant que <a href=\"https:\/\/www.holyart.fr\/articles-religieux\/statues\/statues-en-fibre-de-verre\/statue-notre-dame-de-medjugorje-en-fibre-de-verre-de-170-cm-pour-exterieur?_gl=1*13x48oe*_ga*OTM4ODUzOTIuMTY3ODg3MTAzOA..*_ga_W18MV136NH*MTY4NzI3MjAwNS4yMzQuMS4xNjg3MjcyNTE2LjAuMC4w\"><strong>Reine de la Paix<\/strong><\/a>. \u00ab\u00a0<em>Je suis venue dire au monde que Dieu existe et qu\u2019en Dieu il y a la vie. Ceux qui trouveront Dieu, trouverons la paix et la vie<\/em>\u00a0\u00bb.<\/p>\n<p>Cette statue est un des autres endroits de repos et de m\u00e9ditation o\u00f9 les p\u00e8lerins s\u2019arr\u00eatent prier, chacun recueilli en son dialogue int\u00e9rieur avec la Vierge, chacun \u00e0 la recherche d\u2019aide, de r\u00e9confort, ou simplement d\u2019un peu de soulagement du poids de la vie.<\/p>\n<div class=\"link-product\">\n<div class=\"blocco-immagine\"><img loading=\"lazy\" decoding=\"async\" class=\"alignnone size-full wp-image-6571\" src=\"https:\/\/blog.holyart.it\/fr\/wp-content\/uploads\/sites\/14\/2023\/06\/Statue-Notre-Dame-de-Medjugorje-en-fibre-de-verre-de-170-cm-POUR-EXTERIEUR-1.jpg\" alt=\"\" width=\"100\" height=\"100\" data-kale-share-title=\"Notre-Dame de Medjugorje et ses lieux les plus significatifs\" data-kale-share-url=\"https:\/\/blog.holyart.it\/fr\/?p=6555\" \/><\/div>\n<div class=\"blocco-contenuto\">\n<div class=\"blocco-acquista\">Acheter sur Holyart:<\/div>\n<div class=\"blocco-titolo\"><a href=\"https:\/\/www.holyart.fr\/articles-religieux\/statues\/statues-en-fibre-de-verre\/statue-notre-dame-de-medjugorje-en-fibre-de-verre-de-170-cm-pour-exterieur?_gl=1*13x48oe*_ga*OTM4ODUzOTIuMTY3ODg3MTAzOA..*_ga_W18MV136NH*MTY4NzI3MjAwNS4yMzQuMS4xNjg3MjcyNTE2LjAuMC4w\">Statue Notre-Dame de Medjugorje en fibre<\/a><\/div>\n<div class=\"blocco-descrizione\">Statue Notre-Dame de Medjugorje en fibre de verre de 170 cm<\/div>\n<\/div>\n<\/div>\n<h2>L\u2019\u00e9glise de Saint Jacques \u00e0 Medjugorje<\/h2>\n<p><strong>Saint Jacques le Majeur, <\/strong>protecteur des p\u00e8lerins, est le Saint Patron de Medjugorje. \u00c0 lui est d\u00e9di\u00e9e l\u2019\u00e9glise paroissiale qui aujourd\u2019hui accueille non seulement les fid\u00e8les de la zone, mais aussi tous les p\u00e8lerins qui arrivent \u00e0 Medjugorje pour chercher un contact avec la Vierge. La vieille \u00e9glise, construite sur un terrain friable en 1897, fut remplac\u00e9e par l\u2019actuelle en 1969, bien plus grande par rapport au nombre des paroissiens de l\u2019\u00e9poque. Comme si les constructeurs avaient d\u00e9j\u00e0 eu la vision proph\u00e9tique de ce qui serait arriv\u00e9 \u00e0 Medjugorje de l\u00e0 \u00e0 quelques ann\u00e9es. Ce qui reste de la <strong>vieille \u00c9glise<\/strong> surgit dans le parc \u00e0 gauche du Sanctuaire.<\/p>\n<p>Sur l\u2019esplanade de l\u2019\u00c9glise de Saint Jacques il y a une autre <a href=\"https:\/\/www.holyart.fr\/produits\/statues-vierge-marie.php\"><strong>statue de la Vierge<\/strong><\/a>, elle aussi sculpt\u00e9e par Dino Felici, comme celle \u00e9rig\u00e9e sur le Podbrdo.<\/p>\n<p><img loading=\"lazy\" decoding=\"async\" class=\"size-full wp-image-6575 aligncenter\" src=\"https:\/\/blog.holyart.it\/fr\/wp-content\/uploads\/sites\/14\/2023\/06\/chiesa-medjugorje.jpg\" alt=\"\" width=\"800\" height=\"533\" data-kale-share-title=\"Notre-Dame de Medjugorje et ses lieux les plus significatifs\" data-kale-share-url=\"https:\/\/blog.holyart.it\/fr\/?p=6555\" \/><\/p>\n<p>La <strong>chapelle de l\u2019Adoration<\/strong>, \u00e9rig\u00e9e en 1991 \u00e0 gauche de l\u2019\u00e9glise, accueille tous les p\u00e8lerins qui d\u00e9sirent se recueillir en pri\u00e8re et dans l\u2019Adoration du Tr\u00e8s-Saint Sacrement. Le 25 de tous les mois elle reste ouverte la nuit aussi pour l\u2019Adoration nocturne silencieuse. Tous les matins on c\u00e9l\u00e8bre ici les <strong>Saintes Messe<\/strong> pour les diff\u00e9rents groupes linguistiques.<\/p>\n<p>L\u2019\u00c9glise de Saint Jacques a \u00e9t\u00e9 d\u00e9finie \u00e9galement comme le \u201cconfessionnal du monde\u201d avec ses <strong>vingt-cinq confessionnaux<\/strong> o\u00f9 des Pr\u00eatres de chaque nation \u00e9coutent les confessions dans toutes les langues du monde.<\/p>\n<p>L\u2019\u00e9glise dispose \u00e9galement d\u2019un <strong>autel ext\u00e9rieur<\/strong>, dot\u00e9 de 5.000 places assises et utilis\u00e9 en \u00e9t\u00e9 pour les c\u00e9l\u00e9brations liturgiques du soir et pour les grands rassemblements. \u00c0 l\u2019arri\u00e8re de l\u2019\u00e9glise, une grande <strong>salle d\u00e9di\u00e9e \u00e0 <a href=\"https:\/\/www.holyart.fr\/occasions-speciales\/jean-paul-ii?page=1&amp;flags=true&amp;_gl=1*10vq5b*_ga*OTM4ODUzOTIuMTY3ODg3MTAzOA..*_ga_W18MV136NH*MTY4NzI3MjAwNS4yMzQuMS4xNjg3Mjc0MTk4LjAuMC4w\">Jean-Paul II<\/a><\/strong>, qui peut contenir jusqu\u2019\u00e0 800 personnes, accueille les rencontres de pri\u00e8re, les t\u00e9moignages des voyants et d\u2019autres c\u00e9l\u00e9brations solennelles.<\/p>\n<p>L\u2019\u00c9glise de Saint Jacques est le centre des toutes les activit\u00e9s spirituelles de Medjugorje, des messes dans toutes les langues aux b\u00e9n\u00e9dictions, aux rencontres de pri\u00e8re qui ont lieu tous les jours selon un programme pr\u00e9cis.<\/p>\n<h2>Les sentiers de Medjugorje<\/h2>\n<h3>Le sentier qui m\u00e8ne au Podbrd<\/h3>\n<p>Nous avons d\u00e9j\u00e0 mentionn\u00e9 les <strong>reliefs en bronze <\/strong>plac\u00e9s le long du sentier qui m\u00e8ne au sommet de la Colline des Apparitions. R\u00e9alis\u00e9s en 1989 par le sculpteur italien Carmelo Puzzolo, ils repr\u00e9sentent les <strong>myst\u00e8res joyeux, douloureux et glorieux du Rosaire<\/strong>. Les fr\u00e8res du sanctuaire, chaque dimanche \u00e0 14h00, guident les p\u00e8lerins dans un <strong>Rosaire communautaire<\/strong> jusqu\u2019au sommet de la Colline des Apparitions.<\/p>\n<h3>Le sentier qui m\u00e8ne au mont Krizeva<\/h3>\n<p>Le sentier qui m\u00e8ne jusqu\u2019\u00e0 la Croix du mont Krisevac aussi est balis\u00e9 par 14 croix en bois aux c\u00f4t\u00e9s desquelles en 1987 ont \u00e9t\u00e9 plac\u00e9s des <strong>reliefs en bronze<\/strong>, toujours \u0153uvre de Carmelo Puzzolo, qui repr\u00e9sentent les stations du <a href=\"https:\/\/www.holyart.fr\/accessoires-pour-la-liturgie\/mobilier-deglise\/chemin-de-croix\/tableaux-via-crucis-15-pieces-bronze?_gl=1*i3yi5t*_ga*OTM4ODUzOTIuMTY3ODg3MTAzOA..*_ga_W18MV136NH*MTY4NzI3MjAwNS4yMzQuMS4xNjg3Mjc0MjI5LjAuMC4w\"><strong>Chemin de Croix<\/strong><\/a>. Sur chaque relief est grav\u00e9 \u00e9galement le visage de la Vierge.<\/p>\n<div class=\"link-product\">\n<div class=\"blocco-immagine\"><img loading=\"lazy\" decoding=\"async\" class=\"size-full wp-image-6577 alignleft\" src=\"https:\/\/blog.holyart.it\/fr\/wp-content\/uploads\/sites\/14\/2023\/06\/Tableaux-Via-Crucis-15-pieces-bronze.jpg\" alt=\"Tableaux Via Crucis, 15 pi\u00e8ces, bronze\" width=\"100\" height=\"100\" data-kale-share-title=\"Notre-Dame de Medjugorje et ses lieux les plus significatifs\" data-kale-share-url=\"https:\/\/blog.holyart.it\/fr\/?p=6555\" \/><\/div>\n<div class=\"blocco-contenuto\">\n<div class=\"blocco-acquista\">Acheter sur Holyart:<\/div>\n<div class=\"blocco-titolo\"><a href=\"https:\/\/www.holyart.fr\/accessoires-pour-la-liturgie\/mobilier-deglise\/chemin-de-croix\/tableaux-via-crucis-15-pieces-bronze?_gl=1*i3yi5t*_ga*OTM4ODUzOTIuMTY3ODg3MTAzOA..*_ga_W18MV136NH*MTY4NzI3MjAwNS4yMzQuMS4xNjg3Mjc0MjI5LjAuMC4w\">Tableaux Via Crucis, 15 pi\u00e8ces, bronze<\/a><\/div>\n<div class=\"blocco-descrizione\">15 tableaux de la Via Crucis en bronze, r\u00e9alis\u00e9s \u00e0 la main par les artisans sp\u00e9cialistes du m\u00e9tal.<\/div>\n<\/div>\n<\/div>\n<p>Chaque vendredi apr\u00e8s-midi les fr\u00e8res du sanctuaire guident les fid\u00e8les le long du Chemin de Croix sur le Mont de la Croix.<\/p>\n","protected":false},"excerpt":{"rendered":"<p>Notre-Dame de Medjugorje a rendu unique et sp\u00e9cial un village autrement tr\u00e8s anonyme de la Bosnie-Herz\u00e9govine. D\u00e9couvrons ensemble les lieux de la d\u00e9votion que depuis 1981 attire des milliers de fid\u00e8les du monde entier. Nous avons d\u00e9j\u00e0 parl\u00e9 dans d\u2019autres articles de Notre-Dame de Medjugorje&hellip;<\/p>\n","protected":false},"author":1,"featured_media":6557,"comment_status":"closed","ping_status":"open","sticky":false,"template":"","format":"standard","meta":{"_acf_changed":false,"footnotes":""},"categories":[8],"tags":[],"class_list":["post-6555","post","type-post","status-publish","format-standard","has-post-thumbnail","hentry","category-articles-religieux"],"acf":[],"yoast_head":"<!-- This site is optimized with the Yoast SEO plugin v26.6 - https:\/\/yoast.com\/wordpress\/plugins\/seo\/ -->\n<title>Notre-Dame de Medjugorje et ses lieux les plus significatifs - Holyart.fr Blog<\/title>\n<meta name=\"description\" content=\"Notre-Dame de Medjugorje a rendu unique et sp\u00e9cial un village autrement tr\u00e8s anonyme de la Bosnie-Herz\u00e9govine.\" \/>\n<meta name=\"robots\" content=\"index, follow, max-snippet:-1, max-image-preview:large, max-video-preview:-1\" \/>\n<link rel=\"canonical\" href=\"https:\/\/blog.holyart.it\/fr\/articles-religieux\/notre-dame-de-medjugorje-et-ses-lieux-les-plus-significatifs\/\" \/>\n<meta property=\"og:locale\" content=\"fr_FR\" \/>\n<meta property=\"og:type\" content=\"article\" \/>\n<meta property=\"og:title\" content=\"Notre-Dame de Medjugorje et ses lieux les plus significatifs - Holyart.fr Blog\" \/>\n<meta property=\"og:description\" content=\"Notre-Dame de Medjugorje a rendu unique et sp\u00e9cial un village autrement tr\u00e8s anonyme de la Bosnie-Herz\u00e9govine.\" \/>\n<meta property=\"og:url\" content=\"https:\/\/blog.holyart.it\/fr\/articles-religieux\/notre-dame-de-medjugorje-et-ses-lieux-les-plus-significatifs\/\" \/>\n<meta property=\"og:site_name\" content=\"Holyart.fr Blog\" \/>\n<meta property=\"article:published_time\" content=\"2023-07-03T10:29:05+00:00\" \/>\n<meta property=\"article:modified_time\" content=\"2023-09-26T13:16:02+00:00\" \/>\n<meta property=\"og:image\" content=\"https:\/\/blog.holyart.it\/fr\/wp-content\/uploads\/sites\/14\/2023\/06\/Notre-Dame-de-Medjugorje.jpg\" \/>\n\t<meta property=\"og:image:width\" content=\"1000\" \/>\n\t<meta property=\"og:image:height\" content=\"666\" \/>\n\t<meta property=\"og:image:type\" content=\"image\/jpeg\" \/>\n<meta name=\"author\" content=\"Redazione\" \/>\n<meta name=\"twitter:card\" content=\"summary_large_image\" \/>\n<meta name=\"twitter:label1\" content=\"\u00c9crit par\" \/>\n\t<meta name=\"twitter:data1\" content=\"Redazione\" \/>\n\t<meta name=\"twitter:label2\" content=\"Dur\u00e9e de lecture estim\u00e9e\" \/>\n\t<meta name=\"twitter:data2\" content=\"10 minutes\" \/>\n<script type=\"application\/ld+json\" class=\"yoast-schema-graph\">{\"@context\":\"https:\/\/schema.org\",\"@graph\":[{\"@type\":\"Article\",\"@id\":\"https:\/\/blog.holyart.it\/fr\/articles-religieux\/notre-dame-de-medjugorje-et-ses-lieux-les-plus-significatifs\/#article\",\"isPartOf\":{\"@id\":\"https:\/\/blog.holyart.it\/fr\/articles-religieux\/notre-dame-de-medjugorje-et-ses-lieux-les-plus-significatifs\/\"},\"author\":{\"name\":\"Redazione\",\"@id\":\"https:\/\/blog.holyart.it\/fr\/#\/schema\/person\/0a7b686e5af0f856ec1e390dd0baecda\"},\"headline\":\"Notre-Dame de Medjugorje et ses lieux les plus significatifs\",\"datePublished\":\"2023-07-03T10:29:05+00:00\",\"dateModified\":\"2023-09-26T13:16:02+00:00\",\"mainEntityOfPage\":{\"@id\":\"https:\/\/blog.holyart.it\/fr\/articles-religieux\/notre-dame-de-medjugorje-et-ses-lieux-les-plus-significatifs\/\"},\"wordCount\":1824,\"publisher\":{\"@id\":\"https:\/\/blog.holyart.it\/fr\/#organization\"},\"image\":{\"@id\":\"https:\/\/blog.holyart.it\/fr\/articles-religieux\/notre-dame-de-medjugorje-et-ses-lieux-les-plus-significatifs\/#primaryimage\"},\"thumbnailUrl\":\"https:\/\/blog.holyart.it\/fr\/wp-content\/uploads\/sites\/14\/2023\/06\/Notre-Dame-de-Medjugorje.jpg\",\"articleSection\":[\"Religion\"],\"inLanguage\":\"fr-FR\"},{\"@type\":\"WebPage\",\"@id\":\"https:\/\/blog.holyart.it\/fr\/articles-religieux\/notre-dame-de-medjugorje-et-ses-lieux-les-plus-significatifs\/\",\"url\":\"https:\/\/blog.holyart.it\/fr\/articles-religieux\/notre-dame-de-medjugorje-et-ses-lieux-les-plus-significatifs\/\",\"name\":\"Notre-Dame de Medjugorje et ses lieux les plus significatifs - Holyart.fr Blog\",\"isPartOf\":{\"@id\":\"https:\/\/blog.holyart.it\/fr\/#website\"},\"primaryImageOfPage\":{\"@id\":\"https:\/\/blog.holyart.it\/fr\/articles-religieux\/notre-dame-de-medjugorje-et-ses-lieux-les-plus-significatifs\/#primaryimage\"},\"image\":{\"@id\":\"https:\/\/blog.holyart.it\/fr\/articles-religieux\/notre-dame-de-medjugorje-et-ses-lieux-les-plus-significatifs\/#primaryimage\"},\"thumbnailUrl\":\"https:\/\/blog.holyart.it\/fr\/wp-content\/uploads\/sites\/14\/2023\/06\/Notre-Dame-de-Medjugorje.jpg\",\"datePublished\":\"2023-07-03T10:29:05+00:00\",\"dateModified\":\"2023-09-26T13:16:02+00:00\",\"description\":\"Notre-Dame de Medjugorje a rendu unique et sp\u00e9cial un village autrement tr\u00e8s anonyme de la Bosnie-Herz\u00e9govine.\",\"breadcrumb\":{\"@id\":\"https:\/\/blog.holyart.it\/fr\/articles-religieux\/notre-dame-de-medjugorje-et-ses-lieux-les-plus-significatifs\/#breadcrumb\"},\"inLanguage\":\"fr-FR\",\"potentialAction\":[{\"@type\":\"ReadAction\",\"target\":[\"https:\/\/blog.holyart.it\/fr\/articles-religieux\/notre-dame-de-medjugorje-et-ses-lieux-les-plus-significatifs\/\"]}]},{\"@type\":\"ImageObject\",\"inLanguage\":\"fr-FR\",\"@id\":\"https:\/\/blog.holyart.it\/fr\/articles-religieux\/notre-dame-de-medjugorje-et-ses-lieux-les-plus-significatifs\/#primaryimage\",\"url\":\"https:\/\/blog.holyart.it\/fr\/wp-content\/uploads\/sites\/14\/2023\/06\/Notre-Dame-de-Medjugorje.jpg\",\"contentUrl\":\"https:\/\/blog.holyart.it\/fr\/wp-content\/uploads\/sites\/14\/2023\/06\/Notre-Dame-de-Medjugorje.jpg\",\"width\":1000,\"height\":666,\"caption\":\"Notre-Dame de Medjugorje\"},{\"@type\":\"BreadcrumbList\",\"@id\":\"https:\/\/blog.holyart.it\/fr\/articles-religieux\/notre-dame-de-medjugorje-et-ses-lieux-les-plus-significatifs\/#breadcrumb\",\"itemListElement\":[{\"@type\":\"ListItem\",\"position\":1,\"name\":\"Homepage\",\"item\":\"https:\/\/blog.holyart.it\/fr\/\"},{\"@type\":\"ListItem\",\"position\":2,\"name\":\"Religion\",\"item\":\"https:\/\/blog.holyart.it\/fr\/articles-religieux\/\"},{\"@type\":\"ListItem\",\"position\":3,\"name\":\"Notre-Dame de Medjugorje et ses lieux les plus significatifs\"}]},{\"@type\":\"WebSite\",\"@id\":\"https:\/\/blog.holyart.it\/fr\/#website\",\"url\":\"https:\/\/blog.holyart.it\/fr\/\",\"name\":\"Holyart.fr Blog\",\"description\":\"Holyblog\",\"publisher\":{\"@id\":\"https:\/\/blog.holyart.it\/fr\/#organization\"},\"potentialAction\":[{\"@type\":\"SearchAction\",\"target\":{\"@type\":\"EntryPoint\",\"urlTemplate\":\"https:\/\/blog.holyart.it\/fr\/?s={search_term_string}\"},\"query-input\":{\"@type\":\"PropertyValueSpecification\",\"valueRequired\":true,\"valueName\":\"search_term_string\"}}],\"inLanguage\":\"fr-FR\"},{\"@type\":\"Organization\",\"@id\":\"https:\/\/blog.holyart.it\/fr\/#organization\",\"name\":\"Holyart.fr Blog\",\"url\":\"https:\/\/blog.holyart.it\/fr\/\",\"logo\":{\"@type\":\"ImageObject\",\"inLanguage\":\"fr-FR\",\"@id\":\"https:\/\/blog.holyart.it\/fr\/#\/schema\/logo\/image\/\",\"url\":\"https:\/\/blog.holyart.it\/fr\/wp-content\/uploads\/sites\/14\/2022\/12\/Holyart_Blog_Logo.jpg\",\"contentUrl\":\"https:\/\/blog.holyart.it\/fr\/wp-content\/uploads\/sites\/14\/2022\/12\/Holyart_Blog_Logo.jpg\",\"width\":300,\"height\":50,\"caption\":\"Holyart.fr Blog\"},\"image\":{\"@id\":\"https:\/\/blog.holyart.it\/fr\/#\/schema\/logo\/image\/\"}},{\"@type\":\"Person\",\"@id\":\"https:\/\/blog.holyart.it\/fr\/#\/schema\/person\/0a7b686e5af0f856ec1e390dd0baecda\",\"name\":\"Redazione\",\"image\":{\"@type\":\"ImageObject\",\"inLanguage\":\"fr-FR\",\"@id\":\"https:\/\/blog.holyart.it\/fr\/#\/schema\/person\/image\/\",\"url\":\"https:\/\/secure.gravatar.com\/avatar\/f477da817f43e50d0af36abecd33e3edf826c68299714bdc1057dff3b113f516?s=96&d=mm&r=g\",\"contentUrl\":\"https:\/\/secure.gravatar.com\/avatar\/f477da817f43e50d0af36abecd33e3edf826c68299714bdc1057dff3b113f516?s=96&d=mm&r=g\",\"caption\":\"Redazione\"},\"url\":\"https:\/\/blog.holyart.it\/fr\/author\/admin\/\"}]}<\/script>\n<!-- \/ Yoast SEO plugin. -->","yoast_head_json":{"title":"Notre-Dame de Medjugorje et ses lieux les plus significatifs - Holyart.fr Blog","description":"Notre-Dame de Medjugorje a rendu unique et sp\u00e9cial un village autrement tr\u00e8s anonyme de la Bosnie-Herz\u00e9govine.","robots":{"index":"index","follow":"follow","max-snippet":"max-snippet:-1","max-image-preview":"max-image-preview:large","max-video-preview":"max-video-preview:-1"},"canonical":"https:\/\/blog.holyart.it\/fr\/articles-religieux\/notre-dame-de-medjugorje-et-ses-lieux-les-plus-significatifs\/","og_locale":"fr_FR","og_type":"article","og_title":"Notre-Dame de Medjugorje et ses lieux les plus significatifs - Holyart.fr Blog","og_description":"Notre-Dame de Medjugorje a rendu unique et sp\u00e9cial un village autrement tr\u00e8s anonyme de la Bosnie-Herz\u00e9govine.","og_url":"https:\/\/blog.holyart.it\/fr\/articles-religieux\/notre-dame-de-medjugorje-et-ses-lieux-les-plus-significatifs\/","og_site_name":"Holyart.fr Blog","article_published_time":"2023-07-03T10:29:05+00:00","article_modified_time":"2023-09-26T13:16:02+00:00","og_image":[{"width":1000,"height":666,"url":"https:\/\/blog.holyart.it\/fr\/wp-content\/uploads\/sites\/14\/2023\/06\/Notre-Dame-de-Medjugorje.jpg","type":"image\/jpeg"}],"author":"Redazione","twitter_card":"summary_large_image","twitter_misc":{"\u00c9crit par":"Redazione","Dur\u00e9e de lecture estim\u00e9e":"10 minutes"},"schema":{"@context":"https:\/\/schema.org","@graph":[{"@type":"Article","@id":"https:\/\/blog.holyart.it\/fr\/articles-religieux\/notre-dame-de-medjugorje-et-ses-lieux-les-plus-significatifs\/#article","isPartOf":{"@id":"https:\/\/blog.holyart.it\/fr\/articles-religieux\/notre-dame-de-medjugorje-et-ses-lieux-les-plus-significatifs\/"},"author":{"name":"Redazione","@id":"https:\/\/blog.holyart.it\/fr\/#\/schema\/person\/0a7b686e5af0f856ec1e390dd0baecda"},"headline":"Notre-Dame de Medjugorje et ses lieux les plus significatifs","datePublished":"2023-07-03T10:29:05+00:00","dateModified":"2023-09-26T13:16:02+00:00","mainEntityOfPage":{"@id":"https:\/\/blog.holyart.it\/fr\/articles-religieux\/notre-dame-de-medjugorje-et-ses-lieux-les-plus-significatifs\/"},"wordCount":1824,"publisher":{"@id":"https:\/\/blog.holyart.it\/fr\/#organization"},"image":{"@id":"https:\/\/blog.holyart.it\/fr\/articles-religieux\/notre-dame-de-medjugorje-et-ses-lieux-les-plus-significatifs\/#primaryimage"},"thumbnailUrl":"https:\/\/blog.holyart.it\/fr\/wp-content\/uploads\/sites\/14\/2023\/06\/Notre-Dame-de-Medjugorje.jpg","articleSection":["Religion"],"inLanguage":"fr-FR"},{"@type":"WebPage","@id":"https:\/\/blog.holyart.it\/fr\/articles-religieux\/notre-dame-de-medjugorje-et-ses-lieux-les-plus-significatifs\/","url":"https:\/\/blog.holyart.it\/fr\/articles-religieux\/notre-dame-de-medjugorje-et-ses-lieux-les-plus-significatifs\/","name":"Notre-Dame de Medjugorje et ses lieux les plus significatifs - Holyart.fr Blog","isPartOf":{"@id":"https:\/\/blog.holyart.it\/fr\/#website"},"primaryImageOfPage":{"@id":"https:\/\/blog.holyart.it\/fr\/articles-religieux\/notre-dame-de-medjugorje-et-ses-lieux-les-plus-significatifs\/#primaryimage"},"image":{"@id":"https:\/\/blog.holyart.it\/fr\/articles-religieux\/notre-dame-de-medjugorje-et-ses-lieux-les-plus-significatifs\/#primaryimage"},"thumbnailUrl":"https:\/\/blog.holyart.it\/fr\/wp-content\/uploads\/sites\/14\/2023\/06\/Notre-Dame-de-Medjugorje.jpg","datePublished":"2023-07-03T10:29:05+00:00","dateModified":"2023-09-26T13:16:02+00:00","description":"Notre-Dame de Medjugorje a rendu unique et sp\u00e9cial un village autrement tr\u00e8s anonyme de la Bosnie-Herz\u00e9govine.","breadcrumb":{"@id":"https:\/\/blog.holyart.it\/fr\/articles-religieux\/notre-dame-de-medjugorje-et-ses-lieux-les-plus-significatifs\/#breadcrumb"},"inLanguage":"fr-FR","potentialAction":[{"@type":"ReadAction","target":["https:\/\/blog.holyart.it\/fr\/articles-religieux\/notre-dame-de-medjugorje-et-ses-lieux-les-plus-significatifs\/"]}]},{"@type":"ImageObject","inLanguage":"fr-FR","@id":"https:\/\/blog.holyart.it\/fr\/articles-religieux\/notre-dame-de-medjugorje-et-ses-lieux-les-plus-significatifs\/#primaryimage","url":"https:\/\/blog.holyart.it\/fr\/wp-content\/uploads\/sites\/14\/2023\/06\/Notre-Dame-de-Medjugorje.jpg","contentUrl":"https:\/\/blog.holyart.it\/fr\/wp-content\/uploads\/sites\/14\/2023\/06\/Notre-Dame-de-Medjugorje.jpg","width":1000,"height":666,"caption":"Notre-Dame de Medjugorje"},{"@type":"BreadcrumbList","@id":"https:\/\/blog.holyart.it\/fr\/articles-religieux\/notre-dame-de-medjugorje-et-ses-lieux-les-plus-significatifs\/#breadcrumb","itemListElement":[{"@type":"ListItem","position":1,"name":"Homepage","item":"https:\/\/blog.holyart.it\/fr\/"},{"@type":"ListItem","position":2,"name":"Religion","item":"https:\/\/blog.holyart.it\/fr\/articles-religieux\/"},{"@type":"ListItem","position":3,"name":"Notre-Dame de Medjugorje et ses lieux les plus significatifs"}]},{"@type":"WebSite","@id":"https:\/\/blog.holyart.it\/fr\/#website","url":"https:\/\/blog.holyart.it\/fr\/","name":"Holyart.fr Blog","description":"Holyblog","publisher":{"@id":"https:\/\/blog.holyart.it\/fr\/#organization"},"potentialAction":[{"@type":"SearchAction","target":{"@type":"EntryPoint","urlTemplate":"https:\/\/blog.holyart.it\/fr\/?s={search_term_string}"},"query-input":{"@type":"PropertyValueSpecification","valueRequired":true,"valueName":"search_term_string"}}],"inLanguage":"fr-FR"},{"@type":"Organization","@id":"https:\/\/blog.holyart.it\/fr\/#organization","name":"Holyart.fr Blog","url":"https:\/\/blog.holyart.it\/fr\/","logo":{"@type":"ImageObject","inLanguage":"fr-FR","@id":"https:\/\/blog.holyart.it\/fr\/#\/schema\/logo\/image\/","url":"https:\/\/blog.holyart.it\/fr\/wp-content\/uploads\/sites\/14\/2022\/12\/Holyart_Blog_Logo.jpg","contentUrl":"https:\/\/blog.holyart.it\/fr\/wp-content\/uploads\/sites\/14\/2022\/12\/Holyart_Blog_Logo.jpg","width":300,"height":50,"caption":"Holyart.fr Blog"},"image":{"@id":"https:\/\/blog.holyart.it\/fr\/#\/schema\/logo\/image\/"}},{"@type":"Person","@id":"https:\/\/blog.holyart.it\/fr\/#\/schema\/person\/0a7b686e5af0f856ec1e390dd0baecda","name":"Redazione","image":{"@type":"ImageObject","inLanguage":"fr-FR","@id":"https:\/\/blog.holyart.it\/fr\/#\/schema\/person\/image\/","url":"https:\/\/secure.gravatar.com\/avatar\/f477da817f43e50d0af36abecd33e3edf826c68299714bdc1057dff3b113f516?s=96&d=mm&r=g","contentUrl":"https:\/\/secure.gravatar.com\/avatar\/f477da817f43e50d0af36abecd33e3edf826c68299714bdc1057dff3b113f516?s=96&d=mm&r=g","caption":"Redazione"},"url":"https:\/\/blog.holyart.it\/fr\/author\/admin\/"}]}},"_links":{"self":[{"href":"https:\/\/blog.holyart.it\/fr\/wp-json\/wp\/v2\/posts\/6555","targetHints":{"allow":["GET"]}}],"collection":[{"href":"https:\/\/blog.holyart.it\/fr\/wp-json\/wp\/v2\/posts"}],"about":[{"href":"https:\/\/blog.holyart.it\/fr\/wp-json\/wp\/v2\/types\/post"}],"author":[{"embeddable":true,"href":"https:\/\/blog.holyart.it\/fr\/wp-json\/wp\/v2\/users\/1"}],"replies":[{"embeddable":true,"href":"https:\/\/blog.holyart.it\/fr\/wp-json\/wp\/v2\/comments?post=6555"}],"version-history":[{"count":14,"href":"https:\/\/blog.holyart.it\/fr\/wp-json\/wp\/v2\/posts\/6555\/revisions"}],"predecessor-version":[{"id":6579,"href":"https:\/\/blog.holyart.it\/fr\/wp-json\/wp\/v2\/posts\/6555\/revisions\/6579"}],"wp:featuredmedia":[{"embeddable":true,"href":"https:\/\/blog.holyart.it\/fr\/wp-json\/wp\/v2\/media\/6557"}],"wp:attachment":[{"href":"https:\/\/blog.holyart.it\/fr\/wp-json\/wp\/v2\/media?parent=6555"}],"wp:term":[{"taxonomy":"category","embeddable":true,"href":"https:\/\/blog.holyart.it\/fr\/wp-json\/wp\/v2\/categories?post=6555"},{"taxonomy":"post_tag","embeddable":true,"href":"https:\/\/blog.holyart.it\/fr\/wp-json\/wp\/v2\/tags?post=6555"}],"curies":[{"name":"wp","href":"https:\/\/api.w.org\/{rel}","templated":true}]}}