{"id":6535,"date":"2023-06-28T11:00:32","date_gmt":"2023-06-28T09:00:32","guid":{"rendered":"https:\/\/blog.holyart.it\/fr\/?p=6535"},"modified":"2025-06-03T15:51:19","modified_gmt":"2025-06-03T13:51:19","slug":"saint-thomas-lapotre-incredule","status":"publish","type":"post","link":"https:\/\/blog.holyart.it\/fr\/saints-et-bienheureux\/saint-thomas-lapotre-incredule\/","title":{"rendered":"Saint Thomas, l\u2019ap\u00f4tre incr\u00e9dule"},"content":{"rendered":"<h4>Parlons de Saint Thomas, l\u2019ap\u00f4tre incr\u00e9dule, tr\u00e8s fid\u00e8le disciple de J\u00e9sus, grand \u00e9vang\u00e9lisateur, rappel\u00e9 en particulier pour son scepticisme, mais homme d\u2019une foi immense et solide.<\/h4>\n\n<p>Parmi les ap\u00f4tres qui suivirent J\u00e9sus jusqu\u2019\u00e0 ses derniers jours, il y en a un dont on se souvient quasi exclusivement en raison d\u2019un \u00e9pisode, qui en plus ne lui rend pas particuli\u00e8rement honneur\u00a0: il s\u2019agit de <strong>Saint Thomas, l\u2019ap\u00f4tre incr\u00e9dule<\/strong>. En r\u00e9alit\u00e9, Saint Thomas, dont le pr\u00e9nom en aram\u00e9en signifie \u00ab\u00a0jumeau\u00a0\u00bb, ainsi comme son surnom en grec <em>Didyme<\/em>, fut <strong>un ap\u00f4tre enthousiaste et anim\u00e9 par une grande ferveur<\/strong>. Sauf que, d\u2019un point de vue de caract\u00e8re, il devait \u00eatre un peu pessimiste, outre que peu enclin \u00e0 faire confiance. Nous nous apercevons de cela dans pratiquement tous les passages de l\u2019<a href=\"https:\/\/www.holyart.fr\/articles-religieux\/livres-sacres\/evangiles\"><strong>\u00c9vangile<\/strong><\/a> o\u00f9 il est cit\u00e9.<\/p>\n<p>Dans le chapitre 11 de l\u2019<strong>\u00c9vangile selon Jean<\/strong>, par exemple, on raconte la d\u00e9cision de J\u00e9sus de se rendre \u00e0 B\u00e9thanie, o\u00f9 vivent ses amis <a href=\"https:\/\/www.holyart.fr\/blog\/saints-et-bienheureux\/marthe-marie-et-lazare-les-amis-de-jesus\/\"><strong>Marthe, Marie et Lazare<\/strong><\/a>. Ce dernier est malade et les s\u0153urs, d\u00e9sesp\u00e9r\u00e9es, sont aller invoquer son aide. Mais en Jud\u00e9e les personnes qui ha\u00efssent J\u00e9sus sont nombreuses et son retour \u00e0 B\u00e9thanie pourrait se r\u00e9v\u00e9ler dangereux. Parmi les nombreuses manifestations de d\u00e9saccord des ap\u00f4tres celle de Thomas est certainement la plus lapidaire. \u00c0 J\u00e9sus qui exhorte les ap\u00f4tres \u00e0 partir, car Lazare est d\u00e9j\u00e0 mort, Thomas r\u00e9pond\u00a0: \u00ab\u00a0<em>Allons aussi, afin de mourir avec lui\u00a0<\/em>\u00bb (Jean 11,16). Une r\u00e9ponse un peu acide, qui toutefois n\u2019emp\u00eache pas Thomas de suivre son Ma\u00eetre et de risquer sa vie avec lui.<\/p>\n<div class=\"link-article\">\n<p><img loading=\"lazy\" decoding=\"async\" class=\"size-full wp-image-6537 alignleft\" src=\"https:\/\/blog.holyart.it\/fr\/wp-content\/uploads\/sites\/14\/2023\/06\/marthe-marie-lazare.jpg\" alt=\"marthe marie lazare\" width=\"150\" height=\"99\" data-kale-share-title=\"Saint Thomas, l\u2019ap\u00f4tre incr\u00e9dule\" data-kale-share-url=\"https:\/\/blog.holyart.it\/fr\/?p=6535\" \/><\/p>\n<div class=\"leggi-anche\">Lire aussi :<\/div>\n<p><strong><a href=\"https:\/\/www.holyart.fr\/blog\/saints-et-bienheureux\/marthe-marie-et-lazare-les-amis-de-jesus\/\">Marthe, Marie et Lazare : les amis de J\u00e9sus<\/a><\/strong><br \/>\nLe 29 juillet on c\u00e9l\u00e8bre la m\u00e9moire de Marthe, Marie et Lazare de B\u00e9thanie. Voici pourquoi ces saints&#8230;<\/p>\n<\/div>\n<p>\u00c0 l\u2019occasion de la <a href=\"https:\/\/www.holyart.fr\/blog\/articles-religieux\/les-evenements-de-la-passion-de-jesus-de-la-cene-a-sa-crucifixion\/\"><strong>C\u00e8ne<\/strong> <\/a>aussi \u00e9merge le <strong>scepticisme<\/strong> de cet ap\u00f4tre dont nous ne savons pratiquement rien. Toujours dans l\u2019\u00c9vangile de Jean, chapitre 14, J\u00e9sus d\u00e9clare qu\u2019il est sur le point d\u2019aller pr\u00e9parer pour tous une <strong>place dans la maison du P\u00e8re<\/strong>. \u00ab\u00a0<em>Vous savez o\u00f9 je vais et vous en savez le chemin<\/em>\u00a0\u00bb dit-il aux ap\u00f4tres incertains. Et voil\u00e0 que Thomas donne voix \u00e0 celle qui \u00e9tait probablement la perplexit\u00e9 de tous, mais que les autres ne tentaient pas d\u2019exprimer. \u00ab\u00a0<em>Seigneur, nous ne savons pas o\u00f9 tu vas ; comment pouvons-nous en savoir le chemin\u00a0?<\/em>\u00a0\u00bb. Cela fait presque sourire d\u2019imaginer Saint Thomas ap\u00f4tre comme un de ces amis pr\u00e9sents dans chaque compagnie, qui participent aux activit\u00e9s communes, qui ne se d\u00e9filent jamais et sont toujours pr\u00eats \u00e0 aider, mais qui r\u00e2lent et contestent chaque proposition. C\u2019est celui-l\u00e0 le r\u00f4le que Thomas avait parmi les 12 ap\u00f4tres.<\/p>\n<div class=\"link-article\">\n<p><img loading=\"lazy\" decoding=\"async\" class=\"size-full wp-image-6540 alignleft\" src=\"https:\/\/blog.holyart.it\/fr\/wp-content\/uploads\/sites\/14\/2023\/06\/Passion-de-Jesus.jpg\" alt=\"Passion de Jesus\" width=\"150\" height=\"99\" data-kale-share-title=\"Saint Thomas, l\u2019ap\u00f4tre incr\u00e9dule\" data-kale-share-url=\"https:\/\/blog.holyart.it\/fr\/?p=6535\" \/><\/p>\n<div class=\"leggi-anche\">Lire aussi :<\/div>\n<p><strong><a href=\"https:\/\/www.holyart.fr\/blog\/articles-religieux\/les-evenements-de-la-passion-de-jesus-de-la-cene-a-sa-crucifixion\/\">Les \u00e9v\u00e9nements de la Passion de J\u00e9sus : de la C\u00e8ne \u00e0 Sa crucifixion<\/a><\/strong><br \/>\nLa Passion de J\u00e9sus est le moment le plus haut et le plus terrible&#8230;<\/p>\n<\/div>\n<h2>\u00ab\u00a0Si je ne vois pas je ne croirai point\u00a0\u00bb<\/h2>\n<p>Apr\u00e8s avoir connu Thomas dans les pr\u00e9c\u00e9dents \u00e9pisodes des \u00c9vangiles, son comportement lors de la <a href=\"https:\/\/www.holyart.fr\/blog\/articles-religieux\/la-vie-de-marie-apres-la-resurrection-de-jesus\/\"><strong>R\u00e9surrection de Christ<\/strong> <\/a>parait probablement plus compr\u00e9hensible. Devant ses camarades tous excit\u00e9s qui racontent avoir vu J\u00e9sus ressuscit\u00e9 de la mort, voici le scepticisme habituel de Thomas qui ressort\u00a0: \u00ab\u00a0<em>Si je ne vois dans ses mains les marques des clous, et si je ne mets mon doigt dans son c\u00f4t\u00e9, je ne croirai point<\/em>\u00a0\u00bb (Jean 20,25). Huit jours apr\u00e8s, J\u00e9sus apparait aux disciples r\u00e9unis. Parmi eux, Thomas aussi est pr\u00e9sent cette fois et Christ s\u2019adresse \u00e0 lui en disant\u00a0: \u00ab\u00a0<em>Avance ici ton doigt, et regarde mes mains\u00a0; avance aussi ta main, et mets-la dans mon c\u00f4t\u00e9\u00a0; et ne sois pas incr\u00e9dule, mais crois<\/em>\u00a0\u00bb (Jean 20,27). \u00c0 ce point, Thomas n\u2019a plus de doutes et s\u2019adresse \u00e0 J\u00e9sus de cette mani\u00e8re\u00a0: \u00ab\u00a0<em>Mon Seigneur et mon Dieu\u00a0!<\/em>\u00a0\u00bb. La r\u00e9ponse de J\u00e9sus (\u00ab\u00a0<em>Parce que tu m\u2019as vu, tu as cru. Heureux ceux qui n\u2019ont pas vu, et qui ont cru\u00a0!<\/em>\u00a0\u00bb) ne trahit aucune rancune vis-\u00e0-vis de cet ami t\u00eatu, m\u00e9fiant et peut-\u00eatre un peu pessimiste. Au contraire, Thomas est une figure extr\u00eamement humaine, proche de chacun d\u2019entre nous, embl\u00e8me des doutes qui am\u00e8nent \u00e0 une plus grande prise de conscience, de l\u2019incertitude qui alimente la foi.<\/p>\n<div class=\"link-article\">\n<p><img loading=\"lazy\" decoding=\"async\" class=\"size-full wp-image-6541 alignleft\" src=\"https:\/\/blog.holyart.it\/fr\/wp-content\/uploads\/sites\/14\/2023\/06\/La-vie-de-Marie.jpg\" alt=\"La vie de Marie\" width=\"150\" height=\"99\" data-kale-share-title=\"Saint Thomas, l\u2019ap\u00f4tre incr\u00e9dule\" data-kale-share-url=\"https:\/\/blog.holyart.it\/fr\/?p=6535\" \/><\/p>\n<div class=\"leggi-anche\">Lire aussi :<\/div>\n<p><strong><a href=\"https:\/\/www.holyart.fr\/blog\/articles-religieux\/la-vie-de-marie-apres-la-resurrection-de-jesus\/\">La vie de Marie apr\u00e8s la R\u00e9surrection de J\u00e9sus<\/a><\/strong><br \/>\nQu\u2019est-il arriv\u00e9 \u00e0 la Sainte Vierge apr\u00e8s la R\u00e9surrection de J\u00e9sus ? Enqu\u00eatons sur la vie de Marie&#8230;<\/p>\n<\/div>\n<h2>L\u2019incr\u00e9dulit\u00e9 de Saint Thomas<\/h2>\n<p>L\u2019\u00e9pisode de l\u2019<strong>incr\u00e9dulit\u00e9 de Saint Thomas <\/strong>a fait l\u2019objet d\u2019innombrables repr\u00e9sentations artistiques. <strong>L\u2019iconographie de ce saint<\/strong>, en r\u00e9alit\u00e9, est plut\u00f4t vari\u00e9e. Il \u00e9tait autrefois repr\u00e9sent\u00e9 avec <strong>un livre<\/strong>, attribut iconographique commun \u00e0 tous les Ap\u00f4tres, ou avec <strong>une \u00e9p\u00e9e ou une lance<\/strong> en main, arme avec laquelle il fut tu\u00e9, et le <strong>palmier<\/strong> symbole du martyre. Mais dans d\u2019autres repr\u00e9sentations nous le voyons avec une <strong>\u00e9querre d\u2019architecte<\/strong>. En effet, Saint Thomas est, entre autres, le saint <a href=\"https:\/\/www.holyart.fr\/articles-religieux\/tapisseries-religieuses\/tapisserie-st-thomas-apotre-40x30-cm\"><strong>patron des architectes et des g\u00e9om\u00e8tres<\/strong><\/a>, outre que de l\u2019Inde et du Pakistan. Selon la l\u00e9gende, le roi de l\u2019Inde donna l\u2019\u00e9querre de dessin (ou baguette d\u2019olivier) au Saint apr\u00e8s que ce dernier eut trac\u00e9 miraculeusement le plan du palais royal. Depuis lors, l\u2019\u00e9querre est devenue un de ses attributs iconographiques.<\/p>\n<div class=\"link-product\">\n<div class=\"blocco-immagine\"><img loading=\"lazy\" decoding=\"async\" class=\"size-full wp-image-6542 alignleft\" src=\"https:\/\/blog.holyart.it\/fr\/wp-content\/uploads\/sites\/14\/2023\/06\/Tapisserie-St-Thomas-Apotre.jpg\" alt=\"Tapisserie St Thomas Apotre\" width=\"100\" height=\"100\" data-kale-share-title=\"Saint Thomas, l\u2019ap\u00f4tre incr\u00e9dule\" data-kale-share-url=\"https:\/\/blog.holyart.it\/fr\/?p=6535\" \/><\/div>\n<div class=\"blocco-contenuto\">\n<div class=\"blocco-acquista\">Acheter sur Holyart:<\/div>\n<div class=\"blocco-titolo\"><a href=\"https:\/\/www.holyart.fr\/articles-religieux\/tapisseries-religieuses\/tapisserie-st-thomas-apotre-40x30-cm\">Tapisserie St Thomas Ap\u00f4tre 40&#215;30 cm<\/a><\/div>\n<div class=\"blocco-descrizione\">Tapisserie de Saint Thomas Ap\u00f4tre en tissu Jacquard, enti\u00e8rement confectionn\u00e9e et finie \u00e0 la main en Italie.<\/div>\n<\/div>\n<\/div>\n<p>Une autre sc\u00e8ne qui voit Saint Thomas comme protagoniste et qui revient r\u00e9guli\u00e8rement dans l\u2019art sacr\u00e9 est tir\u00e9e des \u00e9vangiles apocryphes. Thomas, toujours suspicieux, ne voulait pas croire \u00e0 l\u2019<a href=\"https:\/\/www.holyart.fr\/blog\/occasions-speciales\/lassomption-de-marie-et-les-celebrations-les-plus-caracteristiques\/\"><strong>Assomption de Marie<\/strong><\/a>. Afin de le convaincre, la Vierge se pencha du ciel et lui <strong>lan\u00e7a sa ceinture<\/strong>.<\/p>\n<p>En revenant \u00e0 la sc\u00e8ne de l\u2019incr\u00e9dulit\u00e9, elle fut repr\u00e9sent\u00e9e entre autres par le peintre italien <strong>Caravage<\/strong> dans une c\u00e9l\u00e8bre peinture \u00e0 l\u2019huile r\u00e9alis\u00e9e entre 1600 et 1601 et expos\u00e9e dans la Bildegalerie de Potsdam. Le tableau montre, avec le style sublime et les jeux de lumi\u00e8res et d\u2019ombres qui ont rendu l\u2019\u0153uvre du peintre formidable, le moment exact de la constatation de la part de Thomas des blessures sur le corps de J\u00e9sus.<\/p>\n<h2>Saint Thomas et son oeuvre d\u2019\u00e9vang\u00e9lisation<\/h2>\n<p>Mais Saint Thomas fut \u00e9galement protagoniste d\u2019une <strong>grande \u0153uvre d\u2019\u00e9vang\u00e9lisation<\/strong>, qui l\u2019amena en <strong>Syrie, Perse, Inde et Chine<\/strong>. Apr\u00e8s s\u2019\u00eatre rendu en Syrie et avoir \u00e9vang\u00e9lis\u00e9 \u00c9desse, il se d\u00e9pla\u00e7a \u00e0 Babylone, en M\u00e9sopotamie, o\u00f9 il fonda la <strong>premi\u00e8re communaut\u00e9 chr\u00e9tienne<\/strong> et resta pendant sept ans. Ensuite il se rendit en Inde, o\u00f9 il fr\u00e9quenta la communaut\u00e9 juive en gagnant des fid\u00e8les et de l\u2019Inde arriva en Chine. Ce fut une fois retourn\u00e9 en Inde qu\u2019il connut le <strong>martyre<\/strong> en 72 apr. J.-C., tu\u00e9 par un coup de lance (ou d\u2019\u00e9p\u00e9e) par ordre du roi Misdaeu.<\/p>\n<div class=\"link-product\">\n<div class=\"blocco-immagine\"><img loading=\"lazy\" decoding=\"async\" class=\"size-full wp-image-6543 alignleft\" src=\"https:\/\/blog.holyart.it\/fr\/wp-content\/uploads\/sites\/14\/2023\/06\/Calice-mod.-San-Tommaso.jpg\" alt=\"Calice mod. San Tommaso\" width=\"100\" height=\"100\" data-kale-share-title=\"Saint Thomas, l\u2019ap\u00f4tre incr\u00e9dule\" data-kale-share-url=\"https:\/\/blog.holyart.it\/fr\/?p=6535\" \/><\/div>\n<div class=\"blocco-contenuto\">\n<div class=\"blocco-acquista\">Acheter sur Holyart:<\/div>\n<div class=\"blocco-titolo\"><a href=\"https:\/\/www.holyart.fr\/accessoires-pour-la-liturgie\/calices-ciboires-patenes\/calices-ciboires-patenes-en-metal\/calice-mod.-san-tommaso-15-cm-laiton\">Calice mod. San Tommaso <\/a><\/div>\n<div class=\"blocco-descrizione\">Un mod\u00e8le orginale de la gamme Forma Fluens de l&rsquo;argenterie Rossi et Arcandi.<\/div>\n<\/div>\n<\/div>\n<h2>\u00c9vangile de Saint Thomas<\/h2>\n<p>De Saint Thomas nous est parvenu \u00e9galement <strong>un \u00c9vangile apocryphe<\/strong>, un texte copte qui ne raconte pas la vie de J\u00e9sus, comme le font les \u00c9vangiles canoniques, mais recueille Ses paroles. Rappelons que les <a href=\"https:\/\/www.holyart.fr\/blog\/articles-religieux\/evangiles-apocryphes-de-quoi-sagit-il-et-les-differences-par-rapport-aux-canoniques\/\"><strong>\u00e9vangiles apocryphes<\/strong><\/a>, souvent fragmentaires, sont post\u00e9rieurs \u00e0 l\u2019\u00e9poque d\u00e9finie apostolique et ne sont pas reconnus comme canoniques par le magistrat de l\u2019\u00c9glise. Li\u00e9s \u00e0 la naissance des premi\u00e8res communaut\u00e9s chr\u00e9tiennes, ils \u00e9taient r\u00e9dig\u00e9s afin d\u2019approfondir des sujets abord\u00e9s par les \u00c9vangiles canoniques et pour recueillir des informations ult\u00e9rieures sur la vie de J\u00e9sus et de qui l\u2019avait connu. Dans l\u2019\u00c9vangile selon <a href=\"https:\/\/www.holyart.fr\/articles-religieux\/dvd-religieux\/thomas\"><strong>Thomas<\/strong><\/a>, le Royaume de Dieu est d\u00e9j\u00e0 sur Terre, visible uniquement aux hommes dispos\u00e9s \u00e0 se faire illuminer par la lumi\u00e8re divine, pr\u00e9sente en chacun d\u2019eux. Pour un pessimiste chronique, cela ne semble pas un mauvais pr\u00e9suppos\u00e9 !<\/p>\n<div class=\"link-article\">\n<p><img loading=\"lazy\" decoding=\"async\" class=\"size-full wp-image-6544 alignleft\" src=\"https:\/\/blog.holyart.it\/fr\/wp-content\/uploads\/sites\/14\/2023\/06\/evangiles-Apocryphes.jpeg\" alt=\"evangiles Apocryphes\" width=\"150\" height=\"99\" data-kale-share-title=\"Saint Thomas, l\u2019ap\u00f4tre incr\u00e9dule\" data-kale-share-url=\"https:\/\/blog.holyart.it\/fr\/?p=6535\" \/><\/p>\n<div class=\"leggi-anche\">Lire aussi :<\/div>\n<p><strong><a href=\"https:\/\/www.holyart.fr\/blog\/articles-religieux\/evangiles-apocryphes-de-quoi-sagit-il-et-les-differences-par-rapport-aux-canoniques\/\">\u00c9vangiles Apocryphes : de quoi s\u2019agit-il et les diff\u00e9rences par rapport aux canoniques<\/a><\/strong><br \/>\nLes \u00e9vangiles apocryphes ne font pas partie du Nouveau Testament&#8230;<\/p>\n<\/div>\n","protected":false},"excerpt":{"rendered":"<p>Parlons de Saint Thomas, l\u2019ap\u00f4tre incr\u00e9dule, tr\u00e8s fid\u00e8le disciple de J\u00e9sus, grand \u00e9vang\u00e9lisateur, rappel\u00e9 en particulier pour son scepticisme, mais homme d\u2019une foi immense et solide. Parmi les ap\u00f4tres qui suivirent J\u00e9sus jusqu\u2019\u00e0 ses derniers jours, il y en a un dont on se souvient&hellip;<\/p>\n","protected":false},"author":1,"featured_media":6546,"comment_status":"closed","ping_status":"open","sticky":false,"template":"","format":"standard","meta":{"_acf_changed":false,"footnotes":""},"categories":[7],"tags":[],"class_list":["post-6535","post","type-post","status-publish","format-standard","has-post-thumbnail","hentry","category-saints-et-bienheureux"],"acf":[],"yoast_head":"<!-- This site is optimized with the Yoast SEO plugin v26.6 - https:\/\/yoast.com\/wordpress\/plugins\/seo\/ -->\n<title>Saint Thomas, l\u2019ap\u00f4tre incr\u00e9dule - Holyart.fr Blog<\/title>\n<meta name=\"description\" content=\"Saint Thomas ap\u00f4tre, sceptique et incr\u00e9dule, mais aussi anim\u00e9 par une tr\u00e8s grande foi qui l\u2019a amen\u00e9 au bout du monde.\" \/>\n<meta name=\"robots\" content=\"index, follow, max-snippet:-1, max-image-preview:large, max-video-preview:-1\" \/>\n<link rel=\"canonical\" href=\"https:\/\/blog.holyart.it\/fr\/saints-et-bienheureux\/saint-thomas-lapotre-incredule\/\" \/>\n<meta property=\"og:locale\" content=\"fr_FR\" \/>\n<meta property=\"og:type\" content=\"article\" \/>\n<meta property=\"og:title\" content=\"Saint Thomas, l\u2019ap\u00f4tre incr\u00e9dule - Holyart.fr Blog\" \/>\n<meta property=\"og:description\" content=\"Saint Thomas ap\u00f4tre, sceptique et incr\u00e9dule, mais aussi anim\u00e9 par une tr\u00e8s grande foi qui l\u2019a amen\u00e9 au bout du monde.\" \/>\n<meta property=\"og:url\" content=\"https:\/\/blog.holyart.it\/fr\/saints-et-bienheureux\/saint-thomas-lapotre-incredule\/\" \/>\n<meta property=\"og:site_name\" content=\"Holyart.fr Blog\" \/>\n<meta property=\"article:published_time\" content=\"2023-06-28T09:00:32+00:00\" \/>\n<meta property=\"article:modified_time\" content=\"2025-06-03T13:51:19+00:00\" \/>\n<meta property=\"og:image\" content=\"https:\/\/blog.holyart.it\/fr\/wp-content\/uploads\/sites\/14\/2023\/06\/Saint-Thomas.jpg\" \/>\n\t<meta property=\"og:image:width\" content=\"1000\" \/>\n\t<meta property=\"og:image:height\" content=\"666\" \/>\n\t<meta property=\"og:image:type\" content=\"image\/jpeg\" \/>\n<meta name=\"author\" content=\"Redazione\" \/>\n<meta name=\"twitter:card\" content=\"summary_large_image\" \/>\n<meta name=\"twitter:label1\" content=\"\u00c9crit par\" \/>\n\t<meta name=\"twitter:data1\" content=\"Redazione\" \/>\n\t<meta name=\"twitter:label2\" content=\"Dur\u00e9e de lecture estim\u00e9e\" \/>\n\t<meta name=\"twitter:data2\" content=\"8 minutes\" \/>\n<script type=\"application\/ld+json\" class=\"yoast-schema-graph\">{\"@context\":\"https:\/\/schema.org\",\"@graph\":[{\"@type\":\"Article\",\"@id\":\"https:\/\/blog.holyart.it\/fr\/saints-et-bienheureux\/saint-thomas-lapotre-incredule\/#article\",\"isPartOf\":{\"@id\":\"https:\/\/blog.holyart.it\/fr\/saints-et-bienheureux\/saint-thomas-lapotre-incredule\/\"},\"author\":{\"name\":\"Redazione\",\"@id\":\"https:\/\/blog.holyart.it\/fr\/#\/schema\/person\/0a7b686e5af0f856ec1e390dd0baecda\"},\"headline\":\"Saint Thomas, l\u2019ap\u00f4tre incr\u00e9dule\",\"datePublished\":\"2023-06-28T09:00:32+00:00\",\"dateModified\":\"2025-06-03T13:51:19+00:00\",\"mainEntityOfPage\":{\"@id\":\"https:\/\/blog.holyart.it\/fr\/saints-et-bienheureux\/saint-thomas-lapotre-incredule\/\"},\"wordCount\":1455,\"publisher\":{\"@id\":\"https:\/\/blog.holyart.it\/fr\/#organization\"},\"image\":{\"@id\":\"https:\/\/blog.holyart.it\/fr\/saints-et-bienheureux\/saint-thomas-lapotre-incredule\/#primaryimage\"},\"thumbnailUrl\":\"https:\/\/blog.holyart.it\/fr\/wp-content\/uploads\/sites\/14\/2023\/06\/Saint-Thomas.jpg\",\"articleSection\":[\"Saints et Bienheureux\"],\"inLanguage\":\"fr-FR\"},{\"@type\":\"WebPage\",\"@id\":\"https:\/\/blog.holyart.it\/fr\/saints-et-bienheureux\/saint-thomas-lapotre-incredule\/\",\"url\":\"https:\/\/blog.holyart.it\/fr\/saints-et-bienheureux\/saint-thomas-lapotre-incredule\/\",\"name\":\"Saint Thomas, l\u2019ap\u00f4tre incr\u00e9dule - Holyart.fr Blog\",\"isPartOf\":{\"@id\":\"https:\/\/blog.holyart.it\/fr\/#website\"},\"primaryImageOfPage\":{\"@id\":\"https:\/\/blog.holyart.it\/fr\/saints-et-bienheureux\/saint-thomas-lapotre-incredule\/#primaryimage\"},\"image\":{\"@id\":\"https:\/\/blog.holyart.it\/fr\/saints-et-bienheureux\/saint-thomas-lapotre-incredule\/#primaryimage\"},\"thumbnailUrl\":\"https:\/\/blog.holyart.it\/fr\/wp-content\/uploads\/sites\/14\/2023\/06\/Saint-Thomas.jpg\",\"datePublished\":\"2023-06-28T09:00:32+00:00\",\"dateModified\":\"2025-06-03T13:51:19+00:00\",\"description\":\"Saint Thomas ap\u00f4tre, sceptique et incr\u00e9dule, mais aussi anim\u00e9 par une tr\u00e8s grande foi qui l\u2019a amen\u00e9 au bout du monde.\",\"breadcrumb\":{\"@id\":\"https:\/\/blog.holyart.it\/fr\/saints-et-bienheureux\/saint-thomas-lapotre-incredule\/#breadcrumb\"},\"inLanguage\":\"fr-FR\",\"potentialAction\":[{\"@type\":\"ReadAction\",\"target\":[\"https:\/\/blog.holyart.it\/fr\/saints-et-bienheureux\/saint-thomas-lapotre-incredule\/\"]}]},{\"@type\":\"ImageObject\",\"inLanguage\":\"fr-FR\",\"@id\":\"https:\/\/blog.holyart.it\/fr\/saints-et-bienheureux\/saint-thomas-lapotre-incredule\/#primaryimage\",\"url\":\"https:\/\/blog.holyart.it\/fr\/wp-content\/uploads\/sites\/14\/2023\/06\/Saint-Thomas.jpg\",\"contentUrl\":\"https:\/\/blog.holyart.it\/fr\/wp-content\/uploads\/sites\/14\/2023\/06\/Saint-Thomas.jpg\",\"width\":1000,\"height\":666,\"caption\":\"Saint Thomas\"},{\"@type\":\"BreadcrumbList\",\"@id\":\"https:\/\/blog.holyart.it\/fr\/saints-et-bienheureux\/saint-thomas-lapotre-incredule\/#breadcrumb\",\"itemListElement\":[{\"@type\":\"ListItem\",\"position\":1,\"name\":\"Homepage\",\"item\":\"https:\/\/blog.holyart.it\/fr\/\"},{\"@type\":\"ListItem\",\"position\":2,\"name\":\"Saints et Bienheureux\",\"item\":\"https:\/\/blog.holyart.it\/fr\/saints-et-bienheureux\/\"},{\"@type\":\"ListItem\",\"position\":3,\"name\":\"Saint Thomas, l\u2019ap\u00f4tre incr\u00e9dule\"}]},{\"@type\":\"WebSite\",\"@id\":\"https:\/\/blog.holyart.it\/fr\/#website\",\"url\":\"https:\/\/blog.holyart.it\/fr\/\",\"name\":\"Holyart.fr Blog\",\"description\":\"Holyblog\",\"publisher\":{\"@id\":\"https:\/\/blog.holyart.it\/fr\/#organization\"},\"potentialAction\":[{\"@type\":\"SearchAction\",\"target\":{\"@type\":\"EntryPoint\",\"urlTemplate\":\"https:\/\/blog.holyart.it\/fr\/?s={search_term_string}\"},\"query-input\":{\"@type\":\"PropertyValueSpecification\",\"valueRequired\":true,\"valueName\":\"search_term_string\"}}],\"inLanguage\":\"fr-FR\"},{\"@type\":\"Organization\",\"@id\":\"https:\/\/blog.holyart.it\/fr\/#organization\",\"name\":\"Holyart.fr Blog\",\"url\":\"https:\/\/blog.holyart.it\/fr\/\",\"logo\":{\"@type\":\"ImageObject\",\"inLanguage\":\"fr-FR\",\"@id\":\"https:\/\/blog.holyart.it\/fr\/#\/schema\/logo\/image\/\",\"url\":\"https:\/\/blog.holyart.it\/fr\/wp-content\/uploads\/sites\/14\/2022\/12\/Holyart_Blog_Logo.jpg\",\"contentUrl\":\"https:\/\/blog.holyart.it\/fr\/wp-content\/uploads\/sites\/14\/2022\/12\/Holyart_Blog_Logo.jpg\",\"width\":300,\"height\":50,\"caption\":\"Holyart.fr Blog\"},\"image\":{\"@id\":\"https:\/\/blog.holyart.it\/fr\/#\/schema\/logo\/image\/\"}},{\"@type\":\"Person\",\"@id\":\"https:\/\/blog.holyart.it\/fr\/#\/schema\/person\/0a7b686e5af0f856ec1e390dd0baecda\",\"name\":\"Redazione\",\"image\":{\"@type\":\"ImageObject\",\"inLanguage\":\"fr-FR\",\"@id\":\"https:\/\/blog.holyart.it\/fr\/#\/schema\/person\/image\/\",\"url\":\"https:\/\/secure.gravatar.com\/avatar\/f477da817f43e50d0af36abecd33e3edf826c68299714bdc1057dff3b113f516?s=96&d=mm&r=g\",\"contentUrl\":\"https:\/\/secure.gravatar.com\/avatar\/f477da817f43e50d0af36abecd33e3edf826c68299714bdc1057dff3b113f516?s=96&d=mm&r=g\",\"caption\":\"Redazione\"},\"url\":\"https:\/\/blog.holyart.it\/fr\/author\/admin\/\"}]}<\/script>\n<!-- \/ Yoast SEO plugin. -->","yoast_head_json":{"title":"Saint Thomas, l\u2019ap\u00f4tre incr\u00e9dule - Holyart.fr Blog","description":"Saint Thomas ap\u00f4tre, sceptique et incr\u00e9dule, mais aussi anim\u00e9 par une tr\u00e8s grande foi qui l\u2019a amen\u00e9 au bout du monde.","robots":{"index":"index","follow":"follow","max-snippet":"max-snippet:-1","max-image-preview":"max-image-preview:large","max-video-preview":"max-video-preview:-1"},"canonical":"https:\/\/blog.holyart.it\/fr\/saints-et-bienheureux\/saint-thomas-lapotre-incredule\/","og_locale":"fr_FR","og_type":"article","og_title":"Saint Thomas, l\u2019ap\u00f4tre incr\u00e9dule - Holyart.fr Blog","og_description":"Saint Thomas ap\u00f4tre, sceptique et incr\u00e9dule, mais aussi anim\u00e9 par une tr\u00e8s grande foi qui l\u2019a amen\u00e9 au bout du monde.","og_url":"https:\/\/blog.holyart.it\/fr\/saints-et-bienheureux\/saint-thomas-lapotre-incredule\/","og_site_name":"Holyart.fr Blog","article_published_time":"2023-06-28T09:00:32+00:00","article_modified_time":"2025-06-03T13:51:19+00:00","og_image":[{"width":1000,"height":666,"url":"https:\/\/blog.holyart.it\/fr\/wp-content\/uploads\/sites\/14\/2023\/06\/Saint-Thomas.jpg","type":"image\/jpeg"}],"author":"Redazione","twitter_card":"summary_large_image","twitter_misc":{"\u00c9crit par":"Redazione","Dur\u00e9e de lecture estim\u00e9e":"8 minutes"},"schema":{"@context":"https:\/\/schema.org","@graph":[{"@type":"Article","@id":"https:\/\/blog.holyart.it\/fr\/saints-et-bienheureux\/saint-thomas-lapotre-incredule\/#article","isPartOf":{"@id":"https:\/\/blog.holyart.it\/fr\/saints-et-bienheureux\/saint-thomas-lapotre-incredule\/"},"author":{"name":"Redazione","@id":"https:\/\/blog.holyart.it\/fr\/#\/schema\/person\/0a7b686e5af0f856ec1e390dd0baecda"},"headline":"Saint Thomas, l\u2019ap\u00f4tre incr\u00e9dule","datePublished":"2023-06-28T09:00:32+00:00","dateModified":"2025-06-03T13:51:19+00:00","mainEntityOfPage":{"@id":"https:\/\/blog.holyart.it\/fr\/saints-et-bienheureux\/saint-thomas-lapotre-incredule\/"},"wordCount":1455,"publisher":{"@id":"https:\/\/blog.holyart.it\/fr\/#organization"},"image":{"@id":"https:\/\/blog.holyart.it\/fr\/saints-et-bienheureux\/saint-thomas-lapotre-incredule\/#primaryimage"},"thumbnailUrl":"https:\/\/blog.holyart.it\/fr\/wp-content\/uploads\/sites\/14\/2023\/06\/Saint-Thomas.jpg","articleSection":["Saints et Bienheureux"],"inLanguage":"fr-FR"},{"@type":"WebPage","@id":"https:\/\/blog.holyart.it\/fr\/saints-et-bienheureux\/saint-thomas-lapotre-incredule\/","url":"https:\/\/blog.holyart.it\/fr\/saints-et-bienheureux\/saint-thomas-lapotre-incredule\/","name":"Saint Thomas, l\u2019ap\u00f4tre incr\u00e9dule - Holyart.fr Blog","isPartOf":{"@id":"https:\/\/blog.holyart.it\/fr\/#website"},"primaryImageOfPage":{"@id":"https:\/\/blog.holyart.it\/fr\/saints-et-bienheureux\/saint-thomas-lapotre-incredule\/#primaryimage"},"image":{"@id":"https:\/\/blog.holyart.it\/fr\/saints-et-bienheureux\/saint-thomas-lapotre-incredule\/#primaryimage"},"thumbnailUrl":"https:\/\/blog.holyart.it\/fr\/wp-content\/uploads\/sites\/14\/2023\/06\/Saint-Thomas.jpg","datePublished":"2023-06-28T09:00:32+00:00","dateModified":"2025-06-03T13:51:19+00:00","description":"Saint Thomas ap\u00f4tre, sceptique et incr\u00e9dule, mais aussi anim\u00e9 par une tr\u00e8s grande foi qui l\u2019a amen\u00e9 au bout du monde.","breadcrumb":{"@id":"https:\/\/blog.holyart.it\/fr\/saints-et-bienheureux\/saint-thomas-lapotre-incredule\/#breadcrumb"},"inLanguage":"fr-FR","potentialAction":[{"@type":"ReadAction","target":["https:\/\/blog.holyart.it\/fr\/saints-et-bienheureux\/saint-thomas-lapotre-incredule\/"]}]},{"@type":"ImageObject","inLanguage":"fr-FR","@id":"https:\/\/blog.holyart.it\/fr\/saints-et-bienheureux\/saint-thomas-lapotre-incredule\/#primaryimage","url":"https:\/\/blog.holyart.it\/fr\/wp-content\/uploads\/sites\/14\/2023\/06\/Saint-Thomas.jpg","contentUrl":"https:\/\/blog.holyart.it\/fr\/wp-content\/uploads\/sites\/14\/2023\/06\/Saint-Thomas.jpg","width":1000,"height":666,"caption":"Saint Thomas"},{"@type":"BreadcrumbList","@id":"https:\/\/blog.holyart.it\/fr\/saints-et-bienheureux\/saint-thomas-lapotre-incredule\/#breadcrumb","itemListElement":[{"@type":"ListItem","position":1,"name":"Homepage","item":"https:\/\/blog.holyart.it\/fr\/"},{"@type":"ListItem","position":2,"name":"Saints et Bienheureux","item":"https:\/\/blog.holyart.it\/fr\/saints-et-bienheureux\/"},{"@type":"ListItem","position":3,"name":"Saint Thomas, l\u2019ap\u00f4tre incr\u00e9dule"}]},{"@type":"WebSite","@id":"https:\/\/blog.holyart.it\/fr\/#website","url":"https:\/\/blog.holyart.it\/fr\/","name":"Holyart.fr Blog","description":"Holyblog","publisher":{"@id":"https:\/\/blog.holyart.it\/fr\/#organization"},"potentialAction":[{"@type":"SearchAction","target":{"@type":"EntryPoint","urlTemplate":"https:\/\/blog.holyart.it\/fr\/?s={search_term_string}"},"query-input":{"@type":"PropertyValueSpecification","valueRequired":true,"valueName":"search_term_string"}}],"inLanguage":"fr-FR"},{"@type":"Organization","@id":"https:\/\/blog.holyart.it\/fr\/#organization","name":"Holyart.fr Blog","url":"https:\/\/blog.holyart.it\/fr\/","logo":{"@type":"ImageObject","inLanguage":"fr-FR","@id":"https:\/\/blog.holyart.it\/fr\/#\/schema\/logo\/image\/","url":"https:\/\/blog.holyart.it\/fr\/wp-content\/uploads\/sites\/14\/2022\/12\/Holyart_Blog_Logo.jpg","contentUrl":"https:\/\/blog.holyart.it\/fr\/wp-content\/uploads\/sites\/14\/2022\/12\/Holyart_Blog_Logo.jpg","width":300,"height":50,"caption":"Holyart.fr Blog"},"image":{"@id":"https:\/\/blog.holyart.it\/fr\/#\/schema\/logo\/image\/"}},{"@type":"Person","@id":"https:\/\/blog.holyart.it\/fr\/#\/schema\/person\/0a7b686e5af0f856ec1e390dd0baecda","name":"Redazione","image":{"@type":"ImageObject","inLanguage":"fr-FR","@id":"https:\/\/blog.holyart.it\/fr\/#\/schema\/person\/image\/","url":"https:\/\/secure.gravatar.com\/avatar\/f477da817f43e50d0af36abecd33e3edf826c68299714bdc1057dff3b113f516?s=96&d=mm&r=g","contentUrl":"https:\/\/secure.gravatar.com\/avatar\/f477da817f43e50d0af36abecd33e3edf826c68299714bdc1057dff3b113f516?s=96&d=mm&r=g","caption":"Redazione"},"url":"https:\/\/blog.holyart.it\/fr\/author\/admin\/"}]}},"_links":{"self":[{"href":"https:\/\/blog.holyart.it\/fr\/wp-json\/wp\/v2\/posts\/6535","targetHints":{"allow":["GET"]}}],"collection":[{"href":"https:\/\/blog.holyart.it\/fr\/wp-json\/wp\/v2\/posts"}],"about":[{"href":"https:\/\/blog.holyart.it\/fr\/wp-json\/wp\/v2\/types\/post"}],"author":[{"embeddable":true,"href":"https:\/\/blog.holyart.it\/fr\/wp-json\/wp\/v2\/users\/1"}],"replies":[{"embeddable":true,"href":"https:\/\/blog.holyart.it\/fr\/wp-json\/wp\/v2\/comments?post=6535"}],"version-history":[{"count":3,"href":"https:\/\/blog.holyart.it\/fr\/wp-json\/wp\/v2\/posts\/6535\/revisions"}],"predecessor-version":[{"id":6547,"href":"https:\/\/blog.holyart.it\/fr\/wp-json\/wp\/v2\/posts\/6535\/revisions\/6547"}],"wp:featuredmedia":[{"embeddable":true,"href":"https:\/\/blog.holyart.it\/fr\/wp-json\/wp\/v2\/media\/6546"}],"wp:attachment":[{"href":"https:\/\/blog.holyart.it\/fr\/wp-json\/wp\/v2\/media?parent=6535"}],"wp:term":[{"taxonomy":"category","embeddable":true,"href":"https:\/\/blog.holyart.it\/fr\/wp-json\/wp\/v2\/categories?post=6535"},{"taxonomy":"post_tag","embeddable":true,"href":"https:\/\/blog.holyart.it\/fr\/wp-json\/wp\/v2\/tags?post=6535"}],"curies":[{"name":"wp","href":"https:\/\/api.w.org\/{rel}","templated":true}]}}