{"id":6460,"date":"2023-06-14T12:00:22","date_gmt":"2023-06-14T10:00:22","guid":{"rendered":"https:\/\/blog.holyart.it\/fr\/?p=6460"},"modified":"2026-04-03T15:58:08","modified_gmt":"2026-04-03T13:58:08","slug":"quand-la-saintete-est-de-famille-histoires-de-freres-et-soeurs-devenus-saints-ensemble","status":"publish","type":"post","link":"https:\/\/blog.holyart.it\/fr\/saints-et-bienheureux\/quand-la-saintete-est-de-famille-histoires-de-freres-et-soeurs-devenus-saints-ensemble\/","title":{"rendered":"Quand la saintet\u00e9 est de famille : histoires de fr\u00e8res et s\u0153urs devenus saints ensemble"},"content":{"rendered":"<h4>Histoires de saints fr\u00e8res et s\u0153urs. Quand la saintet\u00e9 est une affaire de famille. De Saints Cyrille et M\u00e9thode, co-patrons de l\u2019Europe, \u00e0 Saint Beno\u00eet et Sainte Scolastique, unis dans la vie et dans la mort.<\/h4>\n\n<p>Quand est-ce qu\u2019un Saint devient tel\u00a0? En \u00e9tudiant et en parcourant les nombreuses histoires de saints transmises par des documents agiographiques \u00e0 caract\u00e8re liturgique, comme les martyrologues et les calendriers, et par des textes narratifs de caract\u00e8re d\u00e9votionnel, comme les <em>Passiones<\/em>, les histoires de miracles et reliques, et encore par des repr\u00e9sentations iconographiques d\u2019art sacr\u00e9 ou li\u00e9es au culte, nous d\u00e9couvrons comment pour des nombreux saints, hommes et femmes, le chemin menant \u00e0 la saintet\u00e9 a commenc\u00e9 <strong>en famille<\/strong>. Pensons \u00e0 <strong>Saint Augustin<\/strong>, probablement un des exemples les plus significatifs. Sa m\u00e8re, <a href=\"https:\/\/www.holyart.fr\/blog\/saints-et-bienheureux\/sainte-monique-sainte-patronne-des-meres-et-exemple-pour-les-femmes\/\"><strong><u>Sainte Monique<\/u><\/strong><\/a>, d\u00e9dia toute sa vie \u00e0 corriger les mauvaises habitudes de son fils, \u00e0 redresser son inclinaison au p\u00e9ch\u00e9 et \u00e0 la d\u00e9bauche, jusqu\u2019\u00e0 arriver \u00e0 le convaincre \u00e0 se confier \u00e0<a href=\"https:\/\/www.holyart.fr\/blog\/noel\/saint-ambroise-qui-etait-le-saint-patron-de-milan\/\"> <strong><u>Saint Ambroise<\/u><\/strong><\/a> et \u00e0 choisir la voie de la saintet\u00e9. Pour cela, Saint Augustin ne fut jamais suffisamment reconnaissant envers sa m\u00e8re, comme nous le lisons dans ses <strong><u>Confessions<\/u><\/strong>.<\/p>\n<div class=\"link-article\">\n<div class=\"link-article\">\n<p><img loading=\"lazy\" decoding=\"async\" class=\"size-full wp-image-6463 alignleft\" src=\"https:\/\/blog.holyart.it\/fr\/wp-content\/uploads\/sites\/14\/2023\/05\/Sainte-Monique.jpg\" alt=\"Sainte Monique\" width=\"150\" height=\"99\" data-kale-share-title=\"Quand la saintet\u00e9 est de famille : histoires de fr\u00e8res et s\u0153urs devenus saints ensemble\" data-kale-share-url=\"https:\/\/blog.holyart.it\/fr\/?p=6460\" \/><\/p>\n<div class=\"leggi-anche\">Lire aussi :<\/div>\n<p><strong><a href=\"https:\/\/www.holyart.fr\/blog\/saints-et-bienheureux\/sainte-monique-sainte-patronne-des-meres-et-exemple-pour-les-femmes\/\">Sainte Monique : Sainte Patronne des m\u00e8res et exemple pour les femmes<\/a><\/strong><br \/>\nSainte Monique d\u2019Hippone fut une femme dou\u00e9e d\u2019une extraordinaire force d\u2019\u00e2me et d\u2019une foi in\u00e9branlable.<\/p>\n<\/div>\n<\/div>\n<p>Mais il existe \u00e9galement des histoires de saints et saintes qui ont entrepris le chemin vers la Gr\u00e2ce et, en de nombreux cas, vers le martyr aussi, <strong>avec leur propre fr\u00e8re ou leur s\u0153ur<\/strong>. Unis dans la saintet\u00e9 comme dans la vie, mod\u00e8le et encouragement l\u2019un pour l\u2019autre, parfois <strong><a href=\"https:\/\/www.holyart.fr\/blog\/articles-religieux\/saints-martyrs-sacrifier-sa-vie-au-nom-de-dieu\/\"><u>martyrs ensemble<\/u><\/a><\/strong>, au nom de leurs fois, ces hommes et ces femmes repr\u00e9sentent un mod\u00e8le enviable de comment dans le contexte de la m\u00eame famille il est possible que le pr\u00e9cieux bourgeon de la b\u00e9atitude germe non pas une, mais deux fois, voir plus. Au contraire, il est naturel penser \u00e0 comment ces saints fr\u00e8res et s\u0153urs se sont inspir\u00e9s, incit\u00e9s, soutenus l\u2019un l\u2019autre, comme seulement les fr\u00e8res savent le faire.<\/p>\n<div class=\"link-article\">\n<p><img loading=\"lazy\" decoding=\"async\" class=\"size-full wp-image-6467 alignleft\" src=\"https:\/\/blog.holyart.it\/fr\/wp-content\/uploads\/sites\/14\/2023\/05\/Saints-Martyrs.jpg\" alt=\"Saints Martyrs\" width=\"150\" height=\"99\" data-kale-share-title=\"Quand la saintet\u00e9 est de famille : histoires de fr\u00e8res et s\u0153urs devenus saints ensemble\" data-kale-share-url=\"https:\/\/blog.holyart.it\/fr\/?p=6460\" \/><\/p>\n<div class=\"leggi-anche\">Lire aussi :<\/div>\n<p><strong><a href=\"https:\/\/www.holyart.fr\/blog\/articles-religieux\/saints-martyrs-sacrifier-sa-vie-au-nom-de-dieu\/\">Saints Martyrs : sacrifier sa vie au nom de Dieu<\/a><\/strong><br \/>\nLes Saints Martyrs sont des hommes et des femmes, souvent tr\u00e8s jeunes, qui ont sacrifi\u00e9 leur vie pour amour de Dieu<\/p>\n<\/div>\n<p>Voyons ensemble les vies des saints fr\u00e8res et s\u0153urs les plus c\u00e9l\u00e8bres.<\/p>\n<h2>Saints Donatien et Rogatien<\/h2>\n<p>\u00c0 <strong>Nantes<\/strong>, dans la vall\u00e9e de la Loire, deux croix en pierre rappellent <strong>Saint Donatien et Saint Rogatien<\/strong>. Tous les deux \u00e0 peine plus que des enfants, le premier \u00e9tait d\u00e9j\u00e0 baptis\u00e9 et le deuxi\u00e8me encore cat\u00e9chum\u00e8ne, mais tous les deux <strong>pr\u00eachaient la Parole de Dieu<\/strong>. Pour cette raison ils attir\u00e8rent sur eux la pers\u00e9cution de l\u2019empereur Maximien. Arr\u00eat\u00e9s ensemble, ils pass\u00e8rent la nuit \u00e0 prier et furent ensuite tortur\u00e9s, \u00e9corch\u00e9s et tu\u00e9s. Leurs restes ont \u00e9t\u00e9 d\u00e9pos\u00e9s ensemble dans un sarcophage en pierre et leur culte est un des plus r\u00e9pandus dans la vall\u00e9e de la Loire et en France. Leur m\u00e9moire liturgique tombe le 24 mai.<\/p>\n<h2>Saint Cyrille et Saint M\u00e9thode<\/h2>\n<p>En parlant de <strong>Saint Beno\u00eet patron de l\u2019Europe<\/strong>, il est in\u00e9vitable de citer \u00e9galement <strong><a href=\"https:\/\/www.holyart.fr\/blog\/saints-et-bienheureux\/saints-saintes-ont-change-monde\/\">Saint <u>Cyrille et Saint M\u00e9thode<\/u><\/a>, ses co-patrons<\/strong>. Originaires de la Thessalonique, en Gr\u00e8ce, ils furent parmi les principaux promoteurs de l\u2019<strong>\u00e9vang\u00e9lisation des peuples slaves <\/strong>au IX si\u00e8cle apr. J.-C. Peuples slaves dont ils sont \u00e9galement devenus les saints patrons. Fils d\u2019un gouverneur militaire, ils v\u00e9curent les conflits et les tensions entre les \u00c9glise d\u2019Orient et d\u2019Occident et voyag\u00e8rent jusqu\u2019\u00e0 Rome, o\u00f9 ils rencontr\u00e8rent pape Nicolas I qui \u00e9tablit avec eux les modalit\u00e9s d\u2019\u00e9vang\u00e9lisation des populations slaves et la langue qu\u2019il \u00e9tait le plus opportun d\u2019utiliser. Toujours \u00e0 Rome, M\u00e9thode pronon\u00e7a ses v\u0153ux et ainsi fit Cyrille aussi (qui s\u2019appelait Constantin), qui entretemps tomba malade et mourut, enterr\u00e9 ensuite dans la basilique de Saint Cl\u00e9ment. Les deux saints fr\u00e8res eurent une vie tr\u00e8s aventureuse. \u00c0 un moment donn\u00e9 ils furent m\u00eame captur\u00e9s et vendus comme esclaves \u00e0 Venise. Ce fut <a href=\"https:\/\/www.holyart.fr\/occasions-speciales\/jean-paul-ii\"><strong>Pape Jean-Paul II<\/strong><\/a> en 1980 qui les \u00e9lut co-patrons de l\u2019Europe avec Saint Beno\u00eet de Nursie.<\/p>\n<div class=\"link-article\">\n<p><img loading=\"lazy\" decoding=\"async\" class=\"size-full wp-image-6470 alignleft\" src=\"https:\/\/blog.holyart.it\/fr\/wp-content\/uploads\/sites\/14\/2023\/05\/Les-saints-et-les-saintes.jpg\" alt=\"Les saints et les saintes\" width=\"150\" height=\"99\" data-kale-share-title=\"Quand la saintet\u00e9 est de famille : histoires de fr\u00e8res et s\u0153urs devenus saints ensemble\" data-kale-share-url=\"https:\/\/blog.holyart.it\/fr\/?p=6460\" \/><\/p>\n<div class=\"leggi-anche\">Lire aussi :<\/div>\n<p><strong><a href=\"https:\/\/www.holyart.fr\/blog\/saints-et-bienheureux\/saints-saintes-ont-change-monde\/\">Les saints et les saintes qui ont chang\u00e9 le monde<\/a><\/strong><br \/>\nL\u2019Histoire de l\u2019Europe et de l\u2019Occident comme nous le connaissons passe \u00e0 travers une s\u00e9rie continue de subversions politiques<\/p>\n<\/div>\n<h2>Sainte Marthe et Saint Lazare<\/h2>\n<p>Le 29 juillet on f\u00eate <a href=\"https:\/\/www.holyart.fr\/blog\/saints-et-bienheureux\/marthe-marie-et-lazare-les-amis-de-jesus\/\"><strong><u>Marthe, Marie et Lazare<\/u><\/strong><\/a>, les saints amis de J\u00e9sus. D\u2019eux nous savons qu\u2019ils habitaient \u00e0 B\u00e9thanie, non loin de J\u00e9rusalem. <a href=\"https:\/\/www.holyart.fr\/articles-religieux\/statues\/statues-en-resine-et-pvc\/sainte-marthe-20-cm-en-resine\"><strong>Marthe<\/strong><\/a> \u00e9tait la plus attentionn\u00e9e, elle s\u2019inqui\u00e9tait de la maison et du bien-\u00eatre de son fr\u00e8re, de sa s\u0153ur et de leur h\u00f4te, J\u00e9sus, afin qu\u2019il ait toujours de quoi boire et manger et qu\u2019il se sente comme chez Lui. Marie, assise aux pieds de J\u00e9sus, buvait les paroles de J\u00e9sus, avidement, tandis que Lazare, discret, veillait sur ses s\u0153urs et sur son ami comme un gardien silencieux. Quand Lazare tomba malade soudainement et mourut, Marthe pleura devant J\u00e9sus, en affirmant que s\u2019il avait \u00e9t\u00e9 pr\u00e9sent Lazare ne serait pas mort. Et J\u00e9sus, pour toute r\u00e9ponse, ramena Lazare \u00e0 la vie. Selon la <em>L\u00e9gende d\u2019or<\/em>, les trois fr\u00e8res de B\u00e9thanie, apr\u00e8s la mort de J\u00e9sus, se rendirent en France pour pr\u00eacher Sa Parole et Lazare aurait \u00e9t\u00e9 le premier \u00e9v\u00eaque de Marseille.<\/p>\n<div class=\"link-product\">\n<div class=\"blocco-immagine\"><img loading=\"lazy\" decoding=\"async\" class=\"size-full wp-image-2127 alignleft\" src=\"https:\/\/blog.holyart.it\/pt\/wp-content\/uploads\/sites\/18\/2023\/05\/cristo-redentor-1.jpg\" alt=\"cristo redentor\" width=\"100\" height=\"100\" data-kale-share-title=\"Nossa Senhora de Medjugorje e os lugares mais significativos\" data-kale-share-url=\"https:\/\/blog.holyart.it\/pt\/?p=2124\" \/><\/div>\n<div class=\"blocco-contenuto\">\n<div class=\"blocco-acquista\">Comprar Agora:<\/div>\n<div class=\"blocco-titolo\"><a href=\"https:\/\/www.holyart.fr\/articles-religieux\/statues\/statues-en-fibre-de-verre\/christ-redempteur-fibre-de-verre-peint-100cm\">Sainte Marthe 20 cm en r\u00e9sine<\/a><\/div>\n<div class=\"blocco-descrizione\">Sainte Marthe 20 cm en r\u00e9sine. Statue en r\u00e9sine peinte enti\u00e8rement \u00e0 la main repr\u00e9sentant Sainte Marthe de 20 cm<\/div>\n<\/div>\n<\/div>\n<h2>Saint Beno\u00eet et Sainte Scolastique<\/h2>\n<p><strong><a href=\"https:\/\/www.holyart.fr\/blog\/articles-religieux\/saint-benoit-le-saint-qui-a-inspire-lartisanat-italien\/\">Saint<\/a> <u>Beno\u00eet de Nursie<\/u>,<\/strong> <strong>Patron de l\u2019Europe<\/strong>, avait aussi une s\u0153ur, ou pour \u00eatre plus pr\u00e9cis, une s\u0153ur jumelle, sainte elle aussi. Il s\u2019agit de <a href=\"https:\/\/www.holyart.fr\/blog\/saints-et-bienheureux\/sainte-scholastique-la-soeur-de-saint-benoit-de-nursie\/\"><strong><u>Sainte Scolastique<\/u><\/strong><\/a>. Engag\u00e9e dans les \u00e9tudes religieuses encore enfant, ainsi comme son jumeau, par volont\u00e9 du P\u00e8re, elle fuit de Rome et de sa vie dissolue avec Beno\u00eet afin de se retirer dans un monast\u00e8re pr\u00e8s de Nursie, o\u00f9 elle fit v\u0153u de chastet\u00e9 et renon\u00e7a \u00e0 ses biens terrestres. Bien qu\u2019elle ne puisse pas rester avec Beno\u00eet, qui \u00e9tait devenu ermite, elle ne s\u2019\u00e9loigna jamais trop de son fr\u00e8re et, d\u00e8s qu\u2019elle en eut la possibilit\u00e9, elle le rejoignit \u00e0 <strong>Subiaco<\/strong>, l\u00e0 o\u00f9 il \u00e9tait en train de faire construire l\u2019Abbaye de Mont-Cassin. Scolastique aussi fit \u00e9riger un monast\u00e8re, \u00e0 seulement 7 kilom\u00e8tres de distance de celui de son fr\u00e8re, \u00e0 Piumarola, et ici elle fonda la <strong>branche f\u00e9minine de l\u2019Ordre B\u00e9n\u00e9dictin<\/strong>, les s\u0153urs b\u00e9n\u00e9dictines. Les deux fr\u00e8res <strong>se rencontraient \u00e0 mi-chemin<\/strong>, de temps en temps, pour prier ensemble et parler. Quand Scolastique se sentit proche de la mort, elle supplia Beno\u00eet de rester avec elle. Devant le refus de son jumeau, qui ne pouvait pas enfreindre la R\u00e8gle qu\u2019il avait \u00e9crit lui-m\u00eame, Scolastique pria intens\u00e9ment Dieu. Un orage tr\u00e8s violant obligea Beno\u00eet \u00e0 retarder son d\u00e9part et \u00e0 rester aupr\u00e8s de sa s\u0153ur, qui, quelques jours apr\u00e8s cette derni\u00e8re rencontre, mourut.<\/p>\n<div class=\"link-article\">\n<p><img loading=\"lazy\" decoding=\"async\" class=\"size-full wp-image-6477 alignleft\" src=\"https:\/\/blog.holyart.it\/fr\/wp-content\/uploads\/sites\/14\/2023\/05\/Les-saints-et-les-saintes-2.jpg\" alt=\"Les saints et les saintes\" width=\"150\" height=\"99\" data-kale-share-title=\"Quand la saintet\u00e9 est de famille : histoires de fr\u00e8res et s\u0153urs devenus saints ensemble\" data-kale-share-url=\"https:\/\/blog.holyart.it\/fr\/?p=6460\" \/><\/p>\n<div class=\"leggi-anche\">Lire aussi :<\/div>\n<p><strong><a href=\"https:\/\/www.holyart.fr\/blog\/saints-et-bienheureux\/sainte-scholastique-la-soeur-de-saint-benoit-de-nursie\/\">Sainte Scholastique, la s\u0153ur de Saint Beno\u00eet de Nursie<\/a><\/strong><br \/>\nLe 10 f\u00e9vrier, l\u2019\u00c9glise rappelle Saint Scholastique, s\u0153ur de Saint Beno\u00eet de Nursie<\/p>\n<\/div>\n<h2>Saint Andr\u00e9 et Saint Pierre<\/h2>\n<p>Peut-\u00eatre que tout le monde ne se souvient pas que dans les \u00c9vangiles <strong>le premier ap\u00f4tre que nous rencontrons <\/strong>n\u2019est pas Pierre, choisi par Christ comme Son successeur, ni Jean, le disciple bien-aim\u00e9, mais <strong>Andr\u00e9, le p\u00eacheur<\/strong>. Et Andr\u00e9 de Pierre, ou plut\u00f4t de Simon Pierre, \u00e9tait le fr\u00e8re. P\u00eacheur comme lui, \u00e0 Bethsa\u00efde de Galil\u00e9e, il suivait les <strong>pr\u00e9dications de Jean le Baptiste<\/strong>, et ce fut ainsi qu\u2019un jour il vit passer J\u00e9sus, d\u00e9fini par Jean le Baptiste comme <strong>l\u2019agneau de Dieu<\/strong>. Ce fut toujours Andr\u00e9, inspir\u00e9 par ces paroles, \u00e0 courir vers son fr\u00e8re Simon Pierre en d\u00e9clarant avec conviction : \u00ab\u00a0Nous avons trouv\u00e9 le Messie !\u00a0\u00bb. Andr\u00e9 apparait dans d\u2019autres passages \u00e9vang\u00e9liques et \u00e9tait bien \u00e9videmment pr\u00e9sent avec tous les autres Ap\u00f4tres et avec Marie \u00e0 J\u00e9rusalem apr\u00e8s l\u2019Ascension, le jour de la <strong>Pentec\u00f4te<\/strong>. Il subit le martyre en Gr\u00e8ce, apr\u00e8s avoir amen\u00e9 la Parole en Asie Mineur et en Russie. Il fut crucifi\u00e9 la t\u00eate en bas, sur une croix en forme de X qui, depuis lors, porte son nom : <a href=\"https:\/\/www.holyart.fr\/articles-religieux\/statues\/statues-en-resine-et-pvc\/statue-saint-andre-croix-44-cm-resine-peinte\"><strong>croix de Saint Andr\u00e9<\/strong><\/a>.<\/p>\n<div class=\"link-product\">\n<div class=\"blocco-immagine\"><img loading=\"lazy\" decoding=\"async\" class=\"size-full wp-image-6482 alignleft\" src=\"https:\/\/blog.holyart.it\/fr\/wp-content\/uploads\/sites\/14\/2023\/05\/Statue-Saint-Andre-croix-44-cm-resine-peinte-1.jpg\" alt=\"\" width=\"100\" height=\"100\" data-kale-share-title=\"Quand la saintet\u00e9 est de famille : histoires de fr\u00e8res et s\u0153urs devenus saints ensemble\" data-kale-share-url=\"https:\/\/blog.holyart.it\/fr\/?p=6460\" \/><\/div>\n<div class=\"blocco-contenuto\">\n<div class=\"blocco-acquista\">Acheter sur Holyart:<\/div>\n<div class=\"blocco-titolo\"><a href=\"https:\/\/www.holyart.fr\/articles-religieux\/statues\/statues-en-resine-et-pvc\/statue-saint-andre-croix-44-cm-resine-peinte\">Statue Saint Andr\u00e9 croix 44 cm r\u00e9sine peinte<\/a><\/div>\n<div class=\"blocco-descrizione\">Statue Saint Andr\u00e9 croix 44 cm r\u00e9sine peinte. Statue en r\u00e9sine peinte \u00e0 la main, r\u00e9alis\u00e9e en Italie par des petits laboratoires&#8230;<\/div>\n<\/div>\n<\/div>\n<h2>Sainte Marcelline et Saint Ambroise<\/h2>\n<p>Dans le cas de <strong>Sainte Marcelline et Saint Ambroise<\/strong>, les fr\u00e8res saints \u00e9taient m\u00eame <strong>trois<\/strong> : en effet, nous devons \u00e9num\u00e9rer parmi les saints de famille <strong>Saint Satyre<\/strong>, fr\u00e8re jumeau d\u2019Ambroise, avocat, pr\u00e9fet de province et administrateur des biens de famille. Marcelline \u00e9tait l\u2019a\u00een\u00e9e et \u00e9leva ses fr\u00e8res apr\u00e8s la mort de leur p\u00e8re. Elle consacra sa virginit\u00e9 \u00e0 Dieu, en recevant le <strong>voile des vierges<\/strong> de Pape Lib\u00e8re \u00e0 la No\u00ebl de 353 apr. J.-C. Pour cette raison, son fr\u00e8re lui d\u00e9dia le trait\u00e9 <em>De virginibus<\/em>. Marcelline d\u00e9dia sa vie \u00e0 l\u2019\u00e9tude, \u00e0 la pri\u00e8re et aux oeuvres de charit\u00e9, et fut toujours un pr\u00e9cieux mod\u00e8le de r\u00e9f\u00e9rence pour ses fr\u00e8res cadets, Saint Ambroise en premier.<\/p>\n<div class=\"link-product\">\n<div class=\"blocco-immagine\"><img loading=\"lazy\" decoding=\"async\" class=\"size-full wp-image-6485 alignleft\" src=\"https:\/\/blog.holyart.it\/fr\/wp-content\/uploads\/sites\/14\/2023\/05\/Saint-Ambroise-avec-ruche-bois-colore-Val-Gardena.jpg\" alt=\"Saint Ambroise avec ruche bois color\u00e9 Val Gardena\" width=\"100\" height=\"100\" data-kale-share-title=\"Quand la saintet\u00e9 est de famille : histoires de fr\u00e8res et s\u0153urs devenus saints ensemble\" data-kale-share-url=\"https:\/\/blog.holyart.it\/fr\/?p=6460\" \/><\/div>\n<div class=\"blocco-contenuto\">\n<div class=\"blocco-acquista\">Acheter sur Holyart:<\/div>\n<div class=\"blocco-titolo\"><a href=\"https:\/\/www.holyart.fr\/articles-religieux\/statues\/statues-en-bois-peint\/saint-ambroise-avec-ruche-bois-colore-val-gardena\">Saint Ambroise avec ruche bois color\u00e9 Val Gardena<\/a><\/div>\n<div class=\"blocco-descrizione\">Saint Ambroise avec ruche bois color\u00e9 Val Gardena. Statue en bois d&rsquo;\u00e9rable color\u00e9 du Val Gardena&#8230;<\/div>\n<\/div>\n<\/div>\n<h2>Saint C\u00f4me et Saint Damien<\/h2>\n<p>Pour conclure, rappelons les <a href=\"https:\/\/www.holyart.fr\/blog\/saints-et-bienheureux\/come-et-damien-les-saints-medecins-qui-soignaient-gratuitement\/\"><strong><u>saints docteurs, C\u00f4me et Damien<\/u><\/strong><\/a>, auxquels nous avons d\u00e9di\u00e9 un article pr\u00e9c\u00e9dent. Jumeaux eux aussi, ils v\u00e9curent au IV si\u00e8cle et \u00e9taient tous les deux <strong>m\u00e9decins originaires d\u2019Arabie<\/strong>. Avec leurs trois fr\u00e8res cadets, les saints Anthime, L\u00e9one et Eupr\u00e9pios, ils <strong>pr\u00eachaient la Parole de Dieu<\/strong>, en sauvant les \u00e2mes, mais aussi les corps, qu\u2019ils soignaient souvent sans demander de compensation. Tous les cinq <strong>subirent le martyre<\/strong> pendant la terrible pers\u00e9cution lanc\u00e9e par Diocl\u00e9tien. En particulier, les saints C\u00f4me et Damien qui furent lapid\u00e9s, fouett\u00e9s, crucifi\u00e9s et transperc\u00e9s avec des dards et des lances, jet\u00e9s en mer avec une grosse pierre attach\u00e9e \u00e0 leur cou, br\u00fbl\u00e9s dans une fournaise ardente et, pour finir, d\u00e9capit\u00e9s, avec leurs plus jeunes fr\u00e8res. Ils sont f\u00eat\u00e9s le 26 septembre.<\/p>\n<div class=\"link-product\">\n<div class=\"blocco-immagine\"><img loading=\"lazy\" decoding=\"async\" class=\"size-full wp-image-6490 alignleft\" src=\"https:\/\/blog.holyart.it\/fr\/wp-content\/uploads\/sites\/14\/2023\/05\/Come-et-Damien-palmiers-statue-resine-12-cm.jpg\" alt=\"C\u00f4me et Damien palmiers statue r\u00e9sine 12 cm\" width=\"100\" height=\"100\" data-kale-share-title=\"Quand la saintet\u00e9 est de famille : histoires de fr\u00e8res et s\u0153urs devenus saints ensemble\" data-kale-share-url=\"https:\/\/blog.holyart.it\/fr\/?p=6460\" \/><\/div>\n<div class=\"blocco-contenuto\">\n<div class=\"blocco-acquista\">Acheter sur Holyart:<\/div>\n<div class=\"blocco-titolo\"><a href=\"https:\/\/www.holyart.fr\/articles-religieux\/statues\/statues-en-resine-et-pvc\/come-et-damien-palmiers-statue-resine-12-cm\">C\u00f4me et Damien palmiers statue r\u00e9sine 12 cm<\/a><\/div>\n<div class=\"blocco-descrizione\">C\u00f4me et Damien palmiers statue r\u00e9sine 12 cm. Statue de C\u00f4me et Damien, deux Saints m\u00e9decins, avec feuilles de palmier &#8230;<\/div>\n<\/div>\n<\/div>\n","protected":false},"excerpt":{"rendered":"<p>Histoires de saints fr\u00e8res et s\u0153urs. Quand la saintet\u00e9 est une affaire de famille. De Saints Cyrille et M\u00e9thode, co-patrons de l\u2019Europe, \u00e0 Saint Beno\u00eet et Sainte Scolastique, unis dans la vie et dans la mort. Quand est-ce qu\u2019un Saint devient tel\u00a0? En \u00e9tudiant et&hellip;<\/p>\n","protected":false},"author":1,"featured_media":6462,"comment_status":"closed","ping_status":"open","sticky":false,"template":"","format":"standard","meta":{"_acf_changed":false,"footnotes":""},"categories":[7],"tags":[],"class_list":["post-6460","post","type-post","status-publish","format-standard","has-post-thumbnail","hentry","category-saints-et-bienheureux"],"acf":[],"yoast_head":"<!-- This site is optimized with the Yoast SEO plugin v26.6 - https:\/\/yoast.com\/wordpress\/plugins\/seo\/ -->\n<title>Quand la saintet\u00e9 est de famille : histoires de fr\u00e8res et s\u0153urs devenus saints ensemble - Holyart.fr Blog<\/title>\n<meta name=\"description\" content=\"Certaines histoires de saints r\u00e9v\u00e8lent les vicissitudes de fr\u00e8res et s\u0153urs qui ont parcouru ensemble le chemin de la saintet\u00e9.\" \/>\n<meta name=\"robots\" content=\"index, follow, max-snippet:-1, max-image-preview:large, max-video-preview:-1\" \/>\n<link rel=\"canonical\" href=\"https:\/\/blog.holyart.it\/fr\/saints-et-bienheureux\/quand-la-saintete-est-de-famille-histoires-de-freres-et-soeurs-devenus-saints-ensemble\/\" \/>\n<meta property=\"og:locale\" content=\"fr_FR\" \/>\n<meta property=\"og:type\" content=\"article\" \/>\n<meta property=\"og:title\" content=\"Quand la saintet\u00e9 est de famille : histoires de fr\u00e8res et s\u0153urs devenus saints ensemble - Holyart.fr Blog\" \/>\n<meta property=\"og:description\" content=\"Certaines histoires de saints r\u00e9v\u00e8lent les vicissitudes de fr\u00e8res et s\u0153urs qui ont parcouru ensemble le chemin de la saintet\u00e9.\" \/>\n<meta property=\"og:url\" content=\"https:\/\/blog.holyart.it\/fr\/saints-et-bienheureux\/quand-la-saintete-est-de-famille-histoires-de-freres-et-soeurs-devenus-saints-ensemble\/\" \/>\n<meta property=\"og:site_name\" content=\"Holyart.fr Blog\" \/>\n<meta property=\"article:published_time\" content=\"2023-06-14T10:00:22+00:00\" \/>\n<meta property=\"article:modified_time\" content=\"2026-04-03T13:58:08+00:00\" \/>\n<meta property=\"og:image\" content=\"https:\/\/blog.holyart.it\/fr\/wp-content\/uploads\/sites\/14\/2023\/05\/Quand-la-saintete-est-de-famille.jpg\" \/>\n\t<meta property=\"og:image:width\" content=\"1000\" \/>\n\t<meta property=\"og:image:height\" content=\"666\" \/>\n\t<meta property=\"og:image:type\" content=\"image\/jpeg\" \/>\n<meta name=\"author\" content=\"Redazione\" \/>\n<meta name=\"twitter:card\" content=\"summary_large_image\" \/>\n<meta name=\"twitter:label1\" content=\"\u00c9crit par\" \/>\n\t<meta name=\"twitter:data1\" content=\"Redazione\" \/>\n\t<meta name=\"twitter:label2\" content=\"Dur\u00e9e de lecture estim\u00e9e\" \/>\n\t<meta name=\"twitter:data2\" content=\"11 minutes\" \/>\n<script type=\"application\/ld+json\" class=\"yoast-schema-graph\">{\"@context\":\"https:\/\/schema.org\",\"@graph\":[{\"@type\":\"Article\",\"@id\":\"https:\/\/blog.holyart.it\/fr\/saints-et-bienheureux\/quand-la-saintete-est-de-famille-histoires-de-freres-et-soeurs-devenus-saints-ensemble\/#article\",\"isPartOf\":{\"@id\":\"https:\/\/blog.holyart.it\/fr\/saints-et-bienheureux\/quand-la-saintete-est-de-famille-histoires-de-freres-et-soeurs-devenus-saints-ensemble\/\"},\"author\":{\"name\":\"Redazione\",\"@id\":\"https:\/\/blog.holyart.it\/fr\/#\/schema\/person\/0a7b686e5af0f856ec1e390dd0baecda\"},\"headline\":\"Quand la saintet\u00e9 est de famille : histoires de fr\u00e8res et s\u0153urs devenus saints ensemble\",\"datePublished\":\"2023-06-14T10:00:22+00:00\",\"dateModified\":\"2026-04-03T13:58:08+00:00\",\"mainEntityOfPage\":{\"@id\":\"https:\/\/blog.holyart.it\/fr\/saints-et-bienheureux\/quand-la-saintete-est-de-famille-histoires-de-freres-et-soeurs-devenus-saints-ensemble\/\"},\"wordCount\":1923,\"publisher\":{\"@id\":\"https:\/\/blog.holyart.it\/fr\/#organization\"},\"image\":{\"@id\":\"https:\/\/blog.holyart.it\/fr\/saints-et-bienheureux\/quand-la-saintete-est-de-famille-histoires-de-freres-et-soeurs-devenus-saints-ensemble\/#primaryimage\"},\"thumbnailUrl\":\"https:\/\/blog.holyart.it\/fr\/wp-content\/uploads\/sites\/14\/2023\/05\/Quand-la-saintete-est-de-famille.jpg\",\"articleSection\":[\"Saints et Bienheureux\"],\"inLanguage\":\"fr-FR\"},{\"@type\":\"WebPage\",\"@id\":\"https:\/\/blog.holyart.it\/fr\/saints-et-bienheureux\/quand-la-saintete-est-de-famille-histoires-de-freres-et-soeurs-devenus-saints-ensemble\/\",\"url\":\"https:\/\/blog.holyart.it\/fr\/saints-et-bienheureux\/quand-la-saintete-est-de-famille-histoires-de-freres-et-soeurs-devenus-saints-ensemble\/\",\"name\":\"Quand la saintet\u00e9 est de famille : histoires de fr\u00e8res et s\u0153urs devenus saints ensemble - Holyart.fr Blog\",\"isPartOf\":{\"@id\":\"https:\/\/blog.holyart.it\/fr\/#website\"},\"primaryImageOfPage\":{\"@id\":\"https:\/\/blog.holyart.it\/fr\/saints-et-bienheureux\/quand-la-saintete-est-de-famille-histoires-de-freres-et-soeurs-devenus-saints-ensemble\/#primaryimage\"},\"image\":{\"@id\":\"https:\/\/blog.holyart.it\/fr\/saints-et-bienheureux\/quand-la-saintete-est-de-famille-histoires-de-freres-et-soeurs-devenus-saints-ensemble\/#primaryimage\"},\"thumbnailUrl\":\"https:\/\/blog.holyart.it\/fr\/wp-content\/uploads\/sites\/14\/2023\/05\/Quand-la-saintete-est-de-famille.jpg\",\"datePublished\":\"2023-06-14T10:00:22+00:00\",\"dateModified\":\"2026-04-03T13:58:08+00:00\",\"description\":\"Certaines histoires de saints r\u00e9v\u00e8lent les vicissitudes de fr\u00e8res et s\u0153urs qui ont parcouru ensemble le chemin de la saintet\u00e9.\",\"breadcrumb\":{\"@id\":\"https:\/\/blog.holyart.it\/fr\/saints-et-bienheureux\/quand-la-saintete-est-de-famille-histoires-de-freres-et-soeurs-devenus-saints-ensemble\/#breadcrumb\"},\"inLanguage\":\"fr-FR\",\"potentialAction\":[{\"@type\":\"ReadAction\",\"target\":[\"https:\/\/blog.holyart.it\/fr\/saints-et-bienheureux\/quand-la-saintete-est-de-famille-histoires-de-freres-et-soeurs-devenus-saints-ensemble\/\"]}]},{\"@type\":\"ImageObject\",\"inLanguage\":\"fr-FR\",\"@id\":\"https:\/\/blog.holyart.it\/fr\/saints-et-bienheureux\/quand-la-saintete-est-de-famille-histoires-de-freres-et-soeurs-devenus-saints-ensemble\/#primaryimage\",\"url\":\"https:\/\/blog.holyart.it\/fr\/wp-content\/uploads\/sites\/14\/2023\/05\/Quand-la-saintete-est-de-famille.jpg\",\"contentUrl\":\"https:\/\/blog.holyart.it\/fr\/wp-content\/uploads\/sites\/14\/2023\/05\/Quand-la-saintete-est-de-famille.jpg\",\"width\":1000,\"height\":666,\"caption\":\"Quand la saintet\u00e9 est de famille\"},{\"@type\":\"BreadcrumbList\",\"@id\":\"https:\/\/blog.holyart.it\/fr\/saints-et-bienheureux\/quand-la-saintete-est-de-famille-histoires-de-freres-et-soeurs-devenus-saints-ensemble\/#breadcrumb\",\"itemListElement\":[{\"@type\":\"ListItem\",\"position\":1,\"name\":\"Homepage\",\"item\":\"https:\/\/blog.holyart.it\/fr\/\"},{\"@type\":\"ListItem\",\"position\":2,\"name\":\"Saints et Bienheureux\",\"item\":\"https:\/\/blog.holyart.it\/fr\/saints-et-bienheureux\/\"},{\"@type\":\"ListItem\",\"position\":3,\"name\":\"Quand la saintet\u00e9 est de famille : histoires de fr\u00e8res et s\u0153urs devenus saints ensemble\"}]},{\"@type\":\"WebSite\",\"@id\":\"https:\/\/blog.holyart.it\/fr\/#website\",\"url\":\"https:\/\/blog.holyart.it\/fr\/\",\"name\":\"Holyart.fr Blog\",\"description\":\"Holyblog\",\"publisher\":{\"@id\":\"https:\/\/blog.holyart.it\/fr\/#organization\"},\"potentialAction\":[{\"@type\":\"SearchAction\",\"target\":{\"@type\":\"EntryPoint\",\"urlTemplate\":\"https:\/\/blog.holyart.it\/fr\/?s={search_term_string}\"},\"query-input\":{\"@type\":\"PropertyValueSpecification\",\"valueRequired\":true,\"valueName\":\"search_term_string\"}}],\"inLanguage\":\"fr-FR\"},{\"@type\":\"Organization\",\"@id\":\"https:\/\/blog.holyart.it\/fr\/#organization\",\"name\":\"Holyart.fr Blog\",\"url\":\"https:\/\/blog.holyart.it\/fr\/\",\"logo\":{\"@type\":\"ImageObject\",\"inLanguage\":\"fr-FR\",\"@id\":\"https:\/\/blog.holyart.it\/fr\/#\/schema\/logo\/image\/\",\"url\":\"https:\/\/blog.holyart.it\/fr\/wp-content\/uploads\/sites\/14\/2022\/12\/Holyart_Blog_Logo.jpg\",\"contentUrl\":\"https:\/\/blog.holyart.it\/fr\/wp-content\/uploads\/sites\/14\/2022\/12\/Holyart_Blog_Logo.jpg\",\"width\":300,\"height\":50,\"caption\":\"Holyart.fr Blog\"},\"image\":{\"@id\":\"https:\/\/blog.holyart.it\/fr\/#\/schema\/logo\/image\/\"}},{\"@type\":\"Person\",\"@id\":\"https:\/\/blog.holyart.it\/fr\/#\/schema\/person\/0a7b686e5af0f856ec1e390dd0baecda\",\"name\":\"Redazione\",\"image\":{\"@type\":\"ImageObject\",\"inLanguage\":\"fr-FR\",\"@id\":\"https:\/\/blog.holyart.it\/fr\/#\/schema\/person\/image\/\",\"url\":\"https:\/\/secure.gravatar.com\/avatar\/f477da817f43e50d0af36abecd33e3edf826c68299714bdc1057dff3b113f516?s=96&d=mm&r=g\",\"contentUrl\":\"https:\/\/secure.gravatar.com\/avatar\/f477da817f43e50d0af36abecd33e3edf826c68299714bdc1057dff3b113f516?s=96&d=mm&r=g\",\"caption\":\"Redazione\"},\"url\":\"https:\/\/blog.holyart.it\/fr\/author\/admin\/\"}]}<\/script>\n<!-- \/ Yoast SEO plugin. -->","yoast_head_json":{"title":"Quand la saintet\u00e9 est de famille : histoires de fr\u00e8res et s\u0153urs devenus saints ensemble - Holyart.fr Blog","description":"Certaines histoires de saints r\u00e9v\u00e8lent les vicissitudes de fr\u00e8res et s\u0153urs qui ont parcouru ensemble le chemin de la saintet\u00e9.","robots":{"index":"index","follow":"follow","max-snippet":"max-snippet:-1","max-image-preview":"max-image-preview:large","max-video-preview":"max-video-preview:-1"},"canonical":"https:\/\/blog.holyart.it\/fr\/saints-et-bienheureux\/quand-la-saintete-est-de-famille-histoires-de-freres-et-soeurs-devenus-saints-ensemble\/","og_locale":"fr_FR","og_type":"article","og_title":"Quand la saintet\u00e9 est de famille : histoires de fr\u00e8res et s\u0153urs devenus saints ensemble - Holyart.fr Blog","og_description":"Certaines histoires de saints r\u00e9v\u00e8lent les vicissitudes de fr\u00e8res et s\u0153urs qui ont parcouru ensemble le chemin de la saintet\u00e9.","og_url":"https:\/\/blog.holyart.it\/fr\/saints-et-bienheureux\/quand-la-saintete-est-de-famille-histoires-de-freres-et-soeurs-devenus-saints-ensemble\/","og_site_name":"Holyart.fr Blog","article_published_time":"2023-06-14T10:00:22+00:00","article_modified_time":"2026-04-03T13:58:08+00:00","og_image":[{"width":1000,"height":666,"url":"https:\/\/blog.holyart.it\/fr\/wp-content\/uploads\/sites\/14\/2023\/05\/Quand-la-saintete-est-de-famille.jpg","type":"image\/jpeg"}],"author":"Redazione","twitter_card":"summary_large_image","twitter_misc":{"\u00c9crit par":"Redazione","Dur\u00e9e de lecture estim\u00e9e":"11 minutes"},"schema":{"@context":"https:\/\/schema.org","@graph":[{"@type":"Article","@id":"https:\/\/blog.holyart.it\/fr\/saints-et-bienheureux\/quand-la-saintete-est-de-famille-histoires-de-freres-et-soeurs-devenus-saints-ensemble\/#article","isPartOf":{"@id":"https:\/\/blog.holyart.it\/fr\/saints-et-bienheureux\/quand-la-saintete-est-de-famille-histoires-de-freres-et-soeurs-devenus-saints-ensemble\/"},"author":{"name":"Redazione","@id":"https:\/\/blog.holyart.it\/fr\/#\/schema\/person\/0a7b686e5af0f856ec1e390dd0baecda"},"headline":"Quand la saintet\u00e9 est de famille : histoires de fr\u00e8res et s\u0153urs devenus saints ensemble","datePublished":"2023-06-14T10:00:22+00:00","dateModified":"2026-04-03T13:58:08+00:00","mainEntityOfPage":{"@id":"https:\/\/blog.holyart.it\/fr\/saints-et-bienheureux\/quand-la-saintete-est-de-famille-histoires-de-freres-et-soeurs-devenus-saints-ensemble\/"},"wordCount":1923,"publisher":{"@id":"https:\/\/blog.holyart.it\/fr\/#organization"},"image":{"@id":"https:\/\/blog.holyart.it\/fr\/saints-et-bienheureux\/quand-la-saintete-est-de-famille-histoires-de-freres-et-soeurs-devenus-saints-ensemble\/#primaryimage"},"thumbnailUrl":"https:\/\/blog.holyart.it\/fr\/wp-content\/uploads\/sites\/14\/2023\/05\/Quand-la-saintete-est-de-famille.jpg","articleSection":["Saints et Bienheureux"],"inLanguage":"fr-FR"},{"@type":"WebPage","@id":"https:\/\/blog.holyart.it\/fr\/saints-et-bienheureux\/quand-la-saintete-est-de-famille-histoires-de-freres-et-soeurs-devenus-saints-ensemble\/","url":"https:\/\/blog.holyart.it\/fr\/saints-et-bienheureux\/quand-la-saintete-est-de-famille-histoires-de-freres-et-soeurs-devenus-saints-ensemble\/","name":"Quand la saintet\u00e9 est de famille : histoires de fr\u00e8res et s\u0153urs devenus saints ensemble - Holyart.fr Blog","isPartOf":{"@id":"https:\/\/blog.holyart.it\/fr\/#website"},"primaryImageOfPage":{"@id":"https:\/\/blog.holyart.it\/fr\/saints-et-bienheureux\/quand-la-saintete-est-de-famille-histoires-de-freres-et-soeurs-devenus-saints-ensemble\/#primaryimage"},"image":{"@id":"https:\/\/blog.holyart.it\/fr\/saints-et-bienheureux\/quand-la-saintete-est-de-famille-histoires-de-freres-et-soeurs-devenus-saints-ensemble\/#primaryimage"},"thumbnailUrl":"https:\/\/blog.holyart.it\/fr\/wp-content\/uploads\/sites\/14\/2023\/05\/Quand-la-saintete-est-de-famille.jpg","datePublished":"2023-06-14T10:00:22+00:00","dateModified":"2026-04-03T13:58:08+00:00","description":"Certaines histoires de saints r\u00e9v\u00e8lent les vicissitudes de fr\u00e8res et s\u0153urs qui ont parcouru ensemble le chemin de la saintet\u00e9.","breadcrumb":{"@id":"https:\/\/blog.holyart.it\/fr\/saints-et-bienheureux\/quand-la-saintete-est-de-famille-histoires-de-freres-et-soeurs-devenus-saints-ensemble\/#breadcrumb"},"inLanguage":"fr-FR","potentialAction":[{"@type":"ReadAction","target":["https:\/\/blog.holyart.it\/fr\/saints-et-bienheureux\/quand-la-saintete-est-de-famille-histoires-de-freres-et-soeurs-devenus-saints-ensemble\/"]}]},{"@type":"ImageObject","inLanguage":"fr-FR","@id":"https:\/\/blog.holyart.it\/fr\/saints-et-bienheureux\/quand-la-saintete-est-de-famille-histoires-de-freres-et-soeurs-devenus-saints-ensemble\/#primaryimage","url":"https:\/\/blog.holyart.it\/fr\/wp-content\/uploads\/sites\/14\/2023\/05\/Quand-la-saintete-est-de-famille.jpg","contentUrl":"https:\/\/blog.holyart.it\/fr\/wp-content\/uploads\/sites\/14\/2023\/05\/Quand-la-saintete-est-de-famille.jpg","width":1000,"height":666,"caption":"Quand la saintet\u00e9 est de famille"},{"@type":"BreadcrumbList","@id":"https:\/\/blog.holyart.it\/fr\/saints-et-bienheureux\/quand-la-saintete-est-de-famille-histoires-de-freres-et-soeurs-devenus-saints-ensemble\/#breadcrumb","itemListElement":[{"@type":"ListItem","position":1,"name":"Homepage","item":"https:\/\/blog.holyart.it\/fr\/"},{"@type":"ListItem","position":2,"name":"Saints et Bienheureux","item":"https:\/\/blog.holyart.it\/fr\/saints-et-bienheureux\/"},{"@type":"ListItem","position":3,"name":"Quand la saintet\u00e9 est de famille : histoires de fr\u00e8res et s\u0153urs devenus saints ensemble"}]},{"@type":"WebSite","@id":"https:\/\/blog.holyart.it\/fr\/#website","url":"https:\/\/blog.holyart.it\/fr\/","name":"Holyart.fr Blog","description":"Holyblog","publisher":{"@id":"https:\/\/blog.holyart.it\/fr\/#organization"},"potentialAction":[{"@type":"SearchAction","target":{"@type":"EntryPoint","urlTemplate":"https:\/\/blog.holyart.it\/fr\/?s={search_term_string}"},"query-input":{"@type":"PropertyValueSpecification","valueRequired":true,"valueName":"search_term_string"}}],"inLanguage":"fr-FR"},{"@type":"Organization","@id":"https:\/\/blog.holyart.it\/fr\/#organization","name":"Holyart.fr Blog","url":"https:\/\/blog.holyart.it\/fr\/","logo":{"@type":"ImageObject","inLanguage":"fr-FR","@id":"https:\/\/blog.holyart.it\/fr\/#\/schema\/logo\/image\/","url":"https:\/\/blog.holyart.it\/fr\/wp-content\/uploads\/sites\/14\/2022\/12\/Holyart_Blog_Logo.jpg","contentUrl":"https:\/\/blog.holyart.it\/fr\/wp-content\/uploads\/sites\/14\/2022\/12\/Holyart_Blog_Logo.jpg","width":300,"height":50,"caption":"Holyart.fr Blog"},"image":{"@id":"https:\/\/blog.holyart.it\/fr\/#\/schema\/logo\/image\/"}},{"@type":"Person","@id":"https:\/\/blog.holyart.it\/fr\/#\/schema\/person\/0a7b686e5af0f856ec1e390dd0baecda","name":"Redazione","image":{"@type":"ImageObject","inLanguage":"fr-FR","@id":"https:\/\/blog.holyart.it\/fr\/#\/schema\/person\/image\/","url":"https:\/\/secure.gravatar.com\/avatar\/f477da817f43e50d0af36abecd33e3edf826c68299714bdc1057dff3b113f516?s=96&d=mm&r=g","contentUrl":"https:\/\/secure.gravatar.com\/avatar\/f477da817f43e50d0af36abecd33e3edf826c68299714bdc1057dff3b113f516?s=96&d=mm&r=g","caption":"Redazione"},"url":"https:\/\/blog.holyart.it\/fr\/author\/admin\/"}]}},"_links":{"self":[{"href":"https:\/\/blog.holyart.it\/fr\/wp-json\/wp\/v2\/posts\/6460","targetHints":{"allow":["GET"]}}],"collection":[{"href":"https:\/\/blog.holyart.it\/fr\/wp-json\/wp\/v2\/posts"}],"about":[{"href":"https:\/\/blog.holyart.it\/fr\/wp-json\/wp\/v2\/types\/post"}],"author":[{"embeddable":true,"href":"https:\/\/blog.holyart.it\/fr\/wp-json\/wp\/v2\/users\/1"}],"replies":[{"embeddable":true,"href":"https:\/\/blog.holyart.it\/fr\/wp-json\/wp\/v2\/comments?post=6460"}],"version-history":[{"count":18,"href":"https:\/\/blog.holyart.it\/fr\/wp-json\/wp\/v2\/posts\/6460\/revisions"}],"predecessor-version":[{"id":6492,"href":"https:\/\/blog.holyart.it\/fr\/wp-json\/wp\/v2\/posts\/6460\/revisions\/6492"}],"wp:featuredmedia":[{"embeddable":true,"href":"https:\/\/blog.holyart.it\/fr\/wp-json\/wp\/v2\/media\/6462"}],"wp:attachment":[{"href":"https:\/\/blog.holyart.it\/fr\/wp-json\/wp\/v2\/media?parent=6460"}],"wp:term":[{"taxonomy":"category","embeddable":true,"href":"https:\/\/blog.holyart.it\/fr\/wp-json\/wp\/v2\/categories?post=6460"},{"taxonomy":"post_tag","embeddable":true,"href":"https:\/\/blog.holyart.it\/fr\/wp-json\/wp\/v2\/tags?post=6460"}],"curies":[{"name":"wp","href":"https:\/\/api.w.org\/{rel}","templated":true}]}}