{"id":6442,"date":"2023-06-12T11:00:16","date_gmt":"2023-06-12T09:00:16","guid":{"rendered":"https:\/\/blog.holyart.it\/fr\/?p=6442"},"modified":"2025-10-14T14:32:29","modified_gmt":"2025-10-14T12:32:29","slug":"les-principales-differences-entre-catholiques-et-protestants","status":"publish","type":"post","link":"https:\/\/blog.holyart.it\/fr\/articles-religieux\/les-principales-differences-entre-catholiques-et-protestants\/","title":{"rendered":"Les principales diff\u00e9rences entre catholiques et protestants"},"content":{"rendered":"<h4>Les diff\u00e9rences entre Catholiques et Protestants sont \u00e0 la base de l\u2019histoire de la religion chr\u00e9tienne et de la naissance de l\u2019Europe telle que nous la connaissons. D\u00e9couvrons quelles sont les principales.<\/h4>\n\n<p>Nous savons que la <strong>religion chr\u00e9tienne<\/strong> s\u2019est d\u00e9velopp\u00e9e au cours des si\u00e8cles dans diff\u00e9rentes professions religieuses, partageant le fait de consid\u00e9rer <strong>J\u00e9sus-Christ comme son centre<\/strong> et <strong>Sa Parole comme base du Credo<\/strong>. Chr\u00e9tiens catholiques, orthodoxes et protestants partagent de nombreux principes du <strong>Credo de Nic\u00e9e<\/strong>, ou de Nic\u00e9e-Constantinople, d\u00e9fini \u00e0 l\u2019occasion du premier concile de Nic\u00e9e en 325 apr. J.-C. il s\u2019agit en particulier de pr\u00e9ceptes bas\u00e9s sur l\u2019<strong>Unicit\u00e9 de Dieu<\/strong>, sur la <strong>nature de J\u00e9sus<\/strong> et sur la <a href=\"https:\/\/www.holyart.fr\/blog\/articles-religieux\/tres-sainte-trinite-signification-et-representation-iconographique\/\"><strong>Trinit\u00e9<\/strong><\/a>. En particulier les catholiques et les protestants croient tous les deux en un <strong>Dieu unique en trois Personnes \u00e9gales et distinctes<\/strong>\u00a0: le P\u00e8re, le Fils et le Saint-Esprit.<\/p>\n<div class=\"link-article\">\n<p><img loading=\"lazy\" decoding=\"async\" class=\"size-full wp-image-6443 alignleft\" src=\"https:\/\/blog.holyart.it\/fr\/wp-content\/uploads\/sites\/14\/2023\/05\/sainte-trinite.jpg\" alt=\"sainte trinite\" width=\"150\" height=\"99\" data-kale-share-title=\"Les principales diff\u00e9rences entre catholiques et protestants\" data-kale-share-url=\"https:\/\/blog.holyart.it\/fr\/?p=6442\" \/><\/p>\n<div class=\"leggi-anche\">Lire aussi :<\/div>\n<p><strong><a href=\"https:\/\/www.holyart.fr\/blog\/articles-religieux\/tres-sainte-trinite-signification-et-representation-iconographique\/\">Tr\u00e8s Sainte Trinit\u00e9 : signification et repr\u00e9sentation iconographique<\/a><\/strong><br \/>\nLe concept de Trinit\u00e9 r\u00e9sume la doctrine fondamentale de l\u2019\u00e9glise&#8230;<\/p>\n<\/div>\n<p>Cela dit, les diff\u00e9rences entre catholiques et protestants sont nombreuses et significatives, allant de l\u2019interpr\u00e9tation des \u00c9critures, \u00e0 l\u2019autorit\u00e9 du Pape et du clerg\u00e9 en g\u00e9n\u00e9ral, mais impliquant \u00e9galement des nombreux Sacrements et dogmes incontournables. Au cours des si\u00e8cles ces diff\u00e9rences ont \u00e9t\u00e9 \u00e0 l\u2019origine d\u2019<strong>affrontements et guerres sanglantes<\/strong>, mais les tentatives de r\u00e9conciliation entre les deux groupes n\u2019ont pas manqu\u00e9 non plus. D\u00e8s ses origines, au XVIe si\u00e8cle, la <strong>R\u00e9forme Protestante<\/strong> s\u2019est impos\u00e9e comme une critique explicite et souvent violente \u00e0 l\u2019\u00c9glise catholique, dans son organisation politique et dans de nombreux aspects th\u00e9ologiques principaux. La s\u00e9paration entre protestants et catholiques a influenc\u00e9 l\u2019<strong>histoire de l\u2019Europe moderne <\/strong>pendant des si\u00e8cles et le processus de d\u00e9termination d\u2019identit\u00e9s nationales non seulement d\u2019un point de vue religieux, mais aussi politique, \u00e9thique, social et civile. Quand le 31 octobre 1517 le fr\u00e8re augustinien <strong>Martin Luther<\/strong> afficha \u00e0 la porte de l\u2019\u00e9glise de Toussaint du ch\u00e2teau de Wittenberg ses <strong>95 th\u00e8ses<\/strong>, il le fit dans l\u2019intention de condamner la vente sans scrupules d\u2019indulgence promue par Pape L\u00e9on X. Aux yeux du fr\u00e8re, la <strong>promesse de la r\u00e9mission des p\u00e9ch\u00e9s<\/strong> face \u00e0 une donation en argent paraissait inconcevable. Mais, d\u00e8s le d\u00e9but, il fut clair que la diatribe lanc\u00e9e par Luther allait au-del\u00e0 de la <strong>vente des <a href=\"https:\/\/www.holyart.fr\/blog\/articles-religieux\/indulgence-pleniere-signification-origines-et-comment-lobtenir\/\">indulgences<\/a><\/strong> et, en effet, quand il fut convoqu\u00e9 \u00e0 la Di\u00e8te de Worms pour retirer ses all\u00e9gations, il proclama son intention de <strong>reformer le christianisme<\/strong> dans chacun de ses aspects. Commen\u00e7a ainsi la R\u00e9forme Protestante, le schisme qui divisera en deux l\u2019\u00e9glise et l\u2019Europe et am\u00e8nera au d\u00e9veloppement de deux religions chr\u00e9tiennes distinctes.<\/p>\n<div class=\"link-article\">\n<p><img loading=\"lazy\" decoding=\"async\" class=\"size-full wp-image-6444 alignleft\" src=\"https:\/\/blog.holyart.it\/fr\/wp-content\/uploads\/sites\/14\/2023\/05\/Indulgence-pleniere.jpeg\" alt=\"Vatican City, April 19, 2017: Pope Francis blesses the crowd at the end of his weekly general audience in Saint Peter's Square at the Vatican\" width=\"150\" height=\"99\" data-kale-share-title=\"Les principales diff\u00e9rences entre catholiques et protestants\" data-kale-share-url=\"https:\/\/blog.holyart.it\/fr\/?p=6442\" \/><\/p>\n<div class=\"leggi-anche\">Lire aussi :<\/div>\n<p><strong><a href=\"https:\/\/www.holyart.fr\/blog\/articles-religieux\/indulgence-pleniere-signification-origines-et-comment-lobtenir\/\">Indulgence pl\u00e9ni\u00e8re : signification, origines et comment l\u2019obtenir<\/a><\/strong><br \/>\nQu\u2019est-ce qu\u2019est l\u2019indulgence pl\u00e9ni\u00e8re ? Voici pourquoi Pape Fran\u00e7ois&#8230;<\/p>\n<\/div>\n<p>Voyons donc les principales diff\u00e9rences entre Catholiques et Protestants.<\/p>\n<h2>Les Saintes \u00c9critures<\/h2>\n<p>Tant les chr\u00e9tiens Catholiques que les chr\u00e9tiens Protestants consid\u00e8rent la <strong>Parole de J\u00e9sus comme base de leur doctrine<\/strong>. Mais les Protestants professent la <a href=\"https:\/\/www.holyart.fr\/articles-religieux\/livres-sacres\"><strong>suffisance et l\u2019autorit\u00e9 de l\u2019\u00c9criture<\/strong><\/a>, unique source fiable de la r\u00e9v\u00e9lation de Dieu \u00e0 l\u2019humanit\u00e9, unique crit\u00e8re de r\u00e9f\u00e9rence pour le comportement convenable qui doit avoir un bon chr\u00e9tien, unique cl\u00e9 pour le salut.<br \/>\nCe n\u2019est pas un hasard si la formule <em>Sola Scriptura<\/em> est la premi\u00e8re des <strong>cinq <em>sola<\/em><\/strong>, les cinq formules r\u00e9capitulatives de la pens\u00e9e th\u00e9ologique de la religion chr\u00e9tienne protestante. Voici les cinq au complet :<\/p>\n<ul>\n<li>Sola Scriptura ;<\/li>\n<li>Sola Fide ;<\/li>\n<li>Sola Gratia ;<\/li>\n<li>Solus Christus ;<\/li>\n<li>Soli Deo Gloria.<\/li>\n<\/ul>\n<p>\u00c0 la diff\u00e9rence des Protestants, les Catholiques reconnaissent l\u2019importance incontournable de la Bible, mais aussi celle de la <strong>Tradition, ou Sainte Tradition<\/strong>, i.e. de toutes ces doctrines et ces dogmes \u00e9tablis au sein de l\u2019\u00c9glise catholique au cours de son histoire, de forme orale comme \u00e9crite, reconnus comme <em>depositum fidei<\/em>, \u00ab\u00a0d\u00e9p\u00f4t de la foi\u00a0\u00bb, que J\u00e9sus communiqua \u00e0 ses Ap\u00f4tres et que le clerg\u00e9 a transmis aux fid\u00e8les au cours des si\u00e8cles. Nous parlons de doctrines catholiques-romaines \u00e9lev\u00e9es au rang de v\u00e9ritables dogmes, mais aussi li\u00e9es \u00e0 l\u2019adoration de la Vierge Marie et des Saints.<\/p>\n<div class=\"link-product\">\n<div class=\"blocco-immagine\"><img loading=\"lazy\" decoding=\"async\" class=\"size-full wp-image-6445 alignleft\" src=\"https:\/\/blog.holyart.it\/fr\/wp-content\/uploads\/sites\/14\/2023\/05\/Bible-Jerusalem.jpg\" alt=\"Bible Jerusalem\" width=\"100\" height=\"100\" data-kale-share-title=\"Les principales diff\u00e9rences entre catholiques et protestants\" data-kale-share-url=\"https:\/\/blog.holyart.it\/fr\/?p=6442\" \/><\/div>\n<div class=\"blocco-contenuto\">\n<div class=\"blocco-acquista\">Acheter sur Holyart:<\/div>\n<div class=\"blocco-titolo\"><a href=\"https:\/\/www.holyart.fr\/articles-religieux\/livres-sacres\">Livres sacr\u00e9s<\/a><\/div>\n<div class=\"blocco-descrizione\">Section d\u00e9di\u00e9e aux livres sacr\u00e9s: Bibles, \u00e9vangiles, liturgies des heures, lectionnaires de poche.<\/div>\n<\/div>\n<\/div>\n<h2>Autorit\u00e9 du Pape<\/h2>\n<p>Une autre diff\u00e9rence fondamentale entre protestantisme et catholicisme concerne l\u2019<strong>autorit\u00e9 du Pape<\/strong>, en particulier, et du clerg\u00e9 en g\u00e9n\u00e9ral. Les Catholiques consid\u00e8rent le Souverain Pontife le <a href=\"https:\/\/www.holyart.fr\/blog\/articles-religieux\/la-chaire-de-saint-pierre-la-signification-de-loeuvre-et-les-origines-de-sa-fete\/\"><strong>chef de l\u2019\u00c9glise<\/strong><\/a>, le successeur de Saint Pierre, \u00e0 qui J\u00e9sus a confi\u00e9 la direction de ses fid\u00e8les. Son autorit\u00e9 se base sur les Saintes \u00c9critures et sur la Sainte Tradition de l\u2019\u00c9glise catholique romaine.<\/p>\n<p>Les Protestants, par contre, reconnaissent u<strong>niquement Christ en tant que chef de l\u2019\u00c9glise de tous les temps<\/strong>. Aucun \u00eatre humain, bien qu\u2019illumin\u00e9 par la gr\u00e2ce, ne poss\u00e8de l\u2019infaillibilit\u00e9 pour pouvoir s\u2019arroger ce pouvoir. Le Protestantisme ne croit pas dans la <strong>succession apostolique<\/strong>, sur laquelle les Catholiques basent l\u2019autorit\u00e9 et l\u2019infaillibilit\u00e9 du Pape, ne reconnait aux Ap\u00f4tres ou \u00e0 Pierre une illumination plus grande que celle que le <strong>Saint Esprit envoy\u00e9 par Dieu<\/strong> offre \u00e0 n\u2019importe quel homme. Tous les hommes sont \u00e9gaux, tous ont la facult\u00e9 de <strong>comprendre les Saintes \u00c9critures<\/strong>. Bien que les Pasteurs protestants occupent un r\u00f4le dans l\u2019\u00c9glise, ils n\u2019ont pas l\u2019exclusivit\u00e9 sur les Sacrements et ne jouissent pas de privil\u00e8ges par rapport aux autres hommes.<\/p>\n<div class=\"link-article\">\n<p><img loading=\"lazy\" decoding=\"async\" class=\"size-full wp-image-6446 alignleft\" src=\"https:\/\/blog.holyart.it\/fr\/wp-content\/uploads\/sites\/14\/2023\/05\/La-Chaire-de-Saint-Pierre.jpg\" alt=\"La Chaire de Saint Pierre\" width=\"150\" height=\"99\" data-kale-share-title=\"Les principales diff\u00e9rences entre catholiques et protestants\" data-kale-share-url=\"https:\/\/blog.holyart.it\/fr\/?p=6442\" \/><\/p>\n<div class=\"leggi-anche\">Lire aussi :<\/div>\n<p><strong><a href=\"https:\/\/www.holyart.fr\/blog\/articles-religieux\/la-chaire-de-saint-pierre-la-signification-de-loeuvre-et-les-origines-de-sa-fete\/\">La Chaire de Saint Pierre : la signification de l\u2019\u0153uvre et les origines de sa f\u00eate<\/a><\/strong><br \/>\nQu\u2019entendons-nous pour Chaire de Saint Pierre ? De quoi s\u2019agit-il et o\u00f9&#8230;<\/p>\n<\/div>\n<h2>Le Purgatoire<\/h2>\n<p>Les Protestants <strong>ne reconnaissent pas l\u2019existence du Purgatoire<\/strong> en tant que lieu d\u00e9stin\u00e9 \u00e0 expier les p\u00e9ch\u00e9s des d\u00e9funts qui n\u2019ont pas eu le temps de se repentir. Les Saintes \u00c9critures n\u2019en parlent pas suffisamment pour en clarifier l\u2019existence. Pour eux seuls Enfer et Paradis existent, et la mort de Christ sur la croix a \u00e9t\u00e9 un paiement suffisant pour expier tous les p\u00e9ch\u00e9s des hommes, sans besoin de peines temporaires.<\/p>\n<p>Tandis que les Catholiques voient la voie du <strong>Salut dans la foi<\/strong>, <strong>dans les \u00ab\u00a0\u0153uvres m\u00e9ritoires\u00a0\u00bb et dans les Sacrements<\/strong>, les Protestants voient en <a href=\"https:\/\/www.holyart.fr\/articles-religieux\/crucifix\/crucifix-a-poser\/crucifix-st.-benoit-bois-dolivier-pour-table-ou-mur\"><strong>Christ sur la croix<\/strong><\/a> l\u2019unique et seule expiation possible pour les p\u00e9ch\u00e9s des hommes.<\/p>\n<div class=\"link-product\">\n<div class=\"blocco-immagine\"><img loading=\"lazy\" decoding=\"async\" class=\"size-full wp-image-6447 alignleft\" src=\"https:\/\/blog.holyart.it\/fr\/wp-content\/uploads\/sites\/14\/2023\/05\/Crucifix-St.-Benoit.jpg\" alt=\"Crucifix St. Benoit\" width=\"100\" height=\"100\" data-kale-share-title=\"Les principales diff\u00e9rences entre catholiques et protestants\" data-kale-share-url=\"https:\/\/blog.holyart.it\/fr\/?p=6442\" \/><\/div>\n<div class=\"blocco-contenuto\">\n<div class=\"blocco-acquista\">Acheter sur Holyart:<\/div>\n<div class=\"blocco-titolo\"><a href=\"https:\/\/www.holyart.fr\/articles-religieux\/crucifix\/crucifix-a-poser\/crucifix-st.-benoit-bois-dolivier-pour-table-ou-mur\">Crucifix St. Beno\u00eet bois d&rsquo;olivier<\/a><\/div>\n<div class=\"blocco-descrizione\">Ces croix sont r\u00e9alis\u00e9es \u00e0 la main par des artisans avec attention particuli\u00e8re dans toutes les phases du travail.<\/div>\n<\/div>\n<\/div>\n<h2>Les Sacrements<\/h2>\n<p>Les Protestants reconnaissent <strong>uniquement deux <a href=\"https:\/\/www.holyart.fr\/blog\/occasions-speciales\/les-sept-sacrements\/\">Sacrements<\/a><\/strong>, c\u2019est-\u00e0-dire ceux institu\u00e9s par J\u00e9sus dans les Saintes \u00c9critures : le <strong>Bapt\u00eame<\/strong> et l\u2019<strong>Eucharistie<\/strong>. Tous les autres sont des rituels \u00e9tablis par les hommes d\u2019\u00c9glise. Toutefois, dans l\u2019<strong>Eucharistie<\/strong> ils refusent le concept de <em>transsubstantiation<\/em> : Christ n\u2019est pas r\u00e9ellement pr\u00e9sent dans le pain et dans le vin, comme le croient les Catholiques, mais sa pr\u00e9sence est <strong>symbolique<\/strong>, le rite n\u2019\u00e9tant qu\u2019un moyen pour rappeler la C\u00e8ne et Son sacrifice.<br \/>\nPour le Protestantisme, le <strong>Bapt\u00eame<\/strong> n\u2019a aucune efficacit\u00e9 intrins\u00e8que, mais sert simplement \u00e0 <strong>manifester la foi<\/strong> de qui est baptis\u00e9, qui devrait acc\u00e9der au sacrement uniquement apr\u00e8s s\u2019\u00eatre pr\u00e9par\u00e9 avec une formation cat\u00e9ch\u00e9tique. Les Protestants pratiquent le Bapt\u00eame par immersion, comme appris par Jean le Baptiste.<\/p>\n<p>En ce qui concerne la <strong>Confession et la P\u00e9nitence<\/strong>, la premi\u00e8re n\u2019a pas de valeur particuli\u00e8re, puisque chaque homme doit avoir <strong>un dialogue personnel direct avec Dieu<\/strong>, dans lequel il reconna\u00eet ses propres p\u00e9ch\u00e9s et limites. Aucun membre du clerg\u00e9 n\u2019a donc le droit d\u2019accueillir et \u00e9couter les p\u00e9ch\u00e9s d\u2019autrui. Le chr\u00e9tien protestant confesse ses p\u00e9ch\u00e9s dans une <strong>pri\u00e8re priv\u00e9e \u00e0 Dieu<\/strong>. Cependant, certaines \u00e9glises protestantes ins\u00e8rent dans le contexte des c\u00e9l\u00e9brations un moment de <strong>pri\u00e8re de confession des p\u00e9ch\u00e9s<\/strong>. Dans l\u2019\u00e9glise anglicane, par exemple, confession et absolution sont prononc\u00e9es de <strong>forme collective<\/strong> pendant la c\u00e9l\u00e9bration de l\u2019Eucharistie.<\/p>\n<div class=\"link-article\">\n<p><img loading=\"lazy\" decoding=\"async\" class=\"size-full wp-image-6448 alignleft\" src=\"https:\/\/blog.holyart.it\/fr\/wp-content\/uploads\/sites\/14\/2023\/05\/Les-sept-sacrements-1.jpg\" alt=\"Les sept sacrements\" width=\"150\" height=\"99\" data-kale-share-title=\"Les principales diff\u00e9rences entre catholiques et protestants\" data-kale-share-url=\"https:\/\/blog.holyart.it\/fr\/?p=6442\" \/><\/p>\n<div class=\"leggi-anche\">Lire aussi :<\/div>\n<p><strong><a href=\"https:\/\/www.holyart.fr\/blog\/occasions-speciales\/les-sept-sacrements\/\">Les sept sacrements de la tradition chr\u00e9tienne<\/a><\/strong><br \/>\nLes Sacrements, et en particulier l\u2019eucharistie, sont consid\u00e9r\u00e9s comme l\u2019origine et l\u2019expression ultime de toute la vie chr\u00e9tienne&#8230;<\/p>\n<\/div>\n<h2>L\u2019Immacul\u00e9e Conception et l\u2019Assomption de Marie<\/h2>\n<p>Les Protestants reconnaissent uniquement la d\u00e9votion \u00e0 Dieu Un et Trine. Toute autre forme de d\u00e9votion, soit-elle \u00e0 la <a href=\"https:\/\/www.holyart.fr\/produits\/statues-vierge-marie.php\"><strong>Sainte Vierge<\/strong><\/a> ou aux Saints, est une forme d\u2019<strong>idol\u00e2trie<\/strong>. Ils admettent que Marie ait con\u00e7u J\u00e9sus en restant Vierge, mais <strong>rejettent l\u2019<a href=\"https:\/\/www.holyart.fr\/blog\/saints-et-bienheureux\/limmaculee-conception\/\">Immacul\u00e9e Conception<\/a><\/strong>, i.e. sa naissance sans p\u00e9ch\u00e9 originel. \u00c9tant n\u00e9e comme tout le monde d\u2019un homme et d\u2019une femme, elle devait en \u00eatre affect\u00e9e et, pour la m\u00eame raison, ils ne reconnaissent pas son <a href=\"https:\/\/www.holyart.fr\/blog\/occasions-speciales\/lassomption-de-marie-et-les-celebrations-les-plus-caracteristiques\/\"><strong>Assomption au Ciel<\/strong><\/a>, puisque les Saintes \u00c9critures ne la mentionnent pas. Marie \u00e9tait une femme d\u2019une foi exceptionnelle, mais elle n&rsquo;a aucun pouvoir d\u2019intercession aupr\u00e8s de Dieu au nom des hommes.<\/p>\n<div class=\"link-product\">\n<div class=\"blocco-immagine\"><img loading=\"lazy\" decoding=\"async\" class=\"size-full wp-image-6449 alignleft\" src=\"https:\/\/blog.holyart.it\/fr\/wp-content\/uploads\/sites\/14\/2023\/05\/statue-de-la-madone-immaculee.jpg\" alt=\"statue de la madone immaculee\" width=\"100\" height=\"100\" data-kale-share-title=\"Les principales diff\u00e9rences entre catholiques et protestants\" data-kale-share-url=\"https:\/\/blog.holyart.it\/fr\/?p=6442\" \/><\/div>\n<div class=\"blocco-contenuto\">\n<div class=\"blocco-acquista\">Acheter sur Holyart:<\/div>\n<div class=\"blocco-titolo\"><a href=\"https:\/\/www.holyart.fr\/produits\/statues-vierge-marie.php\">Statues Vierge Marie<\/a><\/div>\n<div class=\"blocco-descrizione\">Toutes les statues de la Vierge que vous trouverez sur le site sont fabriqu\u00e9es \u00e0 la main en Italie et en France.<\/div>\n<\/div>\n<\/div>\n<h2>Les Saints<\/h2>\n<p>Bien que les chr\u00e9tiens Catholiques aussi pr\u00eatent beaucoup d\u2019attention \u00e0 garder <strong>s\u00e9par\u00e9s le concept de d\u00e9votion de celui d\u2019idol\u00e2trie<\/strong>, ainsi comme ils diff\u00e9rencient <a href=\"https:\/\/www.holyart.fr\/blog\/saints-et-bienheureux\/difference-entre-veneration-devotion-adoration\/\"><strong>v\u00e9n\u00e9ration, d\u00e9votion et adoration<\/strong><\/a>, ils admettent le culte des Saints (<em>dul\u00eda<\/em>) et celui de la Sainte Vierge (<em>iperdul\u00eda<\/em>), diff\u00e9rent de celui adress\u00e9 uniquement \u00e0 Dieu (<em>latr\u00eda<\/em>).<\/p>\n<p>Les Protestants ne reconnaissent pas les <strong>autorit\u00e9s religieuses en tant que telles<\/strong>, mais uniquement celle de Dieu et il n\u2019y a donc qu\u2019\u00e0 Lui qu\u2019il est permis d\u2019adresser pri\u00e8res, supplications et invocations.<\/p>\n<div class=\"link-article\">\n<p><img loading=\"lazy\" decoding=\"async\" class=\"size-full wp-image-6450 alignleft\" src=\"https:\/\/blog.holyart.it\/fr\/wp-content\/uploads\/sites\/14\/2023\/05\/Notre-Dame-des-Douleurs.jpg\" alt=\"Notre Dame des Douleurs\" width=\"150\" height=\"99\" data-kale-share-title=\"Les principales diff\u00e9rences entre catholiques et protestants\" data-kale-share-url=\"https:\/\/blog.holyart.it\/fr\/?p=6442\" \/><\/p>\n<div class=\"leggi-anche\">Lire aussi :<\/div>\n<p><strong><a href=\"https:\/\/www.holyart.fr\/blog\/saints-et-bienheureux\/difference-entre-veneration-devotion-adoration\/\">Quelle est la diff\u00e9rence entre V\u00e9n\u00e9ration, D\u00e9votion et Adoration?<\/a><\/strong><br \/>\nLa V\u00e9n\u00e9ration, dans le contexte religieux, est l\u2019acte d\u2019honorer Dieu&#8230;<\/p>\n<\/div>\n","protected":false},"excerpt":{"rendered":"<p>Les diff\u00e9rences entre Catholiques et Protestants sont \u00e0 la base de l\u2019histoire de la religion chr\u00e9tienne et de la naissance de l\u2019Europe telle que nous la connaissons. D\u00e9couvrons quelles sont les principales. Nous savons que la religion chr\u00e9tienne s\u2019est d\u00e9velopp\u00e9e au cours des si\u00e8cles dans&hellip;<\/p>\n","protected":false},"author":1,"featured_media":6452,"comment_status":"closed","ping_status":"open","sticky":false,"template":"","format":"standard","meta":{"_acf_changed":false,"footnotes":""},"categories":[8],"tags":[],"class_list":["post-6442","post","type-post","status-publish","format-standard","has-post-thumbnail","hentry","category-articles-religieux"],"acf":[],"yoast_head":"<!-- This site is optimized with the Yoast SEO plugin v26.6 - https:\/\/yoast.com\/wordpress\/plugins\/seo\/ -->\n<title>Les principales diff\u00e9rences entre catholiques et protestants<\/title>\n<meta name=\"description\" content=\"Examinons les principales diff\u00e9rences entre catholiques et protestants en mati\u00e8re d\u2019autorit\u00e9 du Pape, d\u00e9votion et Sacrements.\" \/>\n<meta name=\"robots\" content=\"index, follow, max-snippet:-1, max-image-preview:large, max-video-preview:-1\" \/>\n<link rel=\"canonical\" href=\"https:\/\/blog.holyart.it\/fr\/articles-religieux\/les-principales-differences-entre-catholiques-et-protestants\/\" \/>\n<meta property=\"og:locale\" content=\"fr_FR\" \/>\n<meta property=\"og:type\" content=\"article\" \/>\n<meta property=\"og:title\" content=\"Les principales diff\u00e9rences entre catholiques et protestants\" \/>\n<meta property=\"og:description\" content=\"Examinons les principales diff\u00e9rences entre catholiques et protestants en mati\u00e8re d\u2019autorit\u00e9 du Pape, d\u00e9votion et Sacrements.\" \/>\n<meta property=\"og:url\" content=\"https:\/\/blog.holyart.it\/fr\/articles-religieux\/les-principales-differences-entre-catholiques-et-protestants\/\" \/>\n<meta property=\"og:site_name\" content=\"Holyart.fr Blog\" \/>\n<meta property=\"article:published_time\" content=\"2023-06-12T09:00:16+00:00\" \/>\n<meta property=\"article:modified_time\" content=\"2025-10-14T12:32:29+00:00\" \/>\n<meta property=\"og:image\" content=\"https:\/\/blog.holyart.it\/fr\/wp-content\/uploads\/sites\/14\/2023\/05\/differences-entre-catholiques-et-protestants.jpg\" \/>\n\t<meta property=\"og:image:width\" content=\"1000\" \/>\n\t<meta property=\"og:image:height\" content=\"666\" \/>\n\t<meta property=\"og:image:type\" content=\"image\/jpeg\" \/>\n<meta name=\"author\" content=\"Redazione\" \/>\n<meta name=\"twitter:card\" content=\"summary_large_image\" \/>\n<meta name=\"twitter:label1\" content=\"\u00c9crit par\" \/>\n\t<meta name=\"twitter:data1\" content=\"Redazione\" \/>\n\t<meta name=\"twitter:label2\" content=\"Dur\u00e9e de lecture estim\u00e9e\" \/>\n\t<meta name=\"twitter:data2\" content=\"10 minutes\" \/>\n<script type=\"application\/ld+json\" class=\"yoast-schema-graph\">{\"@context\":\"https:\/\/schema.org\",\"@graph\":[{\"@type\":\"Article\",\"@id\":\"https:\/\/blog.holyart.it\/fr\/articles-religieux\/les-principales-differences-entre-catholiques-et-protestants\/#article\",\"isPartOf\":{\"@id\":\"https:\/\/blog.holyart.it\/fr\/articles-religieux\/les-principales-differences-entre-catholiques-et-protestants\/\"},\"author\":{\"name\":\"Redazione\",\"@id\":\"https:\/\/blog.holyart.it\/fr\/#\/schema\/person\/0a7b686e5af0f856ec1e390dd0baecda\"},\"headline\":\"Les principales diff\u00e9rences entre catholiques et protestants\",\"datePublished\":\"2023-06-12T09:00:16+00:00\",\"dateModified\":\"2025-10-14T12:32:29+00:00\",\"mainEntityOfPage\":{\"@id\":\"https:\/\/blog.holyart.it\/fr\/articles-religieux\/les-principales-differences-entre-catholiques-et-protestants\/\"},\"wordCount\":1770,\"publisher\":{\"@id\":\"https:\/\/blog.holyart.it\/fr\/#organization\"},\"image\":{\"@id\":\"https:\/\/blog.holyart.it\/fr\/articles-religieux\/les-principales-differences-entre-catholiques-et-protestants\/#primaryimage\"},\"thumbnailUrl\":\"https:\/\/blog.holyart.it\/fr\/wp-content\/uploads\/sites\/14\/2023\/05\/differences-entre-catholiques-et-protestants.jpg\",\"articleSection\":[\"Religion\"],\"inLanguage\":\"fr-FR\"},{\"@type\":\"WebPage\",\"@id\":\"https:\/\/blog.holyart.it\/fr\/articles-religieux\/les-principales-differences-entre-catholiques-et-protestants\/\",\"url\":\"https:\/\/blog.holyart.it\/fr\/articles-religieux\/les-principales-differences-entre-catholiques-et-protestants\/\",\"name\":\"Les principales diff\u00e9rences entre catholiques et protestants\",\"isPartOf\":{\"@id\":\"https:\/\/blog.holyart.it\/fr\/#website\"},\"primaryImageOfPage\":{\"@id\":\"https:\/\/blog.holyart.it\/fr\/articles-religieux\/les-principales-differences-entre-catholiques-et-protestants\/#primaryimage\"},\"image\":{\"@id\":\"https:\/\/blog.holyart.it\/fr\/articles-religieux\/les-principales-differences-entre-catholiques-et-protestants\/#primaryimage\"},\"thumbnailUrl\":\"https:\/\/blog.holyart.it\/fr\/wp-content\/uploads\/sites\/14\/2023\/05\/differences-entre-catholiques-et-protestants.jpg\",\"datePublished\":\"2023-06-12T09:00:16+00:00\",\"dateModified\":\"2025-10-14T12:32:29+00:00\",\"description\":\"Examinons les principales diff\u00e9rences entre catholiques et protestants en mati\u00e8re d\u2019autorit\u00e9 du Pape, d\u00e9votion et Sacrements.\",\"breadcrumb\":{\"@id\":\"https:\/\/blog.holyart.it\/fr\/articles-religieux\/les-principales-differences-entre-catholiques-et-protestants\/#breadcrumb\"},\"inLanguage\":\"fr-FR\",\"potentialAction\":[{\"@type\":\"ReadAction\",\"target\":[\"https:\/\/blog.holyart.it\/fr\/articles-religieux\/les-principales-differences-entre-catholiques-et-protestants\/\"]}]},{\"@type\":\"ImageObject\",\"inLanguage\":\"fr-FR\",\"@id\":\"https:\/\/blog.holyart.it\/fr\/articles-religieux\/les-principales-differences-entre-catholiques-et-protestants\/#primaryimage\",\"url\":\"https:\/\/blog.holyart.it\/fr\/wp-content\/uploads\/sites\/14\/2023\/05\/differences-entre-catholiques-et-protestants.jpg\",\"contentUrl\":\"https:\/\/blog.holyart.it\/fr\/wp-content\/uploads\/sites\/14\/2023\/05\/differences-entre-catholiques-et-protestants.jpg\",\"width\":1000,\"height\":666,\"caption\":\"differences entre catholiques et protestants\"},{\"@type\":\"BreadcrumbList\",\"@id\":\"https:\/\/blog.holyart.it\/fr\/articles-religieux\/les-principales-differences-entre-catholiques-et-protestants\/#breadcrumb\",\"itemListElement\":[{\"@type\":\"ListItem\",\"position\":1,\"name\":\"Homepage\",\"item\":\"https:\/\/blog.holyart.it\/fr\/\"},{\"@type\":\"ListItem\",\"position\":2,\"name\":\"Religion\",\"item\":\"https:\/\/blog.holyart.it\/fr\/articles-religieux\/\"},{\"@type\":\"ListItem\",\"position\":3,\"name\":\"Les principales diff\u00e9rences entre catholiques et protestants\"}]},{\"@type\":\"WebSite\",\"@id\":\"https:\/\/blog.holyart.it\/fr\/#website\",\"url\":\"https:\/\/blog.holyart.it\/fr\/\",\"name\":\"Holyart.fr Blog\",\"description\":\"Holyblog\",\"publisher\":{\"@id\":\"https:\/\/blog.holyart.it\/fr\/#organization\"},\"potentialAction\":[{\"@type\":\"SearchAction\",\"target\":{\"@type\":\"EntryPoint\",\"urlTemplate\":\"https:\/\/blog.holyart.it\/fr\/?s={search_term_string}\"},\"query-input\":{\"@type\":\"PropertyValueSpecification\",\"valueRequired\":true,\"valueName\":\"search_term_string\"}}],\"inLanguage\":\"fr-FR\"},{\"@type\":\"Organization\",\"@id\":\"https:\/\/blog.holyart.it\/fr\/#organization\",\"name\":\"Holyart.fr Blog\",\"url\":\"https:\/\/blog.holyart.it\/fr\/\",\"logo\":{\"@type\":\"ImageObject\",\"inLanguage\":\"fr-FR\",\"@id\":\"https:\/\/blog.holyart.it\/fr\/#\/schema\/logo\/image\/\",\"url\":\"https:\/\/blog.holyart.it\/fr\/wp-content\/uploads\/sites\/14\/2022\/12\/Holyart_Blog_Logo.jpg\",\"contentUrl\":\"https:\/\/blog.holyart.it\/fr\/wp-content\/uploads\/sites\/14\/2022\/12\/Holyart_Blog_Logo.jpg\",\"width\":300,\"height\":50,\"caption\":\"Holyart.fr Blog\"},\"image\":{\"@id\":\"https:\/\/blog.holyart.it\/fr\/#\/schema\/logo\/image\/\"}},{\"@type\":\"Person\",\"@id\":\"https:\/\/blog.holyart.it\/fr\/#\/schema\/person\/0a7b686e5af0f856ec1e390dd0baecda\",\"name\":\"Redazione\",\"image\":{\"@type\":\"ImageObject\",\"inLanguage\":\"fr-FR\",\"@id\":\"https:\/\/blog.holyart.it\/fr\/#\/schema\/person\/image\/\",\"url\":\"https:\/\/secure.gravatar.com\/avatar\/f477da817f43e50d0af36abecd33e3edf826c68299714bdc1057dff3b113f516?s=96&d=mm&r=g\",\"contentUrl\":\"https:\/\/secure.gravatar.com\/avatar\/f477da817f43e50d0af36abecd33e3edf826c68299714bdc1057dff3b113f516?s=96&d=mm&r=g\",\"caption\":\"Redazione\"},\"url\":\"https:\/\/blog.holyart.it\/fr\/author\/admin\/\"}]}<\/script>\n<!-- \/ Yoast SEO plugin. -->","yoast_head_json":{"title":"Les principales diff\u00e9rences entre catholiques et protestants","description":"Examinons les principales diff\u00e9rences entre catholiques et protestants en mati\u00e8re d\u2019autorit\u00e9 du Pape, d\u00e9votion et Sacrements.","robots":{"index":"index","follow":"follow","max-snippet":"max-snippet:-1","max-image-preview":"max-image-preview:large","max-video-preview":"max-video-preview:-1"},"canonical":"https:\/\/blog.holyart.it\/fr\/articles-religieux\/les-principales-differences-entre-catholiques-et-protestants\/","og_locale":"fr_FR","og_type":"article","og_title":"Les principales diff\u00e9rences entre catholiques et protestants","og_description":"Examinons les principales diff\u00e9rences entre catholiques et protestants en mati\u00e8re d\u2019autorit\u00e9 du Pape, d\u00e9votion et Sacrements.","og_url":"https:\/\/blog.holyart.it\/fr\/articles-religieux\/les-principales-differences-entre-catholiques-et-protestants\/","og_site_name":"Holyart.fr Blog","article_published_time":"2023-06-12T09:00:16+00:00","article_modified_time":"2025-10-14T12:32:29+00:00","og_image":[{"width":1000,"height":666,"url":"https:\/\/blog.holyart.it\/fr\/wp-content\/uploads\/sites\/14\/2023\/05\/differences-entre-catholiques-et-protestants.jpg","type":"image\/jpeg"}],"author":"Redazione","twitter_card":"summary_large_image","twitter_misc":{"\u00c9crit par":"Redazione","Dur\u00e9e de lecture estim\u00e9e":"10 minutes"},"schema":{"@context":"https:\/\/schema.org","@graph":[{"@type":"Article","@id":"https:\/\/blog.holyart.it\/fr\/articles-religieux\/les-principales-differences-entre-catholiques-et-protestants\/#article","isPartOf":{"@id":"https:\/\/blog.holyart.it\/fr\/articles-religieux\/les-principales-differences-entre-catholiques-et-protestants\/"},"author":{"name":"Redazione","@id":"https:\/\/blog.holyart.it\/fr\/#\/schema\/person\/0a7b686e5af0f856ec1e390dd0baecda"},"headline":"Les principales diff\u00e9rences entre catholiques et protestants","datePublished":"2023-06-12T09:00:16+00:00","dateModified":"2025-10-14T12:32:29+00:00","mainEntityOfPage":{"@id":"https:\/\/blog.holyart.it\/fr\/articles-religieux\/les-principales-differences-entre-catholiques-et-protestants\/"},"wordCount":1770,"publisher":{"@id":"https:\/\/blog.holyart.it\/fr\/#organization"},"image":{"@id":"https:\/\/blog.holyart.it\/fr\/articles-religieux\/les-principales-differences-entre-catholiques-et-protestants\/#primaryimage"},"thumbnailUrl":"https:\/\/blog.holyart.it\/fr\/wp-content\/uploads\/sites\/14\/2023\/05\/differences-entre-catholiques-et-protestants.jpg","articleSection":["Religion"],"inLanguage":"fr-FR"},{"@type":"WebPage","@id":"https:\/\/blog.holyart.it\/fr\/articles-religieux\/les-principales-differences-entre-catholiques-et-protestants\/","url":"https:\/\/blog.holyart.it\/fr\/articles-religieux\/les-principales-differences-entre-catholiques-et-protestants\/","name":"Les principales diff\u00e9rences entre catholiques et protestants","isPartOf":{"@id":"https:\/\/blog.holyart.it\/fr\/#website"},"primaryImageOfPage":{"@id":"https:\/\/blog.holyart.it\/fr\/articles-religieux\/les-principales-differences-entre-catholiques-et-protestants\/#primaryimage"},"image":{"@id":"https:\/\/blog.holyart.it\/fr\/articles-religieux\/les-principales-differences-entre-catholiques-et-protestants\/#primaryimage"},"thumbnailUrl":"https:\/\/blog.holyart.it\/fr\/wp-content\/uploads\/sites\/14\/2023\/05\/differences-entre-catholiques-et-protestants.jpg","datePublished":"2023-06-12T09:00:16+00:00","dateModified":"2025-10-14T12:32:29+00:00","description":"Examinons les principales diff\u00e9rences entre catholiques et protestants en mati\u00e8re d\u2019autorit\u00e9 du Pape, d\u00e9votion et Sacrements.","breadcrumb":{"@id":"https:\/\/blog.holyart.it\/fr\/articles-religieux\/les-principales-differences-entre-catholiques-et-protestants\/#breadcrumb"},"inLanguage":"fr-FR","potentialAction":[{"@type":"ReadAction","target":["https:\/\/blog.holyart.it\/fr\/articles-religieux\/les-principales-differences-entre-catholiques-et-protestants\/"]}]},{"@type":"ImageObject","inLanguage":"fr-FR","@id":"https:\/\/blog.holyart.it\/fr\/articles-religieux\/les-principales-differences-entre-catholiques-et-protestants\/#primaryimage","url":"https:\/\/blog.holyart.it\/fr\/wp-content\/uploads\/sites\/14\/2023\/05\/differences-entre-catholiques-et-protestants.jpg","contentUrl":"https:\/\/blog.holyart.it\/fr\/wp-content\/uploads\/sites\/14\/2023\/05\/differences-entre-catholiques-et-protestants.jpg","width":1000,"height":666,"caption":"differences entre catholiques et protestants"},{"@type":"BreadcrumbList","@id":"https:\/\/blog.holyart.it\/fr\/articles-religieux\/les-principales-differences-entre-catholiques-et-protestants\/#breadcrumb","itemListElement":[{"@type":"ListItem","position":1,"name":"Homepage","item":"https:\/\/blog.holyart.it\/fr\/"},{"@type":"ListItem","position":2,"name":"Religion","item":"https:\/\/blog.holyart.it\/fr\/articles-religieux\/"},{"@type":"ListItem","position":3,"name":"Les principales diff\u00e9rences entre catholiques et protestants"}]},{"@type":"WebSite","@id":"https:\/\/blog.holyart.it\/fr\/#website","url":"https:\/\/blog.holyart.it\/fr\/","name":"Holyart.fr Blog","description":"Holyblog","publisher":{"@id":"https:\/\/blog.holyart.it\/fr\/#organization"},"potentialAction":[{"@type":"SearchAction","target":{"@type":"EntryPoint","urlTemplate":"https:\/\/blog.holyart.it\/fr\/?s={search_term_string}"},"query-input":{"@type":"PropertyValueSpecification","valueRequired":true,"valueName":"search_term_string"}}],"inLanguage":"fr-FR"},{"@type":"Organization","@id":"https:\/\/blog.holyart.it\/fr\/#organization","name":"Holyart.fr Blog","url":"https:\/\/blog.holyart.it\/fr\/","logo":{"@type":"ImageObject","inLanguage":"fr-FR","@id":"https:\/\/blog.holyart.it\/fr\/#\/schema\/logo\/image\/","url":"https:\/\/blog.holyart.it\/fr\/wp-content\/uploads\/sites\/14\/2022\/12\/Holyart_Blog_Logo.jpg","contentUrl":"https:\/\/blog.holyart.it\/fr\/wp-content\/uploads\/sites\/14\/2022\/12\/Holyart_Blog_Logo.jpg","width":300,"height":50,"caption":"Holyart.fr Blog"},"image":{"@id":"https:\/\/blog.holyart.it\/fr\/#\/schema\/logo\/image\/"}},{"@type":"Person","@id":"https:\/\/blog.holyart.it\/fr\/#\/schema\/person\/0a7b686e5af0f856ec1e390dd0baecda","name":"Redazione","image":{"@type":"ImageObject","inLanguage":"fr-FR","@id":"https:\/\/blog.holyart.it\/fr\/#\/schema\/person\/image\/","url":"https:\/\/secure.gravatar.com\/avatar\/f477da817f43e50d0af36abecd33e3edf826c68299714bdc1057dff3b113f516?s=96&d=mm&r=g","contentUrl":"https:\/\/secure.gravatar.com\/avatar\/f477da817f43e50d0af36abecd33e3edf826c68299714bdc1057dff3b113f516?s=96&d=mm&r=g","caption":"Redazione"},"url":"https:\/\/blog.holyart.it\/fr\/author\/admin\/"}]}},"_links":{"self":[{"href":"https:\/\/blog.holyart.it\/fr\/wp-json\/wp\/v2\/posts\/6442","targetHints":{"allow":["GET"]}}],"collection":[{"href":"https:\/\/blog.holyart.it\/fr\/wp-json\/wp\/v2\/posts"}],"about":[{"href":"https:\/\/blog.holyart.it\/fr\/wp-json\/wp\/v2\/types\/post"}],"author":[{"embeddable":true,"href":"https:\/\/blog.holyart.it\/fr\/wp-json\/wp\/v2\/users\/1"}],"replies":[{"embeddable":true,"href":"https:\/\/blog.holyart.it\/fr\/wp-json\/wp\/v2\/comments?post=6442"}],"version-history":[{"count":3,"href":"https:\/\/blog.holyart.it\/fr\/wp-json\/wp\/v2\/posts\/6442\/revisions"}],"predecessor-version":[{"id":6454,"href":"https:\/\/blog.holyart.it\/fr\/wp-json\/wp\/v2\/posts\/6442\/revisions\/6454"}],"wp:featuredmedia":[{"embeddable":true,"href":"https:\/\/blog.holyart.it\/fr\/wp-json\/wp\/v2\/media\/6452"}],"wp:attachment":[{"href":"https:\/\/blog.holyart.it\/fr\/wp-json\/wp\/v2\/media?parent=6442"}],"wp:term":[{"taxonomy":"category","embeddable":true,"href":"https:\/\/blog.holyart.it\/fr\/wp-json\/wp\/v2\/categories?post=6442"},{"taxonomy":"post_tag","embeddable":true,"href":"https:\/\/blog.holyart.it\/fr\/wp-json\/wp\/v2\/tags?post=6442"}],"curies":[{"name":"wp","href":"https:\/\/api.w.org\/{rel}","templated":true}]}}