{"id":6396,"date":"2023-06-05T11:00:31","date_gmt":"2023-06-05T09:00:31","guid":{"rendered":"https:\/\/blog.holyart.it\/fr\/?p=6396"},"modified":"2025-08-29T10:10:21","modified_gmt":"2025-08-29T08:10:21","slug":"fetes-mariales-voici-toutes-les-recurrences-de-lannee-dediees-a-marie","status":"publish","type":"post","link":"https:\/\/blog.holyart.it\/fr\/articles-religieux\/fetes-mariales-voici-toutes-les-recurrences-de-lannee-dediees-a-marie\/","title":{"rendered":"F\u00eates Mariales : voici toutes les r\u00e9currences de l\u2019ann\u00e9e d\u00e9di\u00e9es \u00e0 Marie"},"content":{"rendered":"<h4>F\u00eates Mariales, tous les visages de la d\u00e9votion \u00e0 Marie, M\u00e8re de J\u00e9sus<\/h4>\n<p>Il n\u2019est pas facile de dresser une liste de toutes les f\u00eates d\u00e9di\u00e9es \u00e0 <a href=\"https:\/\/www.holyart.fr\/search?params=%7B%22search%22%3A%22ARTICLES%20SUR%20LA%20MADONNE%22%7D&amp;search=ARTICLES+SUR+LA+MADONNE\"><strong>Marie, M\u00e8re de J\u00e9sus<\/strong><\/a>. La <strong>d\u00e9votion<\/strong> qui lui est accord\u00e9e par les fid\u00e8les se manifeste de nombreuses mani\u00e8res diff\u00e9rentes pour l\u2019\u00c9glise catholique. Les nombreuses f\u00eates mariales qui marquent le calendrier des catholiques sont des moments o\u00f9 les actes d\u00e9votionnels, les pri\u00e8res, la r\u00e9citation du Rosaire et toutes les manifestations de foi et d\u2019affection pour la figure de la M\u00e8re de Dieu prennent une dimension plus ample et qui comprend tous les fid\u00e8les. Difficile de comprendre qui est apparue en premi\u00e8re, si la <strong>d\u00e9votion populaire<\/strong> \u00e0 la Vierge, la v\u00e9n\u00e9ration qui lui est port\u00e9e par ses fils les plus humbles, qui se sont toujours adress\u00e9s \u00e0 elle, suppliant et pleurant, pour chercher le r\u00e9confort que seulement une m\u00e8re peut offrir, ou la <strong>th\u00e9ologie<\/strong> r\u00e9dig\u00e9e sur Marie par les grands \u00e9rudits et les P\u00e8res de l\u2019\u00c9glise. D\u00e9j\u00e0 dans l\u2019<strong>\u00c9vangile de Luc <\/strong>Marie est indiqu\u00e9e par l\u2019Archange Gabriel comme \u00ab\u00a0<em>destinataire de la faveur et de la gr\u00e2ce<\/em>\u00a0\u00bb (Luc 1,28) divine, et il est d\u00e9clar\u00e9 d\u00e8s le d\u00e9but que \u00ab\u00a0<em>le Seigneur est avec elle<\/em>\u00a0\u00bb (Luc 1,28).<\/p>\n<div class=\"link-product\">\n<div class=\"blocco-immagine\"><img loading=\"lazy\" decoding=\"async\" class=\"size-full wp-image-6398 alignleft\" src=\"https:\/\/blog.holyart.it\/fr\/wp-content\/uploads\/sites\/14\/2023\/05\/Marie-Immaculee.jpg\" alt=\"Marie Immaculee \" width=\"100\" height=\"100\" data-kale-share-title=\"F\u00eates Mariales : voici toutes les r\u00e9currences de l\u2019ann\u00e9e d\u00e9di\u00e9es \u00e0 Marie\" data-kale-share-url=\"https:\/\/blog.holyart.it\/fr\/?p=6396\" \/><\/div>\n<div class=\"blocco-contenuto\">\n<div class=\"blocco-acquista\">Acheter sur Holyart:<\/div>\n<div class=\"blocco-titolo\"><a href=\"https:\/\/www.holyart.fr\/articles-religieux\/statues\/statues-en-bois-peint\/marie-immaculee-20-cm\">Marie Immacul\u00e9e 20 cm <\/a><\/div>\n<div class=\"blocco-descrizione\">Taill\u00e9e artisanalement dans le bois d&rsquo;\u00e9rable avec le pantographe et peinte \u00e0 la main.<\/div>\n<\/div>\n<\/div>\n<p>L\u2019\u00c9glise catholique a \u00e9tabli davantage sa figure au cours des si\u00e8cles, en lui attribuant les dogmes de l\u2019<strong>Immacul\u00e9e Conception<\/strong>, au centre de diff\u00e9rends pendant des si\u00e8cles et enfin proclam\u00e9 par pape Pie IX en 1854 avec la bulle <em>Ineffabilis Deue<\/em>, et de l\u2019<strong>Assomption<\/strong>, d\u00e9j\u00e0 reconnu \u00e0 partir du Ve si\u00e8cle apr. J.-C. dans la d\u00e9votion populaire et proclam\u00e9 en 1950 par pape Pie XII avec la constitution apostolique <em>Munificentissimus Deus<\/em>. La v\u00e9n\u00e9ration \u00e0 Marie, reconnue par le dogme comme <strong>M\u00e8re de Dieu<\/strong> depuis le Concile d\u2019\u00c9ph\u00e8se (431 apr. J.-C.), et d\u00e9finie <strong>m\u00e8re de l\u2019\u00c9glise<\/strong> dans le Concile Vatican II (1962-1965) a toujours \u00e9t\u00e9 amplement encourag\u00e9e. Elle n\u2019a certainement jamais perdu son caract\u00e8re d\u2019<strong>affection et <\/strong>de<strong> supplication<\/strong>, car aucune figure de l\u2019histoire du Christianisme n\u2019a su incarner la mis\u00e9ricorde et la volont\u00e9 d\u2019aider et de prot\u00e9ger les hommes, surtout dans les moments de plus grande difficult\u00e9, comme Marie, M\u00e8re de J\u00e9sus et M\u00e8re de l\u2019humanit\u00e9.<\/p>\n<p>Par le pass\u00e9, nous avons virtuellement voyag\u00e9 parmi les nombreux <a href=\"https:\/\/www.holyart.fr\/blog\/articles-religieux\/les-10-sanctuaires-mariaux-les-plus-celebres-en-italie\/\"><strong>sanctuaires d\u00e9di\u00e9s \u00e0 la Sainte Vierge<\/strong><\/a>, en Italie, v\u00e9ritables c\u0153urs battants de cette d\u00e9votion, chacun avec ses propres caract\u00e9ristiques, son histoire, pour les modalit\u00e9s de culte. Nous nous sommes attard\u00e9s sur les <a href=\"https:\/\/www.holyart.fr\/blog\/articles-religieux\/titres-mariaux-combien-et-lesquels-sont-les-noms-dedies-a-marie\/\"><strong>titres mariaux<\/strong><\/a>, i.e. les nombreux noms attribu\u00e9s \u00e0 la Vierge au cours des si\u00e8cles, et nous avons pourchass\u00e9 les<a href=\"https:\/\/www.holyart.fr\/blog\/articles-religieux\/les-10-plus-importantes-apparitions-mariales-dans-le-monde\/\"><strong> apparitions de la Vierge<\/strong> <\/a>dans le monde, de Lorette \u00e0 Czestochowa, de Fatima \u00e0 Lourdes et au Guadalupe. Pendant que l\u2019\u00e9t\u00e9 avance et nous nous rapprochons de plus en plus de la <a href=\"https:\/\/www.holyart.fr\/blog\/occasions-speciales\/lassomption-de-marie-et-les-celebrations-les-plus-caracteristiques\/\"><strong>F\u00eate de l\u2019Assomption<\/strong><\/a> (15 ao\u00fbt) et de celle du <a href=\"https:\/\/www.holyart.fr\/blog\/articles-religieux\/couronnement-de-la-vierge-reine-des-cieux-et-de-la-terre\/\"><strong>Couronnement de Marie<\/strong><\/a> (22 ao\u00fbt), nous souhaitons nous attarder \u00e9galement sur les principales <strong>F\u00eates Mariales<\/strong>, les jours sp\u00e9ciaux d\u00e9di\u00e9s au culte de la Vierge tout au long du calendrier.\u00a0 Nous avons d\u00e9j\u00e0 d\u00e9di\u00e9 un article \u00e0 la f\u00eate de <a href=\"https:\/\/www.holyart.fr\/blog\/articles-religieux\/marie-mere-de-leglise-la-fete-instituee-par-pape-francois\/\"><strong>Marie M\u00e8re de l\u2019\u00c9glise<\/strong><\/a>, institu\u00e9e par Pape Fran\u00e7ois en 2018. Voyons ensemble quelles autres f\u00eates et r\u00e9currences mariales sont les plus importantes. Bien que mai soit consid\u00e9r\u00e9 comme le <a href=\"https:\/\/www.holyart.fr\/blog\/articles-religieux\/mai-mois-de-la-vierge-comment-celebrer-le-mois-marial\/\"><strong>mois marial<\/strong> <\/a>par excellence, ainsi comme octobre celui du<a href=\"https:\/\/www.holyart.fr\/blog\/articles-religieux\/octobre-le-mois-du-saint-rosaire\/\"><strong> Saint Rosaire<\/strong><\/a>, nous verrons que les f\u00eates d\u00e9di\u00e9es \u00e0 la Sainte Vierge traversent tout le calendrier, du d\u00e9but \u00e0 la fin.<\/p>\n<div class=\"link-article\">\n<p><img loading=\"lazy\" decoding=\"async\" class=\"size-full wp-image-6399 alignleft\" src=\"https:\/\/blog.holyart.it\/fr\/wp-content\/uploads\/sites\/14\/2023\/05\/Titres-Mariaux.jpeg\" alt=\"Titres Mariaux\" width=\"150\" height=\"99\" data-kale-share-title=\"F\u00eates Mariales : voici toutes les r\u00e9currences de l\u2019ann\u00e9e d\u00e9di\u00e9es \u00e0 Marie\" data-kale-share-url=\"https:\/\/blog.holyart.it\/fr\/?p=6396\" \/><\/p>\n<div class=\"leggi-anche\">Lire aussi :<\/div>\n<p><strong><a href=\"https:\/\/www.holyart.fr\/blog\/articles-religieux\/titres-mariaux-combien-et-lesquels-sont-les-noms-dedies-a-marie\/\">Titres Mariaux : combien et lesquels sont les noms d\u00e9di\u00e9s \u00e0 Marie<\/a><\/strong><br \/>\nTitres Mariaux : toutes les appellations avec lesquelles on v\u00e9n\u00e8re Marie&#8230;<\/p>\n<\/div>\n<h2>F\u00eates d\u00e9di\u00e9es \u00e0 Marie dans le calendrier<\/h2>\n<h3>1er janvier : Marie M\u00e8re de Dieu<\/h3>\n<p>Par tradition, le mois de janvier est d\u00e9di\u00e9 \u00e0 l\u2019Enfant J\u00e9sus et, en particulier, au Tr\u00e8s-Saint Nom de J\u00e9sus, mais le 1<sup>er<\/sup> janvier on c\u00e9l\u00e8bre la <a href=\"https:\/\/www.holyart.fr\/articles-religieux\/icones-religieuses\/icones-grecques\/mere-de-dieu-de-la-passion-manteau-bleu\"><strong>Tr\u00e8s-Sainte Marie M\u00e8re de Dieu<\/strong><\/a>, i.e. la <strong>Divine Maternit\u00e9 de Marie<\/strong>, en se rattachant au dogme de Marie <em>Theot\u00f3kos<\/em>, <em>m\u00e8re de Dieu<\/em>. Ce dogme fut proclam\u00e9 par le Concile d\u2019\u00c9ph\u00e8se en 431 apr. J.-C., au cours duquel on se retrouva \u00e0 d\u00e9battre sur le fait que la Vierge ne soit que <em>Christotokos<\/em>, M\u00e8re de J\u00e9sus-Homme, ou, justement, \u00e9galement <em>Th\u00e9ot\u00f3kos<\/em>, M\u00e8re de Dieu. Fix\u00e9e dans un premier temps en octobre, la c\u00e9l\u00e9bration de Marie M\u00e8re de Dieu fut transf\u00e9r\u00e9e en 1969 au 1<sup>er<\/sup> janvier, date d\u00e9j\u00e0 c\u00e9l\u00e9br\u00e9e dans le pass\u00e9 comme <em>Natale Sanctae Mariae<\/em> et ensuite disparue.<\/p>\n<div class=\"link-product\">\n<div class=\"blocco-immagine\"><img loading=\"lazy\" decoding=\"async\" class=\"size-full wp-image-6402 alignleft\" src=\"https:\/\/blog.holyart.it\/fr\/wp-content\/uploads\/sites\/14\/2023\/05\/mere-de-dieu-1.jpg\" alt=\"mere de dieu\" width=\"100\" height=\"100\" data-kale-share-title=\"F\u00eates Mariales : voici toutes les r\u00e9currences de l\u2019ann\u00e9e d\u00e9di\u00e9es \u00e0 Marie\" data-kale-share-url=\"https:\/\/blog.holyart.it\/fr\/?p=6396\" \/><\/div>\n<div class=\"blocco-contenuto\">\n<div class=\"blocco-acquista\">Acheter sur Holyart:<\/div>\n<div class=\"blocco-titolo\"><a href=\"https:\/\/www.holyart.fr\/articles-religieux\/icones-religieuses\/icones-grecques\/mere-de-dieu-de-la-passion-manteau-bleu\">M\u00e8re de Dieu de la passion, manteau bleu<\/a><\/div>\n<div class=\"blocco-descrizione\">Ic\u00f4ne s\u00e9rigraphie de la Vierge, m\u00e8re de Dieu ; son regard est plein de douleur et de fois.<\/div>\n<\/div>\n<\/div>\n<h3>11 f\u00e9vrier : Notre-Dame de Lourdes<\/h3>\n<p>Le 11 f\u00e9vrier, anniversaire de la <a href=\"https:\/\/www.holyart.fr\/blog\/saints-et-bienheureux\/jour-sainte-vierge-apparut-a-bernadette-soubirous\/\"><strong>premi\u00e8re apparition de la Vierge \u00e0 Bernadette Soubirous<\/strong><\/a>, on f\u00eate <a href=\"https:\/\/www.holyart.fr\/articles-religieux\/statues\/statues-en-pierre\/vierge-de-lourdes\"><strong>Notre-Dame de Lourdes<\/strong><\/a>. Ce fut, en effet, le 11 f\u00e9vrier 1858 que la jeune fille affirma avoir rencontr\u00e9, dans la grotte de Massabielle, la \u00ab\u00a0<em>dame habill\u00e9e de blanc<\/em>\u00a0\u00bb, destin\u00e9e \u00e0 faire na\u00eetre dans cette localit\u00e9 anonyme nich\u00e9e dans les Pyr\u00e9n\u00e9es fran\u00e7aises une des formes d\u00e9votionnelles mariales les plus c\u00e9l\u00e8bres et les plus ressenties au monde et \u00e0 transformer cette grotte en un des principaux lieux de p\u00e8lerinage pour les catholiques.<\/p>\n<div class=\"link-product\">\n<div class=\"blocco-immagine\"><img loading=\"lazy\" decoding=\"async\" class=\"size-full wp-image-6404 alignleft\" src=\"https:\/\/blog.holyart.it\/fr\/wp-content\/uploads\/sites\/14\/2023\/05\/Vierge-de-Lourdes.jpg\" alt=\"Vierge de Lourdes\" width=\"100\" height=\"100\" data-kale-share-title=\"F\u00eates Mariales : voici toutes les r\u00e9currences de l\u2019ann\u00e9e d\u00e9di\u00e9es \u00e0 Marie\" data-kale-share-url=\"https:\/\/blog.holyart.it\/fr\/?p=6396\" \/><\/div>\n<div class=\"blocco-contenuto\">\n<div class=\"blocco-acquista\">Acheter sur Holyart:<\/div>\n<div class=\"blocco-titolo\"><a href=\"https:\/\/www.holyart.fr\/articles-religieux\/statues\/statues-en-pierre\/vierge-de-lourdes\">Vierge de Lourdes<\/a><\/div>\n<div class=\"blocco-descrizione\">R\u00e9alis\u00e9 \u00e0 la main par les soeurs du monast\u00e8re de Bethl\u00e9em.<\/div>\n<\/div>\n<\/div>\n<h3>25 mars : Annonciation du Seigneur<\/h3>\n<p>Le 25 mars on c\u00e9l\u00e8bre l\u2019<a href=\"https:\/\/www.holyart.fr\/blog\/articles-religieux\/annonciation-du-seigneur-pourquoi-la-fetons-nous-le-25-mars\/\"><strong>Annonciation du Seigneur<\/strong><\/a>. C\u00e9l\u00e9br\u00e9e par l\u2019\u00c9glise catholique, mais aussi par l\u2019\u00c9glise orthodoxe, elle est une des F\u00eates du Seigneur et elle est donc d\u00e9di\u00e9e \u00e0 J\u00e9sus, mais, en \u00e9gale partie, \u00e0 Sa m\u00e8re Marie. En effet, il s\u2019agit de la c\u00e9l\u00e9bration du souvenir de la <strong>rencontre entre Marie et l\u2019archange Gabriel<\/strong>, quand l\u2019ange annon\u00e7a \u00e0 la Vierge la venue du Messie et elle accepta le r\u00f4le que Dieu avait choisi pour elle dans les \u00e9v\u00e9nements qui auraient suivi.<\/p>\n<h3>13 mai : Notre-Dame de Fatima<\/h3>\n<p>Comme pour la f\u00eate de Notre-Dame de Lourdes, celle de <a href=\"https:\/\/www.holyart.fr\/articles-religieux\/statues\/statues-en-resine-et-pvc\/notre-dame-de-fatima-43-cm-statue-en-resine\"><strong>Notre-Dame de Fatima<\/strong><\/a> aussi rappelle la premi\u00e8re apparition de cette derni\u00e8re, qui eut lieu le <strong>13 mai 1917<\/strong>. Protagoniste de la <a href=\"https:\/\/www.holyart.fr\/blog\/occasions-speciales\/notre-dame-de-fatima-penitence-et-priere-sont-le-salut\/\"><strong>rencontre miraculeuse<\/strong><\/a> furent cette fois-ci trois jeunes bergers provenant d\u2019Aljustrel. \u00c0 celle-ci suivirent d\u2019autres rencontres, le 13 de chaque mois, et, apr\u00e8s diverses vicissitudes, le <strong>culte de Notre-Dame de Fatima<\/strong> fut reconnu et l\u00e9gitim\u00e9 par l\u2019\u00c9glise en 1930. Aux trois bergers la Vierge r\u00e9v\u00e9la ceux qu\u2019on appelle les trois secrets de Fatima et, en g\u00e9n\u00e9ral, elle leur apporta un message de paix et d\u2019invitation \u00e0 la pri\u00e8re.<\/p>\n<div class=\"link-product\">\n<div class=\"blocco-immagine\"><img loading=\"lazy\" decoding=\"async\" class=\"size-full wp-image-6406 alignleft\" src=\"https:\/\/blog.holyart.it\/fr\/wp-content\/uploads\/sites\/14\/2023\/05\/Notre-Dame-de-Fatima-1.jpg\" alt=\"Notre-Dame de Fatima\" width=\"100\" height=\"100\" data-kale-share-title=\"F\u00eates Mariales : voici toutes les r\u00e9currences de l\u2019ann\u00e9e d\u00e9di\u00e9es \u00e0 Marie\" data-kale-share-url=\"https:\/\/blog.holyart.it\/fr\/?p=6396\" \/><\/div>\n<div class=\"blocco-contenuto\">\n<div class=\"blocco-acquista\">Acheter sur Holyart:<\/div>\n<div class=\"blocco-titolo\"><a href=\"https:\/\/www.holyart.fr\/articles-religieux\/statues\/statues-en-resine-et-pvc\/notre-dame-de-fatima-43-cm-statue-en-resine\">Notre-Dame de Fatima 43 cm statue en r\u00e9sine<\/a><\/div>\n<div class=\"blocco-descrizione\">Statue de Notre-Dame de Fatima en r\u00e9sine peinte \u00e0 la main.<\/div>\n<\/div>\n<\/div>\n<h3>20 mai : Tr\u00e8s-Sainte Marie Mater Domini<\/h3>\n<p>La F\u00eate Patronale de la Tr\u00e8s-Sainte Vierge Marie Mater Domini est un des \u00e9v\u00e9nements les plus importants pour la ville de Laterza, en province de Tarante. Le 20 mai, la statue de la Tr\u00e8s-Sainte Vierge Marie Mater Domini, conserv\u00e9e dans le Sanctuaire de Laterza, est amen\u00e9e en procession jusqu\u2019\u00e0 l\u2019\u00c9glise M\u00e8re de Saint Laurent. Cette ancienne f\u00eate patronale est tr\u00e8s ressentie par les habitants de Laterza, mais elle attire \u00e9galement p\u00e8lerins et curieux depuis la Campanie, la Basilicate et le Latium. La procession a pris le nom de <em>Peregrinatio Mariae<\/em>, et a \u00e9t\u00e9 institu\u00e9e pour la premi\u00e8re fois en 1985.<\/p>\n<h3>31 mai : Visitation de la Bienheureuse Vierge Marie<\/h3>\n<p>La f\u00eate liturgique de la <a href=\"https:\/\/www.holyart.fr\/articles-religieux\/bas-reliefs\/bas-reliefs-en-pierre\/bas-relief-visitation-de-la-vierge-marie\"><strong>Visitation de la Bienheureuse Vierge Marie<\/strong><\/a> est c\u00e9l\u00e9br\u00e9e le 31 mai et elle f\u00eate la rencontre entre \u00c9lisabeth et la Vierge Marie comme racont\u00e9 dans l\u2019\u00c9vangile de Luc. Marie venait de recevoir l\u2019annonciation de l\u2019Archange Gabriel et se rendit en Jud\u00e9e afin de rendre visite \u00e0 sa parente \u00c9lisabeth, tomb\u00e9e enceinte en \u00e2ge avanc\u00e9. Quand cette derni\u00e8re la vit, l\u2019enfant en son ventre, qui serait devenu Jean le Baptiste, sursauta et \u00c9lisabeth salua Marie comme la future m\u00e8re du Sauveur. \u00c0 cette occasion, la Sainte Vierge exprima \u00e9galement sa gratitude \u00e0 Dieu avec le cantique contenu dans le premier chapitre de l\u2019\u00c9vangile selon Luc que nous connaissons comme le <em>Magnificat<\/em>.<\/p>\n<div class=\"link-product\">\n<div class=\"blocco-immagine\"><img loading=\"lazy\" decoding=\"async\" class=\"size-full wp-image-6407 alignleft\" src=\"https:\/\/blog.holyart.it\/fr\/wp-content\/uploads\/sites\/14\/2023\/05\/Bas-relief-Visitation.jpg\" alt=\"Bas-relief Visitation\" width=\"100\" height=\"100\" data-kale-share-title=\"F\u00eates Mariales : voici toutes les r\u00e9currences de l\u2019ann\u00e9e d\u00e9di\u00e9es \u00e0 Marie\" data-kale-share-url=\"https:\/\/blog.holyart.it\/fr\/?p=6396\" \/><\/div>\n<div class=\"blocco-contenuto\">\n<div class=\"blocco-acquista\">Acheter sur Holyart:<\/div>\n<div class=\"blocco-titolo\"><a href=\"https:\/\/www.holyart.fr\/articles-religieux\/bas-reliefs\/bas-reliefs-en-pierre\/bas-relief-visitation-de-la-vierge-marie\">Bas-relief Visitation de la Vierge Marie<\/a><\/div>\n<div class=\"blocco-descrizione\">Ce tableau est r\u00e9alis\u00e9 \u00e0 la main par les soeurs du monast\u00e8re de Bethl\u00e9em en France.<\/div>\n<\/div>\n<\/div>\n<h3>Lundi apr\u00e8s Pentec\u00f4te : Marie M\u00e8re de l\u2019\u00c9glise<\/h3>\n<p>L&rsquo;appellatif Marial de Marie M\u00e8re de l\u2019\u00c9glise, <em>Mater Ecclesiae<\/em>, a \u00e9t\u00e9 longtemps au centre de discussions et d\u00e9lib\u00e9rations, mais uniquement en mars 2018 Pape Fran\u00e7ois a d\u00e9clar\u00e9 l\u2019obligation de f\u00eater la m\u00e9moire liturgique de Marie M\u00e8re de l\u2019\u00c9glise le <strong>lundi apr\u00e8s la Pentec\u00f4te<\/strong>. Cette f\u00eate c\u00e9l\u00e8bre le double r\u00f4le de <a href=\"https:\/\/www.holyart.fr\/blog\/articles-religieux\/marie-mere-de-leglise-la-fete-instituee-par-pape-francois\/\"><strong>Marie M\u00e8re de Dieu et M\u00e8re de l\u2019\u00c9glise<\/strong><\/a>.<\/p>\n<div class=\"link-article\">\n<p><img loading=\"lazy\" decoding=\"async\" class=\"size-full wp-image-6409 alignleft\" src=\"https:\/\/blog.holyart.it\/fr\/wp-content\/uploads\/sites\/14\/2023\/05\/Marie-Mere-de-lEglise-1.jpg\" alt=\"Marie Mere de l\u2019Eglise\" width=\"150\" height=\"99\" data-kale-share-title=\"F\u00eates Mariales : voici toutes les r\u00e9currences de l\u2019ann\u00e9e d\u00e9di\u00e9es \u00e0 Marie\" data-kale-share-url=\"https:\/\/blog.holyart.it\/fr\/?p=6396\" \/><\/p>\n<div class=\"leggi-anche\">Lire aussi :<\/div>\n<p><strong><a href=\"https:\/\/www.holyart.fr\/blog\/articles-religieux\/marie-mere-de-leglise-la-fete-instituee-par-pape-francois\/\">Marie M\u00e8re de l\u2019\u00c9glise : la f\u00eate institu\u00e9e par Pape Fran\u00e7ois<\/a><\/strong><br \/>\nLe lundi apr\u00e8s la Pentec\u00f4te, le rite romain c\u00e9l\u00e8bre Marie M\u00e8re de l\u2019\u00c9glise. Voici comment cette f\u00eate est n\u00e9e&#8230;<\/p>\n<\/div>\n<h3>Samedi apr\u00e8s le Sacr\u00e9-C\u0153ur de J\u00e9sus : C\u0153ur Immacul\u00e9 de Marie<\/h3>\n<p>La r\u00e9currence du <a href=\"https:\/\/www.holyart.fr\/articles-religieux\/statues\/statues-en-bois-peint\/statue-bois-sacre-coeur-de-marie-peinte\"><strong>Sacr\u00e9-C\u0153ur de Marie<\/strong><\/a> change d\u2019ann\u00e9e en ann\u00e9e, mais tombe toujours le lendemain de la c\u00e9l\u00e9bration du <strong>Sacr\u00e9-C\u0153ur de J\u00e9sus<\/strong>. La f\u00eate est r\u00e9cente, puisque ce fut Pape Pie XII qui consacra le monde au C\u0153ur Immacul\u00e9 de Marie en 1942, apr\u00e8s les c\u00e9l\u00e9brations en l\u2019honneur des Apparitions de Fatima, et deux ans apr\u00e8s, en 1944, il institua la f\u00eate du C\u0153ur Immacul\u00e9 de Marie.<\/p>\n<div class=\"link-product\">\n<div class=\"blocco-immagine\"><img loading=\"lazy\" decoding=\"async\" class=\"size-full wp-image-6410 alignleft\" src=\"https:\/\/blog.holyart.it\/fr\/wp-content\/uploads\/sites\/14\/2023\/05\/Statue-bois-sacre-coeur-de-Marie.jpg\" alt=\"Statue bois sacre coeur de Marie\" width=\"100\" height=\"100\" data-kale-share-title=\"F\u00eates Mariales : voici toutes les r\u00e9currences de l\u2019ann\u00e9e d\u00e9di\u00e9es \u00e0 Marie\" data-kale-share-url=\"https:\/\/blog.holyart.it\/fr\/?p=6396\" \/><\/div>\n<div class=\"blocco-contenuto\">\n<div class=\"blocco-acquista\">Acheter sur Holyart:<\/div>\n<div class=\"blocco-titolo\"><a href=\"https:\/\/www.holyart.fr\/articles-religieux\/statues\/statues-en-bois-peint\/statue-bois-sacre-coeur-de-marie-peinte\">Statue bois sacr\u00e9 coeur de Marie peinte<\/a><\/div>\n<div class=\"blocco-descrizione\">Statue en bois d&rsquo;\u00e9rable de la Val Gardena en Italie, r\u00e9alis\u00e9e et peinte \u00e0 la main par les artisans locaux.<\/div>\n<\/div>\n<\/div>\n<h3>16 juillet : Bienheureuse Vierge Marie du Mont-Carmel<\/h3>\n<p>Le 16 juillet on c\u00e9l\u00e8bre l\u2019<strong>apparition de la <a href=\"https:\/\/www.holyart.fr\/blog\/saints-et-bienheureux\/notre-dame-du-carmel\/\">M\u00e8re de J\u00e9sus sur le Mont-Carmel<\/a> <\/strong>\u00e0 Simone Stock, \u00e0 l\u2019\u00e9poque prieur g\u00e9n\u00e9ral des Carm\u00e9litains. C\u2019\u00e9tait le 16 juillet 1251 et la Vierge apparut \u00e0 l\u2019homme en lui livrant un <a href=\"https:\/\/www.holyart.fr\/blog\/articles-religieux\/quest-ce-quun-scapulaire\/\"><strong>scapulaire<\/strong> <\/a>et en promettant \u00e0 tous ceux qui seraient morts en le portant qu\u2019ils auraient re\u00e7u le salut. \u00c0 partir de cet \u00e9pisode, naquit la f\u00eate de Notre-Dame du Mont-Carmel et le scapulaire est encore aujourd\u2019hui pour les Carm\u00e9litains le symbole de la protection maternelle de Marie.<\/p>\n<h3>5 ao\u00fbt : D\u00e9dication de la Basilique Sainte-Marie-Majeure<\/h3>\n<p>Le 5 ao\u00fbt 352 apr. J.-C. la Vierge apparut \u00e0 Pape Lib\u00e8re et lui ordonna de faire \u00e9riger une \u00e9glise \u00e0 l\u2019endroit o\u00f9 le matin suivant il aurait trouv\u00e9 de la neige. Naquit ainsi, apr\u00e8s une miraculeuse chute de neige en ao\u00fbt, la <strong>Basilique Sainte-Marie-Majeure<\/strong>, une des quatre basiliques papales de Rome, situ\u00e9e au sommet de la colline de l\u2019Esquilin. Il s\u2019agit \u00e9galement du plus ancien sanctuaire marial d\u2019Occident et elle est d\u00e9di\u00e9e \u00e0 Marie M\u00e8re de Dieu.<\/p>\n<h3>15 ao\u00fbt : Assomption de Marie<\/h3>\n<p>Le 15 ao\u00fbt est le jour de l\u2019<a href=\"https:\/\/www.holyart.fr\/articles-religieux\/statues\/statues-en-resine-et-pvc\/assomption-marie-anges-statue-resine-18x12x6-cm\"><strong>Assomption de Marie au Ciel<\/strong><\/a>. Bien que le dogme de l\u2019Assomption, selon lequel Marie mont\u00e2t au ciel corps et \u00e2me, ne fut proclam\u00e9 que par Pape Pie XII gr\u00e2ce \u00e0 l\u2019<em>ineffabilit\u00e9 papale<\/em>, il a une origine tr\u00e8s ancienne et est li\u00e9 depuis toujours \u00e0 la tradition populaire. Il s\u2019agit d\u2019une solennit\u00e9 c\u00e9l\u00e9br\u00e9e par toutes les \u00c9glises chr\u00e9tiennes.<\/p>\n<div class=\"link-product\">\n<div class=\"blocco-immagine\"><img loading=\"lazy\" decoding=\"async\" class=\"size-full wp-image-6413 alignleft\" src=\"https:\/\/blog.holyart.it\/fr\/wp-content\/uploads\/sites\/14\/2023\/05\/Assomption-Marie-anges.jpg\" alt=\"Assomption Marie anges\" width=\"100\" height=\"100\" data-kale-share-title=\"F\u00eates Mariales : voici toutes les r\u00e9currences de l\u2019ann\u00e9e d\u00e9di\u00e9es \u00e0 Marie\" data-kale-share-url=\"https:\/\/blog.holyart.it\/fr\/?p=6396\" \/><\/div>\n<div class=\"blocco-contenuto\">\n<div class=\"blocco-acquista\">Acheter sur Holyart:<\/div>\n<div class=\"blocco-titolo\"><a href=\"https:\/\/www.holyart.fr\/articles-religieux\/statues\/statues-en-resine-et-pvc\/assomption-marie-anges-statue-resine-18x12x6-cm\">Assomption Marie anges statue r\u00e9sine <\/a><\/div>\n<div class=\"blocco-descrizione\">Statue r\u00e9alis\u00e9e en r\u00e9sine, mat\u00e9riau offrant plus de d\u00e9finition des lignes par rapport au PVC.<\/div>\n<\/div>\n<\/div>\n<h3>22 ao\u00fbt : Marie Reine<\/h3>\n<p>Institu\u00e9e initialement le 31 mai 1954 par Pie XII, la <strong>f\u00eate de la Royaut\u00e9 de Marie<\/strong> fut ensuite d\u00e9plac\u00e9e le 22 ao\u00fbt, huiti\u00e8me jour de l\u2019Assomption en tant que reconnaissance et cons\u00e9cration de la <strong>dignit\u00e9 royale de la Vierge<\/strong>. Le fondement d\u2019une telle dignit\u00e9 royale de Marie a des origines anciennes et se retrouve tant dans les textes liturgiques que dans la tradition populaire.<\/p>\n<h3>8 septembre :\u00a0Nativit\u00e9 de la Bienheureuse Vierge Marie<\/h3>\n<p>Le 8 septembre l\u2019\u00c9glise catholique et l\u2019\u00c9glise orthodoxe f\u00eatent la <a href=\"https:\/\/www.holyart.fr\/blog\/articles-religieux\/la-nativite-de-marie-quand-et-pourquoi-la-fetons-nous\/\"><strong>Nativit\u00e9 de la Bienheureuse Vierge Marie<\/strong><\/a>. Les parents de Marie \u00e9taient <a href=\"https:\/\/www.holyart.fr\/blog\/articles-religieux\/lhistoire-de-sainte-anne-mere-de-marie\/\"><strong>Joachim et Anne<\/strong><\/a> et la tradition qui place la nativit\u00e9 de Marie le 8 septembre est li\u00e9e \u00e0 la construction de la Basilique de Sainte Anne \u00e0 J\u00e9rusalem au IVe si\u00e8cle apr. J.-C., \u00e9rig\u00e9e \u00e0 l\u2019endroit o\u00f9 autrefois surgissait la maison o\u00f9 les parents de Marie v\u00e9curent et o\u00f9 la M\u00e8re de J\u00e9sus serait n\u00e9e. Dans le monde agricole, la c\u00e9l\u00e9bration de la naissance de Marie co\u00efncide avec le temps de la r\u00e9colte et la fin de l\u2019\u00e9t\u00e9.<\/p>\n<div class=\"link-article\">\n<p><img loading=\"lazy\" decoding=\"async\" class=\"size-full wp-image-6415 alignleft\" src=\"https:\/\/blog.holyart.it\/fr\/wp-content\/uploads\/sites\/14\/2023\/05\/Nativite-de-Marie.jpg\" alt=\"Nativite de Marie\" width=\"150\" height=\"99\" data-kale-share-title=\"F\u00eates Mariales : voici toutes les r\u00e9currences de l\u2019ann\u00e9e d\u00e9di\u00e9es \u00e0 Marie\" data-kale-share-url=\"https:\/\/blog.holyart.it\/fr\/?p=6396\" \/><\/p>\n<div class=\"leggi-anche\">Lire aussi :<\/div>\n<p><strong><a href=\"https:\/\/www.holyart.fr\/blog\/articles-religieux\/la-nativite-de-marie-quand-et-pourquoi-la-fetons-nous\/\">La Nativit\u00e9 de Marie, quand et pourquoi la f\u00eatons-nous ?<\/a><\/strong><br \/>\nLe 8 septembre nous c\u00e9l\u00e9brons la nativit\u00e9 de Marie, la m\u00e8re par excellence&#8230;<\/p>\n<\/div>\n<h3>12 septembre :\u00a0Nom de Marie<\/h3>\n<p>Depuis le XIIe si\u00e8cle, il existe une forte d\u00e9votion au <strong>nom de Marie<\/strong>, aliment\u00e9e par des nombreux papes qui en firent le centre de diff\u00e9rentes indulgences. Une premi\u00e8re f\u00eate officielle fut institu\u00e9e, mais pendant quelques temps elle resta circonscrite uniquement \u00e0 l\u2019Espagne. Ce fut Innocent XI qui en 1685 \u00e9tablit la date de la <strong>f\u00eate du Tr\u00e8s-Saint Nom de Marie<\/strong> le 12 septembre afin de comm\u00e9morer la lib\u00e9ration de Vienne du si\u00e8ge Turc (12 septembre 1683).<br \/>\nPape Jean-Paul II confirma la f\u00eate comme m\u00e9moire facultative toujours le 12 septembre.<\/p>\n<h3>15 septembre : Bienheureuse Vierge Marie des Douleurs<\/h3>\n<p>Le 15 septembre, le lendemain de la c\u00e9l\u00e9bration de l\u2019Exaltation de la Croix, on f\u00eate <a href=\"https:\/\/www.holyart.fr\/blog\/articles-religieux\/le-culte-de-notre-dame-des-douleurs\/\"><strong>Marie des Douleurs<\/strong><\/a>, <em>Mater Dolorosa<\/em>. Ce fut pape Pie X (1904-1914) qui \u00e9tablit cette date, en offrant de la place \u00e0 un ancien culte qui remontait \u00e0 la fin du XIe si\u00e8cle, celui de <strong>Notre-Dame des Sept Douleurs<\/strong>. Les douleurs de Marie sont li\u00e9es \u00e0 diff\u00e9rents moments de sa vie racont\u00e9s par les \u00e9vangiles ou transmis par la d\u00e9votion populaire, li\u00e9s \u00e0 la Passion et \u00e0 la mort de J\u00e9sus, mais pas seulement. Les douleurs de Marie \u00e9taient d\u00e9j\u00e0 repr\u00e9sent\u00e9es par des \u00e9p\u00e9es transper\u00e7ant son c\u0153ur.<\/p>\n<div class=\"link-product\">\n<div class=\"blocco-immagine\"><img loading=\"lazy\" decoding=\"async\" class=\"size-full wp-image-6416 alignleft\" src=\"https:\/\/blog.holyart.it\/fr\/wp-content\/uploads\/sites\/14\/2023\/05\/Statue-Notre-Dame-des-Douleurs.jpg\" alt=\"Statue Notre-Dame des Douleurs\" width=\"100\" height=\"100\" data-kale-share-title=\"F\u00eates Mariales : voici toutes les r\u00e9currences de l\u2019ann\u00e9e d\u00e9di\u00e9es \u00e0 Marie\" data-kale-share-url=\"https:\/\/blog.holyart.it\/fr\/?p=6396\" \/><\/div>\n<div class=\"blocco-contenuto\">\n<div class=\"blocco-acquista\">Acheter sur Holyart:<\/div>\n<div class=\"blocco-titolo\"><a href=\"https:\/\/www.holyart.fr\/articles-religieux\/statues\/statues-en-resine-et-pvc\/statue-notre-dame-des-douleurs-mains-jointes-resine-30-cm\">Statue Notre-Dame des Douleurs mains jointes r\u00e9sine <\/a><\/div>\n<div class=\"blocco-descrizione\">Statue r\u00e9alis\u00e9e en r\u00e9sine, mat\u00e9riau offrant plus de d\u00e9finition des lignes par rapport au PVC.<\/div>\n<\/div>\n<\/div>\n<h3>7 octobre : Bienheureuse Vierge Marie du Rosaire<\/h3>\n<p>Afin de f\u00eater la victoire contre les Turcs \u00e0 L\u00e9pante, le 7 octobre 1571, pape Pie V institua la f\u00eate de <strong>Notre-Dame de la Victoire<\/strong>, que son successeur, Gr\u00e9goire XIII, renomma en <a href=\"https:\/\/www.holyart.fr\/blog\/articles-religieux\/octobre-le-mois-du-saint-rosaire\/\"><strong>f\u00eate de la Bienheureuse Vierge Marie du Rosaire<\/strong><\/a>. Selon la <u>l\u00e9gende<\/u>, le pape, apr\u00e8s avoir recommand\u00e9 \u00e0 toutes les forces arm\u00e9es chr\u00e9tiennes de r\u00e9citer le Rosaire avant de commencer la bataille, \u00e9tait tellement s\u00fbr de l\u2019intercession de la Sainte Vierge invoqu\u00e9e par le biais du Rosaire pour d\u00e9cider l\u2019issue de la bataille, qu\u2019il donna l\u2019ordre de sonner les cloches en signe de victoire avant m\u00eame que la bataille ne soit termin\u00e9e, pour qu\u2019on sache jusqu\u2019\u00e0 Rome que les chr\u00e9tiens avaient gagn\u00e9s.<\/p>\n<h3>21 novembre : Pr\u00e9sentation de Marie au Temple<\/h3>\n<p>Le 21 novembre on c\u00e9l\u00e8bre la <strong>Pr\u00e9sentation de la Bienheureuse Vierge Marie<\/strong>, m\u00e9moire liturgique d\u00e9votionnelle qui rappelle la pr\u00e9sentation de Marie aux pr\u00eatres du Temple de J\u00e9rusalem par ses parents, Anne et Joachim. Le m\u00eame jour en 543 l\u2019\u00c9glise Sainte-Marie-la-Neuve de J\u00e9rusalem fut consacr\u00e9e.<\/p>\n<h3>8 D\u00e9cembre : Immacul\u00e9e Conception<\/h3>\n<p>La d\u00e9votion \u00e0 la<strong><a href=\"https:\/\/www.holyart.fr\/articles-religieux\/statues\/statues-en-platre\/vierge-immaculee-mains-jointes-statue-50-cm-platre-barsanti\"> Vierge Immacul\u00e9e<\/a><\/strong> est une des plus r\u00e9pandues et aim\u00e9es dans la tradition populaire. Elle nait du dogme de l\u2019\u00c9glise catholique selon lequel Marie, bien que con\u00e7ue et n\u00e9e d\u2019un couple de mortels, naquit pure, <strong>jamais touch\u00e9e par le p\u00e9ch\u00e9 originel<\/strong>, comme il advient par contre pour tous les autres hommes et femmes du monde. Marie serait la seule cr\u00e9ature \u00e0 laquelle fut octroy\u00e9 ce privil\u00e8ge si sp\u00e9cial, en vue de sa mission justement, celle de devenir M\u00e8re de J\u00e9sus. Le 8 d\u00e9cembre de 1857, pape Pie IX reconnut le dogme et d\u00e9finit les modalit\u00e9s de c\u00e9l\u00e9bration. Il b\u00e9nit \u00e0 Rome un monument plac\u00e9 sur la Piazza Mignanelli, pr\u00e8s de la Piazza di Spagna, d\u00e9di\u00e9 \u00e0 Marie Immacul\u00e9e et l\u2019honora avec une offrande de fleurs. Depuis lors, il est tradition qu\u2019\u00e0 l\u2019occasion du 8 d\u00e9cembre, le Pape sorte du Vatican et se rende en personne sur la Piazza di Spagna afin d\u2019apporter des fleurs fra\u00eeches en offrande \u00e0 la Vierge Immacul\u00e9e et guider la pri\u00e8re populaire avec la lecture d\u2019un extrait des Saintes \u00c9critures et d\u2019un extrait de la Doctrine de l\u2019\u00c9glise.<\/p>\n<div class=\"link-product\">\n<div class=\"blocco-immagine\"><img loading=\"lazy\" decoding=\"async\" class=\"size-full wp-image-6425 alignleft\" src=\"https:\/\/blog.holyart.it\/fr\/wp-content\/uploads\/sites\/14\/2023\/05\/vierge-immaculee-1.jpg\" alt=\"vierge immaculee\" width=\"100\" height=\"100\" data-kale-share-title=\"F\u00eates Mariales : voici toutes les r\u00e9currences de l\u2019ann\u00e9e d\u00e9di\u00e9es \u00e0 Marie\" data-kale-share-url=\"https:\/\/blog.holyart.it\/fr\/?p=6396\" \/><\/div>\n<div class=\"blocco-contenuto\">\n<div class=\"blocco-acquista\">Acheter sur Holyart:<\/div>\n<div class=\"blocco-titolo\"><a href=\"https:\/\/www.holyart.fr\/articles-religieux\/statues\/statues-en-platre\/vierge-immaculee-mains-jointes-statue-50-cm-platre-barsanti\">Vierge Immacul\u00e9e mains jointes <\/a><\/div>\n<div class=\"blocco-descrizione\">R\u00e9alis\u00e9e par les artisans d&rsquo;un atelier italien avec un si\u00e8cle d&rsquo;histoire, l&rsquo;entreprise Arte Barsanti.<\/div>\n<\/div>\n<\/div>\n<h3>10 d\u00e9cembre : Notre-Dame de Lorette<\/h3>\n<p>Le 10 d\u00e9cembre on c\u00e9l\u00e8bre la f\u00eate liturgique de <strong>Notre-Dame de Lorette<\/strong>, qui a des origines tr\u00e8s anciennes. Depuis des si\u00e8cles, cette f\u00eate se caract\u00e9rise par l\u2019allumage de feux qui \u00e9claircissent la nuit afin de rappeler ceux qui illumin\u00e8rent le chemin des anges transportant la <a href=\"https:\/\/www.holyart.fr\/articles-religieux\/statues\/statues-en-platre\/notre-dame-de-lorette-en-platre-nacre-20-cm?flags=true\"><strong>Sainte Maison de Marie de Nazareth \u00e0 Lorette<\/strong><\/a>.<\/p>\n<div class=\"link-product\">\n<div class=\"blocco-immagine\"><img loading=\"lazy\" decoding=\"async\" class=\"size-full wp-image-6418 alignleft\" src=\"https:\/\/blog.holyart.it\/fr\/wp-content\/uploads\/sites\/14\/2023\/05\/Notre-Dame-de-Lorette-1.jpg\" alt=\"Notre-Dame de Lorette\" width=\"100\" height=\"100\" data-kale-share-title=\"F\u00eates Mariales : voici toutes les r\u00e9currences de l\u2019ann\u00e9e d\u00e9di\u00e9es \u00e0 Marie\" data-kale-share-url=\"https:\/\/blog.holyart.it\/fr\/?p=6396\" \/><\/div>\n<div class=\"blocco-contenuto\">\n<div class=\"blocco-acquista\">Acheter sur Holyart:<\/div>\n<div class=\"blocco-titolo\"><a href=\"https:\/\/www.holyart.fr\/articles-religieux\/statues\/statues-en-platre\/notre-dame-de-lorette-en-platre-nacre-20-cm\">Notre-Dame de Lorette en pl\u00e2tre nacr\u00e9 <\/a><\/div>\n<div class=\"blocco-descrizione\">Soign\u00e9e dans le moindre d\u00e9tail, cette statuette est r\u00e9alis\u00e9e et peinte \u00e0 la main en Italie.<\/div>\n<\/div>\n<\/div>\n<h3>12 d\u00e9cembre :\u00a0Notre-Dame de Guadalupe<\/h3>\n<p>Le 12 d\u00e9cembre on f\u00eate la <strong>Vierge de Guadalupe<\/strong>, protectrice de tous les peuples de langue espagnole et sainte patronne de l\u2019Am\u00e9rique. Selon la tradition, entre le 9 et le 12 d\u00e9cembre, la Sainte Vierge apparut \u00e0 Juan Diego Cuauhtlatoatzin, un des premiers azt\u00e8ques convertis au christianisme, sur la colline du Tepeyac au nord de Mexico. Naquit ainsi le culte de Notre-Dame de Guadalupe, dont le <a href=\"https:\/\/www.holyart.fr\/blog\/articles-religieux\/la-basilique-de-notre-dame-de-guadeloupe-a-mexico\/\"><strong>Sanctuaire<\/strong><\/a>, surgi \u00e0 l\u2019endroit o\u00f9 les apparitions eurent lieu, est un des lieux de culte les plus visit\u00e9s au monde, plus encore que Lourdes et Fatima et le premier en Am\u00e9rique.<\/p>\n<div class=\"link-product\">\n<div class=\"blocco-immagine\"><img loading=\"lazy\" decoding=\"async\" class=\"size-full wp-image-6420 alignleft\" src=\"https:\/\/blog.holyart.it\/fr\/wp-content\/uploads\/sites\/14\/2023\/05\/Statue-Notre-Dame-de-Guadeloupe.jpg\" alt=\"Statue Notre-Dame de Guadeloupe\" width=\"100\" height=\"100\" data-kale-share-title=\"F\u00eates Mariales : voici toutes les r\u00e9currences de l\u2019ann\u00e9e d\u00e9di\u00e9es \u00e0 Marie\" data-kale-share-url=\"https:\/\/blog.holyart.it\/fr\/?p=6396\" \/><\/div>\n<div class=\"blocco-contenuto\">\n<div class=\"blocco-acquista\">Acheter sur Holyart:<\/div>\n<div class=\"blocco-titolo\"><a href=\"https:\/\/www.holyart.fr\/articles-religieux\/statues\/statues-en-bois-peint\/statue-notre-dame-de-guadeloupe-bois-peint-val-gardena\">Statue Notre-Dame de Guadeloupe <\/a><\/div>\n<div class=\"blocco-descrizione\">Sculpture r\u00e9alis\u00e9e dans le Val Gardena (Italie) en bois d&rsquo;\u00e9rables pour les mod\u00e8les de 8 \u00e0 46 cm de hauteur.<\/div>\n<\/div>\n<\/div>\n","protected":false},"excerpt":{"rendered":"<p>F\u00eates Mariales, tous les visages de la d\u00e9votion \u00e0 Marie, M\u00e8re de J\u00e9sus Il n\u2019est pas facile de dresser une liste de toutes les f\u00eates d\u00e9di\u00e9es \u00e0 Marie, M\u00e8re de J\u00e9sus. La d\u00e9votion qui lui est accord\u00e9e par les fid\u00e8les se manifeste de nombreuses mani\u00e8res&hellip;<\/p>\n","protected":false},"author":1,"featured_media":6427,"comment_status":"closed","ping_status":"open","sticky":false,"template":"","format":"standard","meta":{"_acf_changed":false,"footnotes":""},"categories":[8],"tags":[],"class_list":["post-6396","post","type-post","status-publish","format-standard","has-post-thumbnail","hentry","category-articles-religieux"],"acf":[],"yoast_head":"<!-- This site is optimized with the Yoast SEO plugin v26.6 - https:\/\/yoast.com\/wordpress\/plugins\/seo\/ -->\n<title>F\u00eates Mariales : voici toutes les r\u00e9currences de l\u2019ann\u00e9e d\u00e9di\u00e9es \u00e0 Marie<\/title>\n<meta name=\"description\" content=\"Les F\u00eates Mariales parcourent le calendrier de l\u2019\u00e9glise chr\u00e9tienne, c\u00e9l\u00e9brant une d\u00e9votion ancienne, mais in\u00e9puisable envers la M\u00e8re de Dieu.\" \/>\n<meta name=\"robots\" content=\"index, follow, max-snippet:-1, max-image-preview:large, max-video-preview:-1\" \/>\n<link rel=\"canonical\" href=\"https:\/\/blog.holyart.it\/fr\/articles-religieux\/fetes-mariales-voici-toutes-les-recurrences-de-lannee-dediees-a-marie\/\" \/>\n<meta property=\"og:locale\" content=\"fr_FR\" \/>\n<meta property=\"og:type\" content=\"article\" \/>\n<meta property=\"og:title\" content=\"F\u00eates Mariales : voici toutes les r\u00e9currences de l\u2019ann\u00e9e d\u00e9di\u00e9es \u00e0 Marie\" \/>\n<meta property=\"og:description\" content=\"Les F\u00eates Mariales parcourent le calendrier de l\u2019\u00e9glise chr\u00e9tienne, c\u00e9l\u00e9brant une d\u00e9votion ancienne, mais in\u00e9puisable envers la M\u00e8re de Dieu.\" \/>\n<meta property=\"og:url\" content=\"https:\/\/blog.holyart.it\/fr\/articles-religieux\/fetes-mariales-voici-toutes-les-recurrences-de-lannee-dediees-a-marie\/\" \/>\n<meta property=\"og:site_name\" content=\"Holyart.fr Blog\" \/>\n<meta property=\"article:published_time\" content=\"2023-06-05T09:00:31+00:00\" \/>\n<meta property=\"article:modified_time\" content=\"2025-08-29T08:10:21+00:00\" \/>\n<meta property=\"og:image\" content=\"https:\/\/blog.holyart.it\/fr\/wp-content\/uploads\/sites\/14\/2023\/05\/Fetes-Mariales.jpg\" \/>\n\t<meta property=\"og:image:width\" content=\"1000\" \/>\n\t<meta property=\"og:image:height\" content=\"666\" \/>\n\t<meta property=\"og:image:type\" content=\"image\/jpeg\" \/>\n<meta name=\"author\" content=\"Redazione\" \/>\n<meta name=\"twitter:card\" content=\"summary_large_image\" \/>\n<meta name=\"twitter:label1\" content=\"\u00c9crit par\" \/>\n\t<meta name=\"twitter:data1\" content=\"Redazione\" \/>\n\t<meta name=\"twitter:label2\" content=\"Dur\u00e9e de lecture estim\u00e9e\" \/>\n\t<meta name=\"twitter:data2\" content=\"18 minutes\" \/>\n<script type=\"application\/ld+json\" class=\"yoast-schema-graph\">{\"@context\":\"https:\/\/schema.org\",\"@graph\":[{\"@type\":\"Article\",\"@id\":\"https:\/\/blog.holyart.it\/fr\/articles-religieux\/fetes-mariales-voici-toutes-les-recurrences-de-lannee-dediees-a-marie\/#article\",\"isPartOf\":{\"@id\":\"https:\/\/blog.holyart.it\/fr\/articles-religieux\/fetes-mariales-voici-toutes-les-recurrences-de-lannee-dediees-a-marie\/\"},\"author\":{\"name\":\"Redazione\",\"@id\":\"https:\/\/blog.holyart.it\/fr\/#\/schema\/person\/0a7b686e5af0f856ec1e390dd0baecda\"},\"headline\":\"F\u00eates Mariales : voici toutes les r\u00e9currences de l\u2019ann\u00e9e d\u00e9di\u00e9es \u00e0 Marie\",\"datePublished\":\"2023-06-05T09:00:31+00:00\",\"dateModified\":\"2025-08-29T08:10:21+00:00\",\"mainEntityOfPage\":{\"@id\":\"https:\/\/blog.holyart.it\/fr\/articles-religieux\/fetes-mariales-voici-toutes-les-recurrences-de-lannee-dediees-a-marie\/\"},\"wordCount\":3241,\"publisher\":{\"@id\":\"https:\/\/blog.holyart.it\/fr\/#organization\"},\"image\":{\"@id\":\"https:\/\/blog.holyart.it\/fr\/articles-religieux\/fetes-mariales-voici-toutes-les-recurrences-de-lannee-dediees-a-marie\/#primaryimage\"},\"thumbnailUrl\":\"https:\/\/blog.holyart.it\/fr\/wp-content\/uploads\/sites\/14\/2023\/05\/Fetes-Mariales.jpg\",\"articleSection\":[\"Religion\"],\"inLanguage\":\"fr-FR\"},{\"@type\":\"WebPage\",\"@id\":\"https:\/\/blog.holyart.it\/fr\/articles-religieux\/fetes-mariales-voici-toutes-les-recurrences-de-lannee-dediees-a-marie\/\",\"url\":\"https:\/\/blog.holyart.it\/fr\/articles-religieux\/fetes-mariales-voici-toutes-les-recurrences-de-lannee-dediees-a-marie\/\",\"name\":\"F\u00eates Mariales : voici toutes les r\u00e9currences de l\u2019ann\u00e9e d\u00e9di\u00e9es \u00e0 Marie\",\"isPartOf\":{\"@id\":\"https:\/\/blog.holyart.it\/fr\/#website\"},\"primaryImageOfPage\":{\"@id\":\"https:\/\/blog.holyart.it\/fr\/articles-religieux\/fetes-mariales-voici-toutes-les-recurrences-de-lannee-dediees-a-marie\/#primaryimage\"},\"image\":{\"@id\":\"https:\/\/blog.holyart.it\/fr\/articles-religieux\/fetes-mariales-voici-toutes-les-recurrences-de-lannee-dediees-a-marie\/#primaryimage\"},\"thumbnailUrl\":\"https:\/\/blog.holyart.it\/fr\/wp-content\/uploads\/sites\/14\/2023\/05\/Fetes-Mariales.jpg\",\"datePublished\":\"2023-06-05T09:00:31+00:00\",\"dateModified\":\"2025-08-29T08:10:21+00:00\",\"description\":\"Les F\u00eates Mariales parcourent le calendrier de l\u2019\u00e9glise chr\u00e9tienne, c\u00e9l\u00e9brant une d\u00e9votion ancienne, mais in\u00e9puisable envers la M\u00e8re de Dieu.\",\"breadcrumb\":{\"@id\":\"https:\/\/blog.holyart.it\/fr\/articles-religieux\/fetes-mariales-voici-toutes-les-recurrences-de-lannee-dediees-a-marie\/#breadcrumb\"},\"inLanguage\":\"fr-FR\",\"potentialAction\":[{\"@type\":\"ReadAction\",\"target\":[\"https:\/\/blog.holyart.it\/fr\/articles-religieux\/fetes-mariales-voici-toutes-les-recurrences-de-lannee-dediees-a-marie\/\"]}]},{\"@type\":\"ImageObject\",\"inLanguage\":\"fr-FR\",\"@id\":\"https:\/\/blog.holyart.it\/fr\/articles-religieux\/fetes-mariales-voici-toutes-les-recurrences-de-lannee-dediees-a-marie\/#primaryimage\",\"url\":\"https:\/\/blog.holyart.it\/fr\/wp-content\/uploads\/sites\/14\/2023\/05\/Fetes-Mariales.jpg\",\"contentUrl\":\"https:\/\/blog.holyart.it\/fr\/wp-content\/uploads\/sites\/14\/2023\/05\/Fetes-Mariales.jpg\",\"width\":1000,\"height\":666,\"caption\":\"Fetes Mariales\"},{\"@type\":\"BreadcrumbList\",\"@id\":\"https:\/\/blog.holyart.it\/fr\/articles-religieux\/fetes-mariales-voici-toutes-les-recurrences-de-lannee-dediees-a-marie\/#breadcrumb\",\"itemListElement\":[{\"@type\":\"ListItem\",\"position\":1,\"name\":\"Homepage\",\"item\":\"https:\/\/blog.holyart.it\/fr\/\"},{\"@type\":\"ListItem\",\"position\":2,\"name\":\"Religion\",\"item\":\"https:\/\/blog.holyart.it\/fr\/articles-religieux\/\"},{\"@type\":\"ListItem\",\"position\":3,\"name\":\"F\u00eates Mariales : voici toutes les r\u00e9currences de l\u2019ann\u00e9e d\u00e9di\u00e9es \u00e0 Marie\"}]},{\"@type\":\"WebSite\",\"@id\":\"https:\/\/blog.holyart.it\/fr\/#website\",\"url\":\"https:\/\/blog.holyart.it\/fr\/\",\"name\":\"Holyart.fr Blog\",\"description\":\"Holyblog\",\"publisher\":{\"@id\":\"https:\/\/blog.holyart.it\/fr\/#organization\"},\"potentialAction\":[{\"@type\":\"SearchAction\",\"target\":{\"@type\":\"EntryPoint\",\"urlTemplate\":\"https:\/\/blog.holyart.it\/fr\/?s={search_term_string}\"},\"query-input\":{\"@type\":\"PropertyValueSpecification\",\"valueRequired\":true,\"valueName\":\"search_term_string\"}}],\"inLanguage\":\"fr-FR\"},{\"@type\":\"Organization\",\"@id\":\"https:\/\/blog.holyart.it\/fr\/#organization\",\"name\":\"Holyart.fr Blog\",\"url\":\"https:\/\/blog.holyart.it\/fr\/\",\"logo\":{\"@type\":\"ImageObject\",\"inLanguage\":\"fr-FR\",\"@id\":\"https:\/\/blog.holyart.it\/fr\/#\/schema\/logo\/image\/\",\"url\":\"https:\/\/blog.holyart.it\/fr\/wp-content\/uploads\/sites\/14\/2022\/12\/Holyart_Blog_Logo.jpg\",\"contentUrl\":\"https:\/\/blog.holyart.it\/fr\/wp-content\/uploads\/sites\/14\/2022\/12\/Holyart_Blog_Logo.jpg\",\"width\":300,\"height\":50,\"caption\":\"Holyart.fr Blog\"},\"image\":{\"@id\":\"https:\/\/blog.holyart.it\/fr\/#\/schema\/logo\/image\/\"}},{\"@type\":\"Person\",\"@id\":\"https:\/\/blog.holyart.it\/fr\/#\/schema\/person\/0a7b686e5af0f856ec1e390dd0baecda\",\"name\":\"Redazione\",\"image\":{\"@type\":\"ImageObject\",\"inLanguage\":\"fr-FR\",\"@id\":\"https:\/\/blog.holyart.it\/fr\/#\/schema\/person\/image\/\",\"url\":\"https:\/\/secure.gravatar.com\/avatar\/f477da817f43e50d0af36abecd33e3edf826c68299714bdc1057dff3b113f516?s=96&d=mm&r=g\",\"contentUrl\":\"https:\/\/secure.gravatar.com\/avatar\/f477da817f43e50d0af36abecd33e3edf826c68299714bdc1057dff3b113f516?s=96&d=mm&r=g\",\"caption\":\"Redazione\"},\"url\":\"https:\/\/blog.holyart.it\/fr\/author\/admin\/\"}]}<\/script>\n<!-- \/ Yoast SEO plugin. -->","yoast_head_json":{"title":"F\u00eates Mariales : voici toutes les r\u00e9currences de l\u2019ann\u00e9e d\u00e9di\u00e9es \u00e0 Marie","description":"Les F\u00eates Mariales parcourent le calendrier de l\u2019\u00e9glise chr\u00e9tienne, c\u00e9l\u00e9brant une d\u00e9votion ancienne, mais in\u00e9puisable envers la M\u00e8re de Dieu.","robots":{"index":"index","follow":"follow","max-snippet":"max-snippet:-1","max-image-preview":"max-image-preview:large","max-video-preview":"max-video-preview:-1"},"canonical":"https:\/\/blog.holyart.it\/fr\/articles-religieux\/fetes-mariales-voici-toutes-les-recurrences-de-lannee-dediees-a-marie\/","og_locale":"fr_FR","og_type":"article","og_title":"F\u00eates Mariales : voici toutes les r\u00e9currences de l\u2019ann\u00e9e d\u00e9di\u00e9es \u00e0 Marie","og_description":"Les F\u00eates Mariales parcourent le calendrier de l\u2019\u00e9glise chr\u00e9tienne, c\u00e9l\u00e9brant une d\u00e9votion ancienne, mais in\u00e9puisable envers la M\u00e8re de Dieu.","og_url":"https:\/\/blog.holyart.it\/fr\/articles-religieux\/fetes-mariales-voici-toutes-les-recurrences-de-lannee-dediees-a-marie\/","og_site_name":"Holyart.fr Blog","article_published_time":"2023-06-05T09:00:31+00:00","article_modified_time":"2025-08-29T08:10:21+00:00","og_image":[{"width":1000,"height":666,"url":"https:\/\/blog.holyart.it\/fr\/wp-content\/uploads\/sites\/14\/2023\/05\/Fetes-Mariales.jpg","type":"image\/jpeg"}],"author":"Redazione","twitter_card":"summary_large_image","twitter_misc":{"\u00c9crit par":"Redazione","Dur\u00e9e de lecture estim\u00e9e":"18 minutes"},"schema":{"@context":"https:\/\/schema.org","@graph":[{"@type":"Article","@id":"https:\/\/blog.holyart.it\/fr\/articles-religieux\/fetes-mariales-voici-toutes-les-recurrences-de-lannee-dediees-a-marie\/#article","isPartOf":{"@id":"https:\/\/blog.holyart.it\/fr\/articles-religieux\/fetes-mariales-voici-toutes-les-recurrences-de-lannee-dediees-a-marie\/"},"author":{"name":"Redazione","@id":"https:\/\/blog.holyart.it\/fr\/#\/schema\/person\/0a7b686e5af0f856ec1e390dd0baecda"},"headline":"F\u00eates Mariales : voici toutes les r\u00e9currences de l\u2019ann\u00e9e d\u00e9di\u00e9es \u00e0 Marie","datePublished":"2023-06-05T09:00:31+00:00","dateModified":"2025-08-29T08:10:21+00:00","mainEntityOfPage":{"@id":"https:\/\/blog.holyart.it\/fr\/articles-religieux\/fetes-mariales-voici-toutes-les-recurrences-de-lannee-dediees-a-marie\/"},"wordCount":3241,"publisher":{"@id":"https:\/\/blog.holyart.it\/fr\/#organization"},"image":{"@id":"https:\/\/blog.holyart.it\/fr\/articles-religieux\/fetes-mariales-voici-toutes-les-recurrences-de-lannee-dediees-a-marie\/#primaryimage"},"thumbnailUrl":"https:\/\/blog.holyart.it\/fr\/wp-content\/uploads\/sites\/14\/2023\/05\/Fetes-Mariales.jpg","articleSection":["Religion"],"inLanguage":"fr-FR"},{"@type":"WebPage","@id":"https:\/\/blog.holyart.it\/fr\/articles-religieux\/fetes-mariales-voici-toutes-les-recurrences-de-lannee-dediees-a-marie\/","url":"https:\/\/blog.holyart.it\/fr\/articles-religieux\/fetes-mariales-voici-toutes-les-recurrences-de-lannee-dediees-a-marie\/","name":"F\u00eates Mariales : voici toutes les r\u00e9currences de l\u2019ann\u00e9e d\u00e9di\u00e9es \u00e0 Marie","isPartOf":{"@id":"https:\/\/blog.holyart.it\/fr\/#website"},"primaryImageOfPage":{"@id":"https:\/\/blog.holyart.it\/fr\/articles-religieux\/fetes-mariales-voici-toutes-les-recurrences-de-lannee-dediees-a-marie\/#primaryimage"},"image":{"@id":"https:\/\/blog.holyart.it\/fr\/articles-religieux\/fetes-mariales-voici-toutes-les-recurrences-de-lannee-dediees-a-marie\/#primaryimage"},"thumbnailUrl":"https:\/\/blog.holyart.it\/fr\/wp-content\/uploads\/sites\/14\/2023\/05\/Fetes-Mariales.jpg","datePublished":"2023-06-05T09:00:31+00:00","dateModified":"2025-08-29T08:10:21+00:00","description":"Les F\u00eates Mariales parcourent le calendrier de l\u2019\u00e9glise chr\u00e9tienne, c\u00e9l\u00e9brant une d\u00e9votion ancienne, mais in\u00e9puisable envers la M\u00e8re de Dieu.","breadcrumb":{"@id":"https:\/\/blog.holyart.it\/fr\/articles-religieux\/fetes-mariales-voici-toutes-les-recurrences-de-lannee-dediees-a-marie\/#breadcrumb"},"inLanguage":"fr-FR","potentialAction":[{"@type":"ReadAction","target":["https:\/\/blog.holyart.it\/fr\/articles-religieux\/fetes-mariales-voici-toutes-les-recurrences-de-lannee-dediees-a-marie\/"]}]},{"@type":"ImageObject","inLanguage":"fr-FR","@id":"https:\/\/blog.holyart.it\/fr\/articles-religieux\/fetes-mariales-voici-toutes-les-recurrences-de-lannee-dediees-a-marie\/#primaryimage","url":"https:\/\/blog.holyart.it\/fr\/wp-content\/uploads\/sites\/14\/2023\/05\/Fetes-Mariales.jpg","contentUrl":"https:\/\/blog.holyart.it\/fr\/wp-content\/uploads\/sites\/14\/2023\/05\/Fetes-Mariales.jpg","width":1000,"height":666,"caption":"Fetes Mariales"},{"@type":"BreadcrumbList","@id":"https:\/\/blog.holyart.it\/fr\/articles-religieux\/fetes-mariales-voici-toutes-les-recurrences-de-lannee-dediees-a-marie\/#breadcrumb","itemListElement":[{"@type":"ListItem","position":1,"name":"Homepage","item":"https:\/\/blog.holyart.it\/fr\/"},{"@type":"ListItem","position":2,"name":"Religion","item":"https:\/\/blog.holyart.it\/fr\/articles-religieux\/"},{"@type":"ListItem","position":3,"name":"F\u00eates Mariales : voici toutes les r\u00e9currences de l\u2019ann\u00e9e d\u00e9di\u00e9es \u00e0 Marie"}]},{"@type":"WebSite","@id":"https:\/\/blog.holyart.it\/fr\/#website","url":"https:\/\/blog.holyart.it\/fr\/","name":"Holyart.fr Blog","description":"Holyblog","publisher":{"@id":"https:\/\/blog.holyart.it\/fr\/#organization"},"potentialAction":[{"@type":"SearchAction","target":{"@type":"EntryPoint","urlTemplate":"https:\/\/blog.holyart.it\/fr\/?s={search_term_string}"},"query-input":{"@type":"PropertyValueSpecification","valueRequired":true,"valueName":"search_term_string"}}],"inLanguage":"fr-FR"},{"@type":"Organization","@id":"https:\/\/blog.holyart.it\/fr\/#organization","name":"Holyart.fr Blog","url":"https:\/\/blog.holyart.it\/fr\/","logo":{"@type":"ImageObject","inLanguage":"fr-FR","@id":"https:\/\/blog.holyart.it\/fr\/#\/schema\/logo\/image\/","url":"https:\/\/blog.holyart.it\/fr\/wp-content\/uploads\/sites\/14\/2022\/12\/Holyart_Blog_Logo.jpg","contentUrl":"https:\/\/blog.holyart.it\/fr\/wp-content\/uploads\/sites\/14\/2022\/12\/Holyart_Blog_Logo.jpg","width":300,"height":50,"caption":"Holyart.fr Blog"},"image":{"@id":"https:\/\/blog.holyart.it\/fr\/#\/schema\/logo\/image\/"}},{"@type":"Person","@id":"https:\/\/blog.holyart.it\/fr\/#\/schema\/person\/0a7b686e5af0f856ec1e390dd0baecda","name":"Redazione","image":{"@type":"ImageObject","inLanguage":"fr-FR","@id":"https:\/\/blog.holyart.it\/fr\/#\/schema\/person\/image\/","url":"https:\/\/secure.gravatar.com\/avatar\/f477da817f43e50d0af36abecd33e3edf826c68299714bdc1057dff3b113f516?s=96&d=mm&r=g","contentUrl":"https:\/\/secure.gravatar.com\/avatar\/f477da817f43e50d0af36abecd33e3edf826c68299714bdc1057dff3b113f516?s=96&d=mm&r=g","caption":"Redazione"},"url":"https:\/\/blog.holyart.it\/fr\/author\/admin\/"}]}},"_links":{"self":[{"href":"https:\/\/blog.holyart.it\/fr\/wp-json\/wp\/v2\/posts\/6396","targetHints":{"allow":["GET"]}}],"collection":[{"href":"https:\/\/blog.holyart.it\/fr\/wp-json\/wp\/v2\/posts"}],"about":[{"href":"https:\/\/blog.holyart.it\/fr\/wp-json\/wp\/v2\/types\/post"}],"author":[{"embeddable":true,"href":"https:\/\/blog.holyart.it\/fr\/wp-json\/wp\/v2\/users\/1"}],"replies":[{"embeddable":true,"href":"https:\/\/blog.holyart.it\/fr\/wp-json\/wp\/v2\/comments?post=6396"}],"version-history":[{"count":14,"href":"https:\/\/blog.holyart.it\/fr\/wp-json\/wp\/v2\/posts\/6396\/revisions"}],"predecessor-version":[{"id":6426,"href":"https:\/\/blog.holyart.it\/fr\/wp-json\/wp\/v2\/posts\/6396\/revisions\/6426"}],"wp:featuredmedia":[{"embeddable":true,"href":"https:\/\/blog.holyart.it\/fr\/wp-json\/wp\/v2\/media\/6427"}],"wp:attachment":[{"href":"https:\/\/blog.holyart.it\/fr\/wp-json\/wp\/v2\/media?parent=6396"}],"wp:term":[{"taxonomy":"category","embeddable":true,"href":"https:\/\/blog.holyart.it\/fr\/wp-json\/wp\/v2\/categories?post=6396"},{"taxonomy":"post_tag","embeddable":true,"href":"https:\/\/blog.holyart.it\/fr\/wp-json\/wp\/v2\/tags?post=6396"}],"curies":[{"name":"wp","href":"https:\/\/api.w.org\/{rel}","templated":true}]}}