{"id":6320,"date":"2023-05-24T12:00:48","date_gmt":"2023-05-24T10:00:48","guid":{"rendered":"https:\/\/blog.holyart.it\/fr\/?p=6320"},"modified":"2025-07-08T09:43:28","modified_gmt":"2025-07-08T07:43:28","slug":"ordination-presbyterale-voici-comment-lon-devient-pretre","status":"publish","type":"post","link":"https:\/\/blog.holyart.it\/fr\/articles-religieux\/ordination-presbyterale-voici-comment-lon-devient-pretre\/","title":{"rendered":"Ordination presbyt\u00e9rale : voici comment l\u2019on devient pr\u00eatre"},"content":{"rendered":"<h4>Avec l\u2019Ordination Presbyt\u00e9rale, un homme devient \u00e0 tous points de vue un pr\u00eatre. Voici comment se d\u00e9roule le rite, comment change sa vie et comment amis et parents peuvent manifester leur soutien avec un don unique<\/h4>\n\n<p>Aujourd\u2019hui nous parlerons de l\u2019<strong>Ordination Presbyt\u00e9rale<\/strong>, un des <a href=\"https:\/\/www.holyart.fr\/blog\/occasions-speciales\/les-sept-sacrements\/\"><strong>sept Sacrements<\/strong><\/a>. Avant tout, nous devons comprendre ce qu\u2019on entend dans la religion catholique par <strong>presbytre<\/strong>. Il s\u2019agit d\u2019un homme d\u2019\u00c9glise ayant re\u00e7u la facult\u00e9 de <strong>pr\u00e9sider les c\u00e9r\u00e9monies religieuses<\/strong>, de <strong>guider la communaut\u00e9<\/strong> et de <strong>pr\u00eacher la parole de Dieu<\/strong>. En pratique, il est cette personne que nous appelons plus commun\u00e9ment <strong>Pr\u00eatre<\/strong>, charg\u00e9 d\u2019administrer les <strong>Sacrements<\/strong>, de remplir toutes les <strong>missions pastorales<\/strong> et \u00e9ventuellement de pr\u00e9sider une paroisse en tant que <strong>cur\u00e9<\/strong>. Le mot d\u00e9rive du grec <em>presb\u00fdteros<\/em>, \u00ab\u00a0plus ancien\u00a0\u00bb, qui a donn\u00e9 vie au mot latin <em>presbyter<\/em>, dont d\u00e9rive \u00e9galement le terme \u00ab pr\u00eatre \u00bb.<\/p>\n<div class=\"link-article\">\n<p><img loading=\"lazy\" decoding=\"async\" class=\"size-full wp-image-6323 alignleft\" src=\"https:\/\/blog.holyart.it\/fr\/wp-content\/uploads\/sites\/14\/2023\/05\/Les-sept-sacrements.jpg\" alt=\"Les sept sacrements\" width=\"150\" height=\"99\" data-kale-share-title=\"Ordination presbyt\u00e9rale : voici comment l\u2019on devient pr\u00eatre\" data-kale-share-url=\"https:\/\/blog.holyart.it\/fr\/?p=6320\" \/><\/p>\n<div class=\"leggi-anche\">Lire aussi :<\/div>\n<p><strong><a href=\"https:\/\/www.holyart.fr\/blog\/occasions-speciales\/les-sept-sacrements\/\">Les sept sacrements de la tradition chr\u00e9tienne<\/a><\/strong><br \/>\nLes Sacrements, et en particulier l\u2019eucharistie, sont consid\u00e9r\u00e9s comme l\u2019origine et l\u2019expression ultime de toute la vie chr\u00e9tienne.<\/p>\n<\/div>\n<p>Le rite de l\u2019Ordination Presbyt\u00e9rale est le <strong>deuxi\u00e8me niveau de l\u2019Ordre Sacr\u00e9<\/strong>, et \u00e9lit les Presbytres justement, des hommes choisis pour <strong>collaborer avec les \u00c9v\u00eaques<\/strong>, qui comme ces derniers peuvent pr\u00eacher la Parole, administrer les Sacrements et l\u2019Eucharistie, g\u00e9rer une paroisse. Ce qu\u2019<strong>un Presbytre ne peut pas faire est conf\u00e9rer \u00e0 son tour l\u2019Ordre Sacr\u00e9<\/strong>. Cette t\u00e2che, \u00e0 tous les niveaux, est r\u00e9serv\u00e9e aux \u00c9v\u00eaques.<\/p>\n<p>G\u00e9n\u00e9ralement, ceux qui re\u00e7oivent l\u2019Ordination Presbyt\u00e9rale sont d\u00e9j\u00e0 Diacre, i.e. ils ont d\u00e9j\u00e0 re\u00e7u le premier niveau de l\u2019Ordre Sacr\u00e9 et collaborent d\u00e9j\u00e0 avec un pr\u00eatre. C\u2019est l\u2019<strong>\u00c9v\u00eaque dioc\u00e9sain <\/strong>qui administre l\u2019Ordination, dans la cath\u00e9drale et au cours d\u2019une grande c\u00e9r\u00e9monie solennelle.<\/p>\n<h2>Le sacrement de l\u2019Ordre Sacr\u00e9<\/h2>\n<p>Il n\u2019y a donc pas une v\u00e9ritable diff\u00e9rence entre pr\u00eatre et presbytre : dans les deux cas nous parlons d\u2019un homme qui a re\u00e7u le <strong>deuxi\u00e8me niveau du Sacrement de l\u2019Ordre Sacr\u00e9<\/strong>.<br \/>\nL\u2019unique Sacrement de l\u2019Ordre Sacr\u00e9 est en effet distinct en trois niveaux\u00a0: <strong>Diaconat<\/strong>, <strong>Sacerdoce<\/strong> et <strong>\u00c9piscopat<\/strong>.<br \/>\nLe <strong>premier niveau<\/strong> de l\u2019Ordre Sacr\u00e9 est le <a href=\"https:\/\/www.holyart.fr\/blog\/articles-religieux\/comment-devenir-diacre-fonctions-et-formation\/\"><strong>Diaconat<\/strong><\/a>, qui d\u00e9signe les Diacres comme aidants des \u00c9v\u00eaques. Ils peuvent pr\u00eacher la parole de Dieu, administrer le Bapt\u00eame, assister aux autres Sacrements, mais ils n\u2019ont pas les fonctions pastorales et sacr\u00e9es des Presbytres.<br \/>\nLe <strong>deuxi\u00e8me niveau<\/strong>, le <strong>Sacerdoce<\/strong>, d\u00e9signe les presbytres ou pr\u00eatres, dont nous parlons dans cet article.<br \/>\nLe <strong>troisi\u00e8me niveau<\/strong>, l\u2019<strong>\u00c9piscopat<\/strong>, est celui dont sont consacr\u00e9s les <strong>\u00c9v\u00eaques<\/strong>, consid\u00e9r\u00e9s successeurs des Ap\u00f4tres, auxquels, en vertu de cette ordination, sont confi\u00e9s les trois minist\u00e8res de l\u2019enseignement, du gouvernement pastoral et de la sanctification.<\/p>\n<div class=\"link-article\">\n<p><img loading=\"lazy\" decoding=\"async\" class=\"size-full wp-image-6325 alignleft\" src=\"https:\/\/blog.holyart.it\/fr\/wp-content\/uploads\/sites\/14\/2023\/05\/Comment-devenir-diacre.jpg\" alt=\"Comment devenir diacre\" width=\"150\" height=\"99\" data-kale-share-title=\"Ordination presbyt\u00e9rale : voici comment l\u2019on devient pr\u00eatre\" data-kale-share-url=\"https:\/\/blog.holyart.it\/fr\/?p=6320\" \/><\/p>\n<div class=\"leggi-anche\">Lire aussi :<\/div>\n<p><strong><a href=\"https:\/\/www.holyart.fr\/blog\/articles-religieux\/comment-devenir-diacre-fonctions-et-formation\/\">Comment devenir diacre : fonctions et formation<\/a><\/strong><br \/>\nQui est le diacre et que fait-il ? Comment devenir diacre ? D\u00e9couvrons quelque chose de plus sur cette figure pr\u00e9sente depuis toujours dans l\u2019\u00e9glise catholique&#8230;<\/p>\n<\/div>\n<h2>Rite de l\u2019Ordination Presbyt\u00e9rale<\/h2>\n<p>Le rite de l\u2019Ordination est subdivis\u00e9 en :<\/p>\n<ul>\n<li><strong>rites introductifs, <\/strong>avec la <strong>pr\u00e9sentation<\/strong> du futur presbytre de la part d\u2019un diacre, qui l\u2019appelle par son nom, le <strong>dialogue<\/strong> entre l\u2019\u00c9v\u00eaque ordinant et le pr\u00eatre qui a pr\u00e9par\u00e9 le candidat, l\u2019<strong>interrogation<\/strong> de la part de l\u2019\u00c9v\u00eaque aux candidats sur leur volont\u00e9 d\u2019assumer les engagements de l\u2019Ordination sacr\u00e9e ;<\/li>\n<li><strong>ordination en soi <\/strong>;<\/li>\n<li><strong>rites explicatifs<\/strong>.<\/li>\n<\/ul>\n<p>Dans les rites introductifs en particulier tr\u00e8s importante est l\u2019<strong>Interrogation<\/strong> de la part de l\u2019\u00c9v\u00eaque, qui s\u2019articule en <strong>cinq questions<\/strong>, concernant respectivement la volont\u00e9 du futur pr\u00eatre \u00e0\u00a0:<\/p>\n<ol>\n<li>coop\u00e9rer en totale loyaut\u00e9 avec l\u2019Ordre des \u00c9v\u00eaques, au service du peuple de Dieu et sous le guide du Saint-Esprit ;<\/li>\n<li>assumer le minist\u00e8re de la Parole pour l\u2019enseigner ;<\/li>\n<li>c\u00e9l\u00e9brer les minist\u00e8res de Christ, en particulier l\u2019Eucharistie ;<\/li>\n<li>s\u2019appliquer dans la pri\u00e8re ;<\/li>\n<li>accepter son r\u00f4le de victime offerte au P\u00e8re pour le salut des hommes, exactement comme J\u00e9sus.<\/li>\n<\/ol>\n<p>Les candidats r\u00e9pondent tous ensembles en disant : \u00ab\u00a0<em>Oui, je le veux<\/em>\u00a0\u00bb. \u00c0 la derni\u00e8re question, ils r\u00e9pondent par contre : \u00ab\u00a0<em>Oui, avec l\u2019aide de Dieu, je le veux<\/em>\u00a0\u00bb. \u00c0 l\u2019Interrogation fait suite la <strong>Promesse d\u2019ob\u00e9issance<\/strong>, o\u00f9 chaque candidat pose ses mains entre les mains de l\u2019\u00c9v\u00eaque et promet \u00ab\u00a0filial respect et ob\u00e9issance\u00a0\u00bb \u00e0 lui et \u00e0 ses successeurs.<\/p>\n<p>L\u2019<strong>Ordination<\/strong>\u00a0en soi se compose de l\u2019<strong>Imposition des mains <\/strong>de l\u2019\u00c9v\u00eaque sur la t\u00eate de chaque candidat, suivie par la <strong>Pri\u00e8re de Cons\u00e9cration<\/strong> prononc\u00e9e uniquement par l\u2019\u00c9v\u00eaque consacrant.<\/p>\n<p>Suivent les Rites explicatifs :<\/p>\n<ul>\n<li>la V\u00eature des habits sacerdotaux, dont les nouveaux presbytres enfilent l\u2019\u00e9tole et la chasuble ;<\/li>\n<li>l\u2019onction chrismale avec le Saint Chr\u00eame dans la paume des mains\u00a0;<\/li>\n<li>la Remise du Pain et du Vin pour la C\u00e9l\u00e9bration Eucharistique.<\/li>\n<\/ul>\n<p>\u00c0 la fin du rituel, l\u2019\u00c9v\u00eaque enlace et embrasse chacun des candidats (<strong>Baiser de la Paix<\/strong>) et les nouveaux presbytres <a href=\"https:\/\/www.holyart.fr\/blog\/accessoires-pour-la-liturgie\/lhostie-celebration-eucharistique\/\"><strong>c\u00e9l\u00e8brent l\u2019Eucharistie<\/strong><\/a> avec lui et tous les presbytres pr\u00e9sents.<\/p>\n<div class=\"link-article\">\n<p><img loading=\"lazy\" decoding=\"async\" class=\"size-full wp-image-6328 alignleft\" src=\"https:\/\/blog.holyart.it\/fr\/wp-content\/uploads\/sites\/14\/2023\/05\/Lhostie-dans-la-celebration-eucharistique-1.jpg\" alt=\"L\u2019hostie dans la c\u00e9l\u00e9bration eucharistique\" width=\"150\" height=\"100\" data-kale-share-title=\"Ordination presbyt\u00e9rale : voici comment l\u2019on devient pr\u00eatre\" data-kale-share-url=\"https:\/\/blog.holyart.it\/fr\/?p=6320\" \/><\/p>\n<div class=\"leggi-anche\">Lire aussi :<\/div>\n<p><strong><a href=\"https:\/\/www.holyart.fr\/blog\/accessoires-pour-la-liturgie\/lhostie-celebration-eucharistique\/\">L\u2019hostie dans la c\u00e9l\u00e9bration eucharistique<\/a><\/strong><br \/>\nL\u2019hostie est un pain sans levain qui symbolise le corps du Christ pendant la c\u00e9l\u00e9bration de l\u2019Eucharistie, le sacrement instaur\u00e9 par J\u00e9sus pendant la Derni\u00e8re C\u00e8ne<\/p>\n<\/div>\n<h2>Id\u00e9es cadeaux pour l\u2019ordination sacerdotale<\/h2>\n<p>En raison de l\u2019importance de la Cons\u00e9cration sacerdotale dans la vie d\u2019un homme qui a choisi de d\u00e9dier sa vie au sacerdoce, il est naturel que amis et parents participent \u00e0 ce passage si fondamental. Il est donc courant d\u2019offrir un <strong>don sp\u00e9cial<\/strong> au jeune n\u00e9o-pr\u00eatre et g\u00e9n\u00e9ralement on choisit des objets qui pourraient lui \u00eatre utiles dans sa nouvelle vie de pr\u00eatre ou cur\u00e9.<\/p>\n<p>On passe des <strong>habits<\/strong>, qui peuvent \u00eatre les classiques <a href=\"https:\/\/www.holyart.fr\/accessoires-pour-la-liturgie\/habits-clerge\/chemises-clergyman\"><strong>Chemises Clergyman<\/strong><\/a>, aux v\u00e9ritables <a href=\"https:\/\/www.holyart.fr\/accessoires-pour-la-liturgie\/vetements-liturgiques-et-linges-dautel\"><strong>V\u00eatements liturgiques<\/strong><\/a>, comme l\u2019\u00c9tole ou la Chasuble. Utiles \u00e9galement sont les objets liturgiques et les accessoires n\u00e9cessaires <a href=\"https:\/\/www.holyart.fr\/accessoires-pour-la-liturgie\/vetements-liturgiques-et-linges-dautel\/linges-dautel\"><strong>pour c\u00e9l\u00e9brer la messe<\/strong><\/a>\u00a0: calice, ciboire, pat\u00e8ne et ostensoir, qui devront \u00eatre en or ou argent\u00a0; chasubles romaines, aubes, chapes, voile hum\u00e9ral, qui doivent \u00eatre en soie\u00a0; corporal, purificatoire, palle, manuterge, nappes, amicts en lin ou en chanvre.<\/p>\n<p>Pour les jeunes pr\u00eatres ou pour ceux qui ont l\u2019intention de voyager, tr\u00e8s utiles peuvent \u00e9galement se r\u00e9v\u00e9ler les <strong>Sets de p\u00e8lerinage<\/strong> et les <a href=\"https:\/\/www.holyart.fr\/accessoires-pour-la-liturgie\/valises-chapelle\"><strong>Valises chapelle<\/strong><\/a>. Ind\u00e9modables les livres, pourquoi pas des \u00e9ditions sp\u00e9ciales de <a href=\"https:\/\/www.holyart.fr\/articles-religieux\/livres-sacres\"><strong>Textes liturgiques<\/strong><\/a> ou une <a href=\"https:\/\/www.holyart.fr\/articles-religieux\/livres-sacres\/bibles\"><strong>Bible<\/strong><\/a> \u00e0 porter toujours avec soi.<\/p>\n<p>D\u2019autres id\u00e9es cadeaux, plus personnelles, peuvent \u00eatre des <a href=\"https:\/\/www.holyart.fr\/articles-religieux\/icones-religieuses\"><strong>objets d\u2019art de th\u00e8me religieux<\/strong><\/a>, des tableaux aux statues, au mobilier d\u2019\u00e9glise, mais aussi des cadres, des stylos plume, des pupitres. Visitez notre magasin de vente en ligne pour d\u00e9couvrir des nombreuses id\u00e9es originales et inoubliables pour cette occasion unique.<\/p>\n<table class=\"widefat sliders-list\">\n<tbody>\n<tr class=\"slider-row\">\n<td><div class=\"sp-styles-warning\" style=\"width: 450px; background-color: #FFF; color: #F00; border: 1px solid #F00; padding: 10px; font-size: 14px;\">\n\t\t\t<span style=\"font-weight: bold;\">Warning: The stylesheets were not loaded!<\/span> \n\t\t\tYou will need to change the <i>Load stylesheets<\/i> setting from <i>Automatically<\/i> to <i>On homepage<\/i> or <i>On all pages<\/i>. \n\t\t\tYou can set that <a style=\"text-decoration: underline; color: #F00;\" href=\"https:\/\/blog.holyart.it\/fr\/wp-admin\/admin.php?page=sliderpro-settings\">here<\/a>.\n\t\t\t<\/div>\r\n<div id=\"slider-pro-102\" class=\"slider-pro sp-no-js\" style=\"width: 500px; height: 500px;\">\r\n\t<div class=\"sp-slides\">\r\n\t\t\r\n\t\t<div class=\"sp-slide\">\r\n\t\t\t<img loading=\"lazy\" decoding=\"async\" class=\"sp-image\" src=\"https:\/\/blog.holyart.it\/fr\/wp-content\/uploads\/sites\/14\/2023\/05\/Chemise-Clergyman-longues-manches-tissu-mixte-coton-noir-In-Primis.jpg\" width=\"500\" height=\"500\" \/>\r\n\t\t\t<img decoding=\"async\" class=\"sp-thumbnail\" src=\"https:\/\/blog.holyart.it\/fr\/wp-content\/uploads\/sites\/14\/2023\/05\/Chemise-Clergyman-longues-manches-tissu-mixte-coton-noir-In-Primis-150x150.jpg\" \/>\r\n\t\t\t<div class=\"sp-caption\">Chemise Clergyman longues manches tissu mixte coton noir In Primis<br \/><strong><a href=\"https:\/\/www.holyart.fr\/accessoires-pour-la-liturgie\/habits-clerge\/chemises-clergyman\/chemise-clergyman-longues-manches-tissu-mixte-coton-noir-in-primis\">Acheter sur Holyart<\/a><\/strong><\/div>\r\n\t\t<\/div>\r\n\t\t<div class=\"sp-slide\">\r\n\t\t\t<img loading=\"lazy\" decoding=\"async\" class=\"sp-image\" src=\"https:\/\/blog.holyart.it\/fr\/wp-content\/uploads\/sites\/14\/2023\/05\/Chasuble-100-polyester-decors-dores.jpg\" width=\"500\" height=\"500\" \/>\r\n\t\t\t<img decoding=\"async\" class=\"sp-thumbnail\" src=\"https:\/\/blog.holyart.it\/fr\/wp-content\/uploads\/sites\/14\/2023\/05\/Chasuble-100-polyester-decors-dores-150x150.jpg\" \/>\r\n\t\t\t<div class=\"sp-caption\">Chasuble 100% polyester d\u00e9cors dor\u00e9s<br \/><strong><a href=\"https:\/\/www.holyart.fr\/accessoires-pour-la-liturgie\/vetements-liturgiques-et-linges-dautel\/chasubles\/chasuble-100-polyester-decors-dores\">Acheter sur Holyart<\/a><\/strong><\/div>\r\n\t\t<\/div>\r\n\t\t<div class=\"sp-slide\">\r\n\t\t\t<img loading=\"lazy\" decoding=\"async\" class=\"sp-image\" src=\"https:\/\/blog.holyart.it\/fr\/wp-content\/uploads\/sites\/14\/2023\/05\/Linge-dautel-100-lin-IHS-et-vigne.jpg\" width=\"500\" height=\"500\" \/>\r\n\t\t\t<img decoding=\"async\" class=\"sp-thumbnail\" src=\"https:\/\/blog.holyart.it\/fr\/wp-content\/uploads\/sites\/14\/2023\/05\/Linge-dautel-100-lin-IHS-et-vigne-150x150.jpg\" \/>\r\n\t\t\t<div class=\"sp-caption\">Linge d'autel 100% lin IHS et vigne<br \/><strong><a href=\"https:\/\/www.holyart.fr\/accessoires-pour-la-liturgie\/vetements-liturgiques-et-linges-dautel\/linges-dautel\/linge-dautel-100-lin-ihs-et-vigne\">Acheter sur Holyart<\/a><\/strong><\/div>\r\n\t\t<\/div>\r\n\t\t<div class=\"sp-slide\">\r\n\t\t\t<img loading=\"lazy\" decoding=\"async\" class=\"sp-image\" src=\"https:\/\/blog.holyart.it\/fr\/wp-content\/uploads\/sites\/14\/2023\/05\/Coffret-rigide-fermeture.jpg\" width=\"500\" height=\"500\" \/>\r\n\t\t\t<img decoding=\"async\" class=\"sp-thumbnail\" src=\"https:\/\/blog.holyart.it\/fr\/wp-content\/uploads\/sites\/14\/2023\/05\/Coffret-rigide-fermeture-150x150.jpg\" \/>\r\n\t\t\t<div class=\"sp-caption\">Coffret rigide fermeture<br \/><strong><a href=\"https:\/\/www.holyart.fr\/accessoires-pour-la-liturgie\/valises-chapelle\/coffret-rigide-fermeture\">Acheter sur Holyart<\/a><\/strong><\/div>\r\n\t\t<\/div>\r\n\t\t<div class=\"sp-slide\">\r\n\t\t\t<img loading=\"lazy\" decoding=\"async\" class=\"sp-image\" src=\"https:\/\/blog.holyart.it\/fr\/wp-content\/uploads\/sites\/14\/2023\/05\/Icone-ancienne-russe-Douze-Grandes-Fetes-30x40-cm-epoque-tsariste-restauree.jpg\" width=\"500\" height=\"500\" \/>\r\n\t\t\t<img decoding=\"async\" class=\"sp-thumbnail\" src=\"https:\/\/blog.holyart.it\/fr\/wp-content\/uploads\/sites\/14\/2023\/05\/Icone-ancienne-russe-Douze-Grandes-Fetes-30x40-cm-epoque-tsariste-restauree-150x150.jpg\" \/>\r\n\t\t\t<div class=\"sp-caption\">Ic\u00f4ne ancienne russe Douze Grandes F\u00eates 30x40 cm \u00e9poque tsariste restaur\u00e9e <br \/><strong><a href=\"https:\/\/www.holyart.fr\/articles-religieux\/icones-religieuses\/icone-russes-peintes-sur-toile-ancienne\/icone-ancienne-russe-douze-grandes-fetes-30x40-cm-epoque-tsariste-restauree\">Acheter sur Holyart<\/a><\/strong><\/div>\r\n\t\t<\/div>\r\n\t<\/div>\r\n<\/div><\/td>\n<\/tr>\n<\/tbody>\n<\/table>\n","protected":false},"excerpt":{"rendered":"<p>Avec l\u2019Ordination Presbyt\u00e9rale, un homme devient \u00e0 tous points de vue un pr\u00eatre. Voici comment se d\u00e9roule le rite, comment change sa vie et comment amis et parents peuvent manifester leur soutien avec un don unique Aujourd\u2019hui nous parlerons de l\u2019Ordination Presbyt\u00e9rale, un des sept&hellip;<\/p>\n","protected":false},"author":1,"featured_media":6322,"comment_status":"closed","ping_status":"open","sticky":false,"template":"","format":"standard","meta":{"_acf_changed":false,"footnotes":""},"categories":[8],"tags":[],"class_list":["post-6320","post","type-post","status-publish","format-standard","has-post-thumbnail","hentry","category-articles-religieux"],"acf":[],"yoast_head":"<!-- This site is optimized with the Yoast SEO plugin v26.6 - https:\/\/yoast.com\/wordpress\/plugins\/seo\/ -->\n<title>Ordination presbyt\u00e9rale : voici comment l\u2019on devient pr\u00eatre - Holyart.fr Blog<\/title>\n<meta name=\"description\" content=\"L\u2019Ordination Presbyt\u00e9rale est le rituel en vertu duquel un homme d\u2019\u00e9glise devient un pr\u00eatre \u00e0 tous les effets.\" \/>\n<meta name=\"robots\" content=\"index, follow, max-snippet:-1, max-image-preview:large, max-video-preview:-1\" \/>\n<link rel=\"canonical\" href=\"https:\/\/blog.holyart.it\/fr\/articles-religieux\/ordination-presbyterale-voici-comment-lon-devient-pretre\/\" \/>\n<meta property=\"og:locale\" content=\"fr_FR\" \/>\n<meta property=\"og:type\" content=\"article\" \/>\n<meta property=\"og:title\" content=\"Ordination presbyt\u00e9rale : voici comment l\u2019on devient pr\u00eatre - Holyart.fr Blog\" \/>\n<meta property=\"og:description\" content=\"L\u2019Ordination Presbyt\u00e9rale est le rituel en vertu duquel un homme d\u2019\u00e9glise devient un pr\u00eatre \u00e0 tous les effets.\" \/>\n<meta property=\"og:url\" content=\"https:\/\/blog.holyart.it\/fr\/articles-religieux\/ordination-presbyterale-voici-comment-lon-devient-pretre\/\" \/>\n<meta property=\"og:site_name\" content=\"Holyart.fr Blog\" \/>\n<meta property=\"article:published_time\" content=\"2023-05-24T10:00:48+00:00\" \/>\n<meta property=\"article:modified_time\" content=\"2025-07-08T07:43:28+00:00\" \/>\n<meta property=\"og:image\" content=\"https:\/\/blog.holyart.it\/fr\/wp-content\/uploads\/sites\/14\/2023\/05\/Ordination-presbyterale.jpg\" \/>\n\t<meta property=\"og:image:width\" content=\"1000\" \/>\n\t<meta property=\"og:image:height\" content=\"666\" \/>\n\t<meta property=\"og:image:type\" content=\"image\/jpeg\" \/>\n<meta name=\"author\" content=\"Redazione\" \/>\n<meta name=\"twitter:card\" content=\"summary_large_image\" \/>\n<meta name=\"twitter:label1\" content=\"\u00c9crit par\" \/>\n\t<meta name=\"twitter:data1\" content=\"Redazione\" \/>\n\t<meta name=\"twitter:label2\" content=\"Dur\u00e9e de lecture estim\u00e9e\" \/>\n\t<meta name=\"twitter:data2\" content=\"7 minutes\" \/>\n<script type=\"application\/ld+json\" class=\"yoast-schema-graph\">{\"@context\":\"https:\/\/schema.org\",\"@graph\":[{\"@type\":\"Article\",\"@id\":\"https:\/\/blog.holyart.it\/fr\/articles-religieux\/ordination-presbyterale-voici-comment-lon-devient-pretre\/#article\",\"isPartOf\":{\"@id\":\"https:\/\/blog.holyart.it\/fr\/articles-religieux\/ordination-presbyterale-voici-comment-lon-devient-pretre\/\"},\"author\":{\"name\":\"Redazione\",\"@id\":\"https:\/\/blog.holyart.it\/fr\/#\/schema\/person\/0a7b686e5af0f856ec1e390dd0baecda\"},\"headline\":\"Ordination presbyt\u00e9rale : voici comment l\u2019on devient pr\u00eatre\",\"datePublished\":\"2023-05-24T10:00:48+00:00\",\"dateModified\":\"2025-07-08T07:43:28+00:00\",\"mainEntityOfPage\":{\"@id\":\"https:\/\/blog.holyart.it\/fr\/articles-religieux\/ordination-presbyterale-voici-comment-lon-devient-pretre\/\"},\"wordCount\":1233,\"publisher\":{\"@id\":\"https:\/\/blog.holyart.it\/fr\/#organization\"},\"image\":{\"@id\":\"https:\/\/blog.holyart.it\/fr\/articles-religieux\/ordination-presbyterale-voici-comment-lon-devient-pretre\/#primaryimage\"},\"thumbnailUrl\":\"https:\/\/blog.holyart.it\/fr\/wp-content\/uploads\/sites\/14\/2023\/05\/Ordination-presbyterale.jpg\",\"articleSection\":[\"Religion\"],\"inLanguage\":\"fr-FR\"},{\"@type\":\"WebPage\",\"@id\":\"https:\/\/blog.holyart.it\/fr\/articles-religieux\/ordination-presbyterale-voici-comment-lon-devient-pretre\/\",\"url\":\"https:\/\/blog.holyart.it\/fr\/articles-religieux\/ordination-presbyterale-voici-comment-lon-devient-pretre\/\",\"name\":\"Ordination presbyt\u00e9rale : voici comment l\u2019on devient pr\u00eatre - Holyart.fr Blog\",\"isPartOf\":{\"@id\":\"https:\/\/blog.holyart.it\/fr\/#website\"},\"primaryImageOfPage\":{\"@id\":\"https:\/\/blog.holyart.it\/fr\/articles-religieux\/ordination-presbyterale-voici-comment-lon-devient-pretre\/#primaryimage\"},\"image\":{\"@id\":\"https:\/\/blog.holyart.it\/fr\/articles-religieux\/ordination-presbyterale-voici-comment-lon-devient-pretre\/#primaryimage\"},\"thumbnailUrl\":\"https:\/\/blog.holyart.it\/fr\/wp-content\/uploads\/sites\/14\/2023\/05\/Ordination-presbyterale.jpg\",\"datePublished\":\"2023-05-24T10:00:48+00:00\",\"dateModified\":\"2025-07-08T07:43:28+00:00\",\"description\":\"L\u2019Ordination Presbyt\u00e9rale est le rituel en vertu duquel un homme d\u2019\u00e9glise devient un pr\u00eatre \u00e0 tous les effets.\",\"breadcrumb\":{\"@id\":\"https:\/\/blog.holyart.it\/fr\/articles-religieux\/ordination-presbyterale-voici-comment-lon-devient-pretre\/#breadcrumb\"},\"inLanguage\":\"fr-FR\",\"potentialAction\":[{\"@type\":\"ReadAction\",\"target\":[\"https:\/\/blog.holyart.it\/fr\/articles-religieux\/ordination-presbyterale-voici-comment-lon-devient-pretre\/\"]}]},{\"@type\":\"ImageObject\",\"inLanguage\":\"fr-FR\",\"@id\":\"https:\/\/blog.holyart.it\/fr\/articles-religieux\/ordination-presbyterale-voici-comment-lon-devient-pretre\/#primaryimage\",\"url\":\"https:\/\/blog.holyart.it\/fr\/wp-content\/uploads\/sites\/14\/2023\/05\/Ordination-presbyterale.jpg\",\"contentUrl\":\"https:\/\/blog.holyart.it\/fr\/wp-content\/uploads\/sites\/14\/2023\/05\/Ordination-presbyterale.jpg\",\"width\":1000,\"height\":666,\"caption\":\"Ordination presbyt\u00e9rale\"},{\"@type\":\"BreadcrumbList\",\"@id\":\"https:\/\/blog.holyart.it\/fr\/articles-religieux\/ordination-presbyterale-voici-comment-lon-devient-pretre\/#breadcrumb\",\"itemListElement\":[{\"@type\":\"ListItem\",\"position\":1,\"name\":\"Homepage\",\"item\":\"https:\/\/blog.holyart.it\/fr\/\"},{\"@type\":\"ListItem\",\"position\":2,\"name\":\"Religion\",\"item\":\"https:\/\/blog.holyart.it\/fr\/articles-religieux\/\"},{\"@type\":\"ListItem\",\"position\":3,\"name\":\"Ordination presbyt\u00e9rale : voici comment l\u2019on devient pr\u00eatre\"}]},{\"@type\":\"WebSite\",\"@id\":\"https:\/\/blog.holyart.it\/fr\/#website\",\"url\":\"https:\/\/blog.holyart.it\/fr\/\",\"name\":\"Holyart.fr Blog\",\"description\":\"Holyblog\",\"publisher\":{\"@id\":\"https:\/\/blog.holyart.it\/fr\/#organization\"},\"potentialAction\":[{\"@type\":\"SearchAction\",\"target\":{\"@type\":\"EntryPoint\",\"urlTemplate\":\"https:\/\/blog.holyart.it\/fr\/?s={search_term_string}\"},\"query-input\":{\"@type\":\"PropertyValueSpecification\",\"valueRequired\":true,\"valueName\":\"search_term_string\"}}],\"inLanguage\":\"fr-FR\"},{\"@type\":\"Organization\",\"@id\":\"https:\/\/blog.holyart.it\/fr\/#organization\",\"name\":\"Holyart.fr Blog\",\"url\":\"https:\/\/blog.holyart.it\/fr\/\",\"logo\":{\"@type\":\"ImageObject\",\"inLanguage\":\"fr-FR\",\"@id\":\"https:\/\/blog.holyart.it\/fr\/#\/schema\/logo\/image\/\",\"url\":\"https:\/\/blog.holyart.it\/fr\/wp-content\/uploads\/sites\/14\/2022\/12\/Holyart_Blog_Logo.jpg\",\"contentUrl\":\"https:\/\/blog.holyart.it\/fr\/wp-content\/uploads\/sites\/14\/2022\/12\/Holyart_Blog_Logo.jpg\",\"width\":300,\"height\":50,\"caption\":\"Holyart.fr Blog\"},\"image\":{\"@id\":\"https:\/\/blog.holyart.it\/fr\/#\/schema\/logo\/image\/\"}},{\"@type\":\"Person\",\"@id\":\"https:\/\/blog.holyart.it\/fr\/#\/schema\/person\/0a7b686e5af0f856ec1e390dd0baecda\",\"name\":\"Redazione\",\"image\":{\"@type\":\"ImageObject\",\"inLanguage\":\"fr-FR\",\"@id\":\"https:\/\/blog.holyart.it\/fr\/#\/schema\/person\/image\/\",\"url\":\"https:\/\/secure.gravatar.com\/avatar\/f477da817f43e50d0af36abecd33e3edf826c68299714bdc1057dff3b113f516?s=96&d=mm&r=g\",\"contentUrl\":\"https:\/\/secure.gravatar.com\/avatar\/f477da817f43e50d0af36abecd33e3edf826c68299714bdc1057dff3b113f516?s=96&d=mm&r=g\",\"caption\":\"Redazione\"},\"url\":\"https:\/\/blog.holyart.it\/fr\/author\/admin\/\"}]}<\/script>\n<!-- \/ Yoast SEO plugin. -->","yoast_head_json":{"title":"Ordination presbyt\u00e9rale : voici comment l\u2019on devient pr\u00eatre - Holyart.fr Blog","description":"L\u2019Ordination Presbyt\u00e9rale est le rituel en vertu duquel un homme d\u2019\u00e9glise devient un pr\u00eatre \u00e0 tous les effets.","robots":{"index":"index","follow":"follow","max-snippet":"max-snippet:-1","max-image-preview":"max-image-preview:large","max-video-preview":"max-video-preview:-1"},"canonical":"https:\/\/blog.holyart.it\/fr\/articles-religieux\/ordination-presbyterale-voici-comment-lon-devient-pretre\/","og_locale":"fr_FR","og_type":"article","og_title":"Ordination presbyt\u00e9rale : voici comment l\u2019on devient pr\u00eatre - Holyart.fr Blog","og_description":"L\u2019Ordination Presbyt\u00e9rale est le rituel en vertu duquel un homme d\u2019\u00e9glise devient un pr\u00eatre \u00e0 tous les effets.","og_url":"https:\/\/blog.holyart.it\/fr\/articles-religieux\/ordination-presbyterale-voici-comment-lon-devient-pretre\/","og_site_name":"Holyart.fr Blog","article_published_time":"2023-05-24T10:00:48+00:00","article_modified_time":"2025-07-08T07:43:28+00:00","og_image":[{"width":1000,"height":666,"url":"https:\/\/blog.holyart.it\/fr\/wp-content\/uploads\/sites\/14\/2023\/05\/Ordination-presbyterale.jpg","type":"image\/jpeg"}],"author":"Redazione","twitter_card":"summary_large_image","twitter_misc":{"\u00c9crit par":"Redazione","Dur\u00e9e de lecture estim\u00e9e":"7 minutes"},"schema":{"@context":"https:\/\/schema.org","@graph":[{"@type":"Article","@id":"https:\/\/blog.holyart.it\/fr\/articles-religieux\/ordination-presbyterale-voici-comment-lon-devient-pretre\/#article","isPartOf":{"@id":"https:\/\/blog.holyart.it\/fr\/articles-religieux\/ordination-presbyterale-voici-comment-lon-devient-pretre\/"},"author":{"name":"Redazione","@id":"https:\/\/blog.holyart.it\/fr\/#\/schema\/person\/0a7b686e5af0f856ec1e390dd0baecda"},"headline":"Ordination presbyt\u00e9rale : voici comment l\u2019on devient pr\u00eatre","datePublished":"2023-05-24T10:00:48+00:00","dateModified":"2025-07-08T07:43:28+00:00","mainEntityOfPage":{"@id":"https:\/\/blog.holyart.it\/fr\/articles-religieux\/ordination-presbyterale-voici-comment-lon-devient-pretre\/"},"wordCount":1233,"publisher":{"@id":"https:\/\/blog.holyart.it\/fr\/#organization"},"image":{"@id":"https:\/\/blog.holyart.it\/fr\/articles-religieux\/ordination-presbyterale-voici-comment-lon-devient-pretre\/#primaryimage"},"thumbnailUrl":"https:\/\/blog.holyart.it\/fr\/wp-content\/uploads\/sites\/14\/2023\/05\/Ordination-presbyterale.jpg","articleSection":["Religion"],"inLanguage":"fr-FR"},{"@type":"WebPage","@id":"https:\/\/blog.holyart.it\/fr\/articles-religieux\/ordination-presbyterale-voici-comment-lon-devient-pretre\/","url":"https:\/\/blog.holyart.it\/fr\/articles-religieux\/ordination-presbyterale-voici-comment-lon-devient-pretre\/","name":"Ordination presbyt\u00e9rale : voici comment l\u2019on devient pr\u00eatre - Holyart.fr Blog","isPartOf":{"@id":"https:\/\/blog.holyart.it\/fr\/#website"},"primaryImageOfPage":{"@id":"https:\/\/blog.holyart.it\/fr\/articles-religieux\/ordination-presbyterale-voici-comment-lon-devient-pretre\/#primaryimage"},"image":{"@id":"https:\/\/blog.holyart.it\/fr\/articles-religieux\/ordination-presbyterale-voici-comment-lon-devient-pretre\/#primaryimage"},"thumbnailUrl":"https:\/\/blog.holyart.it\/fr\/wp-content\/uploads\/sites\/14\/2023\/05\/Ordination-presbyterale.jpg","datePublished":"2023-05-24T10:00:48+00:00","dateModified":"2025-07-08T07:43:28+00:00","description":"L\u2019Ordination Presbyt\u00e9rale est le rituel en vertu duquel un homme d\u2019\u00e9glise devient un pr\u00eatre \u00e0 tous les effets.","breadcrumb":{"@id":"https:\/\/blog.holyart.it\/fr\/articles-religieux\/ordination-presbyterale-voici-comment-lon-devient-pretre\/#breadcrumb"},"inLanguage":"fr-FR","potentialAction":[{"@type":"ReadAction","target":["https:\/\/blog.holyart.it\/fr\/articles-religieux\/ordination-presbyterale-voici-comment-lon-devient-pretre\/"]}]},{"@type":"ImageObject","inLanguage":"fr-FR","@id":"https:\/\/blog.holyart.it\/fr\/articles-religieux\/ordination-presbyterale-voici-comment-lon-devient-pretre\/#primaryimage","url":"https:\/\/blog.holyart.it\/fr\/wp-content\/uploads\/sites\/14\/2023\/05\/Ordination-presbyterale.jpg","contentUrl":"https:\/\/blog.holyart.it\/fr\/wp-content\/uploads\/sites\/14\/2023\/05\/Ordination-presbyterale.jpg","width":1000,"height":666,"caption":"Ordination presbyt\u00e9rale"},{"@type":"BreadcrumbList","@id":"https:\/\/blog.holyart.it\/fr\/articles-religieux\/ordination-presbyterale-voici-comment-lon-devient-pretre\/#breadcrumb","itemListElement":[{"@type":"ListItem","position":1,"name":"Homepage","item":"https:\/\/blog.holyart.it\/fr\/"},{"@type":"ListItem","position":2,"name":"Religion","item":"https:\/\/blog.holyart.it\/fr\/articles-religieux\/"},{"@type":"ListItem","position":3,"name":"Ordination presbyt\u00e9rale : voici comment l\u2019on devient pr\u00eatre"}]},{"@type":"WebSite","@id":"https:\/\/blog.holyart.it\/fr\/#website","url":"https:\/\/blog.holyart.it\/fr\/","name":"Holyart.fr Blog","description":"Holyblog","publisher":{"@id":"https:\/\/blog.holyart.it\/fr\/#organization"},"potentialAction":[{"@type":"SearchAction","target":{"@type":"EntryPoint","urlTemplate":"https:\/\/blog.holyart.it\/fr\/?s={search_term_string}"},"query-input":{"@type":"PropertyValueSpecification","valueRequired":true,"valueName":"search_term_string"}}],"inLanguage":"fr-FR"},{"@type":"Organization","@id":"https:\/\/blog.holyart.it\/fr\/#organization","name":"Holyart.fr Blog","url":"https:\/\/blog.holyart.it\/fr\/","logo":{"@type":"ImageObject","inLanguage":"fr-FR","@id":"https:\/\/blog.holyart.it\/fr\/#\/schema\/logo\/image\/","url":"https:\/\/blog.holyart.it\/fr\/wp-content\/uploads\/sites\/14\/2022\/12\/Holyart_Blog_Logo.jpg","contentUrl":"https:\/\/blog.holyart.it\/fr\/wp-content\/uploads\/sites\/14\/2022\/12\/Holyart_Blog_Logo.jpg","width":300,"height":50,"caption":"Holyart.fr Blog"},"image":{"@id":"https:\/\/blog.holyart.it\/fr\/#\/schema\/logo\/image\/"}},{"@type":"Person","@id":"https:\/\/blog.holyart.it\/fr\/#\/schema\/person\/0a7b686e5af0f856ec1e390dd0baecda","name":"Redazione","image":{"@type":"ImageObject","inLanguage":"fr-FR","@id":"https:\/\/blog.holyart.it\/fr\/#\/schema\/person\/image\/","url":"https:\/\/secure.gravatar.com\/avatar\/f477da817f43e50d0af36abecd33e3edf826c68299714bdc1057dff3b113f516?s=96&d=mm&r=g","contentUrl":"https:\/\/secure.gravatar.com\/avatar\/f477da817f43e50d0af36abecd33e3edf826c68299714bdc1057dff3b113f516?s=96&d=mm&r=g","caption":"Redazione"},"url":"https:\/\/blog.holyart.it\/fr\/author\/admin\/"}]}},"_links":{"self":[{"href":"https:\/\/blog.holyart.it\/fr\/wp-json\/wp\/v2\/posts\/6320","targetHints":{"allow":["GET"]}}],"collection":[{"href":"https:\/\/blog.holyart.it\/fr\/wp-json\/wp\/v2\/posts"}],"about":[{"href":"https:\/\/blog.holyart.it\/fr\/wp-json\/wp\/v2\/types\/post"}],"author":[{"embeddable":true,"href":"https:\/\/blog.holyart.it\/fr\/wp-json\/wp\/v2\/users\/1"}],"replies":[{"embeddable":true,"href":"https:\/\/blog.holyart.it\/fr\/wp-json\/wp\/v2\/comments?post=6320"}],"version-history":[{"count":6,"href":"https:\/\/blog.holyart.it\/fr\/wp-json\/wp\/v2\/posts\/6320\/revisions"}],"predecessor-version":[{"id":6335,"href":"https:\/\/blog.holyart.it\/fr\/wp-json\/wp\/v2\/posts\/6320\/revisions\/6335"}],"wp:featuredmedia":[{"embeddable":true,"href":"https:\/\/blog.holyart.it\/fr\/wp-json\/wp\/v2\/media\/6322"}],"wp:attachment":[{"href":"https:\/\/blog.holyart.it\/fr\/wp-json\/wp\/v2\/media?parent=6320"}],"wp:term":[{"taxonomy":"category","embeddable":true,"href":"https:\/\/blog.holyart.it\/fr\/wp-json\/wp\/v2\/categories?post=6320"},{"taxonomy":"post_tag","embeddable":true,"href":"https:\/\/blog.holyart.it\/fr\/wp-json\/wp\/v2\/tags?post=6320"}],"curies":[{"name":"wp","href":"https:\/\/api.w.org\/{rel}","templated":true}]}}