{"id":6306,"date":"2023-05-22T11:00:13","date_gmt":"2023-05-22T09:00:13","guid":{"rendered":"https:\/\/blog.holyart.it\/fr\/?p=6306"},"modified":"2025-05-22T09:45:02","modified_gmt":"2025-05-22T07:45:02","slug":"marie-mere-de-leglise-la-fete-instituee-par-pape-francois","status":"publish","type":"post","link":"https:\/\/blog.holyart.it\/fr\/articles-religieux\/marie-mere-de-leglise-la-fete-instituee-par-pape-francois\/","title":{"rendered":"Marie M\u00e8re de l\u2019\u00c9glise : la f\u00eate institu\u00e9e par Pape Fran\u00e7ois"},"content":{"rendered":"<h4>Le lundi apr\u00e8s la Pentec\u00f4te, le rite romain c\u00e9l\u00e8bre Marie M\u00e8re de l\u2019\u00c9glise. Voici comment cette f\u00eate est n\u00e9e<\/h4>\n\n<p><strong>Marie de Nazareth<\/strong>\u00a0ne vante pas uniquement le primat d\u2019avoir \u00e9t\u00e9 la <strong>M\u00e8re de J\u00e9sus<\/strong>. \u00c0 l\u2019instant m\u00eame o\u00f9 cette humble jeune fille choisie par Dieu a \u00e9t\u00e9 visit\u00e9e par l\u2019Ange et a consenti \u00e0 porter en son sein et sur ses \u00e9paules le fardeau terrible et merveilleux qu\u2019on lui demandait d\u2019accepter, elle est devenue <strong>M\u00e8re de Dieu et m\u00e8re de chaque homme<\/strong>. Dans l\u2019Enfant repr\u00e9sent\u00e9 entre ses bras en d\u2019innombrables tableaux et statues qui constellent l\u2019histoire de l\u2019art et de l\u2019humanit\u00e9, chaque homme se reconnait et retrouve un besoin d\u2019affection et de protection, le confort infini d\u2019un c\u00e2lin de m\u00e8re qui ne pr\u00e9tend rien mais qui donne tout, sans raison, sans demande, sans garantie, uniquement par amour. Mais il ne s\u2019agit pas uniquement d\u2019identifier en Marie la M\u00e8re de toutes les m\u00e8res. Il existe de nombreuses <strong>f\u00eates mariales<\/strong> d\u00e9di\u00e9es \u00e0 Marie, dans ses diff\u00e9rentes d\u00e9clinaisons, avec tous<a href=\"https:\/\/www.holyart.fr\/blog\/articles-religieux\/titres-mariaux-combien-et-lesquels-sont-les-noms-dedies-a-marie\/\"> <strong>les titres mariaux qui lui sont attribu\u00e9s<\/strong><\/a>. En particulier le 1er janvier nous f\u00eatons <strong>Marie Tr\u00e8s-Sainte M\u00e8re de Dieu<\/strong>, mais depuis 2018 une f\u00eate sp\u00e9ciale pour rappeler <strong>Sainte Marie M\u00e8re de l\u2019\u00c9glise<\/strong> a \u00e9galement \u00e9t\u00e9 reconnue. Il s\u2019agit, en effet, de la <strong>f\u00eate de Marie M\u00e8re de l\u2019\u00c9glise<\/strong> institu\u00e9e par <a href=\"https:\/\/www.holyart.fr\/occasions-speciales\/pape-francois?page=1\"><strong>Pape Fran\u00e7ois<\/strong><\/a> en 2018 et elle tombe le<a href=\"https:\/\/www.holyart.fr\/blog\/accessoires-pour-la-liturgie\/a-loccasion-de-la-pentecote-priez-marie-qui-defait-les-noeuds\/\"> <strong>lundi apr\u00e8s la Pentec\u00f4te<\/strong><\/a>.<\/p>\n<div class=\"link-article\">\n<p><img loading=\"lazy\" decoding=\"async\" class=\"size-full wp-image-6308 alignleft\" src=\"https:\/\/blog.holyart.it\/fr\/wp-content\/uploads\/sites\/14\/2023\/05\/Titres-de-Marian.jpeg\" alt=\"Titres de Marian\" width=\"150\" height=\"99\" data-kale-share-title=\"Marie M\u00e8re de l\u2019\u00c9glise : la f\u00eate institu\u00e9e par Pape Fran\u00e7ois\" data-kale-share-url=\"https:\/\/blog.holyart.it\/fr\/?p=6306\" \/><\/p>\n<div class=\"leggi-anche\">Lire aussi :<\/div>\n<p><strong><a href=\"https:\/\/www.holyart.fr\/blog\/articles-religieux\/titres-mariaux-combien-et-lesquels-sont-les-noms-dedies-a-marie\/\">Titres Mariaux : combien et lesquels sont les noms d\u00e9di\u00e9s \u00e0 Marie<\/a><\/strong><br \/>\nTitres Mariaux : toutes les appellations avec lesquelles on v\u00e9n\u00e8re Marie&#8230;<\/p>\n<\/div>\n<h2>Comment la f\u00eate de la Bienheureuse Vierge Marie M\u00e8re de l\u2019\u00c9glise est-elle n\u00e9e\u00a0?<\/h2>\n<p>D\u00e9j\u00e0 <strong>Pape Paul VI<\/strong> en novembre 1964, pendant le <strong>Concile Vatican II<\/strong>, avait d\u00e9fini la Vierge Marie avec cette appellation : \u00ab\u00a0<em>aussi bien des fid\u00e8les que des Pasteurs, qui l\u2019appellent M\u00e8re tr\u00e8s aimable\u00a0<\/em>\u00bb (Mater Ecclesi\u00e6 1965, 1, p. 5).<\/p>\n<p>En 1975, une messe votive fut ins\u00e9r\u00e9e dans le Missel Romain afin d\u2019honorer la Bienheureuse Vierge Marie M\u00e8re de l\u2019\u00c9glise, tandis que par volont\u00e9 de <strong>Pape Jean-Paul II<\/strong> en 1980 le titre marial Bienheureuse Vierge Marie M\u00e8re de l\u2019\u00c9glise fut ins\u00e9r\u00e9 dans les <em>Litanies Laur\u00e9tanes<\/em>, les supplications adress\u00e9es \u00e0 Dieu et \u00e0 la Vierge Marie, r\u00e9cit\u00e9es pendant le Rosaire et qui sont n\u00e9es dans la <strong>Sainte Maison de Lorette<\/strong>.<\/p>\n<p>En 1997, dans le <strong>Cat\u00e9chisme de l\u2019\u00c9glise Catholique<\/strong> aussi apparait un paragraphe intitul\u00e9 \u00ab\u00a0Marie \u2013 M\u00e8re de Christ, M\u00e8re de l\u2019\u00c9glise\u00a0\u00bb.<\/p>\n<p>Enfin, dans le mars 2018, Pape Fran\u00e7ois d\u00e9cr\u00e8te l\u2019obligation de f\u00eater la m\u00e9moire liturgique de Marie M\u00e8re de l\u2019\u00c9glise le lundi apr\u00e8s la Pentec\u00f4te.<\/p>\n<p>Mais l\u2019histoire de la cons\u00e9cration de cette f\u00eate est longue et puise ses origines dans des temps recul\u00e9s, en particulier dans un jour terrible quand, aux pieds d\u2019une croix, <a href=\"https:\/\/www.holyart.fr\/blog\/articles-religieux\/les-evenements-de-la-passion-de-jesus-de-la-cene-a-sa-crucifixion\/\"><strong>une m\u00e8re meurtrie pleurait la perte du Fils innocent<\/strong><\/a>, condamn\u00e9 \u00e0 mourir pour les p\u00e9ch\u00e9s des hommes, et ce Fils, m\u00eame au moment extr\u00eame de l\u2019agonie, pla\u00e7ait le bien de la m\u00e8re et de tous les hommes avant le sien, en lui confiant un nouveau fils dont prendre soin et par lequel se faire soigner. Nous parlons bien \u00e9videmment de l\u2019\u00c9vangile de Jean, quand J\u00e9sus demande \u00e0 la Vierge Marie de consid\u00e9rer Son ap\u00f4tre bien-aim\u00e9 comme un fils et \u00e0 Jean de prendre soin de Marie comme si elle \u00e9tait sa m\u00e8re : \u00ab\u00a0<em>Femme, voil\u00e0 ton fils. Puis il dit au disciple\u00a0: Voil\u00e0 ta m\u00e8re <\/em>\u00a0\u00bb (Jean 19,26-27).<\/p>\n<div class=\"link-article\">\n<p><img loading=\"lazy\" decoding=\"async\" class=\"size-full wp-image-6310 alignleft\" src=\"https:\/\/blog.holyart.it\/fr\/wp-content\/uploads\/sites\/14\/2023\/05\/La-passion-de-Jesus.jpg\" alt=\"La passion de Jesus\" width=\"150\" height=\"99\" data-kale-share-title=\"Marie M\u00e8re de l\u2019\u00c9glise : la f\u00eate institu\u00e9e par Pape Fran\u00e7ois\" data-kale-share-url=\"https:\/\/blog.holyart.it\/fr\/?p=6306\" \/><\/p>\n<div class=\"leggi-anche\">Lire aussi :<\/div>\n<p><strong><a href=\"https:\/\/www.holyart.fr\/blog\/articles-religieux\/les-evenements-de-la-passion-de-jesus-de-la-cene-a-sa-crucifixion\/\">Les \u00e9v\u00e9nements de la Passion de J\u00e9sus : de la C\u00e8ne \u00e0 Sa crucifixion<\/a><\/strong><br \/>\nLa Passion de J\u00e9sus est le moment le plus haut et le plus terrible&#8230;<\/p>\n<\/div>\n<h2>Pourquoi tombe-t-elle le lundi apr\u00e8s la Pentec\u00f4te\u00a0?<\/h2>\n<p>La port\u00e9e r\u00e9volutionnaire de l\u2019\u00e9pisode \u00e9vang\u00e9lique report\u00e9 par Jean est immense et a inspir\u00e9 de grands th\u00e9ologiens et p\u00e8res de l\u2019\u00e9glise tels que <a href=\"https:\/\/www.holyart.fr\/articles-religieux\/statues\/statues-en-resine-et-pvc\/statue-saint-augustin-13-cm-resine-peinte\"><strong>Saint Augustin<\/strong><\/a> et <strong>Saint L\u00e9on Ier le Grand<\/strong> \u00e0 r\u00e9fl\u00e9chir et \u00e9crire \u00e0 propos du <strong>double r\u00f4le de Marie M\u00e8re de l\u2019\u00c9glise et Marie M\u00e8re de Dieu<\/strong>, qui aux pieds de la croix du Calvaire trouve sa c\u00e9l\u00e9bration maximale. Saint Augustin d\u00e9finit Marie m\u00e8re des membres de Christ, tandis que L\u00e9on le Grand avait d\u00e9j\u00e0 affirm\u00e9 l\u2019importance de marie en tant que M\u00e8re de l\u2019\u00c9glise en reconnaissant en la <strong>naissance de J\u00e9sus la naissance de l\u2019\u00c9glise m\u00eame<\/strong> et, par cons\u00e9quent, en Marie, qui met au monde le <strong>Chef de ce Corps dont les chr\u00e9tiens sont les membres<\/strong>, la M\u00e8re de l\u2019\u00c9glise. Ainsi r\u00e9cite le huiti\u00e8me chapitre de la <em>Lumen Gentium<\/em> (Lumi\u00e8re des Nations), la deuxi\u00e8me des quatre constitutions du concile \u0153cum\u00e9nique Vatican II.<\/p>\n<p>En acceptant Jean comme fils, <strong>Marie accepte \u00e9galement tous les Ap\u00f4tres<\/strong>, choisis par J\u00e9sus comme porteurs de Sa Parole, et avec eux elle pr\u00e9side \u00e0 la <strong>naissance de l\u2019\u00c9glise le jour de <\/strong><a href=\"https:\/\/www.holyart.fr\/articles-religieux\/bas-reliefs\/bas-reliefs-en-pierre\/bas-relief-de-la-pentecote\"><strong>Pentec\u00f4te<\/strong><\/a>. Rappelons en effet que quarante jours apr\u00e8s l\u2019Ascension de J\u00e9sus au Ciel, Marie et les Ap\u00f4tres se retrouvent \u00e0 J\u00e9rusalem pour f\u00eater le Chavouot, une sorte de f\u00eate des moissons de la tradition juive (Actes des Ap\u00f4tres 2,1-11). Pendant qu\u2019ils priaient ensemble, ils furent surpris par un vacarme assourdissant et le <strong>Saint-Esprit<\/strong> en forme de langues de feu descendit du ciel\u00a0 toucher la t\u00eate de tous les pr\u00e9sents. Tout \u00e0 coup, tous les Ap\u00f4tres d\u00e9couvrirent pouvoir parler dans toutes les langues du monde et c\u2019est l\u00e0 le moment o\u00f9 <strong>commence leur mission \u0153cum\u00e9nique<\/strong> et, \u00e0 tous les effets, la<a href=\"https:\/\/www.holyart.fr\/blog\/articles-religieux\/pentecote-jour-on-celebre-saint-esprit-naissance-de-leglise\/\"> <strong>cr\u00e9ation de l\u2019\u00c9glise<\/strong><\/a>. Le <strong>Saint-Esprit rend l\u2019\u00c9glise vivante<\/strong>, c\u2019est le dernier des dons de Christ \u00e0 Sa M\u00e8re et \u00e0 ses amis les plus fid\u00e8les, qui, investis par cette force divine, se transforment en <strong>membres de Son corps mystique<\/strong>.\u00a0 Et \u00e0 veiller et prot\u00e9ger, \u00e0 pr\u00e9sider ce moment fondamental o\u00f9 un groupe d\u2019hommes apeur\u00e9s et troubl\u00e9s par la r\u00e9cente perte de leur Ma\u00eetre deviennent conscients de leur mission est justement Marie M\u00e8re de l\u2019\u00c9glise, touch\u00e9e par ce m\u00eame esprit autant voire plus que les autres, puisqu\u2019elle a port\u00e9 en elle le Fils de Dieu dont tout a jailli.<\/p>\n<div class=\"link-product\">\n<div class=\"blocco-immagine\"><img loading=\"lazy\" decoding=\"async\" class=\"size-full wp-image-6312 alignleft\" src=\"https:\/\/blog.holyart.it\/fr\/wp-content\/uploads\/sites\/14\/2023\/05\/Bas-relief-de-la-Pentecote.jpg\" alt=\"Bas-relief de la Pentecote\" width=\"100\" height=\"100\" data-kale-share-title=\"Marie M\u00e8re de l\u2019\u00c9glise : la f\u00eate institu\u00e9e par Pape Fran\u00e7ois\" data-kale-share-url=\"https:\/\/blog.holyart.it\/fr\/?p=6306\" \/><\/div>\n<div class=\"blocco-contenuto\">\n<div class=\"blocco-acquista\">Acheter sur Holyart:<\/div>\n<div class=\"blocco-titolo\"><a href=\"https:\/\/www.holyart.fr\/articles-religieux\/bas-reliefs\/bas-reliefs-en-pierre\/bas-relief-de-la-pentecote\">Bas-relief de la Pentec\u00f4te <\/a><\/div>\n<div class=\"blocco-descrizione\">Cette tableau est r\u00e9alis\u00e9e \u00e0 la main par les soeurs du monast\u00e8re de Bethl\u00e9em en France.<\/div>\n<\/div>\n<\/div>\n<p><strong>Le jour de Pentec\u00f4te naquit le premier noyau de l\u2019\u00c9glise catholique<\/strong> et, depuis 2018, la F\u00eate de la Bienheureuse Vierge Marie M\u00e8re de l\u2019\u00c9glise vient \u00e0 faire partie du Calendrier Romain avec l\u2019obligation de c\u00e9l\u00e9bration le lundi apr\u00e8s Pentec\u00f4te. Ainsi l\u2019a d\u00e9cr\u00e9t\u00e9 Pape Fran\u00e7ois, et ainsi a \u00e9t\u00e9 publi\u00e9 dans le <strong>d\u00e9cret de la Congr\u00e9gation pour le culte divin et la discipline des sacrements<\/strong> publi\u00e9 le 11 f\u00e9vrier, jour de la m\u00e9moire de <a href=\"https:\/\/www.holyart.fr\/produits\/statues-notre-dame-de-lourdes.php\"><strong>Notre-Dame de Lourdes<\/strong><\/a>.<\/p>\n<h2>Pri\u00e8re \u00e0 Marie M\u00e8re de l\u2019\u00c9glise<\/h2>\n<p>\u00c0 la fin de l\u2019<strong>encyclique <em>Lumen Fidei<\/em> <\/strong>du 29 juin 2013, Pape Fran\u00e7ois avait d\u00e9j\u00e0 ins\u00e9r\u00e9 une <strong>Pri\u00e8re sp\u00e9ciale \u00e0 Marie, M\u00e8re de l\u2019\u00c9glise et M\u00e8re de notre foi<\/strong>. Elle rend tr\u00e8s bien l\u2019esprit \u00e0 la base de la f\u00eate de Marie M\u00e8re de l\u2019\u00c9glise, cette volont\u00e9 de reconna\u00eetre en elle la <a href=\"https:\/\/www.holyart.fr\/produits\/statues-vierge-marie.php\"><strong>M\u00e8re de chaque homme<\/strong><\/a>, dans notre singularit\u00e9 de chr\u00e9tiens et dans notre \u00eatre <strong>membres de quelque chose de plus grand et plus pr\u00e9cieux<\/strong>.<\/p>\n<p><em>\u00d4 M\u00e8re, aide notre foi\u00a0!<\/em><\/p>\n<p><em>Ouvre notre \u00e9coute \u00e0 la Parole, pour que nous reconnaissions la voix de Dieu et son appel.<\/em><\/p>\n<p><em>\u00c9veille en nous le d\u00e9sir de suivre ses pas, en sortant de notre terre et en accueillant sa promesse.<\/em><\/p>\n<p><em>Aide-nous \u00e0 nous laisser toucher par son amour, pour que nous puissions le toucher par la foi.<\/em><\/p>\n<p><em>Aide-nous \u00e0 nous confier pleinement \u00e0 Lui, \u00e0 croire en son amour, surtout dans les moments de tribulations et de croix, quand notre foi est appel\u00e9e \u00e0 m\u00fbrir.<\/em><\/p>\n<p><em>S\u00e8me dans notre foi la joie du Ressuscit\u00e9.<\/em><\/p>\n<p><em>Rappelle-nous que celui qui croit n\u2019est jamais seul.<\/em><\/p>\n<p><em>Enseigne-nous \u00e0 regarder avec les yeux de J\u00e9sus, pour qu\u2019il soit lumi\u00e8re sur notre chemin. Et que cette lumi\u00e8re de la foi grandisse toujours en nous jusqu\u2019\u00e0 ce qu\u2019arrive ce jour sans couchant, qui est le Christ lui-m\u00eame, ton Fils, notre Seigneur !<\/em><\/p>\n<div class=\"link-product\">\n<div class=\"blocco-immagine\"><img loading=\"lazy\" decoding=\"async\" class=\"size-full wp-image-6314 alignleft\" src=\"https:\/\/blog.holyart.it\/fr\/wp-content\/uploads\/sites\/14\/2023\/05\/Statues-Vierge-Marie.jpg\" alt=\"Statues Vierge Marie\" width=\"100\" height=\"100\" data-kale-share-title=\"Marie M\u00e8re de l\u2019\u00c9glise : la f\u00eate institu\u00e9e par Pape Fran\u00e7ois\" data-kale-share-url=\"https:\/\/blog.holyart.it\/fr\/?p=6306\" \/><\/div>\n<div class=\"blocco-contenuto\">\n<div class=\"blocco-acquista\">Acheter sur Holyart:<\/div>\n<div class=\"blocco-titolo\"><a href=\"https:\/\/www.holyart.fr\/produits\/statues-vierge-marie.php\">Statues Vierge Marie<\/a><\/div>\n<div class=\"blocco-descrizione\">Toutes les statues de la Madone que vous trouverez sur le site sont fabriqu\u00e9es \u00e0 la main en Italie et en France.<\/div>\n<\/div>\n<\/div>\n","protected":false},"excerpt":{"rendered":"<p>Le lundi apr\u00e8s la Pentec\u00f4te, le rite romain c\u00e9l\u00e8bre Marie M\u00e8re de l\u2019\u00c9glise. Voici comment cette f\u00eate est n\u00e9e Marie de Nazareth\u00a0ne vante pas uniquement le primat d\u2019avoir \u00e9t\u00e9 la M\u00e8re de J\u00e9sus. \u00c0 l\u2019instant m\u00eame o\u00f9 cette humble jeune fille choisie par Dieu a&hellip;<\/p>\n","protected":false},"author":1,"featured_media":6316,"comment_status":"closed","ping_status":"open","sticky":false,"template":"","format":"standard","meta":{"_acf_changed":false,"footnotes":""},"categories":[8],"tags":[],"class_list":["post-6306","post","type-post","status-publish","format-standard","has-post-thumbnail","hentry","category-articles-religieux"],"acf":[],"yoast_head":"<!-- This site is optimized with the Yoast SEO plugin v26.6 - https:\/\/yoast.com\/wordpress\/plugins\/seo\/ -->\n<title>Marie M\u00e8re de l\u2019\u00c9glise : la f\u00eate institu\u00e9e par Pape Fran\u00e7ois<\/title>\n<meta name=\"description\" content=\"Marie M\u00e8re de l\u2019\u00c9glise tombe le lundi apr\u00e8s la Pentec\u00f4te. Marie devient \u00e9galement m\u00e8re des membres du Corps Mystique dont J\u00e9sus est le Chef.\" \/>\n<meta name=\"robots\" content=\"index, follow, max-snippet:-1, max-image-preview:large, max-video-preview:-1\" \/>\n<link rel=\"canonical\" href=\"https:\/\/blog.holyart.it\/fr\/articles-religieux\/marie-mere-de-leglise-la-fete-instituee-par-pape-francois\/\" \/>\n<meta property=\"og:locale\" content=\"fr_FR\" \/>\n<meta property=\"og:type\" content=\"article\" \/>\n<meta property=\"og:title\" content=\"Marie M\u00e8re de l\u2019\u00c9glise : la f\u00eate institu\u00e9e par Pape Fran\u00e7ois\" \/>\n<meta property=\"og:description\" content=\"Marie M\u00e8re de l\u2019\u00c9glise tombe le lundi apr\u00e8s la Pentec\u00f4te. Marie devient \u00e9galement m\u00e8re des membres du Corps Mystique dont J\u00e9sus est le Chef.\" \/>\n<meta property=\"og:url\" content=\"https:\/\/blog.holyart.it\/fr\/articles-religieux\/marie-mere-de-leglise-la-fete-instituee-par-pape-francois\/\" \/>\n<meta property=\"og:site_name\" content=\"Holyart.fr Blog\" \/>\n<meta property=\"article:published_time\" content=\"2023-05-22T09:00:13+00:00\" \/>\n<meta property=\"article:modified_time\" content=\"2025-05-22T07:45:02+00:00\" \/>\n<meta property=\"og:image\" content=\"https:\/\/blog.holyart.it\/fr\/wp-content\/uploads\/sites\/14\/2023\/05\/marie-mere-de-leglise.jpg\" \/>\n\t<meta property=\"og:image:width\" content=\"1000\" \/>\n\t<meta property=\"og:image:height\" content=\"666\" \/>\n\t<meta property=\"og:image:type\" content=\"image\/jpeg\" \/>\n<meta name=\"author\" content=\"Redazione\" \/>\n<meta name=\"twitter:card\" content=\"summary_large_image\" \/>\n<meta name=\"twitter:label1\" content=\"\u00c9crit par\" \/>\n\t<meta name=\"twitter:data1\" content=\"Redazione\" \/>\n\t<meta name=\"twitter:label2\" content=\"Dur\u00e9e de lecture estim\u00e9e\" \/>\n\t<meta name=\"twitter:data2\" content=\"8 minutes\" \/>\n<script type=\"application\/ld+json\" class=\"yoast-schema-graph\">{\"@context\":\"https:\/\/schema.org\",\"@graph\":[{\"@type\":\"Article\",\"@id\":\"https:\/\/blog.holyart.it\/fr\/articles-religieux\/marie-mere-de-leglise-la-fete-instituee-par-pape-francois\/#article\",\"isPartOf\":{\"@id\":\"https:\/\/blog.holyart.it\/fr\/articles-religieux\/marie-mere-de-leglise-la-fete-instituee-par-pape-francois\/\"},\"author\":{\"name\":\"Redazione\",\"@id\":\"https:\/\/blog.holyart.it\/fr\/#\/schema\/person\/0a7b686e5af0f856ec1e390dd0baecda\"},\"headline\":\"Marie M\u00e8re de l\u2019\u00c9glise : la f\u00eate institu\u00e9e par Pape Fran\u00e7ois\",\"datePublished\":\"2023-05-22T09:00:13+00:00\",\"dateModified\":\"2025-05-22T07:45:02+00:00\",\"mainEntityOfPage\":{\"@id\":\"https:\/\/blog.holyart.it\/fr\/articles-religieux\/marie-mere-de-leglise-la-fete-instituee-par-pape-francois\/\"},\"wordCount\":1534,\"publisher\":{\"@id\":\"https:\/\/blog.holyart.it\/fr\/#organization\"},\"image\":{\"@id\":\"https:\/\/blog.holyart.it\/fr\/articles-religieux\/marie-mere-de-leglise-la-fete-instituee-par-pape-francois\/#primaryimage\"},\"thumbnailUrl\":\"https:\/\/blog.holyart.it\/fr\/wp-content\/uploads\/sites\/14\/2023\/05\/marie-mere-de-leglise.jpg\",\"articleSection\":[\"Religion\"],\"inLanguage\":\"fr-FR\"},{\"@type\":\"WebPage\",\"@id\":\"https:\/\/blog.holyart.it\/fr\/articles-religieux\/marie-mere-de-leglise-la-fete-instituee-par-pape-francois\/\",\"url\":\"https:\/\/blog.holyart.it\/fr\/articles-religieux\/marie-mere-de-leglise-la-fete-instituee-par-pape-francois\/\",\"name\":\"Marie M\u00e8re de l\u2019\u00c9glise : la f\u00eate institu\u00e9e par Pape Fran\u00e7ois\",\"isPartOf\":{\"@id\":\"https:\/\/blog.holyart.it\/fr\/#website\"},\"primaryImageOfPage\":{\"@id\":\"https:\/\/blog.holyart.it\/fr\/articles-religieux\/marie-mere-de-leglise-la-fete-instituee-par-pape-francois\/#primaryimage\"},\"image\":{\"@id\":\"https:\/\/blog.holyart.it\/fr\/articles-religieux\/marie-mere-de-leglise-la-fete-instituee-par-pape-francois\/#primaryimage\"},\"thumbnailUrl\":\"https:\/\/blog.holyart.it\/fr\/wp-content\/uploads\/sites\/14\/2023\/05\/marie-mere-de-leglise.jpg\",\"datePublished\":\"2023-05-22T09:00:13+00:00\",\"dateModified\":\"2025-05-22T07:45:02+00:00\",\"description\":\"Marie M\u00e8re de l\u2019\u00c9glise tombe le lundi apr\u00e8s la Pentec\u00f4te. Marie devient \u00e9galement m\u00e8re des membres du Corps Mystique dont J\u00e9sus est le Chef.\",\"breadcrumb\":{\"@id\":\"https:\/\/blog.holyart.it\/fr\/articles-religieux\/marie-mere-de-leglise-la-fete-instituee-par-pape-francois\/#breadcrumb\"},\"inLanguage\":\"fr-FR\",\"potentialAction\":[{\"@type\":\"ReadAction\",\"target\":[\"https:\/\/blog.holyart.it\/fr\/articles-religieux\/marie-mere-de-leglise-la-fete-instituee-par-pape-francois\/\"]}]},{\"@type\":\"ImageObject\",\"inLanguage\":\"fr-FR\",\"@id\":\"https:\/\/blog.holyart.it\/fr\/articles-religieux\/marie-mere-de-leglise-la-fete-instituee-par-pape-francois\/#primaryimage\",\"url\":\"https:\/\/blog.holyart.it\/fr\/wp-content\/uploads\/sites\/14\/2023\/05\/marie-mere-de-leglise.jpg\",\"contentUrl\":\"https:\/\/blog.holyart.it\/fr\/wp-content\/uploads\/sites\/14\/2023\/05\/marie-mere-de-leglise.jpg\",\"width\":1000,\"height\":666,\"caption\":\"marie mere de l'eglise\"},{\"@type\":\"BreadcrumbList\",\"@id\":\"https:\/\/blog.holyart.it\/fr\/articles-religieux\/marie-mere-de-leglise-la-fete-instituee-par-pape-francois\/#breadcrumb\",\"itemListElement\":[{\"@type\":\"ListItem\",\"position\":1,\"name\":\"Homepage\",\"item\":\"https:\/\/blog.holyart.it\/fr\/\"},{\"@type\":\"ListItem\",\"position\":2,\"name\":\"Religion\",\"item\":\"https:\/\/blog.holyart.it\/fr\/articles-religieux\/\"},{\"@type\":\"ListItem\",\"position\":3,\"name\":\"Marie M\u00e8re de l\u2019\u00c9glise : la f\u00eate institu\u00e9e par Pape Fran\u00e7ois\"}]},{\"@type\":\"WebSite\",\"@id\":\"https:\/\/blog.holyart.it\/fr\/#website\",\"url\":\"https:\/\/blog.holyart.it\/fr\/\",\"name\":\"Holyart.fr Blog\",\"description\":\"Holyblog\",\"publisher\":{\"@id\":\"https:\/\/blog.holyart.it\/fr\/#organization\"},\"potentialAction\":[{\"@type\":\"SearchAction\",\"target\":{\"@type\":\"EntryPoint\",\"urlTemplate\":\"https:\/\/blog.holyart.it\/fr\/?s={search_term_string}\"},\"query-input\":{\"@type\":\"PropertyValueSpecification\",\"valueRequired\":true,\"valueName\":\"search_term_string\"}}],\"inLanguage\":\"fr-FR\"},{\"@type\":\"Organization\",\"@id\":\"https:\/\/blog.holyart.it\/fr\/#organization\",\"name\":\"Holyart.fr Blog\",\"url\":\"https:\/\/blog.holyart.it\/fr\/\",\"logo\":{\"@type\":\"ImageObject\",\"inLanguage\":\"fr-FR\",\"@id\":\"https:\/\/blog.holyart.it\/fr\/#\/schema\/logo\/image\/\",\"url\":\"https:\/\/blog.holyart.it\/fr\/wp-content\/uploads\/sites\/14\/2022\/12\/Holyart_Blog_Logo.jpg\",\"contentUrl\":\"https:\/\/blog.holyart.it\/fr\/wp-content\/uploads\/sites\/14\/2022\/12\/Holyart_Blog_Logo.jpg\",\"width\":300,\"height\":50,\"caption\":\"Holyart.fr Blog\"},\"image\":{\"@id\":\"https:\/\/blog.holyart.it\/fr\/#\/schema\/logo\/image\/\"}},{\"@type\":\"Person\",\"@id\":\"https:\/\/blog.holyart.it\/fr\/#\/schema\/person\/0a7b686e5af0f856ec1e390dd0baecda\",\"name\":\"Redazione\",\"image\":{\"@type\":\"ImageObject\",\"inLanguage\":\"fr-FR\",\"@id\":\"https:\/\/blog.holyart.it\/fr\/#\/schema\/person\/image\/\",\"url\":\"https:\/\/secure.gravatar.com\/avatar\/f477da817f43e50d0af36abecd33e3edf826c68299714bdc1057dff3b113f516?s=96&d=mm&r=g\",\"contentUrl\":\"https:\/\/secure.gravatar.com\/avatar\/f477da817f43e50d0af36abecd33e3edf826c68299714bdc1057dff3b113f516?s=96&d=mm&r=g\",\"caption\":\"Redazione\"},\"url\":\"https:\/\/blog.holyart.it\/fr\/author\/admin\/\"}]}<\/script>\n<!-- \/ Yoast SEO plugin. -->","yoast_head_json":{"title":"Marie M\u00e8re de l\u2019\u00c9glise : la f\u00eate institu\u00e9e par Pape Fran\u00e7ois","description":"Marie M\u00e8re de l\u2019\u00c9glise tombe le lundi apr\u00e8s la Pentec\u00f4te. Marie devient \u00e9galement m\u00e8re des membres du Corps Mystique dont J\u00e9sus est le Chef.","robots":{"index":"index","follow":"follow","max-snippet":"max-snippet:-1","max-image-preview":"max-image-preview:large","max-video-preview":"max-video-preview:-1"},"canonical":"https:\/\/blog.holyart.it\/fr\/articles-religieux\/marie-mere-de-leglise-la-fete-instituee-par-pape-francois\/","og_locale":"fr_FR","og_type":"article","og_title":"Marie M\u00e8re de l\u2019\u00c9glise : la f\u00eate institu\u00e9e par Pape Fran\u00e7ois","og_description":"Marie M\u00e8re de l\u2019\u00c9glise tombe le lundi apr\u00e8s la Pentec\u00f4te. Marie devient \u00e9galement m\u00e8re des membres du Corps Mystique dont J\u00e9sus est le Chef.","og_url":"https:\/\/blog.holyart.it\/fr\/articles-religieux\/marie-mere-de-leglise-la-fete-instituee-par-pape-francois\/","og_site_name":"Holyart.fr Blog","article_published_time":"2023-05-22T09:00:13+00:00","article_modified_time":"2025-05-22T07:45:02+00:00","og_image":[{"width":1000,"height":666,"url":"https:\/\/blog.holyart.it\/fr\/wp-content\/uploads\/sites\/14\/2023\/05\/marie-mere-de-leglise.jpg","type":"image\/jpeg"}],"author":"Redazione","twitter_card":"summary_large_image","twitter_misc":{"\u00c9crit par":"Redazione","Dur\u00e9e de lecture estim\u00e9e":"8 minutes"},"schema":{"@context":"https:\/\/schema.org","@graph":[{"@type":"Article","@id":"https:\/\/blog.holyart.it\/fr\/articles-religieux\/marie-mere-de-leglise-la-fete-instituee-par-pape-francois\/#article","isPartOf":{"@id":"https:\/\/blog.holyart.it\/fr\/articles-religieux\/marie-mere-de-leglise-la-fete-instituee-par-pape-francois\/"},"author":{"name":"Redazione","@id":"https:\/\/blog.holyart.it\/fr\/#\/schema\/person\/0a7b686e5af0f856ec1e390dd0baecda"},"headline":"Marie M\u00e8re de l\u2019\u00c9glise : la f\u00eate institu\u00e9e par Pape Fran\u00e7ois","datePublished":"2023-05-22T09:00:13+00:00","dateModified":"2025-05-22T07:45:02+00:00","mainEntityOfPage":{"@id":"https:\/\/blog.holyart.it\/fr\/articles-religieux\/marie-mere-de-leglise-la-fete-instituee-par-pape-francois\/"},"wordCount":1534,"publisher":{"@id":"https:\/\/blog.holyart.it\/fr\/#organization"},"image":{"@id":"https:\/\/blog.holyart.it\/fr\/articles-religieux\/marie-mere-de-leglise-la-fete-instituee-par-pape-francois\/#primaryimage"},"thumbnailUrl":"https:\/\/blog.holyart.it\/fr\/wp-content\/uploads\/sites\/14\/2023\/05\/marie-mere-de-leglise.jpg","articleSection":["Religion"],"inLanguage":"fr-FR"},{"@type":"WebPage","@id":"https:\/\/blog.holyart.it\/fr\/articles-religieux\/marie-mere-de-leglise-la-fete-instituee-par-pape-francois\/","url":"https:\/\/blog.holyart.it\/fr\/articles-religieux\/marie-mere-de-leglise-la-fete-instituee-par-pape-francois\/","name":"Marie M\u00e8re de l\u2019\u00c9glise : la f\u00eate institu\u00e9e par Pape Fran\u00e7ois","isPartOf":{"@id":"https:\/\/blog.holyart.it\/fr\/#website"},"primaryImageOfPage":{"@id":"https:\/\/blog.holyart.it\/fr\/articles-religieux\/marie-mere-de-leglise-la-fete-instituee-par-pape-francois\/#primaryimage"},"image":{"@id":"https:\/\/blog.holyart.it\/fr\/articles-religieux\/marie-mere-de-leglise-la-fete-instituee-par-pape-francois\/#primaryimage"},"thumbnailUrl":"https:\/\/blog.holyart.it\/fr\/wp-content\/uploads\/sites\/14\/2023\/05\/marie-mere-de-leglise.jpg","datePublished":"2023-05-22T09:00:13+00:00","dateModified":"2025-05-22T07:45:02+00:00","description":"Marie M\u00e8re de l\u2019\u00c9glise tombe le lundi apr\u00e8s la Pentec\u00f4te. Marie devient \u00e9galement m\u00e8re des membres du Corps Mystique dont J\u00e9sus est le Chef.","breadcrumb":{"@id":"https:\/\/blog.holyart.it\/fr\/articles-religieux\/marie-mere-de-leglise-la-fete-instituee-par-pape-francois\/#breadcrumb"},"inLanguage":"fr-FR","potentialAction":[{"@type":"ReadAction","target":["https:\/\/blog.holyart.it\/fr\/articles-religieux\/marie-mere-de-leglise-la-fete-instituee-par-pape-francois\/"]}]},{"@type":"ImageObject","inLanguage":"fr-FR","@id":"https:\/\/blog.holyart.it\/fr\/articles-religieux\/marie-mere-de-leglise-la-fete-instituee-par-pape-francois\/#primaryimage","url":"https:\/\/blog.holyart.it\/fr\/wp-content\/uploads\/sites\/14\/2023\/05\/marie-mere-de-leglise.jpg","contentUrl":"https:\/\/blog.holyart.it\/fr\/wp-content\/uploads\/sites\/14\/2023\/05\/marie-mere-de-leglise.jpg","width":1000,"height":666,"caption":"marie mere de l'eglise"},{"@type":"BreadcrumbList","@id":"https:\/\/blog.holyart.it\/fr\/articles-religieux\/marie-mere-de-leglise-la-fete-instituee-par-pape-francois\/#breadcrumb","itemListElement":[{"@type":"ListItem","position":1,"name":"Homepage","item":"https:\/\/blog.holyart.it\/fr\/"},{"@type":"ListItem","position":2,"name":"Religion","item":"https:\/\/blog.holyart.it\/fr\/articles-religieux\/"},{"@type":"ListItem","position":3,"name":"Marie M\u00e8re de l\u2019\u00c9glise : la f\u00eate institu\u00e9e par Pape Fran\u00e7ois"}]},{"@type":"WebSite","@id":"https:\/\/blog.holyart.it\/fr\/#website","url":"https:\/\/blog.holyart.it\/fr\/","name":"Holyart.fr Blog","description":"Holyblog","publisher":{"@id":"https:\/\/blog.holyart.it\/fr\/#organization"},"potentialAction":[{"@type":"SearchAction","target":{"@type":"EntryPoint","urlTemplate":"https:\/\/blog.holyart.it\/fr\/?s={search_term_string}"},"query-input":{"@type":"PropertyValueSpecification","valueRequired":true,"valueName":"search_term_string"}}],"inLanguage":"fr-FR"},{"@type":"Organization","@id":"https:\/\/blog.holyart.it\/fr\/#organization","name":"Holyart.fr Blog","url":"https:\/\/blog.holyart.it\/fr\/","logo":{"@type":"ImageObject","inLanguage":"fr-FR","@id":"https:\/\/blog.holyart.it\/fr\/#\/schema\/logo\/image\/","url":"https:\/\/blog.holyart.it\/fr\/wp-content\/uploads\/sites\/14\/2022\/12\/Holyart_Blog_Logo.jpg","contentUrl":"https:\/\/blog.holyart.it\/fr\/wp-content\/uploads\/sites\/14\/2022\/12\/Holyart_Blog_Logo.jpg","width":300,"height":50,"caption":"Holyart.fr Blog"},"image":{"@id":"https:\/\/blog.holyart.it\/fr\/#\/schema\/logo\/image\/"}},{"@type":"Person","@id":"https:\/\/blog.holyart.it\/fr\/#\/schema\/person\/0a7b686e5af0f856ec1e390dd0baecda","name":"Redazione","image":{"@type":"ImageObject","inLanguage":"fr-FR","@id":"https:\/\/blog.holyart.it\/fr\/#\/schema\/person\/image\/","url":"https:\/\/secure.gravatar.com\/avatar\/f477da817f43e50d0af36abecd33e3edf826c68299714bdc1057dff3b113f516?s=96&d=mm&r=g","contentUrl":"https:\/\/secure.gravatar.com\/avatar\/f477da817f43e50d0af36abecd33e3edf826c68299714bdc1057dff3b113f516?s=96&d=mm&r=g","caption":"Redazione"},"url":"https:\/\/blog.holyart.it\/fr\/author\/admin\/"}]}},"_links":{"self":[{"href":"https:\/\/blog.holyart.it\/fr\/wp-json\/wp\/v2\/posts\/6306","targetHints":{"allow":["GET"]}}],"collection":[{"href":"https:\/\/blog.holyart.it\/fr\/wp-json\/wp\/v2\/posts"}],"about":[{"href":"https:\/\/blog.holyart.it\/fr\/wp-json\/wp\/v2\/types\/post"}],"author":[{"embeddable":true,"href":"https:\/\/blog.holyart.it\/fr\/wp-json\/wp\/v2\/users\/1"}],"replies":[{"embeddable":true,"href":"https:\/\/blog.holyart.it\/fr\/wp-json\/wp\/v2\/comments?post=6306"}],"version-history":[{"count":6,"href":"https:\/\/blog.holyart.it\/fr\/wp-json\/wp\/v2\/posts\/6306\/revisions"}],"predecessor-version":[{"id":6318,"href":"https:\/\/blog.holyart.it\/fr\/wp-json\/wp\/v2\/posts\/6306\/revisions\/6318"}],"wp:featuredmedia":[{"embeddable":true,"href":"https:\/\/blog.holyart.it\/fr\/wp-json\/wp\/v2\/media\/6316"}],"wp:attachment":[{"href":"https:\/\/blog.holyart.it\/fr\/wp-json\/wp\/v2\/media?parent=6306"}],"wp:term":[{"taxonomy":"category","embeddable":true,"href":"https:\/\/blog.holyart.it\/fr\/wp-json\/wp\/v2\/categories?post=6306"},{"taxonomy":"post_tag","embeddable":true,"href":"https:\/\/blog.holyart.it\/fr\/wp-json\/wp\/v2\/tags?post=6306"}],"curies":[{"name":"wp","href":"https:\/\/api.w.org\/{rel}","templated":true}]}}