{"id":6252,"date":"2023-05-08T12:00:57","date_gmt":"2023-05-08T10:00:57","guid":{"rendered":"https:\/\/blog.holyart.it\/fr\/?p=6252"},"modified":"2025-04-17T17:44:12","modified_gmt":"2025-04-17T15:44:12","slug":"saints-de-glace-le-phenomene-qui-amene-lhiver-au-printemps","status":"publish","type":"post","link":"https:\/\/blog.holyart.it\/fr\/articles-religieux\/saints-de-glace-le-phenomene-qui-amene-lhiver-au-printemps\/","title":{"rendered":"Saints de glace : le ph\u00e9nom\u00e8ne qui am\u00e8ne l\u2019hiver au printemps"},"content":{"rendered":"<h4>Qui sont les saints de glace, qui, en plein printemps nous ram\u00e8nent pendant quelques jours au c\u0153ur de l\u2019hiver ? \u00c0 mi-chemin entre tradition paysanne et d\u00e9votion, voici ce qui arrive pendant les jours qui leur sont d\u00e9di\u00e9s<\/h4>\n\n<p>Qui sont les <strong>Saints de glace<\/strong> ? Cette appellation bizarre peut \u00e0 premi\u00e8re vue faire penser \u00e0 des <a href=\"https:\/\/www.holyart.fr\/articles-religieux\/statues\"><strong>sculptures sacr\u00e9es<\/strong><\/a> qui repr\u00e9senteraient justement des saints ou plut\u00f4t \u00e0 des atmosph\u00e8res f\u00e9\u00e9riques qui nous ram\u00e8neraient dans les pays nordiques, au conte de la Reine des Neige et ainsi de suite. La r\u00e9alit\u00e9 est bien plus concr\u00e8te, li\u00e9e \u00e0 un <strong>ph\u00e9nom\u00e8ne climatique<\/strong> qui, bien qu\u2019il soit d\u00e9fini une anomalie ou, comme les disent les m\u00e9t\u00e9orologues, une singularit\u00e9, a \u00e9t\u00e9 \u00e9tudi\u00e9 pendant des si\u00e8cles et qui encore aujourd\u2019hui influence la vie des hommes, en particulier celle des agriculteurs.<\/p>\n<p>Mais de quoi s\u2019agit-il\u00a0? Et pourquoi Saints de glace\u00a0?<\/p>\n<p>En pratique, il arrive depuis toujours qu\u2019en correspondance de la sixi\u00e8me semaine apr\u00e8s l\u2019Equinoxe de Printemps, que nous c\u00e9l\u00e9brons le 21 mars, l\u2019hiver, qui semblait d\u00e9j\u00e0 loin, fasse de nouveau son apparition pendant une poign\u00e9e de jours, en amenant \u00e0 une soudaine chute des temp\u00e9ratures et, dans certains cas, \u00e0 des gel\u00e9es qui mettent en danger les semis et les pousses \u00e0 peine n\u00e9es. Cela est une des raisons pour laquelle, surtout dans certaines zones de l\u2019Europe centre-septentrionale, o\u00f9 le ph\u00e9nom\u00e8ne est plus r\u00e9pandu et intense, les agriculteurs pr\u00e9f\u00e8rent attendre que les jours des Saints de glace soient pass\u00e9s avant de semer.<\/p>\n<div class=\"link-product\">\n<div class=\"blocco-immagine\"><img loading=\"lazy\" decoding=\"async\" class=\"size-full wp-image-6253 alignleft\" src=\"https:\/\/blog.holyart.it\/fr\/wp-content\/uploads\/sites\/14\/2023\/04\/statue-de-saint-pancrace.jpg\" alt=\"statue de saint pancrace\" width=\"100\" height=\"100\" data-kale-share-title=\"Saints de glace : le ph\u00e9nom\u00e8ne qui am\u00e8ne l\u2019hiver au printemps\" data-kale-share-url=\"https:\/\/blog.holyart.it\/fr\/?p=6252\" \/><\/div>\n<div class=\"blocco-contenuto\">\n<div class=\"blocco-acquista\">Acheter sur Holyart:<\/div>\n<div class=\"blocco-titolo\"><a href=\"https:\/\/www.holyart.fr\/articles-religieux\/statues\">Statues<\/a><\/div>\n<div class=\"blocco-descrizione\">Statues en bois naturel, en bois peint, en porcelaine, en r\u00e9sine et autres materiaux.<\/div>\n<\/div>\n<\/div>\n<p>Selon le calendrier gr\u00e9gorien, la p\u00e9riode dont nous parlons va <strong>du 11 au 15 mai<\/strong>. Ces cinq jours ont \u00e9t\u00e9 d\u00e9di\u00e9s au cours des si\u00e8cles \u00e0 autant de saints et la tradition qui leur est li\u00e9e, \u00e0 mi-chemin <strong>entre folklore paysan, sagesse populaire et d\u00e9votion<\/strong>, est encore tr\u00e8s r\u00e9pandue, surtout comme nous le disions dans le <strong>Nord Europe<\/strong>, et en particulier en Allemagne, Su\u00e8de, Pologne, Autriche et Suisse, mais aussi en France, Angleterre et Hongrie.<\/p>\n<p>En Italie aussi il existe des <strong>l\u00e9gendes li\u00e9es aux Saints de glace<\/strong>, qui avec le temps ont donn\u00e9 vie \u00e0 <strong>usages et proverbes<\/strong> encore tr\u00e8s r\u00e9pandus au sein de la population paysanne.<\/p>\n<p>Voyons les <strong>noms des Saints de glace\u00a0: Saint Pancrace, Saint Servais, Saint Mamert, Saint Boniface de Tarse et Sainte Sophie de Rome<\/strong>, dont la m\u00e9moire liturgique tombe par contre le 17 septembre, et que les Allemands appellent <em>die kalte Sophie<\/em>, \u00ab\u00a0Sophie la Froide\u00a0\u00bb.<\/p>\n<p>Apprenons \u00e0 mieux les conna\u00eetre et gardons \u00e0 l\u2019\u0153il la m\u00e9t\u00e9o du mois de mai\u00a0!<\/p>\n<h2>Saint Mamert<\/h2>\n<p>Le premier des Saints de glace que nous rappelons, dont la m\u00e9moire liturgique est c\u00e9l\u00e9br\u00e9e le <strong>11 mai<\/strong>, est <strong>Saint Mamert de Vienne<\/strong>, un archev\u00eaque fran\u00e7ais qui v\u00e9cut au Ve si\u00e8cle.<br \/>\nC\u00e9l\u00e8bre pour son <strong>\u00e9ducation litt\u00e9raire et th\u00e9ologique<\/strong>, il fut \u00e9v\u00eaque de Vienne, s\u2019opposa \u00e0 l\u2019arch\u00eaveque d\u2019Arles et, \u00e0 partir du 470 apr. J.-C. il introduisit en France les <strong>Rogations<\/strong>, des processions propitiatoires accompagn\u00e9es de pri\u00e8res et d\u2019actes de p\u00e9nitence, qui avaient pour but d\u2019attirer la Gr\u00e2ce divine afin de favoriser les semailles, combattre la s\u00e9cheresse, contraster les calamit\u00e9s naturelles.<\/p>\n<p>Encore aujourd\u2019hui ses restes reposent \u00e0 Vienne, dans l\u2019ancienne \u00e9glise de Saint Pierre de Vienne et \u00e0 lui sont d\u00e9di\u00e9es \u00e9glises, chapelles et h\u00f4pitaux, m\u00eame en Italie.<\/p>\n<h2>Saint Pancrace<\/h2>\n<p><a href=\"https:\/\/www.holyart.fr\/articles-religieux\/statues\/statues-en-resine-et-pvc\/saint-pancrace-palmier-statue-resine-15-cm\"><strong>Saint Pancrace<\/strong><\/a>, rappel\u00e9 le <strong>12 mai<\/strong>, mourut tr\u00e8s jeune, \u00e0 <strong>quatorze ans<\/strong> \u00e0 peine, pendant une pers\u00e9cution contre les chr\u00e9tiens voulue par l\u2019empereur Diocl\u00e9tien. Originaire de Phrygie, province de l\u2019Asie Mineure, de parents romains, il resta orphelin tr\u00e8s t\u00f4t et grandit avec son oncle Dennis, qui l\u2019amena \u00e0 <strong>Rome<\/strong> et l\u2019introduisit dans la <strong>communaut\u00e9 chr\u00e9tienne<\/strong>. Une fois re\u00e7u le bapt\u00eame, le jeune Pancrace adh\u00e9ra avec passion et enthousiasme \u00e0 la nouvelle religion et fut in\u00e9vitablement emport\u00e9 par la <strong>pers\u00e9cution d\u00e9cha\u00een\u00e9e par l\u2019Empereur<\/strong>. Amen\u00e9 devant Diocl\u00e9tien en personne, qui fut \u00e9tonn\u00e9 par la beaut\u00e9 et la ferveur de ce jeune chr\u00e9tien, il fut flatt\u00e9 et menac\u00e9 de toutes les mani\u00e8res possibles afin qu\u2019il abjure sa foi, mais il se montra si d\u00e9cid\u00e9 et inflexible que l\u2019Empereur fut oblig\u00e9 de <strong>le condamner \u00e0 mort<\/strong>. Il fut <strong>d\u00e9capit\u00e9<\/strong> au coucher du soleil sur la Via Aurelia, et Ottavilla, une matrone romaine, fit recueillir son corps et sa t\u00eate, les pr\u00e9para pour l\u2019inhumation et les fit d\u00e9poser dans un tombeau sur lequel, par la suite, fut \u00e9rig\u00e9e une Basilique. Sa d\u00e9votion se r\u00e9pandit beaucoup en Allemagne aussi o\u00f9 il devint le <strong>co-patron de l\u2019Ordre des Chevaliers Teutoniques<\/strong>. Aujourd\u2019hui ses reliques reposent en bonne partie dans la Basilique de Saint Pancrace, \u00e9rig\u00e9e sur le lieu de son martyr, mais certaines parties de son corps sont conserv\u00e9es dans des \u00e9glises italiennes et fran\u00e7aises.<\/p>\n<div class=\"link-product\">\n<div class=\"blocco-immagine\"><img loading=\"lazy\" decoding=\"async\" class=\"size-full wp-image-6254 alignleft\" src=\"https:\/\/blog.holyart.it\/fr\/wp-content\/uploads\/sites\/14\/2023\/04\/Saint-Pancrace-palmier-statue.jpg\" alt=\"Saint Pancrace palmier statue\" width=\"100\" height=\"100\" data-kale-share-title=\"Saints de glace : le ph\u00e9nom\u00e8ne qui am\u00e8ne l\u2019hiver au printemps\" data-kale-share-url=\"https:\/\/blog.holyart.it\/fr\/?p=6252\" \/><\/div>\n<div class=\"blocco-contenuto\">\n<div class=\"blocco-acquista\">Acheter sur Holyart:<\/div>\n<div class=\"blocco-titolo\"><a href=\"https:\/\/www.holyart.fr\/articles-religieux\/statues\/statues-en-resine-et-pvc\/saint-pancrace-palmier-statue-resine-15-cm\">Saint Pancrace palmier statue r\u00e9sine 15 cm <\/a><\/div>\n<div class=\"blocco-descrizione\">Statue de Saint Pancrace en habits romains avec une main tendue vers le ciel et l&rsquo;autre tenant un palmier et un livre.<\/div>\n<\/div>\n<\/div>\n<h2>Saint Servais<\/h2>\n<p>Le <strong>13 mai<\/strong> on f\u00eate un autre Saint de glace, Servais de Tongres, \u00e9v\u00eaque de Tongres, en Belgique, originaire de l\u2019Arm\u00e9nie. V\u00e9cut au IVe si\u00e8cle apr. J.-C., il fut un grand partisan de Saint Athanase d\u2019Alexandrie pendant le <strong>Concile de Nic\u00e9e<\/strong> (325 apr. J.-C.), le premier concile \u00e9cum\u00e9nique chr\u00e9tien. Il fut \u00e9galement <strong>le premier \u00e0 \u00e9vang\u00e9liser la Belgique<\/strong>. Ses restes sont conserv\u00e9s \u00e0 Maastricht, en Hollande, dans la Basilique qui porte son nom.<\/p>\n<h2>Saint Boniface de Tarse<\/h2>\n<p>Le <strong>14 mai<\/strong>, dernier jour des Saints de glace, on rappelle <a href=\"https:\/\/www.holyart.fr\/articles-religieux\/statues\/statues-en-bois-peint\/saint-boniface-avec-poignard-bois-colore-val-gardena\"><strong>Boniface de Tarse<\/strong><\/a>, martyr chr\u00e9tien, lui aussi victime des pers\u00e9cutions de Diocl\u00e9tien et de Gal\u00e8re. Intendant d\u2019une noble femme du nom d\u2019<strong>Aglaida<\/strong>, il se rendit pour elle \u00e0 Tarse afin de ramener \u00e0 Rome certaines <strong>pr\u00e9cieuses reliques de Saints<\/strong>. Pa\u00efenne, Aglaida s\u2019\u00e9tait rapproch\u00e9e du Christianisme et esp\u00e9rait que les reliques l\u2019aide \u00e0 mieux le comprendre. Arriv\u00e9 \u00e0 Tarse, en pleine pers\u00e9cution contre les chr\u00e9tiens, Boniface se d\u00e9clara lui-m\u00eame chr\u00e9tien et <strong>subit le martyr<\/strong>. Quand son corps embaum\u00e9 fut ramen\u00e9 \u00e0 Rome et rendu \u00e0 sa patronne, cette derni\u00e8re se fit baptiser et passa le restant de sa vie en pri\u00e8re. Les restes de Boniface furent plac\u00e9s dans celle qui aujourd\u2019hui est la Basilique des Saints Boniface et Alexis, faite construire par Aglaida sur l\u2019Aventin.<\/p>\n<div class=\"link-product\">\n<div class=\"blocco-immagine\"><img loading=\"lazy\" decoding=\"async\" class=\"size-full wp-image-6255 alignleft\" src=\"https:\/\/blog.holyart.it\/fr\/wp-content\/uploads\/sites\/14\/2023\/04\/Saint-Boniface-avec-poignard-bois.jpg\" alt=\"Saint Boniface avec poignard bois\" width=\"100\" height=\"100\" data-kale-share-title=\"Saints de glace : le ph\u00e9nom\u00e8ne qui am\u00e8ne l\u2019hiver au printemps\" data-kale-share-url=\"https:\/\/blog.holyart.it\/fr\/?p=6252\" \/><\/div>\n<div class=\"blocco-contenuto\">\n<div class=\"blocco-acquista\">Acheter sur Holyart:<\/div>\n<div class=\"blocco-titolo\"><a href=\"https:\/\/www.holyart.fr\/articles-religieux\/statues\/statues-en-bois-peint\/saint-boniface-avec-poignard-bois-colore-val-gardena\">Saint Boniface avec poignard bois color\u00e9 Val Gardena<\/a><\/div>\n<div class=\"blocco-descrizione\">Sculpture r\u00e9alis\u00e9e et peinte \u00e0 la main par des artisans italiens exp\u00e9riment\u00e9s donnant vie \u00e0 une oeuvre tr\u00e8s soign\u00e9e et r\u00e9aliste.<\/div>\n<\/div>\n<\/div>\n<h2>Sainte Sophie de Rome<\/h2>\n<p>Associ\u00e9e aux Saints de glace, bien que sa m\u00e9moire liturgique tombe en septembre (m\u00eame si au Moyen-\u00c2ge elle \u00e9tait c\u00e9l\u00e9br\u00e9e le <strong>15 mai<\/strong>), <a href=\"https:\/\/www.holyart.fr\/articles-religieux\/statues\/statues-en-bois-peint\/statue-sainte-sophie-de-rome-avec-epee-bois-peint-val-gardena\"><strong>Sainte Sophie<\/strong><\/a> v\u00e9cut \u00e0 Rome au IIe si\u00e8cle apr. J.-C.<br \/>\nMatrone mari\u00e9e avec l\u2019illustre s\u00e9nateur Filandre, elle devint chr\u00e9tienne et donna \u00e0 ses filles les noms des <strong>trois vertus th\u00e9ologales<\/strong>\u00a0: <em>Pistis<\/em> (Foi), <em>Elpis<\/em> (Esp\u00e9rance), <em>Agape<\/em> (Charit\u00e9). Elle convertit son mari au Christianisme \u00e9galement et, apr\u00e8s sa mort, se d\u00e9dia aux \u0153uvres de <strong>mis\u00e9ricorde<\/strong> <strong>et<\/strong> de <strong>pros\u00e9lytisme<\/strong>.<\/p>\n<p>D\u00e9nonc\u00e9e comme chr\u00e9tienne, elle fut conduite devant l\u2019<strong>empereur Adrian<\/strong>, qui la fit flageller et marquer sur le front avec la marque d\u2019infamie. Ensuite, il fit <strong>torturer et d\u00e9capiter ses trois filles une apr\u00e8s l\u2019autre<\/strong> sous les yeux de Sophie.<\/p>\n<p>Sophie les enterra et <strong>se laissa mourir sur leur tombe<\/strong>. Il \u00e9tait le 122 apr. J.-C. La tombe de Sophie et de ses filles est encore visible dans les catacombes de Saint Pancrace sur la Via Aurelia.<br \/>\nLa m\u00e9moire de Sainte Sophie et de ses trois filles fut ins\u00e9r\u00e9e dans diff\u00e9rents martyrologes et elles sont f\u00eat\u00e9es toutes ensemble le 17 septembre. L\u2019iconographie les repr\u00e9sentent comme quatre femme v\u00eatues en deuille.<\/p>\n<div class=\"link-product\">\n<div class=\"blocco-immagine\"><img loading=\"lazy\" decoding=\"async\" class=\"size-full wp-image-6256 alignleft\" src=\"https:\/\/blog.holyart.it\/fr\/wp-content\/uploads\/sites\/14\/2023\/04\/Statue-Sainte-Sophie-de-Rome.jpg\" alt=\"Statue Sainte Sophie de Rome\" width=\"100\" height=\"100\" data-kale-share-title=\"Saints de glace : le ph\u00e9nom\u00e8ne qui am\u00e8ne l\u2019hiver au printemps\" data-kale-share-url=\"https:\/\/blog.holyart.it\/fr\/?p=6252\" \/><\/div>\n<div class=\"blocco-contenuto\">\n<div class=\"blocco-acquista\">Acheter sur Holyart:<\/div>\n<div class=\"blocco-titolo\"><a href=\"https:\/\/www.holyart.fr\/articles-religieux\/statues\/statues-en-bois-peint\/statue-sainte-sophie-de-rome-avec-epee-bois-peint-val-gardena\">Statue Sainte Sophie de Rome avec \u00e9p\u00e9e bois peint<\/a><\/div>\n<div class=\"blocco-descrizione\">Statue de Sainte Sophie avec un coussin entre les mains et une \u00e9p\u00e9e pos\u00e9e dessus.<\/div>\n<\/div>\n<\/div>\n","protected":false},"excerpt":{"rendered":"<p>Qui sont les saints de glace, qui, en plein printemps nous ram\u00e8nent pendant quelques jours au c\u0153ur de l\u2019hiver ? \u00c0 mi-chemin entre tradition paysanne et d\u00e9votion, voici ce qui arrive pendant les jours qui leur sont d\u00e9di\u00e9s Qui sont les Saints de glace ?&hellip;<\/p>\n","protected":false},"author":1,"featured_media":6259,"comment_status":"closed","ping_status":"open","sticky":false,"template":"","format":"standard","meta":{"_acf_changed":false,"footnotes":""},"categories":[8],"tags":[],"class_list":["post-6252","post","type-post","status-publish","format-standard","has-post-thumbnail","hentry","category-articles-religieux"],"acf":[],"yoast_head":"<!-- This site is optimized with the Yoast SEO plugin v26.6 - https:\/\/yoast.com\/wordpress\/plugins\/seo\/ -->\n<title>Saints de glace : le ph\u00e9nom\u00e8ne qui am\u00e8ne l\u2019hiver au printemps<\/title>\n<meta name=\"description\" content=\"\u00c0 mi-chemin entre tradition paysanne et d\u00e9votion, les Saints de glace sont rappel\u00e9s par les chr\u00e9tiens pour leur t\u00e9moignage de foi.\" \/>\n<meta name=\"robots\" content=\"index, follow, max-snippet:-1, max-image-preview:large, max-video-preview:-1\" \/>\n<link rel=\"canonical\" href=\"https:\/\/blog.holyart.it\/fr\/articles-religieux\/saints-de-glace-le-phenomene-qui-amene-lhiver-au-printemps\/\" \/>\n<meta property=\"og:locale\" content=\"fr_FR\" \/>\n<meta property=\"og:type\" content=\"article\" \/>\n<meta property=\"og:title\" content=\"Saints de glace : le ph\u00e9nom\u00e8ne qui am\u00e8ne l\u2019hiver au printemps\" \/>\n<meta property=\"og:description\" content=\"\u00c0 mi-chemin entre tradition paysanne et d\u00e9votion, les Saints de glace sont rappel\u00e9s par les chr\u00e9tiens pour leur t\u00e9moignage de foi.\" \/>\n<meta property=\"og:url\" content=\"https:\/\/blog.holyart.it\/fr\/articles-religieux\/saints-de-glace-le-phenomene-qui-amene-lhiver-au-printemps\/\" \/>\n<meta property=\"og:site_name\" content=\"Holyart.fr Blog\" \/>\n<meta property=\"article:published_time\" content=\"2023-05-08T10:00:57+00:00\" \/>\n<meta property=\"article:modified_time\" content=\"2025-04-17T15:44:12+00:00\" \/>\n<meta property=\"og:image\" content=\"https:\/\/blog.holyart.it\/fr\/wp-content\/uploads\/sites\/14\/2023\/04\/Saints-de-glace.jpg\" \/>\n\t<meta property=\"og:image:width\" content=\"1000\" \/>\n\t<meta property=\"og:image:height\" content=\"666\" \/>\n\t<meta property=\"og:image:type\" content=\"image\/jpeg\" \/>\n<meta name=\"author\" content=\"Redazione\" \/>\n<meta name=\"twitter:card\" content=\"summary_large_image\" \/>\n<meta name=\"twitter:label1\" content=\"\u00c9crit par\" \/>\n\t<meta name=\"twitter:data1\" content=\"Redazione\" \/>\n\t<meta name=\"twitter:label2\" content=\"Dur\u00e9e de lecture estim\u00e9e\" \/>\n\t<meta name=\"twitter:data2\" content=\"8 minutes\" \/>\n<script type=\"application\/ld+json\" class=\"yoast-schema-graph\">{\"@context\":\"https:\/\/schema.org\",\"@graph\":[{\"@type\":\"Article\",\"@id\":\"https:\/\/blog.holyart.it\/fr\/articles-religieux\/saints-de-glace-le-phenomene-qui-amene-lhiver-au-printemps\/#article\",\"isPartOf\":{\"@id\":\"https:\/\/blog.holyart.it\/fr\/articles-religieux\/saints-de-glace-le-phenomene-qui-amene-lhiver-au-printemps\/\"},\"author\":{\"name\":\"Redazione\",\"@id\":\"https:\/\/blog.holyart.it\/fr\/#\/schema\/person\/0a7b686e5af0f856ec1e390dd0baecda\"},\"headline\":\"Saints de glace : le ph\u00e9nom\u00e8ne qui am\u00e8ne l\u2019hiver au printemps\",\"datePublished\":\"2023-05-08T10:00:57+00:00\",\"dateModified\":\"2025-04-17T15:44:12+00:00\",\"mainEntityOfPage\":{\"@id\":\"https:\/\/blog.holyart.it\/fr\/articles-religieux\/saints-de-glace-le-phenomene-qui-amene-lhiver-au-printemps\/\"},\"wordCount\":1457,\"publisher\":{\"@id\":\"https:\/\/blog.holyart.it\/fr\/#organization\"},\"image\":{\"@id\":\"https:\/\/blog.holyart.it\/fr\/articles-religieux\/saints-de-glace-le-phenomene-qui-amene-lhiver-au-printemps\/#primaryimage\"},\"thumbnailUrl\":\"https:\/\/blog.holyart.it\/fr\/wp-content\/uploads\/sites\/14\/2023\/04\/Saints-de-glace.jpg\",\"articleSection\":[\"Religion\"],\"inLanguage\":\"fr-FR\"},{\"@type\":\"WebPage\",\"@id\":\"https:\/\/blog.holyart.it\/fr\/articles-religieux\/saints-de-glace-le-phenomene-qui-amene-lhiver-au-printemps\/\",\"url\":\"https:\/\/blog.holyart.it\/fr\/articles-religieux\/saints-de-glace-le-phenomene-qui-amene-lhiver-au-printemps\/\",\"name\":\"Saints de glace : le ph\u00e9nom\u00e8ne qui am\u00e8ne l\u2019hiver au printemps\",\"isPartOf\":{\"@id\":\"https:\/\/blog.holyart.it\/fr\/#website\"},\"primaryImageOfPage\":{\"@id\":\"https:\/\/blog.holyart.it\/fr\/articles-religieux\/saints-de-glace-le-phenomene-qui-amene-lhiver-au-printemps\/#primaryimage\"},\"image\":{\"@id\":\"https:\/\/blog.holyart.it\/fr\/articles-religieux\/saints-de-glace-le-phenomene-qui-amene-lhiver-au-printemps\/#primaryimage\"},\"thumbnailUrl\":\"https:\/\/blog.holyart.it\/fr\/wp-content\/uploads\/sites\/14\/2023\/04\/Saints-de-glace.jpg\",\"datePublished\":\"2023-05-08T10:00:57+00:00\",\"dateModified\":\"2025-04-17T15:44:12+00:00\",\"description\":\"\u00c0 mi-chemin entre tradition paysanne et d\u00e9votion, les Saints de glace sont rappel\u00e9s par les chr\u00e9tiens pour leur t\u00e9moignage de foi.\",\"breadcrumb\":{\"@id\":\"https:\/\/blog.holyart.it\/fr\/articles-religieux\/saints-de-glace-le-phenomene-qui-amene-lhiver-au-printemps\/#breadcrumb\"},\"inLanguage\":\"fr-FR\",\"potentialAction\":[{\"@type\":\"ReadAction\",\"target\":[\"https:\/\/blog.holyart.it\/fr\/articles-religieux\/saints-de-glace-le-phenomene-qui-amene-lhiver-au-printemps\/\"]}]},{\"@type\":\"ImageObject\",\"inLanguage\":\"fr-FR\",\"@id\":\"https:\/\/blog.holyart.it\/fr\/articles-religieux\/saints-de-glace-le-phenomene-qui-amene-lhiver-au-printemps\/#primaryimage\",\"url\":\"https:\/\/blog.holyart.it\/fr\/wp-content\/uploads\/sites\/14\/2023\/04\/Saints-de-glace.jpg\",\"contentUrl\":\"https:\/\/blog.holyart.it\/fr\/wp-content\/uploads\/sites\/14\/2023\/04\/Saints-de-glace.jpg\",\"width\":1000,\"height\":666,\"caption\":\"Saints de glace\"},{\"@type\":\"BreadcrumbList\",\"@id\":\"https:\/\/blog.holyart.it\/fr\/articles-religieux\/saints-de-glace-le-phenomene-qui-amene-lhiver-au-printemps\/#breadcrumb\",\"itemListElement\":[{\"@type\":\"ListItem\",\"position\":1,\"name\":\"Homepage\",\"item\":\"https:\/\/blog.holyart.it\/fr\/\"},{\"@type\":\"ListItem\",\"position\":2,\"name\":\"Religion\",\"item\":\"https:\/\/blog.holyart.it\/fr\/articles-religieux\/\"},{\"@type\":\"ListItem\",\"position\":3,\"name\":\"Saints de glace : le ph\u00e9nom\u00e8ne qui am\u00e8ne l\u2019hiver au printemps\"}]},{\"@type\":\"WebSite\",\"@id\":\"https:\/\/blog.holyart.it\/fr\/#website\",\"url\":\"https:\/\/blog.holyart.it\/fr\/\",\"name\":\"Holyart.fr Blog\",\"description\":\"Holyblog\",\"publisher\":{\"@id\":\"https:\/\/blog.holyart.it\/fr\/#organization\"},\"potentialAction\":[{\"@type\":\"SearchAction\",\"target\":{\"@type\":\"EntryPoint\",\"urlTemplate\":\"https:\/\/blog.holyart.it\/fr\/?s={search_term_string}\"},\"query-input\":{\"@type\":\"PropertyValueSpecification\",\"valueRequired\":true,\"valueName\":\"search_term_string\"}}],\"inLanguage\":\"fr-FR\"},{\"@type\":\"Organization\",\"@id\":\"https:\/\/blog.holyart.it\/fr\/#organization\",\"name\":\"Holyart.fr Blog\",\"url\":\"https:\/\/blog.holyart.it\/fr\/\",\"logo\":{\"@type\":\"ImageObject\",\"inLanguage\":\"fr-FR\",\"@id\":\"https:\/\/blog.holyart.it\/fr\/#\/schema\/logo\/image\/\",\"url\":\"https:\/\/blog.holyart.it\/fr\/wp-content\/uploads\/sites\/14\/2022\/12\/Holyart_Blog_Logo.jpg\",\"contentUrl\":\"https:\/\/blog.holyart.it\/fr\/wp-content\/uploads\/sites\/14\/2022\/12\/Holyart_Blog_Logo.jpg\",\"width\":300,\"height\":50,\"caption\":\"Holyart.fr Blog\"},\"image\":{\"@id\":\"https:\/\/blog.holyart.it\/fr\/#\/schema\/logo\/image\/\"}},{\"@type\":\"Person\",\"@id\":\"https:\/\/blog.holyart.it\/fr\/#\/schema\/person\/0a7b686e5af0f856ec1e390dd0baecda\",\"name\":\"Redazione\",\"image\":{\"@type\":\"ImageObject\",\"inLanguage\":\"fr-FR\",\"@id\":\"https:\/\/blog.holyart.it\/fr\/#\/schema\/person\/image\/\",\"url\":\"https:\/\/secure.gravatar.com\/avatar\/f477da817f43e50d0af36abecd33e3edf826c68299714bdc1057dff3b113f516?s=96&d=mm&r=g\",\"contentUrl\":\"https:\/\/secure.gravatar.com\/avatar\/f477da817f43e50d0af36abecd33e3edf826c68299714bdc1057dff3b113f516?s=96&d=mm&r=g\",\"caption\":\"Redazione\"},\"url\":\"https:\/\/blog.holyart.it\/fr\/author\/admin\/\"}]}<\/script>\n<!-- \/ Yoast SEO plugin. -->","yoast_head_json":{"title":"Saints de glace : le ph\u00e9nom\u00e8ne qui am\u00e8ne l\u2019hiver au printemps","description":"\u00c0 mi-chemin entre tradition paysanne et d\u00e9votion, les Saints de glace sont rappel\u00e9s par les chr\u00e9tiens pour leur t\u00e9moignage de foi.","robots":{"index":"index","follow":"follow","max-snippet":"max-snippet:-1","max-image-preview":"max-image-preview:large","max-video-preview":"max-video-preview:-1"},"canonical":"https:\/\/blog.holyart.it\/fr\/articles-religieux\/saints-de-glace-le-phenomene-qui-amene-lhiver-au-printemps\/","og_locale":"fr_FR","og_type":"article","og_title":"Saints de glace : le ph\u00e9nom\u00e8ne qui am\u00e8ne l\u2019hiver au printemps","og_description":"\u00c0 mi-chemin entre tradition paysanne et d\u00e9votion, les Saints de glace sont rappel\u00e9s par les chr\u00e9tiens pour leur t\u00e9moignage de foi.","og_url":"https:\/\/blog.holyart.it\/fr\/articles-religieux\/saints-de-glace-le-phenomene-qui-amene-lhiver-au-printemps\/","og_site_name":"Holyart.fr Blog","article_published_time":"2023-05-08T10:00:57+00:00","article_modified_time":"2025-04-17T15:44:12+00:00","og_image":[{"width":1000,"height":666,"url":"https:\/\/blog.holyart.it\/fr\/wp-content\/uploads\/sites\/14\/2023\/04\/Saints-de-glace.jpg","type":"image\/jpeg"}],"author":"Redazione","twitter_card":"summary_large_image","twitter_misc":{"\u00c9crit par":"Redazione","Dur\u00e9e de lecture estim\u00e9e":"8 minutes"},"schema":{"@context":"https:\/\/schema.org","@graph":[{"@type":"Article","@id":"https:\/\/blog.holyart.it\/fr\/articles-religieux\/saints-de-glace-le-phenomene-qui-amene-lhiver-au-printemps\/#article","isPartOf":{"@id":"https:\/\/blog.holyart.it\/fr\/articles-religieux\/saints-de-glace-le-phenomene-qui-amene-lhiver-au-printemps\/"},"author":{"name":"Redazione","@id":"https:\/\/blog.holyart.it\/fr\/#\/schema\/person\/0a7b686e5af0f856ec1e390dd0baecda"},"headline":"Saints de glace : le ph\u00e9nom\u00e8ne qui am\u00e8ne l\u2019hiver au printemps","datePublished":"2023-05-08T10:00:57+00:00","dateModified":"2025-04-17T15:44:12+00:00","mainEntityOfPage":{"@id":"https:\/\/blog.holyart.it\/fr\/articles-religieux\/saints-de-glace-le-phenomene-qui-amene-lhiver-au-printemps\/"},"wordCount":1457,"publisher":{"@id":"https:\/\/blog.holyart.it\/fr\/#organization"},"image":{"@id":"https:\/\/blog.holyart.it\/fr\/articles-religieux\/saints-de-glace-le-phenomene-qui-amene-lhiver-au-printemps\/#primaryimage"},"thumbnailUrl":"https:\/\/blog.holyart.it\/fr\/wp-content\/uploads\/sites\/14\/2023\/04\/Saints-de-glace.jpg","articleSection":["Religion"],"inLanguage":"fr-FR"},{"@type":"WebPage","@id":"https:\/\/blog.holyart.it\/fr\/articles-religieux\/saints-de-glace-le-phenomene-qui-amene-lhiver-au-printemps\/","url":"https:\/\/blog.holyart.it\/fr\/articles-religieux\/saints-de-glace-le-phenomene-qui-amene-lhiver-au-printemps\/","name":"Saints de glace : le ph\u00e9nom\u00e8ne qui am\u00e8ne l\u2019hiver au printemps","isPartOf":{"@id":"https:\/\/blog.holyart.it\/fr\/#website"},"primaryImageOfPage":{"@id":"https:\/\/blog.holyart.it\/fr\/articles-religieux\/saints-de-glace-le-phenomene-qui-amene-lhiver-au-printemps\/#primaryimage"},"image":{"@id":"https:\/\/blog.holyart.it\/fr\/articles-religieux\/saints-de-glace-le-phenomene-qui-amene-lhiver-au-printemps\/#primaryimage"},"thumbnailUrl":"https:\/\/blog.holyart.it\/fr\/wp-content\/uploads\/sites\/14\/2023\/04\/Saints-de-glace.jpg","datePublished":"2023-05-08T10:00:57+00:00","dateModified":"2025-04-17T15:44:12+00:00","description":"\u00c0 mi-chemin entre tradition paysanne et d\u00e9votion, les Saints de glace sont rappel\u00e9s par les chr\u00e9tiens pour leur t\u00e9moignage de foi.","breadcrumb":{"@id":"https:\/\/blog.holyart.it\/fr\/articles-religieux\/saints-de-glace-le-phenomene-qui-amene-lhiver-au-printemps\/#breadcrumb"},"inLanguage":"fr-FR","potentialAction":[{"@type":"ReadAction","target":["https:\/\/blog.holyart.it\/fr\/articles-religieux\/saints-de-glace-le-phenomene-qui-amene-lhiver-au-printemps\/"]}]},{"@type":"ImageObject","inLanguage":"fr-FR","@id":"https:\/\/blog.holyart.it\/fr\/articles-religieux\/saints-de-glace-le-phenomene-qui-amene-lhiver-au-printemps\/#primaryimage","url":"https:\/\/blog.holyart.it\/fr\/wp-content\/uploads\/sites\/14\/2023\/04\/Saints-de-glace.jpg","contentUrl":"https:\/\/blog.holyart.it\/fr\/wp-content\/uploads\/sites\/14\/2023\/04\/Saints-de-glace.jpg","width":1000,"height":666,"caption":"Saints de glace"},{"@type":"BreadcrumbList","@id":"https:\/\/blog.holyart.it\/fr\/articles-religieux\/saints-de-glace-le-phenomene-qui-amene-lhiver-au-printemps\/#breadcrumb","itemListElement":[{"@type":"ListItem","position":1,"name":"Homepage","item":"https:\/\/blog.holyart.it\/fr\/"},{"@type":"ListItem","position":2,"name":"Religion","item":"https:\/\/blog.holyart.it\/fr\/articles-religieux\/"},{"@type":"ListItem","position":3,"name":"Saints de glace : le ph\u00e9nom\u00e8ne qui am\u00e8ne l\u2019hiver au printemps"}]},{"@type":"WebSite","@id":"https:\/\/blog.holyart.it\/fr\/#website","url":"https:\/\/blog.holyart.it\/fr\/","name":"Holyart.fr Blog","description":"Holyblog","publisher":{"@id":"https:\/\/blog.holyart.it\/fr\/#organization"},"potentialAction":[{"@type":"SearchAction","target":{"@type":"EntryPoint","urlTemplate":"https:\/\/blog.holyart.it\/fr\/?s={search_term_string}"},"query-input":{"@type":"PropertyValueSpecification","valueRequired":true,"valueName":"search_term_string"}}],"inLanguage":"fr-FR"},{"@type":"Organization","@id":"https:\/\/blog.holyart.it\/fr\/#organization","name":"Holyart.fr Blog","url":"https:\/\/blog.holyart.it\/fr\/","logo":{"@type":"ImageObject","inLanguage":"fr-FR","@id":"https:\/\/blog.holyart.it\/fr\/#\/schema\/logo\/image\/","url":"https:\/\/blog.holyart.it\/fr\/wp-content\/uploads\/sites\/14\/2022\/12\/Holyart_Blog_Logo.jpg","contentUrl":"https:\/\/blog.holyart.it\/fr\/wp-content\/uploads\/sites\/14\/2022\/12\/Holyart_Blog_Logo.jpg","width":300,"height":50,"caption":"Holyart.fr Blog"},"image":{"@id":"https:\/\/blog.holyart.it\/fr\/#\/schema\/logo\/image\/"}},{"@type":"Person","@id":"https:\/\/blog.holyart.it\/fr\/#\/schema\/person\/0a7b686e5af0f856ec1e390dd0baecda","name":"Redazione","image":{"@type":"ImageObject","inLanguage":"fr-FR","@id":"https:\/\/blog.holyart.it\/fr\/#\/schema\/person\/image\/","url":"https:\/\/secure.gravatar.com\/avatar\/f477da817f43e50d0af36abecd33e3edf826c68299714bdc1057dff3b113f516?s=96&d=mm&r=g","contentUrl":"https:\/\/secure.gravatar.com\/avatar\/f477da817f43e50d0af36abecd33e3edf826c68299714bdc1057dff3b113f516?s=96&d=mm&r=g","caption":"Redazione"},"url":"https:\/\/blog.holyart.it\/fr\/author\/admin\/"}]}},"_links":{"self":[{"href":"https:\/\/blog.holyart.it\/fr\/wp-json\/wp\/v2\/posts\/6252","targetHints":{"allow":["GET"]}}],"collection":[{"href":"https:\/\/blog.holyart.it\/fr\/wp-json\/wp\/v2\/posts"}],"about":[{"href":"https:\/\/blog.holyart.it\/fr\/wp-json\/wp\/v2\/types\/post"}],"author":[{"embeddable":true,"href":"https:\/\/blog.holyart.it\/fr\/wp-json\/wp\/v2\/users\/1"}],"replies":[{"embeddable":true,"href":"https:\/\/blog.holyart.it\/fr\/wp-json\/wp\/v2\/comments?post=6252"}],"version-history":[{"count":2,"href":"https:\/\/blog.holyart.it\/fr\/wp-json\/wp\/v2\/posts\/6252\/revisions"}],"predecessor-version":[{"id":6258,"href":"https:\/\/blog.holyart.it\/fr\/wp-json\/wp\/v2\/posts\/6252\/revisions\/6258"}],"wp:featuredmedia":[{"embeddable":true,"href":"https:\/\/blog.holyart.it\/fr\/wp-json\/wp\/v2\/media\/6259"}],"wp:attachment":[{"href":"https:\/\/blog.holyart.it\/fr\/wp-json\/wp\/v2\/media?parent=6252"}],"wp:term":[{"taxonomy":"category","embeddable":true,"href":"https:\/\/blog.holyart.it\/fr\/wp-json\/wp\/v2\/categories?post=6252"},{"taxonomy":"post_tag","embeddable":true,"href":"https:\/\/blog.holyart.it\/fr\/wp-json\/wp\/v2\/tags?post=6252"}],"curies":[{"name":"wp","href":"https:\/\/api.w.org\/{rel}","templated":true}]}}