{"id":6171,"date":"2023-04-26T12:00:43","date_gmt":"2023-04-26T10:00:43","guid":{"rendered":"https:\/\/blog.holyart.it\/fr\/?p=6171"},"modified":"2025-04-17T15:52:44","modified_gmt":"2025-04-17T13:52:44","slug":"saint-dominique-savio-leleve-de-don-bosco","status":"publish","type":"post","link":"https:\/\/blog.holyart.it\/fr\/articles-religieux\/saint-dominique-savio-leleve-de-don-bosco\/","title":{"rendered":"Saint Dominique Savio, l\u2019\u00e9l\u00e8ve de Don Bosco"},"content":{"rendered":"<h4>Protecteur des enfants et femmes enceintes, Saint Dominique Savio fut un exemple de vertu et de qualit\u00e9 inatteignable non seulement pour les jeunes du m\u00eame \u00e2ge. Mort tr\u00e8s jeune, il sut m\u00e9riter la saintet\u00e9 et est le plus jeune saint catholique non martyris\u00e9.<\/h4>\n\n<p>Nous avons d\u00e9j\u00e0 d\u00e9di\u00e9 une br\u00e8ve intervention \u00e0 <strong>Saint Dominique Savio<\/strong>, \u00e9l\u00e8ve de <a href=\"https:\/\/www.holyart.fr\/articles-religieux\/statues\/statues-en-platre\/saint-jean-bosco-60-cm-en-platre\"><strong>Saint Jean Bosco<\/strong><\/a>, le <strong>Saint protecteur des femmes en couches<\/strong>, dans un article d\u00e9di\u00e9 aux Saints protecteurs des femmes. La raison pour laquelle ce jeune gar\u00e7on est invoqu\u00e9 par les <strong>femmes enceintes et les futures mamans<\/strong>, surtout quand elles se trouvent en danger, est li\u00e9 \u00e0 la <strong>l\u00e9gende de l\u2019<em>abitino<\/em><\/strong> (petite robe) <strong>de Saint Dominique<\/strong>, avec lequel le Saint sauva la vie \u00e0 sa propre m\u00e8re lors d\u2019un accouchement difficile.<br \/>\nMais Saint Dominique est \u00e9galement le <strong>saint protecteur des enfants<\/strong>, en particulier <em>des pueri cantores<\/em> et des enfants de ch\u0153ur, cela car <strong>il est d\u00e9c\u00e9d\u00e9 tr\u00e8s jeune<\/strong>, \u00e0 quatorze ans \u00e0 peine.<\/p>\n<p>Les femmes en couches qui craignent pour leur vie et pour celle de leur enfant se rendent en p\u00e8lerinage dans la chapelle du sanctuaire de Marie Auxiliatrice, \u00e0 Turin. Ici sont conserv\u00e9s les restes du jeune Saint Dominique.<\/p>\n<div class=\"link-product\">\n<div class=\"blocco-immagine\"><img loading=\"lazy\" decoding=\"async\" class=\"size-full wp-image-6186 alignleft\" src=\"https:\/\/blog.holyart.it\/fr\/wp-content\/uploads\/sites\/14\/2023\/04\/saint-jean-bosco.jpg\" alt=\"saint jean bosco\" width=\"100\" height=\"100\" data-kale-share-title=\"Saint Dominique Savio, l\u2019\u00e9l\u00e8ve de Don Bosco\" data-kale-share-url=\"https:\/\/blog.holyart.it\/fr\/?p=6171\" \/><\/div>\n<div class=\"blocco-contenuto\">\n<div class=\"blocco-acquista\">Acheter sur Holyart:<\/div>\n<div class=\"blocco-titolo\"><a href=\"https:\/\/www.holyart.fr\/articles-religieux\/statues\/statues-en-platre\/saint-jean-bosco-60-cm-en-platre\">Saint Jean Bosco 60 cm en pl\u00e2tre <\/a><\/div>\n<div class=\"blocco-descrizione\">Statue r\u00e9alis\u00e9e en pl\u00e2tre et enti\u00e8rement peinte \u00e0 la main, repr\u00e9sentant Saint Jean Bosco.<\/div>\n<\/div>\n<\/div>\n<h2>Don Bosco et Saint Dominique Savio<\/h2>\n<p>Quand Don Bosco connut le futur <a href=\"https:\/\/www.holyart.fr\/articles-religieux\/statues\/statues-en-resine-et-pvc\/statue-en-resine-don-bosco-et-don-savio-h-20-cm\"><strong>Saint Dominique<\/strong><\/a>, ce dernier avait \u00e0 peine douze ans. Et pourtant le fondateur des Sal\u00e9siens resta tr\u00e8s touch\u00e9 par ce jeune gar\u00e7on si gentil et si pr\u00e9coce, qui semblait avoir les id\u00e9es tr\u00e8s claires sur ce que serait son futur, tant qu\u2019il accueillit avec plaisir le souhait du petit Dominique d\u2019\u00e9tudier et l\u2019amena avec lui dans l\u2019oratoire de Valdocco, \u00e0 Turin. Dominique ne voulait pas simplement devenir pr\u00eatre : il savait, il sentait que son destin \u00e9tait <strong>de devenir saint<\/strong>. Il l\u2019\u00e9crivit sur une carte, quand Saint Jean Bosco demanda \u00e0 tous ses jeunes d\u2019\u00e9crire ce qu\u2019ils d\u00e9siraient et Dominique \u00e9crivit\u00a0: \u00ab\u00a0<em>Aidez-moi \u00e0 devenir saint<\/em>\u00a0\u00bb.<\/p>\n<p>Mais Dominique avait entrepris le chemin vers la Saintet\u00e9 d\u00e9j\u00e0 avant de rencontrer son mentor. Le jeune gar\u00e7on \u00e9tait n\u00e9 dans une famille modeste \u00e0 San Giovanni di Riva, dans le Pi\u00e9mont. Son p\u00e8re \u00e9tait un forgeron, sa m\u00e8re une couturi\u00e8re, et Dominique eut beaucoup de fr\u00e8res et de s\u0153urs, dont la plupart mourut en bas \u00e2ge. Lui-m\u00eame aurait toujours \u00e9t\u00e9 de sant\u00e9 fragile, incapable de vaincre la tuberculose qui finira par le tuer si jeune.<\/p>\n<div class=\"link-product\">\n<div class=\"blocco-immagine\"><img loading=\"lazy\" decoding=\"async\" class=\"size-full wp-image-6173 alignleft\" src=\"https:\/\/blog.holyart.it\/fr\/wp-content\/uploads\/sites\/14\/2023\/04\/don-bosco-et-don-savio.jpg\" alt=\"don bosco et don savio\" width=\"100\" height=\"100\" data-kale-share-title=\"Saint Dominique Savio, l\u2019\u00e9l\u00e8ve de Don Bosco\" data-kale-share-url=\"https:\/\/blog.holyart.it\/fr\/?p=6171\" \/><\/div>\n<div class=\"blocco-contenuto\">\n<div class=\"blocco-acquista\">Acheter sur Holyart:<\/div>\n<div class=\"blocco-titolo\"><a href=\"https:\/\/www.holyart.fr\/articles-religieux\/statues\/statues-en-resine-et-pvc\/statue-en-resine-don-bosco-et-don-savio-h-20-cm\">Statue en r\u00e9sine Don Bosco et Don Savio h 20 cm<\/a><\/div>\n<div class=\"blocco-descrizione\">La r\u00e9sine est un mat\u00e9riel offrant une meilleure d\u00e9finition des lignes et des d\u00e9tails pour une statue plus l\u00e9g\u00e8retatue.<\/div>\n<\/div>\n<\/div>\n<p>Admis \u00e0 la <a href=\"https:\/\/www.holyart.fr\/occasions-speciales\/premiere-communion-profession-de-foi\"><strong>Premi\u00e8re communion<\/strong><\/a> \u00e0 sept ans \u00e0 peine, Dominique \u00e9crivit sur une autre carte les points principaux de son programme de vie. Un signe d\u2019ing\u00e9nuit\u00e9, si ce n\u2019est que les actions qu\u2019il accomplit dans les ann\u00e9es qui suivirent, les quelques-unes qui lui furent donn\u00e9es de vivre, confirm\u00e8rent en tout et pour tout sa d\u00e9termination.<br \/>\nAinsi \u00e9crivait le jeune Saint :<\/p>\n<ol>\n<li>\u00ab\u00a0Je me confesserai tr\u00e8s souvent et je ferai la communion toutes les fois que le confesseur m\u2019en donnera licence\u00a0;<\/li>\n<li>Je veux sanctifier les jours de f\u00eate ;<\/li>\n<li>Mes amis seront J\u00e9sus et Marie\u00a0;<\/li>\n<li>La mort, mais pas de p\u00e9ch\u00e9s.\u00a0\u00bb<\/li>\n<\/ol>\n<p>\u00c0 ces points Dominique ajouta une vie sous le signe de la <strong>bont\u00e9<\/strong>, de la <strong>mis\u00e9ricorde<\/strong>, de l\u2019<strong>esprit de sacrifice<\/strong>, outre qu\u2019\u00e0 l\u2019assiduit\u00e9 \u00e0 la <strong>P\u00e9nitence<\/strong> et au Sacrement de l\u2019<strong>Eucharistie<\/strong>.<\/p>\n<div class=\"link-product\">\n<div class=\"blocco-immagine\"><img loading=\"lazy\" decoding=\"async\" class=\"size-full wp-image-6175 alignleft\" src=\"https:\/\/blog.holyart.it\/fr\/wp-content\/uploads\/sites\/14\/2023\/04\/Aube-pour-Premiere-Communion.jpg\" alt=\"Aube pour Premiere Communion\" width=\"100\" height=\"100\" data-kale-share-title=\"Saint Dominique Savio, l\u2019\u00e9l\u00e8ve de Don Bosco\" data-kale-share-url=\"https:\/\/blog.holyart.it\/fr\/?p=6171\" \/><\/div>\n<div class=\"blocco-contenuto\">\n<div class=\"blocco-acquista\">Acheter sur Holyart:<\/div>\n<div class=\"blocco-titolo\"><a href=\"https:\/\/www.holyart.fr\/occasions-speciales\/premiere-communion-profession-de-foi\">Premi\u00e8re communion &#8211; profession de foi<\/a><\/div>\n<div class=\"blocco-descrizione\">Cat\u00e9gorie enti\u00e8rement d\u00e9di\u00e9e \u00e0 la c\u00e9l\u00e9bration de la premi\u00e8re communion et de la profession de foi.<\/div>\n<\/div>\n<\/div>\n<p><a href=\"https:\/\/www.holyart.fr\/blog\/articles-religieux\/lhistoire-de-don-bosco\/\"><strong>Don Bosco<\/strong><\/a> ne prit pas \u00e0 la l\u00e9g\u00e8re la requ\u00eate du gar\u00e7on de \u00ab\u00a0<em>l\u2019aider \u00e0 devenir saint<\/em>\u00a0\u00bb. Au contraire, il lui expliqua ce qui pour lui \u00e9taient les secrets de la saintet\u00e9\u00a0: <strong>vivre avec joie<\/strong>, observer les <strong>devoirs d\u2019\u00e9tude et de pri\u00e8re<\/strong>, <strong>faire du bien aux autres<\/strong>. Saint Dominique fut si sage pour suivre les indications de son ma\u00eetre que quand il tomba malade et mourut en 1857 Don Bosco se d\u00e9p\u00eacha d\u2019\u00e9crire sa biographie et d\u2019en d\u00e9montrer les vertus h\u00e9ro\u00efques au Saint-Si\u00e8ge.<\/p>\n<p>Apr\u00e8s que divers miracles de gu\u00e9rison lui furent attribu\u00e9s, Saint Dominique fut proclam\u00e9 bienheureux en 1950 et canonis\u00e9 le 12 juin 1954. Sa m\u00e9moire liturgique est le 9 mars, mais la Famille Sal\u00e9sienne le c\u00e9l\u00e8bre le 6 mai.<\/p>\n<div class=\"link-article\">\n<p><img loading=\"lazy\" decoding=\"async\" class=\"size-full wp-image-6177 alignleft\" src=\"https:\/\/blog.holyart.it\/fr\/wp-content\/uploads\/sites\/14\/2023\/04\/histoire-don-bosco.jpg\" alt=\"histoire don bosco\" width=\"150\" height=\"99\" data-kale-share-title=\"Saint Dominique Savio, l\u2019\u00e9l\u00e8ve de Don Bosco\" data-kale-share-url=\"https:\/\/blog.holyart.it\/fr\/?p=6171\" \/><\/p>\n<div class=\"leggi-anche\">Lire aussi :<\/div>\n<p><strong><a href=\"https:\/\/www.holyart.fr\/blog\/articles-religieux\/lhistoire-de-don-bosco\/\">L\u2019histoire de Don Bosco<\/a><\/strong><br \/>\nParmi tous les saints et les bienheureux v\u00e9n\u00e9r\u00e9s par l\u2019\u00e9glise catholique, Saint Jean Bosco occupe une place tout \u00e0 fait sp\u00e9ciale&#8230;<\/p>\n<\/div>\n<h2>L&rsquo;<em>abitino<\/em> du miracle de Saint Dominique Savio<\/h2>\n<p>C\u00e9l\u00e8bre pour la d\u00e9votion \u00e0 Saint Dominique est \u00ab\u00a0l\u2019<strong>abitino<\/strong>\u00a0\u00bb, le scapulaire qui repr\u00e9sente l\u2019image du Saint, et concerne celui que Dominique mis au cou de sa m\u00e8re pour invoquer sur elle la <a href=\"https:\/\/www.holyart.fr\/articles-religieux\/statues\/statues-en-resine-et-pvc\/statue-vierge-enceinte-resine-20-cm\"><strong>protection de la Vierge<\/strong><\/a> pendant une grossesse dangereuse. L\u2019histoire raconte que, pendant qu\u2019il \u00e9tudiait aupr\u00e8s de Don Bosco, Dominique demanda de pouvoir aller rendre visite \u00e0 sa m\u00e8re, souffrante \u00e0 cause d\u2019une grossesse difficile. Quand il la vit, le jeune gar\u00e7on la serra dans ses bras, l\u2019embrassa et au moment de son d\u00e9part la jeune femme allait d\u00e9j\u00e0 mieux. Non seulement elle r\u00e9cup\u00e9ra, mais elle mit au monde une petite fille en bonne sant\u00e9. Au cou on lui trouva un petit scapulaire de tissu cousu comme une petite robe et attach\u00e9 avec un ruban. Interrog\u00e9 \u00e0 ce propos, Dominique admit avoir mis au cou de sa m\u00e8re ce qu\u2019il d\u00e9finit lui-m\u00eame \u00ab\u00a0l\u2019<em>abitino<\/em> de la Vierge\u00a0\u00bb. Pour cette raison, Saint Dominique est invoqu\u00e9 \u00e9galement comme saint des berceaux et des femmes en couches et l\u2019<em>abitino<\/em> est devenu un objet de d\u00e9votion qui prot\u00e8ge les femmes enceintes et leurs enfants.<\/p>\n<div class=\"link-product\">\n<div class=\"blocco-immagine\"><img loading=\"lazy\" decoding=\"async\" class=\"size-full wp-image-6179 alignleft\" src=\"https:\/\/blog.holyart.it\/fr\/wp-content\/uploads\/sites\/14\/2023\/04\/statue-vierge.jpg\" alt=\"statue vierge\" width=\"100\" height=\"100\" data-kale-share-title=\"Saint Dominique Savio, l\u2019\u00e9l\u00e8ve de Don Bosco\" data-kale-share-url=\"https:\/\/blog.holyart.it\/fr\/?p=6171\" \/><\/div>\n<div class=\"blocco-contenuto\">\n<div class=\"blocco-acquista\">Acheter sur Holyart:<\/div>\n<div class=\"blocco-titolo\"><a href=\"https:\/\/www.holyart.fr\/articles-religieux\/statues\/statues-en-resine-et-pvc\/statue-vierge-enceinte-resine-20-cm\">Statue Vierge enceinte r\u00e9sine 20 cm<\/a><\/div>\n<div class=\"blocco-descrizione\">Statuette de la Sainte Vierge enceinte, debout avec ses mains sur le ventre et le regard baiss\u00e9 sur lui.<\/div>\n<\/div>\n<\/div>\n<h2>Pri\u00e8re \u00e0 Saint Dominique Savio<\/h2>\n<p>Voici la pri\u00e8re que les femmes enceintes peuvent adresser \u00e0 Saint Dominique Savio afin d\u2019invoquer <strong><a href=\"https:\/\/www.holyart.fr\/articles-religieux\/images-pieuses-cartes-de-voeux\/images-pieuses\/image-pieuse-st-dominique-savio-10x5-cm\">sa protection pendant la grossesse<\/a><\/strong>:<\/p>\n<p><em>\u00d4 Dieu, qui \u00e0 Saint Dominique Savio, \u00e9l\u00e8ve de Saint Jean Bosco et bien-aim\u00e9 de Marie, tu as conc\u00e9d\u00e9 de prot\u00e9ger les Mamans dans les risques et les souffrances de leur mission, conc\u00e8de par son intercession la soupir\u00e9e gr\u00e2ce de la Maternit\u00e9.<\/em><\/p>\n<p><em>Avec toute ma confiance je te demande ce grand don, en interposant l\u2019intercession de Marie, Tienne et notre M\u00e8re, et de Saint Dominique Savio, saint patron des Berceaux et des Mamans.<\/em><\/p>\n<p><em>Amen<\/em><\/p>\n<p>Il est possible \u00e9galement de r\u00e9citer la <strong>Neuvaine \u00e0 Saint Dominique Savio<\/strong>, \u00e0 partir du 28 f\u00e9vrier, afin de c\u00e9l\u00e9brer sa m\u00e9moire liturgique.<\/p>\n<div class=\"link-product\">\n<div class=\"blocco-immagine\"><img loading=\"lazy\" decoding=\"async\" class=\"size-full wp-image-6181 alignleft\" src=\"https:\/\/blog.holyart.it\/fr\/wp-content\/uploads\/sites\/14\/2023\/04\/Image-pieuse-St-Dominique-Savio-10x5-cm.jpg\" alt=\"Image pieuse St Dominique Savio\" width=\"100\" height=\"100\" data-kale-share-title=\"Saint Dominique Savio, l\u2019\u00e9l\u00e8ve de Don Bosco\" data-kale-share-url=\"https:\/\/blog.holyart.it\/fr\/?p=6171\" \/><\/div>\n<div class=\"blocco-contenuto\">\n<div class=\"blocco-acquista\">Acheter sur Holyart:<\/div>\n<div class=\"blocco-titolo\"><a href=\"https:\/\/www.holyart.fr\/articles-religieux\/images-pieuses-cartes-de-voeux\/images-pieuses\/image-pieuse-st-dominique-savio-10x5-cm\">Image pieuse St Dominique Savio 10&#215;5 cm<\/a><\/div>\n<div class=\"blocco-descrizione\">Image de d\u00e9votion repr\u00e9sentant Saint Dominique, imprim\u00e9e sur carton et d\u00e9cor\u00e9e avec impressions \u00e0 chaud en or.<\/div>\n<\/div>\n<\/div>\n","protected":false},"excerpt":{"rendered":"<p>Protecteur des enfants et femmes enceintes, Saint Dominique Savio fut un exemple de vertu et de qualit\u00e9 inatteignable non seulement pour les jeunes du m\u00eame \u00e2ge. Mort tr\u00e8s jeune, il sut m\u00e9riter la saintet\u00e9 et est le plus jeune saint catholique non martyris\u00e9. Nous avons&hellip;<\/p>\n","protected":false},"author":1,"featured_media":6184,"comment_status":"closed","ping_status":"open","sticky":false,"template":"","format":"standard","meta":{"_acf_changed":false,"footnotes":""},"categories":[8],"tags":[],"class_list":["post-6171","post","type-post","status-publish","format-standard","has-post-thumbnail","hentry","category-articles-religieux"],"acf":[],"yoast_head":"<!-- This site is optimized with the Yoast SEO plugin v26.6 - https:\/\/yoast.com\/wordpress\/plugins\/seo\/ -->\n<title>Saint Dominique Savio, l\u2019\u00e9l\u00e8ve de Don Bosco - Holyart.fr Blog<\/title>\n<meta name=\"description\" content=\"Dou\u00e9 d\u2019une incroyable pr\u00e9cocit\u00e9 spirituelle, Saint Dominique Savio sut enchanter Saint Jean Bosco, qui l\u2019aida \u00e0 devenir saint.\" \/>\n<meta name=\"robots\" content=\"index, follow, max-snippet:-1, max-image-preview:large, max-video-preview:-1\" \/>\n<link rel=\"canonical\" href=\"https:\/\/blog.holyart.it\/fr\/articles-religieux\/saint-dominique-savio-leleve-de-don-bosco\/\" \/>\n<meta property=\"og:locale\" content=\"fr_FR\" \/>\n<meta property=\"og:type\" content=\"article\" \/>\n<meta property=\"og:title\" content=\"Saint Dominique Savio, l\u2019\u00e9l\u00e8ve de Don Bosco - Holyart.fr Blog\" \/>\n<meta property=\"og:description\" content=\"Dou\u00e9 d\u2019une incroyable pr\u00e9cocit\u00e9 spirituelle, Saint Dominique Savio sut enchanter Saint Jean Bosco, qui l\u2019aida \u00e0 devenir saint.\" \/>\n<meta property=\"og:url\" content=\"https:\/\/blog.holyart.it\/fr\/articles-religieux\/saint-dominique-savio-leleve-de-don-bosco\/\" \/>\n<meta property=\"og:site_name\" content=\"Holyart.fr Blog\" \/>\n<meta property=\"article:published_time\" content=\"2023-04-26T10:00:43+00:00\" \/>\n<meta property=\"article:modified_time\" content=\"2025-04-17T13:52:44+00:00\" \/>\n<meta property=\"og:image\" content=\"https:\/\/blog.holyart.it\/fr\/wp-content\/uploads\/sites\/14\/2023\/04\/don-bosco-et-saint-dominique-savio.jpg\" \/>\n\t<meta property=\"og:image:width\" content=\"1000\" \/>\n\t<meta property=\"og:image:height\" content=\"666\" \/>\n\t<meta property=\"og:image:type\" content=\"image\/jpeg\" \/>\n<meta name=\"author\" content=\"Redazione\" \/>\n<meta name=\"twitter:card\" content=\"summary_large_image\" \/>\n<meta name=\"twitter:label1\" content=\"\u00c9crit par\" \/>\n\t<meta name=\"twitter:data1\" content=\"Redazione\" \/>\n\t<meta name=\"twitter:label2\" content=\"Dur\u00e9e de lecture estim\u00e9e\" \/>\n\t<meta name=\"twitter:data2\" content=\"8 minutes\" \/>\n<script type=\"application\/ld+json\" class=\"yoast-schema-graph\">{\"@context\":\"https:\/\/schema.org\",\"@graph\":[{\"@type\":\"Article\",\"@id\":\"https:\/\/blog.holyart.it\/fr\/articles-religieux\/saint-dominique-savio-leleve-de-don-bosco\/#article\",\"isPartOf\":{\"@id\":\"https:\/\/blog.holyart.it\/fr\/articles-religieux\/saint-dominique-savio-leleve-de-don-bosco\/\"},\"author\":{\"name\":\"Redazione\",\"@id\":\"https:\/\/blog.holyart.it\/fr\/#\/schema\/person\/0a7b686e5af0f856ec1e390dd0baecda\"},\"headline\":\"Saint Dominique Savio, l\u2019\u00e9l\u00e8ve de Don Bosco\",\"datePublished\":\"2023-04-26T10:00:43+00:00\",\"dateModified\":\"2025-04-17T13:52:44+00:00\",\"mainEntityOfPage\":{\"@id\":\"https:\/\/blog.holyart.it\/fr\/articles-religieux\/saint-dominique-savio-leleve-de-don-bosco\/\"},\"wordCount\":1241,\"publisher\":{\"@id\":\"https:\/\/blog.holyart.it\/fr\/#organization\"},\"image\":{\"@id\":\"https:\/\/blog.holyart.it\/fr\/articles-religieux\/saint-dominique-savio-leleve-de-don-bosco\/#primaryimage\"},\"thumbnailUrl\":\"https:\/\/blog.holyart.it\/fr\/wp-content\/uploads\/sites\/14\/2023\/04\/don-bosco-et-saint-dominique-savio.jpg\",\"articleSection\":[\"Religion\"],\"inLanguage\":\"fr-FR\"},{\"@type\":\"WebPage\",\"@id\":\"https:\/\/blog.holyart.it\/fr\/articles-religieux\/saint-dominique-savio-leleve-de-don-bosco\/\",\"url\":\"https:\/\/blog.holyart.it\/fr\/articles-religieux\/saint-dominique-savio-leleve-de-don-bosco\/\",\"name\":\"Saint Dominique Savio, l\u2019\u00e9l\u00e8ve de Don Bosco - Holyart.fr Blog\",\"isPartOf\":{\"@id\":\"https:\/\/blog.holyart.it\/fr\/#website\"},\"primaryImageOfPage\":{\"@id\":\"https:\/\/blog.holyart.it\/fr\/articles-religieux\/saint-dominique-savio-leleve-de-don-bosco\/#primaryimage\"},\"image\":{\"@id\":\"https:\/\/blog.holyart.it\/fr\/articles-religieux\/saint-dominique-savio-leleve-de-don-bosco\/#primaryimage\"},\"thumbnailUrl\":\"https:\/\/blog.holyart.it\/fr\/wp-content\/uploads\/sites\/14\/2023\/04\/don-bosco-et-saint-dominique-savio.jpg\",\"datePublished\":\"2023-04-26T10:00:43+00:00\",\"dateModified\":\"2025-04-17T13:52:44+00:00\",\"description\":\"Dou\u00e9 d\u2019une incroyable pr\u00e9cocit\u00e9 spirituelle, Saint Dominique Savio sut enchanter Saint Jean Bosco, qui l\u2019aida \u00e0 devenir saint.\",\"breadcrumb\":{\"@id\":\"https:\/\/blog.holyart.it\/fr\/articles-religieux\/saint-dominique-savio-leleve-de-don-bosco\/#breadcrumb\"},\"inLanguage\":\"fr-FR\",\"potentialAction\":[{\"@type\":\"ReadAction\",\"target\":[\"https:\/\/blog.holyart.it\/fr\/articles-religieux\/saint-dominique-savio-leleve-de-don-bosco\/\"]}]},{\"@type\":\"ImageObject\",\"inLanguage\":\"fr-FR\",\"@id\":\"https:\/\/blog.holyart.it\/fr\/articles-religieux\/saint-dominique-savio-leleve-de-don-bosco\/#primaryimage\",\"url\":\"https:\/\/blog.holyart.it\/fr\/wp-content\/uploads\/sites\/14\/2023\/04\/don-bosco-et-saint-dominique-savio.jpg\",\"contentUrl\":\"https:\/\/blog.holyart.it\/fr\/wp-content\/uploads\/sites\/14\/2023\/04\/don-bosco-et-saint-dominique-savio.jpg\",\"width\":1000,\"height\":666,\"caption\":\"don bosco et saint dominique savio\"},{\"@type\":\"BreadcrumbList\",\"@id\":\"https:\/\/blog.holyart.it\/fr\/articles-religieux\/saint-dominique-savio-leleve-de-don-bosco\/#breadcrumb\",\"itemListElement\":[{\"@type\":\"ListItem\",\"position\":1,\"name\":\"Homepage\",\"item\":\"https:\/\/blog.holyart.it\/fr\/\"},{\"@type\":\"ListItem\",\"position\":2,\"name\":\"Religion\",\"item\":\"https:\/\/blog.holyart.it\/fr\/articles-religieux\/\"},{\"@type\":\"ListItem\",\"position\":3,\"name\":\"Saint Dominique Savio, l\u2019\u00e9l\u00e8ve de Don Bosco\"}]},{\"@type\":\"WebSite\",\"@id\":\"https:\/\/blog.holyart.it\/fr\/#website\",\"url\":\"https:\/\/blog.holyart.it\/fr\/\",\"name\":\"Holyart.fr Blog\",\"description\":\"Holyblog\",\"publisher\":{\"@id\":\"https:\/\/blog.holyart.it\/fr\/#organization\"},\"potentialAction\":[{\"@type\":\"SearchAction\",\"target\":{\"@type\":\"EntryPoint\",\"urlTemplate\":\"https:\/\/blog.holyart.it\/fr\/?s={search_term_string}\"},\"query-input\":{\"@type\":\"PropertyValueSpecification\",\"valueRequired\":true,\"valueName\":\"search_term_string\"}}],\"inLanguage\":\"fr-FR\"},{\"@type\":\"Organization\",\"@id\":\"https:\/\/blog.holyart.it\/fr\/#organization\",\"name\":\"Holyart.fr Blog\",\"url\":\"https:\/\/blog.holyart.it\/fr\/\",\"logo\":{\"@type\":\"ImageObject\",\"inLanguage\":\"fr-FR\",\"@id\":\"https:\/\/blog.holyart.it\/fr\/#\/schema\/logo\/image\/\",\"url\":\"https:\/\/blog.holyart.it\/fr\/wp-content\/uploads\/sites\/14\/2022\/12\/Holyart_Blog_Logo.jpg\",\"contentUrl\":\"https:\/\/blog.holyart.it\/fr\/wp-content\/uploads\/sites\/14\/2022\/12\/Holyart_Blog_Logo.jpg\",\"width\":300,\"height\":50,\"caption\":\"Holyart.fr Blog\"},\"image\":{\"@id\":\"https:\/\/blog.holyart.it\/fr\/#\/schema\/logo\/image\/\"}},{\"@type\":\"Person\",\"@id\":\"https:\/\/blog.holyart.it\/fr\/#\/schema\/person\/0a7b686e5af0f856ec1e390dd0baecda\",\"name\":\"Redazione\",\"image\":{\"@type\":\"ImageObject\",\"inLanguage\":\"fr-FR\",\"@id\":\"https:\/\/blog.holyart.it\/fr\/#\/schema\/person\/image\/\",\"url\":\"https:\/\/secure.gravatar.com\/avatar\/f477da817f43e50d0af36abecd33e3edf826c68299714bdc1057dff3b113f516?s=96&d=mm&r=g\",\"contentUrl\":\"https:\/\/secure.gravatar.com\/avatar\/f477da817f43e50d0af36abecd33e3edf826c68299714bdc1057dff3b113f516?s=96&d=mm&r=g\",\"caption\":\"Redazione\"},\"url\":\"https:\/\/blog.holyart.it\/fr\/author\/admin\/\"}]}<\/script>\n<!-- \/ Yoast SEO plugin. -->","yoast_head_json":{"title":"Saint Dominique Savio, l\u2019\u00e9l\u00e8ve de Don Bosco - Holyart.fr Blog","description":"Dou\u00e9 d\u2019une incroyable pr\u00e9cocit\u00e9 spirituelle, Saint Dominique Savio sut enchanter Saint Jean Bosco, qui l\u2019aida \u00e0 devenir saint.","robots":{"index":"index","follow":"follow","max-snippet":"max-snippet:-1","max-image-preview":"max-image-preview:large","max-video-preview":"max-video-preview:-1"},"canonical":"https:\/\/blog.holyart.it\/fr\/articles-religieux\/saint-dominique-savio-leleve-de-don-bosco\/","og_locale":"fr_FR","og_type":"article","og_title":"Saint Dominique Savio, l\u2019\u00e9l\u00e8ve de Don Bosco - Holyart.fr Blog","og_description":"Dou\u00e9 d\u2019une incroyable pr\u00e9cocit\u00e9 spirituelle, Saint Dominique Savio sut enchanter Saint Jean Bosco, qui l\u2019aida \u00e0 devenir saint.","og_url":"https:\/\/blog.holyart.it\/fr\/articles-religieux\/saint-dominique-savio-leleve-de-don-bosco\/","og_site_name":"Holyart.fr Blog","article_published_time":"2023-04-26T10:00:43+00:00","article_modified_time":"2025-04-17T13:52:44+00:00","og_image":[{"width":1000,"height":666,"url":"https:\/\/blog.holyart.it\/fr\/wp-content\/uploads\/sites\/14\/2023\/04\/don-bosco-et-saint-dominique-savio.jpg","type":"image\/jpeg"}],"author":"Redazione","twitter_card":"summary_large_image","twitter_misc":{"\u00c9crit par":"Redazione","Dur\u00e9e de lecture estim\u00e9e":"8 minutes"},"schema":{"@context":"https:\/\/schema.org","@graph":[{"@type":"Article","@id":"https:\/\/blog.holyart.it\/fr\/articles-religieux\/saint-dominique-savio-leleve-de-don-bosco\/#article","isPartOf":{"@id":"https:\/\/blog.holyart.it\/fr\/articles-religieux\/saint-dominique-savio-leleve-de-don-bosco\/"},"author":{"name":"Redazione","@id":"https:\/\/blog.holyart.it\/fr\/#\/schema\/person\/0a7b686e5af0f856ec1e390dd0baecda"},"headline":"Saint Dominique Savio, l\u2019\u00e9l\u00e8ve de Don Bosco","datePublished":"2023-04-26T10:00:43+00:00","dateModified":"2025-04-17T13:52:44+00:00","mainEntityOfPage":{"@id":"https:\/\/blog.holyart.it\/fr\/articles-religieux\/saint-dominique-savio-leleve-de-don-bosco\/"},"wordCount":1241,"publisher":{"@id":"https:\/\/blog.holyart.it\/fr\/#organization"},"image":{"@id":"https:\/\/blog.holyart.it\/fr\/articles-religieux\/saint-dominique-savio-leleve-de-don-bosco\/#primaryimage"},"thumbnailUrl":"https:\/\/blog.holyart.it\/fr\/wp-content\/uploads\/sites\/14\/2023\/04\/don-bosco-et-saint-dominique-savio.jpg","articleSection":["Religion"],"inLanguage":"fr-FR"},{"@type":"WebPage","@id":"https:\/\/blog.holyart.it\/fr\/articles-religieux\/saint-dominique-savio-leleve-de-don-bosco\/","url":"https:\/\/blog.holyart.it\/fr\/articles-religieux\/saint-dominique-savio-leleve-de-don-bosco\/","name":"Saint Dominique Savio, l\u2019\u00e9l\u00e8ve de Don Bosco - Holyart.fr Blog","isPartOf":{"@id":"https:\/\/blog.holyart.it\/fr\/#website"},"primaryImageOfPage":{"@id":"https:\/\/blog.holyart.it\/fr\/articles-religieux\/saint-dominique-savio-leleve-de-don-bosco\/#primaryimage"},"image":{"@id":"https:\/\/blog.holyart.it\/fr\/articles-religieux\/saint-dominique-savio-leleve-de-don-bosco\/#primaryimage"},"thumbnailUrl":"https:\/\/blog.holyart.it\/fr\/wp-content\/uploads\/sites\/14\/2023\/04\/don-bosco-et-saint-dominique-savio.jpg","datePublished":"2023-04-26T10:00:43+00:00","dateModified":"2025-04-17T13:52:44+00:00","description":"Dou\u00e9 d\u2019une incroyable pr\u00e9cocit\u00e9 spirituelle, Saint Dominique Savio sut enchanter Saint Jean Bosco, qui l\u2019aida \u00e0 devenir saint.","breadcrumb":{"@id":"https:\/\/blog.holyart.it\/fr\/articles-religieux\/saint-dominique-savio-leleve-de-don-bosco\/#breadcrumb"},"inLanguage":"fr-FR","potentialAction":[{"@type":"ReadAction","target":["https:\/\/blog.holyart.it\/fr\/articles-religieux\/saint-dominique-savio-leleve-de-don-bosco\/"]}]},{"@type":"ImageObject","inLanguage":"fr-FR","@id":"https:\/\/blog.holyart.it\/fr\/articles-religieux\/saint-dominique-savio-leleve-de-don-bosco\/#primaryimage","url":"https:\/\/blog.holyart.it\/fr\/wp-content\/uploads\/sites\/14\/2023\/04\/don-bosco-et-saint-dominique-savio.jpg","contentUrl":"https:\/\/blog.holyart.it\/fr\/wp-content\/uploads\/sites\/14\/2023\/04\/don-bosco-et-saint-dominique-savio.jpg","width":1000,"height":666,"caption":"don bosco et saint dominique savio"},{"@type":"BreadcrumbList","@id":"https:\/\/blog.holyart.it\/fr\/articles-religieux\/saint-dominique-savio-leleve-de-don-bosco\/#breadcrumb","itemListElement":[{"@type":"ListItem","position":1,"name":"Homepage","item":"https:\/\/blog.holyart.it\/fr\/"},{"@type":"ListItem","position":2,"name":"Religion","item":"https:\/\/blog.holyart.it\/fr\/articles-religieux\/"},{"@type":"ListItem","position":3,"name":"Saint Dominique Savio, l\u2019\u00e9l\u00e8ve de Don Bosco"}]},{"@type":"WebSite","@id":"https:\/\/blog.holyart.it\/fr\/#website","url":"https:\/\/blog.holyart.it\/fr\/","name":"Holyart.fr Blog","description":"Holyblog","publisher":{"@id":"https:\/\/blog.holyart.it\/fr\/#organization"},"potentialAction":[{"@type":"SearchAction","target":{"@type":"EntryPoint","urlTemplate":"https:\/\/blog.holyart.it\/fr\/?s={search_term_string}"},"query-input":{"@type":"PropertyValueSpecification","valueRequired":true,"valueName":"search_term_string"}}],"inLanguage":"fr-FR"},{"@type":"Organization","@id":"https:\/\/blog.holyart.it\/fr\/#organization","name":"Holyart.fr Blog","url":"https:\/\/blog.holyart.it\/fr\/","logo":{"@type":"ImageObject","inLanguage":"fr-FR","@id":"https:\/\/blog.holyart.it\/fr\/#\/schema\/logo\/image\/","url":"https:\/\/blog.holyart.it\/fr\/wp-content\/uploads\/sites\/14\/2022\/12\/Holyart_Blog_Logo.jpg","contentUrl":"https:\/\/blog.holyart.it\/fr\/wp-content\/uploads\/sites\/14\/2022\/12\/Holyart_Blog_Logo.jpg","width":300,"height":50,"caption":"Holyart.fr Blog"},"image":{"@id":"https:\/\/blog.holyart.it\/fr\/#\/schema\/logo\/image\/"}},{"@type":"Person","@id":"https:\/\/blog.holyart.it\/fr\/#\/schema\/person\/0a7b686e5af0f856ec1e390dd0baecda","name":"Redazione","image":{"@type":"ImageObject","inLanguage":"fr-FR","@id":"https:\/\/blog.holyart.it\/fr\/#\/schema\/person\/image\/","url":"https:\/\/secure.gravatar.com\/avatar\/f477da817f43e50d0af36abecd33e3edf826c68299714bdc1057dff3b113f516?s=96&d=mm&r=g","contentUrl":"https:\/\/secure.gravatar.com\/avatar\/f477da817f43e50d0af36abecd33e3edf826c68299714bdc1057dff3b113f516?s=96&d=mm&r=g","caption":"Redazione"},"url":"https:\/\/blog.holyart.it\/fr\/author\/admin\/"}]}},"_links":{"self":[{"href":"https:\/\/blog.holyart.it\/fr\/wp-json\/wp\/v2\/posts\/6171","targetHints":{"allow":["GET"]}}],"collection":[{"href":"https:\/\/blog.holyart.it\/fr\/wp-json\/wp\/v2\/posts"}],"about":[{"href":"https:\/\/blog.holyart.it\/fr\/wp-json\/wp\/v2\/types\/post"}],"author":[{"embeddable":true,"href":"https:\/\/blog.holyart.it\/fr\/wp-json\/wp\/v2\/users\/1"}],"replies":[{"embeddable":true,"href":"https:\/\/blog.holyart.it\/fr\/wp-json\/wp\/v2\/comments?post=6171"}],"version-history":[{"count":10,"href":"https:\/\/blog.holyart.it\/fr\/wp-json\/wp\/v2\/posts\/6171\/revisions"}],"predecessor-version":[{"id":6188,"href":"https:\/\/blog.holyart.it\/fr\/wp-json\/wp\/v2\/posts\/6171\/revisions\/6188"}],"wp:featuredmedia":[{"embeddable":true,"href":"https:\/\/blog.holyart.it\/fr\/wp-json\/wp\/v2\/media\/6184"}],"wp:attachment":[{"href":"https:\/\/blog.holyart.it\/fr\/wp-json\/wp\/v2\/media?parent=6171"}],"wp:term":[{"taxonomy":"category","embeddable":true,"href":"https:\/\/blog.holyart.it\/fr\/wp-json\/wp\/v2\/categories?post=6171"},{"taxonomy":"post_tag","embeddable":true,"href":"https:\/\/blog.holyart.it\/fr\/wp-json\/wp\/v2\/tags?post=6171"}],"curies":[{"name":"wp","href":"https:\/\/api.w.org\/{rel}","templated":true}]}}