{"id":6122,"date":"2023-04-17T12:30:32","date_gmt":"2023-04-17T10:30:32","guid":{"rendered":"https:\/\/blog.holyart.it\/fr\/?p=6122"},"modified":"2025-10-21T09:58:36","modified_gmt":"2025-10-21T07:58:36","slug":"quest-ce-quest-la-priere-de-langelus","status":"publish","type":"post","link":"https:\/\/blog.holyart.it\/fr\/articles-religieux\/quest-ce-quest-la-priere-de-langelus\/","title":{"rendered":"Qu\u2019est-ce qu\u2019est la pri\u00e8re de l\u2019Ang\u00e9lus"},"content":{"rendered":"<h4>L\u2019Ang\u00e9lus, de pri\u00e8re mariale \u00e0 b\u00e9n\u00e9diction papale. Un moment de d\u00e9votion et de dialogue entre pape et fid\u00e8les, qui se renouvelle chaque dimanche<\/h4>\n<p>Nous entendons souvent parler de l\u2019<strong>Ang\u00e9lus dominical <\/strong>r\u00e9cit\u00e9 par le Pape, une sorte de b\u00e9n\u00e9diction apostolique que le Pontife dispense de son balcon chaque dimanche \u00e0 midi aux fid\u00e8les venus sur la place juste devant la <a href=\"https:\/\/www.holyart.fr\/blog\/articles-religieux\/basilique-saint-pierre-eglise-symbole-du-monde-chretien\/\"><strong>Basilique Saint-Pierre<\/strong><\/a>. En r\u00e9alit\u00e9, l\u2019Ang\u00e9lus est bien plus que cela. Il s\u2019agit d\u2019une <strong>pri\u00e8re<\/strong> tr\u00e8s importante pour les chr\u00e9tiens catholiques, qui devrait la r\u00e9citer trois fois par jour : \u00e0 l\u2019aube, \u00e0 midi et au coucher du soleil. Chacun de ses moments est soulign\u00e9 par le son des cloches.<br \/>\nEn particulier, l\u2019Ang\u00e9lus est une <strong>pri\u00e8re de remerciement d\u00e9di\u00e9e \u00e0 la Vierge Marie<\/strong>, M\u00e8re de J\u00e9sus, pour avoir accueilli en elle le <strong>myst\u00e8re de l\u2019Incarnation<\/strong>.<\/p>\n<div class=\"link-article\">\n<p><img loading=\"lazy\" decoding=\"async\" class=\"size-full wp-image-6123 alignleft\" src=\"https:\/\/blog.holyart.it\/fr\/wp-content\/uploads\/sites\/14\/2023\/04\/Basilique-Saint-Pierre.jpeg\" alt=\"St. Peter's Basilica\" width=\"150\" height=\"100\" data-kale-share-title=\"Qu\u2019est-ce qu\u2019est la pri\u00e8re de l\u2019Ang\u00e9lus\" data-kale-share-url=\"https:\/\/blog.holyart.it\/fr\/?p=6122\" \/><\/p>\n<div class=\"leggi-anche\">Lire aussi :<\/div>\n<p><strong><a href=\"https:\/\/www.holyart.fr\/blog\/articles-religieux\/basilique-saint-pierre-eglise-symbole-du-monde-chretien\/\">Basilique Saint-Pierre : \u00c9glise symbole du monde chr\u00e9tien<\/a><\/strong><br \/>\nSaint-Pierre est une basilique riche en significations, myst\u00e8res et \u0153uvres d\u2019art sacr\u00e9es c\u00e9l\u00e8bre dans le monde entier. Voici quelques curiosit\u00e9s&#8230;<\/p>\n<\/div>\n<p>Afin de comprendre pleinement l\u2019importance de la pri\u00e8re de l\u2019Ang\u00e9lus nous devons reparcourir l\u2019histoire de la R\u00e9v\u00e9lation, en nous attardant en particulier sur la figure de Marie de Nazareth et sur le <a href=\"https:\/\/www.holyart.fr\/blog\/articles-religieux\/annonciation-du-seigneur-pourquoi-la-fetons-nous-le-25-mars\/\"><strong>r\u00e9cit de l\u2019Annonciation<\/strong><\/a>.<\/p>\n<p><em>Au sixi\u00e8me mois, l\u2019ange Gabriel fut envoy\u00e9 par Dieu dans une ville de Galil\u00e9e, appel\u00e9e Nazareth, aupr\u00e8s d\u2019une vierge fianc\u00e9e \u00e0 un homme de la maison de David, nomm\u00e9 Joseph. Le nom de la vierge \u00e9tait Maria. <\/em>(Luc 1,26-27)<\/p>\n<p>Il s\u2019agit bien \u00e9videmment du moment o\u00f9 <strong>Marie accepte d\u2019accueillir en en son sein J\u00e9sus<\/strong>, Fils de Dieu, celle que les chr\u00e9tiens appellent <strong>Incarnation<\/strong>, quand J\u00e9sus se fit chair en unissant la nature humaine \u00e0 la nature divine. C\u2019est une <strong>union hypostatique<\/strong>, car J\u00e9sus assume la nature humaine, mais en m\u00eame temps ne cesse m\u00eame pas un instant d\u2019\u00eatre Dieu. C\u2019est comme si \u00e0 ce moment-l\u00e0 \u00e0 la nature divine s\u2019ajoutait celle humaine, en faisant en sorte que J\u00e9sus-Christ soit pleinement Dieu et pleinement homme en m\u00eame temps. Dans cette interpr\u00e9tation de l\u2019Annonciation et de l\u2019Incarnation la Vierge Marie est \u00e0 tous les effets <strong>Theot\u00f3kos<\/strong>, <em>M\u00e8re de Dieu<\/em>.<\/p>\n<div class=\"link-article\">\n<p><img loading=\"lazy\" decoding=\"async\" class=\"size-full wp-image-6125 alignleft\" src=\"https:\/\/blog.holyart.it\/fr\/wp-content\/uploads\/sites\/14\/2023\/04\/Announciation-du-Seigneur.jpg\" alt=\"Announciation du Seigneur\" width=\"150\" height=\"99\" data-kale-share-title=\"Qu\u2019est-ce qu\u2019est la pri\u00e8re de l\u2019Ang\u00e9lus\" data-kale-share-url=\"https:\/\/blog.holyart.it\/fr\/?p=6122\" \/><\/p>\n<div class=\"leggi-anche\">Lire aussi :<\/div>\n<p><strong><a href=\"https:\/\/www.holyart.fr\/blog\/articles-religieux\/annonciation-du-seigneur-pourquoi-la-fetons-nous-le-25-mars\/\">Annonciation du Seigneur : pourquoi la f\u00eatons-nous le 25 mars<\/a><\/strong><br \/>\nLe 25 mars nous c\u00e9l\u00e9brons l\u2019Annonciation du Seigneur, une f\u00eate d\u00e9di\u00e9e \u00e0 J\u00e9sus, mais aussi \u00e0 Sa m\u00e8re Marie, li\u00e9e \u00e0 Lui de mani\u00e8re indissoluble&#8230;.<\/p>\n<\/div>\n<h2>La pri\u00e8re de l\u2019Ang\u00e9lus<\/h2>\n<p>En revenant \u00e0 la pri\u00e8re de l\u2019Angelus, elle consiste en trois versets avec leurs r\u00e9ponses. Le premier verset est \u00e9galement celui qui donne son nom \u00e0 la pri\u00e8re\u00a0:<\/p>\n<p><em>\u2123<\/em><em>. Angelus Domini nuntiavit Mari\u00e6.<\/em><\/p>\n<p><em>\u211f<\/em><em>. Et concepit de Spiritu Sancto.<\/em><\/p>\n<p><em>\u2123<\/em><em>. Ecce ancilla Domini.<\/em><\/p>\n<p><em>\u211f<\/em><em>. Fiat mihi secundum verbum tuum.<\/em><\/p>\n<p><em>\u2123<\/em><em>. Et Verbum caro factum est.<\/em><\/p>\n<p><em>\u211f<\/em><em>. Et habitavit in nobis.<\/em><\/p>\n<p>Apr\u00e8s chaque verset, on r\u00e9cite un Je Vous Salue Marie et, \u00e0 la fin, g\u00e9n\u00e9ralement, on r\u00e9cite pour trois fois le <em>Gloire<\/em>, suivit par la pri\u00e8re pour le <em>Repos \u00c9ternel<\/em> et \u00e9ventuellement un <em>Ange de Dieu<\/em>.<\/p>\n<p>Pendant le <a href=\"https:\/\/www.holyart.fr\/occasions-speciales\/paques-et-careme\"><strong>Temps Pascal<\/strong><\/a> et jusqu\u2019au jour de la <a href=\"https:\/\/www.holyart.fr\/blog\/accessoires-pour-la-liturgie\/a-loccasion-de-la-pentecote-priez-marie-qui-defait-les-noeuds\/\"><strong>Pentec\u00f4te<\/strong><\/a>, on remplace l\u2019Ang\u00e9lus par la pri\u00e8re mariale <a href=\"https:\/\/www.holyart.fr\/articles-religieux\/statues\/statues-en-bois-peint\/marie-auxiliatrice-regina-coeli-bois-val-gardena-peint\"><strong>Regina C\u0153li<\/strong> <\/a>(Reine du Ciel), d\u00e9di\u00e9e \u00e0 la Vierge \u00e0 l\u2019occasion de la R\u00e9surrection de Son Fils J\u00e9sus-Christ. Le <em>Regina C\u0153li<\/em> aussi est r\u00e9cit\u00e9 trois fois par jour.<\/p>\n<div class=\"link-product\">\n<div class=\"blocco-immagine\"><img loading=\"lazy\" decoding=\"async\" class=\"size-full wp-image-6127 alignleft\" src=\"https:\/\/blog.holyart.it\/fr\/wp-content\/uploads\/sites\/14\/2023\/04\/Marie-Auxiliatrice-Regina-Coeli.jpg\" alt=\"Marie Auxiliatrice Regina Coeli\" width=\"100\" height=\"100\" data-kale-share-title=\"Qu\u2019est-ce qu\u2019est la pri\u00e8re de l\u2019Ang\u00e9lus\" data-kale-share-url=\"https:\/\/blog.holyart.it\/fr\/?p=6122\" \/><\/div>\n<div class=\"blocco-contenuto\">\n<div class=\"blocco-acquista\">Acheter sur Holyart:<\/div>\n<div class=\"blocco-titolo\"><a href=\"https:\/\/www.holyart.fr\/articles-religieux\/statues\/statues-en-bois-peint\/marie-auxiliatrice-regina-coeli-bois-val-gardena-peint\">Marie Auxiliatrice Regina Coeli bois Val Gardena<\/a><\/div>\n<div class=\"blocco-descrizione\">Statue de Marie Auxiliatrice en bois d&rsquo;\u00e9rable du Val Gardena (Italie), r\u00e9alis\u00e9e et peinte \u00e0 la main.<\/div>\n<\/div>\n<\/div>\n<p>La pratique de l\u2019Ang\u00e9lus commence vraisemblablement \u00e0 se diffuser d\u00e9j\u00e0 \u00e0 l\u2019<strong>\u00e9poque m\u00e9di\u00e9vale<\/strong>, dans la <a href=\"https:\/\/www.holyart.fr\/blog\/accessoires-pour-la-liturgie\/liturgie-des-heures\/\"><strong>Liturgie des Heures<\/strong><\/a>. Les moines entonnaient psaumes et antiennes \u00e0 diff\u00e9rents moments de la journ\u00e9e, aussi au profit de qui n\u2019\u00e9tait pas capable de lire et \u00e9crire et se limitait \u00e0 \u00e9couter et prier.<\/p>\n<p>Officiellement, l\u2019institution de l\u2019Ang\u00e9lus est attribu\u00e9e \u00e0 Pape Urbain II, qui en 1095, \u00e0 l\u2019occasion du Concile de Clermont, en promut la diffusion apr\u00e8s la victoire de l\u2019arm\u00e9e des crois\u00e9s contre les Turcs. Pape Calliste III aussi en 1456 contribua \u00e0 la cons\u00e9cration de cette pri\u00e8re mariale en particulier, toujours en tant qu\u2019invocation de l\u2019intercession de la Vierge Marie dans les guerres contre les Turcs. \u00c7a aurait ensuite \u00e9t\u00e9 Louis XI Roi de France \u00e0 en d\u00e9cr\u00e9ter la r\u00e9citation trois fois par jour en 1472.<\/p>\n<h2>L\u2019Ang\u00e9lus du Pape Place Saint-Pierre<\/h2>\n<p>Concernant l\u2019<strong>Ang\u00e9lus r\u00e9cit\u00e9 par le Pape <\/strong>tous les dimanches \u00e0 midi Place Saint-Pierre, il est g\u00e9n\u00e9ralement pr\u00e9c\u00e9d\u00e9 par un bref <a href=\"https:\/\/www.holyart.fr\/blog\/articles-religieux\/les-plus-belles-phrases-sur-la-paix-de-pape-francois\/\"><strong>discours du Pontife<\/strong><\/a>, qui prend en examen probl\u00e8mes et th\u00e9matiques li\u00e9s \u00e0 l\u2019actualit\u00e9 et qui est transmis dans le monde entier par diff\u00e9rentes cha\u00eenes de t\u00e9l\u00e9vision.<\/p>\n<div class=\"link-article\">\n<p><img loading=\"lazy\" decoding=\"async\" class=\"size-full wp-image-6129 alignleft\" src=\"https:\/\/blog.holyart.it\/fr\/wp-content\/uploads\/sites\/14\/2023\/04\/paix-1.jpg\" alt=\"paix\" width=\"150\" height=\"99\" data-kale-share-title=\"Qu\u2019est-ce qu\u2019est la pri\u00e8re de l\u2019Ang\u00e9lus\" data-kale-share-url=\"https:\/\/blog.holyart.it\/fr\/?p=6122\" \/><\/p>\n<div class=\"leggi-anche\">Lire aussi :<\/div>\n<p><strong><a href=\"https:\/\/www.holyart.fr\/blog\/articles-religieux\/les-plus-belles-phrases-sur-la-paix-de-pape-francois\/\">Les plus belles phrases sur la Paix de Pape Fran\u00e7ois<\/a><\/strong><br \/>\nEn ce moment historique particulier et dramatique, les phrases sur la Paix de Pape Fran\u00e7ois repr\u00e9sentent une lueur d\u2019espoir pour toute la&#8230;<\/p>\n<\/div>\n<p>Depuis 1954, on commen\u00e7a \u00e0 transmettre la r\u00e9citation de l\u2019Ang\u00e9lus d\u2019abord \u00e0 la radio et ensuite \u00e0 la t\u00e9l\u00e9vision. Le premier Pontife \u00e0 accueillir la proposition fut Pie XII, sous insistance de Luigi Gedda, \u00e9diteur et pr\u00e9sident de l\u2019Action Catholique.<\/p>\n<p>Tout le monde peut assister \u00e0 l\u2019Ang\u00e9lus en se rendant Place Saint-Pierre \u00e0 l\u2019heure pr\u00e9vue, chaque dimanche.<\/p>\n<h2>L\u2019Ang\u00e9lus avec Pape Fran\u00e7ois<\/h2>\n<p><a href=\"https:\/\/www.holyart.fr\/occasions-speciales\/pape-francois?page=1\"><strong>Pape Fran\u00e7ois<\/strong><\/a> aussi, comme tous ses pr\u00e9d\u00e9cesseurs, accorde une grande importance \u00e0 la c\u00e9l\u00e9bration de l\u2019Ang\u00e9lus, qui pour lui est devenu une occasion de <strong>rencontre et d\u2019\u00e9change avec les fid\u00e8les<\/strong>. Pendant la pand\u00e9mie, quand le lockdown nous a offert des visions \u00e9pouvantables et angoissantes de Place Saint-Pierre d\u00e9sert\u00e9e par les fid\u00e8les, et aujourd\u2019hui, \u00e0 l\u2019occasion de la guerre en Ukraine, l\u2019Ang\u00e9lus de Pape Fran\u00e7ois est devenu quelque chose de plus qu\u2019une b\u00e9n\u00e9diction papale, un moment non seulement de pri\u00e8re, mais un appel du Pontife \u00e0 ce qu\u2019il y a de bon et juste dans les hommes, un avertissement \u00e0 faire de son existence un instrument de foi et de mis\u00e9ricorde, exactement comme Marie d\u00e9cida de le faire il y a tr\u00e8s longtemps au tr\u00e8s-haut moment de l\u2019Annonciation.<\/p>\n<div class=\"link-product\">\n<div class=\"blocco-immagine\"><img loading=\"lazy\" decoding=\"async\" class=\"size-full wp-image-6131 alignleft\" src=\"https:\/\/blog.holyart.it\/fr\/wp-content\/uploads\/sites\/14\/2023\/04\/Chapelet-parfume-Pape-Francois.jpg\" alt=\"Chapelet parfume Pape Francois\" width=\"100\" height=\"100\" data-kale-share-title=\"Qu\u2019est-ce qu\u2019est la pri\u00e8re de l\u2019Ang\u00e9lus\" data-kale-share-url=\"https:\/\/blog.holyart.it\/fr\/?p=6122\" \/><\/div>\n<div class=\"blocco-contenuto\">\n<div class=\"blocco-acquista\">Acheter sur Holyart:<\/div>\n<div class=\"blocco-titolo\"><a href=\"https:\/\/www.holyart.fr\/articles-religieux\/chapelets-et-etuis-a-chapelet\/chapelets-parfumes\/chapelet-parfume-au-jasmin-blanc-pape-francois\">Chapelet parfum\u00e9 au jasmin blanc Pape Fran\u00e7ois<\/a><\/div>\n<div class=\"blocco-descrizione\">Chapelet avec grains de 7 mm en pvc parfum\u00e9, croix du Bon Pasteur de Pape Fran\u00e7ois et m\u00e9daille avec son image.<\/div>\n<\/div>\n<\/div>\n<p>&nbsp;<\/p>\n","protected":false},"excerpt":{"rendered":"<p>L\u2019Ang\u00e9lus, de pri\u00e8re mariale \u00e0 b\u00e9n\u00e9diction papale. Un moment de d\u00e9votion et de dialogue entre pape et fid\u00e8les, qui se renouvelle chaque dimanche Nous entendons souvent parler de l\u2019Ang\u00e9lus dominical r\u00e9cit\u00e9 par le Pape, une sorte de b\u00e9n\u00e9diction apostolique que le Pontife dispense de son&hellip;<\/p>\n","protected":false},"author":1,"featured_media":6133,"comment_status":"closed","ping_status":"open","sticky":false,"template":"","format":"standard","meta":{"_acf_changed":false,"footnotes":""},"categories":[8],"tags":[],"class_list":["post-6122","post","type-post","status-publish","format-standard","has-post-thumbnail","hentry","category-articles-religieux"],"acf":[],"yoast_head":"<!-- This site is optimized with the Yoast SEO plugin v26.6 - https:\/\/yoast.com\/wordpress\/plugins\/seo\/ -->\n<title>Qu\u2019est-ce qu\u2019est la pri\u00e8re de l\u2019Ang\u00e9lus - Holyart.fr Blog<\/title>\n<meta name=\"description\" content=\"L\u2019Angelus est une pri\u00e8re mariale de remerciement, mais aussi une b\u00e9n\u00e9diction et un moment de dialogue entre le Pape et les fid\u00e8les.\" \/>\n<meta name=\"robots\" content=\"index, follow, max-snippet:-1, max-image-preview:large, max-video-preview:-1\" \/>\n<link rel=\"canonical\" href=\"https:\/\/blog.holyart.it\/fr\/articles-religieux\/quest-ce-quest-la-priere-de-langelus\/\" \/>\n<meta property=\"og:locale\" content=\"fr_FR\" \/>\n<meta property=\"og:type\" content=\"article\" \/>\n<meta property=\"og:title\" content=\"Qu\u2019est-ce qu\u2019est la pri\u00e8re de l\u2019Ang\u00e9lus - Holyart.fr Blog\" \/>\n<meta property=\"og:description\" content=\"L\u2019Angelus est une pri\u00e8re mariale de remerciement, mais aussi une b\u00e9n\u00e9diction et un moment de dialogue entre le Pape et les fid\u00e8les.\" \/>\n<meta property=\"og:url\" content=\"https:\/\/blog.holyart.it\/fr\/articles-religieux\/quest-ce-quest-la-priere-de-langelus\/\" \/>\n<meta property=\"og:site_name\" content=\"Holyart.fr Blog\" \/>\n<meta property=\"article:published_time\" content=\"2023-04-17T10:30:32+00:00\" \/>\n<meta property=\"article:modified_time\" content=\"2025-10-21T07:58:36+00:00\" \/>\n<meta property=\"og:image\" content=\"https:\/\/blog.holyart.it\/fr\/wp-content\/uploads\/sites\/14\/2023\/04\/priere-de-lAngelus.jpg\" \/>\n\t<meta property=\"og:image:width\" content=\"1000\" \/>\n\t<meta property=\"og:image:height\" content=\"666\" \/>\n\t<meta property=\"og:image:type\" content=\"image\/jpeg\" \/>\n<meta name=\"author\" content=\"Redazione\" \/>\n<meta name=\"twitter:card\" content=\"summary_large_image\" \/>\n<meta name=\"twitter:label1\" content=\"\u00c9crit par\" \/>\n\t<meta name=\"twitter:data1\" content=\"Redazione\" \/>\n\t<meta name=\"twitter:label2\" content=\"Dur\u00e9e de lecture estim\u00e9e\" \/>\n\t<meta name=\"twitter:data2\" content=\"7 minutes\" \/>\n<script type=\"application\/ld+json\" class=\"yoast-schema-graph\">{\"@context\":\"https:\/\/schema.org\",\"@graph\":[{\"@type\":\"Article\",\"@id\":\"https:\/\/blog.holyart.it\/fr\/articles-religieux\/quest-ce-quest-la-priere-de-langelus\/#article\",\"isPartOf\":{\"@id\":\"https:\/\/blog.holyart.it\/fr\/articles-religieux\/quest-ce-quest-la-priere-de-langelus\/\"},\"author\":{\"name\":\"Redazione\",\"@id\":\"https:\/\/blog.holyart.it\/fr\/#\/schema\/person\/0a7b686e5af0f856ec1e390dd0baecda\"},\"headline\":\"Qu\u2019est-ce qu\u2019est la pri\u00e8re de l\u2019Ang\u00e9lus\",\"datePublished\":\"2023-04-17T10:30:32+00:00\",\"dateModified\":\"2025-10-21T07:58:36+00:00\",\"mainEntityOfPage\":{\"@id\":\"https:\/\/blog.holyart.it\/fr\/articles-religieux\/quest-ce-quest-la-priere-de-langelus\/\"},\"wordCount\":1156,\"publisher\":{\"@id\":\"https:\/\/blog.holyart.it\/fr\/#organization\"},\"image\":{\"@id\":\"https:\/\/blog.holyart.it\/fr\/articles-religieux\/quest-ce-quest-la-priere-de-langelus\/#primaryimage\"},\"thumbnailUrl\":\"https:\/\/blog.holyart.it\/fr\/wp-content\/uploads\/sites\/14\/2023\/04\/priere-de-lAngelus.jpg\",\"articleSection\":[\"Religion\"],\"inLanguage\":\"fr-FR\"},{\"@type\":\"WebPage\",\"@id\":\"https:\/\/blog.holyart.it\/fr\/articles-religieux\/quest-ce-quest-la-priere-de-langelus\/\",\"url\":\"https:\/\/blog.holyart.it\/fr\/articles-religieux\/quest-ce-quest-la-priere-de-langelus\/\",\"name\":\"Qu\u2019est-ce qu\u2019est la pri\u00e8re de l\u2019Ang\u00e9lus - Holyart.fr Blog\",\"isPartOf\":{\"@id\":\"https:\/\/blog.holyart.it\/fr\/#website\"},\"primaryImageOfPage\":{\"@id\":\"https:\/\/blog.holyart.it\/fr\/articles-religieux\/quest-ce-quest-la-priere-de-langelus\/#primaryimage\"},\"image\":{\"@id\":\"https:\/\/blog.holyart.it\/fr\/articles-religieux\/quest-ce-quest-la-priere-de-langelus\/#primaryimage\"},\"thumbnailUrl\":\"https:\/\/blog.holyart.it\/fr\/wp-content\/uploads\/sites\/14\/2023\/04\/priere-de-lAngelus.jpg\",\"datePublished\":\"2023-04-17T10:30:32+00:00\",\"dateModified\":\"2025-10-21T07:58:36+00:00\",\"description\":\"L\u2019Angelus est une pri\u00e8re mariale de remerciement, mais aussi une b\u00e9n\u00e9diction et un moment de dialogue entre le Pape et les fid\u00e8les.\",\"breadcrumb\":{\"@id\":\"https:\/\/blog.holyart.it\/fr\/articles-religieux\/quest-ce-quest-la-priere-de-langelus\/#breadcrumb\"},\"inLanguage\":\"fr-FR\",\"potentialAction\":[{\"@type\":\"ReadAction\",\"target\":[\"https:\/\/blog.holyart.it\/fr\/articles-religieux\/quest-ce-quest-la-priere-de-langelus\/\"]}]},{\"@type\":\"ImageObject\",\"inLanguage\":\"fr-FR\",\"@id\":\"https:\/\/blog.holyart.it\/fr\/articles-religieux\/quest-ce-quest-la-priere-de-langelus\/#primaryimage\",\"url\":\"https:\/\/blog.holyart.it\/fr\/wp-content\/uploads\/sites\/14\/2023\/04\/priere-de-lAngelus.jpg\",\"contentUrl\":\"https:\/\/blog.holyart.it\/fr\/wp-content\/uploads\/sites\/14\/2023\/04\/priere-de-lAngelus.jpg\",\"width\":1000,\"height\":666,\"caption\":\"priere de l\u2019Angelus\"},{\"@type\":\"BreadcrumbList\",\"@id\":\"https:\/\/blog.holyart.it\/fr\/articles-religieux\/quest-ce-quest-la-priere-de-langelus\/#breadcrumb\",\"itemListElement\":[{\"@type\":\"ListItem\",\"position\":1,\"name\":\"Homepage\",\"item\":\"https:\/\/blog.holyart.it\/fr\/\"},{\"@type\":\"ListItem\",\"position\":2,\"name\":\"Religion\",\"item\":\"https:\/\/blog.holyart.it\/fr\/articles-religieux\/\"},{\"@type\":\"ListItem\",\"position\":3,\"name\":\"Qu\u2019est-ce qu\u2019est la pri\u00e8re de l\u2019Ang\u00e9lus\"}]},{\"@type\":\"WebSite\",\"@id\":\"https:\/\/blog.holyart.it\/fr\/#website\",\"url\":\"https:\/\/blog.holyart.it\/fr\/\",\"name\":\"Holyart.fr Blog\",\"description\":\"Holyblog\",\"publisher\":{\"@id\":\"https:\/\/blog.holyart.it\/fr\/#organization\"},\"potentialAction\":[{\"@type\":\"SearchAction\",\"target\":{\"@type\":\"EntryPoint\",\"urlTemplate\":\"https:\/\/blog.holyart.it\/fr\/?s={search_term_string}\"},\"query-input\":{\"@type\":\"PropertyValueSpecification\",\"valueRequired\":true,\"valueName\":\"search_term_string\"}}],\"inLanguage\":\"fr-FR\"},{\"@type\":\"Organization\",\"@id\":\"https:\/\/blog.holyart.it\/fr\/#organization\",\"name\":\"Holyart.fr Blog\",\"url\":\"https:\/\/blog.holyart.it\/fr\/\",\"logo\":{\"@type\":\"ImageObject\",\"inLanguage\":\"fr-FR\",\"@id\":\"https:\/\/blog.holyart.it\/fr\/#\/schema\/logo\/image\/\",\"url\":\"https:\/\/blog.holyart.it\/fr\/wp-content\/uploads\/sites\/14\/2022\/12\/Holyart_Blog_Logo.jpg\",\"contentUrl\":\"https:\/\/blog.holyart.it\/fr\/wp-content\/uploads\/sites\/14\/2022\/12\/Holyart_Blog_Logo.jpg\",\"width\":300,\"height\":50,\"caption\":\"Holyart.fr Blog\"},\"image\":{\"@id\":\"https:\/\/blog.holyart.it\/fr\/#\/schema\/logo\/image\/\"}},{\"@type\":\"Person\",\"@id\":\"https:\/\/blog.holyart.it\/fr\/#\/schema\/person\/0a7b686e5af0f856ec1e390dd0baecda\",\"name\":\"Redazione\",\"image\":{\"@type\":\"ImageObject\",\"inLanguage\":\"fr-FR\",\"@id\":\"https:\/\/blog.holyart.it\/fr\/#\/schema\/person\/image\/\",\"url\":\"https:\/\/secure.gravatar.com\/avatar\/f477da817f43e50d0af36abecd33e3edf826c68299714bdc1057dff3b113f516?s=96&d=mm&r=g\",\"contentUrl\":\"https:\/\/secure.gravatar.com\/avatar\/f477da817f43e50d0af36abecd33e3edf826c68299714bdc1057dff3b113f516?s=96&d=mm&r=g\",\"caption\":\"Redazione\"},\"url\":\"https:\/\/blog.holyart.it\/fr\/author\/admin\/\"}]}<\/script>\n<!-- \/ Yoast SEO plugin. -->","yoast_head_json":{"title":"Qu\u2019est-ce qu\u2019est la pri\u00e8re de l\u2019Ang\u00e9lus - Holyart.fr Blog","description":"L\u2019Angelus est une pri\u00e8re mariale de remerciement, mais aussi une b\u00e9n\u00e9diction et un moment de dialogue entre le Pape et les fid\u00e8les.","robots":{"index":"index","follow":"follow","max-snippet":"max-snippet:-1","max-image-preview":"max-image-preview:large","max-video-preview":"max-video-preview:-1"},"canonical":"https:\/\/blog.holyart.it\/fr\/articles-religieux\/quest-ce-quest-la-priere-de-langelus\/","og_locale":"fr_FR","og_type":"article","og_title":"Qu\u2019est-ce qu\u2019est la pri\u00e8re de l\u2019Ang\u00e9lus - Holyart.fr Blog","og_description":"L\u2019Angelus est une pri\u00e8re mariale de remerciement, mais aussi une b\u00e9n\u00e9diction et un moment de dialogue entre le Pape et les fid\u00e8les.","og_url":"https:\/\/blog.holyart.it\/fr\/articles-religieux\/quest-ce-quest-la-priere-de-langelus\/","og_site_name":"Holyart.fr Blog","article_published_time":"2023-04-17T10:30:32+00:00","article_modified_time":"2025-10-21T07:58:36+00:00","og_image":[{"width":1000,"height":666,"url":"https:\/\/blog.holyart.it\/fr\/wp-content\/uploads\/sites\/14\/2023\/04\/priere-de-lAngelus.jpg","type":"image\/jpeg"}],"author":"Redazione","twitter_card":"summary_large_image","twitter_misc":{"\u00c9crit par":"Redazione","Dur\u00e9e de lecture estim\u00e9e":"7 minutes"},"schema":{"@context":"https:\/\/schema.org","@graph":[{"@type":"Article","@id":"https:\/\/blog.holyart.it\/fr\/articles-religieux\/quest-ce-quest-la-priere-de-langelus\/#article","isPartOf":{"@id":"https:\/\/blog.holyart.it\/fr\/articles-religieux\/quest-ce-quest-la-priere-de-langelus\/"},"author":{"name":"Redazione","@id":"https:\/\/blog.holyart.it\/fr\/#\/schema\/person\/0a7b686e5af0f856ec1e390dd0baecda"},"headline":"Qu\u2019est-ce qu\u2019est la pri\u00e8re de l\u2019Ang\u00e9lus","datePublished":"2023-04-17T10:30:32+00:00","dateModified":"2025-10-21T07:58:36+00:00","mainEntityOfPage":{"@id":"https:\/\/blog.holyart.it\/fr\/articles-religieux\/quest-ce-quest-la-priere-de-langelus\/"},"wordCount":1156,"publisher":{"@id":"https:\/\/blog.holyart.it\/fr\/#organization"},"image":{"@id":"https:\/\/blog.holyart.it\/fr\/articles-religieux\/quest-ce-quest-la-priere-de-langelus\/#primaryimage"},"thumbnailUrl":"https:\/\/blog.holyart.it\/fr\/wp-content\/uploads\/sites\/14\/2023\/04\/priere-de-lAngelus.jpg","articleSection":["Religion"],"inLanguage":"fr-FR"},{"@type":"WebPage","@id":"https:\/\/blog.holyart.it\/fr\/articles-religieux\/quest-ce-quest-la-priere-de-langelus\/","url":"https:\/\/blog.holyart.it\/fr\/articles-religieux\/quest-ce-quest-la-priere-de-langelus\/","name":"Qu\u2019est-ce qu\u2019est la pri\u00e8re de l\u2019Ang\u00e9lus - Holyart.fr Blog","isPartOf":{"@id":"https:\/\/blog.holyart.it\/fr\/#website"},"primaryImageOfPage":{"@id":"https:\/\/blog.holyart.it\/fr\/articles-religieux\/quest-ce-quest-la-priere-de-langelus\/#primaryimage"},"image":{"@id":"https:\/\/blog.holyart.it\/fr\/articles-religieux\/quest-ce-quest-la-priere-de-langelus\/#primaryimage"},"thumbnailUrl":"https:\/\/blog.holyart.it\/fr\/wp-content\/uploads\/sites\/14\/2023\/04\/priere-de-lAngelus.jpg","datePublished":"2023-04-17T10:30:32+00:00","dateModified":"2025-10-21T07:58:36+00:00","description":"L\u2019Angelus est une pri\u00e8re mariale de remerciement, mais aussi une b\u00e9n\u00e9diction et un moment de dialogue entre le Pape et les fid\u00e8les.","breadcrumb":{"@id":"https:\/\/blog.holyart.it\/fr\/articles-religieux\/quest-ce-quest-la-priere-de-langelus\/#breadcrumb"},"inLanguage":"fr-FR","potentialAction":[{"@type":"ReadAction","target":["https:\/\/blog.holyart.it\/fr\/articles-religieux\/quest-ce-quest-la-priere-de-langelus\/"]}]},{"@type":"ImageObject","inLanguage":"fr-FR","@id":"https:\/\/blog.holyart.it\/fr\/articles-religieux\/quest-ce-quest-la-priere-de-langelus\/#primaryimage","url":"https:\/\/blog.holyart.it\/fr\/wp-content\/uploads\/sites\/14\/2023\/04\/priere-de-lAngelus.jpg","contentUrl":"https:\/\/blog.holyart.it\/fr\/wp-content\/uploads\/sites\/14\/2023\/04\/priere-de-lAngelus.jpg","width":1000,"height":666,"caption":"priere de l\u2019Angelus"},{"@type":"BreadcrumbList","@id":"https:\/\/blog.holyart.it\/fr\/articles-religieux\/quest-ce-quest-la-priere-de-langelus\/#breadcrumb","itemListElement":[{"@type":"ListItem","position":1,"name":"Homepage","item":"https:\/\/blog.holyart.it\/fr\/"},{"@type":"ListItem","position":2,"name":"Religion","item":"https:\/\/blog.holyart.it\/fr\/articles-religieux\/"},{"@type":"ListItem","position":3,"name":"Qu\u2019est-ce qu\u2019est la pri\u00e8re de l\u2019Ang\u00e9lus"}]},{"@type":"WebSite","@id":"https:\/\/blog.holyart.it\/fr\/#website","url":"https:\/\/blog.holyart.it\/fr\/","name":"Holyart.fr Blog","description":"Holyblog","publisher":{"@id":"https:\/\/blog.holyart.it\/fr\/#organization"},"potentialAction":[{"@type":"SearchAction","target":{"@type":"EntryPoint","urlTemplate":"https:\/\/blog.holyart.it\/fr\/?s={search_term_string}"},"query-input":{"@type":"PropertyValueSpecification","valueRequired":true,"valueName":"search_term_string"}}],"inLanguage":"fr-FR"},{"@type":"Organization","@id":"https:\/\/blog.holyart.it\/fr\/#organization","name":"Holyart.fr Blog","url":"https:\/\/blog.holyart.it\/fr\/","logo":{"@type":"ImageObject","inLanguage":"fr-FR","@id":"https:\/\/blog.holyart.it\/fr\/#\/schema\/logo\/image\/","url":"https:\/\/blog.holyart.it\/fr\/wp-content\/uploads\/sites\/14\/2022\/12\/Holyart_Blog_Logo.jpg","contentUrl":"https:\/\/blog.holyart.it\/fr\/wp-content\/uploads\/sites\/14\/2022\/12\/Holyart_Blog_Logo.jpg","width":300,"height":50,"caption":"Holyart.fr Blog"},"image":{"@id":"https:\/\/blog.holyart.it\/fr\/#\/schema\/logo\/image\/"}},{"@type":"Person","@id":"https:\/\/blog.holyart.it\/fr\/#\/schema\/person\/0a7b686e5af0f856ec1e390dd0baecda","name":"Redazione","image":{"@type":"ImageObject","inLanguage":"fr-FR","@id":"https:\/\/blog.holyart.it\/fr\/#\/schema\/person\/image\/","url":"https:\/\/secure.gravatar.com\/avatar\/f477da817f43e50d0af36abecd33e3edf826c68299714bdc1057dff3b113f516?s=96&d=mm&r=g","contentUrl":"https:\/\/secure.gravatar.com\/avatar\/f477da817f43e50d0af36abecd33e3edf826c68299714bdc1057dff3b113f516?s=96&d=mm&r=g","caption":"Redazione"},"url":"https:\/\/blog.holyart.it\/fr\/author\/admin\/"}]}},"_links":{"self":[{"href":"https:\/\/blog.holyart.it\/fr\/wp-json\/wp\/v2\/posts\/6122","targetHints":{"allow":["GET"]}}],"collection":[{"href":"https:\/\/blog.holyart.it\/fr\/wp-json\/wp\/v2\/posts"}],"about":[{"href":"https:\/\/blog.holyart.it\/fr\/wp-json\/wp\/v2\/types\/post"}],"author":[{"embeddable":true,"href":"https:\/\/blog.holyart.it\/fr\/wp-json\/wp\/v2\/users\/1"}],"replies":[{"embeddable":true,"href":"https:\/\/blog.holyart.it\/fr\/wp-json\/wp\/v2\/comments?post=6122"}],"version-history":[{"count":6,"href":"https:\/\/blog.holyart.it\/fr\/wp-json\/wp\/v2\/posts\/6122\/revisions"}],"predecessor-version":[{"id":6134,"href":"https:\/\/blog.holyart.it\/fr\/wp-json\/wp\/v2\/posts\/6122\/revisions\/6134"}],"wp:featuredmedia":[{"embeddable":true,"href":"https:\/\/blog.holyart.it\/fr\/wp-json\/wp\/v2\/media\/6133"}],"wp:attachment":[{"href":"https:\/\/blog.holyart.it\/fr\/wp-json\/wp\/v2\/media?parent=6122"}],"wp:term":[{"taxonomy":"category","embeddable":true,"href":"https:\/\/blog.holyart.it\/fr\/wp-json\/wp\/v2\/categories?post=6122"},{"taxonomy":"post_tag","embeddable":true,"href":"https:\/\/blog.holyart.it\/fr\/wp-json\/wp\/v2\/tags?post=6122"}],"curies":[{"name":"wp","href":"https:\/\/api.w.org\/{rel}","templated":true}]}}