{"id":6098,"date":"2023-04-12T12:30:26","date_gmt":"2023-04-12T10:30:26","guid":{"rendered":"https:\/\/blog.holyart.it\/fr\/?p=6098"},"modified":"2025-03-17T12:15:17","modified_gmt":"2025-03-17T11:15:17","slug":"les-plus-belles-phrases-sur-la-paix-de-pape-francois","status":"publish","type":"post","link":"https:\/\/blog.holyart.it\/fr\/articles-religieux\/les-plus-belles-phrases-sur-la-paix-de-pape-francois\/","title":{"rendered":"Les plus belles phrases sur la Paix de Pape Fran\u00e7ois"},"content":{"rendered":"<h4><span style=\"color: #000000;\">En ce moment historique particulier et dramatique, les phrases sur la Paix de Pape Fran\u00e7ois repr\u00e9sentent une lueur d\u2019espoir pour toute la chr\u00e9tient\u00e9<\/span><\/h4>\n\n<p><span style=\"color: #000000;\">Jamais comme en ces derniers jours on ne\u00a0 ressent autant la n\u00e9cessit\u00e9 de <strong>mots qui inspirent paix et amour<\/strong>. Si aujourd\u2019hui nous souhaitons citer les phrases sur la Paix de <a href=\"https:\/\/www.holyart.fr\/occasions-speciales\/pape-francois?page=1\"><strong>Pape Fran\u00e7ois<\/strong><\/a>, c\u2019est parce que le conflit qui est en train de se d\u00e9rouler en Ukraine a r\u00e9veill\u00e9 avec force en nous d\u2019un c\u00f4t\u00e9 la conscience de la douleur que la guerre am\u00e8ne sous chacune de ses formes et de l\u2019autre une furieuse envie de s\u2019opposer \u00e0 la violence et \u00e0 la barbarie avec des mots d\u2019amour et d\u2019espoir.<\/span><\/p>\n<div class=\"link-product\">\n<div class=\"blocco-immagine\"><img loading=\"lazy\" decoding=\"async\" class=\"size-full wp-image-6100 alignleft\" src=\"https:\/\/blog.holyart.it\/fr\/wp-content\/uploads\/sites\/14\/2023\/04\/rosaire-pape-francisco.jpg\" alt=\"rosaire pape francisco\" width=\"100\" height=\"100\" data-kale-share-title=\"Les plus belles phrases sur la Paix de Pape Fran\u00e7ois\" data-kale-share-url=\"https:\/\/blog.holyart.it\/fr\/?p=6098\" \/><\/div>\n<div class=\"blocco-contenuto\">\n<div class=\"blocco-acquista\">Acheter sur Holyart:<\/div>\n<div class=\"blocco-titolo\"><a href=\"https:\/\/www.holyart.fr\/occasions-speciales\/pape-francois?page=1\">Pape Fran\u00e7ois<\/a><\/div>\n<div class=\"blocco-descrizione\">Vous y trouverez tout, de la croix papale du Bon Pasteur du pape Fran\u00e7ois aux chapelets, images \u00e0 l&rsquo;effigie du pape.<\/div>\n<\/div>\n<\/div>\n<p><span style=\"color: #000000;\">Que <strong>Dieu soit amour<\/strong> nous l\u2019apprenons d\u00e8s notre enfance, quand on nous introduit \u00e0 l\u2019<a href=\"https:\/\/www.holyart.fr\/blog\/articles-religieux\/lhistoire-de-jesus-les-evenements-les-plus-importants-de-sa-vie\/\"><strong>histoire de J\u00e9sus et de Son sacrifice<\/strong><\/a>. Mais Dieu est paix aussi, un Dieu de paix qui abhorre la violence sous chacune de ses formes et pr\u00eache amour et mis\u00e9ricorde parmi les hommes. Toutes les Saintes \u00c9critures sont emplies d\u2019<strong>invitations \u00e0 la paix<\/strong>, de promesses de paix, une paix qui renvoie \u00e0 la perfection de l\u2019<a href=\"https:\/\/www.holyart.fr\/blog\/articles-religieux\/le-jardin-deden-dans-la-genese\/\"><strong>\u00c9den<\/strong><\/a>, au Paradis voulu de Dieu pour Ses fils bien-aim\u00e9s, quand ils \u00e9taient encore sans p\u00e9ch\u00e9. \u00ab\u00a0<em>Le loup habitera avec l\u2019agneau, et la panth\u00e8re se couchera avec le chevreau ; le veau, le lionceau, et le b\u00e9tail qu\u2019on engraisse, seront ensemble, et un petit enfant les conduira<\/em>\u00a0\u00bb (\u00c9sa\u00efe 11,6) nous lisons dans \u00c9sa\u00efe, et dans cette vision il y a d\u00e9j\u00e0 tout le sens d\u2019un monde depuis toujours \u00e0 la recherche d\u00e9sesp\u00e9r\u00e9e de la paix et, d\u2019autre part \u00e9galement, depuis toujours d\u00e9chir\u00e9 par les conflits.<\/span><\/p>\n<div class=\"link-article\">\n<p><img loading=\"lazy\" decoding=\"async\" class=\"size-full wp-image-6103 alignleft\" src=\"https:\/\/blog.holyart.it\/fr\/wp-content\/uploads\/sites\/14\/2023\/04\/histoire-de-Jesus.jpg\" alt=\"histoire de Jesus\" width=\"150\" height=\"99\" data-kale-share-title=\"Les plus belles phrases sur la Paix de Pape Fran\u00e7ois\" data-kale-share-url=\"https:\/\/blog.holyart.it\/fr\/?p=6098\" \/><\/p>\n<div class=\"leggi-anche\">Lire aussi :<\/div>\n<p><strong><a href=\"https:\/\/www.holyart.fr\/blog\/articles-religieux\/lhistoire-de-jesus-les-evenements-les-plus-importants-de-sa-vie\/\">L\u2019histoire de J\u00e9sus\u00a0<\/a><\/strong><br \/>\nL\u2019histoire de J\u00e9sus, entre r\u00e9cit \u00e9vang\u00e9lique, r\u00e9alit\u00e9 historique et l\u00e9gende d\u00e9votionnelle. En vue de P\u00e2ques, reconstruisons la vicissitude humaine&#8230;<\/p>\n<\/div>\n<p><span style=\"color: #000000;\"><strong>J\u00e9sus a pr\u00each\u00e9 amour et paix<\/strong>\u00a0au cours de Sa br\u00e8ve vie mortelle. \u00ab\u00a0<em>Je vous laisse la paix, je vous donne ma paix. Je ne vous donne pas comme le monde donne\u00a0<\/em>\u00bb (Jean 14,27) dit-il \u00e0 ses Ap\u00f4tres le soir de <a href=\"https:\/\/www.holyart.fr\/occasions-speciales\/paques-et-careme\"><strong>P\u00e2ques<\/strong><\/a>, et il ne s\u2019agit pas simplement de vaines paroles de v\u0153u, mais d\u2019une annonce r\u00e9elle, qui pr\u00e9dit le Salut.<\/span><\/p>\n<p><span style=\"color: #000000;\"><strong>Mais comment obtient-on la Paix\u00a0? <\/strong>Avec courage, volont\u00e9 et esprit de sacrifice, non seulement de la part des puissants de la Terre, mais aussi de chaque homme, de chaque nation. \u00ab\u00a0<em>Heureux ceux qui procurent la paix, car ils seront appel\u00e9s fils de Dieu !<\/em>\u00a0\u00bb (Matthieu 5,9), et franchement le sens de ces mots r\u00e9sonne dans les phrases sur la paix de Pape Fran\u00e7ois, et dans les mises en garde d\u00e9sesp\u00e9r\u00e9es que le Saint Pontife lance en cette p\u00e9riode \u00e0 tous les hommes, afin qu\u2019ils mettent fin \u00e0 tous les conflits. Les phrases contre la guerre prononc\u00e9es par le Pape et ses pri\u00e8res pour la paix dans le monde sont embl\u00e9matiques du terrible moment historique que nous sommes en train de vivre.<\/span><\/p>\n<h2><span style=\"color: #000000;\">Phrases sur la Paix de Pape Fran\u00e7ois<\/span><\/h2>\n<p><span style=\"color: #000000;\">Au d\u00e9but de l\u2019ann\u00e9e, Pape Fran\u00e7ois avait prononc\u00e9 son invitation \u00e0 la fraternit\u00e9 et \u00e0 la solidarit\u00e9 parmi tous les peuples dans ses <a href=\"https:\/\/www.holyart.fr\/blog\/articles-religieux\/les-prieres-de-pape-francois-pour-2022-protagonistes-la-fraternite-et-la-solidarite\/\"><strong>intentions de pri\u00e8re pour 2022<\/strong><\/a>. Comme un signe du destin, nous nous retrouvons aujourd\u2019hui \u00e0 parler de guerre, \u00e0 assister \u00e0 des images bouleversantes qui sont retransmises tous les jours par les m\u00e9dias, des sc\u00e8nes que nous avons du mal \u00e0 reconna\u00eetre comme possibles parmi des hommes de notre temps. Et pourtant la guerre n\u2019est pas seulement celle qui est en train de se d\u00e9rouler entre Russie et Ukraine. Dans le monde entier on se bat depuis toujours, il y a des pays d\u00e9chir\u00e9s par des guerres civiles interminables, o\u00f9 vivent enfants et jeunes qui n\u2019ont rien connu d\u2019autre que la guerre dans leurs br\u00e8ves vies. Pour cela aussi, pour toutes <strong>les guerres qui d\u00e9chirent le monde et rendent l\u2019humanit\u00e9 mis\u00e9rable aux yeux de Dieu<\/strong>, le rappel du Pontife \u00e0 la fraternit\u00e9 et \u00e0 l\u2019amour r\u00e9sonne d\u2019autant plus actuel et d\u00e9sesp\u00e9r\u00e9, car il est incontestable qu\u2019aujourd\u2019hui plus que jamais le monde a besoin de <strong>fraternit\u00e9 humaine et de compassion<\/strong>, et nous tous sommes appel\u00e9s \u00e0 participer activement, afin que ces vertus \u00e9mergent et l\u2019emportent sur l\u2019<strong>int\u00e9r\u00eat \u00e9conomique <\/strong>et sur les <strong>ambitions d\u2019un petit nombre<\/strong>.<\/span><\/p>\n<div class=\"link-article\">\n<p><img loading=\"lazy\" decoding=\"async\" class=\"size-full wp-image-6106 alignleft\" src=\"https:\/\/blog.holyart.it\/fr\/wp-content\/uploads\/sites\/14\/2023\/04\/priere-de-Pape-Francois.jpg\" alt=\"priere de Pape Francois\" width=\"150\" height=\"99\" data-kale-share-title=\"Les plus belles phrases sur la Paix de Pape Fran\u00e7ois\" data-kale-share-url=\"https:\/\/blog.holyart.it\/fr\/?p=6098\" \/><\/p>\n<div class=\"leggi-anche\">Lire aussi :<\/div>\n<p><strong><a href=\"https:\/\/www.holyart.fr\/blog\/articles-religieux\/les-prieres-de-pape-francois-pour-2022-protagonistes-la-fraternite-et-la-solidarite\/\">Les pri\u00e8res de Pape Fran\u00e7ois pour 2022 : protagonistes la fraternit\u00e9 et la solidarit\u00e9<\/a><\/strong><br \/>\nLes pri\u00e8res de Pape Fran\u00e7ois pour 2022 sont une invitation \u00e0 la&#8230;<\/p>\n<\/div>\n<p><span style=\"color: #000000;\">Voici quelques-unes des phrases sur la paix,<\/span><\/p>\n<p><span style=\"color: #000000;\">\u00a0prononc\u00e9es par Pape Fran\u00e7ois au cours des ann\u00e9es de son vicariat apostolique\u00a0:<\/span><\/p>\n<p><span style=\"color: #000000;\"><em>\u00ab\u00a0Pour faire la paix, il faut du courage, bien plus que pour faire la guerre. Il faut du courage pour dire oui \u00e0 la rencontre et non \u00e0 l\u2019affrontement\u00a0; oui au dialogue et non \u00e0 la violence\u00a0; oui \u00e0 la n\u00e9gociation et non aux hostilit\u00e9s\u00a0; oui au respect des accords et non aux provocations\u00a0; oui \u00e0 la sinc\u00e9rit\u00e9 et non \u00e0 la duplicit\u00e9. Pour tout cela, il faut du courage, une grande force d\u2019\u00e2me.\u00a0\u00bb<\/em><\/span><\/p>\n<p><span style=\"color: #000000;\"><em>\u00ab\u00a0La paix n\u2019est pas seulement l\u2019absence de guerre, mais une condition g\u00e9n\u00e9rale dans laquelle la personne humaine est en harmonie avec elle-m\u00eame, en harmonie avec la nature et en harmonie avec les autres. C\u2019est cela la paix. Cependant, faire taire les armes et \u00e9teindre les foyers de guerre reste la condition in\u00e9vitable pour entamer un chemin qui conduise \u00e0 la paix dans ses diff\u00e9rents aspects.\u00a0\u00bb<\/em><\/span><\/p>\n<p><span style=\"color: #000000;\"><em>\u00ab\u00a0Que de partout se l\u00e8ve une seule voix : non \u00e0 la guerre et \u00e0 la violence, oui au dialogue et \u00e0 la paix\u00a0! Avec la guerre on perd toujours. L\u2019unique fa\u00e7on de gagner est de ne pas la faire.\u00a0\u00bb<\/em><\/span><\/p>\n<p><span style=\"color: #000000;\"><em>\u00ab\u00a0L\u2019une des plus profondes aspirations du c\u0153ur humain, c\u2019est le d\u00e9sir de paix et de stabilit\u00e9, puisqu\u2019il est enracin\u00e9 dans le Cr\u00e9ateur, qui fait membres de la famille humaine tous les peuples. Une telle aspiration ne peut jamais \u00eatre satisfaite uniquement par des moyens militaires, et encore moins par la possession d\u2019armes nucl\u00e9aires et d\u2019autres armes de destruction massive.\u00a0\u00bb<\/em><\/span><\/p>\n<p><span style=\"color: #000000;\"><em>\u00ab\u00a0La guerre am\u00e8ne destruction et multiplie les souffrances des populations. Espoir et progr\u00e8s ne viennent que de choix de paix.\u00a0\u00bb<\/em><\/span><\/p>\n<p><span style=\"color: #000000;\"><em>\u00ab\u00a0\u00c0 tous ceux qui utilisent injustement les armes de ce monde, je lance un appel : d\u00e9posez ces instruments de mort ; armez-vous plut\u00f4t de la justice, de l\u2019amour et de la mis\u00e9ricorde, vrais gages de paix.\u00a0\u00bb<\/em><\/span><\/p>\n<p><span style=\"color: #000000;\"><em>\u00ab\u00a0Celui qui fait la guerre, qui provoque la guerre, oublie l\u2019humanit\u00e9. Il ne part pas des gens, ne regarde pas la vie concr\u00e8te des personnes, mais place devant tous ses int\u00e9r\u00eats partisans et de pouvoir. Il se confie \u00e0 la logique diabolique et perverse des armes, qui est la plus \u00e9loign\u00e9e de la volont\u00e9 de Dieu. Et il s\u2019\u00e9loigne des gens ordinaires, qui veulent la paix\u00a0; et qui, dans tout conflit, sont les v\u00e9ritables victimes, qui paient en personne les folies de la guerre.\u00a0\u00bb<\/em><\/span><\/p>\n<p><span style=\"color: #000000;\"><em>\u00ab<\/em>\u00a0<em>Dieu est avec les artisans de paix, pas avec ceux qui utilisent la violence.\u00a0\u00bb<\/em><\/span><\/p>\n<p><span style=\"color: #000000;\"><em>\u00ab\u00a0Mettre fin \u00e0 la guerre est un devoir urgent de tous les responsables politiques devant Dieu. La paix est la priorit\u00e9 de toute politique. Dieu demandera compte \u00e0 celui qui n\u2019a pas cherch\u00e9 la paix ou a attis\u00e9 les tensions et les conflits de tous les jours, les mois, les ann\u00e9es de guerre qui ont frapp\u00e9 les peuples\u00a0!\u00a0\u00bb<\/em><\/span><\/p>\n<p><span style=\"color: #000000;\"><em>\u00ab\u00a0La paix se fonde sur le respect de chaque personne, quelle que soit son histoire, sur le respect du droit et du bien commun, de la cr\u00e9ation qui nous a \u00e9t\u00e9 confi\u00e9e et de la richesse morale transmise par les g\u00e9n\u00e9rations pass\u00e9es.\u00a0\u00bb<\/em><\/span><\/p>\n<h2><span style=\"color: #000000;\">Les mots de Pape Fran\u00e7ois sur la guerre en Ukraine<\/span><\/h2>\n<p><span style=\"color: #000000;\">Vendredi 25 mars, jour de la c\u00e9l\u00e9bration de l\u2019<strong><a href=\"https:\/\/www.holyart.fr\/blog\/articles-religieux\/annonciation-du-seigneur-pourquoi-la-fetons-nous-le-25-mars\/\">Annonciation de l\u2019Ange \u00e0 Marie<\/a><u>, <\/u><\/strong>ou Annonciation du Seigneur, Pape Fran\u00e7ois a r\u00e9pondu \u00e0 la guerre et aux horreurs qu\u2019elle am\u00e8ne avec <strong>une invitation \u00e0 tous les hommes \u00e0 retourner \u00e0 Dieu et \u00e0 Son pardon<\/strong>, puisque seuls non ne sommes pas capables de d\u00e9cider ce qui est bien pour tous les hommes, mais guid\u00e9s par l\u2019amour de Dieu, par sa bont\u00e9 et sa mis\u00e9ricorde, nous pouvons choisir le chemin vers la paix et l\u2019amour.<\/span><\/p>\n<div class=\"link-article\">\n<p><img loading=\"lazy\" decoding=\"async\" class=\"size-full wp-image-6110 alignleft\" src=\"https:\/\/blog.holyart.it\/fr\/wp-content\/uploads\/sites\/14\/2023\/04\/Annonciation-de-lAnge-a-Marie.jpg\" alt=\"Annonciation de l'Ange a Marie\" width=\"150\" height=\"99\" data-kale-share-title=\"Les plus belles phrases sur la Paix de Pape Fran\u00e7ois\" data-kale-share-url=\"https:\/\/blog.holyart.it\/fr\/?p=6098\" \/><\/p>\n<div class=\"leggi-anche\">Lire aussi :<\/div>\n<p><strong><a href=\"https:\/\/www.holyart.fr\/blog\/articles-religieux\/annonciation-du-seigneur-pourquoi-la-fetons-nous-le-25-mars\/\">Annonciation du Seigneur : pourquoi la f\u00eatons-nous le 25 mars<\/a><\/strong><br \/>\nLe 25 mars nous c\u00e9l\u00e9brons l\u2019Annonciation du Seigneur, une f\u00eate d\u00e9di\u00e9e \u00e0 J\u00e9sus, mais aussi \u00e0 Sa m\u00e8re Marie, lie\u00e9 \u00e0 Lui de mani\u00e8re indissoluble&#8230;<\/p>\n<\/div>\n<p><span style=\"color: #000000;\">Ce n\u2019est pas un hasard si le Pape a choisi justement le jour o\u00f9 on c\u00e9l\u00e8bre l\u2019Annonciation, car nous pouvons consid\u00e9rer cet \u00e9v\u00e9nement un pr\u00e9cis et imp\u00e9ratif <strong>rappel au dialogue constant entre Dieu et l\u2019homme<\/strong>. En envoyant l\u2019Ange \u00e0 Marie pour lui demander d\u2019accepter le r\u00f4le transcendantal et tr\u00e8s douloureux qu\u2019il lui r\u00e9serve, Dieu offre \u00e0 tous les hommes la possibilit\u00e9 de choisir d\u2019accepter ou pas de prendre part \u00e0 la venue du Royaume des Cieux. Dieu, qui est amour, <strong>ne contraint pas, n\u2019oblige pas<\/strong> : il offre une possibilit\u00e9, laisse \u00e0 l\u2019homme la facult\u00e9 de choisir, en pleine conscience de sa fragilit\u00e9 et de son incapacit\u00e9 de voir au-del\u00e0 de ses mis\u00e9rables vicissitudes. Et Marie, jeune fille anim\u00e9e uniquement par la foi, embrasse son destin et accueille en elle le Saint-Esprit pour devenir M\u00e8re de Dieu et symbole de l\u2019humanit\u00e9 qui se fie \u00e0 Dieu, avec une confiance aveugle et la volont\u00e9 de donner sa contribution.<\/span><\/p>\n<p><span style=\"color: #000000;\">Au <strong>C\u0153ur Immacul\u00e9 de Marie<\/strong>, <a href=\"https:\/\/www.holyart.fr\/articles-religieux\/statues\/statues-en-bois-peint\/reine-de-la-paix-de-medjugorje\"><strong>Reine de la Paix<\/strong><\/a>, le Pape a voulu consacrer l\u2019humanit\u00e9, en particulier Russie et Ukraine. Il l\u2019a fait en rappelant les <a href=\"https:\/\/www.holyart.fr\/blog\/occasions-speciales\/notre-dame-de-fatima-penitence-et-priere-sont-le-salut\/\"><strong>apparitions de Notre-Dame de Fatima en 1917<\/strong><\/a>, quand la Vierge demanda aux jeunes voyants de l\u2019aider \u00e0 conjurer la <strong>menace communiste <\/strong>provenant de la Russie en faisant consacrer la Russie \u00e0 son c\u0153ur immacul\u00e9\u00a0: \u00ab\u00a0<em>Pour emp\u00eacher cette guerre, je viendrai demander la Cons\u00e9cration de la Russie \u00e0 Mon C\u0153ur Immacul\u00e9 et la communion r\u00e9paratrice des premiers samedis. Si on accepte mes demandes, la Russie se convertira et on aura la paix ; sinon elle r\u00e9pandra ses erreurs \u00e0 travers le monde, provoquant des guerres et des pers\u00e9cutions contre l\u2019\u00c9glise. Les bons seront martyris\u00e9s, le Saint-P\u00e8re aura beaucoup \u00e0 souffrir, diverses nations seront d\u00e9truites. \u00c0 la fin, mon Coeur Immacul\u00e9 triomphera. Le Saint-P\u00e8re me consacrera la Russie, qui se convertira, et il sera conc\u00e9d\u00e9 au monde un certain temps de paix.\u00a0\u00bb <\/em>Le Pape a voulu lire dans le compte-rendu des apparitions de Fatima une vision proph\u00e9tique des jours que nous sommes en train de vivre et a accueilli la requ\u00eate de Notre-Dame de la Paix.<\/span><\/p>\n<div class=\"link-product\">\n<div class=\"blocco-immagine\"><img loading=\"lazy\" decoding=\"async\" class=\"size-full wp-image-6114 alignleft\" src=\"https:\/\/blog.holyart.it\/fr\/wp-content\/uploads\/sites\/14\/2023\/04\/Reine-de-la-paix-de-Medjugorje.jpg\" alt=\"Reine de la paix de Medjugorje\" width=\"100\" height=\"100\" data-kale-share-title=\"Les plus belles phrases sur la Paix de Pape Fran\u00e7ois\" data-kale-share-url=\"https:\/\/blog.holyart.it\/fr\/?p=6098\" \/><\/div>\n<div class=\"blocco-contenuto\">\n<div class=\"blocco-acquista\">Acheter sur Holyart:<\/div>\n<div class=\"blocco-titolo\"><a href=\"https:\/\/www.holyart.fr\/articles-religieux\/statues\/statues-en-bois-peint\/reine-de-la-paix-de-medjugorje\">Reine de la paix de Medjugorje<\/a><\/div>\n<div class=\"blocco-descrizione\">Statue taill\u00e9e enti\u00e8rement dans le bois d&rsquo;\u00e9rable et d\u00e9cor\u00e9e \u00e0 la main. Color\u00e9e en bleu, blanc et or. Tr\u00e8s pr\u00e9cieuse.<\/div>\n<\/div>\n<\/div>\n<h2><span style=\"color: #000000;\">Pri\u00e8re de Pape Fran\u00e7ois pour la Paix<\/span><\/h2>\n<p><span style=\"color: #000000;\">Toujours afin de contrecarrer la guerre en Ukraine, le Pape a d\u00e9di\u00e9 cette pri\u00e8re pour la paix dans le monde \u00e0 la Sainte Vierge, un authentique Acte de cons\u00e9cration au <a href=\"https:\/\/www.holyart.fr\/articles-religieux\/statues\/statues-en-bois-naturel\/coeur-immacule-de-marie-bois-val-gardena-bruni-3-tonalites\"><strong>C\u0153ur Immacul\u00e9 de Marie<\/strong><\/a>, la pr\u00e9sence de laquelle ram\u00e8ne \u00e0 la paix et nous guide vers J\u00e9sus, Prince de la paix. Outre \u00e0 reporter les phrases sur la paix de Pape Fran\u00e7ois, nous vous laissons ici avec un passage en particulier de la pri\u00e8re pour la paix qui m\u00e9riterait d\u2019\u00eatre r\u00e9p\u00e9t\u00e9 par chaque chr\u00e9tien, dans les jours sombres, avec l\u2019humilit\u00e9 d\u2019un fils qui invoque une m\u00e8re infiniment mis\u00e9ricordieuse, consciente du fait qu\u2019il n\u2019y a qu\u2019en elle que r\u00e9side le salut\u00a0:<\/span><\/p>\n<p><span style=\"color: #000000;\"><em>Re\u00e7ois donc, \u00f4 M\u00e8re, notre supplique.<\/em><\/span><\/p>\n<p><span style=\"color: #000000;\"><em>Toi, \u00e9toile de la mer, ne nous laisse pas sombrer dans la temp\u00eate de la guerre.<\/em><\/span><\/p>\n<p><span style=\"color: #000000;\"><em>Toi, arche de la nouvelle alliance, inspire des projets et des voies de r\u00e9conciliation.<\/em><\/span><\/p>\n<p><span style=\"color: #000000;\"><em>Toi, \u00ab\u00a0terre du Ciel\u201d, ram\u00e8ne la concorde de Dieu dans le monde.<\/em><\/span><\/p>\n<p><span style=\"color: #000000;\"><em>\u00c9teins la haine, apaise la vengeance, enseigne-nous le pardon.<\/em><\/span><\/p>\n<p><span style=\"color: #000000;\"><em>Lib\u00e8re-nous de la guerre, pr\u00e9serve le monde de la menace nucl\u00e9aire.<\/em><\/span><\/p>\n<p><span style=\"color: #000000;\"><em>Reine du Rosaire, r\u00e9veille en nous le besoin de prier et d\u2019aimer.<\/em><\/span><\/p>\n<p><span style=\"color: #000000;\"><em>Reine de la famille humaine, montre aux peuples la voie de la fraternit\u00e9.<\/em><\/span><\/p>\n<p><span style=\"color: #000000;\"><em>Reine de la paix, obtiens la paix pour le monde.<\/em><\/span><\/p>\n<div class=\"link-product\">\n<div class=\"blocco-immagine\"><img loading=\"lazy\" decoding=\"async\" class=\"size-full wp-image-6116 alignleft\" src=\"https:\/\/blog.holyart.it\/fr\/wp-content\/uploads\/sites\/14\/2023\/04\/Coeur-Immacule-de-Marie.jpg\" alt=\"Coeur Immacule de Marie\" width=\"100\" height=\"100\" data-kale-share-title=\"Les plus belles phrases sur la Paix de Pape Fran\u00e7ois\" data-kale-share-url=\"https:\/\/blog.holyart.it\/fr\/?p=6098\" \/><\/div>\n<div class=\"blocco-contenuto\">\n<div class=\"blocco-acquista\">Acheter sur Holyart:<\/div>\n<div class=\"blocco-titolo\"><a href=\"https:\/\/www.holyart.fr\/articles-religieux\/statues\/statues-en-bois-naturel\/coeur-immacule-de-marie-bois-val-gardena-bruni-3-tonalites\">Coeur Immacul\u00e9 de Marie bois Val Gardena bruni <\/a><\/div>\n<div class=\"blocco-descrizione\">Statue r\u00e9alis\u00e9e et brunie \u00e0 la main avec trois tonalit\u00e9s de brun. Sculpture tr\u00e8s soign\u00e9e dans les d\u00e9tails.<\/div>\n<\/div>\n<\/div>\n","protected":false},"excerpt":{"rendered":"<p>En ce moment historique particulier et dramatique, les phrases sur la Paix de Pape Fran\u00e7ois repr\u00e9sentent une lueur d\u2019espoir pour toute la chr\u00e9tient\u00e9 Jamais comme en ces derniers jours on ne\u00a0 ressent autant la n\u00e9cessit\u00e9 de mots qui inspirent paix et amour. Si aujourd\u2019hui nous&hellip;<\/p>\n","protected":false},"author":1,"featured_media":6119,"comment_status":"closed","ping_status":"open","sticky":false,"template":"","format":"standard","meta":{"_acf_changed":false,"footnotes":""},"categories":[8],"tags":[],"class_list":["post-6098","post","type-post","status-publish","format-standard","has-post-thumbnail","hentry","category-articles-religieux"],"acf":[],"yoast_head":"<!-- This site is optimized with the Yoast SEO plugin v26.6 - https:\/\/yoast.com\/wordpress\/plugins\/seo\/ -->\n<title>Les plus belles phrases sur la Paix de Pape Fran\u00e7ois<\/title>\n<meta name=\"description\" content=\"Les phrases sur la paix de Pape Fran\u00e7ois sont une mise en garde \u00e0 mettre en pratique les enseignements de J\u00e9sus.\" \/>\n<meta name=\"robots\" content=\"index, follow, max-snippet:-1, max-image-preview:large, max-video-preview:-1\" \/>\n<link rel=\"canonical\" href=\"https:\/\/blog.holyart.it\/fr\/articles-religieux\/les-plus-belles-phrases-sur-la-paix-de-pape-francois\/\" \/>\n<meta property=\"og:locale\" content=\"fr_FR\" \/>\n<meta property=\"og:type\" content=\"article\" \/>\n<meta property=\"og:title\" content=\"Les plus belles phrases sur la Paix de Pape Fran\u00e7ois\" \/>\n<meta property=\"og:description\" content=\"Les phrases sur la paix de Pape Fran\u00e7ois sont une mise en garde \u00e0 mettre en pratique les enseignements de J\u00e9sus.\" \/>\n<meta property=\"og:url\" content=\"https:\/\/blog.holyart.it\/fr\/articles-religieux\/les-plus-belles-phrases-sur-la-paix-de-pape-francois\/\" \/>\n<meta property=\"og:site_name\" content=\"Holyart.fr Blog\" \/>\n<meta property=\"article:published_time\" content=\"2023-04-12T10:30:26+00:00\" \/>\n<meta property=\"article:modified_time\" content=\"2025-03-17T11:15:17+00:00\" \/>\n<meta property=\"og:image\" content=\"https:\/\/blog.holyart.it\/fr\/wp-content\/uploads\/sites\/14\/2023\/04\/paix.jpg\" \/>\n\t<meta property=\"og:image:width\" content=\"1000\" \/>\n\t<meta property=\"og:image:height\" content=\"666\" \/>\n\t<meta property=\"og:image:type\" content=\"image\/jpeg\" \/>\n<meta name=\"author\" content=\"Redazione\" \/>\n<meta name=\"twitter:card\" content=\"summary_large_image\" \/>\n<meta name=\"twitter:label1\" content=\"\u00c9crit par\" \/>\n\t<meta name=\"twitter:data1\" content=\"Redazione\" \/>\n\t<meta name=\"twitter:label2\" content=\"Dur\u00e9e de lecture estim\u00e9e\" \/>\n\t<meta name=\"twitter:data2\" content=\"12 minutes\" \/>\n<script type=\"application\/ld+json\" class=\"yoast-schema-graph\">{\"@context\":\"https:\/\/schema.org\",\"@graph\":[{\"@type\":\"Article\",\"@id\":\"https:\/\/blog.holyart.it\/fr\/articles-religieux\/les-plus-belles-phrases-sur-la-paix-de-pape-francois\/#article\",\"isPartOf\":{\"@id\":\"https:\/\/blog.holyart.it\/fr\/articles-religieux\/les-plus-belles-phrases-sur-la-paix-de-pape-francois\/\"},\"author\":{\"name\":\"Redazione\",\"@id\":\"https:\/\/blog.holyart.it\/fr\/#\/schema\/person\/0a7b686e5af0f856ec1e390dd0baecda\"},\"headline\":\"Les plus belles phrases sur la Paix de Pape Fran\u00e7ois\",\"datePublished\":\"2023-04-12T10:30:26+00:00\",\"dateModified\":\"2025-03-17T11:15:17+00:00\",\"mainEntityOfPage\":{\"@id\":\"https:\/\/blog.holyart.it\/fr\/articles-religieux\/les-plus-belles-phrases-sur-la-paix-de-pape-francois\/\"},\"wordCount\":2211,\"publisher\":{\"@id\":\"https:\/\/blog.holyart.it\/fr\/#organization\"},\"image\":{\"@id\":\"https:\/\/blog.holyart.it\/fr\/articles-religieux\/les-plus-belles-phrases-sur-la-paix-de-pape-francois\/#primaryimage\"},\"thumbnailUrl\":\"https:\/\/blog.holyart.it\/fr\/wp-content\/uploads\/sites\/14\/2023\/04\/paix.jpg\",\"articleSection\":[\"Religion\"],\"inLanguage\":\"fr-FR\"},{\"@type\":\"WebPage\",\"@id\":\"https:\/\/blog.holyart.it\/fr\/articles-religieux\/les-plus-belles-phrases-sur-la-paix-de-pape-francois\/\",\"url\":\"https:\/\/blog.holyart.it\/fr\/articles-religieux\/les-plus-belles-phrases-sur-la-paix-de-pape-francois\/\",\"name\":\"Les plus belles phrases sur la Paix de Pape Fran\u00e7ois\",\"isPartOf\":{\"@id\":\"https:\/\/blog.holyart.it\/fr\/#website\"},\"primaryImageOfPage\":{\"@id\":\"https:\/\/blog.holyart.it\/fr\/articles-religieux\/les-plus-belles-phrases-sur-la-paix-de-pape-francois\/#primaryimage\"},\"image\":{\"@id\":\"https:\/\/blog.holyart.it\/fr\/articles-religieux\/les-plus-belles-phrases-sur-la-paix-de-pape-francois\/#primaryimage\"},\"thumbnailUrl\":\"https:\/\/blog.holyart.it\/fr\/wp-content\/uploads\/sites\/14\/2023\/04\/paix.jpg\",\"datePublished\":\"2023-04-12T10:30:26+00:00\",\"dateModified\":\"2025-03-17T11:15:17+00:00\",\"description\":\"Les phrases sur la paix de Pape Fran\u00e7ois sont une mise en garde \u00e0 mettre en pratique les enseignements de J\u00e9sus.\",\"breadcrumb\":{\"@id\":\"https:\/\/blog.holyart.it\/fr\/articles-religieux\/les-plus-belles-phrases-sur-la-paix-de-pape-francois\/#breadcrumb\"},\"inLanguage\":\"fr-FR\",\"potentialAction\":[{\"@type\":\"ReadAction\",\"target\":[\"https:\/\/blog.holyart.it\/fr\/articles-religieux\/les-plus-belles-phrases-sur-la-paix-de-pape-francois\/\"]}]},{\"@type\":\"ImageObject\",\"inLanguage\":\"fr-FR\",\"@id\":\"https:\/\/blog.holyart.it\/fr\/articles-religieux\/les-plus-belles-phrases-sur-la-paix-de-pape-francois\/#primaryimage\",\"url\":\"https:\/\/blog.holyart.it\/fr\/wp-content\/uploads\/sites\/14\/2023\/04\/paix.jpg\",\"contentUrl\":\"https:\/\/blog.holyart.it\/fr\/wp-content\/uploads\/sites\/14\/2023\/04\/paix.jpg\",\"width\":1000,\"height\":666,\"caption\":\"paix\"},{\"@type\":\"BreadcrumbList\",\"@id\":\"https:\/\/blog.holyart.it\/fr\/articles-religieux\/les-plus-belles-phrases-sur-la-paix-de-pape-francois\/#breadcrumb\",\"itemListElement\":[{\"@type\":\"ListItem\",\"position\":1,\"name\":\"Homepage\",\"item\":\"https:\/\/blog.holyart.it\/fr\/\"},{\"@type\":\"ListItem\",\"position\":2,\"name\":\"Religion\",\"item\":\"https:\/\/blog.holyart.it\/fr\/articles-religieux\/\"},{\"@type\":\"ListItem\",\"position\":3,\"name\":\"Les plus belles phrases sur la Paix de Pape Fran\u00e7ois\"}]},{\"@type\":\"WebSite\",\"@id\":\"https:\/\/blog.holyart.it\/fr\/#website\",\"url\":\"https:\/\/blog.holyart.it\/fr\/\",\"name\":\"Holyart.fr Blog\",\"description\":\"Holyblog\",\"publisher\":{\"@id\":\"https:\/\/blog.holyart.it\/fr\/#organization\"},\"potentialAction\":[{\"@type\":\"SearchAction\",\"target\":{\"@type\":\"EntryPoint\",\"urlTemplate\":\"https:\/\/blog.holyart.it\/fr\/?s={search_term_string}\"},\"query-input\":{\"@type\":\"PropertyValueSpecification\",\"valueRequired\":true,\"valueName\":\"search_term_string\"}}],\"inLanguage\":\"fr-FR\"},{\"@type\":\"Organization\",\"@id\":\"https:\/\/blog.holyart.it\/fr\/#organization\",\"name\":\"Holyart.fr Blog\",\"url\":\"https:\/\/blog.holyart.it\/fr\/\",\"logo\":{\"@type\":\"ImageObject\",\"inLanguage\":\"fr-FR\",\"@id\":\"https:\/\/blog.holyart.it\/fr\/#\/schema\/logo\/image\/\",\"url\":\"https:\/\/blog.holyart.it\/fr\/wp-content\/uploads\/sites\/14\/2022\/12\/Holyart_Blog_Logo.jpg\",\"contentUrl\":\"https:\/\/blog.holyart.it\/fr\/wp-content\/uploads\/sites\/14\/2022\/12\/Holyart_Blog_Logo.jpg\",\"width\":300,\"height\":50,\"caption\":\"Holyart.fr Blog\"},\"image\":{\"@id\":\"https:\/\/blog.holyart.it\/fr\/#\/schema\/logo\/image\/\"}},{\"@type\":\"Person\",\"@id\":\"https:\/\/blog.holyart.it\/fr\/#\/schema\/person\/0a7b686e5af0f856ec1e390dd0baecda\",\"name\":\"Redazione\",\"image\":{\"@type\":\"ImageObject\",\"inLanguage\":\"fr-FR\",\"@id\":\"https:\/\/blog.holyart.it\/fr\/#\/schema\/person\/image\/\",\"url\":\"https:\/\/secure.gravatar.com\/avatar\/f477da817f43e50d0af36abecd33e3edf826c68299714bdc1057dff3b113f516?s=96&d=mm&r=g\",\"contentUrl\":\"https:\/\/secure.gravatar.com\/avatar\/f477da817f43e50d0af36abecd33e3edf826c68299714bdc1057dff3b113f516?s=96&d=mm&r=g\",\"caption\":\"Redazione\"},\"url\":\"https:\/\/blog.holyart.it\/fr\/author\/admin\/\"}]}<\/script>\n<!-- \/ Yoast SEO plugin. -->","yoast_head_json":{"title":"Les plus belles phrases sur la Paix de Pape Fran\u00e7ois","description":"Les phrases sur la paix de Pape Fran\u00e7ois sont une mise en garde \u00e0 mettre en pratique les enseignements de J\u00e9sus.","robots":{"index":"index","follow":"follow","max-snippet":"max-snippet:-1","max-image-preview":"max-image-preview:large","max-video-preview":"max-video-preview:-1"},"canonical":"https:\/\/blog.holyart.it\/fr\/articles-religieux\/les-plus-belles-phrases-sur-la-paix-de-pape-francois\/","og_locale":"fr_FR","og_type":"article","og_title":"Les plus belles phrases sur la Paix de Pape Fran\u00e7ois","og_description":"Les phrases sur la paix de Pape Fran\u00e7ois sont une mise en garde \u00e0 mettre en pratique les enseignements de J\u00e9sus.","og_url":"https:\/\/blog.holyart.it\/fr\/articles-religieux\/les-plus-belles-phrases-sur-la-paix-de-pape-francois\/","og_site_name":"Holyart.fr Blog","article_published_time":"2023-04-12T10:30:26+00:00","article_modified_time":"2025-03-17T11:15:17+00:00","og_image":[{"width":1000,"height":666,"url":"https:\/\/blog.holyart.it\/fr\/wp-content\/uploads\/sites\/14\/2023\/04\/paix.jpg","type":"image\/jpeg"}],"author":"Redazione","twitter_card":"summary_large_image","twitter_misc":{"\u00c9crit par":"Redazione","Dur\u00e9e de lecture estim\u00e9e":"12 minutes"},"schema":{"@context":"https:\/\/schema.org","@graph":[{"@type":"Article","@id":"https:\/\/blog.holyart.it\/fr\/articles-religieux\/les-plus-belles-phrases-sur-la-paix-de-pape-francois\/#article","isPartOf":{"@id":"https:\/\/blog.holyart.it\/fr\/articles-religieux\/les-plus-belles-phrases-sur-la-paix-de-pape-francois\/"},"author":{"name":"Redazione","@id":"https:\/\/blog.holyart.it\/fr\/#\/schema\/person\/0a7b686e5af0f856ec1e390dd0baecda"},"headline":"Les plus belles phrases sur la Paix de Pape Fran\u00e7ois","datePublished":"2023-04-12T10:30:26+00:00","dateModified":"2025-03-17T11:15:17+00:00","mainEntityOfPage":{"@id":"https:\/\/blog.holyart.it\/fr\/articles-religieux\/les-plus-belles-phrases-sur-la-paix-de-pape-francois\/"},"wordCount":2211,"publisher":{"@id":"https:\/\/blog.holyart.it\/fr\/#organization"},"image":{"@id":"https:\/\/blog.holyart.it\/fr\/articles-religieux\/les-plus-belles-phrases-sur-la-paix-de-pape-francois\/#primaryimage"},"thumbnailUrl":"https:\/\/blog.holyart.it\/fr\/wp-content\/uploads\/sites\/14\/2023\/04\/paix.jpg","articleSection":["Religion"],"inLanguage":"fr-FR"},{"@type":"WebPage","@id":"https:\/\/blog.holyart.it\/fr\/articles-religieux\/les-plus-belles-phrases-sur-la-paix-de-pape-francois\/","url":"https:\/\/blog.holyart.it\/fr\/articles-religieux\/les-plus-belles-phrases-sur-la-paix-de-pape-francois\/","name":"Les plus belles phrases sur la Paix de Pape Fran\u00e7ois","isPartOf":{"@id":"https:\/\/blog.holyart.it\/fr\/#website"},"primaryImageOfPage":{"@id":"https:\/\/blog.holyart.it\/fr\/articles-religieux\/les-plus-belles-phrases-sur-la-paix-de-pape-francois\/#primaryimage"},"image":{"@id":"https:\/\/blog.holyart.it\/fr\/articles-religieux\/les-plus-belles-phrases-sur-la-paix-de-pape-francois\/#primaryimage"},"thumbnailUrl":"https:\/\/blog.holyart.it\/fr\/wp-content\/uploads\/sites\/14\/2023\/04\/paix.jpg","datePublished":"2023-04-12T10:30:26+00:00","dateModified":"2025-03-17T11:15:17+00:00","description":"Les phrases sur la paix de Pape Fran\u00e7ois sont une mise en garde \u00e0 mettre en pratique les enseignements de J\u00e9sus.","breadcrumb":{"@id":"https:\/\/blog.holyart.it\/fr\/articles-religieux\/les-plus-belles-phrases-sur-la-paix-de-pape-francois\/#breadcrumb"},"inLanguage":"fr-FR","potentialAction":[{"@type":"ReadAction","target":["https:\/\/blog.holyart.it\/fr\/articles-religieux\/les-plus-belles-phrases-sur-la-paix-de-pape-francois\/"]}]},{"@type":"ImageObject","inLanguage":"fr-FR","@id":"https:\/\/blog.holyart.it\/fr\/articles-religieux\/les-plus-belles-phrases-sur-la-paix-de-pape-francois\/#primaryimage","url":"https:\/\/blog.holyart.it\/fr\/wp-content\/uploads\/sites\/14\/2023\/04\/paix.jpg","contentUrl":"https:\/\/blog.holyart.it\/fr\/wp-content\/uploads\/sites\/14\/2023\/04\/paix.jpg","width":1000,"height":666,"caption":"paix"},{"@type":"BreadcrumbList","@id":"https:\/\/blog.holyart.it\/fr\/articles-religieux\/les-plus-belles-phrases-sur-la-paix-de-pape-francois\/#breadcrumb","itemListElement":[{"@type":"ListItem","position":1,"name":"Homepage","item":"https:\/\/blog.holyart.it\/fr\/"},{"@type":"ListItem","position":2,"name":"Religion","item":"https:\/\/blog.holyart.it\/fr\/articles-religieux\/"},{"@type":"ListItem","position":3,"name":"Les plus belles phrases sur la Paix de Pape Fran\u00e7ois"}]},{"@type":"WebSite","@id":"https:\/\/blog.holyart.it\/fr\/#website","url":"https:\/\/blog.holyart.it\/fr\/","name":"Holyart.fr Blog","description":"Holyblog","publisher":{"@id":"https:\/\/blog.holyart.it\/fr\/#organization"},"potentialAction":[{"@type":"SearchAction","target":{"@type":"EntryPoint","urlTemplate":"https:\/\/blog.holyart.it\/fr\/?s={search_term_string}"},"query-input":{"@type":"PropertyValueSpecification","valueRequired":true,"valueName":"search_term_string"}}],"inLanguage":"fr-FR"},{"@type":"Organization","@id":"https:\/\/blog.holyart.it\/fr\/#organization","name":"Holyart.fr Blog","url":"https:\/\/blog.holyart.it\/fr\/","logo":{"@type":"ImageObject","inLanguage":"fr-FR","@id":"https:\/\/blog.holyart.it\/fr\/#\/schema\/logo\/image\/","url":"https:\/\/blog.holyart.it\/fr\/wp-content\/uploads\/sites\/14\/2022\/12\/Holyart_Blog_Logo.jpg","contentUrl":"https:\/\/blog.holyart.it\/fr\/wp-content\/uploads\/sites\/14\/2022\/12\/Holyart_Blog_Logo.jpg","width":300,"height":50,"caption":"Holyart.fr Blog"},"image":{"@id":"https:\/\/blog.holyart.it\/fr\/#\/schema\/logo\/image\/"}},{"@type":"Person","@id":"https:\/\/blog.holyart.it\/fr\/#\/schema\/person\/0a7b686e5af0f856ec1e390dd0baecda","name":"Redazione","image":{"@type":"ImageObject","inLanguage":"fr-FR","@id":"https:\/\/blog.holyart.it\/fr\/#\/schema\/person\/image\/","url":"https:\/\/secure.gravatar.com\/avatar\/f477da817f43e50d0af36abecd33e3edf826c68299714bdc1057dff3b113f516?s=96&d=mm&r=g","contentUrl":"https:\/\/secure.gravatar.com\/avatar\/f477da817f43e50d0af36abecd33e3edf826c68299714bdc1057dff3b113f516?s=96&d=mm&r=g","caption":"Redazione"},"url":"https:\/\/blog.holyart.it\/fr\/author\/admin\/"}]}},"_links":{"self":[{"href":"https:\/\/blog.holyart.it\/fr\/wp-json\/wp\/v2\/posts\/6098","targetHints":{"allow":["GET"]}}],"collection":[{"href":"https:\/\/blog.holyart.it\/fr\/wp-json\/wp\/v2\/posts"}],"about":[{"href":"https:\/\/blog.holyart.it\/fr\/wp-json\/wp\/v2\/types\/post"}],"author":[{"embeddable":true,"href":"https:\/\/blog.holyart.it\/fr\/wp-json\/wp\/v2\/users\/1"}],"replies":[{"embeddable":true,"href":"https:\/\/blog.holyart.it\/fr\/wp-json\/wp\/v2\/comments?post=6098"}],"version-history":[{"count":15,"href":"https:\/\/blog.holyart.it\/fr\/wp-json\/wp\/v2\/posts\/6098\/revisions"}],"predecessor-version":[{"id":6120,"href":"https:\/\/blog.holyart.it\/fr\/wp-json\/wp\/v2\/posts\/6098\/revisions\/6120"}],"wp:featuredmedia":[{"embeddable":true,"href":"https:\/\/blog.holyart.it\/fr\/wp-json\/wp\/v2\/media\/6119"}],"wp:attachment":[{"href":"https:\/\/blog.holyart.it\/fr\/wp-json\/wp\/v2\/media?parent=6098"}],"wp:term":[{"taxonomy":"category","embeddable":true,"href":"https:\/\/blog.holyart.it\/fr\/wp-json\/wp\/v2\/categories?post=6098"},{"taxonomy":"post_tag","embeddable":true,"href":"https:\/\/blog.holyart.it\/fr\/wp-json\/wp\/v2\/tags?post=6098"}],"curies":[{"name":"wp","href":"https:\/\/api.w.org\/{rel}","templated":true}]}}