{"id":6074,"date":"2023-04-10T12:30:01","date_gmt":"2023-04-10T10:30:01","guid":{"rendered":"https:\/\/blog.holyart.it\/fr\/?p=6074"},"modified":"2025-03-07T14:59:57","modified_gmt":"2025-03-07T13:59:57","slug":"la-vie-de-marie-apres-la-resurrection-de-jesus","status":"publish","type":"post","link":"https:\/\/blog.holyart.it\/fr\/articles-religieux\/la-vie-de-marie-apres-la-resurrection-de-jesus\/","title":{"rendered":"La vie de Marie apr\u00e8s la R\u00e9surrection de J\u00e9sus"},"content":{"rendered":"<h4>Qu\u2019est-il arriv\u00e9 \u00e0 la Sainte Vierge apr\u00e8s la R\u00e9surrection de J\u00e9sus\u00a0? Enqu\u00eatons sur la vie de Marie \u00e0 travers les \u00c9vangiles, jusqu\u2019au jour de son Assomption au Ciel<\/h4>\n<p>Qu\u2019est-il arriv\u00e9 \u00e0 <a href=\"https:\/\/www.holyart.fr\/produits\/statues-vierge-marie.php\"><strong>Marie<\/strong><\/a>, m\u00e8re de J\u00e9sus, apr\u00e8s la mort et la R\u00e9surrection de Son fils ? Les \u00c9vangiles ne nous racontent pas beaucoup \u00e0 ce propos, les mentions nous permettant de reconstruire en partie la vie de Marie apr\u00e8s les faits tragiques de J\u00e9rusalem ne sont que sporadiques. La tradition successive a essay\u00e9 de reconstruire ses d\u00e9placements de mani\u00e8re plus ou moins fantaisiste. Si nous nous conformons aux <a href=\"https:\/\/www.holyart.fr\/articles-religieux\/livres-sacres\"><strong>Saintes \u00c9critures<\/strong><\/a>, nous devons d\u00e9duire que la Sainte Vierge resta \u00e0 J\u00e9rusalem avec les Ap\u00f4tres, en particulier avec <strong>Saint Jean l\u2019Ap\u00f4tre<\/strong>, auquel J\u00e9sus l\u2019avait confi\u00e9 \u00e0 l\u2019article de la mort. Dans l\u2019\u00c9vangile de Jean lui-m\u00eame nous lisons : \u00ab\u00a0<em>J\u00e9sus, voyant sa m\u00e8re, et aupr\u00e8s d\u2019elle le disciple qu\u2019il aimait, dit \u00e0 sa m\u00e8re\u00a0: Femme, voil\u00e0 ton fils. Puis il dit au disciple\u00a0: Voil\u00e0 ta m\u00e8re. Et, d\u00e8s ce moment, le disciple la prit chez lui<\/em>\u00a0\u00bb (Jean 19,26-27).<\/p>\n<div class=\"link-product\">\n<div class=\"blocco-immagine\"><img loading=\"lazy\" decoding=\"async\" class=\"size-full wp-image-6083 alignleft\" src=\"https:\/\/blog.holyart.it\/fr\/wp-content\/uploads\/sites\/14\/2023\/03\/statue-marie.jpg\" alt=\"statue marie\" width=\"100\" height=\"100\" data-kale-share-title=\"La vie de Marie apr\u00e8s la R\u00e9surrection de J\u00e9sus\" data-kale-share-url=\"https:\/\/blog.holyart.it\/fr\/?p=6074\" \/><\/div>\n<div class=\"blocco-contenuto\">\n<div class=\"blocco-acquista\">Acheter sur Holyart:<\/div>\n<div class=\"blocco-titolo\"><a href=\"https:\/\/www.holyart.fr\/produits\/statues-vierge-marie.php\">Statues Vierge Marie<\/a><\/div>\n<div class=\"blocco-descrizione\">Large choix de statues de la Vierge Marie, disponibles dans diff\u00e9rentes cat\u00e9gories selon les mat\u00e9riaux.<\/div>\n<\/div>\n<\/div>\n<p>De cet extrait nous tirons deux indices : Marie resta avec le <a href=\"https:\/\/www.holyart.fr\/blog\/articles-religieux\/le-disciple-bien-aime-qui-etait-le-disciple-prefere-de-jesus\/\"><strong><u>disciple bien-aim\u00e9 de J\u00e9sus<\/u><\/strong><\/a>, l\u2019<strong>ap\u00f4tre Jean<\/strong>, fr\u00e8re des ap\u00f4tres Simon Pierre et Andr\u00e9, auteur du Quatri\u00e8me \u00c9vangile, et vraisemblablement ils all\u00e8rent habiter dans la <strong>ville d\u2019\u00c9ph\u00e8se<\/strong>, o\u00f9 Jean s\u2019\u00e9tablit. En effet, selon les t\u00e9moignages d\u2019Ir\u00e9n\u00e9e de Lyon et de Polycrate d\u2019\u00c9ph\u00e8se, Saint Jean, apr\u00e8s avoir s\u00e9journ\u00e9 pendant une br\u00e8ve p\u00e9riode sur l\u2019\u00eele de Patmos, se transf\u00e9ra \u00e0 \u00c9ph\u00e8se, dans l\u2019actuelle Turquie, et alla vivre dans une maison sur une colline inhabit\u00e9e. Quand arriva pour lui le moment de mourir, le Seigneur l\u2019avertit, et Jean creusa une tombe en forme de crois et s\u2019y allongea. Dans ce trou il disparut envelopp\u00e9 par une grande lumi\u00e8re et par un parfum tr\u00e8s doux. Ses disciples l\u2019enterr\u00e8rent, mais ils racont\u00e8rent que dans les jours qui suivirent la terre pos\u00e9e sur son tombeau continuait de se soulever, comme d\u00e9plac\u00e9e par une respiration. D\u2019o\u00f9 le nom donn\u00e9 \u00e0 cette colline : <em>aya soluk<\/em>, \u00ab\u00a0saint souffle\u00a0\u00bb.<\/p>\n<div class=\"link-article\">\n<p><img loading=\"lazy\" decoding=\"async\" class=\"size-full wp-image-6085 alignleft\" src=\"https:\/\/blog.holyart.it\/fr\/wp-content\/uploads\/sites\/14\/2023\/03\/Jean-le-disciple-bien-aime-de-Jesus.jpeg\" alt=\"Jean, le disciple bien-aim\u00e9 de J\u00e9sus\" width=\"150\" height=\"99\" data-kale-share-title=\"La vie de Marie apr\u00e8s la R\u00e9surrection de J\u00e9sus\" data-kale-share-url=\"https:\/\/blog.holyart.it\/fr\/?p=6074\" \/><\/p>\n<div class=\"leggi-anche\">Lire aussi :<\/div>\n<p><strong><a href=\"https:\/\/www.holyart.fr\/blog\/articles-religieux\/le-disciple-bien-aime-qui-etait-le-disciple-prefere-de-jesus\/\">Le disciple bien-aim\u00e9 : qui \u00e9tait le disciple \u00ab pr\u00e9f\u00e9r\u00e9 \u00bb de J\u00e9sus<\/a><\/strong><br \/>\nJean, le disciple bien-aim\u00e9 de J\u00e9sus. P\u00eacheur, comme les fr\u00e8res Simon Pierre et Andr\u00e9, avait un rapport sp\u00e9cial avec Christ. Voici pourquoi.<\/p>\n<\/div>\n<p>Mais avant d\u2019arriver \u00e0 \u00c9ph\u00e8se nous savons que <strong>Marie et Jean rest\u00e8rent \u00e0 J\u00e9rusalem<\/strong> avec les autres ap\u00f4tres jusqu\u2019au jour de la <strong>Pentec\u00f4te<\/strong>. Dans les <em>Actes des Ap\u00f4tres<\/em> (Actes 2,1-11) nous lisons \u00e0 propos de cet \u00e9pisode : Marie et tous les Ap\u00f4tres se trouvaient au m\u00eame endroit quand \u00ab <em>Tout \u00e0 coup il vint du ciel un bruit comme celui d\u2019un vent imp\u00e9tueux, et il remplit toute la maison o\u00f9 ils \u00e9taient assis. Des langues, semblables \u00e0 des langues de feu, leur apparurent, s\u00e9par\u00e9es les unes des autres, et se pos\u00e8rent sur chacun d\u2019eux. Et ils furent tous remplis du Saint-Esprit, et se mirent \u00e0 parler en d\u2019autres langues, selon que l\u2019Esprit leur donnait de s\u2019exprimer\u00a0<\/em>\u00bb. Nous pouvons affirmer que Marie est <strong>le c\u0153ur m\u00eame de la Pentec\u00f4te<\/strong>, elle qui depuis toujours interc\u00e8de aupr\u00e8s de Dieu pour les hommes et qui participe \u00e0 la descente du Saint-Esprit, quasi comme un catalyseur, qui a \u00a0 rendu possible avec sa gr\u00e2ce l\u2019investiture des Ap\u00f4tres et la promesse d\u2019espoir pour tous les hommes.<\/p>\n<div class=\"link-article\">\n<p><img loading=\"lazy\" decoding=\"async\" class=\"size-full wp-image-6089 alignleft\" src=\"https:\/\/blog.holyart.it\/fr\/wp-content\/uploads\/sites\/14\/2023\/03\/Pentecote-qui-rappelle-la-descente-du-Saint-Esprit.jpg\" alt=\"Pentec\u00f4te, qui rappelle la descente du Saint-Esprit\" width=\"150\" height=\"99\" data-kale-share-title=\"La vie de Marie apr\u00e8s la R\u00e9surrection de J\u00e9sus\" data-kale-share-url=\"https:\/\/blog.holyart.it\/fr\/?p=6074\" \/><\/p>\n<div class=\"leggi-anche\">Lire aussi :<\/div>\n<p><strong><a href=\"https:\/\/www.holyart.fr\/blog\/accessoires-pour-la-liturgie\/a-loccasion-de-la-pentecote-priez-marie-qui-defait-les-noeuds\/\">A l\u2019occasion de la Pentec\u00f4te, priez Marie qui d\u00e9fait les n\u0153uds<\/a><\/strong><br \/>\n50 jours apr\u00e8s P\u00e2ques, on f\u00eate la Pentec\u00f4te, qui rappelle la descente du Saint-Esprit sur les disciples et le d\u00e9but de la mission de l\u2019\u00c9glise. Cette ann\u00e9e, c\u00e9l\u00e9brons-la en r\u00e9citant une Neuvaine \u00e0 Marie qui d\u00e9fait les n\u0153uds.<\/p>\n<\/div>\n<h2><strong>La maison de Marie \u00e0 \u00c9ph\u00e8se<\/strong><\/h2>\n<p>La maison de la Vierge surgissait \u00e0 \u00c9ph\u00e8se. Ou ainsi il est vraisemblable de le croire si effectivement Marie M\u00e8re de Dieu alla vivre dans cette ville les derni\u00e8res ann\u00e9es de sa vie. De fait, \u00e0 \u00c9ph\u00e8se il existe un lieu de culte, <strong>La Maison de Marie<\/strong>, en turc <em>Meryem Ana Evi<\/em>, visit\u00e9e chaque ann\u00e9e par au moins un million de p\u00e8lerins chr\u00e9tiens comme musulmans. Elle fut d\u00e9couverte \u00e0 la fin du XIXe si\u00e8cle par un groupe de recherche compos\u00e9 de religieux et de la\u00efcs et guid\u00e9 par S\u0153ur Marie de Mandat-Grancey, une nonne fran\u00e7aise d\u00e9vou\u00e9e \u00e0 Marie et obs\u00e9d\u00e9e par l\u2019id\u00e9e de trouver le lieu o\u00f9 elle avait v\u00e9cu. Ce fut elle qui s\u2019\u00e9tait lanc\u00e9e dans cette recherche \u00e0 partir des indications laiss\u00e9es par la mystique allemande <strong>Anna Katerina Emmerick<\/strong>, qui avait eu des visions \u00e0 propos de Marie et de Saint Jean et sur leur vie apr\u00e8s la <a href=\"https:\/\/blog.holyart.it\/fr\/articles-religieux\/lhistoire-de-jesus-les-evenements-les-plus-importants-de-sa-vie\/\"><strong>R\u00e9surrection de J\u00e9sus<\/strong><\/a>. La mystique, dans un de ses livres publi\u00e9s \u00e0 Munich en 1852, avait racont\u00e9 avoir vu la maison, faite de pierres rectangulaires, avec des grandes fen\u00eatres, compos\u00e9e de deux parties, avec l\u2019\u00e2tre au centre. Anna Katerina Emmerick avait \u00e9galement dit o\u00f9 se situait la maison\u00a0: \u00ab\u00a0<em>Marie ne v\u00e9cut pas pr\u00e9cis\u00e9ment \u00e0 \u00c9ph\u00e8se, mais dans un village voisin. La demeure de Marie se trouvait sur une colline \u00e0 gauche de la route en direction de J\u00e9rusalem, \u00e0 environ trois heures et demie d\u2019\u00c9ph\u00e8se. Cette colline s\u2019\u00e9claircit rapidement en se tournant vers \u00c9ph\u00e8se ; en s\u2019approchant de sud-est, la ville semble s\u2019\u00e9tendre sur un terrain rehauss\u00e9\u2026 Des sentiers \u00e9troits en direction du sud conduisent \u00e0 une colline, sur le sommet de laquelle se situe un plateau irr\u00e9gulier, \u00e0 environ une demi-heure de route<\/em>\u00a0\u00bb.<\/p>\n<div class=\"link-article\">\n<p><img loading=\"lazy\" decoding=\"async\" class=\"size-full wp-image-6094 alignleft\" src=\"https:\/\/blog.holyart.it\/fr\/wp-content\/uploads\/sites\/14\/2023\/03\/histoire-de-jesus.jpg\" alt=\"histoire de jesus\" width=\"150\" height=\"99\" data-kale-share-title=\"La vie de Marie apr\u00e8s la R\u00e9surrection de J\u00e9sus\" data-kale-share-url=\"https:\/\/blog.holyart.it\/fr\/?p=6074\" \/><\/p>\n<div class=\"leggi-anche\">Lire aussi :<\/div>\n<p><strong><a href=\"https:\/\/blog.holyart.it\/fr\/articles-religieux\/lhistoire-de-jesus-les-evenements-les-plus-importants-de-sa-vie\/\">L\u2019histoire de J\u00e9sus : les \u00e9v\u00e9nements les plus importants de Sa vie<\/a><\/strong><br \/>\nL\u2019histoire de J\u00e9sus, entre r\u00e9cit \u00e9vang\u00e9lique, r\u00e9alit\u00e9 historique et l\u00e9gende d\u00e9votionnelle. En vue de P\u00e2ques, reconstruisons la vicissitude humaine qui a chang\u00e9 le destin de l\u2019humanit\u00e9<\/p>\n<\/div>\n<p>La mystique <strong>Maria Valtorta<\/strong> aussi affirmait avoir eu des visions d\u00e9taill\u00e9es et des entrevues avec Marie et J\u00e9sus. S\u0153ur Marie confronta alors les \u00e9crits des deux femmes et, suivant les indications qui y \u00e9taient contenues, d\u00e9couvrit le lieu o\u00f9 la maison de la Vierge Marie se trouvait, sur une colline hors de la ville. Ici, d\u00e9j\u00e0 quelques ann\u00e9es auparavant, le pr\u00eatre fran\u00e7ais Julien Gouyet avait trouv\u00e9 les restes d\u2019une construction qu\u2019il avait reli\u00e9 \u00e0 l\u2019histoire de Marie. En creusant, on d\u00e9couvrit les restes d\u2019une maison du Ier si\u00e8cle, sur lesquels au Ve si\u00e8cle avait \u00e9t\u00e9 \u00e9rig\u00e9e la premi\u00e8re basilique d\u00e9di\u00e9e \u00e0 Marie. Les autochtones appelaient ces ruines <em>Panaya Kapulu<\/em>, \u00ab\u00a0Porte de la Vierge\u00a0\u00bb. La s\u0153ur acheta le terrain, qui devint tout de suite <a href=\"https:\/\/www.holyart.fr\/blog\/articles-religieux\/5-lieux-de-pelerinage-ou-se-rendre-au-moins-une-fois-dans-sa-vie\/\"><strong>lieu de p\u00e8lerinage<\/strong><\/a> et m\u00eame d\u2019indulgence pl\u00e9ni\u00e8re par volont\u00e9 de Pape Jean-Paul XXIII et d\u2019autres papes apr\u00e8s lui.<\/p>\n<div class=\"link-article\">\n<p><img loading=\"lazy\" decoding=\"async\" class=\"size-full wp-image-6095 alignleft\" src=\"https:\/\/blog.holyart.it\/fr\/wp-content\/uploads\/sites\/14\/2023\/03\/pelerinage.jpeg\" alt=\"p\u00e8lerinage\" width=\"150\" height=\"99\" data-kale-share-title=\"La vie de Marie apr\u00e8s la R\u00e9surrection de J\u00e9sus\" data-kale-share-url=\"https:\/\/blog.holyart.it\/fr\/?p=6074\" \/><\/p>\n<div class=\"leggi-anche\">Lire aussi :<\/div>\n<p><strong><a href=\"https:\/\/www.holyart.fr\/blog\/articles-religieux\/5-lieux-de-pelerinage-ou-se-rendre-au-moins-une-fois-dans-sa-vie\/\">5 lieux de p\u00e8lerinage o\u00f9 se rendre au moins une fois dans sa vie<\/a><\/strong><br \/>\nL\u2019action de Dieu sur cette Terre laisse une marque forte et qui nous attire : voici cinq p\u00e8lerinages de foi \u00e0 faire au moins une fois dans la vie<\/p>\n<\/div>\n","protected":false},"excerpt":{"rendered":"<p>Qu\u2019est-il arriv\u00e9 \u00e0 la Sainte Vierge apr\u00e8s la R\u00e9surrection de J\u00e9sus\u00a0? Enqu\u00eatons sur la vie de Marie \u00e0 travers les \u00c9vangiles, jusqu\u2019au jour de son Assomption au Ciel Qu\u2019est-il arriv\u00e9 \u00e0 Marie, m\u00e8re de J\u00e9sus, apr\u00e8s la mort et la R\u00e9surrection de Son fils ?&hellip;<\/p>\n","protected":false},"author":1,"featured_media":6150,"comment_status":"closed","ping_status":"open","sticky":false,"template":"","format":"standard","meta":{"_acf_changed":false,"footnotes":""},"categories":[14,8],"tags":[],"class_list":["post-6074","post","type-post","status-publish","format-standard","has-post-thumbnail","hentry","category-paques","category-articles-religieux"],"acf":[],"yoast_head":"<!-- This site is optimized with the Yoast SEO plugin v26.6 - https:\/\/yoast.com\/wordpress\/plugins\/seo\/ -->\n<title>La vie de Marie apr\u00e8s la R\u00e9surrection de J\u00e9sus - Holyart.fr Blog<\/title>\n<meta name=\"description\" content=\"O\u00f9 v\u00e9cut la Vierge apr\u00e8s la R\u00e9surrection de J\u00e9sus\u00a0? Les \u00c9vangiles offrent des br\u00e8ves indications sur la vie de Marie\" \/>\n<meta name=\"robots\" content=\"index, follow, max-snippet:-1, max-image-preview:large, max-video-preview:-1\" \/>\n<link rel=\"canonical\" href=\"https:\/\/blog.holyart.it\/fr\/articles-religieux\/la-vie-de-marie-apres-la-resurrection-de-jesus\/\" \/>\n<meta property=\"og:locale\" content=\"fr_FR\" \/>\n<meta property=\"og:type\" content=\"article\" \/>\n<meta property=\"og:title\" content=\"La vie de Marie apr\u00e8s la R\u00e9surrection de J\u00e9sus - Holyart.fr Blog\" \/>\n<meta property=\"og:description\" content=\"O\u00f9 v\u00e9cut la Vierge apr\u00e8s la R\u00e9surrection de J\u00e9sus\u00a0? Les \u00c9vangiles offrent des br\u00e8ves indications sur la vie de Marie\" \/>\n<meta property=\"og:url\" content=\"https:\/\/blog.holyart.it\/fr\/articles-religieux\/la-vie-de-marie-apres-la-resurrection-de-jesus\/\" \/>\n<meta property=\"og:site_name\" content=\"Holyart.fr Blog\" \/>\n<meta property=\"article:published_time\" content=\"2023-04-10T10:30:01+00:00\" \/>\n<meta property=\"article:modified_time\" content=\"2025-03-07T13:59:57+00:00\" \/>\n<meta property=\"og:image\" content=\"https:\/\/blog.holyart.it\/fr\/wp-content\/uploads\/sites\/14\/2023\/04\/Vie-de-Marie-a-Ephese.jpg\" \/>\n\t<meta property=\"og:image:width\" content=\"1000\" \/>\n\t<meta property=\"og:image:height\" content=\"666\" \/>\n\t<meta property=\"og:image:type\" content=\"image\/jpeg\" \/>\n<meta name=\"author\" content=\"Redazione\" \/>\n<meta name=\"twitter:card\" content=\"summary_large_image\" \/>\n<meta name=\"twitter:label1\" content=\"\u00c9crit par\" \/>\n\t<meta name=\"twitter:data1\" content=\"Redazione\" \/>\n\t<meta name=\"twitter:label2\" content=\"Dur\u00e9e de lecture estim\u00e9e\" \/>\n\t<meta name=\"twitter:data2\" content=\"7 minutes\" \/>\n<script type=\"application\/ld+json\" class=\"yoast-schema-graph\">{\"@context\":\"https:\/\/schema.org\",\"@graph\":[{\"@type\":\"Article\",\"@id\":\"https:\/\/blog.holyart.it\/fr\/articles-religieux\/la-vie-de-marie-apres-la-resurrection-de-jesus\/#article\",\"isPartOf\":{\"@id\":\"https:\/\/blog.holyart.it\/fr\/articles-religieux\/la-vie-de-marie-apres-la-resurrection-de-jesus\/\"},\"author\":{\"name\":\"Redazione\",\"@id\":\"https:\/\/blog.holyart.it\/fr\/#\/schema\/person\/0a7b686e5af0f856ec1e390dd0baecda\"},\"headline\":\"La vie de Marie apr\u00e8s la R\u00e9surrection de J\u00e9sus\",\"datePublished\":\"2023-04-10T10:30:01+00:00\",\"dateModified\":\"2025-03-07T13:59:57+00:00\",\"mainEntityOfPage\":{\"@id\":\"https:\/\/blog.holyart.it\/fr\/articles-religieux\/la-vie-de-marie-apres-la-resurrection-de-jesus\/\"},\"wordCount\":1304,\"publisher\":{\"@id\":\"https:\/\/blog.holyart.it\/fr\/#organization\"},\"image\":{\"@id\":\"https:\/\/blog.holyart.it\/fr\/articles-religieux\/la-vie-de-marie-apres-la-resurrection-de-jesus\/#primaryimage\"},\"thumbnailUrl\":\"https:\/\/blog.holyart.it\/fr\/wp-content\/uploads\/sites\/14\/2023\/04\/Vie-de-Marie-a-Ephese.jpg\",\"articleSection\":[\"P\u00e2ques\",\"Religion\"],\"inLanguage\":\"fr-FR\"},{\"@type\":\"WebPage\",\"@id\":\"https:\/\/blog.holyart.it\/fr\/articles-religieux\/la-vie-de-marie-apres-la-resurrection-de-jesus\/\",\"url\":\"https:\/\/blog.holyart.it\/fr\/articles-religieux\/la-vie-de-marie-apres-la-resurrection-de-jesus\/\",\"name\":\"La vie de Marie apr\u00e8s la R\u00e9surrection de J\u00e9sus - Holyart.fr Blog\",\"isPartOf\":{\"@id\":\"https:\/\/blog.holyart.it\/fr\/#website\"},\"primaryImageOfPage\":{\"@id\":\"https:\/\/blog.holyart.it\/fr\/articles-religieux\/la-vie-de-marie-apres-la-resurrection-de-jesus\/#primaryimage\"},\"image\":{\"@id\":\"https:\/\/blog.holyart.it\/fr\/articles-religieux\/la-vie-de-marie-apres-la-resurrection-de-jesus\/#primaryimage\"},\"thumbnailUrl\":\"https:\/\/blog.holyart.it\/fr\/wp-content\/uploads\/sites\/14\/2023\/04\/Vie-de-Marie-a-Ephese.jpg\",\"datePublished\":\"2023-04-10T10:30:01+00:00\",\"dateModified\":\"2025-03-07T13:59:57+00:00\",\"description\":\"O\u00f9 v\u00e9cut la Vierge apr\u00e8s la R\u00e9surrection de J\u00e9sus\u00a0? Les \u00c9vangiles offrent des br\u00e8ves indications sur la vie de Marie\",\"breadcrumb\":{\"@id\":\"https:\/\/blog.holyart.it\/fr\/articles-religieux\/la-vie-de-marie-apres-la-resurrection-de-jesus\/#breadcrumb\"},\"inLanguage\":\"fr-FR\",\"potentialAction\":[{\"@type\":\"ReadAction\",\"target\":[\"https:\/\/blog.holyart.it\/fr\/articles-religieux\/la-vie-de-marie-apres-la-resurrection-de-jesus\/\"]}]},{\"@type\":\"ImageObject\",\"inLanguage\":\"fr-FR\",\"@id\":\"https:\/\/blog.holyart.it\/fr\/articles-religieux\/la-vie-de-marie-apres-la-resurrection-de-jesus\/#primaryimage\",\"url\":\"https:\/\/blog.holyart.it\/fr\/wp-content\/uploads\/sites\/14\/2023\/04\/Vie-de-Marie-a-Ephese.jpg\",\"contentUrl\":\"https:\/\/blog.holyart.it\/fr\/wp-content\/uploads\/sites\/14\/2023\/04\/Vie-de-Marie-a-Ephese.jpg\",\"width\":1000,\"height\":666,\"caption\":\"Vie de Marie a Ephese\"},{\"@type\":\"BreadcrumbList\",\"@id\":\"https:\/\/blog.holyart.it\/fr\/articles-religieux\/la-vie-de-marie-apres-la-resurrection-de-jesus\/#breadcrumb\",\"itemListElement\":[{\"@type\":\"ListItem\",\"position\":1,\"name\":\"Homepage\",\"item\":\"https:\/\/blog.holyart.it\/fr\/\"},{\"@type\":\"ListItem\",\"position\":2,\"name\":\"Religion\",\"item\":\"https:\/\/blog.holyart.it\/fr\/articles-religieux\/\"},{\"@type\":\"ListItem\",\"position\":3,\"name\":\"La vie de Marie apr\u00e8s la R\u00e9surrection de J\u00e9sus\"}]},{\"@type\":\"WebSite\",\"@id\":\"https:\/\/blog.holyart.it\/fr\/#website\",\"url\":\"https:\/\/blog.holyart.it\/fr\/\",\"name\":\"Holyart.fr Blog\",\"description\":\"Holyblog\",\"publisher\":{\"@id\":\"https:\/\/blog.holyart.it\/fr\/#organization\"},\"potentialAction\":[{\"@type\":\"SearchAction\",\"target\":{\"@type\":\"EntryPoint\",\"urlTemplate\":\"https:\/\/blog.holyart.it\/fr\/?s={search_term_string}\"},\"query-input\":{\"@type\":\"PropertyValueSpecification\",\"valueRequired\":true,\"valueName\":\"search_term_string\"}}],\"inLanguage\":\"fr-FR\"},{\"@type\":\"Organization\",\"@id\":\"https:\/\/blog.holyart.it\/fr\/#organization\",\"name\":\"Holyart.fr Blog\",\"url\":\"https:\/\/blog.holyart.it\/fr\/\",\"logo\":{\"@type\":\"ImageObject\",\"inLanguage\":\"fr-FR\",\"@id\":\"https:\/\/blog.holyart.it\/fr\/#\/schema\/logo\/image\/\",\"url\":\"https:\/\/blog.holyart.it\/fr\/wp-content\/uploads\/sites\/14\/2022\/12\/Holyart_Blog_Logo.jpg\",\"contentUrl\":\"https:\/\/blog.holyart.it\/fr\/wp-content\/uploads\/sites\/14\/2022\/12\/Holyart_Blog_Logo.jpg\",\"width\":300,\"height\":50,\"caption\":\"Holyart.fr Blog\"},\"image\":{\"@id\":\"https:\/\/blog.holyart.it\/fr\/#\/schema\/logo\/image\/\"}},{\"@type\":\"Person\",\"@id\":\"https:\/\/blog.holyart.it\/fr\/#\/schema\/person\/0a7b686e5af0f856ec1e390dd0baecda\",\"name\":\"Redazione\",\"image\":{\"@type\":\"ImageObject\",\"inLanguage\":\"fr-FR\",\"@id\":\"https:\/\/blog.holyart.it\/fr\/#\/schema\/person\/image\/\",\"url\":\"https:\/\/secure.gravatar.com\/avatar\/f477da817f43e50d0af36abecd33e3edf826c68299714bdc1057dff3b113f516?s=96&d=mm&r=g\",\"contentUrl\":\"https:\/\/secure.gravatar.com\/avatar\/f477da817f43e50d0af36abecd33e3edf826c68299714bdc1057dff3b113f516?s=96&d=mm&r=g\",\"caption\":\"Redazione\"},\"url\":\"https:\/\/blog.holyart.it\/fr\/author\/admin\/\"}]}<\/script>\n<!-- \/ Yoast SEO plugin. -->","yoast_head_json":{"title":"La vie de Marie apr\u00e8s la R\u00e9surrection de J\u00e9sus - Holyart.fr Blog","description":"O\u00f9 v\u00e9cut la Vierge apr\u00e8s la R\u00e9surrection de J\u00e9sus\u00a0? Les \u00c9vangiles offrent des br\u00e8ves indications sur la vie de Marie","robots":{"index":"index","follow":"follow","max-snippet":"max-snippet:-1","max-image-preview":"max-image-preview:large","max-video-preview":"max-video-preview:-1"},"canonical":"https:\/\/blog.holyart.it\/fr\/articles-religieux\/la-vie-de-marie-apres-la-resurrection-de-jesus\/","og_locale":"fr_FR","og_type":"article","og_title":"La vie de Marie apr\u00e8s la R\u00e9surrection de J\u00e9sus - Holyart.fr Blog","og_description":"O\u00f9 v\u00e9cut la Vierge apr\u00e8s la R\u00e9surrection de J\u00e9sus\u00a0? Les \u00c9vangiles offrent des br\u00e8ves indications sur la vie de Marie","og_url":"https:\/\/blog.holyart.it\/fr\/articles-religieux\/la-vie-de-marie-apres-la-resurrection-de-jesus\/","og_site_name":"Holyart.fr Blog","article_published_time":"2023-04-10T10:30:01+00:00","article_modified_time":"2025-03-07T13:59:57+00:00","og_image":[{"width":1000,"height":666,"url":"https:\/\/blog.holyart.it\/fr\/wp-content\/uploads\/sites\/14\/2023\/04\/Vie-de-Marie-a-Ephese.jpg","type":"image\/jpeg"}],"author":"Redazione","twitter_card":"summary_large_image","twitter_misc":{"\u00c9crit par":"Redazione","Dur\u00e9e de lecture estim\u00e9e":"7 minutes"},"schema":{"@context":"https:\/\/schema.org","@graph":[{"@type":"Article","@id":"https:\/\/blog.holyart.it\/fr\/articles-religieux\/la-vie-de-marie-apres-la-resurrection-de-jesus\/#article","isPartOf":{"@id":"https:\/\/blog.holyart.it\/fr\/articles-religieux\/la-vie-de-marie-apres-la-resurrection-de-jesus\/"},"author":{"name":"Redazione","@id":"https:\/\/blog.holyart.it\/fr\/#\/schema\/person\/0a7b686e5af0f856ec1e390dd0baecda"},"headline":"La vie de Marie apr\u00e8s la R\u00e9surrection de J\u00e9sus","datePublished":"2023-04-10T10:30:01+00:00","dateModified":"2025-03-07T13:59:57+00:00","mainEntityOfPage":{"@id":"https:\/\/blog.holyart.it\/fr\/articles-religieux\/la-vie-de-marie-apres-la-resurrection-de-jesus\/"},"wordCount":1304,"publisher":{"@id":"https:\/\/blog.holyart.it\/fr\/#organization"},"image":{"@id":"https:\/\/blog.holyart.it\/fr\/articles-religieux\/la-vie-de-marie-apres-la-resurrection-de-jesus\/#primaryimage"},"thumbnailUrl":"https:\/\/blog.holyart.it\/fr\/wp-content\/uploads\/sites\/14\/2023\/04\/Vie-de-Marie-a-Ephese.jpg","articleSection":["P\u00e2ques","Religion"],"inLanguage":"fr-FR"},{"@type":"WebPage","@id":"https:\/\/blog.holyart.it\/fr\/articles-religieux\/la-vie-de-marie-apres-la-resurrection-de-jesus\/","url":"https:\/\/blog.holyart.it\/fr\/articles-religieux\/la-vie-de-marie-apres-la-resurrection-de-jesus\/","name":"La vie de Marie apr\u00e8s la R\u00e9surrection de J\u00e9sus - Holyart.fr Blog","isPartOf":{"@id":"https:\/\/blog.holyart.it\/fr\/#website"},"primaryImageOfPage":{"@id":"https:\/\/blog.holyart.it\/fr\/articles-religieux\/la-vie-de-marie-apres-la-resurrection-de-jesus\/#primaryimage"},"image":{"@id":"https:\/\/blog.holyart.it\/fr\/articles-religieux\/la-vie-de-marie-apres-la-resurrection-de-jesus\/#primaryimage"},"thumbnailUrl":"https:\/\/blog.holyart.it\/fr\/wp-content\/uploads\/sites\/14\/2023\/04\/Vie-de-Marie-a-Ephese.jpg","datePublished":"2023-04-10T10:30:01+00:00","dateModified":"2025-03-07T13:59:57+00:00","description":"O\u00f9 v\u00e9cut la Vierge apr\u00e8s la R\u00e9surrection de J\u00e9sus\u00a0? Les \u00c9vangiles offrent des br\u00e8ves indications sur la vie de Marie","breadcrumb":{"@id":"https:\/\/blog.holyart.it\/fr\/articles-religieux\/la-vie-de-marie-apres-la-resurrection-de-jesus\/#breadcrumb"},"inLanguage":"fr-FR","potentialAction":[{"@type":"ReadAction","target":["https:\/\/blog.holyart.it\/fr\/articles-religieux\/la-vie-de-marie-apres-la-resurrection-de-jesus\/"]}]},{"@type":"ImageObject","inLanguage":"fr-FR","@id":"https:\/\/blog.holyart.it\/fr\/articles-religieux\/la-vie-de-marie-apres-la-resurrection-de-jesus\/#primaryimage","url":"https:\/\/blog.holyart.it\/fr\/wp-content\/uploads\/sites\/14\/2023\/04\/Vie-de-Marie-a-Ephese.jpg","contentUrl":"https:\/\/blog.holyart.it\/fr\/wp-content\/uploads\/sites\/14\/2023\/04\/Vie-de-Marie-a-Ephese.jpg","width":1000,"height":666,"caption":"Vie de Marie a Ephese"},{"@type":"BreadcrumbList","@id":"https:\/\/blog.holyart.it\/fr\/articles-religieux\/la-vie-de-marie-apres-la-resurrection-de-jesus\/#breadcrumb","itemListElement":[{"@type":"ListItem","position":1,"name":"Homepage","item":"https:\/\/blog.holyart.it\/fr\/"},{"@type":"ListItem","position":2,"name":"Religion","item":"https:\/\/blog.holyart.it\/fr\/articles-religieux\/"},{"@type":"ListItem","position":3,"name":"La vie de Marie apr\u00e8s la R\u00e9surrection de J\u00e9sus"}]},{"@type":"WebSite","@id":"https:\/\/blog.holyart.it\/fr\/#website","url":"https:\/\/blog.holyart.it\/fr\/","name":"Holyart.fr Blog","description":"Holyblog","publisher":{"@id":"https:\/\/blog.holyart.it\/fr\/#organization"},"potentialAction":[{"@type":"SearchAction","target":{"@type":"EntryPoint","urlTemplate":"https:\/\/blog.holyart.it\/fr\/?s={search_term_string}"},"query-input":{"@type":"PropertyValueSpecification","valueRequired":true,"valueName":"search_term_string"}}],"inLanguage":"fr-FR"},{"@type":"Organization","@id":"https:\/\/blog.holyart.it\/fr\/#organization","name":"Holyart.fr Blog","url":"https:\/\/blog.holyart.it\/fr\/","logo":{"@type":"ImageObject","inLanguage":"fr-FR","@id":"https:\/\/blog.holyart.it\/fr\/#\/schema\/logo\/image\/","url":"https:\/\/blog.holyart.it\/fr\/wp-content\/uploads\/sites\/14\/2022\/12\/Holyart_Blog_Logo.jpg","contentUrl":"https:\/\/blog.holyart.it\/fr\/wp-content\/uploads\/sites\/14\/2022\/12\/Holyart_Blog_Logo.jpg","width":300,"height":50,"caption":"Holyart.fr Blog"},"image":{"@id":"https:\/\/blog.holyart.it\/fr\/#\/schema\/logo\/image\/"}},{"@type":"Person","@id":"https:\/\/blog.holyart.it\/fr\/#\/schema\/person\/0a7b686e5af0f856ec1e390dd0baecda","name":"Redazione","image":{"@type":"ImageObject","inLanguage":"fr-FR","@id":"https:\/\/blog.holyart.it\/fr\/#\/schema\/person\/image\/","url":"https:\/\/secure.gravatar.com\/avatar\/f477da817f43e50d0af36abecd33e3edf826c68299714bdc1057dff3b113f516?s=96&d=mm&r=g","contentUrl":"https:\/\/secure.gravatar.com\/avatar\/f477da817f43e50d0af36abecd33e3edf826c68299714bdc1057dff3b113f516?s=96&d=mm&r=g","caption":"Redazione"},"url":"https:\/\/blog.holyart.it\/fr\/author\/admin\/"}]}},"_links":{"self":[{"href":"https:\/\/blog.holyart.it\/fr\/wp-json\/wp\/v2\/posts\/6074","targetHints":{"allow":["GET"]}}],"collection":[{"href":"https:\/\/blog.holyart.it\/fr\/wp-json\/wp\/v2\/posts"}],"about":[{"href":"https:\/\/blog.holyart.it\/fr\/wp-json\/wp\/v2\/types\/post"}],"author":[{"embeddable":true,"href":"https:\/\/blog.holyart.it\/fr\/wp-json\/wp\/v2\/users\/1"}],"replies":[{"embeddable":true,"href":"https:\/\/blog.holyart.it\/fr\/wp-json\/wp\/v2\/comments?post=6074"}],"version-history":[{"count":2,"href":"https:\/\/blog.holyart.it\/fr\/wp-json\/wp\/v2\/posts\/6074\/revisions"}],"predecessor-version":[{"id":6096,"href":"https:\/\/blog.holyart.it\/fr\/wp-json\/wp\/v2\/posts\/6074\/revisions\/6096"}],"wp:featuredmedia":[{"embeddable":true,"href":"https:\/\/blog.holyart.it\/fr\/wp-json\/wp\/v2\/media\/6150"}],"wp:attachment":[{"href":"https:\/\/blog.holyart.it\/fr\/wp-json\/wp\/v2\/media?parent=6074"}],"wp:term":[{"taxonomy":"category","embeddable":true,"href":"https:\/\/blog.holyart.it\/fr\/wp-json\/wp\/v2\/categories?post=6074"},{"taxonomy":"post_tag","embeddable":true,"href":"https:\/\/blog.holyart.it\/fr\/wp-json\/wp\/v2\/tags?post=6074"}],"curies":[{"name":"wp","href":"https:\/\/api.w.org\/{rel}","templated":true}]}}