{"id":6024,"date":"2023-04-03T12:30:08","date_gmt":"2023-04-03T10:30:08","guid":{"rendered":"https:\/\/blog.holyart.it\/fr\/?p=6024"},"modified":"2026-03-06T15:57:23","modified_gmt":"2026-03-06T14:57:23","slug":"le-lavement-des-pieds-le-geste-symbole-de-lamour-de-dieu","status":"publish","type":"post","link":"https:\/\/blog.holyart.it\/fr\/paques\/le-lavement-des-pieds-le-geste-symbole-de-lamour-de-dieu\/","title":{"rendered":"Le lavement des pieds, le geste symbole de l\u2019amour de Dieu"},"content":{"rendered":"<h4>Le lavement des pieds est un des plus grands gestes d\u2019amour de Dieu. Voici comment il se d\u00e9roula et comment on le r\u00e9p\u00e8te chaque ann\u00e9e parmi les rites du Jeudi Saint<\/h4>\n<p>Il y a un \u00e9pisode particulier qui n\u2019est racont\u00e9 que dans un des quatre \u00c9vangiles. Il s\u2019agit du <strong>lavement des pieds<\/strong>, i.e. du moment o\u00f9 J\u00e9sus, se retrouvant pour la derni\u00e8re fois avec les Ap\u00f4tres pour consommer le d\u00eener pascal, <a href=\"https:\/\/www.holyart.fr\/occasions-speciales\/creche-de-paques\/scene-vie-de-christ-lavement-des-pieds-9-cm\"><strong>s\u2019agenouille et lave les pieds de chacun d\u2019entre eux<\/strong><\/a>. Ce geste d\u2019<strong>humilit\u00e9 absolue <\/strong>de la part du Ma\u00eetre envers ses disciples n\u2019est pas cit\u00e9 dans les \u00c9vangiles synoptiques, c\u2019est-\u00e0-dire ceux de Marc, Matthieu et Luc. Il n\u2019est pr\u00e9sent que dans l\u2019<strong>\u00c9vangile de Jean<\/strong>, o\u00f9 manque par contre l\u2019institution de l\u2019Eucharistie.<\/p>\n<div class=\"link-product\">\n<div class=\"blocco-immagine\"><img loading=\"lazy\" decoding=\"async\" class=\"size-full wp-image-6026 alignleft\" src=\"https:\/\/blog.holyart.it\/fr\/wp-content\/uploads\/sites\/14\/2023\/03\/Scene-vie-de-Christ-lavement-des-pieds-9-cm.jpg\" alt=\"Scene vie de Christ lavement des pieds 9 cm\" width=\"100\" height=\"100\" data-kale-share-title=\"Le lavement des pieds, le geste symbole de l\u2019amour de Dieu\" data-kale-share-url=\"https:\/\/blog.holyart.it\/fr\/?p=6024\" \/><\/div>\n<div class=\"blocco-contenuto\">\n<div class=\"blocco-acquista\">Acheter sur Holyart:<\/div>\n<div class=\"blocco-titolo\"><a href=\"https:\/\/www.holyart.fr\/occasions-speciales\/creche-de-paques\/scene-vie-de-christ-lavement-des-pieds-9-cm\">Sc\u00e8ne vie de Christ lavement des pieds 9 cm <\/a><\/div>\n<div class=\"blocco-descrizione\">Santons pour repr\u00e9sentation d&rsquo;une sc\u00e8ne de la vie de Christ o\u00f9.<\/div>\n<\/div>\n<\/div>\n<p>Mais quelle signification a cet \u00e9pisode ? Nous devons penser que parmi les nombreux usages juifs, il y en avait un selon lequel le chef de la famille devait laver les mains des commensaux avant de commencer le d\u00eener de P\u00e2que. En outre, dans le monde juif, laver les pieds de quelqu\u2019un \u00e9tait une manifestation de grande <strong>hospitalit\u00e9 et d\u00e9votion<\/strong>, un geste que le serviteur r\u00e9servait \u00e0 son ma\u00eetre ou la femme au mari. Le fait qu\u2019\u00e0 l\u2019occasion de la <strong><a href=\"https:\/\/www.holyart.fr\/occasions-speciales\/creche-de-paques\/cene-creche-napolitaine-13-cm\">C\u00e8ne <\/a><\/strong>ce soit J\u00e9sus qui se d\u00e9shabille, se ceint les hanches avec une serviette utilis\u00e9e justement pour cette pratique et qui se met \u00e0 genoux place l\u2019acte du lavement des pieds sous une lumi\u00e8re compl\u00e8tement nouvelle.<\/p>\n<div class=\"link-product\">\n<div class=\"blocco-immagine\"><img loading=\"lazy\" decoding=\"async\" class=\"size-full wp-image-6028 alignleft\" src=\"https:\/\/blog.holyart.it\/fr\/wp-content\/uploads\/sites\/14\/2023\/03\/Cene-creche-napolitaine-13-cm.jpg\" alt=\"Cene creche napolitaine 13 cm\" width=\"100\" height=\"100\" data-kale-share-title=\"Le lavement des pieds, le geste symbole de l\u2019amour de Dieu\" data-kale-share-url=\"https:\/\/blog.holyart.it\/fr\/?p=6024\" \/><\/div>\n<div class=\"blocco-contenuto\">\n<div class=\"blocco-acquista\">Acheter sur Holyart:<\/div>\n<div class=\"blocco-titolo\"><a href=\"https:\/\/www.holyart.fr\/occasions-speciales\/creche-de-paques\/cene-creche-napolitaine-13-cm\">C\u00e8ne cr\u00e8che napolitaine 13 cm<\/a><\/div>\n<div class=\"blocco-descrizione\">Sc\u00e8ne de cr\u00e8che napolitaine pascale avec santons en terre cuite peinte \u00e0 la main.<\/div>\n<\/div>\n<\/div>\n<p>Dans la derni\u00e8re audience g\u00e9n\u00e9rale avant P\u00e2ques en 2021, Pape Fran\u00e7ois a rappel\u00e9 que : <em>\u00ab\u00a0J\u00e9sus a remplac\u00e9 la victime sacrificielle \u2013 l\u2019agneau pascal \u2013 par lui-m\u00eame\u00a0: son Corps et son Sang nous donnent le salut de l\u2019esclavage du p\u00e9ch\u00e9 et de la mort. Le salut de tout esclavage est l\u00e0. C\u2019est le soir o\u00f9 Il nous demande de nous aimer en nous faisant les serviteurs les uns des autres, comme Il l\u2019a fait en lavant les pieds des disciples<\/em>\u00a0\u00bb.<\/p>\n<h2>Le r\u00e9cit dans l\u2019\u00c9vangile de Jean<\/h2>\n<p>Voici en bref comment Jean dans son \u00c9vangile raconte l\u2019\u00e9pisode du lavement des pieds (Jean 13). J\u00e9sus a d\u00e9cr\u00e9t\u00e9 un lieu o\u00f9 se r\u00e9unir avec les Ap\u00f4tres. Le Seigneur savait que Son temps dans le monde \u00e9tait sur le point de se terminer et voulait passer ses derniers moments avec ceux qu\u2019il avait aim\u00e9 le plus\u00a0: \u00ab\u00a0<em>J\u00e9sus, sachant que son heure \u00e9tait venue de passer de ce monde au P\u00e8re, et ayant aim\u00e9 les siens qui \u00e9taient dans le monde, mit le comble \u00e0 son amour pour eux<\/em>\u00a0\u00bb (Jean 13,1). Ensuite, lorsque le d\u00eener est commenc\u00e9 et la trahison de Judas a d\u00e9j\u00e0 amorc\u00e9 <a href=\"https:\/\/www.holyart.fr\/blog\/articles-religieux\/les-evenements-de-la-passion-de-jesus-de-la-cene-a-sa-crucifixion\/\"><strong>la s\u00e9rie des \u00e9v\u00e9nements tragiques<\/strong><\/a> qui am\u00e8neront \u00e0 Son arrestation, J\u00e9sus leur offre un grand exemple d\u2019humilit\u00e9 et d\u2019amour fraternel\u00a0: il se l\u00e8ve, se d\u00e9shabille, se ceint les hanches d\u2019une serviette, prend une bassine et commence \u00e0 laver les pieds aux autres hommes, un apr\u00e8s l\u2019autre. Pierre se rebelle \u00e0 ce geste, \u00e9tonn\u00e9, mais J\u00e9sus lui dit que ce n\u2019est qu\u2019en l\u2019acceptant qu\u2019il pourra rester avec Lui et partager avec Lui toute chose.<\/p>\n<div class=\"link-article\">\n<p><img loading=\"lazy\" decoding=\"async\" class=\"size-full wp-image-6031 alignleft\" src=\"https:\/\/blog.holyart.it\/fr\/wp-content\/uploads\/sites\/14\/2023\/03\/Passion-de-Jesus.jpg\" alt=\"Passion de Jesus\" width=\"150\" height=\"99\" data-kale-share-title=\"Le lavement des pieds, le geste symbole de l\u2019amour de Dieu\" data-kale-share-url=\"https:\/\/blog.holyart.it\/fr\/?p=6024\" \/><\/p>\n<div class=\"leggi-anche\">Lire aussi :<\/div>\n<p><strong><a href=\"https:\/\/www.holyart.fr\/blog\/articles-religieux\/les-evenements-de-la-passion-de-jesus-de-la-cene-a-sa-crucifixion\/\">Les \u00e9v\u00e9nements de la Passion de J\u00e9sus : de la C\u00e8ne \u00e0 Sa crucifixion<\/a><\/strong><br \/>\nLa Passion de J\u00e9sus est le moment le plus haut et le plus terrible de&#8230;<\/p>\n<\/div>\n<p>Ce que J\u00e9sus fait est montrer \u00e0 ses disciples <strong>ce qu\u2019on attend qu\u2019ils fassent apr\u00e8s qu\u2019Il s\u2019en sera all\u00e9<\/strong>, un <strong>don de soi<\/strong> continu et total aux autres, en vivant quotidiennement l\u2019<a href=\"https:\/\/www.holyart.fr\/blog\/articles-religieux\/faire-laumone-est-ce-de-la-charite\/\"><strong>amour pour le prochain<\/strong><\/a> et la mis\u00e9ricorde dont Lui a \u00e9t\u00e9 proph\u00e8te pendant le temps de Sa br\u00e8ve mission sur terre. Si Lui qui est Ma\u00eetre et Seigneur s\u2019abaisse \u00e0 un acte si humble, fait uniquement pour complaire et soigner une autre personne, pourquoi les Ap\u00f4tres ne devraient pas le faire et, comme eux, nous tous\u00a0? J\u00e9sus lave les pieds aux Ap\u00f4tres et devient <strong>Sevum servorum Dei<\/strong>, <em>serviteur parmi les serviteurs de Dieu<\/em>. Ainsi dit-il \u00e0 ses Ap\u00f4tres : \u00ab\u00a0<em>En v\u00e9rit\u00e9, en v\u00e9rit\u00e9, je vous le dis, le serviteur n\u2019est pas plus grand que son seigneur, ni l\u2019ap\u00f4tre plus grand que celui qui l\u2019a envoy\u00e9\u00a0<\/em>\u00bb (Jean 13,16).<\/p>\n<div class=\"link-article\">\n<p><img loading=\"lazy\" decoding=\"async\" class=\"size-full wp-image-6034 alignleft\" src=\"https:\/\/blog.holyart.it\/fr\/wp-content\/uploads\/sites\/14\/2023\/03\/aumone.jpg\" alt=\"aumone\" width=\"150\" height=\"99\" data-kale-share-title=\"Le lavement des pieds, le geste symbole de l\u2019amour de Dieu\" data-kale-share-url=\"https:\/\/blog.holyart.it\/fr\/?p=6024\" \/><\/p>\n<div class=\"leggi-anche\">Lire aussi :<\/div>\n<p><strong><a href=\"https:\/\/www.holyart.fr\/blog\/articles-religieux\/faire-laumone-est-ce-de-la-charite\/\">Faire l\u2019aum\u00f4ne : est-ce de la charit\u00e9 ?<\/a><\/strong><br \/>\nL\u2019aum\u00f4ne aux pauvres est une manifestation de mis\u00e9ricorde strictement li\u00e9e aux devoirs d&rsquo;un bon chr\u00e9tien&#8230;<\/p>\n<\/div>\n<p>C\u2019est \u00e0 travers des gestes comme celui-ci que l\u2019on gagne le <strong>Royaume des Cieux<\/strong>. \u00c0 <strong>Pierre<\/strong>, qui proteste et refuse de se laisser laver les pieds, J\u00e9sus r\u00e9pond\u00a0: \u00ab\u00a0<em>Si je ne te lave, tu n\u2019auras point de part avec moi<\/em>\u00a0\u00bb (Jean 13,8), comme pour souligner que <strong>seulement en le suivant et en l\u2019imitant<\/strong> m\u00eame dans ces humbles gestes les disciples m\u00e9riteront de partager avec lui la gloire qui viendra. Dans l\u2019\u00c9vangile de Jean, J\u00e9sus s\u2019adresse aux Ap\u00f4tres apr\u00e8s s\u2019\u00eatre relev\u00e9 et rhabill\u00e9 avec ces mots\u00a0: \u00ab\u00a0<em>Comprenez-vous ce que je vous ai fait\u00a0? Vous m\u2019appelez Ma\u00eetre et Seigneur\u00a0; et vous dites bien car je le suis. Si donc je vous ai lav\u00e9 les pieds, moi, le Seigneur et le Ma\u00eetre, vous devez aussi vous laver les pieds les uns aux autres\u00a0; car je vous ai donn\u00e9 un exemple, afin que vous fassiez comme je vous ai fait<\/em>\u00a0\u00bb (Jean 13,12-15).<\/p>\n<h2>Le rite du Jeudi Saint<\/h2>\n<p>Pour l\u2019\u00e9glise catholique, le lavement des pieds est <strong>symbole de l\u2019amour de Dieu<\/strong>. Parmi les <strong><a href=\"https:\/\/www.holyart.fr\/blog\/accessoires-pour-la-liturgie\/les-rites-de-la-semaine-sainte\/\">rites de la Semaine Sainte<\/a><\/strong> qui pr\u00e9parent \u00e0 <strong><a href=\"https:\/\/www.holyart.fr\/occasions-speciales\/paques-et-careme\">P\u00e2ques<\/a> <\/strong>et, en particulier, parmi ceux du Jeudi Saint, il y a la messe des v\u00eapres, <em>Messa in cena Domini<\/em>, qui \u00e9voque la <a href=\"https:\/\/www.holyart.fr\/blog\/articles-religieux\/la-cene-de-leonard-de-vinci-histoire-dun-chef-doeuvre\/\"><strong>C\u00e8ne de J\u00e9sus<\/strong><\/a> avec ses disciples. Le Jeudi Saint est le dernier jour du <strong><a href=\"https:\/\/www.holyart.fr\/blog\/articles-religieux\/careme-quest-ce-que-cest-et-comment-fonctionne-t-il\/\">Car\u00eame<\/a> <\/strong>et le premier de ce qu\u2019on appelle le Triduum Pascal, les trois jours les plus importants de la P\u00e2ques chr\u00e9tienne, qui culminent avec le <strong>dimanche de P\u00e2ques<\/strong> et referment le temps central de l\u2019ann\u00e9e liturgique et certains parmi les principaux myst\u00e8res li\u00e9s \u00e0 J\u00e9sus\u00a0: l\u2019<strong><a href=\"https:\/\/www.holyart.fr\/occasions-speciales\/creche-de-paques\/scene-de-la-cene-en-resine-9-cm\">institution de l\u2019Eucharistie<\/a><\/strong>, la <strong><a href=\"https:\/\/www.holyart.fr\/occasions-speciales\/creche-de-paques\/scene-passion-de-christ-ascension-du-mont-du-calvaire-9-cm\">passion<\/a><\/strong>, la mort et la descente aux enfers, la <strong><a href=\"https:\/\/www.holyart.fr\/occasions-speciales\/creche-de-paques\/statuette-de-jesus-au-moment-de-la-resurrection-9-cm\">r\u00e9surrection<\/a><\/strong>. Outre l\u2019institution de l\u2019Eucharistie \u00e0 l\u2019occasion du Jeudi Saint on accomplit \u00e9galement le lavement des pieds.<\/p>\n<p>L\u2019\u00c9glise catholique a pratiqu\u00e9 le rite du lavement des pieds \u00e0 de nombreuses occasions et avec des variations au cours des si\u00e8cles. Pratiqu\u00e9 dans les monast\u00e8res le soir du Jeudi Saint quand arrivait un h\u00f4te, en signe d\u2019humilit\u00e9 et d\u2019\u00e9mulation de J\u00e9sus, cela devint ensuite un rite accomplit par l\u2019\u00c9v\u00eaque, qui \u00e0 l\u2019occasion de ce jour Saint lavait les pieds aux canoniques d\u2019abord et aux pauvres ensuite. Apr\u00e8s le rite se transforma de nouveau\u00a0: l\u2019\u00c9v\u00eaque devait laver les pieds \u00e0 treize pauvres. Les cisterciens pratiquaient le lavement des pieds tous les samedis dans leurs monast\u00e8res.<\/p>\n<p>Avant que les normes anti Covid-19 ne limitent \u00e9galement les usages au sein de l\u2019\u00c9glise, <strong><a href=\"https:\/\/www.holyart.fr\/occasions-speciales\/pape-francois?page=1\">Pape Fran\u00e7ois<\/a><\/strong> avait r\u00e9volutionn\u00e9 le rite du lavement des pieds en disposant que les femmes aussi et les non croyants ensuite puissent recevoir de lui ce geste d\u2019amour fraternel. Du reste, J\u00e9sus dit \u00e0 l\u2019occasion de la C\u00e8ne : \u00ab\u00a0<em>Vous devez aussi vous laver les pieds les uns aux autres<\/em>\u00a0\u00bb (Jean 13,14).<\/p>\n<div class=\"sp-styles-warning\" style=\"width: 450px; background-color: #FFF; color: #F00; border: 1px solid #F00; padding: 10px; font-size: 14px;\">\n\t\t\t<span style=\"font-weight: bold;\">Warning: The stylesheets were not loaded!<\/span> \n\t\t\tYou will need to change the <i>Load stylesheets<\/i> setting from <i>Automatically<\/i> to <i>On homepage<\/i> or <i>On all pages<\/i>. \n\t\t\tYou can set that <a style=\"text-decoration: underline; color: #F00;\" href=\"https:\/\/blog.holyart.it\/fr\/wp-admin\/admin.php?page=sliderpro-settings\">here<\/a>.\n\t\t\t<\/div>\r\n<div id=\"slider-pro-100\" class=\"slider-pro sp-no-js\" style=\"width: 500px; height: 500px;\">\r\n\t<div class=\"sp-slides\">\r\n\t\t\r\n\t\t<div class=\"sp-slide\">\r\n\t\t\t<img loading=\"lazy\" decoding=\"async\" class=\"sp-image\" src=\"https:\/\/blog.holyart.it\/fr\/wp-content\/uploads\/sites\/14\/2023\/03\/cene-500x500-1.jpg\" alt=\"cene \" width=\"500\" height=\"500\" \/>\r\n\t\t\t<div class=\"sp-thumbnail\"><a class=\"\" href=\"https:\/\/www.holyart.fr\/occasions-speciales\/creche-de-paques\/scene-de-la-cene-en-resine-9-cm\">\r\n\t\t\t\t<img decoding=\"async\" src=\"https:\/\/blog.holyart.it\/fr\/wp-content\/uploads\/sites\/14\/2023\/03\/cene-150x150-1.jpg\" alt=\"cene \" \/>\r\n\t\t\t<\/a>\r\n\t\t\t<\/div>\r\n\t\t\t<div class=\"sp-caption\">Sc\u00e8ne de la C\u00e8ne en r\u00e9sine 9 cm.\n<br \/><strong><a href=\"https:\/\/www.holyart.fr\/occasions-speciales\/creche-de-paques\/scene-de-la-cene-en-resine-9-cm\">Acheter sur Holyart<\/a><\/strong><\/div>\r\n\t\t<\/div>\r\n\t\t<div class=\"sp-slide\">\r\n\t\t\t<img loading=\"lazy\" decoding=\"async\" class=\"sp-image\" src=\"https:\/\/blog.holyart.it\/fr\/wp-content\/uploads\/sites\/14\/2023\/03\/Scene-vie-de-Christ-500x500-1.jpg\" alt=\"Scene vie de Christ \" width=\"500\" height=\"500\" \/>\r\n\t\t\t<div class=\"sp-thumbnail\"><a class=\"\" href=\"https:\/\/www.holyart.fr\/occasions-speciales\/creche-de-paques\/scene-vie-de-christ-lavement-des-pieds-9-cm\">\r\n\t\t\t\t<img decoding=\"async\" src=\"https:\/\/blog.holyart.it\/fr\/wp-content\/uploads\/sites\/14\/2023\/03\/Scene-de-la-Cene-150x150-1.jpg\" alt=\"Scene de la Cene\" \/>\r\n\t\t\t<\/a>\r\n\t\t\t<\/div>\r\n\t\t\t<div class=\"sp-caption\">Sc\u00e8ne vie de Christ lavement des pieds 9 cm.\n<br \/><strong><a href=\"https:\/\/www.holyart.fr\/occasions-speciales\/creche-de-paques\/scene-vie-de-christ-lavement-des-pieds-9-cm\">Acheter sur Holyart<\/a><\/strong><\/div>\r\n\t\t<\/div>\r\n\t\t<div class=\"sp-slide\">\r\n\t\t\t<img loading=\"lazy\" decoding=\"async\" class=\"sp-image\" src=\"https:\/\/blog.holyart.it\/fr\/wp-content\/uploads\/sites\/14\/2023\/03\/Scene-passion-de-Christ-500x500-1.jpg\" alt=\"Scene passion de Christ\" width=\"500\" height=\"500\" \/>\r\n\t\t\t<div class=\"sp-thumbnail\"><a class=\"\" href=\"https:\/\/www.holyart.fr\/occasions-speciales\/creche-de-paques\/scene-passion-de-christ-ascension-du-mont-du-calvaire-9-cm\">\r\n\t\t\t\t<img decoding=\"async\" src=\"https:\/\/blog.holyart.it\/fr\/wp-content\/uploads\/sites\/14\/2023\/03\/Scene-passion-de-Christ-150x150-1.jpg\" alt=\"Scene passion de Christ \" \/>\r\n\t\t\t<\/a>\r\n\t\t\t<\/div>\r\n\t\t\t<div class=\"sp-caption\">Sc\u00e8ne passion de Christ ascension du Mont du Calvaire 9 cm.\n<br \/><strong><a href=\"https:\/\/www.holyart.fr\/occasions-speciales\/creche-de-paques\/scene-passion-de-christ-ascension-du-mont-du-calvaire-9-cm\">Acheter sur Holyart<\/a><\/strong><\/div>\r\n\t\t<\/div>\r\n\t\t<div class=\"sp-slide\">\r\n\t\t\t<img loading=\"lazy\" decoding=\"async\" class=\"sp-image\" src=\"https:\/\/blog.holyart.it\/fr\/wp-content\/uploads\/sites\/14\/2023\/03\/Statuette-de-Jesus-au-moment-de-la-Resurrection-500x500-2.jpg\" alt=\"Statuette de Jesus au moment de la Resurrection\" width=\"500\" height=\"500\" \/>\r\n\t\t\t<div class=\"sp-thumbnail\"><a class=\"\" href=\"https:\/\/www.holyart.fr\/occasions-speciales\/creche-de-paques\/statuette-de-jesus-au-moment-de-la-resurrection-9-cm\">\r\n\t\t\t\t<img decoding=\"async\" src=\"https:\/\/blog.holyart.it\/fr\/wp-content\/uploads\/sites\/14\/2023\/03\/Jesus-au-moment-de-la-Resurrection-150x150-1.jpg\" alt=\"Jesus au moment de la Resurrection\" \/>\r\n\t\t\t<\/a>\r\n\t\t\t<\/div>\r\n\t\t\t<div class=\"sp-caption\">Statuette de J\u00e9sus au moment de la R\u00e9surrection 9 cm.\n<br \/><strong><a href=\"https:\/\/www.holyart.fr\/occasions-speciales\/creche-de-paques\/statuette-de-jesus-au-moment-de-la-resurrection-9-cm\">Acheter sur Holyart<\/a><\/strong><\/div>\r\n\t\t<\/div>\r\n\t<\/div>\r\n<\/div>\n<p>&nbsp;<\/p>\n","protected":false},"excerpt":{"rendered":"<p>Le lavement des pieds est un des plus grands gestes d\u2019amour de Dieu. Voici comment il se d\u00e9roula et comment on le r\u00e9p\u00e8te chaque ann\u00e9e parmi les rites du Jeudi Saint Il y a un \u00e9pisode particulier qui n\u2019est racont\u00e9 que dans un des quatre&hellip;<\/p>\n","protected":false},"author":1,"featured_media":6051,"comment_status":"closed","ping_status":"open","sticky":false,"template":"","format":"standard","meta":{"_acf_changed":false,"footnotes":""},"categories":[14,8],"tags":[],"class_list":["post-6024","post","type-post","status-publish","format-standard","has-post-thumbnail","hentry","category-paques","category-articles-religieux"],"acf":[],"yoast_head":"<!-- This site is optimized with the Yoast SEO plugin v26.6 - https:\/\/yoast.com\/wordpress\/plugins\/seo\/ -->\n<title>Le lavement des pieds, le geste symbole de l\u2019amour de Dieu<\/title>\n<meta name=\"description\" content=\"Avec le lavement des pieds lors de la C\u00e8ne, J\u00e9sus laisse ses Ap\u00f4tres avec un geste de grand amour et humilit\u00e9.\" \/>\n<meta name=\"robots\" content=\"index, follow, max-snippet:-1, max-image-preview:large, max-video-preview:-1\" \/>\n<link rel=\"canonical\" href=\"https:\/\/blog.holyart.it\/fr\/paques\/le-lavement-des-pieds-le-geste-symbole-de-lamour-de-dieu\/\" \/>\n<meta property=\"og:locale\" content=\"fr_FR\" \/>\n<meta property=\"og:type\" content=\"article\" \/>\n<meta property=\"og:title\" content=\"Le lavement des pieds, le geste symbole de l\u2019amour de Dieu\" \/>\n<meta property=\"og:description\" content=\"Avec le lavement des pieds lors de la C\u00e8ne, J\u00e9sus laisse ses Ap\u00f4tres avec un geste de grand amour et humilit\u00e9.\" \/>\n<meta property=\"og:url\" content=\"https:\/\/blog.holyart.it\/fr\/paques\/le-lavement-des-pieds-le-geste-symbole-de-lamour-de-dieu\/\" \/>\n<meta property=\"og:site_name\" content=\"Holyart.fr Blog\" \/>\n<meta property=\"article:published_time\" content=\"2023-04-03T10:30:08+00:00\" \/>\n<meta property=\"article:modified_time\" content=\"2026-03-06T14:57:23+00:00\" \/>\n<meta property=\"og:image\" content=\"https:\/\/blog.holyart.it\/fr\/wp-content\/uploads\/sites\/14\/2023\/03\/Le-lavement-des-pieds.jpg\" \/>\n\t<meta property=\"og:image:width\" content=\"1000\" \/>\n\t<meta property=\"og:image:height\" content=\"666\" \/>\n\t<meta property=\"og:image:type\" content=\"image\/jpeg\" \/>\n<meta name=\"author\" content=\"Redazione\" \/>\n<meta name=\"twitter:card\" content=\"summary_large_image\" \/>\n<meta name=\"twitter:label1\" content=\"\u00c9crit par\" \/>\n\t<meta name=\"twitter:data1\" content=\"Redazione\" \/>\n\t<meta name=\"twitter:label2\" content=\"Dur\u00e9e de lecture estim\u00e9e\" \/>\n\t<meta name=\"twitter:data2\" content=\"8 minutes\" \/>\n<script type=\"application\/ld+json\" class=\"yoast-schema-graph\">{\"@context\":\"https:\/\/schema.org\",\"@graph\":[{\"@type\":\"Article\",\"@id\":\"https:\/\/blog.holyart.it\/fr\/paques\/le-lavement-des-pieds-le-geste-symbole-de-lamour-de-dieu\/#article\",\"isPartOf\":{\"@id\":\"https:\/\/blog.holyart.it\/fr\/paques\/le-lavement-des-pieds-le-geste-symbole-de-lamour-de-dieu\/\"},\"author\":{\"name\":\"Redazione\",\"@id\":\"https:\/\/blog.holyart.it\/fr\/#\/schema\/person\/0a7b686e5af0f856ec1e390dd0baecda\"},\"headline\":\"Le lavement des pieds, le geste symbole de l\u2019amour de Dieu\",\"datePublished\":\"2023-04-03T10:30:08+00:00\",\"dateModified\":\"2026-03-06T14:57:23+00:00\",\"mainEntityOfPage\":{\"@id\":\"https:\/\/blog.holyart.it\/fr\/paques\/le-lavement-des-pieds-le-geste-symbole-de-lamour-de-dieu\/\"},\"wordCount\":1348,\"publisher\":{\"@id\":\"https:\/\/blog.holyart.it\/fr\/#organization\"},\"image\":{\"@id\":\"https:\/\/blog.holyart.it\/fr\/paques\/le-lavement-des-pieds-le-geste-symbole-de-lamour-de-dieu\/#primaryimage\"},\"thumbnailUrl\":\"https:\/\/blog.holyart.it\/fr\/wp-content\/uploads\/sites\/14\/2023\/03\/Le-lavement-des-pieds.jpg\",\"articleSection\":[\"P\u00e2ques\",\"Religion\"],\"inLanguage\":\"fr-FR\"},{\"@type\":\"WebPage\",\"@id\":\"https:\/\/blog.holyart.it\/fr\/paques\/le-lavement-des-pieds-le-geste-symbole-de-lamour-de-dieu\/\",\"url\":\"https:\/\/blog.holyart.it\/fr\/paques\/le-lavement-des-pieds-le-geste-symbole-de-lamour-de-dieu\/\",\"name\":\"Le lavement des pieds, le geste symbole de l\u2019amour de Dieu\",\"isPartOf\":{\"@id\":\"https:\/\/blog.holyart.it\/fr\/#website\"},\"primaryImageOfPage\":{\"@id\":\"https:\/\/blog.holyart.it\/fr\/paques\/le-lavement-des-pieds-le-geste-symbole-de-lamour-de-dieu\/#primaryimage\"},\"image\":{\"@id\":\"https:\/\/blog.holyart.it\/fr\/paques\/le-lavement-des-pieds-le-geste-symbole-de-lamour-de-dieu\/#primaryimage\"},\"thumbnailUrl\":\"https:\/\/blog.holyart.it\/fr\/wp-content\/uploads\/sites\/14\/2023\/03\/Le-lavement-des-pieds.jpg\",\"datePublished\":\"2023-04-03T10:30:08+00:00\",\"dateModified\":\"2026-03-06T14:57:23+00:00\",\"description\":\"Avec le lavement des pieds lors de la C\u00e8ne, J\u00e9sus laisse ses Ap\u00f4tres avec un geste de grand amour et humilit\u00e9.\",\"breadcrumb\":{\"@id\":\"https:\/\/blog.holyart.it\/fr\/paques\/le-lavement-des-pieds-le-geste-symbole-de-lamour-de-dieu\/#breadcrumb\"},\"inLanguage\":\"fr-FR\",\"potentialAction\":[{\"@type\":\"ReadAction\",\"target\":[\"https:\/\/blog.holyart.it\/fr\/paques\/le-lavement-des-pieds-le-geste-symbole-de-lamour-de-dieu\/\"]}]},{\"@type\":\"ImageObject\",\"inLanguage\":\"fr-FR\",\"@id\":\"https:\/\/blog.holyart.it\/fr\/paques\/le-lavement-des-pieds-le-geste-symbole-de-lamour-de-dieu\/#primaryimage\",\"url\":\"https:\/\/blog.holyart.it\/fr\/wp-content\/uploads\/sites\/14\/2023\/03\/Le-lavement-des-pieds.jpg\",\"contentUrl\":\"https:\/\/blog.holyart.it\/fr\/wp-content\/uploads\/sites\/14\/2023\/03\/Le-lavement-des-pieds.jpg\",\"width\":1000,\"height\":666,\"caption\":\"Le lavement des pieds\"},{\"@type\":\"BreadcrumbList\",\"@id\":\"https:\/\/blog.holyart.it\/fr\/paques\/le-lavement-des-pieds-le-geste-symbole-de-lamour-de-dieu\/#breadcrumb\",\"itemListElement\":[{\"@type\":\"ListItem\",\"position\":1,\"name\":\"Homepage\",\"item\":\"https:\/\/blog.holyart.it\/fr\/\"},{\"@type\":\"ListItem\",\"position\":2,\"name\":\"P\u00e2ques\",\"item\":\"https:\/\/blog.holyart.it\/fr\/paques\/\"},{\"@type\":\"ListItem\",\"position\":3,\"name\":\"Le lavement des pieds, le geste symbole de l\u2019amour de Dieu\"}]},{\"@type\":\"WebSite\",\"@id\":\"https:\/\/blog.holyart.it\/fr\/#website\",\"url\":\"https:\/\/blog.holyart.it\/fr\/\",\"name\":\"Holyart.fr Blog\",\"description\":\"Holyblog\",\"publisher\":{\"@id\":\"https:\/\/blog.holyart.it\/fr\/#organization\"},\"potentialAction\":[{\"@type\":\"SearchAction\",\"target\":{\"@type\":\"EntryPoint\",\"urlTemplate\":\"https:\/\/blog.holyart.it\/fr\/?s={search_term_string}\"},\"query-input\":{\"@type\":\"PropertyValueSpecification\",\"valueRequired\":true,\"valueName\":\"search_term_string\"}}],\"inLanguage\":\"fr-FR\"},{\"@type\":\"Organization\",\"@id\":\"https:\/\/blog.holyart.it\/fr\/#organization\",\"name\":\"Holyart.fr Blog\",\"url\":\"https:\/\/blog.holyart.it\/fr\/\",\"logo\":{\"@type\":\"ImageObject\",\"inLanguage\":\"fr-FR\",\"@id\":\"https:\/\/blog.holyart.it\/fr\/#\/schema\/logo\/image\/\",\"url\":\"https:\/\/blog.holyart.it\/fr\/wp-content\/uploads\/sites\/14\/2022\/12\/Holyart_Blog_Logo.jpg\",\"contentUrl\":\"https:\/\/blog.holyart.it\/fr\/wp-content\/uploads\/sites\/14\/2022\/12\/Holyart_Blog_Logo.jpg\",\"width\":300,\"height\":50,\"caption\":\"Holyart.fr Blog\"},\"image\":{\"@id\":\"https:\/\/blog.holyart.it\/fr\/#\/schema\/logo\/image\/\"}},{\"@type\":\"Person\",\"@id\":\"https:\/\/blog.holyart.it\/fr\/#\/schema\/person\/0a7b686e5af0f856ec1e390dd0baecda\",\"name\":\"Redazione\",\"image\":{\"@type\":\"ImageObject\",\"inLanguage\":\"fr-FR\",\"@id\":\"https:\/\/blog.holyart.it\/fr\/#\/schema\/person\/image\/\",\"url\":\"https:\/\/secure.gravatar.com\/avatar\/f477da817f43e50d0af36abecd33e3edf826c68299714bdc1057dff3b113f516?s=96&d=mm&r=g\",\"contentUrl\":\"https:\/\/secure.gravatar.com\/avatar\/f477da817f43e50d0af36abecd33e3edf826c68299714bdc1057dff3b113f516?s=96&d=mm&r=g\",\"caption\":\"Redazione\"},\"url\":\"https:\/\/blog.holyart.it\/fr\/author\/admin\/\"}]}<\/script>\n<!-- \/ Yoast SEO plugin. -->","yoast_head_json":{"title":"Le lavement des pieds, le geste symbole de l\u2019amour de Dieu","description":"Avec le lavement des pieds lors de la C\u00e8ne, J\u00e9sus laisse ses Ap\u00f4tres avec un geste de grand amour et humilit\u00e9.","robots":{"index":"index","follow":"follow","max-snippet":"max-snippet:-1","max-image-preview":"max-image-preview:large","max-video-preview":"max-video-preview:-1"},"canonical":"https:\/\/blog.holyart.it\/fr\/paques\/le-lavement-des-pieds-le-geste-symbole-de-lamour-de-dieu\/","og_locale":"fr_FR","og_type":"article","og_title":"Le lavement des pieds, le geste symbole de l\u2019amour de Dieu","og_description":"Avec le lavement des pieds lors de la C\u00e8ne, J\u00e9sus laisse ses Ap\u00f4tres avec un geste de grand amour et humilit\u00e9.","og_url":"https:\/\/blog.holyart.it\/fr\/paques\/le-lavement-des-pieds-le-geste-symbole-de-lamour-de-dieu\/","og_site_name":"Holyart.fr Blog","article_published_time":"2023-04-03T10:30:08+00:00","article_modified_time":"2026-03-06T14:57:23+00:00","og_image":[{"width":1000,"height":666,"url":"https:\/\/blog.holyart.it\/fr\/wp-content\/uploads\/sites\/14\/2023\/03\/Le-lavement-des-pieds.jpg","type":"image\/jpeg"}],"author":"Redazione","twitter_card":"summary_large_image","twitter_misc":{"\u00c9crit par":"Redazione","Dur\u00e9e de lecture estim\u00e9e":"8 minutes"},"schema":{"@context":"https:\/\/schema.org","@graph":[{"@type":"Article","@id":"https:\/\/blog.holyart.it\/fr\/paques\/le-lavement-des-pieds-le-geste-symbole-de-lamour-de-dieu\/#article","isPartOf":{"@id":"https:\/\/blog.holyart.it\/fr\/paques\/le-lavement-des-pieds-le-geste-symbole-de-lamour-de-dieu\/"},"author":{"name":"Redazione","@id":"https:\/\/blog.holyart.it\/fr\/#\/schema\/person\/0a7b686e5af0f856ec1e390dd0baecda"},"headline":"Le lavement des pieds, le geste symbole de l\u2019amour de Dieu","datePublished":"2023-04-03T10:30:08+00:00","dateModified":"2026-03-06T14:57:23+00:00","mainEntityOfPage":{"@id":"https:\/\/blog.holyart.it\/fr\/paques\/le-lavement-des-pieds-le-geste-symbole-de-lamour-de-dieu\/"},"wordCount":1348,"publisher":{"@id":"https:\/\/blog.holyart.it\/fr\/#organization"},"image":{"@id":"https:\/\/blog.holyart.it\/fr\/paques\/le-lavement-des-pieds-le-geste-symbole-de-lamour-de-dieu\/#primaryimage"},"thumbnailUrl":"https:\/\/blog.holyart.it\/fr\/wp-content\/uploads\/sites\/14\/2023\/03\/Le-lavement-des-pieds.jpg","articleSection":["P\u00e2ques","Religion"],"inLanguage":"fr-FR"},{"@type":"WebPage","@id":"https:\/\/blog.holyart.it\/fr\/paques\/le-lavement-des-pieds-le-geste-symbole-de-lamour-de-dieu\/","url":"https:\/\/blog.holyart.it\/fr\/paques\/le-lavement-des-pieds-le-geste-symbole-de-lamour-de-dieu\/","name":"Le lavement des pieds, le geste symbole de l\u2019amour de Dieu","isPartOf":{"@id":"https:\/\/blog.holyart.it\/fr\/#website"},"primaryImageOfPage":{"@id":"https:\/\/blog.holyart.it\/fr\/paques\/le-lavement-des-pieds-le-geste-symbole-de-lamour-de-dieu\/#primaryimage"},"image":{"@id":"https:\/\/blog.holyart.it\/fr\/paques\/le-lavement-des-pieds-le-geste-symbole-de-lamour-de-dieu\/#primaryimage"},"thumbnailUrl":"https:\/\/blog.holyart.it\/fr\/wp-content\/uploads\/sites\/14\/2023\/03\/Le-lavement-des-pieds.jpg","datePublished":"2023-04-03T10:30:08+00:00","dateModified":"2026-03-06T14:57:23+00:00","description":"Avec le lavement des pieds lors de la C\u00e8ne, J\u00e9sus laisse ses Ap\u00f4tres avec un geste de grand amour et humilit\u00e9.","breadcrumb":{"@id":"https:\/\/blog.holyart.it\/fr\/paques\/le-lavement-des-pieds-le-geste-symbole-de-lamour-de-dieu\/#breadcrumb"},"inLanguage":"fr-FR","potentialAction":[{"@type":"ReadAction","target":["https:\/\/blog.holyart.it\/fr\/paques\/le-lavement-des-pieds-le-geste-symbole-de-lamour-de-dieu\/"]}]},{"@type":"ImageObject","inLanguage":"fr-FR","@id":"https:\/\/blog.holyart.it\/fr\/paques\/le-lavement-des-pieds-le-geste-symbole-de-lamour-de-dieu\/#primaryimage","url":"https:\/\/blog.holyart.it\/fr\/wp-content\/uploads\/sites\/14\/2023\/03\/Le-lavement-des-pieds.jpg","contentUrl":"https:\/\/blog.holyart.it\/fr\/wp-content\/uploads\/sites\/14\/2023\/03\/Le-lavement-des-pieds.jpg","width":1000,"height":666,"caption":"Le lavement des pieds"},{"@type":"BreadcrumbList","@id":"https:\/\/blog.holyart.it\/fr\/paques\/le-lavement-des-pieds-le-geste-symbole-de-lamour-de-dieu\/#breadcrumb","itemListElement":[{"@type":"ListItem","position":1,"name":"Homepage","item":"https:\/\/blog.holyart.it\/fr\/"},{"@type":"ListItem","position":2,"name":"P\u00e2ques","item":"https:\/\/blog.holyart.it\/fr\/paques\/"},{"@type":"ListItem","position":3,"name":"Le lavement des pieds, le geste symbole de l\u2019amour de Dieu"}]},{"@type":"WebSite","@id":"https:\/\/blog.holyart.it\/fr\/#website","url":"https:\/\/blog.holyart.it\/fr\/","name":"Holyart.fr Blog","description":"Holyblog","publisher":{"@id":"https:\/\/blog.holyart.it\/fr\/#organization"},"potentialAction":[{"@type":"SearchAction","target":{"@type":"EntryPoint","urlTemplate":"https:\/\/blog.holyart.it\/fr\/?s={search_term_string}"},"query-input":{"@type":"PropertyValueSpecification","valueRequired":true,"valueName":"search_term_string"}}],"inLanguage":"fr-FR"},{"@type":"Organization","@id":"https:\/\/blog.holyart.it\/fr\/#organization","name":"Holyart.fr Blog","url":"https:\/\/blog.holyart.it\/fr\/","logo":{"@type":"ImageObject","inLanguage":"fr-FR","@id":"https:\/\/blog.holyart.it\/fr\/#\/schema\/logo\/image\/","url":"https:\/\/blog.holyart.it\/fr\/wp-content\/uploads\/sites\/14\/2022\/12\/Holyart_Blog_Logo.jpg","contentUrl":"https:\/\/blog.holyart.it\/fr\/wp-content\/uploads\/sites\/14\/2022\/12\/Holyart_Blog_Logo.jpg","width":300,"height":50,"caption":"Holyart.fr Blog"},"image":{"@id":"https:\/\/blog.holyart.it\/fr\/#\/schema\/logo\/image\/"}},{"@type":"Person","@id":"https:\/\/blog.holyart.it\/fr\/#\/schema\/person\/0a7b686e5af0f856ec1e390dd0baecda","name":"Redazione","image":{"@type":"ImageObject","inLanguage":"fr-FR","@id":"https:\/\/blog.holyart.it\/fr\/#\/schema\/person\/image\/","url":"https:\/\/secure.gravatar.com\/avatar\/f477da817f43e50d0af36abecd33e3edf826c68299714bdc1057dff3b113f516?s=96&d=mm&r=g","contentUrl":"https:\/\/secure.gravatar.com\/avatar\/f477da817f43e50d0af36abecd33e3edf826c68299714bdc1057dff3b113f516?s=96&d=mm&r=g","caption":"Redazione"},"url":"https:\/\/blog.holyart.it\/fr\/author\/admin\/"}]}},"_links":{"self":[{"href":"https:\/\/blog.holyart.it\/fr\/wp-json\/wp\/v2\/posts\/6024","targetHints":{"allow":["GET"]}}],"collection":[{"href":"https:\/\/blog.holyart.it\/fr\/wp-json\/wp\/v2\/posts"}],"about":[{"href":"https:\/\/blog.holyart.it\/fr\/wp-json\/wp\/v2\/types\/post"}],"author":[{"embeddable":true,"href":"https:\/\/blog.holyart.it\/fr\/wp-json\/wp\/v2\/users\/1"}],"replies":[{"embeddable":true,"href":"https:\/\/blog.holyart.it\/fr\/wp-json\/wp\/v2\/comments?post=6024"}],"version-history":[{"count":12,"href":"https:\/\/blog.holyart.it\/fr\/wp-json\/wp\/v2\/posts\/6024\/revisions"}],"predecessor-version":[{"id":6050,"href":"https:\/\/blog.holyart.it\/fr\/wp-json\/wp\/v2\/posts\/6024\/revisions\/6050"}],"wp:featuredmedia":[{"embeddable":true,"href":"https:\/\/blog.holyart.it\/fr\/wp-json\/wp\/v2\/media\/6051"}],"wp:attachment":[{"href":"https:\/\/blog.holyart.it\/fr\/wp-json\/wp\/v2\/media?parent=6024"}],"wp:term":[{"taxonomy":"category","embeddable":true,"href":"https:\/\/blog.holyart.it\/fr\/wp-json\/wp\/v2\/categories?post=6024"},{"taxonomy":"post_tag","embeddable":true,"href":"https:\/\/blog.holyart.it\/fr\/wp-json\/wp\/v2\/tags?post=6024"}],"curies":[{"name":"wp","href":"https:\/\/api.w.org\/{rel}","templated":true}]}}