{"id":5937,"date":"2023-03-13T12:30:42","date_gmt":"2023-03-13T11:30:42","guid":{"rendered":"https:\/\/blog.holyart.it\/fr\/?p=5937"},"modified":"2025-03-19T16:58:02","modified_gmt":"2025-03-19T15:58:02","slug":"lhistoire-de-jesus-les-evenements-les-plus-importants-de-sa-vie","status":"publish","type":"post","link":"https:\/\/blog.holyart.it\/fr\/articles-religieux\/lhistoire-de-jesus-les-evenements-les-plus-importants-de-sa-vie\/","title":{"rendered":"L\u2019histoire de J\u00e9sus : les \u00e9v\u00e9nements les plus importants de Sa vie"},"content":{"rendered":"<h4>L\u2019histoire de J\u00e9sus, entre r\u00e9cit \u00e9vang\u00e9lique, r\u00e9alit\u00e9 historique et l\u00e9gende d\u00e9votionnelle. En vue de P\u00e2ques, reconstruisons la vicissitude humaine qui a chang\u00e9 le destin de l\u2019humanit\u00e9<\/h4>\n\n<p>Raconter l\u2019histoire de J\u00e9sus peut sembler, de prime abord, facile, voire banal. Quiconque est n\u00e9 et a grandi dans une famille catholique a \u00e9t\u00e9 habitu\u00e9 d\u00e8s son enfance \u00e0 la <strong><a href=\"https:\/\/www.holyart.fr\/blog\/occasions-speciales\/creche-de-paques-une-ancienne-tradition-a-redecouvrir\/\">tradition de la Cr\u00e8che,<\/a><\/strong> \u00e0 No\u00ebl, repr\u00e9sentation de la Nativit\u00e9 de J\u00e9sus. Si ensuite nous avons eu l\u2019occasion de fr\u00e9quenter le cat\u00e9chisme, nous avons aussi appris \u00e0 conna\u00eetre l\u2019histoire de cet homme qui ne fut pas uniquement un homme et qui pris entre Ses mains le salut de tous. Nous avons \u00e9cout\u00e9 comme s\u2019il s\u2019agissait de contes de f\u00e9es Ses paraboles, les miracles dont il fut protagoniste et auteur. Ses paroles d\u2019amour et de sagesse nous ont accompagn\u00e9 pour toute notre vie.<\/p>\n<p>Mais ind\u00e9pendamment de notre profession religieuse, l\u2019histoire de J\u00e9sus est strictement li\u00e9e \u00e0 l\u2019histoire de l\u2019humanit\u00e9 et m\u00e9rite d\u2019\u00eatre connue et comprise sous ses nombreuses et pr\u00e9cieuses facettes. Afin de reconstruire sa vie, il n\u2019est pas suffisant de suivre les faits racont\u00e9s dans les quatre<a href=\"https:\/\/www.holyart.fr\/articles-religieux\/livres-sacres\/evangiles?page=1&amp;flags=true\"> <strong>\u00c9vangiles Canoniques<\/strong>,<\/a> \u00e9crits par les \u00e9vang\u00e9listes <strong>Matthieu, Marc, Luc et Jean<\/strong>. Bien qu\u2019ils repr\u00e9sentent les uniques sources textuelles anciennes reconnues, elles laissent trop de lacunes. Il n\u2019y a que des rares allusions \u00e0 celles qui ont \u00e9t\u00e9 d\u00e9finies comme les <strong>ann\u00e9es perdues de la vie de J\u00e9sus<\/strong>, celles pass\u00e9es entre sa naissance et le d\u00e9but de ses pr\u00e9dications. Dans les m\u00eames r\u00e9cits il est ensuite difficile de d\u00e9partager la composante historique de celle mythique, in\u00e9vitablement li\u00e9e aux faits r\u00e9els. En outre, ils pr\u00e9sentent des diff\u00e9rences significatives : si dans Matthieu, Marc et Luc, ceux qu\u2019on appelle les <strong>\u00c9vangiles Synoptiques<\/strong>, on raconte plus ou moins les m\u00eames \u00e9pisodes, bien qu\u2019avec des variations, dans l\u2019\u00c9vangile de Jean on retrouve des r\u00e9cits \u00ab\u00a0in\u00e9dits\u00a0\u00bb et manquent par contre des \u00e9v\u00e9nements report\u00e9s par les autres trois \u00e9vang\u00e9listes.<\/p>\n<div class=\"link-article\">\n<p><img loading=\"lazy\" decoding=\"async\" class=\"alignnone size-full wp-image-5939\" src=\"https:\/\/blog.holyart.it\/fr\/wp-content\/uploads\/sites\/14\/2023\/02\/Creche-de-Paques-une-ancienne-tradition-a-redecouvrir.png\" alt=\"Cr\u00e8che de P\u00e2ques, une ancienne tradition \u00e0 red\u00e9couvrir\" width=\"150\" height=\"99\" data-kale-share-title=\"L\u2019histoire de J\u00e9sus : les \u00e9v\u00e9nements les plus importants de Sa vie\" data-kale-share-url=\"https:\/\/blog.holyart.it\/fr\/?p=5937\" \/><\/p>\n<div class=\"leggi-anche\">Lire aussi :<\/div>\n<p><strong><a href=\"https:\/\/www.holyart.fr\/blog\/occasions-speciales\/creche-de-paques-une-ancienne-tradition-a-redecouvrir\/\">Cr\u00e8che de P\u00e2ques, une ancienne tradition \u00e0 red\u00e9couvrir<\/a><\/strong><br \/>\nCr\u00e8che de P\u00e2ques ? Bien s\u00fbr ! Dans notre pays c\u2019est une tradition ancienne et tr\u00e8s appr\u00e9ci\u00e9e.<\/p>\n<\/div>\n<p>Les <strong>\u00c9vangiles apocryphes<\/strong>, r\u00e9dig\u00e9s par la suite et non reconnus par les sp\u00e9cialistes, contiennent d\u2019autres informations pr\u00e9cieuses, mais difficiles \u00e0 v\u00e9rifier, ainsi comme les nombreux documents m\u00e9di\u00e9vaux et les \u0153uvres d\u00e9votionnelles, pour lesquelles il est souvent impossible de remonter \u00e0 une source historique document\u00e9e et plausible.<\/p>\n<p><strong><a href=\"https:\/\/www.holyart.fr\/occasions-speciales\/paques-et-careme\">P\u00e2ques approche<\/a> <\/strong>et avec elle l\u2019occasion d\u2019installer la <strong><a href=\"https:\/\/www.holyart.fr\/occasions-speciales\/paques-et-careme\/creche-de-paques?page=1\">Cr\u00e8che de P\u00e2ques,<\/a><\/strong> une tradition qui nous pr\u00e9pare \u00e0 Sa mort et qui nous offre une occasion de r\u00e9flexion sur Sa vie et Ses actes. Quels sont les \u00e9v\u00e9nements les plus importants de la vie de J\u00e9sus\u00a0? Qu\u2019est-ce qui advint de v\u00e9ritablement significatif du moment de l\u2019Annonciation \u00e0 la Nativit\u00e9, jusqu\u2019\u00e0 Sa mort et R\u00e9surrection\u00a0?<\/p>\n<div class=\"sp-styles-warning\" style=\"width: 450px; background-color: #FFF; color: #F00; border: 1px solid #F00; padding: 10px; font-size: 14px;\">\n\t\t\t<span style=\"font-weight: bold;\">Warning: The stylesheets were not loaded!<\/span> \n\t\t\tYou will need to change the <i>Load stylesheets<\/i> setting from <i>Automatically<\/i> to <i>On homepage<\/i> or <i>On all pages<\/i>. \n\t\t\tYou can set that <a style=\"text-decoration: underline; color: #F00;\" href=\"https:\/\/blog.holyart.it\/fr\/wp-admin\/admin.php?page=sliderpro-settings\">here<\/a>.\n\t\t\t<\/div>\r\n<div id=\"slider-pro-99\" class=\"slider-pro sp-no-js\" style=\"width: 500px; height: 500px;\">\r\n\t<div class=\"sp-slides\">\r\n\t\t\r\n\t\t<div class=\"sp-slide\">\r\n\t\t\t<img loading=\"lazy\" decoding=\"async\" class=\"sp-image\" src=\"https:\/\/blog.holyart.it\/fr\/wp-content\/uploads\/sites\/14\/2023\/02\/Scene-de-lAnnonciation-a-Marie-avec-Archange-Gabriel-9-cm-.jpg\" alt=\"Sc\u00e8ne de l&#039;Annonciation \u00e0 Marie avec Archange Gabriel 9 cm \" width=\"500\" height=\"500\" \/>\r\n\t\t\t<div class=\"sp-thumbnail\"><a class=\"\" href=\"https:\/\/www.holyart.fr\/occasions-speciales\/paques-et-careme\/creche-de-paques\/scene-de-lannonciation-a-marie-avec-archange-gabriel-9-cm\">\r\n\t\t\t\t<img decoding=\"async\" src=\"https:\/\/blog.holyart.it\/fr\/wp-content\/uploads\/sites\/14\/2023\/02\/scene-de-lannonciation-a-marie-avec-archange-gabriel-9-cm.jpg\" alt=\"scene-de-lannonciation-a-marie-avec-archange-gabriel-9-cm\" \/>\r\n\t\t\t<\/a>\r\n\t\t\t<\/div>\r\n\t\t\t<div class=\"sp-caption\">Sc\u00e8ne de l'Annonciation \u00e0 Marie avec Archange Gabriel 9 cm \n<br \/><strong><a href=\"https:\/\/www.holyart.fr\/occasions-speciales\/paques-et-careme\/creche-de-paques\/scene-de-lannonciation-a-marie-avec-archange-gabriel-9-cm\">Acheter sur Holyart<\/a><\/strong><\/div>\r\n\t\t<\/div>\r\n\t\t<div class=\"sp-slide\">\r\n\t\t\t<img loading=\"lazy\" decoding=\"async\" class=\"sp-image\" src=\"https:\/\/blog.holyart.it\/fr\/wp-content\/uploads\/sites\/14\/2023\/02\/Santons-scene-bapteme-9-cm-.jpg\" alt=\"Santons sc\u00e8ne bapt\u00eame 9 cm\" width=\"500\" height=\"500\" \/>\r\n\t\t\t<div class=\"sp-thumbnail\"><a class=\"\" href=\"https:\/\/www.holyart.fr\/occasions-speciales\/paques-et-careme\/creche-de-paques\/santons-scene-bapteme-9-cm\">\r\n\t\t\t\t<img decoding=\"async\" src=\"https:\/\/blog.holyart.it\/fr\/wp-content\/uploads\/sites\/14\/2023\/02\/santons-scene-bapteme-9-cm.jpg\" alt=\"santons-scene-bapteme-9-cm\" \/>\r\n\t\t\t<\/a>\r\n\t\t\t<\/div>\r\n\t\t\t<div class=\"sp-caption\">Santons sc\u00e8ne bapt\u00eame 9 cm \n<br \/><strong><a href=\"https:\/\/www.holyart.fr\/occasions-speciales\/paques-et-careme\/creche-de-paques\/santons-scene-bapteme-9-cm\">Acheter sur Holyart<\/a><\/strong><\/div>\r\n\t\t<\/div>\r\n\t\t<div class=\"sp-slide\">\r\n\t\t\t<img loading=\"lazy\" decoding=\"async\" class=\"sp-image\" src=\"https:\/\/blog.holyart.it\/fr\/wp-content\/uploads\/sites\/14\/2023\/02\/Scene-vie-de-Jesus-Noces-de-Cana-9-cm-.jpeg\" alt=\"Sc\u00e8ne vie de J\u00e9sus Noces de Cana 9 cm\" width=\"500\" height=\"500\" \/>\r\n\t\t\t<div class=\"sp-thumbnail\"><a class=\"\" href=\"https:\/\/www.holyart.fr\/occasions-speciales\/paques-et-careme\/creche-de-paques\/scene-vie-de-jesus-noces-de-cana-9-cm\">\r\n\t\t\t\t<img decoding=\"async\" src=\"https:\/\/blog.holyart.it\/fr\/wp-content\/uploads\/sites\/14\/2023\/02\/scene-vie-de-jesus-noces-de-cana-9-cm.jpg\" alt=\"scene-vie-de-jesus-noces-de-cana-9-cm\" \/>\r\n\t\t\t<\/a>\r\n\t\t\t<\/div>\r\n\t\t\t<div class=\"sp-caption\">Sc\u00e8ne vie de J\u00e9sus Noces de Cana 9 cm \n <br \/><strong><a>Acheter sur Holyart<\/a><\/strong><\/div>\r\n\t\t<\/div>\r\n\t\t<div class=\"sp-slide\">\r\n\t\t\t<img loading=\"lazy\" decoding=\"async\" class=\"sp-image\" src=\"https:\/\/blog.holyart.it\/fr\/wp-content\/uploads\/sites\/14\/2023\/02\/Scene-de-lentree-de-Jesus-a-Jerusalem-9-cm-.jpeg\" alt=\"Sc\u00e8ne de l&#039;entr\u00e9e de J\u00e9sus \u00e0 J\u00e9rusalem 9 cm\" width=\"500\" height=\"500\" \/>\r\n\t\t\t<div class=\"sp-thumbnail\"><a class=\"\" href=\"https:\/\/www.holyart.fr\/occasions-speciales\/paques-et-careme\/creche-de-paques\/scene-de-lentree-de-jesus-a-jerusalem-9-cm\">\r\n\t\t\t\t<img decoding=\"async\" src=\"https:\/\/blog.holyart.it\/fr\/wp-content\/uploads\/sites\/14\/2023\/02\/scene-de-lentree-de-jesus-a-jerusalem-9-cm.jpg\" alt=\"scene-de-lentree-de-jesus-a-jerusalem-9-cm\" \/>\r\n\t\t\t<\/a>\r\n\t\t\t<\/div>\r\n\t\t\t<div class=\"sp-caption\">Pizza\u00efolo pour cr\u00e8che napolitaine <br \/><strong><a href=\"Sc\u00e8ne de l'entr\u00e9e de J\u00e9sus \u00e0 J\u00e9rusalem 9 cm \n\">Acheter sur Holyart<\/a><\/strong><\/div>\r\n\t\t<\/div>\r\n\t\t<div class=\"sp-slide\">\r\n\t\t\t<img loading=\"lazy\" decoding=\"async\" class=\"sp-image\" src=\"https:\/\/blog.holyart.it\/fr\/wp-content\/uploads\/sites\/14\/2023\/02\/Scene-de-la-Cene-en-resine-9-cm-.jpeg\" alt=\"Sc\u00e8ne de la C\u00e8ne en r\u00e9sine 9 cm\" width=\"500\" height=\"500\" \/>\r\n\t\t\t<div class=\"sp-thumbnail\"><a class=\"\" href=\"https:\/\/www.holyart.fr\/occasions-speciales\/paques-et-careme\/creche-de-paques\/scene-de-la-cene-en-resine-9-cm\">\r\n\t\t\t\t<img decoding=\"async\" src=\"https:\/\/blog.holyart.it\/fr\/wp-content\/uploads\/sites\/14\/2023\/02\/scene-de-la-cene-en-resine-9-cm.jpg\" alt=\"scene-de-la-cene-en-resine-9-cm\" \/>\r\n\t\t\t<\/a>\r\n\t\t\t<\/div>\r\n\t\t\t<div class=\"sp-caption\">Sc\u00e8ne de la C\u00e8ne en r\u00e9sine 9 cm \n<br \/><strong><a href=\"https:\/\/www.holyart.fr\/occasions-speciales\/paques-et-careme\/creche-de-paques\/scene-de-la-cene-en-resine-9-cm\">Acheter sur Holyart<\/a><\/strong><\/div>\r\n\t\t<\/div>\r\n\t\t<div class=\"sp-slide\">\r\n\t\t\t<img loading=\"lazy\" decoding=\"async\" class=\"sp-image\" src=\"https:\/\/blog.holyart.it\/fr\/wp-content\/uploads\/sites\/14\/2023\/02\/Scene-vie-de-Christ-lavement-des-pieds-9-cm-.jpg\" alt=\"Sc\u00e8ne vie de Christ lavement des pieds 9 cm\" width=\"500\" height=\"500\" \/>\r\n\t\t\t<div class=\"sp-thumbnail\"><a class=\"\" href=\"https:\/\/www.holyart.fr\/occasions-speciales\/paques-et-careme\/creche-de-paques\/scene-vie-de-christ-lavement-des-pieds-9-cm\">\r\n\t\t\t\t<img decoding=\"async\" src=\"https:\/\/blog.holyart.it\/fr\/wp-content\/uploads\/sites\/14\/2023\/02\/scene-vie-de-christ-lavement-des-pieds-9-cm.jpg\" alt=\"scene-vie-de-christ-lavement-des-pieds-9-cm\" \/>\r\n\t\t\t<\/a>\r\n\t\t\t<\/div>\r\n\t\t\t<div class=\"sp-caption\">Sc\u00e8ne vie de Christ lavement des pieds 9 cm \n<br \/><strong><a href=\"https:\/\/www.holyart.fr\/occasions-speciales\/paques-et-careme\/creche-de-paques\/scene-vie-de-christ-lavement-des-pieds-9-cm\">Acheter sur Holyart<\/a><\/strong><\/div>\r\n\t\t<\/div>\r\n\t\t<div class=\"sp-slide\">\r\n\t\t\t<img loading=\"lazy\" decoding=\"async\" class=\"sp-image\" src=\"https:\/\/blog.holyart.it\/fr\/wp-content\/uploads\/sites\/14\/2023\/02\/Quatre-santons-de-soldats-romains-10-cm-.jpg\" alt=\"Quatre santons de soldats romains 10 cm\" width=\"500\" height=\"500\" \/>\r\n\t\t\t<div class=\"sp-thumbnail\"><a class=\"\" href=\"https:\/\/www.holyart.fr\/occasions-speciales\/paques-et-careme\/creche-de-paques\/quatre-santons-de-soldats-romains-10-cm\">\r\n\t\t\t\t<img decoding=\"async\" src=\"https:\/\/blog.holyart.it\/fr\/wp-content\/uploads\/sites\/14\/2023\/02\/quatre-santons-de-soldats-romains-9-cm.jpg\" alt=\"quatre-santons-de-soldats-romains-9-cm\" \/>\r\n\t\t\t<\/a>\r\n\t\t\t<\/div>\r\n\t\t\t<div class=\"sp-caption\">Quatre santons de soldats romains 10 cm \n<br \/><strong><a href=\"https:\/\/www.holyart.fr\/occasions-speciales\/paques-et-careme\/creche-de-paques\/quatre-santons-de-soldats-romains-10-cm\">Acheter sur Holyart<\/a><\/strong><\/div>\r\n\t\t<\/div>\r\n\t\t<div class=\"sp-slide\">\r\n\t\t\t<img loading=\"lazy\" decoding=\"async\" class=\"sp-image\" src=\"https:\/\/blog.holyart.it\/fr\/wp-content\/uploads\/sites\/14\/2023\/02\/Scene-passion-de-Christ-ascension-du-Mont-du-Calvaire-9-cm.jpg\" alt=\"Sc\u00e8ne passion de Christ ascension du Mont du Calvaire 9 cm\" width=\"500\" height=\"500\" \/>\r\n\t\t\t<div class=\"sp-thumbnail\"><a class=\"\" href=\"https:\/\/www.holyart.fr\/occasions-speciales\/paques-et-careme\/creche-de-paques\/scene-passion-de-christ-ascension-du-mont-du-calvaire-9-cm\">\r\n\t\t\t\t<img decoding=\"async\" src=\"https:\/\/blog.holyart.it\/fr\/wp-content\/uploads\/sites\/14\/2023\/02\/scene-passion-de-christ-ascension-du-mont-du-calvaire-9-cm-1.jpg\" alt=\"scene-passion-de-christ-ascension-du-mont-du-calvaire-9-cm\" \/>\r\n\t\t\t<\/a>\r\n\t\t\t<\/div>\r\n\t\t\t<div class=\"sp-caption\">Sc\u00e8ne passion de Christ ascension du Mont du Calvaire 9 cm<br \/><strong><a href=\"https:\/\/www.holyart.fr\/occasions-speciales\/paques-et-careme\/creche-de-paques\/scene-passion-de-christ-ascension-du-mont-du-calvaire-9-cm\">Acheter sur Holyart<\/a><\/strong><\/div>\r\n\t\t<\/div>\r\n\t<\/div>\r\n<\/div>\n<h2>Annonciation du Seigneur<\/h2>\n<p>Tant l\u2019\u00c9vangile de Matthieu que celui de Luc commencent avec l\u2019<a href=\"https:\/\/www.holyart.fr\/blog\/articles-religieux\/annonciation-du-seigneur-pourquoi-la-fetons-nous-le-25-mars\/\"><strong>Annonciation<\/strong>.<\/a> En r\u00e9alit\u00e9, avant cela, dans les deux \u00c9vangiles, est report\u00e9e la <strong>G\u00e9n\u00e9alogie de J\u00e9sus<\/strong>, qui part d\u2019Abraham dans Matthieu et d\u2019Adam dans Luc et o\u00f9 <strong>Joseph<\/strong> est pr\u00e9sent\u00e9 comme p\u00e8re adoptif. L\u2019Annonciation racont\u00e9e dans l\u2019\u00c9vangile de Matthieu (Mtt 1,18-25) est celle qui voit comme protagoniste <strong>Joseph<\/strong> qui, sur le point de r\u00e9pudier Marie apr\u00e8s avoir d\u00e9couvert son \u00e9tat, re\u00e7oit en r\u00eave la visite d\u2019un ange qui l\u2019informe de la v\u00e9ritable identit\u00e9 de l\u2019Enfant qui va naitre et du r\u00f4le de Marie dans le plan de Dieu. L\u2019Annonciation de Luc (Luc 1,26-38) raconte comment l\u2019Archange Gabriel apparut \u00e0 Marie pour lui annoncer la conception du Fils de Dieu.<\/p>\n<div class=\"link-article\">\n<p><img loading=\"lazy\" decoding=\"async\" class=\"alignnone size-full wp-image-5940\" src=\"https:\/\/blog.holyart.it\/fr\/wp-content\/uploads\/sites\/14\/2023\/02\/Annonciation-du-Seigneur.jpg\" alt=\"Annonciation du Seigneur\" width=\"150\" height=\"99\" data-kale-share-title=\"L\u2019histoire de J\u00e9sus : les \u00e9v\u00e9nements les plus importants de Sa vie\" data-kale-share-url=\"https:\/\/blog.holyart.it\/fr\/?p=5937\" \/><\/p>\n<div class=\"leggi-anche\">Lire aussi :<\/div>\n<p><strong><a href=\"https:\/\/www.holyart.fr\/blog\/articles-religieux\/annonciation-du-seigneur-pourquoi-la-fetons-nous-le-25-mars\/\">Annonciation du Seigneur : pourquoi la f\u00eatons-nous le 25 mars<\/a><\/strong><br \/>\nLe 25 mars nous c\u00e9l\u00e9brons l\u2019Annonciation du Seigneur, une f\u00eate d\u00e9di\u00e9e \u00e0 J\u00e9sus, mais aussi \u00e0 Sa m\u00e8re Marie, li\u00e9e \u00e0 Lui de mani\u00e8re indissoluble.<\/p>\n<\/div>\n<h2>Naissance de J\u00e9sus<\/h2>\n<p>En ce qui concerne la <strong>naissance de J\u00e9sus<\/strong>, ce sont encore Matthieu et Luc qui la citent dans leurs \u00c9vangiles. Le premier (Mtt 2,1) se limite \u00e0 annoncer la nouvelle : \u00ab\u00a0<em>J\u00e9sus \u00e9tant n\u00e9 \u00e0 Bethl\u00e9hem en Jud\u00e9e, au temps du Roi H\u00e9rode<\/em>\u00a0\u00bb, tandis que le deuxi\u00e8me (Luc 2,1-20) raconte tout l\u2019\u00e9pisode avec force d\u00e9tails, de l\u2019\u00e9manation du d\u00e9cret de C\u00e9sar Auguste \u00e0 cause de laquelle Joseph d\u00fbt retourner de Nazareth \u00e0 Bethl\u00e9hem pour le recensement, \u00e0 la naissance de J\u00e9sus dans une \u00e9table, car il n\u2019y avait pas de place dans les auberges, \u00e0 l\u2019adoration des bergers, invit\u00e9s par une multitude ang\u00e9lique \u00e0 rejoindre le lieu de la Nativit\u00e9.<\/p>\n<h2>\u00c9piphanie (Rois Mages)<\/h2>\n<p>Matthieu cite \u00e9galement la <strong>visite des Mages venus d\u2019Orient<\/strong> (Mtt 2,1) et est le seul parmi les \u00e9vang\u00e9listes \u00e0 le faire. Toutes les <u>autres traditions li\u00e9es \u00e0 ces trois figures<\/u>, leurs pr\u00e9noms, les dons qu\u2019ils apport\u00e8rent, d\u00e9rivent de la tradition chr\u00e9tienne successive.<\/p>\n<h2>La fuite en \u00c9gypte et le massacre des innocents<\/h2>\n<p>De la m\u00eame mani\u00e8re, seul l\u2019\u00c9vangile de Matthieu (Mtt 2,13-23) raconte l\u2019\u00e9pisode de la <strong><a href=\"https:\/\/www.holyart.fr\/blog\/noel\/fuite-en-egypte-le-voyage-de-la-sainte-famille-pour-echapper-au-roi-herode\/\">fuite en \u00c9gypte et du massacre des innocents,<\/a><\/strong> quand un ange du Seigneur apparut \u00e0 Joseph l\u2019avertissant de l\u2019intention du Roi H\u00e9rode de tuer J\u00e9sus. Joseph prit alors Marie et l\u2019Enfant nouveau-n\u00e9 et se mit en route, pendant que les soldats de H\u00e9rode exterminaient tous les enfants de Bethl\u00e9em. La Sainte Famille serait rest\u00e9e en \u00c9gypte jusqu\u2019\u00e0 la mort de H\u00e9rode.<\/p>\n<div class=\"link-article\">\n<p><img loading=\"lazy\" decoding=\"async\" class=\"alignnone size-full wp-image-5941\" src=\"https:\/\/blog.holyart.it\/fr\/wp-content\/uploads\/sites\/14\/2023\/02\/Fuite-en-Egypte.jpg\" alt=\"Fuite en \u00c9gypte\" width=\"150\" height=\"99\" data-kale-share-title=\"L\u2019histoire de J\u00e9sus : les \u00e9v\u00e9nements les plus importants de Sa vie\" data-kale-share-url=\"https:\/\/blog.holyart.it\/fr\/?p=5937\" \/><\/p>\n<div class=\"leggi-anche\">Lire aussi :<\/div>\n<p><strong><a href=\"https:\/\/www.holyart.fr\/blog\/noel\/fuite-en-egypte-le-voyage-de-la-sainte-famille-pour-echapper-au-roi-herode\/\">Fuite en \u00c9gypte : le voyage de la Sainte Famille pour \u00e9chapper au Roi H\u00e9rode<\/a><\/strong><br \/>\nLa fuite en \u00c9gypte est un \u00e9pisode de l\u2019enfance de J\u00e9sus.<\/p>\n<\/div>\n<h2>La d\u00e9couverte de J\u00e9sus au temple<\/h2>\n<p>Comme nous l\u2019avons d\u00e9j\u00e0 mentionn\u00e9, on sait relativement peu sur les ann\u00e9es perdues de J\u00e9sus, mais dans l\u2019\u00c9vangile de Luc est cit\u00e9 l\u2019\u00e9pisode de la <strong>visite au Temple<\/strong> (Luc 2,41-50), quand J\u00e9sus avait douze ans et Marie et Joseph l\u2019amen\u00e8rent avec eux \u00e0 J\u00e9rusalem pour la f\u00eate de P\u00e2que. Repartis pour Nazareth, ils d\u00e9couvrirent que J\u00e9sus n\u2019\u00e9tait pas dans la caravane et firent donc marche arri\u00e8re et le cherch\u00e8rent pendant trois jours, finissant par le retrouver au temple, assis au milieu des docteurs, en train de les \u00e9couter et de les interroger.<\/p>\n<h2>Bapt\u00eame et tentations de J\u00e9sus<\/h2>\n<p>Matthieu, Marc et Luc racontent le <a href=\"https:\/\/www.holyart.fr\/occasions-speciales\/paques-et-careme\/creche-de-paques\/santons-scene-bapteme-9-cm\"><strong>bapt\u00eame re\u00e7u par J\u00e9sus<\/strong>,<\/a> d\u00e9sormais devenu adulte, de la part de <strong><u>Jean le Baptiste<\/u><\/strong>. Dans l\u2019<strong>\u00c9vangile selon Marc <\/strong>(Marc 1,9-13) et dans l\u2019<strong>\u00c9vangile selon Matthieu <\/strong>(Mtt 3,13-4,11) on raconte comment J\u00e9sus, arriv\u00e9 \u00e0 Nazareth sur les rives du Jourdain, rencontra Jean le Baptiste et fut baptis\u00e9 par ce dernier. Lorsqu\u2019il sortait du fleuve, les cieux s\u2019ouvrirent, le Saint-Esprit descendit sur Lui en forme de colombe et une voix affirma : \u00ab\u00a0<em>Tu es mon Fils bien-aim\u00e9, en toi j\u2019ai mis toute mon affection<\/em>\u00a0\u00bb.<em><br \/>\n<\/em>Matthieu fait parler \u00e9galement Jean le Baptiste qui, de prime abord, refuse de baptiser J\u00e9sus en arguant que ce serait \u00e0 lui de se faire baptiser par ce dernier.<br \/>\nDans l\u2019<strong>\u00c9vangile selon Luc <\/strong>(Luc 3,21-22;4,1-13) J\u00e9sus se fait baptiser en m\u00eame temps que tout le monde et la colombe et la voix venant du ciel Le rejoignent alors qu\u2019il est recueilli en pri\u00e8re<\/p>\n<p>Matthieu et Luc s\u2019attardent \u00e9galement sur les <strong>quarante jours<\/strong> qui suivent, que J\u00e9sus passa dans le d\u00e9sert tourment\u00e9 par les tentations du Diable, tandis que Marc y fait \u00e0 peine allusion.<br \/>\n<strong>Jean <\/strong>ne parle pas du bapt\u00eame de J\u00e9sus, mais simplement de la descente du Saint-Esprit sous forme de colombe.<\/p>\n<h2>Vie publique de J\u00e9sus<\/h2>\n<p>Tous les \u00e9vang\u00e9listes parlent de la <strong>vie publique de J\u00e9sus<\/strong>, ou plut\u00f4t de ses <strong>Minist\u00e8res<\/strong>, la p\u00e9riode de trois ans du Bapt\u00eame sur les rives du Jourdain \u00e0 la mort \u00e0 J\u00e9rusalem. \u00c0 l\u2019\u00e9poque, J\u00e9sus avait environ trente ans et, apr\u00e8s avoir \u00e9t\u00e9 pendant quarante jour dans le d\u00e9sert, il commence Ses p\u00e9r\u00e9grinations en Galil\u00e9e, o\u00f9 il recueille autour de Lui Ses premiers disciples. C\u2019est ce qu\u2019on appelle le <strong>Premier minist\u00e8re<\/strong>, qui comprend \u00e9galement l\u2019<strong>appel des ap\u00f4tres sur le Lac de Tib\u00e9riade<\/strong>, comme il est racont\u00e9 dans les \u00c9vangiles Synoptiques, tandis que dans l\u2019\u00c9vangile de Jean la premi\u00e8re rencontre de J\u00e9sus avec Andr\u00e9, Pierre et Jean eut lieu \u00e0 B\u00e9thanie, peu apr\u00e8s le Bapt\u00eame.<\/p>\n<p>Par la suite, J\u00e9sus se mit en voyage \u00e0 travers la Jud\u00e9e et jusqu\u2019\u00e0 J\u00e9rusalem, o\u00f9 commence son Minist\u00e8re Final, la <strong>Semaine de la Passion<\/strong>, la derni\u00e8re semaine de Sa vie.<\/p>\n<h2>Miracles de J\u00e9sus<\/h2>\n<p>Au cours de Son Minist\u00e8re, J\u00e9sus accomplit \u00e9galement de nombreux <strong>miracles<\/strong>, qui vont des <strong><a href=\"https:\/\/www.holyart.fr\/occasions-speciales\/paques-et-careme\/creche-de-paques\/santons-scene-de-vie-de-jesus-guerison-des-non-voyants-9-cm\">gu\u00e9risons prodigieuses<\/a><\/strong> aux exorcismes, jusqu\u2019\u00e0 la r\u00e9surrection des morts.<\/p>\n<div class=\"link-product\">\n<div class=\"blocco-immagine\"><img loading=\"lazy\" decoding=\"async\" class=\"alignnone size-full wp-image-5942\" src=\"https:\/\/blog.holyart.it\/fr\/wp-content\/uploads\/sites\/14\/2023\/02\/Santons-scene-de-vie-de-Jesus-guerison-des-non-voyants-9-cm-.jpg\" alt=\"Santons sc\u00e8ne de vie de J\u00e9sus gu\u00e9rison des non-voyants 9 cm\" width=\"100\" height=\"100\" data-kale-share-title=\"L\u2019histoire de J\u00e9sus : les \u00e9v\u00e9nements les plus importants de Sa vie\" data-kale-share-url=\"https:\/\/blog.holyart.it\/fr\/?p=5937\" \/><\/div>\n<div class=\"blocco-contenuto\">\n<div class=\"blocco-acquista\">Acheter sur Holyart:<\/div>\n<div class=\"blocco-titolo\"><a href=\"https:\/\/www.holyart.fr\/occasions-speciales\/paques-et-careme\/creche-de-paques\/santons-scene-de-vie-de-jesus-guerison-des-non-voyants-9-cm\">Santons<\/a><\/div>\n<div class=\"blocco-descrizione\">Sc\u00e8ne de vie de J\u00e9sus 9 cm<\/div>\n<\/div>\n<\/div>\n<h2>Entr\u00e9e de J\u00e9sus \u00e0 J\u00e9rusalem (Dimanche des Rameaux)<\/h2>\n<p>Tous les \u00c9vangiles Canoniques racontent l\u2019<strong>entr\u00e9e de J\u00e9sus \u00e0 J\u00e9rusalem<\/strong>, accueilli par une foule en f\u00eate qui l\u2019acclama en agitant des feuilles de palmier. D\u2019ici nait la tradition du Dimanche des Rameaux, qui marque le d\u00e9but de la <strong><a href=\"https:\/\/www.holyart.fr\/blog\/accessoires-pour-la-liturgie\/les-rites-de-la-semaine-sainte\/\">Semaine Sainte de P\u00e2ques.<\/a><\/strong><\/p>\n<div class=\"link-article\">\n<p><img loading=\"lazy\" decoding=\"async\" class=\"alignnone size-full wp-image-5943\" src=\"https:\/\/blog.holyart.it\/fr\/wp-content\/uploads\/sites\/14\/2023\/02\/Les-rites-de-la-Semaine-Sainte.jpg\" alt=\"Les rites de la Semaine Sainte\" width=\"150\" height=\"99\" data-kale-share-title=\"L\u2019histoire de J\u00e9sus : les \u00e9v\u00e9nements les plus importants de Sa vie\" data-kale-share-url=\"https:\/\/blog.holyart.it\/fr\/?p=5937\" \/><\/p>\n<div class=\"leggi-anche\">Lire aussi :<\/div>\n<p><strong><a href=\"https:\/\/www.holyart.fr\/blog\/accessoires-pour-la-liturgie\/les-rites-de-la-semaine-sainte\/\">Les rites de la Semaine Sainte<\/a><\/strong><br \/>\nP\u00e2ques est la f\u00eate la plus importante de l\u2019ann\u00e9e pour les chr\u00e9tiens et est c\u00e9l\u00e9br\u00e9e dans le monde entier.<\/p>\n<\/div>\n<h2>La c\u00e8ne (lavement des pieds)<\/h2>\n<p>Les quatre \u00c9vangiles racontent aussi la <a href=\"https:\/\/www.holyart.fr\/blog\/articles-religieux\/la-cene-de-leonard-de-vinci-histoire-dun-chef-doeuvre\/\"><strong>c\u00e8ne de J\u00e9sus et Ses disciples<\/strong>,<\/a> recueillis dans le c\u00e9nacle pour c\u00e9l\u00e9brer la P\u00e2que juive, quand eut lieu l\u2019institution de l\u2019Eucharistie. \u00c0 cette occasion, J\u00e9sus <a href=\"https:\/\/www.holyart.fr\/occasions-speciales\/paques-et-careme\/creche-de-paques\/scene-vie-de-christ-lavement-des-pieds-9-cm\"><strong>lava \u00e9galement les pieds \u00e0 ses ap\u00f4tres<\/strong>,<\/a> m\u00eame si cet \u00e9pisode n\u2019est racont\u00e9 que dans l\u2019<strong>\u00c9vangile selon Jean <\/strong>(Jean 13,1-15), et r\u00e9v\u00e9la qu\u2019un des ap\u00f4tres l\u2019aurait trahi.<\/p>\n<h2>Le proc\u00e8s de J\u00e9sus<\/h2>\n<p>Les quatre \u00c9vangiles Canoniques racontent l\u2019<strong>arrestation de J\u00e9sus <\/strong>dans le jardin de Geths\u00e9mani, \u00e0 l\u2019ext\u00e9rieur de J\u00e9rusalem, de son <a href=\"https:\/\/www.holyart.fr\/occasions-speciales\/paques-et-careme\/creche-de-paques\/scene-vie-de-christ-condamnation-de-jesus-9-cm\"><strong>interrogatoire et de son proc\u00e8s<\/strong>,<\/a> d\u2019abord devant le Sanh\u00e9drin, le conseil supr\u00eame juif en \u00e9poque romaine, ensuite par le gouverneur romain Ponce Pilate. L\u2019arrestation a lieu selon la tradition le jeudi soir, la sentence de Pilate est \u00e9mise le vendredi. Dans l\u2019<strong>\u00c9vangile selon Luc<\/strong>, Pilate envoie J\u00e9sus aupr\u00e8s d\u2019H\u00e9rode Antipas, qui le lui renvoya sans se prononcer. Bien que pendant la premi\u00e8re entrevue priv\u00e9e avec J\u00e9sus, Pilate fut arriv\u00e9 \u00e0 la conclusion qu\u2019Il \u00e9tait un malade mental et l\u2019avait jug\u00e9 innocent, il est oblig\u00e9 de le condamner par la suite. Pour les accusations de blasph\u00e8mes, s\u00e9dition et crime de l\u00e8se-majest\u00e9, fut \u00e9mise par Ponce Pilate la condamnation \u00e0 mort par crucifixion. Au cours du proc\u00e8s, fut par contre lib\u00e9r\u00e9 Barabbas, choisi par le peuple pour \u00eatre graci\u00e9 \u00e0 la place de J\u00e9sus.<\/p>\n<div class=\"link-product\">\n<div class=\"blocco-immagine\"><img loading=\"lazy\" decoding=\"async\" class=\"alignnone size-full wp-image-5944\" src=\"https:\/\/blog.holyart.it\/fr\/wp-content\/uploads\/sites\/14\/2023\/02\/Scene-vie-de-Christ-condamnation-de-Jesus-9-cm.jpg\" alt=\"Sc\u00e8ne vie de Christ condamnation de J\u00e9sus 9 cm\" width=\"100\" height=\"100\" data-kale-share-title=\"L\u2019histoire de J\u00e9sus : les \u00e9v\u00e9nements les plus importants de Sa vie\" data-kale-share-url=\"https:\/\/blog.holyart.it\/fr\/?p=5937\" \/><\/div>\n<div class=\"blocco-contenuto\">\n<div class=\"blocco-acquista\">Acheter sur Holyart:<\/div>\n<div class=\"blocco-titolo\"><a href=\"https:\/\/www.holyart.fr\/occasions-speciales\/paques-et-careme\/creche-de-paques\/santons-scene-de-vie-de-jesus-guerison-des-non-voyants-9-cm\">Condamnation de J\u00e9sus<\/a><\/div>\n<div class=\"blocco-descrizione\">Sc\u00e8ne vie de Christ<\/div>\n<\/div>\n<\/div>\n<h2>Passion et Crucifixion<\/h2>\n<p>La <strong>Passion de Christ<\/strong> comprend les derniers terribles moments de Sa vie, apr\u00e8s Son proc\u00e8s, quand il fut conduit sur le Golgotha et crucifi\u00e9. Le proc\u00e8s termina \u00e0 midi, la mort de J\u00e9sus advint autour de trois heures de l\u2019apr\u00e8s-midi (neuvi\u00e8me heure) du Vendredi Saint. La Passion est rappel\u00e9e par les chr\u00e9tiens pendant la Semaine Sainte, suivie par P\u00e2ques, qui f\u00eate la R\u00e9surrection de Christ trois jours apr\u00e8s Sa mort.<\/p>\n<p>Des \u00e9pisodes tristement c\u00e9l\u00e8bres de la Passion sont la<a href=\"https:\/\/www.holyart.fr\/occasions-speciales\/paques-et-careme\/creche-de-paques\/scene-passion-de-jesus-flagellation-de-christ-9-cm?flags=true\"> <strong>Flagellation de Christ<\/strong>,<\/a> report\u00e9e dans tous les \u00c9vangiles, le <a href=\"https:\/\/www.holyart.fr\/occasions-speciales\/paques-et-careme\/creche-de-paques\/scene-passion-de-christ-couronnement-depines-9-cm\"><strong>couronnement d\u2019\u00e9pines<\/strong>,<\/a> la mont\u00e9e au Calvaire, o\u00f9 selon Matthieu, Marc et Luc J\u00e9sus fut aid\u00e9 par <strong>Simon de Cyr\u00e8ne<\/strong> \u00e0 porter la croix. Sur le Golgotha, J\u00e9sus fut<strong><a href=\"https:\/\/www.holyart.fr\/occasions-speciales\/paques-et-careme\/creche-de-paques\/scene-jesus-sur-la-croix-avec-marie-a-ses-pieds-9-cm?flags=true\"> crucifi\u00e9 entre deux larrons.<\/a><\/strong> Selon Matthieu et Marc, \u00e0 Sa mort, le voile du temple de J\u00e9rusalem fut d\u00e9chir\u00e9 par un vent surnaturel. Suit la<strong> <a href=\"https:\/\/www.holyart.fr\/occasions-speciales\/paques-et-careme\/creche-de-paques\/scene-descente-de-croix-jesus-dans-les-bras-de-marie-9-cm\">Descente du corps de J\u00e9sus<\/a><\/strong> de la croix dans le tombeau.<\/p>\n<h2>R\u00e9surrection et Ascension de J\u00e9sus<\/h2>\n<p>La <a href=\"https:\/\/www.holyart.fr\/occasions-speciales\/paques-et-careme\/creche-de-paques\/statuette-de-jesus-au-moment-de-la-resurrection-9-cm\"><strong>R\u00e9surrection de J\u00e9sus de la mort <\/strong><\/a>est racont\u00e9e avec certaines diff\u00e9rences dans les quatre \u00c9vangiles. Dans Matthieu, apr\u00e8s le samedi, \u00e0 l\u2019aube,<strong><a href=\"https:\/\/www.holyart.fr\/blog\/saints-et-bienheureux\/qui-etait-vraiment-marie-madeleine-histoire-de-l-apotre-des-apotres\/\"> Marie Madeleine<\/a><\/strong> et Marie de Cl\u00e9ophas se rendirent au tombeau et le trouv\u00e8rent vide. Dans Marc, ce sont Marie Madeleine, Marie de Jacques et Salom\u00e9, dans Luc Marie Madeleine, Jeanne porteuse de myrrhe et Marie de Cl\u00e9ophas et d\u2019autres, tandis que Jean l\u2019\u00c9vang\u00e9liste ne cite que Marie Madeleine et d\u2019autres femmes non nomm\u00e9es et d\u00e9place l\u2019action au \u00ab\u00a0<em>premier jour de la semaine de bon matin, alors qu\u2019il faisait encore sombre<\/em>\u00a0\u00bb. Le r\u00e9cit se poursuit avec la pierre du tombeau qui a \u00e9t\u00e9 d\u00e9plac\u00e9e, par un ange ou deux, ou par un tremblement de terre, selon les r\u00e9cits, et la peur des soldats montant la garde ou des femmes. L\u2019ange annonce aux femmes la R\u00e9surrection de J\u00e9sus et leur commanda de porter la nouvelle aux disciples. Aux femmes qui fuient le tombeau <strong>apparait J\u00e9sus<\/strong> (pour Marc uniquement \u00e0 Marie Madeleine) et, selon les versions, elles vont apporter la nouvelle ou se taisent.<\/p>\n<p>Dans l\u2019\u00c9vangile de Luc et dans les Actes des Ap\u00f4tres (Luc 24,51 et Actes 1,9-11) on raconte \u00e9galement l\u2019<strong>Ascension de J\u00e9sus<\/strong>, le dernier \u00e9pisode de Sa parabole sur terre. J\u00e9sus monte au ciel pour s\u2019assoir \u00e0 la droite du P\u00e8re et de l\u00e0 reviendra uniquement \u00e0 la Fin des Temps afin de juger les vivants et les morts.<\/p>\n<div class=\"link-product\">\n<div class=\"blocco-immagine\"><img loading=\"lazy\" decoding=\"async\" class=\"alignnone size-full wp-image-5946\" src=\"https:\/\/blog.holyart.it\/fr\/wp-content\/uploads\/sites\/14\/2023\/02\/Statuette-de-Jesus-au-moment-de-la-Resurrection-9-cm-1.jpg\" alt=\"Statuette de J\u00e9sus au moment de la R\u00e9surrection 9 cm\" width=\"100\" height=\"100\" data-kale-share-title=\"L\u2019histoire de J\u00e9sus : les \u00e9v\u00e9nements les plus importants de Sa vie\" data-kale-share-url=\"https:\/\/blog.holyart.it\/fr\/?p=5937\" \/><\/div>\n<div class=\"blocco-contenuto\">\n<div class=\"blocco-acquista\">Acheter sur Holyart:<\/div>\n<div class=\"blocco-titolo\"><a href=\"https:\/\/www.holyart.fr\/occasions-speciales\/paques-et-careme\/creche-de-paques\/statuette-de-jesus-au-moment-de-la-resurrection-9-cm\">Statuette<\/a><\/div>\n<div class=\"blocco-descrizione\">Moment de la R\u00e9surrection 9 cm<\/div>\n<\/div>\n<\/div>\n","protected":false},"excerpt":{"rendered":"<p>L\u2019histoire de J\u00e9sus, entre r\u00e9cit \u00e9vang\u00e9lique, r\u00e9alit\u00e9 historique et l\u00e9gende d\u00e9votionnelle. En vue de P\u00e2ques, reconstruisons la vicissitude humaine qui a chang\u00e9 le destin de l\u2019humanit\u00e9 Raconter l\u2019histoire de J\u00e9sus peut sembler, de prime abord, facile, voire banal. Quiconque est n\u00e9 et a grandi dans&hellip;<\/p>\n","protected":false},"author":1,"featured_media":5938,"comment_status":"closed","ping_status":"open","sticky":false,"template":"","format":"standard","meta":{"_acf_changed":false,"footnotes":""},"categories":[8],"tags":[],"class_list":["post-5937","post","type-post","status-publish","format-standard","has-post-thumbnail","hentry","category-articles-religieux"],"acf":[],"yoast_head":"<!-- This site is optimized with the Yoast SEO plugin v26.6 - https:\/\/yoast.com\/wordpress\/plugins\/seo\/ -->\n<title>L\u2019histoire de J\u00e9sus : les \u00e9v\u00e9nements les plus importants de Sa vie<\/title>\n<meta name=\"description\" content=\"L\u2019histoire de J\u00e9sus de l\u2019annonciation \u00e0 la R\u00e9surrection est racont\u00e9e par les \u00c9vangiles et par d\u2019innombrables histoires de la tradition chr\u00e9tienne. Voici les points essentiels.\" \/>\n<meta name=\"robots\" content=\"index, follow, max-snippet:-1, max-image-preview:large, max-video-preview:-1\" \/>\n<link rel=\"canonical\" href=\"https:\/\/blog.holyart.it\/fr\/articles-religieux\/lhistoire-de-jesus-les-evenements-les-plus-importants-de-sa-vie\/\" \/>\n<meta property=\"og:locale\" content=\"fr_FR\" \/>\n<meta property=\"og:type\" content=\"article\" \/>\n<meta property=\"og:title\" content=\"L\u2019histoire de J\u00e9sus : les \u00e9v\u00e9nements les plus importants de Sa vie\" \/>\n<meta property=\"og:description\" content=\"L\u2019histoire de J\u00e9sus de l\u2019annonciation \u00e0 la R\u00e9surrection est racont\u00e9e par les \u00c9vangiles et par d\u2019innombrables histoires de la tradition chr\u00e9tienne. Voici les points essentiels.\" \/>\n<meta property=\"og:url\" content=\"https:\/\/blog.holyart.it\/fr\/articles-religieux\/lhistoire-de-jesus-les-evenements-les-plus-importants-de-sa-vie\/\" \/>\n<meta property=\"og:site_name\" content=\"Holyart.fr Blog\" \/>\n<meta property=\"article:published_time\" content=\"2023-03-13T11:30:42+00:00\" \/>\n<meta property=\"article:modified_time\" content=\"2025-03-19T15:58:02+00:00\" \/>\n<meta property=\"og:image\" content=\"https:\/\/blog.holyart.it\/fr\/wp-content\/uploads\/sites\/14\/2023\/02\/Lhistoire-de-Jesus-les-evenements-les-plus-importants-de-Sa-vie.jpg\" \/>\n\t<meta property=\"og:image:width\" content=\"1000\" \/>\n\t<meta property=\"og:image:height\" content=\"666\" \/>\n\t<meta property=\"og:image:type\" content=\"image\/jpeg\" \/>\n<meta name=\"author\" content=\"Redazione\" \/>\n<meta name=\"twitter:card\" content=\"summary_large_image\" \/>\n<meta name=\"twitter:label1\" content=\"\u00c9crit par\" \/>\n\t<meta name=\"twitter:data1\" content=\"Redazione\" \/>\n\t<meta name=\"twitter:label2\" content=\"Dur\u00e9e de lecture estim\u00e9e\" \/>\n\t<meta name=\"twitter:data2\" content=\"13 minutes\" \/>\n<script type=\"application\/ld+json\" class=\"yoast-schema-graph\">{\"@context\":\"https:\/\/schema.org\",\"@graph\":[{\"@type\":\"Article\",\"@id\":\"https:\/\/blog.holyart.it\/fr\/articles-religieux\/lhistoire-de-jesus-les-evenements-les-plus-importants-de-sa-vie\/#article\",\"isPartOf\":{\"@id\":\"https:\/\/blog.holyart.it\/fr\/articles-religieux\/lhistoire-de-jesus-les-evenements-les-plus-importants-de-sa-vie\/\"},\"author\":{\"name\":\"Redazione\",\"@id\":\"https:\/\/blog.holyart.it\/fr\/#\/schema\/person\/0a7b686e5af0f856ec1e390dd0baecda\"},\"headline\":\"L\u2019histoire de J\u00e9sus : les \u00e9v\u00e9nements les plus importants de Sa vie\",\"datePublished\":\"2023-03-13T11:30:42+00:00\",\"dateModified\":\"2025-03-19T15:58:02+00:00\",\"mainEntityOfPage\":{\"@id\":\"https:\/\/blog.holyart.it\/fr\/articles-religieux\/lhistoire-de-jesus-les-evenements-les-plus-importants-de-sa-vie\/\"},\"wordCount\":2418,\"publisher\":{\"@id\":\"https:\/\/blog.holyart.it\/fr\/#organization\"},\"image\":{\"@id\":\"https:\/\/blog.holyart.it\/fr\/articles-religieux\/lhistoire-de-jesus-les-evenements-les-plus-importants-de-sa-vie\/#primaryimage\"},\"thumbnailUrl\":\"https:\/\/blog.holyart.it\/fr\/wp-content\/uploads\/sites\/14\/2023\/02\/Lhistoire-de-Jesus-les-evenements-les-plus-importants-de-Sa-vie.jpg\",\"articleSection\":[\"Religion\"],\"inLanguage\":\"fr-FR\"},{\"@type\":\"WebPage\",\"@id\":\"https:\/\/blog.holyart.it\/fr\/articles-religieux\/lhistoire-de-jesus-les-evenements-les-plus-importants-de-sa-vie\/\",\"url\":\"https:\/\/blog.holyart.it\/fr\/articles-religieux\/lhistoire-de-jesus-les-evenements-les-plus-importants-de-sa-vie\/\",\"name\":\"L\u2019histoire de J\u00e9sus : les \u00e9v\u00e9nements les plus importants de Sa vie\",\"isPartOf\":{\"@id\":\"https:\/\/blog.holyart.it\/fr\/#website\"},\"primaryImageOfPage\":{\"@id\":\"https:\/\/blog.holyart.it\/fr\/articles-religieux\/lhistoire-de-jesus-les-evenements-les-plus-importants-de-sa-vie\/#primaryimage\"},\"image\":{\"@id\":\"https:\/\/blog.holyart.it\/fr\/articles-religieux\/lhistoire-de-jesus-les-evenements-les-plus-importants-de-sa-vie\/#primaryimage\"},\"thumbnailUrl\":\"https:\/\/blog.holyart.it\/fr\/wp-content\/uploads\/sites\/14\/2023\/02\/Lhistoire-de-Jesus-les-evenements-les-plus-importants-de-Sa-vie.jpg\",\"datePublished\":\"2023-03-13T11:30:42+00:00\",\"dateModified\":\"2025-03-19T15:58:02+00:00\",\"description\":\"L\u2019histoire de J\u00e9sus de l\u2019annonciation \u00e0 la R\u00e9surrection est racont\u00e9e par les \u00c9vangiles et par d\u2019innombrables histoires de la tradition chr\u00e9tienne. Voici les points essentiels.\",\"breadcrumb\":{\"@id\":\"https:\/\/blog.holyart.it\/fr\/articles-religieux\/lhistoire-de-jesus-les-evenements-les-plus-importants-de-sa-vie\/#breadcrumb\"},\"inLanguage\":\"fr-FR\",\"potentialAction\":[{\"@type\":\"ReadAction\",\"target\":[\"https:\/\/blog.holyart.it\/fr\/articles-religieux\/lhistoire-de-jesus-les-evenements-les-plus-importants-de-sa-vie\/\"]}]},{\"@type\":\"ImageObject\",\"inLanguage\":\"fr-FR\",\"@id\":\"https:\/\/blog.holyart.it\/fr\/articles-religieux\/lhistoire-de-jesus-les-evenements-les-plus-importants-de-sa-vie\/#primaryimage\",\"url\":\"https:\/\/blog.holyart.it\/fr\/wp-content\/uploads\/sites\/14\/2023\/02\/Lhistoire-de-Jesus-les-evenements-les-plus-importants-de-Sa-vie.jpg\",\"contentUrl\":\"https:\/\/blog.holyart.it\/fr\/wp-content\/uploads\/sites\/14\/2023\/02\/Lhistoire-de-Jesus-les-evenements-les-plus-importants-de-Sa-vie.jpg\",\"width\":1000,\"height\":666,\"caption\":\"L\u2019histoire de J\u00e9sus les \u00e9v\u00e9nements les plus importants de Sa vie\"},{\"@type\":\"BreadcrumbList\",\"@id\":\"https:\/\/blog.holyart.it\/fr\/articles-religieux\/lhistoire-de-jesus-les-evenements-les-plus-importants-de-sa-vie\/#breadcrumb\",\"itemListElement\":[{\"@type\":\"ListItem\",\"position\":1,\"name\":\"Homepage\",\"item\":\"https:\/\/blog.holyart.it\/fr\/\"},{\"@type\":\"ListItem\",\"position\":2,\"name\":\"Religion\",\"item\":\"https:\/\/blog.holyart.it\/fr\/articles-religieux\/\"},{\"@type\":\"ListItem\",\"position\":3,\"name\":\"L\u2019histoire de J\u00e9sus : les \u00e9v\u00e9nements les plus importants de Sa vie\"}]},{\"@type\":\"WebSite\",\"@id\":\"https:\/\/blog.holyart.it\/fr\/#website\",\"url\":\"https:\/\/blog.holyart.it\/fr\/\",\"name\":\"Holyart.fr Blog\",\"description\":\"Holyblog\",\"publisher\":{\"@id\":\"https:\/\/blog.holyart.it\/fr\/#organization\"},\"potentialAction\":[{\"@type\":\"SearchAction\",\"target\":{\"@type\":\"EntryPoint\",\"urlTemplate\":\"https:\/\/blog.holyart.it\/fr\/?s={search_term_string}\"},\"query-input\":{\"@type\":\"PropertyValueSpecification\",\"valueRequired\":true,\"valueName\":\"search_term_string\"}}],\"inLanguage\":\"fr-FR\"},{\"@type\":\"Organization\",\"@id\":\"https:\/\/blog.holyart.it\/fr\/#organization\",\"name\":\"Holyart.fr Blog\",\"url\":\"https:\/\/blog.holyart.it\/fr\/\",\"logo\":{\"@type\":\"ImageObject\",\"inLanguage\":\"fr-FR\",\"@id\":\"https:\/\/blog.holyart.it\/fr\/#\/schema\/logo\/image\/\",\"url\":\"https:\/\/blog.holyart.it\/fr\/wp-content\/uploads\/sites\/14\/2022\/12\/Holyart_Blog_Logo.jpg\",\"contentUrl\":\"https:\/\/blog.holyart.it\/fr\/wp-content\/uploads\/sites\/14\/2022\/12\/Holyart_Blog_Logo.jpg\",\"width\":300,\"height\":50,\"caption\":\"Holyart.fr Blog\"},\"image\":{\"@id\":\"https:\/\/blog.holyart.it\/fr\/#\/schema\/logo\/image\/\"}},{\"@type\":\"Person\",\"@id\":\"https:\/\/blog.holyart.it\/fr\/#\/schema\/person\/0a7b686e5af0f856ec1e390dd0baecda\",\"name\":\"Redazione\",\"image\":{\"@type\":\"ImageObject\",\"inLanguage\":\"fr-FR\",\"@id\":\"https:\/\/blog.holyart.it\/fr\/#\/schema\/person\/image\/\",\"url\":\"https:\/\/secure.gravatar.com\/avatar\/f477da817f43e50d0af36abecd33e3edf826c68299714bdc1057dff3b113f516?s=96&d=mm&r=g\",\"contentUrl\":\"https:\/\/secure.gravatar.com\/avatar\/f477da817f43e50d0af36abecd33e3edf826c68299714bdc1057dff3b113f516?s=96&d=mm&r=g\",\"caption\":\"Redazione\"},\"url\":\"https:\/\/blog.holyart.it\/fr\/author\/admin\/\"}]}<\/script>\n<!-- \/ Yoast SEO plugin. -->","yoast_head_json":{"title":"L\u2019histoire de J\u00e9sus : les \u00e9v\u00e9nements les plus importants de Sa vie","description":"L\u2019histoire de J\u00e9sus de l\u2019annonciation \u00e0 la R\u00e9surrection est racont\u00e9e par les \u00c9vangiles et par d\u2019innombrables histoires de la tradition chr\u00e9tienne. Voici les points essentiels.","robots":{"index":"index","follow":"follow","max-snippet":"max-snippet:-1","max-image-preview":"max-image-preview:large","max-video-preview":"max-video-preview:-1"},"canonical":"https:\/\/blog.holyart.it\/fr\/articles-religieux\/lhistoire-de-jesus-les-evenements-les-plus-importants-de-sa-vie\/","og_locale":"fr_FR","og_type":"article","og_title":"L\u2019histoire de J\u00e9sus : les \u00e9v\u00e9nements les plus importants de Sa vie","og_description":"L\u2019histoire de J\u00e9sus de l\u2019annonciation \u00e0 la R\u00e9surrection est racont\u00e9e par les \u00c9vangiles et par d\u2019innombrables histoires de la tradition chr\u00e9tienne. Voici les points essentiels.","og_url":"https:\/\/blog.holyart.it\/fr\/articles-religieux\/lhistoire-de-jesus-les-evenements-les-plus-importants-de-sa-vie\/","og_site_name":"Holyart.fr Blog","article_published_time":"2023-03-13T11:30:42+00:00","article_modified_time":"2025-03-19T15:58:02+00:00","og_image":[{"width":1000,"height":666,"url":"https:\/\/blog.holyart.it\/fr\/wp-content\/uploads\/sites\/14\/2023\/02\/Lhistoire-de-Jesus-les-evenements-les-plus-importants-de-Sa-vie.jpg","type":"image\/jpeg"}],"author":"Redazione","twitter_card":"summary_large_image","twitter_misc":{"\u00c9crit par":"Redazione","Dur\u00e9e de lecture estim\u00e9e":"13 minutes"},"schema":{"@context":"https:\/\/schema.org","@graph":[{"@type":"Article","@id":"https:\/\/blog.holyart.it\/fr\/articles-religieux\/lhistoire-de-jesus-les-evenements-les-plus-importants-de-sa-vie\/#article","isPartOf":{"@id":"https:\/\/blog.holyart.it\/fr\/articles-religieux\/lhistoire-de-jesus-les-evenements-les-plus-importants-de-sa-vie\/"},"author":{"name":"Redazione","@id":"https:\/\/blog.holyart.it\/fr\/#\/schema\/person\/0a7b686e5af0f856ec1e390dd0baecda"},"headline":"L\u2019histoire de J\u00e9sus : les \u00e9v\u00e9nements les plus importants de Sa vie","datePublished":"2023-03-13T11:30:42+00:00","dateModified":"2025-03-19T15:58:02+00:00","mainEntityOfPage":{"@id":"https:\/\/blog.holyart.it\/fr\/articles-religieux\/lhistoire-de-jesus-les-evenements-les-plus-importants-de-sa-vie\/"},"wordCount":2418,"publisher":{"@id":"https:\/\/blog.holyart.it\/fr\/#organization"},"image":{"@id":"https:\/\/blog.holyart.it\/fr\/articles-religieux\/lhistoire-de-jesus-les-evenements-les-plus-importants-de-sa-vie\/#primaryimage"},"thumbnailUrl":"https:\/\/blog.holyart.it\/fr\/wp-content\/uploads\/sites\/14\/2023\/02\/Lhistoire-de-Jesus-les-evenements-les-plus-importants-de-Sa-vie.jpg","articleSection":["Religion"],"inLanguage":"fr-FR"},{"@type":"WebPage","@id":"https:\/\/blog.holyart.it\/fr\/articles-religieux\/lhistoire-de-jesus-les-evenements-les-plus-importants-de-sa-vie\/","url":"https:\/\/blog.holyart.it\/fr\/articles-religieux\/lhistoire-de-jesus-les-evenements-les-plus-importants-de-sa-vie\/","name":"L\u2019histoire de J\u00e9sus : les \u00e9v\u00e9nements les plus importants de Sa vie","isPartOf":{"@id":"https:\/\/blog.holyart.it\/fr\/#website"},"primaryImageOfPage":{"@id":"https:\/\/blog.holyart.it\/fr\/articles-religieux\/lhistoire-de-jesus-les-evenements-les-plus-importants-de-sa-vie\/#primaryimage"},"image":{"@id":"https:\/\/blog.holyart.it\/fr\/articles-religieux\/lhistoire-de-jesus-les-evenements-les-plus-importants-de-sa-vie\/#primaryimage"},"thumbnailUrl":"https:\/\/blog.holyart.it\/fr\/wp-content\/uploads\/sites\/14\/2023\/02\/Lhistoire-de-Jesus-les-evenements-les-plus-importants-de-Sa-vie.jpg","datePublished":"2023-03-13T11:30:42+00:00","dateModified":"2025-03-19T15:58:02+00:00","description":"L\u2019histoire de J\u00e9sus de l\u2019annonciation \u00e0 la R\u00e9surrection est racont\u00e9e par les \u00c9vangiles et par d\u2019innombrables histoires de la tradition chr\u00e9tienne. Voici les points essentiels.","breadcrumb":{"@id":"https:\/\/blog.holyart.it\/fr\/articles-religieux\/lhistoire-de-jesus-les-evenements-les-plus-importants-de-sa-vie\/#breadcrumb"},"inLanguage":"fr-FR","potentialAction":[{"@type":"ReadAction","target":["https:\/\/blog.holyart.it\/fr\/articles-religieux\/lhistoire-de-jesus-les-evenements-les-plus-importants-de-sa-vie\/"]}]},{"@type":"ImageObject","inLanguage":"fr-FR","@id":"https:\/\/blog.holyart.it\/fr\/articles-religieux\/lhistoire-de-jesus-les-evenements-les-plus-importants-de-sa-vie\/#primaryimage","url":"https:\/\/blog.holyart.it\/fr\/wp-content\/uploads\/sites\/14\/2023\/02\/Lhistoire-de-Jesus-les-evenements-les-plus-importants-de-Sa-vie.jpg","contentUrl":"https:\/\/blog.holyart.it\/fr\/wp-content\/uploads\/sites\/14\/2023\/02\/Lhistoire-de-Jesus-les-evenements-les-plus-importants-de-Sa-vie.jpg","width":1000,"height":666,"caption":"L\u2019histoire de J\u00e9sus les \u00e9v\u00e9nements les plus importants de Sa vie"},{"@type":"BreadcrumbList","@id":"https:\/\/blog.holyart.it\/fr\/articles-religieux\/lhistoire-de-jesus-les-evenements-les-plus-importants-de-sa-vie\/#breadcrumb","itemListElement":[{"@type":"ListItem","position":1,"name":"Homepage","item":"https:\/\/blog.holyart.it\/fr\/"},{"@type":"ListItem","position":2,"name":"Religion","item":"https:\/\/blog.holyart.it\/fr\/articles-religieux\/"},{"@type":"ListItem","position":3,"name":"L\u2019histoire de J\u00e9sus : les \u00e9v\u00e9nements les plus importants de Sa vie"}]},{"@type":"WebSite","@id":"https:\/\/blog.holyart.it\/fr\/#website","url":"https:\/\/blog.holyart.it\/fr\/","name":"Holyart.fr Blog","description":"Holyblog","publisher":{"@id":"https:\/\/blog.holyart.it\/fr\/#organization"},"potentialAction":[{"@type":"SearchAction","target":{"@type":"EntryPoint","urlTemplate":"https:\/\/blog.holyart.it\/fr\/?s={search_term_string}"},"query-input":{"@type":"PropertyValueSpecification","valueRequired":true,"valueName":"search_term_string"}}],"inLanguage":"fr-FR"},{"@type":"Organization","@id":"https:\/\/blog.holyart.it\/fr\/#organization","name":"Holyart.fr Blog","url":"https:\/\/blog.holyart.it\/fr\/","logo":{"@type":"ImageObject","inLanguage":"fr-FR","@id":"https:\/\/blog.holyart.it\/fr\/#\/schema\/logo\/image\/","url":"https:\/\/blog.holyart.it\/fr\/wp-content\/uploads\/sites\/14\/2022\/12\/Holyart_Blog_Logo.jpg","contentUrl":"https:\/\/blog.holyart.it\/fr\/wp-content\/uploads\/sites\/14\/2022\/12\/Holyart_Blog_Logo.jpg","width":300,"height":50,"caption":"Holyart.fr Blog"},"image":{"@id":"https:\/\/blog.holyart.it\/fr\/#\/schema\/logo\/image\/"}},{"@type":"Person","@id":"https:\/\/blog.holyart.it\/fr\/#\/schema\/person\/0a7b686e5af0f856ec1e390dd0baecda","name":"Redazione","image":{"@type":"ImageObject","inLanguage":"fr-FR","@id":"https:\/\/blog.holyart.it\/fr\/#\/schema\/person\/image\/","url":"https:\/\/secure.gravatar.com\/avatar\/f477da817f43e50d0af36abecd33e3edf826c68299714bdc1057dff3b113f516?s=96&d=mm&r=g","contentUrl":"https:\/\/secure.gravatar.com\/avatar\/f477da817f43e50d0af36abecd33e3edf826c68299714bdc1057dff3b113f516?s=96&d=mm&r=g","caption":"Redazione"},"url":"https:\/\/blog.holyart.it\/fr\/author\/admin\/"}]}},"_links":{"self":[{"href":"https:\/\/blog.holyart.it\/fr\/wp-json\/wp\/v2\/posts\/5937","targetHints":{"allow":["GET"]}}],"collection":[{"href":"https:\/\/blog.holyart.it\/fr\/wp-json\/wp\/v2\/posts"}],"about":[{"href":"https:\/\/blog.holyart.it\/fr\/wp-json\/wp\/v2\/types\/post"}],"author":[{"embeddable":true,"href":"https:\/\/blog.holyart.it\/fr\/wp-json\/wp\/v2\/users\/1"}],"replies":[{"embeddable":true,"href":"https:\/\/blog.holyart.it\/fr\/wp-json\/wp\/v2\/comments?post=5937"}],"version-history":[{"count":5,"href":"https:\/\/blog.holyart.it\/fr\/wp-json\/wp\/v2\/posts\/5937\/revisions"}],"predecessor-version":[{"id":6053,"href":"https:\/\/blog.holyart.it\/fr\/wp-json\/wp\/v2\/posts\/5937\/revisions\/6053"}],"wp:featuredmedia":[{"embeddable":true,"href":"https:\/\/blog.holyart.it\/fr\/wp-json\/wp\/v2\/media\/5938"}],"wp:attachment":[{"href":"https:\/\/blog.holyart.it\/fr\/wp-json\/wp\/v2\/media?parent=5937"}],"wp:term":[{"taxonomy":"category","embeddable":true,"href":"https:\/\/blog.holyart.it\/fr\/wp-json\/wp\/v2\/categories?post=5937"},{"taxonomy":"post_tag","embeddable":true,"href":"https:\/\/blog.holyart.it\/fr\/wp-json\/wp\/v2\/tags?post=5937"}],"curies":[{"name":"wp","href":"https:\/\/api.w.org\/{rel}","templated":true}]}}