{"id":5884,"date":"2023-02-22T12:29:37","date_gmt":"2023-02-22T11:29:37","guid":{"rendered":"https:\/\/blog.holyart.it\/fr\/?p=5884"},"modified":"2023-02-22T16:10:19","modified_gmt":"2023-02-22T15:10:19","slug":"10-femmes-chretiennes-qui-changerent-leglise-et-le-monde","status":"publish","type":"post","link":"https:\/\/blog.holyart.it\/fr\/saints-et-bienheureux\/10-femmes-chretiennes-qui-changerent-leglise-et-le-monde\/","title":{"rendered":"10 Femmes chr\u00e9tiennes qui chang\u00e8rent l\u2019\u00c9glise et le monde"},"content":{"rendered":"<h4 style=\"text-align: center;\"><em>Le Christianisme et les femmes, un rapport difficile ? Peut-\u00eatre, mais si nous prenons en examen dix femmes qui ont su r\u00e9volutionner l\u2019\u00c9glise et le monde, nous arriverons \u00e0 comprendre mieux l\u2019importance des femmes dans la religion chr\u00e9tienne. Une belle pens\u00e9e en vue du mois marial.<\/em><\/h4>\n\n<p>Ils existent de tr\u00e8s nombreux pr\u00e9jug\u00e9s concernant la mani\u00e8re dont les femmes sont trait\u00e9es dans la religion chr\u00e9tienne. Surtout si nous regardons \u00e0 l\u2019histoire, c\u2019est facile de tomber dans un malentendu. Bien entendu, il y a eu des moments difficiles, et ce serait faut d\u2019admettre que hommes et femmes au sein de l\u2019\u00e9glise aient joui des m\u00eames droits et devoirs. Du reste, m\u00eame aujourd\u2019hui il n\u2019est pas possible de faire une d\u00e9claration pareille.<a href=\"https:\/\/www.holyart.fr\/occasions-speciales\/pape-francois?page=1\"> <strong>Pape Fran\u00e7ois<\/strong><\/a> insiste constamment sur la n\u00e9cessit\u00e9 de donner aux femmes de plus grands pouvoirs et r\u00f4les de responsabilit\u00e9 dans l\u2019\u00c9glise. De par sa volont\u00e9 a \u00e9t\u00e9 institu\u00e9e une commission qui d\u00e9bat concernant le diaconat f\u00e9minin. Et puis il y a sa reconnaissance quotidienne aux femmes qui exercent quotidiennement des fonctions tr\u00e8s importantes dans la soci\u00e9t\u00e9, non seulement les femmes m\u00e9decins et infirmi\u00e8res, qui aujourd\u2019hui plus que jamais combattent en premi\u00e8re ligne pour le bien commun, mais aussi les m\u00e8res, qui veillent \u00e0 la s\u00e9curit\u00e9 de leurs enfants et prot\u00e8gent la famille, la maintiennent unie.<\/p>\n<p>Et pourtant la route \u00e0 faire est encore longue.<\/p>\n<p>M\u00eame nier la valeur et l\u2019importance des femmes dans l\u2019histoire de l\u2019\u00c9glise serait tout aussi faux. Et pas seulement parce que la nature m\u00eame des femmes, la sensibilit\u00e9 et l\u2019intelligence dont elles sont dot\u00e9es, diff\u00e9rentes de celles masculines \u00e0 bien des \u00e9gards, mais pas pour autant de moindre valeur, les rendent particuli\u00e8rement port\u00e9es pour accueillir le message chr\u00e9tien, pour le vivre avec intensit\u00e9.<\/p>\n<p>Mais la soumission des femmes dans la religion chr\u00e9tienne est un fait historique et social ind\u00e9niable. Si <strong>Saint<\/strong> <strong>Paul<\/strong> affirmait : \u00ab\u00a0<em>Je veux cependant que vous sachiez que Christ est le chef de tout homme, que l\u2019homme est chef de la femme<\/em>\u00a0\u00bb (1 Corinthiens 11,3), en m\u00eame temps il r\u00e9p\u00e9tait la n\u00e9cessit\u00e9 que les femmes se devaient d\u2019\u00eatre tranquilles, soumises et vou\u00e9es aux soins de la maison et de l\u2019homme, \u00e0 bien des \u00e9gards nous pouvons le consid\u00e9rer comme un de plus grands ennemis du droit des femmes dans le contexte chr\u00e9tien, mais il ne fut surement pas le seul.<\/p>\n<p>Pourquoi cela ?<\/p>\n<p>L\u2019obligation au <strong>silence<\/strong> et \u00e0 la <strong>soumission<\/strong> des femmes dans la religion chr\u00e9tienne remonte \u00e0 la <strong>Gen\u00e8se<\/strong>. S\u2019il est vrai que dans le premier r\u00e9cit de <strong><a href=\"https:\/\/www.holyart.fr\/blog\/articles-religieux\/lhistoire-dadam-et-deve\/\">la Cr\u00e9ation homme et femme<\/a> <\/strong>furent cr\u00e9\u00e9s ensemble, tous les deux \u00e0 l\u2019image et \u00e0 la ressemblance de Dieu, le deuxi\u00e8me r\u00e9cit, celui dans lequel la femme est cr\u00e9\u00e9e \u00e0 partir d\u2019une cote d\u2019Adam, eut plus de chance et d\u00e9termina d\u00e8s le d\u00e9but le r\u00f4le secondaire de la femme. Ensuite, le <strong>P\u00e9ch\u00e9<\/strong> <strong>originel<\/strong>, perp\u00e9tr\u00e9 par \u00c8ve, fit le reste pour justifier l\u2019assujettissement, voire la culpabilisation, du genre f\u00e9minin.<\/p>\n<div class=\"link-article\">\n<p><img loading=\"lazy\" decoding=\"async\" class=\"alignnone size-full wp-image-5888\" src=\"https:\/\/blog.holyart.it\/fr\/wp-content\/uploads\/sites\/14\/2023\/02\/Lhistoire-dAdam-et-dEve.jpg\" alt=\"L\u2019histoire d\u2019Adam et d\u2019\u00c8ve\" width=\"150\" height=\"99\" data-kale-share-title=\"10 Femmes chr\u00e9tiennes qui chang\u00e8rent l\u2019\u00c9glise et le monde\" data-kale-share-url=\"https:\/\/blog.holyart.it\/fr\/?p=5884\" \/><\/p>\n<div class=\"leggi-anche\">Lire aussi :<\/div>\n<p><strong><a href=\"https:\/\/www.holyart.fr\/blog\/articles-religieux\/lhistoire-dadam-et-deve\/\">L\u2019histoire d\u2019Adam et d\u2019\u00c8ve<\/a><\/strong><br \/>\nQui ne connait pas l\u2019histoire d\u2019Adam et d\u2019\u00c8ve, le premier homme et la premi\u00e8re femme ? Mais sommes-nous s\u00fbrs de la conna\u00eetre vraiment ?<\/p>\n<\/div>\n<p>Et toutefois, m\u00eame au sein de la <strong>soci\u00e9t\u00e9 juive<\/strong>, profond\u00e9ment patriarcale et machiste (il suffit de penser qu\u2019une des b\u00e9n\u00e9dictions juives du matin, qu\u2019on r\u00e9cite au r\u00e9veil, dit : \u00ab\u00a0<em>B\u00e9ni sois-tu \u00f4 D. Notre Seigneur Roi du monde de ne pas m\u2019avoir fait femme\u00a0<\/em>\u00bb), les figures de femmes courageuses et tenues en grande consid\u00e9ration m\u00eame sur le plan spirituel ne manquent pas. En outre, le <strong>Talmud<\/strong>, le livre qui recueille les dictons des rabbins, r\u00e9cite\u00a0: \u00ab\u00a0Prends garde \u00e0 ne jamais faire pleurer une femme, parce que Dieu compte ses larmes\u00a0! La femme est sortie de la cote de l\u2019homme, non de ses pieds pour \u00eatre un paillasson, ni de sa t\u00eate pour lui \u00eatre sup\u00e9rieure, mais de son flanc pour \u00eatre son \u00e9gale, juste au-dessous de son bras pour \u00eatre prot\u00e9g\u00e9e, et \u00e0 c\u00f4t\u00e9 de son c\u0153ur pour \u00eatre aim\u00e9e\u00a0\u00bb.<\/p>\n<p>Des attitudes controvers\u00e9es, voire contradictoires, mais nous devons toujours consid\u00e9rer le <strong>contexte historique, politique et social<\/strong>.<\/p>\n<p>La v\u00e9ritable certitude est que beaucoup a chang\u00e9 \u00e0 l\u2019\u00e9gard des femmes dans la religion chr\u00e9tienne gr\u00e2ce \u00e0 <strong>J\u00e9sus<\/strong>. Lui qui se d\u00e9montra toujours proches des femmes, en arrivant \u00e0 les traiter comme des paires, en appr\u00e9ciant leur pr\u00e9sence \u00e0 ses c\u00f4t\u00e9s. Il les prot\u00e9gea, les b\u00e9nit, les aima au point de choisir de se manifester \u00e0 deux femmes en premier apr\u00e8s sa R\u00e9surrection. Une attitude pour le moins <strong>r\u00e9volutionnaire<\/strong>, d\u2019une mani\u00e8re bien loin de reconna\u00eetre la m\u00eame dignit\u00e9 aux deux sexes\u00a0! mais malgr\u00e9 l\u2019exemple de J\u00e9sus, les femmes continu\u00e8rent de ne pas avoir la vie facile au sein du d\u00e9bat religieux et de l\u2019histoire chr\u00e9tienne.<\/p>\n<p>Venons ainsi aux femmes chr\u00e9tiennes qui chang\u00e8rent l\u2019\u00c9glise et le monde. Le fait qu\u2019elles aient \u00e9t\u00e9 capables de le faire malgr\u00e9 le r\u00f4le subalterne et l\u2019attitude souvent hostile de beaucoup d\u2019hommes rend leurs entreprises encore plus incroyables et de valeur\u00a0! Passons-les en revue ensemble.<\/p>\n<h2>Marie M\u00e8re de J\u00e9sus<\/h2>\n<p>La <strong><a href=\"https:\/\/www.holyart.fr\/produits\/statues-vierge-marie.php\">Vierge Marie<\/a><\/strong> n\u2019a certes pas besoin de pr\u00e9sentations. Et toutefois, on n\u2019en a pas encore assez parl\u00e9 ou \u00e9crit sur cette femme extraordinaire, symbole et incarnation de l\u2019espoir de l\u2019\u00c9glise.<\/p>\n<p>Elle en premier accueillit Dieu en elle, et le fit par choix, en acceptant le destin qui avait \u00e9t\u00e9 \u00e9tabli pour elle et pour Son Fils. Un acte de foi, mais aussi un geste r\u00e9volutionnaire. Marie ne se limita pas \u00e0 se soumettre \u00e0 la volont\u00e9 de Dieu. Elle fut Son instrument et participa activement \u00e0 la parabole humaine de Christ, sans jamais l\u2019abandonner, sans jamais arr\u00eater de croire en Lui, m\u00eame quand les Ap\u00f4tres doutaient o\u00f9 avaient trop peur pour le faire. De Bethl\u00e9em jusqu\u2019\u00e0 la Croix, Marie est rest\u00e9e \u00e0 c\u00f4t\u00e9 de J\u00e9sus, a v\u00e9cu sur sa propre peau, en son propre c\u0153ur, Son tourment, Sa douleur.<\/p>\n<p>Cela fait d\u2019elle la <strong><a href=\"https:\/\/www.holyart.fr\/blog\/articles-religieux\/la-fete-des-meres-au-coeur-du-mois-marial\/\">M\u00e8re de toutes les M\u00e8res,<\/a> <\/strong>et encore aujourd\u2019hui cela reste son r\u00f4le\u00a0: rapprocher les hommes de Dieu, interc\u00e9der pour eux, essuyer leurs larmes et offrir le r\u00e9confort que seuls l\u2019\u00e9treinte et l\u2019amour inconditionnel d\u2019une maman peut offrir.<\/p>\n<div class=\"link-product\">\n<div class=\"blocco-immagine\"><img loading=\"lazy\" decoding=\"async\" class=\"alignnone size-full wp-image-5889\" src=\"https:\/\/blog.holyart.it\/fr\/wp-content\/uploads\/sites\/14\/2023\/02\/La-Pieta-scene-de-la-Deposition-Angela-Tripi-30-cm.jpg\" alt=\"La Piet\u00e0 sc\u00e8ne de la D\u00e9position Angela Tripi 30 cm\" width=\"100\" height=\"100\" data-kale-share-title=\"10 Femmes chr\u00e9tiennes qui chang\u00e8rent l\u2019\u00c9glise et le monde\" data-kale-share-url=\"https:\/\/blog.holyart.it\/fr\/?p=5884\" \/><\/div>\n<div class=\"blocco-contenuto\">\n<div class=\"blocco-acquista\">Acheter sur Holyart:<\/div>\n<div class=\"blocco-titolo\"><a href=\"https:\/\/www.holyart.fr\/noel\/creches-noel\/creche-noel-angela-tripi\/la-pieta-scene-de-la-deposition-angela-tripi-30-cm\">La Piet\u00e0<\/a><\/div>\n<div class=\"blocco-descrizione\">La Piet\u00e0 sc\u00e8ne de la D\u00e9position Angela Tripi 30 cm<\/div>\n<\/div>\n<\/div>\n<h2>Sainte Hildegarde de Bingen<\/h2>\n<p>S\u0153ur b\u00e9n\u00e9dictine d\u2019origine allemande, <strong><a href=\"https:\/\/www.holyart.fr\/articles-religieux\/statues\/statues-en-bois-naturel\/sainte-irmengarde-avec-couronne-bois-naturel-val-gardena\">Sainte Hildegarde<\/a><\/strong> v\u00e9cut \u00e0 la fin du XII si\u00e8cle. Au Moyen \u00c2ge, la condition de la femme n\u2019\u00e9tait certainement pas \u00e9mancip\u00e9e, et pourtant Hildegarde arriva, en vertu de ses exceptionnels talents, \u00e0 se faire appr\u00e9cier par ses contemporains au point que des hommes d\u2019\u00e9glise, mais pas seulement, accomplissaient de longs voyages afin de pouvoir \u00e9couter son conseil. M\u00eame Fr\u00e9d\u00e9ric Barberousse d\u00fbt l\u2019\u00e9couter. Non seulement elle fut une mystique d\u2019une spiritualit\u00e9 prouv\u00e9e, visit\u00e9e d\u00e8s son enfance pour des visions qui ne la quitt\u00e8rent jamais. Dot\u00e9e d\u2019innombrables talents, elle sut mettre \u00e0 profit son intellect de diff\u00e9rentes mani\u00e8res, dans la science comme dans la litt\u00e9rature, voire dans la musique. En outre, elle \u00e9tait une herboriste adroite, gu\u00e9risseuse et naturaliste. Ce n\u2019est pas un hasard si <strong><a href=\"https:\/\/www.holyart.fr\/articles-religieux\/statues\/statues-en-bois-naturel\/pape-benoit-xvi-en-bois-naturel-valgardena1?flags=true\">Pape Beno\u00eet XVI<\/a><\/strong> en 2012 l\u2019a d\u00e9clar\u00e9e, premi\u00e8re femme dans l\u2019histoire, Docteur de l\u2019\u00c9glise. Ses positions la mirent souvent en contraste avec des membres \u00e9minents du clerg\u00e9, mais Hildegarde sut soutenir ses positions avec force et d\u00e9termination, et laissa un h\u00e9ritage non seulement religieux, mais culturel, in\u00e9galable.<\/p>\n<div class=\"link-product\">\n<div class=\"blocco-immagine\"><img loading=\"lazy\" decoding=\"async\" class=\"alignnone size-full wp-image-5890\" src=\"https:\/\/blog.holyart.it\/fr\/wp-content\/uploads\/sites\/14\/2023\/02\/Sainte-Hildegarde-de-Bingen.jpg\" alt=\"Sainte Hildegarde de Bingen\" width=\"100\" height=\"100\" data-kale-share-title=\"10 Femmes chr\u00e9tiennes qui chang\u00e8rent l\u2019\u00c9glise et le monde\" data-kale-share-url=\"https:\/\/blog.holyart.it\/fr\/?p=5884\" \/><\/div>\n<div class=\"blocco-contenuto\">\n<div class=\"blocco-acquista\">Acheter sur Holyart:<\/div>\n<div class=\"blocco-titolo\"><a href=\"https:\/\/www.holyart.fr\/articles-religieux\/statues\/statues-en-bois-naturel\/sainte-irmengarde-avec-couronne-bois-naturel-val-gardena\">Sainte Irmengarde <\/a><\/div>\n<div class=\"blocco-descrizione\">Sainte Irmengarde avec couronne bois naturel<\/div>\n<\/div>\n<\/div>\n<h2>Sainte Catherine de Sienne<\/h2>\n<p>D\u2019origine modeste,<strong><a href=\"https:\/\/www.holyart.fr\/blog\/saints-et-bienheureux\/saint-catherine-de-sienne-patronne-ditalie\/\"> Sainte Catherine<\/a> <\/strong>apprit seule \u00e0 lire et \u00e9crire, jusqu\u2019\u00e0 devenir une th\u00e9ologienne et philosophe de grand prestige, outre qu\u2019une des mystiques visionnaires les plus c\u00e9l\u00e8bres de l\u2019histoire. Elle fut au centre de la grande crise politique et religieuse qui s\u2019abattit sur l\u2019\u00c9glise \u00e0 la moiti\u00e9 du XIVe si\u00e8cle, quand le si\u00e8ge de la papaut\u00e9 fut d\u00e9plac\u00e9 \u00e0 Avignon. Un des objectifs que la Sainte poursuivit pendant toute sa vie fut effectivement celui de ramener le Pape \u00e0 Rome. Elle y arriva, mais ne put \u00e9viter le Scisme d\u2019Occident. Outre que pour ses visions, elle est rappel\u00e9e pour son d\u00e9vouement aux pauvres et aux n\u00e9cessiteux, et pour le dense \u00e9pistolaire qu\u2019elle entretint avec des grands hommes de son \u00e9poque, qui s\u2019adressaient \u00e0 elle \u00e0 la recherche de conseil et r\u00e9confort.<\/p>\n<div class=\"link-article\">\n<p><img loading=\"lazy\" decoding=\"async\" class=\"alignnone size-full wp-image-5891\" src=\"https:\/\/blog.holyart.it\/fr\/wp-content\/uploads\/sites\/14\/2023\/02\/Saint-Catherine-de-Sienne-patronne-dItalie.jpg\" alt=\"Saint Catherine de Sienne patronne d\u2019Italie\" width=\"150\" height=\"99\" data-kale-share-title=\"10 Femmes chr\u00e9tiennes qui chang\u00e8rent l\u2019\u00c9glise et le monde\" data-kale-share-url=\"https:\/\/blog.holyart.it\/fr\/?p=5884\" \/><\/p>\n<div class=\"leggi-anche\">Lire aussi :<\/div>\n<p><strong><a href=\"https:\/\/www.holyart.fr\/blog\/saints-et-bienheureux\/saint-catherine-de-sienne-patronne-ditalie\/\">Saint Catherine de Sienne : patronne d\u2019Italie<\/a><\/strong><br \/>\nSainte Catherine de Sienne, de femme du peuple \u00e0 conseill\u00e8re des Papes et princes. Courageuse, sage et totalement d\u00e9vou\u00e9e \u00e0 Christ.<\/p>\n<\/div>\n<h2>Jeanne d\u2019Arc<\/h2>\n<p>Parmi les saints et les bienheureux, <strong><a href=\"https:\/\/www.holyart.fr\/articles-religieux\/images-pieuses-cartes-de-voeux\/images-pieuses\/image-votive-ste-jeanne-darc-10x5-cm\">Jeanne d\u2019Arc<\/a><\/strong> est probablement la seule \u00e0 \u00eatre rappel\u00e9e, outre que pour sa force spirituelle, pour avoir pris l\u2019\u00e9p\u00e9e au nom de la foi. Elle est certainement la seule femme Sainte Patronne de France bien qu\u2019elle ne f\u00fbt qu\u2019une paysanne illettr\u00e9e, car elle sut conduire son pays \u00e0 la victoire contre les Anglais dans la Guerre des Cent ans. Et c\u2019est \u00e0 ces derniers qu\u2019elle fut ensuite vendue, jug\u00e9e pour h\u00e9r\u00e9sie et br\u00fbl\u00e9e vivante dans un proc\u00e8s jug\u00e9 nul par la suite. Elle n\u2019avait que dix-neuf ans.<\/p>\n<div class=\"link-product\">\n<div class=\"blocco-immagine\"><img loading=\"lazy\" decoding=\"async\" class=\"alignnone size-full wp-image-5892\" src=\"https:\/\/blog.holyart.it\/fr\/wp-content\/uploads\/sites\/14\/2023\/02\/Image-votive-Ste-Jeanne-dArc-10x5-cm-.jpg\" alt=\"Image votive Ste Jeanne d'Arc 10x5 cm\" width=\"100\" height=\"100\" data-kale-share-title=\"10 Femmes chr\u00e9tiennes qui chang\u00e8rent l\u2019\u00c9glise et le monde\" data-kale-share-url=\"https:\/\/blog.holyart.it\/fr\/?p=5884\" \/><\/div>\n<div class=\"blocco-contenuto\">\n<div class=\"blocco-acquista\">Acheter sur Holyart:<\/div>\n<div class=\"blocco-titolo\"><a href=\"https:\/\/www.holyart.fr\/articles-religieux\/images-pieuses-cartes-de-voeux\/images-pieuses\/image-votive-ste-jeanne-darc-10x5-cm\">Jeanne d&rsquo;Arc <\/a><\/div>\n<div class=\"blocco-descrizione\">Image votive Ste Jeanne d&rsquo;Arc 10&#215;5 cm<\/div>\n<\/div>\n<\/div>\n<p>D\u00e8s son enfance, elle soutenait recevoir visites et messages de Dieu et des saints. Son charisme et sa force \u00e9taient tels que, mise au commandement de l\u2019arm\u00e9e fran\u00e7aise, elle sut d\u00e9teindre sur tous les commandants, en les incitant \u00e0 combattre pour le pays et pour Dieu.<\/p>\n<h2>Sainte Th\u00e9r\u00e8se d\u2019Avila<\/h2>\n<p>Elle aussi, comme Hildegarde, figure parmi les docteurs de l\u2019\u00c9glise. Une des figures les plus importantes de la R\u00e9forme catholique, elle fut l\u2019autrice de textes encore aujourd\u2019hui consid\u00e9r\u00e9s comme la base de la litt\u00e9rature spirituelle moderne. Elle fonda l\u2019ordre des religieuses et des fr\u00e8res Carm\u00e9litains D\u00e9chauss\u00e9s. Sa pens\u00e9e mystique est centr\u00e9e sur le rapport profond entre Dieu et l\u2019homme, qui peut \u00eatre sublim\u00e9 par diff\u00e9rents niveaux de m\u00e9ditation et pri\u00e8re, jusqu\u2019\u00e0 atteindre l\u2019extase mystique, qui transforme compl\u00e8tement l\u2019existence humaine. \u00c0 une \u00e9poque o\u00f9 il n\u2019\u00e9tait pas parmi aux femmes de parler en public de th\u00e8mes religieux, d\u2019\u00e9tudier la th\u00e9ologie ou de commenter les Saintes \u00c9critures, le courage de Sainte Th\u00e9r\u00e8se dans le fait de d\u00e9clarer visions et extases mystiques nous donne une mesure de sa force spirituelle.<\/p>\n<h2>Sainte Rose de Lime<\/h2>\n<p>Religieuse appartenant au tiers-ordre dominicain, <strong><a href=\"https:\/\/www.holyart.fr\/articles-religieux\/images-pieuses-cartes-de-voeux\/images-pieuses\/image-pieuse-ste-rose-de-lima-10x5-cm\">Rose de Sainte Marie<\/a> <\/strong>v\u00e9cut au XVIIe si\u00e8cle au P\u00e9rou, pays dont aujourd\u2019hui elle est la Sainte Patronne. D\u00e9vou\u00e9e \u00e0 Notre-Dame du Rosaire, elle aspirait au mod\u00e8le spirituel de Sainte Catherine de Sienne. Elle aussi d\u00e9dia ses efforts aux pauvres et aux malades. Elle re\u00e7ut les noces mystiques, conduit une vie asc\u00e9tique, entre p\u00e9nitences, je\u00fbnes et autoflagellation, en recevant des visions et en accomplissant d\u00e9j\u00e0 de sa vie des miracles surprenants. Elle s\u2019engagea beaucoup dans l\u2019assistance et dans la conversion des populations indig\u00e8nes. Elle fut l\u2019objet d\u2019une grande v\u00e9n\u00e9ration populaire et pour cela fut vite b\u00e9atifi\u00e9.<\/p>\n<h2>Sainte Th\u00e9r\u00e8se de Lisieux<\/h2>\n<p>Mystique fran\u00e7aise et sainte de l\u2019\u00c9glise catholique, elle v\u00e9cut dans la deuxi\u00e8me moiti\u00e9 du XIXe si\u00e8cle, <strong><a href=\"https:\/\/www.holyart.fr\/articles-religieux\/statues\/statues-en-bois-peint\/sainte-therese-de-lisieux\">Sainte Th\u00e9r\u00e8se<\/a> <\/strong>fut d\u00e9finie par Pie X \u00ab\u00a0<em>la plus grande sainte des temps modernes<\/em>\u00a0\u00bb. Sainte Patronne de France, des missionnaires et troisi\u00e8me femme proclam\u00e9e Docteur de l\u2019\u00c9glise apr\u00e8s Sainte Catherine de Sienne et Sainte Th\u00e9r\u00e8se d\u2019Avila, a introduit dans ses \u00e9crits un concept de spiritualit\u00e9 tout \u00e0 fait nouveau\u00a0: <strong><a href=\"http:\/\/192.168.99.122\/fr\/articles-religieux\/sainte-therese-de-lisieux-et-le-miracle-des-roses\/\">la th\u00e9ologie de la \u00ab\u00a0petite vie\u00a0\u00bb.<\/a> <\/strong>Th\u00e9r\u00e8se soutint la lutte quotidienne et personnelle qui doit animer chacun d\u2019entre nous pour aspirer \u00e0 la saintet\u00e9, avec une ardeur et une spontan\u00e9it\u00e9 in\u00e9branlable. Une \u00e2me resplendissante, Th\u00e9r\u00e8se vit une vie sous le signe de la souffrance physique et spirituelle, mais ce ne fut pas pour autant qu\u2019elle se laissa briser. \u00ab\u00a0Mon Dieu, je t\u2019aime\u201d furent ses derniers mots. Pour sa propre admission, en mourant \u00e0 vingt-quatre ans \u00e0 peine, elle entrait dans la vraie vie.<\/p>\n<div class=\"link-product\">\n<div class=\"blocco-immagine\"><img loading=\"lazy\" decoding=\"async\" class=\"alignnone size-full wp-image-5893\" src=\"https:\/\/blog.holyart.it\/fr\/wp-content\/uploads\/sites\/14\/2023\/02\/Sainte-Therese-de-Lisieux-.jpg\" alt=\"Sainte Th\u00e9r\u00e8se de Lisieux\" width=\"100\" height=\"100\" data-kale-share-title=\"10 Femmes chr\u00e9tiennes qui chang\u00e8rent l\u2019\u00c9glise et le monde\" data-kale-share-url=\"https:\/\/blog.holyart.it\/fr\/?p=5884\" \/><\/div>\n<div class=\"blocco-contenuto\">\n<div class=\"blocco-acquista\">Acheter sur Holyart:<\/div>\n<div class=\"blocco-titolo\"><a href=\"https:\/\/www.holyart.fr\/articles-religieux\/statues\/statues-en-bois-peint\/sainte-therese-de-lisieux\">Sainte Th\u00e9r\u00e8se de Lisieux <\/a><\/div>\n<div class=\"blocco-descrizione\">Statue r\u00e9alis\u00e9e sur bois d&rsquo;\u00e9rable<\/div>\n<\/div>\n<\/div>\n<h2>Sainte Th\u00e9r\u00e8se-B\u00e9n\u00e9dicte de la Croix<\/h2>\n<p>Proclam\u00e9e copatronne d\u2019Europe par Jean-Paul II, Sainte Th\u00e9r\u00e8se-B\u00e9n\u00e9dicte de la Croix fut une nonne, philosophe et mystique allemande. D\u2019origine juive, son nom \u00e9tait \u00c9dith Stein, et mourut \u00e0 Auschwitz-Birkenau. Bien que sa conversion ne soit tardive, apr\u00e8s de longues ann\u00e9es d\u2019ath\u00e9isme, en tant que Carm\u00e9litaine D\u00e9chauss\u00e9e elle sut exprimer une spiritualit\u00e9 profonde et dramatique \u00e0 travers ses \u0153uvres et ses \u00e9crits. En tant qu\u2019ath\u00e9e elle se d\u00e9dia \u00e0 l\u2019activit\u00e9 politique, en s\u2019engageant pour le droit de vote aux femmes et la reconnaissance du travail f\u00e9minin. En tant que religieuse, elle ne renon\u00e7a jamais \u00e0 d\u00e9fendre ses id\u00e9aux spirituels et s\u2019opposa vaillamment au Nazisme. Sa parabole humaine, culturelle et religieuse exprime tout le drame de l\u2019humanit\u00e9 \u00e0 travers l\u2019horreur de la guerre.<\/p>\n<h2>Sainte Jeanne Beretta Molla<\/h2>\n<p>P\u00e9diatre italienne morte en 1962, elle choisit de mourir \u00e0 cause d\u2019une tumeur \u00e0 l\u2019ut\u00e9rus pour ne pas tuer la quatri\u00e8me fille qu\u2019elle portait en elle. Objet de grand amour et v\u00e9n\u00e9ration, elle fut canonis\u00e9e en 2004 par Jean-Paul II.<\/p>\n<h2>M\u00e8re Teresa de Calcutta<\/h2>\n<p>\u00c0 elle nous avons d\u00e9di\u00e9 un <strong><a href=\"https:\/\/www.google.com\/url?q=http:\/\/192.168.99.122\/fr\/articles-religieux\/mere-teresa-symbole-de-charite\/&amp;sa=D&amp;source=editors&amp;ust=1676562034696997&amp;usg=AOvVaw2nLHdzzgUjjy9e-AT9xyfj\">article pr\u00e9c\u00e9dent,<\/a><\/strong> car peu de personnes peuvent \u00e9galer son exemple de charit\u00e9 et de totale d\u00e9votion \u00e0 Dieu et aux hommes. M\u00e8re Teresa passa toute son existence \u00e0 se d\u00e9dier aux derniers parmi les derniers, en sacrifiant chaque chose au bien-\u00eatre de qui semblait avoir \u00e9t\u00e9 oubli\u00e9 de tous. Une petite femme, une petite s\u0153ur, qui avec son c\u0153ur immense, avec sa mis\u00e9ricorde sans limite, a su parler aux coeurs des puissants, en revendiquant le droit \u00e0 la sant\u00e9 et au bonheur de qui avait \u00e9t\u00e9 priv\u00e9 de tout. En obligeant le monde \u00e0 se rappeler de ses fils les plus malchanceux.<\/p>\n<div class=\"link-article\">\n<p><img loading=\"lazy\" decoding=\"async\" class=\"alignnone size-full wp-image-5894\" src=\"https:\/\/blog.holyart.it\/fr\/wp-content\/uploads\/sites\/14\/2023\/02\/Mere-Teresa-symbole-de-charite.png\" alt=\"M\u00e8re Teresa symbole de charit\u00e9\" width=\"150\" height=\"99\" data-kale-share-title=\"10 Femmes chr\u00e9tiennes qui chang\u00e8rent l\u2019\u00c9glise et le monde\" data-kale-share-url=\"https:\/\/blog.holyart.it\/fr\/?p=5884\" \/><\/p>\n<div class=\"leggi-anche\">Lire aussi :<\/div>\n<p><strong><a href=\"http:\/\/192.168.99.122\/fr\/articles-religieux\/mere-teresa-symbole-de-charite\/\">M\u00e8re Teresa symbole de charit\u00e9<\/a><\/strong><br \/>\nUne nouvelle ann\u00e9e vient de commencer. C\u2019est le moment des bilans et des bons propos. M\u00e8re Teresa de Calcutta est une r\u00e9f\u00e9rence \u00e0 ce niveau-l\u00e0.<\/p>\n<\/div>\n","protected":false},"excerpt":{"rendered":"<p>Le Christianisme et les femmes, un rapport difficile ? Peut-\u00eatre, mais si nous prenons en examen dix femmes qui ont su r\u00e9volutionner l\u2019\u00c9glise et le monde, nous arriverons \u00e0 comprendre mieux l\u2019importance des femmes dans la religion chr\u00e9tienne. Une belle pens\u00e9e en vue du mois&hellip;<\/p>\n","protected":false},"author":1,"featured_media":5885,"comment_status":"closed","ping_status":"open","sticky":false,"template":"","format":"standard","meta":{"_acf_changed":false,"footnotes":""},"categories":[8,7],"tags":[],"class_list":["post-5884","post","type-post","status-publish","format-standard","has-post-thumbnail","hentry","category-articles-religieux","category-saints-et-bienheureux"],"acf":[],"yoast_head":"<!-- This site is optimized with the Yoast SEO plugin v26.6 - https:\/\/yoast.com\/wordpress\/plugins\/seo\/ -->\n<title>10 Femmes chr\u00e9tiennes qui chang\u00e8rent l\u2019\u00c9glise et le monde<\/title>\n<meta name=\"description\" content=\"Le Christianisme et les femmes, un rapport difficile ? Peut-\u00eatre, mais si nous prenons en examen dix femmes qui ont su r\u00e9volutionner l\u2019\u00c9glise et le monde. Une belle pens\u00e9e en vue du mois marial.\" \/>\n<meta name=\"robots\" content=\"index, follow, max-snippet:-1, max-image-preview:large, max-video-preview:-1\" \/>\n<link rel=\"canonical\" href=\"https:\/\/blog.holyart.it\/fr\/saints-et-bienheureux\/10-femmes-chretiennes-qui-changerent-leglise-et-le-monde\/\" \/>\n<meta property=\"og:locale\" content=\"fr_FR\" \/>\n<meta property=\"og:type\" content=\"article\" \/>\n<meta property=\"og:title\" content=\"10 Femmes chr\u00e9tiennes qui chang\u00e8rent l\u2019\u00c9glise et le monde\" \/>\n<meta property=\"og:description\" content=\"Le Christianisme et les femmes, un rapport difficile ? Peut-\u00eatre, mais si nous prenons en examen dix femmes qui ont su r\u00e9volutionner l\u2019\u00c9glise et le monde. Une belle pens\u00e9e en vue du mois marial.\" \/>\n<meta property=\"og:url\" content=\"https:\/\/blog.holyart.it\/fr\/saints-et-bienheureux\/10-femmes-chretiennes-qui-changerent-leglise-et-le-monde\/\" \/>\n<meta property=\"og:site_name\" content=\"Holyart.fr Blog\" \/>\n<meta property=\"article:published_time\" content=\"2023-02-22T11:29:37+00:00\" \/>\n<meta property=\"article:modified_time\" content=\"2023-02-22T15:10:19+00:00\" \/>\n<meta property=\"og:image\" content=\"https:\/\/blog.holyart.it\/fr\/wp-content\/uploads\/sites\/14\/2023\/02\/10-Femmes.jpg\" \/>\n\t<meta property=\"og:image:width\" content=\"1000\" \/>\n\t<meta property=\"og:image:height\" content=\"666\" \/>\n\t<meta property=\"og:image:type\" content=\"image\/jpeg\" \/>\n<meta name=\"author\" content=\"Redazione\" \/>\n<meta name=\"twitter:card\" content=\"summary_large_image\" \/>\n<meta name=\"twitter:label1\" content=\"\u00c9crit par\" \/>\n\t<meta name=\"twitter:data1\" content=\"Redazione\" \/>\n\t<meta name=\"twitter:label2\" content=\"Dur\u00e9e de lecture estim\u00e9e\" \/>\n\t<meta name=\"twitter:data2\" content=\"13 minutes\" \/>\n<script type=\"application\/ld+json\" class=\"yoast-schema-graph\">{\"@context\":\"https:\/\/schema.org\",\"@graph\":[{\"@type\":\"Article\",\"@id\":\"https:\/\/blog.holyart.it\/fr\/saints-et-bienheureux\/10-femmes-chretiennes-qui-changerent-leglise-et-le-monde\/#article\",\"isPartOf\":{\"@id\":\"https:\/\/blog.holyart.it\/fr\/saints-et-bienheureux\/10-femmes-chretiennes-qui-changerent-leglise-et-le-monde\/\"},\"author\":{\"name\":\"Redazione\",\"@id\":\"https:\/\/blog.holyart.it\/fr\/#\/schema\/person\/0a7b686e5af0f856ec1e390dd0baecda\"},\"headline\":\"10 Femmes chr\u00e9tiennes qui chang\u00e8rent l\u2019\u00c9glise et le monde\",\"datePublished\":\"2023-02-22T11:29:37+00:00\",\"dateModified\":\"2023-02-22T15:10:19+00:00\",\"mainEntityOfPage\":{\"@id\":\"https:\/\/blog.holyart.it\/fr\/saints-et-bienheureux\/10-femmes-chretiennes-qui-changerent-leglise-et-le-monde\/\"},\"wordCount\":2579,\"publisher\":{\"@id\":\"https:\/\/blog.holyart.it\/fr\/#organization\"},\"image\":{\"@id\":\"https:\/\/blog.holyart.it\/fr\/saints-et-bienheureux\/10-femmes-chretiennes-qui-changerent-leglise-et-le-monde\/#primaryimage\"},\"thumbnailUrl\":\"https:\/\/blog.holyart.it\/fr\/wp-content\/uploads\/sites\/14\/2023\/02\/10-Femmes.jpg\",\"articleSection\":[\"Religion\",\"Saints et Bienheureux\"],\"inLanguage\":\"fr-FR\"},{\"@type\":\"WebPage\",\"@id\":\"https:\/\/blog.holyart.it\/fr\/saints-et-bienheureux\/10-femmes-chretiennes-qui-changerent-leglise-et-le-monde\/\",\"url\":\"https:\/\/blog.holyart.it\/fr\/saints-et-bienheureux\/10-femmes-chretiennes-qui-changerent-leglise-et-le-monde\/\",\"name\":\"10 Femmes chr\u00e9tiennes qui chang\u00e8rent l\u2019\u00c9glise et le monde\",\"isPartOf\":{\"@id\":\"https:\/\/blog.holyart.it\/fr\/#website\"},\"primaryImageOfPage\":{\"@id\":\"https:\/\/blog.holyart.it\/fr\/saints-et-bienheureux\/10-femmes-chretiennes-qui-changerent-leglise-et-le-monde\/#primaryimage\"},\"image\":{\"@id\":\"https:\/\/blog.holyart.it\/fr\/saints-et-bienheureux\/10-femmes-chretiennes-qui-changerent-leglise-et-le-monde\/#primaryimage\"},\"thumbnailUrl\":\"https:\/\/blog.holyart.it\/fr\/wp-content\/uploads\/sites\/14\/2023\/02\/10-Femmes.jpg\",\"datePublished\":\"2023-02-22T11:29:37+00:00\",\"dateModified\":\"2023-02-22T15:10:19+00:00\",\"description\":\"Le Christianisme et les femmes, un rapport difficile ? Peut-\u00eatre, mais si nous prenons en examen dix femmes qui ont su r\u00e9volutionner l\u2019\u00c9glise et le monde. Une belle pens\u00e9e en vue du mois marial.\",\"breadcrumb\":{\"@id\":\"https:\/\/blog.holyart.it\/fr\/saints-et-bienheureux\/10-femmes-chretiennes-qui-changerent-leglise-et-le-monde\/#breadcrumb\"},\"inLanguage\":\"fr-FR\",\"potentialAction\":[{\"@type\":\"ReadAction\",\"target\":[\"https:\/\/blog.holyart.it\/fr\/saints-et-bienheureux\/10-femmes-chretiennes-qui-changerent-leglise-et-le-monde\/\"]}]},{\"@type\":\"ImageObject\",\"inLanguage\":\"fr-FR\",\"@id\":\"https:\/\/blog.holyart.it\/fr\/saints-et-bienheureux\/10-femmes-chretiennes-qui-changerent-leglise-et-le-monde\/#primaryimage\",\"url\":\"https:\/\/blog.holyart.it\/fr\/wp-content\/uploads\/sites\/14\/2023\/02\/10-Femmes.jpg\",\"contentUrl\":\"https:\/\/blog.holyart.it\/fr\/wp-content\/uploads\/sites\/14\/2023\/02\/10-Femmes.jpg\",\"width\":1000,\"height\":666,\"caption\":\"10 Femmes\"},{\"@type\":\"BreadcrumbList\",\"@id\":\"https:\/\/blog.holyart.it\/fr\/saints-et-bienheureux\/10-femmes-chretiennes-qui-changerent-leglise-et-le-monde\/#breadcrumb\",\"itemListElement\":[{\"@type\":\"ListItem\",\"position\":1,\"name\":\"Homepage\",\"item\":\"https:\/\/blog.holyart.it\/fr\/\"},{\"@type\":\"ListItem\",\"position\":2,\"name\":\"Saints et Bienheureux\",\"item\":\"https:\/\/blog.holyart.it\/fr\/saints-et-bienheureux\/\"},{\"@type\":\"ListItem\",\"position\":3,\"name\":\"10 Femmes chr\u00e9tiennes qui chang\u00e8rent l\u2019\u00c9glise et le monde\"}]},{\"@type\":\"WebSite\",\"@id\":\"https:\/\/blog.holyart.it\/fr\/#website\",\"url\":\"https:\/\/blog.holyart.it\/fr\/\",\"name\":\"Holyart.fr Blog\",\"description\":\"Holyblog\",\"publisher\":{\"@id\":\"https:\/\/blog.holyart.it\/fr\/#organization\"},\"potentialAction\":[{\"@type\":\"SearchAction\",\"target\":{\"@type\":\"EntryPoint\",\"urlTemplate\":\"https:\/\/blog.holyart.it\/fr\/?s={search_term_string}\"},\"query-input\":{\"@type\":\"PropertyValueSpecification\",\"valueRequired\":true,\"valueName\":\"search_term_string\"}}],\"inLanguage\":\"fr-FR\"},{\"@type\":\"Organization\",\"@id\":\"https:\/\/blog.holyart.it\/fr\/#organization\",\"name\":\"Holyart.fr Blog\",\"url\":\"https:\/\/blog.holyart.it\/fr\/\",\"logo\":{\"@type\":\"ImageObject\",\"inLanguage\":\"fr-FR\",\"@id\":\"https:\/\/blog.holyart.it\/fr\/#\/schema\/logo\/image\/\",\"url\":\"https:\/\/blog.holyart.it\/fr\/wp-content\/uploads\/sites\/14\/2022\/12\/Holyart_Blog_Logo.jpg\",\"contentUrl\":\"https:\/\/blog.holyart.it\/fr\/wp-content\/uploads\/sites\/14\/2022\/12\/Holyart_Blog_Logo.jpg\",\"width\":300,\"height\":50,\"caption\":\"Holyart.fr Blog\"},\"image\":{\"@id\":\"https:\/\/blog.holyart.it\/fr\/#\/schema\/logo\/image\/\"}},{\"@type\":\"Person\",\"@id\":\"https:\/\/blog.holyart.it\/fr\/#\/schema\/person\/0a7b686e5af0f856ec1e390dd0baecda\",\"name\":\"Redazione\",\"image\":{\"@type\":\"ImageObject\",\"inLanguage\":\"fr-FR\",\"@id\":\"https:\/\/blog.holyart.it\/fr\/#\/schema\/person\/image\/\",\"url\":\"https:\/\/secure.gravatar.com\/avatar\/f477da817f43e50d0af36abecd33e3edf826c68299714bdc1057dff3b113f516?s=96&d=mm&r=g\",\"contentUrl\":\"https:\/\/secure.gravatar.com\/avatar\/f477da817f43e50d0af36abecd33e3edf826c68299714bdc1057dff3b113f516?s=96&d=mm&r=g\",\"caption\":\"Redazione\"},\"url\":\"https:\/\/blog.holyart.it\/fr\/author\/admin\/\"}]}<\/script>\n<!-- \/ Yoast SEO plugin. -->","yoast_head_json":{"title":"10 Femmes chr\u00e9tiennes qui chang\u00e8rent l\u2019\u00c9glise et le monde","description":"Le Christianisme et les femmes, un rapport difficile ? Peut-\u00eatre, mais si nous prenons en examen dix femmes qui ont su r\u00e9volutionner l\u2019\u00c9glise et le monde. Une belle pens\u00e9e en vue du mois marial.","robots":{"index":"index","follow":"follow","max-snippet":"max-snippet:-1","max-image-preview":"max-image-preview:large","max-video-preview":"max-video-preview:-1"},"canonical":"https:\/\/blog.holyart.it\/fr\/saints-et-bienheureux\/10-femmes-chretiennes-qui-changerent-leglise-et-le-monde\/","og_locale":"fr_FR","og_type":"article","og_title":"10 Femmes chr\u00e9tiennes qui chang\u00e8rent l\u2019\u00c9glise et le monde","og_description":"Le Christianisme et les femmes, un rapport difficile ? Peut-\u00eatre, mais si nous prenons en examen dix femmes qui ont su r\u00e9volutionner l\u2019\u00c9glise et le monde. Une belle pens\u00e9e en vue du mois marial.","og_url":"https:\/\/blog.holyart.it\/fr\/saints-et-bienheureux\/10-femmes-chretiennes-qui-changerent-leglise-et-le-monde\/","og_site_name":"Holyart.fr Blog","article_published_time":"2023-02-22T11:29:37+00:00","article_modified_time":"2023-02-22T15:10:19+00:00","og_image":[{"width":1000,"height":666,"url":"https:\/\/blog.holyart.it\/fr\/wp-content\/uploads\/sites\/14\/2023\/02\/10-Femmes.jpg","type":"image\/jpeg"}],"author":"Redazione","twitter_card":"summary_large_image","twitter_misc":{"\u00c9crit par":"Redazione","Dur\u00e9e de lecture estim\u00e9e":"13 minutes"},"schema":{"@context":"https:\/\/schema.org","@graph":[{"@type":"Article","@id":"https:\/\/blog.holyart.it\/fr\/saints-et-bienheureux\/10-femmes-chretiennes-qui-changerent-leglise-et-le-monde\/#article","isPartOf":{"@id":"https:\/\/blog.holyart.it\/fr\/saints-et-bienheureux\/10-femmes-chretiennes-qui-changerent-leglise-et-le-monde\/"},"author":{"name":"Redazione","@id":"https:\/\/blog.holyart.it\/fr\/#\/schema\/person\/0a7b686e5af0f856ec1e390dd0baecda"},"headline":"10 Femmes chr\u00e9tiennes qui chang\u00e8rent l\u2019\u00c9glise et le monde","datePublished":"2023-02-22T11:29:37+00:00","dateModified":"2023-02-22T15:10:19+00:00","mainEntityOfPage":{"@id":"https:\/\/blog.holyart.it\/fr\/saints-et-bienheureux\/10-femmes-chretiennes-qui-changerent-leglise-et-le-monde\/"},"wordCount":2579,"publisher":{"@id":"https:\/\/blog.holyart.it\/fr\/#organization"},"image":{"@id":"https:\/\/blog.holyart.it\/fr\/saints-et-bienheureux\/10-femmes-chretiennes-qui-changerent-leglise-et-le-monde\/#primaryimage"},"thumbnailUrl":"https:\/\/blog.holyart.it\/fr\/wp-content\/uploads\/sites\/14\/2023\/02\/10-Femmes.jpg","articleSection":["Religion","Saints et Bienheureux"],"inLanguage":"fr-FR"},{"@type":"WebPage","@id":"https:\/\/blog.holyart.it\/fr\/saints-et-bienheureux\/10-femmes-chretiennes-qui-changerent-leglise-et-le-monde\/","url":"https:\/\/blog.holyart.it\/fr\/saints-et-bienheureux\/10-femmes-chretiennes-qui-changerent-leglise-et-le-monde\/","name":"10 Femmes chr\u00e9tiennes qui chang\u00e8rent l\u2019\u00c9glise et le monde","isPartOf":{"@id":"https:\/\/blog.holyart.it\/fr\/#website"},"primaryImageOfPage":{"@id":"https:\/\/blog.holyart.it\/fr\/saints-et-bienheureux\/10-femmes-chretiennes-qui-changerent-leglise-et-le-monde\/#primaryimage"},"image":{"@id":"https:\/\/blog.holyart.it\/fr\/saints-et-bienheureux\/10-femmes-chretiennes-qui-changerent-leglise-et-le-monde\/#primaryimage"},"thumbnailUrl":"https:\/\/blog.holyart.it\/fr\/wp-content\/uploads\/sites\/14\/2023\/02\/10-Femmes.jpg","datePublished":"2023-02-22T11:29:37+00:00","dateModified":"2023-02-22T15:10:19+00:00","description":"Le Christianisme et les femmes, un rapport difficile ? Peut-\u00eatre, mais si nous prenons en examen dix femmes qui ont su r\u00e9volutionner l\u2019\u00c9glise et le monde. Une belle pens\u00e9e en vue du mois marial.","breadcrumb":{"@id":"https:\/\/blog.holyart.it\/fr\/saints-et-bienheureux\/10-femmes-chretiennes-qui-changerent-leglise-et-le-monde\/#breadcrumb"},"inLanguage":"fr-FR","potentialAction":[{"@type":"ReadAction","target":["https:\/\/blog.holyart.it\/fr\/saints-et-bienheureux\/10-femmes-chretiennes-qui-changerent-leglise-et-le-monde\/"]}]},{"@type":"ImageObject","inLanguage":"fr-FR","@id":"https:\/\/blog.holyart.it\/fr\/saints-et-bienheureux\/10-femmes-chretiennes-qui-changerent-leglise-et-le-monde\/#primaryimage","url":"https:\/\/blog.holyart.it\/fr\/wp-content\/uploads\/sites\/14\/2023\/02\/10-Femmes.jpg","contentUrl":"https:\/\/blog.holyart.it\/fr\/wp-content\/uploads\/sites\/14\/2023\/02\/10-Femmes.jpg","width":1000,"height":666,"caption":"10 Femmes"},{"@type":"BreadcrumbList","@id":"https:\/\/blog.holyart.it\/fr\/saints-et-bienheureux\/10-femmes-chretiennes-qui-changerent-leglise-et-le-monde\/#breadcrumb","itemListElement":[{"@type":"ListItem","position":1,"name":"Homepage","item":"https:\/\/blog.holyart.it\/fr\/"},{"@type":"ListItem","position":2,"name":"Saints et Bienheureux","item":"https:\/\/blog.holyart.it\/fr\/saints-et-bienheureux\/"},{"@type":"ListItem","position":3,"name":"10 Femmes chr\u00e9tiennes qui chang\u00e8rent l\u2019\u00c9glise et le monde"}]},{"@type":"WebSite","@id":"https:\/\/blog.holyart.it\/fr\/#website","url":"https:\/\/blog.holyart.it\/fr\/","name":"Holyart.fr Blog","description":"Holyblog","publisher":{"@id":"https:\/\/blog.holyart.it\/fr\/#organization"},"potentialAction":[{"@type":"SearchAction","target":{"@type":"EntryPoint","urlTemplate":"https:\/\/blog.holyart.it\/fr\/?s={search_term_string}"},"query-input":{"@type":"PropertyValueSpecification","valueRequired":true,"valueName":"search_term_string"}}],"inLanguage":"fr-FR"},{"@type":"Organization","@id":"https:\/\/blog.holyart.it\/fr\/#organization","name":"Holyart.fr Blog","url":"https:\/\/blog.holyart.it\/fr\/","logo":{"@type":"ImageObject","inLanguage":"fr-FR","@id":"https:\/\/blog.holyart.it\/fr\/#\/schema\/logo\/image\/","url":"https:\/\/blog.holyart.it\/fr\/wp-content\/uploads\/sites\/14\/2022\/12\/Holyart_Blog_Logo.jpg","contentUrl":"https:\/\/blog.holyart.it\/fr\/wp-content\/uploads\/sites\/14\/2022\/12\/Holyart_Blog_Logo.jpg","width":300,"height":50,"caption":"Holyart.fr Blog"},"image":{"@id":"https:\/\/blog.holyart.it\/fr\/#\/schema\/logo\/image\/"}},{"@type":"Person","@id":"https:\/\/blog.holyart.it\/fr\/#\/schema\/person\/0a7b686e5af0f856ec1e390dd0baecda","name":"Redazione","image":{"@type":"ImageObject","inLanguage":"fr-FR","@id":"https:\/\/blog.holyart.it\/fr\/#\/schema\/person\/image\/","url":"https:\/\/secure.gravatar.com\/avatar\/f477da817f43e50d0af36abecd33e3edf826c68299714bdc1057dff3b113f516?s=96&d=mm&r=g","contentUrl":"https:\/\/secure.gravatar.com\/avatar\/f477da817f43e50d0af36abecd33e3edf826c68299714bdc1057dff3b113f516?s=96&d=mm&r=g","caption":"Redazione"},"url":"https:\/\/blog.holyart.it\/fr\/author\/admin\/"}]}},"_links":{"self":[{"href":"https:\/\/blog.holyart.it\/fr\/wp-json\/wp\/v2\/posts\/5884","targetHints":{"allow":["GET"]}}],"collection":[{"href":"https:\/\/blog.holyart.it\/fr\/wp-json\/wp\/v2\/posts"}],"about":[{"href":"https:\/\/blog.holyart.it\/fr\/wp-json\/wp\/v2\/types\/post"}],"author":[{"embeddable":true,"href":"https:\/\/blog.holyart.it\/fr\/wp-json\/wp\/v2\/users\/1"}],"replies":[{"embeddable":true,"href":"https:\/\/blog.holyart.it\/fr\/wp-json\/wp\/v2\/comments?post=5884"}],"version-history":[{"count":3,"href":"https:\/\/blog.holyart.it\/fr\/wp-json\/wp\/v2\/posts\/5884\/revisions"}],"predecessor-version":[{"id":5895,"href":"https:\/\/blog.holyart.it\/fr\/wp-json\/wp\/v2\/posts\/5884\/revisions\/5895"}],"wp:featuredmedia":[{"embeddable":true,"href":"https:\/\/blog.holyart.it\/fr\/wp-json\/wp\/v2\/media\/5885"}],"wp:attachment":[{"href":"https:\/\/blog.holyart.it\/fr\/wp-json\/wp\/v2\/media?parent=5884"}],"wp:term":[{"taxonomy":"category","embeddable":true,"href":"https:\/\/blog.holyart.it\/fr\/wp-json\/wp\/v2\/categories?post=5884"},{"taxonomy":"post_tag","embeddable":true,"href":"https:\/\/blog.holyart.it\/fr\/wp-json\/wp\/v2\/tags?post=5884"}],"curies":[{"name":"wp","href":"https:\/\/api.w.org\/{rel}","templated":true}]}}