{"id":5873,"date":"2023-02-20T11:24:16","date_gmt":"2023-02-20T10:24:16","guid":{"rendered":"https:\/\/blog.holyart.it\/fr\/?p=5873"},"modified":"2026-02-16T12:50:21","modified_gmt":"2026-02-16T11:50:21","slug":"la-chaire-de-saint-pierre-la-signification-de-loeuvre-et-les-origines-de-sa-fete","status":"publish","type":"post","link":"https:\/\/blog.holyart.it\/fr\/articles-religieux\/la-chaire-de-saint-pierre-la-signification-de-loeuvre-et-les-origines-de-sa-fete\/","title":{"rendered":"La Chaire de Saint Pierre: la signification de l\u2019\u0153uvre et les origines de sa f\u00eate"},"content":{"rendered":"<h4>Qu\u2019entendons-nous pour Chaire de Saint Pierre ? De quoi s\u2019agit-il et o\u00f9 se trouve cette \u0153uvre pr\u00e9cieuse\u00a0? Que f\u00eate-on le 22 f\u00e9vrier\u00a0?<\/h4>\n\n<p>Le 22 f\u00e9vrier tombe une f\u00eate liturgique particuli\u00e8re. En effet, l\u2019\u00c9glise catholique c\u00e9l\u00e8bre la <strong>Chaire de Saint Pierre<\/strong> (<em>Cathedra Petri<\/em>). Mais de quoi s\u2019agit-il\u00a0? Tout d\u2019abord, la Chaire de Saint Pierre est un objet, un banc pour \u00eatre pr\u00e9cis, ou un <strong>tr\u00f4ne en bois<\/strong>, qui selon la tradition appartint \u00e0 <strong><a href=\"https:\/\/www.holyart.fr\/articles-religieux\/icones-religieuses\/icones-grecques\/saint-pierre-et-saint-paul?flags=true\">Saint Pierre<\/a><\/strong> quand il \u00e9tait \u00c9v\u00eaque de Rome et Premier Pape. En effet, dans le contexte religieux, la Chaire, ou <em>cathedra<\/em>, est le <strong>tr\u00f4ne<\/strong> depuis lequel l\u2019\u00e9v\u00eaque donne les b\u00e9n\u00e9dictions et s\u2019adresse aux fid\u00e8les en tant que repr\u00e9sentant de J\u00e9sus sur Terre. Il est symbole de <strong>pouvoir et responsabilit\u00e9 \u00e9piscopale<\/strong>, et g\u00e9n\u00e9ralement dans les \u00e9glises il est plac\u00e9 dans une position de grande importance, au milieu de l\u2019abside ou dans le presbyt\u00e8re, entour\u00e9 de bancs r\u00e9serv\u00e9s aux pr\u00eatres qui doivent assister l\u2019\u00e9v\u00eaque. Il suffit de penser que le terme <strong><em>Cath\u00e9drale<\/em><\/strong> nait justement de <em>Cathedra<\/em>\u00a0: la Cath\u00e9drale est l\u2019\u00e9glise qui contient la <em>Cathedra<\/em>, le c\u0153ur m\u00eame du dioc\u00e8se \u00e9piscopal donc.<\/p>\n<div class=\"link-product\">\n<div class=\"blocco-immagine\"><img loading=\"lazy\" decoding=\"async\" class=\"alignnone size-full wp-image-5877\" src=\"https:\/\/blog.holyart.it\/fr\/wp-content\/uploads\/sites\/14\/2023\/02\/Saint-Pierre-et-Saint-Paul.jpg\" alt=\"Saint Pierre et Saint Paul\" width=\"100\" height=\"100\" data-kale-share-title=\"La Chaire de Saint Pierre : la signification de l\u2019\u0153uvre et les origines de sa f\u00eate\" data-kale-share-url=\"https:\/\/blog.holyart.it\/fr\/articles-religieux\/la-chaire-de-saint-pierre-la-signification-de-loeuvre-et-les-origines-de-sa-fete\/\" \/><\/div>\n<div class=\"blocco-contenuto\">\n<div class=\"blocco-acquista\">Acheter sur Holyart:<\/div>\n<div class=\"blocco-titolo\"><a href=\"https:\/\/www.holyart.fr\/articles-religieux\/icones-religieuses\/icones-grecques\/saint-pierre-et-saint-paul\">Saint Pierre et Saint Paul <\/a><\/div>\n<div class=\"blocco-descrizione\">Ic\u00f4ne grecque peinte \u00e0 la main<\/div>\n<\/div>\n<\/div>\n<p>De la chaire en tant qu\u2019objet est d\u00e9riv\u00e9 ensuite l\u2019utilisation du terme pour indiquer la <strong>fonction d\u2019\u00e9v\u00eaque de Rome<\/strong>, en g\u00e9n\u00e9ral, et de Saint Pierre en particulier, son r\u00f4le de guide et ma\u00eetre de la chr\u00e9tient\u00e9, son existence de pasteur choisi par J\u00e9sus pour guider Son \u00c9glise. C\u2019est cette mission, la mission de Pierre et de tous les pontifes venus apr\u00e8s lui, que l\u2019on c\u00e9l\u00e8bre <strong>le 22 f\u00e9vrier<\/strong>.<\/p>\n<h2>La Chaire de Saint Pierre de Bernini<\/h2>\n<p>La Chaire de Saint Pierre en tant qu\u2019objet est un <strong>banc en bois<\/strong> conserv\u00e9 dans la <strong><a href=\"https:\/\/www.holyart.fr\/blog\/articles-religieux\/basilique-saint-pierre-eglise-symbole-du-monde-chretien\/\">Basilique Saint-Pierre au Vatican.<\/a><\/strong> Autour d\u2019elle a \u00e9t\u00e9 \u00e9rig\u00e9 ensuite un tr\u00f4ne en bronze. Une copie est par contre conserv\u00e9e dans le Mus\u00e9e historique artistique du Tr\u00e9sor de Saint-Pierre, auquel on acc\u00e8de de l\u2019int\u00e9rieur de la Basilique. Celle que nous sommes habitu\u00e9 \u00e0 conna\u00eetre comme Chaire de Saint Pierre, en r\u00e9alit\u00e9, remonte au IXe si\u00e8cle apr. J.-C. et est un don que Charles II, dit le Chauve, Roi des Francs, fit \u00e0 Pape Jean VIII quand il descendit en Italie pour se faire couronner empereur.<\/p>\n<div class=\"link-article\">\n<p><img loading=\"lazy\" decoding=\"async\" class=\"alignnone size-full wp-image-5878\" src=\"https:\/\/blog.holyart.it\/fr\/wp-content\/uploads\/sites\/14\/2023\/02\/basilique-saint-pierre.jpeg\" alt=\"basilique saint pierre\" width=\"150\" height=\"100\" data-kale-share-title=\"La Chaire de Saint Pierre : la signification de l\u2019\u0153uvre et les origines de sa f\u00eate\" data-kale-share-url=\"https:\/\/blog.holyart.it\/fr\/articles-religieux\/la-chaire-de-saint-pierre-la-signification-de-loeuvre-et-les-origines-de-sa-fete\/\" \/><\/p>\n<div class=\"leggi-anche\">Lire aussi :<\/div>\n<p><strong><a href=\"https:\/\/www.holyart.fr\/blog\/articles-religieux\/basilique-saint-pierre-eglise-symbole-du-monde-chretien\/\">Basilique Saint-Pierre : \u00c9glise symbole du monde chr\u00e9tien<\/a><\/strong><br \/>\nSaint-Pierre est une basilique riche en significations, myst\u00e8res et \u0153uvres d\u2019art sacr\u00e9es c\u00e9l\u00e8bre dans le monde entier.<\/p>\n<\/div>\n<p>Entre 1656 et 1665, <strong>Gian Lorenzo Bernini<\/strong> r\u00e9alisa une magnifique <strong>composition baroque<\/strong> autour de la Chair et, encore aujourd\u2019hui, nous pouvons l\u2019admirer dans l\u2019abside de la Basilique Saint-Pierre. La Chaire de Saint Pierre de Bernini mesure <strong>7 m\u00e8tres de haut<\/strong>, surmont\u00e9e de <strong>deux putti<\/strong> avec en main les <strong>insignes papales<\/strong>. La structure principale est constitu\u00e9e de <strong>quatre grandes statues en bronze<\/strong> qui soutiennent une plateforme sur laquelle est pos\u00e9e la Chaire m\u00eame. Les statues repr\u00e9sentent les <strong><a href=\"https:\/\/www.holyart.fr\/blog\/saints-et-bienheureux\/les-docteurs-de-leglise-qui-sont-ils-et-quelles-sont-les-conditions-pour-obtenir-ce-titre\/\">quatre docteurs de l\u2019\u00c9glise<\/a><\/strong> grecque et latine\u00a0: Saint Augustin, Saint Ambroise, Saint Anastase et Saint Jean Chrysostome.<\/p>\n<div class=\"link-article\">\n<p><img loading=\"lazy\" decoding=\"async\" class=\"alignnone size-full wp-image-5879\" src=\"https:\/\/blog.holyart.it\/fr\/wp-content\/uploads\/sites\/14\/2023\/02\/Les-docteurs-de-lEglise.jpeg\" alt=\"Les docteurs de l\u2019\u00c9glise\" width=\"150\" height=\"99\" data-kale-share-title=\"La Chaire de Saint Pierre : la signification de l\u2019\u0153uvre et les origines de sa f\u00eate\" data-kale-share-url=\"https:\/\/blog.holyart.it\/fr\/articles-religieux\/la-chaire-de-saint-pierre-la-signification-de-loeuvre-et-les-origines-de-sa-fete\/\" \/><\/p>\n<div class=\"leggi-anche\">Lire aussi :<\/div>\n<p><strong><a href=\"https:\/\/www.holyart.fr\/blog\/saints-et-bienheureux\/les-docteurs-de-leglise-qui-sont-ils-et-quelles-sont-les-conditions-pour-obtenir-ce-titre\/\">Les docteurs de l\u2019\u00c9glise : qui sont-ils et quelles sont les conditions pour obtenir ce titre<\/a><\/strong><br \/>\nLe 1er octobre, nous f\u00eatons Sainte Th\u00e9r\u00e8se de Lisieux, une des quatre femmes proclam\u00e9es Docteurs de l\u2019\u00c9glise.<\/p>\n<\/div>\n<p>En r\u00e9alit\u00e9, la Chaire semble flotter dans l\u2019air sur un lit de nuages d\u2019or, gr\u00e2ce au grand savoir-faire du sculpteur. Le bas-relief dor\u00e9 qui constitue le <strong>dossier de la Chaire<\/strong> est l\u2019\u0153uvre du sculpteur Giovanni Paolo Schor sur dessin de Bernini. Il repr\u00e9sente l\u2019\u00e9pisode de la <em>Pasce oves meas<\/em>, \u00ab\u00a0Pais mes brebis\u00a0\u00bb, quand J\u00e9sus Ressuscit\u00e9 apparait aux ap\u00f4tres sur les rives du lac de Tib\u00e9riade et confie \u00e0 Pierre Son troupeau \u00e0 surveiller et guider. Sur les <strong>c\u00f4t\u00e9s du si\u00e8ge<\/strong> sont par contre repr\u00e9sent\u00e9s le <em>Lavement des pieds<\/em> et la <em>Remise des cl\u00e9s<\/em> (<em>traditio clavium<\/em>), un des th\u00e8mes les plus r\u00e9currents dans l\u2019art pal\u00e9ochr\u00e9tien\u00a0: <strong><a href=\"https:\/\/www.holyart.fr\/articles-religieux\/statues\/statues-en-resine-et-pvc\/statue-saint-pierre-20-cm-en-resine\">J\u00e9sus donne \u00e0 Pierre les cl\u00e9s<\/a> <\/strong>et l\u2019investit ainsi du Primat papale.<\/p>\n<div class=\"link-product\">\n<div class=\"blocco-immagine\"><img loading=\"lazy\" decoding=\"async\" class=\"alignnone size-full wp-image-5880\" src=\"https:\/\/blog.holyart.it\/fr\/wp-content\/uploads\/sites\/14\/2023\/02\/Statue-Saint-Pierre-20-cm-en-resine-.jpg\" alt=\"Statue Saint Pierre 20 cm en r\u00e9sine \" width=\"100\" height=\"100\" data-kale-share-title=\"La Chaire de Saint Pierre : la signification de l\u2019\u0153uvre et les origines de sa f\u00eate\" data-kale-share-url=\"https:\/\/blog.holyart.it\/fr\/articles-religieux\/la-chaire-de-saint-pierre-la-signification-de-loeuvre-et-les-origines-de-sa-fete\/\" \/><\/div>\n<div class=\"blocco-contenuto\">\n<div class=\"blocco-acquista\">Acheter sur Holyart:<\/div>\n<div class=\"blocco-titolo\"><a href=\"https:\/\/www.holyart.fr\/articles-religieux\/statues\/statues-en-resine-et-pvc\/statue-saint-pierre-20-cm-en-resine\">Saint Pierre<\/a><\/div>\n<div class=\"blocco-descrizione\">Statue Saint Pierre 20 cm en r\u00e9sine<\/div>\n<\/div>\n<\/div>\n<p>Un <strong>grand vitrail<\/strong>, entour\u00e9 d\u2019une <strong>gloire ascendante d\u2019anges, rayons et nuages d\u2019or<\/strong>, surmonte la structure. Au centre du vitrail se d\u00e9marque la <strong>colombe<\/strong> qui repr\u00e9sente le Saint-Esprit, guide de Pierre et de ses successeurs.<\/p>\n<p>Devant la Chaire de Saint Pierre, toujours r\u00e9alis\u00e9 par Bernini, nous pouvons admirer le <a href=\"https:\/\/www.holyart.fr\/blog\/articles-religieux\/histoire-du-baldaquin-de-saint-pierre\/\"><strong>Baldaquin de Saint Pierre<\/strong>,<\/a> un des monuments les plus fabuleux de l\u2019\u00e9poque baroque, plac\u00e9 comme couverture du ma\u00eetre-autel.<\/p>\n<h2>La f\u00eate de la Chaire de Saint Pierre<\/h2>\n<p>Initialement il y avait deux f\u00eates liturgiques d\u00e9di\u00e9es \u00e0 la Chaire de Saint Pierre: une le <strong>18 janvier<\/strong> et une le <strong>22 f\u00e9vrier<\/strong>. La premi\u00e8re \u00e9tait c\u00e9l\u00e9br\u00e9e dans l\u2019\u00e9glise d\u2019Occident et la deuxi\u00e8me par celle d\u2019Orient. Quand le calendrier romain fut revu, les doublons des f\u00eates furent abolis et pour la c\u00e9l\u00e9bration de la Chaire de Saint Pierre on garda la f\u00eate du 22 f\u00e9vrier.<\/p>\n<p>La tradition consid\u00e8re \u00e9galement les deux f\u00eates comme expression des deux principaux moments de la vie et de la mission de Saint Pierre\u00a0: <strong>avant et apr\u00e8s son voyage \u00e0 Rome<\/strong>, o\u00f9 il trouvera la mort. \u00c0 la premi\u00e8re p\u00e9riode de sa vie correspond donc une autre Chaire, celle d\u2019<strong>Antioche<\/strong>, si\u00e8ge de son premier magist\u00e8re.<\/p>\n<h2>La <em>cathedra Petri<\/em><\/h2>\n<p>Une doctrine qui s\u2019est d\u00e9velopp\u00e9e \u00e0 partir du IIIe si\u00e8cle apr. J.-C. a pris elle aussi le nom de <em>cathedra Petri<\/em>. Cette doctrine affirme que J\u00e9sus confia \u00e0 Saint Pierre le primat double de <strong>premier parmi les Ap\u00f4tres<\/strong> et de <strong>premier \u00e9v\u00eaque de Rome<\/strong>. Sur cette <strong>th\u00e9ologie du primat<\/strong>, l\u2019\u00e9glise catholique aurait bas\u00e9 la revendication de sup\u00e9riorit\u00e9 du Pape sur tous les \u00e9v\u00eaques et la centralisation du pouvoir spirituel et temporel \u00e0 Rome.<\/p>\n<div class=\"link-product\">\n<div class=\"blocco-immagine\"><img loading=\"lazy\" decoding=\"async\" class=\"alignnone size-full wp-image-5881\" src=\"https:\/\/blog.holyart.it\/fr\/wp-content\/uploads\/sites\/14\/2023\/02\/Ciboire-Molina-Tassilon-Saint-Pierre-argent-925-massif.jpg\" alt=\"Ciboire Molina Tassilon Saint Pierre argent 925 massif\" width=\"100\" height=\"100\" data-kale-share-title=\"La Chaire de Saint Pierre : la signification de l\u2019\u0153uvre et les origines de sa f\u00eate\" data-kale-share-url=\"https:\/\/blog.holyart.it\/fr\/articles-religieux\/la-chaire-de-saint-pierre-la-signification-de-loeuvre-et-les-origines-de-sa-fete\/\" \/><\/div>\n<div class=\"blocco-contenuto\">\n<div class=\"blocco-acquista\">Acheter sur Holyart:<\/div>\n<div class=\"blocco-titolo\"><a href=\"https:\/\/www.holyart.fr\/accessoires-pour-la-liturgie\/calices-ciboires-patenes\/calices-ciboires-patenes-en-metal\/ciboire-molina-tassilon-saint-pierre-argent-925-massif\">Ciboire Molina<\/a><\/div>\n<div class=\"blocco-descrizione\">Ciboire Molina Tassilon Saint Pierre argent 925 massif<\/div>\n<\/div>\n<\/div>\n","protected":false},"excerpt":{"rendered":"<p>Qu\u2019entendons-nous pour Chaire de Saint Pierre ? De quoi s\u2019agit-il et o\u00f9 se trouve cette \u0153uvre pr\u00e9cieuse\u00a0? Que f\u00eate-on le 22 f\u00e9vrier\u00a0? Le 22 f\u00e9vrier tombe une f\u00eate liturgique particuli\u00e8re. En effet, l\u2019\u00c9glise catholique c\u00e9l\u00e8bre la Chaire de Saint Pierre (Cathedra Petri). Mais de quoi&hellip;<\/p>\n","protected":false},"author":1,"featured_media":5874,"comment_status":"closed","ping_status":"open","sticky":false,"template":"","format":"standard","meta":{"_acf_changed":false,"footnotes":""},"categories":[8],"tags":[],"class_list":["post-5873","post","type-post","status-publish","format-standard","has-post-thumbnail","hentry","category-articles-religieux"],"acf":[],"yoast_head":"<!-- This site is optimized with the Yoast SEO plugin v26.6 - https:\/\/yoast.com\/wordpress\/plugins\/seo\/ -->\n<title>La Chaire de Saint Pierre: la signification de l\u2019\u0153uvre et les origines de sa f\u00eate<\/title>\n<meta name=\"description\" content=\"La Chaire de Saint Pierre, chef-d\u2019\u0153uvre baroque conserv\u00e9 dans la Basilique Saint-Pierre \u00e0 Rome. Mais que repr\u00e9sente-elle ? Quelle est son histoire, sa signification ?\" \/>\n<meta name=\"robots\" content=\"index, follow, max-snippet:-1, max-image-preview:large, max-video-preview:-1\" \/>\n<link rel=\"canonical\" href=\"https:\/\/blog.holyart.it\/fr\/articles-religieux\/la-chaire-de-saint-pierre-la-signification-de-loeuvre-et-les-origines-de-sa-fete\/\" \/>\n<meta property=\"og:locale\" content=\"fr_FR\" \/>\n<meta property=\"og:type\" content=\"article\" \/>\n<meta property=\"og:title\" content=\"La Chaire de Saint Pierre: la signification de l\u2019\u0153uvre et les origines de sa f\u00eate\" \/>\n<meta property=\"og:description\" content=\"La Chaire de Saint Pierre, chef-d\u2019\u0153uvre baroque conserv\u00e9 dans la Basilique Saint-Pierre \u00e0 Rome. Mais que repr\u00e9sente-elle ? Quelle est son histoire, sa signification ?\" \/>\n<meta property=\"og:url\" content=\"https:\/\/blog.holyart.it\/fr\/articles-religieux\/la-chaire-de-saint-pierre-la-signification-de-loeuvre-et-les-origines-de-sa-fete\/\" \/>\n<meta property=\"og:site_name\" content=\"Holyart.fr Blog\" \/>\n<meta property=\"article:published_time\" content=\"2023-02-20T10:24:16+00:00\" \/>\n<meta property=\"article:modified_time\" content=\"2026-02-16T11:50:21+00:00\" \/>\n<meta property=\"og:image\" content=\"https:\/\/blog.holyart.it\/fr\/wp-content\/uploads\/sites\/14\/2023\/02\/La-Chaire-de-Saint-Pierre-.jpg\" \/>\n\t<meta property=\"og:image:width\" content=\"1000\" \/>\n\t<meta property=\"og:image:height\" content=\"666\" \/>\n\t<meta property=\"og:image:type\" content=\"image\/jpeg\" \/>\n<meta name=\"author\" content=\"Redazione\" \/>\n<meta name=\"twitter:card\" content=\"summary_large_image\" \/>\n<meta name=\"twitter:label1\" content=\"\u00c9crit par\" \/>\n\t<meta name=\"twitter:data1\" content=\"Redazione\" \/>\n\t<meta name=\"twitter:label2\" content=\"Dur\u00e9e de lecture estim\u00e9e\" \/>\n\t<meta name=\"twitter:data2\" content=\"6 minutes\" \/>\n<script type=\"application\/ld+json\" class=\"yoast-schema-graph\">{\"@context\":\"https:\/\/schema.org\",\"@graph\":[{\"@type\":\"Article\",\"@id\":\"https:\/\/blog.holyart.it\/fr\/articles-religieux\/la-chaire-de-saint-pierre-la-signification-de-loeuvre-et-les-origines-de-sa-fete\/#article\",\"isPartOf\":{\"@id\":\"https:\/\/blog.holyart.it\/fr\/articles-religieux\/la-chaire-de-saint-pierre-la-signification-de-loeuvre-et-les-origines-de-sa-fete\/\"},\"author\":{\"name\":\"Redazione\",\"@id\":\"https:\/\/blog.holyart.it\/fr\/#\/schema\/person\/0a7b686e5af0f856ec1e390dd0baecda\"},\"headline\":\"La Chaire de Saint Pierre: la signification de l\u2019\u0153uvre et les origines de sa f\u00eate\",\"datePublished\":\"2023-02-20T10:24:16+00:00\",\"dateModified\":\"2026-02-16T11:50:21+00:00\",\"mainEntityOfPage\":{\"@id\":\"https:\/\/blog.holyart.it\/fr\/articles-religieux\/la-chaire-de-saint-pierre-la-signification-de-loeuvre-et-les-origines-de-sa-fete\/\"},\"wordCount\":1092,\"publisher\":{\"@id\":\"https:\/\/blog.holyart.it\/fr\/#organization\"},\"image\":{\"@id\":\"https:\/\/blog.holyart.it\/fr\/articles-religieux\/la-chaire-de-saint-pierre-la-signification-de-loeuvre-et-les-origines-de-sa-fete\/#primaryimage\"},\"thumbnailUrl\":\"https:\/\/blog.holyart.it\/fr\/wp-content\/uploads\/sites\/14\/2023\/02\/La-Chaire-de-Saint-Pierre-.jpg\",\"articleSection\":[\"Religion\"],\"inLanguage\":\"fr-FR\"},{\"@type\":\"WebPage\",\"@id\":\"https:\/\/blog.holyart.it\/fr\/articles-religieux\/la-chaire-de-saint-pierre-la-signification-de-loeuvre-et-les-origines-de-sa-fete\/\",\"url\":\"https:\/\/blog.holyart.it\/fr\/articles-religieux\/la-chaire-de-saint-pierre-la-signification-de-loeuvre-et-les-origines-de-sa-fete\/\",\"name\":\"La Chaire de Saint Pierre: la signification de l\u2019\u0153uvre et les origines de sa f\u00eate\",\"isPartOf\":{\"@id\":\"https:\/\/blog.holyart.it\/fr\/#website\"},\"primaryImageOfPage\":{\"@id\":\"https:\/\/blog.holyart.it\/fr\/articles-religieux\/la-chaire-de-saint-pierre-la-signification-de-loeuvre-et-les-origines-de-sa-fete\/#primaryimage\"},\"image\":{\"@id\":\"https:\/\/blog.holyart.it\/fr\/articles-religieux\/la-chaire-de-saint-pierre-la-signification-de-loeuvre-et-les-origines-de-sa-fete\/#primaryimage\"},\"thumbnailUrl\":\"https:\/\/blog.holyart.it\/fr\/wp-content\/uploads\/sites\/14\/2023\/02\/La-Chaire-de-Saint-Pierre-.jpg\",\"datePublished\":\"2023-02-20T10:24:16+00:00\",\"dateModified\":\"2026-02-16T11:50:21+00:00\",\"description\":\"La Chaire de Saint Pierre, chef-d\u2019\u0153uvre baroque conserv\u00e9 dans la Basilique Saint-Pierre \u00e0 Rome. Mais que repr\u00e9sente-elle ? Quelle est son histoire, sa signification ?\",\"breadcrumb\":{\"@id\":\"https:\/\/blog.holyart.it\/fr\/articles-religieux\/la-chaire-de-saint-pierre-la-signification-de-loeuvre-et-les-origines-de-sa-fete\/#breadcrumb\"},\"inLanguage\":\"fr-FR\",\"potentialAction\":[{\"@type\":\"ReadAction\",\"target\":[\"https:\/\/blog.holyart.it\/fr\/articles-religieux\/la-chaire-de-saint-pierre-la-signification-de-loeuvre-et-les-origines-de-sa-fete\/\"]}]},{\"@type\":\"ImageObject\",\"inLanguage\":\"fr-FR\",\"@id\":\"https:\/\/blog.holyart.it\/fr\/articles-religieux\/la-chaire-de-saint-pierre-la-signification-de-loeuvre-et-les-origines-de-sa-fete\/#primaryimage\",\"url\":\"https:\/\/blog.holyart.it\/fr\/wp-content\/uploads\/sites\/14\/2023\/02\/La-Chaire-de-Saint-Pierre-.jpg\",\"contentUrl\":\"https:\/\/blog.holyart.it\/fr\/wp-content\/uploads\/sites\/14\/2023\/02\/La-Chaire-de-Saint-Pierre-.jpg\",\"width\":1000,\"height\":666,\"caption\":\"La Chaire de Saint Pierre\"},{\"@type\":\"BreadcrumbList\",\"@id\":\"https:\/\/blog.holyart.it\/fr\/articles-religieux\/la-chaire-de-saint-pierre-la-signification-de-loeuvre-et-les-origines-de-sa-fete\/#breadcrumb\",\"itemListElement\":[{\"@type\":\"ListItem\",\"position\":1,\"name\":\"Homepage\",\"item\":\"https:\/\/blog.holyart.it\/fr\/\"},{\"@type\":\"ListItem\",\"position\":2,\"name\":\"Religion\",\"item\":\"https:\/\/blog.holyart.it\/fr\/articles-religieux\/\"},{\"@type\":\"ListItem\",\"position\":3,\"name\":\"La Chaire de Saint Pierre: la signification de l\u2019\u0153uvre et les origines de sa f\u00eate\"}]},{\"@type\":\"WebSite\",\"@id\":\"https:\/\/blog.holyart.it\/fr\/#website\",\"url\":\"https:\/\/blog.holyart.it\/fr\/\",\"name\":\"Holyart.fr Blog\",\"description\":\"Holyblog\",\"publisher\":{\"@id\":\"https:\/\/blog.holyart.it\/fr\/#organization\"},\"potentialAction\":[{\"@type\":\"SearchAction\",\"target\":{\"@type\":\"EntryPoint\",\"urlTemplate\":\"https:\/\/blog.holyart.it\/fr\/?s={search_term_string}\"},\"query-input\":{\"@type\":\"PropertyValueSpecification\",\"valueRequired\":true,\"valueName\":\"search_term_string\"}}],\"inLanguage\":\"fr-FR\"},{\"@type\":\"Organization\",\"@id\":\"https:\/\/blog.holyart.it\/fr\/#organization\",\"name\":\"Holyart.fr Blog\",\"url\":\"https:\/\/blog.holyart.it\/fr\/\",\"logo\":{\"@type\":\"ImageObject\",\"inLanguage\":\"fr-FR\",\"@id\":\"https:\/\/blog.holyart.it\/fr\/#\/schema\/logo\/image\/\",\"url\":\"https:\/\/blog.holyart.it\/fr\/wp-content\/uploads\/sites\/14\/2022\/12\/Holyart_Blog_Logo.jpg\",\"contentUrl\":\"https:\/\/blog.holyart.it\/fr\/wp-content\/uploads\/sites\/14\/2022\/12\/Holyart_Blog_Logo.jpg\",\"width\":300,\"height\":50,\"caption\":\"Holyart.fr Blog\"},\"image\":{\"@id\":\"https:\/\/blog.holyart.it\/fr\/#\/schema\/logo\/image\/\"}},{\"@type\":\"Person\",\"@id\":\"https:\/\/blog.holyart.it\/fr\/#\/schema\/person\/0a7b686e5af0f856ec1e390dd0baecda\",\"name\":\"Redazione\",\"image\":{\"@type\":\"ImageObject\",\"inLanguage\":\"fr-FR\",\"@id\":\"https:\/\/blog.holyart.it\/fr\/#\/schema\/person\/image\/\",\"url\":\"https:\/\/secure.gravatar.com\/avatar\/f477da817f43e50d0af36abecd33e3edf826c68299714bdc1057dff3b113f516?s=96&d=mm&r=g\",\"contentUrl\":\"https:\/\/secure.gravatar.com\/avatar\/f477da817f43e50d0af36abecd33e3edf826c68299714bdc1057dff3b113f516?s=96&d=mm&r=g\",\"caption\":\"Redazione\"},\"url\":\"https:\/\/blog.holyart.it\/fr\/author\/admin\/\"}]}<\/script>\n<!-- \/ Yoast SEO plugin. -->","yoast_head_json":{"title":"La Chaire de Saint Pierre: la signification de l\u2019\u0153uvre et les origines de sa f\u00eate","description":"La Chaire de Saint Pierre, chef-d\u2019\u0153uvre baroque conserv\u00e9 dans la Basilique Saint-Pierre \u00e0 Rome. Mais que repr\u00e9sente-elle ? Quelle est son histoire, sa signification ?","robots":{"index":"index","follow":"follow","max-snippet":"max-snippet:-1","max-image-preview":"max-image-preview:large","max-video-preview":"max-video-preview:-1"},"canonical":"https:\/\/blog.holyart.it\/fr\/articles-religieux\/la-chaire-de-saint-pierre-la-signification-de-loeuvre-et-les-origines-de-sa-fete\/","og_locale":"fr_FR","og_type":"article","og_title":"La Chaire de Saint Pierre: la signification de l\u2019\u0153uvre et les origines de sa f\u00eate","og_description":"La Chaire de Saint Pierre, chef-d\u2019\u0153uvre baroque conserv\u00e9 dans la Basilique Saint-Pierre \u00e0 Rome. Mais que repr\u00e9sente-elle ? Quelle est son histoire, sa signification ?","og_url":"https:\/\/blog.holyart.it\/fr\/articles-religieux\/la-chaire-de-saint-pierre-la-signification-de-loeuvre-et-les-origines-de-sa-fete\/","og_site_name":"Holyart.fr Blog","article_published_time":"2023-02-20T10:24:16+00:00","article_modified_time":"2026-02-16T11:50:21+00:00","og_image":[{"width":1000,"height":666,"url":"https:\/\/blog.holyart.it\/fr\/wp-content\/uploads\/sites\/14\/2023\/02\/La-Chaire-de-Saint-Pierre-.jpg","type":"image\/jpeg"}],"author":"Redazione","twitter_card":"summary_large_image","twitter_misc":{"\u00c9crit par":"Redazione","Dur\u00e9e de lecture estim\u00e9e":"6 minutes"},"schema":{"@context":"https:\/\/schema.org","@graph":[{"@type":"Article","@id":"https:\/\/blog.holyart.it\/fr\/articles-religieux\/la-chaire-de-saint-pierre-la-signification-de-loeuvre-et-les-origines-de-sa-fete\/#article","isPartOf":{"@id":"https:\/\/blog.holyart.it\/fr\/articles-religieux\/la-chaire-de-saint-pierre-la-signification-de-loeuvre-et-les-origines-de-sa-fete\/"},"author":{"name":"Redazione","@id":"https:\/\/blog.holyart.it\/fr\/#\/schema\/person\/0a7b686e5af0f856ec1e390dd0baecda"},"headline":"La Chaire de Saint Pierre: la signification de l\u2019\u0153uvre et les origines de sa f\u00eate","datePublished":"2023-02-20T10:24:16+00:00","dateModified":"2026-02-16T11:50:21+00:00","mainEntityOfPage":{"@id":"https:\/\/blog.holyart.it\/fr\/articles-religieux\/la-chaire-de-saint-pierre-la-signification-de-loeuvre-et-les-origines-de-sa-fete\/"},"wordCount":1092,"publisher":{"@id":"https:\/\/blog.holyart.it\/fr\/#organization"},"image":{"@id":"https:\/\/blog.holyart.it\/fr\/articles-religieux\/la-chaire-de-saint-pierre-la-signification-de-loeuvre-et-les-origines-de-sa-fete\/#primaryimage"},"thumbnailUrl":"https:\/\/blog.holyart.it\/fr\/wp-content\/uploads\/sites\/14\/2023\/02\/La-Chaire-de-Saint-Pierre-.jpg","articleSection":["Religion"],"inLanguage":"fr-FR"},{"@type":"WebPage","@id":"https:\/\/blog.holyart.it\/fr\/articles-religieux\/la-chaire-de-saint-pierre-la-signification-de-loeuvre-et-les-origines-de-sa-fete\/","url":"https:\/\/blog.holyart.it\/fr\/articles-religieux\/la-chaire-de-saint-pierre-la-signification-de-loeuvre-et-les-origines-de-sa-fete\/","name":"La Chaire de Saint Pierre: la signification de l\u2019\u0153uvre et les origines de sa f\u00eate","isPartOf":{"@id":"https:\/\/blog.holyart.it\/fr\/#website"},"primaryImageOfPage":{"@id":"https:\/\/blog.holyart.it\/fr\/articles-religieux\/la-chaire-de-saint-pierre-la-signification-de-loeuvre-et-les-origines-de-sa-fete\/#primaryimage"},"image":{"@id":"https:\/\/blog.holyart.it\/fr\/articles-religieux\/la-chaire-de-saint-pierre-la-signification-de-loeuvre-et-les-origines-de-sa-fete\/#primaryimage"},"thumbnailUrl":"https:\/\/blog.holyart.it\/fr\/wp-content\/uploads\/sites\/14\/2023\/02\/La-Chaire-de-Saint-Pierre-.jpg","datePublished":"2023-02-20T10:24:16+00:00","dateModified":"2026-02-16T11:50:21+00:00","description":"La Chaire de Saint Pierre, chef-d\u2019\u0153uvre baroque conserv\u00e9 dans la Basilique Saint-Pierre \u00e0 Rome. Mais que repr\u00e9sente-elle ? Quelle est son histoire, sa signification ?","breadcrumb":{"@id":"https:\/\/blog.holyart.it\/fr\/articles-religieux\/la-chaire-de-saint-pierre-la-signification-de-loeuvre-et-les-origines-de-sa-fete\/#breadcrumb"},"inLanguage":"fr-FR","potentialAction":[{"@type":"ReadAction","target":["https:\/\/blog.holyart.it\/fr\/articles-religieux\/la-chaire-de-saint-pierre-la-signification-de-loeuvre-et-les-origines-de-sa-fete\/"]}]},{"@type":"ImageObject","inLanguage":"fr-FR","@id":"https:\/\/blog.holyart.it\/fr\/articles-religieux\/la-chaire-de-saint-pierre-la-signification-de-loeuvre-et-les-origines-de-sa-fete\/#primaryimage","url":"https:\/\/blog.holyart.it\/fr\/wp-content\/uploads\/sites\/14\/2023\/02\/La-Chaire-de-Saint-Pierre-.jpg","contentUrl":"https:\/\/blog.holyart.it\/fr\/wp-content\/uploads\/sites\/14\/2023\/02\/La-Chaire-de-Saint-Pierre-.jpg","width":1000,"height":666,"caption":"La Chaire de Saint Pierre"},{"@type":"BreadcrumbList","@id":"https:\/\/blog.holyart.it\/fr\/articles-religieux\/la-chaire-de-saint-pierre-la-signification-de-loeuvre-et-les-origines-de-sa-fete\/#breadcrumb","itemListElement":[{"@type":"ListItem","position":1,"name":"Homepage","item":"https:\/\/blog.holyart.it\/fr\/"},{"@type":"ListItem","position":2,"name":"Religion","item":"https:\/\/blog.holyart.it\/fr\/articles-religieux\/"},{"@type":"ListItem","position":3,"name":"La Chaire de Saint Pierre: la signification de l\u2019\u0153uvre et les origines de sa f\u00eate"}]},{"@type":"WebSite","@id":"https:\/\/blog.holyart.it\/fr\/#website","url":"https:\/\/blog.holyart.it\/fr\/","name":"Holyart.fr Blog","description":"Holyblog","publisher":{"@id":"https:\/\/blog.holyart.it\/fr\/#organization"},"potentialAction":[{"@type":"SearchAction","target":{"@type":"EntryPoint","urlTemplate":"https:\/\/blog.holyart.it\/fr\/?s={search_term_string}"},"query-input":{"@type":"PropertyValueSpecification","valueRequired":true,"valueName":"search_term_string"}}],"inLanguage":"fr-FR"},{"@type":"Organization","@id":"https:\/\/blog.holyart.it\/fr\/#organization","name":"Holyart.fr Blog","url":"https:\/\/blog.holyart.it\/fr\/","logo":{"@type":"ImageObject","inLanguage":"fr-FR","@id":"https:\/\/blog.holyart.it\/fr\/#\/schema\/logo\/image\/","url":"https:\/\/blog.holyart.it\/fr\/wp-content\/uploads\/sites\/14\/2022\/12\/Holyart_Blog_Logo.jpg","contentUrl":"https:\/\/blog.holyart.it\/fr\/wp-content\/uploads\/sites\/14\/2022\/12\/Holyart_Blog_Logo.jpg","width":300,"height":50,"caption":"Holyart.fr Blog"},"image":{"@id":"https:\/\/blog.holyart.it\/fr\/#\/schema\/logo\/image\/"}},{"@type":"Person","@id":"https:\/\/blog.holyart.it\/fr\/#\/schema\/person\/0a7b686e5af0f856ec1e390dd0baecda","name":"Redazione","image":{"@type":"ImageObject","inLanguage":"fr-FR","@id":"https:\/\/blog.holyart.it\/fr\/#\/schema\/person\/image\/","url":"https:\/\/secure.gravatar.com\/avatar\/f477da817f43e50d0af36abecd33e3edf826c68299714bdc1057dff3b113f516?s=96&d=mm&r=g","contentUrl":"https:\/\/secure.gravatar.com\/avatar\/f477da817f43e50d0af36abecd33e3edf826c68299714bdc1057dff3b113f516?s=96&d=mm&r=g","caption":"Redazione"},"url":"https:\/\/blog.holyart.it\/fr\/author\/admin\/"}]}},"_links":{"self":[{"href":"https:\/\/blog.holyart.it\/fr\/wp-json\/wp\/v2\/posts\/5873","targetHints":{"allow":["GET"]}}],"collection":[{"href":"https:\/\/blog.holyart.it\/fr\/wp-json\/wp\/v2\/posts"}],"about":[{"href":"https:\/\/blog.holyart.it\/fr\/wp-json\/wp\/v2\/types\/post"}],"author":[{"embeddable":true,"href":"https:\/\/blog.holyart.it\/fr\/wp-json\/wp\/v2\/users\/1"}],"replies":[{"embeddable":true,"href":"https:\/\/blog.holyart.it\/fr\/wp-json\/wp\/v2\/comments?post=5873"}],"version-history":[{"count":4,"href":"https:\/\/blog.holyart.it\/fr\/wp-json\/wp\/v2\/posts\/5873\/revisions"}],"predecessor-version":[{"id":7820,"href":"https:\/\/blog.holyart.it\/fr\/wp-json\/wp\/v2\/posts\/5873\/revisions\/7820"}],"wp:featuredmedia":[{"embeddable":true,"href":"https:\/\/blog.holyart.it\/fr\/wp-json\/wp\/v2\/media\/5874"}],"wp:attachment":[{"href":"https:\/\/blog.holyart.it\/fr\/wp-json\/wp\/v2\/media?parent=5873"}],"wp:term":[{"taxonomy":"category","embeddable":true,"href":"https:\/\/blog.holyart.it\/fr\/wp-json\/wp\/v2\/categories?post=5873"},{"taxonomy":"post_tag","embeddable":true,"href":"https:\/\/blog.holyart.it\/fr\/wp-json\/wp\/v2\/tags?post=5873"}],"curies":[{"name":"wp","href":"https:\/\/api.w.org\/{rel}","templated":true}]}}