{"id":5789,"date":"2023-02-01T12:40:48","date_gmt":"2023-02-01T11:40:48","guid":{"rendered":"https:\/\/blog.holyart.it\/fr\/?p=5789"},"modified":"2026-02-17T11:56:04","modified_gmt":"2026-02-17T10:56:04","slug":"habits-de-religieuse-pour-chaque-ordre-sa-couleur","status":"publish","type":"post","link":"https:\/\/blog.holyart.it\/fr\/monasteres\/habits-de-religieuse-pour-chaque-ordre-sa-couleur\/","title":{"rendered":"Habits de religieuse : pour chaque ordre sa couleur"},"content":{"rendered":"<h4>Comment doivent-\u00eatre les habits de religieuse\u00a0? Quelles couleurs sont permises ? Entre ordres monastiques et congr\u00e9gations, \u00e0 la d\u00e9couverte des v\u00eatements religieux tout au f\u00e9minin<\/h4>\n\n<p>\u00ab<em>\u00a0L\u2019habit ne fait pas le moine\u00a0<\/em>\u00bb, un proverbe que nous avons l\u2019habitude d\u2019entendre depuis toujours et qui signifie que <strong>les apparences sont trompeuses<\/strong>, d\u00e9rivant d\u2019un ancien dicton latin\u00a0: <em>cucullus non facit monachum<\/em>, \u00ab\u00a0le capuchon ne fait pas le moine\u00a0\u00bb. D\u00e8s l\u2019antiquit\u00e9, il \u00e9tait normal de respecter celui qui portait une soutane. Aux moines et aux pr\u00eatres \u00e9taient r\u00e9serv\u00e9s un accueil sp\u00e9cial et un plus grand respect. Pour cette raison, il arrivait que des d\u00e9linquants choisissent de se d\u00e9guiser en moines afin de commettre des crimes ou afin de profiter de la disponibilit\u00e9 des personnes. D\u2019o\u00f9 le proverbe. Ce pr\u00e9ambule pour dire que nous sommes habitu\u00e9s \u00e0<a href=\"https:\/\/www.holyart.fr\/accessoires-pour-la-liturgie\/habits-clerge\"> <strong>reconna\u00eetre femmes et hommes d\u2019\u00e9glise par l\u2019habit qu\u2019ils portent<\/strong>,<\/a> diff\u00e9rent selon l\u2019ordre, l\u2019institut, mais quasi toujours reconnaissable en tant que tenue religieuse. En particulier, nous reconnaissons facilement les habits de nonne car <strong>noirs<\/strong>, avec des accessoires blancs, mais cela serait une affirmation fort r\u00e9ductive et erron\u00e9e de dire que toutes les nonnes s\u2019habillent de la sorte. Comme pour les moines et les fr\u00e8res, les v\u00eatements des s\u0153urs aussi <strong>varient en fonction de la congr\u00e9gation religieuse<\/strong> d\u2019appartenance.<\/p>\n<div class=\"link-product\">\n<div class=\"blocco-immagine\"><img loading=\"lazy\" decoding=\"async\" class=\"alignnone size-full wp-image-5793\" src=\"https:\/\/blog.holyart.it\/fr\/wp-content\/uploads\/sites\/14\/2023\/02\/Habits-Clerge.jpg\" alt=\"Habits Clerg\u00e9\" width=\"100\" height=\"100\" data-kale-share-title=\"Habits de religieuse : pour chaque ordre sa couleur\" data-kale-share-url=\"https:\/\/blog.holyart.it\/fr\/?p=5789\" \/><\/div>\n<div class=\"blocco-contenuto\">\n<div class=\"blocco-acquista\">Acheter sur Holyart:<\/div>\n<div class=\"blocco-titolo\"><a href=\"https:\/\/www.holyart.fr\/accessoires-pour-la-liturgie\/habits-clerge\">Habits Clerg\u00e9<\/a><\/div>\n<div class=\"blocco-descrizione\">Habits pr\u00e8tres, religieuses ou religieux<\/div>\n<\/div>\n<\/div>\n<p>Les <strong>ordres religieux catholiques f\u00e9minins<\/strong> auxquels appartiennent s\u0153urs et nonnes sont vraiment nombreux. La diff\u00e9rence substantielle entre les unes et les autres puisent ses racines dans l\u2019histoire m\u00eame du Christianisme occidental\u00a0: pendant des si\u00e8cles, l\u2019\u00c9glise a reconnu comme ses repr\u00e9sentants uniquement les nonnes appartenant \u00e0 une des <strong>r\u00e8gles approuv\u00e9es<\/strong> et qui avaient prononc\u00e9 un <strong>v\u0153u public et solennel<\/strong> de pauvret\u00e9, ob\u00e9issance et chastet\u00e9. En g\u00e9n\u00e9ral, elles vivaient \u00e9galement dans une <strong>cl\u00f4ture stricte<\/strong>. Avec le temps, toutefois, le Saint Si\u00e8ge reconnut \u00e9galement les communaut\u00e9s f\u00e9minines qui ne vivaient pas clo\u00eetr\u00e9es et qui conduisaient une <a href=\"https:\/\/www.holyart.fr\/blog\/monasteres\/les-inventions-des-moines-les-principaux-responsables-du-progres-en-europe\/\"><strong>vie semi-religieuse au sein de la soci\u00e9t\u00e9<\/strong>,<\/a> en pr\u00eatant des services d\u2019utilit\u00e9 publique, comme le soin des malades, l\u2019hospitalit\u00e9 des orphelins, et ainsi de suite. Depuis 1917, avec la promulgation du Code de droit canonique pio-b\u00e9n\u00e9dictin, les <strong>religieuses de v\u0153ux solennels<\/strong> ont \u00e9t\u00e9 d\u00e9finies officiellement <strong>nonnes<\/strong> (moniales), tandis que celles appartenant \u00e0 des congr\u00e9gations plus r\u00e9centes et qui ont prononc\u00e9 des <strong>v\u0153ux simples s\u0153urs<\/strong> (sorores).<\/p>\n<div class=\"link-article\">\n<p><img loading=\"lazy\" decoding=\"async\" class=\"alignnone size-full wp-image-5794\" src=\"https:\/\/blog.holyart.it\/fr\/wp-content\/uploads\/sites\/14\/2023\/02\/Les-inventions-des-moines-les-principaux-responsables-du-progres-en-Europe.jpeg\" alt=\"Les inventions des moines les principaux responsables du progr\u00e8s en Europe\" width=\"150\" height=\"99\" data-kale-share-title=\"Habits de religieuse : pour chaque ordre sa couleur\" data-kale-share-url=\"https:\/\/blog.holyart.it\/fr\/?p=5789\" \/><\/p>\n<div class=\"leggi-anche\">Lire aussi :<\/div>\n<p><strong><a href=\"https:\/\/www.holyart.fr\/blog\/monasteres\/les-inventions-des-moines-les-principaux-responsables-du-progres-en-europe\/\">Les inventions des moines<\/a><\/strong><br \/>\nD\u00e9couvrons comment les inventions des moines ont favoris\u00e9 le d\u00e9veloppement technologique et scientifique dans l\u2019Europe.<\/p>\n<\/div>\n<p>Une description g\u00e9n\u00e9rique d\u2019un <strong>habit de s\u0153ur<\/strong> pr\u00e9voit une <strong>ample tunique longue<\/strong> jusqu\u2019aux pieds ou aux chevilles, non model\u00e9 sur le corps, avec des manches larges et habituellement serr\u00e9e \u00e0 la taille par un cordon ou une ceinture, comme la bure des fr\u00e8res. Au-dessus, elles portent le <strong>voile<\/strong>, symbole d\u2019humilit\u00e9, de chastet\u00e9 et de pudeur, la <strong>guimpe<\/strong>, une bande de tissu ou de voile qui entoure le cou et bande le visage, cachant les cheveux, et le <strong>bandeau<\/strong>. Aujourd\u2019hui, en r\u00e9alit\u00e9, les habits des s\u0153urs se diff\u00e9rencient beaucoup en termes de couleurs et de coupe. Surtout les s\u0153urs qui ont choisi <strong>une vie non seulement contemplative<\/strong>, mais qui les am\u00e8ne \u00e0 travailler et \u00e0 s\u2019engager dans la communaut\u00e9, optent souvent pour des <strong>habits plus modernes et pratiques<\/strong>, comme des vestes et des cardigans, avec toujours un soin particulier pour le d\u00e9corum dict\u00e9 par leur r\u00f4le.<\/p>\n<div class=\"link-product\">\n<div class=\"blocco-immagine\"><img loading=\"lazy\" decoding=\"async\" class=\"alignnone size-full wp-image-5795\" src=\"https:\/\/blog.holyart.it\/fr\/wp-content\/uploads\/sites\/14\/2023\/02\/Vetement-religieuses-.jpg\" alt=\"V\u00eatement religieuses\" width=\"100\" height=\"100\" data-kale-share-title=\"Habits de religieuse : pour chaque ordre sa couleur\" data-kale-share-url=\"https:\/\/blog.holyart.it\/fr\/?p=5789\" \/><\/div>\n<div class=\"blocco-contenuto\">\n<div class=\"blocco-acquista\">Acheter sur Holyart:<\/div>\n<div class=\"blocco-titolo\"><a href=\"https:\/\/www.holyart.fr\/accessoires-pour-la-liturgie\/habits-clerge\/vetement-religieuses?page=1\">V\u00eatement religieuses<\/a><\/div>\n<div class=\"blocco-descrizione\">V\u00eatements enti\u00e8rement travaill\u00e9s et confectionn\u00e9s en Italie.<\/div>\n<\/div>\n<\/div>\n<p>En ce qui concerne les <strong>couleurs<\/strong>, les plus utilis\u00e9s sont le <strong>noir<\/strong>, le <strong>gris<\/strong>, le <strong>blanc<\/strong>, le <strong>beige<\/strong> et le <strong>marron<\/strong>, mais certaines congr\u00e9gations mariales pr\u00e9f\u00e8rent le <strong>c\u00e9leste<\/strong> et ne manquent pas les s\u0153urs qui portent du <strong>rouge<\/strong> afin de c\u00e9l\u00e9brer la passion et le sang de Christ, comme les s\u0153urs oratoriennes de Saint Philippe N\u00e9ri,\u00a0ou du <strong>rose<\/strong>, comme les S\u0153urs servantes du Saint-Esprit de l\u2019adoration perp\u00e9tuelle, ou encore du <strong>vert<\/strong>, comme les S\u0153urs Missionnaires de la Divine R\u00e9v\u00e9lation et ainsi de suite.<\/p>\n<p>Voyons plus dans le d\u00e9tail quel sont les habits de s\u0153ur et comment ils se diff\u00e9rencient.<\/p>\n<h2>Les ordres monastiques f\u00e9minins<\/h2>\n<p>Tout d\u2019abord, diff\u00e9rencions les <strong>ordres ou instituts monastiques et ordres r\u00e9guliers<\/strong>, dont les membres \u00e9mettent des <strong>v\u0153ux solennels<\/strong>, des <strong>instituts religieux ou des congr\u00e9gations religieuses<\/strong>, dont les membres \u00e9mettent des <strong>v\u0153ux en forme simple<\/strong> et conduisent une <strong>vie s\u00e9culaire<\/strong>. Les instituts peuvent \u00eatre cl\u00e9ricaux ou la\u00efcs. Pour faire un exemple, les Ursulines du <strong><a href=\"https:\/\/www.holyart.fr\/blog\/articles-religieux\/sacre-coeur-de-jesus\/\">Sacr\u00e9-C\u0153ur de J\u00e9sus<\/a><\/strong> sont des <strong>s\u0153urs d\u2019un institut religieux <\/strong>f\u00e9minin de droit pontifical, tandis que les Clarisses sont des <strong>nonnes de v\u0153ux solennels<\/strong> appartenant \u00e0 l\u2019ordre fond\u00e9 par Saint Fran\u00e7ois et Sainte Claire d\u2019Assise, et qui suivent une R\u00e8gle \u00e2g\u00e9e de si\u00e8cles.<\/p>\n<p>En g\u00e9n\u00e9ral, nous pouvons diviser les <strong>ordres monastiques f\u00e9minins<\/strong>, c\u2019est-\u00e0-dire les instituts de vie consacr\u00e9e dont les membres vivent en communaut\u00e9 et selon les v\u0153ux publiques et solennels de pauvret\u00e9, ob\u00e9issance et chastet\u00e9, en trois groupes : <strong>monastiques<\/strong>, <strong>mendiants<\/strong>, <strong>canoniques<\/strong>.<\/p>\n<p><img loading=\"lazy\" decoding=\"async\" class=\"size-full wp-image-5796 aligncenter\" src=\"https:\/\/blog.holyart.it\/fr\/wp-content\/uploads\/sites\/14\/2023\/02\/Les-ordres-monastiques-feminins.jpeg\" alt=\"Les ordres monastiques f\u00e9minins\" width=\"1000\" height=\"666\" data-kale-share-title=\"Habits de religieuse : pour chaque ordre sa couleur\" data-kale-share-url=\"https:\/\/blog.holyart.it\/fr\/?p=5789\" \/><\/p>\n<h2>S\u0153urs et nonnes des ordres Monastiques<\/h2>\n<p>Comme les moines du m\u00eame ordre, elles vivent en communaut\u00e9 dans un monast\u00e8re selon une R\u00e8gle, mais, \u00e0 la diff\u00e9rence des hommes, elles doivent respecter la cl\u00f4ture. Elles font v\u0153u de chastet\u00e9, d\u2019ob\u00e9issance et de pauvret\u00e9, i.e. de renonciation \u00e0 tout type de propri\u00e9t\u00e9. Elles sont guid\u00e9es par une abbesse et restent li\u00e9es pour toute leur vie \u00e0 leur abbaye. Parmi les s\u0153urs des ordres monastiques, rappelons les Clarisses, les Carm\u00e9lites et les Dominicaines.<\/p>\n<h2>S\u0153urs des ordres Mendiants<\/h2>\n<p>Comme les fr\u00e8res de la m\u00eame typologie d\u2019ordre, les nonnes vivent en communaut\u00e9 dans un couvent et suivent une R\u00e8gle qui d\u00e9termine toute leur existence. Elles sont tenues \u00e0 la cl\u00f4ture. Elles font voeu de chastet\u00e9, ob\u00e9issance et pauvret\u00e9 et peuvent \u00eatre d\u00e9plac\u00e9es d\u2019un couvent \u00e0 un autre. Elles appartiennent aux ordres mendiants les s\u0153urs Clarisses et les Dominicaines.<\/p>\n<h2>Chanoinesses r\u00e9guli\u00e8res<\/h2>\n<p>Les p\u00e8res \u00ab\u00a0canonique\u00a0\u00bb sont des pr\u00eatres qui vivent dans une abbaye, guid\u00e9s par un abb\u00e9 et selon une r\u00e8gle. Les chanoinesses vivent dans une abbaye, sont guid\u00e9es par une abbesse et acceptent la cl\u00f4ture. Quelques exemples : Chanoinesses r\u00e9guli\u00e8res du Latran, Chanoinesses de Saint Augustin de la Congr\u00e9gation de Notre-Dame, Chanoinesses r\u00e9guli\u00e8res hospitali\u00e8res de la mis\u00e9ricorde de J\u00e9sus.<\/p>\n<h2>V\u00eatements pour religieuses sur Holyart<\/h2>\n<p>Dans notre magasin en ligne, vous trouverez une ample gamme d\u2019habits religieux f\u00e9minins et de v\u00eatements pour religieuses, tous r\u00e9alis\u00e9s avec des tissus d\u2019excellente qualit\u00e9. Nos habits pour s\u0153urs sont enti\u00e8rement travaill\u00e9s et confectionn\u00e9s en Italie.<\/p>\n<p>Le blanc rappelle la puret\u00e9, et le <strong><a href=\"https:\/\/www.holyart.fr\/accessoires-pour-la-liturgie\/habits-clerge\/vetement-religieuses\/cardigan-soeur-blanc-ras-du-cou-poches-jersey-50-acrylique-50-laine-merinos-in-primis\">Cardigan blanc pour s\u0153ur In Primis<\/a> <\/strong>avec col mandarin est un parfait compromis pour la femme de foi qui ne veut pas renoncer au confort d\u2019un habit moderne et confortable, r\u00e9alis\u00e9 en tissu uniforme, 50% laine m\u00e9rinos et 50% acrylique. Le cardigan est \u00e9quip\u00e9 de deux poches pratiques et a \u00e9t\u00e9 enti\u00e8rement confectionn\u00e9 en Italie.<\/p>\n<div class=\"link-product\">\n<div class=\"blocco-immagine\"><img loading=\"lazy\" decoding=\"async\" class=\"alignnone size-full wp-image-5797\" src=\"https:\/\/blog.holyart.it\/fr\/wp-content\/uploads\/sites\/14\/2023\/02\/cardigan-suora-bianco-coreana-tasche-maglia-unita-50-acrilico-50-merino-Copia.jpg\" alt=\"cardigan suora bianco coreana tasche maglia unita 50 acrilico 50 merino - Copia\" width=\"100\" height=\"100\" data-kale-share-title=\"Habits de religieuse : pour chaque ordre sa couleur\" data-kale-share-url=\"https:\/\/blog.holyart.it\/fr\/?p=5789\" \/><\/div>\n<div class=\"blocco-contenuto\">\n<div class=\"blocco-acquista\">Acheter sur Holyart:<\/div>\n<div class=\"blocco-titolo\"><a href=\"https:\/\/www.holyart.fr\/accessoires-pour-la-liturgie\/habits-clerge\/vetement-religieuses\/cardigan-soeur-blanc-ras-du-cou-poches-jersey-50-acrylique-50-laine-merinos-in-primis\">Cardigan soeur blanc<\/a><\/div>\n<div class=\"blocco-descrizione\">Cardigan soeur blanc ras du cou poches jersey<\/div>\n<\/div>\n<\/div>\n<p>Auster, mais pratique, le <strong><a href=\"https:\/\/www.holyart.fr\/accessoires-pour-la-liturgie\/habits-clerge\/vetement-religieuses\/gilet-bleu-pour-soeur-avec-poches-col-en-v-50-acrylique-50-laine-merinos-in-primis\">Gilet pour s\u0153ur In Primis avec col en V<\/a> <\/strong>bleu en tissu uniforme est id\u00e9al pour chaque saison, \u00e0 porter au-dessus d\u2019une chemise ou en-dessous d\u2019une veste. \u00c9quip\u00e9 d\u2019une file centrale de boutons et de deux poches pratiques.<\/p>\n<div class=\"link-product\">\n<div class=\"blocco-immagine\"><img loading=\"lazy\" decoding=\"async\" class=\"alignnone size-full wp-image-5798\" src=\"https:\/\/blog.holyart.it\/fr\/wp-content\/uploads\/sites\/14\/2023\/02\/Gilet-bleu.jpg\" alt=\"Gilet bleu\" width=\"100\" height=\"100\" data-kale-share-title=\"Habits de religieuse : pour chaque ordre sa couleur\" data-kale-share-url=\"https:\/\/blog.holyart.it\/fr\/?p=5789\" \/><\/div>\n<div class=\"blocco-contenuto\">\n<div class=\"blocco-acquista\">Acheter sur Holyart:<\/div>\n<div class=\"blocco-titolo\"><a href=\"https:\/\/www.holyart.fr\/accessoires-pour-la-liturgie\/habits-clerge\/vetement-religieuses\/gilet-bleu-pour-soeur-avec-poches-col-en-v-50-acrylique-50-laine-merinos-in-primis\">Gilet bleu<\/a><\/div>\n<div class=\"blocco-descrizione\">Gilet bleu pour soeur avec poches<\/div>\n<\/div>\n<\/div>\n<p>Cher aux franciscains, le marron reste une couleur ind\u00e9modable pour les s\u0153urs. Le<strong> <a href=\"https:\/\/www.holyart.fr\/accessoires-pour-la-liturgie\/habits-clerge\/vetement-religieuses\/cardigan-soeur-merron-col-en-v-poches-jersey-50-acrylique-50-laine-merinos-in-primis\">Cardigan marron pour s\u0153ur In Primis avec col en V<\/a> <\/strong>est un exemple d\u2019habit moderne qui respecte et refl\u00e8te en tout et pour tout les exigences d\u2019ordre et de d\u00e9corum requises par le r\u00f4le de la femme qui le portera.<\/p>\n<div class=\"link-product\">\n<div class=\"blocco-immagine\"><img loading=\"lazy\" decoding=\"async\" class=\"alignnone size-full wp-image-5799\" src=\"https:\/\/blog.holyart.it\/fr\/wp-content\/uploads\/sites\/14\/2023\/02\/Cardigan-soeur-merron-col-en-V-poches.jpg\" alt=\"Cardigan soeur merron col en V poches\" width=\"100\" height=\"100\" data-kale-share-title=\"Habits de religieuse : pour chaque ordre sa couleur\" data-kale-share-url=\"https:\/\/blog.holyart.it\/fr\/?p=5789\" \/><\/div>\n<div class=\"blocco-contenuto\">\n<div class=\"blocco-acquista\">Acheter sur Holyart:<\/div>\n<div class=\"blocco-titolo\"><a href=\"https:\/\/www.holyart.fr\/accessoires-pour-la-liturgie\/habits-clerge\/vetement-religieuses\/cardigan-soeur-merron-col-en-v-poches-jersey-50-acrylique-50-laine-merinos-in-primis\">Cardigan merron<\/a><\/div>\n<div class=\"blocco-descrizione\">Cardigan soeur merron col en V poches<\/div>\n<\/div>\n<\/div>\n","protected":false},"excerpt":{"rendered":"<p>Comment doivent-\u00eatre les habits de religieuse\u00a0? Quelles couleurs sont permises ? Entre ordres monastiques et congr\u00e9gations, \u00e0 la d\u00e9couverte des v\u00eatements religieux tout au f\u00e9minin \u00ab\u00a0L\u2019habit ne fait pas le moine\u00a0\u00bb, un proverbe que nous avons l\u2019habitude d\u2019entendre depuis toujours et qui signifie que les&hellip;<\/p>\n","protected":false},"author":1,"featured_media":5790,"comment_status":"closed","ping_status":"open","sticky":false,"template":"","format":"standard","meta":{"_acf_changed":false,"footnotes":""},"categories":[11],"tags":[],"class_list":["post-5789","post","type-post","status-publish","format-standard","has-post-thumbnail","hentry","category-monasteres"],"acf":[],"yoast_head":"<!-- This site is optimized with the Yoast SEO plugin v26.6 - https:\/\/yoast.com\/wordpress\/plugins\/seo\/ -->\n<title>Habits de religieuse : pour chaque ordre sa couleur - Holyart.fr Blog<\/title>\n<meta name=\"description\" content=\"Habits de religieuse : les v\u00eatements des religieuses catholiques au cours des si\u00e8cles, au-del\u00e0 des st\u00e9r\u00e9otypes et des clich\u00e9s. Humilit\u00e9 et d\u00e9corum, mais aussi confort.\" \/>\n<meta name=\"robots\" content=\"index, follow, max-snippet:-1, max-image-preview:large, max-video-preview:-1\" \/>\n<link rel=\"canonical\" href=\"https:\/\/blog.holyart.it\/fr\/monasteres\/habits-de-religieuse-pour-chaque-ordre-sa-couleur\/\" \/>\n<meta property=\"og:locale\" content=\"fr_FR\" \/>\n<meta property=\"og:type\" content=\"article\" \/>\n<meta property=\"og:title\" content=\"Habits de religieuse : pour chaque ordre sa couleur - Holyart.fr Blog\" \/>\n<meta property=\"og:description\" content=\"Habits de religieuse : les v\u00eatements des religieuses catholiques au cours des si\u00e8cles, au-del\u00e0 des st\u00e9r\u00e9otypes et des clich\u00e9s. Humilit\u00e9 et d\u00e9corum, mais aussi confort.\" \/>\n<meta property=\"og:url\" content=\"https:\/\/blog.holyart.it\/fr\/monasteres\/habits-de-religieuse-pour-chaque-ordre-sa-couleur\/\" \/>\n<meta property=\"og:site_name\" content=\"Holyart.fr Blog\" \/>\n<meta property=\"article:published_time\" content=\"2023-02-01T11:40:48+00:00\" \/>\n<meta property=\"article:modified_time\" content=\"2026-02-17T10:56:04+00:00\" \/>\n<meta property=\"og:image\" content=\"https:\/\/blog.holyart.it\/fr\/wp-content\/uploads\/sites\/14\/2023\/01\/Habits-de-religieuse.jpg\" \/>\n\t<meta property=\"og:image:width\" content=\"1000\" \/>\n\t<meta property=\"og:image:height\" content=\"666\" \/>\n\t<meta property=\"og:image:type\" content=\"image\/jpeg\" \/>\n<meta name=\"author\" content=\"Redazione\" \/>\n<meta name=\"twitter:card\" content=\"summary_large_image\" \/>\n<meta name=\"twitter:label1\" content=\"\u00c9crit par\" \/>\n\t<meta name=\"twitter:data1\" content=\"Redazione\" \/>\n\t<meta name=\"twitter:label2\" content=\"Dur\u00e9e de lecture estim\u00e9e\" \/>\n\t<meta name=\"twitter:data2\" content=\"8 minutes\" \/>\n<script type=\"application\/ld+json\" class=\"yoast-schema-graph\">{\"@context\":\"https:\/\/schema.org\",\"@graph\":[{\"@type\":\"Article\",\"@id\":\"https:\/\/blog.holyart.it\/fr\/monasteres\/habits-de-religieuse-pour-chaque-ordre-sa-couleur\/#article\",\"isPartOf\":{\"@id\":\"https:\/\/blog.holyart.it\/fr\/monasteres\/habits-de-religieuse-pour-chaque-ordre-sa-couleur\/\"},\"author\":{\"name\":\"Redazione\",\"@id\":\"https:\/\/blog.holyart.it\/fr\/#\/schema\/person\/0a7b686e5af0f856ec1e390dd0baecda\"},\"headline\":\"Habits de religieuse : pour chaque ordre sa couleur\",\"datePublished\":\"2023-02-01T11:40:48+00:00\",\"dateModified\":\"2026-02-17T10:56:04+00:00\",\"mainEntityOfPage\":{\"@id\":\"https:\/\/blog.holyart.it\/fr\/monasteres\/habits-de-religieuse-pour-chaque-ordre-sa-couleur\/\"},\"wordCount\":1436,\"publisher\":{\"@id\":\"https:\/\/blog.holyart.it\/fr\/#organization\"},\"image\":{\"@id\":\"https:\/\/blog.holyart.it\/fr\/monasteres\/habits-de-religieuse-pour-chaque-ordre-sa-couleur\/#primaryimage\"},\"thumbnailUrl\":\"https:\/\/blog.holyart.it\/fr\/wp-content\/uploads\/sites\/14\/2023\/01\/Habits-de-religieuse.jpg\",\"articleSection\":[\"Monast\u00e8res et confr\u00e9ries\"],\"inLanguage\":\"fr-FR\"},{\"@type\":\"WebPage\",\"@id\":\"https:\/\/blog.holyart.it\/fr\/monasteres\/habits-de-religieuse-pour-chaque-ordre-sa-couleur\/\",\"url\":\"https:\/\/blog.holyart.it\/fr\/monasteres\/habits-de-religieuse-pour-chaque-ordre-sa-couleur\/\",\"name\":\"Habits de religieuse : pour chaque ordre sa couleur - Holyart.fr Blog\",\"isPartOf\":{\"@id\":\"https:\/\/blog.holyart.it\/fr\/#website\"},\"primaryImageOfPage\":{\"@id\":\"https:\/\/blog.holyart.it\/fr\/monasteres\/habits-de-religieuse-pour-chaque-ordre-sa-couleur\/#primaryimage\"},\"image\":{\"@id\":\"https:\/\/blog.holyart.it\/fr\/monasteres\/habits-de-religieuse-pour-chaque-ordre-sa-couleur\/#primaryimage\"},\"thumbnailUrl\":\"https:\/\/blog.holyart.it\/fr\/wp-content\/uploads\/sites\/14\/2023\/01\/Habits-de-religieuse.jpg\",\"datePublished\":\"2023-02-01T11:40:48+00:00\",\"dateModified\":\"2026-02-17T10:56:04+00:00\",\"description\":\"Habits de religieuse : les v\u00eatements des religieuses catholiques au cours des si\u00e8cles, au-del\u00e0 des st\u00e9r\u00e9otypes et des clich\u00e9s. Humilit\u00e9 et d\u00e9corum, mais aussi confort.\",\"breadcrumb\":{\"@id\":\"https:\/\/blog.holyart.it\/fr\/monasteres\/habits-de-religieuse-pour-chaque-ordre-sa-couleur\/#breadcrumb\"},\"inLanguage\":\"fr-FR\",\"potentialAction\":[{\"@type\":\"ReadAction\",\"target\":[\"https:\/\/blog.holyart.it\/fr\/monasteres\/habits-de-religieuse-pour-chaque-ordre-sa-couleur\/\"]}]},{\"@type\":\"ImageObject\",\"inLanguage\":\"fr-FR\",\"@id\":\"https:\/\/blog.holyart.it\/fr\/monasteres\/habits-de-religieuse-pour-chaque-ordre-sa-couleur\/#primaryimage\",\"url\":\"https:\/\/blog.holyart.it\/fr\/wp-content\/uploads\/sites\/14\/2023\/01\/Habits-de-religieuse.jpg\",\"contentUrl\":\"https:\/\/blog.holyart.it\/fr\/wp-content\/uploads\/sites\/14\/2023\/01\/Habits-de-religieuse.jpg\",\"width\":1000,\"height\":666,\"caption\":\"Habits de religieuse\"},{\"@type\":\"BreadcrumbList\",\"@id\":\"https:\/\/blog.holyart.it\/fr\/monasteres\/habits-de-religieuse-pour-chaque-ordre-sa-couleur\/#breadcrumb\",\"itemListElement\":[{\"@type\":\"ListItem\",\"position\":1,\"name\":\"Homepage\",\"item\":\"https:\/\/blog.holyart.it\/fr\/\"},{\"@type\":\"ListItem\",\"position\":2,\"name\":\"Monast\u00e8res et confr\u00e9ries\",\"item\":\"https:\/\/blog.holyart.it\/fr\/monasteres\/\"},{\"@type\":\"ListItem\",\"position\":3,\"name\":\"Habits de religieuse : pour chaque ordre sa couleur\"}]},{\"@type\":\"WebSite\",\"@id\":\"https:\/\/blog.holyart.it\/fr\/#website\",\"url\":\"https:\/\/blog.holyart.it\/fr\/\",\"name\":\"Holyart.fr Blog\",\"description\":\"Holyblog\",\"publisher\":{\"@id\":\"https:\/\/blog.holyart.it\/fr\/#organization\"},\"potentialAction\":[{\"@type\":\"SearchAction\",\"target\":{\"@type\":\"EntryPoint\",\"urlTemplate\":\"https:\/\/blog.holyart.it\/fr\/?s={search_term_string}\"},\"query-input\":{\"@type\":\"PropertyValueSpecification\",\"valueRequired\":true,\"valueName\":\"search_term_string\"}}],\"inLanguage\":\"fr-FR\"},{\"@type\":\"Organization\",\"@id\":\"https:\/\/blog.holyart.it\/fr\/#organization\",\"name\":\"Holyart.fr Blog\",\"url\":\"https:\/\/blog.holyart.it\/fr\/\",\"logo\":{\"@type\":\"ImageObject\",\"inLanguage\":\"fr-FR\",\"@id\":\"https:\/\/blog.holyart.it\/fr\/#\/schema\/logo\/image\/\",\"url\":\"https:\/\/blog.holyart.it\/fr\/wp-content\/uploads\/sites\/14\/2022\/12\/Holyart_Blog_Logo.jpg\",\"contentUrl\":\"https:\/\/blog.holyart.it\/fr\/wp-content\/uploads\/sites\/14\/2022\/12\/Holyart_Blog_Logo.jpg\",\"width\":300,\"height\":50,\"caption\":\"Holyart.fr Blog\"},\"image\":{\"@id\":\"https:\/\/blog.holyart.it\/fr\/#\/schema\/logo\/image\/\"}},{\"@type\":\"Person\",\"@id\":\"https:\/\/blog.holyart.it\/fr\/#\/schema\/person\/0a7b686e5af0f856ec1e390dd0baecda\",\"name\":\"Redazione\",\"image\":{\"@type\":\"ImageObject\",\"inLanguage\":\"fr-FR\",\"@id\":\"https:\/\/blog.holyart.it\/fr\/#\/schema\/person\/image\/\",\"url\":\"https:\/\/secure.gravatar.com\/avatar\/f477da817f43e50d0af36abecd33e3edf826c68299714bdc1057dff3b113f516?s=96&d=mm&r=g\",\"contentUrl\":\"https:\/\/secure.gravatar.com\/avatar\/f477da817f43e50d0af36abecd33e3edf826c68299714bdc1057dff3b113f516?s=96&d=mm&r=g\",\"caption\":\"Redazione\"},\"url\":\"https:\/\/blog.holyart.it\/fr\/author\/admin\/\"}]}<\/script>\n<!-- \/ Yoast SEO plugin. -->","yoast_head_json":{"title":"Habits de religieuse : pour chaque ordre sa couleur - Holyart.fr Blog","description":"Habits de religieuse : les v\u00eatements des religieuses catholiques au cours des si\u00e8cles, au-del\u00e0 des st\u00e9r\u00e9otypes et des clich\u00e9s. Humilit\u00e9 et d\u00e9corum, mais aussi confort.","robots":{"index":"index","follow":"follow","max-snippet":"max-snippet:-1","max-image-preview":"max-image-preview:large","max-video-preview":"max-video-preview:-1"},"canonical":"https:\/\/blog.holyart.it\/fr\/monasteres\/habits-de-religieuse-pour-chaque-ordre-sa-couleur\/","og_locale":"fr_FR","og_type":"article","og_title":"Habits de religieuse : pour chaque ordre sa couleur - Holyart.fr Blog","og_description":"Habits de religieuse : les v\u00eatements des religieuses catholiques au cours des si\u00e8cles, au-del\u00e0 des st\u00e9r\u00e9otypes et des clich\u00e9s. Humilit\u00e9 et d\u00e9corum, mais aussi confort.","og_url":"https:\/\/blog.holyart.it\/fr\/monasteres\/habits-de-religieuse-pour-chaque-ordre-sa-couleur\/","og_site_name":"Holyart.fr Blog","article_published_time":"2023-02-01T11:40:48+00:00","article_modified_time":"2026-02-17T10:56:04+00:00","og_image":[{"width":1000,"height":666,"url":"https:\/\/blog.holyart.it\/fr\/wp-content\/uploads\/sites\/14\/2023\/01\/Habits-de-religieuse.jpg","type":"image\/jpeg"}],"author":"Redazione","twitter_card":"summary_large_image","twitter_misc":{"\u00c9crit par":"Redazione","Dur\u00e9e de lecture estim\u00e9e":"8 minutes"},"schema":{"@context":"https:\/\/schema.org","@graph":[{"@type":"Article","@id":"https:\/\/blog.holyart.it\/fr\/monasteres\/habits-de-religieuse-pour-chaque-ordre-sa-couleur\/#article","isPartOf":{"@id":"https:\/\/blog.holyart.it\/fr\/monasteres\/habits-de-religieuse-pour-chaque-ordre-sa-couleur\/"},"author":{"name":"Redazione","@id":"https:\/\/blog.holyart.it\/fr\/#\/schema\/person\/0a7b686e5af0f856ec1e390dd0baecda"},"headline":"Habits de religieuse : pour chaque ordre sa couleur","datePublished":"2023-02-01T11:40:48+00:00","dateModified":"2026-02-17T10:56:04+00:00","mainEntityOfPage":{"@id":"https:\/\/blog.holyart.it\/fr\/monasteres\/habits-de-religieuse-pour-chaque-ordre-sa-couleur\/"},"wordCount":1436,"publisher":{"@id":"https:\/\/blog.holyart.it\/fr\/#organization"},"image":{"@id":"https:\/\/blog.holyart.it\/fr\/monasteres\/habits-de-religieuse-pour-chaque-ordre-sa-couleur\/#primaryimage"},"thumbnailUrl":"https:\/\/blog.holyart.it\/fr\/wp-content\/uploads\/sites\/14\/2023\/01\/Habits-de-religieuse.jpg","articleSection":["Monast\u00e8res et confr\u00e9ries"],"inLanguage":"fr-FR"},{"@type":"WebPage","@id":"https:\/\/blog.holyart.it\/fr\/monasteres\/habits-de-religieuse-pour-chaque-ordre-sa-couleur\/","url":"https:\/\/blog.holyart.it\/fr\/monasteres\/habits-de-religieuse-pour-chaque-ordre-sa-couleur\/","name":"Habits de religieuse : pour chaque ordre sa couleur - Holyart.fr Blog","isPartOf":{"@id":"https:\/\/blog.holyart.it\/fr\/#website"},"primaryImageOfPage":{"@id":"https:\/\/blog.holyart.it\/fr\/monasteres\/habits-de-religieuse-pour-chaque-ordre-sa-couleur\/#primaryimage"},"image":{"@id":"https:\/\/blog.holyart.it\/fr\/monasteres\/habits-de-religieuse-pour-chaque-ordre-sa-couleur\/#primaryimage"},"thumbnailUrl":"https:\/\/blog.holyart.it\/fr\/wp-content\/uploads\/sites\/14\/2023\/01\/Habits-de-religieuse.jpg","datePublished":"2023-02-01T11:40:48+00:00","dateModified":"2026-02-17T10:56:04+00:00","description":"Habits de religieuse : les v\u00eatements des religieuses catholiques au cours des si\u00e8cles, au-del\u00e0 des st\u00e9r\u00e9otypes et des clich\u00e9s. Humilit\u00e9 et d\u00e9corum, mais aussi confort.","breadcrumb":{"@id":"https:\/\/blog.holyart.it\/fr\/monasteres\/habits-de-religieuse-pour-chaque-ordre-sa-couleur\/#breadcrumb"},"inLanguage":"fr-FR","potentialAction":[{"@type":"ReadAction","target":["https:\/\/blog.holyart.it\/fr\/monasteres\/habits-de-religieuse-pour-chaque-ordre-sa-couleur\/"]}]},{"@type":"ImageObject","inLanguage":"fr-FR","@id":"https:\/\/blog.holyart.it\/fr\/monasteres\/habits-de-religieuse-pour-chaque-ordre-sa-couleur\/#primaryimage","url":"https:\/\/blog.holyart.it\/fr\/wp-content\/uploads\/sites\/14\/2023\/01\/Habits-de-religieuse.jpg","contentUrl":"https:\/\/blog.holyart.it\/fr\/wp-content\/uploads\/sites\/14\/2023\/01\/Habits-de-religieuse.jpg","width":1000,"height":666,"caption":"Habits de religieuse"},{"@type":"BreadcrumbList","@id":"https:\/\/blog.holyart.it\/fr\/monasteres\/habits-de-religieuse-pour-chaque-ordre-sa-couleur\/#breadcrumb","itemListElement":[{"@type":"ListItem","position":1,"name":"Homepage","item":"https:\/\/blog.holyart.it\/fr\/"},{"@type":"ListItem","position":2,"name":"Monast\u00e8res et confr\u00e9ries","item":"https:\/\/blog.holyart.it\/fr\/monasteres\/"},{"@type":"ListItem","position":3,"name":"Habits de religieuse : pour chaque ordre sa couleur"}]},{"@type":"WebSite","@id":"https:\/\/blog.holyart.it\/fr\/#website","url":"https:\/\/blog.holyart.it\/fr\/","name":"Holyart.fr Blog","description":"Holyblog","publisher":{"@id":"https:\/\/blog.holyart.it\/fr\/#organization"},"potentialAction":[{"@type":"SearchAction","target":{"@type":"EntryPoint","urlTemplate":"https:\/\/blog.holyart.it\/fr\/?s={search_term_string}"},"query-input":{"@type":"PropertyValueSpecification","valueRequired":true,"valueName":"search_term_string"}}],"inLanguage":"fr-FR"},{"@type":"Organization","@id":"https:\/\/blog.holyart.it\/fr\/#organization","name":"Holyart.fr Blog","url":"https:\/\/blog.holyart.it\/fr\/","logo":{"@type":"ImageObject","inLanguage":"fr-FR","@id":"https:\/\/blog.holyart.it\/fr\/#\/schema\/logo\/image\/","url":"https:\/\/blog.holyart.it\/fr\/wp-content\/uploads\/sites\/14\/2022\/12\/Holyart_Blog_Logo.jpg","contentUrl":"https:\/\/blog.holyart.it\/fr\/wp-content\/uploads\/sites\/14\/2022\/12\/Holyart_Blog_Logo.jpg","width":300,"height":50,"caption":"Holyart.fr Blog"},"image":{"@id":"https:\/\/blog.holyart.it\/fr\/#\/schema\/logo\/image\/"}},{"@type":"Person","@id":"https:\/\/blog.holyart.it\/fr\/#\/schema\/person\/0a7b686e5af0f856ec1e390dd0baecda","name":"Redazione","image":{"@type":"ImageObject","inLanguage":"fr-FR","@id":"https:\/\/blog.holyart.it\/fr\/#\/schema\/person\/image\/","url":"https:\/\/secure.gravatar.com\/avatar\/f477da817f43e50d0af36abecd33e3edf826c68299714bdc1057dff3b113f516?s=96&d=mm&r=g","contentUrl":"https:\/\/secure.gravatar.com\/avatar\/f477da817f43e50d0af36abecd33e3edf826c68299714bdc1057dff3b113f516?s=96&d=mm&r=g","caption":"Redazione"},"url":"https:\/\/blog.holyart.it\/fr\/author\/admin\/"}]}},"_links":{"self":[{"href":"https:\/\/blog.holyart.it\/fr\/wp-json\/wp\/v2\/posts\/5789","targetHints":{"allow":["GET"]}}],"collection":[{"href":"https:\/\/blog.holyart.it\/fr\/wp-json\/wp\/v2\/posts"}],"about":[{"href":"https:\/\/blog.holyart.it\/fr\/wp-json\/wp\/v2\/types\/post"}],"author":[{"embeddable":true,"href":"https:\/\/blog.holyart.it\/fr\/wp-json\/wp\/v2\/users\/1"}],"replies":[{"embeddable":true,"href":"https:\/\/blog.holyart.it\/fr\/wp-json\/wp\/v2\/comments?post=5789"}],"version-history":[{"count":6,"href":"https:\/\/blog.holyart.it\/fr\/wp-json\/wp\/v2\/posts\/5789\/revisions"}],"predecessor-version":[{"id":5803,"href":"https:\/\/blog.holyart.it\/fr\/wp-json\/wp\/v2\/posts\/5789\/revisions\/5803"}],"wp:featuredmedia":[{"embeddable":true,"href":"https:\/\/blog.holyart.it\/fr\/wp-json\/wp\/v2\/media\/5790"}],"wp:attachment":[{"href":"https:\/\/blog.holyart.it\/fr\/wp-json\/wp\/v2\/media?parent=5789"}],"wp:term":[{"taxonomy":"category","embeddable":true,"href":"https:\/\/blog.holyart.it\/fr\/wp-json\/wp\/v2\/categories?post=5789"},{"taxonomy":"post_tag","embeddable":true,"href":"https:\/\/blog.holyart.it\/fr\/wp-json\/wp\/v2\/tags?post=5789"}],"curies":[{"name":"wp","href":"https:\/\/api.w.org\/{rel}","templated":true}]}}