{"id":5779,"date":"2023-01-30T12:15:34","date_gmt":"2023-01-30T11:15:34","guid":{"rendered":"https:\/\/blog.holyart.it\/fr\/?p=5779"},"modified":"2025-02-13T10:05:26","modified_gmt":"2025-02-13T09:05:26","slug":"les-annees-perdues-de-la-vie-de-jesus","status":"publish","type":"post","link":"https:\/\/blog.holyart.it\/fr\/articles-religieux\/les-annees-perdues-de-la-vie-de-jesus\/","title":{"rendered":"Les ann\u00e9es perdues de la vie de J\u00e9sus"},"content":{"rendered":"<h4>Enqu\u00eatons sur les ann\u00e9es perdues de la vie de J\u00e9sus. Que faisait-il avant de commencer \u00e0 pr\u00eacher ? S\u2019est-il jamais \u00e9loign\u00e9 de la Palestine ?<\/h4>\n<p>La vie de J\u00e9sus est connue surtout gr\u00e2ce aux <a href=\"https:\/\/www.holyart.fr\/articles-religieux\/livres-sacres\/evangiles?page=1\"><strong>\u00c9vangiles canoniques<\/strong>,<\/a> mais il y a de nombreuses lacunes, des p\u00e9riodes pendant lesquelles nous ne pouvons qu\u2019imaginer ce qu\u2019Il a pu faire. C\u2019est \u00e9trange de parler des ann\u00e9es perdues de J\u00e9sus, encore plus que de parler des ann\u00e9es obscures. Que peut-il y avoir d\u2019obscur en Lui, qui \u00e9tait et est porteur d\u2019une lumi\u00e8re qui transcende l\u2019obscurit\u00e9 et la mort \u00e0 travers les mill\u00e9naires ?<br \/>\nEn effet, avec ce terme on ne d\u00e9finit qu\u2019une p\u00e9riode de la vie de J\u00e9sus qui n\u2019est pas particuli\u00e8rement int\u00e9ressante et, de ce fait, n\u2019est pas mentionn\u00e9e dans les \u00c9vangiles. Des textes successifs ont tent\u00e9 de raconter ces ann\u00e9es de silence de J\u00e9sus, suivant la Nativit\u00e9 et pr\u00e9c\u00e9dent le d\u00e9but de Ses pr\u00e9dications. Les \u00c9vangiles apocryphes ont tent\u00e9 de combler les vides narratifs du Nouveau Testament et de nombreux experts au cours des si\u00e8cles ont essay\u00e9 de reconstruire l\u2019histoire de J\u00e9sus en se basant sur les l\u00e9gendes et informations disponibles. Encore aujourd\u2019hui on continue d\u2019enqu\u00eater, en \u00e9tudiant des sources historiques et en les comparant avec des textes m\u00e9di\u00e9vaux et des comptes-rendus en tout genre.<\/p>\n<p>Vivant dans la Palestine de l\u2019\u00e9poque, en particulier \u00e0 Nazareth, petite agglom\u00e9ration peupl\u00e9e principalement de Juifs pratiquant l\u2019agriculture, il est probable que l\u2019enfance et la jeunesse du J\u00e9sus historique n\u2019aient pas \u00e9t\u00e9 tr\u00e8s diff\u00e9rentes de celles de n\u2019importe quel autre enfant ou jeune homme de ce lieu et de cette \u00e9poque. \u00c0 <strong>cinq<\/strong> ans les enfants commen\u00e7aient \u00e0 <strong>\u00e9tudier \u00e0 la synagogue<\/strong> et \u00e9taient form\u00e9s au m\u00e9tier du p\u00e8re. <strong>Douze<\/strong> ans \u00e9tait un \u00e2ge important, puisque la famille se rendait au Temple pour c\u00e9l\u00e9brer le <em>bar mitzvah<\/em>, l\u2019<strong>initiation religieuse <\/strong>de l\u2019enfant. \u00c0 partir de l\u00e0, le jeune homme faisait partie de la communaut\u00e9 et devait se partager entre travail, c\u00e9r\u00e9monies religieuses dans la synagogue et \u00e9tude des \u00c9critures. \u00c0 l\u2019occasion des grandes f\u00eates juives, on se rendait au Temple de J\u00e9rusalem. La vie de J\u00e9sus, cette vie unique et sp\u00e9ciale pour laquelle il est rappel\u00e9, commence en effet avec Ses pr\u00e9dications, quand il quitte Nazareth et commence \u00e0 voyager, et sur elle nous viennent en aide les \u00c9vangiles.<\/p>\n<h2>L\u2019enfance et la jeunesse de J\u00e9sus<\/h2>\n<p>Dans l\u2019<strong>\u00c9vangile de Luc<\/strong>, nous retrouvons deux \u00e9pisodes qui laissent quelques indices sur l\u2019enfance de J\u00e9sus. Un a lieu peu apr\u00e8s Sa naissance, et c\u2019est la <a href=\"https:\/\/www.holyart.fr\/blog\/articles-religieux\/presentation-de-jesus-au-temple-jusqua-la-chandeleur\/\"><strong>Pr\u00e9sentation au Temple de J\u00e9rusalem<\/strong>.<\/a> L\u2019\u00e9vang\u00e9liste \u00e9crit qu\u2019apr\u00e8s cela la Sainte Famille retourna \u00e0 Nazareth et que \u00ab\u00a0<em>l\u2019enfant croissait et se fortifiait. Il \u00e9tait rempli de sagesse, et la gr\u00e2ce de Dieu \u00e9tait sur lui<\/em>\u00a0\u00bb (Luc 2,39-40).<br \/>\nToujours Luc raconte bri\u00e8vement un autre \u00e9pisode, <strong>l\u2019\u00e9garement et la d\u00e9couverte de J\u00e9sus au Temple<\/strong>. Chaque ann\u00e9e, Joseph et Marie se rendaient \u00e0 J\u00e9rusalem \u00e0 l\u2019occasion de P\u00e2que. Quand J\u00e9sus a douze ans, il l\u2019am\u00e8ne avec lui, pour son <em>bar mitzvah <\/em>: \u00ab\u00a0<em>Lorsqu\u2019il fut \u00e2g\u00e9 de douze ans, ils y mont\u00e8rent, selon la coutume de la f\u00eate. Puis, quand les jours furent \u00e9coul\u00e9s, et qu\u2019ils s\u2019en retourn\u00e8rent, l\u2019enfant J\u00e9sus resta \u00e0 J\u00e9rusalem. Son p\u00e8re et sa m\u00e8re ne s\u2019en aper\u00e7urent pas<\/em>\u00a0\u00bb (Luc 2,42-43). Marie et Joseph Le retrouveront au temple, en train de parler avec les ma\u00eetres et, devant leur angoisse, J\u00e9sus dira simplement\u00a0: \u00ab\u00a0<em>Pourquoi me cherchiez-vous\u00a0? Ne saviez-vous pas qu\u2019il faut que je m\u2019occupe des affaires de mon P\u00e8re\u00a0?<\/em>\u00a0\u00bb (Luc 2,49).<\/p>\n<div class=\"link-article\">\n<p><img loading=\"lazy\" decoding=\"async\" class=\"alignnone size-full wp-image-5783\" src=\"https:\/\/blog.holyart.it\/fr\/wp-content\/uploads\/sites\/14\/2023\/01\/presentation-de-Jesus-au-temple.jpg\" alt=\"pr\u00e9sentation de J\u00e9sus au temple\" width=\"150\" height=\"99\" data-kale-share-title=\"Les ann\u00e9es perdues de la vie de J\u00e9sus\" data-kale-share-url=\"https:\/\/blog.holyart.it\/fr\/articles-religieux\/les-annees-perdues-de-la-vie-de-jesus\/\" \/><\/p>\n<div class=\"leggi-anche\">Lire aussi :<\/div>\n<p><strong><a href=\"https:\/\/www.holyart.fr\/blog\/articles-religieux\/presentation-de-jesus-au-temple-jusqua-la-chandeleur\/\">Pr\u00e9sentation de J\u00e9sus au temple jusqu\u2019\u00e0 la Chandeleur<\/a><\/strong><br \/>\nLe 2 f\u00e9vrier nous f\u00eatons la pr\u00e9sentation de J\u00e9sus au temple. Connue \u00e9galement comme la f\u00eate de la purification de Marie,<\/p>\n<\/div>\n<p>Il est probable qu\u2019une fois retourn\u00e9 \u00e0 Nazareth J\u00e9sus ait <strong>suivi les traces paternelles<\/strong> et que, comme Saint Joseph, il soit devenu menuisier ou charpentier, vu que les menuisiers de l\u2019\u00e9poque \u00e9taient aussi constructeurs. Marc et Matthieu, dans leurs \u00c9vangiles, le d\u00e9finissent <em>T\u00e9kt\u00f4n<\/em>, un terme grec encore aujourd\u2019hui objet de diatribes ex\u00e9g\u00e9tiques, puisqu\u2019il peut signifier <em>charpentier<\/em>, <em>ma\u00e7on<\/em>, <em>menuisier<\/em> ou encore <em>forgeron<\/em>.<br \/>\nLa th\u00e9orie de <strong>J\u00e9sus au travail avec Joseph<\/strong> dans l\u2019atelier de famille est confirm\u00e9e par un des premiers \u00e9pisodes racont\u00e9s dans l\u2019\u00c9vangile de Marc, quand J\u00e9sus, d\u00e9sormais trentenaire, commence \u00e0 pr\u00eacher \u00e0 Nazareth. Les gens du coin sont d\u2019abord agac\u00e9es par ce jeune homme qui ose se mettre \u00e0 enseigner dans la Synagogue le samedi, comme s\u2019il \u00e9tait un ma\u00eetre : \u00ab\u00a0<em>D\u2019o\u00f9 lui viennent ces choses\u00a0? Quelle est cette sagesse qui lui a \u00e9t\u00e9 donn\u00e9e, et comment de tels miracles se font-ils par ses mains\u00a0? N\u2019est-ce pas le charpentier, le fils de Marie, le fr\u00e8re de Jacques, de Joses, de Jude et de Simon\u00a0? et ses s\u0153urs ne sont-elles pas ici parmi nous\u00a0? Et il \u00e9tait pour eux une occasion de chute<\/em>\u00a0\u00bb (Marc 6,3-4).<\/p>\n<div class=\"link-article\">\n<p><img loading=\"lazy\" decoding=\"async\" class=\"alignnone size-full wp-image-5784\" src=\"https:\/\/blog.holyart.it\/fr\/wp-content\/uploads\/sites\/14\/2023\/01\/Neuvaine-a-Saint-Joseph-pour-la-fete-des-travailleurs-2.jpg\" alt=\"Neuvaine \u00e0 Saint Joseph pour la f\u00eate des travailleurs (2)\" width=\"150\" height=\"99\" data-kale-share-title=\"Les ann\u00e9es perdues de la vie de J\u00e9sus\" data-kale-share-url=\"https:\/\/blog.holyart.it\/fr\/articles-religieux\/les-annees-perdues-de-la-vie-de-jesus\/\" \/><\/p>\n<div class=\"leggi-anche\">Lire aussi :<\/div>\n<p><strong><a href=\"https:\/\/www.holyart.fr\/blog\/articles-religieux\/neuvaine-a-saint-joseph-fete-travailleurs\/\">Neuvaine \u00e0 Saint Joseph pour la f\u00eate des travailleurs<\/a><\/strong><br \/>\nSaint Joseph est une figure essentielle quand nous tournons nos pens\u00e9es vers la vie et l\u2019\u0153uvre de J\u00e9sus.<\/p>\n<\/div>\n<p>Concernant <a href=\"https:\/\/www.holyart.fr\/occasions-speciales\/saint-joseph?page=1\"><strong>Saint Joseph<\/strong>,<\/a> il est probable qu\u2019il soit mort avant que J\u00e9sus n\u2019atteigne les trente ans et qu\u2019il commence \u00e0 pr\u00eacher, ou on ne s\u2019expliquerait pas pourquoi dans les r\u00e9cits des \u00c9vangiles Marie soit toujours seule. \u00c0 la mort du p\u00e8re, le fils ain\u00e9 devenait chef de famille et assumait sur lui tous les devoirs et les charges.<\/p>\n<div class=\"link-product\">\n<div class=\"blocco-immagine\"><img loading=\"lazy\" decoding=\"async\" class=\"alignnone size-full wp-image-5785\" src=\"https:\/\/blog.holyart.it\/fr\/wp-content\/uploads\/sites\/14\/2023\/01\/Saint-Joseph.jpg\" alt=\"Saint Joseph\" width=\"100\" height=\"100\" data-kale-share-title=\"Les ann\u00e9es perdues de la vie de J\u00e9sus\" data-kale-share-url=\"https:\/\/blog.holyart.it\/fr\/articles-religieux\/les-annees-perdues-de-la-vie-de-jesus\/\" \/><\/div>\n<div class=\"blocco-contenuto\">\n<div class=\"blocco-acquista\">Acheter sur Holyart:<\/div>\n<div class=\"blocco-titolo\"><a href=\"https:\/\/www.holyart.fr\/occasions-speciales\/saint-joseph?page=1\">Saint Joseph<\/a><\/div>\n<div class=\"blocco-descrizione\">Vous trouverez ici les meilleurs articles de d\u00e9votion.<\/div>\n<\/div>\n<\/div>\n<h2>J\u00e9sus en Inde<\/h2>\n<p>Au cours des si\u00e8cles on a \u00e9galement essay\u00e9 d\u2019enqu\u00eater sur d\u2019\u00e9ventuels <strong>voyages de J\u00e9sus<\/strong>. S\u2019est-il jamais \u00e9loign\u00e9 de la Palestine ? En \u00e9poque m\u00e9di\u00e9vale, un courant litt\u00e9raire s\u2019est d\u00e9velopp\u00e9 racontant les voyages de <strong>J\u00e9sus en Britannie<\/strong>, l\u2019actuelle Grande-Bretagne. Ces r\u00e9cits se reliaient \u00e0 la figure de <strong>Joseph d\u2019Arimathie<\/strong>, membre influent du sanh\u00e9drin et disciple de J\u00e9sus, qui selon l\u2019\u00c9vangile de Jean r\u00e9clama Son corps \u00e0 Pilate et le pr\u00e9para pour la s\u00e9pulture avec l\u2019ami Nicod\u00e8me. Joseph d\u2019Arimathie, v\u00e9n\u00e9r\u00e9 dans toutes les \u00e9glises, et consid\u00e9r\u00e9 saint patron des croque-morts, des fun\u00e9railles et des pompes fun\u00e8bres, dans le <strong>cycle arthurien<\/strong> apparait comme le premier gardien du Saint Graal. Il aurait amen\u00e9 <strong><a href=\"https:\/\/www.holyart.fr\/accessoires-pour-la-liturgie\/calices-ciboires-patenes\/calices-ciboires-patenes-en-metal\/calice-et-ciboire-derniere-cene-bicolore\">la coupe de la C\u00e8ne en Britannie<\/a><\/strong> dans un voyage rocambolesque, selon le r\u00e9cit de Raban Maur (780-856), archev\u00eaque de Mayance, dans lequel il aurait accompagn\u00e9 <strong><a href=\"https:\/\/www.holyart.fr\/blog\/saints-et-bienheureux\/marthe-marie-et-lazare-les-amis-de-jesus\/\">Marie et Marthe de B\u00e9thanie,<\/a><\/strong> leur fr\u00e8re Lazare, ressuscit\u00e9 des morts, et d\u2019autres figures imminentes du Christianisme des origines. Ce sont eux qui auraient jet\u00e9 les bases du <strong>Christianisme<\/strong> sur l\u2019\u00eele. Selon les l\u00e9gendes, Joseph n\u2019aurait fait que retourner en Britannie, o\u00f9 il avait d\u00e9j\u00e0 \u00e9t\u00e9 pour accompagner J\u00e9sus encore enfant. Il existe m\u00eame une chapelle dans l\u2019abbaye de Glastonbury dont la fondation est attribu\u00e9e justement \u00e0 J\u00e9sus et \u00e0 Joseph d\u2019Arimathie.<\/p>\n<div class=\"link-product\">\n<div class=\"blocco-immagine\"><img loading=\"lazy\" decoding=\"async\" class=\"alignnone size-full wp-image-5786\" src=\"https:\/\/blog.holyart.it\/fr\/wp-content\/uploads\/sites\/14\/2023\/01\/Calice-et-ciboire-derniere-cene-bicolore.jpg\" alt=\"Calice et ciboire derni\u00e8re c\u00e8ne bicolore\" width=\"100\" height=\"100\" data-kale-share-title=\"Les ann\u00e9es perdues de la vie de J\u00e9sus\" data-kale-share-url=\"https:\/\/blog.holyart.it\/fr\/articles-religieux\/les-annees-perdues-de-la-vie-de-jesus\/\" \/><\/div>\n<div class=\"blocco-contenuto\">\n<div class=\"blocco-acquista\">Acheter sur Holyart:<\/div>\n<div class=\"blocco-titolo\"><a href=\"https:\/\/www.holyart.fr\/accessoires-pour-la-liturgie\/calices-ciboires-patenes\/calices-ciboires-patenes-en-metal\/calice-et-ciboire-derniere-cene-bicolore\">Calice et ciboire derni\u00e8re c\u00e8ne bicolore<\/a><\/div>\n<div class=\"blocco-descrizione\">Calice et ciboire enrichis de d\u00e9cors en relief<\/div>\n<\/div>\n<\/div>\n<p>Des \u00e9tudes plus r\u00e9centes ont avanc\u00e9 la possibilit\u00e9 que J\u00e9sus se soit rendu en Inde. Quelqu\u2019un avan\u00e7a la proposition qu\u2019Il \u00e9tait <em>Bhagavan Krishna<\/em>, une des incarnations du dieu Vichnou. Ils existent de nombreuses ressemblances entre l\u2019histoire de J\u00e9sus et celle de ce personnage et le nom J\u00e9sus pourrait d\u00e9river de <em>Jezeus<\/em>, \u00ab\u00a0pure essence\u00a0\u00bb en sanskrit, avec lequel les disciples de Krishna d\u00e9finissaient Bhagavan Krishna. Mais il n\u2019y a pas de preuves solides \u00e0 ce propos. Le pr\u00eacheur am\u00e9ricain Levi H. Dowling dans les premi\u00e8res ann\u00e9es du XXe si\u00e8cle raconta dans ses r\u00e9cits d\u2019un <strong>long voyage du jeune J\u00e9sus<\/strong> \u00e0 travers l\u2019Inde, le Tibet, la Perse, l\u2019Assyrie, la Gr\u00e8ce et l\u2019\u00c9gypte et ensuite le docteur William S. Sadler \u00e9largit Ses voyages \u00e9galement au Nord Afrique et \u00e0 l\u2019Italie. Mais dans ce cas-ci on parle de conjectures sans documents probants qui en d\u00e9montrent la v\u00e9ridicit\u00e9.<\/p>\n","protected":false},"excerpt":{"rendered":"<p>Enqu\u00eatons sur les ann\u00e9es perdues de la vie de J\u00e9sus. Que faisait-il avant de commencer \u00e0 pr\u00eacher ? S\u2019est-il jamais \u00e9loign\u00e9 de la Palestine ? La vie de J\u00e9sus est connue surtout gr\u00e2ce aux \u00c9vangiles canoniques, mais il y a de nombreuses lacunes, des p\u00e9riodes&hellip;<\/p>\n","protected":false},"author":1,"featured_media":5780,"comment_status":"closed","ping_status":"open","sticky":false,"template":"","format":"standard","meta":{"_acf_changed":false,"footnotes":""},"categories":[8],"tags":[],"class_list":["post-5779","post","type-post","status-publish","format-standard","has-post-thumbnail","hentry","category-articles-religieux"],"acf":[],"yoast_head":"<!-- This site is optimized with the Yoast SEO plugin v26.6 - https:\/\/yoast.com\/wordpress\/plugins\/seo\/ -->\n<title>Les ann\u00e9es perdues de la vie de J\u00e9sus - Holyart.fr Blog<\/title>\n<meta name=\"description\" content=\"Que savons-nous r\u00e9ellement de la vie de J\u00e9sus\u00a0? V\u00e9cut-il toujours \u00e0 Nazareth ou voyagea-il \u00e0 travers la Palestine, voire m\u00eame au-del\u00e0\u00a0? Quel travail faisait-il ? D\u00e9couvrons-le ensemble.\" \/>\n<meta name=\"robots\" content=\"index, follow, max-snippet:-1, max-image-preview:large, max-video-preview:-1\" \/>\n<link rel=\"canonical\" href=\"https:\/\/blog.holyart.it\/fr\/articles-religieux\/les-annees-perdues-de-la-vie-de-jesus\/\" \/>\n<meta property=\"og:locale\" content=\"fr_FR\" \/>\n<meta property=\"og:type\" content=\"article\" \/>\n<meta property=\"og:title\" content=\"Les ann\u00e9es perdues de la vie de J\u00e9sus - Holyart.fr Blog\" \/>\n<meta property=\"og:description\" content=\"Que savons-nous r\u00e9ellement de la vie de J\u00e9sus\u00a0? V\u00e9cut-il toujours \u00e0 Nazareth ou voyagea-il \u00e0 travers la Palestine, voire m\u00eame au-del\u00e0\u00a0? Quel travail faisait-il ? D\u00e9couvrons-le ensemble.\" \/>\n<meta property=\"og:url\" content=\"https:\/\/blog.holyart.it\/fr\/articles-religieux\/les-annees-perdues-de-la-vie-de-jesus\/\" \/>\n<meta property=\"og:site_name\" content=\"Holyart.fr Blog\" \/>\n<meta property=\"article:published_time\" content=\"2023-01-30T11:15:34+00:00\" \/>\n<meta property=\"article:modified_time\" content=\"2025-02-13T09:05:26+00:00\" \/>\n<meta property=\"og:image\" content=\"https:\/\/blog.holyart.it\/fr\/wp-content\/uploads\/sites\/14\/2023\/01\/Les-annees-perdues-de-la-vie-de-Jesus.jpg\" \/>\n\t<meta property=\"og:image:width\" content=\"1000\" \/>\n\t<meta property=\"og:image:height\" content=\"666\" \/>\n\t<meta property=\"og:image:type\" content=\"image\/jpeg\" \/>\n<meta name=\"author\" content=\"Redazione\" \/>\n<meta name=\"twitter:card\" content=\"summary_large_image\" \/>\n<meta name=\"twitter:label1\" content=\"\u00c9crit par\" \/>\n\t<meta name=\"twitter:data1\" content=\"Redazione\" \/>\n\t<meta name=\"twitter:label2\" content=\"Dur\u00e9e de lecture estim\u00e9e\" \/>\n\t<meta name=\"twitter:data2\" content=\"8 minutes\" \/>\n<script type=\"application\/ld+json\" class=\"yoast-schema-graph\">{\"@context\":\"https:\/\/schema.org\",\"@graph\":[{\"@type\":\"Article\",\"@id\":\"https:\/\/blog.holyart.it\/fr\/articles-religieux\/les-annees-perdues-de-la-vie-de-jesus\/#article\",\"isPartOf\":{\"@id\":\"https:\/\/blog.holyart.it\/fr\/articles-religieux\/les-annees-perdues-de-la-vie-de-jesus\/\"},\"author\":{\"name\":\"Redazione\",\"@id\":\"https:\/\/blog.holyart.it\/fr\/#\/schema\/person\/0a7b686e5af0f856ec1e390dd0baecda\"},\"headline\":\"Les ann\u00e9es perdues de la vie de J\u00e9sus\",\"datePublished\":\"2023-01-30T11:15:34+00:00\",\"dateModified\":\"2025-02-13T09:05:26+00:00\",\"mainEntityOfPage\":{\"@id\":\"https:\/\/blog.holyart.it\/fr\/articles-religieux\/les-annees-perdues-de-la-vie-de-jesus\/\"},\"wordCount\":1470,\"publisher\":{\"@id\":\"https:\/\/blog.holyart.it\/fr\/#organization\"},\"image\":{\"@id\":\"https:\/\/blog.holyart.it\/fr\/articles-religieux\/les-annees-perdues-de-la-vie-de-jesus\/#primaryimage\"},\"thumbnailUrl\":\"https:\/\/blog.holyart.it\/fr\/wp-content\/uploads\/sites\/14\/2023\/01\/Les-annees-perdues-de-la-vie-de-Jesus.jpg\",\"articleSection\":[\"Religion\"],\"inLanguage\":\"fr-FR\"},{\"@type\":\"WebPage\",\"@id\":\"https:\/\/blog.holyart.it\/fr\/articles-religieux\/les-annees-perdues-de-la-vie-de-jesus\/\",\"url\":\"https:\/\/blog.holyart.it\/fr\/articles-religieux\/les-annees-perdues-de-la-vie-de-jesus\/\",\"name\":\"Les ann\u00e9es perdues de la vie de J\u00e9sus - Holyart.fr Blog\",\"isPartOf\":{\"@id\":\"https:\/\/blog.holyart.it\/fr\/#website\"},\"primaryImageOfPage\":{\"@id\":\"https:\/\/blog.holyart.it\/fr\/articles-religieux\/les-annees-perdues-de-la-vie-de-jesus\/#primaryimage\"},\"image\":{\"@id\":\"https:\/\/blog.holyart.it\/fr\/articles-religieux\/les-annees-perdues-de-la-vie-de-jesus\/#primaryimage\"},\"thumbnailUrl\":\"https:\/\/blog.holyart.it\/fr\/wp-content\/uploads\/sites\/14\/2023\/01\/Les-annees-perdues-de-la-vie-de-Jesus.jpg\",\"datePublished\":\"2023-01-30T11:15:34+00:00\",\"dateModified\":\"2025-02-13T09:05:26+00:00\",\"description\":\"Que savons-nous r\u00e9ellement de la vie de J\u00e9sus\u00a0? V\u00e9cut-il toujours \u00e0 Nazareth ou voyagea-il \u00e0 travers la Palestine, voire m\u00eame au-del\u00e0\u00a0? Quel travail faisait-il ? D\u00e9couvrons-le ensemble.\",\"breadcrumb\":{\"@id\":\"https:\/\/blog.holyart.it\/fr\/articles-religieux\/les-annees-perdues-de-la-vie-de-jesus\/#breadcrumb\"},\"inLanguage\":\"fr-FR\",\"potentialAction\":[{\"@type\":\"ReadAction\",\"target\":[\"https:\/\/blog.holyart.it\/fr\/articles-religieux\/les-annees-perdues-de-la-vie-de-jesus\/\"]}]},{\"@type\":\"ImageObject\",\"inLanguage\":\"fr-FR\",\"@id\":\"https:\/\/blog.holyart.it\/fr\/articles-religieux\/les-annees-perdues-de-la-vie-de-jesus\/#primaryimage\",\"url\":\"https:\/\/blog.holyart.it\/fr\/wp-content\/uploads\/sites\/14\/2023\/01\/Les-annees-perdues-de-la-vie-de-Jesus.jpg\",\"contentUrl\":\"https:\/\/blog.holyart.it\/fr\/wp-content\/uploads\/sites\/14\/2023\/01\/Les-annees-perdues-de-la-vie-de-Jesus.jpg\",\"width\":1000,\"height\":666,\"caption\":\"Les annees perdues de la vie de Jesus\"},{\"@type\":\"BreadcrumbList\",\"@id\":\"https:\/\/blog.holyart.it\/fr\/articles-religieux\/les-annees-perdues-de-la-vie-de-jesus\/#breadcrumb\",\"itemListElement\":[{\"@type\":\"ListItem\",\"position\":1,\"name\":\"Homepage\",\"item\":\"https:\/\/blog.holyart.it\/fr\/\"},{\"@type\":\"ListItem\",\"position\":2,\"name\":\"Religion\",\"item\":\"https:\/\/blog.holyart.it\/fr\/articles-religieux\/\"},{\"@type\":\"ListItem\",\"position\":3,\"name\":\"Les ann\u00e9es perdues de la vie de J\u00e9sus\"}]},{\"@type\":\"WebSite\",\"@id\":\"https:\/\/blog.holyart.it\/fr\/#website\",\"url\":\"https:\/\/blog.holyart.it\/fr\/\",\"name\":\"Holyart.fr Blog\",\"description\":\"Holyblog\",\"publisher\":{\"@id\":\"https:\/\/blog.holyart.it\/fr\/#organization\"},\"potentialAction\":[{\"@type\":\"SearchAction\",\"target\":{\"@type\":\"EntryPoint\",\"urlTemplate\":\"https:\/\/blog.holyart.it\/fr\/?s={search_term_string}\"},\"query-input\":{\"@type\":\"PropertyValueSpecification\",\"valueRequired\":true,\"valueName\":\"search_term_string\"}}],\"inLanguage\":\"fr-FR\"},{\"@type\":\"Organization\",\"@id\":\"https:\/\/blog.holyart.it\/fr\/#organization\",\"name\":\"Holyart.fr Blog\",\"url\":\"https:\/\/blog.holyart.it\/fr\/\",\"logo\":{\"@type\":\"ImageObject\",\"inLanguage\":\"fr-FR\",\"@id\":\"https:\/\/blog.holyart.it\/fr\/#\/schema\/logo\/image\/\",\"url\":\"https:\/\/blog.holyart.it\/fr\/wp-content\/uploads\/sites\/14\/2022\/12\/Holyart_Blog_Logo.jpg\",\"contentUrl\":\"https:\/\/blog.holyart.it\/fr\/wp-content\/uploads\/sites\/14\/2022\/12\/Holyart_Blog_Logo.jpg\",\"width\":300,\"height\":50,\"caption\":\"Holyart.fr Blog\"},\"image\":{\"@id\":\"https:\/\/blog.holyart.it\/fr\/#\/schema\/logo\/image\/\"}},{\"@type\":\"Person\",\"@id\":\"https:\/\/blog.holyart.it\/fr\/#\/schema\/person\/0a7b686e5af0f856ec1e390dd0baecda\",\"name\":\"Redazione\",\"image\":{\"@type\":\"ImageObject\",\"inLanguage\":\"fr-FR\",\"@id\":\"https:\/\/blog.holyart.it\/fr\/#\/schema\/person\/image\/\",\"url\":\"https:\/\/secure.gravatar.com\/avatar\/f477da817f43e50d0af36abecd33e3edf826c68299714bdc1057dff3b113f516?s=96&d=mm&r=g\",\"contentUrl\":\"https:\/\/secure.gravatar.com\/avatar\/f477da817f43e50d0af36abecd33e3edf826c68299714bdc1057dff3b113f516?s=96&d=mm&r=g\",\"caption\":\"Redazione\"},\"url\":\"https:\/\/blog.holyart.it\/fr\/author\/admin\/\"}]}<\/script>\n<!-- \/ Yoast SEO plugin. -->","yoast_head_json":{"title":"Les ann\u00e9es perdues de la vie de J\u00e9sus - Holyart.fr Blog","description":"Que savons-nous r\u00e9ellement de la vie de J\u00e9sus\u00a0? V\u00e9cut-il toujours \u00e0 Nazareth ou voyagea-il \u00e0 travers la Palestine, voire m\u00eame au-del\u00e0\u00a0? Quel travail faisait-il ? D\u00e9couvrons-le ensemble.","robots":{"index":"index","follow":"follow","max-snippet":"max-snippet:-1","max-image-preview":"max-image-preview:large","max-video-preview":"max-video-preview:-1"},"canonical":"https:\/\/blog.holyart.it\/fr\/articles-religieux\/les-annees-perdues-de-la-vie-de-jesus\/","og_locale":"fr_FR","og_type":"article","og_title":"Les ann\u00e9es perdues de la vie de J\u00e9sus - Holyart.fr Blog","og_description":"Que savons-nous r\u00e9ellement de la vie de J\u00e9sus\u00a0? V\u00e9cut-il toujours \u00e0 Nazareth ou voyagea-il \u00e0 travers la Palestine, voire m\u00eame au-del\u00e0\u00a0? Quel travail faisait-il ? D\u00e9couvrons-le ensemble.","og_url":"https:\/\/blog.holyart.it\/fr\/articles-religieux\/les-annees-perdues-de-la-vie-de-jesus\/","og_site_name":"Holyart.fr Blog","article_published_time":"2023-01-30T11:15:34+00:00","article_modified_time":"2025-02-13T09:05:26+00:00","og_image":[{"width":1000,"height":666,"url":"https:\/\/blog.holyart.it\/fr\/wp-content\/uploads\/sites\/14\/2023\/01\/Les-annees-perdues-de-la-vie-de-Jesus.jpg","type":"image\/jpeg"}],"author":"Redazione","twitter_card":"summary_large_image","twitter_misc":{"\u00c9crit par":"Redazione","Dur\u00e9e de lecture estim\u00e9e":"8 minutes"},"schema":{"@context":"https:\/\/schema.org","@graph":[{"@type":"Article","@id":"https:\/\/blog.holyart.it\/fr\/articles-religieux\/les-annees-perdues-de-la-vie-de-jesus\/#article","isPartOf":{"@id":"https:\/\/blog.holyart.it\/fr\/articles-religieux\/les-annees-perdues-de-la-vie-de-jesus\/"},"author":{"name":"Redazione","@id":"https:\/\/blog.holyart.it\/fr\/#\/schema\/person\/0a7b686e5af0f856ec1e390dd0baecda"},"headline":"Les ann\u00e9es perdues de la vie de J\u00e9sus","datePublished":"2023-01-30T11:15:34+00:00","dateModified":"2025-02-13T09:05:26+00:00","mainEntityOfPage":{"@id":"https:\/\/blog.holyart.it\/fr\/articles-religieux\/les-annees-perdues-de-la-vie-de-jesus\/"},"wordCount":1470,"publisher":{"@id":"https:\/\/blog.holyart.it\/fr\/#organization"},"image":{"@id":"https:\/\/blog.holyart.it\/fr\/articles-religieux\/les-annees-perdues-de-la-vie-de-jesus\/#primaryimage"},"thumbnailUrl":"https:\/\/blog.holyart.it\/fr\/wp-content\/uploads\/sites\/14\/2023\/01\/Les-annees-perdues-de-la-vie-de-Jesus.jpg","articleSection":["Religion"],"inLanguage":"fr-FR"},{"@type":"WebPage","@id":"https:\/\/blog.holyart.it\/fr\/articles-religieux\/les-annees-perdues-de-la-vie-de-jesus\/","url":"https:\/\/blog.holyart.it\/fr\/articles-religieux\/les-annees-perdues-de-la-vie-de-jesus\/","name":"Les ann\u00e9es perdues de la vie de J\u00e9sus - Holyart.fr Blog","isPartOf":{"@id":"https:\/\/blog.holyart.it\/fr\/#website"},"primaryImageOfPage":{"@id":"https:\/\/blog.holyart.it\/fr\/articles-religieux\/les-annees-perdues-de-la-vie-de-jesus\/#primaryimage"},"image":{"@id":"https:\/\/blog.holyart.it\/fr\/articles-religieux\/les-annees-perdues-de-la-vie-de-jesus\/#primaryimage"},"thumbnailUrl":"https:\/\/blog.holyart.it\/fr\/wp-content\/uploads\/sites\/14\/2023\/01\/Les-annees-perdues-de-la-vie-de-Jesus.jpg","datePublished":"2023-01-30T11:15:34+00:00","dateModified":"2025-02-13T09:05:26+00:00","description":"Que savons-nous r\u00e9ellement de la vie de J\u00e9sus\u00a0? V\u00e9cut-il toujours \u00e0 Nazareth ou voyagea-il \u00e0 travers la Palestine, voire m\u00eame au-del\u00e0\u00a0? Quel travail faisait-il ? D\u00e9couvrons-le ensemble.","breadcrumb":{"@id":"https:\/\/blog.holyart.it\/fr\/articles-religieux\/les-annees-perdues-de-la-vie-de-jesus\/#breadcrumb"},"inLanguage":"fr-FR","potentialAction":[{"@type":"ReadAction","target":["https:\/\/blog.holyart.it\/fr\/articles-religieux\/les-annees-perdues-de-la-vie-de-jesus\/"]}]},{"@type":"ImageObject","inLanguage":"fr-FR","@id":"https:\/\/blog.holyart.it\/fr\/articles-religieux\/les-annees-perdues-de-la-vie-de-jesus\/#primaryimage","url":"https:\/\/blog.holyart.it\/fr\/wp-content\/uploads\/sites\/14\/2023\/01\/Les-annees-perdues-de-la-vie-de-Jesus.jpg","contentUrl":"https:\/\/blog.holyart.it\/fr\/wp-content\/uploads\/sites\/14\/2023\/01\/Les-annees-perdues-de-la-vie-de-Jesus.jpg","width":1000,"height":666,"caption":"Les annees perdues de la vie de Jesus"},{"@type":"BreadcrumbList","@id":"https:\/\/blog.holyart.it\/fr\/articles-religieux\/les-annees-perdues-de-la-vie-de-jesus\/#breadcrumb","itemListElement":[{"@type":"ListItem","position":1,"name":"Homepage","item":"https:\/\/blog.holyart.it\/fr\/"},{"@type":"ListItem","position":2,"name":"Religion","item":"https:\/\/blog.holyart.it\/fr\/articles-religieux\/"},{"@type":"ListItem","position":3,"name":"Les ann\u00e9es perdues de la vie de J\u00e9sus"}]},{"@type":"WebSite","@id":"https:\/\/blog.holyart.it\/fr\/#website","url":"https:\/\/blog.holyart.it\/fr\/","name":"Holyart.fr Blog","description":"Holyblog","publisher":{"@id":"https:\/\/blog.holyart.it\/fr\/#organization"},"potentialAction":[{"@type":"SearchAction","target":{"@type":"EntryPoint","urlTemplate":"https:\/\/blog.holyart.it\/fr\/?s={search_term_string}"},"query-input":{"@type":"PropertyValueSpecification","valueRequired":true,"valueName":"search_term_string"}}],"inLanguage":"fr-FR"},{"@type":"Organization","@id":"https:\/\/blog.holyart.it\/fr\/#organization","name":"Holyart.fr Blog","url":"https:\/\/blog.holyart.it\/fr\/","logo":{"@type":"ImageObject","inLanguage":"fr-FR","@id":"https:\/\/blog.holyart.it\/fr\/#\/schema\/logo\/image\/","url":"https:\/\/blog.holyart.it\/fr\/wp-content\/uploads\/sites\/14\/2022\/12\/Holyart_Blog_Logo.jpg","contentUrl":"https:\/\/blog.holyart.it\/fr\/wp-content\/uploads\/sites\/14\/2022\/12\/Holyart_Blog_Logo.jpg","width":300,"height":50,"caption":"Holyart.fr Blog"},"image":{"@id":"https:\/\/blog.holyart.it\/fr\/#\/schema\/logo\/image\/"}},{"@type":"Person","@id":"https:\/\/blog.holyart.it\/fr\/#\/schema\/person\/0a7b686e5af0f856ec1e390dd0baecda","name":"Redazione","image":{"@type":"ImageObject","inLanguage":"fr-FR","@id":"https:\/\/blog.holyart.it\/fr\/#\/schema\/person\/image\/","url":"https:\/\/secure.gravatar.com\/avatar\/f477da817f43e50d0af36abecd33e3edf826c68299714bdc1057dff3b113f516?s=96&d=mm&r=g","contentUrl":"https:\/\/secure.gravatar.com\/avatar\/f477da817f43e50d0af36abecd33e3edf826c68299714bdc1057dff3b113f516?s=96&d=mm&r=g","caption":"Redazione"},"url":"https:\/\/blog.holyart.it\/fr\/author\/admin\/"}]}},"_links":{"self":[{"href":"https:\/\/blog.holyart.it\/fr\/wp-json\/wp\/v2\/posts\/5779","targetHints":{"allow":["GET"]}}],"collection":[{"href":"https:\/\/blog.holyart.it\/fr\/wp-json\/wp\/v2\/posts"}],"about":[{"href":"https:\/\/blog.holyart.it\/fr\/wp-json\/wp\/v2\/types\/post"}],"author":[{"embeddable":true,"href":"https:\/\/blog.holyart.it\/fr\/wp-json\/wp\/v2\/users\/1"}],"replies":[{"embeddable":true,"href":"https:\/\/blog.holyart.it\/fr\/wp-json\/wp\/v2\/comments?post=5779"}],"version-history":[{"count":4,"href":"https:\/\/blog.holyart.it\/fr\/wp-json\/wp\/v2\/posts\/5779\/revisions"}],"predecessor-version":[{"id":5788,"href":"https:\/\/blog.holyart.it\/fr\/wp-json\/wp\/v2\/posts\/5779\/revisions\/5788"}],"wp:featuredmedia":[{"embeddable":true,"href":"https:\/\/blog.holyart.it\/fr\/wp-json\/wp\/v2\/media\/5780"}],"wp:attachment":[{"href":"https:\/\/blog.holyart.it\/fr\/wp-json\/wp\/v2\/media?parent=5779"}],"wp:term":[{"taxonomy":"category","embeddable":true,"href":"https:\/\/blog.holyart.it\/fr\/wp-json\/wp\/v2\/categories?post=5779"},{"taxonomy":"post_tag","embeddable":true,"href":"https:\/\/blog.holyart.it\/fr\/wp-json\/wp\/v2\/tags?post=5779"}],"curies":[{"name":"wp","href":"https:\/\/api.w.org\/{rel}","templated":true}]}}