{"id":5769,"date":"2023-01-25T12:30:43","date_gmt":"2023-01-25T11:30:43","guid":{"rendered":"https:\/\/blog.holyart.it\/fr\/?p=5769"},"modified":"2026-01-28T17:38:16","modified_gmt":"2026-01-28T16:38:16","slug":"foudroye-sur-la-route-de-damas-dou-vient-cette-expression","status":"publish","type":"post","link":"https:\/\/blog.holyart.it\/fr\/saints-et-bienheureux\/foudroye-sur-la-route-de-damas-dou-vient-cette-expression\/","title":{"rendered":"Foudroy\u00e9 sur la route de Damas : d\u2019o\u00f9 vient cette expression ?"},"content":{"rendered":"<p><strong>Foudroy\u00e9 sur la route de Damas, une expression qui cache une histoire de foi et de conversion spirituelle profonde. Le protagoniste ? Un des saints les plus v\u00e9n\u00e9r\u00e9s de tous les temps<\/strong><\/p>\n<p>Quand nous disons de quelqu\u2019un qu\u2019il a \u00e9t\u00e9 <em>foudroy\u00e9 sur la route de Damas<\/em>, nous entendons qu\u2019une personne a \u00e9t\u00e9 <strong>boulevers\u00e9e par un \u00e9v\u00e9nement<\/strong> si important et si d\u00e9concertant qu\u2019il a chang\u00e9 sa vie de mani\u00e8re profonde et significative. Tout le monde ne sait peut-\u00eatre pas d\u2019o\u00f9 vient cette expression. Et bien, l\u2019origine est \u00e0 rechercher dans l\u2019histoire de <strong>Saint Paul l\u2019Ap\u00f4tre<\/strong> et, en particulier, dans le moment o\u00f9 il cessa d\u2019\u00eatre Saul de Tarse, fabricant de rideaux, juif hell\u00e9nis\u00e9, d\u00e9sign\u00e9 citoyen romain et, surtout, fier et terrible pers\u00e9cuteur des chr\u00e9tiens, pour devenir <strong>Paul, l\u2019ap\u00f4tre des gentils<\/strong> (les pa\u00efens), le principal missionnaire de l\u2019<strong><a href=\"https:\/\/www.holyart.fr\/articles-religieux\/livres-sacres\/evangiles?page=1\">\u00c9vangile de J\u00e9sus<\/a><\/strong> parmi les Grecs et les Romains.<\/p>\n<p>Nous avons d\u00e9di\u00e9 un <strong><a href=\"https:\/\/www.holyart.fr\/blog\/saints-et-bienheureux\/saint-paul-de-tarse-histoire-dun-missionnaire\/\">article<\/a> <\/strong>\u00e0 l\u2019histoire humaine et religieuse de Paul de Tarse. Ici, nous souhaitons nous focaliser sur l\u2019\u00e9pisode cl\u00e9 de son existence, le <strong>moment de la conversion<\/strong>, quand il fut donc foudroy\u00e9 sur la route de Damas.<\/p>\n<div class=\"link-article\">\n<p><img loading=\"lazy\" decoding=\"async\" class=\"alignnone size-full wp-image-5773\" src=\"https:\/\/blog.holyart.it\/fr\/wp-content\/uploads\/sites\/14\/2023\/01\/Saint-Paul-de-Tarse-histoire-dun-missionnaire.jpg\" alt=\" Saint Paul de Tarse histoire d\u2019un missionnaire\" width=\"150\" height=\"100\" data-kale-share-title=\"Foudroy\u00e9 sur la route de Damas : d\u2019o\u00f9 vient cette expression ?\" data-kale-share-url=\"https:\/\/blog.holyart.it\/fr\/saints-et-bienheureux\/foudroye-sur-la-route-de-damas-dou-vient-cette-expression\/\" \/><\/p>\n<div class=\"leggi-anche\">Lire aussi :<\/div>\n<p><strong><a href=\"https:\/\/www.holyart.fr\/blog\/saints-et-bienheureux\/saint-paul-de-tarse-histoire-dun-missionnaire\/\">Saint Paul de Tarse histoire d\u2019un missionnaire<\/a><\/strong><br \/>\nSaint Paul de Tarse peut \u00eatre consid\u00e9r\u00e9 comme le premier grand missionnaire de l\u2019\u00e9glise chr\u00e9tienne.<\/p>\n<h2>La conversion de Saint Paul<\/h2>\n<\/div>\n<p>L\u2019\u00e9pisode est racont\u00e9 par Paul en personne dans certaines de ses <strong>Lettres<\/strong>, mais aussi dans les <a href=\"https:\/\/www.holyart.fr\/articles-religieux\/livres-sacres\/evangiles\/evangile-et-actes-des-apotres-rouge-italien\"><strong>Actes des Ap\u00f4tres<\/strong>.<\/a> Lorsqu\u2019il poursuivait un groupe de chr\u00e9tiens en fuite vers Damas, Paul fut renvers\u00e9 par une <strong>grande lumi\u00e8re \u00e9blouissante<\/strong> qui l\u2019aveugla et entendit une voix de stentor qui lui disait\u00a0: \u00ab\u00a0<em>Saul, Saul, pourquoi me pers\u00e9cutes-tu\u00a0?<\/em>\u00a0\u00bb et il r\u00e9pondit\u00a0: \u00ab\u00a0<em>Qui es-tu, Seigneur\u00a0?\u00a0<\/em>\u00bb\u00a0; et la voix\u00a0: \u00ab\u00a0<em>Je suis J\u00e9sus que tu pers\u00e9cutes. [&#8230;] L\u00e8ve-toi, entre dans la ville et on te dira ce que tu dois faire<\/em>\u00a0\u00bb (Actes 9,3-7). Il \u00e9tait probablement le 35 apr. J.-C. et Paul se rendait \u00e0 Damas avec une charge formelle de la part du Sanh\u00e9drin de J\u00e9rusalem qui l\u2019autorisait \u00e0 pers\u00e9cuter les chr\u00e9tiens de cette ville. Bien \u00e9videmment, rien de tout cela n\u2019eut lieu : apr\u00e8s l\u2019extraordinaire exp\u00e9rience dont il avait \u00e9t\u00e9 le protagoniste, <strong>Saul se convertit au Christianisme<\/strong> et fit de la diffusion de la Parole de Christ son unique mission de vie, au point d\u2019\u00eatre rappel\u00e9 comme le plus fervent des Ap\u00f4tres et cela malgr\u00e9 le fait qu\u2019il n\u2019ait jamais rencontr\u00e9 J\u00e9sus\u00a0!<\/p>\n<div class=\"link-product\">\n<div class=\"blocco-immagine\"><img loading=\"lazy\" decoding=\"async\" class=\"alignnone size-full wp-image-5774\" src=\"https:\/\/blog.holyart.it\/fr\/wp-content\/uploads\/sites\/14\/2023\/01\/Evangile-et-Actes-des-Apotresrouge-ITALIEN-.jpg\" alt=\"\u00c9vangile et Actes des Ap\u00f4tres,rouge ITALIEN\" width=\"100\" height=\"100\" data-kale-share-title=\"Foudroy\u00e9 sur la route de Damas : d\u2019o\u00f9 vient cette expression ?\" data-kale-share-url=\"https:\/\/blog.holyart.it\/fr\/saints-et-bienheureux\/foudroye-sur-la-route-de-damas-dou-vient-cette-expression\/\" \/><\/div>\n<div class=\"blocco-contenuto\">\n<div class=\"blocco-acquista\">Acheter sur Holyart:<\/div>\n<div class=\"blocco-titolo\"><a href=\"https:\/\/www.holyart.fr\/articles-religieux\/livres-sacres\/evangiles\/evangile-et-actes-des-apotres-rouge-italien\">Actes des Ap\u00f4tres<\/a><\/div>\n<div class=\"blocco-descrizione\">\u00c9vangile et Actes des Ap\u00f4tres,rouge ITALIEN<\/div>\n<\/div>\n<\/div>\n<p>C\u2019est probablement pour cette connaissance indirecte qu\u2019il ne jugea pas n\u00e9cessaire dans ses \u00e9crits de r\u00e9p\u00e9ter les mots de J\u00e9sus et de raconter Son histoire, comme il advient dans les \u00c9vangiles, mais il put se concentrer sur les <strong>fondements doctrinaux<\/strong> \u00e0 la base de la th\u00e9ologie chr\u00e9tienne de tous les temps, sur la mission de Christ, sur la valeur de Son exp\u00e9rience humaine, sur le Salut qu\u2019Il incarnait. Dans les <strong>Lettres de Saint Paul<\/strong>, il y a le sens m\u00eame de la chr\u00e9tient\u00e9 et cela est plut\u00f4t surprenant si nous consid\u00e9rons qu\u2019il les \u00e9crivit il y a deux milles ans\u00a0! Apr\u00e8s sa conversion, dans un premier temps Paul pr\u00eacha aupr\u00e8s des Juifs et ensuite, fort de son \u00e9ducation hell\u00e9nistique, aux Romains et aux Grecs, en voyageant \u00e0 travers l\u2019Arabie, l\u2019Acha\u00efe et l\u2019Asie Mineure. Oppos\u00e9 par les m\u00eames juifs chr\u00e9tiens qu\u2019il avait autrefois pers\u00e9cut\u00e9s, il risqua le lynchage et fut arr\u00eat\u00e9 plusieurs fois. Il rencontra son destin \u00e0 Rome lors des pers\u00e9cutions de N\u00e9ron.<\/p>\n<div class=\"link-product\">\n<div class=\"blocco-immagine\"><img loading=\"lazy\" decoding=\"async\" class=\"alignnone size-full wp-image-5775\" src=\"https:\/\/blog.holyart.it\/fr\/wp-content\/uploads\/sites\/14\/2023\/01\/Saint-Paul-bois-colore.jpg\" alt=\"Saint Paul bois color\u00e9\" width=\"100\" height=\"100\" data-kale-share-title=\"Foudroy\u00e9 sur la route de Damas : d\u2019o\u00f9 vient cette expression ?\" data-kale-share-url=\"https:\/\/blog.holyart.it\/fr\/saints-et-bienheureux\/foudroye-sur-la-route-de-damas-dou-vient-cette-expression\/\" \/><\/div>\n<div class=\"blocco-contenuto\">\n<div class=\"blocco-acquista\">Acheter sur Holyart:<\/div>\n<div class=\"blocco-titolo\"><a href=\"https:\/\/www.holyart.fr\/articles-religieux\/statues\/statues-en-bois-peint\/saint-paul-bois-colore\">Saint Paul bois color\u00e9<\/a><\/div>\n<div class=\"blocco-descrizione\">Mod\u00e8le en bois d&rsquo;\u00e9rable du Val Gardena<\/div>\n<\/div>\n<\/div>\n<p>La conversion de Saint Paul est c\u00e9l\u00e9br\u00e9e avec une f\u00eate le 25 janvier et l\u2019\u00e9pisode a inspir\u00e9\u00a0 d\u2019innombrables chefs-d\u2019\u0153uvre au cours des si\u00e8cles. Pensons en particulier \u00e0 <em>La Conversion de Saint Paul<\/em> peinte par le <strong>Caravage<\/strong> et conserv\u00e9e dans la <strong>Chapelle Cerasi de la Basilique de Santa Maria del Popolo<\/strong> \u00e0 Rome. Dans le tableau Saul est repr\u00e9sent\u00e9 \u00e0 terre, accabl\u00e9 par la lumi\u00e8re divine, et sur lui campe un grand cheval avec le sabot soulev\u00e9 qui occupe une partie importante du tableau. Manque la figure de Christ, mais le tableau est envelopp\u00e9 d\u2019un <strong>r\u00e9alisme dramatique<\/strong> sans pr\u00e9c\u00e9dents, o\u00f9 un r\u00f4le fondamental est jou\u00e9 par la <strong>lumi\u00e8re<\/strong>, qui fait office de contraste au fond fonc\u00e9.<\/p>\n<div class=\"link-product\">\n<div class=\"blocco-immagine\"><img loading=\"lazy\" decoding=\"async\" class=\"alignnone size-full wp-image-5776\" src=\"https:\/\/blog.holyart.it\/fr\/wp-content\/uploads\/sites\/14\/2023\/01\/Icone-de-S.Paul-parmi-les-gens..jpg\" alt=\"Ic\u00f4ne de S.Paul parmi les gens.\" width=\"100\" height=\"100\" data-kale-share-title=\"Foudroy\u00e9 sur la route de Damas : d\u2019o\u00f9 vient cette expression ?\" data-kale-share-url=\"https:\/\/blog.holyart.it\/fr\/saints-et-bienheureux\/foudroye-sur-la-route-de-damas-dou-vient-cette-expression\/\" \/><\/div>\n<div class=\"blocco-contenuto\">\n<div class=\"blocco-acquista\">Acheter sur Holyart:<\/div>\n<div class=\"blocco-titolo\"><a href=\"https:\/\/www.holyart.fr\/articles-religieux\/icones-religieuses\/icones-roumaines-peintes\/icone-peinte-s.paul\">Ic\u00f4ne peinte, S.Paul <\/a><\/div>\n<div class=\"blocco-descrizione\">Ic\u00f4ne de S.Paul parmi les gens.<\/div>\n<\/div>\n<\/div>\n<p>Il existe une autre version de la conversion de Saint Paul foudroy\u00e9 sur la route de Damas, toujours peinte par le Caravage et conserv\u00e9e dans la <strong>Collection priv\u00e9e Odescalchi<\/strong> \u00e0 Rome. Elle aussi repr\u00e9sente le moment o\u00f9 Saul fut aveugl\u00e9 par la lumi\u00e8re de J\u00e9sus, qui ici par contre est repr\u00e9sent\u00e9 dans le coin droit du tableau. Il est tendu vers la figure de Saul, avec les bras ouverts, comme pour vouloir l\u2019accueillir, tandis qu\u2019un ange Le soutient. Ici aussi Saul est tomb\u00e9 de son cheval et se couvre les yeux pour les prot\u00e9ger de la lumi\u00e8re, tandis que le soldat \u00e0 c\u00f4t\u00e9 de lui semble en \u00eatre totalement immunis\u00e9.<\/p>\n","protected":false},"excerpt":{"rendered":"<p>Foudroy\u00e9 sur la route de Damas, une expression qui cache une histoire de foi et de conversion spirituelle profonde. Le protagoniste ? Un des saints les plus v\u00e9n\u00e9r\u00e9s de tous les temps Quand nous disons de quelqu\u2019un qu\u2019il a \u00e9t\u00e9 foudroy\u00e9 sur la route de&hellip;<\/p>\n","protected":false},"author":1,"featured_media":5770,"comment_status":"closed","ping_status":"open","sticky":false,"template":"","format":"standard","meta":{"_acf_changed":false,"footnotes":""},"categories":[7],"tags":[],"class_list":["post-5769","post","type-post","status-publish","format-standard","has-post-thumbnail","hentry","category-saints-et-bienheureux"],"acf":[],"yoast_head":"<!-- This site is optimized with the Yoast SEO plugin v26.6 - https:\/\/yoast.com\/wordpress\/plugins\/seo\/ -->\n<title>Foudroy\u00e9 sur la route de Damas : d\u2019o\u00f9 vient cette expression ?<\/title>\n<meta name=\"description\" content=\"L\u2019histoire de Saint Paul, foudroy\u00e9 sur la route de Damas a donn\u00e9 lieu \u00e0 une c\u00e9l\u00e8bre expression et a inspir\u00e9 des chefs-d\u2019oeuvre immortels dans l\u2019histoire de l\u2019art.\" \/>\n<meta name=\"robots\" content=\"index, follow, max-snippet:-1, max-image-preview:large, max-video-preview:-1\" \/>\n<link rel=\"canonical\" href=\"https:\/\/blog.holyart.it\/fr\/saints-et-bienheureux\/foudroye-sur-la-route-de-damas-dou-vient-cette-expression\/\" \/>\n<meta property=\"og:locale\" content=\"fr_FR\" \/>\n<meta property=\"og:type\" content=\"article\" \/>\n<meta property=\"og:title\" content=\"Foudroy\u00e9 sur la route de Damas : d\u2019o\u00f9 vient cette expression ?\" \/>\n<meta property=\"og:description\" content=\"L\u2019histoire de Saint Paul, foudroy\u00e9 sur la route de Damas a donn\u00e9 lieu \u00e0 une c\u00e9l\u00e8bre expression et a inspir\u00e9 des chefs-d\u2019oeuvre immortels dans l\u2019histoire de l\u2019art.\" \/>\n<meta property=\"og:url\" content=\"https:\/\/blog.holyart.it\/fr\/saints-et-bienheureux\/foudroye-sur-la-route-de-damas-dou-vient-cette-expression\/\" \/>\n<meta property=\"og:site_name\" content=\"Holyart.fr Blog\" \/>\n<meta property=\"article:published_time\" content=\"2023-01-25T11:30:43+00:00\" \/>\n<meta property=\"article:modified_time\" content=\"2026-01-28T16:38:16+00:00\" \/>\n<meta property=\"og:image\" content=\"https:\/\/blog.holyart.it\/fr\/wp-content\/uploads\/sites\/14\/2023\/01\/Foudroye-sur-la-route-de-Damas-dou-vient-cette-expression-.jpg\" \/>\n\t<meta property=\"og:image:width\" content=\"1000\" \/>\n\t<meta property=\"og:image:height\" content=\"666\" \/>\n\t<meta property=\"og:image:type\" content=\"image\/jpeg\" \/>\n<meta name=\"author\" content=\"Redazione\" \/>\n<meta name=\"twitter:card\" content=\"summary_large_image\" \/>\n<meta name=\"twitter:label1\" content=\"\u00c9crit par\" \/>\n\t<meta name=\"twitter:data1\" content=\"Redazione\" \/>\n\t<meta name=\"twitter:label2\" content=\"Dur\u00e9e de lecture estim\u00e9e\" \/>\n\t<meta name=\"twitter:data2\" content=\"6 minutes\" \/>\n<script type=\"application\/ld+json\" class=\"yoast-schema-graph\">{\"@context\":\"https:\/\/schema.org\",\"@graph\":[{\"@type\":\"Article\",\"@id\":\"https:\/\/blog.holyart.it\/fr\/saints-et-bienheureux\/foudroye-sur-la-route-de-damas-dou-vient-cette-expression\/#article\",\"isPartOf\":{\"@id\":\"https:\/\/blog.holyart.it\/fr\/saints-et-bienheureux\/foudroye-sur-la-route-de-damas-dou-vient-cette-expression\/\"},\"author\":{\"name\":\"Redazione\",\"@id\":\"https:\/\/blog.holyart.it\/fr\/#\/schema\/person\/0a7b686e5af0f856ec1e390dd0baecda\"},\"headline\":\"Foudroy\u00e9 sur la route de Damas : d\u2019o\u00f9 vient cette expression ?\",\"datePublished\":\"2023-01-25T11:30:43+00:00\",\"dateModified\":\"2026-01-28T16:38:16+00:00\",\"mainEntityOfPage\":{\"@id\":\"https:\/\/blog.holyart.it\/fr\/saints-et-bienheureux\/foudroye-sur-la-route-de-damas-dou-vient-cette-expression\/\"},\"wordCount\":937,\"publisher\":{\"@id\":\"https:\/\/blog.holyart.it\/fr\/#organization\"},\"image\":{\"@id\":\"https:\/\/blog.holyart.it\/fr\/saints-et-bienheureux\/foudroye-sur-la-route-de-damas-dou-vient-cette-expression\/#primaryimage\"},\"thumbnailUrl\":\"https:\/\/blog.holyart.it\/fr\/wp-content\/uploads\/sites\/14\/2023\/01\/Foudroye-sur-la-route-de-Damas-dou-vient-cette-expression-.jpg\",\"articleSection\":[\"Saints et Bienheureux\"],\"inLanguage\":\"fr-FR\"},{\"@type\":\"WebPage\",\"@id\":\"https:\/\/blog.holyart.it\/fr\/saints-et-bienheureux\/foudroye-sur-la-route-de-damas-dou-vient-cette-expression\/\",\"url\":\"https:\/\/blog.holyart.it\/fr\/saints-et-bienheureux\/foudroye-sur-la-route-de-damas-dou-vient-cette-expression\/\",\"name\":\"Foudroy\u00e9 sur la route de Damas : d\u2019o\u00f9 vient cette expression ?\",\"isPartOf\":{\"@id\":\"https:\/\/blog.holyart.it\/fr\/#website\"},\"primaryImageOfPage\":{\"@id\":\"https:\/\/blog.holyart.it\/fr\/saints-et-bienheureux\/foudroye-sur-la-route-de-damas-dou-vient-cette-expression\/#primaryimage\"},\"image\":{\"@id\":\"https:\/\/blog.holyart.it\/fr\/saints-et-bienheureux\/foudroye-sur-la-route-de-damas-dou-vient-cette-expression\/#primaryimage\"},\"thumbnailUrl\":\"https:\/\/blog.holyart.it\/fr\/wp-content\/uploads\/sites\/14\/2023\/01\/Foudroye-sur-la-route-de-Damas-dou-vient-cette-expression-.jpg\",\"datePublished\":\"2023-01-25T11:30:43+00:00\",\"dateModified\":\"2026-01-28T16:38:16+00:00\",\"description\":\"L\u2019histoire de Saint Paul, foudroy\u00e9 sur la route de Damas a donn\u00e9 lieu \u00e0 une c\u00e9l\u00e8bre expression et a inspir\u00e9 des chefs-d\u2019oeuvre immortels dans l\u2019histoire de l\u2019art.\",\"breadcrumb\":{\"@id\":\"https:\/\/blog.holyart.it\/fr\/saints-et-bienheureux\/foudroye-sur-la-route-de-damas-dou-vient-cette-expression\/#breadcrumb\"},\"inLanguage\":\"fr-FR\",\"potentialAction\":[{\"@type\":\"ReadAction\",\"target\":[\"https:\/\/blog.holyart.it\/fr\/saints-et-bienheureux\/foudroye-sur-la-route-de-damas-dou-vient-cette-expression\/\"]}]},{\"@type\":\"ImageObject\",\"inLanguage\":\"fr-FR\",\"@id\":\"https:\/\/blog.holyart.it\/fr\/saints-et-bienheureux\/foudroye-sur-la-route-de-damas-dou-vient-cette-expression\/#primaryimage\",\"url\":\"https:\/\/blog.holyart.it\/fr\/wp-content\/uploads\/sites\/14\/2023\/01\/Foudroye-sur-la-route-de-Damas-dou-vient-cette-expression-.jpg\",\"contentUrl\":\"https:\/\/blog.holyart.it\/fr\/wp-content\/uploads\/sites\/14\/2023\/01\/Foudroye-sur-la-route-de-Damas-dou-vient-cette-expression-.jpg\",\"width\":1000,\"height\":666,\"caption\":\"Foudroy\u00e9 sur la route de Damas d\u2019o\u00f9 vient cette expression\"},{\"@type\":\"BreadcrumbList\",\"@id\":\"https:\/\/blog.holyart.it\/fr\/saints-et-bienheureux\/foudroye-sur-la-route-de-damas-dou-vient-cette-expression\/#breadcrumb\",\"itemListElement\":[{\"@type\":\"ListItem\",\"position\":1,\"name\":\"Homepage\",\"item\":\"https:\/\/blog.holyart.it\/fr\/\"},{\"@type\":\"ListItem\",\"position\":2,\"name\":\"Saints et Bienheureux\",\"item\":\"https:\/\/blog.holyart.it\/fr\/saints-et-bienheureux\/\"},{\"@type\":\"ListItem\",\"position\":3,\"name\":\"Foudroy\u00e9 sur la route de Damas : d\u2019o\u00f9 vient cette expression ?\"}]},{\"@type\":\"WebSite\",\"@id\":\"https:\/\/blog.holyart.it\/fr\/#website\",\"url\":\"https:\/\/blog.holyart.it\/fr\/\",\"name\":\"Holyart.fr Blog\",\"description\":\"Holyblog\",\"publisher\":{\"@id\":\"https:\/\/blog.holyart.it\/fr\/#organization\"},\"potentialAction\":[{\"@type\":\"SearchAction\",\"target\":{\"@type\":\"EntryPoint\",\"urlTemplate\":\"https:\/\/blog.holyart.it\/fr\/?s={search_term_string}\"},\"query-input\":{\"@type\":\"PropertyValueSpecification\",\"valueRequired\":true,\"valueName\":\"search_term_string\"}}],\"inLanguage\":\"fr-FR\"},{\"@type\":\"Organization\",\"@id\":\"https:\/\/blog.holyart.it\/fr\/#organization\",\"name\":\"Holyart.fr Blog\",\"url\":\"https:\/\/blog.holyart.it\/fr\/\",\"logo\":{\"@type\":\"ImageObject\",\"inLanguage\":\"fr-FR\",\"@id\":\"https:\/\/blog.holyart.it\/fr\/#\/schema\/logo\/image\/\",\"url\":\"https:\/\/blog.holyart.it\/fr\/wp-content\/uploads\/sites\/14\/2022\/12\/Holyart_Blog_Logo.jpg\",\"contentUrl\":\"https:\/\/blog.holyart.it\/fr\/wp-content\/uploads\/sites\/14\/2022\/12\/Holyart_Blog_Logo.jpg\",\"width\":300,\"height\":50,\"caption\":\"Holyart.fr Blog\"},\"image\":{\"@id\":\"https:\/\/blog.holyart.it\/fr\/#\/schema\/logo\/image\/\"}},{\"@type\":\"Person\",\"@id\":\"https:\/\/blog.holyart.it\/fr\/#\/schema\/person\/0a7b686e5af0f856ec1e390dd0baecda\",\"name\":\"Redazione\",\"image\":{\"@type\":\"ImageObject\",\"inLanguage\":\"fr-FR\",\"@id\":\"https:\/\/blog.holyart.it\/fr\/#\/schema\/person\/image\/\",\"url\":\"https:\/\/secure.gravatar.com\/avatar\/f477da817f43e50d0af36abecd33e3edf826c68299714bdc1057dff3b113f516?s=96&d=mm&r=g\",\"contentUrl\":\"https:\/\/secure.gravatar.com\/avatar\/f477da817f43e50d0af36abecd33e3edf826c68299714bdc1057dff3b113f516?s=96&d=mm&r=g\",\"caption\":\"Redazione\"},\"url\":\"https:\/\/blog.holyart.it\/fr\/author\/admin\/\"}]}<\/script>\n<!-- \/ Yoast SEO plugin. -->","yoast_head_json":{"title":"Foudroy\u00e9 sur la route de Damas : d\u2019o\u00f9 vient cette expression ?","description":"L\u2019histoire de Saint Paul, foudroy\u00e9 sur la route de Damas a donn\u00e9 lieu \u00e0 une c\u00e9l\u00e8bre expression et a inspir\u00e9 des chefs-d\u2019oeuvre immortels dans l\u2019histoire de l\u2019art.","robots":{"index":"index","follow":"follow","max-snippet":"max-snippet:-1","max-image-preview":"max-image-preview:large","max-video-preview":"max-video-preview:-1"},"canonical":"https:\/\/blog.holyart.it\/fr\/saints-et-bienheureux\/foudroye-sur-la-route-de-damas-dou-vient-cette-expression\/","og_locale":"fr_FR","og_type":"article","og_title":"Foudroy\u00e9 sur la route de Damas : d\u2019o\u00f9 vient cette expression ?","og_description":"L\u2019histoire de Saint Paul, foudroy\u00e9 sur la route de Damas a donn\u00e9 lieu \u00e0 une c\u00e9l\u00e8bre expression et a inspir\u00e9 des chefs-d\u2019oeuvre immortels dans l\u2019histoire de l\u2019art.","og_url":"https:\/\/blog.holyart.it\/fr\/saints-et-bienheureux\/foudroye-sur-la-route-de-damas-dou-vient-cette-expression\/","og_site_name":"Holyart.fr Blog","article_published_time":"2023-01-25T11:30:43+00:00","article_modified_time":"2026-01-28T16:38:16+00:00","og_image":[{"width":1000,"height":666,"url":"https:\/\/blog.holyart.it\/fr\/wp-content\/uploads\/sites\/14\/2023\/01\/Foudroye-sur-la-route-de-Damas-dou-vient-cette-expression-.jpg","type":"image\/jpeg"}],"author":"Redazione","twitter_card":"summary_large_image","twitter_misc":{"\u00c9crit par":"Redazione","Dur\u00e9e de lecture estim\u00e9e":"6 minutes"},"schema":{"@context":"https:\/\/schema.org","@graph":[{"@type":"Article","@id":"https:\/\/blog.holyart.it\/fr\/saints-et-bienheureux\/foudroye-sur-la-route-de-damas-dou-vient-cette-expression\/#article","isPartOf":{"@id":"https:\/\/blog.holyart.it\/fr\/saints-et-bienheureux\/foudroye-sur-la-route-de-damas-dou-vient-cette-expression\/"},"author":{"name":"Redazione","@id":"https:\/\/blog.holyart.it\/fr\/#\/schema\/person\/0a7b686e5af0f856ec1e390dd0baecda"},"headline":"Foudroy\u00e9 sur la route de Damas : d\u2019o\u00f9 vient cette expression ?","datePublished":"2023-01-25T11:30:43+00:00","dateModified":"2026-01-28T16:38:16+00:00","mainEntityOfPage":{"@id":"https:\/\/blog.holyart.it\/fr\/saints-et-bienheureux\/foudroye-sur-la-route-de-damas-dou-vient-cette-expression\/"},"wordCount":937,"publisher":{"@id":"https:\/\/blog.holyart.it\/fr\/#organization"},"image":{"@id":"https:\/\/blog.holyart.it\/fr\/saints-et-bienheureux\/foudroye-sur-la-route-de-damas-dou-vient-cette-expression\/#primaryimage"},"thumbnailUrl":"https:\/\/blog.holyart.it\/fr\/wp-content\/uploads\/sites\/14\/2023\/01\/Foudroye-sur-la-route-de-Damas-dou-vient-cette-expression-.jpg","articleSection":["Saints et Bienheureux"],"inLanguage":"fr-FR"},{"@type":"WebPage","@id":"https:\/\/blog.holyart.it\/fr\/saints-et-bienheureux\/foudroye-sur-la-route-de-damas-dou-vient-cette-expression\/","url":"https:\/\/blog.holyart.it\/fr\/saints-et-bienheureux\/foudroye-sur-la-route-de-damas-dou-vient-cette-expression\/","name":"Foudroy\u00e9 sur la route de Damas : d\u2019o\u00f9 vient cette expression ?","isPartOf":{"@id":"https:\/\/blog.holyart.it\/fr\/#website"},"primaryImageOfPage":{"@id":"https:\/\/blog.holyart.it\/fr\/saints-et-bienheureux\/foudroye-sur-la-route-de-damas-dou-vient-cette-expression\/#primaryimage"},"image":{"@id":"https:\/\/blog.holyart.it\/fr\/saints-et-bienheureux\/foudroye-sur-la-route-de-damas-dou-vient-cette-expression\/#primaryimage"},"thumbnailUrl":"https:\/\/blog.holyart.it\/fr\/wp-content\/uploads\/sites\/14\/2023\/01\/Foudroye-sur-la-route-de-Damas-dou-vient-cette-expression-.jpg","datePublished":"2023-01-25T11:30:43+00:00","dateModified":"2026-01-28T16:38:16+00:00","description":"L\u2019histoire de Saint Paul, foudroy\u00e9 sur la route de Damas a donn\u00e9 lieu \u00e0 une c\u00e9l\u00e8bre expression et a inspir\u00e9 des chefs-d\u2019oeuvre immortels dans l\u2019histoire de l\u2019art.","breadcrumb":{"@id":"https:\/\/blog.holyart.it\/fr\/saints-et-bienheureux\/foudroye-sur-la-route-de-damas-dou-vient-cette-expression\/#breadcrumb"},"inLanguage":"fr-FR","potentialAction":[{"@type":"ReadAction","target":["https:\/\/blog.holyart.it\/fr\/saints-et-bienheureux\/foudroye-sur-la-route-de-damas-dou-vient-cette-expression\/"]}]},{"@type":"ImageObject","inLanguage":"fr-FR","@id":"https:\/\/blog.holyart.it\/fr\/saints-et-bienheureux\/foudroye-sur-la-route-de-damas-dou-vient-cette-expression\/#primaryimage","url":"https:\/\/blog.holyart.it\/fr\/wp-content\/uploads\/sites\/14\/2023\/01\/Foudroye-sur-la-route-de-Damas-dou-vient-cette-expression-.jpg","contentUrl":"https:\/\/blog.holyart.it\/fr\/wp-content\/uploads\/sites\/14\/2023\/01\/Foudroye-sur-la-route-de-Damas-dou-vient-cette-expression-.jpg","width":1000,"height":666,"caption":"Foudroy\u00e9 sur la route de Damas d\u2019o\u00f9 vient cette expression"},{"@type":"BreadcrumbList","@id":"https:\/\/blog.holyart.it\/fr\/saints-et-bienheureux\/foudroye-sur-la-route-de-damas-dou-vient-cette-expression\/#breadcrumb","itemListElement":[{"@type":"ListItem","position":1,"name":"Homepage","item":"https:\/\/blog.holyart.it\/fr\/"},{"@type":"ListItem","position":2,"name":"Saints et Bienheureux","item":"https:\/\/blog.holyart.it\/fr\/saints-et-bienheureux\/"},{"@type":"ListItem","position":3,"name":"Foudroy\u00e9 sur la route de Damas : d\u2019o\u00f9 vient cette expression ?"}]},{"@type":"WebSite","@id":"https:\/\/blog.holyart.it\/fr\/#website","url":"https:\/\/blog.holyart.it\/fr\/","name":"Holyart.fr Blog","description":"Holyblog","publisher":{"@id":"https:\/\/blog.holyart.it\/fr\/#organization"},"potentialAction":[{"@type":"SearchAction","target":{"@type":"EntryPoint","urlTemplate":"https:\/\/blog.holyart.it\/fr\/?s={search_term_string}"},"query-input":{"@type":"PropertyValueSpecification","valueRequired":true,"valueName":"search_term_string"}}],"inLanguage":"fr-FR"},{"@type":"Organization","@id":"https:\/\/blog.holyart.it\/fr\/#organization","name":"Holyart.fr Blog","url":"https:\/\/blog.holyart.it\/fr\/","logo":{"@type":"ImageObject","inLanguage":"fr-FR","@id":"https:\/\/blog.holyart.it\/fr\/#\/schema\/logo\/image\/","url":"https:\/\/blog.holyart.it\/fr\/wp-content\/uploads\/sites\/14\/2022\/12\/Holyart_Blog_Logo.jpg","contentUrl":"https:\/\/blog.holyart.it\/fr\/wp-content\/uploads\/sites\/14\/2022\/12\/Holyart_Blog_Logo.jpg","width":300,"height":50,"caption":"Holyart.fr Blog"},"image":{"@id":"https:\/\/blog.holyart.it\/fr\/#\/schema\/logo\/image\/"}},{"@type":"Person","@id":"https:\/\/blog.holyart.it\/fr\/#\/schema\/person\/0a7b686e5af0f856ec1e390dd0baecda","name":"Redazione","image":{"@type":"ImageObject","inLanguage":"fr-FR","@id":"https:\/\/blog.holyart.it\/fr\/#\/schema\/person\/image\/","url":"https:\/\/secure.gravatar.com\/avatar\/f477da817f43e50d0af36abecd33e3edf826c68299714bdc1057dff3b113f516?s=96&d=mm&r=g","contentUrl":"https:\/\/secure.gravatar.com\/avatar\/f477da817f43e50d0af36abecd33e3edf826c68299714bdc1057dff3b113f516?s=96&d=mm&r=g","caption":"Redazione"},"url":"https:\/\/blog.holyart.it\/fr\/author\/admin\/"}]}},"_links":{"self":[{"href":"https:\/\/blog.holyart.it\/fr\/wp-json\/wp\/v2\/posts\/5769","targetHints":{"allow":["GET"]}}],"collection":[{"href":"https:\/\/blog.holyart.it\/fr\/wp-json\/wp\/v2\/posts"}],"about":[{"href":"https:\/\/blog.holyart.it\/fr\/wp-json\/wp\/v2\/types\/post"}],"author":[{"embeddable":true,"href":"https:\/\/blog.holyart.it\/fr\/wp-json\/wp\/v2\/users\/1"}],"replies":[{"embeddable":true,"href":"https:\/\/blog.holyart.it\/fr\/wp-json\/wp\/v2\/comments?post=5769"}],"version-history":[{"count":3,"href":"https:\/\/blog.holyart.it\/fr\/wp-json\/wp\/v2\/posts\/5769\/revisions"}],"predecessor-version":[{"id":5777,"href":"https:\/\/blog.holyart.it\/fr\/wp-json\/wp\/v2\/posts\/5769\/revisions\/5777"}],"wp:featuredmedia":[{"embeddable":true,"href":"https:\/\/blog.holyart.it\/fr\/wp-json\/wp\/v2\/media\/5770"}],"wp:attachment":[{"href":"https:\/\/blog.holyart.it\/fr\/wp-json\/wp\/v2\/media?parent=5769"}],"wp:term":[{"taxonomy":"category","embeddable":true,"href":"https:\/\/blog.holyart.it\/fr\/wp-json\/wp\/v2\/categories?post=5769"},{"taxonomy":"post_tag","embeddable":true,"href":"https:\/\/blog.holyart.it\/fr\/wp-json\/wp\/v2\/tags?post=5769"}],"curies":[{"name":"wp","href":"https:\/\/api.w.org\/{rel}","templated":true}]}}