{"id":5722,"date":"2023-01-12T11:36:23","date_gmt":"2023-01-12T10:36:23","guid":{"rendered":"https:\/\/blog.holyart.it\/fr\/?p=5722"},"modified":"2026-01-19T17:43:16","modified_gmt":"2026-01-19T16:43:16","slug":"comment-conserver-la-mousse-vegetale-pour-la-creche","status":"publish","type":"post","link":"https:\/\/blog.holyart.it\/fr\/noel\/comment-conserver-la-mousse-vegetale-pour-la-creche\/","title":{"rendered":"Comment conserver la mousse v\u00e9g\u00e9tale pour la cr\u00e8che"},"content":{"rendered":"<h4>La mousse v\u00e9g\u00e9tale pour la Cr\u00e8che, un don pr\u00e9cieux de la nature pour nos F\u00eates, qui m\u00e9rite d\u2019\u00eatre conserv\u00e9 avec soin<\/h4>\n\n<p>Tout le monde aime l\u2019effet naturel et inimitable de la mousse v\u00e9g\u00e9tale dans la Cr\u00e8che. Bien que dans notre pays il soit interdit de ramasser la mousse, s\u2019agissant d\u2019une <strong>esp\u00e8ce prot\u00e9g\u00e9e<\/strong>, la tendance \u00e0 utiliser de la <a href=\"https:\/\/www.holyart.fr\/blog\/noel\/construire-votre-creche-en-suivant-des-conseils-dexperts\/\"><strong>mousse v\u00e9g\u00e9tale pour d\u00e9corer sa Cr\u00e8che<\/strong><\/a> est encore tr\u00e8s r\u00e9pandue. Cela est rendu possible par des <strong>revendeurs autoris\u00e9s<\/strong>, qui ramassent et cultivent express\u00e9ment la mousse dans ce but, dans le plus grand respect des normes en vigueur en la mati\u00e8re. Il suffit de se rendre dans une p\u00e9pini\u00e8re autoris\u00e9e et vous pourrez acheter un tapis de mousse naturelle pour votre Cr\u00e8che aux dimensions qu\u2019il vous faut.<\/p>\n<div class=\"link-article\">\n<p><img loading=\"lazy\" decoding=\"async\" class=\"alignnone size-full wp-image-5726\" src=\"https:\/\/blog.holyart.it\/fr\/wp-content\/uploads\/sites\/14\/2023\/01\/Construire-votre-Creche.jpg\" alt=\"Construire votre Cr\u00e8che\" width=\"150\" height=\"93\" data-kale-share-title=\"Comment conserver la mousse v\u00e9g\u00e9tale pour la cr\u00e8che\" data-kale-share-url=\"https:\/\/blog.holyart.it\/fr\/?p=5722\" \/><\/p>\n<div class=\"leggi-anche\">Lire aussi :<\/div>\n<p><strong><a href=\"https:\/\/www.holyart.fr\/blog\/noel\/construire-votre-creche-en-suivant-des-conseils-dexperts\/\">Construire votre Cr\u00e8che en suivant des conseils d\u2019experts<\/a><\/strong><br \/>\nQui a dit que monter une Cr\u00e8che \u00e9tait un jeu d\u2019enfant ? Il faut de l\u2019inventivit\u00e9, planification, une touche de dext\u00e9rit\u00e9 et, les bons mat\u00e9riaux.<\/p>\n<\/div>\n<p><a href=\"https:\/\/www.holyart.fr\/noel\/bricolage-de-noel-et-accessoires\/mousse-vegetale-lichens-arbres-pavages\"><strong>Dans notre magasin en ligne aussi vous en trouverez diff\u00e9rents formats<\/strong><\/a>. Il reste toutefois le probl\u00e8me de savoir que faire avec la mousse pour Cr\u00e8che une fois <a href=\"https:\/\/www.holyart.fr\/noel\/bricolage-de-noel-et-accessoires\/mousse-vegetale-lichens-arbres-pavages\"><strong>No\u00ebl<\/strong><\/a> pass\u00e9, quand nous devons ranger les d\u00e9corations des f\u00eates. Au-del\u00e0 de vouloir \u00e9viter un gaspillage inutile, en se retrouvant dans la condition de devoir la racheter l\u2019ann\u00e9e suivante, il serait d\u2019autant plus dommage de la jeter, sachant combien ce v\u00e9g\u00e9tal est fondamental pour l\u2019environnement et pour l\u2019\u00e9quilibre de la biodiversit\u00e9. Tout le monde ne sait peut-\u00eatre pas que la mousse rev\u00eat un r\u00f4le tr\u00e8s important dans la <strong>conservation du sol<\/strong>, car il <strong>pr\u00e9vient l\u2019\u00e9rosion des rochers<\/strong> et maintient le taux d\u2019<strong>humidit\u00e9<\/strong>, indispensable pour la croissance d\u2019innombrables plantes. Toutefois, il s\u2019agit \u00e9galement d\u2019un v\u00e9g\u00e9tal tr\u00e8s d\u00e9licat, n\u00e9cessitant des conditions climatiques optimales pour na\u00eetre et pousser et un temps tr\u00e8s long afin d\u2019arriver \u00e0 sa pleine maturit\u00e9. Voici pourquoi l\u2019\u00e9radiquer de mani\u00e8re illicite et avec une indiff\u00e9rence d\u00e9lib\u00e9r\u00e9e est un crime non seulement contre la loi qui la r\u00e9git, mais \u00e9galement contre l\u2019environnement dans lequel nous vivons et dont nous faisons tous partie.<\/p>\n<div class=\"link-product\">\n<div class=\"blocco-immagine\"><img loading=\"lazy\" decoding=\"async\" class=\"alignnone size-full wp-image-5727\" src=\"https:\/\/blog.holyart.it\/fr\/wp-content\/uploads\/sites\/14\/2023\/01\/MOUSSE-VEGETALE-LICHENS-ARBRES-PAVAGES.jpg\" alt=\"MOUSSE V\u00c9G\u00c9TALE, LICHENS, ARBRES, PAVAGES\" width=\"100\" height=\"100\" data-kale-share-title=\"Comment conserver la mousse v\u00e9g\u00e9tale pour la cr\u00e8che\" data-kale-share-url=\"https:\/\/blog.holyart.it\/fr\/?p=5722\" \/><\/div>\n<div class=\"blocco-contenuto\">\n<div class=\"blocco-acquista\">Acheter sur Holyart:<\/div>\n<div class=\"blocco-titolo\"><a href=\"https:\/\/www.holyart.fr\/noel\/bricolage-de-noel-et-accessoires\/mousse-vegetale-lichens-arbres-pavages?page=1\">Mousse v\u00e9g\u00e9tale<\/a><\/div>\n<div class=\"blocco-descrizione\">Mousse v\u00e9g\u00e9tale, Lichens, plantes, Pavages.<\/div>\n<\/div>\n<\/div>\n<p>Mais comment conserver la mousse pour Cr\u00e8che et la r\u00e9utiliser l\u2019ann\u00e9e suivante ?<\/p>\n<h2>Comment la conserver<\/h2>\n<p>Quand vous d\u00e9cidez d\u2019utiliser la mousse v\u00e9g\u00e9tale pour votre Cr\u00e8che, vous pouvez choisir d\u2019utiliser de la <a href=\"https:\/\/www.holyart.fr\/noel\/bricolage-de-noel-et-accessoires\/mousse-vegetale-lichens-arbres-pavages\/mousse-vegetale-pour-creche-500-gr\"><strong>mousse fra\u00eeche<\/strong><\/a> ou de la <strong>mousse s\u00e9ch\u00e9e<\/strong>. La mousse fra\u00eeche est plus brillante et luxuriante, mais n\u00e9cessite beaucoup d\u2019humidit\u00e9 ; vous devrez donc prendre soin de la <strong>maintenir mouill\u00e9e<\/strong> tous les jours, en utilisant un n\u00e9buliseur, car l\u2019eau directe la ferait moisir et pourrir.<\/p>\n<div class=\"link-product\">\n<div class=\"blocco-immagine\"><img loading=\"lazy\" decoding=\"async\" class=\"alignnone size-full wp-image-5728\" src=\"https:\/\/blog.holyart.it\/fr\/wp-content\/uploads\/sites\/14\/2023\/01\/Mousse-vegetale-pour-creche-500-gr-.jpg\" alt=\"Mousse v\u00e9g\u00e9tale pour cr\u00e8che 500 gr\" width=\"100\" height=\"100\" data-kale-share-title=\"Comment conserver la mousse v\u00e9g\u00e9tale pour la cr\u00e8che\" data-kale-share-url=\"https:\/\/blog.holyart.it\/fr\/?p=5722\" \/><\/div>\n<div class=\"blocco-contenuto\">\n<div class=\"blocco-acquista\">Acheter sur Holyart:<\/div>\n<div class=\"blocco-titolo\"><a href=\"https:\/\/www.holyart.fr\/noel\/bricolage-de-noel-et-accessoires\/mousse-vegetale-lichens-arbres-pavages\/mousse-vegetale-pour-creche-500-gr\">Mousse v\u00e9g\u00e9tale<\/a><\/div>\n<div class=\"blocco-descrizione\">Mousse v\u00e9g\u00e9tale pour cr\u00e8che 500 gr<\/div>\n<\/div>\n<\/div>\n<p>La <strong>mousse s\u00e9ch\u00e9e<\/strong>, nettoy\u00e9e de la terre et d\u2019\u00e9ventuelles impuret\u00e9s qui est utilis\u00e9e pour recouvrir les rochers et les toits des maisons de votre Cr\u00e8che, est plus facile \u00e0 g\u00e9rer. Le seul d\u00e9faut, si nous souhaitons lui en trouver un, c\u2019est qu\u2019elle est encore plus <strong>d\u00e9licate et fragile<\/strong> que la mousse fra\u00eeche et doit pourtant \u00eatre manipul\u00e9e avec soin.<\/p>\n<p>Au moment o\u00f9 nous d\u00e9cidons de conserver la mousse pour l\u2019ann\u00e9e suivante, le choix est arr\u00eat\u00e9 : nous devons la faire s\u00e9cher. Ranger de la mousse fra\u00eeche telle quelle serait tout \u00e0 fait inutile, car l\u2019humidit\u00e9 la ferait moisir dans son emballage. <strong>S\u00e9cher la mousse<\/strong> est tr\u00e8s simple : il suffit de l\u2019\u00e9taler sur des feuilles de papier journal et la laisser dans une zone a\u00e9r\u00e9e. En quelques jours, la mousse sera suffisamment s\u00e8che pour \u00eatre plac\u00e9e dans une bo\u00eete et rang\u00e9e avec les autres <a href=\"https:\/\/www.holyart.fr\/noel\/decorations-sapin-de-noel\"><strong>d\u00e9corations de No\u00ebl<\/strong><\/a>.<\/p>\n<div class=\"link-product\">\n<div class=\"blocco-immagine\"><img loading=\"lazy\" decoding=\"async\" class=\"alignnone size-full wp-image-5729\" src=\"https:\/\/blog.holyart.it\/fr\/wp-content\/uploads\/sites\/14\/2023\/01\/Decorations-sapin-de-Noel.jpg\" alt=\"D\u00e9corations sapin de No\u00ebl\" width=\"100\" height=\"100\" data-kale-share-title=\"Comment conserver la mousse v\u00e9g\u00e9tale pour la cr\u00e8che\" data-kale-share-url=\"https:\/\/blog.holyart.it\/fr\/?p=5722\" \/><\/div>\n<div class=\"blocco-contenuto\">\n<div class=\"blocco-acquista\">Acheter sur Holyart:<\/div>\n<div class=\"blocco-titolo\"><a href=\"https:\/\/www.holyart.fr\/noel\/decorations-sapin-de-noel\">D\u00e9corations sapin de No\u00ebl<\/a><\/div>\n<div class=\"blocco-descrizione\">D\u00e9corations en diff\u00e9rents tailles et formes.<\/div>\n<\/div>\n<\/div>\n<p>Il existe toutefois une alternative pour conserver la mousse pour cr\u00e8che ann\u00e9e apr\u00e8s ann\u00e9e.<\/p>\n<p>Bien qu\u2019on ne puisse pas planter la mousse comme une plante ordinaire, elle <strong>peut \u00eatre cultiv\u00e9e<\/strong> \u00e0 la maison ou dans une serre afin de lui garantir le milieu humide et la terre mouill\u00e9e dont elle a besoin pour vivre. En particulier, vous devrez pr\u00eater attention \u00e0 <strong>\u00e9viter la stagnation de l\u2019eau<\/strong> dans les vases\u00a0: la terre devra \u00eatre <strong>toujours humide<\/strong>, mais pas boueuse. Fondamentale aussi la reproduction de la <strong>lumi\u00e8re naturelle<\/strong> : la mousse ne doit jamais \u00eatre expos\u00e9e en pleine lumi\u00e8re, car elle a besoin d\u2019une lumi\u00e8re indirecte et douce, exactement comme celle qu\u2019elle pourrait recevoir dans un bois luxuriant.<\/p>\n<p>Autre chose importante afin de faire durer votre mousse v\u00e9g\u00e9tale et pour la faire prosp\u00e9rer est la <strong>taille<\/strong>. Oui, la taille, car malgr\u00e9 le fait qu\u2019elles soient si petites et filiformes, les tiges de la mousse aussi demandent \u00e0 \u00eatre taill\u00e9es quand elles deviennent trop longues ou qu\u2019elles s\u00e8chent. Dans ce cas, vous devrez enlever les parties s\u00e9ch\u00e9es afin d\u2019assainir les autres.<\/p>\n<p>Quelle que soit la mani\u00e8re de proc\u00e9der que vous allez choisir, n\u2019oubliez jamais que la mousse est une ressource pr\u00e9cieuse pour tous et en tant que telle et qu\u2019elle doit \u00eatre respect\u00e9e. Du reste, cela devrait \u00eatre vrai pour tout l\u2019environnement dans lequel nous vivons et No\u00ebl est peut-\u00eatre le meilleur moment pour commencer \u00e0 faire un peu plus attention \u00e0 cela \u00e9galement.<\/p>\n","protected":false},"excerpt":{"rendered":"<p>La mousse v\u00e9g\u00e9tale pour la Cr\u00e8che, un don pr\u00e9cieux de la nature pour nos F\u00eates, qui m\u00e9rite d\u2019\u00eatre conserv\u00e9 avec soin Tout le monde aime l\u2019effet naturel et inimitable de la mousse v\u00e9g\u00e9tale dans la Cr\u00e8che. Bien que dans notre pays il soit interdit de&hellip;<\/p>\n","protected":false},"author":1,"featured_media":5723,"comment_status":"closed","ping_status":"open","sticky":false,"template":"","format":"standard","meta":{"_acf_changed":false,"footnotes":""},"categories":[10],"tags":[],"class_list":["post-5722","post","type-post","status-publish","format-standard","has-post-thumbnail","hentry","category-noel"],"acf":[],"yoast_head":"<!-- This site is optimized with the Yoast SEO plugin v26.6 - https:\/\/yoast.com\/wordpress\/plugins\/seo\/ -->\n<title>Comment conserver la mousse v\u00e9g\u00e9tale pour la cr\u00e8che - Holyart.fr Blog<\/title>\n<meta name=\"description\" content=\"La mousse v\u00e9g\u00e9tale pour la Cr\u00e8che, un don pr\u00e9cieux de la nature pour nos F\u00eates, qui m\u00e9rite d\u2019\u00eatre conserv\u00e9 avec soin\" \/>\n<meta name=\"robots\" content=\"index, follow, max-snippet:-1, max-image-preview:large, max-video-preview:-1\" \/>\n<link rel=\"canonical\" href=\"https:\/\/blog.holyart.it\/fr\/noel\/comment-conserver-la-mousse-vegetale-pour-la-creche\/\" \/>\n<meta property=\"og:locale\" content=\"fr_FR\" \/>\n<meta property=\"og:type\" content=\"article\" \/>\n<meta property=\"og:title\" content=\"Comment conserver la mousse v\u00e9g\u00e9tale pour la cr\u00e8che - Holyart.fr Blog\" \/>\n<meta property=\"og:description\" content=\"La mousse v\u00e9g\u00e9tale pour la Cr\u00e8che, un don pr\u00e9cieux de la nature pour nos F\u00eates, qui m\u00e9rite d\u2019\u00eatre conserv\u00e9 avec soin\" \/>\n<meta property=\"og:url\" content=\"https:\/\/blog.holyart.it\/fr\/noel\/comment-conserver-la-mousse-vegetale-pour-la-creche\/\" \/>\n<meta property=\"og:site_name\" content=\"Holyart.fr Blog\" \/>\n<meta property=\"article:published_time\" content=\"2023-01-12T10:36:23+00:00\" \/>\n<meta property=\"article:modified_time\" content=\"2026-01-19T16:43:16+00:00\" \/>\n<meta property=\"og:image\" content=\"https:\/\/blog.holyart.it\/fr\/wp-content\/uploads\/sites\/14\/2023\/01\/Comment-conserver-la-mousse-vegetale-pour-la-creche.jpg\" \/>\n\t<meta property=\"og:image:width\" content=\"1000\" \/>\n\t<meta property=\"og:image:height\" content=\"666\" \/>\n\t<meta property=\"og:image:type\" content=\"image\/jpeg\" \/>\n<meta name=\"author\" content=\"Redazione\" \/>\n<meta name=\"twitter:card\" content=\"summary_large_image\" \/>\n<meta name=\"twitter:label1\" content=\"\u00c9crit par\" \/>\n\t<meta name=\"twitter:data1\" content=\"Redazione\" \/>\n\t<meta name=\"twitter:label2\" content=\"Dur\u00e9e de lecture estim\u00e9e\" \/>\n\t<meta name=\"twitter:data2\" content=\"6 minutes\" \/>\n<script type=\"application\/ld+json\" class=\"yoast-schema-graph\">{\"@context\":\"https:\/\/schema.org\",\"@graph\":[{\"@type\":\"Article\",\"@id\":\"https:\/\/blog.holyart.it\/fr\/noel\/comment-conserver-la-mousse-vegetale-pour-la-creche\/#article\",\"isPartOf\":{\"@id\":\"https:\/\/blog.holyart.it\/fr\/noel\/comment-conserver-la-mousse-vegetale-pour-la-creche\/\"},\"author\":{\"name\":\"Redazione\",\"@id\":\"https:\/\/blog.holyart.it\/fr\/#\/schema\/person\/0a7b686e5af0f856ec1e390dd0baecda\"},\"headline\":\"Comment conserver la mousse v\u00e9g\u00e9tale pour la cr\u00e8che\",\"datePublished\":\"2023-01-12T10:36:23+00:00\",\"dateModified\":\"2026-01-19T16:43:16+00:00\",\"mainEntityOfPage\":{\"@id\":\"https:\/\/blog.holyart.it\/fr\/noel\/comment-conserver-la-mousse-vegetale-pour-la-creche\/\"},\"wordCount\":1006,\"publisher\":{\"@id\":\"https:\/\/blog.holyart.it\/fr\/#organization\"},\"image\":{\"@id\":\"https:\/\/blog.holyart.it\/fr\/noel\/comment-conserver-la-mousse-vegetale-pour-la-creche\/#primaryimage\"},\"thumbnailUrl\":\"https:\/\/blog.holyart.it\/fr\/wp-content\/uploads\/sites\/14\/2023\/01\/Comment-conserver-la-mousse-vegetale-pour-la-creche.jpg\",\"articleSection\":[\"No\u00ebl\"],\"inLanguage\":\"fr-FR\"},{\"@type\":\"WebPage\",\"@id\":\"https:\/\/blog.holyart.it\/fr\/noel\/comment-conserver-la-mousse-vegetale-pour-la-creche\/\",\"url\":\"https:\/\/blog.holyart.it\/fr\/noel\/comment-conserver-la-mousse-vegetale-pour-la-creche\/\",\"name\":\"Comment conserver la mousse v\u00e9g\u00e9tale pour la cr\u00e8che - Holyart.fr Blog\",\"isPartOf\":{\"@id\":\"https:\/\/blog.holyart.it\/fr\/#website\"},\"primaryImageOfPage\":{\"@id\":\"https:\/\/blog.holyart.it\/fr\/noel\/comment-conserver-la-mousse-vegetale-pour-la-creche\/#primaryimage\"},\"image\":{\"@id\":\"https:\/\/blog.holyart.it\/fr\/noel\/comment-conserver-la-mousse-vegetale-pour-la-creche\/#primaryimage\"},\"thumbnailUrl\":\"https:\/\/blog.holyart.it\/fr\/wp-content\/uploads\/sites\/14\/2023\/01\/Comment-conserver-la-mousse-vegetale-pour-la-creche.jpg\",\"datePublished\":\"2023-01-12T10:36:23+00:00\",\"dateModified\":\"2026-01-19T16:43:16+00:00\",\"description\":\"La mousse v\u00e9g\u00e9tale pour la Cr\u00e8che, un don pr\u00e9cieux de la nature pour nos F\u00eates, qui m\u00e9rite d\u2019\u00eatre conserv\u00e9 avec soin\",\"breadcrumb\":{\"@id\":\"https:\/\/blog.holyart.it\/fr\/noel\/comment-conserver-la-mousse-vegetale-pour-la-creche\/#breadcrumb\"},\"inLanguage\":\"fr-FR\",\"potentialAction\":[{\"@type\":\"ReadAction\",\"target\":[\"https:\/\/blog.holyart.it\/fr\/noel\/comment-conserver-la-mousse-vegetale-pour-la-creche\/\"]}]},{\"@type\":\"ImageObject\",\"inLanguage\":\"fr-FR\",\"@id\":\"https:\/\/blog.holyart.it\/fr\/noel\/comment-conserver-la-mousse-vegetale-pour-la-creche\/#primaryimage\",\"url\":\"https:\/\/blog.holyart.it\/fr\/wp-content\/uploads\/sites\/14\/2023\/01\/Comment-conserver-la-mousse-vegetale-pour-la-creche.jpg\",\"contentUrl\":\"https:\/\/blog.holyart.it\/fr\/wp-content\/uploads\/sites\/14\/2023\/01\/Comment-conserver-la-mousse-vegetale-pour-la-creche.jpg\",\"width\":1000,\"height\":666,\"caption\":\"Comment conserver la mousse v\u00e9g\u00e9tale pour la cr\u00e8che\"},{\"@type\":\"BreadcrumbList\",\"@id\":\"https:\/\/blog.holyart.it\/fr\/noel\/comment-conserver-la-mousse-vegetale-pour-la-creche\/#breadcrumb\",\"itemListElement\":[{\"@type\":\"ListItem\",\"position\":1,\"name\":\"Homepage\",\"item\":\"https:\/\/blog.holyart.it\/fr\/\"},{\"@type\":\"ListItem\",\"position\":2,\"name\":\"No\u00ebl\",\"item\":\"https:\/\/blog.holyart.it\/fr\/noel\/\"},{\"@type\":\"ListItem\",\"position\":3,\"name\":\"Comment conserver la mousse v\u00e9g\u00e9tale pour la cr\u00e8che\"}]},{\"@type\":\"WebSite\",\"@id\":\"https:\/\/blog.holyart.it\/fr\/#website\",\"url\":\"https:\/\/blog.holyart.it\/fr\/\",\"name\":\"Holyart.fr Blog\",\"description\":\"Holyblog\",\"publisher\":{\"@id\":\"https:\/\/blog.holyart.it\/fr\/#organization\"},\"potentialAction\":[{\"@type\":\"SearchAction\",\"target\":{\"@type\":\"EntryPoint\",\"urlTemplate\":\"https:\/\/blog.holyart.it\/fr\/?s={search_term_string}\"},\"query-input\":{\"@type\":\"PropertyValueSpecification\",\"valueRequired\":true,\"valueName\":\"search_term_string\"}}],\"inLanguage\":\"fr-FR\"},{\"@type\":\"Organization\",\"@id\":\"https:\/\/blog.holyart.it\/fr\/#organization\",\"name\":\"Holyart.fr Blog\",\"url\":\"https:\/\/blog.holyart.it\/fr\/\",\"logo\":{\"@type\":\"ImageObject\",\"inLanguage\":\"fr-FR\",\"@id\":\"https:\/\/blog.holyart.it\/fr\/#\/schema\/logo\/image\/\",\"url\":\"https:\/\/blog.holyart.it\/fr\/wp-content\/uploads\/sites\/14\/2022\/12\/Holyart_Blog_Logo.jpg\",\"contentUrl\":\"https:\/\/blog.holyart.it\/fr\/wp-content\/uploads\/sites\/14\/2022\/12\/Holyart_Blog_Logo.jpg\",\"width\":300,\"height\":50,\"caption\":\"Holyart.fr Blog\"},\"image\":{\"@id\":\"https:\/\/blog.holyart.it\/fr\/#\/schema\/logo\/image\/\"}},{\"@type\":\"Person\",\"@id\":\"https:\/\/blog.holyart.it\/fr\/#\/schema\/person\/0a7b686e5af0f856ec1e390dd0baecda\",\"name\":\"Redazione\",\"image\":{\"@type\":\"ImageObject\",\"inLanguage\":\"fr-FR\",\"@id\":\"https:\/\/blog.holyart.it\/fr\/#\/schema\/person\/image\/\",\"url\":\"https:\/\/secure.gravatar.com\/avatar\/f477da817f43e50d0af36abecd33e3edf826c68299714bdc1057dff3b113f516?s=96&d=mm&r=g\",\"contentUrl\":\"https:\/\/secure.gravatar.com\/avatar\/f477da817f43e50d0af36abecd33e3edf826c68299714bdc1057dff3b113f516?s=96&d=mm&r=g\",\"caption\":\"Redazione\"},\"url\":\"https:\/\/blog.holyart.it\/fr\/author\/admin\/\"}]}<\/script>\n<!-- \/ Yoast SEO plugin. -->","yoast_head_json":{"title":"Comment conserver la mousse v\u00e9g\u00e9tale pour la cr\u00e8che - Holyart.fr Blog","description":"La mousse v\u00e9g\u00e9tale pour la Cr\u00e8che, un don pr\u00e9cieux de la nature pour nos F\u00eates, qui m\u00e9rite d\u2019\u00eatre conserv\u00e9 avec soin","robots":{"index":"index","follow":"follow","max-snippet":"max-snippet:-1","max-image-preview":"max-image-preview:large","max-video-preview":"max-video-preview:-1"},"canonical":"https:\/\/blog.holyart.it\/fr\/noel\/comment-conserver-la-mousse-vegetale-pour-la-creche\/","og_locale":"fr_FR","og_type":"article","og_title":"Comment conserver la mousse v\u00e9g\u00e9tale pour la cr\u00e8che - Holyart.fr Blog","og_description":"La mousse v\u00e9g\u00e9tale pour la Cr\u00e8che, un don pr\u00e9cieux de la nature pour nos F\u00eates, qui m\u00e9rite d\u2019\u00eatre conserv\u00e9 avec soin","og_url":"https:\/\/blog.holyart.it\/fr\/noel\/comment-conserver-la-mousse-vegetale-pour-la-creche\/","og_site_name":"Holyart.fr Blog","article_published_time":"2023-01-12T10:36:23+00:00","article_modified_time":"2026-01-19T16:43:16+00:00","og_image":[{"width":1000,"height":666,"url":"https:\/\/blog.holyart.it\/fr\/wp-content\/uploads\/sites\/14\/2023\/01\/Comment-conserver-la-mousse-vegetale-pour-la-creche.jpg","type":"image\/jpeg"}],"author":"Redazione","twitter_card":"summary_large_image","twitter_misc":{"\u00c9crit par":"Redazione","Dur\u00e9e de lecture estim\u00e9e":"6 minutes"},"schema":{"@context":"https:\/\/schema.org","@graph":[{"@type":"Article","@id":"https:\/\/blog.holyart.it\/fr\/noel\/comment-conserver-la-mousse-vegetale-pour-la-creche\/#article","isPartOf":{"@id":"https:\/\/blog.holyart.it\/fr\/noel\/comment-conserver-la-mousse-vegetale-pour-la-creche\/"},"author":{"name":"Redazione","@id":"https:\/\/blog.holyart.it\/fr\/#\/schema\/person\/0a7b686e5af0f856ec1e390dd0baecda"},"headline":"Comment conserver la mousse v\u00e9g\u00e9tale pour la cr\u00e8che","datePublished":"2023-01-12T10:36:23+00:00","dateModified":"2026-01-19T16:43:16+00:00","mainEntityOfPage":{"@id":"https:\/\/blog.holyart.it\/fr\/noel\/comment-conserver-la-mousse-vegetale-pour-la-creche\/"},"wordCount":1006,"publisher":{"@id":"https:\/\/blog.holyart.it\/fr\/#organization"},"image":{"@id":"https:\/\/blog.holyart.it\/fr\/noel\/comment-conserver-la-mousse-vegetale-pour-la-creche\/#primaryimage"},"thumbnailUrl":"https:\/\/blog.holyart.it\/fr\/wp-content\/uploads\/sites\/14\/2023\/01\/Comment-conserver-la-mousse-vegetale-pour-la-creche.jpg","articleSection":["No\u00ebl"],"inLanguage":"fr-FR"},{"@type":"WebPage","@id":"https:\/\/blog.holyart.it\/fr\/noel\/comment-conserver-la-mousse-vegetale-pour-la-creche\/","url":"https:\/\/blog.holyart.it\/fr\/noel\/comment-conserver-la-mousse-vegetale-pour-la-creche\/","name":"Comment conserver la mousse v\u00e9g\u00e9tale pour la cr\u00e8che - Holyart.fr Blog","isPartOf":{"@id":"https:\/\/blog.holyart.it\/fr\/#website"},"primaryImageOfPage":{"@id":"https:\/\/blog.holyart.it\/fr\/noel\/comment-conserver-la-mousse-vegetale-pour-la-creche\/#primaryimage"},"image":{"@id":"https:\/\/blog.holyart.it\/fr\/noel\/comment-conserver-la-mousse-vegetale-pour-la-creche\/#primaryimage"},"thumbnailUrl":"https:\/\/blog.holyart.it\/fr\/wp-content\/uploads\/sites\/14\/2023\/01\/Comment-conserver-la-mousse-vegetale-pour-la-creche.jpg","datePublished":"2023-01-12T10:36:23+00:00","dateModified":"2026-01-19T16:43:16+00:00","description":"La mousse v\u00e9g\u00e9tale pour la Cr\u00e8che, un don pr\u00e9cieux de la nature pour nos F\u00eates, qui m\u00e9rite d\u2019\u00eatre conserv\u00e9 avec soin","breadcrumb":{"@id":"https:\/\/blog.holyart.it\/fr\/noel\/comment-conserver-la-mousse-vegetale-pour-la-creche\/#breadcrumb"},"inLanguage":"fr-FR","potentialAction":[{"@type":"ReadAction","target":["https:\/\/blog.holyart.it\/fr\/noel\/comment-conserver-la-mousse-vegetale-pour-la-creche\/"]}]},{"@type":"ImageObject","inLanguage":"fr-FR","@id":"https:\/\/blog.holyart.it\/fr\/noel\/comment-conserver-la-mousse-vegetale-pour-la-creche\/#primaryimage","url":"https:\/\/blog.holyart.it\/fr\/wp-content\/uploads\/sites\/14\/2023\/01\/Comment-conserver-la-mousse-vegetale-pour-la-creche.jpg","contentUrl":"https:\/\/blog.holyart.it\/fr\/wp-content\/uploads\/sites\/14\/2023\/01\/Comment-conserver-la-mousse-vegetale-pour-la-creche.jpg","width":1000,"height":666,"caption":"Comment conserver la mousse v\u00e9g\u00e9tale pour la cr\u00e8che"},{"@type":"BreadcrumbList","@id":"https:\/\/blog.holyart.it\/fr\/noel\/comment-conserver-la-mousse-vegetale-pour-la-creche\/#breadcrumb","itemListElement":[{"@type":"ListItem","position":1,"name":"Homepage","item":"https:\/\/blog.holyart.it\/fr\/"},{"@type":"ListItem","position":2,"name":"No\u00ebl","item":"https:\/\/blog.holyart.it\/fr\/noel\/"},{"@type":"ListItem","position":3,"name":"Comment conserver la mousse v\u00e9g\u00e9tale pour la cr\u00e8che"}]},{"@type":"WebSite","@id":"https:\/\/blog.holyart.it\/fr\/#website","url":"https:\/\/blog.holyart.it\/fr\/","name":"Holyart.fr Blog","description":"Holyblog","publisher":{"@id":"https:\/\/blog.holyart.it\/fr\/#organization"},"potentialAction":[{"@type":"SearchAction","target":{"@type":"EntryPoint","urlTemplate":"https:\/\/blog.holyart.it\/fr\/?s={search_term_string}"},"query-input":{"@type":"PropertyValueSpecification","valueRequired":true,"valueName":"search_term_string"}}],"inLanguage":"fr-FR"},{"@type":"Organization","@id":"https:\/\/blog.holyart.it\/fr\/#organization","name":"Holyart.fr Blog","url":"https:\/\/blog.holyart.it\/fr\/","logo":{"@type":"ImageObject","inLanguage":"fr-FR","@id":"https:\/\/blog.holyart.it\/fr\/#\/schema\/logo\/image\/","url":"https:\/\/blog.holyart.it\/fr\/wp-content\/uploads\/sites\/14\/2022\/12\/Holyart_Blog_Logo.jpg","contentUrl":"https:\/\/blog.holyart.it\/fr\/wp-content\/uploads\/sites\/14\/2022\/12\/Holyart_Blog_Logo.jpg","width":300,"height":50,"caption":"Holyart.fr Blog"},"image":{"@id":"https:\/\/blog.holyart.it\/fr\/#\/schema\/logo\/image\/"}},{"@type":"Person","@id":"https:\/\/blog.holyart.it\/fr\/#\/schema\/person\/0a7b686e5af0f856ec1e390dd0baecda","name":"Redazione","image":{"@type":"ImageObject","inLanguage":"fr-FR","@id":"https:\/\/blog.holyart.it\/fr\/#\/schema\/person\/image\/","url":"https:\/\/secure.gravatar.com\/avatar\/f477da817f43e50d0af36abecd33e3edf826c68299714bdc1057dff3b113f516?s=96&d=mm&r=g","contentUrl":"https:\/\/secure.gravatar.com\/avatar\/f477da817f43e50d0af36abecd33e3edf826c68299714bdc1057dff3b113f516?s=96&d=mm&r=g","caption":"Redazione"},"url":"https:\/\/blog.holyart.it\/fr\/author\/admin\/"}]}},"_links":{"self":[{"href":"https:\/\/blog.holyart.it\/fr\/wp-json\/wp\/v2\/posts\/5722","targetHints":{"allow":["GET"]}}],"collection":[{"href":"https:\/\/blog.holyart.it\/fr\/wp-json\/wp\/v2\/posts"}],"about":[{"href":"https:\/\/blog.holyart.it\/fr\/wp-json\/wp\/v2\/types\/post"}],"author":[{"embeddable":true,"href":"https:\/\/blog.holyart.it\/fr\/wp-json\/wp\/v2\/users\/1"}],"replies":[{"embeddable":true,"href":"https:\/\/blog.holyart.it\/fr\/wp-json\/wp\/v2\/comments?post=5722"}],"version-history":[{"count":4,"href":"https:\/\/blog.holyart.it\/fr\/wp-json\/wp\/v2\/posts\/5722\/revisions"}],"predecessor-version":[{"id":5731,"href":"https:\/\/blog.holyart.it\/fr\/wp-json\/wp\/v2\/posts\/5722\/revisions\/5731"}],"wp:featuredmedia":[{"embeddable":true,"href":"https:\/\/blog.holyart.it\/fr\/wp-json\/wp\/v2\/media\/5723"}],"wp:attachment":[{"href":"https:\/\/blog.holyart.it\/fr\/wp-json\/wp\/v2\/media?parent=5722"}],"wp:term":[{"taxonomy":"category","embeddable":true,"href":"https:\/\/blog.holyart.it\/fr\/wp-json\/wp\/v2\/categories?post=5722"},{"taxonomy":"post_tag","embeddable":true,"href":"https:\/\/blog.holyart.it\/fr\/wp-json\/wp\/v2\/tags?post=5722"}],"curies":[{"name":"wp","href":"https:\/\/api.w.org\/{rel}","templated":true}]}}