{"id":57,"date":"2016-05-08T17:30:04","date_gmt":"2016-05-08T15:30:04","guid":{"rendered":"https:\/\/blog.holyart.it\/fr\/?p=57"},"modified":"2016-10-07T15:51:47","modified_gmt":"2016-10-07T13:51:47","slug":"valises-chapelle","status":"publish","type":"post","link":"https:\/\/blog.holyart.it\/fr\/accessoires-pour-la-liturgie\/valises-chapelle\/","title":{"rendered":"Valises chapelle"},"content":{"rendered":"<p>Les <strong><a title=\"Valises chapelle\" href=\"http:\/\/www.holyart.fr\/accessoires-pour-la-liturgie\/valises-chapelle\">valises chapelle<\/a><\/strong> sont des objets indispensables pour les pr\u00eatres modernes, appel\u00e9s bien plus souvent que leurs anciens coll\u00e8gues \u00e0 \u00eatre pr\u00eats \u00e0 c\u00e9l\u00e9brer la Sainte Messe un peu partout, dans les endroits les plus diff\u00e9rents, qui ne sont pas souvent pr\u00e9vus \u00e0 cet effet. Cette nouvelle habitude rend essentiel l\u2019acquisition des <strong>valises chapelle<\/strong>, des v\u00e9ritables kits compos\u00e9s de certains des accessoires fondamentaux et d\u2019autres de toute une panoplie d\u2019objets. Il existe donc des valises comprenant uniquement les burettes liturgiques pour le vin, l\u2019eau b\u00e9nite et une custode \u00e0 hosties, tandis que d\u2019autres mod\u00e8les se composent \u00e9galement de calice, ciboire, nappe et m\u00eame de chandeliers et d\u2019\u00e9l\u00e9ments de mobilier liturgique \u00ab de voyage \u00bb.<\/p>\n<p>L\u2019importance des <strong>valises chapelle<\/strong> est facilement exemplifi\u00e9e si l\u2019on pense \u00e0 l\u2019\u0153uvre des missionnaires qui, depuis l\u2019antiquit\u00e9, \u00e9taient tenus de porter avec eux le n\u00e9cessaire pour les rites liturgiques, comprenant m\u00eame parfois un autel portatif consacr\u00e9, une \u00e9tole, un rochet, des burettes et un tabernacle. Des objets souvent d\u00e9licats et difficiles \u00e0 transporter, surtout dans de longs voyages et dans des territoires sauvages et peu hospitaliers.<\/p>\n<p>Les pr\u00eatres modernes sont s\u00fbrement aid\u00e9s par l\u2019existence des <strong>valises chapelle<\/strong>. Solides, compactes et minimalistes, les <strong>valises chapelle<\/strong> contiennent tout le n\u00e9cessaire pour la liturgie dans des mallettes maniables et de dimensions r\u00e9duites ; elles peuvent donc \u00eatre facilement transport\u00e9es pour la c\u00e9l\u00e9bration de la <strong>Sainte Messe<\/strong> partout o\u00f9 cela s\u2019av\u00e8re n\u00e9cessaire : en plein air, au camping et m\u00eame en bateau. Une autre situation pour laquelle les <strong>valises chapelle<\/strong> se r\u00e9v\u00e8lent indispensables est la visite de tous ceux qui, pour une raison ou pour une autre, ne peuvent pas se rendre \u00e0 l\u2019\u00e9glise : il suffit de penser \u00e0 des structures comme les h\u00f4pitaux, les maisons de repos, mais aussi les \u00e9coles ou les prisons. Instrument irrempla\u00e7able, les <strong>valises chapelle<\/strong> sont donc le symbole de l\u2019activit\u00e9 itin\u00e9rante des pr\u00eatres, appel\u00e9s \u00e0 amener la Parole de Dieu partout, mais aussi les rites et les c\u00e9r\u00e9monies propres \u00e0 la Foi.<\/p>\n","protected":false},"excerpt":{"rendered":"<p>Les valises chapelle sont des objets indispensables pour les pr\u00eatres modernes, appel\u00e9s bien plus souvent que leurs anciens coll\u00e8gues \u00e0 \u00eatre pr\u00eats \u00e0 c\u00e9l\u00e9brer la Sainte Messe un peu partout, dans les endroits les plus diff\u00e9rents, qui ne sont pas souvent pr\u00e9vus \u00e0 cet effet.&hellip;<\/p>\n","protected":false},"author":1,"featured_media":122,"comment_status":"closed","ping_status":"open","sticky":false,"template":"","format":"standard","meta":{"_acf_changed":false,"footnotes":""},"categories":[4],"tags":[],"class_list":["post-57","post","type-post","status-publish","format-standard","has-post-thumbnail","hentry","category-accessoires-pour-la-liturgie"],"acf":[],"yoast_head":"<!-- This site is optimized with the Yoast SEO plugin v26.6 - https:\/\/yoast.com\/wordpress\/plugins\/seo\/ -->\n<title>Valises chapelle - Holyart.fr Blog<\/title>\n<meta name=\"description\" content=\"Les valises chapelle sont des objets indispensables pour les pr\u00eatres modernes, pour c\u00e9l\u00e9brer la Sainte Messe\" \/>\n<meta name=\"robots\" content=\"index, follow, max-snippet:-1, max-image-preview:large, max-video-preview:-1\" \/>\n<link rel=\"canonical\" href=\"https:\/\/blog.holyart.it\/fr\/accessoires-pour-la-liturgie\/valises-chapelle\/\" \/>\n<meta property=\"og:locale\" content=\"fr_FR\" \/>\n<meta property=\"og:type\" content=\"article\" \/>\n<meta property=\"og:title\" content=\"Valises chapelle - Holyart.fr Blog\" \/>\n<meta property=\"og:description\" content=\"Les valises chapelle sont des objets indispensables pour les pr\u00eatres modernes, pour c\u00e9l\u00e9brer la Sainte Messe\" \/>\n<meta property=\"og:url\" content=\"https:\/\/blog.holyart.it\/fr\/accessoires-pour-la-liturgie\/valises-chapelle\/\" \/>\n<meta property=\"og:site_name\" content=\"Holyart.fr Blog\" \/>\n<meta property=\"article:published_time\" content=\"2016-05-08T15:30:04+00:00\" \/>\n<meta property=\"article:modified_time\" content=\"2016-10-07T13:51:47+00:00\" \/>\n<meta property=\"og:image\" content=\"https:\/\/blog.holyart.it\/fr\/wp-content\/uploads\/sites\/14\/2016\/05\/Valises-chapelle.jpg\" \/>\n\t<meta property=\"og:image:width\" content=\"1000\" \/>\n\t<meta property=\"og:image:height\" content=\"634\" \/>\n\t<meta property=\"og:image:type\" content=\"image\/jpeg\" \/>\n<meta name=\"author\" content=\"Redazione\" \/>\n<meta name=\"twitter:card\" content=\"summary_large_image\" \/>\n<meta name=\"twitter:label1\" content=\"\u00c9crit par\" \/>\n\t<meta name=\"twitter:data1\" content=\"Redazione\" \/>\n\t<meta name=\"twitter:label2\" content=\"Dur\u00e9e de lecture estim\u00e9e\" \/>\n\t<meta name=\"twitter:data2\" content=\"2 minutes\" \/>\n<script type=\"application\/ld+json\" class=\"yoast-schema-graph\">{\"@context\":\"https:\/\/schema.org\",\"@graph\":[{\"@type\":\"Article\",\"@id\":\"https:\/\/blog.holyart.it\/fr\/accessoires-pour-la-liturgie\/valises-chapelle\/#article\",\"isPartOf\":{\"@id\":\"https:\/\/blog.holyart.it\/fr\/accessoires-pour-la-liturgie\/valises-chapelle\/\"},\"author\":{\"name\":\"Redazione\",\"@id\":\"https:\/\/blog.holyart.it\/fr\/#\/schema\/person\/0a7b686e5af0f856ec1e390dd0baecda\"},\"headline\":\"Valises chapelle\",\"datePublished\":\"2016-05-08T15:30:04+00:00\",\"dateModified\":\"2016-10-07T13:51:47+00:00\",\"mainEntityOfPage\":{\"@id\":\"https:\/\/blog.holyart.it\/fr\/accessoires-pour-la-liturgie\/valises-chapelle\/\"},\"wordCount\":368,\"publisher\":{\"@id\":\"https:\/\/blog.holyart.it\/fr\/#organization\"},\"image\":{\"@id\":\"https:\/\/blog.holyart.it\/fr\/accessoires-pour-la-liturgie\/valises-chapelle\/#primaryimage\"},\"thumbnailUrl\":\"https:\/\/blog.holyart.it\/fr\/wp-content\/uploads\/sites\/14\/2016\/05\/Valises-chapelle.jpg\",\"articleSection\":[\"Liturgie\"],\"inLanguage\":\"fr-FR\"},{\"@type\":\"WebPage\",\"@id\":\"https:\/\/blog.holyart.it\/fr\/accessoires-pour-la-liturgie\/valises-chapelle\/\",\"url\":\"https:\/\/blog.holyart.it\/fr\/accessoires-pour-la-liturgie\/valises-chapelle\/\",\"name\":\"Valises chapelle - Holyart.fr Blog\",\"isPartOf\":{\"@id\":\"https:\/\/blog.holyart.it\/fr\/#website\"},\"primaryImageOfPage\":{\"@id\":\"https:\/\/blog.holyart.it\/fr\/accessoires-pour-la-liturgie\/valises-chapelle\/#primaryimage\"},\"image\":{\"@id\":\"https:\/\/blog.holyart.it\/fr\/accessoires-pour-la-liturgie\/valises-chapelle\/#primaryimage\"},\"thumbnailUrl\":\"https:\/\/blog.holyart.it\/fr\/wp-content\/uploads\/sites\/14\/2016\/05\/Valises-chapelle.jpg\",\"datePublished\":\"2016-05-08T15:30:04+00:00\",\"dateModified\":\"2016-10-07T13:51:47+00:00\",\"description\":\"Les valises chapelle sont des objets indispensables pour les pr\u00eatres modernes, pour c\u00e9l\u00e9brer la Sainte Messe\",\"breadcrumb\":{\"@id\":\"https:\/\/blog.holyart.it\/fr\/accessoires-pour-la-liturgie\/valises-chapelle\/#breadcrumb\"},\"inLanguage\":\"fr-FR\",\"potentialAction\":[{\"@type\":\"ReadAction\",\"target\":[\"https:\/\/blog.holyart.it\/fr\/accessoires-pour-la-liturgie\/valises-chapelle\/\"]}]},{\"@type\":\"ImageObject\",\"inLanguage\":\"fr-FR\",\"@id\":\"https:\/\/blog.holyart.it\/fr\/accessoires-pour-la-liturgie\/valises-chapelle\/#primaryimage\",\"url\":\"https:\/\/blog.holyart.it\/fr\/wp-content\/uploads\/sites\/14\/2016\/05\/Valises-chapelle.jpg\",\"contentUrl\":\"https:\/\/blog.holyart.it\/fr\/wp-content\/uploads\/sites\/14\/2016\/05\/Valises-chapelle.jpg\",\"width\":1000,\"height\":634,\"caption\":\"Valises chapelle\"},{\"@type\":\"BreadcrumbList\",\"@id\":\"https:\/\/blog.holyart.it\/fr\/accessoires-pour-la-liturgie\/valises-chapelle\/#breadcrumb\",\"itemListElement\":[{\"@type\":\"ListItem\",\"position\":1,\"name\":\"Homepage\",\"item\":\"https:\/\/blog.holyart.it\/fr\/\"},{\"@type\":\"ListItem\",\"position\":2,\"name\":\"Liturgie\",\"item\":\"https:\/\/blog.holyart.it\/fr\/accessoires-pour-la-liturgie\/\"},{\"@type\":\"ListItem\",\"position\":3,\"name\":\"Valises chapelle\"}]},{\"@type\":\"WebSite\",\"@id\":\"https:\/\/blog.holyart.it\/fr\/#website\",\"url\":\"https:\/\/blog.holyart.it\/fr\/\",\"name\":\"Holyart.fr Blog\",\"description\":\"Holyblog\",\"publisher\":{\"@id\":\"https:\/\/blog.holyart.it\/fr\/#organization\"},\"potentialAction\":[{\"@type\":\"SearchAction\",\"target\":{\"@type\":\"EntryPoint\",\"urlTemplate\":\"https:\/\/blog.holyart.it\/fr\/?s={search_term_string}\"},\"query-input\":{\"@type\":\"PropertyValueSpecification\",\"valueRequired\":true,\"valueName\":\"search_term_string\"}}],\"inLanguage\":\"fr-FR\"},{\"@type\":\"Organization\",\"@id\":\"https:\/\/blog.holyart.it\/fr\/#organization\",\"name\":\"Holyart.fr Blog\",\"url\":\"https:\/\/blog.holyart.it\/fr\/\",\"logo\":{\"@type\":\"ImageObject\",\"inLanguage\":\"fr-FR\",\"@id\":\"https:\/\/blog.holyart.it\/fr\/#\/schema\/logo\/image\/\",\"url\":\"https:\/\/blog.holyart.it\/fr\/wp-content\/uploads\/sites\/14\/2022\/12\/Holyart_Blog_Logo.jpg\",\"contentUrl\":\"https:\/\/blog.holyart.it\/fr\/wp-content\/uploads\/sites\/14\/2022\/12\/Holyart_Blog_Logo.jpg\",\"width\":300,\"height\":50,\"caption\":\"Holyart.fr Blog\"},\"image\":{\"@id\":\"https:\/\/blog.holyart.it\/fr\/#\/schema\/logo\/image\/\"}},{\"@type\":\"Person\",\"@id\":\"https:\/\/blog.holyart.it\/fr\/#\/schema\/person\/0a7b686e5af0f856ec1e390dd0baecda\",\"name\":\"Redazione\",\"image\":{\"@type\":\"ImageObject\",\"inLanguage\":\"fr-FR\",\"@id\":\"https:\/\/blog.holyart.it\/fr\/#\/schema\/person\/image\/\",\"url\":\"https:\/\/secure.gravatar.com\/avatar\/f477da817f43e50d0af36abecd33e3edf826c68299714bdc1057dff3b113f516?s=96&d=mm&r=g\",\"contentUrl\":\"https:\/\/secure.gravatar.com\/avatar\/f477da817f43e50d0af36abecd33e3edf826c68299714bdc1057dff3b113f516?s=96&d=mm&r=g\",\"caption\":\"Redazione\"},\"url\":\"https:\/\/blog.holyart.it\/fr\/author\/admin\/\"}]}<\/script>\n<!-- \/ Yoast SEO plugin. -->","yoast_head_json":{"title":"Valises chapelle - Holyart.fr Blog","description":"Les valises chapelle sont des objets indispensables pour les pr\u00eatres modernes, pour c\u00e9l\u00e9brer la Sainte Messe","robots":{"index":"index","follow":"follow","max-snippet":"max-snippet:-1","max-image-preview":"max-image-preview:large","max-video-preview":"max-video-preview:-1"},"canonical":"https:\/\/blog.holyart.it\/fr\/accessoires-pour-la-liturgie\/valises-chapelle\/","og_locale":"fr_FR","og_type":"article","og_title":"Valises chapelle - Holyart.fr Blog","og_description":"Les valises chapelle sont des objets indispensables pour les pr\u00eatres modernes, pour c\u00e9l\u00e9brer la Sainte Messe","og_url":"https:\/\/blog.holyart.it\/fr\/accessoires-pour-la-liturgie\/valises-chapelle\/","og_site_name":"Holyart.fr Blog","article_published_time":"2016-05-08T15:30:04+00:00","article_modified_time":"2016-10-07T13:51:47+00:00","og_image":[{"width":1000,"height":634,"url":"https:\/\/blog.holyart.it\/fr\/wp-content\/uploads\/sites\/14\/2016\/05\/Valises-chapelle.jpg","type":"image\/jpeg"}],"author":"Redazione","twitter_card":"summary_large_image","twitter_misc":{"\u00c9crit par":"Redazione","Dur\u00e9e de lecture estim\u00e9e":"2 minutes"},"schema":{"@context":"https:\/\/schema.org","@graph":[{"@type":"Article","@id":"https:\/\/blog.holyart.it\/fr\/accessoires-pour-la-liturgie\/valises-chapelle\/#article","isPartOf":{"@id":"https:\/\/blog.holyart.it\/fr\/accessoires-pour-la-liturgie\/valises-chapelle\/"},"author":{"name":"Redazione","@id":"https:\/\/blog.holyart.it\/fr\/#\/schema\/person\/0a7b686e5af0f856ec1e390dd0baecda"},"headline":"Valises chapelle","datePublished":"2016-05-08T15:30:04+00:00","dateModified":"2016-10-07T13:51:47+00:00","mainEntityOfPage":{"@id":"https:\/\/blog.holyart.it\/fr\/accessoires-pour-la-liturgie\/valises-chapelle\/"},"wordCount":368,"publisher":{"@id":"https:\/\/blog.holyart.it\/fr\/#organization"},"image":{"@id":"https:\/\/blog.holyart.it\/fr\/accessoires-pour-la-liturgie\/valises-chapelle\/#primaryimage"},"thumbnailUrl":"https:\/\/blog.holyart.it\/fr\/wp-content\/uploads\/sites\/14\/2016\/05\/Valises-chapelle.jpg","articleSection":["Liturgie"],"inLanguage":"fr-FR"},{"@type":"WebPage","@id":"https:\/\/blog.holyart.it\/fr\/accessoires-pour-la-liturgie\/valises-chapelle\/","url":"https:\/\/blog.holyart.it\/fr\/accessoires-pour-la-liturgie\/valises-chapelle\/","name":"Valises chapelle - Holyart.fr Blog","isPartOf":{"@id":"https:\/\/blog.holyart.it\/fr\/#website"},"primaryImageOfPage":{"@id":"https:\/\/blog.holyart.it\/fr\/accessoires-pour-la-liturgie\/valises-chapelle\/#primaryimage"},"image":{"@id":"https:\/\/blog.holyart.it\/fr\/accessoires-pour-la-liturgie\/valises-chapelle\/#primaryimage"},"thumbnailUrl":"https:\/\/blog.holyart.it\/fr\/wp-content\/uploads\/sites\/14\/2016\/05\/Valises-chapelle.jpg","datePublished":"2016-05-08T15:30:04+00:00","dateModified":"2016-10-07T13:51:47+00:00","description":"Les valises chapelle sont des objets indispensables pour les pr\u00eatres modernes, pour c\u00e9l\u00e9brer la Sainte Messe","breadcrumb":{"@id":"https:\/\/blog.holyart.it\/fr\/accessoires-pour-la-liturgie\/valises-chapelle\/#breadcrumb"},"inLanguage":"fr-FR","potentialAction":[{"@type":"ReadAction","target":["https:\/\/blog.holyart.it\/fr\/accessoires-pour-la-liturgie\/valises-chapelle\/"]}]},{"@type":"ImageObject","inLanguage":"fr-FR","@id":"https:\/\/blog.holyart.it\/fr\/accessoires-pour-la-liturgie\/valises-chapelle\/#primaryimage","url":"https:\/\/blog.holyart.it\/fr\/wp-content\/uploads\/sites\/14\/2016\/05\/Valises-chapelle.jpg","contentUrl":"https:\/\/blog.holyart.it\/fr\/wp-content\/uploads\/sites\/14\/2016\/05\/Valises-chapelle.jpg","width":1000,"height":634,"caption":"Valises chapelle"},{"@type":"BreadcrumbList","@id":"https:\/\/blog.holyart.it\/fr\/accessoires-pour-la-liturgie\/valises-chapelle\/#breadcrumb","itemListElement":[{"@type":"ListItem","position":1,"name":"Homepage","item":"https:\/\/blog.holyart.it\/fr\/"},{"@type":"ListItem","position":2,"name":"Liturgie","item":"https:\/\/blog.holyart.it\/fr\/accessoires-pour-la-liturgie\/"},{"@type":"ListItem","position":3,"name":"Valises chapelle"}]},{"@type":"WebSite","@id":"https:\/\/blog.holyart.it\/fr\/#website","url":"https:\/\/blog.holyart.it\/fr\/","name":"Holyart.fr Blog","description":"Holyblog","publisher":{"@id":"https:\/\/blog.holyart.it\/fr\/#organization"},"potentialAction":[{"@type":"SearchAction","target":{"@type":"EntryPoint","urlTemplate":"https:\/\/blog.holyart.it\/fr\/?s={search_term_string}"},"query-input":{"@type":"PropertyValueSpecification","valueRequired":true,"valueName":"search_term_string"}}],"inLanguage":"fr-FR"},{"@type":"Organization","@id":"https:\/\/blog.holyart.it\/fr\/#organization","name":"Holyart.fr Blog","url":"https:\/\/blog.holyart.it\/fr\/","logo":{"@type":"ImageObject","inLanguage":"fr-FR","@id":"https:\/\/blog.holyart.it\/fr\/#\/schema\/logo\/image\/","url":"https:\/\/blog.holyart.it\/fr\/wp-content\/uploads\/sites\/14\/2022\/12\/Holyart_Blog_Logo.jpg","contentUrl":"https:\/\/blog.holyart.it\/fr\/wp-content\/uploads\/sites\/14\/2022\/12\/Holyart_Blog_Logo.jpg","width":300,"height":50,"caption":"Holyart.fr Blog"},"image":{"@id":"https:\/\/blog.holyart.it\/fr\/#\/schema\/logo\/image\/"}},{"@type":"Person","@id":"https:\/\/blog.holyart.it\/fr\/#\/schema\/person\/0a7b686e5af0f856ec1e390dd0baecda","name":"Redazione","image":{"@type":"ImageObject","inLanguage":"fr-FR","@id":"https:\/\/blog.holyart.it\/fr\/#\/schema\/person\/image\/","url":"https:\/\/secure.gravatar.com\/avatar\/f477da817f43e50d0af36abecd33e3edf826c68299714bdc1057dff3b113f516?s=96&d=mm&r=g","contentUrl":"https:\/\/secure.gravatar.com\/avatar\/f477da817f43e50d0af36abecd33e3edf826c68299714bdc1057dff3b113f516?s=96&d=mm&r=g","caption":"Redazione"},"url":"https:\/\/blog.holyart.it\/fr\/author\/admin\/"}]}},"_links":{"self":[{"href":"https:\/\/blog.holyart.it\/fr\/wp-json\/wp\/v2\/posts\/57","targetHints":{"allow":["GET"]}}],"collection":[{"href":"https:\/\/blog.holyart.it\/fr\/wp-json\/wp\/v2\/posts"}],"about":[{"href":"https:\/\/blog.holyart.it\/fr\/wp-json\/wp\/v2\/types\/post"}],"author":[{"embeddable":true,"href":"https:\/\/blog.holyart.it\/fr\/wp-json\/wp\/v2\/users\/1"}],"replies":[{"embeddable":true,"href":"https:\/\/blog.holyart.it\/fr\/wp-json\/wp\/v2\/comments?post=57"}],"version-history":[{"count":0,"href":"https:\/\/blog.holyart.it\/fr\/wp-json\/wp\/v2\/posts\/57\/revisions"}],"wp:featuredmedia":[{"embeddable":true,"href":"https:\/\/blog.holyart.it\/fr\/wp-json\/wp\/v2\/media\/122"}],"wp:attachment":[{"href":"https:\/\/blog.holyart.it\/fr\/wp-json\/wp\/v2\/media?parent=57"}],"wp:term":[{"taxonomy":"category","embeddable":true,"href":"https:\/\/blog.holyart.it\/fr\/wp-json\/wp\/v2\/categories?post=57"},{"taxonomy":"post_tag","embeddable":true,"href":"https:\/\/blog.holyart.it\/fr\/wp-json\/wp\/v2\/tags?post=57"}],"curies":[{"name":"wp","href":"https:\/\/api.w.org\/{rel}","templated":true}]}}