{"id":5616,"date":"2022-12-26T12:30:22","date_gmt":"2022-12-26T11:30:22","guid":{"rendered":"https:\/\/blog.holyart.it\/fr\/?p=5616"},"modified":"2025-12-18T12:15:51","modified_gmt":"2025-12-18T11:15:51","slug":"saint-etienne-le-premier-martyr-du-christianisme","status":"publish","type":"post","link":"https:\/\/blog.holyart.it\/fr\/noel\/saint-etienne-le-premier-martyr-du-christianisme\/","title":{"rendered":"Saint \u00c9tienne : le premier martyr du christianisme"},"content":{"rendered":"<h4>Le 26 d\u00e9cembre on c\u00e9l\u00e8bre Saint \u00c9tienne, le premier chr\u00e9tien \u00e0 donner sa vie au nom de la foi en Christ. Voici son histoire<\/h4>\n\n<p>Pour beaucoup, le jour de Saint \u00c9tienne n\u2019est qu\u2019un autre jour de f\u00eate, moins fr\u00e9n\u00e9tique que le R\u00e9veillon, moins \u00e9prouvant que la No\u00ebl. On se retrouve quand m\u00eame entre amis et parents et on mange les restes de la F\u00eate de la veille, peut-\u00eatre en se d\u00e9tendant un peu. Toutefois, pour les chr\u00e9tiens il ne s\u2019agit pas d\u2019un jour f\u00e9ri\u00e9 quelconque. Il s\u2019agit en effet du jour d\u00e9di\u00e9 \u00e0 la m\u00e9moire liturgique de <strong>Saint \u00c9tienne Protomartyr<\/strong>, le premier chr\u00e9tien qui s\u2019est sacrifi\u00e9 afin de t\u00e9moigner sa foi en J\u00e9sus et dans l\u2019<strong><a href=\"https:\/\/www.holyart.fr\/articles-religieux\/livres-sacres\/evangiles?page=1&amp;flags=true\">\u00c9vangile.<\/a><\/strong><\/p>\n<div class=\"link-product\">\n<div class=\"blocco-immagine\"><img loading=\"lazy\" decoding=\"async\" class=\"alignnone size-full wp-image-5621\" src=\"https:\/\/blog.holyart.it\/fr\/wp-content\/uploads\/sites\/14\/2022\/12\/Support-avec-\u00c9vangile-mains-jointes-olivier-1.jpg\" alt=\"Support avec \u00c9vangile mains jointes olivier\" width=\"100\" height=\"100\" data-kale-share-title=\"Saint \u00c9tienne : le premier martyr du christianisme\" data-kale-share-url=\"https:\/\/blog.holyart.it\/fr\/?p=5616\" \/><\/div>\n<div class=\"blocco-contenuto\">\n<div class=\"blocco-acquista\">Acheter sur Holyart:<\/div>\n<div class=\"blocco-titolo\"><a href=\"https:\/\/www.holyart.fr\/articles-religieux\/livres-sacres\/evangiles\/support-avec-evangile-mains-jointes-olivier\">Support avec \u00c9vangile mains jointes olivier<\/a><\/div>\n<div class=\"blocco-descrizione\">Support pour \u00c9vangile en bois d&rsquo;olivier.<\/div>\n<\/div>\n<\/div>\n<p>Mais qui \u00e9tait<strong><a href=\"https:\/\/www.holyart.fr\/articles-religieux\/statues\/statues-en-bois-peint\/saint-etienne-bois-colore-val-gardena?flags=true\"> Saint \u00c9tienne<\/a><\/strong> et pourquoi il a \u00e9t\u00e9 si important\u00a0?<\/p>\n<p>Parce qu\u2019il a \u00e9t\u00e9 le <strong>premier<\/strong> \u00e0 subir les accusations et la rage de qui, en entendant les mots de l\u2019\u00c9vangile, n\u2019\u00e9tait pas pr\u00eat \u00e0 les accepter. Avant lui, la Parole r\u00e9pandue par les disciples de J\u00e9sus n\u2019avait encore jamais fait de victimes, n\u2019avait pas encore \u00e9t\u00e9 cause de la mort de qui la soutenait. \u00c9tienne \u00e9tait un jeune plein de foi et d\u2019enthousiasme, au point que les ap\u00f4tres lui demand\u00e8rent de les aider \u00e0 organiser la communaut\u00e9 chr\u00e9tienne de J\u00e9rusalem. Il adh\u00e9ra avec joie et devint le premier des <strong>sept diacres<\/strong> \u00e9lus pour permettre aux ap\u00f4tres de se concentrer uniquement sur la pr\u00e9dication de l\u2019\u00c9vangile. Dans les <em>Actes des Ap\u00f4tres<\/em>, nous lisons que, bien que choisis par les hommes et non pas par le Saint Esprit, comme arriva aux disciples de J\u00e9sus pr\u00e9sents <a href=\"https:\/\/www.holyart.fr\/blog\/accessoires-pour-la-liturgie\/a-loccasion-de-la-pentecote-priez-marie-qui-defait-les-noeuds\/\"><strong>le jour de la Pentec\u00f4te,<\/strong> <\/a>les sept diacres n\u2019\u00e9taient toutefois pas moins \u00ab\u00a0<em>pleins d\u2019Esprit-Saint et de sagesse<\/em>\u00a0\u00bb (Actes 6\u00a0:3). Outre \u00c9tienne, les \u00e9lus furent Philippe, Prochore, Nicanor, Timon, Parm\u00e9nas et Nicolas d\u2019Antioche. Les Ap\u00f4tres impos\u00e8rent les mains sur eux tous et les b\u00e9nirent.<\/p>\n<p>\u00c9tienne paya au prix fort son choix de foi. Nous savons assez peu sur lui : il \u00e9tait probablement grec (son nom en grec signifie \u00ab\u00a0couronn\u00e9\u00a0\u00bb), ou peut-\u00eatre un juif \u00e9duqu\u00e9 dans la culture hell\u00e9nistique. Un homme de culture, donc, et de sagesse ; qui apr\u00e8s son \u00e9lection comme diacre non seulement s\u2019affaira afin de soulager les ap\u00f4tres de toutes les questions administratives, mais, \u00e0 son tour, s\u2019engagea \u00e9galement \u00e0 \u00e9vang\u00e9liser et \u00e0 convertir ceux qui arrivaient en ville. De nombreux prodiges lui sont attribu\u00e9s.<\/p>\n<div class=\"link-product\">\n<div class=\"blocco-immagine\"><img loading=\"lazy\" decoding=\"async\" class=\"alignnone size-full wp-image-5622\" src=\"https:\/\/blog.holyart.it\/fr\/wp-content\/uploads\/sites\/14\/2022\/12\/Saint-\u00c9tienne-bois-color\u00e9-Val-Gardena.jpg\" alt=\"Saint \u00c9tienne bois color\u00e9 Val Gardena\" width=\"100\" height=\"100\" data-kale-share-title=\"Saint \u00c9tienne : le premier martyr du christianisme\" data-kale-share-url=\"https:\/\/blog.holyart.it\/fr\/?p=5616\" \/><\/div>\n<div class=\"blocco-contenuto\">\n<div class=\"blocco-acquista\">Acheter sur Holyart:<\/div>\n<div class=\"blocco-titolo\"><a href=\"https:\/\/www.holyart.fr\/articles-religieux\/statues\/statues-en-bois-peint\/saint-etienne-bois-colore-val-gardena\">Saint \u00c9tienne bois color\u00e9 Val Gardena<\/a><\/div>\n<div class=\"blocco-descrizione\">Sculpt\u00e9e en bois d&rsquo;\u00e9rable color\u00e9 du Val Gardena.<\/div>\n<\/div>\n<\/div>\n<p>Ce furent les juifs, agac\u00e9s par ces conversions, qui accus\u00e8rent \u00c9tienne de blasph\u00e8me et \u00e0 monter la population contre lui.<br \/>\nTrain\u00e9 devant le Sanh\u00e9drin, le jeune diacre r\u00e9pondit aux fausses accusations qui lui \u00e9taient adress\u00e9es avec un long discours, avec lequel il d\u00e9non\u00e7ait les juifs qui n\u2019avaient pas \u00e9t\u00e9 capables de reconnaitre J\u00e9sus pour ce qu\u2019il \u00e9tait, malgr\u00e9 le fait que patriarches et proph\u00e8tes l\u2019avaient pr\u00e9dit et pr\u00e9par\u00e9 pour son avent. Cela exacerba davantage ses accusateurs et \u00c9tienne fut train\u00e9 dehors devant la foule enrag\u00e9e et lapid\u00e9. Au lynchage assista aussi Saul, qui serait devenu un des plus f\u00e9roces pers\u00e9cuteurs des chr\u00e9tiens et, par la suite, <strong>Saint Paul de Tarse<\/strong>, <strong><a href=\"https:\/\/www.holyart.fr\/blog\/saints-et-bienheureux\/saint-paul-de-tarse-histoire-dun-missionnaire\/\">l\u2019Ap\u00f4tre des Gentils.<\/a><\/strong> Saul pris lui-m\u00eame part de mani\u00e8re active \u00e0 l\u2019impitoyable pers\u00e9cution qui se d\u00e9cha\u00eena contre les chr\u00e9tiens \u00e0 J\u00e9rusalem juste apr\u00e8s la mort d\u2019\u00c9tienne.<\/p>\n<div class=\"link-article\">\n<p><img loading=\"lazy\" decoding=\"async\" class=\"alignnone size-full wp-image-5623\" src=\"https:\/\/blog.holyart.it\/fr\/wp-content\/uploads\/sites\/14\/2022\/12\/Saint-Paul-de-Tarse.jpg\" alt=\"Saint Paul de Tarse\" width=\"150\" height=\"100\" data-kale-share-title=\"Saint \u00c9tienne : le premier martyr du christianisme\" data-kale-share-url=\"https:\/\/blog.holyart.it\/fr\/?p=5616\" \/><\/p>\n<div class=\"leggi-anche\">Lire aussi :<\/div>\n<p><strong><a href=\"https:\/\/www.holyart.fr\/blog\/saints-et-bienheureux\/saint-paul-de-tarse-histoire-dun-missionnaire\/\">Saint Paul de Tarse : histoire d\u2019un missionnaire<\/a><\/strong><br \/>\nSaint Paul de Tarse peut \u00eatre consid\u00e9r\u00e9 comme le premier grand missionnaire de l\u2019\u00e9glise chr\u00e9tienne.<\/p>\n<\/div>\n<p>L\u2019histoire d\u2019\u00c9tienne, son exemple de courage et d\u2019abn\u00e9gation, d\u00e9montrent comment d\u00e8s le d\u00e9but croire en l\u2019\u00c9vangile \u00e9tait bien plus que de donner du cr\u00e9dit aux mots d\u2019un proph\u00e8te, J\u00e9sus, comme \u00e0 ceux de beaucoup d\u2019autres venus avant Lui. La port\u00e9e du message de J\u00e9sus \u00e9tait si r\u00e9volutionnaire qu\u2019elle inspirait la crainte en ceux qui n\u2019\u00e9taient pas pr\u00eats \u00e0 l\u2019accueillir, jusqu\u2019\u00e0 arriver \u00e0 susciter une haine meurtri\u00e8re. Ainsi nait le concept de <strong>martyr<\/strong>, d\u2019homme ou de femme pr\u00eats \u00e0 supporter d\u2019indicibles peines et de tourments, voire \u00e0 mourir, afin de t\u00e9moigner leur foi.<\/p>\n<h2>Signification de protomartyr<\/h2>\n<p><strong>Protomartyr<\/strong>, l&rsquo;attribut r\u00e9f\u00e9r\u00e9 \u00e0 <a href=\"https:\/\/www.holyart.fr\/articles-religieux\/icones-religieuses\/icones-roumaines-peintes\/icone-saint-etienne-peinte-roumanie\"><strong>Saint \u00c9tienne,<\/strong><\/a> indique son \u00eatre le premier, parmi les chr\u00e9tiens, \u00e0 affronter le martyr. Le mot unit deux termes grecs : \u03c0\u03c1\u1ff6\u03c4\u03bf\u03c2 (pr\u014dtos, \u00ab\u00a0premier\u00a0\u00bb) et \u03bc\u03ac\u03c1\u03c4\u03c5\u03c2 (martys, \u00ab\u00a0t\u00e9moin (de foi)\u00a0\u00bb).<\/p>\n<div class=\"link-product\">\n<div class=\"blocco-immagine\"><img loading=\"lazy\" decoding=\"async\" class=\"alignnone size-full wp-image-5624\" src=\"https:\/\/blog.holyart.it\/fr\/wp-content\/uploads\/sites\/14\/2022\/12\/Ic\u00f4ne-Saint-\u00c9tienne-peinte-Roumanie-.jpg\" alt=\"Ic\u00f4ne Saint \u00c9tienne peinte Roumanie\" width=\"100\" height=\"100\" data-kale-share-title=\"Saint \u00c9tienne : le premier martyr du christianisme\" data-kale-share-url=\"https:\/\/blog.holyart.it\/fr\/?p=5616\" \/><\/div>\n<div class=\"blocco-contenuto\">\n<div class=\"blocco-acquista\">Acheter sur Holyart:<\/div>\n<div class=\"blocco-titolo\"><a href=\"https:\/\/www.holyart.fr\/articles-religieux\/icones-religieuses\/icones-roumaines-peintes\/icone-saint-etienne-peinte-roumanie\">Ic\u00f4ne Saint \u00c9tienne peinte Roumanie<\/a><\/div>\n<div class=\"blocco-descrizione\">Ic\u00f4ne r\u00e9alis\u00e9e par des artisans roumains<\/div>\n<\/div>\n<\/div>\n<h2>Pourquoi f\u00eatons-nous Saint \u00c9tienne ?<\/h2>\n<p>Ce n\u2019est pas un hasard si la f\u00eate de Saint \u00c9tienne tombe si pr\u00e8s de la <strong><a href=\"https:\/\/www.holyart.fr\/noel\">No\u00ebl.<\/a><\/strong> Autrefois, on d\u00e9cida de faire suivre au jour d\u00e9di\u00e9 aux festivit\u00e9s pour la naissance de J\u00e9sus d\u2019autres jours de f\u00eate qui c\u00e9l\u00e8brent la m\u00e9moire d\u2019hommes qui lui furent particuli\u00e8rement proches, ou qui le connurent, ou parce qu\u2019ils eurent un quelque r\u00f4le dans la diffusion de Sa parole. Il s\u2019agit des <strong>Comites Christi<\/strong>, la \u00ab\u00a0suite de Christ\u00a0\u00bb, puisqu\u2019au Moyen \u00c2ge on imaginait que ce groupe de Saints constituaient le cort\u00e8ge d\u2019honneur venu c\u00e9l\u00e9brer l\u2019Enfant J\u00e9sus. Cette tradition avait beaucoup d\u2019emprise sur la d\u00e9votion populaire.<\/p>\n<div class=\"link-product\">\n<div class=\"blocco-immagine\"><img loading=\"lazy\" decoding=\"async\" class=\"alignnone size-full wp-image-5625\" src=\"https:\/\/blog.holyart.it\/fr\/wp-content\/uploads\/sites\/14\/2022\/12\/Bougies-de-Noel.jpg\" alt=\"Bougies de Noel\" width=\"100\" height=\"100\" data-kale-share-title=\"Saint \u00c9tienne : le premier martyr du christianisme\" data-kale-share-url=\"https:\/\/blog.holyart.it\/fr\/?p=5616\" \/><\/div>\n<div class=\"blocco-contenuto\">\n<div class=\"blocco-acquista\">Acheter sur Holyart:<\/div>\n<div class=\"blocco-titolo\"><a href=\"https:\/\/www.holyart.fr\/noel\/decorations-noel-pour-la-maison\/bougies-de-noel?page=1\">Bougies de Noel<\/a><\/div>\n<div class=\"blocco-descrizione\">Vous trouverez de nombreux mod\u00e8les diff\u00e9rents.<\/div>\n<\/div>\n<\/div>\n<p>Les Comites Christi sont rappell\u00e9s dans l\u2019<strong>Octave de No\u00ebl<\/strong>, les huit jours qui s\u00e9parent le 25 d\u00e9cembre du 1er janvier. En particulier, les trois jours suivant imm\u00e9diatement No\u00ebl sont d\u00e9di\u00e9s \u00e0 :<\/p>\n<ul>\n<li>Saint \u00c9tienne protomartyr (26 d\u00e9cembre) ;<\/li>\n<li>Saint Jean Ap\u00f4tre et \u00c9vang\u00e9liste, l\u2019ap\u00f4tre pr\u00e9f\u00e9r\u00e9 de Christ (27 d\u00e9cembre) ;<\/li>\n<li>Saints Innocents martyrs, i.e. les enfants faits tu\u00e9s par H\u00e9rode (28 d\u00e9cembre)<\/li>\n<\/ul>\n<p>Dans l\u2019antiquit\u00e9 la f\u00eate de <a href=\"https:\/\/www.holyart.fr\/blog\/saints-et-bienheureux\/saints-pierre-et-paul-pourquoi-sont-ils-fetes-ensemble\/\"><strong>Saint Pierre et Saint Paul<\/strong><\/a> ap\u00f4tres aussi avait lieu dans la semaine apr\u00e8s No\u00ebl, mais elle a \u00e9t\u00e9 transf\u00e9r\u00e9e par la suite au 29 juin.<\/p>\n<div class=\"link-article\">\n<p><img loading=\"lazy\" decoding=\"async\" class=\"alignnone size-full wp-image-5626\" src=\"https:\/\/blog.holyart.it\/fr\/wp-content\/uploads\/sites\/14\/2022\/12\/Saints-Pierre-et-Paul.jpg\" alt=\"Saints Pierre et Paul\" width=\"150\" height=\"99\" data-kale-share-title=\"Saint \u00c9tienne : le premier martyr du christianisme\" data-kale-share-url=\"https:\/\/blog.holyart.it\/fr\/?p=5616\" \/><\/p>\n<div class=\"leggi-anche\">Lire aussi :<\/div>\n<p><strong><a href=\"https:\/\/www.holyart.fr\/blog\/saints-et-bienheureux\/saints-pierre-et-paul-pourquoi-sont-ils-fetes-ensemble\/\">Saints Pierre et Paul, pourquoi sont-ils f\u00eat\u00e9s ensemble ?<\/a><\/strong><br \/>\nLe 29 juin, on f\u00eate Saints Pierre et Paul. Deux ap\u00f4tres, deux hommes tr\u00e8s diff\u00e9rents, mais tous les deux fondamentaux pour l\u2019histoire de l\u2019\u00c9glise.<\/p>\n<\/div>\n<h2>Pourquoi le jour de Saint \u00c9tienne est un jour f\u00e9ri\u00e9\u00a0?<\/h2>\n<p>\u00c0 partir de 1947, le 26 d\u00e9cembre en Italie est un jour f\u00e9ri\u00e9. Cela parce qu\u2019on a souhait\u00e9 rallonger les f\u00eates de No\u00ebl d\u2019un jour. Le fait que telle date co\u00efncide avec la m\u00e9moire liturgique de Saint \u00c9tienne martyr n\u2019a pas de lien avec cette d\u00e9cision, bien que la d\u00e9votion \u00e0 ce jeune diacre a toujours \u00e9t\u00e9 tr\u00e8s ressentie.<\/p>\n<p>&nbsp;<\/p>\n","protected":false},"excerpt":{"rendered":"<p>Le 26 d\u00e9cembre on c\u00e9l\u00e8bre Saint \u00c9tienne, le premier chr\u00e9tien \u00e0 donner sa vie au nom de la foi en Christ. Voici son histoire Pour beaucoup, le jour de Saint \u00c9tienne n\u2019est qu\u2019un autre jour de f\u00eate, moins fr\u00e9n\u00e9tique que le R\u00e9veillon, moins \u00e9prouvant que&hellip;<\/p>\n","protected":false},"author":1,"featured_media":5617,"comment_status":"closed","ping_status":"open","sticky":false,"template":"","format":"standard","meta":{"_acf_changed":false,"footnotes":""},"categories":[10],"tags":[],"class_list":["post-5616","post","type-post","status-publish","format-standard","has-post-thumbnail","hentry","category-noel"],"acf":[],"yoast_head":"<!-- This site is optimized with the Yoast SEO plugin v26.6 - https:\/\/yoast.com\/wordpress\/plugins\/seo\/ -->\n<title>Saint \u00c9tienne : le premier martyr du christianisme - Holyart.fr Blog<\/title>\n<meta name=\"description\" content=\"Le 26 d\u00e9cembre on c\u00e9l\u00e8bre Saint \u00c9tienne, le premier chr\u00e9tien \u00e0 donner sa vie au nom de la foi en Christ. Voici son histoire\" \/>\n<meta name=\"robots\" content=\"index, follow, max-snippet:-1, max-image-preview:large, max-video-preview:-1\" \/>\n<link rel=\"canonical\" href=\"https:\/\/blog.holyart.it\/fr\/noel\/saint-etienne-le-premier-martyr-du-christianisme\/\" \/>\n<meta property=\"og:locale\" content=\"fr_FR\" \/>\n<meta property=\"og:type\" content=\"article\" \/>\n<meta property=\"og:title\" content=\"Saint \u00c9tienne : le premier martyr du christianisme - Holyart.fr Blog\" \/>\n<meta property=\"og:description\" content=\"Le 26 d\u00e9cembre on c\u00e9l\u00e8bre Saint \u00c9tienne, le premier chr\u00e9tien \u00e0 donner sa vie au nom de la foi en Christ. Voici son histoire\" \/>\n<meta property=\"og:url\" content=\"https:\/\/blog.holyart.it\/fr\/noel\/saint-etienne-le-premier-martyr-du-christianisme\/\" \/>\n<meta property=\"og:site_name\" content=\"Holyart.fr Blog\" \/>\n<meta property=\"article:published_time\" content=\"2022-12-26T11:30:22+00:00\" \/>\n<meta property=\"article:modified_time\" content=\"2025-12-18T11:15:51+00:00\" \/>\n<meta property=\"og:image\" content=\"https:\/\/blog.holyart.it\/fr\/wp-content\/uploads\/sites\/14\/2022\/12\/Saint-etienne.jpg\" \/>\n\t<meta property=\"og:image:width\" content=\"1000\" \/>\n\t<meta property=\"og:image:height\" content=\"666\" \/>\n\t<meta property=\"og:image:type\" content=\"image\/jpeg\" \/>\n<meta name=\"author\" content=\"Redazione\" \/>\n<meta name=\"twitter:card\" content=\"summary_large_image\" \/>\n<meta name=\"twitter:label1\" content=\"\u00c9crit par\" \/>\n\t<meta name=\"twitter:data1\" content=\"Redazione\" \/>\n\t<meta name=\"twitter:label2\" content=\"Dur\u00e9e de lecture estim\u00e9e\" \/>\n\t<meta name=\"twitter:data2\" content=\"7 minutes\" \/>\n<script type=\"application\/ld+json\" class=\"yoast-schema-graph\">{\"@context\":\"https:\/\/schema.org\",\"@graph\":[{\"@type\":\"Article\",\"@id\":\"https:\/\/blog.holyart.it\/fr\/noel\/saint-etienne-le-premier-martyr-du-christianisme\/#article\",\"isPartOf\":{\"@id\":\"https:\/\/blog.holyart.it\/fr\/noel\/saint-etienne-le-premier-martyr-du-christianisme\/\"},\"author\":{\"name\":\"Redazione\",\"@id\":\"https:\/\/blog.holyart.it\/fr\/#\/schema\/person\/0a7b686e5af0f856ec1e390dd0baecda\"},\"headline\":\"Saint \u00c9tienne : le premier martyr du christianisme\",\"datePublished\":\"2022-12-26T11:30:22+00:00\",\"dateModified\":\"2025-12-18T11:15:51+00:00\",\"mainEntityOfPage\":{\"@id\":\"https:\/\/blog.holyart.it\/fr\/noel\/saint-etienne-le-premier-martyr-du-christianisme\/\"},\"wordCount\":1219,\"publisher\":{\"@id\":\"https:\/\/blog.holyart.it\/fr\/#organization\"},\"image\":{\"@id\":\"https:\/\/blog.holyart.it\/fr\/noel\/saint-etienne-le-premier-martyr-du-christianisme\/#primaryimage\"},\"thumbnailUrl\":\"https:\/\/blog.holyart.it\/fr\/wp-content\/uploads\/sites\/14\/2022\/12\/Saint-etienne.jpg\",\"articleSection\":[\"No\u00ebl\"],\"inLanguage\":\"fr-FR\"},{\"@type\":\"WebPage\",\"@id\":\"https:\/\/blog.holyart.it\/fr\/noel\/saint-etienne-le-premier-martyr-du-christianisme\/\",\"url\":\"https:\/\/blog.holyart.it\/fr\/noel\/saint-etienne-le-premier-martyr-du-christianisme\/\",\"name\":\"Saint \u00c9tienne : le premier martyr du christianisme - Holyart.fr Blog\",\"isPartOf\":{\"@id\":\"https:\/\/blog.holyart.it\/fr\/#website\"},\"primaryImageOfPage\":{\"@id\":\"https:\/\/blog.holyart.it\/fr\/noel\/saint-etienne-le-premier-martyr-du-christianisme\/#primaryimage\"},\"image\":{\"@id\":\"https:\/\/blog.holyart.it\/fr\/noel\/saint-etienne-le-premier-martyr-du-christianisme\/#primaryimage\"},\"thumbnailUrl\":\"https:\/\/blog.holyart.it\/fr\/wp-content\/uploads\/sites\/14\/2022\/12\/Saint-etienne.jpg\",\"datePublished\":\"2022-12-26T11:30:22+00:00\",\"dateModified\":\"2025-12-18T11:15:51+00:00\",\"description\":\"Le 26 d\u00e9cembre on c\u00e9l\u00e8bre Saint \u00c9tienne, le premier chr\u00e9tien \u00e0 donner sa vie au nom de la foi en Christ. Voici son histoire\",\"breadcrumb\":{\"@id\":\"https:\/\/blog.holyart.it\/fr\/noel\/saint-etienne-le-premier-martyr-du-christianisme\/#breadcrumb\"},\"inLanguage\":\"fr-FR\",\"potentialAction\":[{\"@type\":\"ReadAction\",\"target\":[\"https:\/\/blog.holyart.it\/fr\/noel\/saint-etienne-le-premier-martyr-du-christianisme\/\"]}]},{\"@type\":\"ImageObject\",\"inLanguage\":\"fr-FR\",\"@id\":\"https:\/\/blog.holyart.it\/fr\/noel\/saint-etienne-le-premier-martyr-du-christianisme\/#primaryimage\",\"url\":\"https:\/\/blog.holyart.it\/fr\/wp-content\/uploads\/sites\/14\/2022\/12\/Saint-etienne.jpg\",\"contentUrl\":\"https:\/\/blog.holyart.it\/fr\/wp-content\/uploads\/sites\/14\/2022\/12\/Saint-etienne.jpg\",\"width\":1000,\"height\":666,\"caption\":\"Saint etienne\"},{\"@type\":\"BreadcrumbList\",\"@id\":\"https:\/\/blog.holyart.it\/fr\/noel\/saint-etienne-le-premier-martyr-du-christianisme\/#breadcrumb\",\"itemListElement\":[{\"@type\":\"ListItem\",\"position\":1,\"name\":\"Homepage\",\"item\":\"https:\/\/blog.holyart.it\/fr\/\"},{\"@type\":\"ListItem\",\"position\":2,\"name\":\"No\u00ebl\",\"item\":\"https:\/\/blog.holyart.it\/fr\/noel\/\"},{\"@type\":\"ListItem\",\"position\":3,\"name\":\"Saint \u00c9tienne : le premier martyr du christianisme\"}]},{\"@type\":\"WebSite\",\"@id\":\"https:\/\/blog.holyart.it\/fr\/#website\",\"url\":\"https:\/\/blog.holyart.it\/fr\/\",\"name\":\"Holyart.fr Blog\",\"description\":\"Holyblog\",\"publisher\":{\"@id\":\"https:\/\/blog.holyart.it\/fr\/#organization\"},\"potentialAction\":[{\"@type\":\"SearchAction\",\"target\":{\"@type\":\"EntryPoint\",\"urlTemplate\":\"https:\/\/blog.holyart.it\/fr\/?s={search_term_string}\"},\"query-input\":{\"@type\":\"PropertyValueSpecification\",\"valueRequired\":true,\"valueName\":\"search_term_string\"}}],\"inLanguage\":\"fr-FR\"},{\"@type\":\"Organization\",\"@id\":\"https:\/\/blog.holyart.it\/fr\/#organization\",\"name\":\"Holyart.fr Blog\",\"url\":\"https:\/\/blog.holyart.it\/fr\/\",\"logo\":{\"@type\":\"ImageObject\",\"inLanguage\":\"fr-FR\",\"@id\":\"https:\/\/blog.holyart.it\/fr\/#\/schema\/logo\/image\/\",\"url\":\"https:\/\/blog.holyart.it\/fr\/wp-content\/uploads\/sites\/14\/2022\/12\/Holyart_Blog_Logo.jpg\",\"contentUrl\":\"https:\/\/blog.holyart.it\/fr\/wp-content\/uploads\/sites\/14\/2022\/12\/Holyart_Blog_Logo.jpg\",\"width\":300,\"height\":50,\"caption\":\"Holyart.fr Blog\"},\"image\":{\"@id\":\"https:\/\/blog.holyart.it\/fr\/#\/schema\/logo\/image\/\"}},{\"@type\":\"Person\",\"@id\":\"https:\/\/blog.holyart.it\/fr\/#\/schema\/person\/0a7b686e5af0f856ec1e390dd0baecda\",\"name\":\"Redazione\",\"image\":{\"@type\":\"ImageObject\",\"inLanguage\":\"fr-FR\",\"@id\":\"https:\/\/blog.holyart.it\/fr\/#\/schema\/person\/image\/\",\"url\":\"https:\/\/secure.gravatar.com\/avatar\/f477da817f43e50d0af36abecd33e3edf826c68299714bdc1057dff3b113f516?s=96&d=mm&r=g\",\"contentUrl\":\"https:\/\/secure.gravatar.com\/avatar\/f477da817f43e50d0af36abecd33e3edf826c68299714bdc1057dff3b113f516?s=96&d=mm&r=g\",\"caption\":\"Redazione\"},\"url\":\"https:\/\/blog.holyart.it\/fr\/author\/admin\/\"}]}<\/script>\n<!-- \/ Yoast SEO plugin. -->","yoast_head_json":{"title":"Saint \u00c9tienne : le premier martyr du christianisme - Holyart.fr Blog","description":"Le 26 d\u00e9cembre on c\u00e9l\u00e8bre Saint \u00c9tienne, le premier chr\u00e9tien \u00e0 donner sa vie au nom de la foi en Christ. Voici son histoire","robots":{"index":"index","follow":"follow","max-snippet":"max-snippet:-1","max-image-preview":"max-image-preview:large","max-video-preview":"max-video-preview:-1"},"canonical":"https:\/\/blog.holyart.it\/fr\/noel\/saint-etienne-le-premier-martyr-du-christianisme\/","og_locale":"fr_FR","og_type":"article","og_title":"Saint \u00c9tienne : le premier martyr du christianisme - Holyart.fr Blog","og_description":"Le 26 d\u00e9cembre on c\u00e9l\u00e8bre Saint \u00c9tienne, le premier chr\u00e9tien \u00e0 donner sa vie au nom de la foi en Christ. Voici son histoire","og_url":"https:\/\/blog.holyart.it\/fr\/noel\/saint-etienne-le-premier-martyr-du-christianisme\/","og_site_name":"Holyart.fr Blog","article_published_time":"2022-12-26T11:30:22+00:00","article_modified_time":"2025-12-18T11:15:51+00:00","og_image":[{"width":1000,"height":666,"url":"https:\/\/blog.holyart.it\/fr\/wp-content\/uploads\/sites\/14\/2022\/12\/Saint-etienne.jpg","type":"image\/jpeg"}],"author":"Redazione","twitter_card":"summary_large_image","twitter_misc":{"\u00c9crit par":"Redazione","Dur\u00e9e de lecture estim\u00e9e":"7 minutes"},"schema":{"@context":"https:\/\/schema.org","@graph":[{"@type":"Article","@id":"https:\/\/blog.holyart.it\/fr\/noel\/saint-etienne-le-premier-martyr-du-christianisme\/#article","isPartOf":{"@id":"https:\/\/blog.holyart.it\/fr\/noel\/saint-etienne-le-premier-martyr-du-christianisme\/"},"author":{"name":"Redazione","@id":"https:\/\/blog.holyart.it\/fr\/#\/schema\/person\/0a7b686e5af0f856ec1e390dd0baecda"},"headline":"Saint \u00c9tienne : le premier martyr du christianisme","datePublished":"2022-12-26T11:30:22+00:00","dateModified":"2025-12-18T11:15:51+00:00","mainEntityOfPage":{"@id":"https:\/\/blog.holyart.it\/fr\/noel\/saint-etienne-le-premier-martyr-du-christianisme\/"},"wordCount":1219,"publisher":{"@id":"https:\/\/blog.holyart.it\/fr\/#organization"},"image":{"@id":"https:\/\/blog.holyart.it\/fr\/noel\/saint-etienne-le-premier-martyr-du-christianisme\/#primaryimage"},"thumbnailUrl":"https:\/\/blog.holyart.it\/fr\/wp-content\/uploads\/sites\/14\/2022\/12\/Saint-etienne.jpg","articleSection":["No\u00ebl"],"inLanguage":"fr-FR"},{"@type":"WebPage","@id":"https:\/\/blog.holyart.it\/fr\/noel\/saint-etienne-le-premier-martyr-du-christianisme\/","url":"https:\/\/blog.holyart.it\/fr\/noel\/saint-etienne-le-premier-martyr-du-christianisme\/","name":"Saint \u00c9tienne : le premier martyr du christianisme - Holyart.fr Blog","isPartOf":{"@id":"https:\/\/blog.holyart.it\/fr\/#website"},"primaryImageOfPage":{"@id":"https:\/\/blog.holyart.it\/fr\/noel\/saint-etienne-le-premier-martyr-du-christianisme\/#primaryimage"},"image":{"@id":"https:\/\/blog.holyart.it\/fr\/noel\/saint-etienne-le-premier-martyr-du-christianisme\/#primaryimage"},"thumbnailUrl":"https:\/\/blog.holyart.it\/fr\/wp-content\/uploads\/sites\/14\/2022\/12\/Saint-etienne.jpg","datePublished":"2022-12-26T11:30:22+00:00","dateModified":"2025-12-18T11:15:51+00:00","description":"Le 26 d\u00e9cembre on c\u00e9l\u00e8bre Saint \u00c9tienne, le premier chr\u00e9tien \u00e0 donner sa vie au nom de la foi en Christ. Voici son histoire","breadcrumb":{"@id":"https:\/\/blog.holyart.it\/fr\/noel\/saint-etienne-le-premier-martyr-du-christianisme\/#breadcrumb"},"inLanguage":"fr-FR","potentialAction":[{"@type":"ReadAction","target":["https:\/\/blog.holyart.it\/fr\/noel\/saint-etienne-le-premier-martyr-du-christianisme\/"]}]},{"@type":"ImageObject","inLanguage":"fr-FR","@id":"https:\/\/blog.holyart.it\/fr\/noel\/saint-etienne-le-premier-martyr-du-christianisme\/#primaryimage","url":"https:\/\/blog.holyart.it\/fr\/wp-content\/uploads\/sites\/14\/2022\/12\/Saint-etienne.jpg","contentUrl":"https:\/\/blog.holyart.it\/fr\/wp-content\/uploads\/sites\/14\/2022\/12\/Saint-etienne.jpg","width":1000,"height":666,"caption":"Saint etienne"},{"@type":"BreadcrumbList","@id":"https:\/\/blog.holyart.it\/fr\/noel\/saint-etienne-le-premier-martyr-du-christianisme\/#breadcrumb","itemListElement":[{"@type":"ListItem","position":1,"name":"Homepage","item":"https:\/\/blog.holyart.it\/fr\/"},{"@type":"ListItem","position":2,"name":"No\u00ebl","item":"https:\/\/blog.holyart.it\/fr\/noel\/"},{"@type":"ListItem","position":3,"name":"Saint \u00c9tienne : le premier martyr du christianisme"}]},{"@type":"WebSite","@id":"https:\/\/blog.holyart.it\/fr\/#website","url":"https:\/\/blog.holyart.it\/fr\/","name":"Holyart.fr Blog","description":"Holyblog","publisher":{"@id":"https:\/\/blog.holyart.it\/fr\/#organization"},"potentialAction":[{"@type":"SearchAction","target":{"@type":"EntryPoint","urlTemplate":"https:\/\/blog.holyart.it\/fr\/?s={search_term_string}"},"query-input":{"@type":"PropertyValueSpecification","valueRequired":true,"valueName":"search_term_string"}}],"inLanguage":"fr-FR"},{"@type":"Organization","@id":"https:\/\/blog.holyart.it\/fr\/#organization","name":"Holyart.fr Blog","url":"https:\/\/blog.holyart.it\/fr\/","logo":{"@type":"ImageObject","inLanguage":"fr-FR","@id":"https:\/\/blog.holyart.it\/fr\/#\/schema\/logo\/image\/","url":"https:\/\/blog.holyart.it\/fr\/wp-content\/uploads\/sites\/14\/2022\/12\/Holyart_Blog_Logo.jpg","contentUrl":"https:\/\/blog.holyart.it\/fr\/wp-content\/uploads\/sites\/14\/2022\/12\/Holyart_Blog_Logo.jpg","width":300,"height":50,"caption":"Holyart.fr Blog"},"image":{"@id":"https:\/\/blog.holyart.it\/fr\/#\/schema\/logo\/image\/"}},{"@type":"Person","@id":"https:\/\/blog.holyart.it\/fr\/#\/schema\/person\/0a7b686e5af0f856ec1e390dd0baecda","name":"Redazione","image":{"@type":"ImageObject","inLanguage":"fr-FR","@id":"https:\/\/blog.holyart.it\/fr\/#\/schema\/person\/image\/","url":"https:\/\/secure.gravatar.com\/avatar\/f477da817f43e50d0af36abecd33e3edf826c68299714bdc1057dff3b113f516?s=96&d=mm&r=g","contentUrl":"https:\/\/secure.gravatar.com\/avatar\/f477da817f43e50d0af36abecd33e3edf826c68299714bdc1057dff3b113f516?s=96&d=mm&r=g","caption":"Redazione"},"url":"https:\/\/blog.holyart.it\/fr\/author\/admin\/"}]}},"_links":{"self":[{"href":"https:\/\/blog.holyart.it\/fr\/wp-json\/wp\/v2\/posts\/5616","targetHints":{"allow":["GET"]}}],"collection":[{"href":"https:\/\/blog.holyart.it\/fr\/wp-json\/wp\/v2\/posts"}],"about":[{"href":"https:\/\/blog.holyart.it\/fr\/wp-json\/wp\/v2\/types\/post"}],"author":[{"embeddable":true,"href":"https:\/\/blog.holyart.it\/fr\/wp-json\/wp\/v2\/users\/1"}],"replies":[{"embeddable":true,"href":"https:\/\/blog.holyart.it\/fr\/wp-json\/wp\/v2\/comments?post=5616"}],"version-history":[{"count":1,"href":"https:\/\/blog.holyart.it\/fr\/wp-json\/wp\/v2\/posts\/5616\/revisions"}],"predecessor-version":[{"id":7559,"href":"https:\/\/blog.holyart.it\/fr\/wp-json\/wp\/v2\/posts\/5616\/revisions\/7559"}],"wp:featuredmedia":[{"embeddable":true,"href":"https:\/\/blog.holyart.it\/fr\/wp-json\/wp\/v2\/media\/5617"}],"wp:attachment":[{"href":"https:\/\/blog.holyart.it\/fr\/wp-json\/wp\/v2\/media?parent=5616"}],"wp:term":[{"taxonomy":"category","embeddable":true,"href":"https:\/\/blog.holyart.it\/fr\/wp-json\/wp\/v2\/categories?post=5616"},{"taxonomy":"post_tag","embeddable":true,"href":"https:\/\/blog.holyart.it\/fr\/wp-json\/wp\/v2\/tags?post=5616"}],"curies":[{"name":"wp","href":"https:\/\/api.w.org\/{rel}","templated":true}]}}