{"id":5590,"date":"2022-12-21T12:30:39","date_gmt":"2022-12-21T11:30:39","guid":{"rendered":"https:\/\/blog.holyart.it\/fr\/?p=5590"},"modified":"2024-12-16T10:50:24","modified_gmt":"2024-12-16T09:50:24","slug":"dresser-la-table-a-noel-plein-didees-meme-a-realiser-soi-meme","status":"publish","type":"post","link":"https:\/\/blog.holyart.it\/fr\/noel\/dresser-la-table-a-noel-plein-didees-meme-a-realiser-soi-meme\/","title":{"rendered":"Dresser la table \u00e0 No\u00ebl : plein d\u2019id\u00e9es, m\u00eame \u00e0 r\u00e9aliser soi-m\u00eame"},"content":{"rendered":"<h4>La table des F\u00eates est symbole d\u2019accueil et d\u2019intimit\u00e9 familiale. Voici comment dresser la table \u00e0 No\u00ebl.<\/h4>\n\n<p>L\u2019\u00e9t\u00e9 vient \u00e0 peine de se terminer, et pourtant ce n\u2019est d\u00e9j\u00e0 plus qu\u2019un souvenir. Les journ\u00e9es raccourcissent, l\u2019air s\u2019emplit d\u2019humidit\u00e9 et de brouillard, le froid devient de plus en plus intense, mordant, et sans presque nous en rendre compte nous sommes d\u00e9j\u00e0 aux portes de l\u2019hiver. Et, comme chaque ann\u00e9e, le froid recommence \u00e0 \u00e9voquer les parfums et les sensations caract\u00e9ristiques des jours de F\u00eate, cette douce torpeur qui envahit nos maisons, cette atmosph\u00e8re magique et rar\u00e9fi\u00e9e qui semble rendre tout plus joli et sp\u00e9cial. Et bien oui, nous nous rapprochons de <strong><a href=\"https:\/\/www.holyart.fr\/noel\">No\u00ebl<\/a><\/strong>, et bient\u00f4t nous commencerons \u00e0 d\u00e9corer notre maison afin de nous pr\u00e9parer non seulement dans notre esprit, mais aussi dans notre quotidiennet\u00e9, \u00e0 cette f\u00eate si pr\u00e9cieuse et unique.<br \/>\nComment vous pr\u00e9parez-vous cette ann\u00e9e\u00a0? Quelle <strong><a href=\"https:\/\/www.holyart.fr\/blog\/noel\/5-decorations-pour-la-maison-parfaits-pour-noel-ou-pour-toute-lannee\/\">d\u00e9coration de No\u00ebl<\/a><\/strong> choisirez-vous pour votre maison\u00a0? Un tableau de th\u00e8me sacr\u00e9, une bougie sp\u00e9ciale, peut-\u00eatre une <strong><a href=\"https:\/\/www.holyart.fr\/noel\/avent?page=1\">couronne de l\u2019Avent<\/a><\/strong> avec ses bougies color\u00e9es qui br\u00fble les jours qui nous s\u00e9parent de la c\u00e9l\u00e9bration de la Nativit\u00e9 en diffusant dans l\u2019air un doux parfum de F\u00eate\u00a0? Ou peut-\u00eatre choisirez-vous une belle<strong><a href=\"https:\/\/blog.holyart.it\/fr\/noel\/couronne-de-noel-la-decoration-parfaite-pour-noel\/\"> guirlande lumineuse,<\/a><\/strong> parfaite pour d\u00e9corer votre maison \u00e0 l\u2019int\u00e9rieur comme \u00e0 l\u2019ext\u00e9rieur. Et puis il y a le Sapin de No\u00ebl, la Cr\u00e8che,<strong><a href=\"https:\/\/www.holyart.fr\/noel\/bricolage-de-noel-et-accessoires\"> peut-\u00eatre faite par vous-m\u00eame,<\/a><\/strong> les luminaires\u2026<\/p>\n<div class=\"link-article\">\n<p><img loading=\"lazy\" decoding=\"async\" class=\"alignnone size-full wp-image-5592\" src=\"https:\/\/blog.holyart.it\/fr\/wp-content\/uploads\/sites\/14\/2022\/12\/Couronne-de-Noel.jpg\" alt=\"Couronne de Noel\" width=\"150\" height=\"99\" data-kale-share-title=\"Dresser la table \u00e0 No\u00ebl : plein d\u2019id\u00e9es, m\u00eame \u00e0 r\u00e9aliser soi-m\u00eame\" data-kale-share-url=\"https:\/\/blog.holyart.it\/fr\/?p=5590\" \/><\/p>\n<div class=\"leggi-anche\">Lire aussi :<\/div>\n<p><strong><a href=\"https:\/\/blog.holyart.it\/fr\/noel\/couronne-de-noel-la-decoration-parfaite-pour-noel\/\">Couronne de No\u00ebl : la d\u00e9coration parfaite pour No\u00ebl<\/a><\/strong><br \/>\nRonde, color\u00e9e et merveilleuse, la couronne de No\u00ebl peut \u00eatre une d\u00e9coration parfaite pour l\u2019int\u00e9rieur comme pour l\u2019ext\u00e9rieur.<\/p>\n<\/div>\n<p>En un rien de temps ce sera le moment de <strong>dresser la table de No\u00ebl<\/strong> et dans ce cas-ci aussi vous pourrez vous d\u00e9cha\u00eener. Parce que quand on pr\u00e9pare la table de No\u00ebl, rien ne peut \u00eatre laiss\u00e9 au hasard. Chaque d\u00e9tail, chaque petite chose sert \u00e0 exprimer toute la joie que nous \u00e9prouvons de pouvoir accueillir encore une fois dans notre maison notre famille, nos amis, ceux que nous aimons, afin de c\u00e9l\u00e9brer la magie de No\u00ebl, le merveilleux myst\u00e8re de la <a href=\"https:\/\/www.holyart.fr\/noel\/nativite?page=1&amp;flags=true\"><strong>Nativit\u00e9.<\/strong><\/a><\/p>\n<div class=\"link-product\">\n<div class=\"blocco-immagine\"><img loading=\"lazy\" decoding=\"async\" class=\"alignnone size-full wp-image-5593\" src=\"https:\/\/blog.holyart.it\/fr\/wp-content\/uploads\/sites\/14\/2022\/12\/Nativit\u00e9.jpg\" alt=\"Nativit\u00e9\" width=\"100\" height=\"100\" data-kale-share-title=\"Dresser la table \u00e0 No\u00ebl : plein d\u2019id\u00e9es, m\u00eame \u00e0 r\u00e9aliser soi-m\u00eame\" data-kale-share-url=\"https:\/\/blog.holyart.it\/fr\/?p=5590\" \/><\/div>\n<div class=\"blocco-contenuto\">\n<div class=\"blocco-acquista\">Acheter sur Holyart:<\/div>\n<div class=\"blocco-titolo\"><a href=\"https:\/\/www.holyart.fr\/noel\/nativite?page=1\">Nativit\u00e9<\/a><\/div>\n<div class=\"blocco-descrizione\">Nativit\u00e9 compl\u00e8te: en bois, pierre, cotton, porcelaine&#8230;<\/div>\n<\/div>\n<\/div>\n<p>Selon notre go\u00fbt, notre nature, nos possibilit\u00e9s, nous pourrons opter pour une table \u00e9l\u00e9gante et sophistiqu\u00e9e, en jouant sur le contraste classique or-rouge, ou blanc-argent, ou alors choisir un dressage plus \u00ab\u00a0homemade\u00a0\u00bb, plus rustique, peut-\u00eatre avec des petits d\u00e9tails en bois, des d\u00e9corations shabby chic, ou en r\u00e9utilisant des vieux bibelots du sapin de No\u00ebl de notre enfance, pourquoi pas\u00a0?<\/p>\n<p>Mais qu\u2019est-ce qui ne peut pas manquer sur la table de No\u00ebl\u00a0?<\/p>\n<p>Il ne s\u2019agit pas d\u2019impressionner nos h\u00f4tes, mais plut\u00f4t de les entra\u00eener dans un climat intime et familial, qui a le parfum du souvenir et du pass\u00e9, de traditions de famille qui revivent \u00e0 travers une nappe particuli\u00e8re, un service d\u2019assiette de notre grand-m\u00e8re, un milieu de table qui diffuse des ar\u00f4mes d\u2019orange et de cannelle. Au-del\u00e0 du choix de la nappe, des assiettes, des couverts et autres vaisselles sp\u00e9cifiques, qui varient en fonction du style que nous avons choisi de donner \u00e0 notre F\u00eate, le secret pour dresser notre table de No\u00ebl r\u00e9side justement dans les d\u00e9tails, comme le milieu de table, les marque-places. Voici quelques conseils.<\/p>\n<h2>Milieux de table de No\u00ebl<\/h2>\n<p>Nous avons d\u00e9j\u00e0 mentionn\u00e9 les <a href=\"https:\/\/blog.holyart.it\/fr\/noel\/couronne-de-noel-la-decoration-parfaite-pour-noel\/\"><strong>couronnes de No\u00ebl<\/strong><\/a> suspendues aux fen\u00eatres ou sur la porte d\u2019entr\u00e9e comme d\u00e9corations de No\u00ebl parfaites pour la maison \u00e0 No\u00ebl. Mais pourquoi ne pas choisir d\u2019en utiliser une comme milieu de table ? Une belle couronne d\u00e9cor\u00e9e de petites pommes de pin et de branches de houx, de rubans, baies, perles scintillantes et des incontournables bougies pour r\u00e9chauffer l\u2019atmosph\u00e8re.<br \/>\nUne <a href=\"https:\/\/www.holyart.fr\/noel\/avent\/couronne-avent-branches-tressees-avec-piques-28-cm\"><strong>couronne de l\u2019Avent<\/strong><\/a> pourrait aussi se r\u00e9v\u00e9ler une solution id\u00e9ale comme milieu de table classique. Semblable \u00e0 une couronne, elle est g\u00e9n\u00e9ralement ronde, compos\u00e9e de branches vertes tress\u00e9es, auxquelles s\u2019ajoutent des baies rouges, des boules de No\u00ebl, des b\u00e2tonnets de cannelle et plein d\u2019autres bibelots et ornements. La couronne de l\u2019Avent est en outre d\u00e9j\u00e0 pr\u00e9dispos\u00e9e pour accueillir des bougies avec des petits photophores en verre ou d\u2019autres solutions adapt\u00e9es \u00e0 tous les go\u00fbts et tous les styles.<br \/>\nNous ne nous lasserons jamais de vous rappeler que les <a href=\"https:\/\/www.holyart.fr\/noel\/avent\/bougies-bordeaux-spheriques-5-cm-4-pcs\"><strong>bougies<\/strong> <\/a>sur la table des F\u00eates ne peuvent absolument pas manquer. Pour les chr\u00e9tiens la lumi\u00e8re est un symbole d\u2019espoir, et les bougies apportent lumi\u00e8re et chaleur \u00e0 chaque occasion. Choisissez des <strong><a href=\"https:\/\/www.holyart.fr\/accessoires-pour-la-liturgie\/chandeliers-candelabres-bases-pour-cierge\/chandeliers-en-ceramique-verre-et-plexiglas\/lampes-votives-colorees\">bougeoirs<\/a><\/strong> adapt\u00e9s \u00e0 votre table, ou cr\u00e9ez-en vous-m\u00eame, en les personnalisant avec des d\u00e9corations de No\u00ebl faites maisons avec pommes de pin, baies, rubans. Ce milieu de table deviendra le coeur m\u00eame de votre F\u00eate.<\/p>\n<div class=\"sp-styles-warning\" style=\"width: 450px; background-color: #FFF; color: #F00; border: 1px solid #F00; padding: 10px; font-size: 14px;\">\n\t\t\t<span style=\"font-weight: bold;\">Warning: The stylesheets were not loaded!<\/span> \n\t\t\tYou will need to change the <i>Load stylesheets<\/i> setting from <i>Automatically<\/i> to <i>On homepage<\/i> or <i>On all pages<\/i>. \n\t\t\tYou can set that <a style=\"text-decoration: underline; color: #F00;\" href=\"https:\/\/blog.holyart.it\/fr\/wp-admin\/admin.php?page=sliderpro-settings\">here<\/a>.\n\t\t\t<\/div>\r\n<div id=\"slider-pro-93\" class=\"slider-pro sp-no-js\" style=\"width: 500px; height: 500px;\">\r\n\t<div class=\"sp-slides\">\r\n\t\t\r\n\t\t<div class=\"sp-slide\">\r\n\t\t\t<img loading=\"lazy\" decoding=\"async\" class=\"sp-image\" src=\"https:\/\/blog.holyart.it\/fr\/wp-content\/uploads\/sites\/14\/2022\/12\/Milieux-de-table.jpeg\" alt=\"Milieux de table\" width=\"500\" height=\"500\" \/>\r\n\t\t\t<img decoding=\"async\" class=\"sp-thumbnail\" src=\"https:\/\/blog.holyart.it\/fr\/wp-content\/uploads\/sites\/14\/2022\/12\/Milieux-de-table-150x150.jpeg\" \/>\r\n\t\t\t<div class=\"sp-caption\">Dans la cat\u00e9gorie Avent, couronnes et guirlandes de No\u00ebl pouvant servir de centres de table. <br \/><strong><a href=\"https:\/\/www.holyart.fr\/noel\/avent?page=1\">Acheter sur Holyart<\/a><\/strong><\/div>\r\n\t\t<\/div>\r\n\t\t<div class=\"sp-slide\">\r\n\t\t\t<img loading=\"lazy\" decoding=\"async\" class=\"sp-image\" src=\"https:\/\/blog.holyart.it\/fr\/wp-content\/uploads\/sites\/14\/2022\/12\/couronne-de-lavent-noeuds-baies-pommes-de-pin-30-cm.jpg\" alt=\"couronne-de-lavent-noeuds-baies-pommes-de-pin-30-cm\" width=\"500\" height=\"500\" \/>\r\n\t\t\t<img decoding=\"async\" class=\"sp-thumbnail\" src=\"https:\/\/blog.holyart.it\/fr\/wp-content\/uploads\/sites\/14\/2022\/12\/couronne-de-lavent-noeuds-baies-pommes-de-pin-30-cm-150x150.jpg\" \/>\r\n\t\t\t<div class=\"sp-caption\">Couronne de l'Avent noeuds baies pommes de pin 30 cm<br \/><strong><a href=\"https:\/\/www.holyart.fr\/noel\/avent\/couronne-de-lavent-noeuds-baies-pommes-de-pin-30-cm\">Acheter sur Holyart<\/a><\/strong><\/div>\r\n\t\t<\/div>\r\n\t\t<div class=\"sp-slide\">\r\n\t\t\t<img loading=\"lazy\" decoding=\"async\" class=\"sp-image\" src=\"https:\/\/blog.holyart.it\/fr\/wp-content\/uploads\/sites\/14\/2022\/12\/candele-bordeaux-tonde-5-cm-4-pezzi.jpg\" alt=\"candele-bordeaux-tonde-5-cm-4-pezzi\" width=\"500\" height=\"500\" \/>\r\n\t\t\t<img decoding=\"async\" class=\"sp-thumbnail\" src=\"https:\/\/blog.holyart.it\/fr\/wp-content\/uploads\/sites\/14\/2022\/12\/candele-bordeaux-tonde-5-cm-4-pezzi-150x150.jpg\" \/>\r\n\t\t\t<div class=\"sp-caption\">Bougies bordeaux sph\u00e9riques 5 cm 4 pcs<br \/><strong><a href=\"https:\/\/www.holyart.fr\/noel\/avent\/bougies-bordeaux-spheriques-5-cm-4-pcs\">Acheter sur Holyart<\/a><\/strong><\/div>\r\n\t\t<\/div>\r\n\t\t<div class=\"sp-slide\">\r\n\t\t\t<img loading=\"lazy\" decoding=\"async\" class=\"sp-image\" src=\"https:\/\/blog.holyart.it\/fr\/wp-content\/uploads\/sites\/14\/2022\/12\/lumettine-colorate.jpg\" alt=\"lumettine-colorate\" width=\"500\" height=\"500\" \/>\r\n\t\t\t<img decoding=\"async\" class=\"sp-thumbnail\" src=\"https:\/\/blog.holyart.it\/fr\/wp-content\/uploads\/sites\/14\/2022\/12\/lumettine-colorate-150x150.jpg\" \/>\r\n\t\t\t<div class=\"sp-caption\">Lampes votives color\u00e9es<br \/><strong><a href=\"https:\/\/www.holyart.fr\/accessoires-pour-la-liturgie\/chandeliers-candelabres-bases-pour-cierge\/chandeliers-en-ceramique-verre-et-plexiglas\/lampes-votives-colorees\">Acheter sur Holyart<\/a><\/strong><\/div>\r\n\t\t<\/div>\r\n\t<\/div>\r\n<\/div>\n<h2>Marque-places de No\u00ebl \u00e0 faire soi-m\u00eame<\/h2>\n<p>Les marque-places de No\u00ebl aussi sont des \u00e9l\u00e9ments qui peuvent rendre votre table de F\u00eate tr\u00e8s sp\u00e9ciale. No\u00ebl n\u2019est pas un jour comme les autres, et les personnes qui s\u2019installeront avec vous autour de la table figurent sur la liste de vos parents et vos amis les plus chers. Il est donc juste que chacun d\u2019entre eux se sente important, se reconnaisse comme partie de quelque chose de beau et de pr\u00e9cieux qui a besoin \u00e9galement de sa pr\u00e9sence pour \u00eatre parfait. Il existe dans le commerce de tr\u00e8s nombreux marque-places de No\u00ebl d\u00e9j\u00e0 tous faits, adapt\u00e9s \u00e0 chaque table et \u00e0 chaque maison, mais avec un peu d\u2019imagination il est possible de trouver des solutions personnalis\u00e9es et bien plus \u00e9conomiques. Un <a href=\"https:\/\/www.holyart.fr\/noel\/decorations-sapin-de-noel\/decorations-sapin-bois-et-pvc\/ange-a-suspendre-au-sapin-en-bois-dolivier-terre-sainte\"><strong>petit ange en bois d\u2019olivier de la Terre Sainte,<\/strong><\/a> r\u00e9alis\u00e9 sur place par des artisans locaux, ou une<strong> <a href=\"https:\/\/www.holyart.fr\/noel\/decorations-sapin-de-noel\/decorations-sapin-bois-et-pvc\/decoration-de-noel-bois-faconne-sainte-famille-et-enfant-jesus\">petite d\u00e9coration de No\u00ebl en bois taill\u00e9<\/a><\/strong> qui repr\u00e9sente la Sainte Famille avec l\u2019Enfant J\u00e9sus pourront se r\u00e9v\u00e9ler des marque-places de No\u00ebl gracieux et de grand effet, en plus de ne pas repr\u00e9senter une d\u00e9pense excessive. Parfois c\u2019est justement la simplicit\u00e9 la cl\u00e9 pour dresser la table de No\u00ebl avec succ\u00e8s et r\u00e9utiliser une d\u00e9coration de No\u00ebl faite maison, ou achet\u00e9e, peut-\u00eatre en bois, comme marque-place de No\u00ebl peut rendre votre table tout \u00e0 fait unique.<\/p>\n<div class=\"sp-styles-warning\" style=\"width: 450px; background-color: #FFF; color: #F00; border: 1px solid #F00; padding: 10px; font-size: 14px;\">\n\t\t\t<span style=\"font-weight: bold;\">Warning: The stylesheets were not loaded!<\/span> \n\t\t\tYou will need to change the <i>Load stylesheets<\/i> setting from <i>Automatically<\/i> to <i>On homepage<\/i> or <i>On all pages<\/i>. \n\t\t\tYou can set that <a style=\"text-decoration: underline; color: #F00;\" href=\"https:\/\/blog.holyart.it\/fr\/wp-admin\/admin.php?page=sliderpro-settings\">here<\/a>.\n\t\t\t<\/div>\r\n<div id=\"slider-pro-94\" class=\"slider-pro sp-no-js\" style=\"width: 500px; height: 500px;\">\r\n\t<div class=\"sp-slides\">\r\n\t\t\r\n\t\t<div class=\"sp-slide\">\r\n\t\t\t<img loading=\"lazy\" decoding=\"async\" class=\"sp-image\" src=\"https:\/\/blog.holyart.it\/fr\/wp-content\/uploads\/sites\/14\/2022\/12\/Marque-places.jpeg\" alt=\"Marque-places\" width=\"500\" height=\"500\" \/>\r\n\t\t\t<img decoding=\"async\" class=\"sp-thumbnail\" src=\"https:\/\/blog.holyart.it\/fr\/wp-content\/uploads\/sites\/14\/2022\/12\/Marque-places-150x150.jpeg\" \/>\r\n\t\t\t<div class=\"sp-caption\">Des id\u00e9es de marque-places de No\u00ebl qui rendront votre table unique.\n<br \/><strong><a href=\"https:\/\/www.holyart.fr\/noel\">Acheter sur Holyart<\/a><\/strong><\/div>\r\n\t\t<\/div>\r\n\t\t<div class=\"sp-slide\">\r\n\t\t\t<img loading=\"lazy\" decoding=\"async\" class=\"sp-image\" src=\"https:\/\/blog.holyart.it\/fr\/wp-content\/uploads\/sites\/14\/2022\/12\/D\u00e9coration-de-No\u00ebl-bois-fa\u00e7onn\u00e9-Sainte-Famille-et-Enfant-J\u00e9sus-.jpg\" alt=\"D\u00e9coration de No\u00ebl bois fa\u00e7onn\u00e9 Sainte Famille et Enfant J\u00e9sus\" width=\"500\" height=\"500\" \/>\r\n\t\t\t<img decoding=\"async\" class=\"sp-thumbnail\" src=\"https:\/\/blog.holyart.it\/fr\/wp-content\/uploads\/sites\/14\/2022\/12\/D\u00e9coration-de-No\u00ebl-bois-fa\u00e7onn\u00e9-Sainte-Famille-et-Enfant-J\u00e9sus--150x150.jpg\" \/>\r\n\t\t\t<div class=\"sp-caption\">D\u00e9coration de No\u00ebl bois fa\u00e7onn\u00e9 Sainte Famille et Enfant J\u00e9sus \n<br \/><strong><a href=\"https:\/\/www.holyart.fr\/noel\/decorations-sapin-de-noel\/decorations-sapin-bois-et-pvc\/decoration-de-noel-bois-faconne-sainte-famille-et-enfant-jesus\">Acheter sur Holyart<\/a><\/strong><\/div>\r\n\t\t<\/div>\r\n\t\t<div class=\"sp-slide\">\r\n\t\t\t<img loading=\"lazy\" decoding=\"async\" class=\"sp-image\" src=\"https:\/\/blog.holyart.it\/fr\/wp-content\/uploads\/sites\/14\/2022\/12\/Ange-\u00e0-suspendre-au-sapin-en-bois-dolivier-Terre-Sainte.jpg\" alt=\"Ange \u00e0 suspendre au sapin en bois d&#039;olivier Terre Sainte\" width=\"500\" height=\"500\" \/>\r\n\t\t\t<img decoding=\"async\" class=\"sp-thumbnail\" src=\"https:\/\/blog.holyart.it\/fr\/wp-content\/uploads\/sites\/14\/2022\/12\/Ange-\u00e0-suspendre-au-sapin-en-bois-dolivier-Terre-Sainte-150x150.jpg\" \/>\r\n\t\t\t<div class=\"sp-caption\">Ange \u00e0 suspendre au sapin en bois d'olivier Terre Sainte.\n<br \/><strong><a href=\"https:\/\/www.holyart.fr\/noel\/decorations-sapin-de-noel\/decorations-sapin-bois-et-pvc\/ange-a-suspendre-au-sapin-en-bois-dolivier-terre-sainte\">Acheter sur Holyart<\/a><\/strong><\/div>\r\n\t\t<\/div>\r\n\t\t<div class=\"sp-slide\">\r\n\t\t\t<img loading=\"lazy\" decoding=\"async\" class=\"sp-image\" src=\"https:\/\/blog.holyart.it\/fr\/wp-content\/uploads\/sites\/14\/2022\/12\/pin-vert-pour-cr\u00e8che-diverses-mesures.jpg\" alt=\"pin vert pour cr\u00e8che, diverses mesures\" width=\"500\" height=\"500\" \/>\r\n\t\t\t<img decoding=\"async\" class=\"sp-thumbnail\" src=\"https:\/\/blog.holyart.it\/fr\/wp-content\/uploads\/sites\/14\/2022\/12\/pin-vert-pour-cr\u00e8che-diverses-mesures-150x150.jpg\" \/>\r\n\t\t\t<div class=\"sp-caption\">Pin vert pour cr\u00e8che, diverses mesures.\n<br \/><strong><a href=\"https:\/\/www.holyart.fr\/noel\/bricolage-de-noel-et-accessoires\/mousse-vegetale-lichens-arbres-pavages\/pin-vert-pour-creche-diverses-mesures\">Acheter sur Holyart<\/a><\/strong><\/div>\r\n\t\t<\/div>\r\n\t\t<div class=\"sp-slide\">\r\n\t\t\t<img loading=\"lazy\" decoding=\"async\" class=\"sp-image\" src=\"https:\/\/blog.holyart.it\/fr\/wp-content\/uploads\/sites\/14\/2022\/12\/Assiette-bougeoir-bois-manguier-naturel-ovale-10x8-cm-.jpg\" alt=\"Assiette bougeoir bois manguier naturel ovale 10x8 cm\" width=\"500\" height=\"500\" \/>\r\n\t\t\t<img decoding=\"async\" class=\"sp-thumbnail\" src=\"https:\/\/blog.holyart.it\/fr\/wp-content\/uploads\/sites\/14\/2022\/12\/Assiette-bougeoir-bois-manguier-naturel-ovale-10x8-cm--150x150.jpg\" \/>\r\n\t\t\t<div class=\"sp-caption\">Assiette bougeoir bois manguier naturel ovale 10x8 cm.\n<br \/><strong><a href=\"https:\/\/www.holyart.fr\/articles-religieux\/support-bougies\/assiette-bougeoir-bois-manguier-naturel-ovale-10x8-cm\">Acheter sur Holyart<\/a><\/strong><\/div>\r\n\t\t<\/div>\r\n\t<\/div>\r\n<\/div>\n<h2>Sous-verres de No\u00ebl<\/h2>\n<p>Une autre id\u00e9e originale concerne les sous-verres de No\u00ebl. Il y en a de tous les genres et mat\u00e9riaux, du caoutchouc au li\u00e8ge, du papier au napperon au crochet, du cuir au feutre, mais un choix un peu diff\u00e9rent pourrait \u00eatre celui d\u2019utiliser des <strong><a href=\"https:\/\/www.holyart.fr\/articles-religieux\/brule-encens\/assiette-brule-encens-de-rechange-5-cm-laiton-dore\">assiettes pour bougies comme sous-verres<\/a><\/strong>, peut-\u00eatre en en choisissant des dor\u00e9es, afin de les assortir \u00e0 votre table de No\u00ebl et de les adapter au climat festif. En alternative, vous pouvez ici aussi vous d\u00e9cha\u00eener avec le bricolage maison et le recyclage de mat\u00e9riaux de r\u00e9cup\u00e9ration afin d\u2019obtenir des sous-verres de No\u00ebl tout \u00e0 fait uniques et originaux.<\/p>\n<div class=\"sp-styles-warning\" style=\"width: 450px; background-color: #FFF; color: #F00; border: 1px solid #F00; padding: 10px; font-size: 14px;\">\n\t\t\t<span style=\"font-weight: bold;\">Warning: The stylesheets were not loaded!<\/span> \n\t\t\tYou will need to change the <i>Load stylesheets<\/i> setting from <i>Automatically<\/i> to <i>On homepage<\/i> or <i>On all pages<\/i>. \n\t\t\tYou can set that <a style=\"text-decoration: underline; color: #F00;\" href=\"https:\/\/blog.holyart.it\/fr\/wp-admin\/admin.php?page=sliderpro-settings\">here<\/a>.\n\t\t\t<\/div>\r\n<div id=\"slider-pro-95\" class=\"slider-pro sp-no-js\" style=\"width: 500px; height: 500px;\">\r\n\t<div class=\"sp-slides\">\r\n\t\t\r\n\t\t<div class=\"sp-slide\">\r\n\t\t\t<img loading=\"lazy\" decoding=\"async\" class=\"sp-image\" src=\"https:\/\/blog.holyart.it\/fr\/wp-content\/uploads\/sites\/14\/2022\/12\/Sous-verres.jpeg\" alt=\"sous verres\" width=\"500\" height=\"500\" \/>\r\n\t\t\t<img decoding=\"async\" class=\"sp-thumbnail\" src=\"https:\/\/blog.holyart.it\/fr\/wp-content\/uploads\/sites\/14\/2022\/12\/Sous-verres-150x150.jpeg\" \/>\r\n\t\t\t<div class=\"sp-caption\">Id\u00e9es de dessous de verre pour votre table de No\u00ebl.\n<br \/><strong><a href=\"https:\/\/www.holyart.fr\/noel\">Acheter sur Holyart<\/a><\/strong><\/div>\r\n\t\t<\/div>\r\n\t\t<div class=\"sp-slide\">\r\n\t\t\t<img loading=\"lazy\" decoding=\"async\" class=\"sp-image\" src=\"https:\/\/blog.holyart.it\/fr\/wp-content\/uploads\/sites\/14\/2022\/12\/Assiette-105-cm-pour-huiles-essentielles-br\u00fble-encens-acier.jpg\" alt=\"Assiette 10,5 cm pour huiles essentielles br\u00fble-encens acier\" width=\"500\" height=\"500\" \/>\r\n\t\t\t<img decoding=\"async\" class=\"sp-thumbnail\" src=\"https:\/\/blog.holyart.it\/fr\/wp-content\/uploads\/sites\/14\/2022\/12\/Assiette-105-cm-pour-huiles-essentielles-br\u00fble-encens-acier-150x150.jpg\" \/>\r\n\t\t\t<div class=\"sp-caption\">Assiette 10,5 cm pour huiles essentielles br\u00fble-encens acier\n<br \/><strong><a href=\"https:\/\/www.holyart.fr\/articles-religieux\/brule-encens\/assiette-10-5-cm-pour-huiles-essentielles-brule-encens-acier\">Acheter sur Holyart<\/a><\/strong><\/div>\r\n\t\t<\/div>\r\n\t\t<div class=\"sp-slide\">\r\n\t\t\t<img loading=\"lazy\" decoding=\"async\" class=\"sp-image\" src=\"https:\/\/blog.holyart.it\/fr\/wp-content\/uploads\/sites\/14\/2022\/12\/Assiette-porte-bougie-rond-en-laiton-dor\u00e9-10-cm-.jpg\" alt=\"Assiette porte-bougie rond en laiton dor\u00e9 10 cm\" width=\"500\" height=\"500\" \/>\r\n\t\t\t<img decoding=\"async\" class=\"sp-thumbnail\" src=\"https:\/\/blog.holyart.it\/fr\/wp-content\/uploads\/sites\/14\/2022\/12\/Assiette-porte-bougie-rond-en-laiton-dor\u00e9-10-cm--150x150.jpg\" \/>\r\n\t\t\t<div class=\"sp-caption\">Assiette porte-bougie rond en laiton dor\u00e9 10 cm \n<br \/><strong><a href=\"https:\/\/www.holyart.fr\/articles-religieux\/support-bougies\/assiette-porte-bougie-rond-en-laiton-dore-10-cm\">Acheter sur Holyart<\/a><\/strong><\/div>\r\n\t\t<\/div>\r\n\t\t<div class=\"sp-slide\">\r\n\t\t\t<img loading=\"lazy\" decoding=\"async\" class=\"sp-image\" src=\"https:\/\/blog.holyart.it\/fr\/wp-content\/uploads\/sites\/14\/2022\/12\/Assiette-pour-bougie-ronde-en-bois-10-cm.jpg\" alt=\"Assiette pour bougie ronde en bois 10 cm\" width=\"500\" height=\"500\" \/>\r\n\t\t\t<img decoding=\"async\" class=\"sp-thumbnail\" src=\"https:\/\/blog.holyart.it\/fr\/wp-content\/uploads\/sites\/14\/2022\/12\/Assiette-pour-bougie-ronde-en-bois-10-cm-150x150.jpg\" \/>\r\n\t\t\t<div class=\"sp-caption\">Assiette pour bougie ronde en bois 10 cm\n<br \/><strong><a href=\"https:\/\/www.holyart.fr\/articles-religieux\/support-bougies\/assiette-pour-bougie-ronde-en-bois-10-cm\">Acheter sur Holyart<\/a><\/strong><\/div>\r\n\t\t<\/div>\r\n\t<\/div>\r\n<\/div>\n","protected":false},"excerpt":{"rendered":"<p>La table des F\u00eates est symbole d\u2019accueil et d\u2019intimit\u00e9 familiale. Voici comment dresser la table \u00e0 No\u00ebl. L\u2019\u00e9t\u00e9 vient \u00e0 peine de se terminer, et pourtant ce n\u2019est d\u00e9j\u00e0 plus qu\u2019un souvenir. Les journ\u00e9es raccourcissent, l\u2019air s\u2019emplit d\u2019humidit\u00e9 et de brouillard, le froid devient de&hellip;<\/p>\n","protected":false},"author":1,"featured_media":5591,"comment_status":"closed","ping_status":"open","sticky":false,"template":"","format":"standard","meta":{"_acf_changed":false,"footnotes":""},"categories":[10],"tags":[],"class_list":["post-5590","post","type-post","status-publish","format-standard","has-post-thumbnail","hentry","category-noel"],"acf":[],"yoast_head":"<!-- This site is optimized with the Yoast SEO plugin v26.6 - https:\/\/yoast.com\/wordpress\/plugins\/seo\/ -->\n<title>Dresser la table \u00e0 No\u00ebl : plein d\u2019id\u00e9es, m\u00eame \u00e0 r\u00e9aliser soi-m\u00eame - Holyart.fr Blog<\/title>\n<meta name=\"description\" content=\"La table des F\u00eates est symbole d\u2019accueil et d\u2019intimit\u00e9 familiale. Voici comment dresser la table \u00e0 No\u00ebl.\" \/>\n<meta name=\"robots\" content=\"index, follow, max-snippet:-1, max-image-preview:large, max-video-preview:-1\" \/>\n<link rel=\"canonical\" href=\"https:\/\/blog.holyart.it\/fr\/noel\/dresser-la-table-a-noel-plein-didees-meme-a-realiser-soi-meme\/\" \/>\n<meta property=\"og:locale\" content=\"fr_FR\" \/>\n<meta property=\"og:type\" content=\"article\" \/>\n<meta property=\"og:title\" content=\"Dresser la table \u00e0 No\u00ebl : plein d\u2019id\u00e9es, m\u00eame \u00e0 r\u00e9aliser soi-m\u00eame - Holyart.fr Blog\" \/>\n<meta property=\"og:description\" content=\"La table des F\u00eates est symbole d\u2019accueil et d\u2019intimit\u00e9 familiale. Voici comment dresser la table \u00e0 No\u00ebl.\" \/>\n<meta property=\"og:url\" content=\"https:\/\/blog.holyart.it\/fr\/noel\/dresser-la-table-a-noel-plein-didees-meme-a-realiser-soi-meme\/\" \/>\n<meta property=\"og:site_name\" content=\"Holyart.fr Blog\" \/>\n<meta property=\"article:published_time\" content=\"2022-12-21T11:30:39+00:00\" \/>\n<meta property=\"article:modified_time\" content=\"2024-12-16T09:50:24+00:00\" \/>\n<meta property=\"og:image\" content=\"https:\/\/blog.holyart.it\/fr\/wp-content\/uploads\/sites\/14\/2022\/12\/Dresser-la-table-a-Noel.jpg\" \/>\n\t<meta property=\"og:image:width\" content=\"1000\" \/>\n\t<meta property=\"og:image:height\" content=\"666\" \/>\n\t<meta property=\"og:image:type\" content=\"image\/jpeg\" \/>\n<meta name=\"author\" content=\"Redazione\" \/>\n<meta name=\"twitter:card\" content=\"summary_large_image\" \/>\n<meta name=\"twitter:label1\" content=\"\u00c9crit par\" \/>\n\t<meta name=\"twitter:data1\" content=\"Redazione\" \/>\n\t<meta name=\"twitter:label2\" content=\"Dur\u00e9e de lecture estim\u00e9e\" \/>\n\t<meta name=\"twitter:data2\" content=\"7 minutes\" \/>\n<script type=\"application\/ld+json\" class=\"yoast-schema-graph\">{\"@context\":\"https:\/\/schema.org\",\"@graph\":[{\"@type\":\"Article\",\"@id\":\"https:\/\/blog.holyart.it\/fr\/noel\/dresser-la-table-a-noel-plein-didees-meme-a-realiser-soi-meme\/#article\",\"isPartOf\":{\"@id\":\"https:\/\/blog.holyart.it\/fr\/noel\/dresser-la-table-a-noel-plein-didees-meme-a-realiser-soi-meme\/\"},\"author\":{\"name\":\"Redazione\",\"@id\":\"https:\/\/blog.holyart.it\/fr\/#\/schema\/person\/0a7b686e5af0f856ec1e390dd0baecda\"},\"headline\":\"Dresser la table \u00e0 No\u00ebl : plein d\u2019id\u00e9es, m\u00eame \u00e0 r\u00e9aliser soi-m\u00eame\",\"datePublished\":\"2022-12-21T11:30:39+00:00\",\"dateModified\":\"2024-12-16T09:50:24+00:00\",\"mainEntityOfPage\":{\"@id\":\"https:\/\/blog.holyart.it\/fr\/noel\/dresser-la-table-a-noel-plein-didees-meme-a-realiser-soi-meme\/\"},\"wordCount\":1284,\"publisher\":{\"@id\":\"https:\/\/blog.holyart.it\/fr\/#organization\"},\"image\":{\"@id\":\"https:\/\/blog.holyart.it\/fr\/noel\/dresser-la-table-a-noel-plein-didees-meme-a-realiser-soi-meme\/#primaryimage\"},\"thumbnailUrl\":\"https:\/\/blog.holyart.it\/fr\/wp-content\/uploads\/sites\/14\/2022\/12\/Dresser-la-table-a-Noel.jpg\",\"articleSection\":[\"No\u00ebl\"],\"inLanguage\":\"fr-FR\"},{\"@type\":\"WebPage\",\"@id\":\"https:\/\/blog.holyart.it\/fr\/noel\/dresser-la-table-a-noel-plein-didees-meme-a-realiser-soi-meme\/\",\"url\":\"https:\/\/blog.holyart.it\/fr\/noel\/dresser-la-table-a-noel-plein-didees-meme-a-realiser-soi-meme\/\",\"name\":\"Dresser la table \u00e0 No\u00ebl : plein d\u2019id\u00e9es, m\u00eame \u00e0 r\u00e9aliser soi-m\u00eame - Holyart.fr Blog\",\"isPartOf\":{\"@id\":\"https:\/\/blog.holyart.it\/fr\/#website\"},\"primaryImageOfPage\":{\"@id\":\"https:\/\/blog.holyart.it\/fr\/noel\/dresser-la-table-a-noel-plein-didees-meme-a-realiser-soi-meme\/#primaryimage\"},\"image\":{\"@id\":\"https:\/\/blog.holyart.it\/fr\/noel\/dresser-la-table-a-noel-plein-didees-meme-a-realiser-soi-meme\/#primaryimage\"},\"thumbnailUrl\":\"https:\/\/blog.holyart.it\/fr\/wp-content\/uploads\/sites\/14\/2022\/12\/Dresser-la-table-a-Noel.jpg\",\"datePublished\":\"2022-12-21T11:30:39+00:00\",\"dateModified\":\"2024-12-16T09:50:24+00:00\",\"description\":\"La table des F\u00eates est symbole d\u2019accueil et d\u2019intimit\u00e9 familiale. Voici comment dresser la table \u00e0 No\u00ebl.\",\"breadcrumb\":{\"@id\":\"https:\/\/blog.holyart.it\/fr\/noel\/dresser-la-table-a-noel-plein-didees-meme-a-realiser-soi-meme\/#breadcrumb\"},\"inLanguage\":\"fr-FR\",\"potentialAction\":[{\"@type\":\"ReadAction\",\"target\":[\"https:\/\/blog.holyart.it\/fr\/noel\/dresser-la-table-a-noel-plein-didees-meme-a-realiser-soi-meme\/\"]}]},{\"@type\":\"ImageObject\",\"inLanguage\":\"fr-FR\",\"@id\":\"https:\/\/blog.holyart.it\/fr\/noel\/dresser-la-table-a-noel-plein-didees-meme-a-realiser-soi-meme\/#primaryimage\",\"url\":\"https:\/\/blog.holyart.it\/fr\/wp-content\/uploads\/sites\/14\/2022\/12\/Dresser-la-table-a-Noel.jpg\",\"contentUrl\":\"https:\/\/blog.holyart.it\/fr\/wp-content\/uploads\/sites\/14\/2022\/12\/Dresser-la-table-a-Noel.jpg\",\"width\":1000,\"height\":666,\"caption\":\"Dresser la table a Noel\"},{\"@type\":\"BreadcrumbList\",\"@id\":\"https:\/\/blog.holyart.it\/fr\/noel\/dresser-la-table-a-noel-plein-didees-meme-a-realiser-soi-meme\/#breadcrumb\",\"itemListElement\":[{\"@type\":\"ListItem\",\"position\":1,\"name\":\"Homepage\",\"item\":\"https:\/\/blog.holyart.it\/fr\/\"},{\"@type\":\"ListItem\",\"position\":2,\"name\":\"No\u00ebl\",\"item\":\"https:\/\/blog.holyart.it\/fr\/noel\/\"},{\"@type\":\"ListItem\",\"position\":3,\"name\":\"Dresser la table \u00e0 No\u00ebl : plein d\u2019id\u00e9es, m\u00eame \u00e0 r\u00e9aliser soi-m\u00eame\"}]},{\"@type\":\"WebSite\",\"@id\":\"https:\/\/blog.holyart.it\/fr\/#website\",\"url\":\"https:\/\/blog.holyart.it\/fr\/\",\"name\":\"Holyart.fr Blog\",\"description\":\"Holyblog\",\"publisher\":{\"@id\":\"https:\/\/blog.holyart.it\/fr\/#organization\"},\"potentialAction\":[{\"@type\":\"SearchAction\",\"target\":{\"@type\":\"EntryPoint\",\"urlTemplate\":\"https:\/\/blog.holyart.it\/fr\/?s={search_term_string}\"},\"query-input\":{\"@type\":\"PropertyValueSpecification\",\"valueRequired\":true,\"valueName\":\"search_term_string\"}}],\"inLanguage\":\"fr-FR\"},{\"@type\":\"Organization\",\"@id\":\"https:\/\/blog.holyart.it\/fr\/#organization\",\"name\":\"Holyart.fr Blog\",\"url\":\"https:\/\/blog.holyart.it\/fr\/\",\"logo\":{\"@type\":\"ImageObject\",\"inLanguage\":\"fr-FR\",\"@id\":\"https:\/\/blog.holyart.it\/fr\/#\/schema\/logo\/image\/\",\"url\":\"https:\/\/blog.holyart.it\/fr\/wp-content\/uploads\/sites\/14\/2022\/12\/Holyart_Blog_Logo.jpg\",\"contentUrl\":\"https:\/\/blog.holyart.it\/fr\/wp-content\/uploads\/sites\/14\/2022\/12\/Holyart_Blog_Logo.jpg\",\"width\":300,\"height\":50,\"caption\":\"Holyart.fr Blog\"},\"image\":{\"@id\":\"https:\/\/blog.holyart.it\/fr\/#\/schema\/logo\/image\/\"}},{\"@type\":\"Person\",\"@id\":\"https:\/\/blog.holyart.it\/fr\/#\/schema\/person\/0a7b686e5af0f856ec1e390dd0baecda\",\"name\":\"Redazione\",\"image\":{\"@type\":\"ImageObject\",\"inLanguage\":\"fr-FR\",\"@id\":\"https:\/\/blog.holyart.it\/fr\/#\/schema\/person\/image\/\",\"url\":\"https:\/\/secure.gravatar.com\/avatar\/f477da817f43e50d0af36abecd33e3edf826c68299714bdc1057dff3b113f516?s=96&d=mm&r=g\",\"contentUrl\":\"https:\/\/secure.gravatar.com\/avatar\/f477da817f43e50d0af36abecd33e3edf826c68299714bdc1057dff3b113f516?s=96&d=mm&r=g\",\"caption\":\"Redazione\"},\"url\":\"https:\/\/blog.holyart.it\/fr\/author\/admin\/\"}]}<\/script>\n<!-- \/ Yoast SEO plugin. -->","yoast_head_json":{"title":"Dresser la table \u00e0 No\u00ebl : plein d\u2019id\u00e9es, m\u00eame \u00e0 r\u00e9aliser soi-m\u00eame - Holyart.fr Blog","description":"La table des F\u00eates est symbole d\u2019accueil et d\u2019intimit\u00e9 familiale. Voici comment dresser la table \u00e0 No\u00ebl.","robots":{"index":"index","follow":"follow","max-snippet":"max-snippet:-1","max-image-preview":"max-image-preview:large","max-video-preview":"max-video-preview:-1"},"canonical":"https:\/\/blog.holyart.it\/fr\/noel\/dresser-la-table-a-noel-plein-didees-meme-a-realiser-soi-meme\/","og_locale":"fr_FR","og_type":"article","og_title":"Dresser la table \u00e0 No\u00ebl : plein d\u2019id\u00e9es, m\u00eame \u00e0 r\u00e9aliser soi-m\u00eame - Holyart.fr Blog","og_description":"La table des F\u00eates est symbole d\u2019accueil et d\u2019intimit\u00e9 familiale. Voici comment dresser la table \u00e0 No\u00ebl.","og_url":"https:\/\/blog.holyart.it\/fr\/noel\/dresser-la-table-a-noel-plein-didees-meme-a-realiser-soi-meme\/","og_site_name":"Holyart.fr Blog","article_published_time":"2022-12-21T11:30:39+00:00","article_modified_time":"2024-12-16T09:50:24+00:00","og_image":[{"width":1000,"height":666,"url":"https:\/\/blog.holyart.it\/fr\/wp-content\/uploads\/sites\/14\/2022\/12\/Dresser-la-table-a-Noel.jpg","type":"image\/jpeg"}],"author":"Redazione","twitter_card":"summary_large_image","twitter_misc":{"\u00c9crit par":"Redazione","Dur\u00e9e de lecture estim\u00e9e":"7 minutes"},"schema":{"@context":"https:\/\/schema.org","@graph":[{"@type":"Article","@id":"https:\/\/blog.holyart.it\/fr\/noel\/dresser-la-table-a-noel-plein-didees-meme-a-realiser-soi-meme\/#article","isPartOf":{"@id":"https:\/\/blog.holyart.it\/fr\/noel\/dresser-la-table-a-noel-plein-didees-meme-a-realiser-soi-meme\/"},"author":{"name":"Redazione","@id":"https:\/\/blog.holyart.it\/fr\/#\/schema\/person\/0a7b686e5af0f856ec1e390dd0baecda"},"headline":"Dresser la table \u00e0 No\u00ebl : plein d\u2019id\u00e9es, m\u00eame \u00e0 r\u00e9aliser soi-m\u00eame","datePublished":"2022-12-21T11:30:39+00:00","dateModified":"2024-12-16T09:50:24+00:00","mainEntityOfPage":{"@id":"https:\/\/blog.holyart.it\/fr\/noel\/dresser-la-table-a-noel-plein-didees-meme-a-realiser-soi-meme\/"},"wordCount":1284,"publisher":{"@id":"https:\/\/blog.holyart.it\/fr\/#organization"},"image":{"@id":"https:\/\/blog.holyart.it\/fr\/noel\/dresser-la-table-a-noel-plein-didees-meme-a-realiser-soi-meme\/#primaryimage"},"thumbnailUrl":"https:\/\/blog.holyart.it\/fr\/wp-content\/uploads\/sites\/14\/2022\/12\/Dresser-la-table-a-Noel.jpg","articleSection":["No\u00ebl"],"inLanguage":"fr-FR"},{"@type":"WebPage","@id":"https:\/\/blog.holyart.it\/fr\/noel\/dresser-la-table-a-noel-plein-didees-meme-a-realiser-soi-meme\/","url":"https:\/\/blog.holyart.it\/fr\/noel\/dresser-la-table-a-noel-plein-didees-meme-a-realiser-soi-meme\/","name":"Dresser la table \u00e0 No\u00ebl : plein d\u2019id\u00e9es, m\u00eame \u00e0 r\u00e9aliser soi-m\u00eame - Holyart.fr Blog","isPartOf":{"@id":"https:\/\/blog.holyart.it\/fr\/#website"},"primaryImageOfPage":{"@id":"https:\/\/blog.holyart.it\/fr\/noel\/dresser-la-table-a-noel-plein-didees-meme-a-realiser-soi-meme\/#primaryimage"},"image":{"@id":"https:\/\/blog.holyart.it\/fr\/noel\/dresser-la-table-a-noel-plein-didees-meme-a-realiser-soi-meme\/#primaryimage"},"thumbnailUrl":"https:\/\/blog.holyart.it\/fr\/wp-content\/uploads\/sites\/14\/2022\/12\/Dresser-la-table-a-Noel.jpg","datePublished":"2022-12-21T11:30:39+00:00","dateModified":"2024-12-16T09:50:24+00:00","description":"La table des F\u00eates est symbole d\u2019accueil et d\u2019intimit\u00e9 familiale. Voici comment dresser la table \u00e0 No\u00ebl.","breadcrumb":{"@id":"https:\/\/blog.holyart.it\/fr\/noel\/dresser-la-table-a-noel-plein-didees-meme-a-realiser-soi-meme\/#breadcrumb"},"inLanguage":"fr-FR","potentialAction":[{"@type":"ReadAction","target":["https:\/\/blog.holyart.it\/fr\/noel\/dresser-la-table-a-noel-plein-didees-meme-a-realiser-soi-meme\/"]}]},{"@type":"ImageObject","inLanguage":"fr-FR","@id":"https:\/\/blog.holyart.it\/fr\/noel\/dresser-la-table-a-noel-plein-didees-meme-a-realiser-soi-meme\/#primaryimage","url":"https:\/\/blog.holyart.it\/fr\/wp-content\/uploads\/sites\/14\/2022\/12\/Dresser-la-table-a-Noel.jpg","contentUrl":"https:\/\/blog.holyart.it\/fr\/wp-content\/uploads\/sites\/14\/2022\/12\/Dresser-la-table-a-Noel.jpg","width":1000,"height":666,"caption":"Dresser la table a Noel"},{"@type":"BreadcrumbList","@id":"https:\/\/blog.holyart.it\/fr\/noel\/dresser-la-table-a-noel-plein-didees-meme-a-realiser-soi-meme\/#breadcrumb","itemListElement":[{"@type":"ListItem","position":1,"name":"Homepage","item":"https:\/\/blog.holyart.it\/fr\/"},{"@type":"ListItem","position":2,"name":"No\u00ebl","item":"https:\/\/blog.holyart.it\/fr\/noel\/"},{"@type":"ListItem","position":3,"name":"Dresser la table \u00e0 No\u00ebl : plein d\u2019id\u00e9es, m\u00eame \u00e0 r\u00e9aliser soi-m\u00eame"}]},{"@type":"WebSite","@id":"https:\/\/blog.holyart.it\/fr\/#website","url":"https:\/\/blog.holyart.it\/fr\/","name":"Holyart.fr Blog","description":"Holyblog","publisher":{"@id":"https:\/\/blog.holyart.it\/fr\/#organization"},"potentialAction":[{"@type":"SearchAction","target":{"@type":"EntryPoint","urlTemplate":"https:\/\/blog.holyart.it\/fr\/?s={search_term_string}"},"query-input":{"@type":"PropertyValueSpecification","valueRequired":true,"valueName":"search_term_string"}}],"inLanguage":"fr-FR"},{"@type":"Organization","@id":"https:\/\/blog.holyart.it\/fr\/#organization","name":"Holyart.fr Blog","url":"https:\/\/blog.holyart.it\/fr\/","logo":{"@type":"ImageObject","inLanguage":"fr-FR","@id":"https:\/\/blog.holyart.it\/fr\/#\/schema\/logo\/image\/","url":"https:\/\/blog.holyart.it\/fr\/wp-content\/uploads\/sites\/14\/2022\/12\/Holyart_Blog_Logo.jpg","contentUrl":"https:\/\/blog.holyart.it\/fr\/wp-content\/uploads\/sites\/14\/2022\/12\/Holyart_Blog_Logo.jpg","width":300,"height":50,"caption":"Holyart.fr Blog"},"image":{"@id":"https:\/\/blog.holyart.it\/fr\/#\/schema\/logo\/image\/"}},{"@type":"Person","@id":"https:\/\/blog.holyart.it\/fr\/#\/schema\/person\/0a7b686e5af0f856ec1e390dd0baecda","name":"Redazione","image":{"@type":"ImageObject","inLanguage":"fr-FR","@id":"https:\/\/blog.holyart.it\/fr\/#\/schema\/person\/image\/","url":"https:\/\/secure.gravatar.com\/avatar\/f477da817f43e50d0af36abecd33e3edf826c68299714bdc1057dff3b113f516?s=96&d=mm&r=g","contentUrl":"https:\/\/secure.gravatar.com\/avatar\/f477da817f43e50d0af36abecd33e3edf826c68299714bdc1057dff3b113f516?s=96&d=mm&r=g","caption":"Redazione"},"url":"https:\/\/blog.holyart.it\/fr\/author\/admin\/"}]}},"_links":{"self":[{"href":"https:\/\/blog.holyart.it\/fr\/wp-json\/wp\/v2\/posts\/5590","targetHints":{"allow":["GET"]}}],"collection":[{"href":"https:\/\/blog.holyart.it\/fr\/wp-json\/wp\/v2\/posts"}],"about":[{"href":"https:\/\/blog.holyart.it\/fr\/wp-json\/wp\/v2\/types\/post"}],"author":[{"embeddable":true,"href":"https:\/\/blog.holyart.it\/fr\/wp-json\/wp\/v2\/users\/1"}],"replies":[{"embeddable":true,"href":"https:\/\/blog.holyart.it\/fr\/wp-json\/wp\/v2\/comments?post=5590"}],"version-history":[{"count":1,"href":"https:\/\/blog.holyart.it\/fr\/wp-json\/wp\/v2\/posts\/5590\/revisions"}],"predecessor-version":[{"id":9183,"href":"https:\/\/blog.holyart.it\/fr\/wp-json\/wp\/v2\/posts\/5590\/revisions\/9183"}],"wp:featuredmedia":[{"embeddable":true,"href":"https:\/\/blog.holyart.it\/fr\/wp-json\/wp\/v2\/media\/5591"}],"wp:attachment":[{"href":"https:\/\/blog.holyart.it\/fr\/wp-json\/wp\/v2\/media?parent=5590"}],"wp:term":[{"taxonomy":"category","embeddable":true,"href":"https:\/\/blog.holyart.it\/fr\/wp-json\/wp\/v2\/categories?post=5590"},{"taxonomy":"post_tag","embeddable":true,"href":"https:\/\/blog.holyart.it\/fr\/wp-json\/wp\/v2\/tags?post=5590"}],"curies":[{"name":"wp","href":"https:\/\/api.w.org\/{rel}","templated":true}]}}