{"id":5576,"date":"2022-12-19T17:17:00","date_gmt":"2022-12-19T16:17:00","guid":{"rendered":"https:\/\/blog.holyart.it\/fr\/?p=5576"},"modified":"2025-08-27T10:41:21","modified_gmt":"2025-08-27T08:41:21","slug":"la-fois-ou-une-sainte-chretienne-recut-le-prix-nobel-pour-la-paix","status":"publish","type":"post","link":"https:\/\/blog.holyart.it\/fr\/saints-et-bienheureux\/la-fois-ou-une-sainte-chretienne-recut-le-prix-nobel-pour-la-paix\/","title":{"rendered":"La fois o\u00f9 une sainte chr\u00e9tienne r\u00e9\u00e7ut le Prix Nobel pour la Paix"},"content":{"rendered":"<h4>M\u00e8re Teresa de Calcutta Prix Nobel pour la Paix est parmi les Saints modernes celle qui a su le plus donner un exemple de charit\u00e9 et de totale d\u00e9votion \u00e0 Dieu et aux hommes<\/h4>\n<p>Quand le 17 octobre 1979 M\u00e8re Teresa de Calcutte re\u00e7ut le Prix Nobel pour la Paix elle voulut que l\u2019argent qui aurait d\u00fb servir pour le somptueux banquet de c\u00e9r\u00e9monie en l\u2019honneur des vainceurs soit enti\u00e8rement d\u00e9volu aux pauvres de Calcutte. \u00ab\u00a0<em>Les r\u00e9compenses terrestres ne sont importantes que si elles sont utilis\u00e9es pour aider le monde dans le besoin<\/em>\u00a0\u00bb fut son explication \u00e0 ce refus. Elle fit le m\u00eame aussi avec la grosse somme qui constituait le prix. Du \u00a0reste c\u2019\u00e9tait justement l\u00e0 la motivation qui avait amen\u00e9 \u00e0 sa victoire\u00a0: son absolue et <strong>totale d\u00e9votion envers les plus pauvres parmi les pauvres<\/strong>, son engagement ext\u00e9nuant pour revendiquer la <strong>valeur et la dignit\u00e9 de chaque personne<\/strong>, m\u00eame la plus humble. Pour cette raison, il est impossible de parler de M\u00e8re Teresa de Calcutte Prix Nobel sans avant se souvenir de M\u00e8re Teresa en tant que s\u0153ur et Sainte, bien que sa b\u00e9atification ait eu lieu dans un deuxi\u00e8me moment par rapport au Prix Nobel. En effet, M\u00e8re Teresa fut proclam\u00e9e bienheureuse par Jean-Paul II en octobre de 2003 et sanctifi\u00e9e ensuite par Pape Fran\u00e7ois en septembre 2016.<\/p>\n<div class=\"link-product\">\n<div class=\"blocco-immagine\"><img loading=\"lazy\" decoding=\"async\" class=\"alignnone size-full wp-image-5577\" src=\"https:\/\/blog.holyart.it\/fr\/wp-content\/uploads\/sites\/14\/2022\/12\/Cadre-sur-toile-M\u00e8re-Teresa-de-Calcutta-40x30-cm.jpg\" alt=\"Cadre sur toile M\u00e8re Teresa de Calcutta 40x30 cm\" width=\"100\" height=\"100\" data-kale-share-title=\"La fois o\u00f9 une sainte chr\u00e9tienne r\u00e9\u00e7ut le Prix Nobel pour la Paix\" data-kale-share-url=\"https:\/\/blog.holyart.it\/fr\/?p=5576\" \/><\/div>\n<div class=\"blocco-contenuto\">\n<div class=\"blocco-acquista\">Acheter sur Holyart:<\/div>\n<div class=\"blocco-titolo\"><a href=\"https:\/\/www.holyart.fr\/articles-religieux\/tableaux-gravures-manuscrit-enlumine\/cadre-sur-toile-mere-teresa-de-calcutta-40x30-cm\">M\u00e8re Teresa de Calcutta<\/a><\/div>\n<div class=\"blocco-descrizione\">Cadre sur toile M\u00e8re Teresa de Calcutta 40&#215;30 cm<\/div>\n<\/div>\n<\/div>\n<p>Au cours des ann\u00e9es 54 fois des femmes ont re\u00e7u le Prix Nobel contre les 856 fois o\u00f9 ce sont les hommes qui ont remport\u00e9s ce prix. Le 4% du total des prix d\u00e9cern\u00e9s, donc, et &#8230; femmes l\u2019ont re\u00e7u dans les disciplines scientifiques. Marie Curie le gagna deux fois, pour la Physique en 1903 et pour la Chimie en 1911. Aucune de ces femmes n\u2019\u00e9tait une sainte aussi, bien \u00e9videmment&#8230;<\/p>\n<p><a href=\"https:\/\/www.holyart.fr\/blog\/saints-et-bienheureux\/lhistoire-de-mere-teresa-de-calcutta\/\"><strong>Nous avons d\u00e9j\u00e0 parl\u00e9 de M\u00e8re Teresa de Calcutta<\/strong><\/a>, cette femme exceptionnelle, anim\u00e9e par une volont\u00e9 infatigable d\u2019apporter son aide aux derniers, aux d\u00e9sh\u00e9rit\u00e9s, aux pauvres et pour cette raison devenue objet de d\u00e9votion dans le monde entier. M\u00e8re Teresa a \u00e9t\u00e9 et restera pour toujours un <strong><a href=\"https:\/\/blog.holyart.it\/fr\/articles-religieux\/mere-teresa-symbole-de-charite\/\">exemple de charit\u00e9<\/a><\/strong>, en entendant par charit\u00e9 la vertu au nom de laquelle <strong>l\u2019homme aime Dieu au-dessus de toute autre chose et son prochain comme soi-m\u00eame<\/strong>. D\u2019ailleurs, elle m\u00eame choisit pour la congr\u00e9gation qu\u2019elle fonda en 1950 dans le but pr\u00e9cis d\u2019apporter aide et soulagement aux pauvres et aux marginalis\u00e9s, aux \u00ab\u00a0intouchables\u00a0\u00bb de l\u2019Inde, le nom de \u00ab\u00a0Missionnaires de la charit\u00e9\u00a0\u00bb. Encore aujourd\u2019hui l\u2019ordre de M\u00e8re Teresa de Calcutta, pr\u00e9sent dans le monde entier, continue d\u2019apporter assistance morale et mat\u00e9rielle aux plus pauvres et aux parias de la soci\u00e9t\u00e9. Comme les <strong>Camilliens cr\u00e9\u00e9s par Saint Camille de Lellis<\/strong>, qui choisissent de se d\u00e9dier enti\u00e8rement aux malades, les Missionnaires de la Charit\u00e9 aussi sont tenus de respecter, en plus des trois v\u0153ux communs \u00e0 tous les religieux (pauvret\u00e9, ob\u00e9issance et chastet\u00e9) \u00e9galement un quatri\u00e8me v\u0153u, qui est celui de consacrer chaque instant de leur vie au service des plus pauvres parmi les pauvres.<\/p>\n<div class=\"link-article\">\n<p><img loading=\"lazy\" decoding=\"async\" class=\"alignnone size-full wp-image-5578\" src=\"https:\/\/blog.holyart.it\/fr\/wp-content\/uploads\/sites\/14\/2022\/12\/M\u00e8re-Teresa-de-Calcutta.jpg\" alt=\"M\u00e8re Teresa de Calcutta\" width=\"150\" height=\"99\" data-kale-share-title=\"La fois o\u00f9 une sainte chr\u00e9tienne r\u00e9\u00e7ut le Prix Nobel pour la Paix\" data-kale-share-url=\"https:\/\/blog.holyart.it\/fr\/?p=5576\" \/><\/p>\n<div class=\"leggi-anche\">Lire aussi :<\/div>\n<p><strong><a href=\"https:\/\/www.holyart.fr\/blog\/saints-et-bienheureux\/lhistoire-de-mere-teresa-de-calcutta\/\">L\u2019histoire de M\u00e8re Teresa de Calcutta<\/a><\/strong><br \/>\nDe M\u00e8re Teresa de Calcutta on s\u2019en souvient toujours comme de quelqu\u2019un dot\u00e9e d\u2019une volont\u00e9 infatigable.<\/p>\n<\/div>\n<p>\u00ab\u00a0<em>Ce que nous accomplissons n\u2019est qu\u2019une goutte dans l\u2019oc\u00e9an, mais si cette goutte n\u2019existait pas dans l\u2019oc\u00e9an, elle manquerait<\/em>\u00a0\u00bb est une des phrases les plus c\u00e9l\u00e8bres prononc\u00e9es par M\u00e8re Teresa de Calcutta et indique la profonde <strong>conscience et humilit\u00e9<\/strong> de cette petite femme qui a \u00e9t\u00e9 capable de toucher le c\u0153ur des puissants du monde. Aussi petite que soit la contribution que chacun de nous pour apporter au Bien, celle-ci est tout de m\u00eame pr\u00e9cieuse et inestimable, non seulement pour sa valeur intrins\u00e8que, mais aussi parce qu\u2019elle servira d\u2019exemple aux autres, comme une brique qui n\u2019est qu\u2019une partie infinit\u00e9simale d\u2019un palais merveilleux, mais sans laquelle le palais entier pourrait tomber.<\/p>\n<div class=\"link-article\">\n<p><img loading=\"lazy\" decoding=\"async\" class=\"alignnone size-full wp-image-5579\" src=\"https:\/\/blog.holyart.it\/fr\/wp-content\/uploads\/sites\/14\/2022\/12\/M\u00e8re-Teresa-symbole-de-charit\u00e9.png\" alt=\"M\u00e8re Teresa symbole de charit\u00e9\" width=\"150\" height=\"99\" data-kale-share-title=\"La fois o\u00f9 une sainte chr\u00e9tienne r\u00e9\u00e7ut le Prix Nobel pour la Paix\" data-kale-share-url=\"https:\/\/blog.holyart.it\/fr\/?p=5576\" \/><\/p>\n<div class=\"leggi-anche\">Lire aussi :<\/div>\n<p><strong><a href=\"https:\/\/blog.holyart.it\/fr\/articles-religieux\/mere-teresa-symbole-de-charite\/\">M\u00e8re Teresa : symbole de charit\u00e9<\/a><\/strong><br \/>\nUne nouvelle ann\u00e9e vient de commencer. C\u2019est le moment des bilans et des bons propos.<\/p>\n<\/div>\n<h2>Le discours de M\u00e8re Teresa de Calcutta<\/h2>\n<p>\u00c0 toucher et \u00e9mouvoir tout le monde \u00e0 l\u2019occasion de la remise des prix Nobel en 1979 a surtout \u00e9t\u00e9 le discours prononc\u00e9 par M\u00e8re Teresa.<\/p>\n<p>\u00ab\u00a0<em>Remercions Dieu pour cette merveilleuse circonstance gr\u00e2ce \u00e0 laquelle nous pouvons, tous ensemble, proclamer la joie de r\u00e9pandre la paix [\u2026]. Comme nous sommes r\u00e9unis ici pour remercier Dieu de ce don de paix, qui nous rappelle que nous avons \u00e9t\u00e9 cr\u00e9\u00e9s pour vivre cette paix, et <strong>J\u00e9sus<\/strong> se fit homme afin d\u2019apporter cette bonne nouvelle aux pauvres<\/em>\u00a0\u00bb. Ainsi s\u2019ouvre le discours de M\u00e8re Teresa \u00e0 la remise du Nobel, et tout de suite sautent aux yeux d\u2019un c\u00f4t\u00e9 la <strong>conscience de la Paix en tant que don<\/strong> et but ultime de l\u2019existence humaine et de l\u2019autre le <strong>r\u00f4le jou\u00e9 par J\u00e9sus<\/strong>, fait homme, dans la propagation de ce message de paix et d\u2019esp\u00e9rance, surtout parmi les plus pauvres et malchanceux. Et plus loin dans ce m\u00eame discours, M\u00e8re Teresa d\u00e9finira J\u00e9sus \u00ab\u00a0<strong>Prince de la Paix<\/strong>\u00a0\u00bb, venu apporter \u00e0 tous Son message, et pour tous mort sur la Croix afin de d\u00e9montrer l\u2019immensit\u00e9 de Son amour.<br \/>\nS\u2019il n\u2019\u00e9tait pas encore assez clair le qui sont \u00ab\u00a0tous\u00a0\u00bb selon M\u00e8re Teresa, elle le sp\u00e9cifie peu apr\u00e8s\u00a0: \u00ab\u00a0<em>[J\u00e9sus] est mort pour vous et pour moi et pour ce l\u00e9preux et pour cet homme qui meurt de faim et pour cette personne nue dans les rues de Calcutta, mais aussi de l\u2019Afrique, et de New York, de Londres, de Oslo \u2013 et il insista pour que nous nous aimions les uns les autres comme Lui nous a aim\u00e9<\/em>\u00a0\u00bb.<\/p>\n<div class=\"link-product\">\n<div class=\"blocco-immagine\"><img loading=\"lazy\" decoding=\"async\" class=\"alignnone size-full wp-image-5580\" src=\"https:\/\/blog.holyart.it\/fr\/wp-content\/uploads\/sites\/14\/2022\/12\/Tapisserie-M\u00e8re-Teresa-40x30-cm.jpg\" alt=\"Tapisserie M\u00e8re Teresa 40x30 cm\" width=\"100\" height=\"100\" data-kale-share-title=\"La fois o\u00f9 une sainte chr\u00e9tienne r\u00e9\u00e7ut le Prix Nobel pour la Paix\" data-kale-share-url=\"https:\/\/blog.holyart.it\/fr\/?p=5576\" \/><\/div>\n<div class=\"blocco-contenuto\">\n<div class=\"blocco-acquista\">Acheter sur Holyart:<\/div>\n<div class=\"blocco-titolo\"><a href=\"https:\/\/www.holyart.fr\/articles-religieux\/tableaux-gravures-manuscrit-enlumine\/cadre-sur-toile-mere-teresa-de-calcutta-40x30-cm\">Tapisserie M\u00e8re Teresa 40&#215;30 cm<\/a><\/div>\n<div class=\"blocco-descrizione\">Tapisserie avec M\u00e8re Teresa, produit en Italie.<\/div>\n<\/div>\n<\/div>\n<p>Voici le <strong>concept \u00e9vang\u00e9lique<\/strong> qui redevient le protagoniste, c\u2019est in\u00e9vitable : \u00ab\u00a0<em>Comme le P\u00e8re m\u2019a aim\u00e9, je vous ai aussi aim\u00e9. Demeurez dans mon amour<\/em>\u00a0\u00bb (Jean 15,9-10). Dieu a aim\u00e9 Son Fils au point qu\u2019il l\u2019a sacrifi\u00e9 pour nous tous, car \u00ab\u00a0<em>l\u2019amour, pour \u00eatre vrai, doit faire mal. Il a fait mal \u00e0 J\u00e9sus de nous aimer, il lui a fait mal<\/em>\u00a0\u00bb. <em><br \/>\n<\/em>De la m\u00eame mani\u00e8re, nous tous nous devons apprendre \u00e0 <strong>aimer avec tout notre \u00eatre<\/strong>, en nous immolant par amour des autres, car \u00ab\u00a0<em>nous avons \u00e9t\u00e9 cr\u00e9\u00e9s pour aimer et \u00eatre aim\u00e9s<\/em>\u00a0\u00bb, et la faim d\u2019amour est plus forte de la faim de pain, pour tous.<\/p>\n<div class=\"link-product\">\n<div class=\"blocco-immagine\"><img loading=\"lazy\" decoding=\"async\" class=\"alignnone size-full wp-image-5581\" src=\"https:\/\/blog.holyart.it\/fr\/wp-content\/uploads\/sites\/14\/2022\/12\/Bague-bronze-phrase-M\u00e8re-Teresa-de-Calcutta.jpg\" alt=\"Bague bronze phrase M\u00e8re Teresa de Calcutta\" width=\"100\" height=\"100\" data-kale-share-title=\"La fois o\u00f9 une sainte chr\u00e9tienne r\u00e9\u00e7ut le Prix Nobel pour la Paix\" data-kale-share-url=\"https:\/\/blog.holyart.it\/fr\/?p=5576\" \/><\/div>\n<div class=\"blocco-contenuto\">\n<div class=\"blocco-acquista\">Acheter sur Holyart:<\/div>\n<div class=\"blocco-titolo\"><a href=\"https:\/\/www.holyart.fr\/articles-religieux\/tableaux-gravures-manuscrit-enlumine\/cadre-sur-toile-mere-teresa-de-calcutta-40x30-cm\">Bague bronze M\u00e8re Teresa de Calcutta <\/a><\/div>\n<div class=\"blocco-descrizione\">Bague en bronze avec phrase de M\u00e8re Teresa.<\/div>\n<\/div>\n<\/div>\n<p>Enfin, M\u00e8re Teresa apporte comme exemple sa visite dans une maison de repos, o\u00f9 hommes et femmes oubli\u00e9s par leurs enfants ne sont plus capables de sourire, bien qu\u2019entour\u00e9s de confort et de belles choses : \u00ab\u00a0<em>Je suis tellement habitu\u00e9e \u00e0 voir le sourire chez notre peuple, m\u00eame les mourants sourient [\u2026], cela arrive quasi tous les jours, ils attendent, esp\u00e8rent qu\u2019un fils ou une fille viennent les voir. Ils sont bless\u00e9s car ils ont \u00e9t\u00e9 oubli\u00e9s \u2013 et voyez-vous, c\u2019est l\u00e0 que l\u2019amour vient\u00a0<\/em>\u00bb.<em><br \/>\n<\/em>Il n\u2019y a pas besoin d\u2019aller si loin pour apporter l\u2019amour et la paix. Souvent c\u2019est dans nos maisons qu\u2019ils manquent, dans nos journ\u00e9es trop agit\u00e9es et denses d\u2019obligations. Et c\u2019est ainsi que \u00ab\u00a0<em>la pauvret\u00e9 arrive justement chez nous, o\u00f9 nous n\u00e9gligeons de nous aimer. Peut-\u00eatre dans notre famille nous avons quelqu\u2019un qui se sent seul, qui se sent malade, qui est inquiet<\/em>.\u00a0\u00bb<em><br \/>\n\u201cL\u2019amour commence \u00e0 la maison, et ce n\u2019est pas ce que nous faisons, mais plut\u00f4t combien d\u2019amour nous mettons en ce que nous faisons<\/em>\u00a0\u00bb dit encore M\u00e8re Teresa, qui d\u00e9finit ses cons\u0153urs et elle-m\u00eame comme des contemplatives dans le c\u0153ur du monde. Son message est \u00e0 la port\u00e9e de tous et est extr\u00eamement simple : \u00ab\u00a0<em>Soyons simplement ensemble, aimons-nous l\u2019un l\u2019autre, apportons cette paix, cette joie, cette force de la pr\u00e9sence de chacun \u00e0 la maison. Et nous pourrons surmonter tout le mal qu\u2019il y a dans le monde<\/em>\u00a0\u00bb.<\/p>\n<div class=\"link-product\">\n<div class=\"blocco-immagine\"><img loading=\"lazy\" decoding=\"async\" class=\"alignnone size-full wp-image-5583\" src=\"https:\/\/blog.holyart.it\/fr\/wp-content\/uploads\/sites\/14\/2022\/12\/M\u00e8re-Teresa-de-Calcuttaa.jpg\" alt=\"M\u00e8re Teresa de Calcuttaa\" width=\"100\" height=\"100\" data-kale-share-title=\"La fois o\u00f9 une sainte chr\u00e9tienne r\u00e9\u00e7ut le Prix Nobel pour la Paix\" data-kale-share-url=\"https:\/\/blog.holyart.it\/fr\/?p=5576\" \/><\/div>\n<div class=\"blocco-contenuto\">\n<div class=\"blocco-acquista\">Acheter sur Holyart:<\/div>\n<div class=\"blocco-titolo\"><a href=\"https:\/\/www.holyart.fr\/articles-religieux\/statues\/statues-en-bois-peint\/statue-sainte-mere-teresa-de-calcutta-bois-peint-val-gardena\">Statue Sainte M\u00e8re Teresa de Calcutta<\/a><\/div>\n<div class=\"blocco-descrizione\">Statue Sainte M\u00e8re Teresa de Calcutta bois peint Val Gardena.<\/div>\n<\/div>\n<\/div>\n<p>Cette mise en garde s\u2019\u00e9largit ensuite \u00e0 ce que nous avons autour de nous, car J\u00e9sus en personne a dit : \u00ab\u00a0<em>J\u2019\u00e9tais affam\u00e9, j\u2019\u00e9tais nu, j\u2019\u00e9tais sans-logis, j\u2019ai \u00e9t\u00e9 oubli\u00e9, mal aim\u00e9, mal soign\u00e9 et vous l\u2019avez fait pour moi<\/em>\u00a0\u00bb. Voici que <strong>chaque geste minime de charit\u00e9<\/strong> envers notre prochain devient un instrument de paix et un don d\u2019amour fait \u00e0 Dieu \u00e0 travers les hommes.<\/p>\n<p>Dans son discours M\u00e8re Teresa a \u00e9galement abord\u00e9 d\u2019autres th\u00e8mes importants\u00a0: l\u2019<strong>avortement<\/strong>, contre lequel sa congr\u00e9gation s\u2019est engag\u00e9e sans rel\u00e2che, en promouvant des politiques de planification familiale dans les quartiers les plus pauvres, et les <strong>enfants<\/strong>, trop souvent oubli\u00e9.<\/p>\n<div class=\"link-product\">\n<div class=\"blocco-immagine\"><img loading=\"lazy\" decoding=\"async\" class=\"alignnone size-full wp-image-5584\" src=\"https:\/\/blog.holyart.it\/fr\/wp-content\/uploads\/sites\/14\/2022\/12\/Statue-Sainte-M\u00e8re-Teresa-de-Calcutta-bois-peint-Val-Garden-1.jpg\" alt=\"Statue Sainte M\u00e8re Teresa de Calcutta bois peint Val Garden\" width=\"100\" height=\"100\" data-kale-share-title=\"La fois o\u00f9 une sainte chr\u00e9tienne r\u00e9\u00e7ut le Prix Nobel pour la Paix\" data-kale-share-url=\"https:\/\/blog.holyart.it\/fr\/?p=5576\" \/><\/div>\n<div class=\"blocco-contenuto\">\n<div class=\"blocco-acquista\">Acheter sur Holyart:<\/div>\n<div class=\"blocco-titolo\"><a href=\"https:\/\/www.holyart.fr\/articles-religieux\/statues\/statues-en-bois-peint\/mere-teresa-de-calcutta\">M\u00e8re Teresa de Calcutta<\/a><\/div>\n<div class=\"blocco-descrizione\">Statue r\u00e9alis\u00e9e sur bois et peinte \u00e0 la main.<\/div>\n<\/div>\n<\/div>\n<p>Le discours se conclut avec un appel absolu \u00e0 l\u2019amour : \u00ab\u00a0<em>Conservons la joie d\u2019aimer J\u00e9sus dans nos c\u0153urs. Et partageons cette joie avec tous ceux avec qui nous entrons en contact. Car cette joie radieuse est vraie, puisque nous n\u2019avons pas de raison pour ne pas \u00eatre heureux vu que nous avons Christ avec nous. <strong>Christ dans nos c\u0153urs, Christ dans le pauvre que nous rencontrons, Christ dans le sourire que nous offrons et dans le sourire que nous recevons<\/strong><\/em>\u00a0\u00bb.<\/p>\n<p>Une mise en garde pr\u00e9cieuse que nous devrions toujours avoir bien \u00e0 l\u2019esprit.<\/p>\n","protected":false},"excerpt":{"rendered":"<p>M\u00e8re Teresa de Calcutta Prix Nobel pour la Paix est parmi les Saints modernes celle qui a su le plus donner un exemple de charit\u00e9 et de totale d\u00e9votion \u00e0 Dieu et aux hommes Quand le 17 octobre 1979 M\u00e8re Teresa de Calcutte re\u00e7ut le&hellip;<\/p>\n","protected":false},"author":1,"featured_media":5585,"comment_status":"closed","ping_status":"open","sticky":false,"template":"","format":"standard","meta":{"_acf_changed":false,"footnotes":""},"categories":[7],"tags":[],"class_list":["post-5576","post","type-post","status-publish","format-standard","has-post-thumbnail","hentry","category-saints-et-bienheureux"],"acf":[],"yoast_head":"<!-- This site is optimized with the Yoast SEO plugin v26.6 - https:\/\/yoast.com\/wordpress\/plugins\/seo\/ -->\n<title>La fois o\u00f9 une sainte chr\u00e9tienne r\u00e9\u00e7ut le Prix Nobel pour la Paix - Holyart.fr Blog<\/title>\n<meta name=\"description\" content=\"M\u00e8re Teresa de Calcutta Prix Nobel pour la Paix est parmi les Saints modernes celle qui a su le plus donner un exemple de charit\u00e9 et de totale d\u00e9votion \u00e0 Dieu et aux hommes\" \/>\n<meta name=\"robots\" content=\"index, follow, max-snippet:-1, max-image-preview:large, max-video-preview:-1\" \/>\n<link rel=\"canonical\" href=\"https:\/\/blog.holyart.it\/fr\/saints-et-bienheureux\/la-fois-ou-une-sainte-chretienne-recut-le-prix-nobel-pour-la-paix\/\" \/>\n<meta property=\"og:locale\" content=\"fr_FR\" \/>\n<meta property=\"og:type\" content=\"article\" \/>\n<meta property=\"og:title\" content=\"La fois o\u00f9 une sainte chr\u00e9tienne r\u00e9\u00e7ut le Prix Nobel pour la Paix - Holyart.fr Blog\" \/>\n<meta property=\"og:description\" content=\"M\u00e8re Teresa de Calcutta Prix Nobel pour la Paix est parmi les Saints modernes celle qui a su le plus donner un exemple de charit\u00e9 et de totale d\u00e9votion \u00e0 Dieu et aux hommes\" \/>\n<meta property=\"og:url\" content=\"https:\/\/blog.holyart.it\/fr\/saints-et-bienheureux\/la-fois-ou-une-sainte-chretienne-recut-le-prix-nobel-pour-la-paix\/\" \/>\n<meta property=\"og:site_name\" content=\"Holyart.fr Blog\" \/>\n<meta property=\"article:published_time\" content=\"2022-12-19T16:17:00+00:00\" \/>\n<meta property=\"article:modified_time\" content=\"2025-08-27T08:41:21+00:00\" \/>\n<meta property=\"og:image\" content=\"https:\/\/blog.holyart.it\/fr\/wp-content\/uploads\/sites\/14\/2022\/12\/mere-Teresa-de-Calcutta.jpg\" \/>\n\t<meta property=\"og:image:width\" content=\"1000\" \/>\n\t<meta property=\"og:image:height\" content=\"666\" \/>\n\t<meta property=\"og:image:type\" content=\"image\/jpeg\" \/>\n<meta name=\"author\" content=\"Redazione\" \/>\n<meta name=\"twitter:card\" content=\"summary_large_image\" \/>\n<meta name=\"twitter:label1\" content=\"\u00c9crit par\" \/>\n\t<meta name=\"twitter:data1\" content=\"Redazione\" \/>\n\t<meta name=\"twitter:label2\" content=\"Dur\u00e9e de lecture estim\u00e9e\" \/>\n\t<meta name=\"twitter:data2\" content=\"10 minutes\" \/>\n<script type=\"application\/ld+json\" class=\"yoast-schema-graph\">{\"@context\":\"https:\/\/schema.org\",\"@graph\":[{\"@type\":\"Article\",\"@id\":\"https:\/\/blog.holyart.it\/fr\/saints-et-bienheureux\/la-fois-ou-une-sainte-chretienne-recut-le-prix-nobel-pour-la-paix\/#article\",\"isPartOf\":{\"@id\":\"https:\/\/blog.holyart.it\/fr\/saints-et-bienheureux\/la-fois-ou-une-sainte-chretienne-recut-le-prix-nobel-pour-la-paix\/\"},\"author\":{\"name\":\"Redazione\",\"@id\":\"https:\/\/blog.holyart.it\/fr\/#\/schema\/person\/0a7b686e5af0f856ec1e390dd0baecda\"},\"headline\":\"La fois o\u00f9 une sainte chr\u00e9tienne r\u00e9\u00e7ut le Prix Nobel pour la Paix\",\"datePublished\":\"2022-12-19T16:17:00+00:00\",\"dateModified\":\"2025-08-27T08:41:21+00:00\",\"mainEntityOfPage\":{\"@id\":\"https:\/\/blog.holyart.it\/fr\/saints-et-bienheureux\/la-fois-ou-une-sainte-chretienne-recut-le-prix-nobel-pour-la-paix\/\"},\"wordCount\":1733,\"publisher\":{\"@id\":\"https:\/\/blog.holyart.it\/fr\/#organization\"},\"image\":{\"@id\":\"https:\/\/blog.holyart.it\/fr\/saints-et-bienheureux\/la-fois-ou-une-sainte-chretienne-recut-le-prix-nobel-pour-la-paix\/#primaryimage\"},\"thumbnailUrl\":\"https:\/\/blog.holyart.it\/fr\/wp-content\/uploads\/sites\/14\/2022\/12\/mere-Teresa-de-Calcutta.jpg\",\"articleSection\":[\"Saints et Bienheureux\"],\"inLanguage\":\"fr-FR\"},{\"@type\":\"WebPage\",\"@id\":\"https:\/\/blog.holyart.it\/fr\/saints-et-bienheureux\/la-fois-ou-une-sainte-chretienne-recut-le-prix-nobel-pour-la-paix\/\",\"url\":\"https:\/\/blog.holyart.it\/fr\/saints-et-bienheureux\/la-fois-ou-une-sainte-chretienne-recut-le-prix-nobel-pour-la-paix\/\",\"name\":\"La fois o\u00f9 une sainte chr\u00e9tienne r\u00e9\u00e7ut le Prix Nobel pour la Paix - Holyart.fr Blog\",\"isPartOf\":{\"@id\":\"https:\/\/blog.holyart.it\/fr\/#website\"},\"primaryImageOfPage\":{\"@id\":\"https:\/\/blog.holyart.it\/fr\/saints-et-bienheureux\/la-fois-ou-une-sainte-chretienne-recut-le-prix-nobel-pour-la-paix\/#primaryimage\"},\"image\":{\"@id\":\"https:\/\/blog.holyart.it\/fr\/saints-et-bienheureux\/la-fois-ou-une-sainte-chretienne-recut-le-prix-nobel-pour-la-paix\/#primaryimage\"},\"thumbnailUrl\":\"https:\/\/blog.holyart.it\/fr\/wp-content\/uploads\/sites\/14\/2022\/12\/mere-Teresa-de-Calcutta.jpg\",\"datePublished\":\"2022-12-19T16:17:00+00:00\",\"dateModified\":\"2025-08-27T08:41:21+00:00\",\"description\":\"M\u00e8re Teresa de Calcutta Prix Nobel pour la Paix est parmi les Saints modernes celle qui a su le plus donner un exemple de charit\u00e9 et de totale d\u00e9votion \u00e0 Dieu et aux hommes\",\"breadcrumb\":{\"@id\":\"https:\/\/blog.holyart.it\/fr\/saints-et-bienheureux\/la-fois-ou-une-sainte-chretienne-recut-le-prix-nobel-pour-la-paix\/#breadcrumb\"},\"inLanguage\":\"fr-FR\",\"potentialAction\":[{\"@type\":\"ReadAction\",\"target\":[\"https:\/\/blog.holyart.it\/fr\/saints-et-bienheureux\/la-fois-ou-une-sainte-chretienne-recut-le-prix-nobel-pour-la-paix\/\"]}]},{\"@type\":\"ImageObject\",\"inLanguage\":\"fr-FR\",\"@id\":\"https:\/\/blog.holyart.it\/fr\/saints-et-bienheureux\/la-fois-ou-une-sainte-chretienne-recut-le-prix-nobel-pour-la-paix\/#primaryimage\",\"url\":\"https:\/\/blog.holyart.it\/fr\/wp-content\/uploads\/sites\/14\/2022\/12\/mere-Teresa-de-Calcutta.jpg\",\"contentUrl\":\"https:\/\/blog.holyart.it\/fr\/wp-content\/uploads\/sites\/14\/2022\/12\/mere-Teresa-de-Calcutta.jpg\",\"width\":1000,\"height\":666},{\"@type\":\"BreadcrumbList\",\"@id\":\"https:\/\/blog.holyart.it\/fr\/saints-et-bienheureux\/la-fois-ou-une-sainte-chretienne-recut-le-prix-nobel-pour-la-paix\/#breadcrumb\",\"itemListElement\":[{\"@type\":\"ListItem\",\"position\":1,\"name\":\"Homepage\",\"item\":\"https:\/\/blog.holyart.it\/fr\/\"},{\"@type\":\"ListItem\",\"position\":2,\"name\":\"Saints et Bienheureux\",\"item\":\"https:\/\/blog.holyart.it\/fr\/saints-et-bienheureux\/\"},{\"@type\":\"ListItem\",\"position\":3,\"name\":\"La fois o\u00f9 une sainte chr\u00e9tienne r\u00e9\u00e7ut le Prix Nobel pour la Paix\"}]},{\"@type\":\"WebSite\",\"@id\":\"https:\/\/blog.holyart.it\/fr\/#website\",\"url\":\"https:\/\/blog.holyart.it\/fr\/\",\"name\":\"Holyart.fr Blog\",\"description\":\"Holyblog\",\"publisher\":{\"@id\":\"https:\/\/blog.holyart.it\/fr\/#organization\"},\"potentialAction\":[{\"@type\":\"SearchAction\",\"target\":{\"@type\":\"EntryPoint\",\"urlTemplate\":\"https:\/\/blog.holyart.it\/fr\/?s={search_term_string}\"},\"query-input\":{\"@type\":\"PropertyValueSpecification\",\"valueRequired\":true,\"valueName\":\"search_term_string\"}}],\"inLanguage\":\"fr-FR\"},{\"@type\":\"Organization\",\"@id\":\"https:\/\/blog.holyart.it\/fr\/#organization\",\"name\":\"Holyart.fr Blog\",\"url\":\"https:\/\/blog.holyart.it\/fr\/\",\"logo\":{\"@type\":\"ImageObject\",\"inLanguage\":\"fr-FR\",\"@id\":\"https:\/\/blog.holyart.it\/fr\/#\/schema\/logo\/image\/\",\"url\":\"https:\/\/blog.holyart.it\/fr\/wp-content\/uploads\/sites\/14\/2022\/12\/Holyart_Blog_Logo.jpg\",\"contentUrl\":\"https:\/\/blog.holyart.it\/fr\/wp-content\/uploads\/sites\/14\/2022\/12\/Holyart_Blog_Logo.jpg\",\"width\":300,\"height\":50,\"caption\":\"Holyart.fr Blog\"},\"image\":{\"@id\":\"https:\/\/blog.holyart.it\/fr\/#\/schema\/logo\/image\/\"}},{\"@type\":\"Person\",\"@id\":\"https:\/\/blog.holyart.it\/fr\/#\/schema\/person\/0a7b686e5af0f856ec1e390dd0baecda\",\"name\":\"Redazione\",\"image\":{\"@type\":\"ImageObject\",\"inLanguage\":\"fr-FR\",\"@id\":\"https:\/\/blog.holyart.it\/fr\/#\/schema\/person\/image\/\",\"url\":\"https:\/\/secure.gravatar.com\/avatar\/f477da817f43e50d0af36abecd33e3edf826c68299714bdc1057dff3b113f516?s=96&d=mm&r=g\",\"contentUrl\":\"https:\/\/secure.gravatar.com\/avatar\/f477da817f43e50d0af36abecd33e3edf826c68299714bdc1057dff3b113f516?s=96&d=mm&r=g\",\"caption\":\"Redazione\"},\"url\":\"https:\/\/blog.holyart.it\/fr\/author\/admin\/\"}]}<\/script>\n<!-- \/ Yoast SEO plugin. -->","yoast_head_json":{"title":"La fois o\u00f9 une sainte chr\u00e9tienne r\u00e9\u00e7ut le Prix Nobel pour la Paix - Holyart.fr Blog","description":"M\u00e8re Teresa de Calcutta Prix Nobel pour la Paix est parmi les Saints modernes celle qui a su le plus donner un exemple de charit\u00e9 et de totale d\u00e9votion \u00e0 Dieu et aux hommes","robots":{"index":"index","follow":"follow","max-snippet":"max-snippet:-1","max-image-preview":"max-image-preview:large","max-video-preview":"max-video-preview:-1"},"canonical":"https:\/\/blog.holyart.it\/fr\/saints-et-bienheureux\/la-fois-ou-une-sainte-chretienne-recut-le-prix-nobel-pour-la-paix\/","og_locale":"fr_FR","og_type":"article","og_title":"La fois o\u00f9 une sainte chr\u00e9tienne r\u00e9\u00e7ut le Prix Nobel pour la Paix - Holyart.fr Blog","og_description":"M\u00e8re Teresa de Calcutta Prix Nobel pour la Paix est parmi les Saints modernes celle qui a su le plus donner un exemple de charit\u00e9 et de totale d\u00e9votion \u00e0 Dieu et aux hommes","og_url":"https:\/\/blog.holyart.it\/fr\/saints-et-bienheureux\/la-fois-ou-une-sainte-chretienne-recut-le-prix-nobel-pour-la-paix\/","og_site_name":"Holyart.fr Blog","article_published_time":"2022-12-19T16:17:00+00:00","article_modified_time":"2025-08-27T08:41:21+00:00","og_image":[{"width":1000,"height":666,"url":"https:\/\/blog.holyart.it\/fr\/wp-content\/uploads\/sites\/14\/2022\/12\/mere-Teresa-de-Calcutta.jpg","type":"image\/jpeg"}],"author":"Redazione","twitter_card":"summary_large_image","twitter_misc":{"\u00c9crit par":"Redazione","Dur\u00e9e de lecture estim\u00e9e":"10 minutes"},"schema":{"@context":"https:\/\/schema.org","@graph":[{"@type":"Article","@id":"https:\/\/blog.holyart.it\/fr\/saints-et-bienheureux\/la-fois-ou-une-sainte-chretienne-recut-le-prix-nobel-pour-la-paix\/#article","isPartOf":{"@id":"https:\/\/blog.holyart.it\/fr\/saints-et-bienheureux\/la-fois-ou-une-sainte-chretienne-recut-le-prix-nobel-pour-la-paix\/"},"author":{"name":"Redazione","@id":"https:\/\/blog.holyart.it\/fr\/#\/schema\/person\/0a7b686e5af0f856ec1e390dd0baecda"},"headline":"La fois o\u00f9 une sainte chr\u00e9tienne r\u00e9\u00e7ut le Prix Nobel pour la Paix","datePublished":"2022-12-19T16:17:00+00:00","dateModified":"2025-08-27T08:41:21+00:00","mainEntityOfPage":{"@id":"https:\/\/blog.holyart.it\/fr\/saints-et-bienheureux\/la-fois-ou-une-sainte-chretienne-recut-le-prix-nobel-pour-la-paix\/"},"wordCount":1733,"publisher":{"@id":"https:\/\/blog.holyart.it\/fr\/#organization"},"image":{"@id":"https:\/\/blog.holyart.it\/fr\/saints-et-bienheureux\/la-fois-ou-une-sainte-chretienne-recut-le-prix-nobel-pour-la-paix\/#primaryimage"},"thumbnailUrl":"https:\/\/blog.holyart.it\/fr\/wp-content\/uploads\/sites\/14\/2022\/12\/mere-Teresa-de-Calcutta.jpg","articleSection":["Saints et Bienheureux"],"inLanguage":"fr-FR"},{"@type":"WebPage","@id":"https:\/\/blog.holyart.it\/fr\/saints-et-bienheureux\/la-fois-ou-une-sainte-chretienne-recut-le-prix-nobel-pour-la-paix\/","url":"https:\/\/blog.holyart.it\/fr\/saints-et-bienheureux\/la-fois-ou-une-sainte-chretienne-recut-le-prix-nobel-pour-la-paix\/","name":"La fois o\u00f9 une sainte chr\u00e9tienne r\u00e9\u00e7ut le Prix Nobel pour la Paix - Holyart.fr Blog","isPartOf":{"@id":"https:\/\/blog.holyart.it\/fr\/#website"},"primaryImageOfPage":{"@id":"https:\/\/blog.holyart.it\/fr\/saints-et-bienheureux\/la-fois-ou-une-sainte-chretienne-recut-le-prix-nobel-pour-la-paix\/#primaryimage"},"image":{"@id":"https:\/\/blog.holyart.it\/fr\/saints-et-bienheureux\/la-fois-ou-une-sainte-chretienne-recut-le-prix-nobel-pour-la-paix\/#primaryimage"},"thumbnailUrl":"https:\/\/blog.holyart.it\/fr\/wp-content\/uploads\/sites\/14\/2022\/12\/mere-Teresa-de-Calcutta.jpg","datePublished":"2022-12-19T16:17:00+00:00","dateModified":"2025-08-27T08:41:21+00:00","description":"M\u00e8re Teresa de Calcutta Prix Nobel pour la Paix est parmi les Saints modernes celle qui a su le plus donner un exemple de charit\u00e9 et de totale d\u00e9votion \u00e0 Dieu et aux hommes","breadcrumb":{"@id":"https:\/\/blog.holyart.it\/fr\/saints-et-bienheureux\/la-fois-ou-une-sainte-chretienne-recut-le-prix-nobel-pour-la-paix\/#breadcrumb"},"inLanguage":"fr-FR","potentialAction":[{"@type":"ReadAction","target":["https:\/\/blog.holyart.it\/fr\/saints-et-bienheureux\/la-fois-ou-une-sainte-chretienne-recut-le-prix-nobel-pour-la-paix\/"]}]},{"@type":"ImageObject","inLanguage":"fr-FR","@id":"https:\/\/blog.holyart.it\/fr\/saints-et-bienheureux\/la-fois-ou-une-sainte-chretienne-recut-le-prix-nobel-pour-la-paix\/#primaryimage","url":"https:\/\/blog.holyart.it\/fr\/wp-content\/uploads\/sites\/14\/2022\/12\/mere-Teresa-de-Calcutta.jpg","contentUrl":"https:\/\/blog.holyart.it\/fr\/wp-content\/uploads\/sites\/14\/2022\/12\/mere-Teresa-de-Calcutta.jpg","width":1000,"height":666},{"@type":"BreadcrumbList","@id":"https:\/\/blog.holyart.it\/fr\/saints-et-bienheureux\/la-fois-ou-une-sainte-chretienne-recut-le-prix-nobel-pour-la-paix\/#breadcrumb","itemListElement":[{"@type":"ListItem","position":1,"name":"Homepage","item":"https:\/\/blog.holyart.it\/fr\/"},{"@type":"ListItem","position":2,"name":"Saints et Bienheureux","item":"https:\/\/blog.holyart.it\/fr\/saints-et-bienheureux\/"},{"@type":"ListItem","position":3,"name":"La fois o\u00f9 une sainte chr\u00e9tienne r\u00e9\u00e7ut le Prix Nobel pour la Paix"}]},{"@type":"WebSite","@id":"https:\/\/blog.holyart.it\/fr\/#website","url":"https:\/\/blog.holyart.it\/fr\/","name":"Holyart.fr Blog","description":"Holyblog","publisher":{"@id":"https:\/\/blog.holyart.it\/fr\/#organization"},"potentialAction":[{"@type":"SearchAction","target":{"@type":"EntryPoint","urlTemplate":"https:\/\/blog.holyart.it\/fr\/?s={search_term_string}"},"query-input":{"@type":"PropertyValueSpecification","valueRequired":true,"valueName":"search_term_string"}}],"inLanguage":"fr-FR"},{"@type":"Organization","@id":"https:\/\/blog.holyart.it\/fr\/#organization","name":"Holyart.fr Blog","url":"https:\/\/blog.holyart.it\/fr\/","logo":{"@type":"ImageObject","inLanguage":"fr-FR","@id":"https:\/\/blog.holyart.it\/fr\/#\/schema\/logo\/image\/","url":"https:\/\/blog.holyart.it\/fr\/wp-content\/uploads\/sites\/14\/2022\/12\/Holyart_Blog_Logo.jpg","contentUrl":"https:\/\/blog.holyart.it\/fr\/wp-content\/uploads\/sites\/14\/2022\/12\/Holyart_Blog_Logo.jpg","width":300,"height":50,"caption":"Holyart.fr Blog"},"image":{"@id":"https:\/\/blog.holyart.it\/fr\/#\/schema\/logo\/image\/"}},{"@type":"Person","@id":"https:\/\/blog.holyart.it\/fr\/#\/schema\/person\/0a7b686e5af0f856ec1e390dd0baecda","name":"Redazione","image":{"@type":"ImageObject","inLanguage":"fr-FR","@id":"https:\/\/blog.holyart.it\/fr\/#\/schema\/person\/image\/","url":"https:\/\/secure.gravatar.com\/avatar\/f477da817f43e50d0af36abecd33e3edf826c68299714bdc1057dff3b113f516?s=96&d=mm&r=g","contentUrl":"https:\/\/secure.gravatar.com\/avatar\/f477da817f43e50d0af36abecd33e3edf826c68299714bdc1057dff3b113f516?s=96&d=mm&r=g","caption":"Redazione"},"url":"https:\/\/blog.holyart.it\/fr\/author\/admin\/"}]}},"_links":{"self":[{"href":"https:\/\/blog.holyart.it\/fr\/wp-json\/wp\/v2\/posts\/5576","targetHints":{"allow":["GET"]}}],"collection":[{"href":"https:\/\/blog.holyart.it\/fr\/wp-json\/wp\/v2\/posts"}],"about":[{"href":"https:\/\/blog.holyart.it\/fr\/wp-json\/wp\/v2\/types\/post"}],"author":[{"embeddable":true,"href":"https:\/\/blog.holyart.it\/fr\/wp-json\/wp\/v2\/users\/1"}],"replies":[{"embeddable":true,"href":"https:\/\/blog.holyart.it\/fr\/wp-json\/wp\/v2\/comments?post=5576"}],"version-history":[{"count":1,"href":"https:\/\/blog.holyart.it\/fr\/wp-json\/wp\/v2\/posts\/5576\/revisions"}],"predecessor-version":[{"id":6910,"href":"https:\/\/blog.holyart.it\/fr\/wp-json\/wp\/v2\/posts\/5576\/revisions\/6910"}],"wp:featuredmedia":[{"embeddable":true,"href":"https:\/\/blog.holyart.it\/fr\/wp-json\/wp\/v2\/media\/5585"}],"wp:attachment":[{"href":"https:\/\/blog.holyart.it\/fr\/wp-json\/wp\/v2\/media?parent=5576"}],"wp:term":[{"taxonomy":"category","embeddable":true,"href":"https:\/\/blog.holyart.it\/fr\/wp-json\/wp\/v2\/categories?post=5576"},{"taxonomy":"post_tag","embeddable":true,"href":"https:\/\/blog.holyart.it\/fr\/wp-json\/wp\/v2\/tags?post=5576"}],"curies":[{"name":"wp","href":"https:\/\/api.w.org\/{rel}","templated":true}]}}