{"id":5522,"date":"2022-12-05T12:33:27","date_gmt":"2022-12-05T11:33:27","guid":{"rendered":"https:\/\/blog.holyart.it\/fr\/?p=5522"},"modified":"2022-12-07T12:39:11","modified_gmt":"2022-12-07T11:39:11","slug":"les-plus-belles-phrases-de-pape-francois","status":"publish","type":"post","link":"https:\/\/blog.holyart.it\/fr\/noel\/les-plus-belles-phrases-de-pape-francois\/","title":{"rendered":"Les plus belles phrases de Pape Fran\u00e7ois"},"content":{"rendered":"<h4 style=\"text-align: center;\">No\u00ebl approche. Chacun se pr\u00e9pare \u00e0 sa mani\u00e8re pour cette f\u00eate, importante et pr\u00e9cieuse pour chaque chr\u00e9tien. D\u00e9couvrons les plus belles phrases de Pape Fran\u00e7ois d\u00e9di\u00e9es \u00e0 No\u00ebl et tirons-en notre inspiration.<\/h4>\n\n<p>Pourquoi avons-nous d\u00e9cid\u00e9 de s\u00e9lectionner les plus belles phrases de papa Fran\u00e7ois en vue de la No\u00ebl\u00a0? Comme chaque ann\u00e9e, l\u2019atmosph\u00e8re de cette p\u00e9riode commence \u00e0 s\u2019apercevoir bien avant l\u2019arriv\u00e9e des F\u00eates. Surtout pour les croyants, il est important de commencer t\u00f4t \u00e0 tourner l\u2019esprit et le c\u0153ur vers cette c\u00e9l\u00e9bration qui nous rappelle la naissance de J\u00e9sus-Christ et, avec elle, le renouvellement de l\u2019Alliance entre Ciel et Terre. <strong><a href=\"https:\/\/www.holyart.fr\/noel\/avent?page=1\">Le temps de l\u2019Avent<\/a><\/strong> sert exactement \u00e0 ce propos, \u00e0 se pr\u00e9parer pour <strong><a href=\"https:\/\/www.holyart.fr\/noel\">No\u00ebl<\/a><\/strong>. Le premier dimanche de l\u2019Avent (qui cette ann\u00e9e tombe le 1er d\u00e9cembre) co\u00efncide avec le d\u00e9but de la nouvelle Ann\u00e9e Liturgique et quatre autres dimanches caract\u00e9ris\u00e9s par c\u00e9l\u00e9brations et pri\u00e8res particuli\u00e8res le suivent.<\/p>\n<p>L\u2019Avent est un temps d\u2019attente de la venue de Dieu, de conversion, car avec le renouvellement de la naissance de J\u00e9sus le R\u00e8gne des Cieux est plus proche, et d\u2019espoir dans le salut \u00e9ternel promis.<\/p>\n<p>Dieu vient donc vers nous et c\u2019est \u00e0 nous d\u2019aller \u00e0 sa rencontre aussi, gr\u00e2ce \u00e0 un chemin spirituel fait de pri\u00e8re, de mis\u00e9ricorde et d\u2019attentions vers notre prochain.<\/p>\n<p><a href=\"https:\/\/www.holyart.fr\/occasions-speciales\/pape-francois?page=1&amp;sorter_id=5&amp;sort=20a\"><strong>Pape Fran\u00e7ois<\/strong><\/a>\u00a0nous invite \u00e0 nous rappeler exactement de ceci, en soulignant l\u2019importance de l\u2019engagement personnel en pr\u00e9paration \u00e0 la No\u00ebl et la n\u00e9cessit\u00e9 de la mis\u00e9ricorde afin de t\u00e9moigner cet engagement.<\/p>\n<div class=\"link-product\">\n<div class=\"blocco-immagine\"><img loading=\"lazy\" decoding=\"async\" class=\"alignnone size-full wp-image-5526\" src=\"https:\/\/blog.holyart.it\/fr\/wp-content\/uploads\/sites\/14\/2022\/12\/Chapelet-Pape-Fran\u00e7ois-h\u00e9matite-6-mm-.jpg\" alt=\"Chapelet Pape Fran\u00e7ois h\u00e9matite 6 mm\" width=\"100\" height=\"100\" data-kale-share-title=\"Les plus belles phrases de Pape Fran\u00e7ois\" data-kale-share-url=\"https:\/\/blog.holyart.it\/fr\/?p=5522\" \/><\/div>\n<div class=\"blocco-contenuto\">\n<div class=\"blocco-acquista\">Acheter sur Holyart:<\/div>\n<div class=\"blocco-titolo\"><a href=\"https:\/\/www.holyart.fr\/articles-religieux\/chapelets-et-etuis-a-chapelet\/chapelets-en-pierre\/chapelet-pape-francois-hematite-6-mm\">Chapelet Pape Fran\u00e7ois<\/a><\/div>\n<div class=\"blocco-descrizione\">Chapelet r\u00e9alis\u00e9 avec des grains en h\u00e9matite de 6 mm.<\/div>\n<\/div>\n<\/div>\n<p>Pour le Saint Pontife, peu de moments de l\u2019ann\u00e9e liturgique sont aussi significatifs pour un chr\u00e9tiens que la No\u00ebl. Elle repr\u00e9sente une occasion de <strong>rapprochement et de rencontre avec Dieu<\/strong> et, en tant que telle, doit \u00eatre v\u00e9cue avec joie, mais aussi avec conscience.<\/p>\n<p>Chaque ann\u00e9e, le Pape prononce une hom\u00e9lie sp\u00e9ciale durant la Messe de la Nuit de No\u00ebl. Le th\u00e8me change d\u2019ann\u00e9e en ann\u00e9e et le Pontife s\u2019attarde sur la <strong>solidarit\u00e9<\/strong> envers les moins chanceux, sur l\u2019<strong>espoir<\/strong>, sur l\u2019<strong>accueil <\/strong>de qui vient de loin, mais l\u2019esprit g\u00e9n\u00e9ral reste celui de souligner la <strong>joie<\/strong> que la venue de l\u2019Enfant J\u00e9sus repr\u00e9sente pour nous tous.<\/p>\n<p>De tous ces discours ont \u00e9t\u00e9 tir\u00e9es des phrases qui sont devenues des v\u00e9ritables slogans d\u2019amour et d\u2019espoir. Nous avons voulu en recueillir quelques-unes pour vous, afin que vous puissiez les transmettre \u00e0 vos parents et amis, peut-\u00eatre comme v\u0153ux de No\u00ebl, ou simplement afin de se pr\u00e9parer ensemble \u00e0 l\u2019atmosph\u00e8re de cette f\u00eate pr\u00e9cieuse et unique.<\/p>\n<h2>Sur la naissance ou le sacrifice de J\u00e9sus<\/h2>\n<p>Nous avons d\u00e9cid\u00e9 de diviser les plus belles phrases de Pape Fran\u00e7ois sur la No\u00ebl en plusieurs groupes. Le protagoniste des affirmations du Saint Pontife est tr\u00e8s souvent<a href=\"https:\/\/www.holyart.fr\/noel\/statues-enfant-jesus?page=1\"> <strong>J\u00e9sus<\/strong>, <strong>Enfant<\/strong><\/a> saint qui nait dans cette nuit magique afin de ramener de l\u2019espoir \u00e0 tous les hommes, <strong>Sauveur<\/strong> qui r\u00e9colte les p\u00e9ch\u00e9s du monde afin de lib\u00e9rer l\u2019humanit\u00e9, <strong>Dieu<\/strong> qui donne sa personne pour le salut \u00e9ternel.<\/p>\n<div class=\"link-product\">\n<div class=\"blocco-immagine\"><img loading=\"lazy\" decoding=\"async\" class=\"alignnone size-full wp-image-5527\" src=\"https:\/\/blog.holyart.it\/fr\/wp-content\/uploads\/sites\/14\/2022\/12\/la-Naissance-de-J\u00e9sus-9x6-cm-.jpg\" alt=\"la Naissance de J\u00e9sus 9x6 cm\" width=\"100\" height=\"100\" data-kale-share-title=\"Les plus belles phrases de Pape Fran\u00e7ois\" data-kale-share-url=\"https:\/\/blog.holyart.it\/fr\/?p=5522\" \/><\/div>\n<div class=\"blocco-contenuto\">\n<div class=\"blocco-acquista\">Acheter sur Holyart:<\/div>\n<div class=\"blocco-titolo\"><a href=\"https:\/\/www.holyart.fr\/articles-religieux\/icones-religieuses\/boites-russes-laquees\/laque-papier-mache-russe-decoree-la-naissance-de-jesus-9x6-cm\">La Naissance de J\u00e9sus<\/a><\/div>\n<div class=\"blocco-descrizione\">Laque papier m\u00e2ch\u00e9 russe d\u00e9cor\u00e9e La Naissance de J\u00e9sus.<\/div>\n<\/div>\n<\/div>\n<p>Le Pape nous invite \u00e0 <strong>marcher vers Dieu<\/strong>, pendant que Lui avance vers nous, de mani\u00e8re \u00e0 ce que l\u2019attente de la No\u00ebl ne soit pas simplement un rester sur place, de mani\u00e8re passive, dans l\u2019attente d\u2019\u00eatre sauv\u00e9s, mais un v\u00e9ritable <strong>chemin de foi<\/strong> et d\u2019engagement personnel. Il ne suffit pas ensuite d\u2019assister \u00e0 la No\u00ebl, il faut <strong>y entrer<\/strong>, en devenir partie int\u00e9grante, en comprenant la v\u00e9ritable signification qui peut nous apprendre \u00e0 \u00eatre des hommes meilleurs et \u00e0 rendre meilleur notre monde. Le Pape condamne la guerre, l\u2019\u00e9go\u00efsme, voire m\u00eame l\u2019excessive mondanit\u00e9, qui risque de nous faire perdre de vue ce qui compte vraiment dans cette p\u00e9riode de l\u2019ann\u00e9e et tous les autres jours. Il revendique \u00e9galement l\u2019importance de l\u2019<strong>humilit\u00e9<\/strong> : Marie et Joseph \u00e9taient des personnes humbles, et ainsi l\u2019\u00e9taient les bergers qui en premiers ador\u00e8rent et reconnurent J\u00e9sus. La Nativit\u00e9 devient dans cette optique l\u2019embl\u00e8me d\u2019une reconnaissance n\u00e9e de l\u2019amour de personnes simples et, exactement pour cette raison, plus dispos\u00e9es \u00e0 aimer et croire, mais \u00e9galement une invitation \u00e0 permettre \u00e0 J\u00e9sus de <strong>rena\u00eetre en nous<\/strong>, pour nous rendre instruments de mis\u00e9ricorde et v\u00e9hicules de son amour.<\/p>\n<p>Voici les plus belles phrases de Pape Fran\u00e7ois sur la venue de J\u00e9sus et sur son sacrifice :<\/p>\n<p><em>En J\u00e9sus, nous go\u00fbterons le v\u00e9ritable esprit de No\u00ebl : <strong>la beaut\u00e9 d\u2019\u00eatre aim\u00e9s de Dieu<\/strong>.<\/em><\/p>\n<p>\u00c0 No\u00ebl, <strong>Dieu<\/strong><strong> nous donne tout lui-m\u00eame<\/strong> en nous donnant son Fils, l\u2019Unique, qui est toute sa joie<em>.<\/em><\/p>\n<p><em>Le monde a besoin de <strong>tendresse<\/strong>, <strong>bont\u00e9<\/strong> et <strong>mansu\u00e9tude<\/strong><\/em><\/p>\n<p><em>No\u00ebl, c\u2019est la surprise d\u2019un <strong>Dieu petit enfant<\/strong>, d\u2019un Dieu <strong>pauvre<\/strong>, d\u2019un Dieu <strong>faible<\/strong>, d\u2019un Dieu qui abandonne sa grandeur pour se faire <strong>proche de chacun de nous<\/strong>.<\/em><\/p>\n<p><em>Approchons-nous de Dieu qui se fait proche, arr\u00eatons-nous pour regarder la cr\u00e8che, imaginons la naissance de J\u00e9sus\u00a0: la lumi\u00e8re et la paix, la plus grande pauvret\u00e9 et le refus<\/em><em>.\u00a0<\/em><strong><em>Entrons dans le vrai No\u00ebl<\/em><\/strong><em> avec les bergers, portons \u00e0 J\u00e9sus ce que nous sommes, nos exclusions, nos blessures non gu\u00e9ries, nos p\u00e9ch\u00e9s<\/em><em>.<\/em><\/p>\n<p><em>Que le Saint Esprit illumine aujourd&rsquo;hui nos coeurs afin que nous puissions reconnaitre en l&rsquo;Enfant J\u00e9sus, n\u00e9 \u00e0 Bethl\u00e9em de la Vierge Marie le <strong>salut offert par Dieu<\/strong> \u00e0 chacun de nous, \u00e0 chaque homme et \u00e0 tous les peuples de la terre.<\/em><\/p>\n<p>Comme les pasteurs, accourus les premiers \u00e0 la grotte, nous restons stup\u00e9faits face <strong>au signe que Dieu nous a donn\u00e9<\/strong> : \u00ab Un nouveau-n\u00e9 emmaillot\u00e9 et couch\u00e9 dans une mangeoire \u00bb (Lc 2, 12). En silence, nous nous agenouillons, et nous adorons.<\/p>\n<p>Avec la naissance de J\u00e9sus est n\u00e9e une <strong>promesse<\/strong><strong> nouvelle<\/strong>, est n\u00e9 un monde nouveau, mais aussi un monde qui peut toujours \u00eatre renouvel\u00e9.<\/p>\n<p><em>En regardant l\u2019Enfant dans la cr\u00e8che, enfant de paix, pensons aux <strong>enfants<\/strong> qui sont les victimes plus fragiles des guerres, mais pensons aussi aux personnes \u00e2g\u00e9es, aux femmes maltrait\u00e9es, aux malades\u2026 Les <strong>guerres<\/strong> brisent et blessent tant de vies !<\/em><\/p>\n<p><em>L\u00e0 o\u00f9 na\u00eet Dieu, na\u00eet l\u2019<strong>esp\u00e9rance<\/strong>\u00a0: il apporte l\u2019esp\u00e9rance.\u00a0<\/em>L\u00e0 o\u00f9 na\u00eet Dieu, na\u00eet la\u00a0<strong>paix<\/strong>. Et l\u00e0 o\u00f9 na\u00eet la paix, il n\u2019y a plus de place pour la haine et pour la guerre.<\/p>\n<p><em>Le don pr\u00e9cieux de No\u00ebl est la\u00a0<strong>paix<\/strong>, et le Christ est notre vraie paix. Et le Christ frappe \u00e0 nos c\u0153urs pour nous donner la paix, la paix de l\u2019\u00e2me. Ouvrons les portes au Christ!<\/em><\/p>\n<p><em>Lib\u00e9rons No\u00ebl de la\u00a0<strong>mondanit\u00e9<\/strong>\u00a0qui l&rsquo;a pris en otage ! Le v\u00e9ritable esprit de No\u00ebl est la beaut\u00e9 d&rsquo;\u00eatre aim\u00e9 par Dieu.<\/em><\/p>\n<p><em>J\u00e9sus est venu\u00a0<strong>habiter au milieu de nous<\/strong>, au milieu de nos limites et de nos p\u00e9ch\u00e9s, pour nous donner l\u2019amour de la Tr\u00e8s Sainte Trinit\u00e9. Et en tant qu\u2019homme, il nous a montr\u00e9 la voie de l\u2019<strong>amour<\/strong>\u00a0: le\u00a0<strong>service<\/strong>, fait avec humilit\u00e9, jusqu\u2019\u00e0 donner la vie<\/em><em>.<\/em><\/p>\n<p><em>Que le Divin Enfant, Roi de la paix, fasse taire les armes et fasse surgir une aube nouvelle de <strong>fraternit\u00e9<\/strong> dans tout le continent<\/em>, <em>b\u00e9nissant les efforts de ceux qui \u0153uvrent pour favoriser des processus de r\u00e9conciliation au niveau politique et social.<\/em><\/p>\n<p><em>J\u00e9sus, le Fils de Dieu, le Sauveur du monde, est n\u00e9 pour nous. Il est n\u00e9 \u00e0 Bethl\u00e9em d \u2019une vierge, r\u00e9alisant les antiques proph\u00e9ties. La vierge s\u2019 appelle Marie, son \u00e9poux Joseph. Ce sont les <strong>personnes humbles<\/strong>, pleines d\u2019esp\u00e9rance dans la bont\u00e9 de Dieu, qui accueillent J\u00e9sus et le reconnaissent. Ainsi, l\u2019Esprit Saint a \u00e9clair\u00e9 les <strong>bergers de Bethl\u00e9em<\/strong>, qui ont accouru \u00e0 la grotte et ont ador\u00e9 l\u2019Enfant. <\/em><\/p>\n<p><em>J\u00e9sus vient ainsi <strong>na\u00eetre encore une fois dans la vie de chacun de nous<\/strong> et, \u00e0 travers nous, il continue \u00e0 \u00eatre un don de salut pour les petits et les exclus.<\/em><\/p>\n<p><em>En cet Enfant, Dieu nous invite \u00e0 prendre en charge l\u2019<strong>esp\u00e9rance<\/strong>. Il nous invite \u00e0 \u00eatre des <strong>sentinelles pour beaucoup <\/strong>de personnes qui ont c\u00e9d\u00e9 sous le poids du d\u00e9sespoir qui na\u00eet du fait de trouver ferm\u00e9es de nombreuses portes. En cet Enfant, Dieu fait de nous des <strong>protagonistes<\/strong> de son hospitalit\u00e9.<\/em><\/p>\n<h2>Sur l\u2019amour d\u2019un m\u00e8re<\/h2>\n<p>Pape Fran\u00e7ois d\u00e9montre depuis toujours une grande consid\u00e9ration pour les femmes et les m\u00e8res, pour leur volont\u00e9, pour leur courage, pour leur amour. Quelle meilleur occasion que la No\u00ebl pour revendiquer la puret\u00e9 et la force de cet amour ? Le Pape cite souvent la <a href=\"https:\/\/www.holyart.fr\/produits\/statues-vierge-marie.php\"><strong>Vierge Marie<\/strong><\/a>, m\u00e8re de J\u00e9sus, qui depuis toujours se place en tant qu\u2019\u00a0\u00ab\u00a0ambassadrice\u00a0\u00bb entre Terre et Ciel, justement en vertu de ce lien indissoluble et sp\u00e9cial qui l\u2019unit \u00e0 Dieu \u00e0 travers Son Fils. Marie qui a donn\u00e9 sa personne uniquement par amour, par foi, qui a <strong>cru<\/strong> et attendu, et souffert au nom d\u2019un bien ineffable. Alors voici que Marie devient une interm\u00e9diaire, mais \u00e9galement et surtout un <strong>mod\u00e8le chr\u00e9tien de femme et m\u00e8re<\/strong>, une source d\u2019inspiration inestimable auquel regarder. Le Pape rappelle toujours aussi comment l\u2019<strong>\u00c9glise<\/strong> est une m\u00e8re aimante et attentionn\u00e9e pour tous ses fid\u00e8les.<\/p>\n<div class=\"link-product\">\n<div class=\"blocco-immagine\"><img loading=\"lazy\" decoding=\"async\" class=\"alignnone size-full wp-image-5572\" src=\"https:\/\/blog.holyart.it\/fr\/wp-content\/uploads\/sites\/14\/2022\/12\/Nuovo-progetto-10.jpg\" alt=\"Nuovo progetto (10)\" width=\"100\" height=\"100\" data-kale-share-title=\"Les plus belles phrases de Pape Fran\u00e7ois\" data-kale-share-url=\"https:\/\/blog.holyart.it\/fr\/articles-religieux\/les-plus-belles-phrases-de-pape-francois\/\" \/><\/div>\n<div class=\"blocco-contenuto\">\n<div class=\"blocco-acquista\">Acheter sur Holyart:<\/div>\n<div class=\"blocco-titolo\"><a href=\"https:\/\/www.holyart.fr\/occasions-speciales\/notre-dame-de-medjugorje\/croix-et-aimants\/crucifix-medjugorje-olivier-jesus-christ-argente-20x10-cm\">Crucifix Medjugorje<\/a><\/div>\n<div class=\"blocco-descrizione\">Crucifix Medjugorje olivier J\u00e9sus-Christ argent\u00e9 20&#215;10 cm.<\/div>\n<\/div>\n<\/div>\n<p><em>Dans le myst\u00e8re de No\u00ebl, aux c\u00f4t\u00e9s de Marie, il y a la pr\u00e9sence silencieuse de saint Joseph, tel qu\u2019il est repr\u00e9sent\u00e9 dans les cr\u00e8ches. L\u2019exemple de Marie et de Joseph est pour nous tous une invitation \u00e0 <strong>saisir avec une totale ouverture d\u2019esprit J\u00e9sus<\/strong> qui, par amour, s\u2019est fait notre fr\u00e8re. Il vient apporter au monde le don de la paix<\/em><em>.<\/em><\/p>\n<p><em>Nous nous confions \u00e0 l\u2019<strong>intercession<\/strong> de notre M\u00e8re et de saint Joseph, pour vivre un No\u00ebl vraiment chr\u00e9tien, libres de toute mondanit\u00e9, pr\u00eats \u00e0 accueillir le Sauveur, le Dieu-avec-nous.<\/em><\/p>\n<p><em>Tout d\u2019abord une maman donne la vie, elle porte dans son sein pendant neuf mois son enfant puis elle l\u2019ouvre \u00e0 la vie, en l\u2019engendrant. L\u2019\u00c9glise est ainsi : elle engendre dans la foi, par l\u2019\u0153uvre du Saint-Esprit qui la rend f\u00e9conde, comme la Vierge Marie.<\/em><\/p>\n<p><em>Marie \u00abmit au monde son fils premier-n\u00e9\u00a0\u00bb (Luc 2,7). Marie mit au monde, Marie nous donna la Lumi\u00e8re. Tout, dans cette nuit, devenait source d\u2019esp\u00e9rance.<\/em><\/p>\n<p><strong><em>Les m\u00e8res sont l&rsquo;antidote le plus fort \u00e0 la diffusion de l&rsquo;individualisme \u00e9go\u00efste<\/em><\/strong><em>. \u00ab Individu \u00bb signifie \u00ab qui ne peut pas se partager \u00bb. Les m\u00e8res, en revanche, se \u00ab partagent \u00bb, \u00e0 partir du moment o\u00f9 elles portent un enfant pour le mettre au monde et l&rsquo;\u00e9lever<\/em><em>.<\/em><\/p>\n<p><em>La Vierge Marie est la \u00ab\u00a0<strong>voie<\/strong>\u00a0\u00bb que Dieu Lui-m\u00eame a choisie pour venir dans le monde. Confions lui l\u2019attente de salut et de paix de tous les hommes et les femmes de notre temps.<\/em><\/p>\n<p><em>La Vierge Marie est le <strong>mod\u00e8le<\/strong><strong> de la femme<\/strong> selon l\u2019Evangile et selon le c\u0153ur de Dieu dont l\u2019\u00c9glise et nos soci\u00e9t\u00e9s ont besoin. Qu\u2019elle soit pour vous une <strong>source<\/strong><strong> d\u2019encouragement et d\u2019inspiration<\/strong>.<\/em><\/p>\n<p><em>Pour grandir dans la <strong>tendresse<\/strong>, dans la <strong>charit\u00e9<\/strong> respectueuse et d\u00e9licate, nous avons un <strong>mod\u00e8le chr\u00e9tien<\/strong> vers lequel tourner notre regard en toute s\u00e9curit\u00e9. C\u2019est la M\u00e8re de J\u00e9sus et notre M\u00e8re, attentive \u00e0 la voix de Dieu et aux besoins et difficult\u00e9s de ses enfants.<\/em><\/p>\n<p><em>La Vierge veut nous apporter \u00e0 nous aussi, \u00e0 nous tous, le <strong>grand don qu\u2019est J\u00e9sus<\/strong> ; et avec Lui, elle nous apporte son amour, sa paix, sa joie. Ainsi, l\u2019\u00c9glise est comme Marie : l\u2019\u00c9glise n\u2019est pas un magasin, ce n\u2019est pas une agence humanitaire, l\u2019\u00c9glise n\u2019est pas une ong, l\u2019\u00c9glise est envoy\u00e9e pour apporter \u00e0 tous le Christ et son \u00c9vangile.<\/em><\/p>\n","protected":false},"excerpt":{"rendered":"<p>No\u00ebl approche. Chacun se pr\u00e9pare \u00e0 sa mani\u00e8re pour cette f\u00eate, importante et pr\u00e9cieuse pour chaque chr\u00e9tien. D\u00e9couvrons les plus belles phrases de Pape Fran\u00e7ois d\u00e9di\u00e9es \u00e0 No\u00ebl et tirons-en notre inspiration. Pourquoi avons-nous d\u00e9cid\u00e9 de s\u00e9lectionner les plus belles phrases de papa Fran\u00e7ois en&hellip;<\/p>\n","protected":false},"author":1,"featured_media":5523,"comment_status":"closed","ping_status":"open","sticky":false,"template":"","format":"standard","meta":{"_acf_changed":false,"footnotes":""},"categories":[10,8],"tags":[],"class_list":["post-5522","post","type-post","status-publish","format-standard","has-post-thumbnail","hentry","category-noel","category-articles-religieux"],"acf":[],"yoast_head":"<!-- This site is optimized with the Yoast SEO plugin v26.6 - https:\/\/yoast.com\/wordpress\/plugins\/seo\/ -->\n<title>Les plus belles phrases de Pape Fran\u00e7ois - Holyart.fr Blog<\/title>\n<meta name=\"description\" content=\"No\u00ebl approche. D\u00e9couvrons les plus belles phrases de Pape Fran\u00e7ois d\u00e9di\u00e9es \u00e0 No\u00ebl et tirons-en notre inspiration.\" \/>\n<meta name=\"robots\" content=\"index, follow, max-snippet:-1, max-image-preview:large, max-video-preview:-1\" \/>\n<link rel=\"canonical\" href=\"https:\/\/blog.holyart.it\/fr\/noel\/les-plus-belles-phrases-de-pape-francois\/\" \/>\n<meta property=\"og:locale\" content=\"fr_FR\" \/>\n<meta property=\"og:type\" content=\"article\" \/>\n<meta property=\"og:title\" content=\"Les plus belles phrases de Pape Fran\u00e7ois - Holyart.fr Blog\" \/>\n<meta property=\"og:description\" content=\"No\u00ebl approche. D\u00e9couvrons les plus belles phrases de Pape Fran\u00e7ois d\u00e9di\u00e9es \u00e0 No\u00ebl et tirons-en notre inspiration.\" \/>\n<meta property=\"og:url\" content=\"https:\/\/blog.holyart.it\/fr\/noel\/les-plus-belles-phrases-de-pape-francois\/\" \/>\n<meta property=\"og:site_name\" content=\"Holyart.fr Blog\" \/>\n<meta property=\"article:published_time\" content=\"2022-12-05T11:33:27+00:00\" \/>\n<meta property=\"article:modified_time\" content=\"2022-12-07T11:39:11+00:00\" \/>\n<meta property=\"og:image\" content=\"https:\/\/blog.holyart.it\/fr\/wp-content\/uploads\/sites\/14\/2022\/11\/Les-plus-belles-phrases-de-Pape-Fran\u00e7ois.png\" \/>\n\t<meta property=\"og:image:width\" content=\"1000\" \/>\n\t<meta property=\"og:image:height\" content=\"666\" \/>\n\t<meta property=\"og:image:type\" content=\"image\/png\" \/>\n<meta name=\"author\" content=\"Redazione\" \/>\n<meta name=\"twitter:card\" content=\"summary_large_image\" \/>\n<meta name=\"twitter:label1\" content=\"\u00c9crit par\" \/>\n\t<meta name=\"twitter:data1\" content=\"Redazione\" \/>\n\t<meta name=\"twitter:label2\" content=\"Dur\u00e9e de lecture estim\u00e9e\" \/>\n\t<meta name=\"twitter:data2\" content=\"11 minutes\" \/>\n<script type=\"application\/ld+json\" class=\"yoast-schema-graph\">{\"@context\":\"https:\/\/schema.org\",\"@graph\":[{\"@type\":\"Article\",\"@id\":\"https:\/\/blog.holyart.it\/fr\/noel\/les-plus-belles-phrases-de-pape-francois\/#article\",\"isPartOf\":{\"@id\":\"https:\/\/blog.holyart.it\/fr\/noel\/les-plus-belles-phrases-de-pape-francois\/\"},\"author\":{\"name\":\"Redazione\",\"@id\":\"https:\/\/blog.holyart.it\/fr\/#\/schema\/person\/0a7b686e5af0f856ec1e390dd0baecda\"},\"headline\":\"Les plus belles phrases de Pape Fran\u00e7ois\",\"datePublished\":\"2022-12-05T11:33:27+00:00\",\"dateModified\":\"2022-12-07T11:39:11+00:00\",\"mainEntityOfPage\":{\"@id\":\"https:\/\/blog.holyart.it\/fr\/noel\/les-plus-belles-phrases-de-pape-francois\/\"},\"wordCount\":2136,\"publisher\":{\"@id\":\"https:\/\/blog.holyart.it\/fr\/#organization\"},\"image\":{\"@id\":\"https:\/\/blog.holyart.it\/fr\/noel\/les-plus-belles-phrases-de-pape-francois\/#primaryimage\"},\"thumbnailUrl\":\"https:\/\/blog.holyart.it\/fr\/wp-content\/uploads\/sites\/14\/2022\/11\/Les-plus-belles-phrases-de-Pape-Fran\u00e7ois.png\",\"articleSection\":[\"No\u00ebl\",\"Religion\"],\"inLanguage\":\"fr-FR\"},{\"@type\":\"WebPage\",\"@id\":\"https:\/\/blog.holyart.it\/fr\/noel\/les-plus-belles-phrases-de-pape-francois\/\",\"url\":\"https:\/\/blog.holyart.it\/fr\/noel\/les-plus-belles-phrases-de-pape-francois\/\",\"name\":\"Les plus belles phrases de Pape Fran\u00e7ois - Holyart.fr Blog\",\"isPartOf\":{\"@id\":\"https:\/\/blog.holyart.it\/fr\/#website\"},\"primaryImageOfPage\":{\"@id\":\"https:\/\/blog.holyart.it\/fr\/noel\/les-plus-belles-phrases-de-pape-francois\/#primaryimage\"},\"image\":{\"@id\":\"https:\/\/blog.holyart.it\/fr\/noel\/les-plus-belles-phrases-de-pape-francois\/#primaryimage\"},\"thumbnailUrl\":\"https:\/\/blog.holyart.it\/fr\/wp-content\/uploads\/sites\/14\/2022\/11\/Les-plus-belles-phrases-de-Pape-Fran\u00e7ois.png\",\"datePublished\":\"2022-12-05T11:33:27+00:00\",\"dateModified\":\"2022-12-07T11:39:11+00:00\",\"description\":\"No\u00ebl approche. D\u00e9couvrons les plus belles phrases de Pape Fran\u00e7ois d\u00e9di\u00e9es \u00e0 No\u00ebl et tirons-en notre inspiration.\",\"breadcrumb\":{\"@id\":\"https:\/\/blog.holyart.it\/fr\/noel\/les-plus-belles-phrases-de-pape-francois\/#breadcrumb\"},\"inLanguage\":\"fr-FR\",\"potentialAction\":[{\"@type\":\"ReadAction\",\"target\":[\"https:\/\/blog.holyart.it\/fr\/noel\/les-plus-belles-phrases-de-pape-francois\/\"]}]},{\"@type\":\"ImageObject\",\"inLanguage\":\"fr-FR\",\"@id\":\"https:\/\/blog.holyart.it\/fr\/noel\/les-plus-belles-phrases-de-pape-francois\/#primaryimage\",\"url\":\"https:\/\/blog.holyart.it\/fr\/wp-content\/uploads\/sites\/14\/2022\/11\/Les-plus-belles-phrases-de-Pape-Fran\u00e7ois.png\",\"contentUrl\":\"https:\/\/blog.holyart.it\/fr\/wp-content\/uploads\/sites\/14\/2022\/11\/Les-plus-belles-phrases-de-Pape-Fran\u00e7ois.png\",\"width\":1000,\"height\":666,\"caption\":\"Les plus belles phrases de Pape Fran\u00e7ois\"},{\"@type\":\"BreadcrumbList\",\"@id\":\"https:\/\/blog.holyart.it\/fr\/noel\/les-plus-belles-phrases-de-pape-francois\/#breadcrumb\",\"itemListElement\":[{\"@type\":\"ListItem\",\"position\":1,\"name\":\"Homepage\",\"item\":\"https:\/\/blog.holyart.it\/fr\/\"},{\"@type\":\"ListItem\",\"position\":2,\"name\":\"No\u00ebl\",\"item\":\"https:\/\/blog.holyart.it\/fr\/noel\/\"},{\"@type\":\"ListItem\",\"position\":3,\"name\":\"Les plus belles phrases de Pape Fran\u00e7ois\"}]},{\"@type\":\"WebSite\",\"@id\":\"https:\/\/blog.holyart.it\/fr\/#website\",\"url\":\"https:\/\/blog.holyart.it\/fr\/\",\"name\":\"Holyart.fr Blog\",\"description\":\"Holyblog\",\"publisher\":{\"@id\":\"https:\/\/blog.holyart.it\/fr\/#organization\"},\"potentialAction\":[{\"@type\":\"SearchAction\",\"target\":{\"@type\":\"EntryPoint\",\"urlTemplate\":\"https:\/\/blog.holyart.it\/fr\/?s={search_term_string}\"},\"query-input\":{\"@type\":\"PropertyValueSpecification\",\"valueRequired\":true,\"valueName\":\"search_term_string\"}}],\"inLanguage\":\"fr-FR\"},{\"@type\":\"Organization\",\"@id\":\"https:\/\/blog.holyart.it\/fr\/#organization\",\"name\":\"Holyart.fr Blog\",\"url\":\"https:\/\/blog.holyart.it\/fr\/\",\"logo\":{\"@type\":\"ImageObject\",\"inLanguage\":\"fr-FR\",\"@id\":\"https:\/\/blog.holyart.it\/fr\/#\/schema\/logo\/image\/\",\"url\":\"https:\/\/blog.holyart.it\/fr\/wp-content\/uploads\/sites\/14\/2022\/12\/Holyart_Blog_Logo.jpg\",\"contentUrl\":\"https:\/\/blog.holyart.it\/fr\/wp-content\/uploads\/sites\/14\/2022\/12\/Holyart_Blog_Logo.jpg\",\"width\":300,\"height\":50,\"caption\":\"Holyart.fr Blog\"},\"image\":{\"@id\":\"https:\/\/blog.holyart.it\/fr\/#\/schema\/logo\/image\/\"}},{\"@type\":\"Person\",\"@id\":\"https:\/\/blog.holyart.it\/fr\/#\/schema\/person\/0a7b686e5af0f856ec1e390dd0baecda\",\"name\":\"Redazione\",\"image\":{\"@type\":\"ImageObject\",\"inLanguage\":\"fr-FR\",\"@id\":\"https:\/\/blog.holyart.it\/fr\/#\/schema\/person\/image\/\",\"url\":\"https:\/\/secure.gravatar.com\/avatar\/f477da817f43e50d0af36abecd33e3edf826c68299714bdc1057dff3b113f516?s=96&d=mm&r=g\",\"contentUrl\":\"https:\/\/secure.gravatar.com\/avatar\/f477da817f43e50d0af36abecd33e3edf826c68299714bdc1057dff3b113f516?s=96&d=mm&r=g\",\"caption\":\"Redazione\"},\"url\":\"https:\/\/blog.holyart.it\/fr\/author\/admin\/\"}]}<\/script>\n<!-- \/ Yoast SEO plugin. -->","yoast_head_json":{"title":"Les plus belles phrases de Pape Fran\u00e7ois - Holyart.fr Blog","description":"No\u00ebl approche. D\u00e9couvrons les plus belles phrases de Pape Fran\u00e7ois d\u00e9di\u00e9es \u00e0 No\u00ebl et tirons-en notre inspiration.","robots":{"index":"index","follow":"follow","max-snippet":"max-snippet:-1","max-image-preview":"max-image-preview:large","max-video-preview":"max-video-preview:-1"},"canonical":"https:\/\/blog.holyart.it\/fr\/noel\/les-plus-belles-phrases-de-pape-francois\/","og_locale":"fr_FR","og_type":"article","og_title":"Les plus belles phrases de Pape Fran\u00e7ois - Holyart.fr Blog","og_description":"No\u00ebl approche. D\u00e9couvrons les plus belles phrases de Pape Fran\u00e7ois d\u00e9di\u00e9es \u00e0 No\u00ebl et tirons-en notre inspiration.","og_url":"https:\/\/blog.holyart.it\/fr\/noel\/les-plus-belles-phrases-de-pape-francois\/","og_site_name":"Holyart.fr Blog","article_published_time":"2022-12-05T11:33:27+00:00","article_modified_time":"2022-12-07T11:39:11+00:00","og_image":[{"width":1000,"height":666,"url":"https:\/\/blog.holyart.it\/fr\/wp-content\/uploads\/sites\/14\/2022\/11\/Les-plus-belles-phrases-de-Pape-Fran\u00e7ois.png","type":"image\/png"}],"author":"Redazione","twitter_card":"summary_large_image","twitter_misc":{"\u00c9crit par":"Redazione","Dur\u00e9e de lecture estim\u00e9e":"11 minutes"},"schema":{"@context":"https:\/\/schema.org","@graph":[{"@type":"Article","@id":"https:\/\/blog.holyart.it\/fr\/noel\/les-plus-belles-phrases-de-pape-francois\/#article","isPartOf":{"@id":"https:\/\/blog.holyart.it\/fr\/noel\/les-plus-belles-phrases-de-pape-francois\/"},"author":{"name":"Redazione","@id":"https:\/\/blog.holyart.it\/fr\/#\/schema\/person\/0a7b686e5af0f856ec1e390dd0baecda"},"headline":"Les plus belles phrases de Pape Fran\u00e7ois","datePublished":"2022-12-05T11:33:27+00:00","dateModified":"2022-12-07T11:39:11+00:00","mainEntityOfPage":{"@id":"https:\/\/blog.holyart.it\/fr\/noel\/les-plus-belles-phrases-de-pape-francois\/"},"wordCount":2136,"publisher":{"@id":"https:\/\/blog.holyart.it\/fr\/#organization"},"image":{"@id":"https:\/\/blog.holyart.it\/fr\/noel\/les-plus-belles-phrases-de-pape-francois\/#primaryimage"},"thumbnailUrl":"https:\/\/blog.holyart.it\/fr\/wp-content\/uploads\/sites\/14\/2022\/11\/Les-plus-belles-phrases-de-Pape-Fran\u00e7ois.png","articleSection":["No\u00ebl","Religion"],"inLanguage":"fr-FR"},{"@type":"WebPage","@id":"https:\/\/blog.holyart.it\/fr\/noel\/les-plus-belles-phrases-de-pape-francois\/","url":"https:\/\/blog.holyart.it\/fr\/noel\/les-plus-belles-phrases-de-pape-francois\/","name":"Les plus belles phrases de Pape Fran\u00e7ois - Holyart.fr Blog","isPartOf":{"@id":"https:\/\/blog.holyart.it\/fr\/#website"},"primaryImageOfPage":{"@id":"https:\/\/blog.holyart.it\/fr\/noel\/les-plus-belles-phrases-de-pape-francois\/#primaryimage"},"image":{"@id":"https:\/\/blog.holyart.it\/fr\/noel\/les-plus-belles-phrases-de-pape-francois\/#primaryimage"},"thumbnailUrl":"https:\/\/blog.holyart.it\/fr\/wp-content\/uploads\/sites\/14\/2022\/11\/Les-plus-belles-phrases-de-Pape-Fran\u00e7ois.png","datePublished":"2022-12-05T11:33:27+00:00","dateModified":"2022-12-07T11:39:11+00:00","description":"No\u00ebl approche. D\u00e9couvrons les plus belles phrases de Pape Fran\u00e7ois d\u00e9di\u00e9es \u00e0 No\u00ebl et tirons-en notre inspiration.","breadcrumb":{"@id":"https:\/\/blog.holyart.it\/fr\/noel\/les-plus-belles-phrases-de-pape-francois\/#breadcrumb"},"inLanguage":"fr-FR","potentialAction":[{"@type":"ReadAction","target":["https:\/\/blog.holyart.it\/fr\/noel\/les-plus-belles-phrases-de-pape-francois\/"]}]},{"@type":"ImageObject","inLanguage":"fr-FR","@id":"https:\/\/blog.holyart.it\/fr\/noel\/les-plus-belles-phrases-de-pape-francois\/#primaryimage","url":"https:\/\/blog.holyart.it\/fr\/wp-content\/uploads\/sites\/14\/2022\/11\/Les-plus-belles-phrases-de-Pape-Fran\u00e7ois.png","contentUrl":"https:\/\/blog.holyart.it\/fr\/wp-content\/uploads\/sites\/14\/2022\/11\/Les-plus-belles-phrases-de-Pape-Fran\u00e7ois.png","width":1000,"height":666,"caption":"Les plus belles phrases de Pape Fran\u00e7ois"},{"@type":"BreadcrumbList","@id":"https:\/\/blog.holyart.it\/fr\/noel\/les-plus-belles-phrases-de-pape-francois\/#breadcrumb","itemListElement":[{"@type":"ListItem","position":1,"name":"Homepage","item":"https:\/\/blog.holyart.it\/fr\/"},{"@type":"ListItem","position":2,"name":"No\u00ebl","item":"https:\/\/blog.holyart.it\/fr\/noel\/"},{"@type":"ListItem","position":3,"name":"Les plus belles phrases de Pape Fran\u00e7ois"}]},{"@type":"WebSite","@id":"https:\/\/blog.holyart.it\/fr\/#website","url":"https:\/\/blog.holyart.it\/fr\/","name":"Holyart.fr Blog","description":"Holyblog","publisher":{"@id":"https:\/\/blog.holyart.it\/fr\/#organization"},"potentialAction":[{"@type":"SearchAction","target":{"@type":"EntryPoint","urlTemplate":"https:\/\/blog.holyart.it\/fr\/?s={search_term_string}"},"query-input":{"@type":"PropertyValueSpecification","valueRequired":true,"valueName":"search_term_string"}}],"inLanguage":"fr-FR"},{"@type":"Organization","@id":"https:\/\/blog.holyart.it\/fr\/#organization","name":"Holyart.fr Blog","url":"https:\/\/blog.holyart.it\/fr\/","logo":{"@type":"ImageObject","inLanguage":"fr-FR","@id":"https:\/\/blog.holyart.it\/fr\/#\/schema\/logo\/image\/","url":"https:\/\/blog.holyart.it\/fr\/wp-content\/uploads\/sites\/14\/2022\/12\/Holyart_Blog_Logo.jpg","contentUrl":"https:\/\/blog.holyart.it\/fr\/wp-content\/uploads\/sites\/14\/2022\/12\/Holyart_Blog_Logo.jpg","width":300,"height":50,"caption":"Holyart.fr Blog"},"image":{"@id":"https:\/\/blog.holyart.it\/fr\/#\/schema\/logo\/image\/"}},{"@type":"Person","@id":"https:\/\/blog.holyart.it\/fr\/#\/schema\/person\/0a7b686e5af0f856ec1e390dd0baecda","name":"Redazione","image":{"@type":"ImageObject","inLanguage":"fr-FR","@id":"https:\/\/blog.holyart.it\/fr\/#\/schema\/person\/image\/","url":"https:\/\/secure.gravatar.com\/avatar\/f477da817f43e50d0af36abecd33e3edf826c68299714bdc1057dff3b113f516?s=96&d=mm&r=g","contentUrl":"https:\/\/secure.gravatar.com\/avatar\/f477da817f43e50d0af36abecd33e3edf826c68299714bdc1057dff3b113f516?s=96&d=mm&r=g","caption":"Redazione"},"url":"https:\/\/blog.holyart.it\/fr\/author\/admin\/"}]}},"_links":{"self":[{"href":"https:\/\/blog.holyart.it\/fr\/wp-json\/wp\/v2\/posts\/5522","targetHints":{"allow":["GET"]}}],"collection":[{"href":"https:\/\/blog.holyart.it\/fr\/wp-json\/wp\/v2\/posts"}],"about":[{"href":"https:\/\/blog.holyart.it\/fr\/wp-json\/wp\/v2\/types\/post"}],"author":[{"embeddable":true,"href":"https:\/\/blog.holyart.it\/fr\/wp-json\/wp\/v2\/users\/1"}],"replies":[{"embeddable":true,"href":"https:\/\/blog.holyart.it\/fr\/wp-json\/wp\/v2\/comments?post=5522"}],"version-history":[{"count":0,"href":"https:\/\/blog.holyart.it\/fr\/wp-json\/wp\/v2\/posts\/5522\/revisions"}],"wp:featuredmedia":[{"embeddable":true,"href":"https:\/\/blog.holyart.it\/fr\/wp-json\/wp\/v2\/media\/5523"}],"wp:attachment":[{"href":"https:\/\/blog.holyart.it\/fr\/wp-json\/wp\/v2\/media?parent=5522"}],"wp:term":[{"taxonomy":"category","embeddable":true,"href":"https:\/\/blog.holyart.it\/fr\/wp-json\/wp\/v2\/categories?post=5522"},{"taxonomy":"post_tag","embeddable":true,"href":"https:\/\/blog.holyart.it\/fr\/wp-json\/wp\/v2\/tags?post=5522"}],"curies":[{"name":"wp","href":"https:\/\/api.w.org\/{rel}","templated":true}]}}