{"id":5493,"date":"2022-11-30T12:30:44","date_gmt":"2022-11-30T11:30:44","guid":{"rendered":"https:\/\/blog.holyart.it\/fr\/?p=5493"},"modified":"2022-12-01T09:10:34","modified_gmt":"2022-12-01T08:10:34","slug":"les-metiers-de-la-creche-napolitaine","status":"publish","type":"post","link":"https:\/\/blog.holyart.it\/fr\/noel\/les-metiers-de-la-creche-napolitaine\/","title":{"rendered":"Les m\u00e9tiers de la Cr\u00e8che Napolitaine"},"content":{"rendered":"<h4 style=\"text-align: center;\"><em>Les m\u00e9tiers de la Cr\u00e8che napolitaine ne sont pas ce qu\u2019ils semblent \u00eatre. P\u00eacheurs, charpentiers, fleuristes, m\u00eame les pizza\u00efolos ont un r\u00f4le qui va bien au-del\u00e0 du m\u00e9tier qu\u2019ils repr\u00e9sentent. D\u00e9couvrons les significations cach\u00e9es dans les personnages qui peuplent une des cr\u00e8ches les plus c\u00e9l\u00e8bres au monde.<\/em><\/h4>\n\n<p>La Cr\u00e8che napolitaine n\u2019est pas une simple repr\u00e9sentation de la <strong><a href=\"https:\/\/www.holyart.fr\/noel\/nativite?page=1\">Nativit\u00e9<\/a><\/strong>, c\u2019est-\u00e0-dire de la naissance de l\u2019Enfant J\u00e9sus \u00e0 Bethl\u00e9em. Dans de nombreux articles pr\u00e9c\u00e9dents, nous avons analys\u00e9 <strong><a href=\"https:\/\/www.holyart.fr\/blog\/noel\/les-personnages-de-la-creche-napolitaine-et-leur-signification\/\">la complexit\u00e9 de son impact sc\u00e9nographique<\/a><\/strong>, le profond symbolisme qui en impr\u00e8gne chaque \u00e9l\u00e9ment, m\u00eame ceux qui sont apparemment les plus insignifiants et banaux. Dans la Cr\u00e8che napolitaine rien n\u2019est laiss\u00e9 au hasard, chaque objet, chaque figure sont plac\u00e9s de mani\u00e8re pr\u00e9cise pour raconter une histoire, pour transmettre une \u00e9motion, pour donner vie \u00e0 un \u00e9quilibre tant fragile que n\u00e9cessaire. Un \u00e9quilibre parfait qui est le m\u00eame sur lequel se base l\u2019ordre du monde, i.e. celui entre les forces apparemment en contraste, oppos\u00e9es, mais qui en r\u00e9alit\u00e9 trouvent justement dans le fait de s\u2019\u00e9quilibrer l\u2019une l\u2019autre leur raison d\u2019\u00eatre\u00a0: vie et mort, bien et mal, lumi\u00e8re et obscurit\u00e9. Cela et bien plus se cache derri\u00e8re les lieux et les personnages de la Cr\u00e8che napolitaine, des <strong><a href=\"https:\/\/www.holyart.fr\/noel\/santons-creche?page=1&amp;sorter_id=0&amp;83%5B%5D=2349&amp;p_min=&amp;p_max=\">bergers de la Cr\u00e8che<\/a><\/strong> au chasseur, du p\u00eacheur \u00e0 la cabane m\u00eame o\u00f9 J\u00e9sus vient au monde. Pour cette raison, il est int\u00e9ressant de nous attarder dans cet article sur la signification des m\u00e9tiers dans la Cr\u00e8che.<\/p>\n<p><img loading=\"lazy\" decoding=\"async\" class=\"size-full wp-image-5497 aligncenter\" src=\"https:\/\/blog.holyart.it\/fr\/wp-content\/uploads\/sites\/14\/2022\/11\/bergers-de-la-Cr\u00e8che.jpg\" alt=\"bergers de la Cr\u00e8che\" width=\"800\" height=\"459\" data-kale-share-title=\"Les m\u00e9tiers de la Cr\u00e8che Napolitaine\" data-kale-share-url=\"https:\/\/blog.holyart.it\/fr\/?p=5493\" \/><\/p>\n<p>C\u2019est l\u2019histoire m\u00eame de la Cr\u00e8che napolitaine qui en justifie la profondeur des symboles et intentions. Le premier document qui atteste la pr\u00e9sence d\u2019une Cr\u00e8che dans la zone de Naples remonte \u00e0 1021, et l\u2019histoire de ces si\u00e8cles est parsem\u00e9e d\u2019allusions et de t\u00e9moignages qui nous font comprendre comment, d\u00e9j\u00e0 \u00e0 partir de ce moment-l\u00e0, la Cr\u00e8che \u00e9tait consid\u00e9r\u00e9e comme une repr\u00e9sentation non seulement religieuse, mais aussi d\u2019une grande valeur artistique, don pr\u00e9cieux et appr\u00e9ci\u00e9 de la part de nobles, voire de princes, aux lieux de culte.<\/p>\n<p>Nous devons toutefois attendre le XVe si\u00e8cle pour trouver les premiers exemples de sculptures en bois r\u00e9alis\u00e9es express\u00e9ment par des ma\u00eetres artisans, comme les fr\u00e8res Giovanni et Pietro Alemanno, premiers sculpteurs de figures pour la Nativit\u00e9, ou Pietro Belverte, auquel nous devons la premi\u00e8re Cr\u00e8che se d\u00e9roulant dans une v\u00e9ritable grotte construite avec des pierres amen\u00e9es de la Palestine.<\/p>\n<p>Au XVIe si\u00e8cle on commen\u00e7a \u00e0 r\u00e9aliser des santons en terre cuite pour un usage priv\u00e9, figurines auxquelles \u00e9taient donn\u00e9es les traits des commanditaires. Avec la Cr\u00e8che r\u00e9alis\u00e9e par Saint Ga\u00e9tan de Thi\u00e8ne, consid\u00e9r\u00e9 comme l\u2019inventeur de la Cr\u00e8che napolitaine, dans l\u2019h\u00f4pital des Incurables, nait la tradition d\u2019installer la Cr\u00e8che dans les \u00e9glises et dans les maisons \u00e0 l\u2019occasion de No\u00ebl, en l\u2019enlevant pour le restant de l\u2019ann\u00e9e. C\u2019est \u00e9galement le d\u00e9but de la Cr\u00e8che baroque, dans l\u2019\u00e9glise des Scolopi, compos\u00e9e de mannequins articul\u00e9s en bois, d\u2019abord grandeur nature et ensuite de plus en plus petits, richement habill\u00e9s avec des tissus pr\u00e9cieux. Durant tout le XVIIe si\u00e8cle la Cr\u00e8che napolitaine \u00e9volue et les \u00e9l\u00e9ments sacr\u00e9s qui la caract\u00e9risent commencent \u00e0 subir de plus en plus la contamination du monde profane. Maisons, magasins, sc\u00e8nes de march\u00e9, tavernes, rues peupl\u00e9es d\u2019une humanit\u00e9 vari\u00e9e et non exempt\u00e9e de laideurs, de d\u00e9formit\u00e9s. La r\u00e9alit\u00e9 exasp\u00e9r\u00e9e au point de devenir un art.<\/p>\n<p>Mais c\u2019est au XVIIIe si\u00e8cle que la Cr\u00e8che napolitaine connait son \u00e2ge d\u2019or. N\u2019\u00e9tant plus un privil\u00e8ge exclusif d\u2019\u00e9glises et lieux de culte, elle devient un \u00e9l\u00e9ment de prestige pour les palais de l\u2019aristocratie, qui se battent pour s\u2019adjuger les meilleurs \u0153uvres des artistes les plus c\u00e9l\u00e8bres et les plus renomm\u00e9s. Les personnages sont r\u00e9alis\u00e9s en fil m\u00e9tallique recouvert d\u2019\u00e9toupe, avec t\u00eate et membres en bois peints et, ensuite, en terre cuite. Giuseppe Sanmartino ne fut qu\u2019un des grands sculpteurs napolitains du XVIIIe qui s\u2019int\u00e9ressa \u00e0 l\u2019art de la cr\u00e8che et donna naissance \u00e0 une \u00e9cole. Des tr\u00e8s nombreux artistes renomm\u00e9s se d\u00e9di\u00e8rent \u00e0 la r\u00e9alisation des figurines en terre cuite pour la Cr\u00e8che pendant tout le XVIIIe, mais aussi pendant le si\u00e8cle suivant.<\/p>\n<p>Mais venons-en \u00e0 examiner en d\u00e9tail <strong><a href=\"https:\/\/www.holyart.fr\/noel\/creches-noel\/creche-napolitaine?page=1\">les m\u00e9tiers de la Cr\u00e8che napolitaine<\/a><\/strong> et leur signification plus profonde, le symbolisme qu\u2019ils cachent.<\/p>\n<h2>Les p\u00eacheurs<\/h2>\n<p><u><\/u>Parmi les m\u00e9tiers de la Cr\u00e8che napolitaine, <strong><a href=\"https:\/\/www.holyart.fr\/noel\/creches-noel\/creche-napolitaine\/milieu-creche-anime-pecheurs-14-cm\">le p\u00eacheur<\/a> <\/strong>est un de ceux qui rev\u00eat une valeur positive et r\u00e9confortante. En contraposition \u00e0 la figure du chasseur, que l\u2019on rencontre juste avant, en avan\u00e7ant \u00e0 l\u2019int\u00e9rieur de la Cr\u00e8che, le p\u00eacheur communique un sentiment de s\u00e9r\u00e9nit\u00e9 et de soulagement, soit-il assis au bord d\u2019une rivi\u00e8re, avec sa canne \u00e0 p\u00eache en main et la ligne jet\u00e9e \u00e0 l\u2019eau, ou dans sur place du march\u00e9, \u00e0 c\u00f4t\u00e9 de son \u00e9tal de poisson.<\/p>\n<p>Comme le chasseur repr\u00e9sente la mort, ainsi le p\u00eacheur repr\u00e9sente la vie, et on le comprend \u00e0 son aspect un peu n\u00e9glig\u00e9, mais color\u00e9, vivace, aux poissons qui fr\u00e9tillent sur l\u2019\u00e9tal, ou \u00e0 la ligne. Il rappelle \u00e9galement la p\u00eache des \u00e2mes, et donc la figure de J\u00e9sus et de ses ap\u00f4tres. De plus le p\u00eacheur et le poissonnier sont associ\u00e9s dans la Cr\u00e8che napolitaine au mois de d\u00e9cembre. Dans cette repr\u00e9sentation nous voyons deux p\u00eacheurs en train de ranger leurs filets apr\u00e8s la p\u00eache. La sc\u00e8ne est r\u00e9alis\u00e9e enti\u00e8rement \u00e0 la main, \u00e0 Naples, par des artisans exp\u00e9riment\u00e9s avec des ann\u00e9es d\u2019exp\u00e9rience dans la r\u00e9alisation de cr\u00e8ches artistiques. Les statuettes sont r\u00e9alis\u00e9es en terre cuite v\u00e9ritable et soigneusement habill\u00e9es de tissu et s\u2019animent gr\u00e2ce \u00e0 un petit moteur \u00e9lectrique, qui fonctionne simplement en branchant la fiche au courant 220V<\/p>\n<div class=\"sp-styles-warning\" style=\"width: 450px; background-color: #FFF; color: #F00; border: 1px solid #F00; padding: 10px; font-size: 14px;\">\n\t\t\t<span style=\"font-weight: bold;\">Warning: The stylesheets were not loaded!<\/span> \n\t\t\tYou will need to change the <i>Load stylesheets<\/i> setting from <i>Automatically<\/i> to <i>On homepage<\/i> or <i>On all pages<\/i>. \n\t\t\tYou can set that <a style=\"text-decoration: underline; color: #F00;\" href=\"https:\/\/blog.holyart.it\/fr\/wp-admin\/admin.php?page=sliderpro-settings\">here<\/a>.\n\t\t\t<\/div>\r\n<div id=\"slider-pro-92\" class=\"slider-pro sp-no-js\" style=\"width: 500px; height: 500px;\">\r\n\t<div class=\"sp-slides\">\r\n\t\t\r\n\t\t<div class=\"sp-slide\">\r\n\t\t\t<img loading=\"lazy\" decoding=\"async\" class=\"sp-image\" src=\"https:\/\/blog.holyart.it\/fr\/wp-content\/uploads\/sites\/14\/2022\/11\/Les-p\u00eacheurs-de-la-cr\u00e8che-napolitaine.jpg\" alt=\"Les p\u00eacheurs de la cr\u00e8che napolitaine\" width=\"500\" height=\"500\" \/>\r\n\t\t\t<div class=\"sp-thumbnail\"><a class=\"\" href=\"https:\/\/www.holyart.fr\/noel\/creches-noel\/creche-napolitaine\/pecheur-avec-paquet-danchois-10-cm-creche-naples\">\r\n\t\t\t\t<img decoding=\"async\" src=\"https:\/\/blog.holyart.it\/fr\/wp-content\/uploads\/sites\/14\/2022\/11\/P\u00eacheur-avec-paquet-danchois-10-cm-cr\u00e8che-Naples-.jpg\" \/>\r\n\t\t\t<\/a>\r\n\t\t\t<\/div>\r\n\t\t\t<div class=\"sp-caption\">Les p\u00eacheurs de la cr\u00e8che napolitaine\n<br \/><strong><a href=\"https:\/\/www.holyart.fr\/noel\/creches-noel\/creche-napolitaine\">Acheter sur Holyart<\/a><\/strong><\/div>\r\n\t\t<\/div>\r\n\t\t<div class=\"sp-slide\">\r\n\t\t\t<img loading=\"lazy\" decoding=\"async\" class=\"sp-image\" src=\"https:\/\/blog.holyart.it\/fr\/wp-content\/uploads\/sites\/14\/2022\/11\/Les-p\u00eacheurs-de-la-cr\u00e8che-napolitaine.jpg\" alt=\"Les p\u00eacheurs de la cr\u00e8che napolitaine\" width=\"500\" height=\"500\" \/>\r\n\t\t\t<div class=\"sp-thumbnail\"><a class=\"\" href=\"https:\/\/www.holyart.fr\/noel\/creches-noel\/creche-napolitaine\/milieu-creche-anime-pecheurs-14-cm\">\r\n\t\t\t\t<img decoding=\"async\" src=\"https:\/\/blog.holyart.it\/fr\/wp-content\/uploads\/sites\/14\/2022\/11\/Milieu-cr\u00e8che-anim\u00e9-p\u00eacheurs-14-cm.jpg\" alt=\"Milieu cr\u00e8che anim\u00e9, p\u00eacheurs 14 cm\" \/>\r\n\t\t\t<\/a>\r\n\t\t\t<\/div>\r\n\t\t\t<div class=\"sp-caption\">Les p\u00eacheurs de la cr\u00e8che napolitaine\n<br \/><strong><a href=\"https:\/\/www.holyart.fr\/noel\/creches-noel\/creche-napolitaine\">Acheter sur Holyart<\/a><\/strong><\/div>\r\n\t\t<\/div>\r\n\t\t<div class=\"sp-slide\">\r\n\t\t\t<img loading=\"lazy\" decoding=\"async\" class=\"sp-image\" src=\"https:\/\/blog.holyart.it\/fr\/wp-content\/uploads\/sites\/14\/2022\/11\/Les-p\u00eacheurs-de-la-cr\u00e8che-napolitaine.jpg\" alt=\"Les p\u00eacheurs de la cr\u00e8che napolitaine\" width=\"500\" height=\"500\" \/>\r\n\t\t\t<div class=\"sp-thumbnail\"><a class=\"\" href=\"https:\/\/www.holyart.fr\/noel\/creches-noel\/creche-napolitaine\/santon-creche-napolitaine-8-cm-pecheur-debout\">\r\n\t\t\t\t<img decoding=\"async\" src=\"https:\/\/blog.holyart.it\/fr\/wp-content\/uploads\/sites\/14\/2022\/11\/Santon-cr\u00e8che-Napolitaine-8-cm-p\u00e9cheur-debout.jpg\" alt=\"Santon cr\u00e8che Napolitaine 8 cm p\u00e9cheur debout\" \/>\r\n\t\t\t<\/a>\r\n\t\t\t<\/div>\r\n\t\t\t<div class=\"sp-caption\">Les p\u00eacheurs de la cr\u00e8che napolitaine\n<br \/><strong><a href=\"https:\/\/www.holyart.fr\/noel\/creches-noel\/creche-napolitaine\">Acheter sur Holyart<\/a><\/strong><\/div>\r\n\t\t<\/div>\r\n\t<\/div>\r\n<\/div>\n<h2>Le vendeur de tissus<\/h2>\n<figure id=\"attachment_5520\" aria-describedby=\"caption-attachment-5520\" style=\"width: 800px\" class=\"wp-caption aligncenter\"><img loading=\"lazy\" decoding=\"async\" class=\"wp-image-5520 size-full\" src=\"https:\/\/blog.holyart.it\/fr\/wp-content\/uploads\/sites\/14\/2022\/11\/Vendeur-de-tissu-maure-cr\u00e8che-Napolitaine-18-cm.jpg\" alt=\"Vendeur de tissu maure cr\u00e8che Napolitaine 18 cm\" width=\"800\" height=\"402\" data-kale-share-title=\"Les m\u00e9tiers de la Cr\u00e8che Napolitaine\" data-kale-share-url=\"https:\/\/blog.holyart.it\/fr\/?p=5493\" \/><figcaption id=\"caption-attachment-5520\" class=\"wp-caption-text\"><center><a href=\"https:\/\/www.holyart.fr\/noel\/creches-noel\/creche-napolitaine\/vendeur-de-tissu-maure-creche-napolitaine-18-cm\">Vendeur de tissu maure cr\u00e8che Napolitaine 18 cm<\/a><\/center><\/figcaption><\/figure>\n<p>Comme c\u2019est souvent le cas, <strong><a href=\"https:\/\/www.holyart.fr\/noel\/creches-noel\/creche-napolitaine\/vendeur-de-tissu-maure-creche-napolitaine-18-cm\">le vendeur de tissus<\/a><\/strong> est repr\u00e9sent\u00e9 comme un marchand \u00e9tranger, dans ce cas-ci un maure, richement habill\u00e9. Les vendeurs et les commer\u00e7ants dans la Cr\u00e8che napolitaine ont aussi souvent une signification symbolique qui d\u00e9passe leur r\u00f4le.<\/p>\n<p>Par exemple, de nombreux vendeurs, surtout d\u2019aliments, sont des incarnations des mois de l\u2019ann\u00e9e. Dans le cas du vendeur de tissus, il fait partie de la nombreuse cour de commer\u00e7ants et vendeurs ambulants avec laquelle <strong>le monde profane s\u2019est rencontr\u00e9 avec le monde sacr\u00e9<\/strong> dans la Cr\u00e8che napolitaine baroque. Une humanit\u00e9 vari\u00e9e et multiforme, contradictoire, voire grotesque, dans son r\u00e9alisme par moment cruel.<\/p>\n<p><strong><a href=\"https:\/\/www.holyart.fr\/noel\/creches-noel\/creche-napolitaine\/vendeur-de-tissu-maure-creche-napolitaine-18-cm\">Ce santon<\/a><\/strong>, r\u00e9alis\u00e9 \u00e0 la main de mani\u00e8re tr\u00e8s d\u00e9taill\u00e9e, nous raconte l\u2019histoire d\u2019un marchant arriv\u00e9 de loin pour vendre sa marchandise dans une nuit diff\u00e9rente de toutes les autres.<\/p>\n<h2>La fleuriste<\/h2>\n<p><u><\/u>Cette figure typique de la Cr\u00e8che napolitaine nait aussi de la tradition populaire et est r\u00e9alis\u00e9e enti\u00e8rement \u00e0 la main par des artisans napolitains en terre cuite et tissu fa\u00e7onn\u00e9. Elle repr\u00e9sente une femme avec un \u00e9tal de fleurs. Un m\u00e9canisme cach\u00e9 fait en sorte que la<strong><a href=\"https:\/\/www.holyart.fr\/noel\/creches-noel\/creche-napolitaine\/fleuriste-mouvement-creche-10-cm-de-naples\"> fleuriste<\/a><\/strong> puisse bouger la main pour offrir ses fleurs color\u00e9es. Pour un instant nous oublions qu\u2019on est en plein hiver. L\u2019occasion de la naissance de J\u00e9sus m\u00e9rite toutes les plus belles fleurs du Printemps !<\/p>\n<h2>La laiti\u00e8re<\/h2>\n<p><strong><u><\/u><a href=\"https:\/\/www.holyart.fr\/noel\/creches-noel\/creche-napolitaine\/laitiere-avec-banc-14-cm-creche-napolitaine\">La vieille laiti\u00e8re<\/a> <\/strong>dispose avec soin ses sceaux de lait de diff\u00e9rentes dimensions et son mat\u00e9riel sur son \u00e9tal de vente, comme nous pouvons imaginer qu\u2019elle l\u2019ait fait tous les jours, pendant toute une vie. M\u00eame ce charmant personnage r\u00e9alis\u00e9 par les artisans de cr\u00e8che napolitains cache un m\u00e9canisme qui lui permet de bouger et nous raconte l\u2019histoire d\u2019une personne vivante, vraie, ins\u00e9r\u00e9e dans un d\u00e9cor suggestif et immortel comme la Cr\u00e8che pr\u00e9cis\u00e9ment.<\/p>\n<h2>Le charpentier<\/h2>\n<div class=\"sp-styles-warning\" style=\"width: 450px; background-color: #FFF; color: #F00; border: 1px solid #F00; padding: 10px; font-size: 14px;\">\n\t\t\t<span style=\"font-weight: bold;\">Warning: The stylesheets were not loaded!<\/span> \n\t\t\tYou will need to change the <i>Load stylesheets<\/i> setting from <i>Automatically<\/i> to <i>On homepage<\/i> or <i>On all pages<\/i>. \n\t\t\tYou can set that <a style=\"text-decoration: underline; color: #F00;\" href=\"https:\/\/blog.holyart.it\/fr\/wp-admin\/admin.php?page=sliderpro-settings\">here<\/a>.\n\t\t\t<\/div>\r\n<div id=\"slider-pro-91\" class=\"slider-pro sp-no-js\" style=\"width: 500px; height: 500px;\">\r\n\t<div class=\"sp-slides\">\r\n\t\t\r\n\t\t<div class=\"sp-slide\">\r\n\t\t\t<img loading=\"lazy\" decoding=\"async\" class=\"sp-image\" src=\"https:\/\/blog.holyart.it\/fr\/wp-content\/uploads\/sites\/14\/2022\/11\/Le-boucher.jpg\" alt=\"Le boucher\" width=\"500\" height=\"500\" \/>\r\n\t\t\t<div class=\"sp-thumbnail\"><a class=\"\" href=\"https:\/\/www.holyart.fr\/noel\/creches-noel\/creche-napolitaine\/menuisier-mouvement-10-cm-creche-napolitaine1\">\r\n\t\t\t\t<img decoding=\"async\" src=\"https:\/\/blog.holyart.it\/fr\/wp-content\/uploads\/sites\/14\/2022\/11\/Menuisier-mouvement-10-cm-cr\u00e8che-napolitaine.jpg\" alt=\"Menuisier mouvement 10 cm cr\u00e8che napolitaine\" \/>\r\n\t\t\t<\/a>\r\n\t\t\t<\/div>\r\n\t\t\t<div class=\"sp-caption\">Le charpentier de la cr\u00e8che napolitaine\n<br \/><strong><a href=\"https:\/\/www.holyart.fr\/noel\/creches-noel\/creche-napolitaine\">Acheter sur Holyart<\/a><\/strong><\/div>\r\n\t\t<\/div>\r\n\t\t<div class=\"sp-slide\">\r\n\t\t\t<img loading=\"lazy\" decoding=\"async\" class=\"sp-image\" src=\"https:\/\/blog.holyart.it\/fr\/wp-content\/uploads\/sites\/14\/2022\/11\/Le-boucher.jpg\" alt=\"Le boucher\" width=\"500\" height=\"500\" \/>\r\n\t\t\t<div class=\"sp-thumbnail\"><a class=\"\" href=\"https:\/\/www.holyart.fr\/noel\/creches-noel\/creche-napolitaine\/menuisier-creche-napolitaine-8-cm\">\r\n\t\t\t\t<img decoding=\"async\" src=\"https:\/\/blog.holyart.it\/fr\/wp-content\/uploads\/sites\/14\/2022\/11\/Menuisier-cr\u00e8che-Napolitaine-8-cm.jpg\" alt=\"Menuisier cr\u00e8che Napolitaine 8 cm\" \/>\r\n\t\t\t<\/a>\r\n\t\t\t<\/div>\r\n\t\t\t<div class=\"sp-caption\">Le charpentier de la cr\u00e8che napolitaine\n<br \/><strong><a href=\"https:\/\/www.holyart.fr\/noel\/creches-noel\/creche-napolitaine\">Acheter sur Holyart<\/a><\/strong><\/div>\r\n\t\t<\/div>\r\n\t\t<div class=\"sp-slide\">\r\n\t\t\t<img loading=\"lazy\" decoding=\"async\" class=\"sp-image\" src=\"https:\/\/blog.holyart.it\/fr\/wp-content\/uploads\/sites\/14\/2022\/11\/Le-boucher.jpg\" alt=\"Le boucher\" width=\"500\" height=\"500\" \/>\r\n\t\t\t<div class=\"sp-thumbnail\"><a class=\"\" href=\"https:\/\/www.holyart.fr\/noel\/creches-noel\/creche-napolitaine\/menuisier-avec-etabli-creche-napolitaine-10-cm-10x10x10-cm\">\r\n\t\t\t\t<img decoding=\"async\" src=\"https:\/\/blog.holyart.it\/fr\/wp-content\/uploads\/sites\/14\/2022\/11\/Menuisier-avec-\u00e9tabli-cr\u00e8che-napolitaine-10-cm-10x10x10-cm.jpg\" alt=\"Menuisier avec \u00e9tabli cr\u00e8che napolitaine 10 cm 10x10x10 cm\" \/>\r\n\t\t\t<\/a>\r\n\t\t\t<\/div>\r\n\t\t\t<div class=\"sp-caption\">Le charpentier de la cr\u00e8che napolitaine\n<br \/><strong><a href=\"https:\/\/www.holyart.fr\/noel\/creches-noel\/creche-napolitaine\">Acheter sur Holyart<\/a><\/strong><\/div>\r\n\t\t<\/div>\r\n\t<\/div>\r\n<\/div>\n<p><u><\/u>Parmi les m\u00e9tiers de la Cr\u00e8che napolitaine le<strong><a href=\"https:\/\/www.holyart.fr\/noel\/creches-noel\/creche-napolitaine\/mouvement-menuisier-avec-rabot-pour-creche-napolitaine-30-cm\"> charpentier<\/a><\/strong> ne peut pas manquer. En effet, il rappelle le m\u00e9tier de Saint Joseph, le p\u00e8re putatif de J\u00e9sus et rev\u00eat donc une signification symbolique plus importante par rapport \u00e0 d\u2019autres artisans. Dans cette sc\u00e8ne est repr\u00e9sent\u00e9 un charpentier en train de travailler avec son rabot et tous ses outils sur l\u2019\u00e9tabli de son atelier. Un petit moteur permet le mouvement de la figurine r\u00e9alis\u00e9e \u00e0 la main en terre cuite et tissu selon l\u2019ancienne tradition de la cr\u00e8che napolitaine.<\/p>\n<h2>Le boucher<\/h2>\n<p>Nous avons d\u00e9j\u00e0 mentionn\u00e9 comment dans la Cr\u00e8che napolitaine les vendeurs d\u2019aliments sont associ\u00e9s aux mois de l\u2019ann\u00e9e. En particulier, le boucher ou le charcutier sont associ\u00e9s au mois de janvier quand, traditionnellement, on tue le cochon dans les campagnes. Dans cette magnifique sc\u00e8ne anim\u00e9e, enti\u00e8rement r\u00e9alis\u00e9e \u00e0 la main par des artisans italiens, <strong><a href=\"https:\/\/www.holyart.fr\/noel\/creches-noel\/creche-napolitaine\/decor-mouvement-boucher-creche-napolitaine?flags=true\">le boucher<\/a><\/strong> est dans son magasin, reproduit avec un incroyable r\u00e9alisme, en train de couper un morceau de viande \u00e0 l\u2019aide de son hachoir.<\/p>\n<h2>Le maraicher<\/h2>\n<p>Dans la Cr\u00e8che napolitaine, <a href=\"https:\/\/www.holyart.fr\/noel\/creches-noel\/creche-napolitaine\/mouvement-creche-scene-marchand-de-fruits-12-cm\"><strong>le maraicher<\/strong><\/a> qui expose ses produits color\u00e9s et succulents a une signification d\u2019abondance et de richesse. Ce n\u2019est pas un hasard si, bien que l\u2019on soit en hiver, dans tous ses paniers tress\u00e9s et dans ses cageots en bois il \u00e9tale raisins, \u00e9pis de ma\u00efs, past\u00e8que, grenades, tous des fruits li\u00e9s \u00e0 la belle saison et \u00e0 sa f\u00e9condit\u00e9. La tradition des natures mortes du XVIIe si\u00e8cle a probablement influenc\u00e9 cette figure de la Cr\u00e8che avec le temps. Dans cette sc\u00e8ne en particulier nous voyons le maraicher dans sa boutique qui p\u00e8se les fruits expos\u00e9s en abondance devant et autour de lui.<\/p>\n<h2>Le boulanger<strong>\u00a0<\/strong><\/h2>\n<figure id=\"attachment_5507\" aria-describedby=\"caption-attachment-5507\" style=\"width: 800px\" class=\"wp-caption aligncenter\"><img loading=\"lazy\" decoding=\"async\" class=\"wp-image-5507 size-full\" src=\"https:\/\/blog.holyart.it\/fr\/wp-content\/uploads\/sites\/14\/2022\/11\/Boulanger.jpg\" alt=\"Boulanger\" width=\"800\" height=\"406\" data-kale-share-title=\"Les m\u00e9tiers de la Cr\u00e8che Napolitaine\" data-kale-share-url=\"https:\/\/blog.holyart.it\/fr\/?p=5493\" \/><figcaption id=\"caption-attachment-5507\" class=\"wp-caption-text\"><center><a href=\"https:\/\/www.holyart.fr\/noel\/creches-noel\/creche-napolitaine\/boulanger-10-cm-eclairage-creche-naples\"> Boulanger 10 cm \u00e9clairage cr\u00e8che Naples <\/a><\/center><\/figcaption><\/figure>\n<p><u><\/u>Le <strong><a href=\"https:\/\/www.holyart.fr\/noel\/creches-noel\/creche-napolitaine\/boulanger-10-cm-eclairage-creche-naples\">boulanger<\/a><\/strong> dans la Cr\u00e8che napolitaine est associ\u00e9 au mois de juin. Le boulanger et sa boutique, en plus de repr\u00e9senter l\u2019ancien m\u00e9tier, symbolisent \u00e9galement la doctrine chr\u00e9tienne et, en particulier, la signification particuli\u00e8re donn\u00e9e par elle au pain dans l\u2019<strong>Eucharistie<\/strong>. Cette sc\u00e8ne anim\u00e9e, enti\u00e8rement r\u00e9alis\u00e9e \u00e0 la main en Italie, \u00e0 Naples, est soign\u00e9e avec une grande attention pour les d\u00e9tails, surtout dans les expressions du visage du santon, tout \u00e0 fait r\u00e9alistes. La figurine en terre cuite v\u00e9ritable avec v\u00eatements en tissu fa\u00e7onn\u00e9 bouge en mettant la pelle pour le pain dans le four, dans un geste simple, mais de grand effet.<\/p>\n<h2>Le pizza\u00efolo<\/h2>\n<p><u><\/u>Parmi les m\u00e9tiers de la Cr\u00e8che napolitaine <strong><a href=\"https:\/\/www.holyart.fr\/noel\/creches-noel\/creche-napolitaine\/scene-pizzeria-3-santons-12-cm-creche-napolitaine\">le pizza\u00efolo<\/a><\/strong> ne peut absolument pas manquer. Dans cette sc\u00e8ne suggestive qui repr\u00e9sente une ancienne pizzeria rurale, un pizza\u00efolo et ses deux clients attendent que la pizza soit pr\u00eate. Les figurines sont r\u00e9alis\u00e9es \u00e0 la main en terre cuite et habill\u00e9es de tissu. Le d\u00e9cor est \u00e9clair\u00e9 de mani\u00e8re suggestive et soign\u00e9 dans les moindres d\u00e9tails.<\/p>\n<div class=\"sp-styles-warning\" style=\"width: 450px; background-color: #FFF; color: #F00; border: 1px solid #F00; padding: 10px; font-size: 14px;\">\n\t\t\t<span style=\"font-weight: bold;\">Warning: The stylesheets were not loaded!<\/span> \n\t\t\tYou will need to change the <i>Load stylesheets<\/i> setting from <i>Automatically<\/i> to <i>On homepage<\/i> or <i>On all pages<\/i>. \n\t\t\tYou can set that <a style=\"text-decoration: underline; color: #F00;\" href=\"https:\/\/blog.holyart.it\/fr\/wp-admin\/admin.php?page=sliderpro-settings\">here<\/a>.\n\t\t\t<\/div>\r\n<div id=\"slider-pro-90\" class=\"slider-pro sp-no-js\" style=\"width: 500px; height: 500px;\">\r\n\t<div class=\"sp-slides\">\r\n\t\t\r\n\t\t<div class=\"sp-slide\">\r\n\t\t\t<img loading=\"lazy\" decoding=\"async\" class=\"sp-image\" src=\"https:\/\/blog.holyart.it\/fr\/wp-content\/uploads\/sites\/14\/2022\/11\/Le-pizza\u00efolo-1-1.jpg\" alt=\"Le pizza\u00efolo\u00a0\" width=\"500\" height=\"500\" \/>\r\n\t\t\t<div class=\"sp-thumbnail\"><a class=\"\" href=\"https:\/\/www.holyart.fr\/noel\/creches-noel\/creche-napolitaine\/santon-creche-napolitaine-8-cm-pizzaiolo\">\r\n\t\t\t\t<img decoding=\"async\" src=\"https:\/\/blog.holyart.it\/fr\/wp-content\/uploads\/sites\/14\/2022\/11\/Santon-cr\u00e8che-Napolitaine-8-cm-pizzaiolo-.jpg\" alt=\"Santon cr\u00e8che Napolitaine 8 cm pizzaiolo\" \/>\r\n\t\t\t<\/a>\r\n\t\t\t<\/div>\r\n\t\t\t<div class=\"sp-caption\">Pizza\u00efolo pour cr\u00e8che napolitaine <br \/><strong><a href=\"https:\/\/www.holyart.fr\/noel\/creches-noel\/creche-napolitaine\">Acheter sur Holyart<\/a><\/strong><\/div>\r\n\t\t<\/div>\r\n\t\t<div class=\"sp-slide\">\r\n\t\t\t<img loading=\"lazy\" decoding=\"async\" class=\"sp-image\" src=\"https:\/\/blog.holyart.it\/fr\/wp-content\/uploads\/sites\/14\/2022\/11\/Le-pizza\u00efolo-1-1.jpg\" alt=\"Le pizza\u00efolo\u00a0\" width=\"500\" height=\"500\" \/>\r\n\t\t\t<div class=\"sp-thumbnail\"><a class=\"\" href=\"https:\/\/www.holyart.fr\/noel\/creches-noel\/creche-napolitaine\/pizzaiolo-pour-creche-napolitaine-12-cm\">\r\n\t\t\t\t<img decoding=\"async\" src=\"https:\/\/blog.holyart.it\/fr\/wp-content\/uploads\/sites\/14\/2022\/11\/Pizza\u00efolo-pour-cr\u00e8che-napolitaine-12-cm-2.jpg\" alt=\"Pizza\u00efolo pour cr\u00e8che napolitaine 12 cm (2)\" \/>\r\n\t\t\t<\/a>\r\n\t\t\t<\/div>\r\n\t\t\t<div class=\"sp-caption\">Pizza\u00efolo pour cr\u00e8che napolitaine <br \/><strong><a href=\"https:\/\/www.holyart.fr\/noel\/creches-noel\/creche-napolitaine\">Acheter sur Holyart<\/a><\/strong><\/div>\r\n\t\t<\/div>\r\n\t\t<div class=\"sp-slide\">\r\n\t\t\t<img loading=\"lazy\" decoding=\"async\" class=\"sp-image\" src=\"https:\/\/blog.holyart.it\/fr\/wp-content\/uploads\/sites\/14\/2022\/11\/Le-pizza\u00efolo-1-1.jpg\" alt=\"Le pizza\u00efolo\u00a0\" width=\"500\" height=\"500\" \/>\r\n\t\t\t<div class=\"sp-thumbnail\"><a class=\"\" href=\"https:\/\/www.holyart.fr\/noel\/creches-noel\/creche-napolitaine\/pizzaiolo-creche-napolitaine-18-cm\">\r\n\t\t\t\t<img decoding=\"async\" src=\"https:\/\/blog.holyart.it\/fr\/wp-content\/uploads\/sites\/14\/2022\/11\/Pizzaiolo-cr\u00e8che-Napolitaine-18-cm-1.jpg\" alt=\"Pizzaiolo cr\u00e8che Napolitaine 18 cm\" \/>\r\n\t\t\t<\/a>\r\n\t\t\t<\/div>\r\n\t\t\t<div class=\"sp-caption\">Pizza\u00efolo pour cr\u00e8che napolitaine <br \/><strong><a href=\"https:\/\/www.holyart.fr\/noel\/creches-noel\/creche-napolitaine\">Acheter sur Holyart<\/a><\/strong><\/div>\r\n\t\t<\/div>\r\n\t<\/div>\r\n<\/div>\n","protected":false},"excerpt":{"rendered":"<p>Les m\u00e9tiers de la Cr\u00e8che napolitaine ne sont pas ce qu\u2019ils semblent \u00eatre. P\u00eacheurs, charpentiers, fleuristes, m\u00eame les pizza\u00efolos ont un r\u00f4le qui va bien au-del\u00e0 du m\u00e9tier qu\u2019ils repr\u00e9sentent. D\u00e9couvrons les significations cach\u00e9es dans les personnages qui peuplent une des cr\u00e8ches les plus c\u00e9l\u00e8bres&hellip;<\/p>\n","protected":false},"author":1,"featured_media":5494,"comment_status":"closed","ping_status":"open","sticky":false,"template":"","format":"standard","meta":{"_acf_changed":false,"footnotes":""},"categories":[10],"tags":[],"class_list":["post-5493","post","type-post","status-publish","format-standard","has-post-thumbnail","hentry","category-noel"],"acf":[],"yoast_head":"<!-- This site is optimized with the Yoast SEO plugin v26.6 - https:\/\/yoast.com\/wordpress\/plugins\/seo\/ -->\n<title>Les m\u00e9tiers de la Cr\u00e8che Napolitaine - Holyart.fr Blog<\/title>\n<meta name=\"description\" content=\"Les m\u00e9tiers de la Cr\u00e8che Napolitaine cachent souvent des significations profondes et myst\u00e9rieuses, et repr\u00e9sentent des aper\u00e7us de la vie d\u2019un monde en \u00e9quilibre entre sacr\u00e9 et profane.\" \/>\n<meta name=\"robots\" content=\"index, follow, max-snippet:-1, max-image-preview:large, max-video-preview:-1\" \/>\n<link rel=\"canonical\" href=\"https:\/\/blog.holyart.it\/fr\/noel\/les-metiers-de-la-creche-napolitaine\/\" \/>\n<meta property=\"og:locale\" content=\"fr_FR\" \/>\n<meta property=\"og:type\" content=\"article\" \/>\n<meta property=\"og:title\" content=\"Les m\u00e9tiers de la Cr\u00e8che Napolitaine - Holyart.fr Blog\" \/>\n<meta property=\"og:description\" content=\"Les m\u00e9tiers de la Cr\u00e8che Napolitaine cachent souvent des significations profondes et myst\u00e9rieuses, et repr\u00e9sentent des aper\u00e7us de la vie d\u2019un monde en \u00e9quilibre entre sacr\u00e9 et profane.\" \/>\n<meta property=\"og:url\" content=\"https:\/\/blog.holyart.it\/fr\/noel\/les-metiers-de-la-creche-napolitaine\/\" \/>\n<meta property=\"og:site_name\" content=\"Holyart.fr Blog\" \/>\n<meta property=\"article:published_time\" content=\"2022-11-30T11:30:44+00:00\" \/>\n<meta property=\"article:modified_time\" content=\"2022-12-01T08:10:34+00:00\" \/>\n<meta property=\"og:image\" content=\"https:\/\/blog.holyart.it\/fr\/wp-content\/uploads\/sites\/14\/2022\/11\/Les-m\u00e9tiers-de-la-Cr\u00e8che-Napolitaine.jpg\" \/>\n\t<meta property=\"og:image:width\" content=\"1000\" \/>\n\t<meta property=\"og:image:height\" content=\"666\" \/>\n\t<meta property=\"og:image:type\" content=\"image\/jpeg\" \/>\n<meta name=\"author\" content=\"Redazione\" \/>\n<meta name=\"twitter:card\" content=\"summary_large_image\" \/>\n<meta name=\"twitter:label1\" content=\"\u00c9crit par\" \/>\n\t<meta name=\"twitter:data1\" content=\"Redazione\" \/>\n\t<meta name=\"twitter:label2\" content=\"Dur\u00e9e de lecture estim\u00e9e\" \/>\n\t<meta name=\"twitter:data2\" content=\"10 minutes\" \/>\n<script type=\"application\/ld+json\" class=\"yoast-schema-graph\">{\"@context\":\"https:\/\/schema.org\",\"@graph\":[{\"@type\":\"Article\",\"@id\":\"https:\/\/blog.holyart.it\/fr\/noel\/les-metiers-de-la-creche-napolitaine\/#article\",\"isPartOf\":{\"@id\":\"https:\/\/blog.holyart.it\/fr\/noel\/les-metiers-de-la-creche-napolitaine\/\"},\"author\":{\"name\":\"Redazione\",\"@id\":\"https:\/\/blog.holyart.it\/fr\/#\/schema\/person\/0a7b686e5af0f856ec1e390dd0baecda\"},\"headline\":\"Les m\u00e9tiers de la Cr\u00e8che Napolitaine\",\"datePublished\":\"2022-11-30T11:30:44+00:00\",\"dateModified\":\"2022-12-01T08:10:34+00:00\",\"mainEntityOfPage\":{\"@id\":\"https:\/\/blog.holyart.it\/fr\/noel\/les-metiers-de-la-creche-napolitaine\/\"},\"wordCount\":2007,\"publisher\":{\"@id\":\"https:\/\/blog.holyart.it\/fr\/#organization\"},\"image\":{\"@id\":\"https:\/\/blog.holyart.it\/fr\/noel\/les-metiers-de-la-creche-napolitaine\/#primaryimage\"},\"thumbnailUrl\":\"https:\/\/blog.holyart.it\/fr\/wp-content\/uploads\/sites\/14\/2022\/11\/Les-m\u00e9tiers-de-la-Cr\u00e8che-Napolitaine.jpg\",\"articleSection\":[\"No\u00ebl\"],\"inLanguage\":\"fr-FR\"},{\"@type\":\"WebPage\",\"@id\":\"https:\/\/blog.holyart.it\/fr\/noel\/les-metiers-de-la-creche-napolitaine\/\",\"url\":\"https:\/\/blog.holyart.it\/fr\/noel\/les-metiers-de-la-creche-napolitaine\/\",\"name\":\"Les m\u00e9tiers de la Cr\u00e8che Napolitaine - Holyart.fr Blog\",\"isPartOf\":{\"@id\":\"https:\/\/blog.holyart.it\/fr\/#website\"},\"primaryImageOfPage\":{\"@id\":\"https:\/\/blog.holyart.it\/fr\/noel\/les-metiers-de-la-creche-napolitaine\/#primaryimage\"},\"image\":{\"@id\":\"https:\/\/blog.holyart.it\/fr\/noel\/les-metiers-de-la-creche-napolitaine\/#primaryimage\"},\"thumbnailUrl\":\"https:\/\/blog.holyart.it\/fr\/wp-content\/uploads\/sites\/14\/2022\/11\/Les-m\u00e9tiers-de-la-Cr\u00e8che-Napolitaine.jpg\",\"datePublished\":\"2022-11-30T11:30:44+00:00\",\"dateModified\":\"2022-12-01T08:10:34+00:00\",\"description\":\"Les m\u00e9tiers de la Cr\u00e8che Napolitaine cachent souvent des significations profondes et myst\u00e9rieuses, et repr\u00e9sentent des aper\u00e7us de la vie d\u2019un monde en \u00e9quilibre entre sacr\u00e9 et profane.\",\"breadcrumb\":{\"@id\":\"https:\/\/blog.holyart.it\/fr\/noel\/les-metiers-de-la-creche-napolitaine\/#breadcrumb\"},\"inLanguage\":\"fr-FR\",\"potentialAction\":[{\"@type\":\"ReadAction\",\"target\":[\"https:\/\/blog.holyart.it\/fr\/noel\/les-metiers-de-la-creche-napolitaine\/\"]}]},{\"@type\":\"ImageObject\",\"inLanguage\":\"fr-FR\",\"@id\":\"https:\/\/blog.holyart.it\/fr\/noel\/les-metiers-de-la-creche-napolitaine\/#primaryimage\",\"url\":\"https:\/\/blog.holyart.it\/fr\/wp-content\/uploads\/sites\/14\/2022\/11\/Les-m\u00e9tiers-de-la-Cr\u00e8che-Napolitaine.jpg\",\"contentUrl\":\"https:\/\/blog.holyart.it\/fr\/wp-content\/uploads\/sites\/14\/2022\/11\/Les-m\u00e9tiers-de-la-Cr\u00e8che-Napolitaine.jpg\",\"width\":1000,\"height\":666,\"caption\":\"Les m\u00e9tiers de la Cr\u00e8che Napolitaine\"},{\"@type\":\"BreadcrumbList\",\"@id\":\"https:\/\/blog.holyart.it\/fr\/noel\/les-metiers-de-la-creche-napolitaine\/#breadcrumb\",\"itemListElement\":[{\"@type\":\"ListItem\",\"position\":1,\"name\":\"Homepage\",\"item\":\"https:\/\/blog.holyart.it\/fr\/\"},{\"@type\":\"ListItem\",\"position\":2,\"name\":\"No\u00ebl\",\"item\":\"https:\/\/blog.holyart.it\/fr\/noel\/\"},{\"@type\":\"ListItem\",\"position\":3,\"name\":\"Les m\u00e9tiers de la Cr\u00e8che Napolitaine\"}]},{\"@type\":\"WebSite\",\"@id\":\"https:\/\/blog.holyart.it\/fr\/#website\",\"url\":\"https:\/\/blog.holyart.it\/fr\/\",\"name\":\"Holyart.fr Blog\",\"description\":\"Holyblog\",\"publisher\":{\"@id\":\"https:\/\/blog.holyart.it\/fr\/#organization\"},\"potentialAction\":[{\"@type\":\"SearchAction\",\"target\":{\"@type\":\"EntryPoint\",\"urlTemplate\":\"https:\/\/blog.holyart.it\/fr\/?s={search_term_string}\"},\"query-input\":{\"@type\":\"PropertyValueSpecification\",\"valueRequired\":true,\"valueName\":\"search_term_string\"}}],\"inLanguage\":\"fr-FR\"},{\"@type\":\"Organization\",\"@id\":\"https:\/\/blog.holyart.it\/fr\/#organization\",\"name\":\"Holyart.fr Blog\",\"url\":\"https:\/\/blog.holyart.it\/fr\/\",\"logo\":{\"@type\":\"ImageObject\",\"inLanguage\":\"fr-FR\",\"@id\":\"https:\/\/blog.holyart.it\/fr\/#\/schema\/logo\/image\/\",\"url\":\"https:\/\/blog.holyart.it\/fr\/wp-content\/uploads\/sites\/14\/2022\/12\/Holyart_Blog_Logo.jpg\",\"contentUrl\":\"https:\/\/blog.holyart.it\/fr\/wp-content\/uploads\/sites\/14\/2022\/12\/Holyart_Blog_Logo.jpg\",\"width\":300,\"height\":50,\"caption\":\"Holyart.fr Blog\"},\"image\":{\"@id\":\"https:\/\/blog.holyart.it\/fr\/#\/schema\/logo\/image\/\"}},{\"@type\":\"Person\",\"@id\":\"https:\/\/blog.holyart.it\/fr\/#\/schema\/person\/0a7b686e5af0f856ec1e390dd0baecda\",\"name\":\"Redazione\",\"image\":{\"@type\":\"ImageObject\",\"inLanguage\":\"fr-FR\",\"@id\":\"https:\/\/blog.holyart.it\/fr\/#\/schema\/person\/image\/\",\"url\":\"https:\/\/secure.gravatar.com\/avatar\/f477da817f43e50d0af36abecd33e3edf826c68299714bdc1057dff3b113f516?s=96&d=mm&r=g\",\"contentUrl\":\"https:\/\/secure.gravatar.com\/avatar\/f477da817f43e50d0af36abecd33e3edf826c68299714bdc1057dff3b113f516?s=96&d=mm&r=g\",\"caption\":\"Redazione\"},\"url\":\"https:\/\/blog.holyart.it\/fr\/author\/admin\/\"}]}<\/script>\n<!-- \/ Yoast SEO plugin. -->","yoast_head_json":{"title":"Les m\u00e9tiers de la Cr\u00e8che Napolitaine - Holyart.fr Blog","description":"Les m\u00e9tiers de la Cr\u00e8che Napolitaine cachent souvent des significations profondes et myst\u00e9rieuses, et repr\u00e9sentent des aper\u00e7us de la vie d\u2019un monde en \u00e9quilibre entre sacr\u00e9 et profane.","robots":{"index":"index","follow":"follow","max-snippet":"max-snippet:-1","max-image-preview":"max-image-preview:large","max-video-preview":"max-video-preview:-1"},"canonical":"https:\/\/blog.holyart.it\/fr\/noel\/les-metiers-de-la-creche-napolitaine\/","og_locale":"fr_FR","og_type":"article","og_title":"Les m\u00e9tiers de la Cr\u00e8che Napolitaine - Holyart.fr Blog","og_description":"Les m\u00e9tiers de la Cr\u00e8che Napolitaine cachent souvent des significations profondes et myst\u00e9rieuses, et repr\u00e9sentent des aper\u00e7us de la vie d\u2019un monde en \u00e9quilibre entre sacr\u00e9 et profane.","og_url":"https:\/\/blog.holyart.it\/fr\/noel\/les-metiers-de-la-creche-napolitaine\/","og_site_name":"Holyart.fr Blog","article_published_time":"2022-11-30T11:30:44+00:00","article_modified_time":"2022-12-01T08:10:34+00:00","og_image":[{"width":1000,"height":666,"url":"https:\/\/blog.holyart.it\/fr\/wp-content\/uploads\/sites\/14\/2022\/11\/Les-m\u00e9tiers-de-la-Cr\u00e8che-Napolitaine.jpg","type":"image\/jpeg"}],"author":"Redazione","twitter_card":"summary_large_image","twitter_misc":{"\u00c9crit par":"Redazione","Dur\u00e9e de lecture estim\u00e9e":"10 minutes"},"schema":{"@context":"https:\/\/schema.org","@graph":[{"@type":"Article","@id":"https:\/\/blog.holyart.it\/fr\/noel\/les-metiers-de-la-creche-napolitaine\/#article","isPartOf":{"@id":"https:\/\/blog.holyart.it\/fr\/noel\/les-metiers-de-la-creche-napolitaine\/"},"author":{"name":"Redazione","@id":"https:\/\/blog.holyart.it\/fr\/#\/schema\/person\/0a7b686e5af0f856ec1e390dd0baecda"},"headline":"Les m\u00e9tiers de la Cr\u00e8che Napolitaine","datePublished":"2022-11-30T11:30:44+00:00","dateModified":"2022-12-01T08:10:34+00:00","mainEntityOfPage":{"@id":"https:\/\/blog.holyart.it\/fr\/noel\/les-metiers-de-la-creche-napolitaine\/"},"wordCount":2007,"publisher":{"@id":"https:\/\/blog.holyart.it\/fr\/#organization"},"image":{"@id":"https:\/\/blog.holyart.it\/fr\/noel\/les-metiers-de-la-creche-napolitaine\/#primaryimage"},"thumbnailUrl":"https:\/\/blog.holyart.it\/fr\/wp-content\/uploads\/sites\/14\/2022\/11\/Les-m\u00e9tiers-de-la-Cr\u00e8che-Napolitaine.jpg","articleSection":["No\u00ebl"],"inLanguage":"fr-FR"},{"@type":"WebPage","@id":"https:\/\/blog.holyart.it\/fr\/noel\/les-metiers-de-la-creche-napolitaine\/","url":"https:\/\/blog.holyart.it\/fr\/noel\/les-metiers-de-la-creche-napolitaine\/","name":"Les m\u00e9tiers de la Cr\u00e8che Napolitaine - Holyart.fr Blog","isPartOf":{"@id":"https:\/\/blog.holyart.it\/fr\/#website"},"primaryImageOfPage":{"@id":"https:\/\/blog.holyart.it\/fr\/noel\/les-metiers-de-la-creche-napolitaine\/#primaryimage"},"image":{"@id":"https:\/\/blog.holyart.it\/fr\/noel\/les-metiers-de-la-creche-napolitaine\/#primaryimage"},"thumbnailUrl":"https:\/\/blog.holyart.it\/fr\/wp-content\/uploads\/sites\/14\/2022\/11\/Les-m\u00e9tiers-de-la-Cr\u00e8che-Napolitaine.jpg","datePublished":"2022-11-30T11:30:44+00:00","dateModified":"2022-12-01T08:10:34+00:00","description":"Les m\u00e9tiers de la Cr\u00e8che Napolitaine cachent souvent des significations profondes et myst\u00e9rieuses, et repr\u00e9sentent des aper\u00e7us de la vie d\u2019un monde en \u00e9quilibre entre sacr\u00e9 et profane.","breadcrumb":{"@id":"https:\/\/blog.holyart.it\/fr\/noel\/les-metiers-de-la-creche-napolitaine\/#breadcrumb"},"inLanguage":"fr-FR","potentialAction":[{"@type":"ReadAction","target":["https:\/\/blog.holyart.it\/fr\/noel\/les-metiers-de-la-creche-napolitaine\/"]}]},{"@type":"ImageObject","inLanguage":"fr-FR","@id":"https:\/\/blog.holyart.it\/fr\/noel\/les-metiers-de-la-creche-napolitaine\/#primaryimage","url":"https:\/\/blog.holyart.it\/fr\/wp-content\/uploads\/sites\/14\/2022\/11\/Les-m\u00e9tiers-de-la-Cr\u00e8che-Napolitaine.jpg","contentUrl":"https:\/\/blog.holyart.it\/fr\/wp-content\/uploads\/sites\/14\/2022\/11\/Les-m\u00e9tiers-de-la-Cr\u00e8che-Napolitaine.jpg","width":1000,"height":666,"caption":"Les m\u00e9tiers de la Cr\u00e8che Napolitaine"},{"@type":"BreadcrumbList","@id":"https:\/\/blog.holyart.it\/fr\/noel\/les-metiers-de-la-creche-napolitaine\/#breadcrumb","itemListElement":[{"@type":"ListItem","position":1,"name":"Homepage","item":"https:\/\/blog.holyart.it\/fr\/"},{"@type":"ListItem","position":2,"name":"No\u00ebl","item":"https:\/\/blog.holyart.it\/fr\/noel\/"},{"@type":"ListItem","position":3,"name":"Les m\u00e9tiers de la Cr\u00e8che Napolitaine"}]},{"@type":"WebSite","@id":"https:\/\/blog.holyart.it\/fr\/#website","url":"https:\/\/blog.holyart.it\/fr\/","name":"Holyart.fr Blog","description":"Holyblog","publisher":{"@id":"https:\/\/blog.holyart.it\/fr\/#organization"},"potentialAction":[{"@type":"SearchAction","target":{"@type":"EntryPoint","urlTemplate":"https:\/\/blog.holyart.it\/fr\/?s={search_term_string}"},"query-input":{"@type":"PropertyValueSpecification","valueRequired":true,"valueName":"search_term_string"}}],"inLanguage":"fr-FR"},{"@type":"Organization","@id":"https:\/\/blog.holyart.it\/fr\/#organization","name":"Holyart.fr Blog","url":"https:\/\/blog.holyart.it\/fr\/","logo":{"@type":"ImageObject","inLanguage":"fr-FR","@id":"https:\/\/blog.holyart.it\/fr\/#\/schema\/logo\/image\/","url":"https:\/\/blog.holyart.it\/fr\/wp-content\/uploads\/sites\/14\/2022\/12\/Holyart_Blog_Logo.jpg","contentUrl":"https:\/\/blog.holyart.it\/fr\/wp-content\/uploads\/sites\/14\/2022\/12\/Holyart_Blog_Logo.jpg","width":300,"height":50,"caption":"Holyart.fr Blog"},"image":{"@id":"https:\/\/blog.holyart.it\/fr\/#\/schema\/logo\/image\/"}},{"@type":"Person","@id":"https:\/\/blog.holyart.it\/fr\/#\/schema\/person\/0a7b686e5af0f856ec1e390dd0baecda","name":"Redazione","image":{"@type":"ImageObject","inLanguage":"fr-FR","@id":"https:\/\/blog.holyart.it\/fr\/#\/schema\/person\/image\/","url":"https:\/\/secure.gravatar.com\/avatar\/f477da817f43e50d0af36abecd33e3edf826c68299714bdc1057dff3b113f516?s=96&d=mm&r=g","contentUrl":"https:\/\/secure.gravatar.com\/avatar\/f477da817f43e50d0af36abecd33e3edf826c68299714bdc1057dff3b113f516?s=96&d=mm&r=g","caption":"Redazione"},"url":"https:\/\/blog.holyart.it\/fr\/author\/admin\/"}]}},"_links":{"self":[{"href":"https:\/\/blog.holyart.it\/fr\/wp-json\/wp\/v2\/posts\/5493","targetHints":{"allow":["GET"]}}],"collection":[{"href":"https:\/\/blog.holyart.it\/fr\/wp-json\/wp\/v2\/posts"}],"about":[{"href":"https:\/\/blog.holyart.it\/fr\/wp-json\/wp\/v2\/types\/post"}],"author":[{"embeddable":true,"href":"https:\/\/blog.holyart.it\/fr\/wp-json\/wp\/v2\/users\/1"}],"replies":[{"embeddable":true,"href":"https:\/\/blog.holyart.it\/fr\/wp-json\/wp\/v2\/comments?post=5493"}],"version-history":[{"count":0,"href":"https:\/\/blog.holyart.it\/fr\/wp-json\/wp\/v2\/posts\/5493\/revisions"}],"wp:featuredmedia":[{"embeddable":true,"href":"https:\/\/blog.holyart.it\/fr\/wp-json\/wp\/v2\/media\/5494"}],"wp:attachment":[{"href":"https:\/\/blog.holyart.it\/fr\/wp-json\/wp\/v2\/media?parent=5493"}],"wp:term":[{"taxonomy":"category","embeddable":true,"href":"https:\/\/blog.holyart.it\/fr\/wp-json\/wp\/v2\/categories?post=5493"},{"taxonomy":"post_tag","embeddable":true,"href":"https:\/\/blog.holyart.it\/fr\/wp-json\/wp\/v2\/tags?post=5493"}],"curies":[{"name":"wp","href":"https:\/\/api.w.org\/{rel}","templated":true}]}}