{"id":5481,"date":"2022-11-28T12:30:29","date_gmt":"2022-11-28T11:30:29","guid":{"rendered":"https:\/\/blog.holyart.it\/fr\/?p=5481"},"modified":"2024-10-24T12:31:58","modified_gmt":"2024-10-24T10:31:58","slug":"calendriers-de-lavent-histoire-et-tradition","status":"publish","type":"post","link":"https:\/\/blog.holyart.it\/fr\/noel\/calendriers-de-lavent-histoire-et-tradition\/","title":{"rendered":"Calendriers de l\u2019Avent : histoire et tradition"},"content":{"rendered":"<h4>Le Calendrier de l\u2019Avent est une des traditions les plus repr\u00e9sentatives de No\u00ebl. Voici comment est n\u00e9e et comment est pr\u00e9serv\u00e9e cette tradition aujourd\u2019hui.<\/h4>\n<p>Le <strong><a href=\"https:\/\/www.holyart.fr\/noel\/avent?page=1&amp;params=%257B%2522offset%2522%3A0%2C%2522limit%2522%3A60%2C%2522filters%2522%3A%255B%255D%2C%2522sorter%2522%3A%2522YEAR_BEST_SELLERS%2522%2C%2522categoryIds%2522%3A%255B108502%255D%2C%2522filtersByIds%2522%3A%255B%257B%2522key%2522%3A89%2C%2522values%2522%3A%255B2459%255D%257D%255D%257D\">Calendrier de l\u2019Avent<\/a><\/strong> nait de la m\u00eame mani\u00e8re que la Cr\u00e8che en tant qu\u2019instrument pour faire comprendre \u00e0 tout le monde l\u2019esprit d\u2019attente et de suspension magique de la No\u00ebl. Dans le cas de la Cr\u00e8che, con\u00e7ue par <strong><a href=\"https:\/\/www.holyart.fr\/blog\/noel\/la-creche-de-greccio-la-creche-de-saint-francois\/\">Saint Fran\u00e7ois d\u2019Assise<\/a><\/strong> en 1223 \u00e0 Greccio, l\u2019intention \u00e9tait celle de communiquer au peuple analphab\u00e8te et ignorant le grand myst\u00e8re de l\u2019<strong>Incarnation de J\u00e9sus<\/strong>, \u00e0 travers la comm\u00e9moration de la sc\u00e8ne de la Nativit\u00e9 avec ses personnages. Le Calendrier de l\u2019Avent nait avec la m\u00eame intention, mais il s\u2019adresse, du moins dans un premier temps, aux <strong>enfants<\/strong>.<\/p>\n<div class=\"link-article\">\n<p><img loading=\"lazy\" decoding=\"async\" class=\"alignnone size-full wp-image-5485\" src=\"https:\/\/blog.holyart.it\/fr\/wp-content\/uploads\/sites\/14\/2022\/11\/La-cr\u00e8che-de-Greccio-1.jpg\" alt=\"La cr\u00e8che de Greccio\" width=\"150\" height=\"97\" data-kale-share-title=\"Calendriers de l\u2019Avent : histoire et tradition\" data-kale-share-url=\"https:\/\/blog.holyart.it\/fr\/?p=5481\" \/><\/p>\n<div class=\"leggi-anche\">Lire aussi :<\/div>\n<p><strong><a href=\"https:\/\/www.holyart.fr\/blog\/noel\/la-creche-de-greccio-la-creche-de-saint-francois\/\">La cr\u00e8che de Greccio: la cr\u00e8che de Saint Fran\u00e7ois<\/a><\/strong><br \/>\nQuel est l\u2019histoire de la cr\u00e8che? Voici l\u2019histoire de la premi\u00e8re cr\u00e8che, la cr\u00e8che de Greccio voulue par Saint Fran\u00e7ois.<\/p>\n<\/div>\n<p>L\u2019Avent est un des <strong><a href=\"https:\/\/www.holyart.fr\/blog\/noel\/le-temps-de-lavent\/\">moments les plus importants de l\u2019ann\u00e9e<\/a><\/strong> pour les catholiques du monde entier. Les croyants se pr\u00e9parent \u00e0 la venue de Christ, au renouvellement de Sa naissance miraculeuse, \u00e0 No\u00ebl. L\u2019Avent est \u00e9galement la p\u00e9riode liturgique o\u00f9 les fid\u00e8les confirment leur espoir, l\u2019attente de la deuxi\u00e8me venue de J\u00e9sus, celle qui d\u00e9cr\u00e9tera la fin du monde comme nous le connaissons, la fin des temps. Ce n\u2019est pas facile de faire comprendre aux plus petits la signification authentique de cette p\u00e9riode, ni de la f\u00eate qui va arriver apr\u00e8s. C\u2019est plus facile de leur faire comprendre l\u2019importance d\u2019une f\u00eate unique, qui se renouvelle chaque ann\u00e9e et r\u00e9unit les familles et les fid\u00e8les comme aucune autre f\u00eate.<\/p>\n<div class=\"link-article\">\n<p><img loading=\"lazy\" decoding=\"async\" class=\"alignnone size-full wp-image-5486\" src=\"https:\/\/blog.holyart.it\/fr\/wp-content\/uploads\/sites\/14\/2022\/11\/Le-temps-de-l\u2019Avent.jpg\" alt=\"Le temps de l\u2019Avent\" width=\"150\" height=\"99\" data-kale-share-title=\"Calendriers de l\u2019Avent : histoire et tradition\" data-kale-share-url=\"https:\/\/blog.holyart.it\/fr\/?p=5481\" \/><\/p>\n<div class=\"leggi-anche\">Lire aussi :<\/div>\n<p><strong><a href=\"https:\/\/www.holyart.fr\/blog\/noel\/le-temps-de-lavent\/\">Le temps de l\u2019Avent<\/a><\/strong><br \/>\nL\u2019Avent est un des moments les plus importants de l\u2019ann\u00e9e pour les catholiques du monde entier.<\/p>\n<\/div>\n<p>\u00c0 la n\u00e9cessit\u00e9 d\u2019alimenter ce climat d\u2019attente, d\u2019accro\u00eetre l\u2019expectative des petits de la maison doit avoir pens\u00e9 la m\u00e8re de <strong>Gerhard Lang<\/strong>, futur \u00e9diteur de Maulbronn, qui, \u00e0 la fin du XIXe si\u00e8cle, inventa le <strong><a href=\"https:\/\/www.holyart.fr\/noel\/avent?page=1&amp;params=%257B%2522offset%2522%3A0%2C%2522limit%2522%3A60%2C%2522filters%2522%3A%255B%255D%2C%2522sorter%2522%3A%2522YEAR_BEST_SELLERS%2522%2C%2522categoryIds%2522%3A%255B108502%255D%2C%2522filtersByIds%2522%3A%255B%257B%2522key%2522%3A89%2C%2522values%2522%3A%255B2459%255D%257D%255D%257D\">Calendrier de l\u2019Avent<\/a><\/strong>. En Allemagne, l\u2019usage de suspendre aux murs des petites d\u00e9corations dans le th\u00e8me de la No\u00ebl \u00e9tait d\u00e9j\u00e0 r\u00e9pandu, comme celui de marquer avec de la craie sur une porte vingt-quatre traits, un par jour, jusqu\u2019\u00e0 No\u00ebl, en invitant les plus petits \u00e0 les effacer au fur et \u00e0 mesure qu\u2019on s\u2019approchait de la date fatidique. Fatigu\u00e9e d\u2019entendre r\u00e9p\u00e9ter tous les jours par son enfant la m\u00eame question\u00a0: \u00ab\u00a0<em>C\u2019est quand No\u00ebl\u00a0? Il manque combien de jours ?<\/em>\u00a0\u00bb, madame Lang pr\u00e9para 24 biscuits \u00e9pic\u00e9s, les renferma dans autant de sachets et promis \u00e0 son fils qu\u2019il aurait pu en ouvrir et en manger un par jour du 1<sup>er<\/sup> d\u00e9cembre jusqu\u2019au R\u00e9veillon de No\u00ebl. Une pens\u00e9e tr\u00e8s gentille pour accompagner les jours dans l\u2019attente des F\u00eates et aider son enfant \u00e0 en comprendre l\u2019importance. Un calendrier de l\u2019Avent bricol\u00e9 maison, en gros, auquel s\u2019en suivirent beaucoup d\u2019autres dans les ann\u00e9es suivantes.<\/p>\n<div class=\"link-product\">\n<div class=\"blocco-immagine\"><img loading=\"lazy\" decoding=\"async\" class=\"alignnone size-full wp-image-5487\" src=\"https:\/\/blog.holyart.it\/fr\/wp-content\/uploads\/sites\/14\/2022\/11\/Calendrier-pour-Avent-avec-sachets-.jpg\" alt=\"Calendrier pour Avent avec sachets\" width=\"100\" height=\"100\" data-kale-share-title=\"Calendriers de l\u2019Avent : histoire et tradition\" data-kale-share-url=\"https:\/\/blog.holyart.it\/fr\/?p=5481\" \/><\/div>\n<div class=\"blocco-contenuto\">\n<div class=\"blocco-acquista\">Acheter sur Holyart:<\/div>\n<div class=\"blocco-titolo\"><a href=\"https:\/\/www.holyart.fr\/noel\/avent\/calendrier-pour-avent-avec-sachets\">Calendrier pour Avent avec sachets <\/a><\/div>\n<div class=\"blocco-descrizione\">Calendrier de l&rsquo;Avent compos\u00e9 par 24 sachets.<\/div>\n<\/div>\n<\/div>\n<p>Cet usage invent\u00e9 par sa m\u00e8re, influen\u00e7a le petit Gerhard Lang au point que, une fois adulte et \u00e9diteur, il d\u00e9cida de reproduire la m\u00eame id\u00e9e en r\u00e9alisant un support en carton avec 24 petites fen\u00eatres, une pour chaque jour allant du 1er d\u00e9cembre au R\u00e9veillon de No\u00ebl, \u00e0 l\u2019int\u00e9rieur desquelles il \u00e9tait possible de cacher biscuits, bombons, chocolats ou des petits cadeaux que les enfants auraient pu d\u00e9couvrir jour apr\u00e8s jour. Rapidement d\u2019autres imit\u00e8rent son id\u00e9e, en cr\u00e9ant des Calendriers de l\u2019Avent vides en carton, bois, tissu, qui pouvaient \u00eatre remplis de surprises par les parents et certaines p\u00e2tisseries commenc\u00e8rent \u00e0 vendre \u00e9galement des Calendriers de l\u2019Avent d\u00e9j\u00e0 remplis de sucreries.<\/p>\n<div class=\"link-product\">\n<div class=\"blocco-immagine\"><img loading=\"lazy\" decoding=\"async\" class=\"alignnone size-full wp-image-5488\" src=\"https:\/\/blog.holyart.it\/fr\/wp-content\/uploads\/sites\/14\/2022\/11\/Calendrier-de-lAvent-3D-avec-fen\u00eatres-.jpg\" alt=\"Calendrier de l'Avent 3D avec fen\u00eatres\" width=\"100\" height=\"100\" data-kale-share-title=\"Calendriers de l\u2019Avent : histoire et tradition\" data-kale-share-url=\"https:\/\/blog.holyart.it\/fr\/?p=5481\" \/><\/div>\n<div class=\"blocco-contenuto\">\n<div class=\"blocco-acquista\">Acheter sur Holyart:<\/div>\n<div class=\"blocco-titolo\"><a href=\"https:\/\/www.holyart.fr\/noel\/avent\/calendrier-de-lavent-3d-avec-fenetres\">Calendrier de l&rsquo;Avent 3D avec fen\u00eatres <\/a><\/div>\n<div class=\"blocco-descrizione\">Calendrier de l&rsquo;Avent tridimensionnel de 27&#215;34 cm.<\/div>\n<\/div>\n<\/div>\n<h2>Calendriers de l\u2019Avent \u00e0 remplir<\/h2>\n<p>L&rsquo;id\u00e9e d\u2019un Calendrier de l\u2019Avent vide \u00e0 remplir est encore aujourd\u2019hui tr\u00e8s r\u00e9pandue. Dans notre e-shop vous trouverez de nombreuses propositions tr\u00e8s color\u00e9es et amusantes, adapt\u00e9es comme d\u00e9corations pour No\u00ebl mais aussi pour accompagner les petits de la maison vers cette F\u00eate. Avec le joyeux <strong><a href=\"https:\/\/www.holyart.fr\/noel\/avent\/calendrier-avent-en-forme-de-sapin-de-noel-h-90-cm\">Sapin de No\u00ebl \u2013 Calendrier de l\u2019Avent<\/a><\/strong> par exemple, compos\u00e9 de 24 boules en tissu \u00e0 attacher avec des boutons, dans lesquelles il est possible d\u2019ins\u00e9rer des petits chocolats, des bonbons ou des petits cadeaux, ou le tr\u00e8s sympathiques <strong><a href=\"https:\/\/www.holyart.fr\/noel\/avent\/calendrier-de-lavent-avec-sachets-55x50-cm\">Calendrier de l\u2019Avent en bois avec sachets<\/a><\/strong> 55&#215;52 cm, avec 24 sachets en tissu suspendus \u00e0 un b\u00e2ton en bois, tous \u00e0 remplir. Une autre id\u00e9e d\u00e9corative et tr\u00e8s nordique pour d\u00e9corer votre maison pour la No\u00ebl est par exemple le <strong><a href=\"https:\/\/www.holyart.fr\/noel\/avent\/calendrier-avent-en-tissu-maison-70-cm\">Calendrier de l\u2019Avent en tissu d\u00e9cor\u00e9 de cerfs<\/a><\/strong>. Il se compose de 24 poches de couleurs diff\u00e9rentes, pr\u00eates \u00e0 accueillir chocolats, bonbons et petits cadeaux.<\/p>\n<div class=\"link-product\">\n<div class=\"blocco-immagine\"><img loading=\"lazy\" decoding=\"async\" class=\"alignnone size-full wp-image-5489\" src=\"https:\/\/blog.holyart.it\/fr\/wp-content\/uploads\/sites\/14\/2022\/11\/Calendrier-Avent-en-tissu-maison-70-cm.jpg\" alt=\"Calendrier Avent en tissu maison 70 cm\" width=\"100\" height=\"100\" data-kale-share-title=\"Calendriers de l\u2019Avent : histoire et tradition\" data-kale-share-url=\"https:\/\/blog.holyart.it\/fr\/?p=5481\" \/><\/div>\n<div class=\"blocco-contenuto\">\n<div class=\"blocco-acquista\">Acheter sur Holyart:<\/div>\n<div class=\"blocco-titolo\"><a href=\"https:\/\/www.holyart.fr\/noel\/avent\/calendrier-avent-en-tissu-maison-70-cm\">Calendrier Avent en tissu maison 70 cm<\/a><\/div>\n<div class=\"blocco-descrizione\">Calendrier de l&rsquo;Avent en tissu, en forme de maison.<\/div>\n<\/div>\n<\/div>\n<h2>Calendriers de l\u2019Avent en bois<\/h2>\n<p>Toujours dans l\u2019id\u00e9e de choisir un Calendrier de l\u2019Avent \u00e0 remplir de sucreries ou de petits cadeaux personnalis\u00e9s, vous pouvez optez pour un de nos magnifiques Calendriers de l\u2019Avent en bois, comme le <strong><a href=\"https:\/\/www.holyart.fr\/noel\/avent\/calendrier-de-lavent-30x40x10-cm-bois-lumieres-paysage-de-noel\">Calendrier de l\u2019Avent de 48 cm repr\u00e9sentant une maison et un bonhomme de neige<\/a><\/strong>, avec ses petits tiroirs pratiques, qui rendra votre maison encore plus joyeuse pendant les f\u00eates de No\u00ebl. Ou bien l\u2019\u00e9l\u00e9gant et raffin\u00e9 <strong><a href=\"https:\/\/www.holyart.fr\/noel\/avent\/calendrier-avent-bois-blanc-lumieres-27-cm\">Calendrier de l\u2019Avent blanc<\/a><\/strong>, avec un fond qui rappelle une for\u00eat enneig\u00e9e et 24 petits tiroirs d\u00e9cor\u00e9s en or. Ce calendrier offre l\u2019avantage suppl\u00e9mentaire de pouvoir \u00eatre \u00e9clair\u00e9 par des lumi\u00e8res LED \u00e0 piles, ainsi comme le <strong><a href=\"https:\/\/www.holyart.fr\/noel\/avent\/calendrier-40x30x10-cm-scene-nativite-avec-lumieres\">Calendrier de l\u2019Avent avec sc\u00e8ne de la Nativit\u00e9<\/a><\/strong>, en forme de cabane, avec bergers et moutons, \u00e9clair\u00e9 par lumi\u00e8res LED qui s\u2019activent gr\u00e2ce aux piles AA \u00e0 y ins\u00e9rer.<\/p>\n<p>Et pour finir, un mod\u00e8le pratique et original comme le <strong><a href=\"https:\/\/www.holyart.fr\/noel\/avent\/calendrier-de-lavent-en-bois-forme-de-maison-avec-lumieres-30x40x5-cm\">Calendrier de l\u2019Avent pliable<\/a><\/strong>, en forme de maison, qui s\u2019ouvre en r\u00e9v\u00e9lant une for\u00eat enneig\u00e9e avec arbres, renne et maisonnette.<\/p>\n<div class=\"link-product\">\n<div class=\"blocco-immagine\"><img loading=\"lazy\" decoding=\"async\" class=\"alignnone size-full wp-image-5490\" src=\"https:\/\/blog.holyart.it\/fr\/wp-content\/uploads\/sites\/14\/2022\/11\/Calendrier-de-lAvent-en-bois-forme-de-maison.jpg\" alt=\"Calendrier de l'Avent en bois forme de maison\" width=\"100\" height=\"100\" data-kale-share-title=\"Calendriers de l\u2019Avent : histoire et tradition\" data-kale-share-url=\"https:\/\/blog.holyart.it\/fr\/?p=5481\" \/><\/div>\n<div class=\"blocco-contenuto\">\n<div class=\"blocco-acquista\">Acheter sur Holyart:<\/div>\n<div class=\"blocco-titolo\"><a href=\"https:\/\/www.holyart.fr\/noel\/avent\/calendrier-de-lavent-en-bois-forme-de-maison-avec-lumieres-30x40x5-cm\">Calendrier de l&rsquo;Avent en bois forme de maison<\/a><\/div>\n<div class=\"blocco-descrizione\">Calendrier de l&rsquo;Avent avec lumi\u00e8res 30x42x4 cm.<\/div>\n<\/div>\n<\/div>\n","protected":false},"excerpt":{"rendered":"<p>Le Calendrier de l\u2019Avent est une des traditions les plus repr\u00e9sentatives de No\u00ebl. Voici comment est n\u00e9e et comment est pr\u00e9serv\u00e9e cette tradition aujourd\u2019hui. Le Calendrier de l\u2019Avent nait de la m\u00eame mani\u00e8re que la Cr\u00e8che en tant qu\u2019instrument pour faire comprendre \u00e0 tout le&hellip;<\/p>\n","protected":false},"author":1,"featured_media":5482,"comment_status":"closed","ping_status":"open","sticky":false,"template":"","format":"standard","meta":{"_acf_changed":false,"footnotes":""},"categories":[10],"tags":[],"class_list":["post-5481","post","type-post","status-publish","format-standard","has-post-thumbnail","hentry","category-noel"],"acf":[],"yoast_head":"<!-- This site is optimized with the Yoast SEO plugin v26.6 - https:\/\/yoast.com\/wordpress\/plugins\/seo\/ -->\n<title>Calendriers de l\u2019Avent : histoire et tradition - Holyart.fr Blog<\/title>\n<meta name=\"description\" content=\"Le Calendrier de l\u2019Avent est une des traditions les plus repr\u00e9sentatives de No\u00ebl. Voici comment est n\u00e9e et comment est pr\u00e9serv\u00e9e.\" \/>\n<meta name=\"robots\" content=\"index, follow, max-snippet:-1, max-image-preview:large, max-video-preview:-1\" \/>\n<link rel=\"canonical\" href=\"https:\/\/blog.holyart.it\/fr\/noel\/calendriers-de-lavent-histoire-et-tradition\/\" \/>\n<meta property=\"og:locale\" content=\"fr_FR\" \/>\n<meta property=\"og:type\" content=\"article\" \/>\n<meta property=\"og:title\" content=\"Calendriers de l\u2019Avent : histoire et tradition - Holyart.fr Blog\" \/>\n<meta property=\"og:description\" content=\"Le Calendrier de l\u2019Avent est une des traditions les plus repr\u00e9sentatives de No\u00ebl. Voici comment est n\u00e9e et comment est pr\u00e9serv\u00e9e.\" \/>\n<meta property=\"og:url\" content=\"https:\/\/blog.holyart.it\/fr\/noel\/calendriers-de-lavent-histoire-et-tradition\/\" \/>\n<meta property=\"og:site_name\" content=\"Holyart.fr Blog\" \/>\n<meta property=\"article:published_time\" content=\"2022-11-28T11:30:29+00:00\" \/>\n<meta property=\"article:modified_time\" content=\"2024-10-24T10:31:58+00:00\" \/>\n<meta property=\"og:image\" content=\"https:\/\/blog.holyart.it\/fr\/wp-content\/uploads\/sites\/14\/2022\/11\/Calendriers-de-l\u2019Avent.jpg\" \/>\n\t<meta property=\"og:image:width\" content=\"1000\" \/>\n\t<meta property=\"og:image:height\" content=\"666\" \/>\n\t<meta property=\"og:image:type\" content=\"image\/jpeg\" \/>\n<meta name=\"author\" content=\"Redazione\" \/>\n<meta name=\"twitter:card\" content=\"summary_large_image\" \/>\n<meta name=\"twitter:label1\" content=\"\u00c9crit par\" \/>\n\t<meta name=\"twitter:data1\" content=\"Redazione\" \/>\n\t<meta name=\"twitter:label2\" content=\"Dur\u00e9e de lecture estim\u00e9e\" \/>\n\t<meta name=\"twitter:data2\" content=\"7 minutes\" \/>\n<script type=\"application\/ld+json\" class=\"yoast-schema-graph\">{\"@context\":\"https:\/\/schema.org\",\"@graph\":[{\"@type\":\"Article\",\"@id\":\"https:\/\/blog.holyart.it\/fr\/noel\/calendriers-de-lavent-histoire-et-tradition\/#article\",\"isPartOf\":{\"@id\":\"https:\/\/blog.holyart.it\/fr\/noel\/calendriers-de-lavent-histoire-et-tradition\/\"},\"author\":{\"name\":\"Redazione\",\"@id\":\"https:\/\/blog.holyart.it\/fr\/#\/schema\/person\/0a7b686e5af0f856ec1e390dd0baecda\"},\"headline\":\"Calendriers de l\u2019Avent : histoire et tradition\",\"datePublished\":\"2022-11-28T11:30:29+00:00\",\"dateModified\":\"2024-10-24T10:31:58+00:00\",\"mainEntityOfPage\":{\"@id\":\"https:\/\/blog.holyart.it\/fr\/noel\/calendriers-de-lavent-histoire-et-tradition\/\"},\"wordCount\":1153,\"publisher\":{\"@id\":\"https:\/\/blog.holyart.it\/fr\/#organization\"},\"image\":{\"@id\":\"https:\/\/blog.holyart.it\/fr\/noel\/calendriers-de-lavent-histoire-et-tradition\/#primaryimage\"},\"thumbnailUrl\":\"https:\/\/blog.holyart.it\/fr\/wp-content\/uploads\/sites\/14\/2022\/11\/Calendriers-de-l\u2019Avent.jpg\",\"articleSection\":[\"No\u00ebl\"],\"inLanguage\":\"fr-FR\"},{\"@type\":\"WebPage\",\"@id\":\"https:\/\/blog.holyart.it\/fr\/noel\/calendriers-de-lavent-histoire-et-tradition\/\",\"url\":\"https:\/\/blog.holyart.it\/fr\/noel\/calendriers-de-lavent-histoire-et-tradition\/\",\"name\":\"Calendriers de l\u2019Avent : histoire et tradition - Holyart.fr Blog\",\"isPartOf\":{\"@id\":\"https:\/\/blog.holyart.it\/fr\/#website\"},\"primaryImageOfPage\":{\"@id\":\"https:\/\/blog.holyart.it\/fr\/noel\/calendriers-de-lavent-histoire-et-tradition\/#primaryimage\"},\"image\":{\"@id\":\"https:\/\/blog.holyart.it\/fr\/noel\/calendriers-de-lavent-histoire-et-tradition\/#primaryimage\"},\"thumbnailUrl\":\"https:\/\/blog.holyart.it\/fr\/wp-content\/uploads\/sites\/14\/2022\/11\/Calendriers-de-l\u2019Avent.jpg\",\"datePublished\":\"2022-11-28T11:30:29+00:00\",\"dateModified\":\"2024-10-24T10:31:58+00:00\",\"description\":\"Le Calendrier de l\u2019Avent est une des traditions les plus repr\u00e9sentatives de No\u00ebl. Voici comment est n\u00e9e et comment est pr\u00e9serv\u00e9e.\",\"breadcrumb\":{\"@id\":\"https:\/\/blog.holyart.it\/fr\/noel\/calendriers-de-lavent-histoire-et-tradition\/#breadcrumb\"},\"inLanguage\":\"fr-FR\",\"potentialAction\":[{\"@type\":\"ReadAction\",\"target\":[\"https:\/\/blog.holyart.it\/fr\/noel\/calendriers-de-lavent-histoire-et-tradition\/\"]}]},{\"@type\":\"ImageObject\",\"inLanguage\":\"fr-FR\",\"@id\":\"https:\/\/blog.holyart.it\/fr\/noel\/calendriers-de-lavent-histoire-et-tradition\/#primaryimage\",\"url\":\"https:\/\/blog.holyart.it\/fr\/wp-content\/uploads\/sites\/14\/2022\/11\/Calendriers-de-l\u2019Avent.jpg\",\"contentUrl\":\"https:\/\/blog.holyart.it\/fr\/wp-content\/uploads\/sites\/14\/2022\/11\/Calendriers-de-l\u2019Avent.jpg\",\"width\":1000,\"height\":666,\"caption\":\"Calendriers de l\u2019Avent\"},{\"@type\":\"BreadcrumbList\",\"@id\":\"https:\/\/blog.holyart.it\/fr\/noel\/calendriers-de-lavent-histoire-et-tradition\/#breadcrumb\",\"itemListElement\":[{\"@type\":\"ListItem\",\"position\":1,\"name\":\"Homepage\",\"item\":\"https:\/\/blog.holyart.it\/fr\/\"},{\"@type\":\"ListItem\",\"position\":2,\"name\":\"No\u00ebl\",\"item\":\"https:\/\/blog.holyart.it\/fr\/noel\/\"},{\"@type\":\"ListItem\",\"position\":3,\"name\":\"Calendriers de l\u2019Avent : histoire et tradition\"}]},{\"@type\":\"WebSite\",\"@id\":\"https:\/\/blog.holyart.it\/fr\/#website\",\"url\":\"https:\/\/blog.holyart.it\/fr\/\",\"name\":\"Holyart.fr Blog\",\"description\":\"Holyblog\",\"publisher\":{\"@id\":\"https:\/\/blog.holyart.it\/fr\/#organization\"},\"potentialAction\":[{\"@type\":\"SearchAction\",\"target\":{\"@type\":\"EntryPoint\",\"urlTemplate\":\"https:\/\/blog.holyart.it\/fr\/?s={search_term_string}\"},\"query-input\":{\"@type\":\"PropertyValueSpecification\",\"valueRequired\":true,\"valueName\":\"search_term_string\"}}],\"inLanguage\":\"fr-FR\"},{\"@type\":\"Organization\",\"@id\":\"https:\/\/blog.holyart.it\/fr\/#organization\",\"name\":\"Holyart.fr Blog\",\"url\":\"https:\/\/blog.holyart.it\/fr\/\",\"logo\":{\"@type\":\"ImageObject\",\"inLanguage\":\"fr-FR\",\"@id\":\"https:\/\/blog.holyart.it\/fr\/#\/schema\/logo\/image\/\",\"url\":\"https:\/\/blog.holyart.it\/fr\/wp-content\/uploads\/sites\/14\/2022\/12\/Holyart_Blog_Logo.jpg\",\"contentUrl\":\"https:\/\/blog.holyart.it\/fr\/wp-content\/uploads\/sites\/14\/2022\/12\/Holyart_Blog_Logo.jpg\",\"width\":300,\"height\":50,\"caption\":\"Holyart.fr Blog\"},\"image\":{\"@id\":\"https:\/\/blog.holyart.it\/fr\/#\/schema\/logo\/image\/\"}},{\"@type\":\"Person\",\"@id\":\"https:\/\/blog.holyart.it\/fr\/#\/schema\/person\/0a7b686e5af0f856ec1e390dd0baecda\",\"name\":\"Redazione\",\"image\":{\"@type\":\"ImageObject\",\"inLanguage\":\"fr-FR\",\"@id\":\"https:\/\/blog.holyart.it\/fr\/#\/schema\/person\/image\/\",\"url\":\"https:\/\/secure.gravatar.com\/avatar\/f477da817f43e50d0af36abecd33e3edf826c68299714bdc1057dff3b113f516?s=96&d=mm&r=g\",\"contentUrl\":\"https:\/\/secure.gravatar.com\/avatar\/f477da817f43e50d0af36abecd33e3edf826c68299714bdc1057dff3b113f516?s=96&d=mm&r=g\",\"caption\":\"Redazione\"},\"url\":\"https:\/\/blog.holyart.it\/fr\/author\/admin\/\"}]}<\/script>\n<!-- \/ Yoast SEO plugin. -->","yoast_head_json":{"title":"Calendriers de l\u2019Avent : histoire et tradition - Holyart.fr Blog","description":"Le Calendrier de l\u2019Avent est une des traditions les plus repr\u00e9sentatives de No\u00ebl. Voici comment est n\u00e9e et comment est pr\u00e9serv\u00e9e.","robots":{"index":"index","follow":"follow","max-snippet":"max-snippet:-1","max-image-preview":"max-image-preview:large","max-video-preview":"max-video-preview:-1"},"canonical":"https:\/\/blog.holyart.it\/fr\/noel\/calendriers-de-lavent-histoire-et-tradition\/","og_locale":"fr_FR","og_type":"article","og_title":"Calendriers de l\u2019Avent : histoire et tradition - Holyart.fr Blog","og_description":"Le Calendrier de l\u2019Avent est une des traditions les plus repr\u00e9sentatives de No\u00ebl. Voici comment est n\u00e9e et comment est pr\u00e9serv\u00e9e.","og_url":"https:\/\/blog.holyart.it\/fr\/noel\/calendriers-de-lavent-histoire-et-tradition\/","og_site_name":"Holyart.fr Blog","article_published_time":"2022-11-28T11:30:29+00:00","article_modified_time":"2024-10-24T10:31:58+00:00","og_image":[{"width":1000,"height":666,"url":"https:\/\/blog.holyart.it\/fr\/wp-content\/uploads\/sites\/14\/2022\/11\/Calendriers-de-l\u2019Avent.jpg","type":"image\/jpeg"}],"author":"Redazione","twitter_card":"summary_large_image","twitter_misc":{"\u00c9crit par":"Redazione","Dur\u00e9e de lecture estim\u00e9e":"7 minutes"},"schema":{"@context":"https:\/\/schema.org","@graph":[{"@type":"Article","@id":"https:\/\/blog.holyart.it\/fr\/noel\/calendriers-de-lavent-histoire-et-tradition\/#article","isPartOf":{"@id":"https:\/\/blog.holyart.it\/fr\/noel\/calendriers-de-lavent-histoire-et-tradition\/"},"author":{"name":"Redazione","@id":"https:\/\/blog.holyart.it\/fr\/#\/schema\/person\/0a7b686e5af0f856ec1e390dd0baecda"},"headline":"Calendriers de l\u2019Avent : histoire et tradition","datePublished":"2022-11-28T11:30:29+00:00","dateModified":"2024-10-24T10:31:58+00:00","mainEntityOfPage":{"@id":"https:\/\/blog.holyart.it\/fr\/noel\/calendriers-de-lavent-histoire-et-tradition\/"},"wordCount":1153,"publisher":{"@id":"https:\/\/blog.holyart.it\/fr\/#organization"},"image":{"@id":"https:\/\/blog.holyart.it\/fr\/noel\/calendriers-de-lavent-histoire-et-tradition\/#primaryimage"},"thumbnailUrl":"https:\/\/blog.holyart.it\/fr\/wp-content\/uploads\/sites\/14\/2022\/11\/Calendriers-de-l\u2019Avent.jpg","articleSection":["No\u00ebl"],"inLanguage":"fr-FR"},{"@type":"WebPage","@id":"https:\/\/blog.holyart.it\/fr\/noel\/calendriers-de-lavent-histoire-et-tradition\/","url":"https:\/\/blog.holyart.it\/fr\/noel\/calendriers-de-lavent-histoire-et-tradition\/","name":"Calendriers de l\u2019Avent : histoire et tradition - Holyart.fr Blog","isPartOf":{"@id":"https:\/\/blog.holyart.it\/fr\/#website"},"primaryImageOfPage":{"@id":"https:\/\/blog.holyart.it\/fr\/noel\/calendriers-de-lavent-histoire-et-tradition\/#primaryimage"},"image":{"@id":"https:\/\/blog.holyart.it\/fr\/noel\/calendriers-de-lavent-histoire-et-tradition\/#primaryimage"},"thumbnailUrl":"https:\/\/blog.holyart.it\/fr\/wp-content\/uploads\/sites\/14\/2022\/11\/Calendriers-de-l\u2019Avent.jpg","datePublished":"2022-11-28T11:30:29+00:00","dateModified":"2024-10-24T10:31:58+00:00","description":"Le Calendrier de l\u2019Avent est une des traditions les plus repr\u00e9sentatives de No\u00ebl. Voici comment est n\u00e9e et comment est pr\u00e9serv\u00e9e.","breadcrumb":{"@id":"https:\/\/blog.holyart.it\/fr\/noel\/calendriers-de-lavent-histoire-et-tradition\/#breadcrumb"},"inLanguage":"fr-FR","potentialAction":[{"@type":"ReadAction","target":["https:\/\/blog.holyart.it\/fr\/noel\/calendriers-de-lavent-histoire-et-tradition\/"]}]},{"@type":"ImageObject","inLanguage":"fr-FR","@id":"https:\/\/blog.holyart.it\/fr\/noel\/calendriers-de-lavent-histoire-et-tradition\/#primaryimage","url":"https:\/\/blog.holyart.it\/fr\/wp-content\/uploads\/sites\/14\/2022\/11\/Calendriers-de-l\u2019Avent.jpg","contentUrl":"https:\/\/blog.holyart.it\/fr\/wp-content\/uploads\/sites\/14\/2022\/11\/Calendriers-de-l\u2019Avent.jpg","width":1000,"height":666,"caption":"Calendriers de l\u2019Avent"},{"@type":"BreadcrumbList","@id":"https:\/\/blog.holyart.it\/fr\/noel\/calendriers-de-lavent-histoire-et-tradition\/#breadcrumb","itemListElement":[{"@type":"ListItem","position":1,"name":"Homepage","item":"https:\/\/blog.holyart.it\/fr\/"},{"@type":"ListItem","position":2,"name":"No\u00ebl","item":"https:\/\/blog.holyart.it\/fr\/noel\/"},{"@type":"ListItem","position":3,"name":"Calendriers de l\u2019Avent : histoire et tradition"}]},{"@type":"WebSite","@id":"https:\/\/blog.holyart.it\/fr\/#website","url":"https:\/\/blog.holyart.it\/fr\/","name":"Holyart.fr Blog","description":"Holyblog","publisher":{"@id":"https:\/\/blog.holyart.it\/fr\/#organization"},"potentialAction":[{"@type":"SearchAction","target":{"@type":"EntryPoint","urlTemplate":"https:\/\/blog.holyart.it\/fr\/?s={search_term_string}"},"query-input":{"@type":"PropertyValueSpecification","valueRequired":true,"valueName":"search_term_string"}}],"inLanguage":"fr-FR"},{"@type":"Organization","@id":"https:\/\/blog.holyart.it\/fr\/#organization","name":"Holyart.fr Blog","url":"https:\/\/blog.holyart.it\/fr\/","logo":{"@type":"ImageObject","inLanguage":"fr-FR","@id":"https:\/\/blog.holyart.it\/fr\/#\/schema\/logo\/image\/","url":"https:\/\/blog.holyart.it\/fr\/wp-content\/uploads\/sites\/14\/2022\/12\/Holyart_Blog_Logo.jpg","contentUrl":"https:\/\/blog.holyart.it\/fr\/wp-content\/uploads\/sites\/14\/2022\/12\/Holyart_Blog_Logo.jpg","width":300,"height":50,"caption":"Holyart.fr Blog"},"image":{"@id":"https:\/\/blog.holyart.it\/fr\/#\/schema\/logo\/image\/"}},{"@type":"Person","@id":"https:\/\/blog.holyart.it\/fr\/#\/schema\/person\/0a7b686e5af0f856ec1e390dd0baecda","name":"Redazione","image":{"@type":"ImageObject","inLanguage":"fr-FR","@id":"https:\/\/blog.holyart.it\/fr\/#\/schema\/person\/image\/","url":"https:\/\/secure.gravatar.com\/avatar\/f477da817f43e50d0af36abecd33e3edf826c68299714bdc1057dff3b113f516?s=96&d=mm&r=g","contentUrl":"https:\/\/secure.gravatar.com\/avatar\/f477da817f43e50d0af36abecd33e3edf826c68299714bdc1057dff3b113f516?s=96&d=mm&r=g","caption":"Redazione"},"url":"https:\/\/blog.holyart.it\/fr\/author\/admin\/"}]}},"_links":{"self":[{"href":"https:\/\/blog.holyart.it\/fr\/wp-json\/wp\/v2\/posts\/5481","targetHints":{"allow":["GET"]}}],"collection":[{"href":"https:\/\/blog.holyart.it\/fr\/wp-json\/wp\/v2\/posts"}],"about":[{"href":"https:\/\/blog.holyart.it\/fr\/wp-json\/wp\/v2\/types\/post"}],"author":[{"embeddable":true,"href":"https:\/\/blog.holyart.it\/fr\/wp-json\/wp\/v2\/users\/1"}],"replies":[{"embeddable":true,"href":"https:\/\/blog.holyart.it\/fr\/wp-json\/wp\/v2\/comments?post=5481"}],"version-history":[{"count":1,"href":"https:\/\/blog.holyart.it\/fr\/wp-json\/wp\/v2\/posts\/5481\/revisions"}],"predecessor-version":[{"id":7290,"href":"https:\/\/blog.holyart.it\/fr\/wp-json\/wp\/v2\/posts\/5481\/revisions\/7290"}],"wp:featuredmedia":[{"embeddable":true,"href":"https:\/\/blog.holyart.it\/fr\/wp-json\/wp\/v2\/media\/5482"}],"wp:attachment":[{"href":"https:\/\/blog.holyart.it\/fr\/wp-json\/wp\/v2\/media?parent=5481"}],"wp:term":[{"taxonomy":"category","embeddable":true,"href":"https:\/\/blog.holyart.it\/fr\/wp-json\/wp\/v2\/categories?post=5481"},{"taxonomy":"post_tag","embeddable":true,"href":"https:\/\/blog.holyart.it\/fr\/wp-json\/wp\/v2\/tags?post=5481"}],"curies":[{"name":"wp","href":"https:\/\/api.w.org\/{rel}","templated":true}]}}