{"id":5460,"date":"2022-11-23T12:30:46","date_gmt":"2022-11-23T11:30:46","guid":{"rendered":"https:\/\/blog.holyart.it\/fr\/?p=5460"},"modified":"2024-10-29T12:11:53","modified_gmt":"2024-10-29T11:11:53","slug":"comment-installer-une-creche-les-reponses-aux-questions-les-plus-frequentes","status":"publish","type":"post","link":"https:\/\/blog.holyart.it\/fr\/noel\/comment-installer-une-creche-les-reponses-aux-questions-les-plus-frequentes\/","title":{"rendered":"Comment installer une cr\u00e8che : les r\u00e9ponses aux questions les plus fr\u00e9quentes"},"content":{"rendered":"<h4>No\u00ebl, temps de la Cr\u00e8che, une tradition ancienne et toujours actuelle. Voici les questions et les r\u00e9ponses sur comment installer une Cr\u00e8che chez vous<\/h4>\n\n<p>Il n\u2019y a pas de No\u00ebl sans Cr\u00e8che. C\u2019est un fait \u00e9tabli. Surtout pour les croyants, pour ceux qui vivent cette f\u00eate non seulement d\u2019un point de vue des traditions familiales et d\u2019atmosph\u00e8res uniques, mais aussi anim\u00e9s par la <strong>foi<\/strong>, par le sens du <strong>merveilleux et <\/strong>de l\u2019<strong>attente<\/strong> qui chaque ann\u00e9e se renouvelle, dans la reconstitution de la naissance de J\u00e9sus, la Cr\u00e8che assume une valeur spirituelle qui va au-del\u00e0 d\u2019une simple coutume transmise dans le temps. Rien n\u2019est laiss\u00e9 au hasard quand il s\u2019agit de comment mettre en place une Cr\u00e8che, soit-elle une <strong><a href=\"https:\/\/www.holyart.fr\/blog\/noel\/construire-votre-creche-en-suivant-des-conseils-dexperts\/\">Cr\u00e8che faite<\/a><\/strong> maison ou une achet\u00e9e\u00a0: quels sont les personnages qui ne peuvent pas manquer et comment les disposer, o\u00f9 la placer, quand la construire et quand la d\u00e9monter, et ainsi de suite.<\/p>\n<p>Voici une s\u00e9rie de questions et de r\u00e9ponses afin de comprendre comment construire une Cr\u00e8che chez vous pour c\u00e9l\u00e9brer encore plus dignement la <strong><a href=\"https:\/\/www.holyart.fr\/noel\/nativite?page=1\">Nativit\u00e9<\/a><\/strong>.<\/p>\n<div class=\"link-product\">\n<div class=\"blocco-immagine\"><img loading=\"lazy\" decoding=\"async\" class=\"alignnone size-full wp-image-5464\" src=\"https:\/\/blog.holyart.it\/fr\/wp-content\/uploads\/sites\/14\/2022\/11\/Bricolage-de-No\u00ebl-et-Accessoires-1.jpg\" alt=\"Bricolage de No\u00ebl et Accessoires\" width=\"100\" height=\"100\" data-kale-share-title=\"Comment installer une cr\u00e8che : les r\u00e9ponses aux questions les plus fr\u00e9quentes\" data-kale-share-url=\"https:\/\/blog.holyart.it\/fr\/?p=5460\" \/><\/div>\n<div class=\"blocco-contenuto\">\n<div class=\"blocco-acquista\">Acheter sur Holyart:<\/div>\n<div class=\"blocco-titolo\"><a href=\"https:\/\/www.holyart.fr\/noel\/bricolage-de-noel-et-accessoires\">Bricolage de No\u00ebl et Accessoires<\/a><\/div>\n<div class=\"blocco-descrizione\">Accessoires pour construire et personnaliser ta cr\u00e8che.<\/div>\n<\/div>\n<\/div>\n<h2>Quand a \u00e9t\u00e9 r\u00e9alis\u00e9e la premi\u00e8re Cr\u00e8che ?<\/h2>\n<p>Nous avons rappel\u00e9 dans un article pr\u00e9c\u00e9dent <a href=\"https:\/\/www.holyart.fr\/blog\/noel\/la-creche-de-greccio-la-creche-de-saint-francois\/\"><strong>la premi\u00e8re Cr\u00e8che de Saint Fran\u00e7ois.<\/strong><\/a> C\u2019\u00e9tait 1223 et le petit pauvre d\u2019Assise, en revenant de Rome o\u00f9 le Pape avait confirm\u00e9 la r\u00e8gle franciscaine, sur le chemin s\u2019arr\u00eata \u00e0 <strong>Greccio<\/strong>, un petit village pr\u00e8s de Rieti. Ici se trouvaient des grottes qui lui rappel\u00e8rent son voyage en Terre Sainte et, inspir\u00e9 par cette vision, il d\u00e9cida d\u2019y installer <strong>la premi\u00e8re Cr\u00e8che de l\u2019histoire<\/strong>, afin de montrer aux gens comment avait \u00e9t\u00e9 le lieu de la naissance de notre Seigneur, dans une grotte, au froid, chauff\u00e9 uniquement par le souffle d\u2019un b\u0153uf et d\u2019un \u00e2ne qui respiraient pr\u00e8s de la mangeoire dans laquelle il avait \u00e9t\u00e9 d\u00e9pos\u00e9. Naquit ainsi la premi\u00e8re Cr\u00e8che vivante, qui attira tout de suite une foule de fid\u00e8les, r\u00e9unis la nuit de No\u00ebl afin de c\u00e9l\u00e9brer la naissance de J\u00e9sus et de recevoir l\u2019Eucharistie.<\/p>\n<div class=\"link-article\">\n<p><img loading=\"lazy\" decoding=\"async\" class=\"alignnone size-full wp-image-5465\" src=\"https:\/\/blog.holyart.it\/fr\/wp-content\/uploads\/sites\/14\/2022\/11\/La-cr\u00e8che-de-Greccio.jpg\" alt=\"La cr\u00e8che de Greccio\" width=\"150\" height=\"97\" data-kale-share-title=\"Comment installer une cr\u00e8che : les r\u00e9ponses aux questions les plus fr\u00e9quentes\" data-kale-share-url=\"https:\/\/blog.holyart.it\/fr\/?p=5460\" \/><\/p>\n<div class=\"leggi-anche\">Lire aussi :<\/div>\n<p><strong><a href=\"https:\/\/www.holyart.fr\/blog\/noel\/la-creche-de-greccio-la-creche-de-saint-francois\/\">La cr\u00e8che de Greccio : la cr\u00e8che de Saint Fran\u00e7ois<\/a><\/strong><br \/>\nQuel est l\u2019histoire de la cr\u00e8che ? D\u2019o\u00f9 vient cette tradition que nous vivons tous les ans ?<\/p>\n<\/div>\n<h2>Quand faut-il installer sa Cr\u00e8che ?<\/h2>\n<p>La tradition veut que la Cr\u00e8che soit mise en place <strong>end\u00e9ans la premi\u00e8re quinzaine de d\u00e9cembre<\/strong>, pendant <strong><a href=\"https:\/\/www.holyart.fr\/blog\/noel\/le-temps-de-lavent\/\">le temps de l\u2019Avent<\/a><\/strong> donc. G\u00e9n\u00e9ralement, en Italie beaucoup profitent du <strong>8 d\u00e9cembre<\/strong>, jour durant lequel on c\u00e9l\u00e8bre l\u2019<strong><a href=\"https:\/\/www.holyart.fr\/blog\/saints-et-bienheureux\/limmaculee-conception\/\"><u>Immacul\u00e9e conception de Marie<\/u><\/a><\/strong>, puisque c\u2019est un jour f\u00e9ri\u00e9. Dans certaines zones, par contre, la Cr\u00e8che doit d\u00e9j\u00e0 \u00eatre pr\u00eate pour <strong>le 29 novembre<\/strong>, quand commence la Neuvaine de l\u2019Immacul\u00e9e. En r\u00e9alit\u00e9, rien ne presse, \u00e0 condition que vous soyez pr\u00eats pour <strong>le 25 d\u00e9cembre<\/strong>. Naturellement, si vous avez l\u2019intention de construire vous-m\u00eame votre Cr\u00e8che faite maison, il sera opportun de commencer \u00e0 temps et de vous aider peut-\u00eatre avec un de nos guides simples et efficaces sur <strong><a href=\"https:\/\/www.holyart.fr\/blog\/noel\/petit-guide-sur-comment-construire-une-creche-maison\/\"><u>comment faire une Cr\u00e8che soi-m\u00eame<\/u><\/a><\/strong>.<\/p>\n<div class=\"link-article\">\n<p><img loading=\"lazy\" decoding=\"async\" class=\"alignnone size-full wp-image-5466\" src=\"https:\/\/blog.holyart.it\/fr\/wp-content\/uploads\/sites\/14\/2022\/11\/construire-une-cr\u00e8che-maison.jpg\" alt=\"construire une cr\u00e8che maison\" width=\"150\" height=\"99\" data-kale-share-title=\"Comment installer une cr\u00e8che : les r\u00e9ponses aux questions les plus fr\u00e9quentes\" data-kale-share-url=\"https:\/\/blog.holyart.it\/fr\/?p=5460\" \/><\/p>\n<div class=\"leggi-anche\">Lire aussi :<\/div>\n<p><strong><a href=\"https:\/\/www.holyart.fr\/blog\/noel\/petit-guide-sur-comment-construire-une-creche-maison\/\">Petit guide sur comment construire une cr\u00e8che maison<\/a><\/strong><br \/>\nNous souhaitons nous y prendre \u00e0 l\u2019avance et vous offrir un petit guide sur comment construire votre cr\u00e8che vous-m\u00eame.<\/p>\n<\/div>\n<h2>O\u00f9 placer la Cr\u00e8che dans la maison ?<\/h2>\n<p>Quand on pense \u00e0 comment mettre en place une Cr\u00e8che, la premi\u00e8re chose \u00e0 laquelle il faut penser est <strong>o\u00f9 nous avons l\u2019intention de la r\u00e9aliser<\/strong>. Ils existent des solutions infinies, plus ou moins originales, des id\u00e9es de Cr\u00e8ches de toutes les dimensions et pour tous les budgets, qui peuvent remplir une pi\u00e8ce enti\u00e8re ou juste une coquille de noix\u00a0! En ligne de principe, pour une Cr\u00e8che domestique de dimensions moyennes, avec des \u00e9l\u00e9ments achet\u00e9s ou faits maison, il sera conseill\u00e9 de choisir une <strong>position centrale<\/strong> dans la maison, mais, en m\u00eame temps, qui n\u2019entrave pas le d\u00e9roulement de votre vie quotidienne, comme dans le salon ou la cuisine. Nous devrons tenir ensuite compte de la <strong>pr\u00e9sence de jeunes enfants ou d\u2019animaux<\/strong>, et choisir donc un espace qui puisse \u00eatre prot\u00e9g\u00e9 et rendu inaccessible. Pour finir, nous devrons consid\u00e9rer <strong><a href=\"https:\/\/www.holyart.fr\/noel\/bricolage-de-noel-et-accessoires\/lanternes-et-lumieres?page=1\">l\u2019\u00e9clairage<\/a><\/strong>, naturel ou artificiel soit-il.<\/p>\n<div class=\"link-product\">\n<div class=\"blocco-immagine\"><img loading=\"lazy\" decoding=\"async\" class=\"alignnone size-full wp-image-5467\" src=\"https:\/\/blog.holyart.it\/fr\/wp-content\/uploads\/sites\/14\/2022\/11\/Lanternes-et-lumi\u00e8res.jpg\" alt=\"Lanternes et lumi\u00e8res\" width=\"100\" height=\"100\" data-kale-share-title=\"Comment installer une cr\u00e8che : les r\u00e9ponses aux questions les plus fr\u00e9quentes\" data-kale-share-url=\"https:\/\/blog.holyart.it\/fr\/?p=5460\" \/><\/div>\n<div class=\"blocco-contenuto\">\n<div class=\"blocco-acquista\">Acheter sur Holyart:<\/div>\n<div class=\"blocco-titolo\"><a href=\"https:\/\/www.holyart.fr\/noel\/bricolage-de-noel-et-accessoires\/lanternes-et-lumieres?page=1\">Lanternes et lumi\u00e8res<\/a><\/div>\n<div class=\"blocco-descrizione\">Lampes et accessoires pour la cr\u00e8che \u00e0 faire soi m\u00eame.<\/div>\n<\/div>\n<\/div>\n<h2>Pourquoi fait-on la Cr\u00e8che\u00a0?<\/h2>\n<p>Comme nous l\u2019avons d\u00e9j\u00e0 expliqu\u00e9, la Cr\u00e8che est une c\u00e9l\u00e9bration de la <strong><a href=\"https:\/\/www.holyart.fr\/noel\/nativite?page=1\">naissance de J\u00e9sus<\/a><\/strong>. En pratique, pour les chr\u00e9tiens, elle exprime toute la volont\u00e9 de renouveler \u00e0 chaque No\u00ebl, ann\u00e9e apr\u00e8s ann\u00e9e, si\u00e8cle apr\u00e8s si\u00e8cle, le miracle de l\u2019incarnation de Christ qui s\u2019est fait homme dans une froide nuit d\u2019hiver afin d\u2019apporter l\u2019espoir et le salut \u00e0 l\u2019humanit\u00e9 enti\u00e8re. Ceci est et reste le v\u00e9ritable sens de la Cr\u00e8che, au-del\u00e0 des contaminations folkloriques, des influences apport\u00e9es par la d\u00e9votion populaire, qui, elles aussi, ont davantage enrichi cette tradition d\u2019une aspiration spirituelle et religieuse qui impliquent adultes et enfants et qui recr\u00e9e chaque ann\u00e9e un climat d\u2019attente et de merveille dans les maisons et dans les lieux de culte o\u00f9 les Cr\u00e8ches sont install\u00e9es.<\/p>\n<div class=\"link-product\">\n<div class=\"blocco-immagine\"><img loading=\"lazy\" decoding=\"async\" class=\"alignnone size-full wp-image-5468\" src=\"https:\/\/blog.holyart.it\/fr\/wp-content\/uploads\/sites\/14\/2022\/11\/Nativit\u00e9.jpg\" alt=\"Nativit\u00e9\" width=\"100\" height=\"100\" data-kale-share-title=\"Comment installer une cr\u00e8che : les r\u00e9ponses aux questions les plus fr\u00e9quentes\" data-kale-share-url=\"https:\/\/blog.holyart.it\/fr\/?p=5460\" \/><\/div>\n<div class=\"blocco-contenuto\">\n<div class=\"blocco-acquista\">Acheter sur Holyart:<\/div>\n<div class=\"blocco-titolo\"><a href=\"https:\/\/www.holyart.fr\/noel\/nativite?page=1\">Nativit\u00e9<\/a><\/div>\n<div class=\"blocco-descrizione\">Nativit\u00e9 compl\u00e8te: en bois, pierre, cotton, porcelaine de Marie..<\/div>\n<\/div>\n<\/div>\n<h2>Pourquoi l\u2019Enfant J\u00e9sus est n\u00e9 dans une \u00e9table\u00a0?<\/h2>\n<p>Les r\u00e9cits concernant la naissance de J\u00e9sus dans l\u2019\u00c9vangile de Luc et dans celui de Matthieu ne sp\u00e9cifient pas o\u00f9 est vraiment n\u00e9 J\u00e9sus, si <strong>dans une grotte, une cabane ou une \u00e9table<\/strong>. Luc parle simplement d\u2019une <strong>mangeoire<\/strong>, dans laquelle le Saint Enfant aurait \u00e9t\u00e9 d\u00e9pos\u00e9 apr\u00e8s sa naissance. Nous savons ensuite que Joseph avait d\u00fb se mettre en route pour Bethl\u00e9em afin de remplir ses devoirs concernant un recensement proclam\u00e9 par l\u2019Empereur, et cela quand Marie, son \u00e9pouse, \u00e9tait enceinte. Ne trouvant pas de logement pour la nuit et Marie \u00e9tant arriv\u00e9e au moment de l\u2019accouchement, les deux auraient trouv\u00e9 refuge dans un lieu o\u00f9 les animaux \u00e9taient mis \u00e0 l\u2019abris pour la nuit, ce qui, dans la Palestine de l\u2019\u00e9poque, pouvait \u00eatre de mani\u00e8re indistincte une \u00e9table ou une construction en bois pos\u00e9e, voire creus\u00e9e dans la roche. Donc peu importe qu\u2019il s\u2019agisse d\u2019une cabane ou d\u2019une grotte, ce qui compte vraiment c\u2019est la pr\u00e9sence de la mangeoire. En r\u00e9alit\u00e9, la v\u00e9ritable signification du pourquoi J\u00e9sus est n\u00e9 dans un lieu si humble se trouve justement dans la volont\u00e9 des \u00e9vang\u00e9listes de placer Sa venue loin des palais du pouvoir, des lieux o\u00f9 rois, t\u00e9trarques et empereurs \u00e9tablissaient le destin des hommes. J\u00e9sus est n\u00e9 dans une nuit froide et, \u00e0 peine n\u00e9, a \u00e9t\u00e9 d\u00e9pos\u00e9 dans une mangeoire, devenant chair et os dans le plus humble des contextes uniquement pour nous, pour nous sauver du mal et du p\u00e9ch\u00e9, pour nous amener l\u2019espoir de la vie \u00e9ternelle. Pour cette raison aussi Saint Fran\u00e7ois d\u00e9cida de rappeler cet \u00e9v\u00e9nement miraculeux en faisant installer sa Cr\u00e8che par des gens simples pour des gens simples.<\/p>\n<h2>Quels personnages ne doivent pas manquer ?<\/h2>\n<p>Tous les personnages de la Cr\u00e8che ont une signification particuli\u00e8re et unique, surtout quand nous parlons de la <strong><a href=\"https:\/\/www.holyart.fr\/noel\/creches-noel\/creche-napolitaine?page=1\">Cr\u00e8che napolitaine<\/a><\/strong> avec ses innombrables santons. Mais il y a certains santons de Cr\u00e8che qui ne peuvent absolument pas manquer :<\/p>\n<ul>\n<li><strong>Joseph et Marie<\/strong>, arch\u00e9types du P\u00e8re et de la M\u00e8re, symboles de la soumission au vouloir divin\u00a0;<\/li>\n<li><strong>le boeuf et l\u2019\u00e2ne<\/strong> qui rechauffent l\u2019Enfant avec leur souffle ;<\/li>\n<li>les <strong>bergers<\/strong>, symbole de l\u2019humanit\u00e9 qui accueille la naissance de J\u00e9sus ;<\/li>\n<li>les <strong>Rois Mages<\/strong>, qui symbolisent les trois \u00e2ges de l\u2019homme et les trois continents connus \u00e0 l\u2019\u00e9poque, et qui, avec leurs dons, reconnaissent la nature divine (encens), humaine (myrrhe) et royale (or) de J\u00e9sus.<\/li>\n<\/ul>\n<div class=\"link-product\">\n<div class=\"blocco-immagine\"><img loading=\"lazy\" decoding=\"async\" class=\"alignnone size-full wp-image-5469\" src=\"https:\/\/blog.holyart.it\/fr\/wp-content\/uploads\/sites\/14\/2022\/11\/Cr\u00e8che-Napolitaine.jpg\" alt=\"Cr\u00e8che Napolitaine\" width=\"100\" height=\"100\" data-kale-share-title=\"Comment installer une cr\u00e8che : les r\u00e9ponses aux questions les plus fr\u00e9quentes\" data-kale-share-url=\"https:\/\/blog.holyart.it\/fr\/?p=5460\" \/><\/div>\n<div class=\"blocco-contenuto\">\n<div class=\"blocco-acquista\">Acheter sur Holyart:<\/div>\n<div class=\"blocco-titolo\"><a href=\"https:\/\/www.holyart.fr\/noel\/creches-noel\/creche-napolitaine?page=1\">Cr\u00e8che Napolitaine<\/a><\/div>\n<div class=\"blocco-descrizione\">rayon d\u00e9di\u00e9 \u00e0 la cr\u00e8che napolitaine, santons r\u00e9alis\u00e9e \u00e0 la main.<\/div>\n<\/div>\n<\/div>\n<h2>O\u00f9 placer la Nativit\u00e9 ?<\/h2>\n<p>La grotte ou la<strong><a href=\"https:\/\/www.holyart.fr\/noel\/decors-creche-de-noel\/etables-creche-et-grottes?page=1\"> cabane de la Nativit\u00e9<\/a><\/strong> doivent occuper un lieu de <strong>premier plan<\/strong> dans notre Cr\u00e8che, vu que c\u2019est le c\u0153ur m\u00eame autour duquel la sc\u00e8ne enti\u00e8re se d\u00e9veloppe. \u00c0 l\u2019int\u00e9rieur de la cabane, nous devrons disposer la mangeoire destin\u00e9e \u00e0 accueillir l\u2019<strong><a href=\"https:\/\/www.holyart.fr\/noel\/statues-enfant-jesus?page=1\">Enfant J\u00e9sus<\/a><\/strong> au <strong>centre<\/strong>, avec la Vierge <strong>Marie \u00e0 la droite de J\u00e9sus<\/strong> (sur la gauche de l\u2019observateur donc), et <strong>Saint Joseph \u00e0 gauche<\/strong> (sur la droite de l\u2019observateur). Ce r\u00f4le pr\u00e9dominant de Marie est li\u00e9 \u00e0 la th\u00e9ologie mariale, selon laquelle elle est M\u00e8re de J\u00e9sus et M\u00e8re de l\u2019\u00c9glise.<\/p>\n<div class=\"link-product\">\n<div class=\"blocco-immagine\"><img loading=\"lazy\" decoding=\"async\" class=\"alignnone size-full wp-image-5470\" src=\"https:\/\/blog.holyart.it\/fr\/wp-content\/uploads\/sites\/14\/2022\/11\/Santons-cr\u00e8che.jpg\" alt=\"Santons cr\u00e8che\" width=\"100\" height=\"100\" data-kale-share-title=\"Comment installer une cr\u00e8che : les r\u00e9ponses aux questions les plus fr\u00e9quentes\" data-kale-share-url=\"https:\/\/blog.holyart.it\/fr\/?p=5460\" \/><\/div>\n<div class=\"blocco-contenuto\">\n<div class=\"blocco-acquista\">Acheter sur Holyart:<\/div>\n<div class=\"blocco-titolo\"><a href=\"https:\/\/www.holyart.fr\/noel\/santons-creche?page=1\">Santons cr\u00e8che<\/a><\/div>\n<div class=\"blocco-descrizione\">Santons cr\u00e8che: santons en terre cuite, r\u00e9sine, bois, plastique<\/div>\n<\/div>\n<\/div>\n<h2>Comment faut-il placer les santons ?<\/h2>\n<p>La disposition des figurines des personnages de la Cr\u00e8che d\u00e9pend beaucoup du go\u00fbt personnel et de questions g\u00e9om\u00e9triques. Si nous souhaitons r\u00e9aliser une Cr\u00e8che \u00e0 plusieurs \u00e9tages, avec diff\u00e9rents plans sur la profondeur, nous devrons mettre sur le devant les santons les plus grands et en mettre des plus en plus petits au fur et \u00e0 mesure que nous nous dirigeons vers le fond afin de donner un sens de r\u00e9alisme perspectif. En ce qui concerne par contre la tradition et le symbolisme des personnages, <strong>les bergers et les paysans<\/strong> avec leur b\u00e9tail, qui symbolisent les fid\u00e8les, sont g\u00e9n\u00e9ralement plac\u00e9s <strong>\u00e0 gauche<\/strong> de la cabane de la Nativit\u00e9, avec les autres animaux, symbole de sacrifice. Les <strong>Rois Mages<\/strong> arrivent par contre de la <strong>droite<\/strong>.<br \/>\nDans la <strong>partie sup\u00e9rieure<\/strong> de la sc\u00e8ne, nous trouverons une place pour Gabriel, l\u2019Ange de l\u2019Annonciation, avec d\u2019autres \u00e9ventuels anges, et la com\u00e8te, guide des bergers et des Rois Mages jusqu\u2019\u00e0 Bethl\u00e9em, mais aussi point d\u2019union entre ciel et terre.<\/p>\n<h2>Quand ajoute-on l\u2019Enfant J\u00e9sus ?<\/h2>\n<p>La tradition veut que l\u2019Enfant J\u00e9sus soit plac\u00e9 dans la mangeoire <strong>\u00e0 minuit le 24 d\u00e9cembre<\/strong>, nuit du R\u00e9veillon. C\u2019est l\u2019enfant le plus petit de la maison ou la personne la plus \u00e2g\u00e9e qui devra le placer dans la mangeoire. En alternative, on peut placer la figurine de J\u00e9sus dans la mangeoire d\u00e8s le d\u00e9but, couverte avec un peu de papier ou de tissu, et la d\u00e9voiler la nuit du R\u00e9veillon.<\/p>\n<div class=\"link-product\">\n<div class=\"blocco-immagine\"><img loading=\"lazy\" decoding=\"async\" class=\"alignnone size-full wp-image-5471\" src=\"https:\/\/blog.holyart.it\/fr\/wp-content\/uploads\/sites\/14\/2022\/11\/Enfant-J\u00e9sus-avec-pagne-h-30-cm.jpg\" alt=\"Enfant J\u00e9sus avec pagne h 30 cm\" width=\"100\" height=\"100\" data-kale-share-title=\"Comment installer une cr\u00e8che : les r\u00e9ponses aux questions les plus fr\u00e9quentes\" data-kale-share-url=\"https:\/\/blog.holyart.it\/fr\/?p=5460\" \/><\/div>\n<div class=\"blocco-contenuto\">\n<div class=\"blocco-acquista\">Acheter sur Holyart:<\/div>\n<div class=\"blocco-titolo\"><a href=\"https:\/\/www.holyart.fr\/noel\/statues-enfant-jesus\/enfant-jesus-avec-pagne-h-30-cm\">Enfant J\u00e9sus avec pagne h 30 cm<\/a><\/div>\n<div class=\"blocco-descrizione\">Santon de l&rsquo;Enfant J\u00e9sus avec pagne blanc<\/div>\n<\/div>\n<\/div>\n<h2>Qu\u2019est-ce que la com\u00e8te symbolise ?<\/h2>\n<p>La com\u00e8te dans la Cr\u00e8che correspond probablement \u00e0 un v\u00e9ritable ph\u00e9nom\u00e8ne astronomique qui eut lieu dans les jours imm\u00e9diatement pr\u00e9c\u00e9dents ou suivants la naissance de J\u00e9sus. Probablement il s\u2019agissait d\u2019une conjonction de plan\u00e8te, d\u2019une constellation particuli\u00e8rement lumineuse ou de la com\u00e8te de Halley. En laissant de c\u00f4t\u00e9 les explications scientifiques, dans les anciennes proph\u00e9ties bibliques, l\u2019\u00e9toile \u00e9tait <strong>symbole de l\u2019avent du Messie<\/strong> et sa pr\u00e9sence dans le ciel la nuit de la naissance de J\u00e9sus confirmerait son identit\u00e9, surtout pour les Mages qui, en connaissant ces proph\u00e9ties, se mirent en marche en suivant justement cette \u00e9toile. Mais les bergers aussi furent attir\u00e9s par l\u2019astre resplendissant jusqu\u2019\u00e0 la cabane o\u00f9 le Saint Enfant \u00e9tait \u00e0 peine n\u00e9.<\/p>\n<div class=\"link-product\">\n<div class=\"blocco-immagine\"><img loading=\"lazy\" decoding=\"async\" class=\"alignnone size-full wp-image-5472\" src=\"https:\/\/blog.holyart.it\/fr\/wp-content\/uploads\/sites\/14\/2022\/11\/Com\u00e8te-pour-cr\u00e8che.jpg\" alt=\"Com\u00e8te pour cr\u00e8che\" width=\"100\" height=\"100\" data-kale-share-title=\"Comment installer une cr\u00e8che : les r\u00e9ponses aux questions les plus fr\u00e9quentes\" data-kale-share-url=\"https:\/\/blog.holyart.it\/fr\/?p=5460\" \/><\/div>\n<div class=\"blocco-contenuto\">\n<div class=\"blocco-acquista\">Acheter sur Holyart:<\/div>\n<div class=\"blocco-titolo\"><a href=\"https:\/\/www.holyart.fr\/noel\/creches-noel\/creche-noel-val-gardena\/comete-pour-creche-original-berger-val-gardena-bois-peint-de-12-cm\">Com\u00e8te pour cr\u00e8che<\/a><\/div>\n<div class=\"blocco-descrizione\">Com\u00e8te pour cr\u00e8che Original Berger Val Gardena bois peint<\/div>\n<\/div>\n<\/div>\n<h2>Quand les Rois Mages arrivent-ils dans la Cr\u00e8che\u00a0?<\/h2>\n<p>Les Rois Mages arriv\u00e8rent \u00e0 la cabane de Bethl\u00e9em le <strong>6 janvier<\/strong>, la douzi\u00e8me nuit apr\u00e8s No\u00ebl, selon la tradition, et c\u2019est \u00e0 cette date, qui co\u00efncide avec l\u2019\u00c9piphanie, qu\u2019on doit les places \u00e0 c\u00f4t\u00e9 de la cabane de la Nativit\u00e9. Selon l\u2019\u00c9vangile de Matthieu, ils se mirent en route bien avant la naissance de J\u00e9sus, en quittant l\u2019Orient pour J\u00e9rusalem afin d\u2019adorer le \u00ab\u00a0Roi des Juifs\u00a0\u00bb promis dans les proph\u00e9ties et annonc\u00e9 par l\u2019apparition dans le ciel d\u2019une \u00e9toile fulgurante.<\/p>\n<div class=\"link-product\">\n<div class=\"blocco-immagine\"><img loading=\"lazy\" decoding=\"async\" class=\"alignnone size-full wp-image-5473\" src=\"https:\/\/blog.holyart.it\/fr\/wp-content\/uploads\/sites\/14\/2022\/11\/Mages-Moranduzzo.jpg\" alt=\"Mages Moranduzzo\" width=\"100\" height=\"100\" data-kale-share-title=\"Comment installer une cr\u00e8che : les r\u00e9ponses aux questions les plus fr\u00e9quentes\" data-kale-share-url=\"https:\/\/blog.holyart.it\/fr\/?p=5460\" \/><\/div>\n<div class=\"blocco-contenuto\">\n<div class=\"blocco-acquista\">Acheter sur Holyart:<\/div>\n<div class=\"blocco-titolo\"><a href=\"https:\/\/www.holyart.fr\/noel\/creches-noel\/creche-moranduzzo\/mages-moranduzzo-3-pcs-creche-12-cm\">Mages Moranduzzo<\/a><\/div>\n<div class=\"blocco-descrizione\">Mages Moranduzzo 3 pcs cr\u00e8che 12 cm.<\/div>\n<\/div>\n<\/div>\n<h2>Comment faut-il disposer les Rois Mages\u00a0?<\/h2>\n<p>Les Rois Mages doivent \u00eatre <strong>plac\u00e9s \u00e0 droite<\/strong> de la cabane de la Nativit\u00e9, par rapport au spectateur, ainsi comme Saint Joseph et l\u2019\u00e2ne. Dans de nombreux cas, on les fait arriver graduellement, sur leurs montures, et ensuite on les rapproche de plus en plus de la grotte, jusqu\u2019\u00e0 les placer devant la mangeoire le soir de l\u2019\u00c9piphanie.<\/p>\n<h2>Qu\u2019est-ce que les Rois Mages apportent comme dons\u00a0?<\/h2>\n<p>Les Rois Mages apportent or, <strong><a href=\"https:\/\/www.holyart.fr\/blog\/noel\/or-encens-et-myrrhe-pourquoi-ces-dons-pour-lenfant-jesus\/\">encens et myrrhe<\/a><\/strong>, symboles respectivement de la <strong>nature<\/strong> <strong>royale<\/strong> de Christ (l\u2019or \u00e9tait un mat\u00e9riel tr\u00e8s pr\u00e9cieux r\u00e9serv\u00e9 aux Rois), de Sa <strong>nature sacr\u00e9e<\/strong> (l\u2019encens \u00e9tait br\u00fbl\u00e9 afin d\u2019honorer les dieux) et de Sa <strong>nature humaine<\/strong> (la myrrhe \u00e9tait utilis\u00e9e pour parfumer le corps et les cheveux des hommes, mais aussi pour pr\u00e9parer les morts \u00e0 la s\u00e9pulture).<\/p>\n<div class=\"link-article\">\n<p><img loading=\"lazy\" decoding=\"async\" class=\"alignnone size-full wp-image-5474\" src=\"https:\/\/blog.holyart.it\/fr\/wp-content\/uploads\/sites\/14\/2022\/11\/Or-encens-et-myrrhe.jpeg\" alt=\"or encens et myrrhe\" width=\"150\" height=\"99\" data-kale-share-title=\"Comment installer une cr\u00e8che : les r\u00e9ponses aux questions les plus fr\u00e9quentes\" data-kale-share-url=\"https:\/\/blog.holyart.it\/fr\/?p=5460\" \/><\/p>\n<div class=\"leggi-anche\">Lire aussi :<\/div>\n<p><strong><a href=\"https:\/\/www.holyart.fr\/blog\/noel\/or-encens-et-myrrhe-pourquoi-ces-dons-pour-lenfant-jesus\/\">Or encens et myrrhe : pourquoi ces dons pour l\u2019Enfant J\u00e9sus ?<\/a><\/strong><br \/>\nLes Rois Mages, figures fascinantes et repr\u00e9sentatives de la tradition de No\u00ebl, amen\u00e8rent en don \u00e0 l\u2019Enfant J\u00e9sus or, encens et myrrhe<\/p>\n<\/div>\n<h2>Quand faut-il d\u00e9monter la Cr\u00e8che ?<\/h2>\n<p>Mais quand d\u00e9monte-on la Cr\u00e8che ? Selon la tradition, il faudrait l\u2019enlever le <strong>2 f\u00e9vrier<\/strong>,<strong><a href=\"https:\/\/www.holyart.fr\/blog\/articles-religieux\/presentation-de-jesus-au-temple-jusqua-la-chandeleur\/\"> jour de la Chandeleur<\/a><\/strong>, qui c\u00e9l\u00e8bre la pr\u00e9sentation de J\u00e9sus au Temple, ce qui marque aussi la v\u00e9ritable fin des f\u00eates de No\u00ebl. En effet, Marie n\u2019aurait pas pu accompagner avant Son Enfant au Temple de J\u00e9rusalem, car, selon la loi juive, une femme qui accouchait d\u2019un fils devait attendre 40 jours avant de pouvoir entrer dans le Temple et se purifier.<\/p>\n<div class=\"link-article\">\n<p><img loading=\"lazy\" decoding=\"async\" class=\"alignnone size-full wp-image-5475\" src=\"https:\/\/blog.holyart.it\/fr\/wp-content\/uploads\/sites\/14\/2022\/11\/jour-de-la-Chandeleur.jpg\" alt=\"jour de la Chandeleur\" width=\"150\" height=\"99\" data-kale-share-title=\"Comment installer une cr\u00e8che : les r\u00e9ponses aux questions les plus fr\u00e9quentes\" data-kale-share-url=\"https:\/\/blog.holyart.it\/fr\/?p=5460\" \/><\/p>\n<div class=\"leggi-anche\">Lire aussi :<\/div>\n<p><strong><a href=\"https:\/\/www.holyart.fr\/blog\/articles-religieux\/presentation-de-jesus-au-temple-jusqua-la-chandeleur\/\">Pr\u00e9sentation de J\u00e9sus au temple jusqu\u2019\u00e0 la Chandeleur<\/a><\/strong><br \/>\nLa f\u00eate de la pr\u00e9sentation de J\u00e9sus au Temple a \u00e9t\u00e9 importante depuis son institution au IV si\u00e8cle apr. J.-C.<\/p>\n<\/div>\n","protected":false},"excerpt":{"rendered":"<p>No\u00ebl, temps de la Cr\u00e8che, une tradition ancienne et toujours actuelle. Voici les questions et les r\u00e9ponses sur comment installer une Cr\u00e8che chez vous Il n\u2019y a pas de No\u00ebl sans Cr\u00e8che. C\u2019est un fait \u00e9tabli. Surtout pour les croyants, pour ceux qui vivent cette&hellip;<\/p>\n","protected":false},"author":1,"featured_media":5461,"comment_status":"closed","ping_status":"open","sticky":false,"template":"","format":"standard","meta":{"_acf_changed":false,"footnotes":""},"categories":[10],"tags":[],"class_list":["post-5460","post","type-post","status-publish","format-standard","has-post-thumbnail","hentry","category-noel"],"acf":[],"yoast_head":"<!-- This site is optimized with the Yoast SEO plugin v26.6 - https:\/\/yoast.com\/wordpress\/plugins\/seo\/ -->\n<title>Comment installer une cr\u00e8che : les r\u00e9ponses aux questions les plus fr\u00e9quentes<\/title>\n<meta name=\"description\" content=\"No\u00ebl, temps de la Cr\u00e8che, une tradition ancienne et toujours actuelle. Voici les questions et les r\u00e9ponses sur comment installer une Cr\u00e8che chez vous\" \/>\n<meta name=\"robots\" content=\"index, follow, max-snippet:-1, max-image-preview:large, max-video-preview:-1\" \/>\n<link rel=\"canonical\" href=\"https:\/\/blog.holyart.it\/fr\/noel\/comment-installer-une-creche-les-reponses-aux-questions-les-plus-frequentes\/\" \/>\n<meta property=\"og:locale\" content=\"fr_FR\" \/>\n<meta property=\"og:type\" content=\"article\" \/>\n<meta property=\"og:title\" content=\"Comment installer une cr\u00e8che : les r\u00e9ponses aux questions les plus fr\u00e9quentes\" \/>\n<meta property=\"og:description\" content=\"No\u00ebl, temps de la Cr\u00e8che, une tradition ancienne et toujours actuelle. Voici les questions et les r\u00e9ponses sur comment installer une Cr\u00e8che chez vous\" \/>\n<meta property=\"og:url\" content=\"https:\/\/blog.holyart.it\/fr\/noel\/comment-installer-une-creche-les-reponses-aux-questions-les-plus-frequentes\/\" \/>\n<meta property=\"og:site_name\" content=\"Holyart.fr Blog\" \/>\n<meta property=\"article:published_time\" content=\"2022-11-23T11:30:46+00:00\" \/>\n<meta property=\"article:modified_time\" content=\"2024-10-29T11:11:53+00:00\" \/>\n<meta property=\"og:image\" content=\"https:\/\/blog.holyart.it\/fr\/wp-content\/uploads\/sites\/14\/2022\/11\/Comment-installer-une-cr\u00e8che.jpg\" \/>\n\t<meta property=\"og:image:width\" content=\"1000\" \/>\n\t<meta property=\"og:image:height\" content=\"666\" \/>\n\t<meta property=\"og:image:type\" content=\"image\/jpeg\" \/>\n<meta name=\"author\" content=\"Redazione\" \/>\n<meta name=\"twitter:card\" content=\"summary_large_image\" \/>\n<meta name=\"twitter:label1\" content=\"\u00c9crit par\" \/>\n\t<meta name=\"twitter:data1\" content=\"Redazione\" \/>\n\t<meta name=\"twitter:label2\" content=\"Dur\u00e9e de lecture estim\u00e9e\" \/>\n\t<meta name=\"twitter:data2\" content=\"14 minutes\" \/>\n<script type=\"application\/ld+json\" class=\"yoast-schema-graph\">{\"@context\":\"https:\/\/schema.org\",\"@graph\":[{\"@type\":\"Article\",\"@id\":\"https:\/\/blog.holyart.it\/fr\/noel\/comment-installer-une-creche-les-reponses-aux-questions-les-plus-frequentes\/#article\",\"isPartOf\":{\"@id\":\"https:\/\/blog.holyart.it\/fr\/noel\/comment-installer-une-creche-les-reponses-aux-questions-les-plus-frequentes\/\"},\"author\":{\"name\":\"Redazione\",\"@id\":\"https:\/\/blog.holyart.it\/fr\/#\/schema\/person\/0a7b686e5af0f856ec1e390dd0baecda\"},\"headline\":\"Comment installer une cr\u00e8che : les r\u00e9ponses aux questions les plus fr\u00e9quentes\",\"datePublished\":\"2022-11-23T11:30:46+00:00\",\"dateModified\":\"2024-10-29T11:11:53+00:00\",\"mainEntityOfPage\":{\"@id\":\"https:\/\/blog.holyart.it\/fr\/noel\/comment-installer-une-creche-les-reponses-aux-questions-les-plus-frequentes\/\"},\"wordCount\":2485,\"publisher\":{\"@id\":\"https:\/\/blog.holyart.it\/fr\/#organization\"},\"image\":{\"@id\":\"https:\/\/blog.holyart.it\/fr\/noel\/comment-installer-une-creche-les-reponses-aux-questions-les-plus-frequentes\/#primaryimage\"},\"thumbnailUrl\":\"https:\/\/blog.holyart.it\/fr\/wp-content\/uploads\/sites\/14\/2022\/11\/Comment-installer-une-cr\u00e8che.jpg\",\"articleSection\":[\"No\u00ebl\"],\"inLanguage\":\"fr-FR\"},{\"@type\":\"WebPage\",\"@id\":\"https:\/\/blog.holyart.it\/fr\/noel\/comment-installer-une-creche-les-reponses-aux-questions-les-plus-frequentes\/\",\"url\":\"https:\/\/blog.holyart.it\/fr\/noel\/comment-installer-une-creche-les-reponses-aux-questions-les-plus-frequentes\/\",\"name\":\"Comment installer une cr\u00e8che : les r\u00e9ponses aux questions les plus fr\u00e9quentes\",\"isPartOf\":{\"@id\":\"https:\/\/blog.holyart.it\/fr\/#website\"},\"primaryImageOfPage\":{\"@id\":\"https:\/\/blog.holyart.it\/fr\/noel\/comment-installer-une-creche-les-reponses-aux-questions-les-plus-frequentes\/#primaryimage\"},\"image\":{\"@id\":\"https:\/\/blog.holyart.it\/fr\/noel\/comment-installer-une-creche-les-reponses-aux-questions-les-plus-frequentes\/#primaryimage\"},\"thumbnailUrl\":\"https:\/\/blog.holyart.it\/fr\/wp-content\/uploads\/sites\/14\/2022\/11\/Comment-installer-une-cr\u00e8che.jpg\",\"datePublished\":\"2022-11-23T11:30:46+00:00\",\"dateModified\":\"2024-10-29T11:11:53+00:00\",\"description\":\"No\u00ebl, temps de la Cr\u00e8che, une tradition ancienne et toujours actuelle. Voici les questions et les r\u00e9ponses sur comment installer une Cr\u00e8che chez vous\",\"breadcrumb\":{\"@id\":\"https:\/\/blog.holyart.it\/fr\/noel\/comment-installer-une-creche-les-reponses-aux-questions-les-plus-frequentes\/#breadcrumb\"},\"inLanguage\":\"fr-FR\",\"potentialAction\":[{\"@type\":\"ReadAction\",\"target\":[\"https:\/\/blog.holyart.it\/fr\/noel\/comment-installer-une-creche-les-reponses-aux-questions-les-plus-frequentes\/\"]}]},{\"@type\":\"ImageObject\",\"inLanguage\":\"fr-FR\",\"@id\":\"https:\/\/blog.holyart.it\/fr\/noel\/comment-installer-une-creche-les-reponses-aux-questions-les-plus-frequentes\/#primaryimage\",\"url\":\"https:\/\/blog.holyart.it\/fr\/wp-content\/uploads\/sites\/14\/2022\/11\/Comment-installer-une-cr\u00e8che.jpg\",\"contentUrl\":\"https:\/\/blog.holyart.it\/fr\/wp-content\/uploads\/sites\/14\/2022\/11\/Comment-installer-une-cr\u00e8che.jpg\",\"width\":1000,\"height\":666,\"caption\":\"Comment installer une cr\u00e8che\"},{\"@type\":\"BreadcrumbList\",\"@id\":\"https:\/\/blog.holyart.it\/fr\/noel\/comment-installer-une-creche-les-reponses-aux-questions-les-plus-frequentes\/#breadcrumb\",\"itemListElement\":[{\"@type\":\"ListItem\",\"position\":1,\"name\":\"Homepage\",\"item\":\"https:\/\/blog.holyart.it\/fr\/\"},{\"@type\":\"ListItem\",\"position\":2,\"name\":\"No\u00ebl\",\"item\":\"https:\/\/blog.holyart.it\/fr\/noel\/\"},{\"@type\":\"ListItem\",\"position\":3,\"name\":\"Comment installer une cr\u00e8che : les r\u00e9ponses aux questions les plus fr\u00e9quentes\"}]},{\"@type\":\"WebSite\",\"@id\":\"https:\/\/blog.holyart.it\/fr\/#website\",\"url\":\"https:\/\/blog.holyart.it\/fr\/\",\"name\":\"Holyart.fr Blog\",\"description\":\"Holyblog\",\"publisher\":{\"@id\":\"https:\/\/blog.holyart.it\/fr\/#organization\"},\"potentialAction\":[{\"@type\":\"SearchAction\",\"target\":{\"@type\":\"EntryPoint\",\"urlTemplate\":\"https:\/\/blog.holyart.it\/fr\/?s={search_term_string}\"},\"query-input\":{\"@type\":\"PropertyValueSpecification\",\"valueRequired\":true,\"valueName\":\"search_term_string\"}}],\"inLanguage\":\"fr-FR\"},{\"@type\":\"Organization\",\"@id\":\"https:\/\/blog.holyart.it\/fr\/#organization\",\"name\":\"Holyart.fr Blog\",\"url\":\"https:\/\/blog.holyart.it\/fr\/\",\"logo\":{\"@type\":\"ImageObject\",\"inLanguage\":\"fr-FR\",\"@id\":\"https:\/\/blog.holyart.it\/fr\/#\/schema\/logo\/image\/\",\"url\":\"https:\/\/blog.holyart.it\/fr\/wp-content\/uploads\/sites\/14\/2022\/12\/Holyart_Blog_Logo.jpg\",\"contentUrl\":\"https:\/\/blog.holyart.it\/fr\/wp-content\/uploads\/sites\/14\/2022\/12\/Holyart_Blog_Logo.jpg\",\"width\":300,\"height\":50,\"caption\":\"Holyart.fr Blog\"},\"image\":{\"@id\":\"https:\/\/blog.holyart.it\/fr\/#\/schema\/logo\/image\/\"}},{\"@type\":\"Person\",\"@id\":\"https:\/\/blog.holyart.it\/fr\/#\/schema\/person\/0a7b686e5af0f856ec1e390dd0baecda\",\"name\":\"Redazione\",\"image\":{\"@type\":\"ImageObject\",\"inLanguage\":\"fr-FR\",\"@id\":\"https:\/\/blog.holyart.it\/fr\/#\/schema\/person\/image\/\",\"url\":\"https:\/\/secure.gravatar.com\/avatar\/f477da817f43e50d0af36abecd33e3edf826c68299714bdc1057dff3b113f516?s=96&d=mm&r=g\",\"contentUrl\":\"https:\/\/secure.gravatar.com\/avatar\/f477da817f43e50d0af36abecd33e3edf826c68299714bdc1057dff3b113f516?s=96&d=mm&r=g\",\"caption\":\"Redazione\"},\"url\":\"https:\/\/blog.holyart.it\/fr\/author\/admin\/\"}]}<\/script>\n<!-- \/ Yoast SEO plugin. -->","yoast_head_json":{"title":"Comment installer une cr\u00e8che : les r\u00e9ponses aux questions les plus fr\u00e9quentes","description":"No\u00ebl, temps de la Cr\u00e8che, une tradition ancienne et toujours actuelle. Voici les questions et les r\u00e9ponses sur comment installer une Cr\u00e8che chez vous","robots":{"index":"index","follow":"follow","max-snippet":"max-snippet:-1","max-image-preview":"max-image-preview:large","max-video-preview":"max-video-preview:-1"},"canonical":"https:\/\/blog.holyart.it\/fr\/noel\/comment-installer-une-creche-les-reponses-aux-questions-les-plus-frequentes\/","og_locale":"fr_FR","og_type":"article","og_title":"Comment installer une cr\u00e8che : les r\u00e9ponses aux questions les plus fr\u00e9quentes","og_description":"No\u00ebl, temps de la Cr\u00e8che, une tradition ancienne et toujours actuelle. Voici les questions et les r\u00e9ponses sur comment installer une Cr\u00e8che chez vous","og_url":"https:\/\/blog.holyart.it\/fr\/noel\/comment-installer-une-creche-les-reponses-aux-questions-les-plus-frequentes\/","og_site_name":"Holyart.fr Blog","article_published_time":"2022-11-23T11:30:46+00:00","article_modified_time":"2024-10-29T11:11:53+00:00","og_image":[{"width":1000,"height":666,"url":"https:\/\/blog.holyart.it\/fr\/wp-content\/uploads\/sites\/14\/2022\/11\/Comment-installer-une-cr\u00e8che.jpg","type":"image\/jpeg"}],"author":"Redazione","twitter_card":"summary_large_image","twitter_misc":{"\u00c9crit par":"Redazione","Dur\u00e9e de lecture estim\u00e9e":"14 minutes"},"schema":{"@context":"https:\/\/schema.org","@graph":[{"@type":"Article","@id":"https:\/\/blog.holyart.it\/fr\/noel\/comment-installer-une-creche-les-reponses-aux-questions-les-plus-frequentes\/#article","isPartOf":{"@id":"https:\/\/blog.holyart.it\/fr\/noel\/comment-installer-une-creche-les-reponses-aux-questions-les-plus-frequentes\/"},"author":{"name":"Redazione","@id":"https:\/\/blog.holyart.it\/fr\/#\/schema\/person\/0a7b686e5af0f856ec1e390dd0baecda"},"headline":"Comment installer une cr\u00e8che : les r\u00e9ponses aux questions les plus fr\u00e9quentes","datePublished":"2022-11-23T11:30:46+00:00","dateModified":"2024-10-29T11:11:53+00:00","mainEntityOfPage":{"@id":"https:\/\/blog.holyart.it\/fr\/noel\/comment-installer-une-creche-les-reponses-aux-questions-les-plus-frequentes\/"},"wordCount":2485,"publisher":{"@id":"https:\/\/blog.holyart.it\/fr\/#organization"},"image":{"@id":"https:\/\/blog.holyart.it\/fr\/noel\/comment-installer-une-creche-les-reponses-aux-questions-les-plus-frequentes\/#primaryimage"},"thumbnailUrl":"https:\/\/blog.holyart.it\/fr\/wp-content\/uploads\/sites\/14\/2022\/11\/Comment-installer-une-cr\u00e8che.jpg","articleSection":["No\u00ebl"],"inLanguage":"fr-FR"},{"@type":"WebPage","@id":"https:\/\/blog.holyart.it\/fr\/noel\/comment-installer-une-creche-les-reponses-aux-questions-les-plus-frequentes\/","url":"https:\/\/blog.holyart.it\/fr\/noel\/comment-installer-une-creche-les-reponses-aux-questions-les-plus-frequentes\/","name":"Comment installer une cr\u00e8che : les r\u00e9ponses aux questions les plus fr\u00e9quentes","isPartOf":{"@id":"https:\/\/blog.holyart.it\/fr\/#website"},"primaryImageOfPage":{"@id":"https:\/\/blog.holyart.it\/fr\/noel\/comment-installer-une-creche-les-reponses-aux-questions-les-plus-frequentes\/#primaryimage"},"image":{"@id":"https:\/\/blog.holyart.it\/fr\/noel\/comment-installer-une-creche-les-reponses-aux-questions-les-plus-frequentes\/#primaryimage"},"thumbnailUrl":"https:\/\/blog.holyart.it\/fr\/wp-content\/uploads\/sites\/14\/2022\/11\/Comment-installer-une-cr\u00e8che.jpg","datePublished":"2022-11-23T11:30:46+00:00","dateModified":"2024-10-29T11:11:53+00:00","description":"No\u00ebl, temps de la Cr\u00e8che, une tradition ancienne et toujours actuelle. Voici les questions et les r\u00e9ponses sur comment installer une Cr\u00e8che chez vous","breadcrumb":{"@id":"https:\/\/blog.holyart.it\/fr\/noel\/comment-installer-une-creche-les-reponses-aux-questions-les-plus-frequentes\/#breadcrumb"},"inLanguage":"fr-FR","potentialAction":[{"@type":"ReadAction","target":["https:\/\/blog.holyart.it\/fr\/noel\/comment-installer-une-creche-les-reponses-aux-questions-les-plus-frequentes\/"]}]},{"@type":"ImageObject","inLanguage":"fr-FR","@id":"https:\/\/blog.holyart.it\/fr\/noel\/comment-installer-une-creche-les-reponses-aux-questions-les-plus-frequentes\/#primaryimage","url":"https:\/\/blog.holyart.it\/fr\/wp-content\/uploads\/sites\/14\/2022\/11\/Comment-installer-une-cr\u00e8che.jpg","contentUrl":"https:\/\/blog.holyart.it\/fr\/wp-content\/uploads\/sites\/14\/2022\/11\/Comment-installer-une-cr\u00e8che.jpg","width":1000,"height":666,"caption":"Comment installer une cr\u00e8che"},{"@type":"BreadcrumbList","@id":"https:\/\/blog.holyart.it\/fr\/noel\/comment-installer-une-creche-les-reponses-aux-questions-les-plus-frequentes\/#breadcrumb","itemListElement":[{"@type":"ListItem","position":1,"name":"Homepage","item":"https:\/\/blog.holyart.it\/fr\/"},{"@type":"ListItem","position":2,"name":"No\u00ebl","item":"https:\/\/blog.holyart.it\/fr\/noel\/"},{"@type":"ListItem","position":3,"name":"Comment installer une cr\u00e8che : les r\u00e9ponses aux questions les plus fr\u00e9quentes"}]},{"@type":"WebSite","@id":"https:\/\/blog.holyart.it\/fr\/#website","url":"https:\/\/blog.holyart.it\/fr\/","name":"Holyart.fr Blog","description":"Holyblog","publisher":{"@id":"https:\/\/blog.holyart.it\/fr\/#organization"},"potentialAction":[{"@type":"SearchAction","target":{"@type":"EntryPoint","urlTemplate":"https:\/\/blog.holyart.it\/fr\/?s={search_term_string}"},"query-input":{"@type":"PropertyValueSpecification","valueRequired":true,"valueName":"search_term_string"}}],"inLanguage":"fr-FR"},{"@type":"Organization","@id":"https:\/\/blog.holyart.it\/fr\/#organization","name":"Holyart.fr Blog","url":"https:\/\/blog.holyart.it\/fr\/","logo":{"@type":"ImageObject","inLanguage":"fr-FR","@id":"https:\/\/blog.holyart.it\/fr\/#\/schema\/logo\/image\/","url":"https:\/\/blog.holyart.it\/fr\/wp-content\/uploads\/sites\/14\/2022\/12\/Holyart_Blog_Logo.jpg","contentUrl":"https:\/\/blog.holyart.it\/fr\/wp-content\/uploads\/sites\/14\/2022\/12\/Holyart_Blog_Logo.jpg","width":300,"height":50,"caption":"Holyart.fr Blog"},"image":{"@id":"https:\/\/blog.holyart.it\/fr\/#\/schema\/logo\/image\/"}},{"@type":"Person","@id":"https:\/\/blog.holyart.it\/fr\/#\/schema\/person\/0a7b686e5af0f856ec1e390dd0baecda","name":"Redazione","image":{"@type":"ImageObject","inLanguage":"fr-FR","@id":"https:\/\/blog.holyart.it\/fr\/#\/schema\/person\/image\/","url":"https:\/\/secure.gravatar.com\/avatar\/f477da817f43e50d0af36abecd33e3edf826c68299714bdc1057dff3b113f516?s=96&d=mm&r=g","contentUrl":"https:\/\/secure.gravatar.com\/avatar\/f477da817f43e50d0af36abecd33e3edf826c68299714bdc1057dff3b113f516?s=96&d=mm&r=g","caption":"Redazione"},"url":"https:\/\/blog.holyart.it\/fr\/author\/admin\/"}]}},"_links":{"self":[{"href":"https:\/\/blog.holyart.it\/fr\/wp-json\/wp\/v2\/posts\/5460","targetHints":{"allow":["GET"]}}],"collection":[{"href":"https:\/\/blog.holyart.it\/fr\/wp-json\/wp\/v2\/posts"}],"about":[{"href":"https:\/\/blog.holyart.it\/fr\/wp-json\/wp\/v2\/types\/post"}],"author":[{"embeddable":true,"href":"https:\/\/blog.holyart.it\/fr\/wp-json\/wp\/v2\/users\/1"}],"replies":[{"embeddable":true,"href":"https:\/\/blog.holyart.it\/fr\/wp-json\/wp\/v2\/comments?post=5460"}],"version-history":[{"count":1,"href":"https:\/\/blog.holyart.it\/fr\/wp-json\/wp\/v2\/posts\/5460\/revisions"}],"predecessor-version":[{"id":7448,"href":"https:\/\/blog.holyart.it\/fr\/wp-json\/wp\/v2\/posts\/5460\/revisions\/7448"}],"wp:featuredmedia":[{"embeddable":true,"href":"https:\/\/blog.holyart.it\/fr\/wp-json\/wp\/v2\/media\/5461"}],"wp:attachment":[{"href":"https:\/\/blog.holyart.it\/fr\/wp-json\/wp\/v2\/media?parent=5460"}],"wp:term":[{"taxonomy":"category","embeddable":true,"href":"https:\/\/blog.holyart.it\/fr\/wp-json\/wp\/v2\/categories?post=5460"},{"taxonomy":"post_tag","embeddable":true,"href":"https:\/\/blog.holyart.it\/fr\/wp-json\/wp\/v2\/tags?post=5460"}],"curies":[{"name":"wp","href":"https:\/\/api.w.org\/{rel}","templated":true}]}}