{"id":5436,"date":"2022-11-09T12:32:08","date_gmt":"2022-11-09T11:32:08","guid":{"rendered":"https:\/\/blog.holyart.it\/fr\/?p=5436"},"modified":"2022-11-29T17:58:03","modified_gmt":"2022-11-29T16:58:03","slug":"les-lanternes-de-saint-martin-histoire-et-curiosites-sur-cette-fete","status":"publish","type":"post","link":"https:\/\/blog.holyart.it\/fr\/articles-religieux\/les-lanternes-de-saint-martin-histoire-et-curiosites-sur-cette-fete\/","title":{"rendered":"Les lanternes de Saint Martin : histoire et curiosit\u00e9s sur cette f\u00eate"},"content":{"rendered":"<h4>Les lanternes de Saint Martin sont un symbole porte-bonheur et am\u00e8nent un peu de chaleur et de lumi\u00e8re de l\u2019\u00e9t\u00e9 dans le froid de l\u2019hiver. D\u00e9couvrons comment naquit cette fascinante tradition.<\/h4>\n<p>Nous avons d\u00e9j\u00e0 parl\u00e9 dans diff\u00e9rents articles de comment les f\u00eates d\u00e9di\u00e9es aux saints ou \u00e0 la Sainte Vierge puisent leurs origines dans des c\u00e9l\u00e9brations plus anciennes, pr\u00e9c\u00e9dant l\u2019av\u00e8nement du Christianisme, ou dans des <strong>f\u00eates pa\u00efennes<\/strong> li\u00e9es au <strong>cycle des saisons<\/strong>.<\/p>\n<p>Tr\u00e8s probablement la <strong>F\u00eate de Saint Martin<\/strong> est \u00e9galement n\u00e9e de la transformation d\u2019une <strong>f\u00eate pa\u00efenne li\u00e9e \u00e0 la r\u00e9colte et au d\u00e9but de l\u2019hiver<\/strong> c\u00e9l\u00e9br\u00e9e dans certains pays d\u2019Europe. Ensuite, elle fut associ\u00e9e \u00e0 <strong>Saint Martin de Tours<\/strong>, un \u00e9v\u00eaque chr\u00e9tien du IV si\u00e8cle, mort \u00e0 cette date.<\/p>\n<p>C\u2019est dans le contexte de cette f\u00eate que se situe la tradition des <strong>Lanternes de Saint Martin<\/strong>, dont nous parlerons dans cette article.<\/p>\n<p>Mais qui \u00e9tait Saint Martin ?<\/p>\n<p>Il \u00e9tait un jeune n\u00e9 \u00e0 Savaria, un avant-poste romain situ\u00e9 dans l\u2019actuelle Hongrie. Son p\u00e8re \u00e9tait un tribun militaire et quand Martin, appel\u00e9 ainsi en l\u2019honneur de Mars, dieu de la guerre, \u00e9tait encore enfant, il d\u00e9m\u00e9nagea \u00e0 Pavie, en emmenant avec lui toute la famille. En tant que fils d\u2019un v\u00e9t\u00e9ran, Martin aussi d\u00fb s\u2019enr\u00f4ler et fut envoy\u00e9 en Galles avec un corps sp\u00e9cial pr\u00e9pos\u00e9 \u00e0 garantir l\u2019ordre public. Durant une ronde nocturne, il tomba sur un <strong>mendiant<\/strong>.<\/p>\n<p>C\u2019\u00e9tait une nuit tr\u00e8s froide et le pauvre homme \u00e9tait \u00e0 moiti\u00e9 nu et tremblait de froid. Martin \u00e9tait un jeune g\u00e9n\u00e9reux et de bon c\u0153ur et, en le voyant si mis\u00e9rable, il aurait aim\u00e9 l\u2019aider, mais il avait d\u00e9j\u00e0 donn\u00e9 toute sa paye aux agriculteurs dans le besoin. Ainsi, sans h\u00e9siter, il prit <strong>son manteau<\/strong>, empoigna son \u00e9p\u00e9e et, avec un coup net, <strong>coupa le v\u00eatement en deux<\/strong>, en offrant au mendiant une moiti\u00e9 pour qu\u2019il puisse se r\u00e9parer du froid.<\/p>\n<p>La l\u00e9gende veut que la nuit suivante <strong>J\u00e9sus apparut \u00e0 Martin<\/strong>. Il portait la moiti\u00e9 du manteau et, en s\u2019adressant aux anges, il affirma\u00a0: \u00ab\u00a0<em>Voici Martin, le soldat romain qui n\u2019est pas baptis\u00e9, il m\u2019a v\u00eatu<\/em>\u00a0\u00bb. Au r\u00e9veil, Martin trouva \u00e0 c\u00f4t\u00e9 de son lit le pr\u00e9cieux manteau en un seul morceau.<\/p>\n<p><img loading=\"lazy\" decoding=\"async\" class=\"size-full wp-image-5438 aligncenter\" src=\"https:\/\/blog.holyart.it\/fr\/wp-content\/uploads\/sites\/14\/2022\/11\/J\u00e9sus-apparut-\u00e0-Martin.jpeg\" alt=\"J\u00e9sus apparut \u00e0 Martin\" width=\"800\" height=\"552\" data-kale-share-title=\"Les lanternes de Saint Martin : histoire et curiosit\u00e9s sur cette f\u00eate\" data-kale-share-url=\"https:\/\/blog.holyart.it\/fr\/?p=5436\" \/><\/p>\n<p>L\u2019apparition poussa le jeune \u00e0 <strong>\u00e9pouser le Christianisme<\/strong> et \u00e0 demander le <strong>Bapt\u00eame<\/strong>. Malgr\u00e9 cela, Martin continua d\u2019accomplir son devoir de soldat en entreprenant un brillante <strong>carri\u00e8re militaire<\/strong>. Seulement une fois atteint les quarante ans, il abandonna l\u2019arm\u00e9e et commen\u00e7a \u00e0 combattre une autre guerre, celle contre l\u2019<strong>h\u00e9r\u00e9sie arienne<\/strong>, tr\u00e8s r\u00e9pandue dans les territoires de la France actuelle. Il v\u00e9cut ensuite en tant qu\u2019<strong>ermite<\/strong> pendant quatre ans sur l\u2019\u00cele de Gallinara, o\u00f9 il fut sauv\u00e9 par l\u2019intervention divine quand, sur le point de mourir apr\u00e8s avoir mang\u00e9 de l\u2019hell\u00e9bore, plante plut\u00f4t v\u00e9n\u00e9neuse, il fit l\u2019objet d\u2019un miracle apr\u00e8s une nuit d\u2019intense pri\u00e8re.<\/p>\n<p>Ensuite, il retourna \u00e0 Poitiers, devint moine et ensuite <strong>\u00e9v\u00eaque<\/strong>. Avec ce r\u00f4le il continua de se battre contre les h\u00e9r\u00e9sies et le paganisme. Le peuple l\u2019aimait beaucoup et lui attribua \u00e9galement des <strong>pouvoirs de gu\u00e9rison<\/strong>. Il fonda \u00e9galement de <strong>nombreux monast\u00e8res<\/strong> et promut la mission de l\u2019<strong>\u00e9vang\u00e9lisation<\/strong> parmi les moines.<\/p>\n<h2>La f\u00eate de Saint Martin<\/h2>\n<p>Comme toutes les f\u00eates qui naissent de cultes pr\u00e9c\u00e9dents, surtout celles li\u00e9es au travail agricole et \u00e0 l\u2019alternance des saisons, la <strong>F\u00eate de Saint Martin, c\u00e9l\u00e9br\u00e9e le 11 novembre<\/strong>, assume elle aussi des caract\u00e9ristiques diff\u00e9rentes en fonction du pays et des r\u00e9gions o\u00f9 on la c\u00e9l\u00e8bre. Les jours pr\u00e9c\u00e9dant et suivant cette date sont connus sous le nom d\u2019<strong>\u00c9t\u00e9 de Saint Martin, <\/strong>et sont souvent caract\u00e9ris\u00e9s par beau temps et ti\u00e9deur, qui suspendent pendant quelques jours les premiers signes de l\u2019hiver. Ce sont \u00e9galement les jours o\u00f9 on savourent <strong>les premi\u00e8res<\/strong> <strong>ch\u00e2taignes<\/strong> accompagn\u00e9es d\u2019un bon <strong><a href=\"https:\/\/www.holyart.fr\/produits-des-monasteres\/les-vins-rouges-et-blancs?page=1\">vin<\/a><\/strong>.<\/p>\n<div class=\"sp-styles-warning\" style=\"width: 450px; background-color: #FFF; color: #F00; border: 1px solid #F00; padding: 10px; font-size: 14px;\">\n\t\t\t<span style=\"font-weight: bold;\">Warning: The stylesheets were not loaded!<\/span> \n\t\t\tYou will need to change the <i>Load stylesheets<\/i> setting from <i>Automatically<\/i> to <i>On homepage<\/i> or <i>On all pages<\/i>. \n\t\t\tYou can set that <a style=\"text-decoration: underline; color: #F00;\" href=\"https:\/\/blog.holyart.it\/fr\/wp-admin\/admin.php?page=sliderpro-settings\">here<\/a>.\n\t\t\t<\/div>\r\n<div id=\"slider-pro-89\" class=\"slider-pro sp-no-js\" style=\"width: 500px; height: 500px;\">\r\n\t<div class=\"sp-slides\">\r\n\t\t\r\n\t\t<div class=\"sp-slide\">\r\n\t\t\t<img loading=\"lazy\" decoding=\"async\" class=\"sp-image\" src=\"https:\/\/blog.holyart.it\/fr\/wp-content\/uploads\/sites\/14\/2022\/11\/Vins-rouges-et-cr\u00e8me-de-browni.jpeg\" alt=\"Vins rouges et cr\u00e8me de browni\" width=\"500\" height=\"500\" \/>\r\n\t\t\t<div class=\"sp-thumbnail\"><a class=\"\" href=\"https:\/\/www.holyart.fr\/produits-des-monasteres\/les-vins-rouges-et-blancs\/vin-pinot-noir-reserve-doc-2017-abbaye-muri-gries-750ml\">\r\n\t\t\t\t<img decoding=\"async\" src=\"https:\/\/blog.holyart.it\/fr\/wp-content\/uploads\/sites\/14\/2022\/11\/Vin-Pinot-Noir.jpg\" alt=\"Vin Pinot Noir\" \/>\r\n\t\t\t<\/a>\r\n\t\t\t<\/div>\r\n\t\t\t<div class=\"sp-caption\">Vins rouges et cr\u00e8me de browni pour accompagner les froides soir\u00e9es d'automne.<br \/><strong><a href=\"https:\/\/www.holyart.fr\/produits-des-monasteres\">Acheter sur Holyart<\/a><\/strong><\/div>\r\n\t\t<\/div>\r\n\t\t<div class=\"sp-slide\">\r\n\t\t\t<img loading=\"lazy\" decoding=\"async\" class=\"sp-image\" src=\"https:\/\/blog.holyart.it\/fr\/wp-content\/uploads\/sites\/14\/2022\/11\/Vins-rouges-et-cr\u00e8me-de-browni.jpeg\" alt=\"Vins rouges et cr\u00e8me de browni\" width=\"500\" height=\"500\" \/>\r\n\t\t\t<div class=\"sp-thumbnail\"><a class=\"\" href=\"https:\/\/www.holyart.fr\/produits-des-monasteres\/confitures-et-marmelades\/creme-de-marrons-400gr-trappistines-vitorchiano\">\r\n\t\t\t\t<img decoding=\"async\" src=\"https:\/\/blog.holyart.it\/fr\/wp-content\/uploads\/sites\/14\/2022\/11\/Cr\u00e8me-de-marrons.jpg\" \/>\r\n\t\t\t<\/a>\r\n\t\t\t<\/div>\r\n\t\t\t<div class=\"sp-caption\">Vins rouges et cr\u00e8me de browni pour accompagner les froides soir\u00e9es d'automne.<br \/><strong><a href=\"https:\/\/www.holyart.fr\/produits-des-monasteres\">Acheter sur Holyart<\/a><\/strong><\/div>\r\n\t\t<\/div>\r\n\t\t<div class=\"sp-slide\">\r\n\t\t\t<img loading=\"lazy\" decoding=\"async\" class=\"sp-image\" src=\"https:\/\/blog.holyart.it\/fr\/wp-content\/uploads\/sites\/14\/2022\/11\/Vins-rouges-et-cr\u00e8me-de-browni.jpeg\" alt=\"Vins rouges et cr\u00e8me de browni\" width=\"500\" height=\"500\" \/>\r\n\t\t\t<div class=\"sp-thumbnail\"><a class=\"\" href=\"https:\/\/www.holyart.fr\/produits-des-monasteres\/les-vins-rouges-et-blancs\/vin-la-grangia-doc-2020-maremme-toscane-ciliegiolo-rouge-siloe\">\r\n\t\t\t\t<img decoding=\"async\" src=\"https:\/\/blog.holyart.it\/fr\/wp-content\/uploads\/sites\/14\/2022\/11\/Vin-La-Grangia.jpg\" alt=\"Vin La Grangia\" \/>\r\n\t\t\t<\/a>\r\n\t\t\t<\/div>\r\n\t\t\t<div class=\"sp-caption\">Vins rouges et cr\u00e8me de browni pour accompagner les froides soir\u00e9es d'automne.<br \/><strong><a href=\"https:\/\/www.holyart.fr\/produits-des-monasteres\">Acheter sur Holyart<\/a><\/strong><\/div>\r\n\t\t<\/div>\r\n\t<\/div>\r\n<\/div>\n<p>Dans l\u2019antiquit\u00e9 c\u2019\u00e9tait \u00e9galement le moment o\u00f9 les agriculteurs devaient <strong>payer les taxes<\/strong> \u00e0 leurs seigneurs.<\/p>\n<p>F\u00eate de r\u00e9colte, donc, et de la mise en f\u00fbt du vin nouveau, mais, dans certaines zones d\u2019Europe, cette journ\u00e9e est \u00e9galement caract\u00e9ris\u00e9e par une tradition tr\u00e8s fascinante et pittoresque : les <strong>Lanternes de Saint Martin<\/strong>. Cet usage est r\u00e9pandu dans certaines zones de l\u2019Allemagne, o\u00f9 elle prend le nom de<strong>\u00a0Laternenumzug<\/strong>, en Belgique, aux Pays-Bas et dans le Nord de la France. La nuit du 11 novembre, les <strong>enfants<\/strong> descendent dans les rues en amenant avec eux des lanternes. Ces derni\u00e8res sont ensuite allum\u00e9es et, parfois, suspendues aux arbres, tandis que les enfants chantent des chansons et des comptines d\u00e9di\u00e9es \u00e0 Saint Martin.<\/p>\n<p><a href=\"https:\/\/www.holyart.fr\/blog\/accessoires-pour-la-liturgie\/bougies-liturgiques-importantes\/\"><strong><u>En parlant des bougies liturgiques<\/u><\/strong><\/a>, nous avons rappel\u00e9 l\u2019importance pour les chr\u00e9tiens du <strong>symbolisme de la lumi\u00e8re<\/strong>, de comment elle est strictement li\u00e9e au concept m\u00eame de Dieu. La lumi\u00e8re illumine, r\u00e9chauffe, vivifie, nourrit et prot\u00e8ge des t\u00e9n\u00e8bres.<\/p>\n<div class=\"link-article\">\n<p><img loading=\"lazy\" decoding=\"async\" class=\"alignnone size-full wp-image-5439\" src=\"https:\/\/blog.holyart.it\/fr\/wp-content\/uploads\/sites\/14\/2022\/11\/Bougies-liturgiques.jpg\" alt=\"Bougies liturgiques\" width=\"150\" height=\"99\" data-kale-share-title=\"Les lanternes de Saint Martin : histoire et curiosit\u00e9s sur cette f\u00eate\" data-kale-share-url=\"https:\/\/blog.holyart.it\/fr\/?p=5436\" \/><\/p>\n<div class=\"leggi-anche\">Lire aussi :<\/div>\n<p><strong><a href=\"https:\/\/www.holyart.fr\/blog\/accessoires-pour-la-liturgie\/bougies-liturgiques-importantes\/\">Bougies liturgiques : quand et pourquoi elles sont importantes<\/a><\/strong><br \/>\nLa lumi\u00e8re a toujours eu une signification tr\u00e8s profonde et essentielle pour l\u2019\u00eatre humain.<\/p>\n<\/div>\n<p>Ainsi les Lanternes de Saint Martin deviennent <strong>symbole de lumi\u00e8re et d\u2019espoir<\/strong>, surtout \u00e0 cette p\u00e9riode de l\u2019ann\u00e9e o\u00f9 l\u2019hiver commence \u00e0 avancer et froid et obscurit\u00e9 deviennent plus pressants.<\/p>\n<p>Ces petites lumi\u00e8res color\u00e9es qui flottent dans la nuit, illuminant le chemin et r\u00e9chauffant les c\u0153urs, sont un <strong>pr\u00e9lude \u00e0 l\u2019Avent<\/strong> qui commencera peu apr\u00e8s et anticipent d\u2019une certaine mani\u00e8re le <strong>climat de f\u00eate et le sens profond de chaleur et de bonheur de la No\u00ebl<\/strong> qui approche.<\/p>\n<p>Autrefois, les enfants amenaient en guise de lanternes des <strong>navets<\/strong> \u00e9vid\u00e9es avec une bougie allum\u00e9e \u00e0 l\u2019int\u00e9rieur, suspendues \u00e0 une canne, et cette tradition aurait men\u00e9 \u00e9galement \u00e0 celle des citrouilles \u00e9vid\u00e9es par les enfants am\u00e9ricains \u00e0 Halloween et utilis\u00e9es pour garder les mauvais esprits \u00e9loign\u00e9s. Et, comme les enfants am\u00e9ricains \u00e0 Halloween, \u00e0 l\u2019occasion de la F\u00eate de Saint Martin aussi dans certaines r\u00e9gions les enfants vont de maison en maison avec leurs lanternes et r\u00e9clament <strong>des fruits et des sucreries<\/strong>.<\/p>\n<p>Aujourd\u2019hui les enfants europ\u00e9ens utilisent des <strong>lanternes en papier color\u00e9<\/strong>, qu\u2019ils fabriquent souvent eux-m\u00eames et qui sont allum\u00e9es toutes ensemble lors d\u2019une grande f\u00eate. <strong>Allumer les lanternes porte bonheur<\/strong> et il faudrait ensuite la garder allum\u00e9e toutes les nuits jusqu\u2019\u00e0 No\u00ebl afin de maintenir vive la chaleur de l\u2019\u00e9t\u00e9. Dans l\u2019antiquit\u00e9, les enfants allumaient les lanternes de l\u2019apr\u00e8s-midi et les utilisaient pour guider les animaux des bois dans leurs tani\u00e8res. Cet usage reste encore en vie dans certaines zones o\u00f9 les enfants, accompagn\u00e9s de leurs parents, vont se promener dans les bois \u00e0 la tomb\u00e9e de la nuit avec leurs lanternes.<\/p>\n<div class=\"link-product\">\n<div class=\"blocco-immagine\"><img loading=\"lazy\" decoding=\"async\" class=\"alignnone size-full wp-image-5440\" src=\"https:\/\/blog.holyart.it\/fr\/wp-content\/uploads\/sites\/14\/2022\/11\/Lampes-et-lanternes.jpg\" alt=\"Lampes et lanternes\" width=\"100\" height=\"100\" data-kale-share-title=\"Les lanternes de Saint Martin : histoire et curiosit\u00e9s sur cette f\u00eate\" data-kale-share-url=\"https:\/\/blog.holyart.it\/fr\/?p=5436\" \/><\/div>\n<div class=\"blocco-contenuto\">\n<div class=\"blocco-acquista\">Acheter sur Holyart:<\/div>\n<div class=\"blocco-titolo\"><a href=\"https:\/\/www.holyart.fr\/accessoires-pour-la-liturgie\/lampes-et-lanternes?page=1\">Lampes et lanternes<\/a><\/div>\n<div class=\"blocco-descrizione\">Dans cette cat\u00e9gorie vous trouverez des lampes et plus&#8230;<\/div>\n<\/div>\n<\/div>\n<p>Garder allum\u00e9e <strong>une lampe ou une lanterne dans sa maison<\/strong> en attendant No\u00ebl peut \u00eatre une mani\u00e8re suggestive pour symboliser la pr\u00e9sence de la lumi\u00e8re dans sa maison, pour l\u2019inviter \u00e0 entrer et \u00e0 r\u00e9chauffer les personnes qui y habitent. <a href=\"https:\/\/www.holyart.fr\/accessoires-pour-la-liturgie\/lampes-et-lanternes?page=1\"><strong>Dans notre magasin en ligne vous trouverez une vaste gamme de lampes \u00e0 cire liquide et \u00e0 huile et de lanternes<\/strong><\/a> de diff\u00e9rentes dimensions, styles et mat\u00e9riaux. Beaucoup de nos lampes et lanternes sont enti\u00e8rement fabriqu\u00e9es \u00e0 la main. Laissez entrer la lumi\u00e8re dans vos maisons et ch\u00e9rissez-la comme un tr\u00e9sor pr\u00e9cieux. Elle am\u00e8nera bonheur et protection \u00e0 tous ceux que vous aimez.<\/p>\n","protected":false},"excerpt":{"rendered":"<p>Les lanternes de Saint Martin sont un symbole porte-bonheur et am\u00e8nent un peu de chaleur et de lumi\u00e8re de l\u2019\u00e9t\u00e9 dans le froid de l\u2019hiver. D\u00e9couvrons comment naquit cette fascinante tradition. Nous avons d\u00e9j\u00e0 parl\u00e9 dans diff\u00e9rents articles de comment les f\u00eates d\u00e9di\u00e9es aux saints&hellip;<\/p>\n","protected":false},"author":1,"featured_media":5437,"comment_status":"closed","ping_status":"open","sticky":false,"template":"","format":"standard","meta":{"_acf_changed":false,"footnotes":""},"categories":[8,7],"tags":[],"class_list":["post-5436","post","type-post","status-publish","format-standard","has-post-thumbnail","hentry","category-articles-religieux","category-saints-et-bienheureux"],"acf":[],"yoast_head":"<!-- This site is optimized with the Yoast SEO plugin v26.6 - https:\/\/yoast.com\/wordpress\/plugins\/seo\/ -->\n<title>Les lanternes de Saint Martin : histoire et curiosit\u00e9s sur cette f\u00eate<\/title>\n<meta name=\"description\" content=\"Les lanternes de Saint Martin sont un symbole porte-bonheur et am\u00e8nent un peu de chaleur et de lumi\u00e8re de l\u2019\u00e9t\u00e9 dans le froid de l\u2019hiver.\" \/>\n<meta name=\"robots\" content=\"index, follow, max-snippet:-1, max-image-preview:large, max-video-preview:-1\" \/>\n<link rel=\"canonical\" href=\"https:\/\/blog.holyart.it\/fr\/articles-religieux\/les-lanternes-de-saint-martin-histoire-et-curiosites-sur-cette-fete\/\" \/>\n<meta property=\"og:locale\" content=\"fr_FR\" \/>\n<meta property=\"og:type\" content=\"article\" \/>\n<meta property=\"og:title\" content=\"Les lanternes de Saint Martin : histoire et curiosit\u00e9s sur cette f\u00eate\" \/>\n<meta property=\"og:description\" content=\"Les lanternes de Saint Martin sont un symbole porte-bonheur et am\u00e8nent un peu de chaleur et de lumi\u00e8re de l\u2019\u00e9t\u00e9 dans le froid de l\u2019hiver.\" \/>\n<meta property=\"og:url\" content=\"https:\/\/blog.holyart.it\/fr\/articles-religieux\/les-lanternes-de-saint-martin-histoire-et-curiosites-sur-cette-fete\/\" \/>\n<meta property=\"og:site_name\" content=\"Holyart.fr Blog\" \/>\n<meta property=\"article:published_time\" content=\"2022-11-09T11:32:08+00:00\" \/>\n<meta property=\"article:modified_time\" content=\"2022-11-29T16:58:03+00:00\" \/>\n<meta property=\"og:image\" content=\"https:\/\/blog.holyart.it\/fr\/wp-content\/uploads\/sites\/14\/2022\/11\/Les-lanternes-de-Saint-Martin-histoire-et-curiosit\u00e9s-sur-cette-f\u00eate.jpeg\" \/>\n\t<meta property=\"og:image:width\" content=\"1000\" \/>\n\t<meta property=\"og:image:height\" content=\"664\" \/>\n\t<meta property=\"og:image:type\" content=\"image\/jpeg\" \/>\n<meta name=\"author\" content=\"Redazione\" \/>\n<meta name=\"twitter:card\" content=\"summary_large_image\" \/>\n<meta name=\"twitter:label1\" content=\"\u00c9crit par\" \/>\n\t<meta name=\"twitter:data1\" content=\"Redazione\" \/>\n\t<meta name=\"twitter:label2\" content=\"Dur\u00e9e de lecture estim\u00e9e\" \/>\n\t<meta name=\"twitter:data2\" content=\"7 minutes\" \/>\n<script type=\"application\/ld+json\" class=\"yoast-schema-graph\">{\"@context\":\"https:\/\/schema.org\",\"@graph\":[{\"@type\":\"Article\",\"@id\":\"https:\/\/blog.holyart.it\/fr\/articles-religieux\/les-lanternes-de-saint-martin-histoire-et-curiosites-sur-cette-fete\/#article\",\"isPartOf\":{\"@id\":\"https:\/\/blog.holyart.it\/fr\/articles-religieux\/les-lanternes-de-saint-martin-histoire-et-curiosites-sur-cette-fete\/\"},\"author\":{\"name\":\"Redazione\",\"@id\":\"https:\/\/blog.holyart.it\/fr\/#\/schema\/person\/0a7b686e5af0f856ec1e390dd0baecda\"},\"headline\":\"Les lanternes de Saint Martin : histoire et curiosit\u00e9s sur cette f\u00eate\",\"datePublished\":\"2022-11-09T11:32:08+00:00\",\"dateModified\":\"2022-11-29T16:58:03+00:00\",\"mainEntityOfPage\":{\"@id\":\"https:\/\/blog.holyart.it\/fr\/articles-religieux\/les-lanternes-de-saint-martin-histoire-et-curiosites-sur-cette-fete\/\"},\"wordCount\":1385,\"publisher\":{\"@id\":\"https:\/\/blog.holyart.it\/fr\/#organization\"},\"image\":{\"@id\":\"https:\/\/blog.holyart.it\/fr\/articles-religieux\/les-lanternes-de-saint-martin-histoire-et-curiosites-sur-cette-fete\/#primaryimage\"},\"thumbnailUrl\":\"https:\/\/blog.holyart.it\/fr\/wp-content\/uploads\/sites\/14\/2022\/11\/Les-lanternes-de-Saint-Martin-histoire-et-curiosit\u00e9s-sur-cette-f\u00eate.jpeg\",\"articleSection\":[\"Religion\",\"Saints et Bienheureux\"],\"inLanguage\":\"fr-FR\"},{\"@type\":\"WebPage\",\"@id\":\"https:\/\/blog.holyart.it\/fr\/articles-religieux\/les-lanternes-de-saint-martin-histoire-et-curiosites-sur-cette-fete\/\",\"url\":\"https:\/\/blog.holyart.it\/fr\/articles-religieux\/les-lanternes-de-saint-martin-histoire-et-curiosites-sur-cette-fete\/\",\"name\":\"Les lanternes de Saint Martin : histoire et curiosit\u00e9s sur cette f\u00eate\",\"isPartOf\":{\"@id\":\"https:\/\/blog.holyart.it\/fr\/#website\"},\"primaryImageOfPage\":{\"@id\":\"https:\/\/blog.holyart.it\/fr\/articles-religieux\/les-lanternes-de-saint-martin-histoire-et-curiosites-sur-cette-fete\/#primaryimage\"},\"image\":{\"@id\":\"https:\/\/blog.holyart.it\/fr\/articles-religieux\/les-lanternes-de-saint-martin-histoire-et-curiosites-sur-cette-fete\/#primaryimage\"},\"thumbnailUrl\":\"https:\/\/blog.holyart.it\/fr\/wp-content\/uploads\/sites\/14\/2022\/11\/Les-lanternes-de-Saint-Martin-histoire-et-curiosit\u00e9s-sur-cette-f\u00eate.jpeg\",\"datePublished\":\"2022-11-09T11:32:08+00:00\",\"dateModified\":\"2022-11-29T16:58:03+00:00\",\"description\":\"Les lanternes de Saint Martin sont un symbole porte-bonheur et am\u00e8nent un peu de chaleur et de lumi\u00e8re de l\u2019\u00e9t\u00e9 dans le froid de l\u2019hiver.\",\"breadcrumb\":{\"@id\":\"https:\/\/blog.holyart.it\/fr\/articles-religieux\/les-lanternes-de-saint-martin-histoire-et-curiosites-sur-cette-fete\/#breadcrumb\"},\"inLanguage\":\"fr-FR\",\"potentialAction\":[{\"@type\":\"ReadAction\",\"target\":[\"https:\/\/blog.holyart.it\/fr\/articles-religieux\/les-lanternes-de-saint-martin-histoire-et-curiosites-sur-cette-fete\/\"]}]},{\"@type\":\"ImageObject\",\"inLanguage\":\"fr-FR\",\"@id\":\"https:\/\/blog.holyart.it\/fr\/articles-religieux\/les-lanternes-de-saint-martin-histoire-et-curiosites-sur-cette-fete\/#primaryimage\",\"url\":\"https:\/\/blog.holyart.it\/fr\/wp-content\/uploads\/sites\/14\/2022\/11\/Les-lanternes-de-Saint-Martin-histoire-et-curiosit\u00e9s-sur-cette-f\u00eate.jpeg\",\"contentUrl\":\"https:\/\/blog.holyart.it\/fr\/wp-content\/uploads\/sites\/14\/2022\/11\/Les-lanternes-de-Saint-Martin-histoire-et-curiosit\u00e9s-sur-cette-f\u00eate.jpeg\",\"width\":1000,\"height\":664,\"caption\":\"Les lanternes de Saint Martin\"},{\"@type\":\"BreadcrumbList\",\"@id\":\"https:\/\/blog.holyart.it\/fr\/articles-religieux\/les-lanternes-de-saint-martin-histoire-et-curiosites-sur-cette-fete\/#breadcrumb\",\"itemListElement\":[{\"@type\":\"ListItem\",\"position\":1,\"name\":\"Homepage\",\"item\":\"https:\/\/blog.holyart.it\/fr\/\"},{\"@type\":\"ListItem\",\"position\":2,\"name\":\"Religion\",\"item\":\"https:\/\/blog.holyart.it\/fr\/articles-religieux\/\"},{\"@type\":\"ListItem\",\"position\":3,\"name\":\"Les lanternes de Saint Martin : histoire et curiosit\u00e9s sur cette f\u00eate\"}]},{\"@type\":\"WebSite\",\"@id\":\"https:\/\/blog.holyart.it\/fr\/#website\",\"url\":\"https:\/\/blog.holyart.it\/fr\/\",\"name\":\"Holyart.fr Blog\",\"description\":\"Holyblog\",\"publisher\":{\"@id\":\"https:\/\/blog.holyart.it\/fr\/#organization\"},\"potentialAction\":[{\"@type\":\"SearchAction\",\"target\":{\"@type\":\"EntryPoint\",\"urlTemplate\":\"https:\/\/blog.holyart.it\/fr\/?s={search_term_string}\"},\"query-input\":{\"@type\":\"PropertyValueSpecification\",\"valueRequired\":true,\"valueName\":\"search_term_string\"}}],\"inLanguage\":\"fr-FR\"},{\"@type\":\"Organization\",\"@id\":\"https:\/\/blog.holyart.it\/fr\/#organization\",\"name\":\"Holyart.fr Blog\",\"url\":\"https:\/\/blog.holyart.it\/fr\/\",\"logo\":{\"@type\":\"ImageObject\",\"inLanguage\":\"fr-FR\",\"@id\":\"https:\/\/blog.holyart.it\/fr\/#\/schema\/logo\/image\/\",\"url\":\"https:\/\/blog.holyart.it\/fr\/wp-content\/uploads\/sites\/14\/2022\/12\/Holyart_Blog_Logo.jpg\",\"contentUrl\":\"https:\/\/blog.holyart.it\/fr\/wp-content\/uploads\/sites\/14\/2022\/12\/Holyart_Blog_Logo.jpg\",\"width\":300,\"height\":50,\"caption\":\"Holyart.fr Blog\"},\"image\":{\"@id\":\"https:\/\/blog.holyart.it\/fr\/#\/schema\/logo\/image\/\"}},{\"@type\":\"Person\",\"@id\":\"https:\/\/blog.holyart.it\/fr\/#\/schema\/person\/0a7b686e5af0f856ec1e390dd0baecda\",\"name\":\"Redazione\",\"image\":{\"@type\":\"ImageObject\",\"inLanguage\":\"fr-FR\",\"@id\":\"https:\/\/blog.holyart.it\/fr\/#\/schema\/person\/image\/\",\"url\":\"https:\/\/secure.gravatar.com\/avatar\/f477da817f43e50d0af36abecd33e3edf826c68299714bdc1057dff3b113f516?s=96&d=mm&r=g\",\"contentUrl\":\"https:\/\/secure.gravatar.com\/avatar\/f477da817f43e50d0af36abecd33e3edf826c68299714bdc1057dff3b113f516?s=96&d=mm&r=g\",\"caption\":\"Redazione\"},\"url\":\"https:\/\/blog.holyart.it\/fr\/author\/admin\/\"}]}<\/script>\n<!-- \/ Yoast SEO plugin. -->","yoast_head_json":{"title":"Les lanternes de Saint Martin : histoire et curiosit\u00e9s sur cette f\u00eate","description":"Les lanternes de Saint Martin sont un symbole porte-bonheur et am\u00e8nent un peu de chaleur et de lumi\u00e8re de l\u2019\u00e9t\u00e9 dans le froid de l\u2019hiver.","robots":{"index":"index","follow":"follow","max-snippet":"max-snippet:-1","max-image-preview":"max-image-preview:large","max-video-preview":"max-video-preview:-1"},"canonical":"https:\/\/blog.holyart.it\/fr\/articles-religieux\/les-lanternes-de-saint-martin-histoire-et-curiosites-sur-cette-fete\/","og_locale":"fr_FR","og_type":"article","og_title":"Les lanternes de Saint Martin : histoire et curiosit\u00e9s sur cette f\u00eate","og_description":"Les lanternes de Saint Martin sont un symbole porte-bonheur et am\u00e8nent un peu de chaleur et de lumi\u00e8re de l\u2019\u00e9t\u00e9 dans le froid de l\u2019hiver.","og_url":"https:\/\/blog.holyart.it\/fr\/articles-religieux\/les-lanternes-de-saint-martin-histoire-et-curiosites-sur-cette-fete\/","og_site_name":"Holyart.fr Blog","article_published_time":"2022-11-09T11:32:08+00:00","article_modified_time":"2022-11-29T16:58:03+00:00","og_image":[{"width":1000,"height":664,"url":"https:\/\/blog.holyart.it\/fr\/wp-content\/uploads\/sites\/14\/2022\/11\/Les-lanternes-de-Saint-Martin-histoire-et-curiosit\u00e9s-sur-cette-f\u00eate.jpeg","type":"image\/jpeg"}],"author":"Redazione","twitter_card":"summary_large_image","twitter_misc":{"\u00c9crit par":"Redazione","Dur\u00e9e de lecture estim\u00e9e":"7 minutes"},"schema":{"@context":"https:\/\/schema.org","@graph":[{"@type":"Article","@id":"https:\/\/blog.holyart.it\/fr\/articles-religieux\/les-lanternes-de-saint-martin-histoire-et-curiosites-sur-cette-fete\/#article","isPartOf":{"@id":"https:\/\/blog.holyart.it\/fr\/articles-religieux\/les-lanternes-de-saint-martin-histoire-et-curiosites-sur-cette-fete\/"},"author":{"name":"Redazione","@id":"https:\/\/blog.holyart.it\/fr\/#\/schema\/person\/0a7b686e5af0f856ec1e390dd0baecda"},"headline":"Les lanternes de Saint Martin : histoire et curiosit\u00e9s sur cette f\u00eate","datePublished":"2022-11-09T11:32:08+00:00","dateModified":"2022-11-29T16:58:03+00:00","mainEntityOfPage":{"@id":"https:\/\/blog.holyart.it\/fr\/articles-religieux\/les-lanternes-de-saint-martin-histoire-et-curiosites-sur-cette-fete\/"},"wordCount":1385,"publisher":{"@id":"https:\/\/blog.holyart.it\/fr\/#organization"},"image":{"@id":"https:\/\/blog.holyart.it\/fr\/articles-religieux\/les-lanternes-de-saint-martin-histoire-et-curiosites-sur-cette-fete\/#primaryimage"},"thumbnailUrl":"https:\/\/blog.holyart.it\/fr\/wp-content\/uploads\/sites\/14\/2022\/11\/Les-lanternes-de-Saint-Martin-histoire-et-curiosit\u00e9s-sur-cette-f\u00eate.jpeg","articleSection":["Religion","Saints et Bienheureux"],"inLanguage":"fr-FR"},{"@type":"WebPage","@id":"https:\/\/blog.holyart.it\/fr\/articles-religieux\/les-lanternes-de-saint-martin-histoire-et-curiosites-sur-cette-fete\/","url":"https:\/\/blog.holyart.it\/fr\/articles-religieux\/les-lanternes-de-saint-martin-histoire-et-curiosites-sur-cette-fete\/","name":"Les lanternes de Saint Martin : histoire et curiosit\u00e9s sur cette f\u00eate","isPartOf":{"@id":"https:\/\/blog.holyart.it\/fr\/#website"},"primaryImageOfPage":{"@id":"https:\/\/blog.holyart.it\/fr\/articles-religieux\/les-lanternes-de-saint-martin-histoire-et-curiosites-sur-cette-fete\/#primaryimage"},"image":{"@id":"https:\/\/blog.holyart.it\/fr\/articles-religieux\/les-lanternes-de-saint-martin-histoire-et-curiosites-sur-cette-fete\/#primaryimage"},"thumbnailUrl":"https:\/\/blog.holyart.it\/fr\/wp-content\/uploads\/sites\/14\/2022\/11\/Les-lanternes-de-Saint-Martin-histoire-et-curiosit\u00e9s-sur-cette-f\u00eate.jpeg","datePublished":"2022-11-09T11:32:08+00:00","dateModified":"2022-11-29T16:58:03+00:00","description":"Les lanternes de Saint Martin sont un symbole porte-bonheur et am\u00e8nent un peu de chaleur et de lumi\u00e8re de l\u2019\u00e9t\u00e9 dans le froid de l\u2019hiver.","breadcrumb":{"@id":"https:\/\/blog.holyart.it\/fr\/articles-religieux\/les-lanternes-de-saint-martin-histoire-et-curiosites-sur-cette-fete\/#breadcrumb"},"inLanguage":"fr-FR","potentialAction":[{"@type":"ReadAction","target":["https:\/\/blog.holyart.it\/fr\/articles-religieux\/les-lanternes-de-saint-martin-histoire-et-curiosites-sur-cette-fete\/"]}]},{"@type":"ImageObject","inLanguage":"fr-FR","@id":"https:\/\/blog.holyart.it\/fr\/articles-religieux\/les-lanternes-de-saint-martin-histoire-et-curiosites-sur-cette-fete\/#primaryimage","url":"https:\/\/blog.holyart.it\/fr\/wp-content\/uploads\/sites\/14\/2022\/11\/Les-lanternes-de-Saint-Martin-histoire-et-curiosit\u00e9s-sur-cette-f\u00eate.jpeg","contentUrl":"https:\/\/blog.holyart.it\/fr\/wp-content\/uploads\/sites\/14\/2022\/11\/Les-lanternes-de-Saint-Martin-histoire-et-curiosit\u00e9s-sur-cette-f\u00eate.jpeg","width":1000,"height":664,"caption":"Les lanternes de Saint Martin"},{"@type":"BreadcrumbList","@id":"https:\/\/blog.holyart.it\/fr\/articles-religieux\/les-lanternes-de-saint-martin-histoire-et-curiosites-sur-cette-fete\/#breadcrumb","itemListElement":[{"@type":"ListItem","position":1,"name":"Homepage","item":"https:\/\/blog.holyart.it\/fr\/"},{"@type":"ListItem","position":2,"name":"Religion","item":"https:\/\/blog.holyart.it\/fr\/articles-religieux\/"},{"@type":"ListItem","position":3,"name":"Les lanternes de Saint Martin : histoire et curiosit\u00e9s sur cette f\u00eate"}]},{"@type":"WebSite","@id":"https:\/\/blog.holyart.it\/fr\/#website","url":"https:\/\/blog.holyart.it\/fr\/","name":"Holyart.fr Blog","description":"Holyblog","publisher":{"@id":"https:\/\/blog.holyart.it\/fr\/#organization"},"potentialAction":[{"@type":"SearchAction","target":{"@type":"EntryPoint","urlTemplate":"https:\/\/blog.holyart.it\/fr\/?s={search_term_string}"},"query-input":{"@type":"PropertyValueSpecification","valueRequired":true,"valueName":"search_term_string"}}],"inLanguage":"fr-FR"},{"@type":"Organization","@id":"https:\/\/blog.holyart.it\/fr\/#organization","name":"Holyart.fr Blog","url":"https:\/\/blog.holyart.it\/fr\/","logo":{"@type":"ImageObject","inLanguage":"fr-FR","@id":"https:\/\/blog.holyart.it\/fr\/#\/schema\/logo\/image\/","url":"https:\/\/blog.holyart.it\/fr\/wp-content\/uploads\/sites\/14\/2022\/12\/Holyart_Blog_Logo.jpg","contentUrl":"https:\/\/blog.holyart.it\/fr\/wp-content\/uploads\/sites\/14\/2022\/12\/Holyart_Blog_Logo.jpg","width":300,"height":50,"caption":"Holyart.fr Blog"},"image":{"@id":"https:\/\/blog.holyart.it\/fr\/#\/schema\/logo\/image\/"}},{"@type":"Person","@id":"https:\/\/blog.holyart.it\/fr\/#\/schema\/person\/0a7b686e5af0f856ec1e390dd0baecda","name":"Redazione","image":{"@type":"ImageObject","inLanguage":"fr-FR","@id":"https:\/\/blog.holyart.it\/fr\/#\/schema\/person\/image\/","url":"https:\/\/secure.gravatar.com\/avatar\/f477da817f43e50d0af36abecd33e3edf826c68299714bdc1057dff3b113f516?s=96&d=mm&r=g","contentUrl":"https:\/\/secure.gravatar.com\/avatar\/f477da817f43e50d0af36abecd33e3edf826c68299714bdc1057dff3b113f516?s=96&d=mm&r=g","caption":"Redazione"},"url":"https:\/\/blog.holyart.it\/fr\/author\/admin\/"}]}},"_links":{"self":[{"href":"https:\/\/blog.holyart.it\/fr\/wp-json\/wp\/v2\/posts\/5436","targetHints":{"allow":["GET"]}}],"collection":[{"href":"https:\/\/blog.holyart.it\/fr\/wp-json\/wp\/v2\/posts"}],"about":[{"href":"https:\/\/blog.holyart.it\/fr\/wp-json\/wp\/v2\/types\/post"}],"author":[{"embeddable":true,"href":"https:\/\/blog.holyart.it\/fr\/wp-json\/wp\/v2\/users\/1"}],"replies":[{"embeddable":true,"href":"https:\/\/blog.holyart.it\/fr\/wp-json\/wp\/v2\/comments?post=5436"}],"version-history":[{"count":0,"href":"https:\/\/blog.holyart.it\/fr\/wp-json\/wp\/v2\/posts\/5436\/revisions"}],"wp:featuredmedia":[{"embeddable":true,"href":"https:\/\/blog.holyart.it\/fr\/wp-json\/wp\/v2\/media\/5437"}],"wp:attachment":[{"href":"https:\/\/blog.holyart.it\/fr\/wp-json\/wp\/v2\/media?parent=5436"}],"wp:term":[{"taxonomy":"category","embeddable":true,"href":"https:\/\/blog.holyart.it\/fr\/wp-json\/wp\/v2\/categories?post=5436"},{"taxonomy":"post_tag","embeddable":true,"href":"https:\/\/blog.holyart.it\/fr\/wp-json\/wp\/v2\/tags?post=5436"}],"curies":[{"name":"wp","href":"https:\/\/api.w.org\/{rel}","templated":true}]}}