{"id":5410,"date":"2022-11-14T12:30:42","date_gmt":"2022-11-14T11:30:42","guid":{"rendered":"https:\/\/blog.holyart.it\/fr\/?p=5410"},"modified":"2022-11-30T11:07:36","modified_gmt":"2022-11-30T10:07:36","slug":"la-comete-pour-la-creche-ses-origines-et-comment-lutiliser-dans-votre-creche","status":"publish","type":"post","link":"https:\/\/blog.holyart.it\/fr\/noel\/la-comete-pour-la-creche-ses-origines-et-comment-lutiliser-dans-votre-creche\/","title":{"rendered":"La com\u00e8te pour la cr\u00e8che : ses origines et comment l\u2019utiliser dans votre cr\u00e8che"},"content":{"rendered":"<h4 style=\"text-align: center;\"><em>La com\u00e8te fait partie de la Cr\u00e8che depuis toujours, un \u00e9l\u00e9ment typique qui renferme des symboles complexes, sur lesquels de nombreux experts se sont interrog\u00e9s pendant des si\u00e8cles. Pour ceux qui aiment No\u00ebl, elle n\u2019est que le h\u00e9raut resplendissant du Miracle de tous les miracles, la naissance de l\u2019Enfant J\u00e9sus.<\/em><\/h4>\n\n<p>C\u2019est dans l\u2019\u00c9vangile selon Matthieu que nous rencontrons la com\u00e8te pour la premi\u00e8re fois. L\u2019\u00e9vang\u00e9liste nous parle d\u2019une \u00e9toile apparue par magie \u00e0 trois Mages d\u2019Orient pour les guider jusqu\u2019\u00e0 l\u2019endroit o\u00f9 le Roi des Juifs viendrait au monde.<\/p>\n<p><em>J\u00e9sus \u00e9tant n\u00e9 \u00e0 Bethl\u00e9hem en Jud\u00e9e, au temps du roi H\u00e9rode, voici des mages d\u2019Orient arriv\u00e8rent \u00e0 J\u00e9rusalem, et dirent\u00a0: \u00ab\u00a0O\u00f9 est le roi des Juifs qui vient de na\u00eetre\u00a0? Car nous avons vu son \u00e9toile en Orient, et nous sommes venus pour l\u2019adorer\u00a0\u00bb. Le roi H\u00e9rode, ayant appris cela, fut troubl\u00e9, et tout J\u00e9rusalem avec lui. Il assembla tous les principaux sacrificateurs et les scribes du peuple, et il s\u2019informa aupr\u00e8s d\u2019eux o\u00f9 devait na\u00eetre le Christ. Ils lui dirent : \u00ab\u00a0\u00c0 Bethl\u00e9hem en Jud\u00e9e ; car voici ce qui a \u00e9t\u00e9 \u00e9crit par le proph\u00e8te : Et toi, Bethl\u00e9hem, terre de Juda, Tu n\u2019es certes pas la moindre entre les principales villes de Juda, Car de toi sortira un chef Qui pa\u00eetra Isra\u00ebl, mon peuple\u00a0\u00bb. Alors H\u00e9rode fit appeler en secret les mages, et s\u2019enquit soigneusement aupr\u00e8s d\u2019eux depuis combien de temps l\u2019\u00e9toile brillait. Puis il les envoya \u00e0 Bethl\u00e9hem, en disant : \u00ab\u00a0Allez, et prenez des informations exactes sur le petit enfant\u00a0; quand vous l\u2019aurez trouv\u00e9, faites-le-moi savoir, afin que j\u2019aille aussi moi-m\u00eame l\u2019adorer\u00a0\u00bb. Apr\u00e8s avoir entendu le roi, ils partirent. Et voici, l\u2019\u00e9toile qu\u2019ils avaient vue en Orient marchait devant eux jusqu\u2019\u00e0 ce qu\u2019\u00e9tant arriv\u00e9e au-dessus du lieu o\u00f9 \u00e9tait le petit enfant, elle s\u2019arr\u00eata. Quand ils aper\u00e7urent l\u2019\u00e9toile, ils furent saisis d\u2019une tr\u00e8s grande joie. Ils entr\u00e8rent dans la maison, virent le petit enfant avec Marie, sa m\u00e8re, se prostern\u00e8rent et l\u2019ador\u00e8rent\u00a0; ils ouvrirent ensuite leurs tr\u00e9sors, et lui offrirent en pr\u00e9sent de l\u2019or, de l\u2019encens et de la myrrhe. Puis, divinement avertis en songe de ne pas retourner vers H\u00e9rode, ils regagn\u00e8rent leur pays par un autre chemin. (Matthieu 2,1-12)<\/em><\/p>\n<p>M\u00eame sans avoir des notions sp\u00e9cifiques en astronomie, il apparait tout de suite clair qu\u2019il y a l\u00e0 une s\u00e9rie de contradiction, qui mettent en doute la v\u00e9racit\u00e9 historique de cet \u00e9v\u00e9nement astronomique. En d\u2019autres mots, il est possible que l\u2019histoire de la com\u00e8te de la Cr\u00e8che naisse d\u2019un ph\u00e9nom\u00e8ne naturel qui a r\u00e9ellement eu lieu, mais qui fut d\u2019une nature diff\u00e9rente par rapport \u00e0 ce qui nous a \u00e9t\u00e9 transmis.<\/p>\n<p>Les dimensions attribu\u00e9es \u00e0 la com\u00e8te font penser plut\u00f4t \u00e0 une \u00e9toile fixe, qui n\u2019aurait donc pas pu se d\u00e9placer dans le ciel en direction de <em>Bethl\u00e9hem<\/em>. Les com\u00e8tes en effet sont g\u00e9n\u00e9ralement plut\u00f4t petites. Peut-\u00eatre ce que les Rois Mages ont vu \u00e9tait une supernova, l\u2019explosion d\u2019une \u00e9toile mourante, ou, bien plus probablement, comme certains biblistes le sugg\u00e8rent, une conjonction astrale. Une conjonction de grandes proportions aurait en effet eu lieu le 7 av. J.C., quand Jupiter, Saturne et Mars s\u2019align\u00e8rent dans la constellation des Poissons.<\/p>\n<h2>La com\u00e8te pour cr\u00e8che<\/h2>\n<p>Au-del\u00e0 des recherches scientifiques, il est naturel que<strong> la com\u00e8te de la Cr\u00e8che<\/strong> renferme une signification qui d\u00e9passe amplement le ph\u00e9nom\u00e8ne astronomique plus ou moins r\u00e9el soit-il. Dans de nombreux textes sacr\u00e9s anciens, nous retrouvons des allusions \u00e0 une \u00e9toile lumineuse qui aurait surgit quand le Roi de Rois est venu au monde. La proph\u00e9tie du devin Balaam, par exemple, parle d\u2019une \u00e9toile :<\/p>\n<p><em>Je le vois, mais non maintenant, Je le contemple, mais non de pr\u00e8s. Un sceptre s\u2019\u00e9l\u00e8ve d\u2019Isra\u00ebl. Il perce les flancs de Moab, et il abat tous les enfants de Seth. (Nombres 24,17)<\/em><\/p>\n<p>On pensa pendant longtemps que l\u2019\u00e9toile \u00e9tait le Roi David, mais bien avant la naissance de J\u00e9sus beaucoup de Juifs pens\u00e8rent que la proph\u00e9tie faisait par contre r\u00e9f\u00e9rence au Messie promis. Une signification messianique, donc, m\u00eame si d\u2019autres professions de foi ont voulu lire en cet \u00e9v\u00e9nement d\u2019autres significations et d\u2019autres symboles.<\/p>\n<p>Ce qui nous int\u00e9resse, en vue de la No\u00ebl, est qu\u2019une com\u00e8te \u00e9clairant la Cr\u00e8che de notre maison ne peut pas manquer. Pourquoi ? Mais parce que sans aller chercher des significations profondes et des r\u00e9f\u00e9rences bibliques, la com\u00e8te est un symbole de lumi\u00e8re et d\u2019esp\u00e9rance qui illumine la Cr\u00e8che dans chaque maison et qui renouvelle la promesse d\u2019amour et de salut \u00e0 chaque No\u00ebl.<\/p>\n<p><strong>Quelle com\u00e8te pour Cr\u00e8che est la plus adapt\u00e9e \u00e0 nos exigences, donc\u00a0?<\/strong> Cela d\u00e9pend de comment est notre Cr\u00e8che, bien \u00e9videmment, du fait de pouvoir disposer ou pas d\u2019un \u00e9clairage, et de nombreux autres facteurs.<\/p>\n<p>Dans notre magasin de vente en ligne vous trouverez<strong><a href=\"https:\/\/www.holyart.fr\/noel\/guirlandes-lumineuses-de-noel?sorter_id=0&amp;39%5B%5D=1935&amp;p_min=&amp;p_max=\"> des com\u00e8tes de tous les mat\u00e9riaux et dimensions<\/a><\/strong>, adapt\u00e9es pour l\u2019int\u00e9rieur comme pour l\u2019ext\u00e9rieur, en fonction de si vous souhaitez installer une com\u00e8te non seulement dans votre Cr\u00e8che, mais aussi devant votre maison. Il existe des com\u00e8tes en bois, en papier, en r\u00e9sine, certaines sont peintes avec des images enfantines, d\u2019autres d\u00e9cor\u00e9es avec peinture d\u2019or et strass, d\u2019autres encore sont parcourues par des fils de lumi\u00e8re. Il y a m\u00eame la diapositive de la com\u00e8te \u00e0 projeter directement dans votre projecteur sur un mur ou sur la toile de fond de votre Cr\u00e8che.<\/p>\n<h2>La com\u00e8te lumineuse pour cr\u00e8che<\/h2>\n<figure id=\"attachment_5414\" aria-describedby=\"caption-attachment-5414\" style=\"width: 800px\" class=\"wp-caption aligncenter\"><img loading=\"lazy\" decoding=\"async\" class=\"wp-image-5414 size-full\" src=\"https:\/\/blog.holyart.it\/fr\/wp-content\/uploads\/sites\/14\/2022\/11\/Etoile-filante-lumineuse10-led-piles-.jpg\" alt=\"Etoile filante lumineuse10 led, piles\" width=\"800\" height=\"427\" data-kale-share-title=\"La com\u00e8te pour la cr\u00e8che : ses origines et comment l\u2019utiliser dans votre cr\u00e8che\" data-kale-share-url=\"https:\/\/blog.holyart.it\/fr\/?p=5410\" \/><figcaption id=\"caption-attachment-5414\" class=\"wp-caption-text\"><center><a href=\"https:\/\/www.holyart.fr\/noel\/bricolage-de-noel-et-accessoires\/fonds-pour-creche-noel\/etoile-filante-lumineuse10-led-piles\">Etoile filante lumineuse10 led, piles<\/a><\/center><\/figcaption><\/figure>\n<p>Un exemple de com\u00e8te pour Cr\u00e8che peut \u00eatre cette com\u00e8te en plastique recouverte de paillettes dor\u00e9es. Elle est \u00e9clair\u00e9e sur ses 18 cm de longueur par 10 petites lumi\u00e8res LED \u00e0 piles, qui la rendent tr\u00e8s lumineuse, mais aussi s\u00fbre. Elle est adapt\u00e9e pour le bricolage d\u2019une cr\u00e8che enti\u00e8rement faite maison, mais aussi comme touche finale pour une cr\u00e8che d\u00e9j\u00e0 compl\u00e8te et toute faite. Il suffira de la fixer au-dessus de la cabane ou au mur gr\u00e2ce aux supports pr\u00e9vus \u00e0 cet effet et votre Cr\u00e8che et votre maison s\u2019illumineront tout de suite gr\u00e2ce \u00e0 sa lumi\u00e8re chaleureuse.<\/p>\n<h2>Le microprojecteur \u00abCom\u00e8te\u00bb<\/h2>\n<figure id=\"attachment_5415\" aria-describedby=\"caption-attachment-5415\" style=\"width: 800px\" class=\"wp-caption aligncenter\"><img loading=\"lazy\" decoding=\"async\" class=\"wp-image-5415 size-full\" src=\"https:\/\/blog.holyart.it\/fr\/wp-content\/uploads\/sites\/14\/2022\/11\/Mini-projecteur-com\u00e8te-pour-centrales-Frisalight.jpg\" alt=\"Mini projecteur com\u00e8te pour centrales Frisalight\" width=\"800\" height=\"693\" data-kale-share-title=\"La com\u00e8te pour la cr\u00e8che : ses origines et comment l\u2019utiliser dans votre cr\u00e8che\" data-kale-share-url=\"https:\/\/blog.holyart.it\/fr\/?p=5410\" \/><figcaption id=\"caption-attachment-5415\" class=\"wp-caption-text\"><center><a href=\"https:\/\/www.holyart.fr\/noel\/bricolage-de-noel-et-accessoires\/centrales-et-effets-creche-noel\/mini-projecteur-comete-pour-centrales-frisalight\">Mini projecteur com\u00e8te pour centrales Frisalight<\/a><\/center><\/figcaption><\/figure>\n<p>Une alternative int\u00e9ressante et tr\u00e8s polyvalente peut \u00eatre le Micro-projecteur pour centrale de commande pour cr\u00e8che Frisalight, mod\u00e8le \u00ab\u00a0com\u00e8te\u00a0\u00bb.<br \/>\nDe quoi s\u2019agit-il ? D\u2019un projecteur, donc, de la taille d\u2019une cigarette, et donc tr\u00e8s facile \u00e0 dissimuler \u00e0 l\u2019int\u00e9rieur de la Cr\u00e8che ou dans un point appropri\u00e9 de la maison. Il projette l\u2019image d\u2019une com\u00e8te d\u2019une grande luminosit\u00e9, jusqu\u2019\u00e0 un m\u00e8tre de distance, sans produire aucune chaleur et avec la possibilit\u00e9 d\u2019une mise au point. Le Micro-projecteur est \u00e9quip\u00e9 d\u2019une fiche banane et d\u2019un c\u00e2ble d\u2019alimentation. Mont\u00e9 sur une patte de fixation r\u00e9glable, il peut \u00eatre appliqu\u00e9 avec des vis de fixation plac\u00e9es dans les trous pr\u00e9vus \u00e0 cet effet.<\/p>\n<h2>La com\u00e8te directement sur la toile de fond<\/h2>\n<figure id=\"attachment_5416\" aria-describedby=\"caption-attachment-5416\" style=\"width: 800px\" class=\"wp-caption aligncenter\"><img loading=\"lazy\" decoding=\"async\" class=\"wp-image-5416 size-full\" src=\"https:\/\/blog.holyart.it\/fr\/wp-content\/uploads\/sites\/14\/2022\/11\/Fond-cr\u00e8che-Noel-paysage-arabe-triptyque-bois-34x102.jpg\" alt=\"Fond cr\u00e8che Noel paysage arabe triptyque bois 34x102\" width=\"800\" height=\"362\" data-kale-share-title=\"La com\u00e8te pour la cr\u00e8che : ses origines et comment l\u2019utiliser dans votre cr\u00e8che\" data-kale-share-url=\"https:\/\/blog.holyart.it\/fr\/?p=5410\" \/><figcaption id=\"caption-attachment-5416\" class=\"wp-caption-text\"><center><a href=\"https:\/\/www.holyart.fr\/noel\/bricolage-de-noel-et-accessoires\/fonds-pour-creche-noel\/fond-creche-noel-paysage-arabe-triptyque-bois-34x102\">Fond cr\u00e8che Noel paysage arabe triptyque bois 34&#215;102<\/a><\/center><\/figcaption><\/figure>\n<p>Si vous pr\u00e9f\u00e9rez une solution moins technologique et vous n\u2019avez pas la n\u00e9cessit\u00e9 que votre com\u00e8te soit \u00e9clair\u00e9e directement, vous pouvez utiliser une belle toile de fond pour Cr\u00e8che qui repr\u00e9sentent un paysage nocturne en style arabe avec la com\u00e8te peinte qui tr\u00f4ne dans le ciel. Il en existe de magnifiques, m\u00eame sous forme de triptyque, r\u00e9alis\u00e9es \u00e0 la main en bois. Certaines sont tr\u00e8s grandes et peuvent presque se r\u00e9v\u00e9ler des tableaux pour d\u00e9corer sa maison, outre que pour cr\u00e9er l\u2019atmosph\u00e8re des F\u00eates.<\/p>\n","protected":false},"excerpt":{"rendered":"<p>La com\u00e8te fait partie de la Cr\u00e8che depuis toujours, un \u00e9l\u00e9ment typique qui renferme des symboles complexes, sur lesquels de nombreux experts se sont interrog\u00e9s pendant des si\u00e8cles. Pour ceux qui aiment No\u00ebl, elle n\u2019est que le h\u00e9raut resplendissant du Miracle de tous les miracles,&hellip;<\/p>\n","protected":false},"author":1,"featured_media":5411,"comment_status":"closed","ping_status":"open","sticky":false,"template":"","format":"standard","meta":{"_acf_changed":false,"footnotes":""},"categories":[10],"tags":[],"class_list":["post-5410","post","type-post","status-publish","format-standard","has-post-thumbnail","hentry","category-noel"],"acf":[],"yoast_head":"<!-- This site is optimized with the Yoast SEO plugin v26.6 - https:\/\/yoast.com\/wordpress\/plugins\/seo\/ -->\n<title>La com\u00e8te pour la cr\u00e8che : ses origines et comment l\u2019utiliser dans votre cr\u00e8che<\/title>\n<meta name=\"description\" content=\"Symbole d\u2019espoir et de salut, la com\u00e8te illumine la Cr\u00e8che depuis toujours. D\u00e9couvrons ses origines et choisissons la com\u00e8te la plus adapt\u00e9e \u00e0 notre maison.\" \/>\n<meta name=\"robots\" content=\"index, follow, max-snippet:-1, max-image-preview:large, max-video-preview:-1\" \/>\n<link rel=\"canonical\" href=\"https:\/\/blog.holyart.it\/fr\/noel\/la-comete-pour-la-creche-ses-origines-et-comment-lutiliser-dans-votre-creche\/\" \/>\n<meta property=\"og:locale\" content=\"fr_FR\" \/>\n<meta property=\"og:type\" content=\"article\" \/>\n<meta property=\"og:title\" content=\"La com\u00e8te pour la cr\u00e8che : ses origines et comment l\u2019utiliser dans votre cr\u00e8che\" \/>\n<meta property=\"og:description\" content=\"Symbole d\u2019espoir et de salut, la com\u00e8te illumine la Cr\u00e8che depuis toujours. D\u00e9couvrons ses origines et choisissons la com\u00e8te la plus adapt\u00e9e \u00e0 notre maison.\" \/>\n<meta property=\"og:url\" content=\"https:\/\/blog.holyart.it\/fr\/noel\/la-comete-pour-la-creche-ses-origines-et-comment-lutiliser-dans-votre-creche\/\" \/>\n<meta property=\"og:site_name\" content=\"Holyart.fr Blog\" \/>\n<meta property=\"article:published_time\" content=\"2022-11-14T11:30:42+00:00\" \/>\n<meta property=\"article:modified_time\" content=\"2022-11-30T10:07:36+00:00\" \/>\n<meta property=\"og:image\" content=\"https:\/\/blog.holyart.it\/fr\/wp-content\/uploads\/sites\/14\/2022\/10\/La-com\u00e8te-pour-la-cr\u00e8che.jpg\" \/>\n\t<meta property=\"og:image:width\" content=\"1000\" \/>\n\t<meta property=\"og:image:height\" content=\"666\" \/>\n\t<meta property=\"og:image:type\" content=\"image\/jpeg\" \/>\n<meta name=\"author\" content=\"Redazione\" \/>\n<meta name=\"twitter:card\" content=\"summary_large_image\" \/>\n<meta name=\"twitter:label1\" content=\"\u00c9crit par\" \/>\n\t<meta name=\"twitter:data1\" content=\"Redazione\" \/>\n\t<meta name=\"twitter:label2\" content=\"Dur\u00e9e de lecture estim\u00e9e\" \/>\n\t<meta name=\"twitter:data2\" content=\"7 minutes\" \/>\n<script type=\"application\/ld+json\" class=\"yoast-schema-graph\">{\"@context\":\"https:\/\/schema.org\",\"@graph\":[{\"@type\":\"Article\",\"@id\":\"https:\/\/blog.holyart.it\/fr\/noel\/la-comete-pour-la-creche-ses-origines-et-comment-lutiliser-dans-votre-creche\/#article\",\"isPartOf\":{\"@id\":\"https:\/\/blog.holyart.it\/fr\/noel\/la-comete-pour-la-creche-ses-origines-et-comment-lutiliser-dans-votre-creche\/\"},\"author\":{\"name\":\"Redazione\",\"@id\":\"https:\/\/blog.holyart.it\/fr\/#\/schema\/person\/0a7b686e5af0f856ec1e390dd0baecda\"},\"headline\":\"La com\u00e8te pour la cr\u00e8che : ses origines et comment l\u2019utiliser dans votre cr\u00e8che\",\"datePublished\":\"2022-11-14T11:30:42+00:00\",\"dateModified\":\"2022-11-30T10:07:36+00:00\",\"mainEntityOfPage\":{\"@id\":\"https:\/\/blog.holyart.it\/fr\/noel\/la-comete-pour-la-creche-ses-origines-et-comment-lutiliser-dans-votre-creche\/\"},\"wordCount\":1461,\"publisher\":{\"@id\":\"https:\/\/blog.holyart.it\/fr\/#organization\"},\"image\":{\"@id\":\"https:\/\/blog.holyart.it\/fr\/noel\/la-comete-pour-la-creche-ses-origines-et-comment-lutiliser-dans-votre-creche\/#primaryimage\"},\"thumbnailUrl\":\"https:\/\/blog.holyart.it\/fr\/wp-content\/uploads\/sites\/14\/2022\/10\/La-com\u00e8te-pour-la-cr\u00e8che.jpg\",\"articleSection\":[\"No\u00ebl\"],\"inLanguage\":\"fr-FR\"},{\"@type\":\"WebPage\",\"@id\":\"https:\/\/blog.holyart.it\/fr\/noel\/la-comete-pour-la-creche-ses-origines-et-comment-lutiliser-dans-votre-creche\/\",\"url\":\"https:\/\/blog.holyart.it\/fr\/noel\/la-comete-pour-la-creche-ses-origines-et-comment-lutiliser-dans-votre-creche\/\",\"name\":\"La com\u00e8te pour la cr\u00e8che : ses origines et comment l\u2019utiliser dans votre cr\u00e8che\",\"isPartOf\":{\"@id\":\"https:\/\/blog.holyart.it\/fr\/#website\"},\"primaryImageOfPage\":{\"@id\":\"https:\/\/blog.holyart.it\/fr\/noel\/la-comete-pour-la-creche-ses-origines-et-comment-lutiliser-dans-votre-creche\/#primaryimage\"},\"image\":{\"@id\":\"https:\/\/blog.holyart.it\/fr\/noel\/la-comete-pour-la-creche-ses-origines-et-comment-lutiliser-dans-votre-creche\/#primaryimage\"},\"thumbnailUrl\":\"https:\/\/blog.holyart.it\/fr\/wp-content\/uploads\/sites\/14\/2022\/10\/La-com\u00e8te-pour-la-cr\u00e8che.jpg\",\"datePublished\":\"2022-11-14T11:30:42+00:00\",\"dateModified\":\"2022-11-30T10:07:36+00:00\",\"description\":\"Symbole d\u2019espoir et de salut, la com\u00e8te illumine la Cr\u00e8che depuis toujours. D\u00e9couvrons ses origines et choisissons la com\u00e8te la plus adapt\u00e9e \u00e0 notre maison.\",\"breadcrumb\":{\"@id\":\"https:\/\/blog.holyart.it\/fr\/noel\/la-comete-pour-la-creche-ses-origines-et-comment-lutiliser-dans-votre-creche\/#breadcrumb\"},\"inLanguage\":\"fr-FR\",\"potentialAction\":[{\"@type\":\"ReadAction\",\"target\":[\"https:\/\/blog.holyart.it\/fr\/noel\/la-comete-pour-la-creche-ses-origines-et-comment-lutiliser-dans-votre-creche\/\"]}]},{\"@type\":\"ImageObject\",\"inLanguage\":\"fr-FR\",\"@id\":\"https:\/\/blog.holyart.it\/fr\/noel\/la-comete-pour-la-creche-ses-origines-et-comment-lutiliser-dans-votre-creche\/#primaryimage\",\"url\":\"https:\/\/blog.holyart.it\/fr\/wp-content\/uploads\/sites\/14\/2022\/10\/La-com\u00e8te-pour-la-cr\u00e8che.jpg\",\"contentUrl\":\"https:\/\/blog.holyart.it\/fr\/wp-content\/uploads\/sites\/14\/2022\/10\/La-com\u00e8te-pour-la-cr\u00e8che.jpg\",\"width\":1000,\"height\":666,\"caption\":\"La com\u00e8te pour la cr\u00e8che\"},{\"@type\":\"BreadcrumbList\",\"@id\":\"https:\/\/blog.holyart.it\/fr\/noel\/la-comete-pour-la-creche-ses-origines-et-comment-lutiliser-dans-votre-creche\/#breadcrumb\",\"itemListElement\":[{\"@type\":\"ListItem\",\"position\":1,\"name\":\"Homepage\",\"item\":\"https:\/\/blog.holyart.it\/fr\/\"},{\"@type\":\"ListItem\",\"position\":2,\"name\":\"No\u00ebl\",\"item\":\"https:\/\/blog.holyart.it\/fr\/noel\/\"},{\"@type\":\"ListItem\",\"position\":3,\"name\":\"La com\u00e8te pour la cr\u00e8che : ses origines et comment l\u2019utiliser dans votre cr\u00e8che\"}]},{\"@type\":\"WebSite\",\"@id\":\"https:\/\/blog.holyart.it\/fr\/#website\",\"url\":\"https:\/\/blog.holyart.it\/fr\/\",\"name\":\"Holyart.fr Blog\",\"description\":\"Holyblog\",\"publisher\":{\"@id\":\"https:\/\/blog.holyart.it\/fr\/#organization\"},\"potentialAction\":[{\"@type\":\"SearchAction\",\"target\":{\"@type\":\"EntryPoint\",\"urlTemplate\":\"https:\/\/blog.holyart.it\/fr\/?s={search_term_string}\"},\"query-input\":{\"@type\":\"PropertyValueSpecification\",\"valueRequired\":true,\"valueName\":\"search_term_string\"}}],\"inLanguage\":\"fr-FR\"},{\"@type\":\"Organization\",\"@id\":\"https:\/\/blog.holyart.it\/fr\/#organization\",\"name\":\"Holyart.fr Blog\",\"url\":\"https:\/\/blog.holyart.it\/fr\/\",\"logo\":{\"@type\":\"ImageObject\",\"inLanguage\":\"fr-FR\",\"@id\":\"https:\/\/blog.holyart.it\/fr\/#\/schema\/logo\/image\/\",\"url\":\"https:\/\/blog.holyart.it\/fr\/wp-content\/uploads\/sites\/14\/2022\/12\/Holyart_Blog_Logo.jpg\",\"contentUrl\":\"https:\/\/blog.holyart.it\/fr\/wp-content\/uploads\/sites\/14\/2022\/12\/Holyart_Blog_Logo.jpg\",\"width\":300,\"height\":50,\"caption\":\"Holyart.fr Blog\"},\"image\":{\"@id\":\"https:\/\/blog.holyart.it\/fr\/#\/schema\/logo\/image\/\"}},{\"@type\":\"Person\",\"@id\":\"https:\/\/blog.holyart.it\/fr\/#\/schema\/person\/0a7b686e5af0f856ec1e390dd0baecda\",\"name\":\"Redazione\",\"image\":{\"@type\":\"ImageObject\",\"inLanguage\":\"fr-FR\",\"@id\":\"https:\/\/blog.holyart.it\/fr\/#\/schema\/person\/image\/\",\"url\":\"https:\/\/secure.gravatar.com\/avatar\/f477da817f43e50d0af36abecd33e3edf826c68299714bdc1057dff3b113f516?s=96&d=mm&r=g\",\"contentUrl\":\"https:\/\/secure.gravatar.com\/avatar\/f477da817f43e50d0af36abecd33e3edf826c68299714bdc1057dff3b113f516?s=96&d=mm&r=g\",\"caption\":\"Redazione\"},\"url\":\"https:\/\/blog.holyart.it\/fr\/author\/admin\/\"}]}<\/script>\n<!-- \/ Yoast SEO plugin. -->","yoast_head_json":{"title":"La com\u00e8te pour la cr\u00e8che : ses origines et comment l\u2019utiliser dans votre cr\u00e8che","description":"Symbole d\u2019espoir et de salut, la com\u00e8te illumine la Cr\u00e8che depuis toujours. D\u00e9couvrons ses origines et choisissons la com\u00e8te la plus adapt\u00e9e \u00e0 notre maison.","robots":{"index":"index","follow":"follow","max-snippet":"max-snippet:-1","max-image-preview":"max-image-preview:large","max-video-preview":"max-video-preview:-1"},"canonical":"https:\/\/blog.holyart.it\/fr\/noel\/la-comete-pour-la-creche-ses-origines-et-comment-lutiliser-dans-votre-creche\/","og_locale":"fr_FR","og_type":"article","og_title":"La com\u00e8te pour la cr\u00e8che : ses origines et comment l\u2019utiliser dans votre cr\u00e8che","og_description":"Symbole d\u2019espoir et de salut, la com\u00e8te illumine la Cr\u00e8che depuis toujours. D\u00e9couvrons ses origines et choisissons la com\u00e8te la plus adapt\u00e9e \u00e0 notre maison.","og_url":"https:\/\/blog.holyart.it\/fr\/noel\/la-comete-pour-la-creche-ses-origines-et-comment-lutiliser-dans-votre-creche\/","og_site_name":"Holyart.fr Blog","article_published_time":"2022-11-14T11:30:42+00:00","article_modified_time":"2022-11-30T10:07:36+00:00","og_image":[{"width":1000,"height":666,"url":"https:\/\/blog.holyart.it\/fr\/wp-content\/uploads\/sites\/14\/2022\/10\/La-com\u00e8te-pour-la-cr\u00e8che.jpg","type":"image\/jpeg"}],"author":"Redazione","twitter_card":"summary_large_image","twitter_misc":{"\u00c9crit par":"Redazione","Dur\u00e9e de lecture estim\u00e9e":"7 minutes"},"schema":{"@context":"https:\/\/schema.org","@graph":[{"@type":"Article","@id":"https:\/\/blog.holyart.it\/fr\/noel\/la-comete-pour-la-creche-ses-origines-et-comment-lutiliser-dans-votre-creche\/#article","isPartOf":{"@id":"https:\/\/blog.holyart.it\/fr\/noel\/la-comete-pour-la-creche-ses-origines-et-comment-lutiliser-dans-votre-creche\/"},"author":{"name":"Redazione","@id":"https:\/\/blog.holyart.it\/fr\/#\/schema\/person\/0a7b686e5af0f856ec1e390dd0baecda"},"headline":"La com\u00e8te pour la cr\u00e8che : ses origines et comment l\u2019utiliser dans votre cr\u00e8che","datePublished":"2022-11-14T11:30:42+00:00","dateModified":"2022-11-30T10:07:36+00:00","mainEntityOfPage":{"@id":"https:\/\/blog.holyart.it\/fr\/noel\/la-comete-pour-la-creche-ses-origines-et-comment-lutiliser-dans-votre-creche\/"},"wordCount":1461,"publisher":{"@id":"https:\/\/blog.holyart.it\/fr\/#organization"},"image":{"@id":"https:\/\/blog.holyart.it\/fr\/noel\/la-comete-pour-la-creche-ses-origines-et-comment-lutiliser-dans-votre-creche\/#primaryimage"},"thumbnailUrl":"https:\/\/blog.holyart.it\/fr\/wp-content\/uploads\/sites\/14\/2022\/10\/La-com\u00e8te-pour-la-cr\u00e8che.jpg","articleSection":["No\u00ebl"],"inLanguage":"fr-FR"},{"@type":"WebPage","@id":"https:\/\/blog.holyart.it\/fr\/noel\/la-comete-pour-la-creche-ses-origines-et-comment-lutiliser-dans-votre-creche\/","url":"https:\/\/blog.holyart.it\/fr\/noel\/la-comete-pour-la-creche-ses-origines-et-comment-lutiliser-dans-votre-creche\/","name":"La com\u00e8te pour la cr\u00e8che : ses origines et comment l\u2019utiliser dans votre cr\u00e8che","isPartOf":{"@id":"https:\/\/blog.holyart.it\/fr\/#website"},"primaryImageOfPage":{"@id":"https:\/\/blog.holyart.it\/fr\/noel\/la-comete-pour-la-creche-ses-origines-et-comment-lutiliser-dans-votre-creche\/#primaryimage"},"image":{"@id":"https:\/\/blog.holyart.it\/fr\/noel\/la-comete-pour-la-creche-ses-origines-et-comment-lutiliser-dans-votre-creche\/#primaryimage"},"thumbnailUrl":"https:\/\/blog.holyart.it\/fr\/wp-content\/uploads\/sites\/14\/2022\/10\/La-com\u00e8te-pour-la-cr\u00e8che.jpg","datePublished":"2022-11-14T11:30:42+00:00","dateModified":"2022-11-30T10:07:36+00:00","description":"Symbole d\u2019espoir et de salut, la com\u00e8te illumine la Cr\u00e8che depuis toujours. D\u00e9couvrons ses origines et choisissons la com\u00e8te la plus adapt\u00e9e \u00e0 notre maison.","breadcrumb":{"@id":"https:\/\/blog.holyart.it\/fr\/noel\/la-comete-pour-la-creche-ses-origines-et-comment-lutiliser-dans-votre-creche\/#breadcrumb"},"inLanguage":"fr-FR","potentialAction":[{"@type":"ReadAction","target":["https:\/\/blog.holyart.it\/fr\/noel\/la-comete-pour-la-creche-ses-origines-et-comment-lutiliser-dans-votre-creche\/"]}]},{"@type":"ImageObject","inLanguage":"fr-FR","@id":"https:\/\/blog.holyart.it\/fr\/noel\/la-comete-pour-la-creche-ses-origines-et-comment-lutiliser-dans-votre-creche\/#primaryimage","url":"https:\/\/blog.holyart.it\/fr\/wp-content\/uploads\/sites\/14\/2022\/10\/La-com\u00e8te-pour-la-cr\u00e8che.jpg","contentUrl":"https:\/\/blog.holyart.it\/fr\/wp-content\/uploads\/sites\/14\/2022\/10\/La-com\u00e8te-pour-la-cr\u00e8che.jpg","width":1000,"height":666,"caption":"La com\u00e8te pour la cr\u00e8che"},{"@type":"BreadcrumbList","@id":"https:\/\/blog.holyart.it\/fr\/noel\/la-comete-pour-la-creche-ses-origines-et-comment-lutiliser-dans-votre-creche\/#breadcrumb","itemListElement":[{"@type":"ListItem","position":1,"name":"Homepage","item":"https:\/\/blog.holyart.it\/fr\/"},{"@type":"ListItem","position":2,"name":"No\u00ebl","item":"https:\/\/blog.holyart.it\/fr\/noel\/"},{"@type":"ListItem","position":3,"name":"La com\u00e8te pour la cr\u00e8che : ses origines et comment l\u2019utiliser dans votre cr\u00e8che"}]},{"@type":"WebSite","@id":"https:\/\/blog.holyart.it\/fr\/#website","url":"https:\/\/blog.holyart.it\/fr\/","name":"Holyart.fr Blog","description":"Holyblog","publisher":{"@id":"https:\/\/blog.holyart.it\/fr\/#organization"},"potentialAction":[{"@type":"SearchAction","target":{"@type":"EntryPoint","urlTemplate":"https:\/\/blog.holyart.it\/fr\/?s={search_term_string}"},"query-input":{"@type":"PropertyValueSpecification","valueRequired":true,"valueName":"search_term_string"}}],"inLanguage":"fr-FR"},{"@type":"Organization","@id":"https:\/\/blog.holyart.it\/fr\/#organization","name":"Holyart.fr Blog","url":"https:\/\/blog.holyart.it\/fr\/","logo":{"@type":"ImageObject","inLanguage":"fr-FR","@id":"https:\/\/blog.holyart.it\/fr\/#\/schema\/logo\/image\/","url":"https:\/\/blog.holyart.it\/fr\/wp-content\/uploads\/sites\/14\/2022\/12\/Holyart_Blog_Logo.jpg","contentUrl":"https:\/\/blog.holyart.it\/fr\/wp-content\/uploads\/sites\/14\/2022\/12\/Holyart_Blog_Logo.jpg","width":300,"height":50,"caption":"Holyart.fr Blog"},"image":{"@id":"https:\/\/blog.holyart.it\/fr\/#\/schema\/logo\/image\/"}},{"@type":"Person","@id":"https:\/\/blog.holyart.it\/fr\/#\/schema\/person\/0a7b686e5af0f856ec1e390dd0baecda","name":"Redazione","image":{"@type":"ImageObject","inLanguage":"fr-FR","@id":"https:\/\/blog.holyart.it\/fr\/#\/schema\/person\/image\/","url":"https:\/\/secure.gravatar.com\/avatar\/f477da817f43e50d0af36abecd33e3edf826c68299714bdc1057dff3b113f516?s=96&d=mm&r=g","contentUrl":"https:\/\/secure.gravatar.com\/avatar\/f477da817f43e50d0af36abecd33e3edf826c68299714bdc1057dff3b113f516?s=96&d=mm&r=g","caption":"Redazione"},"url":"https:\/\/blog.holyart.it\/fr\/author\/admin\/"}]}},"_links":{"self":[{"href":"https:\/\/blog.holyart.it\/fr\/wp-json\/wp\/v2\/posts\/5410","targetHints":{"allow":["GET"]}}],"collection":[{"href":"https:\/\/blog.holyart.it\/fr\/wp-json\/wp\/v2\/posts"}],"about":[{"href":"https:\/\/blog.holyart.it\/fr\/wp-json\/wp\/v2\/types\/post"}],"author":[{"embeddable":true,"href":"https:\/\/blog.holyart.it\/fr\/wp-json\/wp\/v2\/users\/1"}],"replies":[{"embeddable":true,"href":"https:\/\/blog.holyart.it\/fr\/wp-json\/wp\/v2\/comments?post=5410"}],"version-history":[{"count":0,"href":"https:\/\/blog.holyart.it\/fr\/wp-json\/wp\/v2\/posts\/5410\/revisions"}],"wp:featuredmedia":[{"embeddable":true,"href":"https:\/\/blog.holyart.it\/fr\/wp-json\/wp\/v2\/media\/5411"}],"wp:attachment":[{"href":"https:\/\/blog.holyart.it\/fr\/wp-json\/wp\/v2\/media?parent=5410"}],"wp:term":[{"taxonomy":"category","embeddable":true,"href":"https:\/\/blog.holyart.it\/fr\/wp-json\/wp\/v2\/categories?post=5410"},{"taxonomy":"post_tag","embeddable":true,"href":"https:\/\/blog.holyart.it\/fr\/wp-json\/wp\/v2\/tags?post=5410"}],"curies":[{"name":"wp","href":"https:\/\/api.w.org\/{rel}","templated":true}]}}