{"id":5335,"date":"2022-10-19T12:30:52","date_gmt":"2022-10-19T10:30:52","guid":{"rendered":"https:\/\/blog.holyart.it\/fr\/?p=5335"},"modified":"2023-10-04T17:37:59","modified_gmt":"2023-10-04T15:37:59","slug":"journee-missionnaire-mondiale-donner-soi-meme-aux-autres","status":"publish","type":"post","link":"https:\/\/blog.holyart.it\/fr\/accessoires-pour-la-liturgie\/journee-missionnaire-mondiale-donner-soi-meme-aux-autres\/","title":{"rendered":"Journ\u00e9e missionnaire mondiale : donner soi-m\u00eame aux autres"},"content":{"rendered":"<h4>Le 24 octobre on c\u00e9l\u00e8bre la Journ\u00e9e Missionnaire Mondiale, ce qui consacre octobre comme mois missionnaire par excellence<\/h4>\n\n<p>La <strong>Journ\u00e9e Missionnaire Mondiale<\/strong> c\u00e9l\u00e8bre l\u2019activit\u00e9 missionnaire de l\u2019\u00c9glise universelle et promeut le soutien de projets de solidarit\u00e9 et de soutien dans le monde entier. Le moteur de cette r\u00e9currence est donc la <strong>solidarit\u00e9<\/strong>, sous toutes ses formes et d\u00e9clinaisons, et implique dans ses initiatives cat\u00e9chistes, s\u00e9minaires formant les nouveaux pr\u00eatres surtout dans les zones de plus grande pauvret\u00e9 et d\u00e9gradation, organisations qui pr\u00eatent leur soutien et secours sanitaire et humanitaire aux enfants et aux plus n\u00e9cessiteux.<\/p>\n<p>Cette journ\u00e9e ne fait que reconfirmer <strong>octobre<\/strong> en tant que <strong>mois missionnaire<\/strong>. La conscience missionnaire de l\u2019\u00c9glise a des racines profondes. Pensons \u00e0 <a href=\"https:\/\/www.holyart.fr\/blog\/saints-et-bienheureux\/saint-paul-de-tarse-histoire-dun-missionnaire\/\"><strong>Saint Paul de Tarse<\/strong><\/a>, qui fut le plus important missionnaire de l\u2019\u00c9vangile de J\u00e9sus parmi les pa\u00efens grecs et romains, mais aussi \u00e0 beaucoup d\u2019autres qui devinrent porteurs de la parole de Dieu aupr\u00e8s de populations lointaines et souvent hostiles.<br \/>\nAu cours des si\u00e8cles, nombreuses ont \u00e9t\u00e9 les initiatives humanitaires, sanitaires et \u00e9conomiques promues et organis\u00e9es par des missionnaires religieux et la\u00efcs afin d\u2019apporter une contribution significative dans les zones moins fortun\u00e9es du monde. Nous avons d\u00e9j\u00e0 parl\u00e9 auparavant de certaines d\u2019entre elles, comme par exemple l\u2019<a href=\"https:\/\/www.holyart.fr\/blog\/articles-religieux\/operation-mato-grosso-laventure-de-jeunes-volontaires-qui-amena-a-un-projet-de-grande-valeur\/\"><strong>Op\u00e9ration Mato Grosso<\/strong><\/a>, qui s\u2019occupe de l\u2019\u00e9ducation des jeunes \u00e0 travers le service et la mission dans diff\u00e9rentes parties du monde.<\/p>\n<div class=\"link-article\">\n<p><img loading=\"lazy\" decoding=\"async\" class=\"alignnone size-full wp-image-5337\" src=\"https:\/\/blog.holyart.it\/fr\/wp-content\/uploads\/sites\/14\/2022\/10\/Op\u00e9ration-Mato-Grosso.jpg\" alt=\"Op\u00e9ration Mato Grosso\" width=\"150\" height=\"99\" data-kale-share-title=\"Journ\u00e9e missionnaire mondiale : donner soi-m\u00eame aux autres\" data-kale-share-url=\"https:\/\/blog.holyart.it\/fr\/?p=5335\" \/><\/p>\n<div class=\"leggi-anche\">Lire aussi :<\/div>\n<p><strong><a href=\"https:\/\/www.holyart.fr\/blog\/articles-religieux\/operation-mato-grosso-laventure-de-jeunes-volontaires-qui-amena-a-un-projet-de-grande-valeur\/\">Op\u00e9ration Mato Grosso : l\u2019aventure de jeunes volontaires\u00a0<\/a><\/strong><br \/>\nL\u2019Op\u00e9ration Mato Grosso aide des communaut\u00e9s du monde entier \u00e0 travers ses jeunes volontaires.<\/p>\n<\/div>\n<p>Dans les ann\u00e9es \u201960 du si\u00e8cle dernier, ce qui \u00e9tait une aspiration occasionnelle qui se concr\u00e9tisait en des interventions \u00e9pisodiques et sans r\u00e8gles pr\u00e9cises a \u00e9t\u00e9 coordonn\u00e9e et d\u00e9finie selon des crit\u00e8res codifi\u00e9s dans un r\u00e9seau organisationnel capillaire. Dans ce contexte de r\u00e9\u00e9valuation et r\u00e9organisation de l\u2019\u0153uvre missionnaire se place la requ\u00eate de l\u2019<strong>\u0152uvre de la Propagation de la Foi italienne <\/strong>concernant la proclamation de la Journ\u00e9e Missionnaire Mondiale.<\/p>\n<h2>Qu\u2019est-ce que la Journ\u00e9e Missionnaire Mondiale<\/h2>\n<p>La Journ\u00e9e Missionnaire Mondiale a \u00e9t\u00e9 proclam\u00e9e en <strong>1926<\/strong> par pape Pie XI. Fortement voulue par l\u2019\u0152uvre de la Propagation de la Foi italienne, cette journ\u00e9e est une c\u00e9l\u00e9bration d\u00e9di\u00e9e \u00e0 la solidarit\u00e9 missionnaire et concerne toute l\u2019\u00c9glise en tant qu\u2019instrument de charit\u00e9 dans le monde. Depuis 1963, chaque Journ\u00e9e Missionnaire Mondiale est d\u00e9finie par un <strong>message pontifical<\/strong> qui en proclame les intentions et anticipe les th\u00e8mes fondamentaux qui en seront protagonistes.<br \/>\nElle est c\u00e9l\u00e9br\u00e9e chaque ann\u00e9e l\u2019<strong>avant-dernier dimanche d\u2019octobre <\/strong>et elle tombe donc cette ann\u00e9e le <strong>24 octobre<\/strong>.<\/p>\n<div class=\"link-product\">\n<div class=\"blocco-immagine\"><img loading=\"lazy\" decoding=\"async\" class=\"alignnone size-full wp-image-5338\" src=\"https:\/\/blog.holyart.it\/fr\/wp-content\/uploads\/sites\/14\/2022\/10\/Sainte-Famille.jpg\" alt=\" Sainte Famille\" width=\"100\" height=\"100\" data-kale-share-title=\"Journ\u00e9e missionnaire mondiale : donner soi-m\u00eame aux autres\" data-kale-share-url=\"https:\/\/blog.holyart.it\/fr\/?p=5335\" \/><\/div>\n<div class=\"blocco-contenuto\">\n<div class=\"blocco-acquista\">Acheter sur Holyart:<\/div>\n<div class=\"blocco-titolo\"><a href=\"https:\/\/www.holyart.fr\/articles-religieux\/bas-reliefs\/bas-reliefs-varies\/sainte-famille-entre-deux-mains-hetre-blanc-naturel-30x30-cm-mato-grosso\">Sainte Famille entre deux mains<\/a><\/div>\n<div class=\"blocco-descrizione\">R\u00e9alis\u00e9 en bois de h\u00eatre blanc et sculpt\u00e9 \u00e0 la main au P\u00e9rou.<\/div>\n<\/div>\n<\/div>\n<p>Mais avant d\u2019arriver \u00e0 la Journ\u00e9e Missionnaire Mondiale, qui est l\u2019apog\u00e9e de l\u2019octobre missionnaire, se d\u00e9roule un parcours de spiritualit\u00e9 articul\u00e9 en <strong>cinq semaines<\/strong>, chacune d\u00e9di\u00e9e \u00e0 un th\u00e8me de r\u00e9flexion sp\u00e9cifique. Voyons ensemble ceux de cette ann\u00e9e\u00a0:<\/p>\n<p>&nbsp;<\/p>\n<ul>\n<li>3 octobre \u2013 Premi\u00e8re semaine de l\u2019octobre missionnaire : <strong>FR\u00c8RES<\/strong>, pour une fraternit\u00e9 universelle en Christ ;<\/li>\n<li>10 octobre \u2013 Deuxi\u00e8me semaine de l\u2019octobre missionnaire :\u00a0<strong>LIBRES<\/strong>, sortir de nous-m\u00eame pour \u00eatre libres de nous donner nous-m\u00eame ;<\/li>\n<li>17 octobre \u2013 Troisi\u00e8me semaine de l\u2019octobre missionnaire : <strong>SERVITEURS<\/strong>, au service les uns des autres ;<\/li>\n<li>24 octobre \u2013 Quatri\u00e8me semaine de l\u2019octobre missionnaire et <strong>Journ\u00e9e Missionnaire Mondiale<\/strong> : <strong>SOLIDAIRES<\/strong>, attentifs au cri du pauvre dans la solidarit\u00e9\u00a0;<\/li>\n<li>31 octobre \u2013 Cinqui\u00e8me semaine de l\u2019octobre missionnaire : <strong>BIENVEILLANTS<\/strong>, invit\u00e9s \u00e0 \u00eatre t\u00e9moins et proph\u00e8tes d\u2019amour.<\/li>\n<\/ul>\n<p>&nbsp;<\/p>\n<h2>Le th\u00e8me de cette ann\u00e9e : t\u00e9moins et proph\u00e8tes<\/h2>\n<p>Cette ann\u00e9e c\u2019est la 95\u00e8me Journ\u00e9e Missionnaire Mondiale. Le th\u00e8me pour l\u2019octobre missionnaire 2021 est <strong>T\u00e9moins et Proph\u00e8tes<\/strong>, et cl\u00f4ture un parcours de r\u00e9flexion et formation missionnaire qui s\u2019est d\u00e9velopp\u00e9 dans les deux derni\u00e8res ann\u00e9es, avec le th\u00e8me de 2019, <strong>Baptis\u00e9s et envoy\u00e9s<\/strong>, qui prenait en examen la vocation missionnaire comme partie int\u00e9grante de tous les baptis\u00e9s, et celui de 2020 <strong>Tisseurs de Fraternit\u00e9<\/strong>, centr\u00e9 sur la n\u00e9cessit\u00e9 et la volont\u00e9 de la part des missionnaires de vivre le projet de J\u00e9sus en tant que disciples qui aiment comme Lui a aim\u00e9.<\/p>\n<div class=\"link-product\">\n<div class=\"blocco-immagine\"><img loading=\"lazy\" decoding=\"async\" class=\"alignnone size-full wp-image-5339\" src=\"https:\/\/blog.holyart.it\/fr\/wp-content\/uploads\/sites\/14\/2022\/10\/Crucifix-en-lenga.jpg\" alt=\"Crucifix en lenga\" width=\"100\" height=\"100\" data-kale-share-title=\"Journ\u00e9e missionnaire mondiale : donner soi-m\u00eame aux autres\" data-kale-share-url=\"https:\/\/blog.holyart.it\/fr\/?p=5335\" \/><\/div>\n<div class=\"blocco-contenuto\">\n<div class=\"blocco-acquista\">Acheter sur Holyart:<\/div>\n<div class=\"blocco-titolo\"><a href=\"https:\/\/www.holyart.fr\/articles-religieux\/crucifix\/crucifix-en-bois\/crucifix-en-lenga-travaille-a-la-main-35x25x5-cm\">Crucifix en lenga travaill\u00e9 \u00e0 la main<\/a><\/div>\n<div class=\"blocco-descrizione\">Crucifix en h\u00eatre blanc, sculpt\u00e9 \u00e0 la main par des artisans.<\/div>\n<\/div>\n<\/div>\n<p><strong>T\u00e9moins et Proph\u00e8tes<\/strong> est une invitation \u00e0 se confronter avec le monde dans lequel nous vivons, un monde boulevers\u00e9 et profond\u00e9ment chang\u00e9 par de nombreux \u00e9v\u00e9nements, dont la pand\u00e9mie n\u2019a \u00e9t\u00e9 que le dernier. Dans un monde justement de plus en plus complexe, avec lequel il est de plus en plus difficile de se relationner, il devient n\u00e9cessaire de reconna\u00eetre le Royaume de Dieu, d\u00e9j\u00e0 vif et pr\u00e9sent, et d\u2019en devenir les h\u00e9rauts et les proph\u00e8tes pour apporter de l\u2019espoir \u00e0 ceux qui se battent dans l\u2019obscurit\u00e9, de la m\u00eame mani\u00e8re que les proph\u00e8tes bibliques. Une mission d\u2019annonciation du Royaume de Dieu, donc, mais aussi d\u2019action pratique et concr\u00e8te afin de le rendre plus r\u00e9el et tangible pour ceux qui en ont le plus besoin.<\/p>\n<h2>Message de Pape Fran\u00e7ois pour la Journ\u00e9e Missionnaire Mondiale<\/h2>\n<p>Comme chaque ann\u00e9e, le Pape a \u00e9crit un message pour la Journ\u00e9e Missionnaire Mondiale. Cette ann\u00e9e en particulier le Pontife a voulu rappeler que nous tous sommes appel\u00e9s \u00e0 \u00eatre partie active dans la <strong>mission d\u2019amour et de compassion<\/strong> et dans le message de R\u00e9demption de J\u00e9sus.<\/p>\n<p><em>\u00ab\u00a0Tout dans le Christ nous rappelle que le monde dans lequel nous vivons et son besoin de r\u00e9demption ne lui sont pas \u00e9trangers et nous invite \u00e9galement \u00e0 nous sentir partie active de cette mission [\u2026] Personne n\u2019est \u00e9tranger, personne ne peut se sentir \u00e9tranger ou \u00e9loign\u00e9 de cet amour de compassion\u00a0\u00bb.\u00a0<\/em><\/p>\n<div class=\"link-product\">\n<div class=\"blocco-immagine\"><img loading=\"lazy\" decoding=\"async\" class=\"alignnone size-full wp-image-5340\" src=\"https:\/\/blog.holyart.it\/fr\/wp-content\/uploads\/sites\/14\/2022\/10\/Chapelet-bois-dolivier.jpg\" alt=\"Chapelet bois d'olivier\" width=\"100\" height=\"100\" data-kale-share-title=\"Journ\u00e9e missionnaire mondiale : donner soi-m\u00eame aux autres\" data-kale-share-url=\"https:\/\/blog.holyart.it\/fr\/?p=5335\" \/><\/div>\n<div class=\"blocco-contenuto\">\n<div class=\"blocco-acquista\">Acheter sur Holyart:<\/div>\n<div class=\"blocco-titolo\"><a href=\"https:\/\/www.holyart.fr\/articles-religieux\/chapelets-et-etuis-a-chapelet\/chapelets-en-bois\/chapelet-bois-dolivier-pape-francois\">Chapelet bois d&rsquo;olivier Pape Fran\u00e7ois<\/a><\/div>\n<div class=\"blocco-descrizione\">La croix repr\u00e9sente la croix du Bon Pasteur<\/div>\n<\/div>\n<\/div>\n<p><a href=\"https:\/\/www.holyart.fr\/occasions-speciales\/pape-francois\"><strong>Pape Fran\u00e7ois<\/strong><\/a> a rappel\u00e9 comment l\u2019<strong>exemple de J\u00e9sus<\/strong>, le fait d\u2019assister \u00e0 autant de gu\u00e9risons, aux actes de mis\u00e9ricordes qu\u2019Il a adress\u00e9 aux pauvres, aux malades, aux exclus, n\u2019ait anim\u00e9 dans les ap\u00f4tres une <strong>grande joie<\/strong> et une irr\u00e9pressible <strong>envie d\u2019en faire autant<\/strong>. De la m\u00eame mani\u00e8re, les <strong>premiers chr\u00e9tiens<\/strong> ont d\u00fb affronter un milieu dur et hostile, se heurter \u00e0 l\u2019incr\u00e9dulit\u00e9 et souvent \u00e0 la violence, mais cela, au lieu de les vaincre, les a rendus plus forts, plus d\u00e9termin\u00e9s, capables de transformer chaque inconv\u00e9nient et obstacle en un point de force dans leur mission d\u2019\u00e9vang\u00e9lisation.<\/p>\n<p>En particulier, le pape a indiqu\u00e9 que <strong>la voie \u00e0 suivre est celle de la compassion<\/strong>, de se d\u00e9dier \u00e0 notre prochain, au nom d\u2019une mission de mis\u00e9ricorde et d\u2019esp\u00e9rance. \u00ab\u00a0<em>Personne ne se sauve tout seul<\/em>\u00a0\u00bb, a rappel\u00e9 le Pontife, en soulignant que nous ne sommes jamais seuls quand nous faisons le bien au nom de J\u00e9sus et, en m\u00eame temps, en nous rappelant que nous ne pouvons pas garder le Seigneur que pour nous-m\u00eames. De plus, il a appel\u00e9 \u00e0 une plus grande ouverture qui nous rende capables d\u2019<strong>atteindre et d\u2019embrasser tout le monde<\/strong>.<\/p>\n<div class=\"link-product\">\n<div class=\"blocco-immagine\"><img loading=\"lazy\" decoding=\"async\" class=\"alignnone size-full wp-image-5341\" src=\"https:\/\/blog.holyart.it\/fr\/wp-content\/uploads\/sites\/14\/2022\/10\/Croix-pectorale-Bon-Pasteur.jpg\" alt=\"Croix pectorale Bon Pasteur\" width=\"100\" height=\"100\" data-kale-share-title=\"Journ\u00e9e missionnaire mondiale : donner soi-m\u00eame aux autres\" data-kale-share-url=\"https:\/\/blog.holyart.it\/fr\/?p=5335\" \/><\/div>\n<div class=\"blocco-contenuto\">\n<div class=\"blocco-acquista\">Acheter sur Holyart:<\/div>\n<div class=\"blocco-titolo\"><a href=\"https:\/\/www.holyart.fr\/accessoires-pour-la-liturgie\/attributs-episcopaux\/croix-pectorale-bon-pasteur-metal-10x7-cm\">Croix pectorale Bon Pasteur m\u00e9tal 10&#215;7 cm<\/a><\/div>\n<div class=\"blocco-descrizione\">Crucifix pour \u00e9v\u00eaque r\u00e9alis\u00e9 en Italie avec soin et pr\u00e9cision.<\/div>\n<\/div>\n<\/div>\n<p>Le Pape a conclu son message en <strong>remerciant les missionnaires<\/strong> et en comparant la vocation missionnaire \u00e0 <strong>une histoire d\u2019amour<\/strong>\u00a0: \u00ab\u00a0<em>Aujourd\u2019hui, J\u00e9sus a besoin de c\u0153urs capables de vivre leur vocation comme une v\u00e9ritable histoire d\u2019amour, qui les fasse sortir aux p\u00e9riph\u00e9ries du monde et devenir des messagers et des instruments de compassion. [\u2026] Vivre la mission, c\u2019est s\u2019aventurer \u00e0 d\u00e9velopper les sentiments m\u00eames du Christ J\u00e9sus et croire avec lui que celui qui est \u00e0 mes c\u00f4t\u00e9s est aussi mon fr\u00e8re et ma s\u0153ur. Que son amour de compassion r\u00e9veille aussi notre c\u0153ur et nous rende tous disciples missionnaires<\/em>\u00a0\u00bb.<\/p>\n","protected":false},"excerpt":{"rendered":"<p>Le 24 octobre on c\u00e9l\u00e8bre la Journ\u00e9e Missionnaire Mondiale, ce qui consacre octobre comme mois missionnaire par excellence La Journ\u00e9e Missionnaire Mondiale c\u00e9l\u00e8bre l\u2019activit\u00e9 missionnaire de l\u2019\u00c9glise universelle et promeut le soutien de projets de solidarit\u00e9 et de soutien dans le monde entier. Le moteur&hellip;<\/p>\n","protected":false},"author":1,"featured_media":5336,"comment_status":"closed","ping_status":"open","sticky":false,"template":"","format":"standard","meta":{"_acf_changed":false,"footnotes":""},"categories":[4],"tags":[],"class_list":["post-5335","post","type-post","status-publish","format-standard","has-post-thumbnail","hentry","category-accessoires-pour-la-liturgie"],"acf":[],"yoast_head":"<!-- This site is optimized with the Yoast SEO plugin v26.6 - https:\/\/yoast.com\/wordpress\/plugins\/seo\/ -->\n<title>Journ\u00e9e missionnaire mondiale : donner soi-m\u00eame aux autres<\/title>\n<meta name=\"description\" content=\"Le 24 octobre on c\u00e9l\u00e8bre la Journ\u00e9e Missionnaire Mondiale, ce qui consacre octobre comme mois missionnaire par excellence\" \/>\n<meta name=\"robots\" content=\"index, follow, max-snippet:-1, max-image-preview:large, max-video-preview:-1\" \/>\n<link rel=\"canonical\" href=\"https:\/\/blog.holyart.it\/fr\/accessoires-pour-la-liturgie\/journee-missionnaire-mondiale-donner-soi-meme-aux-autres\/\" \/>\n<meta property=\"og:locale\" content=\"fr_FR\" \/>\n<meta property=\"og:type\" content=\"article\" \/>\n<meta property=\"og:title\" content=\"Journ\u00e9e missionnaire mondiale : donner soi-m\u00eame aux autres\" \/>\n<meta property=\"og:description\" content=\"Le 24 octobre on c\u00e9l\u00e8bre la Journ\u00e9e Missionnaire Mondiale, ce qui consacre octobre comme mois missionnaire par excellence\" \/>\n<meta property=\"og:url\" content=\"https:\/\/blog.holyart.it\/fr\/accessoires-pour-la-liturgie\/journee-missionnaire-mondiale-donner-soi-meme-aux-autres\/\" \/>\n<meta property=\"og:site_name\" content=\"Holyart.fr Blog\" \/>\n<meta property=\"article:published_time\" content=\"2022-10-19T10:30:52+00:00\" \/>\n<meta property=\"article:modified_time\" content=\"2023-10-04T15:37:59+00:00\" \/>\n<meta property=\"og:image\" content=\"https:\/\/blog.holyart.it\/fr\/wp-content\/uploads\/sites\/14\/2022\/10\/Journ\u00e9e-missionnaire-mondiale.jpg\" \/>\n\t<meta property=\"og:image:width\" content=\"1000\" \/>\n\t<meta property=\"og:image:height\" content=\"666\" \/>\n\t<meta property=\"og:image:type\" content=\"image\/jpeg\" \/>\n<meta name=\"author\" content=\"Redazione\" \/>\n<meta name=\"twitter:card\" content=\"summary_large_image\" \/>\n<meta name=\"twitter:label1\" content=\"\u00c9crit par\" \/>\n\t<meta name=\"twitter:data1\" content=\"Redazione\" \/>\n\t<meta name=\"twitter:label2\" content=\"Dur\u00e9e de lecture estim\u00e9e\" \/>\n\t<meta name=\"twitter:data2\" content=\"8 minutes\" \/>\n<script type=\"application\/ld+json\" class=\"yoast-schema-graph\">{\"@context\":\"https:\/\/schema.org\",\"@graph\":[{\"@type\":\"Article\",\"@id\":\"https:\/\/blog.holyart.it\/fr\/accessoires-pour-la-liturgie\/journee-missionnaire-mondiale-donner-soi-meme-aux-autres\/#article\",\"isPartOf\":{\"@id\":\"https:\/\/blog.holyart.it\/fr\/accessoires-pour-la-liturgie\/journee-missionnaire-mondiale-donner-soi-meme-aux-autres\/\"},\"author\":{\"name\":\"Redazione\",\"@id\":\"https:\/\/blog.holyart.it\/fr\/#\/schema\/person\/0a7b686e5af0f856ec1e390dd0baecda\"},\"headline\":\"Journ\u00e9e missionnaire mondiale : donner soi-m\u00eame aux autres\",\"datePublished\":\"2022-10-19T10:30:52+00:00\",\"dateModified\":\"2023-10-04T15:37:59+00:00\",\"mainEntityOfPage\":{\"@id\":\"https:\/\/blog.holyart.it\/fr\/accessoires-pour-la-liturgie\/journee-missionnaire-mondiale-donner-soi-meme-aux-autres\/\"},\"wordCount\":1432,\"publisher\":{\"@id\":\"https:\/\/blog.holyart.it\/fr\/#organization\"},\"image\":{\"@id\":\"https:\/\/blog.holyart.it\/fr\/accessoires-pour-la-liturgie\/journee-missionnaire-mondiale-donner-soi-meme-aux-autres\/#primaryimage\"},\"thumbnailUrl\":\"https:\/\/blog.holyart.it\/fr\/wp-content\/uploads\/sites\/14\/2022\/10\/Journ\u00e9e-missionnaire-mondiale.jpg\",\"articleSection\":[\"Liturgie\"],\"inLanguage\":\"fr-FR\"},{\"@type\":\"WebPage\",\"@id\":\"https:\/\/blog.holyart.it\/fr\/accessoires-pour-la-liturgie\/journee-missionnaire-mondiale-donner-soi-meme-aux-autres\/\",\"url\":\"https:\/\/blog.holyart.it\/fr\/accessoires-pour-la-liturgie\/journee-missionnaire-mondiale-donner-soi-meme-aux-autres\/\",\"name\":\"Journ\u00e9e missionnaire mondiale : donner soi-m\u00eame aux autres\",\"isPartOf\":{\"@id\":\"https:\/\/blog.holyart.it\/fr\/#website\"},\"primaryImageOfPage\":{\"@id\":\"https:\/\/blog.holyart.it\/fr\/accessoires-pour-la-liturgie\/journee-missionnaire-mondiale-donner-soi-meme-aux-autres\/#primaryimage\"},\"image\":{\"@id\":\"https:\/\/blog.holyart.it\/fr\/accessoires-pour-la-liturgie\/journee-missionnaire-mondiale-donner-soi-meme-aux-autres\/#primaryimage\"},\"thumbnailUrl\":\"https:\/\/blog.holyart.it\/fr\/wp-content\/uploads\/sites\/14\/2022\/10\/Journ\u00e9e-missionnaire-mondiale.jpg\",\"datePublished\":\"2022-10-19T10:30:52+00:00\",\"dateModified\":\"2023-10-04T15:37:59+00:00\",\"description\":\"Le 24 octobre on c\u00e9l\u00e8bre la Journ\u00e9e Missionnaire Mondiale, ce qui consacre octobre comme mois missionnaire par excellence\",\"breadcrumb\":{\"@id\":\"https:\/\/blog.holyart.it\/fr\/accessoires-pour-la-liturgie\/journee-missionnaire-mondiale-donner-soi-meme-aux-autres\/#breadcrumb\"},\"inLanguage\":\"fr-FR\",\"potentialAction\":[{\"@type\":\"ReadAction\",\"target\":[\"https:\/\/blog.holyart.it\/fr\/accessoires-pour-la-liturgie\/journee-missionnaire-mondiale-donner-soi-meme-aux-autres\/\"]}]},{\"@type\":\"ImageObject\",\"inLanguage\":\"fr-FR\",\"@id\":\"https:\/\/blog.holyart.it\/fr\/accessoires-pour-la-liturgie\/journee-missionnaire-mondiale-donner-soi-meme-aux-autres\/#primaryimage\",\"url\":\"https:\/\/blog.holyart.it\/fr\/wp-content\/uploads\/sites\/14\/2022\/10\/Journ\u00e9e-missionnaire-mondiale.jpg\",\"contentUrl\":\"https:\/\/blog.holyart.it\/fr\/wp-content\/uploads\/sites\/14\/2022\/10\/Journ\u00e9e-missionnaire-mondiale.jpg\",\"width\":1000,\"height\":666,\"caption\":\"Journ\u00e9e missionnaire mondiale\"},{\"@type\":\"BreadcrumbList\",\"@id\":\"https:\/\/blog.holyart.it\/fr\/accessoires-pour-la-liturgie\/journee-missionnaire-mondiale-donner-soi-meme-aux-autres\/#breadcrumb\",\"itemListElement\":[{\"@type\":\"ListItem\",\"position\":1,\"name\":\"Homepage\",\"item\":\"https:\/\/blog.holyart.it\/fr\/\"},{\"@type\":\"ListItem\",\"position\":2,\"name\":\"Liturgie\",\"item\":\"https:\/\/blog.holyart.it\/fr\/accessoires-pour-la-liturgie\/\"},{\"@type\":\"ListItem\",\"position\":3,\"name\":\"Journ\u00e9e missionnaire mondiale : donner soi-m\u00eame aux autres\"}]},{\"@type\":\"WebSite\",\"@id\":\"https:\/\/blog.holyart.it\/fr\/#website\",\"url\":\"https:\/\/blog.holyart.it\/fr\/\",\"name\":\"Holyart.fr Blog\",\"description\":\"Holyblog\",\"publisher\":{\"@id\":\"https:\/\/blog.holyart.it\/fr\/#organization\"},\"potentialAction\":[{\"@type\":\"SearchAction\",\"target\":{\"@type\":\"EntryPoint\",\"urlTemplate\":\"https:\/\/blog.holyart.it\/fr\/?s={search_term_string}\"},\"query-input\":{\"@type\":\"PropertyValueSpecification\",\"valueRequired\":true,\"valueName\":\"search_term_string\"}}],\"inLanguage\":\"fr-FR\"},{\"@type\":\"Organization\",\"@id\":\"https:\/\/blog.holyart.it\/fr\/#organization\",\"name\":\"Holyart.fr Blog\",\"url\":\"https:\/\/blog.holyart.it\/fr\/\",\"logo\":{\"@type\":\"ImageObject\",\"inLanguage\":\"fr-FR\",\"@id\":\"https:\/\/blog.holyart.it\/fr\/#\/schema\/logo\/image\/\",\"url\":\"https:\/\/blog.holyart.it\/fr\/wp-content\/uploads\/sites\/14\/2022\/12\/Holyart_Blog_Logo.jpg\",\"contentUrl\":\"https:\/\/blog.holyart.it\/fr\/wp-content\/uploads\/sites\/14\/2022\/12\/Holyart_Blog_Logo.jpg\",\"width\":300,\"height\":50,\"caption\":\"Holyart.fr Blog\"},\"image\":{\"@id\":\"https:\/\/blog.holyart.it\/fr\/#\/schema\/logo\/image\/\"}},{\"@type\":\"Person\",\"@id\":\"https:\/\/blog.holyart.it\/fr\/#\/schema\/person\/0a7b686e5af0f856ec1e390dd0baecda\",\"name\":\"Redazione\",\"image\":{\"@type\":\"ImageObject\",\"inLanguage\":\"fr-FR\",\"@id\":\"https:\/\/blog.holyart.it\/fr\/#\/schema\/person\/image\/\",\"url\":\"https:\/\/secure.gravatar.com\/avatar\/f477da817f43e50d0af36abecd33e3edf826c68299714bdc1057dff3b113f516?s=96&d=mm&r=g\",\"contentUrl\":\"https:\/\/secure.gravatar.com\/avatar\/f477da817f43e50d0af36abecd33e3edf826c68299714bdc1057dff3b113f516?s=96&d=mm&r=g\",\"caption\":\"Redazione\"},\"url\":\"https:\/\/blog.holyart.it\/fr\/author\/admin\/\"}]}<\/script>\n<!-- \/ Yoast SEO plugin. -->","yoast_head_json":{"title":"Journ\u00e9e missionnaire mondiale : donner soi-m\u00eame aux autres","description":"Le 24 octobre on c\u00e9l\u00e8bre la Journ\u00e9e Missionnaire Mondiale, ce qui consacre octobre comme mois missionnaire par excellence","robots":{"index":"index","follow":"follow","max-snippet":"max-snippet:-1","max-image-preview":"max-image-preview:large","max-video-preview":"max-video-preview:-1"},"canonical":"https:\/\/blog.holyart.it\/fr\/accessoires-pour-la-liturgie\/journee-missionnaire-mondiale-donner-soi-meme-aux-autres\/","og_locale":"fr_FR","og_type":"article","og_title":"Journ\u00e9e missionnaire mondiale : donner soi-m\u00eame aux autres","og_description":"Le 24 octobre on c\u00e9l\u00e8bre la Journ\u00e9e Missionnaire Mondiale, ce qui consacre octobre comme mois missionnaire par excellence","og_url":"https:\/\/blog.holyart.it\/fr\/accessoires-pour-la-liturgie\/journee-missionnaire-mondiale-donner-soi-meme-aux-autres\/","og_site_name":"Holyart.fr Blog","article_published_time":"2022-10-19T10:30:52+00:00","article_modified_time":"2023-10-04T15:37:59+00:00","og_image":[{"width":1000,"height":666,"url":"https:\/\/blog.holyart.it\/fr\/wp-content\/uploads\/sites\/14\/2022\/10\/Journ\u00e9e-missionnaire-mondiale.jpg","type":"image\/jpeg"}],"author":"Redazione","twitter_card":"summary_large_image","twitter_misc":{"\u00c9crit par":"Redazione","Dur\u00e9e de lecture estim\u00e9e":"8 minutes"},"schema":{"@context":"https:\/\/schema.org","@graph":[{"@type":"Article","@id":"https:\/\/blog.holyart.it\/fr\/accessoires-pour-la-liturgie\/journee-missionnaire-mondiale-donner-soi-meme-aux-autres\/#article","isPartOf":{"@id":"https:\/\/blog.holyart.it\/fr\/accessoires-pour-la-liturgie\/journee-missionnaire-mondiale-donner-soi-meme-aux-autres\/"},"author":{"name":"Redazione","@id":"https:\/\/blog.holyart.it\/fr\/#\/schema\/person\/0a7b686e5af0f856ec1e390dd0baecda"},"headline":"Journ\u00e9e missionnaire mondiale : donner soi-m\u00eame aux autres","datePublished":"2022-10-19T10:30:52+00:00","dateModified":"2023-10-04T15:37:59+00:00","mainEntityOfPage":{"@id":"https:\/\/blog.holyart.it\/fr\/accessoires-pour-la-liturgie\/journee-missionnaire-mondiale-donner-soi-meme-aux-autres\/"},"wordCount":1432,"publisher":{"@id":"https:\/\/blog.holyart.it\/fr\/#organization"},"image":{"@id":"https:\/\/blog.holyart.it\/fr\/accessoires-pour-la-liturgie\/journee-missionnaire-mondiale-donner-soi-meme-aux-autres\/#primaryimage"},"thumbnailUrl":"https:\/\/blog.holyart.it\/fr\/wp-content\/uploads\/sites\/14\/2022\/10\/Journ\u00e9e-missionnaire-mondiale.jpg","articleSection":["Liturgie"],"inLanguage":"fr-FR"},{"@type":"WebPage","@id":"https:\/\/blog.holyart.it\/fr\/accessoires-pour-la-liturgie\/journee-missionnaire-mondiale-donner-soi-meme-aux-autres\/","url":"https:\/\/blog.holyart.it\/fr\/accessoires-pour-la-liturgie\/journee-missionnaire-mondiale-donner-soi-meme-aux-autres\/","name":"Journ\u00e9e missionnaire mondiale : donner soi-m\u00eame aux autres","isPartOf":{"@id":"https:\/\/blog.holyart.it\/fr\/#website"},"primaryImageOfPage":{"@id":"https:\/\/blog.holyart.it\/fr\/accessoires-pour-la-liturgie\/journee-missionnaire-mondiale-donner-soi-meme-aux-autres\/#primaryimage"},"image":{"@id":"https:\/\/blog.holyart.it\/fr\/accessoires-pour-la-liturgie\/journee-missionnaire-mondiale-donner-soi-meme-aux-autres\/#primaryimage"},"thumbnailUrl":"https:\/\/blog.holyart.it\/fr\/wp-content\/uploads\/sites\/14\/2022\/10\/Journ\u00e9e-missionnaire-mondiale.jpg","datePublished":"2022-10-19T10:30:52+00:00","dateModified":"2023-10-04T15:37:59+00:00","description":"Le 24 octobre on c\u00e9l\u00e8bre la Journ\u00e9e Missionnaire Mondiale, ce qui consacre octobre comme mois missionnaire par excellence","breadcrumb":{"@id":"https:\/\/blog.holyart.it\/fr\/accessoires-pour-la-liturgie\/journee-missionnaire-mondiale-donner-soi-meme-aux-autres\/#breadcrumb"},"inLanguage":"fr-FR","potentialAction":[{"@type":"ReadAction","target":["https:\/\/blog.holyart.it\/fr\/accessoires-pour-la-liturgie\/journee-missionnaire-mondiale-donner-soi-meme-aux-autres\/"]}]},{"@type":"ImageObject","inLanguage":"fr-FR","@id":"https:\/\/blog.holyart.it\/fr\/accessoires-pour-la-liturgie\/journee-missionnaire-mondiale-donner-soi-meme-aux-autres\/#primaryimage","url":"https:\/\/blog.holyart.it\/fr\/wp-content\/uploads\/sites\/14\/2022\/10\/Journ\u00e9e-missionnaire-mondiale.jpg","contentUrl":"https:\/\/blog.holyart.it\/fr\/wp-content\/uploads\/sites\/14\/2022\/10\/Journ\u00e9e-missionnaire-mondiale.jpg","width":1000,"height":666,"caption":"Journ\u00e9e missionnaire mondiale"},{"@type":"BreadcrumbList","@id":"https:\/\/blog.holyart.it\/fr\/accessoires-pour-la-liturgie\/journee-missionnaire-mondiale-donner-soi-meme-aux-autres\/#breadcrumb","itemListElement":[{"@type":"ListItem","position":1,"name":"Homepage","item":"https:\/\/blog.holyart.it\/fr\/"},{"@type":"ListItem","position":2,"name":"Liturgie","item":"https:\/\/blog.holyart.it\/fr\/accessoires-pour-la-liturgie\/"},{"@type":"ListItem","position":3,"name":"Journ\u00e9e missionnaire mondiale : donner soi-m\u00eame aux autres"}]},{"@type":"WebSite","@id":"https:\/\/blog.holyart.it\/fr\/#website","url":"https:\/\/blog.holyart.it\/fr\/","name":"Holyart.fr Blog","description":"Holyblog","publisher":{"@id":"https:\/\/blog.holyart.it\/fr\/#organization"},"potentialAction":[{"@type":"SearchAction","target":{"@type":"EntryPoint","urlTemplate":"https:\/\/blog.holyart.it\/fr\/?s={search_term_string}"},"query-input":{"@type":"PropertyValueSpecification","valueRequired":true,"valueName":"search_term_string"}}],"inLanguage":"fr-FR"},{"@type":"Organization","@id":"https:\/\/blog.holyart.it\/fr\/#organization","name":"Holyart.fr Blog","url":"https:\/\/blog.holyart.it\/fr\/","logo":{"@type":"ImageObject","inLanguage":"fr-FR","@id":"https:\/\/blog.holyart.it\/fr\/#\/schema\/logo\/image\/","url":"https:\/\/blog.holyart.it\/fr\/wp-content\/uploads\/sites\/14\/2022\/12\/Holyart_Blog_Logo.jpg","contentUrl":"https:\/\/blog.holyart.it\/fr\/wp-content\/uploads\/sites\/14\/2022\/12\/Holyart_Blog_Logo.jpg","width":300,"height":50,"caption":"Holyart.fr Blog"},"image":{"@id":"https:\/\/blog.holyart.it\/fr\/#\/schema\/logo\/image\/"}},{"@type":"Person","@id":"https:\/\/blog.holyart.it\/fr\/#\/schema\/person\/0a7b686e5af0f856ec1e390dd0baecda","name":"Redazione","image":{"@type":"ImageObject","inLanguage":"fr-FR","@id":"https:\/\/blog.holyart.it\/fr\/#\/schema\/person\/image\/","url":"https:\/\/secure.gravatar.com\/avatar\/f477da817f43e50d0af36abecd33e3edf826c68299714bdc1057dff3b113f516?s=96&d=mm&r=g","contentUrl":"https:\/\/secure.gravatar.com\/avatar\/f477da817f43e50d0af36abecd33e3edf826c68299714bdc1057dff3b113f516?s=96&d=mm&r=g","caption":"Redazione"},"url":"https:\/\/blog.holyart.it\/fr\/author\/admin\/"}]}},"_links":{"self":[{"href":"https:\/\/blog.holyart.it\/fr\/wp-json\/wp\/v2\/posts\/5335","targetHints":{"allow":["GET"]}}],"collection":[{"href":"https:\/\/blog.holyart.it\/fr\/wp-json\/wp\/v2\/posts"}],"about":[{"href":"https:\/\/blog.holyart.it\/fr\/wp-json\/wp\/v2\/types\/post"}],"author":[{"embeddable":true,"href":"https:\/\/blog.holyart.it\/fr\/wp-json\/wp\/v2\/users\/1"}],"replies":[{"embeddable":true,"href":"https:\/\/blog.holyart.it\/fr\/wp-json\/wp\/v2\/comments?post=5335"}],"version-history":[{"count":1,"href":"https:\/\/blog.holyart.it\/fr\/wp-json\/wp\/v2\/posts\/5335\/revisions"}],"predecessor-version":[{"id":7115,"href":"https:\/\/blog.holyart.it\/fr\/wp-json\/wp\/v2\/posts\/5335\/revisions\/7115"}],"wp:featuredmedia":[{"embeddable":true,"href":"https:\/\/blog.holyart.it\/fr\/wp-json\/wp\/v2\/media\/5336"}],"wp:attachment":[{"href":"https:\/\/blog.holyart.it\/fr\/wp-json\/wp\/v2\/media?parent=5335"}],"wp:term":[{"taxonomy":"category","embeddable":true,"href":"https:\/\/blog.holyart.it\/fr\/wp-json\/wp\/v2\/categories?post=5335"},{"taxonomy":"post_tag","embeddable":true,"href":"https:\/\/blog.holyart.it\/fr\/wp-json\/wp\/v2\/tags?post=5335"}],"curies":[{"name":"wp","href":"https:\/\/api.w.org\/{rel}","templated":true}]}}