{"id":530,"date":"2018-04-03T10:15:16","date_gmt":"2018-04-03T08:15:16","guid":{"rendered":"https:\/\/blog.holyart.it\/fr\/?p=530"},"modified":"2018-11-14T17:28:17","modified_gmt":"2018-11-14T16:28:17","slug":"rosaire-de-lenfant-a-naitre","status":"publish","type":"post","link":"https:\/\/blog.holyart.it\/fr\/articles-religieux\/rosaire-de-lenfant-a-naitre\/","title":{"rendered":"Le rosaire de l&rsquo;enfant \u00e0 na\u00eetre"},"content":{"rendered":"<p><strong>Le <a href=\"https:\/\/www.holyart.fr\/articles-religieux\/chapelets-et-etuis-a-chapelet\/rosaires-de-devotion\/chapelet-de-lenfant-a-naitre\">rosaire de l&rsquo;enfant \u00e0 na\u00eetre<\/a><\/strong> est un type particulier de rosaire. Il est compos\u00e9 de perles de cristal, qui symbolisent les larmes de Notre Dame. Chaque \u00a0\u00bb larme \u00a0\u00bb repr\u00e9sente le ventre maternel et renferme l&rsquo;image d&rsquo;un enfant \u00e0 na\u00eetre. Le Crucifix est dor\u00e9, signe de la n\u00e9cessit\u00e9 de louer le Seigneur et de l&rsquo;invoquer pour lib\u00e9rer le monde du terrible p\u00e9ch\u00e9 de l&rsquo;avortement. Le Notre P\u00e8re est symbolis\u00e9 par des larmes de sang en forme de croix. La Croisi\u00e8re Centrale repr\u00e9sente le C\u0153ur de la Madone et enferme l&rsquo;effigie.<\/p>\n<p><strong>Le rosaire des enfants \u00e0 na\u00eetre a \u00e9t\u00e9 donn\u00e9 au monde par la Madone elle-m\u00eame comme instrument d&rsquo;Amour et de pri\u00e8re contre le fl\u00e9au de l&rsquo;avortement.<\/strong><\/p>\n<h2>Apparitions de Notre-Dame et de J\u00e9sus \u00e0 Maureen Sweeney-Kyle<\/h2>\n<p>Le rosaire des enfants \u00e0 na\u00eetre est apparu pour la premi\u00e8re fois le 7 octobre 1997, le jour o\u00f9 Notre Dame s&rsquo;est pr\u00e9sent\u00e9e \u00e0 la voyante Maureen Sweeney-Kyle avec ce rosaire sp\u00e9cial suspendu devant elle. Marie s&rsquo;est pr\u00e9sent\u00e9e comme proph\u00e9tesse du temps pr\u00e9sent et a d\u00e9clar\u00e9 qu&rsquo;elle \u00e9tait l\u00e0 pour louer J\u00e9sus, son Fils. Il a dit \u00e0 Maureen Sweeney-Kyle que le ciel souffrait \u00e9norm\u00e9ment du fl\u00e9au de l&rsquo;avortement, un \u00e9norme p\u00e9ch\u00e9 commis contre la vie elle-m\u00eame, le don le plus pr\u00e9cieux de Dieu aux hommes. Ce p\u00e9ch\u00e9 \u00e9tait destin\u00e9, dans le temps, \u00e0 bouleverser l&rsquo;histoire et l&rsquo;avenir de toutes les nations.\u00a0 La Vierge a offert le rosaire aux enfants \u00e0 na\u00eetre de Maureen et lui a dit que ce serait l&rsquo;arme contre cette calamit\u00e9, avec l&rsquo;amour et la pri\u00e8re.<\/p>\n<p>Maureen Sweeney-Kyle a contribu\u00e9 \u00e0 la cr\u00e9ation et \u00e0 la propagation de ce rosaire particulier.<\/p>\n<p>Trois ans et demi plus tard, Notre Dame et J\u00e9sus se pr\u00e9sentent \u00e0 nouveau \u00e0 elle.<\/p>\n<p>Notre Dame, sous l&rsquo;apparence de M\u00e8re Dolorosa, lui a dit que <strong>chaque \u00ab\u00a0Ave Mari\u0301a\u00a0\u00bb prononc\u00e9 avec ce rosaire sauverait la vie innocente d&rsquo;un enfant tu\u00e9 par avortement<\/strong>. Le rosaire lui-m\u00eame, en vertu de sa puissance, aurait effac\u00e9 la douleur de cet acte de p\u00e9ch\u00e9 du C\u0153ur immacul\u00e9 de Notre Dame.<\/p>\n<p>Elle l&rsquo;a ensuite invit\u00e9e \u00e0 r\u00e9pandre la nouvelle sans crainte ni timidit\u00e9.<\/p>\n<p>J\u00e9sus se pr\u00e9senta \u00e9galement \u00e0 elle, l&rsquo;invitant \u00e0 prier avec des croix faites de larmes de sang du rosaire des enfants \u00e0 na\u00eetre, pour soulager la souffrance de son C\u0153ur afflig\u00e9 et arr\u00eater le bras de la Justice divine. En fait, chaque rosaire r\u00e9cit\u00e9 aurait att\u00e9nu\u00e9 le ch\u00e2timent qui p\u00e8se sur toute l&rsquo;humanit\u00e9 \u00e0 cause du p\u00e9ch\u00e9 de l&rsquo;avortement.<\/p>\n<p>Encore une fois, Notre Dame s&rsquo;est pr\u00e9sent\u00e9e \u00e0 Maureen comme Marie Refuge de l&rsquo;Amour Saint, entour\u00e9e d&rsquo;anges priant.\u00a0 En lui montrant le rosaire des enfants \u00e0 na\u00eetre envelopp\u00e9s d&rsquo;une couronne d&rsquo;or, elle lui a dit que c&rsquo;\u00e9tait sa couronne de victoire contre le mal repr\u00e9sent\u00e9 par l&rsquo;avortement. Il ajouta que c&rsquo;\u00e9tait la volont\u00e9 de J\u00e9sus qu&rsquo;elle r\u00e9pande cette v\u00e9rit\u00e9.<\/p>\n<h2>La pri\u00e8re de la vie<\/h2>\n<p>C&rsquo;est donc la volont\u00e9 de la Vierge Marie que les fid\u00e8les prient avec l&rsquo;aide de ce rosaire particulier, pour vaincre un p\u00e9ch\u00e9 qui fait pleurer le ciel. L&rsquo;amour et la foi des hommes de bonnes volont\u00e9s, combin\u00e9es \u00e0 la gr\u00e2ce de Notre Dame, est une arme puissante contre ce terrible fl\u00e9au.<\/p>\n<p>Comme Notre Dame l&rsquo;a r\u00e9v\u00e9l\u00e9 \u00e0 Maureen Sweeney-Kyle, chaque \u00ab\u00a0Je vous salue Marie\u00a0\u00bb peut sauver une vie innocente de l&rsquo;avortement et soulager la douleur du C\u0153ur Immacul\u00e9 de Marie, tandis que chaque \u00ab\u00a0Notre P\u00e8re\u00a0\u00bb r\u00e9cit\u00e9 sur le rosaire des enfants \u00e0 na\u00eetre soulagera le C\u0153ur triste de J\u00e9sus et tiendra le bras de justice att\u00e9nuant la punition pour le p\u00e9ch\u00e9 de l&rsquo;avortement.<\/p>\n<p>Pour que ce miracle se produise, il est n\u00e9cessaire que le rosaire soit b\u00e9ni par un pr\u00eatre catholique.<\/p>\n<p><strong>Le 13 octobre 2004, le Pape Jean-Paul II a b\u00e9ni le rosaire des enfants \u00e0 na\u00eetre de Rome.<\/strong><\/p>\n<figure id=\"attachment_532\" aria-describedby=\"caption-attachment-532\" style=\"width: 300px\" class=\"wp-caption alignright\"><img loading=\"lazy\" decoding=\"async\" class=\"size-medium wp-image-532\" src=\"https:\/\/blog.holyart.it\/fr\/wp-content\/uploads\/sites\/14\/2018\/05\/chapelet-de-lenfant-a-naitre-300x300.jpg\" alt=\"chapelet de l'enfant a naitre\" width=\"300\" height=\"300\" \/><figcaption id=\"caption-attachment-532\" class=\"wp-caption-text\"><center><strong><span style=\"color: #0000ff;\"><a style=\"color: #0000ff;\" href=\"https:\/\/www.holyart.fr\/articles-religieux\/chapelets-et-etuis-a-chapelet\/rosaires-de-devotion\/chapelet-de-lenfant-a-naitre\">Sur Holyart:<\/a><\/span><\/strong><br \/><strong><span style=\"color: #0000ff;\"><a style=\"color: #0000ff;\" href=\"https:\/\/www.holyart.fr\/articles-religieux\/chapelets-et-etuis-a-chapelet\/rosaires-de-devotion\/chapelet-de-lenfant-a-naitre\">Rosario des enfants \u00e0 na\u00eetre<\/a><\/span><\/strong><\/center><\/figcaption><\/figure>\n<p>Les vertus du rosaire des enfants \u00e0 na\u00eetre sont reconnues et appr\u00e9ci\u00e9es par les communaut\u00e9s chr\u00e9tiennes du monde entier. La pri\u00e8re et la d\u00e9votion sont la seule r\u00e9ponse contre le mal du monde, contre les terribles calamit\u00e9s qui se d\u00e9versent sur l&rsquo;humanit\u00e9. L&rsquo;orgueil, l&rsquo;avidit\u00e9, la haine sont des instruments du mal, chaque p\u00e9ch\u00e9 est une force pour le malin, et seule la foi authentique et l&rsquo;humilit\u00e9 peuvent les contrer.<\/p>\n<p>\u00ab\u00a0Il y a un besoin urgent d&rsquo;une grande pri\u00e8re pour la vie, qui traverse le monde entier. Avec des initiatives extraordinaires et dans la pri\u00e8re habituelle, de chaque communaut\u00e9 chr\u00e9tienne, de chaque groupe ou association, de chaque famille et du c\u0153ur de chaque croyant, un appel passionn\u00e9 est adress\u00e9 \u00e0 Dieu, Cr\u00e9ateur et amoureux de la vie\u00a0\u00bb. C&rsquo;est ainsi que le Pape Jean-Paul II a d\u00e9clar\u00e9 dans l&rsquo;\u00c9vangile de la vie. Ses successeurs n&rsquo;ont pas moins soutenu l&rsquo;importance du respect de la vie en tant que don pr\u00e9cieux de Dieu.<\/p>\n<h2>Comment r\u00e9citer le rosaire des enfants \u00e0 na\u00eetre.<\/h2>\n<p>En r\u00e9citant le rosaire des enfants \u00e0 na\u00eetre, il est n\u00e9cessaire de se tourner vers Notre Dame et vers J\u00e9sus avec une attitude de supplication, invoquant la protection et le salut pour tous les enfants \u00e0 na\u00eetre, mais aussi pour les p\u00e9cheurs du monde entier.<\/p>\n<ol>\n<li>\u00c9lever le rosaire au Ciel et dire : \u00ab\u00a0Reine du Ciel, avec ce rosaire nous unissons tous les p\u00e9cheurs de toutes les nations \u00e0 Ton C\u0153ur Immacul\u00e9\u00a0\u00bb.<\/li>\n<li>Faites le signe de croix : \u00ab\u00a0Au nom du P\u00e8re, du Fils et du Saint-Esprit. \u201d<\/li>\n<li>R\u00e9citez la pri\u00e8re suivante, sugg\u00e9r\u00e9e \u00e0 Maureen Sweeney-Kyle apr\u00e8s l&rsquo;attaque du 11 septembre : \u00ab\u00a0P\u00e8re c\u00e9leste, en cette p\u00e9riode de crise mondiale, permettez \u00e0 toutes les \u00e2mes de trouver la paix et la s\u00e9curit\u00e9 dans Votre Divine Volont\u00e9. Donne \u00e0 chaque \u00e2me la gr\u00e2ce de comprendre que Ta Volont\u00e9 est l&rsquo;Amour Saint dans le moment pr\u00e9sent. P\u00e8re de bonne volont\u00e9, \u00e9claire toute conscience pour qu&rsquo;elle se rende compte qu&rsquo;elle ne vit pas dans Votre Volont\u00e9. Accordez au monde la gr\u00e2ce de changer et le temps de le faire. Amen.\u201d<\/li>\n<li>R\u00e9citer le Credo.<\/li>\n<li>Continuez avec les pri\u00e8res suivantes :<\/li>\n<\/ol>\n<p>&#8211; Un \u00ab\u00a0Notre P\u00e8re\u00a0\u00bb selon l&rsquo;intention du Saint-P\u00e8re.<\/p>\n<p>&#8211; Trois \u00ab\u00a0Je vous salue Marie\u00a0\u00bb pour les vertus de la Foi, de l&rsquo;Esp\u00e9rance et de la Charit\u00e9.<\/p>\n<p>&#8211; Une \u00ab\u00a0Gloire \u00e0 toute la gloire\u00a0\u00bb<\/p>\n<ol start=\"6\">\n<li>Viennent ensuite les myst\u00e8res pro-vie du rosaire, divis\u00e9s en myst\u00e8res joyeux, lumineux, douloureux et glorieux. Apr\u00e8s chaque Myst\u00e8re, r\u00e9citer :<\/li>\n<\/ol>\n<p>&#8211; Un \u00ab\u00a0Notre P\u00e8re\u00a0\u00bb<\/p>\n<p>&#8211; Dix \u00ab\u00a0Je vous salue Marie\u00a0\u00bb<\/p>\n<p>&#8211; Une \u00ab\u00a0Gloire \u00e0 toute la gloire\u00a0\u00bb<\/p>\n<p>&#8211; Le psaume de Fatima : \u00ab\u00a0O mon J\u00e9sus, pardonne nos p\u00e9ch\u00e9s, sauve-nous des douleurs de l&rsquo;enfer, accueille toutes les \u00e2mes au Ciel, surtout celles qui ont le plus besoin de ta mis\u00e9ricorde\u00a0\u00bb.<\/p>\n<p>&#8211; Le psaume de l&rsquo;enfant \u00e0 na\u00eetre : \u00ab\u00a0J\u00e9sus, prot\u00e8ge et sauve les enfants \u00e0 na\u00eetre\u00a0\u00bb.<\/p>\n<ol start=\"7\">\n<li>Apr\u00e8s le rosaire, r\u00e9citer quelques pri\u00e8res d\u00e9di\u00e9es \u00e0 Notre Dame, comme le \u00ab\u00a0Salve Regina\u00a0\u00bb et \u00e9ventuellement des litanies contre l&rsquo;avortement, suppliant le Seigneur et Notre Dame d&rsquo;accueillir nos demandes et de pardonner les p\u00e9ch\u00e9s de toute l&rsquo;humanit\u00e9.<\/li>\n<\/ol>\n<p>&nbsp;<\/p>\n<p>&nbsp;<\/p>\n","protected":false},"excerpt":{"rendered":"<p>Le rosaire de l&rsquo;enfant \u00e0 na\u00eetre est un type particulier de rosaire. Il est compos\u00e9 de perles de cristal, qui symbolisent les larmes de Notre Dame. Chaque \u00a0\u00bb larme \u00a0\u00bb repr\u00e9sente le ventre maternel et renferme l&rsquo;image d&rsquo;un enfant \u00e0 na\u00eetre. Le Crucifix est dor\u00e9,&hellip;<\/p>\n","protected":false},"author":1,"featured_media":534,"comment_status":"closed","ping_status":"open","sticky":false,"template":"","format":"standard","meta":{"_acf_changed":false,"footnotes":""},"categories":[8],"tags":[],"class_list":["post-530","post","type-post","status-publish","format-standard","has-post-thumbnail","hentry","category-articles-religieux"],"acf":[],"yoast_head":"<!-- This site is optimized with the Yoast SEO plugin v26.6 - https:\/\/yoast.com\/wordpress\/plugins\/seo\/ -->\n<title>Le rosaire de l&#039;enfant \u00e0 na\u00eetre - Holyblog<\/title>\n<meta name=\"description\" content=\"Le rosaire de l&#039;enfant \u00e0 na\u00eetre est un type particulier de rosaire. Il est compos\u00e9 de perles de cristal, qui symbolisent les larmes de Notre Dame.\" \/>\n<meta name=\"robots\" content=\"index, follow, max-snippet:-1, max-image-preview:large, max-video-preview:-1\" \/>\n<link rel=\"canonical\" href=\"https:\/\/blog.holyart.it\/fr\/articles-religieux\/rosaire-de-lenfant-a-naitre\/\" \/>\n<meta property=\"og:locale\" content=\"fr_FR\" \/>\n<meta property=\"og:type\" content=\"article\" \/>\n<meta property=\"og:title\" content=\"Le rosaire de l&#039;enfant \u00e0 na\u00eetre - Holyblog\" \/>\n<meta property=\"og:description\" content=\"Le rosaire de l&#039;enfant \u00e0 na\u00eetre est un type particulier de rosaire. Il est compos\u00e9 de perles de cristal, qui symbolisent les larmes de Notre Dame.\" \/>\n<meta property=\"og:url\" content=\"https:\/\/blog.holyart.it\/fr\/articles-religieux\/rosaire-de-lenfant-a-naitre\/\" \/>\n<meta property=\"og:site_name\" content=\"Holyart.fr Blog\" \/>\n<meta property=\"article:published_time\" content=\"2018-04-03T08:15:16+00:00\" \/>\n<meta property=\"article:modified_time\" content=\"2018-11-14T16:28:17+00:00\" \/>\n<meta property=\"og:image\" content=\"https:\/\/blog.holyart.it\/fr\/wp-content\/uploads\/sites\/14\/2018\/05\/Rosario-des-enfants-\u00e0-na\u00eetre.jpg\" \/>\n\t<meta property=\"og:image:width\" content=\"999\" \/>\n\t<meta property=\"og:image:height\" content=\"667\" \/>\n\t<meta property=\"og:image:type\" content=\"image\/jpeg\" \/>\n<meta name=\"author\" content=\"Redazione\" \/>\n<meta name=\"twitter:card\" content=\"summary_large_image\" \/>\n<meta name=\"twitter:label1\" content=\"\u00c9crit par\" \/>\n\t<meta name=\"twitter:data1\" content=\"Redazione\" \/>\n\t<meta name=\"twitter:label2\" content=\"Dur\u00e9e de lecture estim\u00e9e\" \/>\n\t<meta name=\"twitter:data2\" content=\"6 minutes\" \/>\n<script type=\"application\/ld+json\" class=\"yoast-schema-graph\">{\"@context\":\"https:\/\/schema.org\",\"@graph\":[{\"@type\":\"Article\",\"@id\":\"https:\/\/blog.holyart.it\/fr\/articles-religieux\/rosaire-de-lenfant-a-naitre\/#article\",\"isPartOf\":{\"@id\":\"https:\/\/blog.holyart.it\/fr\/articles-religieux\/rosaire-de-lenfant-a-naitre\/\"},\"author\":{\"name\":\"Redazione\",\"@id\":\"https:\/\/blog.holyart.it\/fr\/#\/schema\/person\/0a7b686e5af0f856ec1e390dd0baecda\"},\"headline\":\"Le rosaire de l&rsquo;enfant \u00e0 na\u00eetre\",\"datePublished\":\"2018-04-03T08:15:16+00:00\",\"dateModified\":\"2018-11-14T16:28:17+00:00\",\"mainEntityOfPage\":{\"@id\":\"https:\/\/blog.holyart.it\/fr\/articles-religieux\/rosaire-de-lenfant-a-naitre\/\"},\"wordCount\":1256,\"publisher\":{\"@id\":\"https:\/\/blog.holyart.it\/fr\/#organization\"},\"image\":{\"@id\":\"https:\/\/blog.holyart.it\/fr\/articles-religieux\/rosaire-de-lenfant-a-naitre\/#primaryimage\"},\"thumbnailUrl\":\"https:\/\/blog.holyart.it\/fr\/wp-content\/uploads\/sites\/14\/2018\/05\/Rosario-des-enfants-\u00e0-na\u00eetre.jpg\",\"articleSection\":[\"Religion\"],\"inLanguage\":\"fr-FR\"},{\"@type\":\"WebPage\",\"@id\":\"https:\/\/blog.holyart.it\/fr\/articles-religieux\/rosaire-de-lenfant-a-naitre\/\",\"url\":\"https:\/\/blog.holyart.it\/fr\/articles-religieux\/rosaire-de-lenfant-a-naitre\/\",\"name\":\"Le rosaire de l'enfant \u00e0 na\u00eetre - Holyblog\",\"isPartOf\":{\"@id\":\"https:\/\/blog.holyart.it\/fr\/#website\"},\"primaryImageOfPage\":{\"@id\":\"https:\/\/blog.holyart.it\/fr\/articles-religieux\/rosaire-de-lenfant-a-naitre\/#primaryimage\"},\"image\":{\"@id\":\"https:\/\/blog.holyart.it\/fr\/articles-religieux\/rosaire-de-lenfant-a-naitre\/#primaryimage\"},\"thumbnailUrl\":\"https:\/\/blog.holyart.it\/fr\/wp-content\/uploads\/sites\/14\/2018\/05\/Rosario-des-enfants-\u00e0-na\u00eetre.jpg\",\"datePublished\":\"2018-04-03T08:15:16+00:00\",\"dateModified\":\"2018-11-14T16:28:17+00:00\",\"description\":\"Le rosaire de l'enfant \u00e0 na\u00eetre est un type particulier de rosaire. Il est compos\u00e9 de perles de cristal, qui symbolisent les larmes de Notre Dame.\",\"breadcrumb\":{\"@id\":\"https:\/\/blog.holyart.it\/fr\/articles-religieux\/rosaire-de-lenfant-a-naitre\/#breadcrumb\"},\"inLanguage\":\"fr-FR\",\"potentialAction\":[{\"@type\":\"ReadAction\",\"target\":[\"https:\/\/blog.holyart.it\/fr\/articles-religieux\/rosaire-de-lenfant-a-naitre\/\"]}]},{\"@type\":\"ImageObject\",\"inLanguage\":\"fr-FR\",\"@id\":\"https:\/\/blog.holyart.it\/fr\/articles-religieux\/rosaire-de-lenfant-a-naitre\/#primaryimage\",\"url\":\"https:\/\/blog.holyart.it\/fr\/wp-content\/uploads\/sites\/14\/2018\/05\/Rosario-des-enfants-\u00e0-na\u00eetre.jpg\",\"contentUrl\":\"https:\/\/blog.holyart.it\/fr\/wp-content\/uploads\/sites\/14\/2018\/05\/Rosario-des-enfants-\u00e0-na\u00eetre.jpg\",\"width\":999,\"height\":667,\"caption\":\"Rosario des enfants \u00e0 na\u00eetre\"},{\"@type\":\"BreadcrumbList\",\"@id\":\"https:\/\/blog.holyart.it\/fr\/articles-religieux\/rosaire-de-lenfant-a-naitre\/#breadcrumb\",\"itemListElement\":[{\"@type\":\"ListItem\",\"position\":1,\"name\":\"Homepage\",\"item\":\"https:\/\/blog.holyart.it\/fr\/\"},{\"@type\":\"ListItem\",\"position\":2,\"name\":\"Religion\",\"item\":\"https:\/\/blog.holyart.it\/fr\/articles-religieux\/\"},{\"@type\":\"ListItem\",\"position\":3,\"name\":\"Le rosaire de l&#8217;enfant \u00e0 na\u00eetre\"}]},{\"@type\":\"WebSite\",\"@id\":\"https:\/\/blog.holyart.it\/fr\/#website\",\"url\":\"https:\/\/blog.holyart.it\/fr\/\",\"name\":\"Holyart.fr Blog\",\"description\":\"Holyblog\",\"publisher\":{\"@id\":\"https:\/\/blog.holyart.it\/fr\/#organization\"},\"potentialAction\":[{\"@type\":\"SearchAction\",\"target\":{\"@type\":\"EntryPoint\",\"urlTemplate\":\"https:\/\/blog.holyart.it\/fr\/?s={search_term_string}\"},\"query-input\":{\"@type\":\"PropertyValueSpecification\",\"valueRequired\":true,\"valueName\":\"search_term_string\"}}],\"inLanguage\":\"fr-FR\"},{\"@type\":\"Organization\",\"@id\":\"https:\/\/blog.holyart.it\/fr\/#organization\",\"name\":\"Holyart.fr Blog\",\"url\":\"https:\/\/blog.holyart.it\/fr\/\",\"logo\":{\"@type\":\"ImageObject\",\"inLanguage\":\"fr-FR\",\"@id\":\"https:\/\/blog.holyart.it\/fr\/#\/schema\/logo\/image\/\",\"url\":\"https:\/\/blog.holyart.it\/fr\/wp-content\/uploads\/sites\/14\/2022\/12\/Holyart_Blog_Logo.jpg\",\"contentUrl\":\"https:\/\/blog.holyart.it\/fr\/wp-content\/uploads\/sites\/14\/2022\/12\/Holyart_Blog_Logo.jpg\",\"width\":300,\"height\":50,\"caption\":\"Holyart.fr Blog\"},\"image\":{\"@id\":\"https:\/\/blog.holyart.it\/fr\/#\/schema\/logo\/image\/\"}},{\"@type\":\"Person\",\"@id\":\"https:\/\/blog.holyart.it\/fr\/#\/schema\/person\/0a7b686e5af0f856ec1e390dd0baecda\",\"name\":\"Redazione\",\"image\":{\"@type\":\"ImageObject\",\"inLanguage\":\"fr-FR\",\"@id\":\"https:\/\/blog.holyart.it\/fr\/#\/schema\/person\/image\/\",\"url\":\"https:\/\/secure.gravatar.com\/avatar\/f477da817f43e50d0af36abecd33e3edf826c68299714bdc1057dff3b113f516?s=96&d=mm&r=g\",\"contentUrl\":\"https:\/\/secure.gravatar.com\/avatar\/f477da817f43e50d0af36abecd33e3edf826c68299714bdc1057dff3b113f516?s=96&d=mm&r=g\",\"caption\":\"Redazione\"},\"url\":\"https:\/\/blog.holyart.it\/fr\/author\/admin\/\"}]}<\/script>\n<!-- \/ Yoast SEO plugin. -->","yoast_head_json":{"title":"Le rosaire de l'enfant \u00e0 na\u00eetre - Holyblog","description":"Le rosaire de l'enfant \u00e0 na\u00eetre est un type particulier de rosaire. Il est compos\u00e9 de perles de cristal, qui symbolisent les larmes de Notre Dame.","robots":{"index":"index","follow":"follow","max-snippet":"max-snippet:-1","max-image-preview":"max-image-preview:large","max-video-preview":"max-video-preview:-1"},"canonical":"https:\/\/blog.holyart.it\/fr\/articles-religieux\/rosaire-de-lenfant-a-naitre\/","og_locale":"fr_FR","og_type":"article","og_title":"Le rosaire de l'enfant \u00e0 na\u00eetre - Holyblog","og_description":"Le rosaire de l'enfant \u00e0 na\u00eetre est un type particulier de rosaire. Il est compos\u00e9 de perles de cristal, qui symbolisent les larmes de Notre Dame.","og_url":"https:\/\/blog.holyart.it\/fr\/articles-religieux\/rosaire-de-lenfant-a-naitre\/","og_site_name":"Holyart.fr Blog","article_published_time":"2018-04-03T08:15:16+00:00","article_modified_time":"2018-11-14T16:28:17+00:00","og_image":[{"width":999,"height":667,"url":"https:\/\/blog.holyart.it\/fr\/wp-content\/uploads\/sites\/14\/2018\/05\/Rosario-des-enfants-\u00e0-na\u00eetre.jpg","type":"image\/jpeg"}],"author":"Redazione","twitter_card":"summary_large_image","twitter_misc":{"\u00c9crit par":"Redazione","Dur\u00e9e de lecture estim\u00e9e":"6 minutes"},"schema":{"@context":"https:\/\/schema.org","@graph":[{"@type":"Article","@id":"https:\/\/blog.holyart.it\/fr\/articles-religieux\/rosaire-de-lenfant-a-naitre\/#article","isPartOf":{"@id":"https:\/\/blog.holyart.it\/fr\/articles-religieux\/rosaire-de-lenfant-a-naitre\/"},"author":{"name":"Redazione","@id":"https:\/\/blog.holyart.it\/fr\/#\/schema\/person\/0a7b686e5af0f856ec1e390dd0baecda"},"headline":"Le rosaire de l&rsquo;enfant \u00e0 na\u00eetre","datePublished":"2018-04-03T08:15:16+00:00","dateModified":"2018-11-14T16:28:17+00:00","mainEntityOfPage":{"@id":"https:\/\/blog.holyart.it\/fr\/articles-religieux\/rosaire-de-lenfant-a-naitre\/"},"wordCount":1256,"publisher":{"@id":"https:\/\/blog.holyart.it\/fr\/#organization"},"image":{"@id":"https:\/\/blog.holyart.it\/fr\/articles-religieux\/rosaire-de-lenfant-a-naitre\/#primaryimage"},"thumbnailUrl":"https:\/\/blog.holyart.it\/fr\/wp-content\/uploads\/sites\/14\/2018\/05\/Rosario-des-enfants-\u00e0-na\u00eetre.jpg","articleSection":["Religion"],"inLanguage":"fr-FR"},{"@type":"WebPage","@id":"https:\/\/blog.holyart.it\/fr\/articles-religieux\/rosaire-de-lenfant-a-naitre\/","url":"https:\/\/blog.holyart.it\/fr\/articles-religieux\/rosaire-de-lenfant-a-naitre\/","name":"Le rosaire de l'enfant \u00e0 na\u00eetre - Holyblog","isPartOf":{"@id":"https:\/\/blog.holyart.it\/fr\/#website"},"primaryImageOfPage":{"@id":"https:\/\/blog.holyart.it\/fr\/articles-religieux\/rosaire-de-lenfant-a-naitre\/#primaryimage"},"image":{"@id":"https:\/\/blog.holyart.it\/fr\/articles-religieux\/rosaire-de-lenfant-a-naitre\/#primaryimage"},"thumbnailUrl":"https:\/\/blog.holyart.it\/fr\/wp-content\/uploads\/sites\/14\/2018\/05\/Rosario-des-enfants-\u00e0-na\u00eetre.jpg","datePublished":"2018-04-03T08:15:16+00:00","dateModified":"2018-11-14T16:28:17+00:00","description":"Le rosaire de l'enfant \u00e0 na\u00eetre est un type particulier de rosaire. Il est compos\u00e9 de perles de cristal, qui symbolisent les larmes de Notre Dame.","breadcrumb":{"@id":"https:\/\/blog.holyart.it\/fr\/articles-religieux\/rosaire-de-lenfant-a-naitre\/#breadcrumb"},"inLanguage":"fr-FR","potentialAction":[{"@type":"ReadAction","target":["https:\/\/blog.holyart.it\/fr\/articles-religieux\/rosaire-de-lenfant-a-naitre\/"]}]},{"@type":"ImageObject","inLanguage":"fr-FR","@id":"https:\/\/blog.holyart.it\/fr\/articles-religieux\/rosaire-de-lenfant-a-naitre\/#primaryimage","url":"https:\/\/blog.holyart.it\/fr\/wp-content\/uploads\/sites\/14\/2018\/05\/Rosario-des-enfants-\u00e0-na\u00eetre.jpg","contentUrl":"https:\/\/blog.holyart.it\/fr\/wp-content\/uploads\/sites\/14\/2018\/05\/Rosario-des-enfants-\u00e0-na\u00eetre.jpg","width":999,"height":667,"caption":"Rosario des enfants \u00e0 na\u00eetre"},{"@type":"BreadcrumbList","@id":"https:\/\/blog.holyart.it\/fr\/articles-religieux\/rosaire-de-lenfant-a-naitre\/#breadcrumb","itemListElement":[{"@type":"ListItem","position":1,"name":"Homepage","item":"https:\/\/blog.holyart.it\/fr\/"},{"@type":"ListItem","position":2,"name":"Religion","item":"https:\/\/blog.holyart.it\/fr\/articles-religieux\/"},{"@type":"ListItem","position":3,"name":"Le rosaire de l&#8217;enfant \u00e0 na\u00eetre"}]},{"@type":"WebSite","@id":"https:\/\/blog.holyart.it\/fr\/#website","url":"https:\/\/blog.holyart.it\/fr\/","name":"Holyart.fr Blog","description":"Holyblog","publisher":{"@id":"https:\/\/blog.holyart.it\/fr\/#organization"},"potentialAction":[{"@type":"SearchAction","target":{"@type":"EntryPoint","urlTemplate":"https:\/\/blog.holyart.it\/fr\/?s={search_term_string}"},"query-input":{"@type":"PropertyValueSpecification","valueRequired":true,"valueName":"search_term_string"}}],"inLanguage":"fr-FR"},{"@type":"Organization","@id":"https:\/\/blog.holyart.it\/fr\/#organization","name":"Holyart.fr Blog","url":"https:\/\/blog.holyart.it\/fr\/","logo":{"@type":"ImageObject","inLanguage":"fr-FR","@id":"https:\/\/blog.holyart.it\/fr\/#\/schema\/logo\/image\/","url":"https:\/\/blog.holyart.it\/fr\/wp-content\/uploads\/sites\/14\/2022\/12\/Holyart_Blog_Logo.jpg","contentUrl":"https:\/\/blog.holyart.it\/fr\/wp-content\/uploads\/sites\/14\/2022\/12\/Holyart_Blog_Logo.jpg","width":300,"height":50,"caption":"Holyart.fr Blog"},"image":{"@id":"https:\/\/blog.holyart.it\/fr\/#\/schema\/logo\/image\/"}},{"@type":"Person","@id":"https:\/\/blog.holyart.it\/fr\/#\/schema\/person\/0a7b686e5af0f856ec1e390dd0baecda","name":"Redazione","image":{"@type":"ImageObject","inLanguage":"fr-FR","@id":"https:\/\/blog.holyart.it\/fr\/#\/schema\/person\/image\/","url":"https:\/\/secure.gravatar.com\/avatar\/f477da817f43e50d0af36abecd33e3edf826c68299714bdc1057dff3b113f516?s=96&d=mm&r=g","contentUrl":"https:\/\/secure.gravatar.com\/avatar\/f477da817f43e50d0af36abecd33e3edf826c68299714bdc1057dff3b113f516?s=96&d=mm&r=g","caption":"Redazione"},"url":"https:\/\/blog.holyart.it\/fr\/author\/admin\/"}]}},"_links":{"self":[{"href":"https:\/\/blog.holyart.it\/fr\/wp-json\/wp\/v2\/posts\/530","targetHints":{"allow":["GET"]}}],"collection":[{"href":"https:\/\/blog.holyart.it\/fr\/wp-json\/wp\/v2\/posts"}],"about":[{"href":"https:\/\/blog.holyart.it\/fr\/wp-json\/wp\/v2\/types\/post"}],"author":[{"embeddable":true,"href":"https:\/\/blog.holyart.it\/fr\/wp-json\/wp\/v2\/users\/1"}],"replies":[{"embeddable":true,"href":"https:\/\/blog.holyart.it\/fr\/wp-json\/wp\/v2\/comments?post=530"}],"version-history":[{"count":0,"href":"https:\/\/blog.holyart.it\/fr\/wp-json\/wp\/v2\/posts\/530\/revisions"}],"wp:featuredmedia":[{"embeddable":true,"href":"https:\/\/blog.holyart.it\/fr\/wp-json\/wp\/v2\/media\/534"}],"wp:attachment":[{"href":"https:\/\/blog.holyart.it\/fr\/wp-json\/wp\/v2\/media?parent=530"}],"wp:term":[{"taxonomy":"category","embeddable":true,"href":"https:\/\/blog.holyart.it\/fr\/wp-json\/wp\/v2\/categories?post=530"},{"taxonomy":"post_tag","embeddable":true,"href":"https:\/\/blog.holyart.it\/fr\/wp-json\/wp\/v2\/tags?post=530"}],"curies":[{"name":"wp","href":"https:\/\/api.w.org\/{rel}","templated":true}]}}