{"id":5279,"date":"2022-10-12T12:30:35","date_gmt":"2022-10-12T10:30:35","guid":{"rendered":"https:\/\/blog.holyart.it\/fr\/?p=5279"},"modified":"2022-10-18T12:01:28","modified_gmt":"2022-10-18T10:01:28","slug":"creche-complete-ou-simple-trio-de-la-nativite","status":"publish","type":"post","link":"https:\/\/blog.holyart.it\/fr\/noel\/creche-complete-ou-simple-trio-de-la-nativite\/","title":{"rendered":"Cr\u00e8che Compl\u00e8te ou simple trio de la Nativit\u00e9"},"content":{"rendered":"<h4>Cr\u00e8che compl\u00e8te ou simplement la Sainte Famille ? No\u00ebl approche et il est temps de prendre sa d\u00e9cision. D\u00e9couvrons ensemble les raisons d\u2019un choix.<\/h4>\n\n<p>La tradition de la Cr\u00e8che a des racines profondes et est particuli\u00e8rement ressentie dans notre pays. Il n\u2019y a pas longtemps, nous avons voulu partager avec vous celles que nous consid\u00e9rons comme \u00eatre<a href=\"https:\/\/www.holyart.fr\/blog\/articles-religieux\/les-plus-belles-creches-ditalie\/\"><strong> les plus belles cr\u00e8ches d\u2019Italie<\/strong><\/a>, en vous conseillant de possibles destinations pour une escapade de No\u00ebl et nous essayons toujours de vous fournir les meilleures suggestions pour r\u00e9aliser chez vous et avec des petits moyens une belle <strong>cr\u00e8che \u00e0 faire vous-m\u00eame, peut-\u00eatre enrichie d\u2019une rivi\u00e8re et d\u2019une chute d\u2019eau<\/strong>.<\/p>\n<div class=\"link-article\">\n<p><img loading=\"lazy\" decoding=\"async\" class=\"alignnone size-full wp-image-5282\" src=\"https:\/\/blog.holyart.it\/fr\/wp-content\/uploads\/sites\/14\/2022\/09\/Les-plus-belles-cr\u00e8ches.jpg\" alt=\"Les plus belles cr\u00e8ches\" width=\"150\" height=\"100\" data-kale-share-title=\"Cr\u00e8che Compl\u00e8te ou simple trio de la Nativit\u00e9\" data-kale-share-url=\"https:\/\/blog.holyart.it\/fr\/?p=5279\" \/><\/p>\n<div class=\"leggi-anche\">Lire aussi :<\/div>\n<p><strong><a href=\"https:\/\/www.holyart.fr\/blog\/articles-religieux\/les-plus-belles-creches-ditalie\/\">Les plus belles cr\u00e8ches d\u2019Italie<\/a><\/strong><br \/>\nNo\u00ebl approche, et comme chaque ann\u00e9e la tradition s\u00e9culaire de la cr\u00e8che revient pour sillonner toute la p\u00e9ninsule du nord au sud&#8230;<\/p>\n<\/div>\n<p>Pourquoi est-ce que la Cr\u00e8che est si importante et ch\u00e8re aux fid\u00e8les\u00a0? Il n\u2019est pas difficile de r\u00e9pondre \u00e0 cette question. La Cr\u00e8che est la <strong>repr\u00e9sentation de la Nativit\u00e9 de J\u00e9sus-Christ<\/strong>, install\u00e9e pour la premi\u00e8re fois \u00e0 l\u2019\u00e9poque m\u00e9di\u00e9vale par volont\u00e9 de Saint Fran\u00e7ois d\u2019Assise. La\u00a0<strong>naissance de J\u00e9sus<\/strong> est un \u00e9v\u00e9nement cl\u00e9 pour les chr\u00e9tiens, un des myst\u00e8res les plus solennels pour l\u2019humanit\u00e9. Chaque ann\u00e9e, \u00e0 No\u00ebl, on f\u00eate cette r\u00e9currence, en renouvelant son amour et sa d\u00e9votion pour J\u00e9sus fait homme afin d\u2019apporter le salut \u00e9ternel \u00e0 nous tous. La Cr\u00e8che, et en particulier le groupe de la Nativit\u00e9, c\u2019est-\u00e0-dire Marie, Joseph et l\u2019Enfant J\u00e9sus, centre et c\u0153ur de la Cr\u00e8che m\u00eame, sont la repr\u00e9sentation visible et tangible de cette d\u00e9votion. Dans toutes les <strong><a href=\"https:\/\/www.holyart.fr\/noel\/creches-noel\">Cr\u00e8ches<\/a><\/strong>, petites ou grandes, classiques ou modernes, ce sont ces trois statues qui canalisent l\u2019attention, non seulement de ceux qui s\u2019attardent \u00e0 regarder la Cr\u00e8che de l\u2019ext\u00e9rieur, mais de tous les autres personnages qui la peuplent aussi. La Sainte Famille est le point de convergence vers lequel convergent tous les autres personnages, des bergers \u00e0 leurs animaux, des musiciens aux Mages, et ainsi de suite, en consid\u00e9rant combien et lesquels peuvent \u00eatre les personnages d\u2019une cr\u00e8che compl\u00e8te.<\/p>\n<p>Donc quelle diff\u00e9rence existe-t-il entre Cr\u00e8che et Nativit\u00e9\u00a0? La Cr\u00e8che reproduit la naissance de J\u00e9sus avec tous les santons et les lieux de la tradition\u00a0; la Nativit\u00e9 repr\u00e9sente uniquement le groupe de la <strong>Sainte Famille<\/strong>\u00a0: Enfant J\u00e9sus, Joseph et Marie.<\/p>\n<h2>Cr\u00e8che compl\u00e8te ou Nativit\u00e9\u00a0?<\/h2>\n<p>Cela \u00e9tant dit, il reste \u00e0 \u00e9tablir ce qu\u2019il serait le plus opportun faire chez nous \u00e0 No\u00ebl, si <strong>installer une <a href=\"https:\/\/www.holyart.fr\/noel\/creches-noel\/creches-de-noel-completes?page=1\">cr\u00e8che compl\u00e8te<\/a><\/strong> ou se concentrer uniquement sur la <strong>Nativit\u00e9<\/strong>.<\/p>\n<p>Avant toute sp\u00e9culation, nous devrions consid\u00e9rer surement le probl\u00e8me de l\u2019<strong>espace<\/strong>. Beaucoup pr\u00e9f\u00e8rent se limiter \u00e0 exposer uniquement les <strong><a href=\"https:\/\/www.holyart.fr\/noel\/nativite?page=1\">santons de la Nativit\u00e9<\/a><\/strong>, peut-\u00eatre avec le b\u0153uf et l\u2019\u00e2ne en plus, car ils n\u2019ont pas la place suffisante pour une Cr\u00e8che compl\u00e8te. Outre au manque de place, un autre facteur pourrait intervenir\u00a0: l\u2019incapacit\u00e9 de cr\u00e9er une Cr\u00e8che qui satisfait le go\u00fbt et les exigences de toute la famille. Il est vrai que dans le commerce on trouve de <a href=\"https:\/\/www.holyart.fr\/noel\/creches-noel\"><strong>magnifiques Cr\u00e8ches compl\u00e8tes avec tous les personnages<\/strong><\/a>, souvent m\u00eame avec des d\u00e9cors suggestifs d\u00e9j\u00e0 parfaits tels quels, avec m\u00eame les effets lumineux.<\/p>\n<div class=\"link-product\">\n<div class=\"blocco-immagine\"><img loading=\"lazy\" decoding=\"async\" class=\"alignnone size-full wp-image-5283\" src=\"https:\/\/blog.holyart.it\/fr\/wp-content\/uploads\/sites\/14\/2022\/09\/santons-de-la-Nativit\u00e9.jpg\" alt=\"santons de la Nativit\u00e9\" width=\"100\" height=\"100\" data-kale-share-title=\"Cr\u00e8che Compl\u00e8te ou simple trio de la Nativit\u00e9\" data-kale-share-url=\"https:\/\/blog.holyart.it\/fr\/?p=5279\" \/><\/div>\n<div class=\"blocco-contenuto\">\n<div class=\"blocco-acquista\">Acheter sur Holyart:<\/div>\n<div class=\"blocco-titolo\"><a href=\"https:\/\/www.holyart.fr\/noel\/nativite?page=1&amp;sorter_id=0&amp;sort=20a\">Sur Holyart plus de 700 statues de la Nativit\u00e9<\/a><\/div>\n<div><\/div>\n<\/div>\n<\/div>\n<p>En gros, il n\u2019y a pas besoin d\u2019\u00eatre des experts du fait maison, m\u00eame s\u2019il est toujours stimulant de r\u00e9aliser sa propre Cr\u00e8che avec un peu de cr\u00e9ativit\u00e9.<\/p>\n<p>En \u00e9vitant donc de consid\u00e9rer les probl\u00e8mes de place et de capacit\u00e9s manuelles pour l\u2019installation, nous nous limiterons \u00e0 consid\u00e9rer le choix d\u2019un point de vue strictement \u00e9motif et religieux.<\/p>\n<p>Afin de comprendre ce choix, nous devons nous attarder sur ce que la <strong>Nativit\u00e9<\/strong> repr\u00e9sente pour un chr\u00e9tien. Comme nous l\u2019avons expliqu\u00e9 dans un article pr\u00e9c\u00e9dent sur le r\u00e9cit de la naissance de J\u00e9sus dans les \u00c9vangiles, depuis deux milles ans nous connaissons la Nativit\u00e9 repr\u00e9sent\u00e9e comme suit\u00a0: une grotte, un homme, une femme, un b\u00e9b\u00e9 d\u00e9pos\u00e9 dans une mangeoire, avec uniquement un b\u0153uf et un \u00e2ne pour le r\u00e9chauffer dans sa premi\u00e8re nuit glac\u00e9e dans ce monde.<\/p>\n<p>Une histoire simple et immense, dans son myst\u00e8re. Une histoire d\u2019amour, l\u2019amour le plus grand au monde. Et surtout l\u2019histoire d\u2019une famille, un papa aimant et attentionn\u00e9, qui s\u2019inqui\u00e8te de prot\u00e9ger son \u00e9pouse, une jeune maman compl\u00e9tement tourn\u00e9e vers son petit et Lui, l\u2019Enfant J\u00e9sus, lumi\u00e8re du monde, mais, en cette premi\u00e8re nuit glaciale, simplement un nouveau-n\u00e9 transi de froid, avec les yeux encore entrouverts sur un monde qui ne connait pas encore Son nom.<\/p>\n<p>La Nativit\u00e9 devient dans cette acception le <a href=\"https:\/\/www.holyart.fr\/blog\/noel\/symboles-de-noel-signification\/\"><strong>symbole par excellence de No\u00ebl<\/strong><\/a>, dans son vouloir \u00eatre un moment d\u2019union pour la famille, de r\u00e9union pour parents et enfants, pour les diff\u00e9rentes g\u00e9n\u00e9rations qui se retrouvent pour f\u00eater tous ensemble.<\/p>\n<p>Les personnages impliqu\u00e9s sont tous investis d\u2019une forte valeur symbolique, qui se manifeste non seulement dans l\u2019attitude des santons, mais \u00e9galement dans les <strong>couleurs de leurs habits<\/strong>. Ainsi Saint Joseph, qui symbolise la responsabilit\u00e9 paternelle, le travail, mais aussi l\u2019humilit\u00e9 et la modestie avec laquelle il a accept\u00e9 sans r\u00e9serve la volont\u00e9 divine et a choisi de prot\u00e9ger cet Enfant si sp\u00e9cial, porte des habits fonc\u00e9s et grossiers, de la couleur de la terre. La Vierge, par contre, symbolise la vertu et la sacralit\u00e9 de la maternit\u00e9, mais aussi le souffle divin de cet Enfant qu\u2019elle a port\u00e9 en son sein, et son manteau bleu renvoie au ciel, qui est la v\u00e9ritable maison de cet Enfant.<\/p>\n<p>La <strong>Sainte Famille<\/strong> est devenue avec le temps le mod\u00e8le id\u00e9al duquel chaque famille au sein de l\u2019\u00c9glise devrait s\u2019inspirer. Les id\u00e9aux et les valeurs qu\u2019elle incarne \u2013 amour, mis\u00e9ricorde, affection, protection, mais aussi humilit\u00e9 et totale confiance dans le plan de Dieu, &#8211; n\u2019est pas seulement une image de d\u00e9votion, mais un exemple vivant et toujours actuel pour les fid\u00e8les, un point de r\u00e9f\u00e9rence et de comparaison constant m\u00eame dans les difficult\u00e9s.<\/p>\n<h2>Cr\u00e8che compl\u00e8te de bergers, animaux de cr\u00e8che et cabane.<\/h2>\n<p>En r\u00e9alit\u00e9 tous les personnages de la Cr\u00e8che traditionnelle ont un <strong>signification symbolique<\/strong> propre plus ou moins \u00e9vidente. Ce symbolisme est particuli\u00e8rement mis en valeur dans la <a href=\"https:\/\/www.holyart.fr\/noel\/creches-noel\/creche-napolitaine?page=1\"><strong>Cr\u00e8che napolitaine<\/strong><\/a>, qui est bien plus qu\u2019une simple reconstruction de la Nativit\u00e9. Chaque personnage, chaque sc\u00e8ne, chaque d\u00e9tail cache en effet une signification profonde qui puise ses racines dans la tradition populaire. Les santons de la Cr\u00e8che napolitaine ne viennent pas uniquement des \u00c9vangiles, mais aussi de r\u00e9cits, l\u00e9gendes, anecdotes et folklore.<\/p>\n<p>M\u00eame quand nous d\u00e9cidons de r\u00e9aliser une Cr\u00e8che compl\u00e8te nous ne devons pas oublier que ce que nous sommes en train d\u2019installer n\u2019est pas seulement une tentative de recr\u00e9er une belle sc\u00e8ne pour c\u00e9l\u00e9brer la naissance de l\u2019<strong><a href=\"https:\/\/www.holyart.fr\/noel\/statues-enfant-jesus?page=1\">Enfant J\u00e9sus<\/a><\/strong>, mais aussi une forme de d\u00e9votion unique et sp\u00e9ciale.<\/p>\n<p>La beaut\u00e9 de pr\u00e9parer une Cr\u00e8che traditionnelle est que, d\u2019ann\u00e9e en ann\u00e9e, nous pouvons l\u2019enrichir, l\u2019agrandir de plus en plus, en ajoutant des santons, ou peut-\u00eatre des d\u00e9cors, de nouvelles maisons, des boutiques, des sc\u00e8nes suggestives. De cette mani\u00e8re, notre Cr\u00e8che n\u2019est pas quelque chose de statique, arr\u00eat\u00e9, immuable, mais est une r\u00e9alit\u00e9 qui se construit et qui \u00e9volue avec le temps.<\/p>\n<p>Ce qui est important, que nous choisissions d\u2019exposer uniquement les statues de la Nativit\u00e9 ou d\u2019installer une Cr\u00e8che compl\u00e8te, est l\u2019esprit que nous y mettrons en la pr\u00e9parant. La Cr\u00e8che acquiert une valeur sp\u00e9ciale, diff\u00e9rente pour chaque maison, pour chaque famille et, pourtant, toujours pareille, fid\u00e8le \u00e0 elle-m\u00eame. Un message de paix, harmonie et m\u00eame d\u2019accueil, si l\u2019on veut, car dans la cabane o\u00f9 dort le petit J\u00e9sus tout le monde est le bienvenu, tout le monde est uni dans l\u2019adoration commune, dans l\u2019amour commun.<\/p>\n","protected":false},"excerpt":{"rendered":"<p>Cr\u00e8che compl\u00e8te ou simplement la Sainte Famille ? No\u00ebl approche et il est temps de prendre sa d\u00e9cision. D\u00e9couvrons ensemble les raisons d\u2019un choix. La tradition de la Cr\u00e8che a des racines profondes et est particuli\u00e8rement ressentie dans notre pays. Il n\u2019y a pas longtemps,&hellip;<\/p>\n","protected":false},"author":1,"featured_media":5281,"comment_status":"closed","ping_status":"open","sticky":false,"template":"","format":"standard","meta":{"_acf_changed":false,"footnotes":""},"categories":[10],"tags":[],"class_list":["post-5279","post","type-post","status-publish","format-standard","has-post-thumbnail","hentry","category-noel"],"acf":[],"yoast_head":"<!-- This site is optimized with the Yoast SEO plugin v26.6 - https:\/\/yoast.com\/wordpress\/plugins\/seo\/ -->\n<title>Cr\u00e8che Compl\u00e8te ou simple trio de la Nativit\u00e9 - Holyart.fr Blog<\/title>\n<meta name=\"description\" content=\"Cr\u00e8che compl\u00e8te ou simplement la Sainte Famille? No\u00ebl approche et il est temps de prendre sa d\u00e9cision. D\u00e9couvrons ensemble les raisons d\u2019un choix.\" \/>\n<meta name=\"robots\" content=\"index, follow, max-snippet:-1, max-image-preview:large, max-video-preview:-1\" \/>\n<link rel=\"canonical\" href=\"https:\/\/blog.holyart.it\/fr\/noel\/creche-complete-ou-simple-trio-de-la-nativite\/\" \/>\n<meta property=\"og:locale\" content=\"fr_FR\" \/>\n<meta property=\"og:type\" content=\"article\" \/>\n<meta property=\"og:title\" content=\"Cr\u00e8che Compl\u00e8te ou simple trio de la Nativit\u00e9 - Holyart.fr Blog\" \/>\n<meta property=\"og:description\" content=\"Cr\u00e8che compl\u00e8te ou simplement la Sainte Famille? No\u00ebl approche et il est temps de prendre sa d\u00e9cision. D\u00e9couvrons ensemble les raisons d\u2019un choix.\" \/>\n<meta property=\"og:url\" content=\"https:\/\/blog.holyart.it\/fr\/noel\/creche-complete-ou-simple-trio-de-la-nativite\/\" \/>\n<meta property=\"og:site_name\" content=\"Holyart.fr Blog\" \/>\n<meta property=\"article:published_time\" content=\"2022-10-12T10:30:35+00:00\" \/>\n<meta property=\"article:modified_time\" content=\"2022-10-18T10:01:28+00:00\" \/>\n<meta property=\"og:image\" content=\"https:\/\/blog.holyart.it\/fr\/wp-content\/uploads\/sites\/14\/2022\/09\/Cr\u00e8che-Compl\u00e8te-.jpg\" \/>\n\t<meta property=\"og:image:width\" content=\"1000\" \/>\n\t<meta property=\"og:image:height\" content=\"666\" \/>\n\t<meta property=\"og:image:type\" content=\"image\/jpeg\" \/>\n<meta name=\"author\" content=\"Redazione\" \/>\n<meta name=\"twitter:card\" content=\"summary_large_image\" \/>\n<meta name=\"twitter:label1\" content=\"\u00c9crit par\" \/>\n\t<meta name=\"twitter:data1\" content=\"Redazione\" \/>\n\t<meta name=\"twitter:label2\" content=\"Dur\u00e9e de lecture estim\u00e9e\" \/>\n\t<meta name=\"twitter:data2\" content=\"7 minutes\" \/>\n<script type=\"application\/ld+json\" class=\"yoast-schema-graph\">{\"@context\":\"https:\/\/schema.org\",\"@graph\":[{\"@type\":\"Article\",\"@id\":\"https:\/\/blog.holyart.it\/fr\/noel\/creche-complete-ou-simple-trio-de-la-nativite\/#article\",\"isPartOf\":{\"@id\":\"https:\/\/blog.holyart.it\/fr\/noel\/creche-complete-ou-simple-trio-de-la-nativite\/\"},\"author\":{\"name\":\"Redazione\",\"@id\":\"https:\/\/blog.holyart.it\/fr\/#\/schema\/person\/0a7b686e5af0f856ec1e390dd0baecda\"},\"headline\":\"Cr\u00e8che Compl\u00e8te ou simple trio de la Nativit\u00e9\",\"datePublished\":\"2022-10-12T10:30:35+00:00\",\"dateModified\":\"2022-10-18T10:01:28+00:00\",\"mainEntityOfPage\":{\"@id\":\"https:\/\/blog.holyart.it\/fr\/noel\/creche-complete-ou-simple-trio-de-la-nativite\/\"},\"wordCount\":1484,\"publisher\":{\"@id\":\"https:\/\/blog.holyart.it\/fr\/#organization\"},\"image\":{\"@id\":\"https:\/\/blog.holyart.it\/fr\/noel\/creche-complete-ou-simple-trio-de-la-nativite\/#primaryimage\"},\"thumbnailUrl\":\"https:\/\/blog.holyart.it\/fr\/wp-content\/uploads\/sites\/14\/2022\/09\/Cr\u00e8che-Compl\u00e8te-.jpg\",\"articleSection\":[\"No\u00ebl\"],\"inLanguage\":\"fr-FR\"},{\"@type\":\"WebPage\",\"@id\":\"https:\/\/blog.holyart.it\/fr\/noel\/creche-complete-ou-simple-trio-de-la-nativite\/\",\"url\":\"https:\/\/blog.holyart.it\/fr\/noel\/creche-complete-ou-simple-trio-de-la-nativite\/\",\"name\":\"Cr\u00e8che Compl\u00e8te ou simple trio de la Nativit\u00e9 - Holyart.fr Blog\",\"isPartOf\":{\"@id\":\"https:\/\/blog.holyart.it\/fr\/#website\"},\"primaryImageOfPage\":{\"@id\":\"https:\/\/blog.holyart.it\/fr\/noel\/creche-complete-ou-simple-trio-de-la-nativite\/#primaryimage\"},\"image\":{\"@id\":\"https:\/\/blog.holyart.it\/fr\/noel\/creche-complete-ou-simple-trio-de-la-nativite\/#primaryimage\"},\"thumbnailUrl\":\"https:\/\/blog.holyart.it\/fr\/wp-content\/uploads\/sites\/14\/2022\/09\/Cr\u00e8che-Compl\u00e8te-.jpg\",\"datePublished\":\"2022-10-12T10:30:35+00:00\",\"dateModified\":\"2022-10-18T10:01:28+00:00\",\"description\":\"Cr\u00e8che compl\u00e8te ou simplement la Sainte Famille? No\u00ebl approche et il est temps de prendre sa d\u00e9cision. D\u00e9couvrons ensemble les raisons d\u2019un choix.\",\"breadcrumb\":{\"@id\":\"https:\/\/blog.holyart.it\/fr\/noel\/creche-complete-ou-simple-trio-de-la-nativite\/#breadcrumb\"},\"inLanguage\":\"fr-FR\",\"potentialAction\":[{\"@type\":\"ReadAction\",\"target\":[\"https:\/\/blog.holyart.it\/fr\/noel\/creche-complete-ou-simple-trio-de-la-nativite\/\"]}]},{\"@type\":\"ImageObject\",\"inLanguage\":\"fr-FR\",\"@id\":\"https:\/\/blog.holyart.it\/fr\/noel\/creche-complete-ou-simple-trio-de-la-nativite\/#primaryimage\",\"url\":\"https:\/\/blog.holyart.it\/fr\/wp-content\/uploads\/sites\/14\/2022\/09\/Cr\u00e8che-Compl\u00e8te-.jpg\",\"contentUrl\":\"https:\/\/blog.holyart.it\/fr\/wp-content\/uploads\/sites\/14\/2022\/09\/Cr\u00e8che-Compl\u00e8te-.jpg\",\"width\":1000,\"height\":666,\"caption\":\"Cr\u00e8che Compl\u00e8te\"},{\"@type\":\"BreadcrumbList\",\"@id\":\"https:\/\/blog.holyart.it\/fr\/noel\/creche-complete-ou-simple-trio-de-la-nativite\/#breadcrumb\",\"itemListElement\":[{\"@type\":\"ListItem\",\"position\":1,\"name\":\"Homepage\",\"item\":\"https:\/\/blog.holyart.it\/fr\/\"},{\"@type\":\"ListItem\",\"position\":2,\"name\":\"No\u00ebl\",\"item\":\"https:\/\/blog.holyart.it\/fr\/noel\/\"},{\"@type\":\"ListItem\",\"position\":3,\"name\":\"Cr\u00e8che Compl\u00e8te ou simple trio de la Nativit\u00e9\"}]},{\"@type\":\"WebSite\",\"@id\":\"https:\/\/blog.holyart.it\/fr\/#website\",\"url\":\"https:\/\/blog.holyart.it\/fr\/\",\"name\":\"Holyart.fr Blog\",\"description\":\"Holyblog\",\"publisher\":{\"@id\":\"https:\/\/blog.holyart.it\/fr\/#organization\"},\"potentialAction\":[{\"@type\":\"SearchAction\",\"target\":{\"@type\":\"EntryPoint\",\"urlTemplate\":\"https:\/\/blog.holyart.it\/fr\/?s={search_term_string}\"},\"query-input\":{\"@type\":\"PropertyValueSpecification\",\"valueRequired\":true,\"valueName\":\"search_term_string\"}}],\"inLanguage\":\"fr-FR\"},{\"@type\":\"Organization\",\"@id\":\"https:\/\/blog.holyart.it\/fr\/#organization\",\"name\":\"Holyart.fr Blog\",\"url\":\"https:\/\/blog.holyart.it\/fr\/\",\"logo\":{\"@type\":\"ImageObject\",\"inLanguage\":\"fr-FR\",\"@id\":\"https:\/\/blog.holyart.it\/fr\/#\/schema\/logo\/image\/\",\"url\":\"https:\/\/blog.holyart.it\/fr\/wp-content\/uploads\/sites\/14\/2022\/12\/Holyart_Blog_Logo.jpg\",\"contentUrl\":\"https:\/\/blog.holyart.it\/fr\/wp-content\/uploads\/sites\/14\/2022\/12\/Holyart_Blog_Logo.jpg\",\"width\":300,\"height\":50,\"caption\":\"Holyart.fr Blog\"},\"image\":{\"@id\":\"https:\/\/blog.holyart.it\/fr\/#\/schema\/logo\/image\/\"}},{\"@type\":\"Person\",\"@id\":\"https:\/\/blog.holyart.it\/fr\/#\/schema\/person\/0a7b686e5af0f856ec1e390dd0baecda\",\"name\":\"Redazione\",\"image\":{\"@type\":\"ImageObject\",\"inLanguage\":\"fr-FR\",\"@id\":\"https:\/\/blog.holyart.it\/fr\/#\/schema\/person\/image\/\",\"url\":\"https:\/\/secure.gravatar.com\/avatar\/f477da817f43e50d0af36abecd33e3edf826c68299714bdc1057dff3b113f516?s=96&d=mm&r=g\",\"contentUrl\":\"https:\/\/secure.gravatar.com\/avatar\/f477da817f43e50d0af36abecd33e3edf826c68299714bdc1057dff3b113f516?s=96&d=mm&r=g\",\"caption\":\"Redazione\"},\"url\":\"https:\/\/blog.holyart.it\/fr\/author\/admin\/\"}]}<\/script>\n<!-- \/ Yoast SEO plugin. -->","yoast_head_json":{"title":"Cr\u00e8che Compl\u00e8te ou simple trio de la Nativit\u00e9 - Holyart.fr Blog","description":"Cr\u00e8che compl\u00e8te ou simplement la Sainte Famille? No\u00ebl approche et il est temps de prendre sa d\u00e9cision. D\u00e9couvrons ensemble les raisons d\u2019un choix.","robots":{"index":"index","follow":"follow","max-snippet":"max-snippet:-1","max-image-preview":"max-image-preview:large","max-video-preview":"max-video-preview:-1"},"canonical":"https:\/\/blog.holyart.it\/fr\/noel\/creche-complete-ou-simple-trio-de-la-nativite\/","og_locale":"fr_FR","og_type":"article","og_title":"Cr\u00e8che Compl\u00e8te ou simple trio de la Nativit\u00e9 - Holyart.fr Blog","og_description":"Cr\u00e8che compl\u00e8te ou simplement la Sainte Famille? No\u00ebl approche et il est temps de prendre sa d\u00e9cision. D\u00e9couvrons ensemble les raisons d\u2019un choix.","og_url":"https:\/\/blog.holyart.it\/fr\/noel\/creche-complete-ou-simple-trio-de-la-nativite\/","og_site_name":"Holyart.fr Blog","article_published_time":"2022-10-12T10:30:35+00:00","article_modified_time":"2022-10-18T10:01:28+00:00","og_image":[{"width":1000,"height":666,"url":"https:\/\/blog.holyart.it\/fr\/wp-content\/uploads\/sites\/14\/2022\/09\/Cr\u00e8che-Compl\u00e8te-.jpg","type":"image\/jpeg"}],"author":"Redazione","twitter_card":"summary_large_image","twitter_misc":{"\u00c9crit par":"Redazione","Dur\u00e9e de lecture estim\u00e9e":"7 minutes"},"schema":{"@context":"https:\/\/schema.org","@graph":[{"@type":"Article","@id":"https:\/\/blog.holyart.it\/fr\/noel\/creche-complete-ou-simple-trio-de-la-nativite\/#article","isPartOf":{"@id":"https:\/\/blog.holyart.it\/fr\/noel\/creche-complete-ou-simple-trio-de-la-nativite\/"},"author":{"name":"Redazione","@id":"https:\/\/blog.holyart.it\/fr\/#\/schema\/person\/0a7b686e5af0f856ec1e390dd0baecda"},"headline":"Cr\u00e8che Compl\u00e8te ou simple trio de la Nativit\u00e9","datePublished":"2022-10-12T10:30:35+00:00","dateModified":"2022-10-18T10:01:28+00:00","mainEntityOfPage":{"@id":"https:\/\/blog.holyart.it\/fr\/noel\/creche-complete-ou-simple-trio-de-la-nativite\/"},"wordCount":1484,"publisher":{"@id":"https:\/\/blog.holyart.it\/fr\/#organization"},"image":{"@id":"https:\/\/blog.holyart.it\/fr\/noel\/creche-complete-ou-simple-trio-de-la-nativite\/#primaryimage"},"thumbnailUrl":"https:\/\/blog.holyart.it\/fr\/wp-content\/uploads\/sites\/14\/2022\/09\/Cr\u00e8che-Compl\u00e8te-.jpg","articleSection":["No\u00ebl"],"inLanguage":"fr-FR"},{"@type":"WebPage","@id":"https:\/\/blog.holyart.it\/fr\/noel\/creche-complete-ou-simple-trio-de-la-nativite\/","url":"https:\/\/blog.holyart.it\/fr\/noel\/creche-complete-ou-simple-trio-de-la-nativite\/","name":"Cr\u00e8che Compl\u00e8te ou simple trio de la Nativit\u00e9 - Holyart.fr Blog","isPartOf":{"@id":"https:\/\/blog.holyart.it\/fr\/#website"},"primaryImageOfPage":{"@id":"https:\/\/blog.holyart.it\/fr\/noel\/creche-complete-ou-simple-trio-de-la-nativite\/#primaryimage"},"image":{"@id":"https:\/\/blog.holyart.it\/fr\/noel\/creche-complete-ou-simple-trio-de-la-nativite\/#primaryimage"},"thumbnailUrl":"https:\/\/blog.holyart.it\/fr\/wp-content\/uploads\/sites\/14\/2022\/09\/Cr\u00e8che-Compl\u00e8te-.jpg","datePublished":"2022-10-12T10:30:35+00:00","dateModified":"2022-10-18T10:01:28+00:00","description":"Cr\u00e8che compl\u00e8te ou simplement la Sainte Famille? No\u00ebl approche et il est temps de prendre sa d\u00e9cision. D\u00e9couvrons ensemble les raisons d\u2019un choix.","breadcrumb":{"@id":"https:\/\/blog.holyart.it\/fr\/noel\/creche-complete-ou-simple-trio-de-la-nativite\/#breadcrumb"},"inLanguage":"fr-FR","potentialAction":[{"@type":"ReadAction","target":["https:\/\/blog.holyart.it\/fr\/noel\/creche-complete-ou-simple-trio-de-la-nativite\/"]}]},{"@type":"ImageObject","inLanguage":"fr-FR","@id":"https:\/\/blog.holyart.it\/fr\/noel\/creche-complete-ou-simple-trio-de-la-nativite\/#primaryimage","url":"https:\/\/blog.holyart.it\/fr\/wp-content\/uploads\/sites\/14\/2022\/09\/Cr\u00e8che-Compl\u00e8te-.jpg","contentUrl":"https:\/\/blog.holyart.it\/fr\/wp-content\/uploads\/sites\/14\/2022\/09\/Cr\u00e8che-Compl\u00e8te-.jpg","width":1000,"height":666,"caption":"Cr\u00e8che Compl\u00e8te"},{"@type":"BreadcrumbList","@id":"https:\/\/blog.holyart.it\/fr\/noel\/creche-complete-ou-simple-trio-de-la-nativite\/#breadcrumb","itemListElement":[{"@type":"ListItem","position":1,"name":"Homepage","item":"https:\/\/blog.holyart.it\/fr\/"},{"@type":"ListItem","position":2,"name":"No\u00ebl","item":"https:\/\/blog.holyart.it\/fr\/noel\/"},{"@type":"ListItem","position":3,"name":"Cr\u00e8che Compl\u00e8te ou simple trio de la Nativit\u00e9"}]},{"@type":"WebSite","@id":"https:\/\/blog.holyart.it\/fr\/#website","url":"https:\/\/blog.holyart.it\/fr\/","name":"Holyart.fr Blog","description":"Holyblog","publisher":{"@id":"https:\/\/blog.holyart.it\/fr\/#organization"},"potentialAction":[{"@type":"SearchAction","target":{"@type":"EntryPoint","urlTemplate":"https:\/\/blog.holyart.it\/fr\/?s={search_term_string}"},"query-input":{"@type":"PropertyValueSpecification","valueRequired":true,"valueName":"search_term_string"}}],"inLanguage":"fr-FR"},{"@type":"Organization","@id":"https:\/\/blog.holyart.it\/fr\/#organization","name":"Holyart.fr Blog","url":"https:\/\/blog.holyart.it\/fr\/","logo":{"@type":"ImageObject","inLanguage":"fr-FR","@id":"https:\/\/blog.holyart.it\/fr\/#\/schema\/logo\/image\/","url":"https:\/\/blog.holyart.it\/fr\/wp-content\/uploads\/sites\/14\/2022\/12\/Holyart_Blog_Logo.jpg","contentUrl":"https:\/\/blog.holyart.it\/fr\/wp-content\/uploads\/sites\/14\/2022\/12\/Holyart_Blog_Logo.jpg","width":300,"height":50,"caption":"Holyart.fr Blog"},"image":{"@id":"https:\/\/blog.holyart.it\/fr\/#\/schema\/logo\/image\/"}},{"@type":"Person","@id":"https:\/\/blog.holyart.it\/fr\/#\/schema\/person\/0a7b686e5af0f856ec1e390dd0baecda","name":"Redazione","image":{"@type":"ImageObject","inLanguage":"fr-FR","@id":"https:\/\/blog.holyart.it\/fr\/#\/schema\/person\/image\/","url":"https:\/\/secure.gravatar.com\/avatar\/f477da817f43e50d0af36abecd33e3edf826c68299714bdc1057dff3b113f516?s=96&d=mm&r=g","contentUrl":"https:\/\/secure.gravatar.com\/avatar\/f477da817f43e50d0af36abecd33e3edf826c68299714bdc1057dff3b113f516?s=96&d=mm&r=g","caption":"Redazione"},"url":"https:\/\/blog.holyart.it\/fr\/author\/admin\/"}]}},"_links":{"self":[{"href":"https:\/\/blog.holyart.it\/fr\/wp-json\/wp\/v2\/posts\/5279","targetHints":{"allow":["GET"]}}],"collection":[{"href":"https:\/\/blog.holyart.it\/fr\/wp-json\/wp\/v2\/posts"}],"about":[{"href":"https:\/\/blog.holyart.it\/fr\/wp-json\/wp\/v2\/types\/post"}],"author":[{"embeddable":true,"href":"https:\/\/blog.holyart.it\/fr\/wp-json\/wp\/v2\/users\/1"}],"replies":[{"embeddable":true,"href":"https:\/\/blog.holyart.it\/fr\/wp-json\/wp\/v2\/comments?post=5279"}],"version-history":[{"count":0,"href":"https:\/\/blog.holyart.it\/fr\/wp-json\/wp\/v2\/posts\/5279\/revisions"}],"wp:featuredmedia":[{"embeddable":true,"href":"https:\/\/blog.holyart.it\/fr\/wp-json\/wp\/v2\/media\/5281"}],"wp:attachment":[{"href":"https:\/\/blog.holyart.it\/fr\/wp-json\/wp\/v2\/media?parent=5279"}],"wp:term":[{"taxonomy":"category","embeddable":true,"href":"https:\/\/blog.holyart.it\/fr\/wp-json\/wp\/v2\/categories?post=5279"},{"taxonomy":"post_tag","embeddable":true,"href":"https:\/\/blog.holyart.it\/fr\/wp-json\/wp\/v2\/tags?post=5279"}],"curies":[{"name":"wp","href":"https:\/\/api.w.org\/{rel}","templated":true}]}}