{"id":5246,"date":"2022-10-03T12:30:26","date_gmt":"2022-10-03T10:30:26","guid":{"rendered":"https:\/\/blog.holyart.it\/fr\/?p=5246"},"modified":"2026-03-23T09:52:03","modified_gmt":"2026-03-23T08:52:03","slug":"priere-pour-les-malades-prier-pour-un-etre-cher-ou-pour-soi-meme","status":"publish","type":"post","link":"https:\/\/blog.holyart.it\/fr\/articles-religieux\/priere-pour-les-malades-prier-pour-un-etre-cher-ou-pour-soi-meme\/","title":{"rendered":"Pri\u00e8re pour les malades: prier pour un \u00eatre cher ou pour soi-m\u00eame"},"content":{"rendered":"<h4>Voici la pri\u00e8re pour les malades \u00e0 adresser \u00e0 J\u00e9sus ou \u00e0 la Vierge afin d\u2019obtenir du soulagement pour nous et pour nos \u00eatres chers<\/h4>\n\n<p>La maladie est un \u00e9tat de souffrance qui concerne tous les \u00eatres humains \u00e0 diff\u00e9rents degr\u00e9s et \u00e0 diff\u00e9rents moments de leur vie. La conscience de notre \u00e9tat de <strong>cr\u00e9atures fragiles et inermes<\/strong> passe in\u00e9vitablement par la souffrance du corps, par cette douleur que, d\u00e8s l\u2019enfance, nous d\u00e9couvrons n\u2019\u00eatre que la n\u00f4tre, contre laquelle rien ne peut, m\u00eame l\u2019amour de notre m\u00e8re, ni les soins de ceux qui nous aiment. En grandissant, cette conscience devient de plus en plus forte et enracin\u00e9e, au fur et \u00e0 mesure que, au cours de notre vie, nous nous retrouvons en proie \u00e0 la souffrance des personnes autour de nous, de la maladie de nos \u00eatres chers. Mais dans cet \u00e9tat douloureux, justement au moment o\u00f9 nous nous rendons compte de notre vuln\u00e9rabilit\u00e9, <strong>la pri\u00e8re nous vient en aide<\/strong>. Voil\u00e0 alors que la pri\u00e8re pour les malades, \u00e0 r\u00e9citer pour nous ou pour un \u00eatre cher qui souffre, devient non seulement un <strong>instrument de foi<\/strong>, mais aussi un <strong>soulagement pour l\u2019esprit<\/strong> exacerb\u00e9 par l\u2019anxi\u00e9t\u00e9, par la douleur.<\/p>\n<div class=\"link-article\">\n<p><img loading=\"lazy\" decoding=\"async\" class=\"alignnone size-full wp-image-5249\" src=\"https:\/\/blog.holyart.it\/fr\/wp-content\/uploads\/sites\/14\/2022\/09\/Saints-Gu\u00e9risseurs.jpg\" alt=\"Saints Gu\u00e9risseurs\" width=\"150\" height=\"99\" data-kale-share-title=\"Pri\u00e8re pour les malades: prier pour un \u00eatre cher ou pour soi-m\u00eame\" data-kale-share-url=\"https:\/\/blog.holyart.it\/fr\/?p=5246\" \/><\/p>\n<div class=\"leggi-anche\">Lire aussi :<\/div>\n<p><strong><a href=\"https:\/\/www.holyart.fr\/blog\/saints-et-bienheureux\/saints-guerisseurs-auxquels-sadresser-contre-les-maladies\/\">Saints Gu\u00e9risseurs auxquels s\u2019adresser contre les maladies<\/a><\/strong><br \/>\nDepuis toujours, l\u2019homme invoque Dieu demandant aide et r\u00e9confort en cas de maladies graves<\/p>\n<\/div>\n<p>La pri\u00e8re pour les malades n\u2019est pas une pri\u00e8re de gu\u00e9rison physique : pour cela il est plus opportun de s\u2019adresser \u00e0 son m\u00e9decin et \u00e0 qui poss\u00e8de les instruments pour prendre soin de nous. Par contre, prier peut se r\u00e9v\u00e9ler une aide in\u00e9galable pour affronter la maladie et la souffrance, un baume pour le corps et pour l\u2019\u00e2me. D\u2019ailleurs, <strong>depuis toujours l\u2019homme invoque Dieu, la Sainte Vierge ou certains saints<\/strong> pour avoir de l\u2019aide et du r\u00e9confort en cas de maladies graves, tant que l\u2019on peut identifier plusieurs saints patrons, \u00e9galement appel\u00e9s <a href=\"https:\/\/www.holyart.fr\/blog\/saints-et-bienheureux\/saints-guerisseurs-auxquels-sadresser-contre-les-maladies\/\"><strong>saints gu\u00e9risseurs<\/strong><\/a>, \u00e0 <strong>invoquer dans le cas de certaines pathologies<\/strong>. Pensons \u00e9galement \u00e0 la <a href=\"https:\/\/www.holyart.fr\/blog\/articles-religieux\/comment-prier-pour-obtenir-une-grace-pendant-le-mois-marial\/\"><strong>demande de gr\u00e2ce<\/strong><\/a> \u00e0 adresser \u00e0 la Vierge, \u00e0 notre M\u00e8re C\u00e9leste, avec humilit\u00e9 et foi, pendant le mois marial, en r\u00e9citant le rosaire ou la neuvaine \u00e0 <strong><a href=\"https:\/\/www.holyart.fr\/articles-religieux\/statues\/statues-en-resine-et-pvc\/marie-qui-defait-les-noeuds-23-cm-statue-en-resine\">Marie qui d\u00e9fait les n\u0153uds<\/a><\/strong>.<\/p>\n<div class=\"link-product\">\n<div class=\"blocco-immagine\"><img loading=\"lazy\" decoding=\"async\" class=\"alignnone size-full wp-image-5250\" src=\"https:\/\/blog.holyart.it\/fr\/wp-content\/uploads\/sites\/14\/2022\/09\/Marie-qui-d\u00e9fait-les-noeuds.jpg\" alt=\" Marie qui d\u00e9fait les noeuds\" width=\"100\" height=\"100\" data-kale-share-title=\"Pri\u00e8re pour les malades: prier pour un \u00eatre cher ou pour soi-m\u00eame\" data-kale-share-url=\"https:\/\/blog.holyart.it\/fr\/?p=5246\" \/><\/div>\n<div class=\"blocco-contenuto\">\n<div class=\"blocco-acquista\">Acheter sur Holyart:<\/div>\n<div class=\"blocco-titolo\"><a href=\"https:\/\/www.holyart.fr\/articles-religieux\/statues\/statues-en-resine-et-pvc\/marie-qui-defait-les-noeuds-23-cm-statue-en-resine\">Marie qui d\u00e9fait les noeuds 23 cm statue en r\u00e9sine <\/a><\/div>\n<div class=\"blocco-descrizione\">Statue en r\u00e9sine peinte enti\u00e8rement \u00e0 la main<\/div>\n<\/div>\n<\/div>\n<p>C\u2019est justement dans le fait de reconna\u00eetre notre incapacit\u00e9 \u00e0 affronter seuls la maladie et la douleur physique que nous acceptons notre destin de cr\u00e9atures fragiles et imparfaites, et nous nous remettons \u00e0 la volont\u00e9 de Dieu, \u00e0 Son immense amour, que nous pouvons invoquer dans l\u2019espoir de trouver le soulagement dans la souffrance et \u00eatre gu\u00e9ris. La pratique de l\u2019<strong>onction des malades<\/strong>, qui d\u00e9rive de J\u00e9sus, de Son profond amour envers les malades et les souffrants, il nous fait comprendre combien l\u2019\u00c9glise et qui en fait partie se confient \u00e0 la mis\u00e9ricorde divine afin d\u2019obtenir de l\u2019aide dans la maladie. Christ posait ses mains sur les malades et les invalides, en invoquant la gu\u00e9rison miraculeuse de la part de Dieu P\u00e8re, et de la m\u00eame mani\u00e8re le pr\u00eatre oint le malade, en rappelant la b\u00e9n\u00e9diction et la Gr\u00e2ce sur lui, au moment de sa plus grande souffrance.<\/p>\n<p>Mais il y a plus. Dans les derni\u00e8res ann\u00e9es, de nombreux chercheurs, scientifiques et th\u00e9ologiens ont d\u00e9montr\u00e9 que <strong>prier est un v\u00e9ritable m\u00e9dicament<\/strong> capable de gu\u00e9rir le corps \u00e0 travers l\u2019\u00e2me. Quand nous prions, nous nous recueillons en nous-m\u00eame, dans une forme m\u00e9ditative qui a des effets physiques aussi\u00a0: r\u00e9duction de la fr\u00e9quence cardiaque et de la pression sanguine, pour n\u2019en citer que deux, mais \u00e9galement une r\u00e9duction significative du cortisol, \u00ab\u00a0hormone du stress\u00a0\u00bb, et un rel\u00e2chement de la tension musculaire. Tous ces effets physiques renforceraient notre r\u00e9ponse immunitaire contre n\u2019importe quelle maladie, en aidant le corps \u00e0 maintenir un \u00e9tat g\u00e9n\u00e9ral de sant\u00e9 et \u00e0 contrer des maladies comme l\u2019art\u00e9rioscl\u00e9rose, l\u2019augmentation du cholest\u00e9rol, le diab\u00e8te. En outre, la pri\u00e8re augmenterait les niveaux de s\u00e9rotonines dans le sang, en aidant \u00e0 g\u00e9rer au mieux notre \u00e9motivit\u00e9 et en combattant anxi\u00e9t\u00e9, d\u00e9pression, insomnie, impulsivit\u00e9 et stress. La <a href=\"https:\/\/www.holyart.fr\/articles-religieux\/images-pieuses-cartes-de-voeux\/images-pieuses\/image-devotion-jesus-bon-pasteur-priere-dun-malade-ita-10x5-cm\"><strong>pri\u00e8re comme m\u00e9dicament<\/strong><\/a>, donc, qui nous fait tomber moins facilement malades et nous fait gu\u00e9rir plus vite.<\/p>\n<div class=\"link-product\">\n<div class=\"blocco-immagine\"><img loading=\"lazy\" decoding=\"async\" class=\"alignnone size-full wp-image-5251\" src=\"https:\/\/blog.holyart.it\/fr\/wp-content\/uploads\/sites\/14\/2022\/09\/Image-d\u00e9votion-J\u00e9sus-Bon-Pasteur-Pri\u00e8re-dun-malade-ITA-10x5-cm.jpg\" alt=\" Image d\u00e9votion J\u00e9sus Bon Pasteur Pri\u00e8re d'un malade ITA 10x5 cm\" width=\"100\" height=\"100\" data-kale-share-title=\"Pri\u00e8re pour les malades: prier pour un \u00eatre cher ou pour soi-m\u00eame\" data-kale-share-url=\"https:\/\/blog.holyart.it\/fr\/?p=5246\" \/><\/div>\n<div class=\"blocco-contenuto\">\n<div class=\"blocco-acquista\">Acheter sur Holyart:<\/div>\n<div class=\"blocco-titolo\"><a href=\"https:\/\/www.holyart.fr\/articles-religieux\/images-pieuses-cartes-de-voeux\/images-pieuses\/image-devotion-jesus-bon-pasteur-priere-dun-malade-ita-10x5-cm\">Image d\u00e9votion\u00a0 Pri\u00e8re d&rsquo;un malade<\/a><\/div>\n<div class=\"blocco-descrizione\">Image pieuse, produite par Fratelli Bonella<\/div>\n<\/div>\n<\/div>\n<p>\u00ab\u00a0<em>Pers\u00e9v\u00e9rez dans la pri\u00e8re, veillez-y avec actions de gr\u00e2ces<\/em>\u00a0\u00bb (Colossiens 4\u00a0:2), mais aussi \u00ab\u00a0<em>J\u00e9sus leur adressa une parabole, pour montrer qu\u2019il fallait toujours prier, et ne point se rel\u00e2cher<\/em>\u00a0\u00bb (Luc 18\u00a0:1). Dans les \u00c9critures, J\u00e9sus exhorte souvent les personnes qui l\u2019entourent \u00e0 prier sans ne jamais se rel\u00e2cher, car la pri\u00e8re, si cultiv\u00e9e avec pers\u00e9v\u00e9rance, aide \u00e0 <strong>alimenter notre force int\u00e9rieure<\/strong> et \u00e0 nous rendre plus forts contre le mal et les maladies. Gr\u00e2ce \u00e0 la pri\u00e8re Dieu connait nos besoins et peut nous aider \u00e0 les exaucer.<\/p>\n<p>&nbsp;<\/p>\n<p>Voici donc le texte d\u2019une <strong>pri\u00e8re pour les malades<\/strong>, une parmi les plus c\u00e9l\u00e8bres\u00a0:<\/p>\n<p><em>Seigneur mon Dieu,<\/em><\/p>\n<p><em>Toi qui es le Dieu souverain, le cr\u00e9ateur de toutes choses,<\/em><\/p>\n<p><em>Je te rends gr\u00e2ce et je t\u2019implore.<\/em><\/p>\n<p><em>Seigneur J\u00e9sus,<\/em><\/p>\n<p><em>Toi qui es Dieu et sauveur, vrai Dieu et vrai homme,<\/em><\/p>\n<p><em>Je te b\u00e9nis et je demande ton intervention.<\/em><\/p>\n<p><em>Seigneur Esprit Saint,<\/em><\/p>\n<p><em>Toi qui es le d\u00e9fenseur des enfants de Dieu,<\/em><\/p>\n<p><em>Je t\u2019invoque.<\/em><\/p>\n<p><em>Trinit\u00e9 Sainte, par l\u2019intercession de notre m\u00e8re du ciel, de saint Rapha\u00ebl et de tous les saints du ciel,<\/em><\/p>\n<p><em>J\u2019ai besoin des gr\u00e2ces de gu\u00e9rison pour \u2026\u2026. qui est malade et qui souffre.<\/em><\/p>\n<p><em>Pardonne-lui tous ses p\u00e9ch\u00e9s en pens\u00e9e, en action et par omission.<\/em><\/p>\n<p><em>Ne retiens pas ses p\u00e9ch\u00e9s, pardonnes et oublies, Seigneur, ses fautes.<\/em><\/p>\n<p><em>Seigneur J\u00e9sus, tu as connu la souffrance pour que l\u2019homme soit sauv\u00e9.<\/em><\/p>\n<p><em>Tu t\u2019es fait homme pour que l\u2019homme communie avec Dieu.<\/em><\/p>\n<p><em>Durant ton s\u00e9jour terrestre, tu as gu\u00e9ri des malades, tu as ressuscit\u00e9 des morts.<\/em><\/p>\n<p><em>Tu es venu sur terre pour lib\u00e9rer l\u2019homme de la souffrance.<\/em><\/p>\n<p><em>Et tu as donn\u00e9 le pouvoir \u00e0 tes disciples et \u00e0 ton \u00c9glise de gu\u00e9rir et de d\u00e9livrer en ton nom tous ceux qui sont alit\u00e9s par la maladie.<\/em><\/p>\n<p><em>Au nom de ma foi et de la foi de ton \u00c9glise une, sainte, catholique et apostolique, uni \u00e0 l\u2019\u00c9glise et \u00e0 ses ministres ordonn\u00e9s, je demande la gu\u00e9rison en ton nom pour \u2026\u2026..<\/em><\/p>\n<p><em>Oui Seigneur, je te prie, que cette maladie disparaisse et qu\u2019il se l\u00e8ve de son lit et reprenne ses activit\u00e9s.<\/em><\/p>\n<p><em>Oui Seigneur, \u2026\u2026\u2026 est aussi un fils ou une fille d\u2019Abraham.<\/em><\/p>\n<p><em>Comme jadis, la femme atteinte de perte de sang, comme l\u2019aveugle de J\u00e9richo, comme le paralytique et tous les malades que tu gu\u00e9ris, aujourd\u2019hui encore si tu le veux Seigneur, tu peux gu\u00e9rir \u2026\u2026\u2026<\/em><\/p>\n<p><em>Que ta volont\u00e9 se fasse pour lui, Seigneur.<\/em><\/p>\n<p><em>\u00c0 toi l\u2019honneur, \u00e0 toi la gloire, pour les si\u00e8cles des si\u00e8cles. Amen.<\/em><\/p>\n","protected":false},"excerpt":{"rendered":"<p>Voici la pri\u00e8re pour les malades \u00e0 adresser \u00e0 J\u00e9sus ou \u00e0 la Vierge afin d\u2019obtenir du soulagement pour nous et pour nos \u00eatres chers La maladie est un \u00e9tat de souffrance qui concerne tous les \u00eatres humains \u00e0 diff\u00e9rents degr\u00e9s et \u00e0 diff\u00e9rents moments&hellip;<\/p>\n","protected":false},"author":1,"featured_media":5247,"comment_status":"closed","ping_status":"open","sticky":false,"template":"","format":"standard","meta":{"_acf_changed":false,"footnotes":""},"categories":[8],"tags":[],"class_list":["post-5246","post","type-post","status-publish","format-standard","has-post-thumbnail","hentry","category-articles-religieux"],"acf":[],"yoast_head":"<!-- This site is optimized with the Yoast SEO plugin v26.6 - https:\/\/yoast.com\/wordpress\/plugins\/seo\/ -->\n<title>Pri\u00e8re pour les malades: prier pour un \u00eatre cher ou pour soi-m\u00eame<\/title>\n<meta name=\"description\" content=\"Voici la pri\u00e8re pour les malades \u00e0 adresser \u00e0 J\u00e9sus ou \u00e0 la Vierge afin d\u2019obtenir du soulagement pour nous et pour nos \u00eatres chers\" \/>\n<meta name=\"robots\" content=\"index, follow, max-snippet:-1, max-image-preview:large, max-video-preview:-1\" \/>\n<link rel=\"canonical\" href=\"https:\/\/blog.holyart.it\/fr\/articles-religieux\/priere-pour-les-malades-prier-pour-un-etre-cher-ou-pour-soi-meme\/\" \/>\n<meta property=\"og:locale\" content=\"fr_FR\" \/>\n<meta property=\"og:type\" content=\"article\" \/>\n<meta property=\"og:title\" content=\"Pri\u00e8re pour les malades: prier pour un \u00eatre cher ou pour soi-m\u00eame\" \/>\n<meta property=\"og:description\" content=\"Voici la pri\u00e8re pour les malades \u00e0 adresser \u00e0 J\u00e9sus ou \u00e0 la Vierge afin d\u2019obtenir du soulagement pour nous et pour nos \u00eatres chers\" \/>\n<meta property=\"og:url\" content=\"https:\/\/blog.holyart.it\/fr\/articles-religieux\/priere-pour-les-malades-prier-pour-un-etre-cher-ou-pour-soi-meme\/\" \/>\n<meta property=\"og:site_name\" content=\"Holyart.fr Blog\" \/>\n<meta property=\"article:published_time\" content=\"2022-10-03T10:30:26+00:00\" \/>\n<meta property=\"article:modified_time\" content=\"2026-03-23T08:52:03+00:00\" \/>\n<meta property=\"og:image\" content=\"https:\/\/blog.holyart.it\/fr\/wp-content\/uploads\/sites\/14\/2022\/09\/Pri\u00e8re-pour-les-malades.jpg\" \/>\n\t<meta property=\"og:image:width\" content=\"1000\" \/>\n\t<meta property=\"og:image:height\" content=\"666\" \/>\n\t<meta property=\"og:image:type\" content=\"image\/jpeg\" \/>\n<meta name=\"author\" content=\"Redazione\" \/>\n<meta name=\"twitter:card\" content=\"summary_large_image\" \/>\n<meta name=\"twitter:label1\" content=\"\u00c9crit par\" \/>\n\t<meta name=\"twitter:data1\" content=\"Redazione\" \/>\n\t<meta name=\"twitter:label2\" content=\"Dur\u00e9e de lecture estim\u00e9e\" \/>\n\t<meta name=\"twitter:data2\" content=\"7 minutes\" \/>\n<script type=\"application\/ld+json\" class=\"yoast-schema-graph\">{\"@context\":\"https:\/\/schema.org\",\"@graph\":[{\"@type\":\"Article\",\"@id\":\"https:\/\/blog.holyart.it\/fr\/articles-religieux\/priere-pour-les-malades-prier-pour-un-etre-cher-ou-pour-soi-meme\/#article\",\"isPartOf\":{\"@id\":\"https:\/\/blog.holyart.it\/fr\/articles-religieux\/priere-pour-les-malades-prier-pour-un-etre-cher-ou-pour-soi-meme\/\"},\"author\":{\"name\":\"Redazione\",\"@id\":\"https:\/\/blog.holyart.it\/fr\/#\/schema\/person\/0a7b686e5af0f856ec1e390dd0baecda\"},\"headline\":\"Pri\u00e8re pour les malades: prier pour un \u00eatre cher ou pour soi-m\u00eame\",\"datePublished\":\"2022-10-03T10:30:26+00:00\",\"dateModified\":\"2026-03-23T08:52:03+00:00\",\"mainEntityOfPage\":{\"@id\":\"https:\/\/blog.holyart.it\/fr\/articles-religieux\/priere-pour-les-malades-prier-pour-un-etre-cher-ou-pour-soi-meme\/\"},\"wordCount\":1264,\"publisher\":{\"@id\":\"https:\/\/blog.holyart.it\/fr\/#organization\"},\"image\":{\"@id\":\"https:\/\/blog.holyart.it\/fr\/articles-religieux\/priere-pour-les-malades-prier-pour-un-etre-cher-ou-pour-soi-meme\/#primaryimage\"},\"thumbnailUrl\":\"https:\/\/blog.holyart.it\/fr\/wp-content\/uploads\/sites\/14\/2022\/09\/Pri\u00e8re-pour-les-malades.jpg\",\"articleSection\":[\"Religion\"],\"inLanguage\":\"fr-FR\"},{\"@type\":\"WebPage\",\"@id\":\"https:\/\/blog.holyart.it\/fr\/articles-religieux\/priere-pour-les-malades-prier-pour-un-etre-cher-ou-pour-soi-meme\/\",\"url\":\"https:\/\/blog.holyart.it\/fr\/articles-religieux\/priere-pour-les-malades-prier-pour-un-etre-cher-ou-pour-soi-meme\/\",\"name\":\"Pri\u00e8re pour les malades: prier pour un \u00eatre cher ou pour soi-m\u00eame\",\"isPartOf\":{\"@id\":\"https:\/\/blog.holyart.it\/fr\/#website\"},\"primaryImageOfPage\":{\"@id\":\"https:\/\/blog.holyart.it\/fr\/articles-religieux\/priere-pour-les-malades-prier-pour-un-etre-cher-ou-pour-soi-meme\/#primaryimage\"},\"image\":{\"@id\":\"https:\/\/blog.holyart.it\/fr\/articles-religieux\/priere-pour-les-malades-prier-pour-un-etre-cher-ou-pour-soi-meme\/#primaryimage\"},\"thumbnailUrl\":\"https:\/\/blog.holyart.it\/fr\/wp-content\/uploads\/sites\/14\/2022\/09\/Pri\u00e8re-pour-les-malades.jpg\",\"datePublished\":\"2022-10-03T10:30:26+00:00\",\"dateModified\":\"2026-03-23T08:52:03+00:00\",\"description\":\"Voici la pri\u00e8re pour les malades \u00e0 adresser \u00e0 J\u00e9sus ou \u00e0 la Vierge afin d\u2019obtenir du soulagement pour nous et pour nos \u00eatres chers\",\"breadcrumb\":{\"@id\":\"https:\/\/blog.holyart.it\/fr\/articles-religieux\/priere-pour-les-malades-prier-pour-un-etre-cher-ou-pour-soi-meme\/#breadcrumb\"},\"inLanguage\":\"fr-FR\",\"potentialAction\":[{\"@type\":\"ReadAction\",\"target\":[\"https:\/\/blog.holyart.it\/fr\/articles-religieux\/priere-pour-les-malades-prier-pour-un-etre-cher-ou-pour-soi-meme\/\"]}]},{\"@type\":\"ImageObject\",\"inLanguage\":\"fr-FR\",\"@id\":\"https:\/\/blog.holyart.it\/fr\/articles-religieux\/priere-pour-les-malades-prier-pour-un-etre-cher-ou-pour-soi-meme\/#primaryimage\",\"url\":\"https:\/\/blog.holyart.it\/fr\/wp-content\/uploads\/sites\/14\/2022\/09\/Pri\u00e8re-pour-les-malades.jpg\",\"contentUrl\":\"https:\/\/blog.holyart.it\/fr\/wp-content\/uploads\/sites\/14\/2022\/09\/Pri\u00e8re-pour-les-malades.jpg\",\"width\":1000,\"height\":666,\"caption\":\"Pri\u00e8re pour les malades\"},{\"@type\":\"BreadcrumbList\",\"@id\":\"https:\/\/blog.holyart.it\/fr\/articles-religieux\/priere-pour-les-malades-prier-pour-un-etre-cher-ou-pour-soi-meme\/#breadcrumb\",\"itemListElement\":[{\"@type\":\"ListItem\",\"position\":1,\"name\":\"Homepage\",\"item\":\"https:\/\/blog.holyart.it\/fr\/\"},{\"@type\":\"ListItem\",\"position\":2,\"name\":\"Religion\",\"item\":\"https:\/\/blog.holyart.it\/fr\/articles-religieux\/\"},{\"@type\":\"ListItem\",\"position\":3,\"name\":\"Pri\u00e8re pour les malades: prier pour un \u00eatre cher ou pour soi-m\u00eame\"}]},{\"@type\":\"WebSite\",\"@id\":\"https:\/\/blog.holyart.it\/fr\/#website\",\"url\":\"https:\/\/blog.holyart.it\/fr\/\",\"name\":\"Holyart.fr Blog\",\"description\":\"Holyblog\",\"publisher\":{\"@id\":\"https:\/\/blog.holyart.it\/fr\/#organization\"},\"potentialAction\":[{\"@type\":\"SearchAction\",\"target\":{\"@type\":\"EntryPoint\",\"urlTemplate\":\"https:\/\/blog.holyart.it\/fr\/?s={search_term_string}\"},\"query-input\":{\"@type\":\"PropertyValueSpecification\",\"valueRequired\":true,\"valueName\":\"search_term_string\"}}],\"inLanguage\":\"fr-FR\"},{\"@type\":\"Organization\",\"@id\":\"https:\/\/blog.holyart.it\/fr\/#organization\",\"name\":\"Holyart.fr Blog\",\"url\":\"https:\/\/blog.holyart.it\/fr\/\",\"logo\":{\"@type\":\"ImageObject\",\"inLanguage\":\"fr-FR\",\"@id\":\"https:\/\/blog.holyart.it\/fr\/#\/schema\/logo\/image\/\",\"url\":\"https:\/\/blog.holyart.it\/fr\/wp-content\/uploads\/sites\/14\/2022\/12\/Holyart_Blog_Logo.jpg\",\"contentUrl\":\"https:\/\/blog.holyart.it\/fr\/wp-content\/uploads\/sites\/14\/2022\/12\/Holyart_Blog_Logo.jpg\",\"width\":300,\"height\":50,\"caption\":\"Holyart.fr Blog\"},\"image\":{\"@id\":\"https:\/\/blog.holyart.it\/fr\/#\/schema\/logo\/image\/\"}},{\"@type\":\"Person\",\"@id\":\"https:\/\/blog.holyart.it\/fr\/#\/schema\/person\/0a7b686e5af0f856ec1e390dd0baecda\",\"name\":\"Redazione\",\"image\":{\"@type\":\"ImageObject\",\"inLanguage\":\"fr-FR\",\"@id\":\"https:\/\/blog.holyart.it\/fr\/#\/schema\/person\/image\/\",\"url\":\"https:\/\/secure.gravatar.com\/avatar\/f477da817f43e50d0af36abecd33e3edf826c68299714bdc1057dff3b113f516?s=96&d=mm&r=g\",\"contentUrl\":\"https:\/\/secure.gravatar.com\/avatar\/f477da817f43e50d0af36abecd33e3edf826c68299714bdc1057dff3b113f516?s=96&d=mm&r=g\",\"caption\":\"Redazione\"},\"url\":\"https:\/\/blog.holyart.it\/fr\/author\/admin\/\"}]}<\/script>\n<!-- \/ Yoast SEO plugin. -->","yoast_head_json":{"title":"Pri\u00e8re pour les malades: prier pour un \u00eatre cher ou pour soi-m\u00eame","description":"Voici la pri\u00e8re pour les malades \u00e0 adresser \u00e0 J\u00e9sus ou \u00e0 la Vierge afin d\u2019obtenir du soulagement pour nous et pour nos \u00eatres chers","robots":{"index":"index","follow":"follow","max-snippet":"max-snippet:-1","max-image-preview":"max-image-preview:large","max-video-preview":"max-video-preview:-1"},"canonical":"https:\/\/blog.holyart.it\/fr\/articles-religieux\/priere-pour-les-malades-prier-pour-un-etre-cher-ou-pour-soi-meme\/","og_locale":"fr_FR","og_type":"article","og_title":"Pri\u00e8re pour les malades: prier pour un \u00eatre cher ou pour soi-m\u00eame","og_description":"Voici la pri\u00e8re pour les malades \u00e0 adresser \u00e0 J\u00e9sus ou \u00e0 la Vierge afin d\u2019obtenir du soulagement pour nous et pour nos \u00eatres chers","og_url":"https:\/\/blog.holyart.it\/fr\/articles-religieux\/priere-pour-les-malades-prier-pour-un-etre-cher-ou-pour-soi-meme\/","og_site_name":"Holyart.fr Blog","article_published_time":"2022-10-03T10:30:26+00:00","article_modified_time":"2026-03-23T08:52:03+00:00","og_image":[{"width":1000,"height":666,"url":"https:\/\/blog.holyart.it\/fr\/wp-content\/uploads\/sites\/14\/2022\/09\/Pri\u00e8re-pour-les-malades.jpg","type":"image\/jpeg"}],"author":"Redazione","twitter_card":"summary_large_image","twitter_misc":{"\u00c9crit par":"Redazione","Dur\u00e9e de lecture estim\u00e9e":"7 minutes"},"schema":{"@context":"https:\/\/schema.org","@graph":[{"@type":"Article","@id":"https:\/\/blog.holyart.it\/fr\/articles-religieux\/priere-pour-les-malades-prier-pour-un-etre-cher-ou-pour-soi-meme\/#article","isPartOf":{"@id":"https:\/\/blog.holyart.it\/fr\/articles-religieux\/priere-pour-les-malades-prier-pour-un-etre-cher-ou-pour-soi-meme\/"},"author":{"name":"Redazione","@id":"https:\/\/blog.holyart.it\/fr\/#\/schema\/person\/0a7b686e5af0f856ec1e390dd0baecda"},"headline":"Pri\u00e8re pour les malades: prier pour un \u00eatre cher ou pour soi-m\u00eame","datePublished":"2022-10-03T10:30:26+00:00","dateModified":"2026-03-23T08:52:03+00:00","mainEntityOfPage":{"@id":"https:\/\/blog.holyart.it\/fr\/articles-religieux\/priere-pour-les-malades-prier-pour-un-etre-cher-ou-pour-soi-meme\/"},"wordCount":1264,"publisher":{"@id":"https:\/\/blog.holyart.it\/fr\/#organization"},"image":{"@id":"https:\/\/blog.holyart.it\/fr\/articles-religieux\/priere-pour-les-malades-prier-pour-un-etre-cher-ou-pour-soi-meme\/#primaryimage"},"thumbnailUrl":"https:\/\/blog.holyart.it\/fr\/wp-content\/uploads\/sites\/14\/2022\/09\/Pri\u00e8re-pour-les-malades.jpg","articleSection":["Religion"],"inLanguage":"fr-FR"},{"@type":"WebPage","@id":"https:\/\/blog.holyart.it\/fr\/articles-religieux\/priere-pour-les-malades-prier-pour-un-etre-cher-ou-pour-soi-meme\/","url":"https:\/\/blog.holyart.it\/fr\/articles-religieux\/priere-pour-les-malades-prier-pour-un-etre-cher-ou-pour-soi-meme\/","name":"Pri\u00e8re pour les malades: prier pour un \u00eatre cher ou pour soi-m\u00eame","isPartOf":{"@id":"https:\/\/blog.holyart.it\/fr\/#website"},"primaryImageOfPage":{"@id":"https:\/\/blog.holyart.it\/fr\/articles-religieux\/priere-pour-les-malades-prier-pour-un-etre-cher-ou-pour-soi-meme\/#primaryimage"},"image":{"@id":"https:\/\/blog.holyart.it\/fr\/articles-religieux\/priere-pour-les-malades-prier-pour-un-etre-cher-ou-pour-soi-meme\/#primaryimage"},"thumbnailUrl":"https:\/\/blog.holyart.it\/fr\/wp-content\/uploads\/sites\/14\/2022\/09\/Pri\u00e8re-pour-les-malades.jpg","datePublished":"2022-10-03T10:30:26+00:00","dateModified":"2026-03-23T08:52:03+00:00","description":"Voici la pri\u00e8re pour les malades \u00e0 adresser \u00e0 J\u00e9sus ou \u00e0 la Vierge afin d\u2019obtenir du soulagement pour nous et pour nos \u00eatres chers","breadcrumb":{"@id":"https:\/\/blog.holyart.it\/fr\/articles-religieux\/priere-pour-les-malades-prier-pour-un-etre-cher-ou-pour-soi-meme\/#breadcrumb"},"inLanguage":"fr-FR","potentialAction":[{"@type":"ReadAction","target":["https:\/\/blog.holyart.it\/fr\/articles-religieux\/priere-pour-les-malades-prier-pour-un-etre-cher-ou-pour-soi-meme\/"]}]},{"@type":"ImageObject","inLanguage":"fr-FR","@id":"https:\/\/blog.holyart.it\/fr\/articles-religieux\/priere-pour-les-malades-prier-pour-un-etre-cher-ou-pour-soi-meme\/#primaryimage","url":"https:\/\/blog.holyart.it\/fr\/wp-content\/uploads\/sites\/14\/2022\/09\/Pri\u00e8re-pour-les-malades.jpg","contentUrl":"https:\/\/blog.holyart.it\/fr\/wp-content\/uploads\/sites\/14\/2022\/09\/Pri\u00e8re-pour-les-malades.jpg","width":1000,"height":666,"caption":"Pri\u00e8re pour les malades"},{"@type":"BreadcrumbList","@id":"https:\/\/blog.holyart.it\/fr\/articles-religieux\/priere-pour-les-malades-prier-pour-un-etre-cher-ou-pour-soi-meme\/#breadcrumb","itemListElement":[{"@type":"ListItem","position":1,"name":"Homepage","item":"https:\/\/blog.holyart.it\/fr\/"},{"@type":"ListItem","position":2,"name":"Religion","item":"https:\/\/blog.holyart.it\/fr\/articles-religieux\/"},{"@type":"ListItem","position":3,"name":"Pri\u00e8re pour les malades: prier pour un \u00eatre cher ou pour soi-m\u00eame"}]},{"@type":"WebSite","@id":"https:\/\/blog.holyart.it\/fr\/#website","url":"https:\/\/blog.holyart.it\/fr\/","name":"Holyart.fr Blog","description":"Holyblog","publisher":{"@id":"https:\/\/blog.holyart.it\/fr\/#organization"},"potentialAction":[{"@type":"SearchAction","target":{"@type":"EntryPoint","urlTemplate":"https:\/\/blog.holyart.it\/fr\/?s={search_term_string}"},"query-input":{"@type":"PropertyValueSpecification","valueRequired":true,"valueName":"search_term_string"}}],"inLanguage":"fr-FR"},{"@type":"Organization","@id":"https:\/\/blog.holyart.it\/fr\/#organization","name":"Holyart.fr Blog","url":"https:\/\/blog.holyart.it\/fr\/","logo":{"@type":"ImageObject","inLanguage":"fr-FR","@id":"https:\/\/blog.holyart.it\/fr\/#\/schema\/logo\/image\/","url":"https:\/\/blog.holyart.it\/fr\/wp-content\/uploads\/sites\/14\/2022\/12\/Holyart_Blog_Logo.jpg","contentUrl":"https:\/\/blog.holyart.it\/fr\/wp-content\/uploads\/sites\/14\/2022\/12\/Holyart_Blog_Logo.jpg","width":300,"height":50,"caption":"Holyart.fr Blog"},"image":{"@id":"https:\/\/blog.holyart.it\/fr\/#\/schema\/logo\/image\/"}},{"@type":"Person","@id":"https:\/\/blog.holyart.it\/fr\/#\/schema\/person\/0a7b686e5af0f856ec1e390dd0baecda","name":"Redazione","image":{"@type":"ImageObject","inLanguage":"fr-FR","@id":"https:\/\/blog.holyart.it\/fr\/#\/schema\/person\/image\/","url":"https:\/\/secure.gravatar.com\/avatar\/f477da817f43e50d0af36abecd33e3edf826c68299714bdc1057dff3b113f516?s=96&d=mm&r=g","contentUrl":"https:\/\/secure.gravatar.com\/avatar\/f477da817f43e50d0af36abecd33e3edf826c68299714bdc1057dff3b113f516?s=96&d=mm&r=g","caption":"Redazione"},"url":"https:\/\/blog.holyart.it\/fr\/author\/admin\/"}]}},"_links":{"self":[{"href":"https:\/\/blog.holyart.it\/fr\/wp-json\/wp\/v2\/posts\/5246","targetHints":{"allow":["GET"]}}],"collection":[{"href":"https:\/\/blog.holyart.it\/fr\/wp-json\/wp\/v2\/posts"}],"about":[{"href":"https:\/\/blog.holyart.it\/fr\/wp-json\/wp\/v2\/types\/post"}],"author":[{"embeddable":true,"href":"https:\/\/blog.holyart.it\/fr\/wp-json\/wp\/v2\/users\/1"}],"replies":[{"embeddable":true,"href":"https:\/\/blog.holyart.it\/fr\/wp-json\/wp\/v2\/comments?post=5246"}],"version-history":[{"count":1,"href":"https:\/\/blog.holyart.it\/fr\/wp-json\/wp\/v2\/posts\/5246\/revisions"}],"predecessor-version":[{"id":7141,"href":"https:\/\/blog.holyart.it\/fr\/wp-json\/wp\/v2\/posts\/5246\/revisions\/7141"}],"wp:featuredmedia":[{"embeddable":true,"href":"https:\/\/blog.holyart.it\/fr\/wp-json\/wp\/v2\/media\/5247"}],"wp:attachment":[{"href":"https:\/\/blog.holyart.it\/fr\/wp-json\/wp\/v2\/media?parent=5246"}],"wp:term":[{"taxonomy":"category","embeddable":true,"href":"https:\/\/blog.holyart.it\/fr\/wp-json\/wp\/v2\/categories?post=5246"},{"taxonomy":"post_tag","embeddable":true,"href":"https:\/\/blog.holyart.it\/fr\/wp-json\/wp\/v2\/tags?post=5246"}],"curies":[{"name":"wp","href":"https:\/\/api.w.org\/{rel}","templated":true}]}}