{"id":5218,"date":"2022-09-28T12:30:45","date_gmt":"2022-09-28T10:30:45","guid":{"rendered":"https:\/\/blog.holyart.it\/fr\/?p=5218"},"modified":"2025-10-03T12:43:38","modified_gmt":"2025-10-03T10:43:38","slug":"la-priere-contre-la-depression-a-notre-dame-du-sourire","status":"publish","type":"post","link":"https:\/\/blog.holyart.it\/fr\/articles-religieux\/la-priere-contre-la-depression-a-notre-dame-du-sourire\/","title":{"rendered":"La pri\u00e8re contre la d\u00e9pression \u00e0 Notre-Dame du Sourire"},"content":{"rendered":"<h4><em>Comment est n\u00e9e la pri\u00e8re contre la d\u00e9pression et qui a \u00e9t\u00e9 le premier \u00e0 manifester sa d\u00e9votion \u00e0 Notre-Dame du Sourire ?<\/em><\/h4>\n\n<p>Certaines d\u00e9votions naissent de l\u2019exp\u00e9rience personnelle de ceux qui, tourment\u00e9s par une douleur, ont trouv\u00e9 du r\u00e9confort et de la consolation en J\u00e9sus ou dans la tr\u00e8s tendre image de sa m\u00e8re, Marie. C\u2019est le cas de la <strong>Pri\u00e8re contre la d\u00e9pression<\/strong>, n\u00e9e de la d\u00e9votion de <a href=\"https:\/\/www.holyart.fr\/blog\/articles-religieux\/sainte-therese-de-lisieux-et-le-miracle-des-roses\/\"><strong>Sainte Th\u00e9r\u00e8se de l\u2019Enfant-J\u00e9sus<\/strong><\/a> \u00e0 la Vierge.<br \/>\nSainte Th\u00e9r\u00e8se de Lisieux, ou Sainte Th\u00e9r\u00e8se de l\u2019Enfant-J\u00e9sus, nous a laiss\u00e9 un mod\u00e8le de spiritualit\u00e9 unique, d\u2019une foi sinc\u00e8re et poignante. Et cela malgr\u00e9 le fait qu\u2019elle soit morte tr\u00e8s jeune, \u00e0 vingt-cinq ans \u00e0 peine, apr\u00e8s une vie pass\u00e9e pour la plupart clo\u00eetr\u00e9e. Son amour pour J\u00e9sus s\u2019exprimait dans chaque geste, dans chaque action, et \u00e9tait fait de choses simples, quotidiennes. Elle naissait d\u2019un <strong>abandon absolu \u00e0 l\u2019amour pour Dieu<\/strong>, in\u00e9vitable, une fois atteinte la conscience de notre <strong>\u00eatre rien<\/strong> face au Tr\u00e8s-Haut, des cr\u00e9atures fragiles, humbles, n\u00e9cessiteuses de protection et d\u2019un guide aimant et s\u00fbr. Voici le prodige de la foi de Sainte Th\u00e9r\u00e8se de l\u2019Enfant-J\u00e9sus, qui n\u2019a jamais arr\u00eat\u00e9 de se sentir une petite fille face \u00e0 la pl\u00e9nitude de l\u2019amour de Dieu et dans ce sentiment de petitesse et de fragilit\u00e9 r\u00e9sidait sa richesse, une richesse qui naissait de la pauvret\u00e9, du <strong>besoin d\u2019\u00eatre empli de Gr\u00e2ce et d\u2019Amour<\/strong>.<\/p>\n<div class=\"link-article\">\n<p><img loading=\"lazy\" decoding=\"async\" class=\"size-full wp-image-5220 alignleft\" src=\"https:\/\/blog.holyart.it\/fr\/wp-content\/uploads\/sites\/14\/2022\/09\/Sainte-Therese-de-Lisieux-et-le-miracle-des-roses.jpg\" alt=\"Sainte Therese de Lisieux et le miracle des roses\" width=\"150\" height=\"99\" data-kale-share-title=\"La pri\u00e8re contre la d\u00e9pression \u00e0 Notre-Dame du Sourire\" data-kale-share-url=\"https:\/\/blog.holyart.it\/fr\/?p=5218\" \/><\/p>\n<div class=\"leggi-anche\">Lire aussi :<\/div>\n<p><strong><a href=\"https:\/\/www.holyart.fr\/blog\/articles-religieux\/sainte-therese-de-lisieux-et-le-miracle-des-roses\/\">Sainte Th\u00e9r\u00e8se de Lisieux et le miracle des roses<\/a><\/strong><br \/>\nSainte Th\u00e9r\u00e8se de Lisieux, morte \u00e0 seulement vingt-cinq ans, apr\u00e8s avoir pass\u00e9 une bonne partie de sa vie en clo\u00eetre&#8230;<\/p>\n<\/div>\n<p>Mais comment nait la <a href=\"https:\/\/www.holyart.fr\/blog\/saints-et-bienheureux\/difference-entre-veneration-devotion-adoration\/\"><strong>d\u00e9votion de Sainte Th\u00e9r\u00e8se \u00e0 la Vierge du Sourire<\/strong><\/a>\u00a0? Tout d\u2019abord, nous ne pouvons pas nous emp\u00eacher de penser que le <strong>sourire<\/strong> est une pr\u00e9rogative de la Vierge, la M\u00e8re par excellence et, en tant que telle, toujours pr\u00eate \u00e0 adresser \u00e0 tous ses enfants, surtout les plus fragiles et vuln\u00e9rables, le doux sourire que seule une m\u00e8re peut donner. Le sourire qui console, qui encourage, qui donne de la force pour affronter chaque emb\u00fbche, pour supporter chaque fardeau.<\/p>\n<div class=\"link-article\">\n<p><img loading=\"lazy\" decoding=\"async\" class=\"size-full wp-image-5221 alignleft\" src=\"https:\/\/blog.holyart.it\/fr\/wp-content\/uploads\/sites\/14\/2022\/09\/Vierge-Marie.jpg\" alt=\"Vierge Marie\" width=\"150\" height=\"99\" data-kale-share-title=\"La pri\u00e8re contre la d\u00e9pression \u00e0 Notre-Dame du Sourire\" data-kale-share-url=\"https:\/\/blog.holyart.it\/fr\/?p=5218\" \/><\/p>\n<div class=\"leggi-anche\">Lire aussi :<\/div>\n<p><strong><a href=\"https:\/\/www.holyart.fr\/blog\/saints-et-bienheureux\/difference-entre-veneration-devotion-adoration\/\">Quelle est la diff\u00e9rence entre V\u00e9n\u00e9ration, D\u00e9votion et Adoration ?<\/a><\/strong><br \/>\nLa V\u00e9n\u00e9ration, dans le contexte religieux, est l\u2019acte d\u2019honorer Dieu&#8230;<\/p>\n<\/div>\n<p><strong><a href=\"https:\/\/www.holyart.fr\/articles-religieux\/statues\/statues-en-platre\/statue-saint-therese-de-lenfant-jesus-platre-20-cm-peinte-barsanti\">Sainte Th\u00e9r\u00e8se de l\u2019Enfant-J\u00e9sus<\/a><\/strong> souffrit d\u00e8s son enfance de diff\u00e9rents troubles qui minaient son corps et son esprit. Entre autres, elle souffrait de <strong>d\u00e9pression et d\u2019attaques de panique<\/strong>, qui l\u2019obligeaient \u00e0 rester alit\u00e9e m\u00eame pendant plusieurs jours. Et bien la Sainte raconta que le 13 mai 1883, <a href=\"https:\/\/www.holyart.fr\/blog\/accessoires-pour-la-liturgie\/a-loccasion-de-la-pentecote-priez-marie-qui-defait-les-noeuds\/\"><strong>f\u00eate de la Pentec\u00f4te,<\/strong><\/a> lorsque, de son lit de douleur, elle contemplait l\u2019image de la Vierge, il lui parut que cette derni\u00e8re lui souriait. Un sourire tr\u00e8s doux, tendre, qui la fit para\u00eetre encore plus belle et aimante, et qui toucha le c\u0153ur de Sainte Th\u00e9r\u00e8se enfant jusqu\u2019\u00e0 l\u2019\u00e9mouvoir et \u00e0 la faire pleurer. La conscience que ce sourire charmant \u00e9tait juste pour elle, un don de la <a href=\"https:\/\/www.holyart.fr\/blog\/articles-religieux\/la-fete-des-meres-au-coeur-du-mois-marial\/\"><strong>Maman de toutes les mamans,<\/strong><\/a> la fit gu\u00e9rir de tous ses chagrins.<\/p>\n<div class=\"link-product\">\n<div class=\"blocco-immagine\"><img loading=\"lazy\" decoding=\"async\" class=\"size-full wp-image-5223 alignleft\" src=\"https:\/\/blog.holyart.it\/fr\/wp-content\/uploads\/sites\/14\/2022\/09\/Sainte-Therese-de-Lisieux.jpg\" alt=\"Sainte Therese de Lisieux\" width=\"100\" height=\"100\" data-kale-share-title=\"La pri\u00e8re contre la d\u00e9pression \u00e0 Notre-Dame du Sourire\" data-kale-share-url=\"https:\/\/blog.holyart.it\/fr\/?p=5218\" \/><\/div>\n<div class=\"blocco-contenuto\">\n<div class=\"blocco-acquista\">Acheter sur Holyart:<\/div>\n<div class=\"blocco-titolo\"><a href=\"https:\/\/www.holyart.fr\/articles-religieux\/statues\/statues-en-bois-peint\/sainte-therese-de-lisieux\">Sainte Th\u00e9r\u00e8se de Lisieux<\/a><\/div>\n<div class=\"blocco-descrizione\">Statue de Sainte Th\u00e9r\u00e8se de Lisieux.<\/div>\n<\/div>\n<\/div>\n<p>Ainsi nait <strong>Notre-Dame du Sourire<\/strong>, un des <strong><a href=\"https:\/\/www.holyart.fr\/blog\/articles-religieux\/titres-mariaux-combien-et-lesquels-sont-les-noms-dedies-a-marie\/\">titres mariaux pour lequel la Vierge est connue<\/a><\/strong> et ador\u00e9e dans le monde. Ce fut Sainte Th\u00e9r\u00e8se qui voulut raconter son exp\u00e9rience, tout d\u2019abord \u00e0 sa famille et ensuite au Carmel de Lisieux, o\u00f9 elle entra dans les ordres. Ce fut en effet gr\u00e2ce aux <strong>ordres carm\u00e9lites<\/strong> que cette d\u00e9votion se r\u00e9pandit dans le monde.<\/p>\n<p>Mais <strong><a href=\"https:\/\/www.holyart.fr\/articles-religieux\/tableaux-gravures-manuscrit-enlumine\/cadre-sur-toile-ste-therese-de-lisieux-70x50-cm\">Sainte Th\u00e9r\u00e8se<\/a><\/strong> dit encore plus. \u00c0 son exp\u00e9rience de foi et de gu\u00e9rison nous devons une <strong>pri\u00e8re d\u00e9di\u00e9e \u00e0 la Vierge<\/strong> en tant qu\u2019auxiliatrice pour ceux qui sont tourment\u00e9s par la d\u00e9pression et, en g\u00e9n\u00e9ral, par les troubles psychiatriques et les maladies qui empoisonnent le corps \u00e0 travers l\u2019esprit. Tout comme Sainte Th\u00e9r\u00e8se, de nombreuses personnes ont gu\u00e9ri de la d\u00e9pression ou ont trouv\u00e9 du soulagement de leurs maladies et d\u00e9rangements de l\u2019\u00e2me en r\u00e9citant cette pri\u00e8re.<\/p>\n<div class=\"link-product\">\n<div class=\"blocco-immagine\"><img loading=\"lazy\" decoding=\"async\" class=\"alignnone size-full wp-image-5224\" src=\"https:\/\/blog.holyart.it\/fr\/wp-content\/uploads\/sites\/14\/2022\/09\/Cadre-sur-toile-Ste-Therese-de-Lisieux.jpg\" alt=\"Cadre sur toile Ste Therese de Lisieux\" width=\"100\" height=\"100\" data-kale-share-title=\"La pri\u00e8re contre la d\u00e9pression \u00e0 Notre-Dame du Sourire\" data-kale-share-url=\"https:\/\/blog.holyart.it\/fr\/?p=5218\" \/><\/div>\n<div class=\"blocco-contenuto\">\n<div class=\"blocco-acquista\">Acheter sur Holyart:<\/div>\n<div class=\"blocco-titolo\"><a href=\"https:\/\/www.holyart.fr\/articles-religieux\/tableaux-gravures-manuscrit-enlumine\/cadre-sur-toile-ste-therese-de-lisieux-70x50-cm\">Cadre sur toile Ste Th\u00e9r\u00e8se de Lisieux<\/a><\/div>\n<div class=\"blocco-descrizione\">Cadre sur toile Ste Th\u00e9r\u00e8se de Lisieux 70&#215;50 cm<\/div>\n<\/div>\n<\/div>\n<p>Voici le texte de la pri\u00e8re \u00e0 Notre-Dame du Sourire. \u00c0 la fin de la pri\u00e8re, il est opportun de r\u00e9citer 2 Je Vous salue Marie pour rappeler les deux larmes de joie coul\u00e9es sur les joues de Sainte Th\u00e9r\u00e8se de l\u2019Enfant-J\u00e9sus le jour o\u00f9 la Vierge lui sourit.<\/p>\n<p><em>\u00d4 Marie, M\u00e8re de J\u00e9sus et la n\u00f4tre,<\/em><br \/>\n<em>qui avec un sourire clair a daign\u00e9 consoler<\/em><br \/>\n<em>et gu\u00e9rir votre fille Sainte Th\u00e9r\u00e8se de l\u2019Enfant-J\u00e9sus de la d\u00e9pression,<\/em><br \/>\n<em>lui rendant la joie de vivre<\/em><br \/>\n<em>et le sens de son existence dans le Christ Ressuscit\u00e9.<\/em><br \/>\n<em>\u00d4 Vierge du Sourire, regarde avec affection maternelle<\/em><br \/>\n<em>tant de fils et de filles qui souffrent de d\u00e9pression,<\/em><br \/>\n<em>de troubles et de syndromes psychiatriques et de maladies psychiatriques.<\/em><br \/>\n<em>Que J\u00e9sus-Christ gu\u00e9risse et donne un sens \u00e0 la vie de tant de personnes<\/em>,<br \/>\n<em>dont l\u2019existence est parfois d\u00e9t\u00e9rior\u00e9e.<\/em><br \/>\n<em>Marie, que ton beau sourire ne laisse pas<\/em><br \/>\n<em>les difficult\u00e9s de la vie obscurcir notre esprit.<\/em><br \/>\n<em>Nous savons que seul votre fils J\u00e9sus peut satisfaire<\/em><br \/>\n<em>les aspirations les plus profondes de notre esprit.<\/em><br \/>\n<em>Marie, \u00e0 travers la lumi\u00e8re qui brille de ton visage,<\/em><br \/>\n<em>montre la mis\u00e9ricorde de Dieu.<\/em><br \/>\n<em>Que ton regard nous caresse et nous convainque que<\/em><br \/>\n<em>Dieu nous aime et ne nous quitte jamais,<\/em><br \/>\n<em>et ta tendresse renouvellera en nous l\u2019estime de soi,<\/em><br \/>\n<em>la confiance en nos propres capacit\u00e9s,<\/em><br \/>\n<em>l\u2019int\u00e9r\u00eat pour l\u2019avenir et le d\u00e9sir de vivre heureux.<\/em><br \/>\n<em>Que les proches de ceux qui souffrent de d\u00e9pression<\/em><br \/>\n<em>aident dans le processus de gu\u00e9rison, sans jamais les consid\u00e9rer<\/em><br \/>\n<em>comme des farces de la maladie avec des int\u00e9r\u00eat de commodit\u00e9,<\/em><br \/>\n<em>mais pour les valorises, les \u00e9couter, les comprendre et les encourager.<\/em><br \/>\n<em>Vierge du Sourire, donne-nous le v\u00e9ritable rem\u00e8de de J\u00e9sus<\/em><br \/>\n<em>et lib\u00e8re-nous du soulagement temporaire et illusoire.<\/em><br \/>\n<em>Gu\u00e9ris, nous nous engageons \u00e0 servir J\u00e9sus avec joie,<\/em><br \/>\n<em>volont\u00e9 et enthousiasme en tant que disciples missionnaires,<\/em><br \/>\n<em>avec notre t\u00e9moignage d\u2019une vie renouvel\u00e9e. Amen.<\/em><\/p>\n","protected":false},"excerpt":{"rendered":"<p>Comment est n\u00e9e la pri\u00e8re contre la d\u00e9pression et qui a \u00e9t\u00e9 le premier \u00e0 manifester sa d\u00e9votion \u00e0 Notre-Dame du Sourire ? Certaines d\u00e9votions naissent de l\u2019exp\u00e9rience personnelle de ceux qui, tourment\u00e9s par une douleur, ont trouv\u00e9 du r\u00e9confort et de la consolation en&hellip;<\/p>\n","protected":false},"author":1,"featured_media":5219,"comment_status":"closed","ping_status":"open","sticky":false,"template":"","format":"standard","meta":{"_acf_changed":false,"footnotes":""},"categories":[8],"tags":[],"class_list":["post-5218","post","type-post","status-publish","format-standard","has-post-thumbnail","hentry","category-articles-religieux"],"acf":[],"yoast_head":"<!-- This site is optimized with the Yoast SEO plugin v26.6 - https:\/\/yoast.com\/wordpress\/plugins\/seo\/ -->\n<title>La pri\u00e8re contre la d\u00e9pression \u00e0 Notre-Dame du Sourire - Holyart.fr Blog<\/title>\n<meta name=\"description\" content=\"Comment est n\u00e9e la pri\u00e8re contre la d\u00e9pression et qui a \u00e9t\u00e9 le premier \u00e0 manifester sa d\u00e9votion \u00e0 Notre-Dame du Sourire ?\" \/>\n<meta name=\"robots\" content=\"index, follow, max-snippet:-1, max-image-preview:large, max-video-preview:-1\" \/>\n<link rel=\"canonical\" href=\"https:\/\/blog.holyart.it\/fr\/articles-religieux\/la-priere-contre-la-depression-a-notre-dame-du-sourire\/\" \/>\n<meta property=\"og:locale\" content=\"fr_FR\" \/>\n<meta property=\"og:type\" content=\"article\" \/>\n<meta property=\"og:title\" content=\"La pri\u00e8re contre la d\u00e9pression \u00e0 Notre-Dame du Sourire - Holyart.fr Blog\" \/>\n<meta property=\"og:description\" content=\"Comment est n\u00e9e la pri\u00e8re contre la d\u00e9pression et qui a \u00e9t\u00e9 le premier \u00e0 manifester sa d\u00e9votion \u00e0 Notre-Dame du Sourire ?\" \/>\n<meta property=\"og:url\" content=\"https:\/\/blog.holyart.it\/fr\/articles-religieux\/la-priere-contre-la-depression-a-notre-dame-du-sourire\/\" \/>\n<meta property=\"og:site_name\" content=\"Holyart.fr Blog\" \/>\n<meta property=\"article:published_time\" content=\"2022-09-28T10:30:45+00:00\" \/>\n<meta property=\"article:modified_time\" content=\"2025-10-03T10:43:38+00:00\" \/>\n<meta property=\"og:image\" content=\"https:\/\/blog.holyart.it\/fr\/wp-content\/uploads\/sites\/14\/2022\/09\/Vierge-du-Sourire.jpg\" \/>\n\t<meta property=\"og:image:width\" content=\"1000\" \/>\n\t<meta property=\"og:image:height\" content=\"666\" \/>\n\t<meta property=\"og:image:type\" content=\"image\/jpeg\" \/>\n<meta name=\"author\" content=\"Redazione\" \/>\n<meta name=\"twitter:card\" content=\"summary_large_image\" \/>\n<meta name=\"twitter:label1\" content=\"\u00c9crit par\" \/>\n\t<meta name=\"twitter:data1\" content=\"Redazione\" \/>\n\t<meta name=\"twitter:label2\" content=\"Dur\u00e9e de lecture estim\u00e9e\" \/>\n\t<meta name=\"twitter:data2\" content=\"6 minutes\" \/>\n<script type=\"application\/ld+json\" class=\"yoast-schema-graph\">{\"@context\":\"https:\/\/schema.org\",\"@graph\":[{\"@type\":\"Article\",\"@id\":\"https:\/\/blog.holyart.it\/fr\/articles-religieux\/la-priere-contre-la-depression-a-notre-dame-du-sourire\/#article\",\"isPartOf\":{\"@id\":\"https:\/\/blog.holyart.it\/fr\/articles-religieux\/la-priere-contre-la-depression-a-notre-dame-du-sourire\/\"},\"author\":{\"name\":\"Redazione\",\"@id\":\"https:\/\/blog.holyart.it\/fr\/#\/schema\/person\/0a7b686e5af0f856ec1e390dd0baecda\"},\"headline\":\"La pri\u00e8re contre la d\u00e9pression \u00e0 Notre-Dame du Sourire\",\"datePublished\":\"2022-09-28T10:30:45+00:00\",\"dateModified\":\"2025-10-03T10:43:38+00:00\",\"mainEntityOfPage\":{\"@id\":\"https:\/\/blog.holyart.it\/fr\/articles-religieux\/la-priere-contre-la-depression-a-notre-dame-du-sourire\/\"},\"wordCount\":1149,\"publisher\":{\"@id\":\"https:\/\/blog.holyart.it\/fr\/#organization\"},\"image\":{\"@id\":\"https:\/\/blog.holyart.it\/fr\/articles-religieux\/la-priere-contre-la-depression-a-notre-dame-du-sourire\/#primaryimage\"},\"thumbnailUrl\":\"https:\/\/blog.holyart.it\/fr\/wp-content\/uploads\/sites\/14\/2022\/09\/Vierge-du-Sourire.jpg\",\"articleSection\":[\"Religion\"],\"inLanguage\":\"fr-FR\"},{\"@type\":\"WebPage\",\"@id\":\"https:\/\/blog.holyart.it\/fr\/articles-religieux\/la-priere-contre-la-depression-a-notre-dame-du-sourire\/\",\"url\":\"https:\/\/blog.holyart.it\/fr\/articles-religieux\/la-priere-contre-la-depression-a-notre-dame-du-sourire\/\",\"name\":\"La pri\u00e8re contre la d\u00e9pression \u00e0 Notre-Dame du Sourire - Holyart.fr Blog\",\"isPartOf\":{\"@id\":\"https:\/\/blog.holyart.it\/fr\/#website\"},\"primaryImageOfPage\":{\"@id\":\"https:\/\/blog.holyart.it\/fr\/articles-religieux\/la-priere-contre-la-depression-a-notre-dame-du-sourire\/#primaryimage\"},\"image\":{\"@id\":\"https:\/\/blog.holyart.it\/fr\/articles-religieux\/la-priere-contre-la-depression-a-notre-dame-du-sourire\/#primaryimage\"},\"thumbnailUrl\":\"https:\/\/blog.holyart.it\/fr\/wp-content\/uploads\/sites\/14\/2022\/09\/Vierge-du-Sourire.jpg\",\"datePublished\":\"2022-09-28T10:30:45+00:00\",\"dateModified\":\"2025-10-03T10:43:38+00:00\",\"description\":\"Comment est n\u00e9e la pri\u00e8re contre la d\u00e9pression et qui a \u00e9t\u00e9 le premier \u00e0 manifester sa d\u00e9votion \u00e0 Notre-Dame du Sourire ?\",\"breadcrumb\":{\"@id\":\"https:\/\/blog.holyart.it\/fr\/articles-religieux\/la-priere-contre-la-depression-a-notre-dame-du-sourire\/#breadcrumb\"},\"inLanguage\":\"fr-FR\",\"potentialAction\":[{\"@type\":\"ReadAction\",\"target\":[\"https:\/\/blog.holyart.it\/fr\/articles-religieux\/la-priere-contre-la-depression-a-notre-dame-du-sourire\/\"]}]},{\"@type\":\"ImageObject\",\"inLanguage\":\"fr-FR\",\"@id\":\"https:\/\/blog.holyart.it\/fr\/articles-religieux\/la-priere-contre-la-depression-a-notre-dame-du-sourire\/#primaryimage\",\"url\":\"https:\/\/blog.holyart.it\/fr\/wp-content\/uploads\/sites\/14\/2022\/09\/Vierge-du-Sourire.jpg\",\"contentUrl\":\"https:\/\/blog.holyart.it\/fr\/wp-content\/uploads\/sites\/14\/2022\/09\/Vierge-du-Sourire.jpg\",\"width\":1000,\"height\":666,\"caption\":\"Vierge du Sourire\"},{\"@type\":\"BreadcrumbList\",\"@id\":\"https:\/\/blog.holyart.it\/fr\/articles-religieux\/la-priere-contre-la-depression-a-notre-dame-du-sourire\/#breadcrumb\",\"itemListElement\":[{\"@type\":\"ListItem\",\"position\":1,\"name\":\"Homepage\",\"item\":\"https:\/\/blog.holyart.it\/fr\/\"},{\"@type\":\"ListItem\",\"position\":2,\"name\":\"Religion\",\"item\":\"https:\/\/blog.holyart.it\/fr\/articles-religieux\/\"},{\"@type\":\"ListItem\",\"position\":3,\"name\":\"La pri\u00e8re contre la d\u00e9pression \u00e0 Notre-Dame du Sourire\"}]},{\"@type\":\"WebSite\",\"@id\":\"https:\/\/blog.holyart.it\/fr\/#website\",\"url\":\"https:\/\/blog.holyart.it\/fr\/\",\"name\":\"Holyart.fr Blog\",\"description\":\"Holyblog\",\"publisher\":{\"@id\":\"https:\/\/blog.holyart.it\/fr\/#organization\"},\"potentialAction\":[{\"@type\":\"SearchAction\",\"target\":{\"@type\":\"EntryPoint\",\"urlTemplate\":\"https:\/\/blog.holyart.it\/fr\/?s={search_term_string}\"},\"query-input\":{\"@type\":\"PropertyValueSpecification\",\"valueRequired\":true,\"valueName\":\"search_term_string\"}}],\"inLanguage\":\"fr-FR\"},{\"@type\":\"Organization\",\"@id\":\"https:\/\/blog.holyart.it\/fr\/#organization\",\"name\":\"Holyart.fr Blog\",\"url\":\"https:\/\/blog.holyart.it\/fr\/\",\"logo\":{\"@type\":\"ImageObject\",\"inLanguage\":\"fr-FR\",\"@id\":\"https:\/\/blog.holyart.it\/fr\/#\/schema\/logo\/image\/\",\"url\":\"https:\/\/blog.holyart.it\/fr\/wp-content\/uploads\/sites\/14\/2022\/12\/Holyart_Blog_Logo.jpg\",\"contentUrl\":\"https:\/\/blog.holyart.it\/fr\/wp-content\/uploads\/sites\/14\/2022\/12\/Holyart_Blog_Logo.jpg\",\"width\":300,\"height\":50,\"caption\":\"Holyart.fr Blog\"},\"image\":{\"@id\":\"https:\/\/blog.holyart.it\/fr\/#\/schema\/logo\/image\/\"}},{\"@type\":\"Person\",\"@id\":\"https:\/\/blog.holyart.it\/fr\/#\/schema\/person\/0a7b686e5af0f856ec1e390dd0baecda\",\"name\":\"Redazione\",\"image\":{\"@type\":\"ImageObject\",\"inLanguage\":\"fr-FR\",\"@id\":\"https:\/\/blog.holyart.it\/fr\/#\/schema\/person\/image\/\",\"url\":\"https:\/\/secure.gravatar.com\/avatar\/f477da817f43e50d0af36abecd33e3edf826c68299714bdc1057dff3b113f516?s=96&d=mm&r=g\",\"contentUrl\":\"https:\/\/secure.gravatar.com\/avatar\/f477da817f43e50d0af36abecd33e3edf826c68299714bdc1057dff3b113f516?s=96&d=mm&r=g\",\"caption\":\"Redazione\"},\"url\":\"https:\/\/blog.holyart.it\/fr\/author\/admin\/\"}]}<\/script>\n<!-- \/ Yoast SEO plugin. -->","yoast_head_json":{"title":"La pri\u00e8re contre la d\u00e9pression \u00e0 Notre-Dame du Sourire - Holyart.fr Blog","description":"Comment est n\u00e9e la pri\u00e8re contre la d\u00e9pression et qui a \u00e9t\u00e9 le premier \u00e0 manifester sa d\u00e9votion \u00e0 Notre-Dame du Sourire ?","robots":{"index":"index","follow":"follow","max-snippet":"max-snippet:-1","max-image-preview":"max-image-preview:large","max-video-preview":"max-video-preview:-1"},"canonical":"https:\/\/blog.holyart.it\/fr\/articles-religieux\/la-priere-contre-la-depression-a-notre-dame-du-sourire\/","og_locale":"fr_FR","og_type":"article","og_title":"La pri\u00e8re contre la d\u00e9pression \u00e0 Notre-Dame du Sourire - Holyart.fr Blog","og_description":"Comment est n\u00e9e la pri\u00e8re contre la d\u00e9pression et qui a \u00e9t\u00e9 le premier \u00e0 manifester sa d\u00e9votion \u00e0 Notre-Dame du Sourire ?","og_url":"https:\/\/blog.holyart.it\/fr\/articles-religieux\/la-priere-contre-la-depression-a-notre-dame-du-sourire\/","og_site_name":"Holyart.fr Blog","article_published_time":"2022-09-28T10:30:45+00:00","article_modified_time":"2025-10-03T10:43:38+00:00","og_image":[{"width":1000,"height":666,"url":"https:\/\/blog.holyart.it\/fr\/wp-content\/uploads\/sites\/14\/2022\/09\/Vierge-du-Sourire.jpg","type":"image\/jpeg"}],"author":"Redazione","twitter_card":"summary_large_image","twitter_misc":{"\u00c9crit par":"Redazione","Dur\u00e9e de lecture estim\u00e9e":"6 minutes"},"schema":{"@context":"https:\/\/schema.org","@graph":[{"@type":"Article","@id":"https:\/\/blog.holyart.it\/fr\/articles-religieux\/la-priere-contre-la-depression-a-notre-dame-du-sourire\/#article","isPartOf":{"@id":"https:\/\/blog.holyart.it\/fr\/articles-religieux\/la-priere-contre-la-depression-a-notre-dame-du-sourire\/"},"author":{"name":"Redazione","@id":"https:\/\/blog.holyart.it\/fr\/#\/schema\/person\/0a7b686e5af0f856ec1e390dd0baecda"},"headline":"La pri\u00e8re contre la d\u00e9pression \u00e0 Notre-Dame du Sourire","datePublished":"2022-09-28T10:30:45+00:00","dateModified":"2025-10-03T10:43:38+00:00","mainEntityOfPage":{"@id":"https:\/\/blog.holyart.it\/fr\/articles-religieux\/la-priere-contre-la-depression-a-notre-dame-du-sourire\/"},"wordCount":1149,"publisher":{"@id":"https:\/\/blog.holyart.it\/fr\/#organization"},"image":{"@id":"https:\/\/blog.holyart.it\/fr\/articles-religieux\/la-priere-contre-la-depression-a-notre-dame-du-sourire\/#primaryimage"},"thumbnailUrl":"https:\/\/blog.holyart.it\/fr\/wp-content\/uploads\/sites\/14\/2022\/09\/Vierge-du-Sourire.jpg","articleSection":["Religion"],"inLanguage":"fr-FR"},{"@type":"WebPage","@id":"https:\/\/blog.holyart.it\/fr\/articles-religieux\/la-priere-contre-la-depression-a-notre-dame-du-sourire\/","url":"https:\/\/blog.holyart.it\/fr\/articles-religieux\/la-priere-contre-la-depression-a-notre-dame-du-sourire\/","name":"La pri\u00e8re contre la d\u00e9pression \u00e0 Notre-Dame du Sourire - Holyart.fr Blog","isPartOf":{"@id":"https:\/\/blog.holyart.it\/fr\/#website"},"primaryImageOfPage":{"@id":"https:\/\/blog.holyart.it\/fr\/articles-religieux\/la-priere-contre-la-depression-a-notre-dame-du-sourire\/#primaryimage"},"image":{"@id":"https:\/\/blog.holyart.it\/fr\/articles-religieux\/la-priere-contre-la-depression-a-notre-dame-du-sourire\/#primaryimage"},"thumbnailUrl":"https:\/\/blog.holyart.it\/fr\/wp-content\/uploads\/sites\/14\/2022\/09\/Vierge-du-Sourire.jpg","datePublished":"2022-09-28T10:30:45+00:00","dateModified":"2025-10-03T10:43:38+00:00","description":"Comment est n\u00e9e la pri\u00e8re contre la d\u00e9pression et qui a \u00e9t\u00e9 le premier \u00e0 manifester sa d\u00e9votion \u00e0 Notre-Dame du Sourire ?","breadcrumb":{"@id":"https:\/\/blog.holyart.it\/fr\/articles-religieux\/la-priere-contre-la-depression-a-notre-dame-du-sourire\/#breadcrumb"},"inLanguage":"fr-FR","potentialAction":[{"@type":"ReadAction","target":["https:\/\/blog.holyart.it\/fr\/articles-religieux\/la-priere-contre-la-depression-a-notre-dame-du-sourire\/"]}]},{"@type":"ImageObject","inLanguage":"fr-FR","@id":"https:\/\/blog.holyart.it\/fr\/articles-religieux\/la-priere-contre-la-depression-a-notre-dame-du-sourire\/#primaryimage","url":"https:\/\/blog.holyart.it\/fr\/wp-content\/uploads\/sites\/14\/2022\/09\/Vierge-du-Sourire.jpg","contentUrl":"https:\/\/blog.holyart.it\/fr\/wp-content\/uploads\/sites\/14\/2022\/09\/Vierge-du-Sourire.jpg","width":1000,"height":666,"caption":"Vierge du Sourire"},{"@type":"BreadcrumbList","@id":"https:\/\/blog.holyart.it\/fr\/articles-religieux\/la-priere-contre-la-depression-a-notre-dame-du-sourire\/#breadcrumb","itemListElement":[{"@type":"ListItem","position":1,"name":"Homepage","item":"https:\/\/blog.holyart.it\/fr\/"},{"@type":"ListItem","position":2,"name":"Religion","item":"https:\/\/blog.holyart.it\/fr\/articles-religieux\/"},{"@type":"ListItem","position":3,"name":"La pri\u00e8re contre la d\u00e9pression \u00e0 Notre-Dame du Sourire"}]},{"@type":"WebSite","@id":"https:\/\/blog.holyart.it\/fr\/#website","url":"https:\/\/blog.holyart.it\/fr\/","name":"Holyart.fr Blog","description":"Holyblog","publisher":{"@id":"https:\/\/blog.holyart.it\/fr\/#organization"},"potentialAction":[{"@type":"SearchAction","target":{"@type":"EntryPoint","urlTemplate":"https:\/\/blog.holyart.it\/fr\/?s={search_term_string}"},"query-input":{"@type":"PropertyValueSpecification","valueRequired":true,"valueName":"search_term_string"}}],"inLanguage":"fr-FR"},{"@type":"Organization","@id":"https:\/\/blog.holyart.it\/fr\/#organization","name":"Holyart.fr Blog","url":"https:\/\/blog.holyart.it\/fr\/","logo":{"@type":"ImageObject","inLanguage":"fr-FR","@id":"https:\/\/blog.holyart.it\/fr\/#\/schema\/logo\/image\/","url":"https:\/\/blog.holyart.it\/fr\/wp-content\/uploads\/sites\/14\/2022\/12\/Holyart_Blog_Logo.jpg","contentUrl":"https:\/\/blog.holyart.it\/fr\/wp-content\/uploads\/sites\/14\/2022\/12\/Holyart_Blog_Logo.jpg","width":300,"height":50,"caption":"Holyart.fr Blog"},"image":{"@id":"https:\/\/blog.holyart.it\/fr\/#\/schema\/logo\/image\/"}},{"@type":"Person","@id":"https:\/\/blog.holyart.it\/fr\/#\/schema\/person\/0a7b686e5af0f856ec1e390dd0baecda","name":"Redazione","image":{"@type":"ImageObject","inLanguage":"fr-FR","@id":"https:\/\/blog.holyart.it\/fr\/#\/schema\/person\/image\/","url":"https:\/\/secure.gravatar.com\/avatar\/f477da817f43e50d0af36abecd33e3edf826c68299714bdc1057dff3b113f516?s=96&d=mm&r=g","contentUrl":"https:\/\/secure.gravatar.com\/avatar\/f477da817f43e50d0af36abecd33e3edf826c68299714bdc1057dff3b113f516?s=96&d=mm&r=g","caption":"Redazione"},"url":"https:\/\/blog.holyart.it\/fr\/author\/admin\/"}]}},"_links":{"self":[{"href":"https:\/\/blog.holyart.it\/fr\/wp-json\/wp\/v2\/posts\/5218","targetHints":{"allow":["GET"]}}],"collection":[{"href":"https:\/\/blog.holyart.it\/fr\/wp-json\/wp\/v2\/posts"}],"about":[{"href":"https:\/\/blog.holyart.it\/fr\/wp-json\/wp\/v2\/types\/post"}],"author":[{"embeddable":true,"href":"https:\/\/blog.holyart.it\/fr\/wp-json\/wp\/v2\/users\/1"}],"replies":[{"embeddable":true,"href":"https:\/\/blog.holyart.it\/fr\/wp-json\/wp\/v2\/comments?post=5218"}],"version-history":[{"count":1,"href":"https:\/\/blog.holyart.it\/fr\/wp-json\/wp\/v2\/posts\/5218\/revisions"}],"predecessor-version":[{"id":7032,"href":"https:\/\/blog.holyart.it\/fr\/wp-json\/wp\/v2\/posts\/5218\/revisions\/7032"}],"wp:featuredmedia":[{"embeddable":true,"href":"https:\/\/blog.holyart.it\/fr\/wp-json\/wp\/v2\/media\/5219"}],"wp:attachment":[{"href":"https:\/\/blog.holyart.it\/fr\/wp-json\/wp\/v2\/media?parent=5218"}],"wp:term":[{"taxonomy":"category","embeddable":true,"href":"https:\/\/blog.holyart.it\/fr\/wp-json\/wp\/v2\/categories?post=5218"},{"taxonomy":"post_tag","embeddable":true,"href":"https:\/\/blog.holyart.it\/fr\/wp-json\/wp\/v2\/tags?post=5218"}],"curies":[{"name":"wp","href":"https:\/\/api.w.org\/{rel}","templated":true}]}}