{"id":5198,"date":"2022-09-26T12:30:53","date_gmt":"2022-09-26T10:30:53","guid":{"rendered":"https:\/\/blog.holyart.it\/fr\/?p=5198"},"modified":"2026-01-30T17:02:33","modified_gmt":"2026-01-30T16:02:33","slug":"thomas-daquin-et-la-hierarchie-des-anges","status":"publish","type":"post","link":"https:\/\/blog.holyart.it\/fr\/saints-et-bienheureux\/thomas-daquin-et-la-hierarchie-des-anges\/","title":{"rendered":"Thomas d\u2019Aquin et la hi\u00e9rarchie des anges"},"content":{"rendered":"<h4><em>Le 28 janvier on f\u00eate la m\u00e9moire liturgique de Saint Thomas d\u2019Aquin, \u00ab\u00a0docteur ang\u00e9lique\u00a0\u00bb et auteur du plus c\u00e9l\u00e8bre trait\u00e9 de th\u00e9ologie m\u00e9di\u00e9val.<\/em><\/h4>\n\n<p><strong>Thomas d\u2019Aquin <\/strong>v\u00e9cut au XIIe si\u00e8cle. C\u2019\u00e9tait un <strong>fr\u00e8re dominicain<\/strong>, mais on s\u2019en souvient surtout pour ses m\u00e9rites en tant que <strong>th\u00e9ologien, philosophe et Docteur de l\u2019\u00c9glise<\/strong>. \u00c0 lui revient le m\u00e9rite d\u2019avoir su trouver le point de jonction et de combiner la philosophie classique et hell\u00e9nistique avec la th\u00e9ologie chr\u00e9tienne, et d\u2019avoir d\u00e9lin\u00e9\u00e9 les <strong>principes de la doctrine chr\u00e9tienne occidentale<\/strong> du Moyen \u00c2ge, avec des piliers de pens\u00e9e valables encore aujourd\u2019hui.<\/p>\n<p>Fils cadet d\u2019une famille de la noblesse sicilienne, il fut introduit aux \u00e9tudes eccl\u00e9siastiques \u00e0 un tout jeune \u00e2ge et envoy\u00e9 par ses parents \u00e0 l\u2019Abbaye de Mont-Cassin. Ensuite, \u00e0 peine adolescent, il d\u00e9m\u00e9nagea \u00e0 Naples et s\u2019inscrivit \u00e0 l\u2019Universit\u00e9 cr\u00e9\u00e9e par Fr\u00e9d\u00e9ric II, Roi de Sicile, pour les nobles et les savants de son Empire. Ici il pronon\u00e7a \u00e9galement ses voeux en entrant dans l\u2019<strong>ordre dominicain<\/strong>, en contrevenant aux ordres de sa famille, qui esp\u00e9rait le voir un jour <strong>abb\u00e9 de Mont-Cassin<\/strong>. Pour le convaincre de changer ses plans, la famille l\u2019emprisonna pendant deux ans au ch\u00e2teau de Monte San Giovanni Campano, mais ils finirent par devoir se r\u00e9signer et le renvoyer \u00e0 Naples.<\/p>\n<div class=\"link-product\">\n<div class=\"blocco-immagine\"><img loading=\"lazy\" decoding=\"async\" class=\"alignnone size-full wp-image-5199\" src=\"https:\/\/blog.holyart.it\/fr\/wp-content\/uploads\/sites\/14\/2022\/09\/wandteppich-thomas-apostel.jpg\" alt=\"wandteppich thomas apostel\" width=\"100\" height=\"100\" data-kale-share-title=\"Thomas d\u2019Aquin et la hi\u00e9rarchie des anges\" data-kale-share-url=\"https:\/\/blog.holyart.it\/fr\/?p=5198\" \/><\/div>\n<div class=\"blocco-contenuto\">\n<div class=\"blocco-acquista\">Acheter sur Holyart:<\/div>\n<div class=\"blocco-titolo\"><a href=\"https:\/\/www.holyart.fr\/articles-religieux\/tapisseries-religieuses\/tapisserie-st-thomas-apotre-40x30-cm\">Tapisserie St Thomas Ap\u00f4tre<\/a><\/div>\n<div class=\"blocco-descrizione\">Tapisserie St Thomas Ap\u00f4tre 40&#215;30 cm.<\/div>\n<\/div>\n<\/div>\n<p>Thomas poursuivit ses <strong>\u00e9tudes \u00e0 Rome, Paris et Cologne<\/strong>, en devenant \u00e9l\u00e8ve et ensuite assistant d\u2019<strong>Albert le Grand<\/strong>, ma\u00eetre en th\u00e9ologie, qui lui transmit profond\u00e9ment son savoir au cours de ces ann\u00e9es cruciales pour son \u00e9ducation. Ce fut Albert le Grand qui l\u2019initia \u00e0 l\u2019<strong>enseignement \u00e0 l\u2019Universit\u00e9 de Paris, <\/strong>bien qu\u2019il n\u2019ait \u00e0 l\u2019\u00e9poque que 27 ans. Ici il put conna\u00eetre et appr\u00e9cier <strong>l\u2019\u0153uvre d\u2019Aristote<\/strong>, dont il serait devenu grand \u00e9rudit et commentateur. \u00c0 lui revient le m\u00e9rite d\u2019avoir sur <strong>r\u00e9adapter la pens\u00e9e aristot\u00e9licienne dans une optique chr\u00e9tienne<\/strong>.<\/p>\n<p>Retourn\u00e9 en Italie, il enseigna \u00e0 <strong>Orvieto<\/strong>, ensuite \u00e0 <strong>Rome<\/strong>, en continuant \u00e0 <strong>approfondir l\u2019\u0153uvre d\u2019Aristote<\/strong> gr\u00e2ce au traducteur et ami Guillaume de Moerbeke, et de nouveau \u00e0 Paris, o\u00f9 il \u00e9crivit certaines de ses \u0153uvres les plus importantes. Entretemps, il s\u2019affaira pour r\u00e9organiser les \u00e9coles de l\u2019ordre dominicain et enseigner la th\u00e9ologie.<\/p>\n<p>Dans la derni\u00e8re p\u00e9riode de sa vie, Thomas d\u2019Aquin v\u00e9cut \u00e0 <strong>San Domenico Maggiore<\/strong>, \u00e0 Naples, en se partageant entre \u00e9tude et pri\u00e8re. Un jour, lorsqu\u2019il c\u00e9l\u00e9brait la Messe dans la chapelle de Saint Nicolas de l\u2019\u00e9glise de <a href=\"https:\/\/www.holyart.fr\/articles-religieux\/statues\/statues-en-bois-peint\/saint-michel-archange-statue-bois\"><strong>Saint Michel Archange<\/strong><\/a> \u00e0 Morfisa, Thomas <strong>eut une vision<\/strong> qui le bouleversa au point qu\u2019il n\u2019\u00e9crivit plus rien. \u00ab\u00a0<em>Je ne peux plus. Tout ce que j\u2019ai \u00e9crit me semble de la paille en comparaison de ce que j\u2019ai vu<\/em>\u00a0\u00bb, r\u00e9v\u00e9la-t-il \u00e0 l\u2019ami et secr\u00e9taire Raynald de Piperno. Il <strong>mourut<\/strong> peu de temps apr\u00e8s \u00e0 seulement 49 ans et sa d\u00e9pouille fut conserv\u00e9e dans l\u2019\u00e9glise dominicaine de Les Jacobins \u00e0 Toulouse, tandis que d\u2019autres reliques ont \u00e9t\u00e9 distribu\u00e9es dans diff\u00e9rentes \u00e9glises italiennes.<\/p>\n<div class=\"link-product\">\n<div class=\"blocco-immagine\"><img loading=\"lazy\" decoding=\"async\" class=\"alignnone size-full wp-image-5201\" src=\"https:\/\/blog.holyart.it\/fr\/wp-content\/uploads\/sites\/14\/2022\/09\/Saint-Michel-Archange.jpg\" alt=\"Saint Michel Archange\" width=\"100\" height=\"100\" data-kale-share-title=\"Thomas d\u2019Aquin et la hi\u00e9rarchie des anges\" data-kale-share-url=\"https:\/\/blog.holyart.it\/fr\/?p=5198\" \/><\/div>\n<div class=\"blocco-contenuto\">\n<div class=\"blocco-acquista\">Acheter sur Holyart:<\/div>\n<div class=\"blocco-titolo\"><a href=\"https:\/\/www.holyart.fr\/articles-religieux\/statues\/statues-en-bois-peint\/saint-michel-archange-statue-bois\">Saint Michel Archange<\/a><\/div>\n<div class=\"blocco-descrizione\">Saint Michel Archange, statue en bois.<\/div>\n<\/div>\n<\/div>\n<p>\u00c0 la base de la philosophie de Saint Thomas, il y a la conscience que <strong>foi et raison doivent collaborer<\/strong> afin de nous amener \u00e0 la <strong>v\u00e9rit\u00e9<\/strong>. L\u2019homme peut conna\u00eetre la v\u00e9rit\u00e9 du monde gr\u00e2ce \u00e0 la <strong>raison<\/strong> et \u00e0 la <strong>philosophie<\/strong>, mais seule la <strong>r\u00e9v\u00e9lation<\/strong> <strong>divine<\/strong> \u00e9l\u00e8ve la raison \u00e0 la certitude et \u00e0 la perfection. La raison sert donc de base :<\/p>\n<ul>\n<li>en d\u00e9montrant les pr\u00e9ambules de la foi ;<\/li>\n<li>en expliquant les v\u00e9rit\u00e9s de la foi ;<\/li>\n<li>en d\u00e9fendant la foi des objections.<\/li>\n<\/ul>\n<p>Dans sa volont\u00e9 de <strong>conjuguer foi et raison<\/strong>, Saint Thomas d\u2019Aquin arrive \u00e0 <strong>d\u00e9montrer l\u2019existence de Dieu<\/strong> sur une base rationnelle.<\/p>\n<p>En outre, en faisant r\u00e9f\u00e9rence aux <strong>principes aristot\u00e9liciens<\/strong>, Thomas consid\u00e9rait l\u2019homme comme fruit de l\u2019<strong>union entre \u00e2me et corps<\/strong>, mais \u00e0 Aristote ajoutait que l\u2019\u00e2me est cr\u00e9\u00e9e \u00ab\u00a0<em>\u00e0 l\u2019image et \u00e0 la ressemblance de Dieu<\/em>\u00a0\u00bb, tant que de Lui elle d\u00e9rive enti\u00e8rement et, comme Lui, est <strong>transcendante<\/strong>, <strong>immat\u00e9rielle<\/strong> et toutefois <strong>contenue enti\u00e8rement dans chaque partie du corps<\/strong>.<\/p>\n<h2>La\u00a0Summa Theologiae<\/h2>\n<p>Dans sa br\u00e8ve vie, Saint Thomas \u00e9crivit un volume important d\u2019\u0153uvres th\u00e9ologiques et philosophiques. Parmi les plus c\u00e9l\u00e8bres, rappelons : la <strong>Summa contra gentiles<\/strong>, quatre livres destin\u00e9s \u00e0 expliquer par le biais de v\u00e9rit\u00e9s qui appartiennent \u00e0 la raison seule unie \u00e0 des v\u00e9rit\u00e9s divines la v\u00e9ridicit\u00e9 de la foi catholique aux Gentils, i.e. les pa\u00efens\u00a0; lo <strong>Scriptum super libros Sententiarum<\/strong>, le Commentaire aux <em>Sentences de Pierre Lombard<\/em>, trait\u00e9 de th\u00e9ologie m\u00e9di\u00e9vale \u00e0 la base de la Scolastique\u00a0; et la <strong>Summa Theologiae<\/strong>, la <strong>Somme de th\u00e9ologie<\/strong>, probablement son \u0153uvre la plus importante.<\/p>\n<div class=\"link-product\">\n<div class=\"blocco-immagine\"><img loading=\"lazy\" decoding=\"async\" class=\"alignnone size-full wp-image-5204\" src=\"https:\/\/blog.holyart.it\/fr\/wp-content\/uploads\/sites\/14\/2022\/09\/Icone-Sainte-Famille.jpg\" alt=\"Icone Sainte Famille\" width=\"100\" height=\"100\" data-kale-share-title=\"Thomas d\u2019Aquin et la hi\u00e9rarchie des anges\" data-kale-share-url=\"https:\/\/blog.holyart.it\/fr\/?p=5198\" \/><\/div>\n<div class=\"blocco-contenuto\">\n<div class=\"blocco-acquista\">Acheter sur Holyart:<\/div>\n<div class=\"blocco-titolo\"><a href=\"https:\/\/www.holyart.fr\/articles-religieux\/icones-religieuses\/icones-roumaines-peintes\/icone-sainte-famille-45x30-cm-roumanie\">Ic\u00f4ne Sainte Famille 45&#215;30 cm Roumanie <\/a><\/div>\n<div class=\"blocco-descrizione\">Ic\u00f4ne Sainte Famille 45&#215;30 cm Roumanie.<\/div>\n<\/div>\n<\/div>\n<p>\u00c9crite au cours des derni\u00e8res ann\u00e9es de sa vie, elle est rest\u00e9e inachev\u00e9e, mais reste pourtant consid\u00e9r\u00e9e comme le plus important <strong>trait\u00e9 de th\u00e9ologie m\u00e9di\u00e9val<\/strong> jamais \u00e9crit.<\/p>\n<p>L\u2019\u0153uvre prend comme point de d\u00e9part la <strong>Summa contra Gentiles<\/strong>, mais d\u00e8s le d\u00e9but elle d\u00e9montre un caract\u00e8re plus th\u00e9ologique qu\u2019apolog\u00e9tique, en citant de nombreux auteurs de l\u2019antiquit\u00e9, d\u2019Aristote \u00e0 Saint Augustin d\u2019Hippone, de Pierre Lombard au Pseudo-Denys l\u2019Ar\u00e9opagite, d\u2019Avicenne \u00e0 Mo\u00efse Ma\u00efmonide.<\/p>\n<p>La Somme est \u00e9crite en <strong>latin<\/strong> et divis\u00e9e en <strong>trois parties<\/strong>, compos\u00e9es d\u2019articles qui, <strong>sur la base de la raison<\/strong>, pr\u00e9sentent chacune un argument examin\u00e9 \u00e0 travers des questions et des discussions qui sembleraient d\u00e9montrer la th\u00e8se oppos\u00e9e \u00e0 la v\u00e9ridique pr\u00e9sent\u00e9e et soutenue \u00e0 la fin. Cette m\u00e9thode se fonde d\u2019une part \u00e0 celle <strong>scientifique aristot\u00e9licienne<\/strong>, en adoptant pour la th\u00e9ologie les m\u00eames principes des sciences rationnelles et de la m\u00e9taphysique. D\u2019autre part, Thomas a voulu faire r\u00e9f\u00e9rence \u00e0 l\u2019<strong>architecture des grandes cath\u00e9drales<\/strong>, en rendant visibles et compr\u00e9hensibles les fondements de la foi \u00e0 travers la <strong>raison<\/strong>, de la m\u00eame mani\u00e8re que l\u2019architecture pour montrer la v\u00e9rit\u00e9 divine aux hommes \u00e0 travers quelque chose de visible et de tangible.<\/p>\n<h2>Les trois Hi\u00e9rarchies ang\u00e9liques<\/h2>\n<p>Dans la <em>Somme th\u00e9ologique<\/em> Saint Thomas repropose entre autres la th\u00e9orie des <strong>trois hi\u00e9rarchies ang\u00e9liques<\/strong> pr\u00e9sent\u00e9e par le <strong>Pseudo-Denys l\u2019Ar\u00e9opagite<\/strong>, philosophe n\u00e9oplatonicien du Ve si\u00e8cle, dans le livre <em>De coelesti hierarchia<\/em>.<\/p>\n<div class=\"link-product\">\n<div class=\"blocco-immagine\"><img loading=\"lazy\" decoding=\"async\" class=\"alignnone size-full wp-image-5208\" src=\"https:\/\/blog.holyart.it\/fr\/wp-content\/uploads\/sites\/14\/2022\/09\/Statuen-von-San-Michele.jpg\" alt=\"\" width=\"100\" height=\"100\" data-kale-share-title=\"Thomas d\u2019Aquin et la hi\u00e9rarchie des anges\" data-kale-share-url=\"https:\/\/blog.holyart.it\/fr\/?p=5198\" \/><\/div>\n<div class=\"blocco-contenuto\">\n<div class=\"blocco-acquista\">Acheter sur Holyart:<\/div>\n<div class=\"blocco-titolo\"><a href=\"https:\/\/www.holyart.fr\/search?params=%7B%22search%22%3A%22archanges%22%7D&amp;search=archanges\">archanges<\/a><\/div>\n<div class=\"blocco-descrizione\">Saint Michel Archange.<\/div>\n<\/div>\n<\/div>\n<p>La structure du ciel selon le Pseudo-Denys est bas\u00e9e sur des passages du Nouveau Testament, desquels il d\u00e9duisit un sch\u00e9ma compos\u00e9 de <strong>trois hi\u00e9rarchies<\/strong> (ou sph\u00e8res), chacune compos\u00e9e de <strong>trois ordres<\/strong> (ou ch\u0153urs), subdivis\u00e9s en ordre de puissance d\u00e9croissante au fur et \u00e0 mesure qu\u2019ils s\u2019\u00e9loignent de Dieu.<\/p>\n<ul>\n<li><strong>Premi\u00e8re hi\u00e9rarchie :<\/strong> S\u00e9raphins, Ch\u00e9rubins, Tr\u00f4nes ;<\/li>\n<li><strong>Deuxi\u00e8me hi\u00e9rarchie : <\/strong>Dominations, Vertus, Puissances ;<\/li>\n<li><strong>Troisi\u00e8me hi\u00e9rarchie :<\/strong> Principaut\u00e9s, Archanges, Anges.<\/li>\n<\/ul>\n<p>Ces hi\u00e9rarchies ont \u00e9t\u00e9 ensuite identifi\u00e9es avec les orbites des corps c\u00e9lestes, qui, en se d\u00e9pla\u00e7ant, \u00e9mettent une harmonie, connue comme \u00ab\u00a0musique des sph\u00e8res\u00a0\u00bb.<\/p>\n<p>Saint Thomas \u00e9tait un \u00e9rudit passionn\u00e9 des activit\u00e9s des anges, tant qu\u2019il a \u00e9t\u00e9 surnomm\u00e9 \u00ab\u00a0<strong>Doctor Angelicus<\/strong>\u00a0\u00bb. \u00c0 son avis, les <strong>anges gardiens<\/strong> ont la t\u00e2che d\u2019illuminer nos images, en aidant notre intelligence \u00e0 nous faire comprendre la v\u00e9rit\u00e9.<\/p>\n<div class=\"link-product\">\n<div class=\"blocco-immagine\"><img loading=\"lazy\" decoding=\"async\" class=\"alignnone size-full wp-image-5206\" src=\"https:\/\/blog.holyart.it\/fr\/wp-content\/uploads\/sites\/14\/2022\/09\/Ange-gardien-en-argile-refractaire.jpg\" alt=\"Ange gardien en argile refractaire\" width=\"100\" height=\"100\" data-kale-share-title=\"Thomas d\u2019Aquin et la hi\u00e9rarchie des anges\" data-kale-share-url=\"https:\/\/blog.holyart.it\/fr\/?p=5198\" \/><\/div>\n<div class=\"blocco-contenuto\">\n<div class=\"blocco-acquista\">Acheter sur Holyart:<\/div>\n<div class=\"blocco-titolo\"><a href=\"https:\/\/www.holyart.fr\/articles-religieux\/anges\/ange-gardien-en-argile-refractaire\">Ange gardien en argile r\u00e9fractaire<\/a><\/div>\n<div class=\"blocco-descrizione\">Ange gardien en argile r\u00e9fractaire.<\/div>\n<\/div>\n<\/div>\n<p>Il approfondit l\u2019\u0153uvre de Denys, en \u00e9crivant dans la <em>Somme th\u00e9ologique<\/em> que la distinction des hi\u00e9rarchies ang\u00e9liques se base sur les <strong>diff\u00e9rentes natures intellectuelles<\/strong> des anges, sur les diff\u00e9rentes mani\u00e8res dont ils sont <strong>illumin\u00e9s par l\u2019Essence de Dieu<\/strong>. Pour cette raison, les anges sup\u00e9rieurs ont une vision des choses plus universelle par rapport aux anges mineurs, car ils apprennent la v\u00e9rit\u00e9 des choses <strong>de Dieu en personne<\/strong>, tandis que les anges de deuxi\u00e8me hi\u00e9rarchie les comprennent \u00e0 travers les <strong>causes universelles<\/strong> et ceux de la troisi\u00e8me de l\u2019application des causes sur les <strong>effets particuliers<\/strong>. En pratique, la premi\u00e8re hi\u00e9rarchie est compos\u00e9e d\u2019anges plus proches et plus ressemblants \u00e0 Dieu et, en tant que tels, capables de conna\u00eetre toutes les choses en une seule et unique \u00ab\u00a0forme\u00a0\u00bb. Les anges de la deuxi\u00e8me hi\u00e9rarchie connaissent les effets divins de la mani\u00e8re dont ils jaillissent des <strong>causes universelles<\/strong> et sont illumin\u00e9s par la premi\u00e8re hi\u00e9rarchie. Les anges de la troisi\u00e8me hi\u00e9rarchie re\u00e7oivent une <strong>connaissance d\u2019effets divins<\/strong>.<\/p>\n<div class=\"link-article\">\n<p><img loading=\"lazy\" decoding=\"async\" class=\"alignnone size-full wp-image-5209\" src=\"https:\/\/blog.holyart.it\/fr\/wp-content\/uploads\/sites\/14\/2022\/09\/Archanges-1.jpg\" alt=\"Archanges\" width=\"150\" height=\"99\" data-kale-share-title=\"Thomas d\u2019Aquin et la hi\u00e9rarchie des anges\" data-kale-share-url=\"https:\/\/blog.holyart.it\/fr\/?p=5198\" \/><\/p>\n<div class=\"leggi-anche\">Te puede interesar:<\/div>\n<p><strong><a href=\"https:\/\/www.holyart.fr\/blog\/saints-et-bienheureux\/archanges-qui-sont-ils-et-quelle-est-leur-fonction\/\">Archanges : qui sont-ils et quelle est leur fonction?<\/a><\/strong><br \/>\nL\u2019\u00c9glise catholique reconna\u00eet l\u2019existence de seulement trois Archanges, c\u2019est-\u00e0-dire les trois cit\u00e9s dans les \u00c9critures.<\/p>\n<\/div>\n<p>Par cons\u00e9quent, toujours selon Thomas, la premi\u00e8re hi\u00e9rarchie (S\u00e9raphins, Ch\u00e9rubins et Tr\u00f4nes) a un rapport direct avec Dieu gr\u00e2ce auquel elle peut consid\u00e9rer le <strong>But<\/strong> ; la deuxi\u00e8me (Dominations, Vertus et Puissances) le <strong>moyen<\/strong>, i.e. la disposition universelle des choses \u00e0 se faire, l\u2019organisation et le gouvernement du monde ; la troisi\u00e8me (Principaut\u00e9s, Archanges et Anges) applique les dispositions aux effets, i.e. elle <strong>ex\u00e9cute l\u2019\u0153uvre<\/strong>.<\/p>\n","protected":false},"excerpt":{"rendered":"<p>Le 28 janvier on f\u00eate la m\u00e9moire liturgique de Saint Thomas d\u2019Aquin, \u00ab\u00a0docteur ang\u00e9lique\u00a0\u00bb et auteur du plus c\u00e9l\u00e8bre trait\u00e9 de th\u00e9ologie m\u00e9di\u00e9val. Thomas d\u2019Aquin v\u00e9cut au XIIe si\u00e8cle. C\u2019\u00e9tait un fr\u00e8re dominicain, mais on s\u2019en souvient surtout pour ses m\u00e9rites en tant que th\u00e9ologien,&hellip;<\/p>\n","protected":false},"author":1,"featured_media":5200,"comment_status":"closed","ping_status":"open","sticky":false,"template":"","format":"standard","meta":{"_acf_changed":false,"footnotes":""},"categories":[7],"tags":[],"class_list":["post-5198","post","type-post","status-publish","format-standard","has-post-thumbnail","hentry","category-saints-et-bienheureux"],"acf":[],"yoast_head":"<!-- This site is optimized with the Yoast SEO plugin v26.6 - https:\/\/yoast.com\/wordpress\/plugins\/seo\/ -->\n<title>Thomas d\u2019Aquin et la hi\u00e9rarchie des anges - Holyart.fr Blog<\/title>\n<meta name=\"description\" content=\"Le 28 janvier on f\u00eate la m\u00e9moire liturgique de Saint Thomas d\u2019Aquin, \u00ab\u00a0docteur ang\u00e9lique\u00a0\u00bb et auteur du plus c\u00e9l\u00e8bre trait\u00e9 de th\u00e9ologie m\u00e9di\u00e9val.\" \/>\n<meta name=\"robots\" content=\"index, follow, max-snippet:-1, max-image-preview:large, max-video-preview:-1\" \/>\n<link rel=\"canonical\" href=\"https:\/\/blog.holyart.it\/fr\/saints-et-bienheureux\/thomas-daquin-et-la-hierarchie-des-anges\/\" \/>\n<meta property=\"og:locale\" content=\"fr_FR\" \/>\n<meta property=\"og:type\" content=\"article\" \/>\n<meta property=\"og:title\" content=\"Thomas d\u2019Aquin et la hi\u00e9rarchie des anges - Holyart.fr Blog\" \/>\n<meta property=\"og:description\" content=\"Le 28 janvier on f\u00eate la m\u00e9moire liturgique de Saint Thomas d\u2019Aquin, \u00ab\u00a0docteur ang\u00e9lique\u00a0\u00bb et auteur du plus c\u00e9l\u00e8bre trait\u00e9 de th\u00e9ologie m\u00e9di\u00e9val.\" \/>\n<meta property=\"og:url\" content=\"https:\/\/blog.holyart.it\/fr\/saints-et-bienheureux\/thomas-daquin-et-la-hierarchie-des-anges\/\" \/>\n<meta property=\"og:site_name\" content=\"Holyart.fr Blog\" \/>\n<meta property=\"article:published_time\" content=\"2022-09-26T10:30:53+00:00\" \/>\n<meta property=\"article:modified_time\" content=\"2026-01-30T16:02:33+00:00\" \/>\n<meta property=\"og:image\" content=\"https:\/\/blog.holyart.it\/fr\/wp-content\/uploads\/sites\/14\/2022\/09\/Thomas-Aquin.jpg\" \/>\n\t<meta property=\"og:image:width\" content=\"1000\" \/>\n\t<meta property=\"og:image:height\" content=\"666\" \/>\n\t<meta property=\"og:image:type\" content=\"image\/jpeg\" \/>\n<meta name=\"author\" content=\"Redazione\" \/>\n<meta name=\"twitter:card\" content=\"summary_large_image\" \/>\n<meta name=\"twitter:label1\" content=\"\u00c9crit par\" \/>\n\t<meta name=\"twitter:data1\" content=\"Redazione\" \/>\n\t<meta name=\"twitter:label2\" content=\"Dur\u00e9e de lecture estim\u00e9e\" \/>\n\t<meta name=\"twitter:data2\" content=\"9 minutes\" \/>\n<script type=\"application\/ld+json\" class=\"yoast-schema-graph\">{\"@context\":\"https:\/\/schema.org\",\"@graph\":[{\"@type\":\"Article\",\"@id\":\"https:\/\/blog.holyart.it\/fr\/saints-et-bienheureux\/thomas-daquin-et-la-hierarchie-des-anges\/#article\",\"isPartOf\":{\"@id\":\"https:\/\/blog.holyart.it\/fr\/saints-et-bienheureux\/thomas-daquin-et-la-hierarchie-des-anges\/\"},\"author\":{\"name\":\"Redazione\",\"@id\":\"https:\/\/blog.holyart.it\/fr\/#\/schema\/person\/0a7b686e5af0f856ec1e390dd0baecda\"},\"headline\":\"Thomas d\u2019Aquin et la hi\u00e9rarchie des anges\",\"datePublished\":\"2022-09-26T10:30:53+00:00\",\"dateModified\":\"2026-01-30T16:02:33+00:00\",\"mainEntityOfPage\":{\"@id\":\"https:\/\/blog.holyart.it\/fr\/saints-et-bienheureux\/thomas-daquin-et-la-hierarchie-des-anges\/\"},\"wordCount\":1641,\"publisher\":{\"@id\":\"https:\/\/blog.holyart.it\/fr\/#organization\"},\"image\":{\"@id\":\"https:\/\/blog.holyart.it\/fr\/saints-et-bienheureux\/thomas-daquin-et-la-hierarchie-des-anges\/#primaryimage\"},\"thumbnailUrl\":\"https:\/\/blog.holyart.it\/fr\/wp-content\/uploads\/sites\/14\/2022\/09\/Thomas-Aquin.jpg\",\"articleSection\":[\"Saints et Bienheureux\"],\"inLanguage\":\"fr-FR\"},{\"@type\":\"WebPage\",\"@id\":\"https:\/\/blog.holyart.it\/fr\/saints-et-bienheureux\/thomas-daquin-et-la-hierarchie-des-anges\/\",\"url\":\"https:\/\/blog.holyart.it\/fr\/saints-et-bienheureux\/thomas-daquin-et-la-hierarchie-des-anges\/\",\"name\":\"Thomas d\u2019Aquin et la hi\u00e9rarchie des anges - Holyart.fr Blog\",\"isPartOf\":{\"@id\":\"https:\/\/blog.holyart.it\/fr\/#website\"},\"primaryImageOfPage\":{\"@id\":\"https:\/\/blog.holyart.it\/fr\/saints-et-bienheureux\/thomas-daquin-et-la-hierarchie-des-anges\/#primaryimage\"},\"image\":{\"@id\":\"https:\/\/blog.holyart.it\/fr\/saints-et-bienheureux\/thomas-daquin-et-la-hierarchie-des-anges\/#primaryimage\"},\"thumbnailUrl\":\"https:\/\/blog.holyart.it\/fr\/wp-content\/uploads\/sites\/14\/2022\/09\/Thomas-Aquin.jpg\",\"datePublished\":\"2022-09-26T10:30:53+00:00\",\"dateModified\":\"2026-01-30T16:02:33+00:00\",\"description\":\"Le 28 janvier on f\u00eate la m\u00e9moire liturgique de Saint Thomas d\u2019Aquin, \u00ab\u00a0docteur ang\u00e9lique\u00a0\u00bb et auteur du plus c\u00e9l\u00e8bre trait\u00e9 de th\u00e9ologie m\u00e9di\u00e9val.\",\"breadcrumb\":{\"@id\":\"https:\/\/blog.holyart.it\/fr\/saints-et-bienheureux\/thomas-daquin-et-la-hierarchie-des-anges\/#breadcrumb\"},\"inLanguage\":\"fr-FR\",\"potentialAction\":[{\"@type\":\"ReadAction\",\"target\":[\"https:\/\/blog.holyart.it\/fr\/saints-et-bienheureux\/thomas-daquin-et-la-hierarchie-des-anges\/\"]}]},{\"@type\":\"ImageObject\",\"inLanguage\":\"fr-FR\",\"@id\":\"https:\/\/blog.holyart.it\/fr\/saints-et-bienheureux\/thomas-daquin-et-la-hierarchie-des-anges\/#primaryimage\",\"url\":\"https:\/\/blog.holyart.it\/fr\/wp-content\/uploads\/sites\/14\/2022\/09\/Thomas-Aquin.jpg\",\"contentUrl\":\"https:\/\/blog.holyart.it\/fr\/wp-content\/uploads\/sites\/14\/2022\/09\/Thomas-Aquin.jpg\",\"width\":1000,\"height\":666,\"caption\":\"Thomas Aquin\"},{\"@type\":\"BreadcrumbList\",\"@id\":\"https:\/\/blog.holyart.it\/fr\/saints-et-bienheureux\/thomas-daquin-et-la-hierarchie-des-anges\/#breadcrumb\",\"itemListElement\":[{\"@type\":\"ListItem\",\"position\":1,\"name\":\"Homepage\",\"item\":\"https:\/\/blog.holyart.it\/fr\/\"},{\"@type\":\"ListItem\",\"position\":2,\"name\":\"Saints et Bienheureux\",\"item\":\"https:\/\/blog.holyart.it\/fr\/saints-et-bienheureux\/\"},{\"@type\":\"ListItem\",\"position\":3,\"name\":\"Thomas d\u2019Aquin et la hi\u00e9rarchie des anges\"}]},{\"@type\":\"WebSite\",\"@id\":\"https:\/\/blog.holyart.it\/fr\/#website\",\"url\":\"https:\/\/blog.holyart.it\/fr\/\",\"name\":\"Holyart.fr Blog\",\"description\":\"Holyblog\",\"publisher\":{\"@id\":\"https:\/\/blog.holyart.it\/fr\/#organization\"},\"potentialAction\":[{\"@type\":\"SearchAction\",\"target\":{\"@type\":\"EntryPoint\",\"urlTemplate\":\"https:\/\/blog.holyart.it\/fr\/?s={search_term_string}\"},\"query-input\":{\"@type\":\"PropertyValueSpecification\",\"valueRequired\":true,\"valueName\":\"search_term_string\"}}],\"inLanguage\":\"fr-FR\"},{\"@type\":\"Organization\",\"@id\":\"https:\/\/blog.holyart.it\/fr\/#organization\",\"name\":\"Holyart.fr Blog\",\"url\":\"https:\/\/blog.holyart.it\/fr\/\",\"logo\":{\"@type\":\"ImageObject\",\"inLanguage\":\"fr-FR\",\"@id\":\"https:\/\/blog.holyart.it\/fr\/#\/schema\/logo\/image\/\",\"url\":\"https:\/\/blog.holyart.it\/fr\/wp-content\/uploads\/sites\/14\/2022\/12\/Holyart_Blog_Logo.jpg\",\"contentUrl\":\"https:\/\/blog.holyart.it\/fr\/wp-content\/uploads\/sites\/14\/2022\/12\/Holyart_Blog_Logo.jpg\",\"width\":300,\"height\":50,\"caption\":\"Holyart.fr Blog\"},\"image\":{\"@id\":\"https:\/\/blog.holyart.it\/fr\/#\/schema\/logo\/image\/\"}},{\"@type\":\"Person\",\"@id\":\"https:\/\/blog.holyart.it\/fr\/#\/schema\/person\/0a7b686e5af0f856ec1e390dd0baecda\",\"name\":\"Redazione\",\"image\":{\"@type\":\"ImageObject\",\"inLanguage\":\"fr-FR\",\"@id\":\"https:\/\/blog.holyart.it\/fr\/#\/schema\/person\/image\/\",\"url\":\"https:\/\/secure.gravatar.com\/avatar\/f477da817f43e50d0af36abecd33e3edf826c68299714bdc1057dff3b113f516?s=96&d=mm&r=g\",\"contentUrl\":\"https:\/\/secure.gravatar.com\/avatar\/f477da817f43e50d0af36abecd33e3edf826c68299714bdc1057dff3b113f516?s=96&d=mm&r=g\",\"caption\":\"Redazione\"},\"url\":\"https:\/\/blog.holyart.it\/fr\/author\/admin\/\"}]}<\/script>\n<!-- \/ Yoast SEO plugin. -->","yoast_head_json":{"title":"Thomas d\u2019Aquin et la hi\u00e9rarchie des anges - Holyart.fr Blog","description":"Le 28 janvier on f\u00eate la m\u00e9moire liturgique de Saint Thomas d\u2019Aquin, \u00ab\u00a0docteur ang\u00e9lique\u00a0\u00bb et auteur du plus c\u00e9l\u00e8bre trait\u00e9 de th\u00e9ologie m\u00e9di\u00e9val.","robots":{"index":"index","follow":"follow","max-snippet":"max-snippet:-1","max-image-preview":"max-image-preview:large","max-video-preview":"max-video-preview:-1"},"canonical":"https:\/\/blog.holyart.it\/fr\/saints-et-bienheureux\/thomas-daquin-et-la-hierarchie-des-anges\/","og_locale":"fr_FR","og_type":"article","og_title":"Thomas d\u2019Aquin et la hi\u00e9rarchie des anges - Holyart.fr Blog","og_description":"Le 28 janvier on f\u00eate la m\u00e9moire liturgique de Saint Thomas d\u2019Aquin, \u00ab\u00a0docteur ang\u00e9lique\u00a0\u00bb et auteur du plus c\u00e9l\u00e8bre trait\u00e9 de th\u00e9ologie m\u00e9di\u00e9val.","og_url":"https:\/\/blog.holyart.it\/fr\/saints-et-bienheureux\/thomas-daquin-et-la-hierarchie-des-anges\/","og_site_name":"Holyart.fr Blog","article_published_time":"2022-09-26T10:30:53+00:00","article_modified_time":"2026-01-30T16:02:33+00:00","og_image":[{"width":1000,"height":666,"url":"https:\/\/blog.holyart.it\/fr\/wp-content\/uploads\/sites\/14\/2022\/09\/Thomas-Aquin.jpg","type":"image\/jpeg"}],"author":"Redazione","twitter_card":"summary_large_image","twitter_misc":{"\u00c9crit par":"Redazione","Dur\u00e9e de lecture estim\u00e9e":"9 minutes"},"schema":{"@context":"https:\/\/schema.org","@graph":[{"@type":"Article","@id":"https:\/\/blog.holyart.it\/fr\/saints-et-bienheureux\/thomas-daquin-et-la-hierarchie-des-anges\/#article","isPartOf":{"@id":"https:\/\/blog.holyart.it\/fr\/saints-et-bienheureux\/thomas-daquin-et-la-hierarchie-des-anges\/"},"author":{"name":"Redazione","@id":"https:\/\/blog.holyart.it\/fr\/#\/schema\/person\/0a7b686e5af0f856ec1e390dd0baecda"},"headline":"Thomas d\u2019Aquin et la hi\u00e9rarchie des anges","datePublished":"2022-09-26T10:30:53+00:00","dateModified":"2026-01-30T16:02:33+00:00","mainEntityOfPage":{"@id":"https:\/\/blog.holyart.it\/fr\/saints-et-bienheureux\/thomas-daquin-et-la-hierarchie-des-anges\/"},"wordCount":1641,"publisher":{"@id":"https:\/\/blog.holyart.it\/fr\/#organization"},"image":{"@id":"https:\/\/blog.holyart.it\/fr\/saints-et-bienheureux\/thomas-daquin-et-la-hierarchie-des-anges\/#primaryimage"},"thumbnailUrl":"https:\/\/blog.holyart.it\/fr\/wp-content\/uploads\/sites\/14\/2022\/09\/Thomas-Aquin.jpg","articleSection":["Saints et Bienheureux"],"inLanguage":"fr-FR"},{"@type":"WebPage","@id":"https:\/\/blog.holyart.it\/fr\/saints-et-bienheureux\/thomas-daquin-et-la-hierarchie-des-anges\/","url":"https:\/\/blog.holyart.it\/fr\/saints-et-bienheureux\/thomas-daquin-et-la-hierarchie-des-anges\/","name":"Thomas d\u2019Aquin et la hi\u00e9rarchie des anges - Holyart.fr Blog","isPartOf":{"@id":"https:\/\/blog.holyart.it\/fr\/#website"},"primaryImageOfPage":{"@id":"https:\/\/blog.holyart.it\/fr\/saints-et-bienheureux\/thomas-daquin-et-la-hierarchie-des-anges\/#primaryimage"},"image":{"@id":"https:\/\/blog.holyart.it\/fr\/saints-et-bienheureux\/thomas-daquin-et-la-hierarchie-des-anges\/#primaryimage"},"thumbnailUrl":"https:\/\/blog.holyart.it\/fr\/wp-content\/uploads\/sites\/14\/2022\/09\/Thomas-Aquin.jpg","datePublished":"2022-09-26T10:30:53+00:00","dateModified":"2026-01-30T16:02:33+00:00","description":"Le 28 janvier on f\u00eate la m\u00e9moire liturgique de Saint Thomas d\u2019Aquin, \u00ab\u00a0docteur ang\u00e9lique\u00a0\u00bb et auteur du plus c\u00e9l\u00e8bre trait\u00e9 de th\u00e9ologie m\u00e9di\u00e9val.","breadcrumb":{"@id":"https:\/\/blog.holyart.it\/fr\/saints-et-bienheureux\/thomas-daquin-et-la-hierarchie-des-anges\/#breadcrumb"},"inLanguage":"fr-FR","potentialAction":[{"@type":"ReadAction","target":["https:\/\/blog.holyart.it\/fr\/saints-et-bienheureux\/thomas-daquin-et-la-hierarchie-des-anges\/"]}]},{"@type":"ImageObject","inLanguage":"fr-FR","@id":"https:\/\/blog.holyart.it\/fr\/saints-et-bienheureux\/thomas-daquin-et-la-hierarchie-des-anges\/#primaryimage","url":"https:\/\/blog.holyart.it\/fr\/wp-content\/uploads\/sites\/14\/2022\/09\/Thomas-Aquin.jpg","contentUrl":"https:\/\/blog.holyart.it\/fr\/wp-content\/uploads\/sites\/14\/2022\/09\/Thomas-Aquin.jpg","width":1000,"height":666,"caption":"Thomas Aquin"},{"@type":"BreadcrumbList","@id":"https:\/\/blog.holyart.it\/fr\/saints-et-bienheureux\/thomas-daquin-et-la-hierarchie-des-anges\/#breadcrumb","itemListElement":[{"@type":"ListItem","position":1,"name":"Homepage","item":"https:\/\/blog.holyart.it\/fr\/"},{"@type":"ListItem","position":2,"name":"Saints et Bienheureux","item":"https:\/\/blog.holyart.it\/fr\/saints-et-bienheureux\/"},{"@type":"ListItem","position":3,"name":"Thomas d\u2019Aquin et la hi\u00e9rarchie des anges"}]},{"@type":"WebSite","@id":"https:\/\/blog.holyart.it\/fr\/#website","url":"https:\/\/blog.holyart.it\/fr\/","name":"Holyart.fr Blog","description":"Holyblog","publisher":{"@id":"https:\/\/blog.holyart.it\/fr\/#organization"},"potentialAction":[{"@type":"SearchAction","target":{"@type":"EntryPoint","urlTemplate":"https:\/\/blog.holyart.it\/fr\/?s={search_term_string}"},"query-input":{"@type":"PropertyValueSpecification","valueRequired":true,"valueName":"search_term_string"}}],"inLanguage":"fr-FR"},{"@type":"Organization","@id":"https:\/\/blog.holyart.it\/fr\/#organization","name":"Holyart.fr Blog","url":"https:\/\/blog.holyart.it\/fr\/","logo":{"@type":"ImageObject","inLanguage":"fr-FR","@id":"https:\/\/blog.holyart.it\/fr\/#\/schema\/logo\/image\/","url":"https:\/\/blog.holyart.it\/fr\/wp-content\/uploads\/sites\/14\/2022\/12\/Holyart_Blog_Logo.jpg","contentUrl":"https:\/\/blog.holyart.it\/fr\/wp-content\/uploads\/sites\/14\/2022\/12\/Holyart_Blog_Logo.jpg","width":300,"height":50,"caption":"Holyart.fr Blog"},"image":{"@id":"https:\/\/blog.holyart.it\/fr\/#\/schema\/logo\/image\/"}},{"@type":"Person","@id":"https:\/\/blog.holyart.it\/fr\/#\/schema\/person\/0a7b686e5af0f856ec1e390dd0baecda","name":"Redazione","image":{"@type":"ImageObject","inLanguage":"fr-FR","@id":"https:\/\/blog.holyart.it\/fr\/#\/schema\/person\/image\/","url":"https:\/\/secure.gravatar.com\/avatar\/f477da817f43e50d0af36abecd33e3edf826c68299714bdc1057dff3b113f516?s=96&d=mm&r=g","contentUrl":"https:\/\/secure.gravatar.com\/avatar\/f477da817f43e50d0af36abecd33e3edf826c68299714bdc1057dff3b113f516?s=96&d=mm&r=g","caption":"Redazione"},"url":"https:\/\/blog.holyart.it\/fr\/author\/admin\/"}]}},"_links":{"self":[{"href":"https:\/\/blog.holyart.it\/fr\/wp-json\/wp\/v2\/posts\/5198","targetHints":{"allow":["GET"]}}],"collection":[{"href":"https:\/\/blog.holyart.it\/fr\/wp-json\/wp\/v2\/posts"}],"about":[{"href":"https:\/\/blog.holyart.it\/fr\/wp-json\/wp\/v2\/types\/post"}],"author":[{"embeddable":true,"href":"https:\/\/blog.holyart.it\/fr\/wp-json\/wp\/v2\/users\/1"}],"replies":[{"embeddable":true,"href":"https:\/\/blog.holyart.it\/fr\/wp-json\/wp\/v2\/comments?post=5198"}],"version-history":[{"count":1,"href":"https:\/\/blog.holyart.it\/fr\/wp-json\/wp\/v2\/posts\/5198\/revisions"}],"predecessor-version":[{"id":5830,"href":"https:\/\/blog.holyart.it\/fr\/wp-json\/wp\/v2\/posts\/5198\/revisions\/5830"}],"wp:featuredmedia":[{"embeddable":true,"href":"https:\/\/blog.holyart.it\/fr\/wp-json\/wp\/v2\/media\/5200"}],"wp:attachment":[{"href":"https:\/\/blog.holyart.it\/fr\/wp-json\/wp\/v2\/media?parent=5198"}],"wp:term":[{"taxonomy":"category","embeddable":true,"href":"https:\/\/blog.holyart.it\/fr\/wp-json\/wp\/v2\/categories?post=5198"},{"taxonomy":"post_tag","embeddable":true,"href":"https:\/\/blog.holyart.it\/fr\/wp-json\/wp\/v2\/tags?post=5198"}],"curies":[{"name":"wp","href":"https:\/\/api.w.org\/{rel}","templated":true}]}}