{"id":5118,"date":"2022-09-05T12:30:27","date_gmt":"2022-09-05T10:30:27","guid":{"rendered":"https:\/\/blog.holyart.it\/fr\/?p=5118"},"modified":"2025-09-03T10:18:41","modified_gmt":"2025-09-03T08:18:41","slug":"la-petite-madone-de-tyndaris-la-vierge-noire-et-son-sanctuaire-sur-la-mer","status":"publish","type":"post","link":"https:\/\/blog.holyart.it\/fr\/saints-et-bienheureux\/la-petite-madone-de-tyndaris-la-vierge-noire-et-son-sanctuaire-sur-la-mer\/","title":{"rendered":"La Petite Madone de Tyndaris : la Vierge noire et son sanctuaire sur la mer"},"content":{"rendered":"<h4>La Petite Madone de Tyndaris a \u201cchoisi\u201d de s\u2019arr\u00eater dans l\u2019homonyme petit centre habit\u00e9 en province de Messine. Ici, chaque ann\u00e9e, le 7 et le 8 septembre, on c\u00e9l\u00e8bre sa f\u00eate.<\/h4>\n\n<p>Afin de comprendre le culte n\u00e9 autour de la Madonnina de Tyndaris, il faut s\u2019attarder un instant sur le territoire qui entoure la petite fraction, partie de la ville m\u00e9tropolitaine de Messine. <strong>Tyndaris<\/strong> a \u00e9t\u00e9 fond\u00e9e au IVe si\u00e8cle av. J.-C. par volont\u00e9 de Denys Ier de Syracuse, afin qu\u2019elle accueille les mercenaires syracusains qui avaient combattu dans la guerre contre Carthage. Son nom d\u00e9rive de Tyndare, roi de Sparte, mari de L\u00e9da qui, f\u00e9cond\u00e9e par Zeus sous forme de cygne, g\u00e9n\u00e9ra quatre enfants : Pollux et H\u00e9l\u00e8ne, qui auraient ensuite \u00e9t\u00e9 le d\u00e9clencheur de la Guerre de Troie, fils de Zeus, et Castor et Clytemnestre, con\u00e7us avec Tyndare.<\/p>\n<div class=\"link-product\">\n<div class=\"blocco-immagine\"><img loading=\"lazy\" decoding=\"async\" class=\"size-full wp-image-5119 alignleft\" src=\"https:\/\/blog.holyart.it\/fr\/wp-content\/uploads\/sites\/14\/2022\/08\/vierge-de-lavent-pierre.jpg\" alt=\"vierge de lavent pierre\" width=\"100\" height=\"100\" data-kale-share-title=\"La Petite Madone de Tyndaris : la Vierge noire et son sanctuaire sur la mer\" data-kale-share-url=\"https:\/\/blog.holyart.it\/fr\/?p=5118\" \/><\/div>\n<div class=\"blocco-contenuto\">\n<div class=\"blocco-acquista\">Acheter sur Holyart:<\/div>\n<div class=\"blocco-titolo\"><a href=\"https:\/\/www.holyart.fr\/search?params=%7B%22search%22%3A%22Statues%20Notre%20Dame%22%7D&amp;search=Statues+Notre+Dame\">Statues Notre Dame<\/a><\/div>\n<div class=\"blocco-descrizione\">D\u00e9couvrez notre offre de Statues de la Vierge<\/div>\n<\/div>\n<\/div>\n<p>Tyndaris surgit sur un promontoire \u00e0 pic sur la mer Tyrrh\u00e9nienne, dans une baie \u00e9parpill\u00e9e de petits lacs qui composent aujourd\u2019hui la R\u00e9serve Naturelle Laghetti di Marinello. La conformation sp\u00e9cifique de cette zone a jou\u00e9 un r\u00f4le important dans la naissance du culte de la Vierge Noire, qui est aujourd\u2019hui conserv\u00e9e dans le <strong>Sanctuaire de Tyndaris<\/strong>, construit justement au sommet du promontoire, dominant la mer.<br \/>\nIci, chaque ann\u00e9e, \u00e0 l\u2019occasion de la F\u00eate de la Vierge Noire, se r\u00e9unissent des milliers de fid\u00e8les et de curieux de toute la Sicile, et pas seulement. Il repr\u00e9sente s\u00fbrement un des <strong><a href=\"https:\/\/www.holyart.fr\/blog\/articles-religieux\/5-lieux-de-pelerinage-ou-se-rendre-au-moins-une-fois-dans-sa-vie\/\">lieux de p\u00e8lerinage o\u00f9 il faut se rendre au moins une fois dans la vie<\/a>.\u00a0<\/strong><\/p>\n<div class=\"link-article\">\n<p><img loading=\"lazy\" decoding=\"async\" class=\"size-full wp-image-5120 alignleft\" src=\"https:\/\/blog.holyart.it\/fr\/wp-content\/uploads\/sites\/14\/2022\/08\/Pelerins.jpeg\" alt=\"Pelerins\" width=\"150\" height=\"99\" data-kale-share-title=\"La Petite Madone de Tyndaris : la Vierge noire et son sanctuaire sur la mer\" data-kale-share-url=\"https:\/\/blog.holyart.it\/fr\/?p=5118\" \/><\/p>\n<div class=\"leggi-anche\">Lire aussi :<\/div>\n<p><strong><a href=\"https:\/\/www.holyart.fr\/blog\/articles-religieux\/5-lieux-de-pelerinage-ou-se-rendre-au-moins-une-fois-dans-sa-vie\/\">5 lieux de p\u00e8lerinage o\u00f9 se rendre au moins une fois dans sa vie<\/a><\/strong><br \/>\nL\u2019action de Dieu sur cette Terre laisse une marque forte et qui nous attire : voici cinq p\u00e8lerinages de foi \u00e0 faire au moins une fois dans la vie.<\/p>\n<\/div>\n<h2>Histoire de laMadonnina de Tyndaris<\/h2>\n<p>Le culte de la <strong>Madonnina de Tyndaris<\/strong> est li\u00e9 \u00e0 la tradition des Vierges de la Mer, dont nous avons parl\u00e9 dans notre article d\u00e9di\u00e9 aux titres mariaux. En particulier, dans un autre article, nous avons racont\u00e9 les l\u00e9gendes concernant <a href=\"https:\/\/www.holyart.fr\/blog\/articles-religieux\/sainte-maria-a-mare-la-vierge-retrouvee-echouee-sur-une-plage\/\"><strong>Sainte-Marie-de-la-Mer<\/strong><\/a>, v\u00e9n\u00e9r\u00e9e \u00e0 Maiori et \u00e0 Santa Maria de Castellabate, dans le salernitain.<\/p>\n<p>La v\u00e9n\u00e9ration de la Petite Madone de Tyndaris aussi nait d\u2019une l\u00e9gende. Un navire en voyage de Byzance avait cherch\u00e9 refuge d\u2019une temp\u00eate dans la baie de Tyndaris, \u00e0 l\u2019abris des lacs. Mais au moment de repartir, les marins se rendirent compte que quelque chose les emp\u00eachait de reprendre la mer. Persuad\u00e9s qu\u2019il s\u2019agissait du poids du chargement, ils commenc\u00e8rent \u00e0 laisser sur la plage le plus de marchandise possible afin d\u2019all\u00e9ger la cale, mais uniquement quand ils y d\u00e9pos\u00e8rent aussi la <a href=\"https:\/\/www.holyart.fr\/search?params=%7B%22search%22%3A%22Statues%20Notre%20Dame%22%7D&amp;search=Statues+Notre+Dame\"><strong>statue de la Vierge<\/strong><\/a> qu\u2019ils amenaient avec eux le navire put reprendre le large.<\/p>\n<div class=\"link-article\">\n<p><img loading=\"lazy\" decoding=\"async\" class=\"size-full wp-image-5121 alignleft\" src=\"https:\/\/blog.holyart.it\/fr\/wp-content\/uploads\/sites\/14\/2022\/08\/Sainte-Marie-de-la-Mer.jpeg\" alt=\"Sainte Marie de la Mer\" width=\"150\" height=\"99\" data-kale-share-title=\"La Petite Madone de Tyndaris : la Vierge noire et son sanctuaire sur la mer\" data-kale-share-url=\"https:\/\/blog.holyart.it\/fr\/?p=5118\" \/><\/p>\n<div class=\"leggi-anche\">Lire aussi :<\/div>\n<p><strong><a href=\"https:\/\/www.holyart.fr\/blog\/articles-religieux\/sainte-maria-a-mare-la-vierge-retrouvee-echouee-sur-une-plage\/\">Sainte Maria a Mare : la Vierge retrouv\u00e9e \u00e9chou\u00e9e sur une plage<\/a><\/strong><br \/>\nLa d\u00e9votion \u00e0 Santa Maria a Mare nait d\u2019une l\u00e9gende des plus suggestives. D\u00e9couvrons comment elle est c\u00e9l\u00e9br\u00e9e \u00e0 Maiori &#8230;<\/p>\n<\/div>\n<p>Une autre l\u00e9gende raconte d\u2019une maman qui se rendit au Sanctuaire afin de remercier la Vierge pour avoir sauv\u00e9 sa fille malade et qui, la voyant toute noire dit\u00a0: <em>H\u00e0ju vinutu di luntana via, ppi vidiri a una cchi\u00f9 brutta di mia <\/em>! \u00ab\u00a0Je suis venue de loin pour en voir une plus laide que moi\u00a0!\u00a0\u00bb. \u00c0 ce moment-l\u00e0, sa fille qu\u2019elle tenait \u00e0 bras tomba dans la mer et la femme, d\u00e9sesp\u00e9r\u00e9e, courue sur la plage au pied du promontoire. Alors les vagues s\u2019ouvrirent et lui permirent de retrouver sa cr\u00e9ature et de la sauver. Si l\u2019on observe la conformation de la c\u00f4te d\u2019en haut, elle rappelle la silhouette d\u2019une femme qui serre une fille dans ses bras.<\/p>\n<p>En ce qui concerne l\u2019<a href=\"https:\/\/www.holyart.fr\/articles-religieux\/statues\/statues-en-resine-et-pvc\/statue-madonna-del-tindari-18-cm-resine-peinte\"><strong>aspect de la Vierge Noire de Tyndaris<\/strong><\/a>, elle est noire car elle est sculpt\u00e9e dans du bois de c\u00e8dre du Liban dans le style typique des statues byzantines et orientales autour de l\u2019ann\u00e9e 1000. En effet, la sculpture aurait \u00e9t\u00e9 enlev\u00e9e d\u2019Orient, vraisemblablement d\u2019\u00c9gypte, afin de la sauver de la pers\u00e9cution iconoclaste. Pour nous, habitu\u00e9s \u00e0 des sculptures plus harmonieuses, son visage allong\u00e9 peut appara\u00eetre bizarre, tout comme le couvre-chef qu\u2019elle porte, \u00e0 moiti\u00e9 entre la couronne et le turban.<\/p>\n<div class=\"link-product\">\n<div class=\"blocco-immagine\"><img loading=\"lazy\" decoding=\"async\" class=\"size-full wp-image-5124 alignleft\" src=\"https:\/\/blog.holyart.it\/fr\/wp-content\/uploads\/sites\/14\/2022\/08\/statue-madonna-del-tindari-resine-peinte-1.jpg\" alt=\"statue madonna del tindari resine peinte\" width=\"100\" height=\"100\" data-kale-share-title=\"La Petite Madone de Tyndaris : la Vierge noire et son sanctuaire sur la mer\" data-kale-share-url=\"https:\/\/blog.holyart.it\/fr\/?p=5118\" \/><\/div>\n<div class=\"blocco-contenuto\">\n<div class=\"blocco-acquista\">Acheter sur Holyart:<\/div>\n<div class=\"blocco-titolo\"><a href=\"https:\/\/www.holyart.fr\/articles-religieux\/statues\/statues-en-resine-et-pvc\/statue-madonna-del-tindari-18-cm-resine-peinte\">Statue Madonna del Tindari 18 cm r\u00e9sine peinte<\/a><\/div>\n<div class=\"blocco-descrizione\">Statue de la Vierge Noire de Tindari avec l&rsquo;Enfant J\u00e9sus, habill\u00e9s de v\u00eatements royaux et couronn\u00e9s.<\/div>\n<\/div>\n<\/div>\n<p>La Vierge Brune est repr\u00e9sent\u00e9e comme une <em>bas\u00edlissa<\/em>, une imp\u00e9ratrice byzantine assise sur le tr\u00f4ne et sur ce dernier qui la soutient sont grav\u00e9s les mots <em>Nigra Sum Sed Formosa<\/em>, \u00ab\u00a0Je suis noire, mais je suis belle\u00a0\u00bb, tir\u00e9s du <em>Cantique des Cantiques<\/em>. Elle tient l\u2019Enfant J\u00e9sus \u00e0 bras et elle l\u00e8ve la main droite en signe de b\u00e9n\u00e9diction. Elle est connue et ador\u00e9e comme <em>Matri &lsquo;u Tinnaru<\/em> et le sien est un des cultes mariaux les plus anciens de la Sicile.<\/p>\n<h2>La Basilique Sanctuaire de la Tr\u00e8s Sainte Marie de Tyndaris<\/h2>\n<p>La <strong>Basilique Sanctuaire de la Tr\u00e8s Sainte Marie de Tyndaris<\/strong> a \u00e9t\u00e9 reconstruite au XVIe si\u00e8cle sur les restes d\u2019une ancienne \u00e9glise d\u00e9truite par les pirates arabes dirig\u00e9s par Khayr ad-Din Barberousse, corsaire et amiral de la flotte ottomane qui mit \u00e0 feu et \u00e0 sang la c\u00f4te tyrrh\u00e9nienne de la Sicile \u00e0 la moiti\u00e9 du XVIe si\u00e8cle. Ici surgissait \u00e9galement et vraisemblablement une ancienne forteresse qui dominait le promontoire.<br \/>\nApr\u00e8s la reconstruction baroque, l\u2019\u00e9glise fut agrandie et modernis\u00e9e \u00e0 la fin du XIXe si\u00e8cle. La petite \u00e9glise d\u2019origine de la Petite Madone de Tyndaris a \u00e9t\u00e9 englob\u00e9e dans le Sanctuaire, un peu comme il est arriv\u00e9 \u00e0 Assise avec la Porziuncola \u00e0 l\u2019int\u00e9rieur de la Basilique Sainte-Marie-des-Anges.<\/p>\n<p>Comme nous le mentionnons au d\u00e9but, chaque ann\u00e9e \u00e0 Tyndaris, le 7 et le 8 septembre, se tient la <strong>f\u00eate de la Vierge Noire<\/strong>, qui culmine avec une procession solennelle \u00e0 laquelle participent des milliers de p\u00e8lerins provenant des communes limitrophes. Selon la tradition, les p\u00e8lerins montent \u00e0 pied en file indienne jusqu\u2019au Sanctuaire en parcourant l\u2019abrupt sentier Coda della Volpe (i.e. queue du renard) qui remonte sur le flanc de la c\u00f4te montagneuse. Outre pri\u00e8res et chants, la f\u00eate pr\u00e9voit stands divers et vari\u00e9s, \u00e9v\u00e9nements gastronomiques et traditions folkloriques qui unissent la dimension sacr\u00e9e \u00e0 celle plus pittoresque de la localit\u00e9.<\/p>\n<p><img loading=\"lazy\" decoding=\"async\" class=\"alignnone size-full wp-image-5126\" src=\"https:\/\/blog.holyart.it\/fr\/wp-content\/uploads\/sites\/14\/2022\/08\/Basilique-Sanctuaire-de-la-Tres-Sainte-Marie-de-Tyndaris.jpg\" alt=\"Basilique Sanctuaire de la Tres Sainte Marie de Tyndaris\" width=\"1000\" height=\"519\" data-kale-share-title=\"La Petite Madone de Tyndaris : la Vierge noire et son sanctuaire sur la mer\" data-kale-share-url=\"https:\/\/blog.holyart.it\/fr\/?p=5118\" \/><\/p>\n","protected":false},"excerpt":{"rendered":"<p>La Petite Madone de Tyndaris a \u201cchoisi\u201d de s\u2019arr\u00eater dans l\u2019homonyme petit centre habit\u00e9 en province de Messine. Ici, chaque ann\u00e9e, le 7 et le 8 septembre, on c\u00e9l\u00e8bre sa f\u00eate. Afin de comprendre le culte n\u00e9 autour de la Madonnina de Tyndaris, il faut&hellip;<\/p>\n","protected":false},"author":1,"featured_media":5128,"comment_status":"closed","ping_status":"open","sticky":false,"template":"","format":"standard","meta":{"_acf_changed":false,"footnotes":""},"categories":[8,7],"tags":[],"class_list":["post-5118","post","type-post","status-publish","format-standard","has-post-thumbnail","hentry","category-articles-religieux","category-saints-et-bienheureux"],"acf":[],"yoast_head":"<!-- This site is optimized with the Yoast SEO plugin v26.6 - https:\/\/yoast.com\/wordpress\/plugins\/seo\/ -->\n<title>La Petite Madone de Tyndaris : la Vierge noire et son sanctuaire sur la mer<\/title>\n<meta name=\"description\" content=\"La Petite Madone de Tyndaris a \u201cchoisi\u201d de s\u2019arr\u00eater dans l\u2019homonyme petit centre habit\u00e9 en province de Messine. Ici, chaque ann\u00e9e ...\" \/>\n<meta name=\"robots\" content=\"index, follow, max-snippet:-1, max-image-preview:large, max-video-preview:-1\" \/>\n<link rel=\"canonical\" href=\"https:\/\/blog.holyart.it\/fr\/saints-et-bienheureux\/la-petite-madone-de-tyndaris-la-vierge-noire-et-son-sanctuaire-sur-la-mer\/\" \/>\n<meta property=\"og:locale\" content=\"fr_FR\" \/>\n<meta property=\"og:type\" content=\"article\" \/>\n<meta property=\"og:title\" content=\"La Petite Madone de Tyndaris : la Vierge noire et son sanctuaire sur la mer\" \/>\n<meta property=\"og:description\" content=\"La Petite Madone de Tyndaris a \u201cchoisi\u201d de s\u2019arr\u00eater dans l\u2019homonyme petit centre habit\u00e9 en province de Messine. Ici, chaque ann\u00e9e ...\" \/>\n<meta property=\"og:url\" content=\"https:\/\/blog.holyart.it\/fr\/saints-et-bienheureux\/la-petite-madone-de-tyndaris-la-vierge-noire-et-son-sanctuaire-sur-la-mer\/\" \/>\n<meta property=\"og:site_name\" content=\"Holyart.fr Blog\" \/>\n<meta property=\"article:published_time\" content=\"2022-09-05T10:30:27+00:00\" \/>\n<meta property=\"article:modified_time\" content=\"2025-09-03T08:18:41+00:00\" \/>\n<meta property=\"og:image\" content=\"https:\/\/blog.holyart.it\/fr\/wp-content\/uploads\/sites\/14\/2022\/08\/La-Petite-Madone-de-Tyndaris.jpeg\" \/>\n\t<meta property=\"og:image:width\" content=\"1000\" \/>\n\t<meta property=\"og:image:height\" content=\"669\" \/>\n\t<meta property=\"og:image:type\" content=\"image\/jpeg\" \/>\n<meta name=\"author\" content=\"Redazione\" \/>\n<meta name=\"twitter:card\" content=\"summary_large_image\" \/>\n<meta name=\"twitter:label1\" content=\"\u00c9crit par\" \/>\n\t<meta name=\"twitter:data1\" content=\"Redazione\" \/>\n\t<meta name=\"twitter:label2\" content=\"Dur\u00e9e de lecture estim\u00e9e\" \/>\n\t<meta name=\"twitter:data2\" content=\"7 minutes\" \/>\n<script type=\"application\/ld+json\" class=\"yoast-schema-graph\">{\"@context\":\"https:\/\/schema.org\",\"@graph\":[{\"@type\":\"Article\",\"@id\":\"https:\/\/blog.holyart.it\/fr\/saints-et-bienheureux\/la-petite-madone-de-tyndaris-la-vierge-noire-et-son-sanctuaire-sur-la-mer\/#article\",\"isPartOf\":{\"@id\":\"https:\/\/blog.holyart.it\/fr\/saints-et-bienheureux\/la-petite-madone-de-tyndaris-la-vierge-noire-et-son-sanctuaire-sur-la-mer\/\"},\"author\":{\"name\":\"Redazione\",\"@id\":\"https:\/\/blog.holyart.it\/fr\/#\/schema\/person\/0a7b686e5af0f856ec1e390dd0baecda\"},\"headline\":\"La Petite Madone de Tyndaris : la Vierge noire et son sanctuaire sur la mer\",\"datePublished\":\"2022-09-05T10:30:27+00:00\",\"dateModified\":\"2025-09-03T08:18:41+00:00\",\"mainEntityOfPage\":{\"@id\":\"https:\/\/blog.holyart.it\/fr\/saints-et-bienheureux\/la-petite-madone-de-tyndaris-la-vierge-noire-et-son-sanctuaire-sur-la-mer\/\"},\"wordCount\":1169,\"publisher\":{\"@id\":\"https:\/\/blog.holyart.it\/fr\/#organization\"},\"image\":{\"@id\":\"https:\/\/blog.holyart.it\/fr\/saints-et-bienheureux\/la-petite-madone-de-tyndaris-la-vierge-noire-et-son-sanctuaire-sur-la-mer\/#primaryimage\"},\"thumbnailUrl\":\"https:\/\/blog.holyart.it\/fr\/wp-content\/uploads\/sites\/14\/2022\/08\/La-Petite-Madone-de-Tyndaris.jpeg\",\"articleSection\":[\"Religion\",\"Saints et Bienheureux\"],\"inLanguage\":\"fr-FR\"},{\"@type\":\"WebPage\",\"@id\":\"https:\/\/blog.holyart.it\/fr\/saints-et-bienheureux\/la-petite-madone-de-tyndaris-la-vierge-noire-et-son-sanctuaire-sur-la-mer\/\",\"url\":\"https:\/\/blog.holyart.it\/fr\/saints-et-bienheureux\/la-petite-madone-de-tyndaris-la-vierge-noire-et-son-sanctuaire-sur-la-mer\/\",\"name\":\"La Petite Madone de Tyndaris : la Vierge noire et son sanctuaire sur la mer\",\"isPartOf\":{\"@id\":\"https:\/\/blog.holyart.it\/fr\/#website\"},\"primaryImageOfPage\":{\"@id\":\"https:\/\/blog.holyart.it\/fr\/saints-et-bienheureux\/la-petite-madone-de-tyndaris-la-vierge-noire-et-son-sanctuaire-sur-la-mer\/#primaryimage\"},\"image\":{\"@id\":\"https:\/\/blog.holyart.it\/fr\/saints-et-bienheureux\/la-petite-madone-de-tyndaris-la-vierge-noire-et-son-sanctuaire-sur-la-mer\/#primaryimage\"},\"thumbnailUrl\":\"https:\/\/blog.holyart.it\/fr\/wp-content\/uploads\/sites\/14\/2022\/08\/La-Petite-Madone-de-Tyndaris.jpeg\",\"datePublished\":\"2022-09-05T10:30:27+00:00\",\"dateModified\":\"2025-09-03T08:18:41+00:00\",\"description\":\"La Petite Madone de Tyndaris a \u201cchoisi\u201d de s\u2019arr\u00eater dans l\u2019homonyme petit centre habit\u00e9 en province de Messine. Ici, chaque ann\u00e9e ...\",\"breadcrumb\":{\"@id\":\"https:\/\/blog.holyart.it\/fr\/saints-et-bienheureux\/la-petite-madone-de-tyndaris-la-vierge-noire-et-son-sanctuaire-sur-la-mer\/#breadcrumb\"},\"inLanguage\":\"fr-FR\",\"potentialAction\":[{\"@type\":\"ReadAction\",\"target\":[\"https:\/\/blog.holyart.it\/fr\/saints-et-bienheureux\/la-petite-madone-de-tyndaris-la-vierge-noire-et-son-sanctuaire-sur-la-mer\/\"]}]},{\"@type\":\"ImageObject\",\"inLanguage\":\"fr-FR\",\"@id\":\"https:\/\/blog.holyart.it\/fr\/saints-et-bienheureux\/la-petite-madone-de-tyndaris-la-vierge-noire-et-son-sanctuaire-sur-la-mer\/#primaryimage\",\"url\":\"https:\/\/blog.holyart.it\/fr\/wp-content\/uploads\/sites\/14\/2022\/08\/La-Petite-Madone-de-Tyndaris.jpeg\",\"contentUrl\":\"https:\/\/blog.holyart.it\/fr\/wp-content\/uploads\/sites\/14\/2022\/08\/La-Petite-Madone-de-Tyndaris.jpeg\",\"width\":1000,\"height\":669,\"caption\":\"La Petite Madone de Tyndaris\"},{\"@type\":\"BreadcrumbList\",\"@id\":\"https:\/\/blog.holyart.it\/fr\/saints-et-bienheureux\/la-petite-madone-de-tyndaris-la-vierge-noire-et-son-sanctuaire-sur-la-mer\/#breadcrumb\",\"itemListElement\":[{\"@type\":\"ListItem\",\"position\":1,\"name\":\"Homepage\",\"item\":\"https:\/\/blog.holyart.it\/fr\/\"},{\"@type\":\"ListItem\",\"position\":2,\"name\":\"Saints et Bienheureux\",\"item\":\"https:\/\/blog.holyart.it\/fr\/saints-et-bienheureux\/\"},{\"@type\":\"ListItem\",\"position\":3,\"name\":\"La Petite Madone de Tyndaris : la Vierge noire et son sanctuaire sur la mer\"}]},{\"@type\":\"WebSite\",\"@id\":\"https:\/\/blog.holyart.it\/fr\/#website\",\"url\":\"https:\/\/blog.holyart.it\/fr\/\",\"name\":\"Holyart.fr Blog\",\"description\":\"Holyblog\",\"publisher\":{\"@id\":\"https:\/\/blog.holyart.it\/fr\/#organization\"},\"potentialAction\":[{\"@type\":\"SearchAction\",\"target\":{\"@type\":\"EntryPoint\",\"urlTemplate\":\"https:\/\/blog.holyart.it\/fr\/?s={search_term_string}\"},\"query-input\":{\"@type\":\"PropertyValueSpecification\",\"valueRequired\":true,\"valueName\":\"search_term_string\"}}],\"inLanguage\":\"fr-FR\"},{\"@type\":\"Organization\",\"@id\":\"https:\/\/blog.holyart.it\/fr\/#organization\",\"name\":\"Holyart.fr Blog\",\"url\":\"https:\/\/blog.holyart.it\/fr\/\",\"logo\":{\"@type\":\"ImageObject\",\"inLanguage\":\"fr-FR\",\"@id\":\"https:\/\/blog.holyart.it\/fr\/#\/schema\/logo\/image\/\",\"url\":\"https:\/\/blog.holyart.it\/fr\/wp-content\/uploads\/sites\/14\/2022\/12\/Holyart_Blog_Logo.jpg\",\"contentUrl\":\"https:\/\/blog.holyart.it\/fr\/wp-content\/uploads\/sites\/14\/2022\/12\/Holyart_Blog_Logo.jpg\",\"width\":300,\"height\":50,\"caption\":\"Holyart.fr Blog\"},\"image\":{\"@id\":\"https:\/\/blog.holyart.it\/fr\/#\/schema\/logo\/image\/\"}},{\"@type\":\"Person\",\"@id\":\"https:\/\/blog.holyart.it\/fr\/#\/schema\/person\/0a7b686e5af0f856ec1e390dd0baecda\",\"name\":\"Redazione\",\"image\":{\"@type\":\"ImageObject\",\"inLanguage\":\"fr-FR\",\"@id\":\"https:\/\/blog.holyart.it\/fr\/#\/schema\/person\/image\/\",\"url\":\"https:\/\/secure.gravatar.com\/avatar\/f477da817f43e50d0af36abecd33e3edf826c68299714bdc1057dff3b113f516?s=96&d=mm&r=g\",\"contentUrl\":\"https:\/\/secure.gravatar.com\/avatar\/f477da817f43e50d0af36abecd33e3edf826c68299714bdc1057dff3b113f516?s=96&d=mm&r=g\",\"caption\":\"Redazione\"},\"url\":\"https:\/\/blog.holyart.it\/fr\/author\/admin\/\"}]}<\/script>\n<!-- \/ Yoast SEO plugin. -->","yoast_head_json":{"title":"La Petite Madone de Tyndaris : la Vierge noire et son sanctuaire sur la mer","description":"La Petite Madone de Tyndaris a \u201cchoisi\u201d de s\u2019arr\u00eater dans l\u2019homonyme petit centre habit\u00e9 en province de Messine. Ici, chaque ann\u00e9e ...","robots":{"index":"index","follow":"follow","max-snippet":"max-snippet:-1","max-image-preview":"max-image-preview:large","max-video-preview":"max-video-preview:-1"},"canonical":"https:\/\/blog.holyart.it\/fr\/saints-et-bienheureux\/la-petite-madone-de-tyndaris-la-vierge-noire-et-son-sanctuaire-sur-la-mer\/","og_locale":"fr_FR","og_type":"article","og_title":"La Petite Madone de Tyndaris : la Vierge noire et son sanctuaire sur la mer","og_description":"La Petite Madone de Tyndaris a \u201cchoisi\u201d de s\u2019arr\u00eater dans l\u2019homonyme petit centre habit\u00e9 en province de Messine. Ici, chaque ann\u00e9e ...","og_url":"https:\/\/blog.holyart.it\/fr\/saints-et-bienheureux\/la-petite-madone-de-tyndaris-la-vierge-noire-et-son-sanctuaire-sur-la-mer\/","og_site_name":"Holyart.fr Blog","article_published_time":"2022-09-05T10:30:27+00:00","article_modified_time":"2025-09-03T08:18:41+00:00","og_image":[{"width":1000,"height":669,"url":"https:\/\/blog.holyart.it\/fr\/wp-content\/uploads\/sites\/14\/2022\/08\/La-Petite-Madone-de-Tyndaris.jpeg","type":"image\/jpeg"}],"author":"Redazione","twitter_card":"summary_large_image","twitter_misc":{"\u00c9crit par":"Redazione","Dur\u00e9e de lecture estim\u00e9e":"7 minutes"},"schema":{"@context":"https:\/\/schema.org","@graph":[{"@type":"Article","@id":"https:\/\/blog.holyart.it\/fr\/saints-et-bienheureux\/la-petite-madone-de-tyndaris-la-vierge-noire-et-son-sanctuaire-sur-la-mer\/#article","isPartOf":{"@id":"https:\/\/blog.holyart.it\/fr\/saints-et-bienheureux\/la-petite-madone-de-tyndaris-la-vierge-noire-et-son-sanctuaire-sur-la-mer\/"},"author":{"name":"Redazione","@id":"https:\/\/blog.holyart.it\/fr\/#\/schema\/person\/0a7b686e5af0f856ec1e390dd0baecda"},"headline":"La Petite Madone de Tyndaris : la Vierge noire et son sanctuaire sur la mer","datePublished":"2022-09-05T10:30:27+00:00","dateModified":"2025-09-03T08:18:41+00:00","mainEntityOfPage":{"@id":"https:\/\/blog.holyart.it\/fr\/saints-et-bienheureux\/la-petite-madone-de-tyndaris-la-vierge-noire-et-son-sanctuaire-sur-la-mer\/"},"wordCount":1169,"publisher":{"@id":"https:\/\/blog.holyart.it\/fr\/#organization"},"image":{"@id":"https:\/\/blog.holyart.it\/fr\/saints-et-bienheureux\/la-petite-madone-de-tyndaris-la-vierge-noire-et-son-sanctuaire-sur-la-mer\/#primaryimage"},"thumbnailUrl":"https:\/\/blog.holyart.it\/fr\/wp-content\/uploads\/sites\/14\/2022\/08\/La-Petite-Madone-de-Tyndaris.jpeg","articleSection":["Religion","Saints et Bienheureux"],"inLanguage":"fr-FR"},{"@type":"WebPage","@id":"https:\/\/blog.holyart.it\/fr\/saints-et-bienheureux\/la-petite-madone-de-tyndaris-la-vierge-noire-et-son-sanctuaire-sur-la-mer\/","url":"https:\/\/blog.holyart.it\/fr\/saints-et-bienheureux\/la-petite-madone-de-tyndaris-la-vierge-noire-et-son-sanctuaire-sur-la-mer\/","name":"La Petite Madone de Tyndaris : la Vierge noire et son sanctuaire sur la mer","isPartOf":{"@id":"https:\/\/blog.holyart.it\/fr\/#website"},"primaryImageOfPage":{"@id":"https:\/\/blog.holyart.it\/fr\/saints-et-bienheureux\/la-petite-madone-de-tyndaris-la-vierge-noire-et-son-sanctuaire-sur-la-mer\/#primaryimage"},"image":{"@id":"https:\/\/blog.holyart.it\/fr\/saints-et-bienheureux\/la-petite-madone-de-tyndaris-la-vierge-noire-et-son-sanctuaire-sur-la-mer\/#primaryimage"},"thumbnailUrl":"https:\/\/blog.holyart.it\/fr\/wp-content\/uploads\/sites\/14\/2022\/08\/La-Petite-Madone-de-Tyndaris.jpeg","datePublished":"2022-09-05T10:30:27+00:00","dateModified":"2025-09-03T08:18:41+00:00","description":"La Petite Madone de Tyndaris a \u201cchoisi\u201d de s\u2019arr\u00eater dans l\u2019homonyme petit centre habit\u00e9 en province de Messine. Ici, chaque ann\u00e9e ...","breadcrumb":{"@id":"https:\/\/blog.holyart.it\/fr\/saints-et-bienheureux\/la-petite-madone-de-tyndaris-la-vierge-noire-et-son-sanctuaire-sur-la-mer\/#breadcrumb"},"inLanguage":"fr-FR","potentialAction":[{"@type":"ReadAction","target":["https:\/\/blog.holyart.it\/fr\/saints-et-bienheureux\/la-petite-madone-de-tyndaris-la-vierge-noire-et-son-sanctuaire-sur-la-mer\/"]}]},{"@type":"ImageObject","inLanguage":"fr-FR","@id":"https:\/\/blog.holyart.it\/fr\/saints-et-bienheureux\/la-petite-madone-de-tyndaris-la-vierge-noire-et-son-sanctuaire-sur-la-mer\/#primaryimage","url":"https:\/\/blog.holyart.it\/fr\/wp-content\/uploads\/sites\/14\/2022\/08\/La-Petite-Madone-de-Tyndaris.jpeg","contentUrl":"https:\/\/blog.holyart.it\/fr\/wp-content\/uploads\/sites\/14\/2022\/08\/La-Petite-Madone-de-Tyndaris.jpeg","width":1000,"height":669,"caption":"La Petite Madone de Tyndaris"},{"@type":"BreadcrumbList","@id":"https:\/\/blog.holyart.it\/fr\/saints-et-bienheureux\/la-petite-madone-de-tyndaris-la-vierge-noire-et-son-sanctuaire-sur-la-mer\/#breadcrumb","itemListElement":[{"@type":"ListItem","position":1,"name":"Homepage","item":"https:\/\/blog.holyart.it\/fr\/"},{"@type":"ListItem","position":2,"name":"Saints et Bienheureux","item":"https:\/\/blog.holyart.it\/fr\/saints-et-bienheureux\/"},{"@type":"ListItem","position":3,"name":"La Petite Madone de Tyndaris : la Vierge noire et son sanctuaire sur la mer"}]},{"@type":"WebSite","@id":"https:\/\/blog.holyart.it\/fr\/#website","url":"https:\/\/blog.holyart.it\/fr\/","name":"Holyart.fr Blog","description":"Holyblog","publisher":{"@id":"https:\/\/blog.holyart.it\/fr\/#organization"},"potentialAction":[{"@type":"SearchAction","target":{"@type":"EntryPoint","urlTemplate":"https:\/\/blog.holyart.it\/fr\/?s={search_term_string}"},"query-input":{"@type":"PropertyValueSpecification","valueRequired":true,"valueName":"search_term_string"}}],"inLanguage":"fr-FR"},{"@type":"Organization","@id":"https:\/\/blog.holyart.it\/fr\/#organization","name":"Holyart.fr Blog","url":"https:\/\/blog.holyart.it\/fr\/","logo":{"@type":"ImageObject","inLanguage":"fr-FR","@id":"https:\/\/blog.holyart.it\/fr\/#\/schema\/logo\/image\/","url":"https:\/\/blog.holyart.it\/fr\/wp-content\/uploads\/sites\/14\/2022\/12\/Holyart_Blog_Logo.jpg","contentUrl":"https:\/\/blog.holyart.it\/fr\/wp-content\/uploads\/sites\/14\/2022\/12\/Holyart_Blog_Logo.jpg","width":300,"height":50,"caption":"Holyart.fr Blog"},"image":{"@id":"https:\/\/blog.holyart.it\/fr\/#\/schema\/logo\/image\/"}},{"@type":"Person","@id":"https:\/\/blog.holyart.it\/fr\/#\/schema\/person\/0a7b686e5af0f856ec1e390dd0baecda","name":"Redazione","image":{"@type":"ImageObject","inLanguage":"fr-FR","@id":"https:\/\/blog.holyart.it\/fr\/#\/schema\/person\/image\/","url":"https:\/\/secure.gravatar.com\/avatar\/f477da817f43e50d0af36abecd33e3edf826c68299714bdc1057dff3b113f516?s=96&d=mm&r=g","contentUrl":"https:\/\/secure.gravatar.com\/avatar\/f477da817f43e50d0af36abecd33e3edf826c68299714bdc1057dff3b113f516?s=96&d=mm&r=g","caption":"Redazione"},"url":"https:\/\/blog.holyart.it\/fr\/author\/admin\/"}]}},"_links":{"self":[{"href":"https:\/\/blog.holyart.it\/fr\/wp-json\/wp\/v2\/posts\/5118","targetHints":{"allow":["GET"]}}],"collection":[{"href":"https:\/\/blog.holyart.it\/fr\/wp-json\/wp\/v2\/posts"}],"about":[{"href":"https:\/\/blog.holyart.it\/fr\/wp-json\/wp\/v2\/types\/post"}],"author":[{"embeddable":true,"href":"https:\/\/blog.holyart.it\/fr\/wp-json\/wp\/v2\/users\/1"}],"replies":[{"embeddable":true,"href":"https:\/\/blog.holyart.it\/fr\/wp-json\/wp\/v2\/comments?post=5118"}],"version-history":[{"count":1,"href":"https:\/\/blog.holyart.it\/fr\/wp-json\/wp\/v2\/posts\/5118\/revisions"}],"predecessor-version":[{"id":6934,"href":"https:\/\/blog.holyart.it\/fr\/wp-json\/wp\/v2\/posts\/5118\/revisions\/6934"}],"wp:featuredmedia":[{"embeddable":true,"href":"https:\/\/blog.holyart.it\/fr\/wp-json\/wp\/v2\/media\/5128"}],"wp:attachment":[{"href":"https:\/\/blog.holyart.it\/fr\/wp-json\/wp\/v2\/media?parent=5118"}],"wp:term":[{"taxonomy":"category","embeddable":true,"href":"https:\/\/blog.holyart.it\/fr\/wp-json\/wp\/v2\/categories?post=5118"},{"taxonomy":"post_tag","embeddable":true,"href":"https:\/\/blog.holyart.it\/fr\/wp-json\/wp\/v2\/tags?post=5118"}],"curies":[{"name":"wp","href":"https:\/\/api.w.org\/{rel}","templated":true}]}}