{"id":5101,"date":"2022-08-31T12:30:03","date_gmt":"2022-08-31T10:30:03","guid":{"rendered":"https:\/\/blog.holyart.it\/fr\/?p=5101"},"modified":"2024-08-02T10:59:16","modified_gmt":"2024-08-02T08:59:16","slug":"saint-gregoire-le-grand-pape-et-docteur-de-leglise","status":"publish","type":"post","link":"https:\/\/blog.holyart.it\/fr\/saints-et-bienheureux\/saint-gregoire-le-grand-pape-et-docteur-de-leglise\/","title":{"rendered":"Saint Gr\u00e9goire le Grand, pape et docteur de l\u2019\u00c9glise"},"content":{"rendered":"<h4>Saint Gr\u00e9goire le Grand, le \u00ab\u00a0consul de Dieu\u00a0\u00bb, v\u00e9n\u00e9r\u00e9 comme saint et docteur de l\u2019\u00c9glise. Mais qui \u00e9tait cet homme extraordinaire ?<\/h4>\n<p>Ce n\u2019est pas arriv\u00e9 \u00e0 beaucoup d\u2019hommes, au cours de l\u2019histoire, de recevoir de ses contemporains l\u2019appellation de <strong>Magno<\/strong>, \u00ab\u00a0le Grand\u00a0\u00bb. Et cela \u00e9tonne d\u2019autant plus quand \u00e0 recevoir un tel surnom n\u2019est pas un commandant militaire et conqu\u00e9reur comme Alexandre le Grand ou un grand souverain comme Charles Magne ou Pierre le Grand de Russie, mais un homme d\u2019\u00e9glise. Et pourtant <a href=\"https:\/\/www.holyart.fr\/articles-religieux\/statues\/statues-en-bois-peint\/saint-gregoire-avec-colombe-bois-colore-val-gardena\"><strong>Pape Gr\u00e9goire le Grand<\/strong><\/a> a m\u00e9rit\u00e9 ce titre, celui qui dans l\u2019ancienne Rome aurait \u00e9t\u00e9 d\u00e9fini un <em>cognomina ex virtute<\/em>, une appellation honorifique r\u00e9serv\u00e9e aux conqu\u00e9reurs et aux commandants militaires.<\/p>\n<p>Mais qu\u2019est-ce que Saint Gr\u00e9goire a fait pour \u00eatre d\u00e9fini \u00ab\u00a0le Grand\u00a0\u00bb et pour \u00eatre compt\u00e9 parmi les <a href=\"https:\/\/www.holyart.fr\/blog\/saints-et-bienheureux\/les-docteurs-de-leglise-qui-sont-ils-et-quelles-sont-les-conditions-pour-obtenir-ce-titre\/\"><strong>Docteurs de l\u2019\u00e9glise\u00a0<\/strong><\/a>?<\/p>\n<div class=\"link-article\">\n<p><img loading=\"lazy\" decoding=\"async\" class=\"size-full wp-image-5102 alignleft\" src=\"https:\/\/blog.holyart.it\/fr\/wp-content\/uploads\/sites\/14\/2022\/08\/Sainte-Therese-2.jpeg\" alt=\"Sainte Therese\" width=\"150\" height=\"99\" data-kale-share-title=\"Saint Gr\u00e9goire le Grand, pape et docteur de l\u2019\u00c9glise\" data-kale-share-url=\"https:\/\/blog.holyart.it\/fr\/?p=5101\" \/><\/p>\n<div class=\"leggi-anche\">Lire aussi :<\/div>\n<p><strong><a href=\"https:\/\/www.holyart.fr\/blog\/saints-et-bienheureux\/les-docteurs-de-leglise-qui-sont-ils-et-quelles-sont-les-conditions-pour-obtenir-ce-titre\/\">Les docteurs de l\u2019\u00c9glise : qui sont-ils et quelles sont les conditions pour obtenir ce titre<\/a><\/strong><br \/>\nLe 1er octobre, nous f\u00eatons Sainte Th\u00e9r\u00e8se de Lisieux &#8230;<\/p>\n<\/div>\n<p>N\u00e9 \u00e0 <strong>Rome<\/strong> dans une riche <strong>famille patricienne<\/strong> en 540 apr. J.-C., Gr\u00e9goire d\u00e9montra d\u00e8s son plus jeune \u00e2ge son excellence dans les \u00e9tudes, bien qu\u2019il n\u2019ait jamais une formation culturelle \u00e9lev\u00e9e comme Saint Augustin et Cassiodore, bas\u00e9e donc sur les grands auteurs latins classiques tels que Salluste, Horace, Virgile et Ovide. Il resta par contre li\u00e9 \u00e0 la <strong>litt\u00e9rature de son \u00e9poque<\/strong>, plus pauvre par rapport \u00e0 celle du pass\u00e9, mais plus proche de l\u2019actualit\u00e9. Il s\u2019appropria des notions philosophiques de Cic\u00e9ron et de l\u2019\u00e9cole sto\u00efque en les adaptant \u00e0 la doctrine morale chr\u00e9tienne.<\/p>\n<div class=\"link-product\">\n<div class=\"blocco-immagine\"><img loading=\"lazy\" decoding=\"async\" class=\"size-full wp-image-5104 alignleft\" src=\"https:\/\/blog.holyart.it\/fr\/wp-content\/uploads\/sites\/14\/2022\/08\/Croix-de-St-Benoit-1.jpg\" alt=\"Croix de St Benoit\" width=\"100\" height=\"100\" data-kale-share-title=\"Saint Gr\u00e9goire le Grand, pape et docteur de l\u2019\u00c9glise\" data-kale-share-url=\"https:\/\/blog.holyart.it\/fr\/?p=5101\" \/><\/div>\n<div class=\"blocco-contenuto\">\n<div class=\"blocco-acquista\">Acheter sur Holyart:<\/div>\n<div class=\"blocco-titolo\"><a href=\"https:\/\/www.holyart.fr\/articles-religieux\/crucifix\/croix-de-st.-benoit?page=1\">Croix de St. Beno\u00eet<\/a><\/div>\n<div class=\"blocco-descrizione\">Croix de Saint Beno\u00eet: dans ce rayon vous pouvez trouver croix en m\u00e9tal, bois d&rsquo;olivier, en bois naturel et color\u00e9es.<\/div>\n<\/div>\n<\/div>\n<p>Fascin\u00e9 par la figure de <a href=\"https:\/\/www.holyart.fr\/search?params=%7B%22search%22%3A%22Saint%20Benoit%22%7D&amp;search=Saint+Benoit\"><strong>Beno\u00eet de Nursie<\/strong><\/a>, il aurait voulu devenir moine, mais sa famille le poussa \u00e0 entreprendre une brillante <strong>carri\u00e8re politique <\/strong>qui l\u2019amena \u00e0 devenir \u00e0 trente ans \u00e0 peine <strong>pr\u00e9fet de Rome<\/strong>. Il arriva tout de m\u00eame \u00e0 poursuivre sa vocation en pratiquant la charit\u00e9, offrant assistance aux n\u00e9cessiteux et en transformant en monast\u00e8res ses propri\u00e9t\u00e9s \u00e0 Rome et en Sicile.<\/p>\n<p>\u00c0 la <strong>mort de son p\u00e8re<\/strong>, toutefois, bien qu\u2019il ait \u00e9t\u00e9 bien lanc\u00e9 dans sa carri\u00e8re politique, appr\u00e9ci\u00e9 et bien vu par les autorit\u00e9s et le peuple, il d\u00e9cida de tourner le dos \u00e0 toutes les possibilit\u00e9s que la vie publique lui offrait et \u00e0 embrasser une mission totalement diff\u00e9rente. Il d\u00e9cida de transformer la maison de sa famille en un monast\u00e8re et de <a href=\"https:\/\/www.holyart.fr\/blog\/monasteres\/les-inventions-des-moines-les-principaux-responsables-du-progres-en-europe\/\"><strong>devenir moine<\/strong><\/a>, en d\u00e9diant sa vie \u00e0 l\u2019\u00e9tude des Saintes \u00c9critures et des textes religieux.<\/p>\n<div class=\"link-article\">\n<p><img loading=\"lazy\" decoding=\"async\" class=\"size-full wp-image-5105 alignleft\" src=\"https:\/\/blog.holyart.it\/fr\/wp-content\/uploads\/sites\/14\/2022\/08\/inventions-des-moines.jpeg\" alt=\"inventions des moines\" width=\"150\" height=\"99\" data-kale-share-title=\"Saint Gr\u00e9goire le Grand, pape et docteur de l\u2019\u00c9glise\" data-kale-share-url=\"https:\/\/blog.holyart.it\/fr\/?p=5101\" \/><\/p>\n<div class=\"leggi-anche\">Lire aussi :<\/div>\n<p><strong><a href=\"https:\/\/www.holyart.fr\/blog\/monasteres\/les-inventions-des-moines-les-principaux-responsables-du-progres-en-europe\/\">Les inventions des moines : les principaux responsables du progr\u00e8s en Europe<\/a><\/strong><br \/>\nD\u00e9couvrons comment les inventions des moines ont favoris\u00e9 &#8230;<\/p>\n<\/div>\n<p>Ses m\u00e9rites et ses capacit\u00e9s n\u2019\u00e9taient toutefois pas pass\u00e9s inaper\u00e7us m\u00eame dans les milieux religieux. Pape P\u00e9lage II l\u2019envoya en tant que <strong>repr\u00e9sentant aupr\u00e8s de la cour de Constantinople<\/strong> pour demander de l\u2019aide contre les Lombards \u00e0 l\u2019empereur d\u2019Orient. M\u00eame l\u2019empereur ne put qu\u2019appr\u00e9cier ses capacit\u00e9s et, avec regret, le laissa repartir pour qu\u2019il regagne le Pape afin d\u2019en devenir le conseiller personnel, r\u00f4le qu\u2019il sut supporter avec une telle habilit\u00e9 qu\u2019il fut <strong>acclam\u00e9 \u00e0 son tour Pape <\/strong>\u00e0 la mort de P\u00e9lage.<\/p>\n<p>Gr\u00e9goire ne d\u00e9sirait pas devenir Pape et accepta la t\u00e2che avec r\u00e9ticence.<\/p>\n<p>L\u2019\u00c9glise dont il se retrouva \u00e0 \u00eatre le chef traversait une <strong>p\u00e9riode terriblement compliqu\u00e9e et difficile<\/strong>, comme difficile \u00e9tait la situation politique dans laquelle versait l\u2019Empire et la p\u00e9ninsule italienne. Outre les d\u00e9sordres politiques, les incursions des <strong>Lombards<\/strong>, en ces ann\u00e9es eurent lieu aussi de nombreuses <strong>\u00e9pid\u00e9mies, temp\u00eates, inondations et famines<\/strong>.<\/p>\n<div class=\"link-product\">\n<div class=\"blocco-immagine\"><img loading=\"lazy\" decoding=\"async\" class=\"size-full wp-image-5106 alignleft\" src=\"https:\/\/blog.holyart.it\/fr\/wp-content\/uploads\/sites\/14\/2022\/08\/saint-gregoire-avec-colombe-bois-val-gardena.jpg\" alt=\"saint gregoire avec colombe bois val gardena\" width=\"100\" height=\"100\" data-kale-share-title=\"Saint Gr\u00e9goire le Grand, pape et docteur de l\u2019\u00c9glise\" data-kale-share-url=\"https:\/\/blog.holyart.it\/fr\/?p=5101\" \/><\/div>\n<div class=\"blocco-contenuto\">\n<div class=\"blocco-acquista\">Acheter sur Holyart:<\/div>\n<div class=\"blocco-titolo\"><a href=\"https:\/\/www.holyart.fr\/articles-religieux\/statues\/statues-en-bois-peint\/saint-gregoire-avec-colombe-bois-colore-val-gardena\">Saint Gr\u00e9goire avec colombe bois color\u00e9 Val Gardena<\/a><\/div>\n<div class=\"blocco-descrizione\">Saint Gr\u00e9goire sculpt\u00e9 en bois d&rsquo;\u00e9rable color\u00e9 du Val Gardena et repr\u00e9sent\u00e9 avec ses attributs \u00e9piscopaux et une colombe.<\/div>\n<\/div>\n<\/div>\n<p>Gr\u00e9goire \u00e9tait un homme <strong>physiquement faible<\/strong>, souvent malade, mais anim\u00e9 par une force et une vigueur in\u00e9branlables qui lui permirent de tirer les fils de son pontificat entre ses mains en s\u2019appuyant \u00e9galement sur des <strong>vicaires apostoliques<\/strong>, qui le repr\u00e9sentaient aupr\u00e8s des cours de toute l\u2019Europe et au-del\u00e0. Il s\u2019engagea beaucoup dans la <strong>r\u00e9organisation de l\u2019institution monastique<\/strong>, surtout dans ses relations avec l\u2019\u00e9glise et les \u00e9v\u00eaques, en assurant une plus grande autonomie juridique et \u00e9conomique pour les monast\u00e8res.<\/p>\n<p>Il arriva \u00e9galement \u00e0 parvenir \u00e0 un <strong>accord de paix avec les Lombards<\/strong>.<\/p>\n<p>C\u00e9l\u00e8bre sa <a href=\"https:\/\/www.holyart.fr\/blog\/saints-et-bienheureux\/les-apparitions-de-saint-michel-archange\/\"><strong>vision de l\u2019Archange Michel<\/strong><\/a>, advenue lors qu\u2019il traversait le pont de la Mole Adriana, devenu par la suite Pont Saint-Ange, lors qu\u2019il conduisait une procession afin de conjurer l\u2019\u00e9pid\u00e9mie de peste en cours. Apr\u00e8s sa vision, l\u2019\u00e9pid\u00e9mie cessa et les romains commenc\u00e8rent \u00e0 appeler la Mole Adriana \u00ab\u00a0Ch\u00e2teau Saint-Ange\u00a0\u00bb.<\/p>\n<div class=\"link-article\">\n<p><img loading=\"lazy\" decoding=\"async\" class=\"size-full wp-image-5107 alignleft\" src=\"https:\/\/blog.holyart.it\/fr\/wp-content\/uploads\/sites\/14\/2022\/08\/Les-apparitions-de-Saint-Michel-Archange.jpeg\" alt=\"Les apparitions de Saint Michel Archange\" width=\"150\" height=\"99\" data-kale-share-title=\"Saint Gr\u00e9goire le Grand, pape et docteur de l\u2019\u00c9glise\" data-kale-share-url=\"https:\/\/blog.holyart.it\/fr\/?p=5101\" \/><\/p>\n<div class=\"leggi-anche\">Lire aussi :<\/div>\n<p><strong><a href=\"https:\/\/www.holyart.fr\/blog\/saints-et-bienheureux\/les-apparitions-de-saint-michel-archange\/\">Les apparitions de Saint Michel Archange<\/a><\/strong><br \/>\nAvez-vous d\u00e9j\u00e0 visit\u00e9 le Sanctuaire de Monte Sant\u2019Angelo ? Il fut construit apr\u00e8s une apparition de Saint Michel Archange.<\/p>\n<\/div>\n<p>En tout cas il cultiva toujours son amour pour les <strong>Saintes \u00c9critures<\/strong> et son <strong>esprit d\u2019\u00e9vang\u00e9lisation<\/strong>. Ce fut suite \u00e0 son ordre que le <strong>moine Augustin<\/strong> (Saint Augustin de Canterbury) partit pour la Bretagne domin\u00e9e par les populations de la Germanie afin d\u2019\u00e9radiquer le paganisme.<\/p>\n<p>Mais Gr\u00e9goire fut aussi un <strong>grand \u00e9rudit<\/strong> et laissa de nombreuses \u0153uvres consid\u00e9r\u00e9es encore aujourd\u2019hui comme des textes fondamentaux pour l\u2019\u00c9glise, \u00e0 partir de la <strong>R\u00e8gle pastorale<\/strong>, un trait\u00e9 destin\u00e9 tant aux princes de l\u2019\u00e9glise qu\u2019aux gouverneurs la\u00efcs afin de les aider \u00e0 soutenir leur t\u00e2che et \u00e0 gouverner le monde de mani\u00e8re chr\u00e9tienne, jusqu\u2019\u00e0 arriver aux 35 volumes des <strong>Moralia in Job<\/strong>, ex\u00e9g\u00e8se du livre de Job, que Gr\u00e9goire m\u00eame d\u00e9finit \u00ab\u00a0<em>une consid\u00e9ration \u00e9tendue sur les questions morales<\/em>\u00a0\u00bb. Et ensuite <strong>Lettres<\/strong>, <strong>Hom\u00e9lies<\/strong>, <strong>Dialogues<\/strong> et bien plus encore. Tous ces textes firent de lui <strong>un des premiers Docteurs de l\u2019\u00c9glise d\u2019Occident<\/strong> avec Saint Ambroise, Saint Augustin d\u2019Hippone et Saint J\u00e9r\u00f4me. Il r\u00e9organisa aussi la <strong>liturgie romaine<\/strong> et promut le chant liturgique qui tient de lui son nom de \u00ab\u00a0<strong>gr\u00e9gorien<\/strong>\u00a0\u00bb.<\/p>\n<p>Il mourut le 12 mars de 604 et sa m\u00e9moire liturgique tombe le 3 septembre ou le 12 mars.<\/p>\n","protected":false},"excerpt":{"rendered":"<p>Saint Gr\u00e9goire le Grand, le \u00ab\u00a0consul de Dieu\u00a0\u00bb, v\u00e9n\u00e9r\u00e9 comme saint et docteur de l\u2019\u00c9glise. Mais qui \u00e9tait cet homme extraordinaire ? Ce n\u2019est pas arriv\u00e9 \u00e0 beaucoup d\u2019hommes, au cours de l\u2019histoire, de recevoir de ses contemporains l\u2019appellation de Magno, \u00ab\u00a0le Grand\u00a0\u00bb. Et cela&hellip;<\/p>\n","protected":false},"author":1,"featured_media":5109,"comment_status":"closed","ping_status":"open","sticky":false,"template":"","format":"standard","meta":{"_acf_changed":false,"footnotes":""},"categories":[8,7],"tags":[],"class_list":["post-5101","post","type-post","status-publish","format-standard","has-post-thumbnail","hentry","category-articles-religieux","category-saints-et-bienheureux"],"acf":[],"yoast_head":"<!-- This site is optimized with the Yoast SEO plugin v26.6 - https:\/\/yoast.com\/wordpress\/plugins\/seo\/ -->\n<title>Saint Gr\u00e9goire le Grand, pape et docteur de l\u2019\u00c9glise - Holyart.fr Blog<\/title>\n<meta name=\"description\" content=\"Saint Gr\u00e9goire le Grand, le \u00ab\u00a0consul de Dieu\u00a0\u00bb, v\u00e9n\u00e9r\u00e9 comme saint et docteur de l\u2019\u00c9glise. Mais qui \u00e9tait cet homme extraordinaire ?\" \/>\n<meta name=\"robots\" content=\"index, follow, max-snippet:-1, max-image-preview:large, max-video-preview:-1\" \/>\n<link rel=\"canonical\" href=\"https:\/\/blog.holyart.it\/fr\/saints-et-bienheureux\/saint-gregoire-le-grand-pape-et-docteur-de-leglise\/\" \/>\n<meta property=\"og:locale\" content=\"fr_FR\" \/>\n<meta property=\"og:type\" content=\"article\" \/>\n<meta property=\"og:title\" content=\"Saint Gr\u00e9goire le Grand, pape et docteur de l\u2019\u00c9glise - Holyart.fr Blog\" \/>\n<meta property=\"og:description\" content=\"Saint Gr\u00e9goire le Grand, le \u00ab\u00a0consul de Dieu\u00a0\u00bb, v\u00e9n\u00e9r\u00e9 comme saint et docteur de l\u2019\u00c9glise. Mais qui \u00e9tait cet homme extraordinaire ?\" \/>\n<meta property=\"og:url\" content=\"https:\/\/blog.holyart.it\/fr\/saints-et-bienheureux\/saint-gregoire-le-grand-pape-et-docteur-de-leglise\/\" \/>\n<meta property=\"og:site_name\" content=\"Holyart.fr Blog\" \/>\n<meta property=\"article:published_time\" content=\"2022-08-31T10:30:03+00:00\" \/>\n<meta property=\"article:modified_time\" content=\"2024-08-02T08:59:16+00:00\" \/>\n<meta property=\"og:image\" content=\"https:\/\/blog.holyart.it\/fr\/wp-content\/uploads\/sites\/14\/2022\/08\/Saint-Gr\u00e9goire-le-Grand.jpeg\" \/>\n\t<meta property=\"og:image:width\" content=\"1000\" \/>\n\t<meta property=\"og:image:height\" content=\"666\" \/>\n\t<meta property=\"og:image:type\" content=\"image\/jpeg\" \/>\n<meta name=\"author\" content=\"Redazione\" \/>\n<meta name=\"twitter:card\" content=\"summary_large_image\" \/>\n<meta name=\"twitter:label1\" content=\"\u00c9crit par\" \/>\n\t<meta name=\"twitter:data1\" content=\"Redazione\" \/>\n\t<meta name=\"twitter:label2\" content=\"Dur\u00e9e de lecture estim\u00e9e\" \/>\n\t<meta name=\"twitter:data2\" content=\"7 minutes\" \/>\n<script type=\"application\/ld+json\" class=\"yoast-schema-graph\">{\"@context\":\"https:\/\/schema.org\",\"@graph\":[{\"@type\":\"Article\",\"@id\":\"https:\/\/blog.holyart.it\/fr\/saints-et-bienheureux\/saint-gregoire-le-grand-pape-et-docteur-de-leglise\/#article\",\"isPartOf\":{\"@id\":\"https:\/\/blog.holyart.it\/fr\/saints-et-bienheureux\/saint-gregoire-le-grand-pape-et-docteur-de-leglise\/\"},\"author\":{\"name\":\"Redazione\",\"@id\":\"https:\/\/blog.holyart.it\/fr\/#\/schema\/person\/0a7b686e5af0f856ec1e390dd0baecda\"},\"headline\":\"Saint Gr\u00e9goire le Grand, pape et docteur de l\u2019\u00c9glise\",\"datePublished\":\"2022-08-31T10:30:03+00:00\",\"dateModified\":\"2024-08-02T08:59:16+00:00\",\"mainEntityOfPage\":{\"@id\":\"https:\/\/blog.holyart.it\/fr\/saints-et-bienheureux\/saint-gregoire-le-grand-pape-et-docteur-de-leglise\/\"},\"wordCount\":1130,\"publisher\":{\"@id\":\"https:\/\/blog.holyart.it\/fr\/#organization\"},\"image\":{\"@id\":\"https:\/\/blog.holyart.it\/fr\/saints-et-bienheureux\/saint-gregoire-le-grand-pape-et-docteur-de-leglise\/#primaryimage\"},\"thumbnailUrl\":\"https:\/\/blog.holyart.it\/fr\/wp-content\/uploads\/sites\/14\/2022\/08\/Saint-Gr\u00e9goire-le-Grand.jpeg\",\"articleSection\":[\"Religion\",\"Saints et Bienheureux\"],\"inLanguage\":\"fr-FR\"},{\"@type\":\"WebPage\",\"@id\":\"https:\/\/blog.holyart.it\/fr\/saints-et-bienheureux\/saint-gregoire-le-grand-pape-et-docteur-de-leglise\/\",\"url\":\"https:\/\/blog.holyart.it\/fr\/saints-et-bienheureux\/saint-gregoire-le-grand-pape-et-docteur-de-leglise\/\",\"name\":\"Saint Gr\u00e9goire le Grand, pape et docteur de l\u2019\u00c9glise - Holyart.fr Blog\",\"isPartOf\":{\"@id\":\"https:\/\/blog.holyart.it\/fr\/#website\"},\"primaryImageOfPage\":{\"@id\":\"https:\/\/blog.holyart.it\/fr\/saints-et-bienheureux\/saint-gregoire-le-grand-pape-et-docteur-de-leglise\/#primaryimage\"},\"image\":{\"@id\":\"https:\/\/blog.holyart.it\/fr\/saints-et-bienheureux\/saint-gregoire-le-grand-pape-et-docteur-de-leglise\/#primaryimage\"},\"thumbnailUrl\":\"https:\/\/blog.holyart.it\/fr\/wp-content\/uploads\/sites\/14\/2022\/08\/Saint-Gr\u00e9goire-le-Grand.jpeg\",\"datePublished\":\"2022-08-31T10:30:03+00:00\",\"dateModified\":\"2024-08-02T08:59:16+00:00\",\"description\":\"Saint Gr\u00e9goire le Grand, le \u00ab\u00a0consul de Dieu\u00a0\u00bb, v\u00e9n\u00e9r\u00e9 comme saint et docteur de l\u2019\u00c9glise. Mais qui \u00e9tait cet homme extraordinaire ?\",\"breadcrumb\":{\"@id\":\"https:\/\/blog.holyart.it\/fr\/saints-et-bienheureux\/saint-gregoire-le-grand-pape-et-docteur-de-leglise\/#breadcrumb\"},\"inLanguage\":\"fr-FR\",\"potentialAction\":[{\"@type\":\"ReadAction\",\"target\":[\"https:\/\/blog.holyart.it\/fr\/saints-et-bienheureux\/saint-gregoire-le-grand-pape-et-docteur-de-leglise\/\"]}]},{\"@type\":\"ImageObject\",\"inLanguage\":\"fr-FR\",\"@id\":\"https:\/\/blog.holyart.it\/fr\/saints-et-bienheureux\/saint-gregoire-le-grand-pape-et-docteur-de-leglise\/#primaryimage\",\"url\":\"https:\/\/blog.holyart.it\/fr\/wp-content\/uploads\/sites\/14\/2022\/08\/Saint-Gr\u00e9goire-le-Grand.jpeg\",\"contentUrl\":\"https:\/\/blog.holyart.it\/fr\/wp-content\/uploads\/sites\/14\/2022\/08\/Saint-Gr\u00e9goire-le-Grand.jpeg\",\"width\":1000,\"height\":666,\"caption\":\"Saint Gregoire le Grand\"},{\"@type\":\"BreadcrumbList\",\"@id\":\"https:\/\/blog.holyart.it\/fr\/saints-et-bienheureux\/saint-gregoire-le-grand-pape-et-docteur-de-leglise\/#breadcrumb\",\"itemListElement\":[{\"@type\":\"ListItem\",\"position\":1,\"name\":\"Homepage\",\"item\":\"https:\/\/blog.holyart.it\/fr\/\"},{\"@type\":\"ListItem\",\"position\":2,\"name\":\"Saints et Bienheureux\",\"item\":\"https:\/\/blog.holyart.it\/fr\/saints-et-bienheureux\/\"},{\"@type\":\"ListItem\",\"position\":3,\"name\":\"Saint Gr\u00e9goire le Grand, pape et docteur de l\u2019\u00c9glise\"}]},{\"@type\":\"WebSite\",\"@id\":\"https:\/\/blog.holyart.it\/fr\/#website\",\"url\":\"https:\/\/blog.holyart.it\/fr\/\",\"name\":\"Holyart.fr Blog\",\"description\":\"Holyblog\",\"publisher\":{\"@id\":\"https:\/\/blog.holyart.it\/fr\/#organization\"},\"potentialAction\":[{\"@type\":\"SearchAction\",\"target\":{\"@type\":\"EntryPoint\",\"urlTemplate\":\"https:\/\/blog.holyart.it\/fr\/?s={search_term_string}\"},\"query-input\":{\"@type\":\"PropertyValueSpecification\",\"valueRequired\":true,\"valueName\":\"search_term_string\"}}],\"inLanguage\":\"fr-FR\"},{\"@type\":\"Organization\",\"@id\":\"https:\/\/blog.holyart.it\/fr\/#organization\",\"name\":\"Holyart.fr Blog\",\"url\":\"https:\/\/blog.holyart.it\/fr\/\",\"logo\":{\"@type\":\"ImageObject\",\"inLanguage\":\"fr-FR\",\"@id\":\"https:\/\/blog.holyart.it\/fr\/#\/schema\/logo\/image\/\",\"url\":\"https:\/\/blog.holyart.it\/fr\/wp-content\/uploads\/sites\/14\/2022\/12\/Holyart_Blog_Logo.jpg\",\"contentUrl\":\"https:\/\/blog.holyart.it\/fr\/wp-content\/uploads\/sites\/14\/2022\/12\/Holyart_Blog_Logo.jpg\",\"width\":300,\"height\":50,\"caption\":\"Holyart.fr Blog\"},\"image\":{\"@id\":\"https:\/\/blog.holyart.it\/fr\/#\/schema\/logo\/image\/\"}},{\"@type\":\"Person\",\"@id\":\"https:\/\/blog.holyart.it\/fr\/#\/schema\/person\/0a7b686e5af0f856ec1e390dd0baecda\",\"name\":\"Redazione\",\"image\":{\"@type\":\"ImageObject\",\"inLanguage\":\"fr-FR\",\"@id\":\"https:\/\/blog.holyart.it\/fr\/#\/schema\/person\/image\/\",\"url\":\"https:\/\/secure.gravatar.com\/avatar\/f477da817f43e50d0af36abecd33e3edf826c68299714bdc1057dff3b113f516?s=96&d=mm&r=g\",\"contentUrl\":\"https:\/\/secure.gravatar.com\/avatar\/f477da817f43e50d0af36abecd33e3edf826c68299714bdc1057dff3b113f516?s=96&d=mm&r=g\",\"caption\":\"Redazione\"},\"url\":\"https:\/\/blog.holyart.it\/fr\/author\/admin\/\"}]}<\/script>\n<!-- \/ Yoast SEO plugin. -->","yoast_head_json":{"title":"Saint Gr\u00e9goire le Grand, pape et docteur de l\u2019\u00c9glise - Holyart.fr Blog","description":"Saint Gr\u00e9goire le Grand, le \u00ab\u00a0consul de Dieu\u00a0\u00bb, v\u00e9n\u00e9r\u00e9 comme saint et docteur de l\u2019\u00c9glise. Mais qui \u00e9tait cet homme extraordinaire ?","robots":{"index":"index","follow":"follow","max-snippet":"max-snippet:-1","max-image-preview":"max-image-preview:large","max-video-preview":"max-video-preview:-1"},"canonical":"https:\/\/blog.holyart.it\/fr\/saints-et-bienheureux\/saint-gregoire-le-grand-pape-et-docteur-de-leglise\/","og_locale":"fr_FR","og_type":"article","og_title":"Saint Gr\u00e9goire le Grand, pape et docteur de l\u2019\u00c9glise - Holyart.fr Blog","og_description":"Saint Gr\u00e9goire le Grand, le \u00ab\u00a0consul de Dieu\u00a0\u00bb, v\u00e9n\u00e9r\u00e9 comme saint et docteur de l\u2019\u00c9glise. Mais qui \u00e9tait cet homme extraordinaire ?","og_url":"https:\/\/blog.holyart.it\/fr\/saints-et-bienheureux\/saint-gregoire-le-grand-pape-et-docteur-de-leglise\/","og_site_name":"Holyart.fr Blog","article_published_time":"2022-08-31T10:30:03+00:00","article_modified_time":"2024-08-02T08:59:16+00:00","og_image":[{"width":1000,"height":666,"url":"https:\/\/blog.holyart.it\/fr\/wp-content\/uploads\/sites\/14\/2022\/08\/Saint-Gr\u00e9goire-le-Grand.jpeg","type":"image\/jpeg"}],"author":"Redazione","twitter_card":"summary_large_image","twitter_misc":{"\u00c9crit par":"Redazione","Dur\u00e9e de lecture estim\u00e9e":"7 minutes"},"schema":{"@context":"https:\/\/schema.org","@graph":[{"@type":"Article","@id":"https:\/\/blog.holyart.it\/fr\/saints-et-bienheureux\/saint-gregoire-le-grand-pape-et-docteur-de-leglise\/#article","isPartOf":{"@id":"https:\/\/blog.holyart.it\/fr\/saints-et-bienheureux\/saint-gregoire-le-grand-pape-et-docteur-de-leglise\/"},"author":{"name":"Redazione","@id":"https:\/\/blog.holyart.it\/fr\/#\/schema\/person\/0a7b686e5af0f856ec1e390dd0baecda"},"headline":"Saint Gr\u00e9goire le Grand, pape et docteur de l\u2019\u00c9glise","datePublished":"2022-08-31T10:30:03+00:00","dateModified":"2024-08-02T08:59:16+00:00","mainEntityOfPage":{"@id":"https:\/\/blog.holyart.it\/fr\/saints-et-bienheureux\/saint-gregoire-le-grand-pape-et-docteur-de-leglise\/"},"wordCount":1130,"publisher":{"@id":"https:\/\/blog.holyart.it\/fr\/#organization"},"image":{"@id":"https:\/\/blog.holyart.it\/fr\/saints-et-bienheureux\/saint-gregoire-le-grand-pape-et-docteur-de-leglise\/#primaryimage"},"thumbnailUrl":"https:\/\/blog.holyart.it\/fr\/wp-content\/uploads\/sites\/14\/2022\/08\/Saint-Gr\u00e9goire-le-Grand.jpeg","articleSection":["Religion","Saints et Bienheureux"],"inLanguage":"fr-FR"},{"@type":"WebPage","@id":"https:\/\/blog.holyart.it\/fr\/saints-et-bienheureux\/saint-gregoire-le-grand-pape-et-docteur-de-leglise\/","url":"https:\/\/blog.holyart.it\/fr\/saints-et-bienheureux\/saint-gregoire-le-grand-pape-et-docteur-de-leglise\/","name":"Saint Gr\u00e9goire le Grand, pape et docteur de l\u2019\u00c9glise - Holyart.fr Blog","isPartOf":{"@id":"https:\/\/blog.holyart.it\/fr\/#website"},"primaryImageOfPage":{"@id":"https:\/\/blog.holyart.it\/fr\/saints-et-bienheureux\/saint-gregoire-le-grand-pape-et-docteur-de-leglise\/#primaryimage"},"image":{"@id":"https:\/\/blog.holyart.it\/fr\/saints-et-bienheureux\/saint-gregoire-le-grand-pape-et-docteur-de-leglise\/#primaryimage"},"thumbnailUrl":"https:\/\/blog.holyart.it\/fr\/wp-content\/uploads\/sites\/14\/2022\/08\/Saint-Gr\u00e9goire-le-Grand.jpeg","datePublished":"2022-08-31T10:30:03+00:00","dateModified":"2024-08-02T08:59:16+00:00","description":"Saint Gr\u00e9goire le Grand, le \u00ab\u00a0consul de Dieu\u00a0\u00bb, v\u00e9n\u00e9r\u00e9 comme saint et docteur de l\u2019\u00c9glise. Mais qui \u00e9tait cet homme extraordinaire ?","breadcrumb":{"@id":"https:\/\/blog.holyart.it\/fr\/saints-et-bienheureux\/saint-gregoire-le-grand-pape-et-docteur-de-leglise\/#breadcrumb"},"inLanguage":"fr-FR","potentialAction":[{"@type":"ReadAction","target":["https:\/\/blog.holyart.it\/fr\/saints-et-bienheureux\/saint-gregoire-le-grand-pape-et-docteur-de-leglise\/"]}]},{"@type":"ImageObject","inLanguage":"fr-FR","@id":"https:\/\/blog.holyart.it\/fr\/saints-et-bienheureux\/saint-gregoire-le-grand-pape-et-docteur-de-leglise\/#primaryimage","url":"https:\/\/blog.holyart.it\/fr\/wp-content\/uploads\/sites\/14\/2022\/08\/Saint-Gr\u00e9goire-le-Grand.jpeg","contentUrl":"https:\/\/blog.holyart.it\/fr\/wp-content\/uploads\/sites\/14\/2022\/08\/Saint-Gr\u00e9goire-le-Grand.jpeg","width":1000,"height":666,"caption":"Saint Gregoire le Grand"},{"@type":"BreadcrumbList","@id":"https:\/\/blog.holyart.it\/fr\/saints-et-bienheureux\/saint-gregoire-le-grand-pape-et-docteur-de-leglise\/#breadcrumb","itemListElement":[{"@type":"ListItem","position":1,"name":"Homepage","item":"https:\/\/blog.holyart.it\/fr\/"},{"@type":"ListItem","position":2,"name":"Saints et Bienheureux","item":"https:\/\/blog.holyart.it\/fr\/saints-et-bienheureux\/"},{"@type":"ListItem","position":3,"name":"Saint Gr\u00e9goire le Grand, pape et docteur de l\u2019\u00c9glise"}]},{"@type":"WebSite","@id":"https:\/\/blog.holyart.it\/fr\/#website","url":"https:\/\/blog.holyart.it\/fr\/","name":"Holyart.fr Blog","description":"Holyblog","publisher":{"@id":"https:\/\/blog.holyart.it\/fr\/#organization"},"potentialAction":[{"@type":"SearchAction","target":{"@type":"EntryPoint","urlTemplate":"https:\/\/blog.holyart.it\/fr\/?s={search_term_string}"},"query-input":{"@type":"PropertyValueSpecification","valueRequired":true,"valueName":"search_term_string"}}],"inLanguage":"fr-FR"},{"@type":"Organization","@id":"https:\/\/blog.holyart.it\/fr\/#organization","name":"Holyart.fr Blog","url":"https:\/\/blog.holyart.it\/fr\/","logo":{"@type":"ImageObject","inLanguage":"fr-FR","@id":"https:\/\/blog.holyart.it\/fr\/#\/schema\/logo\/image\/","url":"https:\/\/blog.holyart.it\/fr\/wp-content\/uploads\/sites\/14\/2022\/12\/Holyart_Blog_Logo.jpg","contentUrl":"https:\/\/blog.holyart.it\/fr\/wp-content\/uploads\/sites\/14\/2022\/12\/Holyart_Blog_Logo.jpg","width":300,"height":50,"caption":"Holyart.fr Blog"},"image":{"@id":"https:\/\/blog.holyart.it\/fr\/#\/schema\/logo\/image\/"}},{"@type":"Person","@id":"https:\/\/blog.holyart.it\/fr\/#\/schema\/person\/0a7b686e5af0f856ec1e390dd0baecda","name":"Redazione","image":{"@type":"ImageObject","inLanguage":"fr-FR","@id":"https:\/\/blog.holyart.it\/fr\/#\/schema\/person\/image\/","url":"https:\/\/secure.gravatar.com\/avatar\/f477da817f43e50d0af36abecd33e3edf826c68299714bdc1057dff3b113f516?s=96&d=mm&r=g","contentUrl":"https:\/\/secure.gravatar.com\/avatar\/f477da817f43e50d0af36abecd33e3edf826c68299714bdc1057dff3b113f516?s=96&d=mm&r=g","caption":"Redazione"},"url":"https:\/\/blog.holyart.it\/fr\/author\/admin\/"}]}},"_links":{"self":[{"href":"https:\/\/blog.holyart.it\/fr\/wp-json\/wp\/v2\/posts\/5101","targetHints":{"allow":["GET"]}}],"collection":[{"href":"https:\/\/blog.holyart.it\/fr\/wp-json\/wp\/v2\/posts"}],"about":[{"href":"https:\/\/blog.holyart.it\/fr\/wp-json\/wp\/v2\/types\/post"}],"author":[{"embeddable":true,"href":"https:\/\/blog.holyart.it\/fr\/wp-json\/wp\/v2\/users\/1"}],"replies":[{"embeddable":true,"href":"https:\/\/blog.holyart.it\/fr\/wp-json\/wp\/v2\/comments?post=5101"}],"version-history":[{"count":1,"href":"https:\/\/blog.holyart.it\/fr\/wp-json\/wp\/v2\/posts\/5101\/revisions"}],"predecessor-version":[{"id":6870,"href":"https:\/\/blog.holyart.it\/fr\/wp-json\/wp\/v2\/posts\/5101\/revisions\/6870"}],"wp:featuredmedia":[{"embeddable":true,"href":"https:\/\/blog.holyart.it\/fr\/wp-json\/wp\/v2\/media\/5109"}],"wp:attachment":[{"href":"https:\/\/blog.holyart.it\/fr\/wp-json\/wp\/v2\/media?parent=5101"}],"wp:term":[{"taxonomy":"category","embeddable":true,"href":"https:\/\/blog.holyart.it\/fr\/wp-json\/wp\/v2\/categories?post=5101"},{"taxonomy":"post_tag","embeddable":true,"href":"https:\/\/blog.holyart.it\/fr\/wp-json\/wp\/v2\/tags?post=5101"}],"curies":[{"name":"wp","href":"https:\/\/api.w.org\/{rel}","templated":true}]}}