{"id":5070,"date":"2022-08-24T12:30:53","date_gmt":"2022-08-24T10:30:53","guid":{"rendered":"https:\/\/blog.holyart.it\/fr\/?p=5070"},"modified":"2024-10-15T16:44:20","modified_gmt":"2024-10-15T14:44:20","slug":"les-peres-de-leglise-qui-etaient-ils-et-quest-ce-quon-entend-par-patristique","status":"publish","type":"post","link":"https:\/\/blog.holyart.it\/fr\/articles-religieux\/les-peres-de-leglise-qui-etaient-ils-et-quest-ce-quon-entend-par-patristique\/","title":{"rendered":"Les p\u00e8res de l\u2019\u00c9glise : qui \u00e9taient-ils et qu\u2019est-ce qu\u2019on entend par patristique"},"content":{"rendered":"<h4>Les P\u00e8res de l\u2019\u00c9glise sont les principaux \u00e9crivains chr\u00e9tiens, dont les \u0153uvres constituent les bases de la doctrine de l\u2019\u00c9glise. Apprenons \u00e0 les conna\u00eetre.<\/h4>\n<p>Nous avons d\u00e9j\u00e0 parl\u00e9 dans le pass\u00e9 des <a href=\"https:\/\/www.holyart.fr\/blog\/saints-et-bienheureux\/les-docteurs-de-leglise-qui-sont-ils-et-quelles-sont-les-conditions-pour-obtenir-ce-titre\/\"><strong>Docteurs de l\u2019\u00c9glise<\/strong><\/a>, ces hommes et femmes qui, en vertu de leur saintet\u00e9 et sagesse, ont su rendre grande l\u2019\u00c9glise et laisser t\u00e9moignage d\u2019une connaissance th\u00e9ologique et d\u2019une force spirituelle immortelles. Des \u00e9crivains illustres, donc, qui conduisirent une vie sainte et pieuse, forts de connaissance de choses sacr\u00e9es, au point d\u2019\u00eatre reconnus Docteurs par d\u00e9cret du pape ou du concile \u0153cum\u00e9nique. Mais quatre d\u2019entre eux, en plus d\u2019\u00eatre Docteurs, ils sont \u00e9galement consid\u00e9r\u00e9s comme les <strong>P\u00e8res de l\u2019\u00c9glise<\/strong>, et ont donc un double titre : nous parlons des quatre p\u00e8res de l\u2019\u00c9glise occidentale, <strong><a href=\"https:\/\/www.holyart.fr\/articles-religieux\/statues\/statues-en-bois-peint\/saint-augustin-avec-un-coeur-bois-colore-val-gardena\">Saint Augustin d\u2019Hippone<\/a>, Saint Ambroise, Saint J\u00e9r\u00f4me et <a href=\"https:\/\/www.holyart.fr\/articles-religieux\/statues\/statues-en-bois-peint\/saint-gregoire-avec-colombe-bois-colore-val-gardena\">Saint Gr\u00e9goire<\/a><\/strong>.<\/p>\n<div class=\"link-article\">\n<p><img loading=\"lazy\" decoding=\"async\" class=\"size-full wp-image-5071 alignleft\" src=\"https:\/\/blog.holyart.it\/fr\/wp-content\/uploads\/sites\/14\/2022\/08\/Sainte-Therese-1.jpeg\" alt=\"Sainte Therese\" width=\"150\" height=\"99\" data-kale-share-title=\"Les p\u00e8res de l\u2019\u00c9glise : qui \u00e9taient-ils et qu\u2019est-ce qu\u2019on entend par patristique\" data-kale-share-url=\"https:\/\/blog.holyart.it\/fr\/?p=5070\" \/><\/p>\n<div class=\"leggi-anche\">Lire aussi :<\/div>\n<p><strong><a href=\"https:\/\/www.holyart.fr\/blog\/saints-et-bienheureux\/les-docteurs-de-leglise-qui-sont-ils-et-quelles-sont-les-conditions-pour-obtenir-ce-titre\/\">Les docteurs de l\u2019\u00c9glise : qui sont-ils et quelles sont les conditions pour obtenir ce titre<\/a><\/strong><br \/>\nLe 1er octobre, nous f\u00eatons Sainte Th\u00e9r\u00e8se de Lisieux, une des quatre femmes proclam\u00e9es Docteurs de l\u2019\u00c9glise.<\/p>\n<\/div>\n<p>Ce sont eux qui ont \u00e9labor\u00e9 ce que nous connaissons sous le nom de <strong>Patristique<\/strong>, la pens\u00e9e chr\u00e9tienne des premiers si\u00e8cles. Avant les \u00e9rudits et les auteurs chr\u00e9tiens \u00e9taient occup\u00e9s dans l\u2019<strong>Apolog\u00e9tique<\/strong>, la discipline th\u00e9ologique gr\u00e2ce \u00e0 laquelle ils soutenaient leurs th\u00e8ses religieuses et morales contre les critiques et les accusations provenant de l\u2019ext\u00e9rieur. En effet, il existe aussi la <em>Patristique mineure<\/em>, promue par ces \u00e9rudits qui d\u00e9fendirent la foi chr\u00e9tienne contre juifs, pa\u00efens, h\u00e9r\u00e9tiques. Avec l\u2019\u00e9dit de Milan (313 apr. J.-C.) les Chr\u00e9tiens avaient obtenu la libert\u00e9 de culte et il \u00e9tait donc possible de se concentrer sur l\u2019\u00e9tude des textes sacr\u00e9s et sur la diffusion de la religion.<\/p>\n<div class=\"link-product\">\n<div class=\"blocco-immagine\"><img loading=\"lazy\" decoding=\"async\" class=\"size-full wp-image-5076 alignleft\" src=\"https:\/\/blog.holyart.it\/fr\/wp-content\/uploads\/sites\/14\/2022\/08\/statue-saint-augustin.jpg\" alt=\"statue saint augustin\" width=\"100\" height=\"100\" data-kale-share-title=\"Les p\u00e8res de l\u2019\u00c9glise : qui \u00e9taient-ils et qu\u2019est-ce qu\u2019on entend par patristique\" data-kale-share-url=\"https:\/\/blog.holyart.it\/fr\/?p=5070\" \/><\/div>\n<div class=\"blocco-contenuto\">\n<div class=\"blocco-acquista\">Acheter sur Holyart:<\/div>\n<div class=\"blocco-titolo\"><a href=\"https:\/\/www.holyart.fr\/articles-religieux\/statues\/statues-en-resine-et-pvc\/statue-saint-augustin-13-cm-resine-peinte?flags=true\">Statue Saint Augustin 13 cm r\u00e9sine peinte<\/a><\/div>\n<div class=\"blocco-descrizione\">Statuette de 12,5x4x4 cm en r\u00e9sine peinte \u00e0 la main, repr\u00e9sentant Saint Augustin dans ses habits d&rsquo;\u00e9v\u00eaque.<\/div>\n<\/div>\n<\/div>\n<p>Il n\u2019est pas simple de r\u00e9sumer en quelques mots l\u2019importance r\u00e9volutionnaire de la pens\u00e9e patristique, qui se d\u00e9veloppa \u00e0 partir du IIIe si\u00e8cle apr. J.-C. Les P\u00e8res de l\u2019\u00c9glise commenc\u00e8rent leur \u0153uvre d\u2019\u00e9tude et de pr\u00e9dication et, puisqu\u2019ils \u00e9taient avant tout des savants, ils n\u2019h\u00e9sit\u00e8rent pas \u00e0 s\u2019approprier \u00e9galement la <strong>philosophie et la culture pa\u00efenne<\/strong>, h\u00e9rit\u00e9e des Grecs et des Romains, afin de cr\u00e9er la nouvelle <strong>philosophie chr\u00e9tienne<\/strong>. Au contraire, ils essay\u00e8rent d\u2019int\u00e9grer la pens\u00e9e pa\u00efenne, en r\u00e9\u00e9laborant de nombreux concepts en cl\u00e9 chr\u00e9tienne et en les reconduisant \u00e0 leur propre foi. De cette mani\u00e8re, la philosophie classique devient un moyen pour comprendre les v\u00e9rit\u00e9s chr\u00e9tiennes. Cette approche est d\u00e9finie comme <strong>Patristique grecque<\/strong>.<br \/>\nUne attitude diam\u00e9tralement oppos\u00e9e aura sera par contre la <strong>Patristique latine<\/strong>, qui refusera toute contamination de la philosophie pa\u00efenne, en la consid\u00e9rant comme un obstacle \u00e0 la religion, et revendiquera la n\u00e9cessit\u00e9 de cr\u00e9er une philosophie exclusivement li\u00e9e au Christianisme, en se justifiant par les nombreuses lacunes avec les myst\u00e8res de la foi.<\/p>\n<p>Il serait \u00e9galement tr\u00e8s difficile de rendre justice aux m\u00e9rites des P\u00e8res de l\u2019\u00c9glise en quelques lignes. Nous allons donc nous limiter \u00e0 vous les pr\u00e9senter bri\u00e8vement, en vous renvoyant aux diff\u00e9rents approfondissements que nous avons d\u00e9j\u00e0 publi\u00e9 dans notre blog, comme ceux sur Saint Augustin et sa m\u00e8re <a href=\"https:\/\/www.holyart.fr\/blog\/saints-et-bienheureux\/sainte-monique-sainte-patronne-des-meres-et-exemple-pour-les-femmes\/\"><strong>Sainte Monique<\/strong><\/a>, ou sur <strong><a href=\"https:\/\/www.holyart.fr\/blog\/noel\/saint-ambroise-qui-etait-le-saint-patron-de-milan\/\">Saint Ambroise Saint Patron de Milan<\/a>.\u00a0<\/strong><\/p>\n<div class=\"link-product\">\n<div class=\"blocco-immagine\"><img loading=\"lazy\" decoding=\"async\" class=\"size-full wp-image-5077 alignleft\" src=\"https:\/\/blog.holyart.it\/fr\/wp-content\/uploads\/sites\/14\/2022\/08\/saint-gregoire-avec-colombe-bois-colore-val-gardena.jpg\" alt=\"saint gregoire avec colombe bois colore val gardena\" width=\"100\" height=\"100\" data-kale-share-title=\"Les p\u00e8res de l\u2019\u00c9glise : qui \u00e9taient-ils et qu\u2019est-ce qu\u2019on entend par patristique\" data-kale-share-url=\"https:\/\/blog.holyart.it\/fr\/?p=5070\" \/><\/div>\n<div class=\"blocco-contenuto\">\n<div class=\"blocco-acquista\">Acheter sur Holyart:<\/div>\n<div class=\"blocco-titolo\"><a href=\"https:\/\/www.holyart.fr\/articles-religieux\/statues\/statues-en-bois-peint\/saint-gregoire-avec-colombe-bois-colore-val-gardena\">Saint Gr\u00e9goire avec colombe bois color\u00e9 Val Gardena<\/a><\/div>\n<div class=\"blocco-descrizione\">Sculpture r\u00e9alis\u00e9e et peinte \u00e0 la main par des artisans italiens exp\u00e9riment\u00e9s donnant vie \u00e0 une oeuvre tr\u00e8s soign\u00e9e et r\u00e9aliste.<\/div>\n<\/div>\n<\/div>\n<ol>\n<li><a href=\"https:\/\/www.holyart.fr\/articles-religieux\/statues\/statues-en-resine-et-pvc\/statue-saint-augustin-13-cm-resine-peinte\"><strong>Saint Augustin d\u2019Hippone<\/strong><\/a> v\u00e9cut entre le 354 et le 430 apr. J.-C. D\u2019origine nord-africaine, il fut philosophe, \u00e9v\u00eaque et th\u00e9ologien, P\u00e8re, Docteur et Saint de l\u2019\u00c9glise. Son surnom \u00e9tait <em>Doctor Gratiae<\/em>, \u00ab\u00a0Docteur de la Gr\u00e2ce\u00a0\u00bb ;<\/li>\n<li><strong><a href=\"https:\/\/www.holyart.fr\/articles-religieux\/statues\/statues-en-bois-peint\/saint-ambroise-avec-ruche-bois-colore-val-gardena\">Saint Ambroise<\/a> <\/strong>v\u00e9cut entre le 339 et le 397. Th\u00e9ologien et \u00e9crivain, il fut \u00e9v\u00eaque de Milan, dont il est \u00e9galement le Saint Patron avec Saint Charles Borrom\u00e9e et Saint Galdino, apr\u00e8s avoir tent\u00e9 de faire cesser pacifiquement les forts contrastes entre ariens et catholiques en tant que repr\u00e9sentant de l\u2019impr\u00e9cateur Valentinien Ier\u00a0;<\/li>\n<li><strong>Saint J\u00e9r\u00f4me<\/strong> v\u00e9cut entre le 347 et le 419 apr. J.-C. \u00c9tudiant de la Bible, son \u0153uvre principale fut la traduction en latin d\u2019une partie de l\u2019Ancien Testament grec et ensuite de l\u2019\u00c9criture juive enti\u00e8re\u00a0;<\/li>\n<li><strong>Saint Gr\u00e9goire le Grand <\/strong>v\u00e9cut entre le 540 et le 604 et fut \u00e9v\u00eaque de Rome et Pape jusqu\u2019\u00e0 sa mort. V\u00e9n\u00e9r\u00e9 comme Saint et Docteur de l\u2019\u00c9glise dans les autres confessions aussi, il \u00e9tait fr\u00eale et souvent malade, mais anim\u00e9 par une tr\u00e8s grande foi et force morale.\n<div class=\"link-article\">\n<p><img loading=\"lazy\" decoding=\"async\" class=\"size-full wp-image-5074 alignleft\" src=\"https:\/\/blog.holyart.it\/fr\/wp-content\/uploads\/sites\/14\/2022\/08\/Saint-Augustin-d\u2019Hippone.jpg\" alt=\"Saint Augustin d\u2019Hippone\" width=\"150\" height=\"99\" data-kale-share-title=\"Les p\u00e8res de l\u2019\u00c9glise : qui \u00e9taient-ils et qu\u2019est-ce qu\u2019on entend par patristique\" data-kale-share-url=\"https:\/\/blog.holyart.it\/fr\/?p=5070\" \/><\/p>\n<div class=\"leggi-anche\">Lire aussi :<\/div>\n<p><strong><a href=\"https:\/\/www.holyart.fr\/blog\/saints-et-bienheureux\/saint-augustin-dhippone-philosophe-eveque-theologien\/\">Saint Augustin d\u2019Hippone: philosophe, \u00e9v\u00eaque et th\u00e9ologien<\/a><\/strong><br \/>\nIl ne fut pas uniquement un grand th\u00e9ologien et un \u00e9v\u00eaque, mais aussi un philosophe et un docteur de l\u2019\u00c9glise.<\/p>\n<\/div>\n<\/li>\n<\/ol>\n","protected":false},"excerpt":{"rendered":"<p>Les P\u00e8res de l\u2019\u00c9glise sont les principaux \u00e9crivains chr\u00e9tiens, dont les \u0153uvres constituent les bases de la doctrine de l\u2019\u00c9glise. Apprenons \u00e0 les conna\u00eetre. Nous avons d\u00e9j\u00e0 parl\u00e9 dans le pass\u00e9 des Docteurs de l\u2019\u00c9glise, ces hommes et femmes qui, en vertu de leur saintet\u00e9&hellip;<\/p>\n","protected":false},"author":1,"featured_media":5080,"comment_status":"closed","ping_status":"open","sticky":false,"template":"","format":"standard","meta":{"_acf_changed":false,"footnotes":""},"categories":[8],"tags":[],"class_list":["post-5070","post","type-post","status-publish","format-standard","has-post-thumbnail","hentry","category-articles-religieux"],"acf":[],"yoast_head":"<!-- This site is optimized with the Yoast SEO plugin v26.6 - https:\/\/yoast.com\/wordpress\/plugins\/seo\/ -->\n<title>Les p\u00e8res de l\u2019\u00c9glise : qui \u00e9taient-ils et qu\u2019est-ce qu\u2019on entend par patristique - Holyart.fr Blog<\/title>\n<meta name=\"description\" content=\"Les P\u00e8res de l\u2019\u00c9glise sont les principaux \u00e9crivains chr\u00e9tiens, dont les \u0153uvres constituent les bases de la doctrine de l\u2019\u00c9glise. Apprenons \u00e0 les conna\u00eetre.\" \/>\n<meta name=\"robots\" content=\"index, follow, max-snippet:-1, max-image-preview:large, max-video-preview:-1\" \/>\n<link rel=\"canonical\" href=\"https:\/\/blog.holyart.it\/fr\/articles-religieux\/les-peres-de-leglise-qui-etaient-ils-et-quest-ce-quon-entend-par-patristique\/\" \/>\n<meta property=\"og:locale\" content=\"fr_FR\" \/>\n<meta property=\"og:type\" content=\"article\" \/>\n<meta property=\"og:title\" content=\"Les p\u00e8res de l\u2019\u00c9glise : qui \u00e9taient-ils et qu\u2019est-ce qu\u2019on entend par patristique - Holyart.fr Blog\" \/>\n<meta property=\"og:description\" content=\"Les P\u00e8res de l\u2019\u00c9glise sont les principaux \u00e9crivains chr\u00e9tiens, dont les \u0153uvres constituent les bases de la doctrine de l\u2019\u00c9glise. Apprenons \u00e0 les conna\u00eetre.\" \/>\n<meta property=\"og:url\" content=\"https:\/\/blog.holyart.it\/fr\/articles-religieux\/les-peres-de-leglise-qui-etaient-ils-et-quest-ce-quon-entend-par-patristique\/\" \/>\n<meta property=\"og:site_name\" content=\"Holyart.fr Blog\" \/>\n<meta property=\"article:published_time\" content=\"2022-08-24T10:30:53+00:00\" \/>\n<meta property=\"article:modified_time\" content=\"2024-10-15T14:44:20+00:00\" \/>\n<meta property=\"og:image\" content=\"https:\/\/blog.holyart.it\/fr\/wp-content\/uploads\/sites\/14\/2022\/08\/Les-peres-de-l\u2019Eglise.jpeg\" \/>\n\t<meta property=\"og:image:width\" content=\"1000\" \/>\n\t<meta property=\"og:image:height\" content=\"667\" \/>\n\t<meta property=\"og:image:type\" content=\"image\/jpeg\" \/>\n<meta name=\"author\" content=\"Redazione\" \/>\n<meta name=\"twitter:card\" content=\"summary_large_image\" \/>\n<meta name=\"twitter:label1\" content=\"\u00c9crit par\" \/>\n\t<meta name=\"twitter:data1\" content=\"Redazione\" \/>\n\t<meta name=\"twitter:label2\" content=\"Dur\u00e9e de lecture estim\u00e9e\" \/>\n\t<meta name=\"twitter:data2\" content=\"5 minutes\" \/>\n<script type=\"application\/ld+json\" class=\"yoast-schema-graph\">{\"@context\":\"https:\/\/schema.org\",\"@graph\":[{\"@type\":\"Article\",\"@id\":\"https:\/\/blog.holyart.it\/fr\/articles-religieux\/les-peres-de-leglise-qui-etaient-ils-et-quest-ce-quon-entend-par-patristique\/#article\",\"isPartOf\":{\"@id\":\"https:\/\/blog.holyart.it\/fr\/articles-religieux\/les-peres-de-leglise-qui-etaient-ils-et-quest-ce-quon-entend-par-patristique\/\"},\"author\":{\"name\":\"Redazione\",\"@id\":\"https:\/\/blog.holyart.it\/fr\/#\/schema\/person\/0a7b686e5af0f856ec1e390dd0baecda\"},\"headline\":\"Les p\u00e8res de l\u2019\u00c9glise : qui \u00e9taient-ils et qu\u2019est-ce qu\u2019on entend par patristique\",\"datePublished\":\"2022-08-24T10:30:53+00:00\",\"dateModified\":\"2024-10-15T14:44:20+00:00\",\"mainEntityOfPage\":{\"@id\":\"https:\/\/blog.holyart.it\/fr\/articles-religieux\/les-peres-de-leglise-qui-etaient-ils-et-quest-ce-quon-entend-par-patristique\/\"},\"wordCount\":920,\"publisher\":{\"@id\":\"https:\/\/blog.holyart.it\/fr\/#organization\"},\"image\":{\"@id\":\"https:\/\/blog.holyart.it\/fr\/articles-religieux\/les-peres-de-leglise-qui-etaient-ils-et-quest-ce-quon-entend-par-patristique\/#primaryimage\"},\"thumbnailUrl\":\"https:\/\/blog.holyart.it\/fr\/wp-content\/uploads\/sites\/14\/2022\/08\/Les-peres-de-l\u2019Eglise.jpeg\",\"articleSection\":[\"Religion\"],\"inLanguage\":\"fr-FR\"},{\"@type\":\"WebPage\",\"@id\":\"https:\/\/blog.holyart.it\/fr\/articles-religieux\/les-peres-de-leglise-qui-etaient-ils-et-quest-ce-quon-entend-par-patristique\/\",\"url\":\"https:\/\/blog.holyart.it\/fr\/articles-religieux\/les-peres-de-leglise-qui-etaient-ils-et-quest-ce-quon-entend-par-patristique\/\",\"name\":\"Les p\u00e8res de l\u2019\u00c9glise : qui \u00e9taient-ils et qu\u2019est-ce qu\u2019on entend par patristique - Holyart.fr Blog\",\"isPartOf\":{\"@id\":\"https:\/\/blog.holyart.it\/fr\/#website\"},\"primaryImageOfPage\":{\"@id\":\"https:\/\/blog.holyart.it\/fr\/articles-religieux\/les-peres-de-leglise-qui-etaient-ils-et-quest-ce-quon-entend-par-patristique\/#primaryimage\"},\"image\":{\"@id\":\"https:\/\/blog.holyart.it\/fr\/articles-religieux\/les-peres-de-leglise-qui-etaient-ils-et-quest-ce-quon-entend-par-patristique\/#primaryimage\"},\"thumbnailUrl\":\"https:\/\/blog.holyart.it\/fr\/wp-content\/uploads\/sites\/14\/2022\/08\/Les-peres-de-l\u2019Eglise.jpeg\",\"datePublished\":\"2022-08-24T10:30:53+00:00\",\"dateModified\":\"2024-10-15T14:44:20+00:00\",\"description\":\"Les P\u00e8res de l\u2019\u00c9glise sont les principaux \u00e9crivains chr\u00e9tiens, dont les \u0153uvres constituent les bases de la doctrine de l\u2019\u00c9glise. Apprenons \u00e0 les conna\u00eetre.\",\"breadcrumb\":{\"@id\":\"https:\/\/blog.holyart.it\/fr\/articles-religieux\/les-peres-de-leglise-qui-etaient-ils-et-quest-ce-quon-entend-par-patristique\/#breadcrumb\"},\"inLanguage\":\"fr-FR\",\"potentialAction\":[{\"@type\":\"ReadAction\",\"target\":[\"https:\/\/blog.holyart.it\/fr\/articles-religieux\/les-peres-de-leglise-qui-etaient-ils-et-quest-ce-quon-entend-par-patristique\/\"]}]},{\"@type\":\"ImageObject\",\"inLanguage\":\"fr-FR\",\"@id\":\"https:\/\/blog.holyart.it\/fr\/articles-religieux\/les-peres-de-leglise-qui-etaient-ils-et-quest-ce-quon-entend-par-patristique\/#primaryimage\",\"url\":\"https:\/\/blog.holyart.it\/fr\/wp-content\/uploads\/sites\/14\/2022\/08\/Les-peres-de-l\u2019Eglise.jpeg\",\"contentUrl\":\"https:\/\/blog.holyart.it\/fr\/wp-content\/uploads\/sites\/14\/2022\/08\/Les-peres-de-l\u2019Eglise.jpeg\",\"width\":1000,\"height\":667,\"caption\":\"Les peres de l\u2019Eglise\"},{\"@type\":\"BreadcrumbList\",\"@id\":\"https:\/\/blog.holyart.it\/fr\/articles-religieux\/les-peres-de-leglise-qui-etaient-ils-et-quest-ce-quon-entend-par-patristique\/#breadcrumb\",\"itemListElement\":[{\"@type\":\"ListItem\",\"position\":1,\"name\":\"Homepage\",\"item\":\"https:\/\/blog.holyart.it\/fr\/\"},{\"@type\":\"ListItem\",\"position\":2,\"name\":\"Religion\",\"item\":\"https:\/\/blog.holyart.it\/fr\/articles-religieux\/\"},{\"@type\":\"ListItem\",\"position\":3,\"name\":\"Les p\u00e8res de l\u2019\u00c9glise : qui \u00e9taient-ils et qu\u2019est-ce qu\u2019on entend par patristique\"}]},{\"@type\":\"WebSite\",\"@id\":\"https:\/\/blog.holyart.it\/fr\/#website\",\"url\":\"https:\/\/blog.holyart.it\/fr\/\",\"name\":\"Holyart.fr Blog\",\"description\":\"Holyblog\",\"publisher\":{\"@id\":\"https:\/\/blog.holyart.it\/fr\/#organization\"},\"potentialAction\":[{\"@type\":\"SearchAction\",\"target\":{\"@type\":\"EntryPoint\",\"urlTemplate\":\"https:\/\/blog.holyart.it\/fr\/?s={search_term_string}\"},\"query-input\":{\"@type\":\"PropertyValueSpecification\",\"valueRequired\":true,\"valueName\":\"search_term_string\"}}],\"inLanguage\":\"fr-FR\"},{\"@type\":\"Organization\",\"@id\":\"https:\/\/blog.holyart.it\/fr\/#organization\",\"name\":\"Holyart.fr Blog\",\"url\":\"https:\/\/blog.holyart.it\/fr\/\",\"logo\":{\"@type\":\"ImageObject\",\"inLanguage\":\"fr-FR\",\"@id\":\"https:\/\/blog.holyart.it\/fr\/#\/schema\/logo\/image\/\",\"url\":\"https:\/\/blog.holyart.it\/fr\/wp-content\/uploads\/sites\/14\/2022\/12\/Holyart_Blog_Logo.jpg\",\"contentUrl\":\"https:\/\/blog.holyart.it\/fr\/wp-content\/uploads\/sites\/14\/2022\/12\/Holyart_Blog_Logo.jpg\",\"width\":300,\"height\":50,\"caption\":\"Holyart.fr Blog\"},\"image\":{\"@id\":\"https:\/\/blog.holyart.it\/fr\/#\/schema\/logo\/image\/\"}},{\"@type\":\"Person\",\"@id\":\"https:\/\/blog.holyart.it\/fr\/#\/schema\/person\/0a7b686e5af0f856ec1e390dd0baecda\",\"name\":\"Redazione\",\"image\":{\"@type\":\"ImageObject\",\"inLanguage\":\"fr-FR\",\"@id\":\"https:\/\/blog.holyart.it\/fr\/#\/schema\/person\/image\/\",\"url\":\"https:\/\/secure.gravatar.com\/avatar\/f477da817f43e50d0af36abecd33e3edf826c68299714bdc1057dff3b113f516?s=96&d=mm&r=g\",\"contentUrl\":\"https:\/\/secure.gravatar.com\/avatar\/f477da817f43e50d0af36abecd33e3edf826c68299714bdc1057dff3b113f516?s=96&d=mm&r=g\",\"caption\":\"Redazione\"},\"url\":\"https:\/\/blog.holyart.it\/fr\/author\/admin\/\"}]}<\/script>\n<!-- \/ Yoast SEO plugin. -->","yoast_head_json":{"title":"Les p\u00e8res de l\u2019\u00c9glise : qui \u00e9taient-ils et qu\u2019est-ce qu\u2019on entend par patristique - Holyart.fr Blog","description":"Les P\u00e8res de l\u2019\u00c9glise sont les principaux \u00e9crivains chr\u00e9tiens, dont les \u0153uvres constituent les bases de la doctrine de l\u2019\u00c9glise. Apprenons \u00e0 les conna\u00eetre.","robots":{"index":"index","follow":"follow","max-snippet":"max-snippet:-1","max-image-preview":"max-image-preview:large","max-video-preview":"max-video-preview:-1"},"canonical":"https:\/\/blog.holyart.it\/fr\/articles-religieux\/les-peres-de-leglise-qui-etaient-ils-et-quest-ce-quon-entend-par-patristique\/","og_locale":"fr_FR","og_type":"article","og_title":"Les p\u00e8res de l\u2019\u00c9glise : qui \u00e9taient-ils et qu\u2019est-ce qu\u2019on entend par patristique - Holyart.fr Blog","og_description":"Les P\u00e8res de l\u2019\u00c9glise sont les principaux \u00e9crivains chr\u00e9tiens, dont les \u0153uvres constituent les bases de la doctrine de l\u2019\u00c9glise. Apprenons \u00e0 les conna\u00eetre.","og_url":"https:\/\/blog.holyart.it\/fr\/articles-religieux\/les-peres-de-leglise-qui-etaient-ils-et-quest-ce-quon-entend-par-patristique\/","og_site_name":"Holyart.fr Blog","article_published_time":"2022-08-24T10:30:53+00:00","article_modified_time":"2024-10-15T14:44:20+00:00","og_image":[{"width":1000,"height":667,"url":"https:\/\/blog.holyart.it\/fr\/wp-content\/uploads\/sites\/14\/2022\/08\/Les-peres-de-l\u2019Eglise.jpeg","type":"image\/jpeg"}],"author":"Redazione","twitter_card":"summary_large_image","twitter_misc":{"\u00c9crit par":"Redazione","Dur\u00e9e de lecture estim\u00e9e":"5 minutes"},"schema":{"@context":"https:\/\/schema.org","@graph":[{"@type":"Article","@id":"https:\/\/blog.holyart.it\/fr\/articles-religieux\/les-peres-de-leglise-qui-etaient-ils-et-quest-ce-quon-entend-par-patristique\/#article","isPartOf":{"@id":"https:\/\/blog.holyart.it\/fr\/articles-religieux\/les-peres-de-leglise-qui-etaient-ils-et-quest-ce-quon-entend-par-patristique\/"},"author":{"name":"Redazione","@id":"https:\/\/blog.holyart.it\/fr\/#\/schema\/person\/0a7b686e5af0f856ec1e390dd0baecda"},"headline":"Les p\u00e8res de l\u2019\u00c9glise : qui \u00e9taient-ils et qu\u2019est-ce qu\u2019on entend par patristique","datePublished":"2022-08-24T10:30:53+00:00","dateModified":"2024-10-15T14:44:20+00:00","mainEntityOfPage":{"@id":"https:\/\/blog.holyart.it\/fr\/articles-religieux\/les-peres-de-leglise-qui-etaient-ils-et-quest-ce-quon-entend-par-patristique\/"},"wordCount":920,"publisher":{"@id":"https:\/\/blog.holyart.it\/fr\/#organization"},"image":{"@id":"https:\/\/blog.holyart.it\/fr\/articles-religieux\/les-peres-de-leglise-qui-etaient-ils-et-quest-ce-quon-entend-par-patristique\/#primaryimage"},"thumbnailUrl":"https:\/\/blog.holyart.it\/fr\/wp-content\/uploads\/sites\/14\/2022\/08\/Les-peres-de-l\u2019Eglise.jpeg","articleSection":["Religion"],"inLanguage":"fr-FR"},{"@type":"WebPage","@id":"https:\/\/blog.holyart.it\/fr\/articles-religieux\/les-peres-de-leglise-qui-etaient-ils-et-quest-ce-quon-entend-par-patristique\/","url":"https:\/\/blog.holyart.it\/fr\/articles-religieux\/les-peres-de-leglise-qui-etaient-ils-et-quest-ce-quon-entend-par-patristique\/","name":"Les p\u00e8res de l\u2019\u00c9glise : qui \u00e9taient-ils et qu\u2019est-ce qu\u2019on entend par patristique - Holyart.fr Blog","isPartOf":{"@id":"https:\/\/blog.holyart.it\/fr\/#website"},"primaryImageOfPage":{"@id":"https:\/\/blog.holyart.it\/fr\/articles-religieux\/les-peres-de-leglise-qui-etaient-ils-et-quest-ce-quon-entend-par-patristique\/#primaryimage"},"image":{"@id":"https:\/\/blog.holyart.it\/fr\/articles-religieux\/les-peres-de-leglise-qui-etaient-ils-et-quest-ce-quon-entend-par-patristique\/#primaryimage"},"thumbnailUrl":"https:\/\/blog.holyart.it\/fr\/wp-content\/uploads\/sites\/14\/2022\/08\/Les-peres-de-l\u2019Eglise.jpeg","datePublished":"2022-08-24T10:30:53+00:00","dateModified":"2024-10-15T14:44:20+00:00","description":"Les P\u00e8res de l\u2019\u00c9glise sont les principaux \u00e9crivains chr\u00e9tiens, dont les \u0153uvres constituent les bases de la doctrine de l\u2019\u00c9glise. Apprenons \u00e0 les conna\u00eetre.","breadcrumb":{"@id":"https:\/\/blog.holyart.it\/fr\/articles-religieux\/les-peres-de-leglise-qui-etaient-ils-et-quest-ce-quon-entend-par-patristique\/#breadcrumb"},"inLanguage":"fr-FR","potentialAction":[{"@type":"ReadAction","target":["https:\/\/blog.holyart.it\/fr\/articles-religieux\/les-peres-de-leglise-qui-etaient-ils-et-quest-ce-quon-entend-par-patristique\/"]}]},{"@type":"ImageObject","inLanguage":"fr-FR","@id":"https:\/\/blog.holyart.it\/fr\/articles-religieux\/les-peres-de-leglise-qui-etaient-ils-et-quest-ce-quon-entend-par-patristique\/#primaryimage","url":"https:\/\/blog.holyart.it\/fr\/wp-content\/uploads\/sites\/14\/2022\/08\/Les-peres-de-l\u2019Eglise.jpeg","contentUrl":"https:\/\/blog.holyart.it\/fr\/wp-content\/uploads\/sites\/14\/2022\/08\/Les-peres-de-l\u2019Eglise.jpeg","width":1000,"height":667,"caption":"Les peres de l\u2019Eglise"},{"@type":"BreadcrumbList","@id":"https:\/\/blog.holyart.it\/fr\/articles-religieux\/les-peres-de-leglise-qui-etaient-ils-et-quest-ce-quon-entend-par-patristique\/#breadcrumb","itemListElement":[{"@type":"ListItem","position":1,"name":"Homepage","item":"https:\/\/blog.holyart.it\/fr\/"},{"@type":"ListItem","position":2,"name":"Religion","item":"https:\/\/blog.holyart.it\/fr\/articles-religieux\/"},{"@type":"ListItem","position":3,"name":"Les p\u00e8res de l\u2019\u00c9glise : qui \u00e9taient-ils et qu\u2019est-ce qu\u2019on entend par patristique"}]},{"@type":"WebSite","@id":"https:\/\/blog.holyart.it\/fr\/#website","url":"https:\/\/blog.holyart.it\/fr\/","name":"Holyart.fr Blog","description":"Holyblog","publisher":{"@id":"https:\/\/blog.holyart.it\/fr\/#organization"},"potentialAction":[{"@type":"SearchAction","target":{"@type":"EntryPoint","urlTemplate":"https:\/\/blog.holyart.it\/fr\/?s={search_term_string}"},"query-input":{"@type":"PropertyValueSpecification","valueRequired":true,"valueName":"search_term_string"}}],"inLanguage":"fr-FR"},{"@type":"Organization","@id":"https:\/\/blog.holyart.it\/fr\/#organization","name":"Holyart.fr Blog","url":"https:\/\/blog.holyart.it\/fr\/","logo":{"@type":"ImageObject","inLanguage":"fr-FR","@id":"https:\/\/blog.holyart.it\/fr\/#\/schema\/logo\/image\/","url":"https:\/\/blog.holyart.it\/fr\/wp-content\/uploads\/sites\/14\/2022\/12\/Holyart_Blog_Logo.jpg","contentUrl":"https:\/\/blog.holyart.it\/fr\/wp-content\/uploads\/sites\/14\/2022\/12\/Holyart_Blog_Logo.jpg","width":300,"height":50,"caption":"Holyart.fr Blog"},"image":{"@id":"https:\/\/blog.holyart.it\/fr\/#\/schema\/logo\/image\/"}},{"@type":"Person","@id":"https:\/\/blog.holyart.it\/fr\/#\/schema\/person\/0a7b686e5af0f856ec1e390dd0baecda","name":"Redazione","image":{"@type":"ImageObject","inLanguage":"fr-FR","@id":"https:\/\/blog.holyart.it\/fr\/#\/schema\/person\/image\/","url":"https:\/\/secure.gravatar.com\/avatar\/f477da817f43e50d0af36abecd33e3edf826c68299714bdc1057dff3b113f516?s=96&d=mm&r=g","contentUrl":"https:\/\/secure.gravatar.com\/avatar\/f477da817f43e50d0af36abecd33e3edf826c68299714bdc1057dff3b113f516?s=96&d=mm&r=g","caption":"Redazione"},"url":"https:\/\/blog.holyart.it\/fr\/author\/admin\/"}]}},"_links":{"self":[{"href":"https:\/\/blog.holyart.it\/fr\/wp-json\/wp\/v2\/posts\/5070","targetHints":{"allow":["GET"]}}],"collection":[{"href":"https:\/\/blog.holyart.it\/fr\/wp-json\/wp\/v2\/posts"}],"about":[{"href":"https:\/\/blog.holyart.it\/fr\/wp-json\/wp\/v2\/types\/post"}],"author":[{"embeddable":true,"href":"https:\/\/blog.holyart.it\/fr\/wp-json\/wp\/v2\/users\/1"}],"replies":[{"embeddable":true,"href":"https:\/\/blog.holyart.it\/fr\/wp-json\/wp\/v2\/comments?post=5070"}],"version-history":[{"count":1,"href":"https:\/\/blog.holyart.it\/fr\/wp-json\/wp\/v2\/posts\/5070\/revisions"}],"predecessor-version":[{"id":6939,"href":"https:\/\/blog.holyart.it\/fr\/wp-json\/wp\/v2\/posts\/5070\/revisions\/6939"}],"wp:featuredmedia":[{"embeddable":true,"href":"https:\/\/blog.holyart.it\/fr\/wp-json\/wp\/v2\/media\/5080"}],"wp:attachment":[{"href":"https:\/\/blog.holyart.it\/fr\/wp-json\/wp\/v2\/media?parent=5070"}],"wp:term":[{"taxonomy":"category","embeddable":true,"href":"https:\/\/blog.holyart.it\/fr\/wp-json\/wp\/v2\/categories?post=5070"},{"taxonomy":"post_tag","embeddable":true,"href":"https:\/\/blog.holyart.it\/fr\/wp-json\/wp\/v2\/tags?post=5070"}],"curies":[{"name":"wp","href":"https:\/\/api.w.org\/{rel}","templated":true}]}}