{"id":5048,"date":"2022-08-22T12:30:51","date_gmt":"2022-08-22T10:30:51","guid":{"rendered":"https:\/\/blog.holyart.it\/fr\/?p=5048"},"modified":"2025-03-20T15:58:15","modified_gmt":"2025-03-20T14:58:15","slug":"le-disciple-bien-aime-qui-etait-le-disciple-prefere-de-jesus","status":"publish","type":"post","link":"https:\/\/blog.holyart.it\/fr\/articles-religieux\/le-disciple-bien-aime-qui-etait-le-disciple-prefere-de-jesus\/","title":{"rendered":"Le disciple bien-aim\u00e9 : qui \u00e9tait le disciple \u00ab\u00a0pr\u00e9f\u00e9r\u00e9\u00a0\u00bb de J\u00e9sus"},"content":{"rendered":"<h4>Jean, le disciple bien-aim\u00e9 de J\u00e9sus. P\u00eacheur, comme les fr\u00e8res Simon Pierre et Andr\u00e9, avait un rapport sp\u00e9cial avec Christ. Voici pourquoi.<\/h4>\n<p>Nous avons d\u00e9j\u00e0 vu \u00e0 plusieurs occasions combien d\u2019importance J\u00e9sus attribuait \u00e0 l\u2019<a href=\"https:\/\/www.holyart.fr\/blog\/articles-religieux\/journee-internationale-de-lamitie\/\"><strong>amiti\u00e9<\/strong><\/a> et combien il tenait compte de ses amis. Ainsi fut pour <a href=\"https:\/\/www.holyart.fr\/blog\/saints-et-bienheureux\/marthe-marie-et-lazare-les-amis-de-jesus\/\"><strong>Marthe, Marie et Lazare de B\u00e9thanie<\/strong><\/a>, ainsi pour les nombreuses femmes qui le suivaient et \u00e9coutaient ses paroles. Raison de plus pour penser qu\u2019Il devait \u00eatre attach\u00e9 par un lien profond<a href=\"https:\/\/www.holyart.fr\/blog\/saints-et-bienheureux\/a-decouvrir-qui-etaient-les-12-apotres-et-la-difference-entre-apotres-et-disciples\/\"><strong> avec les Ap\u00f4tres,<\/strong><\/a> ses disciples les plus proches, les douze choisis pour y avait un disciple bien-aim\u00e9, auquel il \u00e9tait li\u00e9 par un rapport de particuli\u00e8re tendresse\u00a0: il s\u2019agit de l\u2019<strong>ap\u00f4tre Jean<\/strong>, fr\u00e8re des ap\u00f4tres Simon Pierre et Andr\u00e9, auteur du Quatri\u00e8me \u00c9vangile.<\/p>\n<div class=\"link-article\">\n<p><img loading=\"lazy\" decoding=\"async\" class=\"size-full wp-image-5049 alignleft\" src=\"https:\/\/blog.holyart.it\/fr\/wp-content\/uploads\/sites\/14\/2022\/08\/les-12-apotres.jpeg\" alt=\"les 12 apotres\" width=\"150\" height=\"99\" data-kale-share-title=\"Le disciple bien-aim\u00e9 : qui \u00e9tait le disciple \u00ab\u00a0pr\u00e9f\u00e9r\u00e9\u00a0\u00bb de J\u00e9sus\" data-kale-share-url=\"https:\/\/blog.holyart.it\/fr\/?p=5048\" \/><\/p>\n<div class=\"leggi-anche\">Lire aussi :<\/div>\n<p><strong><a href=\"https:\/\/www.holyart.fr\/blog\/saints-et-bienheureux\/a-decouvrir-qui-etaient-les-12-apotres-et-la-difference-entre-apotres-et-disciples\/\">\u00c0 d\u00e9couvrir : qui \u00e9taient les 12 ap\u00f4tres et la diff\u00e9rence entre ap\u00f4tres et disciples<\/a><\/strong><br \/>\nQui \u00e9taient les 12 ap\u00f4tres, compagnons de J\u00e9sus pendant la br\u00e8ve dur\u00e9e de sa mission<\/p>\n<\/div>\n<p>En r\u00e9alit\u00e9, dans aucun \u00c9vangile n\u2019est r\u00e9v\u00e9l\u00e9 le nom du disciple bien-aim\u00e9. M\u00eame dans celui de Jean en personne, qui reste anonyme, ainsi comme les autres \u00c9vang\u00e9listes d\u2019ailleurs. Dans l\u2019\u00c9vangile de Jean, l\u2019ap\u00f4tre ne cite jamais son propre nom, o\u00f9 le seul Jean dont on parle est <a href=\"https:\/\/www.holyart.fr\/blog\/saints-et-bienheureux\/24-juin-saint-jean-le-baptiste\/\"><strong>Jean le Baptiste<\/strong><\/a>. Et pourtant c\u2019est justement dans son \u00c9vangile qu\u2019il parle \u00e0 plusieurs reprises de l\u2019attitude affectueuse de J\u00e9sus \u00e0 l\u2019\u00e9gard de ce myst\u00e9rieux disciple bien-aim\u00e9.<\/p>\n<div class=\"link-product\">\n<div class=\"blocco-immagine\"><img loading=\"lazy\" decoding=\"async\" class=\"size-full wp-image-5061 alignleft\" src=\"https:\/\/blog.holyart.it\/fr\/wp-content\/uploads\/sites\/14\/2022\/08\/saint-jean-evangeliste-21-cm-statue-resine-1.jpg\" alt=\"saint jean evangeliste statue resine\" width=\"100\" height=\"100\" data-kale-share-title=\"Le disciple bien-aim\u00e9 : qui \u00e9tait le disciple \u00ab\u00a0pr\u00e9f\u00e9r\u00e9\u00a0\u00bb de J\u00e9sus\" data-kale-share-url=\"https:\/\/blog.holyart.it\/fr\/?p=5048\" \/><\/div>\n<div class=\"blocco-contenuto\">\n<div class=\"blocco-acquista\">Acheter sur Holyart:<\/div>\n<div class=\"blocco-titolo\"><a href=\"https:\/\/www.holyart.fr\/articles-religieux\/statues\/statues-en-resine-et-pvc\/saint-jean-evangeliste-21-cm-statue-resine\">Saint Jean \u00c9vang\u00e9liste 21 cm statue r\u00e9sine <\/a><\/div>\n<div class=\"blocco-descrizione\">Statue en r\u00e9sine color\u00e9e \u00e0 la main, repr\u00e9sentant Saint Jean.<\/div>\n<\/div>\n<\/div>\n<p><a href=\"https:\/\/www.holyart.fr\/blog\/articles-religieux\/la-cene-de-leonard-de-vinci-histoire-dun-chef-doeuvre\/\"><strong>Lors de la C\u00e8ne<\/strong><\/a>, quand J\u00e9sus r\u00e9v\u00e8le qui le trahira\u00a0:<\/p>\n<p>\u00ab\u00a0<em>Un des disciples, <strong>celui que J\u00e9sus aimait<\/strong>, \u00e9tait couch\u00e9 sur le sein de J\u00e9sus. Simon Pierre lui fit signe de demander qui \u00e9tait celui dont parlait J\u00e9sus. Et ce disciple, s\u2019\u00e9tant pench\u00e9 sur la poitrine de J\u00e9sus, lui dit\u00a0: Seigneur, qui est-ce\u00a0<\/em>?\u00a0\u00bb (Jean 13,23-25).<\/p>\n<p><strong>Sous la Croix\u00a0:<\/strong><\/p>\n<p>\u00ab\u00a0<em>J\u00e9sus, voyant sa m\u00e8re, et aupr\u00e8s d\u2019elle <strong>le disciple qu\u2019il aimait<\/strong>, dit \u00e0 sa m\u00e8re\u00a0: Femme voil\u00e0 ton fils. Puis il dit au disciple\u00a0: Voil\u00e0 ta m\u00e8re. Et, d\u00e8s ce moment, le disciple la prit chez lui.<\/em>\u00a0\u00bb (Jean 19,26-27)<\/p>\n<p>Lors de la<a href=\"https:\/\/www.holyart.fr\/occasions-speciales\/paques-et-careme\/christ-ressuscite-pretre-et-roi\"> <strong>R\u00e9surrection<\/strong> :<\/a><\/p>\n<p>\u201c<em>Le premier jour de la semaine, Marie de Magdala se rendit au s\u00e9pulcre d\u00e8s le matin, comme il faisait encore obscur\u00a0; et elle vit que la pierre \u00e9tait \u00f4t\u00e9e du s\u00e9pulcre. Elle courut vers Simon Pierre et vers <strong>l\u2019autre disciple que J\u00e9sus aimait<\/strong>, et leur dit\u00a0: Ils ont enlev\u00e9 le Seigneur du s\u00e9pulcre, et nous ne savons o\u00f9 ils l\u2019ont mis\u00a0<\/em>\u00bb (Jean 20,1-2).<\/p>\n<p>Et dans d\u2019autres passages. Ce n\u2019est donc pas dans les <strong>\u00c9vangiles<\/strong>, mais dans la <strong>tradition<\/strong> que nous devons rechercher l\u2019identit\u00e9 de ce disciple bien-aim\u00e9, <em>que J\u00e9sus aimait<\/em>, et qui a jou\u00e9 un r\u00f4le si sp\u00e9cial dans Sa mort et R\u00e9surrection. Peut-\u00eatre parce que c\u2019est justement l\u2019<strong>Amour <\/strong>la cl\u00e9 pour comprendre un myst\u00e8re grand et terrible comme la Mort, et seulement qui sait s\u2019approcher avec un c\u0153ur pur et innocent \u00e0 ce grand myst\u00e8re peut en \u00eatre t\u00e9moin et y prendre part.<\/p>\n<div class=\"link-article\">\n<p><img loading=\"lazy\" decoding=\"async\" class=\"size-full wp-image-5066 alignleft\" src=\"https:\/\/blog.holyart.it\/fr\/wp-content\/uploads\/sites\/14\/2022\/08\/evangiles-Apocryphes-1.jpeg\" alt=\"evangiles Apocryphes\" width=\"150\" height=\"99\" data-kale-share-title=\"Le disciple bien-aim\u00e9 : qui \u00e9tait le disciple \u00ab\u00a0pr\u00e9f\u00e9r\u00e9\u00a0\u00bb de J\u00e9sus\" data-kale-share-url=\"https:\/\/blog.holyart.it\/fr\/?p=5048\" \/><\/p>\n<div class=\"leggi-anche\">Lire aussi :<\/div>\n<p><strong><a href=\"https:\/\/www.holyart.fr\/blog\/articles-religieux\/evangiles-apocryphes-de-quoi-sagit-il-et-les-differences-par-rapport-aux-canoniques\/\">\u00c9vangiles Apocryphes : de quoi s\u2019agit-il et les diff\u00e9rences par rapport aux canoniques<\/a><\/strong><br \/>\nes \u00e9vangiles apocryphes ne font pas partie du Nouveau Testament.<\/p>\n<\/div>\n<p>Particuli\u00e8rement significatif le passage qui voit le disciple bien-aim\u00e9 de J\u00e9sus <strong>au pied de la Croix<\/strong>. Nous savons que la tradition place dans cette position les trois Marie, les pieuses femmes qui suivirent le Christ dans ses derniers instants. Aucun des Ap\u00f4tres de J\u00e9sus est pr\u00e9sent \u00e0 dans ce haut et terrible moment, mais voil\u00e0 que dans l\u2019\u00c9vangile de Jean apparait le disciple que J\u00e9sus aimait, qui non seulement assiste \u00e0 l\u2019agonie de son Ma\u00eetre, mais qui par Lui est investi de la t\u00e2che de s\u2019occuper de la Vierge, Sa m\u00e8re, comme si lui aussi en \u00e9tait le fils. Dans cet \u00e9pisode aussi l\u2019amour l\u2019emporte, m\u00eame face \u00e0 l\u2019agonie et \u00e0 la Mort. J\u00e9sus affronte son destin avec un <strong>acte d\u2019amour<\/strong> extr\u00eame, en confiant \u00e0 sa propre m\u00e8re le disciple qu\u2019il aime et en confiant elle \u00e0 lui afin de vaincre l\u2019annihilation et le mal qui sont en train de Le vaincre.<\/p>\n<div class=\"link-article\">\n<p><img loading=\"lazy\" decoding=\"async\" class=\"size-full wp-image-5054 alignleft\" src=\"https:\/\/blog.holyart.it\/fr\/wp-content\/uploads\/sites\/14\/2022\/08\/saints-Pierre-et-Paul.jpg\" alt=\"saints Pierre et Paul\" width=\"150\" height=\"99\" data-kale-share-title=\"Le disciple bien-aim\u00e9 : qui \u00e9tait le disciple \u00ab\u00a0pr\u00e9f\u00e9r\u00e9\u00a0\u00bb de J\u00e9sus\" data-kale-share-url=\"https:\/\/blog.holyart.it\/fr\/?p=5048\" \/><\/p>\n<div class=\"leggi-anche\">Lire aussi :<\/div>\n<p><strong><a href=\"https:\/\/www.holyart.fr\/blog\/saints-et-bienheureux\/saints-pierre-et-paul-pourquoi-sont-ils-fetes-ensemble\/\">Saints Pierre et Paul, pourquoi sont-ils f\u00eat\u00e9s ensemble ?<\/a><\/strong><br \/>\nLe 29 juin, on f\u00eate Saints Pierre et Paul. Deux ap\u00f4tres, deux hommes tr\u00e8s diff\u00e9rents, mais tous les deux fondamentaux pour l\u2019histoire de l\u2019\u00c9glise.<\/p>\n<\/div>\n<p>Quant au choix de laisser le disciple bien-aim\u00e9 anonyme, il est dict\u00e9 par la volont\u00e9 de Jean l\u2019\u00c9vang\u00e9liste de permettre \u00e0 toute personne lisant ce texte de s\u2019y identifier, car en r\u00e9alit\u00e9 chaque disciple de J\u00e9sus est un disciple bien-aim\u00e9, sp\u00e9cial, justement parce qu\u2019unique. Dans cette optique, un des derniers passages de l\u2019\u00c9vangile de Jean apparait du coup plus clair, quand Pierre demande \u00e0 J\u00e9sus \u00ab\u00a0<em>Et celui-ci, Seigneur, que lui arrivera-t-il\u00a0?<\/em>\u00a0\u00bb (Jean 21,21), en faisant justement r\u00e9f\u00e9rence au disciple qu\u2019Il aime, et J\u00e9sus r\u00e9pond\u00a0:\u00a0\u00ab\u00a0<em>Si je veux qu\u2019il demeure jusqu\u2019\u00e0 ce que je vienne, que\u00a0t\u2019importe\u00a0? Toi, suis-moi<\/em>\u00a0\u00bb (Jean 21,22), en confirmant la n\u00e9cessit\u00e9 de l\u2019amour, non moins importante de l\u2019engagement et du d\u00e9vouement.<\/p>\n<p>Mais donc si Jean l\u2019\u00c9vang\u00e9liste \u00e9tait le disciple pr\u00e9f\u00e9r\u00e9 et bien-aim\u00e9, pourquoi J\u00e9sus <a href=\"https:\/\/www.holyart.fr\/articles-religieux\/statues\/statues-en-platre\/saint-pierre-statue-platre-30-cm-peint-main-arte-barsanti\"><strong>confie \u00e0 Pierre la fondation et la garde de l\u2019\u00c9glise<\/strong>?\u00a0<\/a><\/p>\n<div class=\"link-product\">\n<div class=\"blocco-immagine\"><img loading=\"lazy\" decoding=\"async\" class=\"size-full wp-image-5058 alignleft\" src=\"https:\/\/blog.holyart.it\/fr\/wp-content\/uploads\/sites\/14\/2022\/08\/saint-pierre-statue-platre-arte-barsanti.jpg\" alt=\"saint pierre statue platre arte barsanti\" width=\"100\" height=\"100\" data-kale-share-title=\"Le disciple bien-aim\u00e9 : qui \u00e9tait le disciple \u00ab\u00a0pr\u00e9f\u00e9r\u00e9\u00a0\u00bb de J\u00e9sus\" data-kale-share-url=\"https:\/\/blog.holyart.it\/fr\/?p=5048\" \/><\/div>\n<div class=\"blocco-contenuto\">\n<div class=\"blocco-acquista\">Acheter sur Holyart:<\/div>\n<div class=\"blocco-titolo\"><a href=\"https:\/\/www.holyart.fr\/articles-religieux\/statues\/statues-en-platre\/saint-pierre-statue-platre-30-cm-peint-main-arte-barsanti\">Saint Pierre statue pl\u00e2tre 30 cm peint main Arte Barsanti<\/a><\/div>\n<div class=\"blocco-descrizione\">Statue en pl\u00e2tre, r\u00e9alis\u00e9e et peinte soigneusement \u00e0 la main<\/div>\n<\/div>\n<\/div>\n<p>Pierre aussi aime J\u00e9sus, et cela malgr\u00e9 le fait qu\u2019il l\u2019ait reni\u00e9. J\u00e9sus en personne l\u2019interroge \u00e0 propos de cet amour : \u00ab\u00a0<em>Apr\u00e8s qu&rsquo;ils eurent mang\u00e9, J\u00e9sus dit \u00e0 Simon Pierre : Simon, fils de Jonas, m&rsquo;aimes-tu plus que ne m&rsquo;aiment ceux-ci ? Il lui r\u00e9pondit : Oui, Seigneur, tu sais que je t&rsquo;aime. J\u00e9sus lui dit : Pais mes agneaux. Il lui dit une seconde fois : Simon, fils de Jonas, m&rsquo;aimes-tu ? Pierre lui r\u00e9pondit : Oui, Seigneur, tu sais que je t&rsquo;aime. J\u00e9sus lui dit : Pais mes brebis. Il lui dit pour la troisi\u00e8me fois : Simon, fils de Jonas, m&rsquo;aimes-tu ? Pierre fut attrist\u00e9 de ce qu&rsquo;il lui avait dit pour la troisi\u00e8me fois : M&rsquo;aimes-tu ? Et il lui r\u00e9pondit : Seigneur, tu sais toutes choses, tu sais que je t&rsquo;aime. J\u00e9sus lui dit : Pais mes brebis\u00a0<\/em>\u00bb (Jean 21,15-17).<\/p>\n<p><a href=\"https:\/\/www.holyart.fr\/blog\/articles-religieux\/la-tombe-de-saint-pierre-et-son-incroyable-decouverte\/\"><strong>Pierre est le premier parmi les ap\u00f4tres<\/strong>.<\/a> M\u00eame avant la mort de J\u00e9sus, son r\u00f4le de leader et de porte-parole, de repr\u00e9sentant aupr\u00e8s des autorit\u00e9s et du peuple, est \u00e9vident. Mais pour lui aussi \u00e0 la base de tout il y a l\u2019amour pour J\u00e9sus, et l\u2019amour de J\u00e9sus pour lui, qui le choisit malgr\u00e9 ses d\u00e9fauts, malgr\u00e9 sa trahison, comme \u00e0 d\u00e9montrer que chacun de nous, m\u00eame le plus indigne, peut aspirer \u00e0 \u00eatre \u00e0 Ses c\u00f4t\u00e9s, \u00e0 \u00eatre investi par Lui de grands dons et t\u00e2ches. Le tout est de savoir le d\u00e9montrer, au fil du temps.<\/p>\n<div class=\"link-article\">\n<p><img loading=\"lazy\" decoding=\"async\" class=\"size-full wp-image-5055 alignleft\" src=\"https:\/\/blog.holyart.it\/fr\/wp-content\/uploads\/sites\/14\/2022\/08\/tombe-de-Saint-Pierre.jpeg\" alt=\"tombe de Saint Pierre\" width=\"150\" height=\"100\" data-kale-share-title=\"Le disciple bien-aim\u00e9 : qui \u00e9tait le disciple \u00ab\u00a0pr\u00e9f\u00e9r\u00e9\u00a0\u00bb de J\u00e9sus\" data-kale-share-url=\"https:\/\/blog.holyart.it\/fr\/?p=5048\" \/><\/p>\n<div class=\"leggi-anche\">Lire aussi :<\/div>\n<p><strong><a href=\"https:\/\/www.holyart.fr\/blog\/articles-religieux\/la-tombe-de-saint-pierre-et-son-incroyable-decouverte\/\">La tombe de Saint Pierre et son incroyable d\u00e9couverte<\/a><\/strong><br \/>\nLa tombe de Saint Pierre \u00e0 Rome est consid\u00e9r\u00e9e depuis toujours comme un des lieux sacr\u00e9s de la chr\u00e9tient\u00e9 par excellence.<\/p>\n<\/div>\n","protected":false},"excerpt":{"rendered":"<p>Jean, le disciple bien-aim\u00e9 de J\u00e9sus. P\u00eacheur, comme les fr\u00e8res Simon Pierre et Andr\u00e9, avait un rapport sp\u00e9cial avec Christ. Voici pourquoi. Nous avons d\u00e9j\u00e0 vu \u00e0 plusieurs occasions combien d\u2019importance J\u00e9sus attribuait \u00e0 l\u2019amiti\u00e9 et combien il tenait compte de ses amis. Ainsi fut&hellip;<\/p>\n","protected":false},"author":1,"featured_media":5057,"comment_status":"closed","ping_status":"open","sticky":false,"template":"","format":"standard","meta":{"_acf_changed":false,"footnotes":""},"categories":[8],"tags":[],"class_list":["post-5048","post","type-post","status-publish","format-standard","has-post-thumbnail","hentry","category-articles-religieux"],"acf":[],"yoast_head":"<!-- This site is optimized with the Yoast SEO plugin v26.6 - https:\/\/yoast.com\/wordpress\/plugins\/seo\/ -->\n<title>Le disciple bien-aim\u00e9 : qui \u00e9tait le disciple \u00ab\u00a0pr\u00e9f\u00e9r\u00e9\u00a0\u00bb de J\u00e9sus<\/title>\n<meta name=\"description\" content=\"Jean, le disciple bien-aim\u00e9 de J\u00e9sus. P\u00eacheur, comme les fr\u00e8res Simon Pierre et Andr\u00e9, avait un rapport sp\u00e9cial avec Christ. Voici pourquoi.\" \/>\n<meta name=\"robots\" content=\"index, follow, max-snippet:-1, max-image-preview:large, max-video-preview:-1\" \/>\n<link rel=\"canonical\" href=\"https:\/\/blog.holyart.it\/fr\/articles-religieux\/le-disciple-bien-aime-qui-etait-le-disciple-prefere-de-jesus\/\" \/>\n<meta property=\"og:locale\" content=\"fr_FR\" \/>\n<meta property=\"og:type\" content=\"article\" \/>\n<meta property=\"og:title\" content=\"Le disciple bien-aim\u00e9 : qui \u00e9tait le disciple \u00ab\u00a0pr\u00e9f\u00e9r\u00e9\u00a0\u00bb de J\u00e9sus\" \/>\n<meta property=\"og:description\" content=\"Jean, le disciple bien-aim\u00e9 de J\u00e9sus. P\u00eacheur, comme les fr\u00e8res Simon Pierre et Andr\u00e9, avait un rapport sp\u00e9cial avec Christ. Voici pourquoi.\" \/>\n<meta property=\"og:url\" content=\"https:\/\/blog.holyart.it\/fr\/articles-religieux\/le-disciple-bien-aime-qui-etait-le-disciple-prefere-de-jesus\/\" \/>\n<meta property=\"og:site_name\" content=\"Holyart.fr Blog\" \/>\n<meta property=\"article:published_time\" content=\"2022-08-22T10:30:51+00:00\" \/>\n<meta property=\"article:modified_time\" content=\"2025-03-20T14:58:15+00:00\" \/>\n<meta property=\"og:image\" content=\"https:\/\/blog.holyart.it\/fr\/wp-content\/uploads\/sites\/14\/2022\/08\/saint-jean-evangeliste.jpeg\" \/>\n\t<meta property=\"og:image:width\" content=\"1000\" \/>\n\t<meta property=\"og:image:height\" content=\"666\" \/>\n\t<meta property=\"og:image:type\" content=\"image\/jpeg\" \/>\n<meta name=\"author\" content=\"Redazione\" \/>\n<meta name=\"twitter:card\" content=\"summary_large_image\" \/>\n<meta name=\"twitter:label1\" content=\"\u00c9crit par\" \/>\n\t<meta name=\"twitter:data1\" content=\"Redazione\" \/>\n\t<meta name=\"twitter:label2\" content=\"Dur\u00e9e de lecture estim\u00e9e\" \/>\n\t<meta name=\"twitter:data2\" content=\"8 minutes\" \/>\n<script type=\"application\/ld+json\" class=\"yoast-schema-graph\">{\"@context\":\"https:\/\/schema.org\",\"@graph\":[{\"@type\":\"Article\",\"@id\":\"https:\/\/blog.holyart.it\/fr\/articles-religieux\/le-disciple-bien-aime-qui-etait-le-disciple-prefere-de-jesus\/#article\",\"isPartOf\":{\"@id\":\"https:\/\/blog.holyart.it\/fr\/articles-religieux\/le-disciple-bien-aime-qui-etait-le-disciple-prefere-de-jesus\/\"},\"author\":{\"name\":\"Redazione\",\"@id\":\"https:\/\/blog.holyart.it\/fr\/#\/schema\/person\/0a7b686e5af0f856ec1e390dd0baecda\"},\"headline\":\"Le disciple bien-aim\u00e9 : qui \u00e9tait le disciple \u00ab\u00a0pr\u00e9f\u00e9r\u00e9\u00a0\u00bb de J\u00e9sus\",\"datePublished\":\"2022-08-22T10:30:51+00:00\",\"dateModified\":\"2025-03-20T14:58:15+00:00\",\"mainEntityOfPage\":{\"@id\":\"https:\/\/blog.holyart.it\/fr\/articles-religieux\/le-disciple-bien-aime-qui-etait-le-disciple-prefere-de-jesus\/\"},\"wordCount\":1289,\"publisher\":{\"@id\":\"https:\/\/blog.holyart.it\/fr\/#organization\"},\"image\":{\"@id\":\"https:\/\/blog.holyart.it\/fr\/articles-religieux\/le-disciple-bien-aime-qui-etait-le-disciple-prefere-de-jesus\/#primaryimage\"},\"thumbnailUrl\":\"https:\/\/blog.holyart.it\/fr\/wp-content\/uploads\/sites\/14\/2022\/08\/saint-jean-evangeliste.jpeg\",\"articleSection\":[\"Religion\"],\"inLanguage\":\"fr-FR\"},{\"@type\":\"WebPage\",\"@id\":\"https:\/\/blog.holyart.it\/fr\/articles-religieux\/le-disciple-bien-aime-qui-etait-le-disciple-prefere-de-jesus\/\",\"url\":\"https:\/\/blog.holyart.it\/fr\/articles-religieux\/le-disciple-bien-aime-qui-etait-le-disciple-prefere-de-jesus\/\",\"name\":\"Le disciple bien-aim\u00e9 : qui \u00e9tait le disciple \u00ab\u00a0pr\u00e9f\u00e9r\u00e9\u00a0\u00bb de J\u00e9sus\",\"isPartOf\":{\"@id\":\"https:\/\/blog.holyart.it\/fr\/#website\"},\"primaryImageOfPage\":{\"@id\":\"https:\/\/blog.holyart.it\/fr\/articles-religieux\/le-disciple-bien-aime-qui-etait-le-disciple-prefere-de-jesus\/#primaryimage\"},\"image\":{\"@id\":\"https:\/\/blog.holyart.it\/fr\/articles-religieux\/le-disciple-bien-aime-qui-etait-le-disciple-prefere-de-jesus\/#primaryimage\"},\"thumbnailUrl\":\"https:\/\/blog.holyart.it\/fr\/wp-content\/uploads\/sites\/14\/2022\/08\/saint-jean-evangeliste.jpeg\",\"datePublished\":\"2022-08-22T10:30:51+00:00\",\"dateModified\":\"2025-03-20T14:58:15+00:00\",\"description\":\"Jean, le disciple bien-aim\u00e9 de J\u00e9sus. P\u00eacheur, comme les fr\u00e8res Simon Pierre et Andr\u00e9, avait un rapport sp\u00e9cial avec Christ. Voici pourquoi.\",\"breadcrumb\":{\"@id\":\"https:\/\/blog.holyart.it\/fr\/articles-religieux\/le-disciple-bien-aime-qui-etait-le-disciple-prefere-de-jesus\/#breadcrumb\"},\"inLanguage\":\"fr-FR\",\"potentialAction\":[{\"@type\":\"ReadAction\",\"target\":[\"https:\/\/blog.holyart.it\/fr\/articles-religieux\/le-disciple-bien-aime-qui-etait-le-disciple-prefere-de-jesus\/\"]}]},{\"@type\":\"ImageObject\",\"inLanguage\":\"fr-FR\",\"@id\":\"https:\/\/blog.holyart.it\/fr\/articles-religieux\/le-disciple-bien-aime-qui-etait-le-disciple-prefere-de-jesus\/#primaryimage\",\"url\":\"https:\/\/blog.holyart.it\/fr\/wp-content\/uploads\/sites\/14\/2022\/08\/saint-jean-evangeliste.jpeg\",\"contentUrl\":\"https:\/\/blog.holyart.it\/fr\/wp-content\/uploads\/sites\/14\/2022\/08\/saint-jean-evangeliste.jpeg\",\"width\":1000,\"height\":666,\"caption\":\"saint jean evangeliste\"},{\"@type\":\"BreadcrumbList\",\"@id\":\"https:\/\/blog.holyart.it\/fr\/articles-religieux\/le-disciple-bien-aime-qui-etait-le-disciple-prefere-de-jesus\/#breadcrumb\",\"itemListElement\":[{\"@type\":\"ListItem\",\"position\":1,\"name\":\"Homepage\",\"item\":\"https:\/\/blog.holyart.it\/fr\/\"},{\"@type\":\"ListItem\",\"position\":2,\"name\":\"Religion\",\"item\":\"https:\/\/blog.holyart.it\/fr\/articles-religieux\/\"},{\"@type\":\"ListItem\",\"position\":3,\"name\":\"Le disciple bien-aim\u00e9 : qui \u00e9tait le disciple \u00ab\u00a0pr\u00e9f\u00e9r\u00e9\u00a0\u00bb de J\u00e9sus\"}]},{\"@type\":\"WebSite\",\"@id\":\"https:\/\/blog.holyart.it\/fr\/#website\",\"url\":\"https:\/\/blog.holyart.it\/fr\/\",\"name\":\"Holyart.fr Blog\",\"description\":\"Holyblog\",\"publisher\":{\"@id\":\"https:\/\/blog.holyart.it\/fr\/#organization\"},\"potentialAction\":[{\"@type\":\"SearchAction\",\"target\":{\"@type\":\"EntryPoint\",\"urlTemplate\":\"https:\/\/blog.holyart.it\/fr\/?s={search_term_string}\"},\"query-input\":{\"@type\":\"PropertyValueSpecification\",\"valueRequired\":true,\"valueName\":\"search_term_string\"}}],\"inLanguage\":\"fr-FR\"},{\"@type\":\"Organization\",\"@id\":\"https:\/\/blog.holyart.it\/fr\/#organization\",\"name\":\"Holyart.fr Blog\",\"url\":\"https:\/\/blog.holyart.it\/fr\/\",\"logo\":{\"@type\":\"ImageObject\",\"inLanguage\":\"fr-FR\",\"@id\":\"https:\/\/blog.holyart.it\/fr\/#\/schema\/logo\/image\/\",\"url\":\"https:\/\/blog.holyart.it\/fr\/wp-content\/uploads\/sites\/14\/2022\/12\/Holyart_Blog_Logo.jpg\",\"contentUrl\":\"https:\/\/blog.holyart.it\/fr\/wp-content\/uploads\/sites\/14\/2022\/12\/Holyart_Blog_Logo.jpg\",\"width\":300,\"height\":50,\"caption\":\"Holyart.fr Blog\"},\"image\":{\"@id\":\"https:\/\/blog.holyart.it\/fr\/#\/schema\/logo\/image\/\"}},{\"@type\":\"Person\",\"@id\":\"https:\/\/blog.holyart.it\/fr\/#\/schema\/person\/0a7b686e5af0f856ec1e390dd0baecda\",\"name\":\"Redazione\",\"image\":{\"@type\":\"ImageObject\",\"inLanguage\":\"fr-FR\",\"@id\":\"https:\/\/blog.holyart.it\/fr\/#\/schema\/person\/image\/\",\"url\":\"https:\/\/secure.gravatar.com\/avatar\/f477da817f43e50d0af36abecd33e3edf826c68299714bdc1057dff3b113f516?s=96&d=mm&r=g\",\"contentUrl\":\"https:\/\/secure.gravatar.com\/avatar\/f477da817f43e50d0af36abecd33e3edf826c68299714bdc1057dff3b113f516?s=96&d=mm&r=g\",\"caption\":\"Redazione\"},\"url\":\"https:\/\/blog.holyart.it\/fr\/author\/admin\/\"}]}<\/script>\n<!-- \/ Yoast SEO plugin. -->","yoast_head_json":{"title":"Le disciple bien-aim\u00e9 : qui \u00e9tait le disciple \u00ab\u00a0pr\u00e9f\u00e9r\u00e9\u00a0\u00bb de J\u00e9sus","description":"Jean, le disciple bien-aim\u00e9 de J\u00e9sus. P\u00eacheur, comme les fr\u00e8res Simon Pierre et Andr\u00e9, avait un rapport sp\u00e9cial avec Christ. Voici pourquoi.","robots":{"index":"index","follow":"follow","max-snippet":"max-snippet:-1","max-image-preview":"max-image-preview:large","max-video-preview":"max-video-preview:-1"},"canonical":"https:\/\/blog.holyart.it\/fr\/articles-religieux\/le-disciple-bien-aime-qui-etait-le-disciple-prefere-de-jesus\/","og_locale":"fr_FR","og_type":"article","og_title":"Le disciple bien-aim\u00e9 : qui \u00e9tait le disciple \u00ab\u00a0pr\u00e9f\u00e9r\u00e9\u00a0\u00bb de J\u00e9sus","og_description":"Jean, le disciple bien-aim\u00e9 de J\u00e9sus. P\u00eacheur, comme les fr\u00e8res Simon Pierre et Andr\u00e9, avait un rapport sp\u00e9cial avec Christ. Voici pourquoi.","og_url":"https:\/\/blog.holyart.it\/fr\/articles-religieux\/le-disciple-bien-aime-qui-etait-le-disciple-prefere-de-jesus\/","og_site_name":"Holyart.fr Blog","article_published_time":"2022-08-22T10:30:51+00:00","article_modified_time":"2025-03-20T14:58:15+00:00","og_image":[{"width":1000,"height":666,"url":"https:\/\/blog.holyart.it\/fr\/wp-content\/uploads\/sites\/14\/2022\/08\/saint-jean-evangeliste.jpeg","type":"image\/jpeg"}],"author":"Redazione","twitter_card":"summary_large_image","twitter_misc":{"\u00c9crit par":"Redazione","Dur\u00e9e de lecture estim\u00e9e":"8 minutes"},"schema":{"@context":"https:\/\/schema.org","@graph":[{"@type":"Article","@id":"https:\/\/blog.holyart.it\/fr\/articles-religieux\/le-disciple-bien-aime-qui-etait-le-disciple-prefere-de-jesus\/#article","isPartOf":{"@id":"https:\/\/blog.holyart.it\/fr\/articles-religieux\/le-disciple-bien-aime-qui-etait-le-disciple-prefere-de-jesus\/"},"author":{"name":"Redazione","@id":"https:\/\/blog.holyart.it\/fr\/#\/schema\/person\/0a7b686e5af0f856ec1e390dd0baecda"},"headline":"Le disciple bien-aim\u00e9 : qui \u00e9tait le disciple \u00ab\u00a0pr\u00e9f\u00e9r\u00e9\u00a0\u00bb de J\u00e9sus","datePublished":"2022-08-22T10:30:51+00:00","dateModified":"2025-03-20T14:58:15+00:00","mainEntityOfPage":{"@id":"https:\/\/blog.holyart.it\/fr\/articles-religieux\/le-disciple-bien-aime-qui-etait-le-disciple-prefere-de-jesus\/"},"wordCount":1289,"publisher":{"@id":"https:\/\/blog.holyart.it\/fr\/#organization"},"image":{"@id":"https:\/\/blog.holyart.it\/fr\/articles-religieux\/le-disciple-bien-aime-qui-etait-le-disciple-prefere-de-jesus\/#primaryimage"},"thumbnailUrl":"https:\/\/blog.holyart.it\/fr\/wp-content\/uploads\/sites\/14\/2022\/08\/saint-jean-evangeliste.jpeg","articleSection":["Religion"],"inLanguage":"fr-FR"},{"@type":"WebPage","@id":"https:\/\/blog.holyart.it\/fr\/articles-religieux\/le-disciple-bien-aime-qui-etait-le-disciple-prefere-de-jesus\/","url":"https:\/\/blog.holyart.it\/fr\/articles-religieux\/le-disciple-bien-aime-qui-etait-le-disciple-prefere-de-jesus\/","name":"Le disciple bien-aim\u00e9 : qui \u00e9tait le disciple \u00ab\u00a0pr\u00e9f\u00e9r\u00e9\u00a0\u00bb de J\u00e9sus","isPartOf":{"@id":"https:\/\/blog.holyart.it\/fr\/#website"},"primaryImageOfPage":{"@id":"https:\/\/blog.holyart.it\/fr\/articles-religieux\/le-disciple-bien-aime-qui-etait-le-disciple-prefere-de-jesus\/#primaryimage"},"image":{"@id":"https:\/\/blog.holyart.it\/fr\/articles-religieux\/le-disciple-bien-aime-qui-etait-le-disciple-prefere-de-jesus\/#primaryimage"},"thumbnailUrl":"https:\/\/blog.holyart.it\/fr\/wp-content\/uploads\/sites\/14\/2022\/08\/saint-jean-evangeliste.jpeg","datePublished":"2022-08-22T10:30:51+00:00","dateModified":"2025-03-20T14:58:15+00:00","description":"Jean, le disciple bien-aim\u00e9 de J\u00e9sus. P\u00eacheur, comme les fr\u00e8res Simon Pierre et Andr\u00e9, avait un rapport sp\u00e9cial avec Christ. Voici pourquoi.","breadcrumb":{"@id":"https:\/\/blog.holyart.it\/fr\/articles-religieux\/le-disciple-bien-aime-qui-etait-le-disciple-prefere-de-jesus\/#breadcrumb"},"inLanguage":"fr-FR","potentialAction":[{"@type":"ReadAction","target":["https:\/\/blog.holyart.it\/fr\/articles-religieux\/le-disciple-bien-aime-qui-etait-le-disciple-prefere-de-jesus\/"]}]},{"@type":"ImageObject","inLanguage":"fr-FR","@id":"https:\/\/blog.holyart.it\/fr\/articles-religieux\/le-disciple-bien-aime-qui-etait-le-disciple-prefere-de-jesus\/#primaryimage","url":"https:\/\/blog.holyart.it\/fr\/wp-content\/uploads\/sites\/14\/2022\/08\/saint-jean-evangeliste.jpeg","contentUrl":"https:\/\/blog.holyart.it\/fr\/wp-content\/uploads\/sites\/14\/2022\/08\/saint-jean-evangeliste.jpeg","width":1000,"height":666,"caption":"saint jean evangeliste"},{"@type":"BreadcrumbList","@id":"https:\/\/blog.holyart.it\/fr\/articles-religieux\/le-disciple-bien-aime-qui-etait-le-disciple-prefere-de-jesus\/#breadcrumb","itemListElement":[{"@type":"ListItem","position":1,"name":"Homepage","item":"https:\/\/blog.holyart.it\/fr\/"},{"@type":"ListItem","position":2,"name":"Religion","item":"https:\/\/blog.holyart.it\/fr\/articles-religieux\/"},{"@type":"ListItem","position":3,"name":"Le disciple bien-aim\u00e9 : qui \u00e9tait le disciple \u00ab\u00a0pr\u00e9f\u00e9r\u00e9\u00a0\u00bb de J\u00e9sus"}]},{"@type":"WebSite","@id":"https:\/\/blog.holyart.it\/fr\/#website","url":"https:\/\/blog.holyart.it\/fr\/","name":"Holyart.fr Blog","description":"Holyblog","publisher":{"@id":"https:\/\/blog.holyart.it\/fr\/#organization"},"potentialAction":[{"@type":"SearchAction","target":{"@type":"EntryPoint","urlTemplate":"https:\/\/blog.holyart.it\/fr\/?s={search_term_string}"},"query-input":{"@type":"PropertyValueSpecification","valueRequired":true,"valueName":"search_term_string"}}],"inLanguage":"fr-FR"},{"@type":"Organization","@id":"https:\/\/blog.holyart.it\/fr\/#organization","name":"Holyart.fr Blog","url":"https:\/\/blog.holyart.it\/fr\/","logo":{"@type":"ImageObject","inLanguage":"fr-FR","@id":"https:\/\/blog.holyart.it\/fr\/#\/schema\/logo\/image\/","url":"https:\/\/blog.holyart.it\/fr\/wp-content\/uploads\/sites\/14\/2022\/12\/Holyart_Blog_Logo.jpg","contentUrl":"https:\/\/blog.holyart.it\/fr\/wp-content\/uploads\/sites\/14\/2022\/12\/Holyart_Blog_Logo.jpg","width":300,"height":50,"caption":"Holyart.fr Blog"},"image":{"@id":"https:\/\/blog.holyart.it\/fr\/#\/schema\/logo\/image\/"}},{"@type":"Person","@id":"https:\/\/blog.holyart.it\/fr\/#\/schema\/person\/0a7b686e5af0f856ec1e390dd0baecda","name":"Redazione","image":{"@type":"ImageObject","inLanguage":"fr-FR","@id":"https:\/\/blog.holyart.it\/fr\/#\/schema\/person\/image\/","url":"https:\/\/secure.gravatar.com\/avatar\/f477da817f43e50d0af36abecd33e3edf826c68299714bdc1057dff3b113f516?s=96&d=mm&r=g","contentUrl":"https:\/\/secure.gravatar.com\/avatar\/f477da817f43e50d0af36abecd33e3edf826c68299714bdc1057dff3b113f516?s=96&d=mm&r=g","caption":"Redazione"},"url":"https:\/\/blog.holyart.it\/fr\/author\/admin\/"}]}},"_links":{"self":[{"href":"https:\/\/blog.holyart.it\/fr\/wp-json\/wp\/v2\/posts\/5048","targetHints":{"allow":["GET"]}}],"collection":[{"href":"https:\/\/blog.holyart.it\/fr\/wp-json\/wp\/v2\/posts"}],"about":[{"href":"https:\/\/blog.holyart.it\/fr\/wp-json\/wp\/v2\/types\/post"}],"author":[{"embeddable":true,"href":"https:\/\/blog.holyart.it\/fr\/wp-json\/wp\/v2\/users\/1"}],"replies":[{"embeddable":true,"href":"https:\/\/blog.holyart.it\/fr\/wp-json\/wp\/v2\/comments?post=5048"}],"version-history":[{"count":1,"href":"https:\/\/blog.holyart.it\/fr\/wp-json\/wp\/v2\/posts\/5048\/revisions"}],"predecessor-version":[{"id":7103,"href":"https:\/\/blog.holyart.it\/fr\/wp-json\/wp\/v2\/posts\/5048\/revisions\/7103"}],"wp:featuredmedia":[{"embeddable":true,"href":"https:\/\/blog.holyart.it\/fr\/wp-json\/wp\/v2\/media\/5057"}],"wp:attachment":[{"href":"https:\/\/blog.holyart.it\/fr\/wp-json\/wp\/v2\/media?parent=5048"}],"wp:term":[{"taxonomy":"category","embeddable":true,"href":"https:\/\/blog.holyart.it\/fr\/wp-json\/wp\/v2\/categories?post=5048"},{"taxonomy":"post_tag","embeddable":true,"href":"https:\/\/blog.holyart.it\/fr\/wp-json\/wp\/v2\/tags?post=5048"}],"curies":[{"name":"wp","href":"https:\/\/api.w.org\/{rel}","templated":true}]}}