{"id":5033,"date":"2022-08-17T12:30:13","date_gmt":"2022-08-17T10:30:13","guid":{"rendered":"https:\/\/blog.holyart.it\/fr\/?p=5033"},"modified":"2024-07-12T14:41:53","modified_gmt":"2024-07-12T12:41:53","slug":"couronnement-de-la-vierge-reine-des-cieux-et-de-la-terre","status":"publish","type":"post","link":"https:\/\/blog.holyart.it\/fr\/articles-religieux\/couronnement-de-la-vierge-reine-des-cieux-et-de-la-terre\/","title":{"rendered":"Couronnement de la Vierge : Reine des Cieux et de la Terre"},"content":{"rendered":"<h4>Le 22 ao\u00fbt, on c\u00e9l\u00e8bre le couronnement de la Vierge, M\u00e8re de J\u00e9sus. D\u2019o\u00f9 nait cette festivit\u00e9 et pourquoi Marie est-elle consid\u00e9r\u00e9e comme \u00ab\u00a0reine\u00a0\u00bb\u00a0?<\/h4>\n\n<p>La <a href=\"https:\/\/www.holyart.fr\/search?params=%7B%22search%22%3A%22STATUES%20NOTRE%20DAME%22%7D&amp;search=STATUES+NOTRE+DAME\"><strong>F\u00eate du Couronnement de la Vierge<\/strong><\/a> que l\u2019on c\u00e9l\u00e8bre le 22 ao\u00fbt est plut\u00f4t moderne. En effet, cette d\u00e9votion a \u00e9t\u00e9 officialis\u00e9e uniquement dans la deuxi\u00e8me moiti\u00e9 du XXe si\u00e8cle. Mais les premiers chr\u00e9tiens consid\u00e9raient d\u00e9j\u00e0 la Sainte Vierge digne d\u2019\u00eatre appel\u00e9e \u00ab\u00a0Reine\u00a0\u00bb. Le premier \u00e0 l\u2019appeler ainsi fut en effet \u00c9phrem le Syrien, th\u00e9ologien, \u00e9crivain et saint d\u2019origine syriaque qui v\u00e9cut au IVe si\u00e8cle et <a href=\"https:\/\/www.holyart.fr\/blog\/saints-et-bienheureux\/les-docteurs-de-leglise-qui-sont-ils-et-quelles-sont-les-conditions-pour-obtenir-ce-titre\/\"><strong>docteur de l\u2019\u00c9glise catholique<\/strong><\/a>. Dans un des vingt hymnes qu\u2019il d\u00e9dia \u00e0 la Vierge, \u00e0 laquelle il \u00e9tait tr\u00e8s d\u00e9vot, il s\u2019adresse \u00e0 elle ainsi\u00a0: \u00ab\u00a0<em>\u00d4 Marie, \u00f4 notre Reine, Vous \u00eates la Joie de l&rsquo;univers. Et voici que nous nous r\u00e9fugions aujourd&rsquo;hui sous Votre protection, \u00f4 Sainte M\u00e8re de notre Dieu. Vous nous cachez sous les ailes de votre Amour et de votre Mis\u00e9ricorde\u00a0; daignez-nous y laisser, et soyez-y notre Gardienne.\u00a0\u00bb\u00a0<\/em><\/p>\n<div class=\"link-article\">\n<p><img loading=\"lazy\" decoding=\"async\" class=\"size-full wp-image-5034 alignleft\" src=\"https:\/\/blog.holyart.it\/fr\/wp-content\/uploads\/sites\/14\/2022\/08\/Sainte-Therese.jpeg\" alt=\"Sainte Therese\" width=\"150\" height=\"99\" data-kale-share-title=\"Couronnement de la Vierge : Reine des Cieux et de la Terre\" data-kale-share-url=\"https:\/\/blog.holyart.it\/fr\/?p=5033\" \/><\/p>\n<div class=\"leggi-anche\">Lire aussi :<\/div>\n<p><strong><a href=\"https:\/\/www.holyart.fr\/blog\/saints-et-bienheureux\/les-docteurs-de-leglise-qui-sont-ils-et-quelles-sont-les-conditions-pour-obtenir-ce-titre\/\">Les docteurs de l\u2019\u00c9glise : qui sont-ils et quelles sont les conditions pour obtenir ce titre<\/a><\/strong><br \/>\nLe 1er octobre, nous f\u00eatons Sainte Th\u00e9r\u00e8se de Lisieux, une des quatre femmes proclam\u00e9es Docteurs de l\u2019\u00c9glise<\/p>\n<\/div>\n<p>Le Concile d\u2019\u00c9ph\u00e8se du Ve si\u00e8cle d\u00e9finit la Vierge Marie <em>Theot\u00f3kos<\/em>, \u00ab\u00a0M\u00e8re de Dieu\u00a0\u00bb. D\u2019ici naquirent au cours des si\u00e8cles de tr\u00e8s nombreuses formes de <strong>d\u00e9votion populaire<\/strong> qui culminaient avec le <a href=\"https:\/\/www.holyart.fr\/articles-religieux\/statues\/statues-en-bois-naturel\/marie-auxiliatrice-regina-coeli-bois-val-gardena-naturel\"><strong>couronnement de la Vierge Marie Reine<\/strong><\/a>, souvent avec des couronnes pr\u00e9cieuses r\u00e9alis\u00e9es en or et bijoux recueillis parmi les fid\u00e8les comme offrande p\u00e9nitentielle.<\/p>\n<h2>Pourquoi Marie est-elle d\u00e9finie reine\u00a0?<\/h2>\n<p>D\u2019o\u00f9 nait la <strong>dignit\u00e9 royale de Marie<\/strong> ? Il ne s\u2019agit pas seulement d\u2019un des nombreux titres mariaux que nous avons d\u00e9j\u00e0 vu attribuer \u00e0 la Vierge. Marie est Reine en tant que <a href=\"https:\/\/www.holyart.fr\/blog\/articles-religieux\/deve-a-marie-la-figure-de-la-mere-dans-la-bible\/\"><strong>M\u00e8re de Dieu<\/strong><\/a>, car J\u00e9sus, Dieu et Homme, est le Souverain de toute la Cr\u00e9ation, et Sa M\u00e8re ne peut qu\u2019\u00eatre partie de Sa royaut\u00e9. La Vierge est donc Reine par <strong>maternit\u00e9 divine<\/strong>, mais pas seulement. Pour son r\u00f4le dans la Nouvelle Alliance, pour avoir choisi consciemment d\u2019\u00eatre m\u00e8re du Sauveur et de souffrir avec Lui l\u2019agonie de la Passion, Marie est devenue la nouvelle \u00c8ve, <strong>instrument de r\u00e9demption et de salut<\/strong> aux c\u00f4t\u00e9s de son Fils b\u00e9nit. Marie est d\u00e9finie Reine dans le cinqui\u00e8me myst\u00e8re glorieux du Saint Rosaire, \u00e0 plusieurs reprises dans les Litanies Laur\u00e9tanes, dans trois des antiennes mariales les plus c\u00e9l\u00e8bres\u00a0: Salve Regina, Regina Coeli et Ave Regina Coelorum.<\/p>\n<div class=\"link-article\">\n<p><img loading=\"lazy\" decoding=\"async\" class=\"size-full wp-image-5043 alignleft\" src=\"https:\/\/blog.holyart.it\/fr\/wp-content\/uploads\/sites\/14\/2022\/08\/mere-de-Picasso.jpg\" alt=\"mere de Picasso\" width=\"150\" height=\"99\" data-kale-share-title=\"Couronnement de la Vierge : Reine des Cieux et de la Terre\" data-kale-share-url=\"https:\/\/blog.holyart.it\/fr\/?p=5033\" \/><\/p>\n<div class=\"leggi-anche\">Lire aussi :<\/div>\n<p><strong><a href=\"https:\/\/www.holyart.fr\/blog\/articles-religieux\/deve-a-marie-la-figure-de-la-mere-dans-la-bible\/\">D\u2019\u00c8ve \u00e0 Marie : la figure de la M\u00e8re dans la Bible<\/a><\/strong><br \/>\nLa m\u00e8re, pilier de chaque famille , coeur et source de vie pour ceux qui gravitent autour d\u2019elle<\/p>\n<\/div>\n<h2>Lettre Encyclique Ad Caeli Reginam<\/h2>\n<p>L\u2019Encyclique <em>Ad Caeli Reginam<\/em> fut \u00e9mise le 11 octobre 1954 par Pape Pie XII afin d\u2019instituer la f\u00eate liturgique de la \u00ab\u00a0<em>Bienheureuse Vierge Marie Reine<\/em>\u00a0\u00bb. Le m\u00eame Pape proclama \u00e9galement le dogme de l<a href=\"https:\/\/www.holyart.fr\/blog\/occasions-speciales\/lassomption-de-marie-et-les-celebrations-les-plus-caracteristiques\/\">\u2019<strong>Assomption au Ciel de Marie<\/strong><\/a>. Fix\u00e9e initialement pour le 31 mai, la f\u00eate du couronnement de la Vierge fut ensuite d\u00e9plac\u00e9e au 22 ao\u00fbt avec la r\u00e9forme de Paul VI afin de la rapprocher de la F\u00eate de l\u2019Assomption et d\u2019unir d\u2019une certaine mani\u00e8re la glorification corporelle \u00e0 celle royale de la Vierge. La d\u00e9cision d\u2019instituer la f\u00eate fut amplement support\u00e9e par des initiatives populaires, comme celle promue par Maria Desideri, qui recueillit des p\u00e9titions dans le monde entier afin de soutenir son projet <em>Pro regalitate Mariae<\/em> et demander la proclamation de la f\u00eate.<\/p>\n<div class=\"link-article\">\n<p><img loading=\"lazy\" decoding=\"async\" class=\"size-full wp-image-5036 alignleft\" src=\"https:\/\/blog.holyart.it\/fr\/wp-content\/uploads\/sites\/14\/2022\/08\/Assomption-de-la-vierge-marie.jpg\" alt=\"Assomption de la vierge marie\" width=\"150\" height=\"99\" data-kale-share-title=\"Couronnement de la Vierge : Reine des Cieux et de la Terre\" data-kale-share-url=\"https:\/\/blog.holyart.it\/fr\/?p=5033\" \/><\/p>\n<div class=\"leggi-anche\">Lire aussi :<\/div>\n<p><strong><a href=\"https:\/\/www.holyart.fr\/blog\/occasions-speciales\/lassomption-de-marie-et-les-celebrations-les-plus-caracteristiques\/\">L\u2019Assomption de Marie et les c\u00e9l\u00e9brations les plus caract\u00e9ristiques<\/a><\/strong><br \/>\nLe 15 ao\u00fbt n\u2019est pas qu\u2019une occasion de f\u00eater et voyager. On rappelle en effet l\u2019Assomption de Marie au ciel.<\/p>\n<\/div>\n<h2>Pourquoi le 22 ao\u00fbt ?<\/h2>\n<p>Le 15 ao\u00fbt on c\u00e9l\u00e8bre l\u2019Assomption de Marie au Ciel, ressuscit\u00e9e \u00e0 la vie \u00e9ternelle pour avoir \u00e9t\u00e9 M\u00e8re de J\u00e9sus et avoir \u00e9t\u00e9 pr\u00e9serv\u00e9e du p\u00e9ch\u00e9. Le 22 ao\u00fbt, \u00e0 sa glorification corporelle, s\u2019ajoute la glorification royale, avec la proclamation \u00e0 <a href=\"https:\/\/www.holyart.fr\/articles-religieux\/statues\/statues-en-bois-peint\/vierge-auxiliaire\"><strong>Reine des anges<\/strong><\/a> (<em>Regina Angelorum<\/em>) et Reine du Paradis (<em>Regina Caeli<\/em> ou <em>Regina Coeli<\/em>).<\/p>\n<div class=\"link-product\">\n<div class=\"blocco-immagine\"><img loading=\"lazy\" decoding=\"async\" class=\"size-full wp-image-5037 alignleft\" src=\"https:\/\/blog.holyart.it\/fr\/wp-content\/uploads\/sites\/14\/2022\/08\/vierge-auxiliaire.jpg\" alt=\"vierge auxiliaire\" width=\"100\" height=\"100\" data-kale-share-title=\"Couronnement de la Vierge : Reine des Cieux et de la Terre\" data-kale-share-url=\"https:\/\/blog.holyart.it\/fr\/?p=5033\" \/><\/div>\n<div class=\"blocco-contenuto\">\n<div class=\"blocco-acquista\">Acheter sur Holyart:<\/div>\n<div class=\"blocco-titolo\"><a href=\"https:\/\/www.holyart.fr\/articles-religieux\/statues\/statues-en-bois-peint\/vierge-auxiliaire\">Vierge auxiliaire<\/a><\/div>\n<div class=\"blocco-descrizione\">Ils l\u00e8vent les bras vers le ciel.Statue r\u00e9alis\u00e9e \u00e0 la main par les artisans de la Valgardena.<\/div>\n<\/div>\n<\/div>\n<h2>Comment Marie exerce-t-elle cette royaut\u00e9 de service et d\u2019amour\u00a0?<\/h2>\n<p>Nous ne devons toutefois pas penser \u00e0 la Vierge Marie comme \u00e0 une Reine hautaine et d\u00e9sint\u00e9ress\u00e9e aux sorts de ses fils. En 2012, <a href=\"https:\/\/www.holyart.fr\/occasions-speciales\/benoit-xvi\"><strong>Pape Beno\u00eet XVI<\/strong><\/a> avait expliqu\u00e9 que la Vierge exerce sa royaut\u00e9 : \u00ab\u00a0<em>En veillant sur nous, ses fils\u00a0: les fils qui s\u2019adressent \u00e0 Elle dans la pri\u00e8re, pour la remercier ou pour lui demander sa protection maternelle et son aide c\u00e9leste, peut-\u00eatre apr\u00e8s avoir \u00e9gar\u00e9 la route, opprim\u00e9s par la douleur ou par l\u2019angoisse \u00e0 cause des tristes et durs \u00e9v\u00e9nements de la vie<\/em>\u00a0\u00bb.<br \/>\nUne royaut\u00e9 \u00e0 l\u2019<strong>enseigne de l\u2019amour<\/strong>, donc, et de la propension continue vers nous, les hommes, qui cherchons en elle une M\u00e8re, avant une Reine, une r\u00e9f\u00e9rence infiniment mis\u00e9ricordieuse qui, depuis le Ciel, veille sur nous et fait office d\u2019interm\u00e9diaire entre nos souffrances et Dieu P\u00e8re.<\/p>\n<div class=\"link-product\">\n<div class=\"blocco-immagine\"><img loading=\"lazy\" decoding=\"async\" class=\"size-full wp-image-5039 alignleft\" src=\"https:\/\/blog.holyart.it\/fr\/wp-content\/uploads\/sites\/14\/2022\/08\/statue-notre-dame-de-la-protection-peinte-bois-val-gardena.jpg\" alt=\"statue notre dame de la protection peinte bois val gardena\" width=\"100\" height=\"100\" data-kale-share-title=\"Couronnement de la Vierge : Reine des Cieux et de la Terre\" data-kale-share-url=\"https:\/\/blog.holyart.it\/fr\/?p=5033\" \/><\/div>\n<div class=\"blocco-contenuto\">\n<div class=\"blocco-acquista\">Acheter sur Holyart:<\/div>\n<div class=\"blocco-titolo\"><a href=\"https:\/\/www.holyart.fr\/search?params=%7B%22search%22%3A%22STATUES%20NOTRE%20DAME%22%7D&amp;search=STATUES+NOTRE+DAME\">Statues notre dame<\/a><\/div>\n<div class=\"blocco-descrizione\">Large choix de statues de la Vierge Marie, disponibles dans diff\u00e9rentes cat\u00e9gories selon les mat\u00e9riaux<\/div>\n<\/div>\n<\/div>\n","protected":false},"excerpt":{"rendered":"<p>Le 22 ao\u00fbt, on c\u00e9l\u00e8bre le couronnement de la Vierge, M\u00e8re de J\u00e9sus. D\u2019o\u00f9 nait cette festivit\u00e9 et pourquoi Marie est-elle consid\u00e9r\u00e9e comme \u00ab\u00a0reine\u00a0\u00bb\u00a0? La F\u00eate du Couronnement de la Vierge que l\u2019on c\u00e9l\u00e8bre le 22 ao\u00fbt est plut\u00f4t moderne. En effet, cette d\u00e9votion a&hellip;<\/p>\n","protected":false},"author":1,"featured_media":5042,"comment_status":"closed","ping_status":"open","sticky":false,"template":"","format":"standard","meta":{"_acf_changed":false,"footnotes":""},"categories":[8],"tags":[],"class_list":["post-5033","post","type-post","status-publish","format-standard","has-post-thumbnail","hentry","category-articles-religieux"],"acf":[],"yoast_head":"<!-- This site is optimized with the Yoast SEO plugin v26.6 - https:\/\/yoast.com\/wordpress\/plugins\/seo\/ -->\n<title>Couronnement de la Vierge : Reine des Cieux et de la Terre<\/title>\n<meta name=\"description\" content=\"Le 22 ao\u00fbt, on c\u00e9l\u00e8bre le couronnement de la Vierge, M\u00e8re de J\u00e9sus. D\u2019o\u00f9 nait cette festivit\u00e9 et pourquoi Marie est-elle consid\u00e9r\u00e9e comme \u00ab\u00a0reine\u00a0\u00bb\u00a0?\" \/>\n<meta name=\"robots\" content=\"index, follow, max-snippet:-1, max-image-preview:large, max-video-preview:-1\" \/>\n<link rel=\"canonical\" href=\"https:\/\/blog.holyart.it\/fr\/articles-religieux\/couronnement-de-la-vierge-reine-des-cieux-et-de-la-terre\/\" \/>\n<meta property=\"og:locale\" content=\"fr_FR\" \/>\n<meta property=\"og:type\" content=\"article\" \/>\n<meta property=\"og:title\" content=\"Couronnement de la Vierge : Reine des Cieux et de la Terre\" \/>\n<meta property=\"og:description\" content=\"Le 22 ao\u00fbt, on c\u00e9l\u00e8bre le couronnement de la Vierge, M\u00e8re de J\u00e9sus. D\u2019o\u00f9 nait cette festivit\u00e9 et pourquoi Marie est-elle consid\u00e9r\u00e9e comme \u00ab\u00a0reine\u00a0\u00bb\u00a0?\" \/>\n<meta property=\"og:url\" content=\"https:\/\/blog.holyart.it\/fr\/articles-religieux\/couronnement-de-la-vierge-reine-des-cieux-et-de-la-terre\/\" \/>\n<meta property=\"og:site_name\" content=\"Holyart.fr Blog\" \/>\n<meta property=\"article:published_time\" content=\"2022-08-17T10:30:13+00:00\" \/>\n<meta property=\"article:modified_time\" content=\"2024-07-12T12:41:53+00:00\" \/>\n<meta property=\"og:image\" content=\"https:\/\/blog.holyart.it\/fr\/wp-content\/uploads\/sites\/14\/2022\/08\/notre-dame-1.jpeg\" \/>\n\t<meta property=\"og:image:width\" content=\"999\" \/>\n\t<meta property=\"og:image:height\" content=\"666\" \/>\n\t<meta property=\"og:image:type\" content=\"image\/jpeg\" \/>\n<meta name=\"author\" content=\"Redazione\" \/>\n<meta name=\"twitter:card\" content=\"summary_large_image\" \/>\n<meta name=\"twitter:label1\" content=\"\u00c9crit par\" \/>\n\t<meta name=\"twitter:data1\" content=\"Redazione\" \/>\n\t<meta name=\"twitter:label2\" content=\"Dur\u00e9e de lecture estim\u00e9e\" \/>\n\t<meta name=\"twitter:data2\" content=\"6 minutes\" \/>\n<script type=\"application\/ld+json\" class=\"yoast-schema-graph\">{\"@context\":\"https:\/\/schema.org\",\"@graph\":[{\"@type\":\"Article\",\"@id\":\"https:\/\/blog.holyart.it\/fr\/articles-religieux\/couronnement-de-la-vierge-reine-des-cieux-et-de-la-terre\/#article\",\"isPartOf\":{\"@id\":\"https:\/\/blog.holyart.it\/fr\/articles-religieux\/couronnement-de-la-vierge-reine-des-cieux-et-de-la-terre\/\"},\"author\":{\"name\":\"Redazione\",\"@id\":\"https:\/\/blog.holyart.it\/fr\/#\/schema\/person\/0a7b686e5af0f856ec1e390dd0baecda\"},\"headline\":\"Couronnement de la Vierge : Reine des Cieux et de la Terre\",\"datePublished\":\"2022-08-17T10:30:13+00:00\",\"dateModified\":\"2024-07-12T12:41:53+00:00\",\"mainEntityOfPage\":{\"@id\":\"https:\/\/blog.holyart.it\/fr\/articles-religieux\/couronnement-de-la-vierge-reine-des-cieux-et-de-la-terre\/\"},\"wordCount\":979,\"publisher\":{\"@id\":\"https:\/\/blog.holyart.it\/fr\/#organization\"},\"image\":{\"@id\":\"https:\/\/blog.holyart.it\/fr\/articles-religieux\/couronnement-de-la-vierge-reine-des-cieux-et-de-la-terre\/#primaryimage\"},\"thumbnailUrl\":\"https:\/\/blog.holyart.it\/fr\/wp-content\/uploads\/sites\/14\/2022\/08\/notre-dame-1.jpeg\",\"articleSection\":[\"Religion\"],\"inLanguage\":\"fr-FR\"},{\"@type\":\"WebPage\",\"@id\":\"https:\/\/blog.holyart.it\/fr\/articles-religieux\/couronnement-de-la-vierge-reine-des-cieux-et-de-la-terre\/\",\"url\":\"https:\/\/blog.holyart.it\/fr\/articles-religieux\/couronnement-de-la-vierge-reine-des-cieux-et-de-la-terre\/\",\"name\":\"Couronnement de la Vierge : Reine des Cieux et de la Terre\",\"isPartOf\":{\"@id\":\"https:\/\/blog.holyart.it\/fr\/#website\"},\"primaryImageOfPage\":{\"@id\":\"https:\/\/blog.holyart.it\/fr\/articles-religieux\/couronnement-de-la-vierge-reine-des-cieux-et-de-la-terre\/#primaryimage\"},\"image\":{\"@id\":\"https:\/\/blog.holyart.it\/fr\/articles-religieux\/couronnement-de-la-vierge-reine-des-cieux-et-de-la-terre\/#primaryimage\"},\"thumbnailUrl\":\"https:\/\/blog.holyart.it\/fr\/wp-content\/uploads\/sites\/14\/2022\/08\/notre-dame-1.jpeg\",\"datePublished\":\"2022-08-17T10:30:13+00:00\",\"dateModified\":\"2024-07-12T12:41:53+00:00\",\"description\":\"Le 22 ao\u00fbt, on c\u00e9l\u00e8bre le couronnement de la Vierge, M\u00e8re de J\u00e9sus. D\u2019o\u00f9 nait cette festivit\u00e9 et pourquoi Marie est-elle consid\u00e9r\u00e9e comme \u00ab\u00a0reine\u00a0\u00bb\u00a0?\",\"breadcrumb\":{\"@id\":\"https:\/\/blog.holyart.it\/fr\/articles-religieux\/couronnement-de-la-vierge-reine-des-cieux-et-de-la-terre\/#breadcrumb\"},\"inLanguage\":\"fr-FR\",\"potentialAction\":[{\"@type\":\"ReadAction\",\"target\":[\"https:\/\/blog.holyart.it\/fr\/articles-religieux\/couronnement-de-la-vierge-reine-des-cieux-et-de-la-terre\/\"]}]},{\"@type\":\"ImageObject\",\"inLanguage\":\"fr-FR\",\"@id\":\"https:\/\/blog.holyart.it\/fr\/articles-religieux\/couronnement-de-la-vierge-reine-des-cieux-et-de-la-terre\/#primaryimage\",\"url\":\"https:\/\/blog.holyart.it\/fr\/wp-content\/uploads\/sites\/14\/2022\/08\/notre-dame-1.jpeg\",\"contentUrl\":\"https:\/\/blog.holyart.it\/fr\/wp-content\/uploads\/sites\/14\/2022\/08\/notre-dame-1.jpeg\",\"width\":999,\"height\":666,\"caption\":\"notre dame\"},{\"@type\":\"BreadcrumbList\",\"@id\":\"https:\/\/blog.holyart.it\/fr\/articles-religieux\/couronnement-de-la-vierge-reine-des-cieux-et-de-la-terre\/#breadcrumb\",\"itemListElement\":[{\"@type\":\"ListItem\",\"position\":1,\"name\":\"Homepage\",\"item\":\"https:\/\/blog.holyart.it\/fr\/\"},{\"@type\":\"ListItem\",\"position\":2,\"name\":\"Religion\",\"item\":\"https:\/\/blog.holyart.it\/fr\/articles-religieux\/\"},{\"@type\":\"ListItem\",\"position\":3,\"name\":\"Couronnement de la Vierge : Reine des Cieux et de la Terre\"}]},{\"@type\":\"WebSite\",\"@id\":\"https:\/\/blog.holyart.it\/fr\/#website\",\"url\":\"https:\/\/blog.holyart.it\/fr\/\",\"name\":\"Holyart.fr Blog\",\"description\":\"Holyblog\",\"publisher\":{\"@id\":\"https:\/\/blog.holyart.it\/fr\/#organization\"},\"potentialAction\":[{\"@type\":\"SearchAction\",\"target\":{\"@type\":\"EntryPoint\",\"urlTemplate\":\"https:\/\/blog.holyart.it\/fr\/?s={search_term_string}\"},\"query-input\":{\"@type\":\"PropertyValueSpecification\",\"valueRequired\":true,\"valueName\":\"search_term_string\"}}],\"inLanguage\":\"fr-FR\"},{\"@type\":\"Organization\",\"@id\":\"https:\/\/blog.holyart.it\/fr\/#organization\",\"name\":\"Holyart.fr Blog\",\"url\":\"https:\/\/blog.holyart.it\/fr\/\",\"logo\":{\"@type\":\"ImageObject\",\"inLanguage\":\"fr-FR\",\"@id\":\"https:\/\/blog.holyart.it\/fr\/#\/schema\/logo\/image\/\",\"url\":\"https:\/\/blog.holyart.it\/fr\/wp-content\/uploads\/sites\/14\/2022\/12\/Holyart_Blog_Logo.jpg\",\"contentUrl\":\"https:\/\/blog.holyart.it\/fr\/wp-content\/uploads\/sites\/14\/2022\/12\/Holyart_Blog_Logo.jpg\",\"width\":300,\"height\":50,\"caption\":\"Holyart.fr Blog\"},\"image\":{\"@id\":\"https:\/\/blog.holyart.it\/fr\/#\/schema\/logo\/image\/\"}},{\"@type\":\"Person\",\"@id\":\"https:\/\/blog.holyart.it\/fr\/#\/schema\/person\/0a7b686e5af0f856ec1e390dd0baecda\",\"name\":\"Redazione\",\"image\":{\"@type\":\"ImageObject\",\"inLanguage\":\"fr-FR\",\"@id\":\"https:\/\/blog.holyart.it\/fr\/#\/schema\/person\/image\/\",\"url\":\"https:\/\/secure.gravatar.com\/avatar\/f477da817f43e50d0af36abecd33e3edf826c68299714bdc1057dff3b113f516?s=96&d=mm&r=g\",\"contentUrl\":\"https:\/\/secure.gravatar.com\/avatar\/f477da817f43e50d0af36abecd33e3edf826c68299714bdc1057dff3b113f516?s=96&d=mm&r=g\",\"caption\":\"Redazione\"},\"url\":\"https:\/\/blog.holyart.it\/fr\/author\/admin\/\"}]}<\/script>\n<!-- \/ Yoast SEO plugin. -->","yoast_head_json":{"title":"Couronnement de la Vierge : Reine des Cieux et de la Terre","description":"Le 22 ao\u00fbt, on c\u00e9l\u00e8bre le couronnement de la Vierge, M\u00e8re de J\u00e9sus. D\u2019o\u00f9 nait cette festivit\u00e9 et pourquoi Marie est-elle consid\u00e9r\u00e9e comme \u00ab\u00a0reine\u00a0\u00bb\u00a0?","robots":{"index":"index","follow":"follow","max-snippet":"max-snippet:-1","max-image-preview":"max-image-preview:large","max-video-preview":"max-video-preview:-1"},"canonical":"https:\/\/blog.holyart.it\/fr\/articles-religieux\/couronnement-de-la-vierge-reine-des-cieux-et-de-la-terre\/","og_locale":"fr_FR","og_type":"article","og_title":"Couronnement de la Vierge : Reine des Cieux et de la Terre","og_description":"Le 22 ao\u00fbt, on c\u00e9l\u00e8bre le couronnement de la Vierge, M\u00e8re de J\u00e9sus. D\u2019o\u00f9 nait cette festivit\u00e9 et pourquoi Marie est-elle consid\u00e9r\u00e9e comme \u00ab\u00a0reine\u00a0\u00bb\u00a0?","og_url":"https:\/\/blog.holyart.it\/fr\/articles-religieux\/couronnement-de-la-vierge-reine-des-cieux-et-de-la-terre\/","og_site_name":"Holyart.fr Blog","article_published_time":"2022-08-17T10:30:13+00:00","article_modified_time":"2024-07-12T12:41:53+00:00","og_image":[{"width":999,"height":666,"url":"https:\/\/blog.holyart.it\/fr\/wp-content\/uploads\/sites\/14\/2022\/08\/notre-dame-1.jpeg","type":"image\/jpeg"}],"author":"Redazione","twitter_card":"summary_large_image","twitter_misc":{"\u00c9crit par":"Redazione","Dur\u00e9e de lecture estim\u00e9e":"6 minutes"},"schema":{"@context":"https:\/\/schema.org","@graph":[{"@type":"Article","@id":"https:\/\/blog.holyart.it\/fr\/articles-religieux\/couronnement-de-la-vierge-reine-des-cieux-et-de-la-terre\/#article","isPartOf":{"@id":"https:\/\/blog.holyart.it\/fr\/articles-religieux\/couronnement-de-la-vierge-reine-des-cieux-et-de-la-terre\/"},"author":{"name":"Redazione","@id":"https:\/\/blog.holyart.it\/fr\/#\/schema\/person\/0a7b686e5af0f856ec1e390dd0baecda"},"headline":"Couronnement de la Vierge : Reine des Cieux et de la Terre","datePublished":"2022-08-17T10:30:13+00:00","dateModified":"2024-07-12T12:41:53+00:00","mainEntityOfPage":{"@id":"https:\/\/blog.holyart.it\/fr\/articles-religieux\/couronnement-de-la-vierge-reine-des-cieux-et-de-la-terre\/"},"wordCount":979,"publisher":{"@id":"https:\/\/blog.holyart.it\/fr\/#organization"},"image":{"@id":"https:\/\/blog.holyart.it\/fr\/articles-religieux\/couronnement-de-la-vierge-reine-des-cieux-et-de-la-terre\/#primaryimage"},"thumbnailUrl":"https:\/\/blog.holyart.it\/fr\/wp-content\/uploads\/sites\/14\/2022\/08\/notre-dame-1.jpeg","articleSection":["Religion"],"inLanguage":"fr-FR"},{"@type":"WebPage","@id":"https:\/\/blog.holyart.it\/fr\/articles-religieux\/couronnement-de-la-vierge-reine-des-cieux-et-de-la-terre\/","url":"https:\/\/blog.holyart.it\/fr\/articles-religieux\/couronnement-de-la-vierge-reine-des-cieux-et-de-la-terre\/","name":"Couronnement de la Vierge : Reine des Cieux et de la Terre","isPartOf":{"@id":"https:\/\/blog.holyart.it\/fr\/#website"},"primaryImageOfPage":{"@id":"https:\/\/blog.holyart.it\/fr\/articles-religieux\/couronnement-de-la-vierge-reine-des-cieux-et-de-la-terre\/#primaryimage"},"image":{"@id":"https:\/\/blog.holyart.it\/fr\/articles-religieux\/couronnement-de-la-vierge-reine-des-cieux-et-de-la-terre\/#primaryimage"},"thumbnailUrl":"https:\/\/blog.holyart.it\/fr\/wp-content\/uploads\/sites\/14\/2022\/08\/notre-dame-1.jpeg","datePublished":"2022-08-17T10:30:13+00:00","dateModified":"2024-07-12T12:41:53+00:00","description":"Le 22 ao\u00fbt, on c\u00e9l\u00e8bre le couronnement de la Vierge, M\u00e8re de J\u00e9sus. D\u2019o\u00f9 nait cette festivit\u00e9 et pourquoi Marie est-elle consid\u00e9r\u00e9e comme \u00ab\u00a0reine\u00a0\u00bb\u00a0?","breadcrumb":{"@id":"https:\/\/blog.holyart.it\/fr\/articles-religieux\/couronnement-de-la-vierge-reine-des-cieux-et-de-la-terre\/#breadcrumb"},"inLanguage":"fr-FR","potentialAction":[{"@type":"ReadAction","target":["https:\/\/blog.holyart.it\/fr\/articles-religieux\/couronnement-de-la-vierge-reine-des-cieux-et-de-la-terre\/"]}]},{"@type":"ImageObject","inLanguage":"fr-FR","@id":"https:\/\/blog.holyart.it\/fr\/articles-religieux\/couronnement-de-la-vierge-reine-des-cieux-et-de-la-terre\/#primaryimage","url":"https:\/\/blog.holyart.it\/fr\/wp-content\/uploads\/sites\/14\/2022\/08\/notre-dame-1.jpeg","contentUrl":"https:\/\/blog.holyart.it\/fr\/wp-content\/uploads\/sites\/14\/2022\/08\/notre-dame-1.jpeg","width":999,"height":666,"caption":"notre dame"},{"@type":"BreadcrumbList","@id":"https:\/\/blog.holyart.it\/fr\/articles-religieux\/couronnement-de-la-vierge-reine-des-cieux-et-de-la-terre\/#breadcrumb","itemListElement":[{"@type":"ListItem","position":1,"name":"Homepage","item":"https:\/\/blog.holyart.it\/fr\/"},{"@type":"ListItem","position":2,"name":"Religion","item":"https:\/\/blog.holyart.it\/fr\/articles-religieux\/"},{"@type":"ListItem","position":3,"name":"Couronnement de la Vierge : Reine des Cieux et de la Terre"}]},{"@type":"WebSite","@id":"https:\/\/blog.holyart.it\/fr\/#website","url":"https:\/\/blog.holyart.it\/fr\/","name":"Holyart.fr Blog","description":"Holyblog","publisher":{"@id":"https:\/\/blog.holyart.it\/fr\/#organization"},"potentialAction":[{"@type":"SearchAction","target":{"@type":"EntryPoint","urlTemplate":"https:\/\/blog.holyart.it\/fr\/?s={search_term_string}"},"query-input":{"@type":"PropertyValueSpecification","valueRequired":true,"valueName":"search_term_string"}}],"inLanguage":"fr-FR"},{"@type":"Organization","@id":"https:\/\/blog.holyart.it\/fr\/#organization","name":"Holyart.fr Blog","url":"https:\/\/blog.holyart.it\/fr\/","logo":{"@type":"ImageObject","inLanguage":"fr-FR","@id":"https:\/\/blog.holyart.it\/fr\/#\/schema\/logo\/image\/","url":"https:\/\/blog.holyart.it\/fr\/wp-content\/uploads\/sites\/14\/2022\/12\/Holyart_Blog_Logo.jpg","contentUrl":"https:\/\/blog.holyart.it\/fr\/wp-content\/uploads\/sites\/14\/2022\/12\/Holyart_Blog_Logo.jpg","width":300,"height":50,"caption":"Holyart.fr Blog"},"image":{"@id":"https:\/\/blog.holyart.it\/fr\/#\/schema\/logo\/image\/"}},{"@type":"Person","@id":"https:\/\/blog.holyart.it\/fr\/#\/schema\/person\/0a7b686e5af0f856ec1e390dd0baecda","name":"Redazione","image":{"@type":"ImageObject","inLanguage":"fr-FR","@id":"https:\/\/blog.holyart.it\/fr\/#\/schema\/person\/image\/","url":"https:\/\/secure.gravatar.com\/avatar\/f477da817f43e50d0af36abecd33e3edf826c68299714bdc1057dff3b113f516?s=96&d=mm&r=g","contentUrl":"https:\/\/secure.gravatar.com\/avatar\/f477da817f43e50d0af36abecd33e3edf826c68299714bdc1057dff3b113f516?s=96&d=mm&r=g","caption":"Redazione"},"url":"https:\/\/blog.holyart.it\/fr\/author\/admin\/"}]}},"_links":{"self":[{"href":"https:\/\/blog.holyart.it\/fr\/wp-json\/wp\/v2\/posts\/5033","targetHints":{"allow":["GET"]}}],"collection":[{"href":"https:\/\/blog.holyart.it\/fr\/wp-json\/wp\/v2\/posts"}],"about":[{"href":"https:\/\/blog.holyart.it\/fr\/wp-json\/wp\/v2\/types\/post"}],"author":[{"embeddable":true,"href":"https:\/\/blog.holyart.it\/fr\/wp-json\/wp\/v2\/users\/1"}],"replies":[{"embeddable":true,"href":"https:\/\/blog.holyart.it\/fr\/wp-json\/wp\/v2\/comments?post=5033"}],"version-history":[{"count":1,"href":"https:\/\/blog.holyart.it\/fr\/wp-json\/wp\/v2\/posts\/5033\/revisions"}],"predecessor-version":[{"id":6785,"href":"https:\/\/blog.holyart.it\/fr\/wp-json\/wp\/v2\/posts\/5033\/revisions\/6785"}],"wp:featuredmedia":[{"embeddable":true,"href":"https:\/\/blog.holyart.it\/fr\/wp-json\/wp\/v2\/media\/5042"}],"wp:attachment":[{"href":"https:\/\/blog.holyart.it\/fr\/wp-json\/wp\/v2\/media?parent=5033"}],"wp:term":[{"taxonomy":"category","embeddable":true,"href":"https:\/\/blog.holyart.it\/fr\/wp-json\/wp\/v2\/categories?post=5033"},{"taxonomy":"post_tag","embeddable":true,"href":"https:\/\/blog.holyart.it\/fr\/wp-json\/wp\/v2\/tags?post=5033"}],"curies":[{"name":"wp","href":"https:\/\/api.w.org\/{rel}","templated":true}]}}