{"id":4972,"date":"2022-08-03T12:30:19","date_gmt":"2022-08-03T10:30:19","guid":{"rendered":"https:\/\/blog.holyart.it\/fr\/?p=4972"},"modified":"2026-01-30T10:24:24","modified_gmt":"2026-01-30T09:24:24","slug":"vierges-noires-en-italie-et-dans-le-monde-origines-et-mysteres-dun-culte","status":"publish","type":"post","link":"https:\/\/blog.holyart.it\/fr\/articles-religieux\/vierges-noires-en-italie-et-dans-le-monde-origines-et-mysteres-dun-culte\/","title":{"rendered":"Vierges noires en Italie et dans le monde : origines et myst\u00e8res d\u2019un culte"},"content":{"rendered":"<h4>Depuis des si\u00e8cles, les Vierges Noires constituent le c\u0153ur de nombreux cultes d\u00e9votionnels en Italie et ailleurs dans le monde. D\u00e9couvrons o\u00f9 est n\u00e9e cette vision particuli\u00e8re et apprenons \u00e0 conna\u00eetre les Vierges Noires d\u2019Italie.<\/h4>\n\n<p>Si nous pensons \u00e0 la Vierge, si nous nous la repr\u00e9sentons dans notre esprit, nous penserons quasi surement \u00e0 une tr\u00e8s belle femme, envelopp\u00e9e de longs habits clairs et couronn\u00e9e d\u2019une aur\u00e9ole de lumi\u00e8re blanche et pure.<\/p>\n<p>Nous penserons \u00e0 son visage sans \u00e2ge, hors du temps, qui dans de nombreuses \u0153uvres d\u2019art la fait ressembler \u00e0 une petite fille, m\u00eame \u00e0 c\u00f4t\u00e9 de son Fils. Il n\u2019y a pas de place pour l\u2019obscurit\u00e9, quand on parle de la Vierge Marie, il n\u2019y a pas de place pour les t\u00e9n\u00e8bres. Et pourtant, il est surprenant de constater combien de place ait dans notre pays la d\u00e9votion \u00e0 celles qu\u2019on appelle les <strong>Vierges Noires<\/strong> et \u00e0 combien de pays et de ville soient c\u00e9l\u00e8bres pour un sanctuaire de la Vierge Noire.<\/p>\n<p>Apr\u00e8s tout, l\u2019iconographie de la Vierge Noire est ancienne est ils en existent en effet de tr\u00e8s nombreux exemple, dans la peinture comme dans la sculpture, r\u00e9pandus dans le monde entier. Il s\u2019agit de repr\u00e9sentation dans lesquelles la Vierge a un <strong>visage sombre<\/strong>, voire noir. En restant en Italie, pensons simplement \u00e0 la Notre-Dame de Tyndaris, <a href=\"https:\/\/www.holyart.fr\/blog\/articles-religieux\/notre-dame-de-lorette-histoire-et-mythe-de-la-maison-arrivee-a-lorette-depuis-la-palestine\/\"><strong>\u00e0 Notre-Dame de Lorette<\/strong><\/a>, \u00e0 celle d\u2019Oropa ou de Viggiano.<\/p>\n<div class=\"link-article\">\n<p><img loading=\"lazy\" decoding=\"async\" class=\"size-full wp-image-4975 alignleft\" src=\"https:\/\/blog.holyart.it\/fr\/wp-content\/uploads\/sites\/14\/2022\/07\/Notre-Dame-de-Lorette.jpg\" alt=\"Notre-Dame de Lorette\" width=\"150\" height=\"100\" data-kale-share-title=\"Vierges noires en Italie et dans le monde : origines et myst\u00e8res d\u2019un culte\" data-kale-share-url=\"https:\/\/blog.holyart.it\/fr\/?p=4972\" \/><\/p>\n<div class=\"leggi-anche\">Lire aussi :<\/div>\n<p><strong><a href=\"https:\/\/www.holyart.fr\/blog\/articles-religieux\/notre-dame-de-lorette-histoire-et-mythe-de-la-maison-arrivee-a-lorette-depuis-la-palestine\/\">Notre-Dame de Lorette : histoire et mythe de la Maison arriv\u00e9e \u00e0 Lorette depuis la Palestine<\/a><\/strong><br \/>\nLa Basilique de la Sainte Maison est depuis le Moyen \u00c2ge le c\u0153ur m\u00eame&#8230;<\/p>\n<\/div>\n<p>Mais d\u2019o\u00f9 nait ce culte particulier\u00a0? Nous avons vu que la Sainte Vierge est v\u00e9n\u00e9r\u00e9e dans des lieux divers avec de nombreuses appellations, les titres Mariaux, parfois d\u00e9riv\u00e9s d\u2019attributs dogmatiques, parfois li\u00e9s \u00e0 la d\u00e9votion populaire, aux images sacr\u00e9es ou aux apparitions de la Vierge \u00e0 des endroits sp\u00e9cifiques. De la m\u00eame mani\u00e8re, les Vierges Noires peuvent avoir d\u2019origines diff\u00e9rentes.<\/p>\n<p>Dans certains cas, le visage de la Vierge apparait sombre parce qu\u2019il a simplement \u00e9t\u00e9 <strong>noirci par la fum\u00e9e<\/strong> ou par les effets de l\u2019<strong>oxydation au niveau des couleurs originales<\/strong>. Dans d\u2019autres cas, surtout pour les cultes mariaux n\u00e9s en Afrique ou dans l\u2019Am\u00e9rique du Sud, comme celui de Notre-Dame de Guadalupe, la Vierge a \u00e9t\u00e9 repr\u00e9sent\u00e9e avec des <strong>traits somatiques proches de ceux des populations locales<\/strong>. Dans l\u2019art <strong>byzantin<\/strong>, et en particulier dans les ic\u00f4nes, l\u2019<strong>oxydation de la feuille d\u2019argent<\/strong>, utilis\u00e9e pour les visages de la Vierge et des Saints, transforme les pigments en les rendant sombres, voire noirs.<\/p>\n<div class=\"link-article\">\n<p><img loading=\"lazy\" decoding=\"async\" class=\"size-full wp-image-4974 alignleft\" src=\"https:\/\/blog.holyart.it\/fr\/wp-content\/uploads\/sites\/14\/2022\/07\/Vierge-de-Guadalupe.jpg\" alt=\"Vierge de Guadalupe\" width=\"150\" height=\"99\" data-kale-share-title=\"Vierges noires en Italie et dans le monde : origines et myst\u00e8res d\u2019un culte\" data-kale-share-url=\"https:\/\/blog.holyart.it\/fr\/?p=4972\" \/><\/p>\n<div class=\"leggi-anche\">Lire aussi :<\/div>\n<p><strong><a href=\"https:\/\/www.holyart.fr\/blog\/saints-et-bienheureux\/apparitions-de-vierge-de-guadalupe\/\">Les Apparitions de la Vierge de Guadalupe<\/a><\/strong><br \/>\nLes apparitions de Guadalupe indiquent les quatre apparitions\u00a0de la Vierge \u00e0 Juan Diego&#8230;<\/p>\n<\/div>\n<p>Ou encore, l\u2019<strong>assimilation de cultes pr\u00e9c\u00e9dents<\/strong>, comme celui de la D\u00e9esse M\u00e8re de la Terre, ou d\u2019Isis, a amen\u00e9 \u00e0 la \u00ab\u00a0conversion\u00a0\u00bb de statues qui repr\u00e9sentaient une divinit\u00e9 li\u00e9e \u00e0 la terre ou \u00e0 la nuit en des repr\u00e9sentations de Marie, sans toutefois changer leurs caract\u00e9ristiques d\u2019origine.<\/p>\n<p>Il arrivait \u00e9galement que des <strong>statues provenant d\u2019Orient<\/strong>, sculpt\u00e9e dans un bois fonc\u00e9 tout \u00e0 fait m\u00e9connu dans notre pays, nous arrivent par la mer. Elles commenc\u00e8rent \u00e0 arriver d\u00e9j\u00e0 \u00e0 l\u2019\u00e9poque des Croisades, comme butin de guerre, mais aussi pour les sauver des <strong>pers\u00e9cutions<\/strong> ou de la <strong>fureur iconoclaste<\/strong> qui s\u00e9vit \u00e0 plusieurs reprises dans ces terres. Pendant les Croisades, de nombreux ordres religieux, en particulier les carm\u00e9lites et les franciscains, et des ordres de chevalerie contribu\u00e8rent \u00e0 amener ces repr\u00e9sentations de Vierges Noires en Occident. Les <a href=\"https:\/\/www.holyart.fr\/blog\/articles-religieux\/symboles-templiers-histoire-et-signification-de-ces-symboles-anciens\/\"><strong>Templiers<\/strong><\/a> en particulier appr\u00e9ciaient le <em>Cantique des Cantiques<\/em>, dont Saint Bernard de Clairvaux, leur fondateur, avait \u00e9crit un commentaire. Ici on parlait de l\u2019\u00c9pouse <em>nigra sed formosa<\/em> (Ct 1,5), \u00ab\u00a0noire, mais belle\u00a0\u00bb, et cette d\u00e9finition commen\u00e7a vite \u00e0 d\u00e9finir \u00e9galement les Vierges Noires.<\/p>\n<h2>Les Vierges Noires les plus c\u00e9l\u00e8bres en Italie et dans le monde<\/h2>\n<p>Nous avons d\u00e9j\u00e0 cit\u00e9 <strong>Notre-Dame de Lorette<\/strong>, ou la Vierge Laur\u00e9tane. Mais pourquoi Notre-Dame de Lorette est-elle noire ? Cette d\u00e9votion remonte \u00e0 une statue du si\u00e8cle XVI, qui montrait le visage noirci par la fum\u00e9e des lampes \u00e0 huiles, outre que par l\u2019alt\u00e9ration des pigments d\u2019origine. Quand en 1921 un terrible incendie r\u00e9duit en cendre la statue originale, on d\u00e9cida d\u2019en faire une autre en en maintenant la couleur, et pour ce faire elle fut sculpt\u00e9e en bois de c\u00e8dre du Liban pris dans les Jardins du Vatican.<\/p>\n<div class=\"link-product\">\n<div class=\"blocco-immagine\"><img loading=\"lazy\" decoding=\"async\" class=\"size-full wp-image-4976 alignleft\" src=\"https:\/\/blog.holyart.it\/fr\/wp-content\/uploads\/sites\/14\/2022\/07\/Notre-Dame-de-Lorette-platre-statue-30-cm-peinte-main-Barsanti.jpg\" alt=\"Notre-Dame de Lorette platre statue 30 cm peinte main Barsanti\" width=\"100\" height=\"100\" data-kale-share-title=\"Vierges noires en Italie et dans le monde : origines et myst\u00e8res d\u2019un culte\" data-kale-share-url=\"https:\/\/blog.holyart.it\/fr\/?p=4972\" \/><\/div>\n<div class=\"blocco-contenuto\">\n<div class=\"blocco-acquista\">Acheter sur Holyart:<\/div>\n<div class=\"blocco-titolo\"><a href=\"https:\/\/www.holyart.fr\/articles-religieux\/statues\/statues-en-platre\/notre-dame-de-lorette-platre-statue-30-cm-peinte-main-barsanti\">Notre-Dame de Lorette pl\u00e2tre statue 30 cm peinte main Barsanti <\/a><\/div>\n<div class=\"blocco-descrizione\">Notre-Dame de Lorette pl\u00e2tre statue.<\/div>\n<\/div>\n<\/div>\n<p>Dans le <strong>Sanctuaire d\u2019Oropa<\/strong>, pr\u00e8s de Biella, on v\u00e9n\u00e8re, depuis la premi\u00e8re moiti\u00e9 du XIVe si\u00e8cle, la statue gotique de la Vierge Noire dont les origines se perdent dans les anciens cultes pr\u00e9chr\u00e9tiens des celtes. En effet, le sanctuaire surgit dans son enti\u00e8ret\u00e9 pr\u00e8s des <em>blocs erratiques<\/em>, qui dans l\u2019antiquit\u00e9 \u00e9taient des lieux de culte pa\u00efens li\u00e9s \u00e0 la f\u00e9condit\u00e9. La statue de la Vierge Noire ne montre pas de traces de vers ni d\u2019usure, et la poussi\u00e8re ne se pose jamais sur son visage.<\/p>\n<p>Dans le <strong>Sanctuaire de la Vierge Noire de Tyndaris<\/strong> on v\u00e9n\u00e8re une statue byzantine de la Vierge arriv\u00e9e par la mer pour \u00e9chapper \u00e0 la pers\u00e9cution iconoclaste en Orient. R\u00e9alis\u00e9e en c\u00e8dre du Liban, elle repr\u00e9sente la Vierge comme Bas\u00edllisa, \u00ab\u00a0Reine assise sur le tr\u00f4ne\u00a0\u00bb, assis sur un tr\u00f4ne qui reporte grav\u00e9e la citation du <em>Cantique des Cantiques<\/em> que nous avons d\u00e9j\u00e0 rapport\u00e9\u00a0: <em>Nigra Sum Sed Formosa<\/em>, \u00ab\u00a0Je suis noire mais belle\u00a0\u00bb.<\/p>\n<p>La <strong>Vierge Noire Czestochowa<\/strong>, ou Vierge Noire de Cz\u0119stochowa est une ic\u00f4ne m\u00e9di\u00e9vale byzantine qui repr\u00e9sente la Vierge \u00e0 l\u2019Enfant. Comme d\u2019autres images des Vierges Noires a \u00e9t\u00e9 attribu\u00e9e \u00e0 Saint Luc \u00c9vang\u00e9liste. Profan\u00e9e \u00e0 coups de hache au XV si\u00e8cles, elle est devenue un symbole de la r\u00e9sistance des Polonais aux invasions.<\/p>\n<p><strong>Notre-Dame de Candelaria<\/strong> est la Sainte Patronne des \u00eeles Canaries. Une statue miraculeuse fut retrouv\u00e9e en bord de mer en 1392 par deux p\u00eacheurs locaux qui, dans un premier temps, pens\u00e8rent qu\u2019elle repr\u00e9sentait un esprit malin en raison de la couleur noire de son visage, mais finirent par la v\u00e9n\u00e9rer par la suite.<\/p>\n<h2>Les trois Maries de la Mer<\/h2>\n<p>\u00c0 Saintes-Maries-De-La-Mer, en France, on v\u00e9n\u00e8re les <strong>trois Maries arriv\u00e9es de la mer<\/strong> de la Palestine, fuyant les pers\u00e9cutions apr\u00e8s la crucifixion de J\u00e9sus. Une d\u2019entre elles \u00e9tait Marie Madeleine, ou peut-\u00eatre Marie de B\u00e9thanie, s\u0153ur de Marthe et de Lazare, <a href=\"https:\/\/www.holyart.fr\/blog\/saints-et-bienheureux\/marthe-marie-et-lazare-les-amis-de-jesus\/\"><strong>amis de J\u00e9sus<\/strong><\/a>, tandis que les deux autres seraient Sainte Marie de Cl\u00e9ophas et Marie Salom\u00e9, deux des <u>femmes pieuses<\/u> qui furent les t\u00e9moins de la mort de Christ. La v\u00e9n\u00e9ration pour ces femmes se m\u00e9langea avec le folklore gitan, en y assimilant la figure de Sarah la noire, la Kali, une reine gitane qui commandait la tribu du delta du Rh\u00f4ne, qui pr\u00e9dit l\u2019arriv\u00e9e des Femmes pieuses et les sauva du naufrage de leur radeau. Sarah aussi a le visage noir et, avec le temps, elle prit la place de Marie Madeleine dans l\u2019imaginaire et dans la d\u00e9votion populaire.<\/p>\n","protected":false},"excerpt":{"rendered":"<p>Depuis des si\u00e8cles, les Vierges Noires constituent le c\u0153ur de nombreux cultes d\u00e9votionnels en Italie et ailleurs dans le monde. D\u00e9couvrons o\u00f9 est n\u00e9e cette vision particuli\u00e8re et apprenons \u00e0 conna\u00eetre les Vierges Noires d\u2019Italie. Si nous pensons \u00e0 la Vierge, si nous nous la&hellip;<\/p>\n","protected":false},"author":1,"featured_media":4973,"comment_status":"closed","ping_status":"open","sticky":false,"template":"","format":"standard","meta":{"_acf_changed":false,"footnotes":""},"categories":[8],"tags":[],"class_list":["post-4972","post","type-post","status-publish","format-standard","has-post-thumbnail","hentry","category-articles-religieux"],"acf":[],"yoast_head":"<!-- This site is optimized with the Yoast SEO plugin v26.6 - https:\/\/yoast.com\/wordpress\/plugins\/seo\/ -->\n<title>Vierges noires en Italie et dans le monde : origines et myst\u00e8res d\u2019un culte<\/title>\n<meta name=\"description\" content=\"Depuis des si\u00e8cles, les Vierges Noires constituent le c\u0153ur de nombreux cultes d\u00e9votionnels en Italie et ailleurs dans le monde.\" \/>\n<meta name=\"robots\" content=\"index, follow, max-snippet:-1, max-image-preview:large, max-video-preview:-1\" \/>\n<link rel=\"canonical\" href=\"https:\/\/blog.holyart.it\/fr\/articles-religieux\/vierges-noires-en-italie-et-dans-le-monde-origines-et-mysteres-dun-culte\/\" \/>\n<meta property=\"og:locale\" content=\"fr_FR\" \/>\n<meta property=\"og:type\" content=\"article\" \/>\n<meta property=\"og:title\" content=\"Vierges noires en Italie et dans le monde : origines et myst\u00e8res d\u2019un culte\" \/>\n<meta property=\"og:description\" content=\"Depuis des si\u00e8cles, les Vierges Noires constituent le c\u0153ur de nombreux cultes d\u00e9votionnels en Italie et ailleurs dans le monde.\" \/>\n<meta property=\"og:url\" content=\"https:\/\/blog.holyart.it\/fr\/articles-religieux\/vierges-noires-en-italie-et-dans-le-monde-origines-et-mysteres-dun-culte\/\" \/>\n<meta property=\"og:site_name\" content=\"Holyart.fr Blog\" \/>\n<meta property=\"article:published_time\" content=\"2022-08-03T10:30:19+00:00\" \/>\n<meta property=\"article:modified_time\" content=\"2026-01-30T09:24:24+00:00\" \/>\n<meta property=\"og:image\" content=\"https:\/\/blog.holyart.it\/fr\/wp-content\/uploads\/sites\/14\/2022\/07\/Vierges-noires.jpeg\" \/>\n\t<meta property=\"og:image:width\" content=\"1000\" \/>\n\t<meta property=\"og:image:height\" content=\"666\" \/>\n\t<meta property=\"og:image:type\" content=\"image\/jpeg\" \/>\n<meta name=\"author\" content=\"Redazione\" \/>\n<meta name=\"twitter:card\" content=\"summary_large_image\" \/>\n<meta name=\"twitter:label1\" content=\"\u00c9crit par\" \/>\n\t<meta name=\"twitter:data1\" content=\"Redazione\" \/>\n\t<meta name=\"twitter:label2\" content=\"Dur\u00e9e de lecture estim\u00e9e\" \/>\n\t<meta name=\"twitter:data2\" content=\"7 minutes\" \/>\n<script type=\"application\/ld+json\" class=\"yoast-schema-graph\">{\"@context\":\"https:\/\/schema.org\",\"@graph\":[{\"@type\":\"Article\",\"@id\":\"https:\/\/blog.holyart.it\/fr\/articles-religieux\/vierges-noires-en-italie-et-dans-le-monde-origines-et-mysteres-dun-culte\/#article\",\"isPartOf\":{\"@id\":\"https:\/\/blog.holyart.it\/fr\/articles-religieux\/vierges-noires-en-italie-et-dans-le-monde-origines-et-mysteres-dun-culte\/\"},\"author\":{\"name\":\"Redazione\",\"@id\":\"https:\/\/blog.holyart.it\/fr\/#\/schema\/person\/0a7b686e5af0f856ec1e390dd0baecda\"},\"headline\":\"Vierges noires en Italie et dans le monde : origines et myst\u00e8res d\u2019un culte\",\"datePublished\":\"2022-08-03T10:30:19+00:00\",\"dateModified\":\"2026-01-30T09:24:24+00:00\",\"mainEntityOfPage\":{\"@id\":\"https:\/\/blog.holyart.it\/fr\/articles-religieux\/vierges-noires-en-italie-et-dans-le-monde-origines-et-mysteres-dun-culte\/\"},\"wordCount\":1311,\"publisher\":{\"@id\":\"https:\/\/blog.holyart.it\/fr\/#organization\"},\"image\":{\"@id\":\"https:\/\/blog.holyart.it\/fr\/articles-religieux\/vierges-noires-en-italie-et-dans-le-monde-origines-et-mysteres-dun-culte\/#primaryimage\"},\"thumbnailUrl\":\"https:\/\/blog.holyart.it\/fr\/wp-content\/uploads\/sites\/14\/2022\/07\/Vierges-noires.jpeg\",\"articleSection\":[\"Religion\"],\"inLanguage\":\"fr-FR\"},{\"@type\":\"WebPage\",\"@id\":\"https:\/\/blog.holyart.it\/fr\/articles-religieux\/vierges-noires-en-italie-et-dans-le-monde-origines-et-mysteres-dun-culte\/\",\"url\":\"https:\/\/blog.holyart.it\/fr\/articles-religieux\/vierges-noires-en-italie-et-dans-le-monde-origines-et-mysteres-dun-culte\/\",\"name\":\"Vierges noires en Italie et dans le monde : origines et myst\u00e8res d\u2019un culte\",\"isPartOf\":{\"@id\":\"https:\/\/blog.holyart.it\/fr\/#website\"},\"primaryImageOfPage\":{\"@id\":\"https:\/\/blog.holyart.it\/fr\/articles-religieux\/vierges-noires-en-italie-et-dans-le-monde-origines-et-mysteres-dun-culte\/#primaryimage\"},\"image\":{\"@id\":\"https:\/\/blog.holyart.it\/fr\/articles-religieux\/vierges-noires-en-italie-et-dans-le-monde-origines-et-mysteres-dun-culte\/#primaryimage\"},\"thumbnailUrl\":\"https:\/\/blog.holyart.it\/fr\/wp-content\/uploads\/sites\/14\/2022\/07\/Vierges-noires.jpeg\",\"datePublished\":\"2022-08-03T10:30:19+00:00\",\"dateModified\":\"2026-01-30T09:24:24+00:00\",\"description\":\"Depuis des si\u00e8cles, les Vierges Noires constituent le c\u0153ur de nombreux cultes d\u00e9votionnels en Italie et ailleurs dans le monde.\",\"breadcrumb\":{\"@id\":\"https:\/\/blog.holyart.it\/fr\/articles-religieux\/vierges-noires-en-italie-et-dans-le-monde-origines-et-mysteres-dun-culte\/#breadcrumb\"},\"inLanguage\":\"fr-FR\",\"potentialAction\":[{\"@type\":\"ReadAction\",\"target\":[\"https:\/\/blog.holyart.it\/fr\/articles-religieux\/vierges-noires-en-italie-et-dans-le-monde-origines-et-mysteres-dun-culte\/\"]}]},{\"@type\":\"ImageObject\",\"inLanguage\":\"fr-FR\",\"@id\":\"https:\/\/blog.holyart.it\/fr\/articles-religieux\/vierges-noires-en-italie-et-dans-le-monde-origines-et-mysteres-dun-culte\/#primaryimage\",\"url\":\"https:\/\/blog.holyart.it\/fr\/wp-content\/uploads\/sites\/14\/2022\/07\/Vierges-noires.jpeg\",\"contentUrl\":\"https:\/\/blog.holyart.it\/fr\/wp-content\/uploads\/sites\/14\/2022\/07\/Vierges-noires.jpeg\",\"width\":1000,\"height\":666,\"caption\":\"Vierges noires\"},{\"@type\":\"BreadcrumbList\",\"@id\":\"https:\/\/blog.holyart.it\/fr\/articles-religieux\/vierges-noires-en-italie-et-dans-le-monde-origines-et-mysteres-dun-culte\/#breadcrumb\",\"itemListElement\":[{\"@type\":\"ListItem\",\"position\":1,\"name\":\"Homepage\",\"item\":\"https:\/\/blog.holyart.it\/fr\/\"},{\"@type\":\"ListItem\",\"position\":2,\"name\":\"Religion\",\"item\":\"https:\/\/blog.holyart.it\/fr\/articles-religieux\/\"},{\"@type\":\"ListItem\",\"position\":3,\"name\":\"Vierges noires en Italie et dans le monde : origines et myst\u00e8res d\u2019un culte\"}]},{\"@type\":\"WebSite\",\"@id\":\"https:\/\/blog.holyart.it\/fr\/#website\",\"url\":\"https:\/\/blog.holyart.it\/fr\/\",\"name\":\"Holyart.fr Blog\",\"description\":\"Holyblog\",\"publisher\":{\"@id\":\"https:\/\/blog.holyart.it\/fr\/#organization\"},\"potentialAction\":[{\"@type\":\"SearchAction\",\"target\":{\"@type\":\"EntryPoint\",\"urlTemplate\":\"https:\/\/blog.holyart.it\/fr\/?s={search_term_string}\"},\"query-input\":{\"@type\":\"PropertyValueSpecification\",\"valueRequired\":true,\"valueName\":\"search_term_string\"}}],\"inLanguage\":\"fr-FR\"},{\"@type\":\"Organization\",\"@id\":\"https:\/\/blog.holyart.it\/fr\/#organization\",\"name\":\"Holyart.fr Blog\",\"url\":\"https:\/\/blog.holyart.it\/fr\/\",\"logo\":{\"@type\":\"ImageObject\",\"inLanguage\":\"fr-FR\",\"@id\":\"https:\/\/blog.holyart.it\/fr\/#\/schema\/logo\/image\/\",\"url\":\"https:\/\/blog.holyart.it\/fr\/wp-content\/uploads\/sites\/14\/2022\/12\/Holyart_Blog_Logo.jpg\",\"contentUrl\":\"https:\/\/blog.holyart.it\/fr\/wp-content\/uploads\/sites\/14\/2022\/12\/Holyart_Blog_Logo.jpg\",\"width\":300,\"height\":50,\"caption\":\"Holyart.fr Blog\"},\"image\":{\"@id\":\"https:\/\/blog.holyart.it\/fr\/#\/schema\/logo\/image\/\"}},{\"@type\":\"Person\",\"@id\":\"https:\/\/blog.holyart.it\/fr\/#\/schema\/person\/0a7b686e5af0f856ec1e390dd0baecda\",\"name\":\"Redazione\",\"image\":{\"@type\":\"ImageObject\",\"inLanguage\":\"fr-FR\",\"@id\":\"https:\/\/blog.holyart.it\/fr\/#\/schema\/person\/image\/\",\"url\":\"https:\/\/secure.gravatar.com\/avatar\/f477da817f43e50d0af36abecd33e3edf826c68299714bdc1057dff3b113f516?s=96&d=mm&r=g\",\"contentUrl\":\"https:\/\/secure.gravatar.com\/avatar\/f477da817f43e50d0af36abecd33e3edf826c68299714bdc1057dff3b113f516?s=96&d=mm&r=g\",\"caption\":\"Redazione\"},\"url\":\"https:\/\/blog.holyart.it\/fr\/author\/admin\/\"}]}<\/script>\n<!-- \/ Yoast SEO plugin. -->","yoast_head_json":{"title":"Vierges noires en Italie et dans le monde : origines et myst\u00e8res d\u2019un culte","description":"Depuis des si\u00e8cles, les Vierges Noires constituent le c\u0153ur de nombreux cultes d\u00e9votionnels en Italie et ailleurs dans le monde.","robots":{"index":"index","follow":"follow","max-snippet":"max-snippet:-1","max-image-preview":"max-image-preview:large","max-video-preview":"max-video-preview:-1"},"canonical":"https:\/\/blog.holyart.it\/fr\/articles-religieux\/vierges-noires-en-italie-et-dans-le-monde-origines-et-mysteres-dun-culte\/","og_locale":"fr_FR","og_type":"article","og_title":"Vierges noires en Italie et dans le monde : origines et myst\u00e8res d\u2019un culte","og_description":"Depuis des si\u00e8cles, les Vierges Noires constituent le c\u0153ur de nombreux cultes d\u00e9votionnels en Italie et ailleurs dans le monde.","og_url":"https:\/\/blog.holyart.it\/fr\/articles-religieux\/vierges-noires-en-italie-et-dans-le-monde-origines-et-mysteres-dun-culte\/","og_site_name":"Holyart.fr Blog","article_published_time":"2022-08-03T10:30:19+00:00","article_modified_time":"2026-01-30T09:24:24+00:00","og_image":[{"width":1000,"height":666,"url":"https:\/\/blog.holyart.it\/fr\/wp-content\/uploads\/sites\/14\/2022\/07\/Vierges-noires.jpeg","type":"image\/jpeg"}],"author":"Redazione","twitter_card":"summary_large_image","twitter_misc":{"\u00c9crit par":"Redazione","Dur\u00e9e de lecture estim\u00e9e":"7 minutes"},"schema":{"@context":"https:\/\/schema.org","@graph":[{"@type":"Article","@id":"https:\/\/blog.holyart.it\/fr\/articles-religieux\/vierges-noires-en-italie-et-dans-le-monde-origines-et-mysteres-dun-culte\/#article","isPartOf":{"@id":"https:\/\/blog.holyart.it\/fr\/articles-religieux\/vierges-noires-en-italie-et-dans-le-monde-origines-et-mysteres-dun-culte\/"},"author":{"name":"Redazione","@id":"https:\/\/blog.holyart.it\/fr\/#\/schema\/person\/0a7b686e5af0f856ec1e390dd0baecda"},"headline":"Vierges noires en Italie et dans le monde : origines et myst\u00e8res d\u2019un culte","datePublished":"2022-08-03T10:30:19+00:00","dateModified":"2026-01-30T09:24:24+00:00","mainEntityOfPage":{"@id":"https:\/\/blog.holyart.it\/fr\/articles-religieux\/vierges-noires-en-italie-et-dans-le-monde-origines-et-mysteres-dun-culte\/"},"wordCount":1311,"publisher":{"@id":"https:\/\/blog.holyart.it\/fr\/#organization"},"image":{"@id":"https:\/\/blog.holyart.it\/fr\/articles-religieux\/vierges-noires-en-italie-et-dans-le-monde-origines-et-mysteres-dun-culte\/#primaryimage"},"thumbnailUrl":"https:\/\/blog.holyart.it\/fr\/wp-content\/uploads\/sites\/14\/2022\/07\/Vierges-noires.jpeg","articleSection":["Religion"],"inLanguage":"fr-FR"},{"@type":"WebPage","@id":"https:\/\/blog.holyart.it\/fr\/articles-religieux\/vierges-noires-en-italie-et-dans-le-monde-origines-et-mysteres-dun-culte\/","url":"https:\/\/blog.holyart.it\/fr\/articles-religieux\/vierges-noires-en-italie-et-dans-le-monde-origines-et-mysteres-dun-culte\/","name":"Vierges noires en Italie et dans le monde : origines et myst\u00e8res d\u2019un culte","isPartOf":{"@id":"https:\/\/blog.holyart.it\/fr\/#website"},"primaryImageOfPage":{"@id":"https:\/\/blog.holyart.it\/fr\/articles-religieux\/vierges-noires-en-italie-et-dans-le-monde-origines-et-mysteres-dun-culte\/#primaryimage"},"image":{"@id":"https:\/\/blog.holyart.it\/fr\/articles-religieux\/vierges-noires-en-italie-et-dans-le-monde-origines-et-mysteres-dun-culte\/#primaryimage"},"thumbnailUrl":"https:\/\/blog.holyart.it\/fr\/wp-content\/uploads\/sites\/14\/2022\/07\/Vierges-noires.jpeg","datePublished":"2022-08-03T10:30:19+00:00","dateModified":"2026-01-30T09:24:24+00:00","description":"Depuis des si\u00e8cles, les Vierges Noires constituent le c\u0153ur de nombreux cultes d\u00e9votionnels en Italie et ailleurs dans le monde.","breadcrumb":{"@id":"https:\/\/blog.holyart.it\/fr\/articles-religieux\/vierges-noires-en-italie-et-dans-le-monde-origines-et-mysteres-dun-culte\/#breadcrumb"},"inLanguage":"fr-FR","potentialAction":[{"@type":"ReadAction","target":["https:\/\/blog.holyart.it\/fr\/articles-religieux\/vierges-noires-en-italie-et-dans-le-monde-origines-et-mysteres-dun-culte\/"]}]},{"@type":"ImageObject","inLanguage":"fr-FR","@id":"https:\/\/blog.holyart.it\/fr\/articles-religieux\/vierges-noires-en-italie-et-dans-le-monde-origines-et-mysteres-dun-culte\/#primaryimage","url":"https:\/\/blog.holyart.it\/fr\/wp-content\/uploads\/sites\/14\/2022\/07\/Vierges-noires.jpeg","contentUrl":"https:\/\/blog.holyart.it\/fr\/wp-content\/uploads\/sites\/14\/2022\/07\/Vierges-noires.jpeg","width":1000,"height":666,"caption":"Vierges noires"},{"@type":"BreadcrumbList","@id":"https:\/\/blog.holyart.it\/fr\/articles-religieux\/vierges-noires-en-italie-et-dans-le-monde-origines-et-mysteres-dun-culte\/#breadcrumb","itemListElement":[{"@type":"ListItem","position":1,"name":"Homepage","item":"https:\/\/blog.holyart.it\/fr\/"},{"@type":"ListItem","position":2,"name":"Religion","item":"https:\/\/blog.holyart.it\/fr\/articles-religieux\/"},{"@type":"ListItem","position":3,"name":"Vierges noires en Italie et dans le monde : origines et myst\u00e8res d\u2019un culte"}]},{"@type":"WebSite","@id":"https:\/\/blog.holyart.it\/fr\/#website","url":"https:\/\/blog.holyart.it\/fr\/","name":"Holyart.fr Blog","description":"Holyblog","publisher":{"@id":"https:\/\/blog.holyart.it\/fr\/#organization"},"potentialAction":[{"@type":"SearchAction","target":{"@type":"EntryPoint","urlTemplate":"https:\/\/blog.holyart.it\/fr\/?s={search_term_string}"},"query-input":{"@type":"PropertyValueSpecification","valueRequired":true,"valueName":"search_term_string"}}],"inLanguage":"fr-FR"},{"@type":"Organization","@id":"https:\/\/blog.holyart.it\/fr\/#organization","name":"Holyart.fr Blog","url":"https:\/\/blog.holyart.it\/fr\/","logo":{"@type":"ImageObject","inLanguage":"fr-FR","@id":"https:\/\/blog.holyart.it\/fr\/#\/schema\/logo\/image\/","url":"https:\/\/blog.holyart.it\/fr\/wp-content\/uploads\/sites\/14\/2022\/12\/Holyart_Blog_Logo.jpg","contentUrl":"https:\/\/blog.holyart.it\/fr\/wp-content\/uploads\/sites\/14\/2022\/12\/Holyart_Blog_Logo.jpg","width":300,"height":50,"caption":"Holyart.fr Blog"},"image":{"@id":"https:\/\/blog.holyart.it\/fr\/#\/schema\/logo\/image\/"}},{"@type":"Person","@id":"https:\/\/blog.holyart.it\/fr\/#\/schema\/person\/0a7b686e5af0f856ec1e390dd0baecda","name":"Redazione","image":{"@type":"ImageObject","inLanguage":"fr-FR","@id":"https:\/\/blog.holyart.it\/fr\/#\/schema\/person\/image\/","url":"https:\/\/secure.gravatar.com\/avatar\/f477da817f43e50d0af36abecd33e3edf826c68299714bdc1057dff3b113f516?s=96&d=mm&r=g","contentUrl":"https:\/\/secure.gravatar.com\/avatar\/f477da817f43e50d0af36abecd33e3edf826c68299714bdc1057dff3b113f516?s=96&d=mm&r=g","caption":"Redazione"},"url":"https:\/\/blog.holyart.it\/fr\/author\/admin\/"}]}},"_links":{"self":[{"href":"https:\/\/blog.holyart.it\/fr\/wp-json\/wp\/v2\/posts\/4972","targetHints":{"allow":["GET"]}}],"collection":[{"href":"https:\/\/blog.holyart.it\/fr\/wp-json\/wp\/v2\/posts"}],"about":[{"href":"https:\/\/blog.holyart.it\/fr\/wp-json\/wp\/v2\/types\/post"}],"author":[{"embeddable":true,"href":"https:\/\/blog.holyart.it\/fr\/wp-json\/wp\/v2\/users\/1"}],"replies":[{"embeddable":true,"href":"https:\/\/blog.holyart.it\/fr\/wp-json\/wp\/v2\/comments?post=4972"}],"version-history":[{"count":1,"href":"https:\/\/blog.holyart.it\/fr\/wp-json\/wp\/v2\/posts\/4972\/revisions"}],"predecessor-version":[{"id":8222,"href":"https:\/\/blog.holyart.it\/fr\/wp-json\/wp\/v2\/posts\/4972\/revisions\/8222"}],"wp:featuredmedia":[{"embeddable":true,"href":"https:\/\/blog.holyart.it\/fr\/wp-json\/wp\/v2\/media\/4973"}],"wp:attachment":[{"href":"https:\/\/blog.holyart.it\/fr\/wp-json\/wp\/v2\/media?parent=4972"}],"wp:term":[{"taxonomy":"category","embeddable":true,"href":"https:\/\/blog.holyart.it\/fr\/wp-json\/wp\/v2\/categories?post=4972"},{"taxonomy":"post_tag","embeddable":true,"href":"https:\/\/blog.holyart.it\/fr\/wp-json\/wp\/v2\/tags?post=4972"}],"curies":[{"name":"wp","href":"https:\/\/api.w.org\/{rel}","templated":true}]}}