{"id":4944,"date":"2022-07-27T12:30:05","date_gmt":"2022-07-27T10:30:05","guid":{"rendered":"https:\/\/blog.holyart.it\/fr\/?p=4944"},"modified":"2023-07-26T11:18:35","modified_gmt":"2023-07-26T09:18:35","slug":"journee-internationale-de-lamitie","status":"publish","type":"post","link":"https:\/\/blog.holyart.it\/fr\/articles-religieux\/journee-internationale-de-lamitie\/","title":{"rendered":"Journ\u00e9e Internationale de l\u2019Amiti\u00e9"},"content":{"rendered":"<h4><em>Le 30 juillet c\u2019est la Journ\u00e9e Internationale de l\u2019Amiti\u00e9, une f\u00eate n\u00e9e pour c\u00e9l\u00e9brer un des aspects les plus merveilleux de la cohabitation entre humains.<\/em><\/h4>\n\n<p>\u00c0 l\u2019occasion de la <strong>Journ\u00e9e Internationale de l\u2019Amiti\u00e9<\/strong> nous avons voulu v\u00e9rifier quelle \u00e9tait la d\u00e9finition exacte de cette forme d\u2019int\u00e9raction qui caract\u00e9rise l\u2019histoire de l\u2019humanit\u00e9 depuis ses origines.<\/p>\n<p>Le dictionnaire fournit une description plut\u00f4t concise et aust\u00e8re, qui ne rend absolument pas justice \u00e0 la gamme infinie de sentiments et d\u2019\u00e9motions qui caract\u00e9rise ce lien :<\/p>\n<p><strong><em>AMITI\u00c9 :<\/em><\/strong><em> Affection reciproque, constante et active, entre deux personnes, n\u00e9e d\u2019un choix qui tient en compte de la conformit\u00e9 des souhaits ou des caract\u00e8res et d\u2019une coutume prolong\u00e9e<\/em><\/p>\n<p>La d\u00e9finition n\u2019est pas erron\u00e9e, puisqu\u2019il est vrai que l\u2019amiti\u00e9 pr\u00e9voit <strong>affection r\u00e9ciproque et durable<\/strong>, unie \u00e0 la <strong>volont\u00e9 d\u2019aider le prochain<\/strong> avec paroles et actions.<br \/>\nQuant \u00e0 la <strong><em>conformit\u00e9 des souhaits et des caract\u00e8res<\/em><\/strong>, la myst\u00e9rieuse alchimie qui fait d\u00e9clencher un lien entre deux personnes ne d\u00e9pend pas uniquement de la ressemblance ou de la communion de go\u00fbt et pens\u00e9es. Ainsi comme dans les relations amoureuses, souvent c\u2019est une sorte de <strong>d\u00e9sir de compl\u00e9mentarit\u00e9<\/strong> qui intervient, comme si nous recherchions dans notre ami quelqu\u2019un capable de nous compl\u00e9ter, de s\u2019imbriquer avec nous avec toutes ses diff\u00e9rences et pas seulement avec les ressemblances.<\/p>\n<p>\u00ab\u00a0<em>Personne ne choisirait de vivre sans amis, e\u00fbt-il tous les autres biens\u00a0<\/em>\u00bb.<br \/>\nAinsi \u00e9crivait <strong>Aristote<\/strong> au IVe si\u00e8cle av. J.-C. Le m\u00eame c\u00e9l\u00e8bre philosophe qui d\u00e9finit <strong>l\u2019homme un animal social<\/strong>, qui dans l\u2019amiti\u00e9 trouve justement la forme la plus satisfaisante et la plus compl\u00e8te de cohabitation.<br \/>\nCertes, Aristote ne pouvait savoir que le <strong>cerveau humain<\/strong> a vraiment besoin de l\u2019<strong>interaction sociale<\/strong> pour se d\u00e9velopper, jouir de bonne sant\u00e9 et surtout se maintenir alerte et actif. Des \u00e9tudes r\u00e9centes de prestigieuses universit\u00e9s ont d\u00e9montr\u00e9 sans l\u2019ombre d\u2019un doute que l\u2019amiti\u00e9 est un \u00e9l\u00e9ment indispensable pour <strong>une bonne qualit\u00e9 de<\/strong> vie, non moins que la sant\u00e9 ou le travail.<br \/>\nToujours Aristote catalogua <strong>trois types d\u2019amiti\u00e9<\/strong> possibles entre les \u00eatres humains, dont une seulement m\u00e9rite d\u2019\u00eatre consid\u00e9r\u00e9e comme effectivement valable. Il s\u2019agit de l\u2019amiti\u00e9 id\u00e9ale, celle qui <strong>fait abstraction de l\u2019utilit\u00e9 <\/strong>dont un homme peut profiter par le biais d\u2019un autre homme, celle qui va <strong>au-del\u00e0 de l\u2019insouciance de la jeunesse<\/strong> et du partage du plaisir et des moments heureux, mais qui r\u00e9siste m\u00eame contre les adversit\u00e9s et les douleurs de la vie. C\u2019est celle-ci l\u2019amiti\u00e9 la plus solide, durable et authentique, celle qui nait de l\u2019<strong>amour authentique et de l\u2019appr\u00e9ciation de l\u2019autre pour comme il est fait intimement.<\/strong><\/p>\n<div class=\"link-product\">\n<div class=\"blocco-immagine\"><img loading=\"lazy\" decoding=\"async\" class=\"alignnone size-full wp-image-4948\" src=\"https:\/\/blog.holyart.it\/fr\/wp-content\/uploads\/sites\/14\/2022\/07\/Bracelet-corde-noire-Croix-de-Amitie-argent-800-1.jpg\" alt=\"Bracelet corde noire Croix de Amitie argent 800\" width=\"100\" height=\"100\" data-kale-share-title=\"Journ\u00e9e Internationale de l\u2019Amiti\u00e9\" data-kale-share-url=\"https:\/\/blog.holyart.it\/fr\/?p=4944\" \/><\/div>\n<div class=\"blocco-contenuto\">\n<div class=\"blocco-acquista\">Acheter sur Holyart:<\/div>\n<div class=\"blocco-titolo\"><a href=\"https:\/\/www.holyart.fr\/articles-religieux\/bracelets-religieux\/bracelets-en-argent\/bracelet-corde-noire-croix-de-lamitie-argent-800\">Bracelet corde noire Croix de l&rsquo;Amiti\u00e9 argent 800 <\/a><\/div>\n<div class=\"blocco-descrizione\">Bracelet corde noire Croix de l&rsquo;Amiti\u00e9 argent 800.<\/div>\n<\/div>\n<\/div>\n<p>Encore une fois nous trouvons une forte ressemblance entre l\u2019amiti\u00e9 et le rapport amoureux. Du reste, le po\u00e8te anglais <strong>Lord Byron<\/strong> dit\u00a0: \u00ab\u00a0<em>L\u2019amiti\u00e9 est l\u2019Amour sans ailes<\/em>\u00a0\u00bb. Et il s\u2019y connaissait plut\u00f4t bien en amour !<\/p>\n<p>Pour le grand <strong>Cic\u00e9ron<\/strong> l\u2019amiti\u00e9 est une partie tr\u00e8s importante de la <strong>grande harmonie qui relie toutes les choses humaines et divines<\/strong>. Les \u00eatres humains naissent pour faire partie de cette harmonie, et l\u2019amiti\u00e9 est l\u2019une des mani\u00e8res qu\u2019ils ont pour y participer.<br \/>\nPour Cic\u00e9ron, les amis sont \u00e0 rechercher pour leur <strong>vertu<\/strong>, puisque seul celui qui est dot\u00e9 de vertu m\u00e9rite d\u2019\u00eatre pris en consid\u00e9ration en tant qu\u2019ami. Gare \u00e0 ceux qui recherchent des amis pour <strong>s\u2019attarder ensemble dans les vices<\/strong>, et gare aussi \u00e0 ceux qui justifient les erreurs des amis, le manque de vertu.<br \/>\nDe plus, <strong>la sinc\u00e9rit\u00e9 est le pilier fondamental de l\u2019amiti\u00e9<\/strong> pour Cic\u00e9ron. Mieux vaut ha\u00efr quelqu\u2019un ouvertement que de faire semblant d\u2019en \u00eatre ami.<\/p>\n<p>En revenant \u00e0 la <strong>Journ\u00e9e Internationale de l\u2019Amiti\u00e9<\/strong>, elle a \u00e9t\u00e9 proclam\u00e9e par l\u2019<strong>Assembl\u00e9e G\u00e9n\u00e9rale des Nations Unies <\/strong>en 2011. L\u2019id\u00e9e est qu\u2019\u00e0 la base du vivre civil, \u00e0 la base de la paix et de la coop\u00e9ration entre civilisations, pays, cultures et individus il faut qu\u2019il y ait ce lien, ce sentiment si pr\u00e9cieux et important qui a \u00e9t\u00e9 \u00e0 la base de d\u00e9bats mill\u00e9naires entre philosophes et penseurs, chant\u00e9 par les po\u00e8tes et c\u00e9l\u00e9br\u00e9 par les artistes.<\/p>\n<p>Dans l\u2019\u00e8re des <strong>R\u00e9seaux Sociaux<\/strong>, dans lesquels le terme \u00ab\u00a0ami\u00a0\u00bb est galvaud\u00e9, utilis\u00e9 \u00e0 tort et \u00e0 travers de toute mani\u00e8re possible, il est d\u2019une importance vitale de rappeler <strong>le v\u00e9ritable et profond sens de l\u2019amiti\u00e9<\/strong>, surtout aux plus jeunes, qui devront construire le monde de demain. Et c\u2019est donc \u00e0 eux que s\u2019adressent principalement les nombreux \u00e9v\u00e9nements et initiatives organis\u00e9s dans le monde entier \u00e0 l\u2019occasion de cette journ\u00e9e sp\u00e9ciale, qui devient \u00e9galement une occasion pour promouvoir la <strong>solidarit\u00e9<\/strong>, la <strong>mis\u00e9ricorde<\/strong> et les <strong>id\u00e9aux<\/strong> <strong>de<\/strong> <strong>civilit\u00e9<\/strong> trop souvent oubli\u00e9s dans le monde actuel.<br \/>\n<strong>Pape Fran\u00e7ois, toujours prodigue de belles phrases sur chaque aspect de la vie des chr\u00e9tiens, jeunes ou moins, a dit : \u00ab\u00a0<em>L\u2019amiti\u00e9 est parmi les plus grands dons qu\u2019une personne, qu\u2019un jeune, puisse recevoir et puisse offrir<\/em>\u00a0\u00bb.<\/strong><\/p>\n<h2>Histoires d\u2019amiti\u00e9 entre saints<\/h2>\n<p>Nous avons d\u00e9j\u00e0 parl\u00e9 de la vision de l\u2019amiti\u00e9 d\u2019Aristote, de Cic\u00e9ron et de Lord Byron. Mais dans le contexte de l\u2019\u00c9glise catholique aussi nous trouvons de profondes r\u00e9flexions sur l\u2019amiti\u00e9 et m\u00eame de merveilleux exemples de ce sentiment entre des grands personnages du pass\u00e9. En fait, nous pouvons dire que toute l\u2019histoire du catholicisme est bas\u00e9e sur l\u2019amiti\u00e9 qui a li\u00e9 hommes et femmes.<\/p>\n<p>Du reste, d\u00e9j\u00e0 dans l\u2019Ancien Testament nous lisons le c\u00e9l\u00e8bre dicton Qui trouve un ami trouve un tr\u00e9sor, qui d\u00e9rive de la citation \u00ab\u00a0<em>Un ami fid\u00e8le est une protection puissante ; celui qui le trouve a trouv\u00e9 un tr\u00e9sor\u00a0\u00bb <\/em>(Siracide 6 :14). Toujours dans Siracide nous lisons \u00e9galement qu\u2019\u00ab\u00a0<em>Un ami fid\u00e8le est un baume de vie<\/em>\u00a0\u00bb (Siracide 6 :16) et qu\u2019\u00ab\u00a0<em>Un ami fid\u00e8le n\u2019a pas de prix, on ne saurait en estimer la valeur\u00a0<\/em>\u00bb (Siracide 6 :15).<\/p>\n<p>Et si un doute concernant l\u2019importance de l\u2019amiti\u00e9 que Dieu encourage entre les \u00eatre humains pouvait encore persister, <strong>J\u00e9sus<\/strong> affirma que\u00a0: \u00ab\u00a0<em>Il n\u2019y a pas de plus grand amour que de donner sa vie pour ses amis\u00a0<\/em>\u00bb (Jean 15\u00a0:13).<\/p>\n<p>\u00c0 l\u2019occasion de la <strong>Journ\u00e9e Internationale de l\u2019Amiti\u00e9<\/strong> nous avons voulu rappeler quelques-unes des <strong>grandes histoires d\u2019amiti\u00e9 entre P\u00e8res de l\u2019\u00c9glise et saints<\/strong>. Des rapports typiquement humains, mais face auxquels on ne peut s\u2019emp\u00eacher de penser \u00e0 la <strong>volont\u00e9 de Dieu de faire rencontre des \u00e2mes belles et pr\u00e9cieuses<\/strong>, qui pouvaient b\u00e9n\u00e9ficier, gr\u00e2ce au partage de pens\u00e9es et d\u2019\u00e9motions, d\u2019un plaisir r\u00e9ciproque et d\u2019un amour sup\u00e9rieur qui n\u2019est qu\u2019une autre forme de glorification de Son nom.<\/p>\n<h3>Sainte Claire et Saint Fran\u00e7ois d\u2019Assise<\/h3>\n<p>Certainement b\u00e9nite et inspir\u00e9e par Dieu est l\u2019amiti\u00e9 tendre et profonde qui naquit entre <strong>Saint Fran\u00e7ois et <a href=\"https:\/\/www.holyart.fr\/articles-religieux\/statues\/statues-en-resine-et-pvc\/sainte-claire-12-cm-pvc-priere-multilingue\">Sainte Claire<\/a><\/strong> d\u2019Assise.<\/p>\n<div class=\"link-product\">\n<div class=\"blocco-immagine\"><img loading=\"lazy\" decoding=\"async\" class=\"alignnone size-full wp-image-4949\" src=\"https:\/\/blog.holyart.it\/fr\/wp-content\/uploads\/sites\/14\/2022\/07\/Sainte-Claire.jpg\" alt=\"Sainte Claire\" width=\"100\" height=\"100\" data-kale-share-title=\"Journ\u00e9e Internationale de l\u2019Amiti\u00e9\" data-kale-share-url=\"https:\/\/blog.holyart.it\/fr\/?p=4944\" \/><\/div>\n<div class=\"blocco-contenuto\">\n<div class=\"blocco-acquista\">Acheter sur Holyart:<\/div>\n<div class=\"blocco-titolo\"><a href=\"https:\/\/www.holyart.fr\/articles-religieux\/statues\/statues-en-resine-et-pvc\/sainte-claire-12-cm-pvc-priere-multilingue\">Sainte Claire <\/a><\/div>\n<div class=\"blocco-descrizione\">Sainte Claire 12 cm pvc PRI\u00c8RE MULTILINGUE.<\/div>\n<\/div>\n<\/div>\n<p>Ce qui lia ces deux jeunes, unis par un amour fraternel immense, fut la <strong>volont\u00e9 de plaire \u00e0 Dieu<\/strong>. Quand on parle de l\u2019amiti\u00e9 entre homme et femme il est toujours facile d\u2019encourir dans le doute qu\u2019elle puisse d\u00e9passer ce stade \u00e0 la faveur d\u2019un sentiment diff\u00e9rent. Consid\u00e9rant qu\u2019il n\u2019y a rien qui emp\u00eache deux individus li\u00e9s par un rapport conjugal d\u2019\u00eatre \u00e9galement encore amis, dans le cas de Saint Fran\u00e7ois d\u2019Assise et de Sainte Claire nous pouvons parler plut\u00f4t d\u2019une <strong>affinit\u00e9 \u00e9lective<\/strong> dans le sens que Johann Wolfgang von Goethe donna \u00e0 ce terme dans son roman homonyme. Pour le grand \u00e9crivain et po\u00e8te allemand, tandis que l\u2019amour est une illusion enclench\u00e9e par l\u2019esprit afin de cr\u00e9er des rapports et des relations, l\u2019affinit\u00e9 \u00e9lective nait de la <strong>rencontre exceptionnelle<\/strong> entre deux sujets qui se trouvent imm\u00e9diatement en <strong>totale syntonie<\/strong>, comme deux notes qui <strong>vibrent \u00e0 l\u2019unisson<\/strong>, dans une m\u00e9lodie qui nait et meurt avec eux, unique, parfaite, inimitable.<\/p>\n<p>Ainsi fut l\u2019amiti\u00e9 entre Fran\u00e7ois et Claire, <strong>une amiti\u00e9 spirituelle<\/strong>, comparable \u00e0 celle qui unit probablement les saints au paradis, les \u00e2mes bienheureuses, libre de raisons car all\u00e9g\u00e9e de tout poids inflig\u00e9 par la chair.<\/p>\n<p>Claire trouva en Fran\u00e7ois un <strong>ma\u00eetre dans la foi<\/strong>, un exemple dont s\u2019inspirer, quand elle d\u00e9cide de laisser sa vie ais\u00e9e et facile en renon\u00e7ant \u00e0 tout pour embrasser avec ses amis la pauvret\u00e9 absolue. Et dans cette pauvret\u00e9 Fran\u00e7ois la soutient, comme un <strong>fr\u00e8re attentionn\u00e9<\/strong>. Leur <strong>aide<\/strong> <strong>r\u00e9ciproque<\/strong>, en se soutenant et en partageant les privations mais aussi l\u2019immense joie fruit de la d\u00e9votion scelle l\u2019amiti\u00e9 entre ces deux \u00e2mes jeunes et splendides, unies par l\u2019<strong>amour pour Christ<\/strong>, par le souhait d\u2019\u00eatre le plus possible proches de Lui, dans la vie comme dans la mort.<\/p>\n<p><strong>Soutien dans les difficult\u00e9s<\/strong>, donc, <strong>inspiration<\/strong> <strong>et<\/strong> <strong>consolation<\/strong> <strong>r\u00e9ciproques<\/strong>, dans un parcours commun pour am\u00e9liorer sa personne, pour tirer le meilleur de soi-m\u00eame, l\u2019un de l\u2019autre. Nous y retrouvons la po\u00e9tique d\u2019Aristote, mais aussi la mise en garde \u00e0 la vertu de Cic\u00e9ron, et bien plus encore. <strong><a href=\"https:\/\/www.holyart.fr\/blog\/saints-et-bienheureux\/le-cantique-des-creatures-de-saint-francois\/\">L\u2019amiti\u00e9 entre Saint Fran\u00e7ois<\/a> et Sainte Claire fait sourire Dieu<\/strong> et la chaleur de ce sourire b\u00e9nissant et b\u00e9ni arrive jusqu\u2019\u00e0 nous, que rappelons l\u2019histoire de ces deux jeunes fantastiques et uniques.<\/p>\n<div class=\"link-article\">\n<p><img loading=\"lazy\" decoding=\"async\" class=\"size-full wp-image-4950 alignleft\" src=\"https:\/\/blog.holyart.it\/fr\/wp-content\/uploads\/sites\/14\/2022\/07\/Saint-Francois.jpg\" alt=\"Saint Francois\" width=\"150\" height=\"99\" data-kale-share-title=\"Journ\u00e9e Internationale de l\u2019Amiti\u00e9\" data-kale-share-url=\"https:\/\/blog.holyart.it\/fr\/?p=4944\" \/><\/p>\n<div class=\"leggi-anche\">Lire aussi :<\/div>\n<p><strong><a href=\"https:\/\/www.holyart.fr\/blog\/saints-et-bienheureux\/le-cantique-des-creatures-de-saint-francois\/\">Le cantique des cr\u00e9atures de Saint Fran\u00e7ois<\/a><\/strong><br \/>\nSaint Fran\u00e7ois d\u2019Assise est un des saints les plus aim\u00e9s et les plus v\u00e9n\u00e9r\u00e9s de l\u2019\u00c9glise catholique.<\/p>\n<\/div>\n<p>En pensant \u00e0 Fran\u00e7ois et Claire, nous aimons penser \u00e0 <strong>deux jeunes amoureux<\/strong>, dont l\u2019amour n\u2019est par contre pas adress\u00e9 l\u2019un \u00e0 l\u2019autre, pas uniquement du moins, mais \u00e0 Dieu, amplifi\u00e9 et glorifi\u00e9 justement par le lien qui les unit.<\/p>\n<h3>Saints Basile le Grand et Gr\u00e9goire de Nazianze<\/h3>\n<p><strong>Saint Basile le Grand et <a href=\"https:\/\/www.holyart.fr\/articles-religieux\/statues\/statues-en-bois-peint\/saint-gregoire-avec-colombe-bois-colore-val-gardena\">Saint Gr\u00e9goire de Nazianze<\/a><\/strong> aussi furent de grands amis. Tous les deux furent \u00e9v\u00eaques et th\u00e9ologiens, Docteurs de l\u2019\u00c9glise et appartenant au groupe des <strong>p\u00e8res cappadociens<\/strong>, des philosophes chr\u00e9tiens hell\u00e9nistiques qui au IV si\u00e8cle form\u00e8rent une sorte de famille monastique au sein de laquelle Christianisme et philosophie trouv\u00e8rent leur conjugaison.<br \/>\nSaint Basile le Grand et Saint Gr\u00e9goire de Nazianze <strong>partag\u00e8rent donc leur savoir<\/strong>, leur grande connaissance th\u00e9ologique afin de d\u00e9finir des concepts immenses comme la divinit\u00e9 du Saint Esprit et celle du Fils de Dieu. \u00ab\u00a0<em>Nous compr\u00eemes que ce que nous recherchions tous les deux \u00e9tait l\u2019amour de la sagesse<\/em>\u00a0\u00bb, affirma Saint Gr\u00e9goire de Nazianze dans ses discours.<\/p>\n<div class=\"link-product\">\n<div class=\"blocco-immagine\"><img loading=\"lazy\" decoding=\"async\" class=\"alignnone size-full wp-image-4951\" src=\"https:\/\/blog.holyart.it\/fr\/wp-content\/uploads\/sites\/14\/2022\/07\/Saint-Gregoire-avec-colombe.jpg\" alt=\"Saint Gregoire avec colombe\" width=\"100\" height=\"100\" data-kale-share-title=\"Journ\u00e9e Internationale de l\u2019Amiti\u00e9\" data-kale-share-url=\"https:\/\/blog.holyart.it\/fr\/?p=4944\" \/><\/div>\n<div class=\"blocco-contenuto\">\n<div class=\"blocco-acquista\">Acheter sur Holyart:<\/div>\n<div class=\"blocco-titolo\"><a href=\"https:\/\/www.holyart.fr\/articles-religieux\/statues\/statues-en-bois-peint\/saint-gregoire-avec-colombe-bois-colore-val-gardena\">Saint Gr\u00e9goire avec colombe<\/a><\/div>\n<div class=\"blocco-descrizione\">Saint Gr\u00e9goire avec colombe bois color\u00e9 Val Gardena.<\/div>\n<\/div>\n<\/div>\n<p>Mais avant le partage de l\u2019\u00e9tude et de la connaissance, entre les deux hommes se b\u00e2tit un rapport de <strong>grande admiration et estime r\u00e9ciproque<\/strong>, qui fit en sorte que tous les deux jouissaient des succ\u00e8s de l\u2019autre, des reconnaissances qui \u00e9taient attribu\u00e9es \u00e0 l\u2019ami, comme s\u2019ils s\u2019agissaient des siens.<\/p>\n<p>Comme dans le cas de Fran\u00e7ois et Claire, pour Basile et Gr\u00e9goire aussi nous pouvons parler d\u2019affinit\u00e9 \u00e9lective et de la <strong>volont\u00e9 de Dieu de faire rencontrer deux \u00e2mes<\/strong> destin\u00e9es \u00e0 s\u2019unir d\u2019une mani\u00e8re si indissoluble et pr\u00e9cieuse. Gr\u00e9goire \u00e9crit \u00e9galement\u00a0: \u00ab\u00a0<em>Nous \u00e9tions \u00e0 Ath\u00e8nes, partis de la m\u00eame patrie, divis\u00e9s, comme le cours d\u2019une rivi\u00e8re, dans diff\u00e9rentes r\u00e9gions par d\u00e9sir d\u2019apprendre, et de nouveau ensemble, comme pour un accord, mais en r\u00e9alit\u00e9 pour <strong>disposition divine<\/strong><\/em>\u00a0\u00bb.<\/p>\n<p>Ce sont justement les mots \u00e9crits par Saint Gr\u00e9goire qui nous font comprendre la profondeur spirituelle et intellectuelle de ce lien, capable <strong>d\u2019enrichir et d\u2019\u00e9lever deux hommes<\/strong> d\u00e9j\u00e0 exceptionnels pris s\u00e9par\u00e9ment afin de les rendre encore plus grands. \u00ab\u00a0<strong><em>L\u2019occupation et le d\u00e9sir unique pour tous deux, \u00e9tait la vertu, et vivre tendus vers les futures esp\u00e9rances et nous comporter comme si nous \u00e9tions exil\u00e9s de ce monde, avant m\u00eame d\u2019\u00eatre sortis de la pr\u00e9sente vie<\/em><\/strong><em>. <\/em><em>Tel \u00e9tait notre r\u00eave. <\/em><em>Voici pourquoi nous adressions notre vie et notre conduite vers la voie des commandements divins et nous nous animions l\u2019un l\u2019autre dans l\u2019amour de la vertu<\/em>\u00a0\u00bb.<\/p>\n<p>Et il conclut avec une phrase qui r\u00e9sume de mani\u00e8re exemplaire non seulement l\u2019amiti\u00e9 entre sa personne et Basile, mais l\u2019amiti\u00e9 entre tous les saints et, nous aimons le penser, \u00e0 l\u2019occasion de cette r\u00e9currence, de tous les hommes qui se d\u00e9clarent amis\u00a0: \u00ab\u00a0<em>Il semblait que nous ayons <strong>une seule \u00e2me en deux corps<\/strong>\u00a0<\/em>\u00bb.<\/p>\n<p>M\u00eame <a href=\"https:\/\/www.holyart.fr\/blog\/saints-et-bienheureux\/saint-augustin-dhippone-philosophe-eveque-theologien\/\"><strong>Saint Augustin<\/strong><\/a> r\u00e9p\u00e9ta la m\u00eame chose\u00a0: \u00ab\u00a0<em>Quelqu\u2019un a bien parl\u00e9 en disant de son ami\u00a0: c\u2019est la moiti\u00e9 de mon \u00e2me. Car j\u2019ai \u00e9prouv\u00e9 moi-m\u00eame que mon \u00e2me et son \u00e2me n\u2019avaient \u00e9t\u00e9 qu\u2019une \u00e2me en deux corps\u00a0<\/em>\u00bb.<\/p>\n<div class=\"link-article\">\n<p><img loading=\"lazy\" decoding=\"async\" class=\"size-full wp-image-4952 alignleft\" src=\"https:\/\/blog.holyart.it\/fr\/wp-content\/uploads\/sites\/14\/2022\/07\/Saint-Augustin-Hippone.jpg\" alt=\"Saint Augustin Hippone\" width=\"150\" height=\"99\" data-kale-share-title=\"Journ\u00e9e Internationale de l\u2019Amiti\u00e9\" data-kale-share-url=\"https:\/\/blog.holyart.it\/fr\/?p=4944\" \/><\/p>\n<div class=\"leggi-anche\">Lire aussi :<\/div>\n<p><strong><a href=\"https:\/\/www.holyart.fr\/blog\/saints-et-bienheureux\/saint-augustin-dhippone-philosophe-eveque-theologien\/\">Saint Augustin d\u2019Hippone: philosophe, \u00e9v\u00eaque et th\u00e9ologien<\/a><\/strong><br \/>\nPeu sont les hommes de foi qui peuvent \u00eatre compar\u00e9s \u00e0 Saint Augustin d\u2019Ippone.<\/p>\n<\/div>\n<h2>Phrases des saints sur l\u2019amiti\u00e9<\/h2>\n<p><em>\u00ab\u00a0Par amour fraternel, soyez pleins d\u2019affection les uns pour les autres\u00a0; par honneur, usez de pr\u00e9venances r\u00e9ciproques\u00a0\u00bb<\/em><br \/>\nSaint Paul, Romains 12 :10<\/p>\n<p><em>\u00ab\u00a0<\/em><em>Quelqu\u2019un a bien parl\u00e9 en disant de son ami\u00a0: c\u2019est la moiti\u00e9 de mon \u00e2me. Car j\u2019ai \u00e9prouv\u00e9 moi-m\u00eame que mon \u00e2me et son \u00e2me n\u2019avaient \u00e9t\u00e9 qu\u2019une \u00e2me en deux corps\u00a0\u00bb<\/em><br \/>\nSaint Augustin<\/p>\n<p><em>\u00ab\u00a0L\u2019amiti\u00e9 est la plus authentique r\u00e9alisation de la personne\u00a0\u00bb<\/em><br \/>\nSainte Th\u00e9r\u00e8se d\u2019Avila<\/p>\n<p><em>\u00ab\u00a0L\u2019amiti\u00e9 qui a sa source en Dieu ne tarit jamais\u00a0\u00bb\u00a0<\/em><br \/>\nSainte Catherine de Sienne<\/p>\n<p><em>\u00ab\u00a0Cela fait tant de bien, quand on souffre, d\u2019avoir des c\u0153urs amis dont l\u2019\u00e9cho r\u00e9pond \u00e0 notre douleur\u00a0\u00bb<\/em><br \/>\nSainte Th\u00e9r\u00e8se de Lisieux<\/p>\n<p><em>\u00ab\u00a0La v\u00e9ritable amiti\u00e9 ne peut durer que si elle est fond\u00e9e sur la vertu\u00a0\u00bb<\/em><br \/>\nSaint Jean Bosco<\/p>\n<p><em>\u00ab\u00a0Trouve le temps d\u2019\u00eatre un ami : c\u2019est le chemin du bonheur\u00a0\u00bb<\/em><br \/>\nM\u00e8re Teresa de Calcutta<\/p>\n<p>&nbsp;<\/p>\n","protected":false},"excerpt":{"rendered":"<p>Le 30 juillet c\u2019est la Journ\u00e9e Internationale de l\u2019Amiti\u00e9, une f\u00eate n\u00e9e pour c\u00e9l\u00e9brer un des aspects les plus merveilleux de la cohabitation entre humains. \u00c0 l\u2019occasion de la Journ\u00e9e Internationale de l\u2019Amiti\u00e9 nous avons voulu v\u00e9rifier quelle \u00e9tait la d\u00e9finition exacte de cette forme&hellip;<\/p>\n","protected":false},"author":1,"featured_media":4947,"comment_status":"closed","ping_status":"open","sticky":false,"template":"","format":"standard","meta":{"_acf_changed":false,"footnotes":""},"categories":[12,8],"tags":[],"class_list":["post-4944","post","type-post","status-publish","format-standard","has-post-thumbnail","hentry","category-occasions-speciales","category-articles-religieux"],"acf":[],"yoast_head":"<!-- This site is optimized with the Yoast SEO plugin v26.6 - https:\/\/yoast.com\/wordpress\/plugins\/seo\/ -->\n<title>Journ\u00e9e Internationale de l\u2019Amiti\u00e9 - Holyart.fr Blog<\/title>\n<meta name=\"description\" content=\"Le 30 juillet c\u2019est la Journ\u00e9e Internationale de l\u2019Amiti\u00e9, une f\u00eate n\u00e9e pour c\u00e9l\u00e9brer un des aspects les plus merveilleux de la cohabitation entre humains.\" \/>\n<meta name=\"robots\" content=\"index, follow, max-snippet:-1, max-image-preview:large, max-video-preview:-1\" \/>\n<link rel=\"canonical\" href=\"https:\/\/blog.holyart.it\/fr\/articles-religieux\/journee-internationale-de-lamitie\/\" \/>\n<meta property=\"og:locale\" content=\"fr_FR\" \/>\n<meta property=\"og:type\" content=\"article\" \/>\n<meta property=\"og:title\" content=\"Journ\u00e9e Internationale de l\u2019Amiti\u00e9 - Holyart.fr Blog\" \/>\n<meta property=\"og:description\" content=\"Le 30 juillet c\u2019est la Journ\u00e9e Internationale de l\u2019Amiti\u00e9, une f\u00eate n\u00e9e pour c\u00e9l\u00e9brer un des aspects les plus merveilleux de la cohabitation entre humains.\" \/>\n<meta property=\"og:url\" content=\"https:\/\/blog.holyart.it\/fr\/articles-religieux\/journee-internationale-de-lamitie\/\" \/>\n<meta property=\"og:site_name\" content=\"Holyart.fr Blog\" \/>\n<meta property=\"article:published_time\" content=\"2022-07-27T10:30:05+00:00\" \/>\n<meta property=\"article:modified_time\" content=\"2023-07-26T09:18:35+00:00\" \/>\n<meta property=\"og:image\" content=\"https:\/\/blog.holyart.it\/fr\/wp-content\/uploads\/sites\/14\/2022\/07\/Journee-Internationale-de-Amitie.jpg\" \/>\n\t<meta property=\"og:image:width\" content=\"1000\" \/>\n\t<meta property=\"og:image:height\" content=\"660\" \/>\n\t<meta property=\"og:image:type\" content=\"image\/jpeg\" \/>\n<meta name=\"author\" content=\"Redazione\" \/>\n<meta name=\"twitter:card\" content=\"summary_large_image\" \/>\n<meta name=\"twitter:label1\" content=\"\u00c9crit par\" \/>\n\t<meta name=\"twitter:data1\" content=\"Redazione\" \/>\n\t<meta name=\"twitter:label2\" content=\"Dur\u00e9e de lecture estim\u00e9e\" \/>\n\t<meta name=\"twitter:data2\" content=\"13 minutes\" \/>\n<script type=\"application\/ld+json\" class=\"yoast-schema-graph\">{\"@context\":\"https:\/\/schema.org\",\"@graph\":[{\"@type\":\"Article\",\"@id\":\"https:\/\/blog.holyart.it\/fr\/articles-religieux\/journee-internationale-de-lamitie\/#article\",\"isPartOf\":{\"@id\":\"https:\/\/blog.holyart.it\/fr\/articles-religieux\/journee-internationale-de-lamitie\/\"},\"author\":{\"name\":\"Redazione\",\"@id\":\"https:\/\/blog.holyart.it\/fr\/#\/schema\/person\/0a7b686e5af0f856ec1e390dd0baecda\"},\"headline\":\"Journ\u00e9e Internationale de l\u2019Amiti\u00e9\",\"datePublished\":\"2022-07-27T10:30:05+00:00\",\"dateModified\":\"2023-07-26T09:18:35+00:00\",\"mainEntityOfPage\":{\"@id\":\"https:\/\/blog.holyart.it\/fr\/articles-religieux\/journee-internationale-de-lamitie\/\"},\"wordCount\":2510,\"publisher\":{\"@id\":\"https:\/\/blog.holyart.it\/fr\/#organization\"},\"image\":{\"@id\":\"https:\/\/blog.holyart.it\/fr\/articles-religieux\/journee-internationale-de-lamitie\/#primaryimage\"},\"thumbnailUrl\":\"https:\/\/blog.holyart.it\/fr\/wp-content\/uploads\/sites\/14\/2022\/07\/Journee-Internationale-de-Amitie.jpg\",\"articleSection\":[\"Occasions sp\u00e9ciales\",\"Religion\"],\"inLanguage\":\"fr-FR\"},{\"@type\":\"WebPage\",\"@id\":\"https:\/\/blog.holyart.it\/fr\/articles-religieux\/journee-internationale-de-lamitie\/\",\"url\":\"https:\/\/blog.holyart.it\/fr\/articles-religieux\/journee-internationale-de-lamitie\/\",\"name\":\"Journ\u00e9e Internationale de l\u2019Amiti\u00e9 - Holyart.fr Blog\",\"isPartOf\":{\"@id\":\"https:\/\/blog.holyart.it\/fr\/#website\"},\"primaryImageOfPage\":{\"@id\":\"https:\/\/blog.holyart.it\/fr\/articles-religieux\/journee-internationale-de-lamitie\/#primaryimage\"},\"image\":{\"@id\":\"https:\/\/blog.holyart.it\/fr\/articles-religieux\/journee-internationale-de-lamitie\/#primaryimage\"},\"thumbnailUrl\":\"https:\/\/blog.holyart.it\/fr\/wp-content\/uploads\/sites\/14\/2022\/07\/Journee-Internationale-de-Amitie.jpg\",\"datePublished\":\"2022-07-27T10:30:05+00:00\",\"dateModified\":\"2023-07-26T09:18:35+00:00\",\"description\":\"Le 30 juillet c\u2019est la Journ\u00e9e Internationale de l\u2019Amiti\u00e9, une f\u00eate n\u00e9e pour c\u00e9l\u00e9brer un des aspects les plus merveilleux de la cohabitation entre humains.\",\"breadcrumb\":{\"@id\":\"https:\/\/blog.holyart.it\/fr\/articles-religieux\/journee-internationale-de-lamitie\/#breadcrumb\"},\"inLanguage\":\"fr-FR\",\"potentialAction\":[{\"@type\":\"ReadAction\",\"target\":[\"https:\/\/blog.holyart.it\/fr\/articles-religieux\/journee-internationale-de-lamitie\/\"]}]},{\"@type\":\"ImageObject\",\"inLanguage\":\"fr-FR\",\"@id\":\"https:\/\/blog.holyart.it\/fr\/articles-religieux\/journee-internationale-de-lamitie\/#primaryimage\",\"url\":\"https:\/\/blog.holyart.it\/fr\/wp-content\/uploads\/sites\/14\/2022\/07\/Journee-Internationale-de-Amitie.jpg\",\"contentUrl\":\"https:\/\/blog.holyart.it\/fr\/wp-content\/uploads\/sites\/14\/2022\/07\/Journee-Internationale-de-Amitie.jpg\",\"width\":1000,\"height\":660,\"caption\":\"Journee Internationale de Amitie\"},{\"@type\":\"BreadcrumbList\",\"@id\":\"https:\/\/blog.holyart.it\/fr\/articles-religieux\/journee-internationale-de-lamitie\/#breadcrumb\",\"itemListElement\":[{\"@type\":\"ListItem\",\"position\":1,\"name\":\"Homepage\",\"item\":\"https:\/\/blog.holyart.it\/fr\/\"},{\"@type\":\"ListItem\",\"position\":2,\"name\":\"Religion\",\"item\":\"https:\/\/blog.holyart.it\/fr\/articles-religieux\/\"},{\"@type\":\"ListItem\",\"position\":3,\"name\":\"Journ\u00e9e Internationale de l\u2019Amiti\u00e9\"}]},{\"@type\":\"WebSite\",\"@id\":\"https:\/\/blog.holyart.it\/fr\/#website\",\"url\":\"https:\/\/blog.holyart.it\/fr\/\",\"name\":\"Holyart.fr Blog\",\"description\":\"Holyblog\",\"publisher\":{\"@id\":\"https:\/\/blog.holyart.it\/fr\/#organization\"},\"potentialAction\":[{\"@type\":\"SearchAction\",\"target\":{\"@type\":\"EntryPoint\",\"urlTemplate\":\"https:\/\/blog.holyart.it\/fr\/?s={search_term_string}\"},\"query-input\":{\"@type\":\"PropertyValueSpecification\",\"valueRequired\":true,\"valueName\":\"search_term_string\"}}],\"inLanguage\":\"fr-FR\"},{\"@type\":\"Organization\",\"@id\":\"https:\/\/blog.holyart.it\/fr\/#organization\",\"name\":\"Holyart.fr Blog\",\"url\":\"https:\/\/blog.holyart.it\/fr\/\",\"logo\":{\"@type\":\"ImageObject\",\"inLanguage\":\"fr-FR\",\"@id\":\"https:\/\/blog.holyart.it\/fr\/#\/schema\/logo\/image\/\",\"url\":\"https:\/\/blog.holyart.it\/fr\/wp-content\/uploads\/sites\/14\/2022\/12\/Holyart_Blog_Logo.jpg\",\"contentUrl\":\"https:\/\/blog.holyart.it\/fr\/wp-content\/uploads\/sites\/14\/2022\/12\/Holyart_Blog_Logo.jpg\",\"width\":300,\"height\":50,\"caption\":\"Holyart.fr Blog\"},\"image\":{\"@id\":\"https:\/\/blog.holyart.it\/fr\/#\/schema\/logo\/image\/\"}},{\"@type\":\"Person\",\"@id\":\"https:\/\/blog.holyart.it\/fr\/#\/schema\/person\/0a7b686e5af0f856ec1e390dd0baecda\",\"name\":\"Redazione\",\"image\":{\"@type\":\"ImageObject\",\"inLanguage\":\"fr-FR\",\"@id\":\"https:\/\/blog.holyart.it\/fr\/#\/schema\/person\/image\/\",\"url\":\"https:\/\/secure.gravatar.com\/avatar\/f477da817f43e50d0af36abecd33e3edf826c68299714bdc1057dff3b113f516?s=96&d=mm&r=g\",\"contentUrl\":\"https:\/\/secure.gravatar.com\/avatar\/f477da817f43e50d0af36abecd33e3edf826c68299714bdc1057dff3b113f516?s=96&d=mm&r=g\",\"caption\":\"Redazione\"},\"url\":\"https:\/\/blog.holyart.it\/fr\/author\/admin\/\"}]}<\/script>\n<!-- \/ Yoast SEO plugin. -->","yoast_head_json":{"title":"Journ\u00e9e Internationale de l\u2019Amiti\u00e9 - Holyart.fr Blog","description":"Le 30 juillet c\u2019est la Journ\u00e9e Internationale de l\u2019Amiti\u00e9, une f\u00eate n\u00e9e pour c\u00e9l\u00e9brer un des aspects les plus merveilleux de la cohabitation entre humains.","robots":{"index":"index","follow":"follow","max-snippet":"max-snippet:-1","max-image-preview":"max-image-preview:large","max-video-preview":"max-video-preview:-1"},"canonical":"https:\/\/blog.holyart.it\/fr\/articles-religieux\/journee-internationale-de-lamitie\/","og_locale":"fr_FR","og_type":"article","og_title":"Journ\u00e9e Internationale de l\u2019Amiti\u00e9 - Holyart.fr Blog","og_description":"Le 30 juillet c\u2019est la Journ\u00e9e Internationale de l\u2019Amiti\u00e9, une f\u00eate n\u00e9e pour c\u00e9l\u00e9brer un des aspects les plus merveilleux de la cohabitation entre humains.","og_url":"https:\/\/blog.holyart.it\/fr\/articles-religieux\/journee-internationale-de-lamitie\/","og_site_name":"Holyart.fr Blog","article_published_time":"2022-07-27T10:30:05+00:00","article_modified_time":"2023-07-26T09:18:35+00:00","og_image":[{"width":1000,"height":660,"url":"https:\/\/blog.holyart.it\/fr\/wp-content\/uploads\/sites\/14\/2022\/07\/Journee-Internationale-de-Amitie.jpg","type":"image\/jpeg"}],"author":"Redazione","twitter_card":"summary_large_image","twitter_misc":{"\u00c9crit par":"Redazione","Dur\u00e9e de lecture estim\u00e9e":"13 minutes"},"schema":{"@context":"https:\/\/schema.org","@graph":[{"@type":"Article","@id":"https:\/\/blog.holyart.it\/fr\/articles-religieux\/journee-internationale-de-lamitie\/#article","isPartOf":{"@id":"https:\/\/blog.holyart.it\/fr\/articles-religieux\/journee-internationale-de-lamitie\/"},"author":{"name":"Redazione","@id":"https:\/\/blog.holyart.it\/fr\/#\/schema\/person\/0a7b686e5af0f856ec1e390dd0baecda"},"headline":"Journ\u00e9e Internationale de l\u2019Amiti\u00e9","datePublished":"2022-07-27T10:30:05+00:00","dateModified":"2023-07-26T09:18:35+00:00","mainEntityOfPage":{"@id":"https:\/\/blog.holyart.it\/fr\/articles-religieux\/journee-internationale-de-lamitie\/"},"wordCount":2510,"publisher":{"@id":"https:\/\/blog.holyart.it\/fr\/#organization"},"image":{"@id":"https:\/\/blog.holyart.it\/fr\/articles-religieux\/journee-internationale-de-lamitie\/#primaryimage"},"thumbnailUrl":"https:\/\/blog.holyart.it\/fr\/wp-content\/uploads\/sites\/14\/2022\/07\/Journee-Internationale-de-Amitie.jpg","articleSection":["Occasions sp\u00e9ciales","Religion"],"inLanguage":"fr-FR"},{"@type":"WebPage","@id":"https:\/\/blog.holyart.it\/fr\/articles-religieux\/journee-internationale-de-lamitie\/","url":"https:\/\/blog.holyart.it\/fr\/articles-religieux\/journee-internationale-de-lamitie\/","name":"Journ\u00e9e Internationale de l\u2019Amiti\u00e9 - Holyart.fr Blog","isPartOf":{"@id":"https:\/\/blog.holyart.it\/fr\/#website"},"primaryImageOfPage":{"@id":"https:\/\/blog.holyart.it\/fr\/articles-religieux\/journee-internationale-de-lamitie\/#primaryimage"},"image":{"@id":"https:\/\/blog.holyart.it\/fr\/articles-religieux\/journee-internationale-de-lamitie\/#primaryimage"},"thumbnailUrl":"https:\/\/blog.holyart.it\/fr\/wp-content\/uploads\/sites\/14\/2022\/07\/Journee-Internationale-de-Amitie.jpg","datePublished":"2022-07-27T10:30:05+00:00","dateModified":"2023-07-26T09:18:35+00:00","description":"Le 30 juillet c\u2019est la Journ\u00e9e Internationale de l\u2019Amiti\u00e9, une f\u00eate n\u00e9e pour c\u00e9l\u00e9brer un des aspects les plus merveilleux de la cohabitation entre humains.","breadcrumb":{"@id":"https:\/\/blog.holyart.it\/fr\/articles-religieux\/journee-internationale-de-lamitie\/#breadcrumb"},"inLanguage":"fr-FR","potentialAction":[{"@type":"ReadAction","target":["https:\/\/blog.holyart.it\/fr\/articles-religieux\/journee-internationale-de-lamitie\/"]}]},{"@type":"ImageObject","inLanguage":"fr-FR","@id":"https:\/\/blog.holyart.it\/fr\/articles-religieux\/journee-internationale-de-lamitie\/#primaryimage","url":"https:\/\/blog.holyart.it\/fr\/wp-content\/uploads\/sites\/14\/2022\/07\/Journee-Internationale-de-Amitie.jpg","contentUrl":"https:\/\/blog.holyart.it\/fr\/wp-content\/uploads\/sites\/14\/2022\/07\/Journee-Internationale-de-Amitie.jpg","width":1000,"height":660,"caption":"Journee Internationale de Amitie"},{"@type":"BreadcrumbList","@id":"https:\/\/blog.holyart.it\/fr\/articles-religieux\/journee-internationale-de-lamitie\/#breadcrumb","itemListElement":[{"@type":"ListItem","position":1,"name":"Homepage","item":"https:\/\/blog.holyart.it\/fr\/"},{"@type":"ListItem","position":2,"name":"Religion","item":"https:\/\/blog.holyart.it\/fr\/articles-religieux\/"},{"@type":"ListItem","position":3,"name":"Journ\u00e9e Internationale de l\u2019Amiti\u00e9"}]},{"@type":"WebSite","@id":"https:\/\/blog.holyart.it\/fr\/#website","url":"https:\/\/blog.holyart.it\/fr\/","name":"Holyart.fr Blog","description":"Holyblog","publisher":{"@id":"https:\/\/blog.holyart.it\/fr\/#organization"},"potentialAction":[{"@type":"SearchAction","target":{"@type":"EntryPoint","urlTemplate":"https:\/\/blog.holyart.it\/fr\/?s={search_term_string}"},"query-input":{"@type":"PropertyValueSpecification","valueRequired":true,"valueName":"search_term_string"}}],"inLanguage":"fr-FR"},{"@type":"Organization","@id":"https:\/\/blog.holyart.it\/fr\/#organization","name":"Holyart.fr Blog","url":"https:\/\/blog.holyart.it\/fr\/","logo":{"@type":"ImageObject","inLanguage":"fr-FR","@id":"https:\/\/blog.holyart.it\/fr\/#\/schema\/logo\/image\/","url":"https:\/\/blog.holyart.it\/fr\/wp-content\/uploads\/sites\/14\/2022\/12\/Holyart_Blog_Logo.jpg","contentUrl":"https:\/\/blog.holyart.it\/fr\/wp-content\/uploads\/sites\/14\/2022\/12\/Holyart_Blog_Logo.jpg","width":300,"height":50,"caption":"Holyart.fr Blog"},"image":{"@id":"https:\/\/blog.holyart.it\/fr\/#\/schema\/logo\/image\/"}},{"@type":"Person","@id":"https:\/\/blog.holyart.it\/fr\/#\/schema\/person\/0a7b686e5af0f856ec1e390dd0baecda","name":"Redazione","image":{"@type":"ImageObject","inLanguage":"fr-FR","@id":"https:\/\/blog.holyart.it\/fr\/#\/schema\/person\/image\/","url":"https:\/\/secure.gravatar.com\/avatar\/f477da817f43e50d0af36abecd33e3edf826c68299714bdc1057dff3b113f516?s=96&d=mm&r=g","contentUrl":"https:\/\/secure.gravatar.com\/avatar\/f477da817f43e50d0af36abecd33e3edf826c68299714bdc1057dff3b113f516?s=96&d=mm&r=g","caption":"Redazione"},"url":"https:\/\/blog.holyart.it\/fr\/author\/admin\/"}]}},"_links":{"self":[{"href":"https:\/\/blog.holyart.it\/fr\/wp-json\/wp\/v2\/posts\/4944","targetHints":{"allow":["GET"]}}],"collection":[{"href":"https:\/\/blog.holyart.it\/fr\/wp-json\/wp\/v2\/posts"}],"about":[{"href":"https:\/\/blog.holyart.it\/fr\/wp-json\/wp\/v2\/types\/post"}],"author":[{"embeddable":true,"href":"https:\/\/blog.holyart.it\/fr\/wp-json\/wp\/v2\/users\/1"}],"replies":[{"embeddable":true,"href":"https:\/\/blog.holyart.it\/fr\/wp-json\/wp\/v2\/comments?post=4944"}],"version-history":[{"count":1,"href":"https:\/\/blog.holyart.it\/fr\/wp-json\/wp\/v2\/posts\/4944\/revisions"}],"predecessor-version":[{"id":6657,"href":"https:\/\/blog.holyart.it\/fr\/wp-json\/wp\/v2\/posts\/4944\/revisions\/6657"}],"wp:featuredmedia":[{"embeddable":true,"href":"https:\/\/blog.holyart.it\/fr\/wp-json\/wp\/v2\/media\/4947"}],"wp:attachment":[{"href":"https:\/\/blog.holyart.it\/fr\/wp-json\/wp\/v2\/media?parent=4944"}],"wp:term":[{"taxonomy":"category","embeddable":true,"href":"https:\/\/blog.holyart.it\/fr\/wp-json\/wp\/v2\/categories?post=4944"},{"taxonomy":"post_tag","embeddable":true,"href":"https:\/\/blog.holyart.it\/fr\/wp-json\/wp\/v2\/tags?post=4944"}],"curies":[{"name":"wp","href":"https:\/\/api.w.org\/{rel}","templated":true}]}}