{"id":4931,"date":"2022-07-25T12:30:10","date_gmt":"2022-07-25T10:30:10","guid":{"rendered":"https:\/\/blog.holyart.it\/fr\/?p=4931"},"modified":"2024-07-02T17:29:42","modified_gmt":"2024-07-02T15:29:42","slug":"marthe-marie-et-lazare-les-amis-de-jesus","status":"publish","type":"post","link":"https:\/\/blog.holyart.it\/fr\/saints-et-bienheureux\/marthe-marie-et-lazare-les-amis-de-jesus\/","title":{"rendered":"Marthe, Marie et Lazare : les amis de J\u00e9sus"},"content":{"rendered":"<h4><em>Le 29 juillet on c\u00e9l\u00e8bre la m\u00e9moire de Marthe, Marie et Lazare de B\u00e9thanie. Voici pourquoi ces saints \u00e9taient parmi les amis de J\u00e9sus les plus chers.<\/em><\/h4>\n\n<p>En 2011, l\u2019Assembl\u00e9e G\u00e9n\u00e9rale des Nations Unis a d\u00e9cr\u00e9t\u00e9 pour le 30 juillet les festivit\u00e9s de la <strong>Journ\u00e9e Mondiale de l\u2019Amiti\u00e9<\/strong>.<\/p>\n<p>L\u2019objectif de cette r\u00e9currence est de promouvoir l\u2019amiti\u00e9 non seulement entre les individus, mais aussi entre pays et peuples, par le biais d\u2019\u00e9changes culturels et le partage d\u2019un ensemble de valeurs et de comportements qui peuvent promouvoir une paix durable et profitable pour tous.<\/p>\n<p>Le 29 juillet, <a href=\"https:\/\/www.holyart.fr\/occasions-speciales\/pape-francois\"><strong>Pape Fran\u00e7ois<\/strong><\/a> a \u00e9tabli que le Calendrier Romain G\u00e9n\u00e9ral c\u00e9l\u00e8bre la <strong>m\u00e9moire des saints Marthe, Marie et Lazare<\/strong>. Dans le pass\u00e9, \u00e0 cette date, recourrait uniquement la m\u00e9moire de Sainte Marthe, mais la Congr\u00e9gation pour le Culte Divin et la Discipline des Sacrements a fortement souhait\u00e9 cette modification et le pontife a fait en sorte qu\u2019elle soit appliqu\u00e9e.<\/p>\n<div class=\"link-product\">\n<div class=\"blocco-immagine\"><img loading=\"lazy\" decoding=\"async\" class=\"alignnone size-full wp-image-4933\" src=\"https:\/\/blog.holyart.it\/fr\/wp-content\/uploads\/sites\/14\/2022\/07\/Bracelet-corde-noire-Croix-de-Amitie-argent-800.jpg\" alt=\"Bracelet corde noire Croix de Amitie argent 800\" width=\"100\" height=\"100\" data-kale-share-title=\"Marthe, Marie et Lazare : les amis de J\u00e9sus\" data-kale-share-url=\"https:\/\/blog.holyart.it\/fr\/?p=4931\" \/><\/div>\n<div class=\"blocco-contenuto\">\n<div class=\"blocco-acquista\">Acheter sur Holyart:<\/div>\n<div class=\"blocco-titolo\"><a href=\"https:\/\/www.holyart.fr\/articles-religieux\/bracelets-religieux\/bracelets-en-argent\/bracelet-corde-noire-croix-de-lamitie-argent-800\">Bracelet corde noire Croix de l&rsquo;Amiti\u00e9<\/a><\/div>\n<div class=\"blocco-descrizione\">Bracelet corde noire Croix de l&rsquo;Amiti\u00e9 argent 800.<\/div>\n<\/div>\n<\/div>\n<p>La raison qui a amen\u00e9e \u00e0 cette d\u00e9lib\u00e9ration a \u00e9t\u00e9 l\u2019importance \u00e9vang\u00e9lique reconnue aux trois fr\u00e8res pour avoir h\u00e9berg\u00e9 J\u00e9sus dans leur maison, en l\u2019accueillant comme un ami et en s\u2019en remettant \u00e0 ses paroles en totale confiance et loyaut\u00e9.<\/p>\n<p>Mais qui \u00e9taient ces trois fr\u00e8res, qui habitaient le village de B\u00e9thanie, pr\u00e8s de J\u00e9rusalem\u00a0?<\/p>\n<p><a href=\"https:\/\/www.holyart.fr\/articles-religieux\/statues\/statues-en-platre\/sainte-marthe-30-cm-platre-nacre\"><strong>Marthe de B\u00e9thanie<\/strong><\/a> (Tamar) s\u2019occupait principalement des t\u00e2ches domestiques\u00a0: \u00ab\u00a0<em>Comme J\u00e9sus \u00e9tait en chemin avec ses disciples, il entra dans un village, et une femme, nomm\u00e9e Marthe, le re\u00e7ut dans sa maison. Elle avait une s\u0153ur, nomm\u00e9e Marie, qui, s\u2019\u00e9tant assise aux pieds du Seigneur, \u00e9coutait sa parole. Marthe, occup\u00e9e \u00e0 divers soins domestiques, survint et dit\u00a0: Seigneur cela ne te fait-il rien que ma s\u0153ur me laisse seule pour servir\u00a0? Dis-lui donc de m\u2019aider<\/em>\u00a0\u00bb (Luc 10,38-40).<\/p>\n<div class=\"link-product\">\n<div class=\"blocco-immagine\"><img loading=\"lazy\" decoding=\"async\" class=\"alignnone size-full wp-image-4934\" src=\"https:\/\/blog.holyart.it\/fr\/wp-content\/uploads\/sites\/14\/2022\/07\/Sainte-Marthe.jpg\" alt=\"Sainte Marthe\" width=\"100\" height=\"100\" data-kale-share-title=\"Marthe, Marie et Lazare : les amis de J\u00e9sus\" data-kale-share-url=\"https:\/\/blog.holyart.it\/fr\/?p=4931\" \/><\/div>\n<div class=\"blocco-contenuto\">\n<div class=\"blocco-acquista\">Acheter sur Holyart:<\/div>\n<div class=\"blocco-titolo\"><a href=\"https:\/\/www.holyart.fr\/articles-religieux\/statues\/statues-en-platre\/sainte-marthe-30-cm-platre-nacre\">Sainte Marthe<\/a><\/div>\n<div class=\"blocco-descrizione\">Sainte Marthe 30 cm pl\u00e2tre nacr\u00e9.<\/div>\n<\/div>\n<\/div>\n<p>Marthe se plaint donc avec J\u00e9sus, car pendant qu\u2019elle travaille<strong> <a href=\"https:\/\/www.holyart.fr\/blog\/saints-et-bienheureux\/qui-etait-vraiment-marie-madeleine-histoire-de-l-apotre-des-apotres\/\">sa s\u0153ur Marie<\/a> <\/strong>(Miry\u0101m) s\u2019est arr\u00eat\u00e9e pour l\u2019\u00e9couter, mais J\u00e9sus lui r\u00e9pond ainsi\u00a0: \u00ab\u00a0<em>Marthe, Marthe, tu t\u2019inqui\u00e8tes et tu t\u2019agites pour beaucoup de choses. Une seule chose est n\u00e9cessaire. Marie a choisi la bonne part, qui ne lui sera point \u00f4t\u00e9e<\/em>\u00a0\u00bb (Luc 10,41).<\/p>\n<p>De <a href=\"https:\/\/www.holyart.fr\/articles-religieux\/statues\/statues-en-resine-et-pvc\/saint-lazare-statue-resine-de-20-cm\"><strong>Lazare<\/strong><\/a> (Eleazar ou Eliezer), nous connaissons fort bien l\u2019histoire de <strong>sa mort et r\u00e9surrection<\/strong> par volont\u00e9 de J\u00e9sus racont\u00e9e dans l\u2019\u00c9vangile selon Jean (11,1-44)\u00a0: Marthe et Marie, s\u0153urs de Lazare, implorent l\u2019aide de J\u00e9sus, qui se rend au tombeau et fait revenir l\u2019homme de la mort.<\/p>\n<h2>Marthe et Marie : les deux visages de l\u2019hospitalit\u00e9<\/h2>\n<p>D\u00e9j\u00e0 dans le premier passage de l\u2019<strong>\u00c9vangile de Luc<\/strong>, nous voyons comment les deux s\u0153urs sont diff\u00e9renci\u00e9es. Elles expriment <strong>deux mani\u00e8res diff\u00e9rentes d\u2019aimer et de suivre J\u00e9sus-Christ<\/strong>\u00a0: Marthe le fait avec pr\u00e9venance, en l\u2019accueillant et en en prenant soin comme d\u2019un membre de la famille, tandis que Marie s\u2019assied \u00e0 Ses pieds et L\u2019\u00e9coute. Les deux approches sont des mani\u00e8res pour manifester amour et amiti\u00e9 pour le Seigneur.<\/p>\n<p>Marthe avec ses soins, Marie avec son \u00e9coute et sa v\u00e9n\u00e9ration, Lazare avec son silence affectueux et sa confiance en la Parole de J\u00e9sus sont l\u2019incarnation des <strong>trois mani\u00e8res pour L\u2019aimer et Le suivre<\/strong>. Une foi faite de contemplation, mais aussi d\u2019action, de gestes. Ce n\u2019est pas un hasard si, selon la <em>Legenda aurea<\/em>, les trois fr\u00e8res de B\u00e9thanie, <a href=\"https:\/\/www.holyart.fr\/blog\/articles-religieux\/pourquoi-jesus-en-croix-est-un-symbole-si-important-pour-les-catholiques\/\"><strong>apr\u00e8s la mort de J\u00e9sus<\/strong><\/a>, se rendirent en France pr\u00eacher Sa parole et Lazare devint le premier \u00e9v\u00eaque de Marseille. Selon une autre tradition, Lazare fut condamn\u00e9 \u00e0 mort par les grands pr\u00eatres puisque, avec sa r\u00e9surrection, il \u00e9tait devenu la preuve vivante du pouvoir de J\u00e9sus.<\/p>\n<p>C\u2019est justement dans cette int\u00e9gration entre l\u2019hospitalit\u00e9, faite de nourriture, chaleur, tranquillit\u00e9, et l\u2019absolue d\u00e9votion, que Pape Fran\u00e7ois a trouv\u00e9 la motivation parfaite pour faire reconna\u00eetre \u00e0 tous les trois fr\u00e8res de B\u00e9thanie le droit d\u2019\u00eatre rappel\u00e9s et c\u00e9l\u00e9br\u00e9s en tant qu\u2019amis de J\u00e9sus.<\/p>\n<div class=\"link-product\">\n<div class=\"blocco-immagine\"><img loading=\"lazy\" decoding=\"async\" class=\"alignnone size-full wp-image-4936\" src=\"https:\/\/blog.holyart.it\/fr\/wp-content\/uploads\/sites\/14\/2022\/07\/Saint-Lazare.jpg\" alt=\"Saint Lazare\" width=\"100\" height=\"100\" data-kale-share-title=\"Marthe, Marie et Lazare : les amis de J\u00e9sus\" data-kale-share-url=\"https:\/\/blog.holyart.it\/fr\/?p=4931\" \/><\/div>\n<div class=\"blocco-contenuto\">\n<div class=\"blocco-acquista\">Acheter sur Holyart:<\/div>\n<div class=\"blocco-titolo\"><a href=\"https:\/\/www.holyart.fr\/articles-religieux\/statues\/statues-en-resine-et-pvc\/saint-lazare-statue-resine-de-20-cm\">Saint Lazare statue r\u00e9sine<\/a><\/div>\n<div class=\"blocco-descrizione\">Saint Lazare statue r\u00e9sine de 20 cm.<\/div>\n<\/div>\n<\/div>\n<h2>Les doutes sur la p\u00e9cheresse<\/h2>\n<p>Afin de comprendre pourquoi cette reconnaissance a d\u00fb attendre, nous devons \u00e9galement prendre en compte les <a href=\"https:\/\/www.holyart.fr\/blog\/saints-et-bienheureux\/marie-madeleine-epouse-de-jesus-tirons-les-choses-au-clair\/\"><strong>doutes sur l\u2019identit\u00e9 de la p\u00e9cheresse<\/strong><\/a>, la prostitu\u00e9e qui aurait lav\u00e9 les pieds de J\u00e9sus avec ses propres larmes et les aurait essuy\u00e9s avec ses cheveux. Pendant des si\u00e8cles, cette figure a \u00e9t\u00e9 confondue et superpos\u00e9e \u00e0 celles de Marie Madeleine et Marie de B\u00e9thanie, faisant en sorte qu\u2019\u00e0 cette derni\u00e8re ne soit pas reconnue la m\u00eame dignit\u00e9 que sa s\u0153ur Marthe. Des \u00e9tudes r\u00e9centes ont d\u00e9montr\u00e9 que, bien que Marie aussi, s\u0153ur de Marthe et de Lazare, ait <a href=\"https:\/\/www.holyart.fr\/blog\/articles-religieux\/huile-de-nard-de-jerusalem-decouvrons-les-benefices-de-cet-ancien-onguent\/\"><strong>oint les pieds de J\u00e9sus avec une huile tr\u00e8s ch\u00e8re<\/strong><\/a> et les ait essuy\u00e9s avec ses cheveux, en mettant en col\u00e8re Judas (Jean 12, 1-8), il ne s\u2019agissait pas de la p\u00e9cheresse pr\u00e9sum\u00e9e.<\/p>\n<div class=\"link-article\">\n<p><img loading=\"lazy\" decoding=\"async\" class=\"size-full wp-image-4938 alignleft\" src=\"https:\/\/blog.holyart.it\/fr\/wp-content\/uploads\/sites\/14\/2022\/07\/Marie-Madeleine-1.jpg\" alt=\"Marie-Madeleine\" width=\"150\" height=\"99\" data-kale-share-title=\"Marthe, Marie et Lazare : les amis de J\u00e9sus\" data-kale-share-url=\"https:\/\/blog.holyart.it\/fr\/?p=4931\" \/><\/p>\n<div class=\"leggi-anche\">Lire aussi :<\/div>\n<p><strong><a href=\"https:\/\/www.holyart.fr\/blog\/saints-et-bienheureux\/qui-etait-vraiment-marie-madeleine-histoire-de-l-apotre-des-apotres\/\">Qui \u00e9tait vraiment Marie Madeleine : histoire de l\u2019\u00ab Ap\u00f4tre des Ap\u00f4tres \u00bb<\/a><\/strong><br \/>\nParmi les disciples, il y avait aussi plusieurs femmes.<\/p>\n<\/div>\n<p>Apr\u00e8s tout, pour nous tous vaut le concept que l\u2019amiti\u00e9, la v\u00e9ritable amiti\u00e9, doit \u00eatre faite d\u2019affection et de partage, de la conscience de pouvoir trouver aupr\u00e8s de quelqu\u2019un qui n\u2019est pas un membre de la famille une maison, un refuge, un endroit o\u00f9 nous sentir accept\u00e9s. <a href=\"https:\/\/www.holyart.fr\/articles-religieux\/crucifix\/crucifix-en-bois\/crucifix-signe-de-la-paix-bois-olivier-14-cm\"><strong>L\u2019amiti\u00e9 est de l\u2019amour sans r\u00e9serve<\/strong><\/a>, un bien pr\u00e9cieux qui ne devrait manquer dans la vie de personne. M\u00eame J\u00e9sus le savait bien, et pour cette raison il aimait tendrement ses amis Marthe, Marie et Lazare de B\u00e9thanie.<\/p>\n<div class=\"link-product\">\n<div class=\"blocco-immagine\"><img loading=\"lazy\" decoding=\"async\" class=\"alignnone size-full wp-image-4939\" src=\"https:\/\/blog.holyart.it\/fr\/wp-content\/uploads\/sites\/14\/2022\/07\/crucifix-signe-de-la-paix-bois-olivier-14-cm.jpg\" alt=\"crucifix-signe-de-la-paix-bois-olivier-14-cm\" width=\"100\" height=\"100\" data-kale-share-title=\"Marthe, Marie et Lazare : les amis de J\u00e9sus\" data-kale-share-url=\"https:\/\/blog.holyart.it\/fr\/?p=4931\" \/><\/div>\n<div class=\"blocco-contenuto\">\n<div class=\"blocco-acquista\">Acheter sur Holyart:<\/div>\n<div class=\"blocco-titolo\"><a href=\"https:\/\/www.holyart.fr\/articles-religieux\/crucifix\/crucifix-en-bois\/crucifix-signe-de-la-paix-bois-olivier-14-cm\">Crucifix signe de la paix bois olivier<\/a><\/div>\n<div class=\"blocco-descrizione\">Crucifix signe de la paix bois olivier 14 cm.<\/div>\n<\/div>\n<\/div>\n","protected":false},"excerpt":{"rendered":"<p>Le 29 juillet on c\u00e9l\u00e8bre la m\u00e9moire de Marthe, Marie et Lazare de B\u00e9thanie. Voici pourquoi ces saints \u00e9taient parmi les amis de J\u00e9sus les plus chers. En 2011, l\u2019Assembl\u00e9e G\u00e9n\u00e9rale des Nations Unis a d\u00e9cr\u00e9t\u00e9 pour le 30 juillet les festivit\u00e9s de la Journ\u00e9e&hellip;<\/p>\n","protected":false},"author":1,"featured_media":4941,"comment_status":"closed","ping_status":"open","sticky":false,"template":"","format":"standard","meta":{"_acf_changed":false,"footnotes":""},"categories":[7],"tags":[],"class_list":["post-4931","post","type-post","status-publish","format-standard","has-post-thumbnail","hentry","category-saints-et-bienheureux"],"acf":[],"yoast_head":"<!-- This site is optimized with the Yoast SEO plugin v26.6 - https:\/\/yoast.com\/wordpress\/plugins\/seo\/ -->\n<title>Marthe, Marie et Lazare : les amis de J\u00e9sus - Holyart.fr Blog<\/title>\n<meta name=\"description\" content=\"Le 29 juillet on c\u00e9l\u00e8bre la m\u00e9moire de Marthe, Marie et Lazare de B\u00e9thanie. Voici pourquoi ces saints \u00e9taient parmi les amis de J\u00e9sus les plus chers.\" \/>\n<meta name=\"robots\" content=\"index, follow, max-snippet:-1, max-image-preview:large, max-video-preview:-1\" \/>\n<link rel=\"canonical\" href=\"https:\/\/blog.holyart.it\/fr\/saints-et-bienheureux\/marthe-marie-et-lazare-les-amis-de-jesus\/\" \/>\n<meta property=\"og:locale\" content=\"fr_FR\" \/>\n<meta property=\"og:type\" content=\"article\" \/>\n<meta property=\"og:title\" content=\"Marthe, Marie et Lazare : les amis de J\u00e9sus - Holyart.fr Blog\" \/>\n<meta property=\"og:description\" content=\"Le 29 juillet on c\u00e9l\u00e8bre la m\u00e9moire de Marthe, Marie et Lazare de B\u00e9thanie. Voici pourquoi ces saints \u00e9taient parmi les amis de J\u00e9sus les plus chers.\" \/>\n<meta property=\"og:url\" content=\"https:\/\/blog.holyart.it\/fr\/saints-et-bienheureux\/marthe-marie-et-lazare-les-amis-de-jesus\/\" \/>\n<meta property=\"og:site_name\" content=\"Holyart.fr Blog\" \/>\n<meta property=\"article:published_time\" content=\"2022-07-25T10:30:10+00:00\" \/>\n<meta property=\"article:modified_time\" content=\"2024-07-02T15:29:42+00:00\" \/>\n<meta property=\"og:image\" content=\"https:\/\/blog.holyart.it\/fr\/wp-content\/uploads\/sites\/14\/2022\/07\/Marthe-Marie-et-Lazare.jpg\" \/>\n\t<meta property=\"og:image:width\" content=\"1000\" \/>\n\t<meta property=\"og:image:height\" content=\"664\" \/>\n\t<meta property=\"og:image:type\" content=\"image\/jpeg\" \/>\n<meta name=\"author\" content=\"Redazione\" \/>\n<meta name=\"twitter:card\" content=\"summary_large_image\" \/>\n<meta name=\"twitter:label1\" content=\"\u00c9crit par\" \/>\n\t<meta name=\"twitter:data1\" content=\"Redazione\" \/>\n\t<meta name=\"twitter:label2\" content=\"Dur\u00e9e de lecture estim\u00e9e\" \/>\n\t<meta name=\"twitter:data2\" content=\"6 minutes\" \/>\n<script type=\"application\/ld+json\" class=\"yoast-schema-graph\">{\"@context\":\"https:\/\/schema.org\",\"@graph\":[{\"@type\":\"Article\",\"@id\":\"https:\/\/blog.holyart.it\/fr\/saints-et-bienheureux\/marthe-marie-et-lazare-les-amis-de-jesus\/#article\",\"isPartOf\":{\"@id\":\"https:\/\/blog.holyart.it\/fr\/saints-et-bienheureux\/marthe-marie-et-lazare-les-amis-de-jesus\/\"},\"author\":{\"name\":\"Redazione\",\"@id\":\"https:\/\/blog.holyart.it\/fr\/#\/schema\/person\/0a7b686e5af0f856ec1e390dd0baecda\"},\"headline\":\"Marthe, Marie et Lazare : les amis de J\u00e9sus\",\"datePublished\":\"2022-07-25T10:30:10+00:00\",\"dateModified\":\"2024-07-02T15:29:42+00:00\",\"mainEntityOfPage\":{\"@id\":\"https:\/\/blog.holyart.it\/fr\/saints-et-bienheureux\/marthe-marie-et-lazare-les-amis-de-jesus\/\"},\"wordCount\":1076,\"publisher\":{\"@id\":\"https:\/\/blog.holyart.it\/fr\/#organization\"},\"image\":{\"@id\":\"https:\/\/blog.holyart.it\/fr\/saints-et-bienheureux\/marthe-marie-et-lazare-les-amis-de-jesus\/#primaryimage\"},\"thumbnailUrl\":\"https:\/\/blog.holyart.it\/fr\/wp-content\/uploads\/sites\/14\/2022\/07\/Marthe-Marie-et-Lazare.jpg\",\"articleSection\":[\"Saints et Bienheureux\"],\"inLanguage\":\"fr-FR\"},{\"@type\":\"WebPage\",\"@id\":\"https:\/\/blog.holyart.it\/fr\/saints-et-bienheureux\/marthe-marie-et-lazare-les-amis-de-jesus\/\",\"url\":\"https:\/\/blog.holyart.it\/fr\/saints-et-bienheureux\/marthe-marie-et-lazare-les-amis-de-jesus\/\",\"name\":\"Marthe, Marie et Lazare : les amis de J\u00e9sus - Holyart.fr Blog\",\"isPartOf\":{\"@id\":\"https:\/\/blog.holyart.it\/fr\/#website\"},\"primaryImageOfPage\":{\"@id\":\"https:\/\/blog.holyart.it\/fr\/saints-et-bienheureux\/marthe-marie-et-lazare-les-amis-de-jesus\/#primaryimage\"},\"image\":{\"@id\":\"https:\/\/blog.holyart.it\/fr\/saints-et-bienheureux\/marthe-marie-et-lazare-les-amis-de-jesus\/#primaryimage\"},\"thumbnailUrl\":\"https:\/\/blog.holyart.it\/fr\/wp-content\/uploads\/sites\/14\/2022\/07\/Marthe-Marie-et-Lazare.jpg\",\"datePublished\":\"2022-07-25T10:30:10+00:00\",\"dateModified\":\"2024-07-02T15:29:42+00:00\",\"description\":\"Le 29 juillet on c\u00e9l\u00e8bre la m\u00e9moire de Marthe, Marie et Lazare de B\u00e9thanie. Voici pourquoi ces saints \u00e9taient parmi les amis de J\u00e9sus les plus chers.\",\"breadcrumb\":{\"@id\":\"https:\/\/blog.holyart.it\/fr\/saints-et-bienheureux\/marthe-marie-et-lazare-les-amis-de-jesus\/#breadcrumb\"},\"inLanguage\":\"fr-FR\",\"potentialAction\":[{\"@type\":\"ReadAction\",\"target\":[\"https:\/\/blog.holyart.it\/fr\/saints-et-bienheureux\/marthe-marie-et-lazare-les-amis-de-jesus\/\"]}]},{\"@type\":\"ImageObject\",\"inLanguage\":\"fr-FR\",\"@id\":\"https:\/\/blog.holyart.it\/fr\/saints-et-bienheureux\/marthe-marie-et-lazare-les-amis-de-jesus\/#primaryimage\",\"url\":\"https:\/\/blog.holyart.it\/fr\/wp-content\/uploads\/sites\/14\/2022\/07\/Marthe-Marie-et-Lazare.jpg\",\"contentUrl\":\"https:\/\/blog.holyart.it\/fr\/wp-content\/uploads\/sites\/14\/2022\/07\/Marthe-Marie-et-Lazare.jpg\",\"width\":1000,\"height\":664,\"caption\":\"Marthe Marie et Lazare\"},{\"@type\":\"BreadcrumbList\",\"@id\":\"https:\/\/blog.holyart.it\/fr\/saints-et-bienheureux\/marthe-marie-et-lazare-les-amis-de-jesus\/#breadcrumb\",\"itemListElement\":[{\"@type\":\"ListItem\",\"position\":1,\"name\":\"Homepage\",\"item\":\"https:\/\/blog.holyart.it\/fr\/\"},{\"@type\":\"ListItem\",\"position\":2,\"name\":\"Saints et Bienheureux\",\"item\":\"https:\/\/blog.holyart.it\/fr\/saints-et-bienheureux\/\"},{\"@type\":\"ListItem\",\"position\":3,\"name\":\"Marthe, Marie et Lazare : les amis de J\u00e9sus\"}]},{\"@type\":\"WebSite\",\"@id\":\"https:\/\/blog.holyart.it\/fr\/#website\",\"url\":\"https:\/\/blog.holyart.it\/fr\/\",\"name\":\"Holyart.fr Blog\",\"description\":\"Holyblog\",\"publisher\":{\"@id\":\"https:\/\/blog.holyart.it\/fr\/#organization\"},\"potentialAction\":[{\"@type\":\"SearchAction\",\"target\":{\"@type\":\"EntryPoint\",\"urlTemplate\":\"https:\/\/blog.holyart.it\/fr\/?s={search_term_string}\"},\"query-input\":{\"@type\":\"PropertyValueSpecification\",\"valueRequired\":true,\"valueName\":\"search_term_string\"}}],\"inLanguage\":\"fr-FR\"},{\"@type\":\"Organization\",\"@id\":\"https:\/\/blog.holyart.it\/fr\/#organization\",\"name\":\"Holyart.fr Blog\",\"url\":\"https:\/\/blog.holyart.it\/fr\/\",\"logo\":{\"@type\":\"ImageObject\",\"inLanguage\":\"fr-FR\",\"@id\":\"https:\/\/blog.holyart.it\/fr\/#\/schema\/logo\/image\/\",\"url\":\"https:\/\/blog.holyart.it\/fr\/wp-content\/uploads\/sites\/14\/2022\/12\/Holyart_Blog_Logo.jpg\",\"contentUrl\":\"https:\/\/blog.holyart.it\/fr\/wp-content\/uploads\/sites\/14\/2022\/12\/Holyart_Blog_Logo.jpg\",\"width\":300,\"height\":50,\"caption\":\"Holyart.fr Blog\"},\"image\":{\"@id\":\"https:\/\/blog.holyart.it\/fr\/#\/schema\/logo\/image\/\"}},{\"@type\":\"Person\",\"@id\":\"https:\/\/blog.holyart.it\/fr\/#\/schema\/person\/0a7b686e5af0f856ec1e390dd0baecda\",\"name\":\"Redazione\",\"image\":{\"@type\":\"ImageObject\",\"inLanguage\":\"fr-FR\",\"@id\":\"https:\/\/blog.holyart.it\/fr\/#\/schema\/person\/image\/\",\"url\":\"https:\/\/secure.gravatar.com\/avatar\/f477da817f43e50d0af36abecd33e3edf826c68299714bdc1057dff3b113f516?s=96&d=mm&r=g\",\"contentUrl\":\"https:\/\/secure.gravatar.com\/avatar\/f477da817f43e50d0af36abecd33e3edf826c68299714bdc1057dff3b113f516?s=96&d=mm&r=g\",\"caption\":\"Redazione\"},\"url\":\"https:\/\/blog.holyart.it\/fr\/author\/admin\/\"}]}<\/script>\n<!-- \/ Yoast SEO plugin. -->","yoast_head_json":{"title":"Marthe, Marie et Lazare : les amis de J\u00e9sus - Holyart.fr Blog","description":"Le 29 juillet on c\u00e9l\u00e8bre la m\u00e9moire de Marthe, Marie et Lazare de B\u00e9thanie. Voici pourquoi ces saints \u00e9taient parmi les amis de J\u00e9sus les plus chers.","robots":{"index":"index","follow":"follow","max-snippet":"max-snippet:-1","max-image-preview":"max-image-preview:large","max-video-preview":"max-video-preview:-1"},"canonical":"https:\/\/blog.holyart.it\/fr\/saints-et-bienheureux\/marthe-marie-et-lazare-les-amis-de-jesus\/","og_locale":"fr_FR","og_type":"article","og_title":"Marthe, Marie et Lazare : les amis de J\u00e9sus - Holyart.fr Blog","og_description":"Le 29 juillet on c\u00e9l\u00e8bre la m\u00e9moire de Marthe, Marie et Lazare de B\u00e9thanie. Voici pourquoi ces saints \u00e9taient parmi les amis de J\u00e9sus les plus chers.","og_url":"https:\/\/blog.holyart.it\/fr\/saints-et-bienheureux\/marthe-marie-et-lazare-les-amis-de-jesus\/","og_site_name":"Holyart.fr Blog","article_published_time":"2022-07-25T10:30:10+00:00","article_modified_time":"2024-07-02T15:29:42+00:00","og_image":[{"width":1000,"height":664,"url":"https:\/\/blog.holyart.it\/fr\/wp-content\/uploads\/sites\/14\/2022\/07\/Marthe-Marie-et-Lazare.jpg","type":"image\/jpeg"}],"author":"Redazione","twitter_card":"summary_large_image","twitter_misc":{"\u00c9crit par":"Redazione","Dur\u00e9e de lecture estim\u00e9e":"6 minutes"},"schema":{"@context":"https:\/\/schema.org","@graph":[{"@type":"Article","@id":"https:\/\/blog.holyart.it\/fr\/saints-et-bienheureux\/marthe-marie-et-lazare-les-amis-de-jesus\/#article","isPartOf":{"@id":"https:\/\/blog.holyart.it\/fr\/saints-et-bienheureux\/marthe-marie-et-lazare-les-amis-de-jesus\/"},"author":{"name":"Redazione","@id":"https:\/\/blog.holyart.it\/fr\/#\/schema\/person\/0a7b686e5af0f856ec1e390dd0baecda"},"headline":"Marthe, Marie et Lazare : les amis de J\u00e9sus","datePublished":"2022-07-25T10:30:10+00:00","dateModified":"2024-07-02T15:29:42+00:00","mainEntityOfPage":{"@id":"https:\/\/blog.holyart.it\/fr\/saints-et-bienheureux\/marthe-marie-et-lazare-les-amis-de-jesus\/"},"wordCount":1076,"publisher":{"@id":"https:\/\/blog.holyart.it\/fr\/#organization"},"image":{"@id":"https:\/\/blog.holyart.it\/fr\/saints-et-bienheureux\/marthe-marie-et-lazare-les-amis-de-jesus\/#primaryimage"},"thumbnailUrl":"https:\/\/blog.holyart.it\/fr\/wp-content\/uploads\/sites\/14\/2022\/07\/Marthe-Marie-et-Lazare.jpg","articleSection":["Saints et Bienheureux"],"inLanguage":"fr-FR"},{"@type":"WebPage","@id":"https:\/\/blog.holyart.it\/fr\/saints-et-bienheureux\/marthe-marie-et-lazare-les-amis-de-jesus\/","url":"https:\/\/blog.holyart.it\/fr\/saints-et-bienheureux\/marthe-marie-et-lazare-les-amis-de-jesus\/","name":"Marthe, Marie et Lazare : les amis de J\u00e9sus - Holyart.fr Blog","isPartOf":{"@id":"https:\/\/blog.holyart.it\/fr\/#website"},"primaryImageOfPage":{"@id":"https:\/\/blog.holyart.it\/fr\/saints-et-bienheureux\/marthe-marie-et-lazare-les-amis-de-jesus\/#primaryimage"},"image":{"@id":"https:\/\/blog.holyart.it\/fr\/saints-et-bienheureux\/marthe-marie-et-lazare-les-amis-de-jesus\/#primaryimage"},"thumbnailUrl":"https:\/\/blog.holyart.it\/fr\/wp-content\/uploads\/sites\/14\/2022\/07\/Marthe-Marie-et-Lazare.jpg","datePublished":"2022-07-25T10:30:10+00:00","dateModified":"2024-07-02T15:29:42+00:00","description":"Le 29 juillet on c\u00e9l\u00e8bre la m\u00e9moire de Marthe, Marie et Lazare de B\u00e9thanie. Voici pourquoi ces saints \u00e9taient parmi les amis de J\u00e9sus les plus chers.","breadcrumb":{"@id":"https:\/\/blog.holyart.it\/fr\/saints-et-bienheureux\/marthe-marie-et-lazare-les-amis-de-jesus\/#breadcrumb"},"inLanguage":"fr-FR","potentialAction":[{"@type":"ReadAction","target":["https:\/\/blog.holyart.it\/fr\/saints-et-bienheureux\/marthe-marie-et-lazare-les-amis-de-jesus\/"]}]},{"@type":"ImageObject","inLanguage":"fr-FR","@id":"https:\/\/blog.holyart.it\/fr\/saints-et-bienheureux\/marthe-marie-et-lazare-les-amis-de-jesus\/#primaryimage","url":"https:\/\/blog.holyart.it\/fr\/wp-content\/uploads\/sites\/14\/2022\/07\/Marthe-Marie-et-Lazare.jpg","contentUrl":"https:\/\/blog.holyart.it\/fr\/wp-content\/uploads\/sites\/14\/2022\/07\/Marthe-Marie-et-Lazare.jpg","width":1000,"height":664,"caption":"Marthe Marie et Lazare"},{"@type":"BreadcrumbList","@id":"https:\/\/blog.holyart.it\/fr\/saints-et-bienheureux\/marthe-marie-et-lazare-les-amis-de-jesus\/#breadcrumb","itemListElement":[{"@type":"ListItem","position":1,"name":"Homepage","item":"https:\/\/blog.holyart.it\/fr\/"},{"@type":"ListItem","position":2,"name":"Saints et Bienheureux","item":"https:\/\/blog.holyart.it\/fr\/saints-et-bienheureux\/"},{"@type":"ListItem","position":3,"name":"Marthe, Marie et Lazare : les amis de J\u00e9sus"}]},{"@type":"WebSite","@id":"https:\/\/blog.holyart.it\/fr\/#website","url":"https:\/\/blog.holyart.it\/fr\/","name":"Holyart.fr Blog","description":"Holyblog","publisher":{"@id":"https:\/\/blog.holyart.it\/fr\/#organization"},"potentialAction":[{"@type":"SearchAction","target":{"@type":"EntryPoint","urlTemplate":"https:\/\/blog.holyart.it\/fr\/?s={search_term_string}"},"query-input":{"@type":"PropertyValueSpecification","valueRequired":true,"valueName":"search_term_string"}}],"inLanguage":"fr-FR"},{"@type":"Organization","@id":"https:\/\/blog.holyart.it\/fr\/#organization","name":"Holyart.fr Blog","url":"https:\/\/blog.holyart.it\/fr\/","logo":{"@type":"ImageObject","inLanguage":"fr-FR","@id":"https:\/\/blog.holyart.it\/fr\/#\/schema\/logo\/image\/","url":"https:\/\/blog.holyart.it\/fr\/wp-content\/uploads\/sites\/14\/2022\/12\/Holyart_Blog_Logo.jpg","contentUrl":"https:\/\/blog.holyart.it\/fr\/wp-content\/uploads\/sites\/14\/2022\/12\/Holyart_Blog_Logo.jpg","width":300,"height":50,"caption":"Holyart.fr Blog"},"image":{"@id":"https:\/\/blog.holyart.it\/fr\/#\/schema\/logo\/image\/"}},{"@type":"Person","@id":"https:\/\/blog.holyart.it\/fr\/#\/schema\/person\/0a7b686e5af0f856ec1e390dd0baecda","name":"Redazione","image":{"@type":"ImageObject","inLanguage":"fr-FR","@id":"https:\/\/blog.holyart.it\/fr\/#\/schema\/person\/image\/","url":"https:\/\/secure.gravatar.com\/avatar\/f477da817f43e50d0af36abecd33e3edf826c68299714bdc1057dff3b113f516?s=96&d=mm&r=g","contentUrl":"https:\/\/secure.gravatar.com\/avatar\/f477da817f43e50d0af36abecd33e3edf826c68299714bdc1057dff3b113f516?s=96&d=mm&r=g","caption":"Redazione"},"url":"https:\/\/blog.holyart.it\/fr\/author\/admin\/"}]}},"_links":{"self":[{"href":"https:\/\/blog.holyart.it\/fr\/wp-json\/wp\/v2\/posts\/4931","targetHints":{"allow":["GET"]}}],"collection":[{"href":"https:\/\/blog.holyart.it\/fr\/wp-json\/wp\/v2\/posts"}],"about":[{"href":"https:\/\/blog.holyart.it\/fr\/wp-json\/wp\/v2\/types\/post"}],"author":[{"embeddable":true,"href":"https:\/\/blog.holyart.it\/fr\/wp-json\/wp\/v2\/users\/1"}],"replies":[{"embeddable":true,"href":"https:\/\/blog.holyart.it\/fr\/wp-json\/wp\/v2\/comments?post=4931"}],"version-history":[{"count":1,"href":"https:\/\/blog.holyart.it\/fr\/wp-json\/wp\/v2\/posts\/4931\/revisions"}],"predecessor-version":[{"id":8519,"href":"https:\/\/blog.holyart.it\/fr\/wp-json\/wp\/v2\/posts\/4931\/revisions\/8519"}],"wp:featuredmedia":[{"embeddable":true,"href":"https:\/\/blog.holyart.it\/fr\/wp-json\/wp\/v2\/media\/4941"}],"wp:attachment":[{"href":"https:\/\/blog.holyart.it\/fr\/wp-json\/wp\/v2\/media?parent=4931"}],"wp:term":[{"taxonomy":"category","embeddable":true,"href":"https:\/\/blog.holyart.it\/fr\/wp-json\/wp\/v2\/categories?post=4931"},{"taxonomy":"post_tag","embeddable":true,"href":"https:\/\/blog.holyart.it\/fr\/wp-json\/wp\/v2\/tags?post=4931"}],"curies":[{"name":"wp","href":"https:\/\/api.w.org\/{rel}","templated":true}]}}