{"id":4911,"date":"2022-07-20T12:30:14","date_gmt":"2022-07-20T10:30:14","guid":{"rendered":"https:\/\/blog.holyart.it\/fr\/?p=4911"},"modified":"2024-07-05T17:14:31","modified_gmt":"2024-07-05T15:14:31","slug":"lhistoire-de-sainte-anne-mere-de-marie","status":"publish","type":"post","link":"https:\/\/blog.holyart.it\/fr\/articles-religieux\/lhistoire-de-sainte-anne-mere-de-marie\/","title":{"rendered":"L\u2019histoire de Sainte Anne, m\u00e8re de Marie"},"content":{"rendered":"<h4><em>Le 26 juillet on c\u00e9l\u00e8bre Sainte Anne et Saint Joachim, les parents de la Vierge Marie. Le m\u00eame jour on f\u00eate la journ\u00e9e des grands-parents. D\u00e9couvrons pourquoi.<\/em><\/h4>\n\n<p>Bien que la <strong>F\u00eate des Grands-Parents<\/strong> ait \u00e9t\u00e9 institu\u00e9e comme r\u00e9currence civile en Italie le <strong>2 octobre<\/strong> de chaque ann\u00e9e, en parall\u00e8le \u00e0 la <strong>f\u00eate des Anges<\/strong>, le <strong>26 juillet<\/strong> aussi les grands-parents sont rappel\u00e9s et c\u00e9l\u00e9br\u00e9s. Cela parce qu\u2019en cette journ\u00e9e on rappelle Sainte Anne, la maman de Marie, qui, en plus d\u2019\u00eatre la sainte protectrice des m\u00e8res et des parturientes, avec son mari Saint Joachim elle est \u00e9galement la sainte patronne des grands-parents. Il n\u2019est pas difficile d\u2019imaginer la raison de ce patronat\u00a0: Sainte Anne et Saint Joachim sont en effet les <strong>grands-parents de J\u00e9sus<\/strong>, tout simplement.<\/p>\n<p>Nous nous sommes attard\u00e9s dans un <strong><a href=\"https:\/\/www.holyart.fr\/blog\/articles-religieux\/fete-des-grands-parents-quand-la-celebrer-quoi-offrir-un-lien-tres-fort-avec-les-anges-gardiens\/\">article pr\u00e9c\u00e9dent<\/a> <\/strong>sur le fait que la F\u00eate des Grands-Parents c\u00e9l\u00e9br\u00e9e le 2 octobre repr\u00e9sente une reconnaissance officielle de la part de l\u2019\u00e9tat italien de la valeur des grands-parents dans la soci\u00e9t\u00e9, r\u00f4le consid\u00e9r\u00e9 non moins important que celui des parents dans le d\u00e9veloppement et le bonheur des enfants.<\/p>\n<div class=\"link-article\">\n<p><img loading=\"lazy\" decoding=\"async\" class=\"size-full wp-image-4912 alignleft\" src=\"https:\/\/blog.holyart.it\/fr\/wp-content\/uploads\/sites\/14\/2022\/07\/Fete-des-grands-parents.jpg\" alt=\"Fete des grands-parents\" width=\"150\" height=\"99\" data-kale-share-title=\"L\u2019histoire de Sainte Anne, m\u00e8re de Marie\" data-kale-share-url=\"https:\/\/blog.holyart.it\/fr\/?p=4911\" \/><\/p>\n<div class=\"leggi-anche\">Lire aussi :<\/div>\n<p><strong><a href=\"https:\/\/www.holyart.fr\/blog\/articles-religieux\/fete-des-grands-parents-quand-la-celebrer-quoi-offrir-un-lien-tres-fort-avec-les-anges-gardiens\/\">F\u00eate des grands-parents : quand la c\u00e9l\u00e9brer, quoi offrir, un lien tr\u00e8s fort avec les anges gardiens<\/a><\/strong><br \/>\nTout le monde n\u2019a pas eu la chance de grandir avec un grand-parent&#8230;<\/p>\n<\/div>\n<p>Mais le fait que cette f\u00eate tombe le m\u00eame jour dans lequel on c\u00e9l\u00e8bre les Anges n\u2019est pas anodin. En effet, pour de nombreux aspects, les grands-parents sont comme des <a href=\"https:\/\/www.holyart.fr\/blog\/articles-religieux\/ange-gardien-quil-10-choses-a-savoir\/\"><strong>anges gardiens<\/strong><\/a> en chair et en os, toujours pr\u00eats \u00e0 se sacrifier pour le bien de ceux qu\u2019ils aiment, toujours visant \u00e0 prot\u00e9ger leurs enfants et leurs petits-enfants avec toutes leurs forces et leurs pens\u00e9es.<\/p>\n<p>Il ne semble donc pas erron\u00e9 de d\u00e9dier une ult\u00e9rieure f\u00eate aux grands-parents, de mani\u00e8re \u00e0 ce que ceux qui ont encore la chance de les avoir \u00e0 leur c\u00f4t\u00e9 puissent se rappeler de cette chance et aller peut-\u00eatre les voir, leur amener un cadeau ou simplement le plaisir d\u2019un peu de compagnie. Les <strong>enfants<\/strong> en particulier devraient \u00eatre encourag\u00e9s \u00e0 passer le plus de temps possible avec leurs grands-parents, non seulement parce qu\u2019ils sont gentils et attentionn\u00e9s, mais aussi pour l\u2019immense <strong>bagage d\u2019exp\u00e9rience et de connaissance<\/strong> qu\u2019ils peuvent leur transmettre avec leurs r\u00e9cits. Nous ne serions pas ce que nous sommes aujourd\u2019hui sans ceux qui sont venus avant nous et les grands-parents sont le symbole m\u00eame d\u2019un h\u00e9ritage historique lointain et pourtant extraordinairement proche. Ils sont notre lien avec le pass\u00e9, les racines m\u00eames de notre pr\u00e9sent, et leur exemple et leur amour peuvent infuser en nous l\u2019espoir dans le futur pour quand nous serons grands-parents \u00e0 notre tour.<\/p>\n<p>Mais apprenons \u00e0 mieux conna\u00eetre Sainte Anne et Saint Joachim, parents de la Vierge et grands-parents de J\u00e9sus.<\/p>\n<h2>Histoire de Sainte Anne<\/h2>\n<p><a href=\"https:\/\/www.holyart.fr\/articles-religieux\/statues\/statues-en-bois-peint\/sainte-anne-et-marie-statue-peinte-bois-val-gardena\"><strong>Anne et Joachim<\/strong><\/a> n\u2019apparaissent pas dans la Bible. Ce que nous savons d\u2019eux, comme pour Zacharie et Ism\u00e9rie (s\u0153ur d\u2019Anne), parents d\u2019\u00c9lisabeth, nous vient de la tradition agiographique successive et des \u00e9vangiles apocryphes.<\/p>\n<p>La l\u00e9gende veut que les deux aient fait partie de la classe sacerdotale juive, m\u00eame s\u2019ils existent diff\u00e9rentes versions qui attribuent \u00e0 Anne des parent\u00e9s illustres avec d\u2019autres figures de l\u2019histoire religieuse, comme Joseph d\u2019Arimathie, l\u2019homme qui s\u2019occupa de r\u00e9cup\u00e9rer et enterrer le corps de Christ, qui aurait \u00e9t\u00e9 son oncle.<br \/>\nCe qui est certain est que, bien qu\u2019ils fussent tous les deux nobles et vertueux, Anne et Joachim n\u2019arrivaient pas \u00e0 avoir d\u2019enfants, exactement comme Zacharie et Ism\u00e9rie.La honte pour ce manque poussa Joachim \u00e0 se retirer dans le d\u00e9sert, au milieu des bergers, mais c\u2019est justement \u00e0 ce moment-l\u00e0 qu\u2019un <strong>ange<\/strong> apparut \u00e0 lui et \u00e0 sa femme Anne, en leur annon\u00e7ant la naissance d\u2019un enfant. Suivant les instructions de l\u2019ange, les deux se rencontr\u00e8rent pr\u00e8s de la Porte Dor\u00e9e de J\u00e9rusalem, et ici, gr\u00e2ce \u00e0 un simple baiser, leur cr\u00e9ature aurait \u00e9t\u00e9 con\u00e7ue.<\/p>\n<p>Quand, comme l\u2019ange avait promis, naquit une fille qui aurait chang\u00e9 l\u2019histoire du monde pour toujours, <a href=\"https:\/\/www.holyart.fr\/articles-religieux\/tapisseries-religieuses\/tapisserie-ste-anne-de-murillo-50x40-cm\"><strong>Anne et Joachim<\/strong><\/a> <strong>l\u2019appel\u00e8rent Marie<\/strong>, qui en juif signifie \u00ab\u00a0<em>aim\u00e9e par le Seigneur<\/em>\u00a0\u00bb.<\/p>\n<div class=\"link-product\">\n<div class=\"blocco-immagine\"><img loading=\"lazy\" decoding=\"async\" class=\"alignnone size-full wp-image-4922\" src=\"https:\/\/blog.holyart.it\/fr\/wp-content\/uploads\/sites\/14\/2022\/07\/Tapisserie-Ste-Anne-de-Murillo.jpg\" alt=\"Tapisserie Ste Anne de Murillo\" width=\"100\" height=\"100\" data-kale-share-title=\"L\u2019histoire de Sainte Anne, m\u00e8re de Marie\" data-kale-share-url=\"https:\/\/blog.holyart.it\/fr\/?p=4911\" \/><\/div>\n<div class=\"blocco-contenuto\">\n<div class=\"blocco-acquista\">Acheter sur Holyart:<\/div>\n<div class=\"blocco-titolo\"><a href=\"https:\/\/www.holyart.fr\/articles-religieux\/tapisseries-religieuses\/tapisserie-ste-anne-de-murillo-50x40-cm\">Tapisserie Ste Anne de Murillo<\/a><\/div>\n<div class=\"blocco-descrizione\">Tapisserie Ste Anne de Murillo 50&#215;40 cm.<\/div>\n<\/div>\n<\/div>\n<p>Voici comment naquit la Vierge Marie, future m\u00e8re de J\u00e9sus-Christ. Elle naquit sans p\u00e9ch\u00e9, pr\u00e9serv\u00e9e d\u00e8s sa conception, selon le <strong>dogme de l\u2019Immacul\u00e9e Conception<\/strong>.<\/p>\n<p>Comme toutes les mamans, ce \u00e0 fut Anna \u00e0 apprendre \u00e0 la petite Marie comment s\u2019occuper des t\u00e2ches domestiques, comment nettoyer la maison, tisser et coudre. Pour cette raison elle est invoqu\u00e9e en tant que <strong>protectrice des tailleurs, des tisserands et des vendeurs de linge<\/strong>. Mais c\u2019est surtout le fait qu\u2019elle soit tomb\u00e9e enceinte \u00e0 un \u00e2ge avanc\u00e9 qui lui a m\u00e9rit\u00e9 au cours des si\u00e8cles le r\u00f4le de sainte patronne des <strong>accouchements impossibles<\/strong> et protectrices des femmes en couche, mais aussi des veuves et des m\u00e8res de famille.<br \/>\nEn outre, puisqu\u2019elle porta la Vierge Marie en son sein comme un \u00e9crin qui contient un pr\u00e9cieux bijou, elle est \u00e9galement sainte patronne <strong>des orf\u00e8vres, des \u00e9b\u00e9nistes, des menuisiers et de mineurs<\/strong>.<\/p>\n<p>Elle est donc quasi constamment <strong>en relation avec sa fille Marie<\/strong> que Sainte Anne est rappel\u00e9e. Dans le haut Moyen \u00c2ge elles \u00e9taient souvent repr\u00e9sent\u00e9es ensemble, Marie assise avec l\u2019Enfant J\u00e9sus \u00e0 bras et la m\u00e8re Anne derri\u00e8re elle, \u00e0 symboliser la <strong>hi\u00e9rarchie de la famille divine<\/strong>. Mais il existe \u00e9galement une <a href=\"https:\/\/www.holyart.fr\/articles-religieux\/icones-religieuses\/icones-grecques\/icone-mariage-joachim-et-anne\"><strong>iconographie sacr\u00e9e li\u00e9e uniquement \u00e0 Anne et \u00e0 Joachim<\/strong><\/a> et \u00e0 leur vie.<\/p>\n<div class=\"link-product\">\n<div class=\"blocco-immagine\"><img loading=\"lazy\" decoding=\"async\" class=\"alignnone size-full wp-image-4923\" src=\"https:\/\/blog.holyart.it\/fr\/wp-content\/uploads\/sites\/14\/2022\/07\/Icone-mariage-Joachim-et-Anne.jpg\" alt=\"Icone mariage Joachim et Anne\" width=\"100\" height=\"100\" data-kale-share-title=\"L\u2019histoire de Sainte Anne, m\u00e8re de Marie\" data-kale-share-url=\"https:\/\/blog.holyart.it\/fr\/?p=4911\" \/><\/div>\n<div class=\"blocco-contenuto\">\n<div class=\"blocco-acquista\">Acheter sur Holyart:<\/div>\n<div class=\"blocco-titolo\"><a href=\"https:\/\/www.holyart.fr\/articles-religieux\/icones-religieuses\/icones-grecques\/icone-mariage-joachim-et-anne\">Ic\u00f4ne mariage Joachim et Anne<\/a><\/div>\n<div class=\"blocco-descrizione\">Ic\u00f4ne grecque peinte \u00e0 la main sur planche en bois, dor\u00e9e.<\/div>\n<\/div>\n<\/div>\n<h2>La signification du pr\u00e9nom Anne<\/h2>\n<p>Le pr\u00e9nom Anne d\u00e9rive du juif <em>Channah<\/em>, ou <em>Hannahe<\/em>, qui signifie \u00ab\u00a0gr\u00e2ce\u00a0\u00bb, \u00ab\u00a0gracieuse\u00a0\u00bb, \u00ab\u00a0pleine de gr\u00e2ce\u00a0\u00bb. Bien que le pr\u00e9nom de la <a href=\"https:\/\/www.holyart.fr\/blog\/articles-religieux\/deve-a-marie-la-figure-de-la-mere-dans-la-bible\/\"><strong>maman de Marie<\/strong><\/a> ne soit pas mentionn\u00e9 dans la Bible, dans les Textes sacr\u00e9s sont cit\u00e9es d\u2019autres femmes qui portaient ce pr\u00e9nom, comme la m\u00e8re du proph\u00e8te Samuel et comme l\u2019ancienne proph\u00e9tesse qui reconnut l\u2019Enfant J\u00e9sus comme Messie quand Il fut pr\u00e9sent\u00e9 au Temple de J\u00e9rusalem.<\/p>\n<div class=\"link-article\">\n<p><img loading=\"lazy\" decoding=\"async\" class=\"size-full wp-image-4924 alignleft\" src=\"https:\/\/blog.holyart.it\/fr\/wp-content\/uploads\/sites\/14\/2022\/07\/Eve-a-Marie.jpg\" alt=\"Eve a Marie\" width=\"150\" height=\"99\" data-kale-share-title=\"L\u2019histoire de Sainte Anne, m\u00e8re de Marie\" data-kale-share-url=\"https:\/\/blog.holyart.it\/fr\/?p=4911\" \/><\/p>\n<div class=\"leggi-anche\">Lire aussi :<\/div>\n<p><strong><a href=\"https:\/\/www.holyart.fr\/blog\/articles-religieux\/deve-a-marie-la-figure-de-la-mere-dans-la-bible\/\">D\u2019\u00c8ve \u00e0 Marie : la figure de la M\u00e8re dans la Bible<\/a><\/strong><br \/>\nLa m\u00e8re, pilier de chaque famille , coeur et source de vie pour ceux qui gravitent autour d\u2019elle. Et pourtant parfois nous la donnons pour acquise.<\/p>\n<\/div>\n<h2>Cadeaux pour les grands-parents<\/h2>\n<p>Nous avons \u00e9crit que le 26 juillet, \u00e0 l\u2019occasion des c\u00e9l\u00e9brations en l\u2019honneur de Sainte Anne et Saint Joachim, on f\u00eate \u00e9galement les grands-parents. Cela peut \u00eatre une belle occasion pour leur offrir un cadeau, m\u00eame s\u2019il ne devrait pas y avoir besoin d\u2019une occasion particuli\u00e8re pour rappeler \u00e0 ces personnes sp\u00e9ciales combien nous les aimons.<\/p>\n<p>Afin de rappeler le lien profond entre grands-parents et la figure de l\u2019ange gardien une bonne id\u00e9e-cadeau pourrait \u00eatre une statuette de l\u2019<strong><a href=\"https:\/\/www.holyart.fr\/articles-religieux\/anges\/ange-gardien-avec-enfant-style-modern-bois-val-gardena\">Ange gardien avec enfant<\/a>,<\/strong> r\u00e9alis\u00e9 en bois, peint et sculpt\u00e9 \u00e0 la main par les artisans du Val Gardena. Le style est moderne et le travail artisanal et les finitions personnalisables rendent cette sculpture unique et pr\u00e9cieuse. Elle est disponible en diff\u00e9rentes tailles.<\/p>\n<p>Toujours dans un style moderne, l\u2019<strong><a href=\"https:\/\/www.holyart.fr\/articles-religieux\/anges\/ange-gardien-en-argile-refractaire\">Ange gardien en argile r\u00e9fractaire<\/a><\/strong> est une statue stylis\u00e9e qui exprime une grande intensit\u00e9 spirituelle. Elle est r\u00e9alis\u00e9e \u00e0 la main avec de l\u2019argile r\u00e9fractaire blanche dans le Centre Ceramiche Ave de Loppiano (Florence). L\u2019argile est d\u2019abord travaill\u00e9e avec moulage \u00e0 la main et ensuite cuite \u00e0 plus de 1000\u00b0C. La finition et le fa\u00e7onnage sont r\u00e9alis\u00e9s enti\u00e8rement \u00e0 la main afin de lui conf\u00e9rer des lignes \u00e9pur\u00e9es et expressives en m\u00eame temps. Il s\u2019agit d\u2019un cadeau important, un produit de haute qualit\u00e9, 100% Made in Italy.<\/p>\n<table class=\"widefat sliders-list\">\n<tbody>\n<tr class=\"slider-row\">\n<td><div class=\"sp-styles-warning\" style=\"width: 450px; background-color: #FFF; color: #F00; border: 1px solid #F00; padding: 10px; font-size: 14px;\">\n\t\t\t<span style=\"font-weight: bold;\">Warning: The stylesheets were not loaded!<\/span> \n\t\t\tYou will need to change the <i>Load stylesheets<\/i> setting from <i>Automatically<\/i> to <i>On homepage<\/i> or <i>On all pages<\/i>. \n\t\t\tYou can set that <a style=\"text-decoration: underline; color: #F00;\" href=\"https:\/\/blog.holyart.it\/fr\/wp-admin\/admin.php?page=sliderpro-settings\">here<\/a>.\n\t\t\t<\/div>\r\n<div id=\"slider-pro-84\" class=\"slider-pro sp-no-js\" style=\"width: 500px; height: 500px;\">\r\n\t<div class=\"sp-slides\">\r\n\t\t\r\n\t\t<div class=\"sp-slide\">\r\n\t\t\t<img loading=\"lazy\" decoding=\"async\" class=\"sp-image\" src=\"https:\/\/blog.holyart.it\/fr\/wp-content\/uploads\/sites\/14\/2022\/07\/Ange-gardien-avec-enfant-style-modern.jpg\" alt=\"Ange gardien avec enfant style modern\" width=\"500\" height=\"500\" \/>\r\n\t\t\t<div class=\"sp-thumbnail\"><img decoding=\"async\" src=\"https:\/\/blog.holyart.it\/fr\/wp-content\/uploads\/sites\/14\/2022\/07\/Ange-gardien-avec-enfant-style-modern.jpg\" alt=\"Ange gardien avec enfant style modern\" \/>\r\n\t\t\t<\/div>\r\n\t\t\t<div class=\"sp-caption\">Ange gardien avec enfant en style modern. Ange en bois grav\u00e9 et peint \u00e0 la main par les artisans de la Val Gardena en Italie. <br \/><strong><a href=\"https:\/\/www.holyart.fr\/articles-religieux\/anges\/ange-gardien-avec-enfant-style-modern-bois-val-gardena\">Acheter sur Holyart<\/a><\/strong><\/div>\r\n\t\t<\/div>\r\n\t\t<div class=\"sp-slide\">\r\n\t\t\t<img loading=\"lazy\" decoding=\"async\" class=\"sp-image\" src=\"https:\/\/blog.holyart.it\/fr\/wp-content\/uploads\/sites\/14\/2022\/07\/Ange-gardien-avec-fille-en-bois.jpg\" alt=\"Ange gardien avec fille en bois\" width=\"500\" height=\"500\" \/>\r\n\t\t\t<div class=\"sp-thumbnail\"><img decoding=\"async\" src=\"https:\/\/blog.holyart.it\/fr\/wp-content\/uploads\/sites\/14\/2022\/07\/Ange-gardien-avec-fille-en-bois.jpg\" alt=\"Ange gardien avec fille en bois\" \/>\r\n\t\t\t<\/div>\r\n\t\t\t<div class=\"sp-caption\">Ange gardien avec fille en bois d'\u00e9rable naturel du Val Gardena. Statuette stylis\u00e9e en bois d'\u00e9rable, sculpt\u00e9e \u00e0 la main par les artisans du Val Gardena. <br \/><strong><a href=\"https:\/\/www.holyart.fr\/articles-religieux\/statues\/statues-en-bois-naturel\/ange-gardien-avec-fille-en-bois-derable-naturel-du-val-gardena\">Acheter sur Holyart<\/a><\/strong><\/div>\r\n\t\t<\/div>\r\n\t\t<div class=\"sp-slide\">\r\n\t\t\t<img loading=\"lazy\" decoding=\"async\" class=\"sp-image\" src=\"https:\/\/blog.holyart.it\/fr\/wp-content\/uploads\/sites\/14\/2022\/07\/Ange-gardien-en-argile-refractaire.jpg\" alt=\"Ange gardien en argile refractaire\" width=\"500\" height=\"500\" \/>\r\n\t\t\t<div class=\"sp-thumbnail\"><img decoding=\"async\" src=\"https:\/\/blog.holyart.it\/fr\/wp-content\/uploads\/sites\/14\/2022\/07\/Ange-gardien-en-argile-refractaire.jpg\" alt=\"Ange gardien en argile refractaire\" \/>\r\n\t\t\t<\/div>\r\n\t\t\t<div class=\"sp-caption\">Ange gardien en argile r\u00e9fractaire. Statue stylis\u00e9e r\u00e9alis\u00e9e \u00e0 la main, en Italie, en argile r\u00e9fractaire blanche. <br \/><strong><a href=\"https:\/\/www.holyart.fr\/articles-religieux\/anges\/ange-gardien-en-argile-refractaire\">Acheter sur Holyart<\/a><\/strong><\/div>\r\n\t\t<\/div>\r\n\t<\/div>\r\n<\/div><\/td>\n<\/tr>\n<\/tbody>\n<\/table>\n","protected":false},"excerpt":{"rendered":"<p>Le 26 juillet on c\u00e9l\u00e8bre Sainte Anne et Saint Joachim, les parents de la Vierge Marie. Le m\u00eame jour on f\u00eate la journ\u00e9e des grands-parents. D\u00e9couvrons pourquoi. Bien que la F\u00eate des Grands-Parents ait \u00e9t\u00e9 institu\u00e9e comme r\u00e9currence civile en Italie le 2 octobre de&hellip;<\/p>\n","protected":false},"author":1,"featured_media":4926,"comment_status":"closed","ping_status":"open","sticky":false,"template":"","format":"standard","meta":{"_acf_changed":false,"footnotes":""},"categories":[8],"tags":[],"class_list":["post-4911","post","type-post","status-publish","format-standard","has-post-thumbnail","hentry","category-articles-religieux"],"acf":[],"yoast_head":"<!-- This site is optimized with the Yoast SEO plugin v26.6 - https:\/\/yoast.com\/wordpress\/plugins\/seo\/ -->\n<title>L\u2019histoire de Sainte Anne, m\u00e8re de Marie - Holyart.fr Blog<\/title>\n<meta name=\"description\" content=\"Le 26 juillet on c\u00e9l\u00e8bre Sainte Anne et Saint Joachim, les parents de la Vierge Marie. Le m\u00eame jour on f\u00eate la journ\u00e9e des grands-parents.\" \/>\n<meta name=\"robots\" content=\"index, follow, max-snippet:-1, max-image-preview:large, max-video-preview:-1\" \/>\n<link rel=\"canonical\" href=\"https:\/\/blog.holyart.it\/fr\/articles-religieux\/lhistoire-de-sainte-anne-mere-de-marie\/\" \/>\n<meta property=\"og:locale\" content=\"fr_FR\" \/>\n<meta property=\"og:type\" content=\"article\" \/>\n<meta property=\"og:title\" content=\"L\u2019histoire de Sainte Anne, m\u00e8re de Marie - Holyart.fr Blog\" \/>\n<meta property=\"og:description\" content=\"Le 26 juillet on c\u00e9l\u00e8bre Sainte Anne et Saint Joachim, les parents de la Vierge Marie. Le m\u00eame jour on f\u00eate la journ\u00e9e des grands-parents.\" \/>\n<meta property=\"og:url\" content=\"https:\/\/blog.holyart.it\/fr\/articles-religieux\/lhistoire-de-sainte-anne-mere-de-marie\/\" \/>\n<meta property=\"og:site_name\" content=\"Holyart.fr Blog\" \/>\n<meta property=\"article:published_time\" content=\"2022-07-20T10:30:14+00:00\" \/>\n<meta property=\"article:modified_time\" content=\"2024-07-05T15:14:31+00:00\" \/>\n<meta property=\"og:image\" content=\"https:\/\/blog.holyart.it\/fr\/wp-content\/uploads\/sites\/14\/2022\/07\/histoire-anna.jpeg\" \/>\n\t<meta property=\"og:image:width\" content=\"1000\" \/>\n\t<meta property=\"og:image:height\" content=\"687\" \/>\n\t<meta property=\"og:image:type\" content=\"image\/jpeg\" \/>\n<meta name=\"author\" content=\"Redazione\" \/>\n<meta name=\"twitter:card\" content=\"summary_large_image\" \/>\n<meta name=\"twitter:label1\" content=\"\u00c9crit par\" \/>\n\t<meta name=\"twitter:data1\" content=\"Redazione\" \/>\n\t<meta name=\"twitter:label2\" content=\"Dur\u00e9e de lecture estim\u00e9e\" \/>\n\t<meta name=\"twitter:data2\" content=\"8 minutes\" \/>\n<script type=\"application\/ld+json\" class=\"yoast-schema-graph\">{\"@context\":\"https:\/\/schema.org\",\"@graph\":[{\"@type\":\"Article\",\"@id\":\"https:\/\/blog.holyart.it\/fr\/articles-religieux\/lhistoire-de-sainte-anne-mere-de-marie\/#article\",\"isPartOf\":{\"@id\":\"https:\/\/blog.holyart.it\/fr\/articles-religieux\/lhistoire-de-sainte-anne-mere-de-marie\/\"},\"author\":{\"name\":\"Redazione\",\"@id\":\"https:\/\/blog.holyart.it\/fr\/#\/schema\/person\/0a7b686e5af0f856ec1e390dd0baecda\"},\"headline\":\"L\u2019histoire de Sainte Anne, m\u00e8re de Marie\",\"datePublished\":\"2022-07-20T10:30:14+00:00\",\"dateModified\":\"2024-07-05T15:14:31+00:00\",\"mainEntityOfPage\":{\"@id\":\"https:\/\/blog.holyart.it\/fr\/articles-religieux\/lhistoire-de-sainte-anne-mere-de-marie\/\"},\"wordCount\":1419,\"publisher\":{\"@id\":\"https:\/\/blog.holyart.it\/fr\/#organization\"},\"image\":{\"@id\":\"https:\/\/blog.holyart.it\/fr\/articles-religieux\/lhistoire-de-sainte-anne-mere-de-marie\/#primaryimage\"},\"thumbnailUrl\":\"https:\/\/blog.holyart.it\/fr\/wp-content\/uploads\/sites\/14\/2022\/07\/histoire-anna.jpeg\",\"articleSection\":[\"Religion\"],\"inLanguage\":\"fr-FR\"},{\"@type\":\"WebPage\",\"@id\":\"https:\/\/blog.holyart.it\/fr\/articles-religieux\/lhistoire-de-sainte-anne-mere-de-marie\/\",\"url\":\"https:\/\/blog.holyart.it\/fr\/articles-religieux\/lhistoire-de-sainte-anne-mere-de-marie\/\",\"name\":\"L\u2019histoire de Sainte Anne, m\u00e8re de Marie - Holyart.fr Blog\",\"isPartOf\":{\"@id\":\"https:\/\/blog.holyart.it\/fr\/#website\"},\"primaryImageOfPage\":{\"@id\":\"https:\/\/blog.holyart.it\/fr\/articles-religieux\/lhistoire-de-sainte-anne-mere-de-marie\/#primaryimage\"},\"image\":{\"@id\":\"https:\/\/blog.holyart.it\/fr\/articles-religieux\/lhistoire-de-sainte-anne-mere-de-marie\/#primaryimage\"},\"thumbnailUrl\":\"https:\/\/blog.holyart.it\/fr\/wp-content\/uploads\/sites\/14\/2022\/07\/histoire-anna.jpeg\",\"datePublished\":\"2022-07-20T10:30:14+00:00\",\"dateModified\":\"2024-07-05T15:14:31+00:00\",\"description\":\"Le 26 juillet on c\u00e9l\u00e8bre Sainte Anne et Saint Joachim, les parents de la Vierge Marie. Le m\u00eame jour on f\u00eate la journ\u00e9e des grands-parents.\",\"breadcrumb\":{\"@id\":\"https:\/\/blog.holyart.it\/fr\/articles-religieux\/lhistoire-de-sainte-anne-mere-de-marie\/#breadcrumb\"},\"inLanguage\":\"fr-FR\",\"potentialAction\":[{\"@type\":\"ReadAction\",\"target\":[\"https:\/\/blog.holyart.it\/fr\/articles-religieux\/lhistoire-de-sainte-anne-mere-de-marie\/\"]}]},{\"@type\":\"ImageObject\",\"inLanguage\":\"fr-FR\",\"@id\":\"https:\/\/blog.holyart.it\/fr\/articles-religieux\/lhistoire-de-sainte-anne-mere-de-marie\/#primaryimage\",\"url\":\"https:\/\/blog.holyart.it\/fr\/wp-content\/uploads\/sites\/14\/2022\/07\/histoire-anna.jpeg\",\"contentUrl\":\"https:\/\/blog.holyart.it\/fr\/wp-content\/uploads\/sites\/14\/2022\/07\/histoire-anna.jpeg\",\"width\":1000,\"height\":687,\"caption\":\"histoire anna\"},{\"@type\":\"BreadcrumbList\",\"@id\":\"https:\/\/blog.holyart.it\/fr\/articles-religieux\/lhistoire-de-sainte-anne-mere-de-marie\/#breadcrumb\",\"itemListElement\":[{\"@type\":\"ListItem\",\"position\":1,\"name\":\"Homepage\",\"item\":\"https:\/\/blog.holyart.it\/fr\/\"},{\"@type\":\"ListItem\",\"position\":2,\"name\":\"Religion\",\"item\":\"https:\/\/blog.holyart.it\/fr\/articles-religieux\/\"},{\"@type\":\"ListItem\",\"position\":3,\"name\":\"L\u2019histoire de Sainte Anne, m\u00e8re de Marie\"}]},{\"@type\":\"WebSite\",\"@id\":\"https:\/\/blog.holyart.it\/fr\/#website\",\"url\":\"https:\/\/blog.holyart.it\/fr\/\",\"name\":\"Holyart.fr Blog\",\"description\":\"Holyblog\",\"publisher\":{\"@id\":\"https:\/\/blog.holyart.it\/fr\/#organization\"},\"potentialAction\":[{\"@type\":\"SearchAction\",\"target\":{\"@type\":\"EntryPoint\",\"urlTemplate\":\"https:\/\/blog.holyart.it\/fr\/?s={search_term_string}\"},\"query-input\":{\"@type\":\"PropertyValueSpecification\",\"valueRequired\":true,\"valueName\":\"search_term_string\"}}],\"inLanguage\":\"fr-FR\"},{\"@type\":\"Organization\",\"@id\":\"https:\/\/blog.holyart.it\/fr\/#organization\",\"name\":\"Holyart.fr Blog\",\"url\":\"https:\/\/blog.holyart.it\/fr\/\",\"logo\":{\"@type\":\"ImageObject\",\"inLanguage\":\"fr-FR\",\"@id\":\"https:\/\/blog.holyart.it\/fr\/#\/schema\/logo\/image\/\",\"url\":\"https:\/\/blog.holyart.it\/fr\/wp-content\/uploads\/sites\/14\/2022\/12\/Holyart_Blog_Logo.jpg\",\"contentUrl\":\"https:\/\/blog.holyart.it\/fr\/wp-content\/uploads\/sites\/14\/2022\/12\/Holyart_Blog_Logo.jpg\",\"width\":300,\"height\":50,\"caption\":\"Holyart.fr Blog\"},\"image\":{\"@id\":\"https:\/\/blog.holyart.it\/fr\/#\/schema\/logo\/image\/\"}},{\"@type\":\"Person\",\"@id\":\"https:\/\/blog.holyart.it\/fr\/#\/schema\/person\/0a7b686e5af0f856ec1e390dd0baecda\",\"name\":\"Redazione\",\"image\":{\"@type\":\"ImageObject\",\"inLanguage\":\"fr-FR\",\"@id\":\"https:\/\/blog.holyart.it\/fr\/#\/schema\/person\/image\/\",\"url\":\"https:\/\/secure.gravatar.com\/avatar\/f477da817f43e50d0af36abecd33e3edf826c68299714bdc1057dff3b113f516?s=96&d=mm&r=g\",\"contentUrl\":\"https:\/\/secure.gravatar.com\/avatar\/f477da817f43e50d0af36abecd33e3edf826c68299714bdc1057dff3b113f516?s=96&d=mm&r=g\",\"caption\":\"Redazione\"},\"url\":\"https:\/\/blog.holyart.it\/fr\/author\/admin\/\"}]}<\/script>\n<!-- \/ Yoast SEO plugin. -->","yoast_head_json":{"title":"L\u2019histoire de Sainte Anne, m\u00e8re de Marie - Holyart.fr Blog","description":"Le 26 juillet on c\u00e9l\u00e8bre Sainte Anne et Saint Joachim, les parents de la Vierge Marie. Le m\u00eame jour on f\u00eate la journ\u00e9e des grands-parents.","robots":{"index":"index","follow":"follow","max-snippet":"max-snippet:-1","max-image-preview":"max-image-preview:large","max-video-preview":"max-video-preview:-1"},"canonical":"https:\/\/blog.holyart.it\/fr\/articles-religieux\/lhistoire-de-sainte-anne-mere-de-marie\/","og_locale":"fr_FR","og_type":"article","og_title":"L\u2019histoire de Sainte Anne, m\u00e8re de Marie - Holyart.fr Blog","og_description":"Le 26 juillet on c\u00e9l\u00e8bre Sainte Anne et Saint Joachim, les parents de la Vierge Marie. Le m\u00eame jour on f\u00eate la journ\u00e9e des grands-parents.","og_url":"https:\/\/blog.holyart.it\/fr\/articles-religieux\/lhistoire-de-sainte-anne-mere-de-marie\/","og_site_name":"Holyart.fr Blog","article_published_time":"2022-07-20T10:30:14+00:00","article_modified_time":"2024-07-05T15:14:31+00:00","og_image":[{"width":1000,"height":687,"url":"https:\/\/blog.holyart.it\/fr\/wp-content\/uploads\/sites\/14\/2022\/07\/histoire-anna.jpeg","type":"image\/jpeg"}],"author":"Redazione","twitter_card":"summary_large_image","twitter_misc":{"\u00c9crit par":"Redazione","Dur\u00e9e de lecture estim\u00e9e":"8 minutes"},"schema":{"@context":"https:\/\/schema.org","@graph":[{"@type":"Article","@id":"https:\/\/blog.holyart.it\/fr\/articles-religieux\/lhistoire-de-sainte-anne-mere-de-marie\/#article","isPartOf":{"@id":"https:\/\/blog.holyart.it\/fr\/articles-religieux\/lhistoire-de-sainte-anne-mere-de-marie\/"},"author":{"name":"Redazione","@id":"https:\/\/blog.holyart.it\/fr\/#\/schema\/person\/0a7b686e5af0f856ec1e390dd0baecda"},"headline":"L\u2019histoire de Sainte Anne, m\u00e8re de Marie","datePublished":"2022-07-20T10:30:14+00:00","dateModified":"2024-07-05T15:14:31+00:00","mainEntityOfPage":{"@id":"https:\/\/blog.holyart.it\/fr\/articles-religieux\/lhistoire-de-sainte-anne-mere-de-marie\/"},"wordCount":1419,"publisher":{"@id":"https:\/\/blog.holyart.it\/fr\/#organization"},"image":{"@id":"https:\/\/blog.holyart.it\/fr\/articles-religieux\/lhistoire-de-sainte-anne-mere-de-marie\/#primaryimage"},"thumbnailUrl":"https:\/\/blog.holyart.it\/fr\/wp-content\/uploads\/sites\/14\/2022\/07\/histoire-anna.jpeg","articleSection":["Religion"],"inLanguage":"fr-FR"},{"@type":"WebPage","@id":"https:\/\/blog.holyart.it\/fr\/articles-religieux\/lhistoire-de-sainte-anne-mere-de-marie\/","url":"https:\/\/blog.holyart.it\/fr\/articles-religieux\/lhistoire-de-sainte-anne-mere-de-marie\/","name":"L\u2019histoire de Sainte Anne, m\u00e8re de Marie - Holyart.fr Blog","isPartOf":{"@id":"https:\/\/blog.holyart.it\/fr\/#website"},"primaryImageOfPage":{"@id":"https:\/\/blog.holyart.it\/fr\/articles-religieux\/lhistoire-de-sainte-anne-mere-de-marie\/#primaryimage"},"image":{"@id":"https:\/\/blog.holyart.it\/fr\/articles-religieux\/lhistoire-de-sainte-anne-mere-de-marie\/#primaryimage"},"thumbnailUrl":"https:\/\/blog.holyart.it\/fr\/wp-content\/uploads\/sites\/14\/2022\/07\/histoire-anna.jpeg","datePublished":"2022-07-20T10:30:14+00:00","dateModified":"2024-07-05T15:14:31+00:00","description":"Le 26 juillet on c\u00e9l\u00e8bre Sainte Anne et Saint Joachim, les parents de la Vierge Marie. Le m\u00eame jour on f\u00eate la journ\u00e9e des grands-parents.","breadcrumb":{"@id":"https:\/\/blog.holyart.it\/fr\/articles-religieux\/lhistoire-de-sainte-anne-mere-de-marie\/#breadcrumb"},"inLanguage":"fr-FR","potentialAction":[{"@type":"ReadAction","target":["https:\/\/blog.holyart.it\/fr\/articles-religieux\/lhistoire-de-sainte-anne-mere-de-marie\/"]}]},{"@type":"ImageObject","inLanguage":"fr-FR","@id":"https:\/\/blog.holyart.it\/fr\/articles-religieux\/lhistoire-de-sainte-anne-mere-de-marie\/#primaryimage","url":"https:\/\/blog.holyart.it\/fr\/wp-content\/uploads\/sites\/14\/2022\/07\/histoire-anna.jpeg","contentUrl":"https:\/\/blog.holyart.it\/fr\/wp-content\/uploads\/sites\/14\/2022\/07\/histoire-anna.jpeg","width":1000,"height":687,"caption":"histoire anna"},{"@type":"BreadcrumbList","@id":"https:\/\/blog.holyart.it\/fr\/articles-religieux\/lhistoire-de-sainte-anne-mere-de-marie\/#breadcrumb","itemListElement":[{"@type":"ListItem","position":1,"name":"Homepage","item":"https:\/\/blog.holyart.it\/fr\/"},{"@type":"ListItem","position":2,"name":"Religion","item":"https:\/\/blog.holyart.it\/fr\/articles-religieux\/"},{"@type":"ListItem","position":3,"name":"L\u2019histoire de Sainte Anne, m\u00e8re de Marie"}]},{"@type":"WebSite","@id":"https:\/\/blog.holyart.it\/fr\/#website","url":"https:\/\/blog.holyart.it\/fr\/","name":"Holyart.fr Blog","description":"Holyblog","publisher":{"@id":"https:\/\/blog.holyart.it\/fr\/#organization"},"potentialAction":[{"@type":"SearchAction","target":{"@type":"EntryPoint","urlTemplate":"https:\/\/blog.holyart.it\/fr\/?s={search_term_string}"},"query-input":{"@type":"PropertyValueSpecification","valueRequired":true,"valueName":"search_term_string"}}],"inLanguage":"fr-FR"},{"@type":"Organization","@id":"https:\/\/blog.holyart.it\/fr\/#organization","name":"Holyart.fr Blog","url":"https:\/\/blog.holyart.it\/fr\/","logo":{"@type":"ImageObject","inLanguage":"fr-FR","@id":"https:\/\/blog.holyart.it\/fr\/#\/schema\/logo\/image\/","url":"https:\/\/blog.holyart.it\/fr\/wp-content\/uploads\/sites\/14\/2022\/12\/Holyart_Blog_Logo.jpg","contentUrl":"https:\/\/blog.holyart.it\/fr\/wp-content\/uploads\/sites\/14\/2022\/12\/Holyart_Blog_Logo.jpg","width":300,"height":50,"caption":"Holyart.fr Blog"},"image":{"@id":"https:\/\/blog.holyart.it\/fr\/#\/schema\/logo\/image\/"}},{"@type":"Person","@id":"https:\/\/blog.holyart.it\/fr\/#\/schema\/person\/0a7b686e5af0f856ec1e390dd0baecda","name":"Redazione","image":{"@type":"ImageObject","inLanguage":"fr-FR","@id":"https:\/\/blog.holyart.it\/fr\/#\/schema\/person\/image\/","url":"https:\/\/secure.gravatar.com\/avatar\/f477da817f43e50d0af36abecd33e3edf826c68299714bdc1057dff3b113f516?s=96&d=mm&r=g","contentUrl":"https:\/\/secure.gravatar.com\/avatar\/f477da817f43e50d0af36abecd33e3edf826c68299714bdc1057dff3b113f516?s=96&d=mm&r=g","caption":"Redazione"},"url":"https:\/\/blog.holyart.it\/fr\/author\/admin\/"}]}},"_links":{"self":[{"href":"https:\/\/blog.holyart.it\/fr\/wp-json\/wp\/v2\/posts\/4911","targetHints":{"allow":["GET"]}}],"collection":[{"href":"https:\/\/blog.holyart.it\/fr\/wp-json\/wp\/v2\/posts"}],"about":[{"href":"https:\/\/blog.holyart.it\/fr\/wp-json\/wp\/v2\/types\/post"}],"author":[{"embeddable":true,"href":"https:\/\/blog.holyart.it\/fr\/wp-json\/wp\/v2\/users\/1"}],"replies":[{"embeddable":true,"href":"https:\/\/blog.holyart.it\/fr\/wp-json\/wp\/v2\/comments?post=4911"}],"version-history":[{"count":1,"href":"https:\/\/blog.holyart.it\/fr\/wp-json\/wp\/v2\/posts\/4911\/revisions"}],"predecessor-version":[{"id":8560,"href":"https:\/\/blog.holyart.it\/fr\/wp-json\/wp\/v2\/posts\/4911\/revisions\/8560"}],"wp:featuredmedia":[{"embeddable":true,"href":"https:\/\/blog.holyart.it\/fr\/wp-json\/wp\/v2\/media\/4926"}],"wp:attachment":[{"href":"https:\/\/blog.holyart.it\/fr\/wp-json\/wp\/v2\/media?parent=4911"}],"wp:term":[{"taxonomy":"category","embeddable":true,"href":"https:\/\/blog.holyart.it\/fr\/wp-json\/wp\/v2\/categories?post=4911"},{"taxonomy":"post_tag","embeddable":true,"href":"https:\/\/blog.holyart.it\/fr\/wp-json\/wp\/v2\/tags?post=4911"}],"curies":[{"name":"wp","href":"https:\/\/api.w.org\/{rel}","templated":true}]}}