{"id":4887,"date":"2022-07-13T12:30:58","date_gmt":"2022-07-13T10:30:58","guid":{"rendered":"https:\/\/blog.holyart.it\/fr\/?p=4887"},"modified":"2024-09-03T16:00:58","modified_gmt":"2024-09-03T14:00:58","slug":"saint-camille-de-lellis-le-saint-protecteur-des-infirmes","status":"publish","type":"post","link":"https:\/\/blog.holyart.it\/fr\/saints-et-bienheureux\/saint-camille-de-lellis-le-saint-protecteur-des-infirmes\/","title":{"rendered":"Saint Camille de Lellis : le saint protecteur des infirmes"},"content":{"rendered":"<h4><em>D\u2019homme dissolu \u00e0 fondateur des Camilliens, Saint Camille de Lellis est le saint patron universel des malades, des infirmiers et des h\u00f4pitaux.<\/em><\/h4>\n\n<p>Ceux qui avaient connu Saint Camille de Lellis quand il \u00e9tait jeune n\u2019auraient jama is pu imaginer que ce bravache adonn\u00e9 au jeu et aux bagarres de taverne aurait pu devenir un saint\u00a0! Et pourtant il passa effectivement sa jeunesse entre des pr\u00e9sides militaires et des gargotes, suivant le p\u00e8re officier au service de l\u2019Espagne et devint \u00e0 son tour <strong>mercenaire<\/strong> en conduisant une vie d\u00e9sordonn\u00e9e et totalement adonn\u00e9e au <strong>jeu<\/strong>. \u00c0 cause de ce vise, il perdit tout et commen\u00e7a \u00e0 vivre \u00e0 la rue, en mendiant et en vaguant sans but, jusqu\u2019\u00e0 ce qu\u2019il soit accueilli au <strong>Couvent des Capucins<\/strong> de Manfredonia, o\u00f9 il fut employ\u00e9 en tant qu\u2019homme \u00e0 tout faire. Commen\u00e7a ainsi sa <strong>conversion<\/strong>, autour de 1575, mais avant de pouvoir prononcer ses v\u0153ux, il passa beaucoup de temps \u00e0 l\u2019h\u00f4pital de Saint Jacques des Incurables \u00e0 Rome, afin de se soigner d\u2019une vieille blessure au pied d\u2019abord, ensuite comme serviteur et enfin comme tr\u00e9sorier et ma\u00eetre d\u2019h\u00f4tel. Cet h\u00f4pital accueillait des malades affect\u00e9s par des maladies particuli\u00e8rement graves et r\u00e9pugnantes, souvent incurables, au point qu\u2019il arrivait souvent qu\u2019ils soient laiss\u00e9s \u00e0 l\u2019entr\u00e9e comme des colis. Ce fut justement en interagissant avec ces rebuts de la soci\u00e9t\u00e9 que Saint Camille de Lellis d\u00e9couvrit sa vocation pour l\u2019<strong>assistance aux malades<\/strong>. Avec cinq compagnons, il donne vie en 1582 \u00e0 la <strong>Compagnie des Ministres des Infirmes<\/strong>.<\/p>\n<div class=\"link-product\">\n<div class=\"blocco-immagine\"><img loading=\"lazy\" decoding=\"async\" class=\"size-full wp-image-4889 alignleft\" src=\"https:\/\/blog.holyart.it\/fr\/wp-content\/uploads\/sites\/14\/2022\/07\/vasetto-oli-sacri-modello-vintage-infermi.jpg\" alt=\"vasetto oli sacri modello vintage infermi\" width=\"100\" height=\"100\" data-kale-share-title=\"Saint Camille de Lellis : le saint protecteur des infirmes\" data-kale-share-url=\"https:\/\/blog.holyart.it\/fr\/?p=4887\" \/><\/div>\n<div class=\"blocco-contenuto\">\n<div class=\"blocco-acquista\">Acheter sur Holyart:<\/div>\n<div class=\"blocco-titolo\"><a href=\"https:\/\/www.holyart.fr\/accessoires-pour-la-liturgie\/huiles-saintes-et-sets-bapteme\/vase-pour-huiles-sacrees-modele-vintage\">vase pour huiles sacr\u00e9es, mod\u00e8le vintage<\/a><\/div>\n<div class=\"blocco-descrizione\">vase pour huiles sacr\u00e9es, mod\u00e8le vintage<\/div>\n<\/div>\n<\/div>\n<p>Par la suite il se transf\u00e9ra au couvent de l\u2019\u00c9glise de Sainte Marie-Madeleine et commen\u00e7a \u00e0 s\u2019occuper \u00e9galement des malades et des infirmes de l\u2019h\u00f4pital du Saint-Esprit \u00e0 Sassia. Entretemps, il fut ordonn\u00e9, apr\u00e8s avoir \u00e9tudi\u00e9 sous la direction de <strong>Saint Philippe N\u00e9ri<\/strong>. En 1591, sa Compagnie fut reconnue comme ordre religieux et assuma le nom d\u2019<strong>Ordre des Ministres des Infirmes<\/strong>. L\u2019ordre \u00e9tait caract\u00e9ris\u00e9, en plus que par les v\u0153ux habituels de chastet\u00e9, pauvret\u00e9 et ob\u00e9issance, par un quatri\u00e8me v\u0153u\u00a0: l\u2019<strong>assistance des malades m\u00eame au p\u00e9ril de sa vie<\/strong>.<\/p>\n<div class=\"link-product\">\n<div class=\"blocco-immagine\"><img loading=\"lazy\" decoding=\"async\" class=\"size-full wp-image-4891 alignleft\" src=\"https:\/\/blog.holyart.it\/fr\/wp-content\/uploads\/sites\/14\/2022\/07\/plaque-pieta-di-michelangelo-en-marbre-synthetique-blanc.jpg\" alt=\"plaque pieta di michelangelo en marbre synthetique blanc\" width=\"100\" height=\"100\" data-kale-share-title=\"Saint Camille de Lellis : le saint protecteur des infirmes\" data-kale-share-url=\"https:\/\/blog.holyart.it\/fr\/?p=4887\" \/><\/div>\n<div class=\"blocco-contenuto\">\n<div class=\"blocco-acquista\">Acheter sur Holyart:<\/div>\n<div class=\"blocco-titolo\"><a href=\"https:\/\/www.holyart.fr\/articles-religieux\/articles-funeraires\">Articles fun\u00e9raires<\/a><\/div>\n<div class=\"blocco-descrizione\">Articles fun\u00e9raires: urnes fun\u00e9raires pour concerver les cendres.<\/div>\n<\/div>\n<\/div>\n<p>L\u2019Ordre des Clercs r\u00e9guliers pour les Malades, qui aurait ensuite pris le nom de <strong>Camilliens<\/strong> de son fondateur, se r\u00e9pandit rapidement dans toute l\u2019Italie, avec des groupes de moines qui pr\u00eataient service aupr\u00e8s de petits et grands h\u00f4pitaux.<br \/>\nSaint Camille de Lellis mourut le 14 juillet 1614 au couvent de Sainte Marie-Madeleine, si\u00e8ge de son Ordre, et ici fut enterr\u00e9. Beno\u00eet XIV le proclama saint en 1746 et ensuite devint saint patron universel des malades, des infirmiers et des h\u00f4pitaux avec <a href=\"https:\/\/www.holyart.fr\/blog\/monasteres\/freres-hospitaliers-freres-de-lordre-hospitalier-de-saint-jean-de-dieu\/\"><strong>Saint Jean de Dieu<\/strong>.<\/a><\/p>\n<div class=\"link-article\">\n<p><img loading=\"lazy\" decoding=\"async\" class=\"size-full wp-image-4892 alignleft\" src=\"https:\/\/blog.holyart.it\/fr\/wp-content\/uploads\/sites\/14\/2022\/07\/Les-Freres-hospitaliers.jpg\" alt=\"Les Freres hospitaliers\" width=\"150\" height=\"100\" data-kale-share-title=\"Saint Camille de Lellis : le saint protecteur des infirmes\" data-kale-share-url=\"https:\/\/blog.holyart.it\/fr\/?p=4887\" \/><\/p>\n<div class=\"leggi-anche\">Lire aussi :<\/div>\n<p><strong><a href=\"https:\/\/www.holyart.fr\/blog\/monasteres\/freres-hospitaliers-freres-de-lordre-hospitalier-de-saint-jean-de-dieu\/\">Les Fr\u00e8res hospitaliers : les Fr\u00e8res de l\u2019ordre hospitalier de Saint Jean de Dieu<\/a><\/strong><br \/>\nFr\u00e8res hospitaliers est le terme populaire pour d\u00e9signer les fr\u00e8res&#8230;<\/p>\n<\/div>\n<p>Afin de comprendre l\u2019importance de la mission de Saint Camille de Lellis, nous devons penser qu\u2019\u00e0 cette \u00e9poque-l\u00e0 le soin des infirmes, surtout dans les h\u00f4pitaux des incurables, \u00e9tait confi\u00e9e souvent aux <strong>mercenaires et criminels<\/strong>, contraints \u00e0 pr\u00eater service en ces lieux \u00e9pouvantables. Camille r\u00e9digea des v\u00e9ritables <strong>R\u00e8gles<\/strong>, qui devaient d\u00e9finir la figure du <em>serviteur des infirmes<\/em>, comme lui-m\u00eame d\u00e9finissait les religieux-infirmiers de la Compagnie. En plus d\u2019imposer \u00e0 ses compagnons la renonciation \u00e0 tous les biens s\u00e9culaires qui auraient pu les distraire de leurs t\u00e2ches, il leur demandait \u00e9galement une <strong>culture et une pr\u00e9paration scientifique<\/strong> ad\u00e9quates, puisque la charit\u00e9 \u00e0 elle seule n\u2019\u00e9tait pas suffisante pour sauver des vies humaines. Nous avons vu comme l\u2019<strong>onction des infirmes <\/strong>est consid\u00e9r\u00e9e encore aujourd\u2019hui comme un rite pr\u00e9cieux pour soulager ceux qui souffrent. Cela nous fait comprendre combien c\u2019est r\u00e9confortant dans des lieux de souffrance et de maladie, puisqu\u2019ils pouvaient pratiquer des soins m\u00e9dicaux mais aussi donner l\u2019onction des malades.<\/p>\n<h2>Pri\u00e8re \u00e0 Saint Camille de Lellis<\/h2>\n<p>Voici une pri\u00e8re pour les malades qui peut \u00eatre r\u00e9cit\u00e9e le 14 juillet, jour de la m\u00e9moire liturgique de Saint Camille de Lellis, ou \u00e0 chaque fois que l\u2019on sent le besoin de prier pour la sant\u00e9 d\u2019une personne ch\u00e8re malade ou pour nous-m\u00eames. La pri\u00e8re apporte en effet un r\u00e9confort irrempla\u00e7able, en soignant le corps \u00e0 travers l\u2019esprit et en donnant \u00e0 qui souffre la force n\u00e9cessaire pour affronter la maladie avec plus de courage et de volont\u00e9 de gu\u00e9rir.<\/p>\n<p><em>\u00d4 Dieu, qui avez dou\u00e9 particuli\u00e8rement saint Camille du don admirable d\u2019assister les \u00e2mes dans les derniers combats de l\u2019agonie, accordez-nous, s\u2019il vous pla\u00eet, par ses m\u00e9rites, votre esprit d\u2019amour, afin qu\u2019\u00e0 l\u2019heure de notre dernier passage, nous m\u00e9ritions de vaincre notre ennemi et de parvenir \u00e0 la couronne c\u00e9leste. Nous vous en prions par N-S. J.-C. Ainsi soit-il.<\/em><em><br \/>\nSaint Camille de Lellis, soyez-nous propice et d\u00e9livrez-nous des p\u00e9rils de la mort, vous qui \u00eates l\u2019espoir des malades et des agonisants.<\/em><\/p>\n","protected":false},"excerpt":{"rendered":"<p>D\u2019homme dissolu \u00e0 fondateur des Camilliens, Saint Camille de Lellis est le saint patron universel des malades, des infirmiers et des h\u00f4pitaux. Ceux qui avaient connu Saint Camille de Lellis quand il \u00e9tait jeune n\u2019auraient jama is pu imaginer que ce bravache adonn\u00e9 au jeu&hellip;<\/p>\n","protected":false},"author":1,"featured_media":4888,"comment_status":"closed","ping_status":"open","sticky":false,"template":"","format":"standard","meta":{"_acf_changed":false,"footnotes":""},"categories":[7],"tags":[],"class_list":["post-4887","post","type-post","status-publish","format-standard","has-post-thumbnail","hentry","category-saints-et-bienheureux"],"acf":[],"yoast_head":"<!-- This site is optimized with the Yoast SEO plugin v26.6 - https:\/\/yoast.com\/wordpress\/plugins\/seo\/ -->\n<title>Saint Camille de Lellis : le saint protecteur des infirmes - Holyart.fr Blog<\/title>\n<meta name=\"description\" content=\"D\u2019homme dissolu \u00e0 fondateur des Camilliens, Saint Camille de Lellis est le saint patron universel des malades, des infirmiers et des h\u00f4pitaux.\" \/>\n<meta name=\"robots\" content=\"index, follow, max-snippet:-1, max-image-preview:large, max-video-preview:-1\" \/>\n<link rel=\"canonical\" href=\"https:\/\/blog.holyart.it\/fr\/saints-et-bienheureux\/saint-camille-de-lellis-le-saint-protecteur-des-infirmes\/\" \/>\n<meta property=\"og:locale\" content=\"fr_FR\" \/>\n<meta property=\"og:type\" content=\"article\" \/>\n<meta property=\"og:title\" content=\"Saint Camille de Lellis : le saint protecteur des infirmes - Holyart.fr Blog\" \/>\n<meta property=\"og:description\" content=\"D\u2019homme dissolu \u00e0 fondateur des Camilliens, Saint Camille de Lellis est le saint patron universel des malades, des infirmiers et des h\u00f4pitaux.\" \/>\n<meta property=\"og:url\" content=\"https:\/\/blog.holyart.it\/fr\/saints-et-bienheureux\/saint-camille-de-lellis-le-saint-protecteur-des-infirmes\/\" \/>\n<meta property=\"og:site_name\" content=\"Holyart.fr Blog\" \/>\n<meta property=\"article:published_time\" content=\"2022-07-13T10:30:58+00:00\" \/>\n<meta property=\"article:modified_time\" content=\"2024-09-03T14:00:58+00:00\" \/>\n<meta property=\"og:image\" content=\"https:\/\/blog.holyart.it\/fr\/wp-content\/uploads\/sites\/14\/2022\/07\/Saint-Camille-de-Lellis-le-saint-protecteur-des-infirmes.jpg\" \/>\n\t<meta property=\"og:image:width\" content=\"1000\" \/>\n\t<meta property=\"og:image:height\" content=\"666\" \/>\n\t<meta property=\"og:image:type\" content=\"image\/jpeg\" \/>\n<meta name=\"author\" content=\"Redazione\" \/>\n<meta name=\"twitter:card\" content=\"summary_large_image\" \/>\n<meta name=\"twitter:label1\" content=\"\u00c9crit par\" \/>\n\t<meta name=\"twitter:data1\" content=\"Redazione\" \/>\n\t<meta name=\"twitter:label2\" content=\"Dur\u00e9e de lecture estim\u00e9e\" \/>\n\t<meta name=\"twitter:data2\" content=\"5 minutes\" \/>\n<script type=\"application\/ld+json\" class=\"yoast-schema-graph\">{\"@context\":\"https:\/\/schema.org\",\"@graph\":[{\"@type\":\"Article\",\"@id\":\"https:\/\/blog.holyart.it\/fr\/saints-et-bienheureux\/saint-camille-de-lellis-le-saint-protecteur-des-infirmes\/#article\",\"isPartOf\":{\"@id\":\"https:\/\/blog.holyart.it\/fr\/saints-et-bienheureux\/saint-camille-de-lellis-le-saint-protecteur-des-infirmes\/\"},\"author\":{\"name\":\"Redazione\",\"@id\":\"https:\/\/blog.holyart.it\/fr\/#\/schema\/person\/0a7b686e5af0f856ec1e390dd0baecda\"},\"headline\":\"Saint Camille de Lellis : le saint protecteur des infirmes\",\"datePublished\":\"2022-07-13T10:30:58+00:00\",\"dateModified\":\"2024-09-03T14:00:58+00:00\",\"mainEntityOfPage\":{\"@id\":\"https:\/\/blog.holyart.it\/fr\/saints-et-bienheureux\/saint-camille-de-lellis-le-saint-protecteur-des-infirmes\/\"},\"wordCount\":914,\"publisher\":{\"@id\":\"https:\/\/blog.holyart.it\/fr\/#organization\"},\"image\":{\"@id\":\"https:\/\/blog.holyart.it\/fr\/saints-et-bienheureux\/saint-camille-de-lellis-le-saint-protecteur-des-infirmes\/#primaryimage\"},\"thumbnailUrl\":\"https:\/\/blog.holyart.it\/fr\/wp-content\/uploads\/sites\/14\/2022\/07\/Saint-Camille-de-Lellis-le-saint-protecteur-des-infirmes.jpg\",\"articleSection\":[\"Saints et Bienheureux\"],\"inLanguage\":\"fr-FR\"},{\"@type\":\"WebPage\",\"@id\":\"https:\/\/blog.holyart.it\/fr\/saints-et-bienheureux\/saint-camille-de-lellis-le-saint-protecteur-des-infirmes\/\",\"url\":\"https:\/\/blog.holyart.it\/fr\/saints-et-bienheureux\/saint-camille-de-lellis-le-saint-protecteur-des-infirmes\/\",\"name\":\"Saint Camille de Lellis : le saint protecteur des infirmes - Holyart.fr Blog\",\"isPartOf\":{\"@id\":\"https:\/\/blog.holyart.it\/fr\/#website\"},\"primaryImageOfPage\":{\"@id\":\"https:\/\/blog.holyart.it\/fr\/saints-et-bienheureux\/saint-camille-de-lellis-le-saint-protecteur-des-infirmes\/#primaryimage\"},\"image\":{\"@id\":\"https:\/\/blog.holyart.it\/fr\/saints-et-bienheureux\/saint-camille-de-lellis-le-saint-protecteur-des-infirmes\/#primaryimage\"},\"thumbnailUrl\":\"https:\/\/blog.holyart.it\/fr\/wp-content\/uploads\/sites\/14\/2022\/07\/Saint-Camille-de-Lellis-le-saint-protecteur-des-infirmes.jpg\",\"datePublished\":\"2022-07-13T10:30:58+00:00\",\"dateModified\":\"2024-09-03T14:00:58+00:00\",\"description\":\"D\u2019homme dissolu \u00e0 fondateur des Camilliens, Saint Camille de Lellis est le saint patron universel des malades, des infirmiers et des h\u00f4pitaux.\",\"breadcrumb\":{\"@id\":\"https:\/\/blog.holyart.it\/fr\/saints-et-bienheureux\/saint-camille-de-lellis-le-saint-protecteur-des-infirmes\/#breadcrumb\"},\"inLanguage\":\"fr-FR\",\"potentialAction\":[{\"@type\":\"ReadAction\",\"target\":[\"https:\/\/blog.holyart.it\/fr\/saints-et-bienheureux\/saint-camille-de-lellis-le-saint-protecteur-des-infirmes\/\"]}]},{\"@type\":\"ImageObject\",\"inLanguage\":\"fr-FR\",\"@id\":\"https:\/\/blog.holyart.it\/fr\/saints-et-bienheureux\/saint-camille-de-lellis-le-saint-protecteur-des-infirmes\/#primaryimage\",\"url\":\"https:\/\/blog.holyart.it\/fr\/wp-content\/uploads\/sites\/14\/2022\/07\/Saint-Camille-de-Lellis-le-saint-protecteur-des-infirmes.jpg\",\"contentUrl\":\"https:\/\/blog.holyart.it\/fr\/wp-content\/uploads\/sites\/14\/2022\/07\/Saint-Camille-de-Lellis-le-saint-protecteur-des-infirmes.jpg\",\"width\":1000,\"height\":666,\"caption\":\"Saint Camille de Lellis le saint protecteur des infirmes\"},{\"@type\":\"BreadcrumbList\",\"@id\":\"https:\/\/blog.holyart.it\/fr\/saints-et-bienheureux\/saint-camille-de-lellis-le-saint-protecteur-des-infirmes\/#breadcrumb\",\"itemListElement\":[{\"@type\":\"ListItem\",\"position\":1,\"name\":\"Homepage\",\"item\":\"https:\/\/blog.holyart.it\/fr\/\"},{\"@type\":\"ListItem\",\"position\":2,\"name\":\"Saints et Bienheureux\",\"item\":\"https:\/\/blog.holyart.it\/fr\/saints-et-bienheureux\/\"},{\"@type\":\"ListItem\",\"position\":3,\"name\":\"Saint Camille de Lellis : le saint protecteur des infirmes\"}]},{\"@type\":\"WebSite\",\"@id\":\"https:\/\/blog.holyart.it\/fr\/#website\",\"url\":\"https:\/\/blog.holyart.it\/fr\/\",\"name\":\"Holyart.fr Blog\",\"description\":\"Holyblog\",\"publisher\":{\"@id\":\"https:\/\/blog.holyart.it\/fr\/#organization\"},\"potentialAction\":[{\"@type\":\"SearchAction\",\"target\":{\"@type\":\"EntryPoint\",\"urlTemplate\":\"https:\/\/blog.holyart.it\/fr\/?s={search_term_string}\"},\"query-input\":{\"@type\":\"PropertyValueSpecification\",\"valueRequired\":true,\"valueName\":\"search_term_string\"}}],\"inLanguage\":\"fr-FR\"},{\"@type\":\"Organization\",\"@id\":\"https:\/\/blog.holyart.it\/fr\/#organization\",\"name\":\"Holyart.fr Blog\",\"url\":\"https:\/\/blog.holyart.it\/fr\/\",\"logo\":{\"@type\":\"ImageObject\",\"inLanguage\":\"fr-FR\",\"@id\":\"https:\/\/blog.holyart.it\/fr\/#\/schema\/logo\/image\/\",\"url\":\"https:\/\/blog.holyart.it\/fr\/wp-content\/uploads\/sites\/14\/2022\/12\/Holyart_Blog_Logo.jpg\",\"contentUrl\":\"https:\/\/blog.holyart.it\/fr\/wp-content\/uploads\/sites\/14\/2022\/12\/Holyart_Blog_Logo.jpg\",\"width\":300,\"height\":50,\"caption\":\"Holyart.fr Blog\"},\"image\":{\"@id\":\"https:\/\/blog.holyart.it\/fr\/#\/schema\/logo\/image\/\"}},{\"@type\":\"Person\",\"@id\":\"https:\/\/blog.holyart.it\/fr\/#\/schema\/person\/0a7b686e5af0f856ec1e390dd0baecda\",\"name\":\"Redazione\",\"image\":{\"@type\":\"ImageObject\",\"inLanguage\":\"fr-FR\",\"@id\":\"https:\/\/blog.holyart.it\/fr\/#\/schema\/person\/image\/\",\"url\":\"https:\/\/secure.gravatar.com\/avatar\/f477da817f43e50d0af36abecd33e3edf826c68299714bdc1057dff3b113f516?s=96&d=mm&r=g\",\"contentUrl\":\"https:\/\/secure.gravatar.com\/avatar\/f477da817f43e50d0af36abecd33e3edf826c68299714bdc1057dff3b113f516?s=96&d=mm&r=g\",\"caption\":\"Redazione\"},\"url\":\"https:\/\/blog.holyart.it\/fr\/author\/admin\/\"}]}<\/script>\n<!-- \/ Yoast SEO plugin. -->","yoast_head_json":{"title":"Saint Camille de Lellis : le saint protecteur des infirmes - Holyart.fr Blog","description":"D\u2019homme dissolu \u00e0 fondateur des Camilliens, Saint Camille de Lellis est le saint patron universel des malades, des infirmiers et des h\u00f4pitaux.","robots":{"index":"index","follow":"follow","max-snippet":"max-snippet:-1","max-image-preview":"max-image-preview:large","max-video-preview":"max-video-preview:-1"},"canonical":"https:\/\/blog.holyart.it\/fr\/saints-et-bienheureux\/saint-camille-de-lellis-le-saint-protecteur-des-infirmes\/","og_locale":"fr_FR","og_type":"article","og_title":"Saint Camille de Lellis : le saint protecteur des infirmes - Holyart.fr Blog","og_description":"D\u2019homme dissolu \u00e0 fondateur des Camilliens, Saint Camille de Lellis est le saint patron universel des malades, des infirmiers et des h\u00f4pitaux.","og_url":"https:\/\/blog.holyart.it\/fr\/saints-et-bienheureux\/saint-camille-de-lellis-le-saint-protecteur-des-infirmes\/","og_site_name":"Holyart.fr Blog","article_published_time":"2022-07-13T10:30:58+00:00","article_modified_time":"2024-09-03T14:00:58+00:00","og_image":[{"width":1000,"height":666,"url":"https:\/\/blog.holyart.it\/fr\/wp-content\/uploads\/sites\/14\/2022\/07\/Saint-Camille-de-Lellis-le-saint-protecteur-des-infirmes.jpg","type":"image\/jpeg"}],"author":"Redazione","twitter_card":"summary_large_image","twitter_misc":{"\u00c9crit par":"Redazione","Dur\u00e9e de lecture estim\u00e9e":"5 minutes"},"schema":{"@context":"https:\/\/schema.org","@graph":[{"@type":"Article","@id":"https:\/\/blog.holyart.it\/fr\/saints-et-bienheureux\/saint-camille-de-lellis-le-saint-protecteur-des-infirmes\/#article","isPartOf":{"@id":"https:\/\/blog.holyart.it\/fr\/saints-et-bienheureux\/saint-camille-de-lellis-le-saint-protecteur-des-infirmes\/"},"author":{"name":"Redazione","@id":"https:\/\/blog.holyart.it\/fr\/#\/schema\/person\/0a7b686e5af0f856ec1e390dd0baecda"},"headline":"Saint Camille de Lellis : le saint protecteur des infirmes","datePublished":"2022-07-13T10:30:58+00:00","dateModified":"2024-09-03T14:00:58+00:00","mainEntityOfPage":{"@id":"https:\/\/blog.holyart.it\/fr\/saints-et-bienheureux\/saint-camille-de-lellis-le-saint-protecteur-des-infirmes\/"},"wordCount":914,"publisher":{"@id":"https:\/\/blog.holyart.it\/fr\/#organization"},"image":{"@id":"https:\/\/blog.holyart.it\/fr\/saints-et-bienheureux\/saint-camille-de-lellis-le-saint-protecteur-des-infirmes\/#primaryimage"},"thumbnailUrl":"https:\/\/blog.holyart.it\/fr\/wp-content\/uploads\/sites\/14\/2022\/07\/Saint-Camille-de-Lellis-le-saint-protecteur-des-infirmes.jpg","articleSection":["Saints et Bienheureux"],"inLanguage":"fr-FR"},{"@type":"WebPage","@id":"https:\/\/blog.holyart.it\/fr\/saints-et-bienheureux\/saint-camille-de-lellis-le-saint-protecteur-des-infirmes\/","url":"https:\/\/blog.holyart.it\/fr\/saints-et-bienheureux\/saint-camille-de-lellis-le-saint-protecteur-des-infirmes\/","name":"Saint Camille de Lellis : le saint protecteur des infirmes - Holyart.fr Blog","isPartOf":{"@id":"https:\/\/blog.holyart.it\/fr\/#website"},"primaryImageOfPage":{"@id":"https:\/\/blog.holyart.it\/fr\/saints-et-bienheureux\/saint-camille-de-lellis-le-saint-protecteur-des-infirmes\/#primaryimage"},"image":{"@id":"https:\/\/blog.holyart.it\/fr\/saints-et-bienheureux\/saint-camille-de-lellis-le-saint-protecteur-des-infirmes\/#primaryimage"},"thumbnailUrl":"https:\/\/blog.holyart.it\/fr\/wp-content\/uploads\/sites\/14\/2022\/07\/Saint-Camille-de-Lellis-le-saint-protecteur-des-infirmes.jpg","datePublished":"2022-07-13T10:30:58+00:00","dateModified":"2024-09-03T14:00:58+00:00","description":"D\u2019homme dissolu \u00e0 fondateur des Camilliens, Saint Camille de Lellis est le saint patron universel des malades, des infirmiers et des h\u00f4pitaux.","breadcrumb":{"@id":"https:\/\/blog.holyart.it\/fr\/saints-et-bienheureux\/saint-camille-de-lellis-le-saint-protecteur-des-infirmes\/#breadcrumb"},"inLanguage":"fr-FR","potentialAction":[{"@type":"ReadAction","target":["https:\/\/blog.holyart.it\/fr\/saints-et-bienheureux\/saint-camille-de-lellis-le-saint-protecteur-des-infirmes\/"]}]},{"@type":"ImageObject","inLanguage":"fr-FR","@id":"https:\/\/blog.holyart.it\/fr\/saints-et-bienheureux\/saint-camille-de-lellis-le-saint-protecteur-des-infirmes\/#primaryimage","url":"https:\/\/blog.holyart.it\/fr\/wp-content\/uploads\/sites\/14\/2022\/07\/Saint-Camille-de-Lellis-le-saint-protecteur-des-infirmes.jpg","contentUrl":"https:\/\/blog.holyart.it\/fr\/wp-content\/uploads\/sites\/14\/2022\/07\/Saint-Camille-de-Lellis-le-saint-protecteur-des-infirmes.jpg","width":1000,"height":666,"caption":"Saint Camille de Lellis le saint protecteur des infirmes"},{"@type":"BreadcrumbList","@id":"https:\/\/blog.holyart.it\/fr\/saints-et-bienheureux\/saint-camille-de-lellis-le-saint-protecteur-des-infirmes\/#breadcrumb","itemListElement":[{"@type":"ListItem","position":1,"name":"Homepage","item":"https:\/\/blog.holyart.it\/fr\/"},{"@type":"ListItem","position":2,"name":"Saints et Bienheureux","item":"https:\/\/blog.holyart.it\/fr\/saints-et-bienheureux\/"},{"@type":"ListItem","position":3,"name":"Saint Camille de Lellis : le saint protecteur des infirmes"}]},{"@type":"WebSite","@id":"https:\/\/blog.holyart.it\/fr\/#website","url":"https:\/\/blog.holyart.it\/fr\/","name":"Holyart.fr Blog","description":"Holyblog","publisher":{"@id":"https:\/\/blog.holyart.it\/fr\/#organization"},"potentialAction":[{"@type":"SearchAction","target":{"@type":"EntryPoint","urlTemplate":"https:\/\/blog.holyart.it\/fr\/?s={search_term_string}"},"query-input":{"@type":"PropertyValueSpecification","valueRequired":true,"valueName":"search_term_string"}}],"inLanguage":"fr-FR"},{"@type":"Organization","@id":"https:\/\/blog.holyart.it\/fr\/#organization","name":"Holyart.fr Blog","url":"https:\/\/blog.holyart.it\/fr\/","logo":{"@type":"ImageObject","inLanguage":"fr-FR","@id":"https:\/\/blog.holyart.it\/fr\/#\/schema\/logo\/image\/","url":"https:\/\/blog.holyart.it\/fr\/wp-content\/uploads\/sites\/14\/2022\/12\/Holyart_Blog_Logo.jpg","contentUrl":"https:\/\/blog.holyart.it\/fr\/wp-content\/uploads\/sites\/14\/2022\/12\/Holyart_Blog_Logo.jpg","width":300,"height":50,"caption":"Holyart.fr Blog"},"image":{"@id":"https:\/\/blog.holyart.it\/fr\/#\/schema\/logo\/image\/"}},{"@type":"Person","@id":"https:\/\/blog.holyart.it\/fr\/#\/schema\/person\/0a7b686e5af0f856ec1e390dd0baecda","name":"Redazione","image":{"@type":"ImageObject","inLanguage":"fr-FR","@id":"https:\/\/blog.holyart.it\/fr\/#\/schema\/person\/image\/","url":"https:\/\/secure.gravatar.com\/avatar\/f477da817f43e50d0af36abecd33e3edf826c68299714bdc1057dff3b113f516?s=96&d=mm&r=g","contentUrl":"https:\/\/secure.gravatar.com\/avatar\/f477da817f43e50d0af36abecd33e3edf826c68299714bdc1057dff3b113f516?s=96&d=mm&r=g","caption":"Redazione"},"url":"https:\/\/blog.holyart.it\/fr\/author\/admin\/"}]}},"_links":{"self":[{"href":"https:\/\/blog.holyart.it\/fr\/wp-json\/wp\/v2\/posts\/4887","targetHints":{"allow":["GET"]}}],"collection":[{"href":"https:\/\/blog.holyart.it\/fr\/wp-json\/wp\/v2\/posts"}],"about":[{"href":"https:\/\/blog.holyart.it\/fr\/wp-json\/wp\/v2\/types\/post"}],"author":[{"embeddable":true,"href":"https:\/\/blog.holyart.it\/fr\/wp-json\/wp\/v2\/users\/1"}],"replies":[{"embeddable":true,"href":"https:\/\/blog.holyart.it\/fr\/wp-json\/wp\/v2\/comments?post=4887"}],"version-history":[{"count":1,"href":"https:\/\/blog.holyart.it\/fr\/wp-json\/wp\/v2\/posts\/4887\/revisions"}],"predecessor-version":[{"id":8796,"href":"https:\/\/blog.holyart.it\/fr\/wp-json\/wp\/v2\/posts\/4887\/revisions\/8796"}],"wp:featuredmedia":[{"embeddable":true,"href":"https:\/\/blog.holyart.it\/fr\/wp-json\/wp\/v2\/media\/4888"}],"wp:attachment":[{"href":"https:\/\/blog.holyart.it\/fr\/wp-json\/wp\/v2\/media?parent=4887"}],"wp:term":[{"taxonomy":"category","embeddable":true,"href":"https:\/\/blog.holyart.it\/fr\/wp-json\/wp\/v2\/categories?post=4887"},{"taxonomy":"post_tag","embeddable":true,"href":"https:\/\/blog.holyart.it\/fr\/wp-json\/wp\/v2\/tags?post=4887"}],"curies":[{"name":"wp","href":"https:\/\/api.w.org\/{rel}","templated":true}]}}