{"id":4858,"date":"2022-07-06T12:30:36","date_gmt":"2022-07-06T10:30:36","guid":{"rendered":"https:\/\/blog.holyart.it\/fr\/?p=4858"},"modified":"2024-06-19T11:53:17","modified_gmt":"2024-06-19T09:53:17","slug":"sainte-maria-goretti-la-purete-et-le-pardon","status":"publish","type":"post","link":"https:\/\/blog.holyart.it\/fr\/articles-religieux\/sainte-maria-goretti-la-purete-et-le-pardon\/","title":{"rendered":"Sainte Maria Goretti : la puret\u00e9 et le pardon"},"content":{"rendered":"<h4><em>Le 6 juillet on rappelle Sainte Maria Goretti, la sainte enfant morte afin de pr\u00e9server son innocence. Voici comme nait son culte.<\/em><\/h4>\n\n<p>La d\u00e9votion \u00e0 Sainte Maria Goretti d\u00e9buta tout de suite apr\u00e8s sa mort tragique, le 6 juillet 1902. Afin de comprendre les raisons de ce culte n\u00e9 si rapidement et adress\u00e9 \u00e0 une toute jeune femme fille de paysans, morte dans des circonstances tragiques, mais aussi fr\u00e9quentes pour l\u2019\u00e9poque, nous devons comprendre justement le contexte dans lequel Maria v\u00e9cut et mourut. Ce fut en effet parmi <strong>les gens les plus humbles de la population<\/strong> que la d\u00e9votion pour cette sainte enfant se d\u00e9veloppa, dans les c\u0153urs et les \u00e2mes d\u2019hommes, femmes et enfants habitu\u00e9s \u00e0 la souffrance et \u00e0 la mis\u00e8re, appartenant au milieu rural, le m\u00eame que celui o\u00f9 elle avait v\u00e9cu sa br\u00e8ve existence.<\/p>\n<p>Maria Goretti fut proclam\u00e9e sainte pour avoir <strong>pardonn\u00e9 son propre assassin<\/strong> et en avoir caus\u00e9 la conversion.<br \/>\nElle est la Sainte Patronne de Latina, de l\u2019Agro Pontino, des Filles de Marie et de la jeunesse ensemble avec <a href=\"https:\/\/www.holyart.fr\/blog\/articles-religieux\/saint-louis-de-gonzague-saint-patron-des-jeunes\/\"><strong>Saint Louis de Gonzague<\/strong><\/a>. Elle n\u2019est pas la seule sainte <strong>victime de viol<\/strong>, et pour cela elle a \u00e9t\u00e9 associ\u00e9e en des temps r\u00e9cents par Pape Beno\u00eet XVI et ensuite Pape Fran\u00e7ois \u00e0 Sainte Dymphne, martyre irlandaise morte en Belgique au VIIe si\u00e8cle, protectrice justement des victimes de viol.<\/p>\n<div class=\"link-article\">\n<p><img loading=\"lazy\" decoding=\"async\" class=\"size-full wp-image-4861 alignleft\" src=\"https:\/\/blog.holyart.it\/fr\/wp-content\/uploads\/sites\/14\/2022\/06\/Saint-Louis-de-Gonzague.jpg\" alt=\"Saint Louis de Gonzague\" width=\"150\" height=\"100\" data-kale-share-title=\"Sainte Maria Goretti : la puret\u00e9 et le pardon\" data-kale-share-url=\"https:\/\/blog.holyart.it\/fr\/?p=4858\" \/><\/p>\n<div class=\"leggi-anche\">Lire aussi :<\/div>\n<p><strong><a href=\"https:\/\/www.holyart.fr\/blog\/articles-religieux\/saint-louis-de-gonzague-saint-patron-des-jeunes\/\">Saint Louis de Gonzague, saint patron des jeunes<\/a><\/strong><br \/>\nSaint Louis de Gonzague est un de ce jeunes qui, dans l\u2019histoire de l\u2019\u00c9glise han dedicado su corta vida a cultivar las virtudes y cuidar a los dem\u00e1s.<\/p>\n<\/div>\n<p>L\u2019histoire de Sainte Maria Goretti nous ram\u00e8ne aux nombreux\u00a0 <strong>jeunes<\/strong> <strong>saints dans l\u2019histoire du Christianisme<\/strong>. Nous avons parl\u00e9 de certains d\u2019entre eux dans l\u2019article d\u00e9di\u00e9 \u00e0 <u>Saint Louis de Gonzague<\/u>, le saint protecteur des jeunes, ou dans celui sur <a href=\"https:\/\/www.holyart.fr\/blog\/saints-et-bienheureux\/symbole-de-foi-et-de-courage-jeann-darc-sainte-guerriere\/\">Jeanne d\u2019Arc<\/a>, la jeune Sainte Guerri\u00e8re, symbole de foi et de courage, elle aussi n\u2019\u00e9tait rien plus qu\u2019une humble paysanne, mais qui sut toutefois sauver son propre pays. Ces jeunes et tr\u00e8s jeunes saints et martyrs morts trop jeunes, exactement comme Sainte Maria Goretti, ont une le\u00e7on importante \u00e0 transmettre \u00e0 nous tous\u00a0et c\u2019est qu\u2019il n\u2019y a nul besoin de vivre une longue vie et d\u2019acqu\u00e9rir une grande exp\u00e9rience pour tirer le meilleur de soi-m\u00eame.<\/p>\n<div class=\"link-article\">\n<p><img loading=\"lazy\" decoding=\"async\" class=\"size-full wp-image-4862 alignleft\" src=\"https:\/\/blog.holyart.it\/fr\/wp-content\/uploads\/sites\/14\/2022\/06\/jeanne-darc-sur-le-cheval-blanc.jpg\" alt=\"jeanne d'arc sur le cheval blanc\" width=\"150\" height=\"99\" data-kale-share-title=\"Sainte Maria Goretti : la puret\u00e9 et le pardon\" data-kale-share-url=\"https:\/\/blog.holyart.it\/fr\/?p=4858\" \/><\/p>\n<div class=\"leggi-anche\">Lire aussi :<\/div>\n<p><strong><a href=\"https:\/\/www.holyart.fr\/blog\/saints-et-bienheureux\/symbole-de-foi-et-de-courage-jeann-darc-sainte-guerriere\/\">Symbole de foi et de courage : Jeann d\u2019Arc, sainte guerri\u00e8re<\/a><\/strong><br \/>\nJeanne d\u2019Arc, connue \u00e9galement comme la Pucelle d\u2019Orl\u00e9ans, est une h\u00e9ro\u00efne nationale fran\u00e7aise.<\/p>\n<\/div>\n<p><strong>La bont\u00e9, la mis\u00e9ricorde, l\u2019esprit de sacrifice<\/strong> n\u2019ont pas d\u2019\u00e2ge et ce sont ces vertus qui font la diff\u00e9rence, qui nous rendent immortels dans le souvenir de ceux qui nous ont aim\u00e9, de qui nous a connu. De la m\u00eame mani\u00e8re, il n&rsquo;y a pas d\u2019\u00e2ge pour la <strong>saintet\u00e9<\/strong> et ces jeunes gens si sp\u00e9ciaux nous le d\u00e9montrent, eux qui sont rest\u00e9s dans la m\u00e9moire des si\u00e8cles comme des exemples \u00e0 suivre et \u00e0 v\u00e9n\u00e9rer.<\/p>\n<p>Mais qui \u00e9tait Sainte Maria Goretti et comment nait la d\u00e9votion qui lui est adress\u00e9e\u00a0?<\/p>\n<h2>Histoire de Sainte Maria Goretti<\/h2>\n<p>Maria Goretti \u00e9tait n\u00e9e \u00e0 <strong>Corinaldo<\/strong>, en province d\u2019Ancone, dans les Marches, le 16 octobre 1890. Les conditions \u00e9conomiques pr\u00e9caires et le manque de travail oblig\u00e8rent sa famille \u00e0 d\u00e9m\u00e9nager dans les <strong>campagnes de l\u2019Agro Pontino<\/strong>, \u00e0 10 km de Nettuno, avec la famille Serenelli. <strong>Alessandro<\/strong>, un des fils des Serenelli, d\u00e9montre bient\u00f4t de l\u2019int\u00e9r\u00eat pour Marie, int\u00e9r\u00eat qui entra\u00eene des approches physiques de plus en plus insistantes.<\/p>\n<p>Apr\u00e8s la mort du p\u00e8re de la jeune fille \u00e0 cause de la malaria, les deux familles se rapprochent encore plus, en partageant la m\u00eame maison. C\u2019est ici qu\u2019Alessandro, la vingtaine, un jour agresse Maria, qui n\u2019a que onze ans. La petite se refuse \u00e0 lui, essaye de s\u2019\u00e9chapper, le supplie et le jeune homme, aveugl\u00e9 par la violence, la frappe quatorze fois avec un poin\u00e7on. Maria est transport\u00e9e \u00e0 l\u2019h\u00f4pital de Nettuno, o\u00f9 elle meurt le jour suivant, mais ses derniers mots sont des mots de pardon et de r\u00e9conciliation pour son assassin\u00a0: \u00ab\u00a0<em>Pour l\u2019amour de J\u00e9sus, je pardonne. Je veux qu\u2019il vienne lui aussi avec moi au Paradis<\/em>\u00a0\u00bb.<\/p>\n<p>Ainsi meurt <a href=\"https:\/\/www.holyart.fr\/articles-religieux\/tapisseries-religieuses\/tapisserie-ste-maria-goretti-40x30-cm\"><strong>Maria Goretti<\/strong><\/a>, tandis qu\u2019Alessandro Serenelli, profond\u00e9ment touch\u00e9 par le pardon de la petite fille, est enferm\u00e9 en prison, o\u00f9 dans les vingt-sept ans qui suivirent entreprendra un parcours personnel de repentance et de rapprochement vers la religion catholique. Sa conversion est consid\u00e9r\u00e9e comme <strong>le premier des miracles de la petite sainte<\/strong>. Sorti de prison, l\u2019homme se rendra implorer le pardon de la famille de Marie, en obtenant celui de la m\u00e8re, Assunta.<\/p>\n<div class=\"link-product\">\n<div class=\"blocco-immagine\"><img loading=\"lazy\" decoding=\"async\" class=\"size-full wp-image-4863 alignleft\" src=\"https:\/\/blog.holyart.it\/fr\/wp-content\/uploads\/sites\/14\/2022\/06\/Tapisserie-Sainte-Maria-Goretti.jpg\" alt=\"Tapisserie Sainte Maria Goretti\" width=\"100\" height=\"100\" data-kale-share-title=\"Sainte Maria Goretti : la puret\u00e9 et le pardon\" data-kale-share-url=\"https:\/\/blog.holyart.it\/fr\/?p=4858\" \/><\/div>\n<div class=\"blocco-contenuto\">\n<div class=\"blocco-acquista\">Acheter sur Holyart:<\/div>\n<div class=\"blocco-titolo\"><a href=\"https:\/\/www.holyart.fr\/articles-religieux\/tapisseries-religieuses\/tapisserie-ste-maria-goretti-40x30-cm\">Tapisserie Ste Maria Goretti<\/a><\/div>\n<div class=\"blocco-descrizione\">Tapisserie Ste Maria Goretti 40&#215;30 cm.<\/div>\n<\/div>\n<\/div>\n<p>Les p\u00e8res passionistes de Nettuno et l\u2019Action Catholique romaine diffus\u00e8rent tout de suite l\u2019histoire de Maria, qui devint, m\u00eame \u00e0 l\u2019\u00e9poque fasciste, un <strong>symbole de vertu et de courage<\/strong> pour la population rurale locale.<\/p>\n<p>M\u00eame apr\u00e8s la Deuxi\u00e8me Guerre mondiale, dans les ann\u00e9es Cinquante, l\u2019histoire de la jeune fille suscitait beaucoup d\u2019\u00e9motion, non seulement parmi les catholiques. Son exemple de courage et de r\u00e9sistance devint un mod\u00e8le m\u00eame pour les <strong>jeunes militants communistes<\/strong>, au point de devenir, sur proposition de Palmiro Togliatti, un mod\u00e8le de vie pour les jeunes filles de la FGCI, F\u00e9d\u00e9ration Juv\u00e9nile Communiste Italienne.<\/p>\n<p>La Congr\u00e9gation des Causes des Saints examina aux cours des ann\u00e9es les diff\u00e9rentes <a href=\"https:\/\/www.holyart.fr\/blog\/saints-et-bienheureux\/saints-guerisseurs-auxquels-sadresser-contre-les-maladies\/\"><strong>gu\u00e9risons attribu\u00e9es \u00e0 Maria Goretti<\/strong><\/a>. Ce sera en pr\u00e9sence de sa m\u00e8re Assunta que Maria, le 24 juin 1950, sera <strong>proclam\u00e9e Sainte<\/strong> par Pape Pie XII, dans une c\u00e9r\u00e9monie qui se d\u00e9roulera en plein air, Place Saint Pierre, pour la premi\u00e8re fois dans l\u2019histoire de l\u2019\u00c9glise. Le Pape, \u00e0 cette occasion, embrassa la main de la maman de la jeune fille en signe de respect pour le sacrifice de sa fille, mais aussi pour sa douleur. Alessandro Santarelli assista \u00e9galement \u00e0 la canonisation. Il avait racont\u00e9 avoir vu Marie dans ses r\u00eaves, dans un magnifique jardin, entour\u00e9e de fleurs. Il passera le restant de sa longue vie au couvent.<\/p>\n<p>&nbsp;<\/p>\n<div class=\"link-article\">\n<p><img loading=\"lazy\" decoding=\"async\" class=\"alignnone size-full wp-image-4864\" src=\"https:\/\/blog.holyart.it\/fr\/wp-content\/uploads\/sites\/14\/2022\/06\/Saints-Gu\u00e9risseurs.jpg\" alt=\"Saints Gu\u00e9risseurs\" width=\"150\" height=\"100\" data-kale-share-title=\"Sainte Maria Goretti : la puret\u00e9 et le pardon\" data-kale-share-url=\"https:\/\/blog.holyart.it\/fr\/?p=4858\" \/><\/p>\n<div class=\"leggi-anche\">Lire aussi :<\/div>\n<p><strong><a href=\"https:\/\/www.holyart.fr\/blog\/saints-et-bienheureux\/saints-guerisseurs-auxquels-sadresser-contre-les-maladies\/\">Saints Gu\u00e9risseurs auxquels s\u2019adresser contre les maladies<\/a><\/strong><br \/>\nDepuis toujours, l\u2019homme invoque Dieu demandant aide et r\u00e9confort en cas de maladies graves.<\/p>\n<\/div>\n<p>&nbsp;<\/p>\n<h2>Casa Santa Maria Goretti, lieu de p\u00e9lerinage<\/h2>\n<p>Chaque ann\u00e9e ont lieu deux p\u00e8lerinages dans les lieux de la vie de Sainte Maria Goretti : le dernier samedi de juin et le premier samedi de juillet. Ces lieux se trouvent \u00e0 Nettuno, o\u00f9 sont conserv\u00e9s ses restes, mais aussi sa maison natale.<\/p>\n<p>Le <strong>lieu o\u00f9 Sainte Maria Goretti naquit<\/strong> est situ\u00e9 dans la contr\u00e9e Pregiagna, pr\u00e8s de Corinaldo. La maison coloniale est rest\u00e9e plus ou moins comme \u00e0 l\u2019\u00e9poque, une petite b\u00e2tisse sur deux \u00e9tages, comme on en voit beaucoup dans cette zone rurale. Le rez-de-chauss\u00e9e montre encore ce qui reste de l\u2019\u00e9table. L\u00e0 o\u00f9 autrefois se trouvait la cave a \u00e9t\u00e9 install\u00e9e une petite chapelle d\u00e9di\u00e9e \u00e0 <a href=\"https:\/\/www.holyart.fr\/articles-religieux\/statues\/statues-en-platre\/sainte-maria-goretti-statue-platre-30-cm-arte-barsanti\"><strong>Sainte Maria Goretti<\/strong><\/a>. \u00c0 l\u2019\u00e9tage se trouvent les pi\u00e8ces o\u00f9 la famille Goretti vivait, la cuisine avec l\u2019\u00e2tre, les chambres encore meubl\u00e9es avec les meubles de l\u2019\u00e9poque.<\/p>\n<div class=\"link-product\">\n<div class=\"blocco-immagine\"><img loading=\"lazy\" decoding=\"async\" class=\"alignnone size-full wp-image-4865\" src=\"https:\/\/blog.holyart.it\/fr\/wp-content\/uploads\/sites\/14\/2022\/06\/Sainte-Maria-Goretti-statue.jpg\" alt=\"Sainte Maria Goretti statue\" width=\"100\" height=\"100\" data-kale-share-title=\"Sainte Maria Goretti : la puret\u00e9 et le pardon\" data-kale-share-url=\"https:\/\/blog.holyart.it\/fr\/?p=4858\" \/><\/div>\n<div class=\"blocco-contenuto\">\n<div class=\"blocco-acquista\">Acheter sur Holyart:<\/div>\n<div class=\"blocco-titolo\"><a href=\"https:\/\/www.holyart.fr\/articles-religieux\/statues\/statues-en-platre\/sainte-maria-goretti-statue-platre-30-cm-arte-barsanti\">Sainte Maria Goretti statue<\/a><\/div>\n<div class=\"blocco-descrizione\">Sainte Maria Goretti statue pl\u00e2tre 30 cm Arte Barsanti<\/div>\n<\/div>\n<\/div>\n<p>En 2015, l\u2019artiste de Senigallia Andrea Ippoliti a r\u00e9alis\u00e9 pour le parc autour de la maison une installation de 12 panneaux d\u00e9di\u00e9s au th\u00e8me de l\u2019amour.<\/p>\n<p>La maison de Sainte Maria Goretti est un lieu de p\u00e8lerinage et de visite pour des fid\u00e8les pas seulement d\u2019Italie. Elle se trouve \u00e0 environ 1 km du centre historique de Corinaldo et on s\u2019y rend facilement en bus. En outre, il y a un ample parking avec place pour cars et voitures. Face \u00e0 la maison de Maria Goretti a \u00e9t\u00e9 \u00e9rig\u00e9 un Centre d\u2019Accueil pour les p\u00e8lerins, une petite chapelle votive d\u00e9di\u00e9e \u00e0 la Sainte enfant, un Chemin de croix et une pleine de jeu pour les enfants. Une chapelle mariale est d\u00e9di\u00e9e par contre \u00e0 Assunta Goretti, m\u00e8re de Maria.<\/p>\n<p>Toujours \u00e0 Corinaldo, dans <a href=\"https:\/\/www.holyart.fr\/blog\/saints-et-bienheureux\/saint-francois-dassise\/\">l\u2019<strong>\u00e9glise paroissiale de Saint Fran\u00e7ois<\/strong><\/a>, dans le Baptist\u00e8re dans lequel Sainte Maria Goretti fut baptis\u00e9e, a \u00e9t\u00e9 plac\u00e9 un petit monument qui lui est d\u00e9di\u00e9, en marbre blanc de Carrare.<\/p>\n<p>Au sommet du centre historique de Corinaldo se trouve par contre le <strong>Sanctuaire Dioc\u00e9sain de Sainte Maria Goretti<\/strong>. Ici reposent sa m\u00e8re Assunta, morte en 1954, et Alessandro Serenelli, d\u00e9c\u00e9d\u00e9 en 1970. Une sculpture en bois qui repr\u00e9sente la petite Sainte est plac\u00e9e \u00e0 c\u00f4t\u00e9 de l\u2019autel central, o\u00f9 est plac\u00e9e aussi une urne en argent contenant l\u2019os de son bras.<\/p>\n<h2>Le sanctuaire de Maria Goretti \u00e0 Nettuno<\/h2>\n<p>Le corps et les reliques de Sainte Maria Goretti sont conserv\u00e9s \u00e0 Nettuno, dans le <strong>Sanctuaire de Notre-Dame des Gr\u00e2ces et de Sainte Maria Goretti<\/strong>.<\/p>\n<p>Selon la l\u00e9gende, en 1532, trois statues \u00e9taient transport\u00e9es par un vaisseau en direction de Naples, dont une des trois \u00e9tait une statue de la Sainte Vierge provenant d\u2019Angleterre, o\u00f9, \u00e0 cause du schisme anglican, les statues des saints \u00e9taient d\u00e9truites. Une violente temp\u00eate s\u2019abattit sur le navire et les marins suppli\u00e8rent la Vierge qui les sauva. Toujours selon la l\u00e9gende, la statue de la Vierge \u00e9choua ensuite sur la c\u00f4te de Nettuno ou, selon une autre version, fut donn\u00e9e par les marins en personne aux habitants du lieu.<\/p>\n<p>Naquit ainsi le culte de la <strong>Vierge des Gr\u00e2ces<\/strong> qui veille sur la population de Nettuno en la prot\u00e9geant de toute calamit\u00e9 et trag\u00e9die. \u00c0 elle est d\u00e9di\u00e9 un sanctuaire qui se trouve \u00e0 la fin du front de mer Giacomo Matteotti, \u00e0 proximit\u00e9 de l\u2019embouchure de la Loricina. Il accueille encore aujourd\u2019hui la statue en bois de Notre-Dame des Gr\u00e2ces arriv\u00e9e sur ces c\u00f4tes de mani\u00e8re si aventureuse.<\/p>\n<p>Quand Maria Goretti fut b\u00e9atifi\u00e9e en 1950, son nom fut ajout\u00e9 au titre de Notre-Dame des Gr\u00e2ce pour d\u00e9nommer le sanctuaire. Dans la crypte, un autel r\u00e9alis\u00e9 par Arnaldo Brandizzi contient l\u2019urne de Maria Goretti, inhum\u00e9e ici en 1929. En 1947, ses restes furent recompos\u00e9s dans une statue de cire, ins\u00e9r\u00e9s dans un reliquaire et expos\u00e9s dans la chapelle qui lui est d\u00e9di\u00e9e.<\/p>\n","protected":false},"excerpt":{"rendered":"<p>Le 6 juillet on rappelle Sainte Maria Goretti, la sainte enfant morte afin de pr\u00e9server son innocence. Voici comme nait son culte. La d\u00e9votion \u00e0 Sainte Maria Goretti d\u00e9buta tout de suite apr\u00e8s sa mort tragique, le 6 juillet 1902. Afin de comprendre les raisons&hellip;<\/p>\n","protected":false},"author":1,"featured_media":7575,"comment_status":"closed","ping_status":"open","sticky":false,"template":"","format":"standard","meta":{"_acf_changed":false,"footnotes":""},"categories":[8],"tags":[],"class_list":["post-4858","post","type-post","status-publish","format-standard","has-post-thumbnail","hentry","category-articles-religieux"],"acf":[],"yoast_head":"<!-- This site is optimized with the Yoast SEO plugin v26.6 - https:\/\/yoast.com\/wordpress\/plugins\/seo\/ -->\n<title>Sainte Maria Goretti : la puret\u00e9 et le pardon - Holyart.fr Blog<\/title>\n<meta name=\"description\" content=\"Le 6 juillet on rappelle Sainte Maria Goretti, la sainte enfant morte afin de pr\u00e9server son innocence. Voici comme nait son culte.\" \/>\n<meta name=\"robots\" content=\"index, follow, max-snippet:-1, max-image-preview:large, max-video-preview:-1\" \/>\n<link rel=\"canonical\" href=\"https:\/\/blog.holyart.it\/fr\/articles-religieux\/sainte-maria-goretti-la-purete-et-le-pardon\/\" \/>\n<meta property=\"og:locale\" content=\"fr_FR\" \/>\n<meta property=\"og:type\" content=\"article\" \/>\n<meta property=\"og:title\" content=\"Sainte Maria Goretti : la puret\u00e9 et le pardon - Holyart.fr Blog\" \/>\n<meta property=\"og:description\" content=\"Le 6 juillet on rappelle Sainte Maria Goretti, la sainte enfant morte afin de pr\u00e9server son innocence. Voici comme nait son culte.\" \/>\n<meta property=\"og:url\" content=\"https:\/\/blog.holyart.it\/fr\/articles-religieux\/sainte-maria-goretti-la-purete-et-le-pardon\/\" \/>\n<meta property=\"og:site_name\" content=\"Holyart.fr Blog\" \/>\n<meta property=\"article:published_time\" content=\"2022-07-06T10:30:36+00:00\" \/>\n<meta property=\"article:modified_time\" content=\"2024-06-19T09:53:17+00:00\" \/>\n<meta property=\"og:image\" content=\"https:\/\/blog.holyart.it\/fr\/wp-content\/uploads\/sites\/14\/2022\/07\/sainte-maria-goretti-new.jpg\" \/>\n\t<meta property=\"og:image:width\" content=\"1000\" \/>\n\t<meta property=\"og:image:height\" content=\"666\" \/>\n\t<meta property=\"og:image:type\" content=\"image\/jpeg\" \/>\n<meta name=\"author\" content=\"Redazione\" \/>\n<meta name=\"twitter:card\" content=\"summary_large_image\" \/>\n<meta name=\"twitter:label1\" content=\"\u00c9crit par\" \/>\n\t<meta name=\"twitter:data1\" content=\"Redazione\" \/>\n\t<meta name=\"twitter:label2\" content=\"Dur\u00e9e de lecture estim\u00e9e\" \/>\n\t<meta name=\"twitter:data2\" content=\"10 minutes\" \/>\n<script type=\"application\/ld+json\" class=\"yoast-schema-graph\">{\"@context\":\"https:\/\/schema.org\",\"@graph\":[{\"@type\":\"Article\",\"@id\":\"https:\/\/blog.holyart.it\/fr\/articles-religieux\/sainte-maria-goretti-la-purete-et-le-pardon\/#article\",\"isPartOf\":{\"@id\":\"https:\/\/blog.holyart.it\/fr\/articles-religieux\/sainte-maria-goretti-la-purete-et-le-pardon\/\"},\"author\":{\"name\":\"Redazione\",\"@id\":\"https:\/\/blog.holyart.it\/fr\/#\/schema\/person\/0a7b686e5af0f856ec1e390dd0baecda\"},\"headline\":\"Sainte Maria Goretti : la puret\u00e9 et le pardon\",\"datePublished\":\"2022-07-06T10:30:36+00:00\",\"dateModified\":\"2024-06-19T09:53:17+00:00\",\"mainEntityOfPage\":{\"@id\":\"https:\/\/blog.holyart.it\/fr\/articles-religieux\/sainte-maria-goretti-la-purete-et-le-pardon\/\"},\"wordCount\":1830,\"publisher\":{\"@id\":\"https:\/\/blog.holyart.it\/fr\/#organization\"},\"image\":{\"@id\":\"https:\/\/blog.holyart.it\/fr\/articles-religieux\/sainte-maria-goretti-la-purete-et-le-pardon\/#primaryimage\"},\"thumbnailUrl\":\"https:\/\/blog.holyart.it\/fr\/wp-content\/uploads\/sites\/14\/2022\/07\/sainte-maria-goretti-new.jpg\",\"articleSection\":[\"Religion\"],\"inLanguage\":\"fr-FR\"},{\"@type\":\"WebPage\",\"@id\":\"https:\/\/blog.holyart.it\/fr\/articles-religieux\/sainte-maria-goretti-la-purete-et-le-pardon\/\",\"url\":\"https:\/\/blog.holyart.it\/fr\/articles-religieux\/sainte-maria-goretti-la-purete-et-le-pardon\/\",\"name\":\"Sainte Maria Goretti : la puret\u00e9 et le pardon - Holyart.fr Blog\",\"isPartOf\":{\"@id\":\"https:\/\/blog.holyart.it\/fr\/#website\"},\"primaryImageOfPage\":{\"@id\":\"https:\/\/blog.holyart.it\/fr\/articles-religieux\/sainte-maria-goretti-la-purete-et-le-pardon\/#primaryimage\"},\"image\":{\"@id\":\"https:\/\/blog.holyart.it\/fr\/articles-religieux\/sainte-maria-goretti-la-purete-et-le-pardon\/#primaryimage\"},\"thumbnailUrl\":\"https:\/\/blog.holyart.it\/fr\/wp-content\/uploads\/sites\/14\/2022\/07\/sainte-maria-goretti-new.jpg\",\"datePublished\":\"2022-07-06T10:30:36+00:00\",\"dateModified\":\"2024-06-19T09:53:17+00:00\",\"description\":\"Le 6 juillet on rappelle Sainte Maria Goretti, la sainte enfant morte afin de pr\u00e9server son innocence. Voici comme nait son culte.\",\"breadcrumb\":{\"@id\":\"https:\/\/blog.holyart.it\/fr\/articles-religieux\/sainte-maria-goretti-la-purete-et-le-pardon\/#breadcrumb\"},\"inLanguage\":\"fr-FR\",\"potentialAction\":[{\"@type\":\"ReadAction\",\"target\":[\"https:\/\/blog.holyart.it\/fr\/articles-religieux\/sainte-maria-goretti-la-purete-et-le-pardon\/\"]}]},{\"@type\":\"ImageObject\",\"inLanguage\":\"fr-FR\",\"@id\":\"https:\/\/blog.holyart.it\/fr\/articles-religieux\/sainte-maria-goretti-la-purete-et-le-pardon\/#primaryimage\",\"url\":\"https:\/\/blog.holyart.it\/fr\/wp-content\/uploads\/sites\/14\/2022\/07\/sainte-maria-goretti-new.jpg\",\"contentUrl\":\"https:\/\/blog.holyart.it\/fr\/wp-content\/uploads\/sites\/14\/2022\/07\/sainte-maria-goretti-new.jpg\",\"width\":1000,\"height\":666,\"caption\":\"sainte maria goretti\"},{\"@type\":\"BreadcrumbList\",\"@id\":\"https:\/\/blog.holyart.it\/fr\/articles-religieux\/sainte-maria-goretti-la-purete-et-le-pardon\/#breadcrumb\",\"itemListElement\":[{\"@type\":\"ListItem\",\"position\":1,\"name\":\"Homepage\",\"item\":\"https:\/\/blog.holyart.it\/fr\/\"},{\"@type\":\"ListItem\",\"position\":2,\"name\":\"Religion\",\"item\":\"https:\/\/blog.holyart.it\/fr\/articles-religieux\/\"},{\"@type\":\"ListItem\",\"position\":3,\"name\":\"Sainte Maria Goretti : la puret\u00e9 et le pardon\"}]},{\"@type\":\"WebSite\",\"@id\":\"https:\/\/blog.holyart.it\/fr\/#website\",\"url\":\"https:\/\/blog.holyart.it\/fr\/\",\"name\":\"Holyart.fr Blog\",\"description\":\"Holyblog\",\"publisher\":{\"@id\":\"https:\/\/blog.holyart.it\/fr\/#organization\"},\"potentialAction\":[{\"@type\":\"SearchAction\",\"target\":{\"@type\":\"EntryPoint\",\"urlTemplate\":\"https:\/\/blog.holyart.it\/fr\/?s={search_term_string}\"},\"query-input\":{\"@type\":\"PropertyValueSpecification\",\"valueRequired\":true,\"valueName\":\"search_term_string\"}}],\"inLanguage\":\"fr-FR\"},{\"@type\":\"Organization\",\"@id\":\"https:\/\/blog.holyart.it\/fr\/#organization\",\"name\":\"Holyart.fr Blog\",\"url\":\"https:\/\/blog.holyart.it\/fr\/\",\"logo\":{\"@type\":\"ImageObject\",\"inLanguage\":\"fr-FR\",\"@id\":\"https:\/\/blog.holyart.it\/fr\/#\/schema\/logo\/image\/\",\"url\":\"https:\/\/blog.holyart.it\/fr\/wp-content\/uploads\/sites\/14\/2022\/12\/Holyart_Blog_Logo.jpg\",\"contentUrl\":\"https:\/\/blog.holyart.it\/fr\/wp-content\/uploads\/sites\/14\/2022\/12\/Holyart_Blog_Logo.jpg\",\"width\":300,\"height\":50,\"caption\":\"Holyart.fr Blog\"},\"image\":{\"@id\":\"https:\/\/blog.holyart.it\/fr\/#\/schema\/logo\/image\/\"}},{\"@type\":\"Person\",\"@id\":\"https:\/\/blog.holyart.it\/fr\/#\/schema\/person\/0a7b686e5af0f856ec1e390dd0baecda\",\"name\":\"Redazione\",\"image\":{\"@type\":\"ImageObject\",\"inLanguage\":\"fr-FR\",\"@id\":\"https:\/\/blog.holyart.it\/fr\/#\/schema\/person\/image\/\",\"url\":\"https:\/\/secure.gravatar.com\/avatar\/f477da817f43e50d0af36abecd33e3edf826c68299714bdc1057dff3b113f516?s=96&d=mm&r=g\",\"contentUrl\":\"https:\/\/secure.gravatar.com\/avatar\/f477da817f43e50d0af36abecd33e3edf826c68299714bdc1057dff3b113f516?s=96&d=mm&r=g\",\"caption\":\"Redazione\"},\"url\":\"https:\/\/blog.holyart.it\/fr\/author\/admin\/\"}]}<\/script>\n<!-- \/ Yoast SEO plugin. -->","yoast_head_json":{"title":"Sainte Maria Goretti : la puret\u00e9 et le pardon - Holyart.fr Blog","description":"Le 6 juillet on rappelle Sainte Maria Goretti, la sainte enfant morte afin de pr\u00e9server son innocence. Voici comme nait son culte.","robots":{"index":"index","follow":"follow","max-snippet":"max-snippet:-1","max-image-preview":"max-image-preview:large","max-video-preview":"max-video-preview:-1"},"canonical":"https:\/\/blog.holyart.it\/fr\/articles-religieux\/sainte-maria-goretti-la-purete-et-le-pardon\/","og_locale":"fr_FR","og_type":"article","og_title":"Sainte Maria Goretti : la puret\u00e9 et le pardon - Holyart.fr Blog","og_description":"Le 6 juillet on rappelle Sainte Maria Goretti, la sainte enfant morte afin de pr\u00e9server son innocence. Voici comme nait son culte.","og_url":"https:\/\/blog.holyart.it\/fr\/articles-religieux\/sainte-maria-goretti-la-purete-et-le-pardon\/","og_site_name":"Holyart.fr Blog","article_published_time":"2022-07-06T10:30:36+00:00","article_modified_time":"2024-06-19T09:53:17+00:00","og_image":[{"width":1000,"height":666,"url":"https:\/\/blog.holyart.it\/fr\/wp-content\/uploads\/sites\/14\/2022\/07\/sainte-maria-goretti-new.jpg","type":"image\/jpeg"}],"author":"Redazione","twitter_card":"summary_large_image","twitter_misc":{"\u00c9crit par":"Redazione","Dur\u00e9e de lecture estim\u00e9e":"10 minutes"},"schema":{"@context":"https:\/\/schema.org","@graph":[{"@type":"Article","@id":"https:\/\/blog.holyart.it\/fr\/articles-religieux\/sainte-maria-goretti-la-purete-et-le-pardon\/#article","isPartOf":{"@id":"https:\/\/blog.holyart.it\/fr\/articles-religieux\/sainte-maria-goretti-la-purete-et-le-pardon\/"},"author":{"name":"Redazione","@id":"https:\/\/blog.holyart.it\/fr\/#\/schema\/person\/0a7b686e5af0f856ec1e390dd0baecda"},"headline":"Sainte Maria Goretti : la puret\u00e9 et le pardon","datePublished":"2022-07-06T10:30:36+00:00","dateModified":"2024-06-19T09:53:17+00:00","mainEntityOfPage":{"@id":"https:\/\/blog.holyart.it\/fr\/articles-religieux\/sainte-maria-goretti-la-purete-et-le-pardon\/"},"wordCount":1830,"publisher":{"@id":"https:\/\/blog.holyart.it\/fr\/#organization"},"image":{"@id":"https:\/\/blog.holyart.it\/fr\/articles-religieux\/sainte-maria-goretti-la-purete-et-le-pardon\/#primaryimage"},"thumbnailUrl":"https:\/\/blog.holyart.it\/fr\/wp-content\/uploads\/sites\/14\/2022\/07\/sainte-maria-goretti-new.jpg","articleSection":["Religion"],"inLanguage":"fr-FR"},{"@type":"WebPage","@id":"https:\/\/blog.holyart.it\/fr\/articles-religieux\/sainte-maria-goretti-la-purete-et-le-pardon\/","url":"https:\/\/blog.holyart.it\/fr\/articles-religieux\/sainte-maria-goretti-la-purete-et-le-pardon\/","name":"Sainte Maria Goretti : la puret\u00e9 et le pardon - Holyart.fr Blog","isPartOf":{"@id":"https:\/\/blog.holyart.it\/fr\/#website"},"primaryImageOfPage":{"@id":"https:\/\/blog.holyart.it\/fr\/articles-religieux\/sainte-maria-goretti-la-purete-et-le-pardon\/#primaryimage"},"image":{"@id":"https:\/\/blog.holyart.it\/fr\/articles-religieux\/sainte-maria-goretti-la-purete-et-le-pardon\/#primaryimage"},"thumbnailUrl":"https:\/\/blog.holyart.it\/fr\/wp-content\/uploads\/sites\/14\/2022\/07\/sainte-maria-goretti-new.jpg","datePublished":"2022-07-06T10:30:36+00:00","dateModified":"2024-06-19T09:53:17+00:00","description":"Le 6 juillet on rappelle Sainte Maria Goretti, la sainte enfant morte afin de pr\u00e9server son innocence. Voici comme nait son culte.","breadcrumb":{"@id":"https:\/\/blog.holyart.it\/fr\/articles-religieux\/sainte-maria-goretti-la-purete-et-le-pardon\/#breadcrumb"},"inLanguage":"fr-FR","potentialAction":[{"@type":"ReadAction","target":["https:\/\/blog.holyart.it\/fr\/articles-religieux\/sainte-maria-goretti-la-purete-et-le-pardon\/"]}]},{"@type":"ImageObject","inLanguage":"fr-FR","@id":"https:\/\/blog.holyart.it\/fr\/articles-religieux\/sainte-maria-goretti-la-purete-et-le-pardon\/#primaryimage","url":"https:\/\/blog.holyart.it\/fr\/wp-content\/uploads\/sites\/14\/2022\/07\/sainte-maria-goretti-new.jpg","contentUrl":"https:\/\/blog.holyart.it\/fr\/wp-content\/uploads\/sites\/14\/2022\/07\/sainte-maria-goretti-new.jpg","width":1000,"height":666,"caption":"sainte maria goretti"},{"@type":"BreadcrumbList","@id":"https:\/\/blog.holyart.it\/fr\/articles-religieux\/sainte-maria-goretti-la-purete-et-le-pardon\/#breadcrumb","itemListElement":[{"@type":"ListItem","position":1,"name":"Homepage","item":"https:\/\/blog.holyart.it\/fr\/"},{"@type":"ListItem","position":2,"name":"Religion","item":"https:\/\/blog.holyart.it\/fr\/articles-religieux\/"},{"@type":"ListItem","position":3,"name":"Sainte Maria Goretti : la puret\u00e9 et le pardon"}]},{"@type":"WebSite","@id":"https:\/\/blog.holyart.it\/fr\/#website","url":"https:\/\/blog.holyart.it\/fr\/","name":"Holyart.fr Blog","description":"Holyblog","publisher":{"@id":"https:\/\/blog.holyart.it\/fr\/#organization"},"potentialAction":[{"@type":"SearchAction","target":{"@type":"EntryPoint","urlTemplate":"https:\/\/blog.holyart.it\/fr\/?s={search_term_string}"},"query-input":{"@type":"PropertyValueSpecification","valueRequired":true,"valueName":"search_term_string"}}],"inLanguage":"fr-FR"},{"@type":"Organization","@id":"https:\/\/blog.holyart.it\/fr\/#organization","name":"Holyart.fr Blog","url":"https:\/\/blog.holyart.it\/fr\/","logo":{"@type":"ImageObject","inLanguage":"fr-FR","@id":"https:\/\/blog.holyart.it\/fr\/#\/schema\/logo\/image\/","url":"https:\/\/blog.holyart.it\/fr\/wp-content\/uploads\/sites\/14\/2022\/12\/Holyart_Blog_Logo.jpg","contentUrl":"https:\/\/blog.holyart.it\/fr\/wp-content\/uploads\/sites\/14\/2022\/12\/Holyart_Blog_Logo.jpg","width":300,"height":50,"caption":"Holyart.fr Blog"},"image":{"@id":"https:\/\/blog.holyart.it\/fr\/#\/schema\/logo\/image\/"}},{"@type":"Person","@id":"https:\/\/blog.holyart.it\/fr\/#\/schema\/person\/0a7b686e5af0f856ec1e390dd0baecda","name":"Redazione","image":{"@type":"ImageObject","inLanguage":"fr-FR","@id":"https:\/\/blog.holyart.it\/fr\/#\/schema\/person\/image\/","url":"https:\/\/secure.gravatar.com\/avatar\/f477da817f43e50d0af36abecd33e3edf826c68299714bdc1057dff3b113f516?s=96&d=mm&r=g","contentUrl":"https:\/\/secure.gravatar.com\/avatar\/f477da817f43e50d0af36abecd33e3edf826c68299714bdc1057dff3b113f516?s=96&d=mm&r=g","caption":"Redazione"},"url":"https:\/\/blog.holyart.it\/fr\/author\/admin\/"}]}},"_links":{"self":[{"href":"https:\/\/blog.holyart.it\/fr\/wp-json\/wp\/v2\/posts\/4858","targetHints":{"allow":["GET"]}}],"collection":[{"href":"https:\/\/blog.holyart.it\/fr\/wp-json\/wp\/v2\/posts"}],"about":[{"href":"https:\/\/blog.holyart.it\/fr\/wp-json\/wp\/v2\/types\/post"}],"author":[{"embeddable":true,"href":"https:\/\/blog.holyart.it\/fr\/wp-json\/wp\/v2\/users\/1"}],"replies":[{"embeddable":true,"href":"https:\/\/blog.holyart.it\/fr\/wp-json\/wp\/v2\/comments?post=4858"}],"version-history":[{"count":1,"href":"https:\/\/blog.holyart.it\/fr\/wp-json\/wp\/v2\/posts\/4858\/revisions"}],"predecessor-version":[{"id":6553,"href":"https:\/\/blog.holyart.it\/fr\/wp-json\/wp\/v2\/posts\/4858\/revisions\/6553"}],"wp:featuredmedia":[{"embeddable":true,"href":"https:\/\/blog.holyart.it\/fr\/wp-json\/wp\/v2\/media\/7575"}],"wp:attachment":[{"href":"https:\/\/blog.holyart.it\/fr\/wp-json\/wp\/v2\/media?parent=4858"}],"wp:term":[{"taxonomy":"category","embeddable":true,"href":"https:\/\/blog.holyart.it\/fr\/wp-json\/wp\/v2\/categories?post=4858"},{"taxonomy":"post_tag","embeddable":true,"href":"https:\/\/blog.holyart.it\/fr\/wp-json\/wp\/v2\/tags?post=4858"}],"curies":[{"name":"wp","href":"https:\/\/api.w.org\/{rel}","templated":true}]}}